{"id":519692,"date":"2024-02-04T13:40:06","date_gmt":"2024-02-04T16:40:06","guid":{"rendered":"https:\/\/www.suno.com.br\/noticias\/?p=519692"},"modified":"2024-02-04T13:40:10","modified_gmt":"2024-02-04T16:40:10","slug":"projeto-javier-milei-aprovado-camara-deputados-argentina-jvj","status":"publish","type":"post","link":"https:\/\/www.suno.com.br\/noticias\/projeto-javier-milei-aprovado-camara-deputados-argentina-jvj\/","title":{"rendered":"Megapacote de reformas de Milei \u00e9 aprovado pela C\u00e2mara na Argentina; veja os pr\u00f3ximos passos"},"content":{"rendered":"<p>A C\u00e2mara dos Deputados da Argentina aprovou na \u00faltima sexta-feira (2) a \u201cLei \u00d4nibus\u201d, que se refere a um \u201cmegapacote\u201d com reformas na economia e pol\u00edtica do pa\u00eds, propostas pelo presidente Javier <strong>Milei<\/strong>. A aprova\u00e7\u00e3o aconteceu depois de muita discuss\u00e3o e debates que perduravam desde quarta-feira (31).<\/p>\t<div class=\"wrapper-featured-image\">\n\t\t<figure class=\"spotlightImg\">\n\n\t\t\t<picture>\n\t\t\t\t<source media=\"(max-width: 768px)\" srcset=\"https:\/\/files.sunoresearch.com.br\/n\/uploads\/2023\/11\/Milei-vit\u00b4pori-400x200.jpg\">\n\t\t\t\t<img loading=\"lazy\" decoding=\"async\" class=\"newsContent__article__imgCapa lazyloadDisabled \" src=\"https:\/\/files.sunoresearch.com.br\/n\/uploads\/2023\/11\/Milei-vit\u00b4pori-800x450.jpg\" width=\"800\" height=\"450\" alt=\"Megapacote de reformas de Milei \u00e9 aprovado pela C\u00e2mara na Argentina; veja os pr\u00f3ximos passos\" fetchpriority=high \/>\n\t\t\t<\/picture>\n\n\t\t\t<figcaption class=\"wp-caption-text wp-caption-text--show\">Javier Milei. Foto: Reprodu\u00e7\u00e3o<\/figcaption>\n\t\t<\/figure>\n\t<\/div>\n\n\n\n\n\n\t<p>\n\t\t<a href=\"https:\/\/lp.suno.com.br\/ebook-como-analisar-uma-acao\/\" target=\"_blank\" data-element=\"shortcode-suno-banner\" title=\"Banner SUNO, clique e saiba mais\">\n\t\t\t<picture>\n\t\t\t\t<source media=\"(max-width: 500px)\" srcset=\"https:\/\/files.sunoresearch.com.br\/n\/uploads\/2023\/12\/Ebook-Acoes-Mobile.jpg\">\n\t\t\t\t<img class=\"newsContent__article__imgCapa newsContent__article__imgCapa--banner\"\n\t\t\t\t\tsrc=\"https:\/\/files.sunoresearch.com.br\/n\/uploads\/2023\/12\/Ebook-Acoes-Desktop.webp\"\n\t\t\t\t\tdata-promo-id=\"311260\"\t\t\t\t\t\t\t\t\t\twidth='1420' height='286'\t\t\t\t\talt=\"https:\/\/files.sunoresearch.com.br\/n\/uploads\/2023\/12\/Ebook-Acoes-Desktop.webp\"\n\t\t\t\t>\n\t\t\t<\/picture>\n\t\t<\/a>\n\t<\/p>\n\n\n\n\n\n<p>A \u201cLei \u00d4nibus\u201d conta com profundas reformas. O projeto de Milei foi dividido em diferentes categorias, e inclui uma economia mais desregulamentada, privatiza\u00e7\u00f5es de estatais, mudan\u00e7as tribut\u00e1rias e altera\u00e7\u00f5es relevantes em diversos outros campos.<\/p>\n\n\n\n<p>Apesar da aprova\u00e7\u00e3o do <strong>projeto de Milei<\/strong> na C\u00e2mara, a partir de ter\u00e7a-feira (6), novas discuss\u00f5es ser\u00e3o realizadas entre os deputados sobre cada um dos 380 artigos.<\/p>\n\n\n\t<div data-element=\"shortcode-read-more\" class=\"knowMore\">\n\t\t\t\t<span class=\"knowMore__title\">Leia mais<\/span>\n\t\t\t\t<a class=\"knowMore__link\" href=\"https:\/\/www.suno.com.br\/noticias\/meta-m1ta34-acoes-recorde-amazon-jvj\/\">\n\t\t\tMeta (M1TA34) quebra recorde hist\u00f3rico da Amazon e valor de mercado cresce US$ 206 bilh\u00f5es em um dia\t\t<\/a>\n\t<\/div>\n\n\n\n\n<p>Para que o projeto fosse aprovado, era necess\u00e1rio pelo menos 129 votos favor\u00e1veis. No total, foram 144 votos a favor e 109 contr\u00e1rios. Para alcan\u00e7ar esse n\u00famero de votos, o governo da Argentina precisou articular politicamente, deixando de lado 284 artigos, j\u00e1 que inicialmente o total era de 664 artigos.<\/p>\n\n\n\n<p>O <strong>presidente da Argentina<\/strong>, Javier Milei, comemorou a aprova\u00e7\u00e3o do projeto em suas redes sociais.<\/p>\n\n\n\n<p>\u201cA hist\u00f3ria se lembrar\u00e1 com honra de todos aqueles que compreenderam o contexto hist\u00f3rico e decidiram acabar com os privil\u00e9gios da casta e da rep\u00fablica corporativa em favor do povo, que foi empobrecido e levado \u00e0 fome durante anos pela classe pol\u00edtica\u201d, publicou Milei.<\/p>\n\n\n\n<p>Inicialmente, o <strong>governo da Argentina<\/strong> tinha dito que n\u00e3o abriria espa\u00e7o para concess\u00f5es, alguns artigos importantes do projeto precisaram ser retirados at\u00e9 que o texto final fosse aprovado pela C\u00e2mara.<\/p>\n\n\n\n<p>Nesse sentido, foi diminu\u00edda a quantidade de companhias estatais que passar\u00e3o por <a class=\"suno-keyword\" target=\"_blank\" data-force=\"no\" data-priority=\"2\" href=\"https:\/\/www.suno.com.br\/artigos\/privatizacao\/\" rel=\"noopener\">processo de privatiza\u00e7\u00e3o<\/a>, por exemplo. Al\u00e9m disso, tamb\u00e9m foram limitados os poderes pol\u00edticos que o governo buscava para ter aprova\u00e7\u00f5es de projetos posteriores sem a necessidade do Congresso.<\/p>\n\n\n\n<h2 class=\"wp-block-heading\"><a><\/a>Pr\u00f3ximos passos do projeto de Milei<\/h2>\n\n\n\n<p>Mesmo com a aprova\u00e7\u00e3o, diversos artigos ainda podem ser retirados na nova discuss\u00e3o que ser\u00e1 feita na ter\u00e7a (6). Uma das principais discuss\u00f5es dos \u00faltimos dias, inclusive, foi sobre o imposto Para uma Argentina Inclusiva e Solid\u00e1ria (PAIS), tributo colocado sobre as transa\u00e7\u00f5es realizadas em moedas de outros pa\u00edses.<\/p>\n\n\n\n<p>Al\u00e9m da discuss\u00e3o pontual dos artigos, o \u201cmegaprojeto\u201d de <strong>Javier Milei<\/strong> ainda precisar\u00e1 passar pela aprova\u00e7\u00e3o do Senado, onde o governo pode enfrentar novos desafios. Isso porque dos 72 senadores da Argentina, apenas 7 s\u00e3o do partido do presidente.<\/p>\n\n\n\n<p>Mesmo com o partido de <strong>Milei <\/strong>tendo minoria no Senado, isso tamb\u00e9m acontece na C\u00e2mara, com o \u201cA Liberdade Avan\u00e7a\u201d contando com 38 deputados de um total de 257, algo que n\u00e3o impediu que o \u201cmegaprojeto\u201d tivesse 149 votos favor\u00e1veis.<\/p>\n\n\n\t<p>\n\t\t<a href=\"https:\/\/lp2.suno.com.br\/cl\/black-friday-2025\/?utm_campaign=_SNCDF0E4858_\" target=\"_blank\" data-element=\"shortcode-suno-banner\" title=\"Banner SUNO, clique e saiba mais\">\n\t\t\t<picture>\n\t\t\t\t<source media=\"(max-width: 500px)\" srcset=\"https:\/\/files.sunoresearch.com.br\/n\/uploads\/2025\/10\/Artigos-e-Noticias-Banner-Home-artigos-01-Mobile_-400x300-1-png.webp\">\n\t\t\t\t<img class=\"newsContent__article__imgCapa newsContent__article__imgCapa--banner\"\n\t\t\t\t\tsrc=\"https:\/\/files.sunoresearch.com.br\/n\/uploads\/2025\/10\/Artigos-e-Noticias-Banner-Home-artigos-01-Desktop_-1420x240-1-png.webp\"\n\t\t\t\t\tdata-promo-id=\"311259\"\t\t\t\t\t\t\t\t\t\twidth='1420' height='240'\t\t\t\t\talt=\"https:\/\/files.sunoresearch.com.br\/n\/uploads\/2025\/10\/Artigos-e-Noticias-Banner-Home-artigos-01-Desktop_-1420x240-1-png.webp\"\n\t\t\t\t>\n\t\t\t<\/picture>\n\t\t<\/a>\n\t<\/p>\n\n\n","protected":false},"excerpt":{"rendered":"<p>A C\u00e2mara dos Deputados da Argentina aprovou na \u00faltima sexta-feira (2) a \u201cLei \u00d4nibus\u201d, que se refere a um \u201cmegapacote\u201d com reformas na economia e pol\u00edtica do pa\u00eds, propostas pelo presidente Javier Milei. A aprova\u00e7\u00e3o aconteceu depois de muita discuss\u00e3o e debates que perduravam desde quarta-feira (31). Javier Milei. Foto: Reprodu\u00e7\u00e3o A \u201cLei \u00d4nibus\u201d conta [&hellip;]<\/p>\n","protected":false},"author":173,"featured_media":487888,"comment_status":"closed","ping_status":"closed","sticky":false,"template":"","format":"standard","meta":[],"categories":[61],"tags":[699],"suno_strategy":[],"class_list":["post-519692","post","type-post","status-publish","format-standard","has-post-thumbnail","hentry","category-politica","tag-argentina"],"yoast_head":"<!-- This site is optimized with the Yoast SEO plugin v24.4 - https:\/\/yoast.com\/wordpress\/plugins\/seo\/ -->\n<title>Megapacote de reformas de Milei \u00e9 aprovado na Argentina<\/title>\n<meta name=\"description\" content=\"Um &quot;megapacote&quot; de reformas pol\u00edticas e econ\u00f4micas de Milei foi aprovado pela C\u00e2mara dos Deputados na Argentina. Quais os pr\u00f3ximos passos?\" \/>\n<meta name=\"robots\" content=\"index, follow, max-snippet:-1, max-image-preview:large, max-video-preview:-1\" \/>\n<link rel=\"canonical\" href=\"https:\/\/www.suno.com.br\/noticias\/projeto-javier-milei-aprovado-camara-deputados-argentina-jvj\/\" \/>\n<meta property=\"og:locale\" content=\"pt_BR\" \/>\n<meta property=\"og:type\" content=\"article\" \/>\n<meta property=\"og:title\" content=\"Megapacote de reformas de Milei \u00e9 aprovado na Argentina\" \/>\n<meta property=\"og:description\" content=\"Um &quot;megapacote&quot; de reformas pol\u00edticas e econ\u00f4micas de Milei foi aprovado pela C\u00e2mara dos Deputados na Argentina. Quais os pr\u00f3ximos passos?\" \/>\n<meta property=\"og:url\" content=\"https:\/\/www.suno.com.br\/noticias\/projeto-javier-milei-aprovado-camara-deputados-argentina-jvj\/\" \/>\n<meta property=\"og:site_name\" content=\"Suno Not\u00edcias\" \/>\n<meta property=\"article:publisher\" content=\"https:\/\/facebook.com\/sunoresearch\" \/>\n<meta property=\"og:image\" content=\"https:\/\/files.sunoresearch.com.br\/n\/uploads\/2023\/11\/Milei-vit\u00b4pori.jpg\" \/>\n\t<meta property=\"og:image:width\" content=\"1350\" \/>\n\t<meta property=\"og:image:height\" content=\"807\" \/>\n\t<meta property=\"og:image:type\" content=\"image\/jpeg\" \/>\n<meta name=\"author\" content=\"Jo\u00e3o Vitor\" \/>\n<meta name=\"twitter:card\" content=\"summary_large_image\" \/>\n<meta name=\"twitter:creator\" content=\"@sunoresearch\" \/>\n<meta name=\"twitter:site\" content=\"@sunoresearch\" \/>\n<meta name=\"twitter:label1\" content=\"Escrito por\" \/>\n\t<meta name=\"twitter:data1\" content=\"Jo\u00e3o Vitor\" \/>\n\t<meta name=\"twitter:label2\" content=\"Est. tempo de leitura\" \/>\n\t<meta name=\"twitter:data2\" content=\"3 minutos\" \/>\n<script type=\"application\/ld+json\" class=\"yoast-schema-graph\">{\"@context\":\"https:\/\/schema.org\",\"@graph\":[{\"@type\":\"NewsArticle\",\"@id\":\"https:\/\/www.suno.com.br\/noticias\/projeto-javier-milei-aprovado-camara-deputados-argentina-jvj\/#article\",\"isPartOf\":{\"@id\":\"https:\/\/www.suno.com.br\/noticias\/projeto-javier-milei-aprovado-camara-deputados-argentina-jvj\/\"},\"author\":{\"name\":\"Jo\u00e3o Vitor\",\"@id\":\"https:\/\/www.suno.com.br\/noticias\/#\/schema\/person\/87fc6973867c52dd884811905c43afba\"},\"headline\":\"Megapacote de reformas de Milei \u00e9 aprovado pela C\u00e2mara na Argentina; veja os pr\u00f3ximos passos\",\"datePublished\":\"2024-02-04T16:40:06+00:00\",\"dateModified\":\"2024-02-04T16:40:10+00:00\",\"mainEntityOfPage\":{\"@id\":\"https:\/\/www.suno.com.br\/noticias\/projeto-javier-milei-aprovado-camara-deputados-argentina-jvj\/\"},\"wordCount\":480,\"publisher\":{\"@id\":\"https:\/\/www.suno.com.br\/noticias\/#organization\"},\"image\":{\"@id\":\"https:\/\/www.suno.com.br\/noticias\/projeto-javier-milei-aprovado-camara-deputados-argentina-jvj\/#primaryimage\"},\"thumbnailUrl\":\"https:\/\/files.sunoresearch.com.br\/n\/uploads\/2023\/11\/Milei-vit\u00b4pori.jpg\",\"keywords\":[\"Argentina\"],\"articleSection\":[\"Pol\u00edtica\"],\"inLanguage\":\"pt-BR\"},{\"@type\":\"WebPage\",\"@id\":\"https:\/\/www.suno.com.br\/noticias\/projeto-javier-milei-aprovado-camara-deputados-argentina-jvj\/\",\"url\":\"https:\/\/www.suno.com.br\/noticias\/projeto-javier-milei-aprovado-camara-deputados-argentina-jvj\/\",\"name\":\"Megapacote de reformas de Milei \u00e9 aprovado na Argentina\",\"isPartOf\":{\"@id\":\"https:\/\/www.suno.com.br\/noticias\/#website\"},\"primaryImageOfPage\":{\"@id\":\"https:\/\/www.suno.com.br\/noticias\/projeto-javier-milei-aprovado-camara-deputados-argentina-jvj\/#primaryimage\"},\"image\":{\"@id\":\"https:\/\/www.suno.com.br\/noticias\/projeto-javier-milei-aprovado-camara-deputados-argentina-jvj\/#primaryimage\"},\"thumbnailUrl\":\"https:\/\/files.sunoresearch.com.br\/n\/uploads\/2023\/11\/Milei-vit\u00b4pori.jpg\",\"datePublished\":\"2024-02-04T16:40:06+00:00\",\"dateModified\":\"2024-02-04T16:40:10+00:00\",\"description\":\"Um \\\"megapacote\\\" de reformas pol\u00edticas e econ\u00f4micas de Milei foi aprovado pela C\u00e2mara dos Deputados na Argentina. Quais os pr\u00f3ximos passos?\",\"breadcrumb\":{\"@id\":\"https:\/\/www.suno.com.br\/noticias\/projeto-javier-milei-aprovado-camara-deputados-argentina-jvj\/#breadcrumb\"},\"inLanguage\":\"pt-BR\",\"potentialAction\":[{\"@type\":\"ReadAction\",\"target\":[\"https:\/\/www.suno.com.br\/noticias\/projeto-javier-milei-aprovado-camara-deputados-argentina-jvj\/\"]}]},{\"@type\":\"ImageObject\",\"inLanguage\":\"pt-BR\",\"@id\":\"https:\/\/www.suno.com.br\/noticias\/projeto-javier-milei-aprovado-camara-deputados-argentina-jvj\/#primaryimage\",\"url\":\"https:\/\/files.sunoresearch.com.br\/n\/uploads\/2023\/11\/Milei-vit\u00b4pori.jpg\",\"contentUrl\":\"https:\/\/files.sunoresearch.com.br\/n\/uploads\/2023\/11\/Milei-vit\u00b4pori.jpg\",\"width\":1350,\"height\":807,\"caption\":\"Javier Milei. Foto: Reprodu\u00e7\u00e3o\"},{\"@type\":\"BreadcrumbList\",\"@id\":\"https:\/\/www.suno.com.br\/noticias\/projeto-javier-milei-aprovado-camara-deputados-argentina-jvj\/#breadcrumb\",\"itemListElement\":[{\"@type\":\"ListItem\",\"position\":1,\"name\":\"Not\u00edcias\",\"item\":\"https:\/\/www.suno.com.br\/noticias\/\"},{\"@type\":\"ListItem\",\"position\":2,\"name\":\"Pol\u00edtica\",\"item\":\"https:\/\/www.suno.com.br\/noticias\/politica\/\"},{\"@type\":\"ListItem\",\"position\":3,\"name\":\"Megapacote de reformas de Milei \u00e9 aprovado pela C\u00e2mara na Argentina; veja os pr\u00f3ximos passos\"}]},{\"@type\":\"WebSite\",\"@id\":\"https:\/\/www.suno.com.br\/noticias\/#website\",\"url\":\"https:\/\/www.suno.com.br\/noticias\/\",\"name\":\"Suno Not\u00edcias\",\"description\":\"Seu portal de informa\u00e7\u00e3o sobre o mundo dos investimentos\",\"publisher\":{\"@id\":\"https:\/\/www.suno.com.br\/noticias\/#organization\"},\"potentialAction\":[{\"@type\":\"SearchAction\",\"target\":{\"@type\":\"EntryPoint\",\"urlTemplate\":\"https:\/\/www.suno.com.br\/noticias\/?s={search_term_string}\"},\"query-input\":{\"@type\":\"PropertyValueSpecification\",\"valueRequired\":true,\"valueName\":\"search_term_string\"}}],\"inLanguage\":\"pt-BR\"},{\"@type\":\"Organization\",\"@id\":\"https:\/\/www.suno.com.br\/noticias\/#organization\",\"name\":\"Suno Not\u00edcias\",\"url\":\"https:\/\/www.suno.com.br\/noticias\/\",\"logo\":{\"@type\":\"ImageObject\",\"inLanguage\":\"pt-BR\",\"@id\":\"https:\/\/www.suno.com.br\/noticias\/#\/schema\/logo\/image\/\",\"url\":\"https:\/\/files.sunoresearch.com.br\/n\/uploads\/2021\/09\/suno-logo.png\",\"contentUrl\":\"https:\/\/files.sunoresearch.com.br\/n\/uploads\/2021\/09\/suno-logo.png\",\"width\":180,\"height\":180,\"caption\":\"Suno Not\u00edcias\"},\"image\":{\"@id\":\"https:\/\/www.suno.com.br\/noticias\/#\/schema\/logo\/image\/\"},\"sameAs\":[\"https:\/\/facebook.com\/sunoresearch\",\"https:\/\/x.com\/sunoresearch\",\"https:\/\/www.instagram.com\/suno\",\"https:\/\/www.linkedin.com\/company\/suno-research\/\",\"https:\/\/www.youtube.com\/c\/sunoresearch\"]},{\"@type\":\"Person\",\"@id\":\"https:\/\/www.suno.com.br\/noticias\/#\/schema\/person\/87fc6973867c52dd884811905c43afba\",\"name\":\"Jo\u00e3o Vitor\",\"image\":{\"@type\":\"ImageObject\",\"inLanguage\":\"pt-BR\",\"@id\":\"https:\/\/www.suno.com.br\/noticias\/#\/schema\/person\/image\/\",\"url\":\"https:\/\/secure.gravatar.com\/avatar\/2843227ca03ccf8cc7ccca45204c127e?s=96&r=g\",\"contentUrl\":\"https:\/\/secure.gravatar.com\/avatar\/2843227ca03ccf8cc7ccca45204c127e?s=96&r=g\",\"caption\":\"Jo\u00e3o Vitor\"},\"description\":\"Redator profissional, com atua\u00e7\u00e3o no mercado editorial na produ\u00e7\u00e3o de not\u00edcias e conte\u00fados sobre o mercado de a\u00e7\u00f5es, fundos imobili\u00e1rios e economia popular. Graduando em Engenharia Qu\u00edmica pela Unesp, tamb\u00e9m j\u00e1 atuou como consultor financeiro.\",\"url\":\"https:\/\/www.suno.com.br\/noticias\/author\/joao-vitor-jacintho\/\"}]}<\/script>\n<!-- \/ Yoast SEO plugin. -->","yoast_head_json":{"title":"Megapacote de reformas de Milei \u00e9 aprovado na Argentina","description":"Um \"megapacote\" de reformas pol\u00edticas e econ\u00f4micas de Milei foi aprovado pela C\u00e2mara dos Deputados na Argentina. Quais os pr\u00f3ximos passos?","robots":{"index":"index","follow":"follow","max-snippet":"max-snippet:-1","max-image-preview":"max-image-preview:large","max-video-preview":"max-video-preview:-1"},"canonical":"https:\/\/www.suno.com.br\/noticias\/projeto-javier-milei-aprovado-camara-deputados-argentina-jvj\/","og_locale":"pt_BR","og_type":"article","og_title":"Megapacote de reformas de Milei \u00e9 aprovado na Argentina","og_description":"Um \"megapacote\" de reformas pol\u00edticas e econ\u00f4micas de Milei foi aprovado pela C\u00e2mara dos Deputados na Argentina. Quais os pr\u00f3ximos passos?","og_url":"https:\/\/www.suno.com.br\/noticias\/projeto-javier-milei-aprovado-camara-deputados-argentina-jvj\/","og_site_name":"Suno Not\u00edcias","article_publisher":"https:\/\/facebook.com\/sunoresearch","og_image":[{"width":1350,"height":807,"url":"https:\/\/files.sunoresearch.com.br\/n\/uploads\/2023\/11\/Milei-vit\u00b4pori.jpg","type":"image\/jpeg"}],"author":"Jo\u00e3o Vitor","twitter_card":"summary_large_image","twitter_creator":"@sunoresearch","twitter_site":"@sunoresearch","twitter_misc":{"Escrito por":"Jo\u00e3o Vitor","Est. tempo de leitura":"3 minutos"},"schema":{"@context":"https:\/\/schema.org","@graph":[{"@type":"NewsArticle","@id":"https:\/\/www.suno.com.br\/noticias\/projeto-javier-milei-aprovado-camara-deputados-argentina-jvj\/#article","isPartOf":{"@id":"https:\/\/www.suno.com.br\/noticias\/projeto-javier-milei-aprovado-camara-deputados-argentina-jvj\/"},"author":{"name":"Jo\u00e3o Vitor","@id":"https:\/\/www.suno.com.br\/noticias\/#\/schema\/person\/87fc6973867c52dd884811905c43afba"},"headline":"Megapacote de reformas de Milei \u00e9 aprovado pela C\u00e2mara na Argentina; veja os pr\u00f3ximos passos","datePublished":"2024-02-04T16:40:06+00:00","dateModified":"2024-02-04T16:40:10+00:00","mainEntityOfPage":{"@id":"https:\/\/www.suno.com.br\/noticias\/projeto-javier-milei-aprovado-camara-deputados-argentina-jvj\/"},"wordCount":480,"publisher":{"@id":"https:\/\/www.suno.com.br\/noticias\/#organization"},"image":{"@id":"https:\/\/www.suno.com.br\/noticias\/projeto-javier-milei-aprovado-camara-deputados-argentina-jvj\/#primaryimage"},"thumbnailUrl":"https:\/\/files.sunoresearch.com.br\/n\/uploads\/2023\/11\/Milei-vit\u00b4pori.jpg","keywords":["Argentina"],"articleSection":["Pol\u00edtica"],"inLanguage":"pt-BR"},{"@type":"WebPage","@id":"https:\/\/www.suno.com.br\/noticias\/projeto-javier-milei-aprovado-camara-deputados-argentina-jvj\/","url":"https:\/\/www.suno.com.br\/noticias\/projeto-javier-milei-aprovado-camara-deputados-argentina-jvj\/","name":"Megapacote de reformas de Milei \u00e9 aprovado na Argentina","isPartOf":{"@id":"https:\/\/www.suno.com.br\/noticias\/#website"},"primaryImageOfPage":{"@id":"https:\/\/www.suno.com.br\/noticias\/projeto-javier-milei-aprovado-camara-deputados-argentina-jvj\/#primaryimage"},"image":{"@id":"https:\/\/www.suno.com.br\/noticias\/projeto-javier-milei-aprovado-camara-deputados-argentina-jvj\/#primaryimage"},"thumbnailUrl":"https:\/\/files.sunoresearch.com.br\/n\/uploads\/2023\/11\/Milei-vit\u00b4pori.jpg","datePublished":"2024-02-04T16:40:06+00:00","dateModified":"2024-02-04T16:40:10+00:00","description":"Um \"megapacote\" de reformas pol\u00edticas e econ\u00f4micas de Milei foi aprovado pela C\u00e2mara dos Deputados na Argentina. Quais os pr\u00f3ximos passos?","breadcrumb":{"@id":"https:\/\/www.suno.com.br\/noticias\/projeto-javier-milei-aprovado-camara-deputados-argentina-jvj\/#breadcrumb"},"inLanguage":"pt-BR","potentialAction":[{"@type":"ReadAction","target":["https:\/\/www.suno.com.br\/noticias\/projeto-javier-milei-aprovado-camara-deputados-argentina-jvj\/"]}]},{"@type":"ImageObject","inLanguage":"pt-BR","@id":"https:\/\/www.suno.com.br\/noticias\/projeto-javier-milei-aprovado-camara-deputados-argentina-jvj\/#primaryimage","url":"https:\/\/files.sunoresearch.com.br\/n\/uploads\/2023\/11\/Milei-vit\u00b4pori.jpg","contentUrl":"https:\/\/files.sunoresearch.com.br\/n\/uploads\/2023\/11\/Milei-vit\u00b4pori.jpg","width":1350,"height":807,"caption":"Javier Milei. Foto: Reprodu\u00e7\u00e3o"},{"@type":"BreadcrumbList","@id":"https:\/\/www.suno.com.br\/noticias\/projeto-javier-milei-aprovado-camara-deputados-argentina-jvj\/#breadcrumb","itemListElement":[{"@type":"ListItem","position":1,"name":"Not\u00edcias","item":"https:\/\/www.suno.com.br\/noticias\/"},{"@type":"ListItem","position":2,"name":"Pol\u00edtica","item":"https:\/\/www.suno.com.br\/noticias\/politica\/"},{"@type":"ListItem","position":3,"name":"Megapacote de reformas de Milei \u00e9 aprovado pela C\u00e2mara na Argentina; veja os pr\u00f3ximos passos"}]},{"@type":"WebSite","@id":"https:\/\/www.suno.com.br\/noticias\/#website","url":"https:\/\/www.suno.com.br\/noticias\/","name":"Suno Not\u00edcias","description":"Seu portal de informa\u00e7\u00e3o sobre o mundo dos investimentos","publisher":{"@id":"https:\/\/www.suno.com.br\/noticias\/#organization"},"potentialAction":[{"@type":"SearchAction","target":{"@type":"EntryPoint","urlTemplate":"https:\/\/www.suno.com.br\/noticias\/?s={search_term_string}"},"query-input":{"@type":"PropertyValueSpecification","valueRequired":true,"valueName":"search_term_string"}}],"inLanguage":"pt-BR"},{"@type":"Organization","@id":"https:\/\/www.suno.com.br\/noticias\/#organization","name":"Suno Not\u00edcias","url":"https:\/\/www.suno.com.br\/noticias\/","logo":{"@type":"ImageObject","inLanguage":"pt-BR","@id":"https:\/\/www.suno.com.br\/noticias\/#\/schema\/logo\/image\/","url":"https:\/\/files.sunoresearch.com.br\/n\/uploads\/2021\/09\/suno-logo.png","contentUrl":"https:\/\/files.sunoresearch.com.br\/n\/uploads\/2021\/09\/suno-logo.png","width":180,"height":180,"caption":"Suno Not\u00edcias"},"image":{"@id":"https:\/\/www.suno.com.br\/noticias\/#\/schema\/logo\/image\/"},"sameAs":["https:\/\/facebook.com\/sunoresearch","https:\/\/x.com\/sunoresearch","https:\/\/www.instagram.com\/suno","https:\/\/www.linkedin.com\/company\/suno-research\/","https:\/\/www.youtube.com\/c\/sunoresearch"]},{"@type":"Person","@id":"https:\/\/www.suno.com.br\/noticias\/#\/schema\/person\/87fc6973867c52dd884811905c43afba","name":"Jo\u00e3o Vitor","image":{"@type":"ImageObject","inLanguage":"pt-BR","@id":"https:\/\/www.suno.com.br\/noticias\/#\/schema\/person\/image\/","url":"https:\/\/secure.gravatar.com\/avatar\/2843227ca03ccf8cc7ccca45204c127e?s=96&r=g","contentUrl":"https:\/\/secure.gravatar.com\/avatar\/2843227ca03ccf8cc7ccca45204c127e?s=96&r=g","caption":"Jo\u00e3o Vitor"},"description":"Redator profissional, com atua\u00e7\u00e3o no mercado editorial na produ\u00e7\u00e3o de not\u00edcias e conte\u00fados sobre o mercado de a\u00e7\u00f5es, fundos imobili\u00e1rios e economia popular. Graduando em Engenharia Qu\u00edmica pela Unesp, tamb\u00e9m j\u00e1 atuou como consultor financeiro.","url":"https:\/\/www.suno.com.br\/noticias\/author\/joao-vitor-jacintho\/"}]}},"default_loop_html":"<div class=\"cardsPage__listCard__boxs\"><div class=\"cardsPage__listCard__boxs__img\"><a href=\"https:\/\/www.suno.com.br\/noticias\/projeto-javier-milei-aprovado-camara-deputados-argentina-jvj\/\"><img class=\"mask\" src=\"https:\/\/www.suno.com.br\/noticias\/wp-content\/themes\/suno\/resources\/images\/spotlight\/spotlight1img\/bg-mask.png\" alt=\"Image Mask\"\/><img src=\"https:\/\/files.sunoresearch.com.br\/n\/uploads\/2023\/11\/Milei-vit\u00b4pori-400x200.jpg\" alt=\"Megapacote de reformas de Milei \u00e9 aprovado pela C\u00e2mara na Argentina; veja os pr\u00f3ximos passos\"\/><\/a><span class=\"spotlightCategory\"><a href=\"https:\/\/www.suno.com.br\/noticias\/politica\/\">Pol\u00edtica<\/a><\/span><\/div><div class=\"cardsPage__listCard__boxs__content\"><a href=\"https:\/\/www.suno.com.br\/noticias\/projeto-javier-milei-aprovado-camara-deputados-argentina-jvj\/\"><h2 class=\"content__title\">Megapacote de reformas de Milei \u00e9 aprovado pela C\u00e2mara na Argentina; veja os pr\u00f3ximos passos<\/h2><\/a><div class=\"newsContent__article__meta\"><div class=\"newsContent__article__meta__authorBox\"><a href=\"https:\/\/www.suno.com.br\/noticias\/author\/joao-vitor-jacintho\/\" class=\"authorBox__avatar noMobi\"><img src=\"https:\/\/secure.gravatar.com\/avatar\/2843227ca03ccf8cc7ccca45204c127e?s=96&#038;r=g\" alt=\"Jo\u00e3o Vitor Jacintho\"><\/a><div class=\"authorBox__name\"><span>por\n\t\t\t<a href=\"https:\/\/www.suno.com.br\/noticias\/author\/joao-vitor-jacintho\/\"><span itemprop=\"author\">Jo\u00e3o Vitor Jacintho<\/span><\/a><\/span><time datetime=\"2024-02-04T13:40:06-03:00\" itemprop=\"datePublished\">04\/02\/2024 13:40<\/time><\/div><\/div><\/div><\/div><\/div>","single_layout":"posts","amp_enabled":true,"_links":{"self":[{"href":"https:\/\/www.suno.com.br\/noticias\/wp-json\/wp\/v2\/posts\/519692"}],"collection":[{"href":"https:\/\/www.suno.com.br\/noticias\/wp-json\/wp\/v2\/posts"}],"about":[{"href":"https:\/\/www.suno.com.br\/noticias\/wp-json\/wp\/v2\/types\/post"}],"author":[{"embeddable":true,"href":"https:\/\/www.suno.com.br\/noticias\/wp-json\/wp\/v2\/users\/173"}],"replies":[{"embeddable":true,"href":"https:\/\/www.suno.com.br\/noticias\/wp-json\/wp\/v2\/comments?post=519692"}],"version-history":[{"count":2,"href":"https:\/\/www.suno.com.br\/noticias\/wp-json\/wp\/v2\/posts\/519692\/revisions"}],"predecessor-version":[{"id":519694,"href":"https:\/\/www.suno.com.br\/noticias\/wp-json\/wp\/v2\/posts\/519692\/revisions\/519694"}],"wp:featuredmedia":[{"embeddable":true,"href":"https:\/\/www.suno.com.br\/noticias\/wp-json\/wp\/v2\/media\/487888"}],"wp:attachment":[{"href":"https:\/\/www.suno.com.br\/noticias\/wp-json\/wp\/v2\/media?parent=519692"}],"wp:term":[{"taxonomy":"category","embeddable":true,"href":"https:\/\/www.suno.com.br\/noticias\/wp-json\/wp\/v2\/categories?post=519692"},{"taxonomy":"post_tag","embeddable":true,"href":"https:\/\/www.suno.com.br\/noticias\/wp-json\/wp\/v2\/tags?post=519692"},{"taxonomy":"suno_strategy","embeddable":true,"href":"https:\/\/www.suno.com.br\/noticias\/wp-json\/wp\/v2\/suno_strategy?post=519692"}],"curies":[{"name":"wp","href":"https:\/\/api.w.org\/{rel}","templated":true}]}}