{"id":519687,"date":"2024-02-04T14:07:23","date_gmt":"2024-02-04T17:07:23","guid":{"rendered":"https:\/\/www.suno.com.br\/noticias\/?p=519687"},"modified":"2024-02-04T14:07:38","modified_gmt":"2024-02-04T17:07:38","slug":"ministerio-da-fazenda-crise-no-agronegocio-jvj","status":"publish","type":"post","link":"https:\/\/www.suno.com.br\/noticias\/ministerio-da-fazenda-crise-no-agronegocio-jvj\/","title":{"rendered":"Minist\u00e9rio da Fazenda inicia avalia\u00e7\u00e3o sobre crise no agroneg\u00f3cio"},"content":{"rendered":"<p>A equipe do <a class=\"suno-keyword\" target=\"_blank\" data-force=\"no\" data-priority=\"2\" href=\"https:\/\/www.suno.com.br\/artigos\/ministerio-da-fazenda\/\" rel=\"noopener\">Minist\u00e9rio da Fazenda<\/a> est\u00e1 tra\u00e7ando um diagn\u00f3stico sobre a crise do <strong>agroneg\u00f3cio<\/strong>, motivada sobretudo pela quest\u00e3o clim\u00e1tica. Apesar dos pleitos do setor, como cr\u00e9dito e renegocia\u00e7\u00e3o de d\u00edvidas, ainda n\u00e3o h\u00e1 nenhuma defini\u00e7\u00e3o de a\u00e7\u00e3o a ser tomada, disse o secret\u00e1rio de <a class=\"suno-keyword\" target=\"_blank\" data-force=\"no\" data-priority=\"1\" href=\"https:\/\/www.suno.com.br\/artigos\/politica-economica\/\" rel=\"noopener\">Pol\u00edtica Econ\u00f4mica<\/a>, Guilherme Mello.<\/p>\t<div class=\"wrapper-featured-image\">\n\t\t<figure class=\"spotlightImg\">\n\n\t\t\t<picture>\n\t\t\t\t<source media=\"(max-width: 768px)\" srcset=\"https:\/\/files.sunoresearch.com.br\/n\/uploads\/2024\/02\/agronegocio-400x200.jpg\">\n\t\t\t\t<img loading=\"lazy\" decoding=\"async\" class=\"newsContent__article__imgCapa lazyloadDisabled \" src=\"https:\/\/files.sunoresearch.com.br\/n\/uploads\/2024\/02\/agronegocio-800x450.jpg\" width=\"800\" height=\"450\" alt=\"Minist\u00e9rio da Fazenda inicia avalia\u00e7\u00e3o sobre crise no agroneg\u00f3cio\" fetchpriority=high \/>\n\t\t\t<\/picture>\n\n\t\t\t<figcaption class=\"wp-caption-text wp-caption-text--show\">Agroneg\u00f3cio. Foto: Pixabay<\/figcaption>\n\t\t<\/figure>\n\t<\/div>\n\n\n\n\n\n\t<p>\n\t\t<a href=\"https:\/\/lp.suno.com.br\/ebook-como-analisar-uma-acao\/\" target=\"_blank\" data-element=\"shortcode-suno-banner\" title=\"Banner SUNO, clique e saiba mais\">\n\t\t\t<picture>\n\t\t\t\t<source media=\"(max-width: 500px)\" srcset=\"https:\/\/files.sunoresearch.com.br\/n\/uploads\/2023\/12\/Ebook-Acoes-Mobile.jpg\">\n\t\t\t\t<img class=\"newsContent__article__imgCapa newsContent__article__imgCapa--banner\"\n\t\t\t\t\tsrc=\"https:\/\/files.sunoresearch.com.br\/n\/uploads\/2023\/12\/Ebook-Acoes-Desktop.webp\"\n\t\t\t\t\tdata-promo-id=\"311260\"\t\t\t\t\t\t\t\t\t\twidth='1420' height='286'\t\t\t\t\talt=\"https:\/\/files.sunoresearch.com.br\/n\/uploads\/2023\/12\/Ebook-Acoes-Desktop.webp\"\n\t\t\t\t>\n\t\t\t<\/picture>\n\t\t<\/a>\n\t<\/p>\n\n\n\n\n\n<p>&#8220;O ministro (da <strong>Agricultura<\/strong>, Carlos) F\u00e1varo esteve aqui conosco e estamos fazendo um balan\u00e7o, entendendo onde est\u00e3o e quais s\u00e3o os problemas. Estamos nesse momento de montar o diagn\u00f3stico, de fazer uma avalia\u00e7\u00e3o. Isso, obviamente, \u00e9 algo que a gente tem de fazer de maneira recorrente, porque cada setor tem a sua particularidade, e o agro, em especial, sofre mais esses impactos da mudan\u00e7a clim\u00e1tica&#8221;, disse Mello sobre o agroneg\u00f3cio.<\/p>\n\n\n\n<p>O setor produtivo do agroneg\u00f3cio pede a prorroga\u00e7\u00e3o dos financiamentos para investimento com vencimento neste ano para o \u00faltimo ano do contrato, com manuten\u00e7\u00e3o das taxas de juros, renegocia\u00e7\u00e3o dos financiamentos de custeio, antecipa\u00e7\u00e3o das opera\u00e7\u00f5es de pr\u00e9-custeio e libera\u00e7\u00e3o de recursos para <a class=\"suno-keyword\" target=\"_blank\" data-force=\"no\" data-priority=\"2\" href=\"https:\/\/www.suno.com.br\/artigos\/capital-giro\/\" rel=\"noopener\">capital de giro<\/a>.<\/p>\n\n\n\t<div data-element=\"shortcode-read-more\" class=\"knowMore\">\n\t\t\t\t<span class=\"knowMore__title\">Leia mais<\/span>\n\t\t\t\t<a class=\"knowMore__link\" href=\"https:\/\/www.suno.com.br\/noticias\/projeto-javier-milei-aprovado-camara-deputados-argentina-jvj\/\">\n\t\t\tMegapacote de reformas de Milei \u00e9 aprovado pela C\u00e2mara na Argentina; veja os pr\u00f3ximos passos\t\t<\/a>\n\t<\/div>\n\n\n\n\n<h2 class=\"wp-block-heading\">Relator vai propor eleva\u00e7\u00e3o a 20% na mistura do biodiesel<\/h2>\n\n\n\n<p>O relator do projeto de <strong>lei do combust\u00edvel do futuro<\/strong> na C\u00e2mara, deputado Arnaldo Jardim (Cidadania-SP), afirmou que vai acrescentar no seu parecer uma proposta que prev\u00ea o aumento em at\u00e9 20% do porcentual de biodiesel na mistura ao \u00f3leo diesel. Este era um dos pontos de impasse na elabora\u00e7\u00e3o do relat\u00f3rio. A expectativa, segundo ele, \u00e9 de que a mat\u00e9ria avance na Casa logo ap\u00f3s o feriado de carnaval.<\/p>\n\n\n\n<p>&#8220;Vamos tra\u00e7ar (no relat\u00f3rio) um cen\u00e1rio at\u00e9 a mistura de 20%. Hoje a partir de mar\u00e7o \u00e9 14%, vamos tra\u00e7ar cen\u00e1rio de 20% e depois deixar, mediante condi\u00e7\u00f5es, a possibilidade de evoluir at\u00e9 25%&#8221;, afirmou o parlamentar.<\/p>\n\n\n\n<p>No final do ano passado, o Conselho Nacional de Pol\u00edtica Energ\u00e9tica (CNPE) decidiu aumentar, gradualmente, o porcentual da mistura obrigat\u00f3ria do <strong>biodiesel<\/strong> no \u00f3leo diesel vendido no Brasil. Pelo acordo anunciado, o porcentual, atualmente estabelecido em 12%, passar\u00e1 para 14% a partir de mar\u00e7o de 2024, e para 15% em 2025.<\/p>\n\n\n\n<p>(Com informa\u00e7\u00f5es do jornal O Estado de S. Paulo e Estad\u00e3o Conte\u00fado)<\/p>\n\n\n\t<p>\n\t\t<a href=\"https:\/\/lp2.suno.com.br\/cl\/black-friday-2025\/?utm_campaign=_SNCDF0E4858_\" target=\"_blank\" data-element=\"shortcode-suno-banner\" title=\"Banner SUNO, clique e saiba mais\">\n\t\t\t<picture>\n\t\t\t\t<source media=\"(max-width: 500px)\" srcset=\"https:\/\/files.sunoresearch.com.br\/n\/uploads\/2025\/10\/Artigos-e-Noticias-Banner-Home-artigos-01-Mobile_-400x300-1-png.webp\">\n\t\t\t\t<img class=\"newsContent__article__imgCapa newsContent__article__imgCapa--banner\"\n\t\t\t\t\tsrc=\"https:\/\/files.sunoresearch.com.br\/n\/uploads\/2025\/10\/Artigos-e-Noticias-Banner-Home-artigos-01-Desktop_-1420x240-1-png.webp\"\n\t\t\t\t\tdata-promo-id=\"311259\"\t\t\t\t\t\t\t\t\t\twidth='1420' height='240'\t\t\t\t\talt=\"https:\/\/files.sunoresearch.com.br\/n\/uploads\/2025\/10\/Artigos-e-Noticias-Banner-Home-artigos-01-Desktop_-1420x240-1-png.webp\"\n\t\t\t\t>\n\t\t\t<\/picture>\n\t\t<\/a>\n\t<\/p>\n\n\n","protected":false},"excerpt":{"rendered":"<p>A equipe do Minist\u00e9rio da Fazenda est\u00e1 tra\u00e7ando um diagn\u00f3stico sobre a crise do agroneg\u00f3cio, motivada sobretudo pela quest\u00e3o clim\u00e1tica. Apesar dos pleitos do setor, como cr\u00e9dito e renegocia\u00e7\u00e3o de d\u00edvidas, ainda n\u00e3o h\u00e1 nenhuma defini\u00e7\u00e3o de a\u00e7\u00e3o a ser tomada, disse o secret\u00e1rio de Pol\u00edtica Econ\u00f4mica, Guilherme Mello. Agroneg\u00f3cio. Foto: Pixabay &#8220;O ministro (da [&hellip;]<\/p>\n","protected":false},"author":173,"featured_media":519697,"comment_status":"closed","ping_status":"closed","sticky":false,"template":"","format":"standard","meta":[],"categories":[64],"tags":[1121],"suno_strategy":[],"class_list":["post-519687","post","type-post","status-publish","format-standard","has-post-thumbnail","hentry","category-negocios","tag-agronegocio"],"yoast_head":"<!-- This site is optimized with the Yoast SEO plugin v24.4 - https:\/\/yoast.com\/wordpress\/plugins\/seo\/ -->\n<title>Minist\u00e9rio da Fazenda inicia avalia\u00e7\u00e3o sobre crise no agroneg\u00f3cio<\/title>\n<meta name=\"description\" content=\"A equipe do Minist\u00e9rio da Fazenda est\u00e1 tra\u00e7ando um diagn\u00f3stico sobre uma poss\u00edvel crise do agroneg\u00f3cio. Veja detalhes.\" \/>\n<meta name=\"robots\" content=\"index, follow, max-snippet:-1, max-image-preview:large, max-video-preview:-1\" \/>\n<link rel=\"canonical\" href=\"https:\/\/www.suno.com.br\/noticias\/ministerio-da-fazenda-crise-no-agronegocio-jvj\/\" \/>\n<meta property=\"og:locale\" content=\"pt_BR\" \/>\n<meta property=\"og:type\" content=\"article\" \/>\n<meta property=\"og:title\" content=\"Minist\u00e9rio da Fazenda inicia avalia\u00e7\u00e3o sobre crise no agroneg\u00f3cio\" \/>\n<meta property=\"og:description\" content=\"A equipe do Minist\u00e9rio da Fazenda est\u00e1 tra\u00e7ando um diagn\u00f3stico sobre uma poss\u00edvel crise do agroneg\u00f3cio. Veja detalhes.\" \/>\n<meta property=\"og:url\" content=\"https:\/\/www.suno.com.br\/noticias\/ministerio-da-fazenda-crise-no-agronegocio-jvj\/\" \/>\n<meta property=\"og:site_name\" content=\"Suno Not\u00edcias\" \/>\n<meta property=\"article:publisher\" content=\"https:\/\/facebook.com\/sunoresearch\" \/>\n<meta property=\"og:image\" content=\"https:\/\/files.sunoresearch.com.br\/n\/uploads\/2024\/02\/agronegocio.jpg\" \/>\n\t<meta property=\"og:image:width\" content=\"1280\" \/>\n\t<meta property=\"og:image:height\" content=\"853\" \/>\n\t<meta property=\"og:image:type\" content=\"image\/jpeg\" \/>\n<meta name=\"author\" content=\"Jo\u00e3o Vitor\" \/>\n<meta name=\"twitter:card\" content=\"summary_large_image\" \/>\n<meta name=\"twitter:creator\" content=\"@sunoresearch\" \/>\n<meta name=\"twitter:site\" content=\"@sunoresearch\" \/>\n<meta name=\"twitter:label1\" content=\"Escrito por\" \/>\n\t<meta name=\"twitter:data1\" content=\"Jo\u00e3o Vitor\" \/>\n\t<meta name=\"twitter:label2\" content=\"Est. tempo de leitura\" \/>\n\t<meta name=\"twitter:data2\" content=\"2 minutos\" \/>\n<script type=\"application\/ld+json\" class=\"yoast-schema-graph\">{\"@context\":\"https:\/\/schema.org\",\"@graph\":[{\"@type\":\"NewsArticle\",\"@id\":\"https:\/\/www.suno.com.br\/noticias\/ministerio-da-fazenda-crise-no-agronegocio-jvj\/#article\",\"isPartOf\":{\"@id\":\"https:\/\/www.suno.com.br\/noticias\/ministerio-da-fazenda-crise-no-agronegocio-jvj\/\"},\"author\":{\"name\":\"Jo\u00e3o Vitor\",\"@id\":\"https:\/\/www.suno.com.br\/noticias\/#\/schema\/person\/87fc6973867c52dd884811905c43afba\"},\"headline\":\"Minist\u00e9rio da Fazenda inicia avalia\u00e7\u00e3o sobre crise no agroneg\u00f3cio\",\"datePublished\":\"2024-02-04T17:07:23+00:00\",\"dateModified\":\"2024-02-04T17:07:38+00:00\",\"mainEntityOfPage\":{\"@id\":\"https:\/\/www.suno.com.br\/noticias\/ministerio-da-fazenda-crise-no-agronegocio-jvj\/\"},\"wordCount\":402,\"publisher\":{\"@id\":\"https:\/\/www.suno.com.br\/noticias\/#organization\"},\"image\":{\"@id\":\"https:\/\/www.suno.com.br\/noticias\/ministerio-da-fazenda-crise-no-agronegocio-jvj\/#primaryimage\"},\"thumbnailUrl\":\"https:\/\/files.sunoresearch.com.br\/n\/uploads\/2024\/02\/agronegocio.jpg\",\"keywords\":[\"Agroneg\u00f3cio\"],\"articleSection\":[\"Neg\u00f3cios\"],\"inLanguage\":\"pt-BR\"},{\"@type\":\"WebPage\",\"@id\":\"https:\/\/www.suno.com.br\/noticias\/ministerio-da-fazenda-crise-no-agronegocio-jvj\/\",\"url\":\"https:\/\/www.suno.com.br\/noticias\/ministerio-da-fazenda-crise-no-agronegocio-jvj\/\",\"name\":\"Minist\u00e9rio da Fazenda inicia avalia\u00e7\u00e3o sobre crise no agroneg\u00f3cio\",\"isPartOf\":{\"@id\":\"https:\/\/www.suno.com.br\/noticias\/#website\"},\"primaryImageOfPage\":{\"@id\":\"https:\/\/www.suno.com.br\/noticias\/ministerio-da-fazenda-crise-no-agronegocio-jvj\/#primaryimage\"},\"image\":{\"@id\":\"https:\/\/www.suno.com.br\/noticias\/ministerio-da-fazenda-crise-no-agronegocio-jvj\/#primaryimage\"},\"thumbnailUrl\":\"https:\/\/files.sunoresearch.com.br\/n\/uploads\/2024\/02\/agronegocio.jpg\",\"datePublished\":\"2024-02-04T17:07:23+00:00\",\"dateModified\":\"2024-02-04T17:07:38+00:00\",\"description\":\"A equipe do Minist\u00e9rio da Fazenda est\u00e1 tra\u00e7ando um diagn\u00f3stico sobre uma poss\u00edvel crise do agroneg\u00f3cio. Veja detalhes.\",\"breadcrumb\":{\"@id\":\"https:\/\/www.suno.com.br\/noticias\/ministerio-da-fazenda-crise-no-agronegocio-jvj\/#breadcrumb\"},\"inLanguage\":\"pt-BR\",\"potentialAction\":[{\"@type\":\"ReadAction\",\"target\":[\"https:\/\/www.suno.com.br\/noticias\/ministerio-da-fazenda-crise-no-agronegocio-jvj\/\"]}]},{\"@type\":\"ImageObject\",\"inLanguage\":\"pt-BR\",\"@id\":\"https:\/\/www.suno.com.br\/noticias\/ministerio-da-fazenda-crise-no-agronegocio-jvj\/#primaryimage\",\"url\":\"https:\/\/files.sunoresearch.com.br\/n\/uploads\/2024\/02\/agronegocio.jpg\",\"contentUrl\":\"https:\/\/files.sunoresearch.com.br\/n\/uploads\/2024\/02\/agronegocio.jpg\",\"width\":1280,\"height\":853,\"caption\":\"Agroneg\u00f3cio. Foto: Pixabay\"},{\"@type\":\"BreadcrumbList\",\"@id\":\"https:\/\/www.suno.com.br\/noticias\/ministerio-da-fazenda-crise-no-agronegocio-jvj\/#breadcrumb\",\"itemListElement\":[{\"@type\":\"ListItem\",\"position\":1,\"name\":\"Not\u00edcias\",\"item\":\"https:\/\/www.suno.com.br\/noticias\/\"},{\"@type\":\"ListItem\",\"position\":2,\"name\":\"Neg\u00f3cios\",\"item\":\"https:\/\/www.suno.com.br\/noticias\/negocios\/\"},{\"@type\":\"ListItem\",\"position\":3,\"name\":\"Minist\u00e9rio da Fazenda inicia avalia\u00e7\u00e3o sobre crise no agroneg\u00f3cio\"}]},{\"@type\":\"WebSite\",\"@id\":\"https:\/\/www.suno.com.br\/noticias\/#website\",\"url\":\"https:\/\/www.suno.com.br\/noticias\/\",\"name\":\"Suno Not\u00edcias\",\"description\":\"Seu portal de informa\u00e7\u00e3o sobre o mundo dos investimentos\",\"publisher\":{\"@id\":\"https:\/\/www.suno.com.br\/noticias\/#organization\"},\"potentialAction\":[{\"@type\":\"SearchAction\",\"target\":{\"@type\":\"EntryPoint\",\"urlTemplate\":\"https:\/\/www.suno.com.br\/noticias\/?s={search_term_string}\"},\"query-input\":{\"@type\":\"PropertyValueSpecification\",\"valueRequired\":true,\"valueName\":\"search_term_string\"}}],\"inLanguage\":\"pt-BR\"},{\"@type\":\"Organization\",\"@id\":\"https:\/\/www.suno.com.br\/noticias\/#organization\",\"name\":\"Suno Not\u00edcias\",\"url\":\"https:\/\/www.suno.com.br\/noticias\/\",\"logo\":{\"@type\":\"ImageObject\",\"inLanguage\":\"pt-BR\",\"@id\":\"https:\/\/www.suno.com.br\/noticias\/#\/schema\/logo\/image\/\",\"url\":\"https:\/\/files.sunoresearch.com.br\/n\/uploads\/2021\/09\/suno-logo.png\",\"contentUrl\":\"https:\/\/files.sunoresearch.com.br\/n\/uploads\/2021\/09\/suno-logo.png\",\"width\":180,\"height\":180,\"caption\":\"Suno Not\u00edcias\"},\"image\":{\"@id\":\"https:\/\/www.suno.com.br\/noticias\/#\/schema\/logo\/image\/\"},\"sameAs\":[\"https:\/\/facebook.com\/sunoresearch\",\"https:\/\/x.com\/sunoresearch\",\"https:\/\/www.instagram.com\/suno\",\"https:\/\/www.linkedin.com\/company\/suno-research\/\",\"https:\/\/www.youtube.com\/c\/sunoresearch\"]},{\"@type\":\"Person\",\"@id\":\"https:\/\/www.suno.com.br\/noticias\/#\/schema\/person\/87fc6973867c52dd884811905c43afba\",\"name\":\"Jo\u00e3o Vitor\",\"image\":{\"@type\":\"ImageObject\",\"inLanguage\":\"pt-BR\",\"@id\":\"https:\/\/www.suno.com.br\/noticias\/#\/schema\/person\/image\/\",\"url\":\"https:\/\/secure.gravatar.com\/avatar\/2843227ca03ccf8cc7ccca45204c127e?s=96&r=g\",\"contentUrl\":\"https:\/\/secure.gravatar.com\/avatar\/2843227ca03ccf8cc7ccca45204c127e?s=96&r=g\",\"caption\":\"Jo\u00e3o Vitor\"},\"description\":\"Redator profissional, com atua\u00e7\u00e3o no mercado editorial na produ\u00e7\u00e3o de not\u00edcias e conte\u00fados sobre o mercado de a\u00e7\u00f5es, fundos imobili\u00e1rios e economia popular. Graduando em Engenharia Qu\u00edmica pela Unesp, tamb\u00e9m j\u00e1 atuou como consultor financeiro.\",\"url\":\"https:\/\/www.suno.com.br\/noticias\/author\/joao-vitor-jacintho\/\"}]}<\/script>\n<!-- \/ Yoast SEO plugin. -->","yoast_head_json":{"title":"Minist\u00e9rio da Fazenda inicia avalia\u00e7\u00e3o sobre crise no agroneg\u00f3cio","description":"A equipe do Minist\u00e9rio da Fazenda est\u00e1 tra\u00e7ando um diagn\u00f3stico sobre uma poss\u00edvel crise do agroneg\u00f3cio. Veja detalhes.","robots":{"index":"index","follow":"follow","max-snippet":"max-snippet:-1","max-image-preview":"max-image-preview:large","max-video-preview":"max-video-preview:-1"},"canonical":"https:\/\/www.suno.com.br\/noticias\/ministerio-da-fazenda-crise-no-agronegocio-jvj\/","og_locale":"pt_BR","og_type":"article","og_title":"Minist\u00e9rio da Fazenda inicia avalia\u00e7\u00e3o sobre crise no agroneg\u00f3cio","og_description":"A equipe do Minist\u00e9rio da Fazenda est\u00e1 tra\u00e7ando um diagn\u00f3stico sobre uma poss\u00edvel crise do agroneg\u00f3cio. Veja detalhes.","og_url":"https:\/\/www.suno.com.br\/noticias\/ministerio-da-fazenda-crise-no-agronegocio-jvj\/","og_site_name":"Suno Not\u00edcias","article_publisher":"https:\/\/facebook.com\/sunoresearch","og_image":[{"width":1280,"height":853,"url":"https:\/\/files.sunoresearch.com.br\/n\/uploads\/2024\/02\/agronegocio.jpg","type":"image\/jpeg"}],"author":"Jo\u00e3o Vitor","twitter_card":"summary_large_image","twitter_creator":"@sunoresearch","twitter_site":"@sunoresearch","twitter_misc":{"Escrito por":"Jo\u00e3o Vitor","Est. tempo de leitura":"2 minutos"},"schema":{"@context":"https:\/\/schema.org","@graph":[{"@type":"NewsArticle","@id":"https:\/\/www.suno.com.br\/noticias\/ministerio-da-fazenda-crise-no-agronegocio-jvj\/#article","isPartOf":{"@id":"https:\/\/www.suno.com.br\/noticias\/ministerio-da-fazenda-crise-no-agronegocio-jvj\/"},"author":{"name":"Jo\u00e3o Vitor","@id":"https:\/\/www.suno.com.br\/noticias\/#\/schema\/person\/87fc6973867c52dd884811905c43afba"},"headline":"Minist\u00e9rio da Fazenda inicia avalia\u00e7\u00e3o sobre crise no agroneg\u00f3cio","datePublished":"2024-02-04T17:07:23+00:00","dateModified":"2024-02-04T17:07:38+00:00","mainEntityOfPage":{"@id":"https:\/\/www.suno.com.br\/noticias\/ministerio-da-fazenda-crise-no-agronegocio-jvj\/"},"wordCount":402,"publisher":{"@id":"https:\/\/www.suno.com.br\/noticias\/#organization"},"image":{"@id":"https:\/\/www.suno.com.br\/noticias\/ministerio-da-fazenda-crise-no-agronegocio-jvj\/#primaryimage"},"thumbnailUrl":"https:\/\/files.sunoresearch.com.br\/n\/uploads\/2024\/02\/agronegocio.jpg","keywords":["Agroneg\u00f3cio"],"articleSection":["Neg\u00f3cios"],"inLanguage":"pt-BR"},{"@type":"WebPage","@id":"https:\/\/www.suno.com.br\/noticias\/ministerio-da-fazenda-crise-no-agronegocio-jvj\/","url":"https:\/\/www.suno.com.br\/noticias\/ministerio-da-fazenda-crise-no-agronegocio-jvj\/","name":"Minist\u00e9rio da Fazenda inicia avalia\u00e7\u00e3o sobre crise no agroneg\u00f3cio","isPartOf":{"@id":"https:\/\/www.suno.com.br\/noticias\/#website"},"primaryImageOfPage":{"@id":"https:\/\/www.suno.com.br\/noticias\/ministerio-da-fazenda-crise-no-agronegocio-jvj\/#primaryimage"},"image":{"@id":"https:\/\/www.suno.com.br\/noticias\/ministerio-da-fazenda-crise-no-agronegocio-jvj\/#primaryimage"},"thumbnailUrl":"https:\/\/files.sunoresearch.com.br\/n\/uploads\/2024\/02\/agronegocio.jpg","datePublished":"2024-02-04T17:07:23+00:00","dateModified":"2024-02-04T17:07:38+00:00","description":"A equipe do Minist\u00e9rio da Fazenda est\u00e1 tra\u00e7ando um diagn\u00f3stico sobre uma poss\u00edvel crise do agroneg\u00f3cio. Veja detalhes.","breadcrumb":{"@id":"https:\/\/www.suno.com.br\/noticias\/ministerio-da-fazenda-crise-no-agronegocio-jvj\/#breadcrumb"},"inLanguage":"pt-BR","potentialAction":[{"@type":"ReadAction","target":["https:\/\/www.suno.com.br\/noticias\/ministerio-da-fazenda-crise-no-agronegocio-jvj\/"]}]},{"@type":"ImageObject","inLanguage":"pt-BR","@id":"https:\/\/www.suno.com.br\/noticias\/ministerio-da-fazenda-crise-no-agronegocio-jvj\/#primaryimage","url":"https:\/\/files.sunoresearch.com.br\/n\/uploads\/2024\/02\/agronegocio.jpg","contentUrl":"https:\/\/files.sunoresearch.com.br\/n\/uploads\/2024\/02\/agronegocio.jpg","width":1280,"height":853,"caption":"Agroneg\u00f3cio. Foto: Pixabay"},{"@type":"BreadcrumbList","@id":"https:\/\/www.suno.com.br\/noticias\/ministerio-da-fazenda-crise-no-agronegocio-jvj\/#breadcrumb","itemListElement":[{"@type":"ListItem","position":1,"name":"Not\u00edcias","item":"https:\/\/www.suno.com.br\/noticias\/"},{"@type":"ListItem","position":2,"name":"Neg\u00f3cios","item":"https:\/\/www.suno.com.br\/noticias\/negocios\/"},{"@type":"ListItem","position":3,"name":"Minist\u00e9rio da Fazenda inicia avalia\u00e7\u00e3o sobre crise no agroneg\u00f3cio"}]},{"@type":"WebSite","@id":"https:\/\/www.suno.com.br\/noticias\/#website","url":"https:\/\/www.suno.com.br\/noticias\/","name":"Suno Not\u00edcias","description":"Seu portal de informa\u00e7\u00e3o sobre o mundo dos investimentos","publisher":{"@id":"https:\/\/www.suno.com.br\/noticias\/#organization"},"potentialAction":[{"@type":"SearchAction","target":{"@type":"EntryPoint","urlTemplate":"https:\/\/www.suno.com.br\/noticias\/?s={search_term_string}"},"query-input":{"@type":"PropertyValueSpecification","valueRequired":true,"valueName":"search_term_string"}}],"inLanguage":"pt-BR"},{"@type":"Organization","@id":"https:\/\/www.suno.com.br\/noticias\/#organization","name":"Suno Not\u00edcias","url":"https:\/\/www.suno.com.br\/noticias\/","logo":{"@type":"ImageObject","inLanguage":"pt-BR","@id":"https:\/\/www.suno.com.br\/noticias\/#\/schema\/logo\/image\/","url":"https:\/\/files.sunoresearch.com.br\/n\/uploads\/2021\/09\/suno-logo.png","contentUrl":"https:\/\/files.sunoresearch.com.br\/n\/uploads\/2021\/09\/suno-logo.png","width":180,"height":180,"caption":"Suno Not\u00edcias"},"image":{"@id":"https:\/\/www.suno.com.br\/noticias\/#\/schema\/logo\/image\/"},"sameAs":["https:\/\/facebook.com\/sunoresearch","https:\/\/x.com\/sunoresearch","https:\/\/www.instagram.com\/suno","https:\/\/www.linkedin.com\/company\/suno-research\/","https:\/\/www.youtube.com\/c\/sunoresearch"]},{"@type":"Person","@id":"https:\/\/www.suno.com.br\/noticias\/#\/schema\/person\/87fc6973867c52dd884811905c43afba","name":"Jo\u00e3o Vitor","image":{"@type":"ImageObject","inLanguage":"pt-BR","@id":"https:\/\/www.suno.com.br\/noticias\/#\/schema\/person\/image\/","url":"https:\/\/secure.gravatar.com\/avatar\/2843227ca03ccf8cc7ccca45204c127e?s=96&r=g","contentUrl":"https:\/\/secure.gravatar.com\/avatar\/2843227ca03ccf8cc7ccca45204c127e?s=96&r=g","caption":"Jo\u00e3o Vitor"},"description":"Redator profissional, com atua\u00e7\u00e3o no mercado editorial na produ\u00e7\u00e3o de not\u00edcias e conte\u00fados sobre o mercado de a\u00e7\u00f5es, fundos imobili\u00e1rios e economia popular. Graduando em Engenharia Qu\u00edmica pela Unesp, tamb\u00e9m j\u00e1 atuou como consultor financeiro.","url":"https:\/\/www.suno.com.br\/noticias\/author\/joao-vitor-jacintho\/"}]}},"default_loop_html":"<div class=\"cardsPage__listCard__boxs\"><div class=\"cardsPage__listCard__boxs__img\"><a href=\"https:\/\/www.suno.com.br\/noticias\/ministerio-da-fazenda-crise-no-agronegocio-jvj\/\"><img class=\"mask\" src=\"https:\/\/www.suno.com.br\/noticias\/wp-content\/themes\/suno\/resources\/images\/spotlight\/spotlight1img\/bg-mask.png\" alt=\"Image Mask\"\/><img src=\"https:\/\/files.sunoresearch.com.br\/n\/uploads\/2024\/02\/agronegocio-400x200.jpg\" alt=\"Minist\u00e9rio da Fazenda inicia avalia\u00e7\u00e3o sobre crise no agroneg\u00f3cio\"\/><\/a><span class=\"spotlightCategory\"><a href=\"https:\/\/www.suno.com.br\/noticias\/negocios\/\">Neg\u00f3cios<\/a><\/span><\/div><div class=\"cardsPage__listCard__boxs__content\"><a href=\"https:\/\/www.suno.com.br\/noticias\/ministerio-da-fazenda-crise-no-agronegocio-jvj\/\"><h2 class=\"content__title\">Minist\u00e9rio da Fazenda inicia avalia\u00e7\u00e3o sobre crise no agroneg\u00f3cio<\/h2><\/a><div class=\"newsContent__article__meta\"><div class=\"newsContent__article__meta__authorBox\"><a href=\"https:\/\/www.suno.com.br\/noticias\/author\/joao-vitor-jacintho\/\" class=\"authorBox__avatar noMobi\"><img src=\"https:\/\/secure.gravatar.com\/avatar\/2843227ca03ccf8cc7ccca45204c127e?s=96&#038;r=g\" alt=\"Jo\u00e3o Vitor Jacintho\"><\/a><div class=\"authorBox__name\"><span>por\n\t\t\t<a href=\"https:\/\/www.suno.com.br\/noticias\/author\/joao-vitor-jacintho\/\"><span itemprop=\"author\">Jo\u00e3o Vitor Jacintho<\/span><\/a><\/span><time datetime=\"2024-02-04T14:07:23-03:00\" itemprop=\"datePublished\">04\/02\/2024 14:07<\/time><\/div><\/div><\/div><\/div><\/div>","single_layout":"posts","amp_enabled":true,"_links":{"self":[{"href":"https:\/\/www.suno.com.br\/noticias\/wp-json\/wp\/v2\/posts\/519687"}],"collection":[{"href":"https:\/\/www.suno.com.br\/noticias\/wp-json\/wp\/v2\/posts"}],"about":[{"href":"https:\/\/www.suno.com.br\/noticias\/wp-json\/wp\/v2\/types\/post"}],"author":[{"embeddable":true,"href":"https:\/\/www.suno.com.br\/noticias\/wp-json\/wp\/v2\/users\/173"}],"replies":[{"embeddable":true,"href":"https:\/\/www.suno.com.br\/noticias\/wp-json\/wp\/v2\/comments?post=519687"}],"version-history":[{"count":2,"href":"https:\/\/www.suno.com.br\/noticias\/wp-json\/wp\/v2\/posts\/519687\/revisions"}],"predecessor-version":[{"id":519699,"href":"https:\/\/www.suno.com.br\/noticias\/wp-json\/wp\/v2\/posts\/519687\/revisions\/519699"}],"wp:featuredmedia":[{"embeddable":true,"href":"https:\/\/www.suno.com.br\/noticias\/wp-json\/wp\/v2\/media\/519697"}],"wp:attachment":[{"href":"https:\/\/www.suno.com.br\/noticias\/wp-json\/wp\/v2\/media?parent=519687"}],"wp:term":[{"taxonomy":"category","embeddable":true,"href":"https:\/\/www.suno.com.br\/noticias\/wp-json\/wp\/v2\/categories?post=519687"},{"taxonomy":"post_tag","embeddable":true,"href":"https:\/\/www.suno.com.br\/noticias\/wp-json\/wp\/v2\/tags?post=519687"},{"taxonomy":"suno_strategy","embeddable":true,"href":"https:\/\/www.suno.com.br\/noticias\/wp-json\/wp\/v2\/suno_strategy?post=519687"}],"curies":[{"name":"wp","href":"https:\/\/api.w.org\/{rel}","templated":true}]}}