{"id":519667,"date":"2024-02-03T17:59:51","date_gmt":"2024-02-03T20:59:51","guid":{"rendered":"https:\/\/www.suno.com.br\/noticias\/?p=519667"},"modified":"2024-02-03T17:59:54","modified_gmt":"2024-02-03T20:59:54","slug":"socorro-companhias-aereas-carnaval-gss","status":"publish","type":"post","link":"https:\/\/www.suno.com.br\/noticias\/socorro-companhias-aereas-carnaval-gss\/","title":{"rendered":"Socorro a companhias a\u00e9reas ser\u00e1 definido ap\u00f3s o carnaval, diz ministro de Portos e Aeroportos"},"content":{"rendered":"<p>O ministro de Portos e Aeroportos, Silvio Costa Filho, afirmou neste s\u00e1bado (03), que espera fechar o pacote de socorro \u00e0s <strong>companhias a\u00e9reas<\/strong> no p\u00f3s-carnaval. O tema segue em debate com o <a class=\"suno-keyword\" data-force=\"no\" data-priority=\"2\" href=\"https:\/\/www.suno.com.br\/artigos\/ministerio-da-fazenda\/\" target=\"_blank\" rel=\"noopener\">Minist\u00e9rio da Fazenda<\/a> em meio ao pedido de recupera\u00e7\u00e3o judicial da Gol nos Estados Unidos e a alta no pre\u00e7o das passagens.<\/p>\t<div class=\"wrapper-featured-image\">\n\t\t<figure class=\"spotlightImg\">\n\n\t\t\t<picture>\n\t\t\t\t<source media=\"(max-width: 768px)\" srcset=\"https:\/\/files.sunoresearch.com.br\/n\/uploads\/2023\/03\/aviao-decolagem-400x200.jpg\">\n\t\t\t\t<img loading=\"lazy\" decoding=\"async\" class=\"newsContent__article__imgCapa lazyloadDisabled \" src=\"https:\/\/files.sunoresearch.com.br\/n\/uploads\/2023\/03\/aviao-decolagem-800x450.jpg\" width=\"800\" height=\"450\" alt=\"Socorro a companhias a\u00e9reas ser\u00e1 definido ap\u00f3s o carnaval, diz ministro de Portos e Aeroportos\" fetchpriority=high \/>\n\t\t\t<\/picture>\n\n\t\t\t<figcaption class=\"wp-caption-text wp-caption-text--show\">Gol e Azul Foto: Gerhard\/Pixabay <\/figcaption>\n\t\t<\/figure>\n\t<\/div>\n\n\n\n\n\n\n\n\t<p>\n\t\t<a href=\"https:\/\/lp.suno.com.br\/planilha-da-vida-financeira\/\" target=\"_blank\" data-element=\"shortcode-suno-banner\" title=\"Banner SUNO, clique e saiba mais\">\n\t\t\t<picture>\n\t\t\t\t<source media=\"(max-width: 500px)\" srcset=\"https:\/\/files.sunoresearch.com.br\/n\/uploads\/2023\/04\/400x300-Planilha-vida-financeira-true.png\">\n\t\t\t\t<img class=\"newsContent__article__imgCapa newsContent__article__imgCapa--banner\"\n\t\t\t\t\tsrc=\"https:\/\/files.sunoresearch.com.br\/n\/uploads\/2023\/04\/1420x240-Planilha-vida-financeira-true.png\"\n\t\t\t\t\tdata-promo-id=\"106682\"\t\t\t\t\t\t\t\t\t\twidth='1420' height='240'\t\t\t\t\talt=\"https:\/\/files.sunoresearch.com.br\/n\/uploads\/2023\/04\/1420x240-Planilha-vida-financeira-true.png\"\n\t\t\t\t>\n\t\t\t<\/picture>\n\t\t<\/a>\n\t<\/p>\n\n\n\n\n\n<p>De acordo com o ministro, o pacote de cr\u00e9dito para o <strong>socorro \u00e0s companhias a\u00e9reas<\/strong> deve ser financiado, em maior parte, pelo Banco Nacional de <a class=\"suno-keyword\" data-force=\"no\" data-priority=\"1\" href=\"https:\/\/www.suno.com.br\/artigos\/desenvolvimento-economico\/\" target=\"_blank\" rel=\"noopener\">Desenvolvimento Econ\u00f4mico<\/a> e Social (BNDES). Em entrevista ao <strong>Estad\u00e3o<\/strong>, por\u00e9m, o presidente do BNDES, Aloizio Mercadante, afirmou que o banco n\u00e3o abre m\u00e3o de garantias. &#8220;O BNDES n\u00e3o tem como fazer financiamento sem garantias&#8221;, afirmou Mercadante. &#8220;N\u00f3s s\u00f3 emprestamos com garantia.&#8221;<\/p>\n\n\n\n<p>O banco de fomento estuda h\u00e1 meses a oferta de uma linha de <strong>capital de giro para as a\u00e9reas<\/strong>, mas esbarra no problema das garantias. As empresas chegaram a mencionar <em>slots<\/em> (espa\u00e7os em aeroportos) e aeronaves em <em>leasing<\/em> como op\u00e7\u00f5es, mas essa oferta n\u00e3o prosperou.<\/p>\n\n\n\n<p>Para al\u00e9m da oferta de cr\u00e9dito, <strong>Silvio Costa Filho<\/strong> tamb\u00e9m falou em um planejamento estrat\u00e9gico de curto e longo prazos, &#8220;como a\u00e7\u00f5es que fortale\u00e7am novos voos regionais e a compra de aeronaves brasileiras, a exemplo da <strong>Embraer<\/strong> (EMBR3), e outros ativos&#8221;.<\/p>\n\n\n\n<p>O ministro espera que o impasse com as a\u00e9reas tenha uma solu\u00e7\u00e3o no <a class=\"suno-keyword\" target=\"_blank\" data-force=\"no\" data-priority=\"1\" href=\"https:\/\/www.suno.com.br\/artigos\/curto-prazo\/\" rel=\"noopener\">curto prazo<\/a>, uma vez que ele planeja lan\u00e7ar o <strong>programa Voa Brasil<\/strong>, com passagens a R$ 200 para aposentados e pensionistas, ainda em fevereiro. Para o projeto deslanchar, as empresas t\u00eam de aderir ao programa.<\/p>\n\n\n\n<p><strong>Costa Filho<\/strong> esteve nesta manh\u00e3 &#8211; junto com os ministros das Rela\u00e7\u00f5es Institucionais, Alexandre Padilha, e dos Transportes, Renan Filho &#8211; em uma visita \u00e0s obras do aerom\u00f3vel, projeto que visa a aprimorar o deslocamento de passageiros entre a esta\u00e7\u00e3o da Luz da CPTM e o Aeroporto de Guarulhos.<\/p>\n\n\n\t<p>\n\t\t<a href=\"https:\/\/lp.suno.com.br\/ebook-como-analisar-uma-acao\/\" target=\"_blank\" data-element=\"shortcode-suno-banner\" title=\"Banner SUNO, clique e saiba mais\">\n\t\t\t<picture>\n\t\t\t\t<source media=\"(max-width: 500px)\" srcset=\"https:\/\/files.sunoresearch.com.br\/n\/uploads\/2023\/03\/Ebook-Acoes-Mobile.jpg\">\n\t\t\t\t<img class=\"newsContent__article__imgCapa newsContent__article__imgCapa--banner\"\n\t\t\t\t\tsrc=\"https:\/\/files.sunoresearch.com.br\/n\/uploads\/2023\/03\/Ebook-Acoes-Desktop.jpg\"\n\t\t\t\t\tdata-promo-id=\"378302\"\t\t\t\t\t\t\t\t\t\twidth='1420' height='286'\t\t\t\t\talt=\"https:\/\/files.sunoresearch.com.br\/n\/uploads\/2023\/03\/Ebook-Acoes-Desktop.jpg\"\n\t\t\t\t>\n\t\t\t<\/picture>\n\t\t<\/a>\n\t<\/p>\n\n\n\n\n\n<h2 class=\"wp-block-heading\">Querosene de avia\u00e7\u00e3o<\/h2>\n\n\n\n<p>Representantes do governo, da Petrobras e das <strong>empresas a\u00e9reas<\/strong> tamb\u00e9m discutem formas de baixar o custo do <strong>querosene de avia\u00e7\u00e3o<\/strong> no pacote de ajuda ao setor. Uma das propostas \u00e9 as companhias se juntarem para comprar diretamente da estatal, o que poderia reduzir o custo entre 4% e 8%.<\/p>\n\n\n\n<p>O porcentual se refere \u00e0 margem das distribuidoras privadas que est\u00e3o neste mercado, como Vibra (ex-BR) e Shell (que pertence \u00e0 Ra\u00edzen).<\/p>\n\n\n\n<p>Nesta semana, o presidente da Petrobras, Jean Paul Prates, afirmou ao <em>Estad\u00e3o\/Broadcast<\/em> que a companhia est\u00e1 disposta a colaborar com o debate, mas avisou que <a href=\"https:\/\/www.suno.com.br\/noticias\/petrobras-petr4-descarta-precos-aereas-gpj\/#:~:text=O%20presidente%20da%20Petrobras%20(PETR4,pre%C3%A7o%20com%20um%20%E2%80%9Ccaneta%C3%A7o%E2%80%9D.\">n\u00e3o h\u00e1 a possibilidade de baixar o pre\u00e7o com um &#8220;caneta\u00e7o<\/a>&#8220;. Desde o ano passado, o pre\u00e7o do querosene de avia\u00e7\u00e3o (QAV) j\u00e1 baixou quase 41%, segundo ele.<\/p>\n\n\n\t<div data-element=\"shortcode-read-more\" class=\"knowMore\">\n\t\t\t\t<span class=\"knowMore__title\">Leia mais<\/span>\n\t\t\t\t<a class=\"knowMore__link\" href=\"https:\/\/www.suno.com.br\/noticias\/gol-goll4-azul-azul4-ministerio-fazenda-fundo-empresas-aereas-jvj\/\">\n\t\t\tGol (GOLL4), Azul (AZUL4): Fazenda resiste a criar fundo para socorrer empresas a\u00e9reas e recua em isen\u00e7\u00e3o fiscal sobre combust\u00edvel\t\t<\/a>\n\t<\/div>\n\n\n\n\n<h2 class=\"wp-block-heading\">Aeroporto de Congonhas receber\u00e1 R$ 2 bilh\u00f5es em melhorias<\/h2>\n\n\n\n<p>O ministro de Portos e Aeroportos, Silvio Costa Filho, informou neste s\u00e1bado&nbsp;(03) que o montante aplicado a melhorias no <strong>Aeroporto de Congonhas<\/strong> chega ao patamar de R$ 2 bilh\u00f5es. A obra do aerom\u00f3vel, ressaltou o ministro, dever\u00e1 custar R$ 300 milh\u00f5es.&nbsp;<\/p>\n\n\n\n<p>O titular da pasta de <strong>Portos e Aeroportos<\/strong> afirmou que a meta do presidente Luiz In\u00e1cio<strong> Lula<\/strong> da Silva para este ano \u00e9 entregar &#8220;as obras das quais a popula\u00e7\u00e3o precisa&#8221;. Ele adicionou que, nesse \u00e2mbito, uma das prioridades \u00e9 aprimorar as <strong>estruturas dos aeroportos.<\/strong> &#8220;S\u00e3o quase 2 mil passageiros por hora, que v\u00e3o poder ter acesso ao aeroporto&#8221;, enfatizou.<\/p>\n\n\n\t<div data-element=\"shortcode-read-more\" class=\"knowMore\">\n\t\t\t\t<span class=\"knowMore__title\">Leia mais<\/span>\n\t\t\t\t<a class=\"knowMore__link\" href=\"https:\/\/www.suno.com.br\/noticias\/gol-goll4-dividas-trabalhistas-pendentes-gss\/\">\n\t\t\tGol (GOLL4) tem R$ 1,3 bilh\u00e3o em d\u00edvidas trabalhistas pendentes\t\t<\/a>\n\t<\/div>\n\n\n\n\n<h2 class=\"wp-block-heading\">Novo aeroporto<\/h2>\n\n\n\n<p>Outro plano do governo \u00e9 o de abrir um <strong>aeroporto em Ol\u00edmpia<\/strong>, para o qual deve reservar R$ 100 milh\u00f5es. O munic\u00edpio fica na regi\u00e3o metropolitana de S\u00e3o Jos\u00e9 do Rio Preto. O governo ainda estuda inaugurar um segundo terminal, em localidade a ser definida com base em avalia\u00e7\u00f5es de um grupo de trabalho montado recentemente.<\/p>\n\n\n\n<p>Segundo o ministro Silvio Costa, a avia\u00e7\u00e3o no pa\u00eds cresceu 15% em 2023. &#8220;Saindo de 98 milh\u00f5es de passageiros para 112 milh\u00f5es&#8221;, emendou. Mesmo assim, a expectativa \u00e9 a de que as <strong>companhias a\u00e9reas<\/strong> recebam um plano de socorro vindo do governo.<\/p>\n\n\n\n<p><em>*Com informa\u00e7\u00f5es de Estad\u00e3o Conte\u00fado e Ag\u00eancia Brasil<\/em><\/p>\n\n\n\t<p>\n\t\t<a href=\"https:\/\/lp.suno.com.br\/planilha-da-vida-financeira\/\" target=\"_blank\" data-element=\"shortcode-suno-banner\" title=\"Banner SUNO, clique e saiba mais\">\n\t\t\t<picture>\n\t\t\t\t<source media=\"(max-width: 500px)\" srcset=\"https:\/\/files.sunoresearch.com.br\/n\/uploads\/2023\/04\/400x300-Planilha-vida-financeira-true.png\">\n\t\t\t\t<img class=\"newsContent__article__imgCapa newsContent__article__imgCapa--banner\"\n\t\t\t\t\tsrc=\"https:\/\/files.sunoresearch.com.br\/n\/uploads\/2023\/04\/1420x240-Planilha-vida-financeira-true.png\"\n\t\t\t\t\tdata-promo-id=\"383123\"\t\t\t\t\t\t\t\t\t\twidth='1420' height='240'\t\t\t\t\talt=\"https:\/\/files.sunoresearch.com.br\/n\/uploads\/2023\/04\/1420x240-Planilha-vida-financeira-true.png\"\n\t\t\t\t>\n\t\t\t<\/picture>\n\t\t<\/a>\n\t<\/p>\n\n\n","protected":false},"excerpt":{"rendered":"<p>O ministro de Portos e Aeroportos, Silvio Costa Filho, afirmou neste s\u00e1bado (03), que espera fechar o pacote de socorro \u00e0s companhias a\u00e9reas no p\u00f3s-carnaval. O tema segue em debate com o Minist\u00e9rio da Fazenda em meio ao pedido de recupera\u00e7\u00e3o judicial da Gol nos Estados Unidos e a alta no pre\u00e7o das passagens. Gol [&hellip;]<\/p>\n","protected":false},"author":43,"featured_media":375612,"comment_status":"closed","ping_status":"closed","sticky":false,"template":"","format":"standard","meta":[],"categories":[64],"tags":[1594,489],"suno_strategy":[],"class_list":["post-519667","post","type-post","status-publish","format-standard","has-post-thumbnail","hentry","category-negocios","tag-companhias-aereas","tag-gol-linhas-aereas-goll11-goll4"],"yoast_head":"<!-- This site is optimized with the Yoast SEO plugin v24.4 - https:\/\/yoast.com\/wordpress\/plugins\/seo\/ -->\n<title>Companhias a\u00e9reas devem ter socorro definido ap\u00f3s o carnaval<\/title>\n<meta name=\"description\" content=\"Companhias a\u00e9reas devem ser beneficiadas com um pacote do governo, mas isso s\u00f3 ser\u00e1 denifido ap\u00f3s o carnaval, segundo ministro.\" \/>\n<meta name=\"robots\" content=\"index, follow, max-snippet:-1, max-image-preview:large, max-video-preview:-1\" \/>\n<link rel=\"canonical\" href=\"https:\/\/www.suno.com.br\/noticias\/socorro-companhias-aereas-carnaval-gss\/\" \/>\n<meta property=\"og:locale\" content=\"pt_BR\" \/>\n<meta property=\"og:type\" content=\"article\" \/>\n<meta property=\"og:title\" content=\"Companhias a\u00e9reas devem ter socorro definido ap\u00f3s o carnaval\" \/>\n<meta property=\"og:description\" content=\"Companhias a\u00e9reas devem ser beneficiadas com um pacote do governo, mas isso s\u00f3 ser\u00e1 denifido ap\u00f3s o carnaval, segundo ministro.\" \/>\n<meta property=\"og:url\" content=\"https:\/\/www.suno.com.br\/noticias\/socorro-companhias-aereas-carnaval-gss\/\" \/>\n<meta property=\"og:site_name\" content=\"Suno Not\u00edcias\" \/>\n<meta property=\"article:publisher\" content=\"https:\/\/facebook.com\/sunoresearch\" \/>\n<meta property=\"article:author\" content=\"https:\/\/www.facebook.com\/sunonoticias\/\" \/>\n<meta property=\"og:image\" content=\"https:\/\/files.sunoresearch.com.br\/n\/uploads\/2023\/03\/aviao-decolagem.jpg\" \/>\n\t<meta property=\"og:image:width\" content=\"1268\" \/>\n\t<meta property=\"og:image:height\" content=\"800\" \/>\n\t<meta property=\"og:image:type\" content=\"image\/jpeg\" \/>\n<meta name=\"author\" content=\"Reda\u00e7\u00e3o Suno Not\u00edcias\" \/>\n<meta name=\"twitter:card\" content=\"summary_large_image\" \/>\n<meta name=\"twitter:creator\" content=\"@https:\/\/twitter.com\/sunoresearch\" \/>\n<meta name=\"twitter:site\" content=\"@sunoresearch\" \/>\n<meta name=\"twitter:label1\" content=\"Escrito por\" \/>\n\t<meta name=\"twitter:data1\" content=\"Reda\u00e7\u00e3o Suno Not\u00edcias\" \/>\n\t<meta name=\"twitter:label2\" content=\"Est. tempo de leitura\" \/>\n\t<meta name=\"twitter:data2\" content=\"4 minutos\" \/>\n<script type=\"application\/ld+json\" class=\"yoast-schema-graph\">{\"@context\":\"https:\/\/schema.org\",\"@graph\":[{\"@type\":\"NewsArticle\",\"@id\":\"https:\/\/www.suno.com.br\/noticias\/socorro-companhias-aereas-carnaval-gss\/#article\",\"isPartOf\":{\"@id\":\"https:\/\/www.suno.com.br\/noticias\/socorro-companhias-aereas-carnaval-gss\/\"},\"author\":{\"name\":\"Reda\u00e7\u00e3o Suno Not\u00edcias\",\"@id\":\"https:\/\/www.suno.com.br\/noticias\/#\/schema\/person\/c1b1bd3727fa852bd045e9dbff3673ea\"},\"headline\":\"Socorro a companhias a\u00e9reas ser\u00e1 definido ap\u00f3s o carnaval, diz ministro de Portos e Aeroportos\",\"datePublished\":\"2024-02-03T20:59:51+00:00\",\"dateModified\":\"2024-02-03T20:59:54+00:00\",\"mainEntityOfPage\":{\"@id\":\"https:\/\/www.suno.com.br\/noticias\/socorro-companhias-aereas-carnaval-gss\/\"},\"wordCount\":724,\"publisher\":{\"@id\":\"https:\/\/www.suno.com.br\/noticias\/#organization\"},\"image\":{\"@id\":\"https:\/\/www.suno.com.br\/noticias\/socorro-companhias-aereas-carnaval-gss\/#primaryimage\"},\"thumbnailUrl\":\"https:\/\/files.sunoresearch.com.br\/n\/uploads\/2023\/03\/aviao-decolagem.jpg\",\"keywords\":[\"companhias a\u00e9reas\",\"Gol Linhas A\u00e9reas (GOLL11\/GOLL4)\"],\"articleSection\":[\"Neg\u00f3cios\"],\"inLanguage\":\"pt-BR\"},{\"@type\":\"WebPage\",\"@id\":\"https:\/\/www.suno.com.br\/noticias\/socorro-companhias-aereas-carnaval-gss\/\",\"url\":\"https:\/\/www.suno.com.br\/noticias\/socorro-companhias-aereas-carnaval-gss\/\",\"name\":\"Companhias a\u00e9reas devem ter socorro definido ap\u00f3s o carnaval\",\"isPartOf\":{\"@id\":\"https:\/\/www.suno.com.br\/noticias\/#website\"},\"primaryImageOfPage\":{\"@id\":\"https:\/\/www.suno.com.br\/noticias\/socorro-companhias-aereas-carnaval-gss\/#primaryimage\"},\"image\":{\"@id\":\"https:\/\/www.suno.com.br\/noticias\/socorro-companhias-aereas-carnaval-gss\/#primaryimage\"},\"thumbnailUrl\":\"https:\/\/files.sunoresearch.com.br\/n\/uploads\/2023\/03\/aviao-decolagem.jpg\",\"datePublished\":\"2024-02-03T20:59:51+00:00\",\"dateModified\":\"2024-02-03T20:59:54+00:00\",\"description\":\"Companhias a\u00e9reas devem ser beneficiadas com um pacote do governo, mas isso s\u00f3 ser\u00e1 denifido ap\u00f3s o carnaval, segundo ministro.\",\"breadcrumb\":{\"@id\":\"https:\/\/www.suno.com.br\/noticias\/socorro-companhias-aereas-carnaval-gss\/#breadcrumb\"},\"inLanguage\":\"pt-BR\",\"potentialAction\":[{\"@type\":\"ReadAction\",\"target\":[\"https:\/\/www.suno.com.br\/noticias\/socorro-companhias-aereas-carnaval-gss\/\"]}]},{\"@type\":\"ImageObject\",\"inLanguage\":\"pt-BR\",\"@id\":\"https:\/\/www.suno.com.br\/noticias\/socorro-companhias-aereas-carnaval-gss\/#primaryimage\",\"url\":\"https:\/\/files.sunoresearch.com.br\/n\/uploads\/2023\/03\/aviao-decolagem.jpg\",\"contentUrl\":\"https:\/\/files.sunoresearch.com.br\/n\/uploads\/2023\/03\/aviao-decolagem.jpg\",\"width\":1268,\"height\":800,\"caption\":\"Gol e Azul Foto: Gerhard\/Pixabay\"},{\"@type\":\"BreadcrumbList\",\"@id\":\"https:\/\/www.suno.com.br\/noticias\/socorro-companhias-aereas-carnaval-gss\/#breadcrumb\",\"itemListElement\":[{\"@type\":\"ListItem\",\"position\":1,\"name\":\"Not\u00edcias\",\"item\":\"https:\/\/www.suno.com.br\/noticias\/\"},{\"@type\":\"ListItem\",\"position\":2,\"name\":\"Neg\u00f3cios\",\"item\":\"https:\/\/www.suno.com.br\/noticias\/negocios\/\"},{\"@type\":\"ListItem\",\"position\":3,\"name\":\"Socorro a companhias a\u00e9reas ser\u00e1 definido ap\u00f3s o carnaval, diz ministro de Portos e Aeroportos\"}]},{\"@type\":\"WebSite\",\"@id\":\"https:\/\/www.suno.com.br\/noticias\/#website\",\"url\":\"https:\/\/www.suno.com.br\/noticias\/\",\"name\":\"Suno Not\u00edcias\",\"description\":\"Seu portal de informa\u00e7\u00e3o sobre o mundo dos investimentos\",\"publisher\":{\"@id\":\"https:\/\/www.suno.com.br\/noticias\/#organization\"},\"potentialAction\":[{\"@type\":\"SearchAction\",\"target\":{\"@type\":\"EntryPoint\",\"urlTemplate\":\"https:\/\/www.suno.com.br\/noticias\/?s={search_term_string}\"},\"query-input\":{\"@type\":\"PropertyValueSpecification\",\"valueRequired\":true,\"valueName\":\"search_term_string\"}}],\"inLanguage\":\"pt-BR\"},{\"@type\":\"Organization\",\"@id\":\"https:\/\/www.suno.com.br\/noticias\/#organization\",\"name\":\"Suno Not\u00edcias\",\"url\":\"https:\/\/www.suno.com.br\/noticias\/\",\"logo\":{\"@type\":\"ImageObject\",\"inLanguage\":\"pt-BR\",\"@id\":\"https:\/\/www.suno.com.br\/noticias\/#\/schema\/logo\/image\/\",\"url\":\"https:\/\/files.sunoresearch.com.br\/n\/uploads\/2021\/09\/suno-logo.png\",\"contentUrl\":\"https:\/\/files.sunoresearch.com.br\/n\/uploads\/2021\/09\/suno-logo.png\",\"width\":180,\"height\":180,\"caption\":\"Suno Not\u00edcias\"},\"image\":{\"@id\":\"https:\/\/www.suno.com.br\/noticias\/#\/schema\/logo\/image\/\"},\"sameAs\":[\"https:\/\/facebook.com\/sunoresearch\",\"https:\/\/x.com\/sunoresearch\",\"https:\/\/www.instagram.com\/suno\",\"https:\/\/www.linkedin.com\/company\/suno-research\/\",\"https:\/\/www.youtube.com\/c\/sunoresearch\"]},{\"@type\":\"Person\",\"@id\":\"https:\/\/www.suno.com.br\/noticias\/#\/schema\/person\/c1b1bd3727fa852bd045e9dbff3673ea\",\"name\":\"Reda\u00e7\u00e3o Suno Not\u00edcias\",\"image\":{\"@type\":\"ImageObject\",\"inLanguage\":\"pt-BR\",\"@id\":\"https:\/\/www.suno.com.br\/noticias\/#\/schema\/person\/image\/\",\"url\":\"https:\/\/secure.gravatar.com\/avatar\/b8104b9b5a71985d5238ee59fbe418af?s=96&r=g\",\"contentUrl\":\"https:\/\/secure.gravatar.com\/avatar\/b8104b9b5a71985d5238ee59fbe418af?s=96&r=g\",\"caption\":\"Reda\u00e7\u00e3o Suno Not\u00edcias\"},\"description\":\"O Suno Not\u00edcias \u00e9 um portal de informa\u00e7\u00f5es sobre Mercado Financeiro, Pol\u00edtica, Neg\u00f3cios, Economia e Finan\u00e7as Pessoais.\",\"sameAs\":[\"https:\/\/www.suno.com.br\/noticias\",\"https:\/\/www.facebook.com\/sunonoticias\/\",\"https:\/\/www.instagram.com\/sunonoticias\/\",\"https:\/\/x.com\/https:\/\/twitter.com\/sunoresearch\",\"https:\/\/www.youtube.com\/sunonoticias\"],\"url\":\"https:\/\/www.suno.com.br\/noticias\/author\/redacao-suno\/\"}]}<\/script>\n<!-- \/ Yoast SEO plugin. -->","yoast_head_json":{"title":"Companhias a\u00e9reas devem ter socorro definido ap\u00f3s o carnaval","description":"Companhias a\u00e9reas devem ser beneficiadas com um pacote do governo, mas isso s\u00f3 ser\u00e1 denifido ap\u00f3s o carnaval, segundo ministro.","robots":{"index":"index","follow":"follow","max-snippet":"max-snippet:-1","max-image-preview":"max-image-preview:large","max-video-preview":"max-video-preview:-1"},"canonical":"https:\/\/www.suno.com.br\/noticias\/socorro-companhias-aereas-carnaval-gss\/","og_locale":"pt_BR","og_type":"article","og_title":"Companhias a\u00e9reas devem ter socorro definido ap\u00f3s o carnaval","og_description":"Companhias a\u00e9reas devem ser beneficiadas com um pacote do governo, mas isso s\u00f3 ser\u00e1 denifido ap\u00f3s o carnaval, segundo ministro.","og_url":"https:\/\/www.suno.com.br\/noticias\/socorro-companhias-aereas-carnaval-gss\/","og_site_name":"Suno Not\u00edcias","article_publisher":"https:\/\/facebook.com\/sunoresearch","article_author":"https:\/\/www.facebook.com\/sunonoticias\/","og_image":[{"width":1268,"height":800,"url":"https:\/\/files.sunoresearch.com.br\/n\/uploads\/2023\/03\/aviao-decolagem.jpg","type":"image\/jpeg"}],"author":"Reda\u00e7\u00e3o Suno Not\u00edcias","twitter_card":"summary_large_image","twitter_creator":"@https:\/\/twitter.com\/sunoresearch","twitter_site":"@sunoresearch","twitter_misc":{"Escrito por":"Reda\u00e7\u00e3o Suno Not\u00edcias","Est. tempo de leitura":"4 minutos"},"schema":{"@context":"https:\/\/schema.org","@graph":[{"@type":"NewsArticle","@id":"https:\/\/www.suno.com.br\/noticias\/socorro-companhias-aereas-carnaval-gss\/#article","isPartOf":{"@id":"https:\/\/www.suno.com.br\/noticias\/socorro-companhias-aereas-carnaval-gss\/"},"author":{"name":"Reda\u00e7\u00e3o Suno Not\u00edcias","@id":"https:\/\/www.suno.com.br\/noticias\/#\/schema\/person\/c1b1bd3727fa852bd045e9dbff3673ea"},"headline":"Socorro a companhias a\u00e9reas ser\u00e1 definido ap\u00f3s o carnaval, diz ministro de Portos e Aeroportos","datePublished":"2024-02-03T20:59:51+00:00","dateModified":"2024-02-03T20:59:54+00:00","mainEntityOfPage":{"@id":"https:\/\/www.suno.com.br\/noticias\/socorro-companhias-aereas-carnaval-gss\/"},"wordCount":724,"publisher":{"@id":"https:\/\/www.suno.com.br\/noticias\/#organization"},"image":{"@id":"https:\/\/www.suno.com.br\/noticias\/socorro-companhias-aereas-carnaval-gss\/#primaryimage"},"thumbnailUrl":"https:\/\/files.sunoresearch.com.br\/n\/uploads\/2023\/03\/aviao-decolagem.jpg","keywords":["companhias a\u00e9reas","Gol Linhas A\u00e9reas (GOLL11\/GOLL4)"],"articleSection":["Neg\u00f3cios"],"inLanguage":"pt-BR"},{"@type":"WebPage","@id":"https:\/\/www.suno.com.br\/noticias\/socorro-companhias-aereas-carnaval-gss\/","url":"https:\/\/www.suno.com.br\/noticias\/socorro-companhias-aereas-carnaval-gss\/","name":"Companhias a\u00e9reas devem ter socorro definido ap\u00f3s o carnaval","isPartOf":{"@id":"https:\/\/www.suno.com.br\/noticias\/#website"},"primaryImageOfPage":{"@id":"https:\/\/www.suno.com.br\/noticias\/socorro-companhias-aereas-carnaval-gss\/#primaryimage"},"image":{"@id":"https:\/\/www.suno.com.br\/noticias\/socorro-companhias-aereas-carnaval-gss\/#primaryimage"},"thumbnailUrl":"https:\/\/files.sunoresearch.com.br\/n\/uploads\/2023\/03\/aviao-decolagem.jpg","datePublished":"2024-02-03T20:59:51+00:00","dateModified":"2024-02-03T20:59:54+00:00","description":"Companhias a\u00e9reas devem ser beneficiadas com um pacote do governo, mas isso s\u00f3 ser\u00e1 denifido ap\u00f3s o carnaval, segundo ministro.","breadcrumb":{"@id":"https:\/\/www.suno.com.br\/noticias\/socorro-companhias-aereas-carnaval-gss\/#breadcrumb"},"inLanguage":"pt-BR","potentialAction":[{"@type":"ReadAction","target":["https:\/\/www.suno.com.br\/noticias\/socorro-companhias-aereas-carnaval-gss\/"]}]},{"@type":"ImageObject","inLanguage":"pt-BR","@id":"https:\/\/www.suno.com.br\/noticias\/socorro-companhias-aereas-carnaval-gss\/#primaryimage","url":"https:\/\/files.sunoresearch.com.br\/n\/uploads\/2023\/03\/aviao-decolagem.jpg","contentUrl":"https:\/\/files.sunoresearch.com.br\/n\/uploads\/2023\/03\/aviao-decolagem.jpg","width":1268,"height":800,"caption":"Gol e Azul Foto: Gerhard\/Pixabay"},{"@type":"BreadcrumbList","@id":"https:\/\/www.suno.com.br\/noticias\/socorro-companhias-aereas-carnaval-gss\/#breadcrumb","itemListElement":[{"@type":"ListItem","position":1,"name":"Not\u00edcias","item":"https:\/\/www.suno.com.br\/noticias\/"},{"@type":"ListItem","position":2,"name":"Neg\u00f3cios","item":"https:\/\/www.suno.com.br\/noticias\/negocios\/"},{"@type":"ListItem","position":3,"name":"Socorro a companhias a\u00e9reas ser\u00e1 definido ap\u00f3s o carnaval, diz ministro de Portos e Aeroportos"}]},{"@type":"WebSite","@id":"https:\/\/www.suno.com.br\/noticias\/#website","url":"https:\/\/www.suno.com.br\/noticias\/","name":"Suno Not\u00edcias","description":"Seu portal de informa\u00e7\u00e3o sobre o mundo dos investimentos","publisher":{"@id":"https:\/\/www.suno.com.br\/noticias\/#organization"},"potentialAction":[{"@type":"SearchAction","target":{"@type":"EntryPoint","urlTemplate":"https:\/\/www.suno.com.br\/noticias\/?s={search_term_string}"},"query-input":{"@type":"PropertyValueSpecification","valueRequired":true,"valueName":"search_term_string"}}],"inLanguage":"pt-BR"},{"@type":"Organization","@id":"https:\/\/www.suno.com.br\/noticias\/#organization","name":"Suno Not\u00edcias","url":"https:\/\/www.suno.com.br\/noticias\/","logo":{"@type":"ImageObject","inLanguage":"pt-BR","@id":"https:\/\/www.suno.com.br\/noticias\/#\/schema\/logo\/image\/","url":"https:\/\/files.sunoresearch.com.br\/n\/uploads\/2021\/09\/suno-logo.png","contentUrl":"https:\/\/files.sunoresearch.com.br\/n\/uploads\/2021\/09\/suno-logo.png","width":180,"height":180,"caption":"Suno Not\u00edcias"},"image":{"@id":"https:\/\/www.suno.com.br\/noticias\/#\/schema\/logo\/image\/"},"sameAs":["https:\/\/facebook.com\/sunoresearch","https:\/\/x.com\/sunoresearch","https:\/\/www.instagram.com\/suno","https:\/\/www.linkedin.com\/company\/suno-research\/","https:\/\/www.youtube.com\/c\/sunoresearch"]},{"@type":"Person","@id":"https:\/\/www.suno.com.br\/noticias\/#\/schema\/person\/c1b1bd3727fa852bd045e9dbff3673ea","name":"Reda\u00e7\u00e3o Suno Not\u00edcias","image":{"@type":"ImageObject","inLanguage":"pt-BR","@id":"https:\/\/www.suno.com.br\/noticias\/#\/schema\/person\/image\/","url":"https:\/\/secure.gravatar.com\/avatar\/b8104b9b5a71985d5238ee59fbe418af?s=96&r=g","contentUrl":"https:\/\/secure.gravatar.com\/avatar\/b8104b9b5a71985d5238ee59fbe418af?s=96&r=g","caption":"Reda\u00e7\u00e3o Suno Not\u00edcias"},"description":"O Suno Not\u00edcias \u00e9 um portal de informa\u00e7\u00f5es sobre Mercado Financeiro, Pol\u00edtica, Neg\u00f3cios, Economia e Finan\u00e7as Pessoais.","sameAs":["https:\/\/www.suno.com.br\/noticias","https:\/\/www.facebook.com\/sunonoticias\/","https:\/\/www.instagram.com\/sunonoticias\/","https:\/\/x.com\/https:\/\/twitter.com\/sunoresearch","https:\/\/www.youtube.com\/sunonoticias"],"url":"https:\/\/www.suno.com.br\/noticias\/author\/redacao-suno\/"}]}},"default_loop_html":"<div class=\"cardsPage__listCard__boxs\"><div class=\"cardsPage__listCard__boxs__img\"><a href=\"https:\/\/www.suno.com.br\/noticias\/socorro-companhias-aereas-carnaval-gss\/\"><img class=\"mask\" src=\"https:\/\/www.suno.com.br\/noticias\/wp-content\/themes\/suno\/resources\/images\/spotlight\/spotlight1img\/bg-mask.png\" alt=\"Image Mask\"\/><img src=\"https:\/\/files.sunoresearch.com.br\/n\/uploads\/2023\/03\/aviao-decolagem-400x200.jpg\" alt=\"Socorro a companhias a\u00e9reas ser\u00e1 definido ap\u00f3s o carnaval, diz ministro de Portos e Aeroportos\"\/><\/a><span class=\"spotlightCategory\"><a href=\"https:\/\/www.suno.com.br\/noticias\/negocios\/\">Neg\u00f3cios<\/a><\/span><\/div><div class=\"cardsPage__listCard__boxs__content\"><a href=\"https:\/\/www.suno.com.br\/noticias\/socorro-companhias-aereas-carnaval-gss\/\"><h2 class=\"content__title\">Socorro a companhias a\u00e9reas ser\u00e1 definido ap\u00f3s o carnaval, diz ministro de Portos e Aeroportos<\/h2><\/a><div class=\"newsContent__article__meta\"><div class=\"newsContent__article__meta__authorBox\"><a href=\"https:\/\/www.suno.com.br\/noticias\/author\/redacao-suno\/\" class=\"authorBox__avatar noMobi\"><img src=\"https:\/\/files.sunoresearch.com.br\/n\/uploads\/2020\/08\/0ace682d-redacao-1-150x150.webp\" alt=\"Reda\u00e7\u00e3o Suno Not\u00edcias\"><\/a><div class=\"authorBox__name\"><span>por\n\t\t\t<a href=\"https:\/\/www.suno.com.br\/noticias\/author\/redacao-suno\/\"><span itemprop=\"author\">Reda\u00e7\u00e3o Suno Not\u00edcias<\/span><\/a><\/span><time datetime=\"2024-02-03T17:59:51-03:00\" itemprop=\"datePublished\">03\/02\/2024 17:59<\/time><\/div><\/div><\/div><\/div><\/div>","single_layout":"posts","amp_enabled":true,"_links":{"self":[{"href":"https:\/\/www.suno.com.br\/noticias\/wp-json\/wp\/v2\/posts\/519667"}],"collection":[{"href":"https:\/\/www.suno.com.br\/noticias\/wp-json\/wp\/v2\/posts"}],"about":[{"href":"https:\/\/www.suno.com.br\/noticias\/wp-json\/wp\/v2\/types\/post"}],"author":[{"embeddable":true,"href":"https:\/\/www.suno.com.br\/noticias\/wp-json\/wp\/v2\/users\/43"}],"replies":[{"embeddable":true,"href":"https:\/\/www.suno.com.br\/noticias\/wp-json\/wp\/v2\/comments?post=519667"}],"version-history":[{"count":2,"href":"https:\/\/www.suno.com.br\/noticias\/wp-json\/wp\/v2\/posts\/519667\/revisions"}],"predecessor-version":[{"id":519671,"href":"https:\/\/www.suno.com.br\/noticias\/wp-json\/wp\/v2\/posts\/519667\/revisions\/519671"}],"wp:featuredmedia":[{"embeddable":true,"href":"https:\/\/www.suno.com.br\/noticias\/wp-json\/wp\/v2\/media\/375612"}],"wp:attachment":[{"href":"https:\/\/www.suno.com.br\/noticias\/wp-json\/wp\/v2\/media?parent=519667"}],"wp:term":[{"taxonomy":"category","embeddable":true,"href":"https:\/\/www.suno.com.br\/noticias\/wp-json\/wp\/v2\/categories?post=519667"},{"taxonomy":"post_tag","embeddable":true,"href":"https:\/\/www.suno.com.br\/noticias\/wp-json\/wp\/v2\/tags?post=519667"},{"taxonomy":"suno_strategy","embeddable":true,"href":"https:\/\/www.suno.com.br\/noticias\/wp-json\/wp\/v2\/suno_strategy?post=519667"}],"curies":[{"name":"wp","href":"https:\/\/api.w.org\/{rel}","templated":true}]}}