{"id":519627,"date":"2024-02-03T10:33:50","date_gmt":"2024-02-03T13:33:50","guid":{"rendered":"https:\/\/www.suno.com.br\/noticias\/?p=519627"},"modified":"2024-02-03T10:34:11","modified_gmt":"2024-02-03T13:34:11","slug":"receita-federal-contribuidor-ma-fe-gss","status":"publish","type":"post","link":"https:\/\/www.suno.com.br\/noticias\/receita-federal-contribuidor-ma-fe-gss\/","title":{"rendered":"Receita Federal quer criar lista de nome sujo para contribuidor que age de m\u00e1-f\u00e9"},"content":{"rendered":"<p>A <strong>Receita Federal<\/strong> prop\u00f4s a cria\u00e7\u00e3o de um Cadastro Federal do Devedor Contumaz (CFDC) para listar, com base em crit\u00e9rios objetivos, os contribuintes que, de acordo com o \u00f3rg\u00e3o, &#8220;agem de m\u00e1-f\u00e9&#8221; e t\u00eam na inadimpl\u00eancia uma &#8220;estrat\u00e9gia&#8221; de neg\u00f3cio.<\/p>\t<div class=\"wrapper-featured-image\">\n\t\t<figure class=\"spotlightImg\">\n\n\t\t\t<picture>\n\t\t\t\t<source media=\"(max-width: 768px)\" srcset=\"https:\/\/files.sunoresearch.com.br\/n\/uploads\/2022\/11\/superavit-primario-dinheiro-moeda-real-economia-400x200.jpg\">\n\t\t\t\t<img loading=\"lazy\" decoding=\"async\" class=\"newsContent__article__imgCapa lazyloadDisabled \" src=\"https:\/\/files.sunoresearch.com.br\/n\/uploads\/2022\/11\/superavit-primario-dinheiro-moeda-real-economia-800x450.jpg\" width=\"800\" height=\"450\" alt=\"Receita Federal quer criar lista de nome sujo para contribuidor que age de m\u00e1-f\u00e9\" fetchpriority=high \/>\n\t\t\t<\/picture>\n\n\t\t\t<figcaption class=\"wp-caption-text wp-caption-text--show\">Fundos da Suno Asset pagam dividendos hoje (23). Foto: Joelfotos\/Pixabay<\/figcaption>\n\t\t<\/figure>\n\t<\/div>\n\n\n\n\n\n\n\n\t<p>\n\t\t<a href=\"\" target=\"_blank\" data-element=\"shortcode-suno-banner\" title=\"Banner SUNO, clique e saiba mais\">\n\t\t\t<picture>\n\t\t\t\t<source media=\"(max-width: 500px)\" srcset=\"\">\n\t\t\t\t<img class=\"newsContent__article__imgCapa newsContent__article__imgCapa--banner\"\n\t\t\t\t\tsrc=\"\"\n\t\t\t\t\tdata-promo-id=\"240038\"\t\t\t\t\t\t\t\t\t\t\t\t\t\t\talt=\"\"\n\t\t\t\t>\n\t\t\t<\/picture>\n\t\t<\/a>\n\t<\/p>\n\n\n\n\n\n<p>Uma vez inseridos nessa esp\u00e9cie de <strong>lista de<\/strong> <strong>nome sujo<\/strong>, os controladores dessas companhias, caso cometam crimes tribut\u00e1rios e sejam condenados, n\u00e3o teriam mais o direito de extinguir a puni\u00e7\u00e3o ao realizar o pagamento do imposto devido &#8211; o que aumentaria as chances de pris\u00e3o.<\/p>\n\n\n\n<p>&#8220;Se o cara vai l\u00e1 na sua casa e te assalta, ele n\u00e3o pode falar: &#8216;Desculpa, est\u00e1 aqui o dinheiro de volta&#8217; e a\u00ed o crime \u00e9 extinto. O <strong>devedor contumaz<\/strong> tamb\u00e9m n\u00e3o vai pode fazer isso&#8221;, afirma o secret\u00e1rio da <a class=\"suno-keyword\" target=\"_blank\" data-force=\"no\" data-priority=\"3\" href=\"https:\/\/www.suno.com.br\/artigos\/receita-federal\/\" rel=\"noopener\">Receita Federal<\/a>, Robinson Barreirinhas. &#8220;\u00c9 melhor (esse tipo de devedor) ter um bom advogado criminalista, porque agora n\u00e3o vai bastar parcelar ou pagar (o d\u00e9bito irregular) para se livrar da responsabilidade criminal&#8221;, diz ele.<\/p>\n\n\n\n<p>Essas novas regras est\u00e3o propostas em um projeto de lei (PL) enviado na quinta-feira ao Congresso Nacional. O texto tamb\u00e9m estabelece diretrizes para os programas de conformidade, para premiar os bons pagadores de impostos, e amplia o controle sobre os benef\u00edcios fiscais recebidos por empresas.<\/p>\n\n\n\n<p>Durante a apresenta\u00e7\u00e3o do PL, o chefe do Fisco ponderou que o foco do CFDC n\u00e3o \u00e9 o micro, pequeno ou at\u00e9 grande empres\u00e1rio, e nem mesmo o devedor recorrente, mas sim o devedor &#8220;qualificado&#8221;, que tenha uma d\u00edvida considerada irregular superior a R$ 15 milh\u00f5es e que atenda a alguns requisitos.<\/p>\n\n\n\t<div data-element=\"shortcode-read-more\" class=\"knowMore\">\n\t\t\t\t<span class=\"knowMore__title\">Leia mais<\/span>\n\t\t\t\t<a class=\"knowMore__link\" href=\"https:\/\/www.suno.com.br\/noticias\/imposto-renda-2024-entrega-declaracao-marco-cpf\/\">\n\t\t\tImposto de Renda 2024: Entrega da declara\u00e7\u00e3o do IRPF come\u00e7a em mar\u00e7o, diz Receita\t\t<\/a>\n\t<\/div>\n\n\n\n\n<h2 class=\"wp-block-heading\">Requisitos<\/h2>\n\n\n\n<p>Entre eles, que os R$ 15 milh\u00f5es em d\u00edvida irregular superem o patrim\u00f4nio da companhia. Ou seja, se tiver um patrim\u00f4nio de R$ 100 milh\u00f5es, por exemplo, n\u00e3o se encaixaria. &#8220;Agora, se tiver R$ 15 milh\u00f5es de d\u00edvida e patrim\u00f4nio de R$ 5 mil &#8211; acredite, isso acontece &#8211; esse cara \u00e9 um picareta, \u00e9 um devedor contumaz&#8221;, diz Barreirinhas.<\/p>\n\n\n\n<p>A d\u00edvida tamb\u00e9m precisa existir por mais de um ano. &#8220;Ou seja, n\u00e3o foi um acidente. Ele n\u00e3o se deu ao trabalho de entrar com recurso administrativo, que j\u00e1 suspenderia (o d\u00e9bito). Ou, terminou o processo, e ele n\u00e3o garantiu em ju\u00edzo&#8221;, afirma o secret\u00e1rio.<\/p>\n\n\n\n<p>Ser parte relacionada em uma empresa que j\u00e1 foi punida com baixa nos registros ou com declara\u00e7\u00e3o de inaptid\u00e3o do CNPJ tamb\u00e9m \u00e9 outro requisito inclu\u00eddo pela <strong>Receita<\/strong>. &#8220;\u00c9 o cara que fica abrindo e fechando empresa&#8221;, explica o secret\u00e1rio. &#8220;Ele j\u00e1 teve uma puni\u00e7\u00e3o, abriu outra empresa e est\u00e1 devendo mais de R$ 15 milh\u00f5es irregulares&#8221;, afirma.<\/p>\n\n\n\n<p>A Receita Federal estima que mil empresas &#8211; o que representa 0,005% dos 20 milh\u00f5es de contribuintes <a class=\"suno-keyword\" target=\"_blank\" data-force=\"no\" data-priority=\"2\" href=\"https:\/\/www.suno.com.br\/artigos\/pessoa-juridica\/\" rel=\"noopener\">pessoa jur\u00eddica<\/a> &#8211; se encaixem nesses crit\u00e9rios. Juntas, elas somam R$ 100 bilh\u00f5es em d\u00e9bitos, segundo o Fisco.<\/p>\n\n\n\n<p>&#8220;Haver\u00e1 todo o contradit\u00f3rio e direito \u00e0 ampla defesa. Antes de inscrever, eu vou avisar e dar a oportunidade de regularizar ou recorrer. Mas o fato de ele estar inscrito (no cadastro) permite que n\u00f3s separemos o joio do trigo&#8221;, afirma Barreirinhas.<\/p>\n\n\n\n<p>Ele destaca que o fato de o controlador estar no <strong>CFDC<\/strong> n\u00e3o significar\u00e1 que ele \u00e9 um criminoso. &#8220;Mas, se for um criminoso e estiver no cadastro, quem sabe, poder\u00e1 vir a ser preso um dia&#8221;, diz o secret\u00e1rio, destacando que, pelas novas regras, esse contribuinte n\u00e3o usufruir\u00e1 do benef\u00edcio da extin\u00e7\u00e3o da punibilidade em caso de pagamento ou parcelamento do d\u00e9bito irregular.<\/p>\n\n\n\n<p>&#8220;A gente tem de come\u00e7ar a tratar o bom contribuinte como bom contribuinte, mas temos de parar de passar a m\u00e3o em criminoso&#8221;, afirma o secret\u00e1rio da Receita. Para ele, esses devedores, que podem integrar a<strong> <\/strong>nova lista de <strong>nome sujo<\/strong>, &#8220;prejudicam o <strong>sistema tribut\u00e1rio<\/strong>, o trabalho da Receita e os outros 99% dos contribuintes, que n\u00e3o conseguem concorrer com esse tipo de devedor&#8221;.<\/p>\n\n\n\t<p>\n\t\t<a href=\"https:\/\/lp.suno.com.br\/ebook-gratuito-investindo-no-exterior\/\" target=\"_blank\" data-element=\"shortcode-suno-banner\" title=\"Banner SUNO, clique e saiba mais\">\n\t\t\t<picture>\n\t\t\t\t<source media=\"(max-width: 500px)\" srcset=\"https:\/\/files.sunoresearch.com.br\/n\/uploads\/2023\/03\/400x300-Investindo-no-exterior.png\">\n\t\t\t\t<img class=\"newsContent__article__imgCapa newsContent__article__imgCapa--banner\"\n\t\t\t\t\tsrc=\"https:\/\/files.sunoresearch.com.br\/n\/uploads\/2023\/03\/1420x240-Investindo-no-exterior.png\"\n\t\t\t\t\tdata-promo-id=\"383161\"\t\t\t\t\t\t\t\t\t\twidth='1420' height='240'\t\t\t\t\talt=\"https:\/\/files.sunoresearch.com.br\/n\/uploads\/2023\/03\/1420x240-Investindo-no-exterior.png\"\n\t\t\t\t>\n\t\t\t<\/picture>\n\t\t<\/a>\n\t<\/p>\n\n\n\n\n\n<h2 class=\"wp-block-heading\">Receita far\u00e1 pente-fino em benef\u00edcios fiscais<\/h2>\n\n\n\n<p>Depois de focar nos grandes &#8220;<strong>jabutis tribut\u00e1rios<\/strong>&#8220;, a Receita Federal promete fazer agora um pente-fino nos mais de 200 benef\u00edcios fiscais existentes no Pa\u00eds. A maioria deles \u00e9 considerada &#8220;invis\u00edvel&#8221; por ter valores mais reduzidos &#8211; na casa dos milh\u00f5es, e n\u00e3o dos bilh\u00f5es &#8211; e pelo fato de o governo ter pouca informa\u00e7\u00e3o e controle sobre eles.<\/p>\n\n\n\n<p>A proposta, que consta de um projeto de lei enviado ao Congresso, prev\u00ea que as empresas ser\u00e3o obrigadas a preencher uma declara\u00e7\u00e3o eletr\u00f4nica listando todos os incentivos que possuem. A partir da\u00ed, o <strong>Fisco <\/strong>pretende identificar as companhias em situa\u00e7\u00e3o irregular, ou seja, que usufruem dos benef\u00edcios sem ter direito, e fazer, ent\u00e3o, a exclus\u00e3o.<\/p>\n\n\n\n<p>&#8220;Muitos desses benef\u00edcios s\u00e3o aprovados no <strong>Congresso Nacional<\/strong> sem nenhum tipo de possibilidade de controle, porque eles s\u00e3o de autofrui\u00e7\u00e3o (n\u00e3o tem pr\u00e9-requisitos). O contribuinte recebe um benef\u00edcio e, simplesmente, deixa de pagar o tributo&#8221;, afirma o secret\u00e1rio da <a class=\"suno-keyword\" target=\"_blank\" data-force=\"no\" data-priority=\"3\" href=\"https:\/\/www.suno.com.br\/artigos\/receita-federal\/\" rel=\"noopener\">Receita Federal<\/a>, Robinson Barreirinhas. &#8220;Isso tira a governan\u00e7a do poder p\u00fablico em rela\u00e7\u00e3o a essas centenas de regimes.&#8221;<\/p>\n\n\n\n<p>Segundo o secret\u00e1rio, o formul\u00e1rio ser\u00e1 de f\u00e1cil preenchimento, sem necessidade de envio de documenta\u00e7\u00e3o. &#8220;A Receita vai puxar do sistema os documentos e verificar se a empresa preenche os requisitos para aqueles benef\u00edcios. Em seguida, vai informar se ela tem ou n\u00e3o direito.&#8221;<\/p>\n\n\n\n<p>Uma companhia que tenha sido condenada pela <strong>Lei de Improbidade<\/strong>, por exemplo, n\u00e3o poder\u00e1 fazer uso desses benef\u00edcios. Outros impedimentos podem estar relacionados \u00e0 Lei Anticorrup\u00e7\u00e3o ou a legisla\u00e7\u00f5es ambientais. Se estiver usufruindo do benef\u00edcio indevidamente, o contribuinte estar\u00e1 sujeito a puni\u00e7\u00f5es, al\u00e9m da exclus\u00e3o do regime diferenciado.<\/p>\n\n\n\t<div data-element=\"shortcode-read-more\" class=\"knowMore\">\n\t\t\t\t<span class=\"knowMore__title\">Leia mais<\/span>\n\t\t\t\t<a class=\"knowMore__link\" href=\"https:\/\/www.suno.com.br\/noticias\/news-agenda-dividendos-jhsf-jhsf3-santander-sanb11-fevereiro-gss\/\">\n\t\t\tJHSF (JHSF3), Santander (SANB11): Veja quem vai pagar dividendos na pr\u00f3xima semana\t\t<\/a>\n\t<\/div>\n\n\n\n\n<h2 class=\"wp-block-heading\">Instrumentos<\/h2>\n\n\n\n<p>Segundo o secret\u00e1rio, atualmente o governo n\u00e3o consegue enxergar quem est\u00e1 sendo beneficiado por esses incentivos, com quais valores e se os objetivos da pol\u00edtica p\u00fablica est\u00e3o sendo atingidos. &#8220;Com esse controle eletr\u00f4nico, n\u00f3s daremos instrumentos para, eventualmente, os Minist\u00e9rios da Agricultura, do Desenvolvimento e da Ind\u00fastria analisarem os dados e os resultados da pol\u00edtica.&#8221;<\/p>\n\n\n\n<p>A ideia \u00e9 que o mapeamento tamb\u00e9m auxilie o governo na tarefa de reduzir esses benef\u00edcios &#8211; como determina a pr\u00f3pria Constitui\u00e7\u00e3o. Isso porque, em 2021, o Congresso aprovou uma emenda que estabelece que, at\u00e9 2029, o custo dessas medidas ter\u00e1 de ficar limitado a 2% do PIB. Atualmente, a estimativa \u00e9 de que correspondam a 4,5% do PIB.<\/p>\n\n\n\n<p>Segundo o Fisco, os benef\u00edcios fiscais ser\u00e3o inclu\u00eddos nessa an\u00e1lise progressivamente. Os incentivos ligados ao <strong>Imposto de Renda<\/strong> da <a class=\"suno-keyword\" target=\"_blank\" data-force=\"no\" data-priority=\"1\" href=\"https:\/\/www.suno.com.br\/artigos\/pessoa-fisica\/\" rel=\"noopener\">Pessoa F\u00edsica<\/a>, por exemplo, n\u00e3o entrar\u00e3o no <a class=\"suno-keyword\" target=\"_blank\" data-force=\"no\" data-priority=\"1\" href=\"https:\/\/www.suno.com.br\/artigos\/curto-prazo\/\" rel=\"noopener\">curto prazo<\/a>, j\u00e1 que ser\u00e3o alvo de uma proposta de reforma que deve ser enviada pelo governo ao Congresso at\u00e9 o fim de mar\u00e7o.<\/p>\n\n\n\n<h2 class=\"wp-block-heading\">Bom pagador<\/h2>\n\n\n\n<p>Al\u00e9m da revis\u00e3o dos benef\u00edcios fiscais, o projeto de lei enviado ao Congresso estabelece novas diretrizes aos programas de conformidade, para premiar os bons pagadores de impostos. Entre as recompensas previstas a esses contribuintes, est\u00e3o a redu\u00e7\u00e3o progressiva no pagamento da Contribui\u00e7\u00e3o Social sobre o <a class=\"suno-keyword\" target=\"_blank\" data-force=\"no\" data-priority=\"1\" href=\"https:\/\/www.suno.com.br\/artigos\/lucro-liquido\/\" rel=\"noopener\">Lucro L\u00edquido<\/a> (CSLL), de at\u00e9 3%, e a possibilidade de autorregula\u00e7\u00e3o em um prazo de 60 dias. H\u00e1 tamb\u00e9m veda\u00e7\u00e3o de arrolamento de bens e prefer\u00eancia em licita\u00e7\u00f5es.<\/p>\n\n\n\n<p>Segundo Barreirinhas, a ideia que norteia o projeto \u00e9 o de uma <strong>Receita Federal<\/strong> que deixa de ser &#8220;punitiva&#8221; para ser &#8220;orientadora&#8221; dos contribuintes. O pr\u00f3ximo passo ser\u00e1 negociar o texto &#8211; que foi enviado com urg\u00eancia constitucional, ou seja, prevendo tramita\u00e7\u00e3o acelerada &#8211; com os parlamentares, que retomam \u00e0s atividades legislativas na pr\u00f3xima semana.<\/p>\n\n\n\n<p><em>*Com Estad\u00e3o Conte\u00fado<\/em><\/p>\n\n\n\t<p>\n\t\t<a href=\"https:\/\/lp.suno.com.br\/planilha-da-vida-financeira\/\" target=\"_blank\" data-element=\"shortcode-suno-banner\" title=\"Banner SUNO, clique e saiba mais\">\n\t\t\t<picture>\n\t\t\t\t<source media=\"(max-width: 500px)\" srcset=\"https:\/\/files.sunoresearch.com.br\/n\/uploads\/2023\/04\/400x300-Planilha-vida-financeira-true.png\">\n\t\t\t\t<img class=\"newsContent__article__imgCapa newsContent__article__imgCapa--banner\"\n\t\t\t\t\tsrc=\"https:\/\/files.sunoresearch.com.br\/n\/uploads\/2023\/04\/1420x240-Planilha-vida-financeira-true.png\"\n\t\t\t\t\tdata-promo-id=\"383123\"\t\t\t\t\t\t\t\t\t\twidth='1420' height='240'\t\t\t\t\talt=\"https:\/\/files.sunoresearch.com.br\/n\/uploads\/2023\/04\/1420x240-Planilha-vida-financeira-true.png\"\n\t\t\t\t>\n\t\t\t<\/picture>\n\t\t<\/a>\n\t<\/p>\n\n\n","protected":false},"excerpt":{"rendered":"<p>A Receita Federal prop\u00f4s a cria\u00e7\u00e3o de um Cadastro Federal do Devedor Contumaz (CFDC) para listar, com base em crit\u00e9rios objetivos, os contribuintes que, de acordo com o \u00f3rg\u00e3o, &#8220;agem de m\u00e1-f\u00e9&#8221; e t\u00eam na inadimpl\u00eancia uma &#8220;estrat\u00e9gia&#8221; de neg\u00f3cio. Fundos da Suno Asset pagam dividendos hoje (23). Foto: Joelfotos\/Pixabay Uma vez inseridos nessa esp\u00e9cie [&hellip;]<\/p>\n","protected":false},"author":43,"featured_media":326292,"comment_status":"closed","ping_status":"closed","sticky":false,"template":"","format":"standard","meta":[],"categories":[62],"tags":[837,847],"suno_strategy":[],"class_list":["post-519627","post","type-post","status-publish","format-standard","has-post-thumbnail","hentry","category-economia","tag-inadimplencia","tag-receita-federal"],"yoast_head":"<!-- This site is optimized with the Yoast SEO plugin v24.4 - https:\/\/yoast.com\/wordpress\/plugins\/seo\/ -->\n<title>Receita Federal criar\u00e1 lista de contribuidores que agem de m\u00e1-f\u00e9<\/title>\n<meta name=\"description\" content=\"A Receita Federal prop\u00f4s a cria\u00e7\u00e3o de um Cadastro Federal do Devedor Contumaz (CFDC), esp\u00e9cie de lista do nome sujo.\" \/>\n<meta name=\"robots\" content=\"index, follow, max-snippet:-1, max-image-preview:large, max-video-preview:-1\" \/>\n<link rel=\"canonical\" href=\"https:\/\/www.suno.com.br\/noticias\/receita-federal-contribuidor-ma-fe-gss\/\" \/>\n<meta property=\"og:locale\" content=\"pt_BR\" \/>\n<meta property=\"og:type\" content=\"article\" \/>\n<meta property=\"og:title\" content=\"Receita Federal criar\u00e1 lista de contribuidores que agem de m\u00e1-f\u00e9\" \/>\n<meta property=\"og:description\" content=\"A Receita Federal prop\u00f4s a cria\u00e7\u00e3o de um Cadastro Federal do Devedor Contumaz (CFDC), esp\u00e9cie de lista do nome sujo.\" \/>\n<meta property=\"og:url\" content=\"https:\/\/www.suno.com.br\/noticias\/receita-federal-contribuidor-ma-fe-gss\/\" \/>\n<meta property=\"og:site_name\" content=\"Suno Not\u00edcias\" \/>\n<meta property=\"article:publisher\" content=\"https:\/\/facebook.com\/sunoresearch\" \/>\n<meta property=\"article:author\" content=\"https:\/\/www.facebook.com\/sunonoticias\/\" \/>\n<meta property=\"og:image\" content=\"https:\/\/files.sunoresearch.com.br\/n\/uploads\/2022\/11\/superavit-primario-dinheiro-moeda-real-economia.jpg\" \/>\n\t<meta property=\"og:image:width\" content=\"1200\" \/>\n\t<meta property=\"og:image:height\" content=\"800\" \/>\n\t<meta property=\"og:image:type\" content=\"image\/jpeg\" \/>\n<meta name=\"author\" content=\"Reda\u00e7\u00e3o Suno Not\u00edcias\" \/>\n<meta name=\"twitter:card\" content=\"summary_large_image\" \/>\n<meta name=\"twitter:creator\" content=\"@https:\/\/twitter.com\/sunoresearch\" \/>\n<meta name=\"twitter:site\" content=\"@sunoresearch\" \/>\n<meta name=\"twitter:label1\" content=\"Escrito por\" \/>\n\t<meta name=\"twitter:data1\" content=\"Reda\u00e7\u00e3o Suno Not\u00edcias\" \/>\n\t<meta name=\"twitter:label2\" content=\"Est. tempo de leitura\" \/>\n\t<meta name=\"twitter:data2\" content=\"7 minutos\" \/>\n<script type=\"application\/ld+json\" class=\"yoast-schema-graph\">{\"@context\":\"https:\/\/schema.org\",\"@graph\":[{\"@type\":\"NewsArticle\",\"@id\":\"https:\/\/www.suno.com.br\/noticias\/receita-federal-contribuidor-ma-fe-gss\/#article\",\"isPartOf\":{\"@id\":\"https:\/\/www.suno.com.br\/noticias\/receita-federal-contribuidor-ma-fe-gss\/\"},\"author\":{\"name\":\"Reda\u00e7\u00e3o Suno Not\u00edcias\",\"@id\":\"https:\/\/www.suno.com.br\/noticias\/#\/schema\/person\/c1b1bd3727fa852bd045e9dbff3673ea\"},\"headline\":\"Receita Federal quer criar lista de nome sujo para contribuidor que age de m\u00e1-f\u00e9\",\"datePublished\":\"2024-02-03T13:33:50+00:00\",\"dateModified\":\"2024-02-03T13:34:11+00:00\",\"mainEntityOfPage\":{\"@id\":\"https:\/\/www.suno.com.br\/noticias\/receita-federal-contribuidor-ma-fe-gss\/\"},\"wordCount\":1336,\"publisher\":{\"@id\":\"https:\/\/www.suno.com.br\/noticias\/#organization\"},\"image\":{\"@id\":\"https:\/\/www.suno.com.br\/noticias\/receita-federal-contribuidor-ma-fe-gss\/#primaryimage\"},\"thumbnailUrl\":\"https:\/\/files.sunoresearch.com.br\/n\/uploads\/2022\/11\/superavit-primario-dinheiro-moeda-real-economia.jpg\",\"keywords\":[\"Inadimpl\u00eancia\",\"Receita Federal\"],\"articleSection\":[\"Economia\"],\"inLanguage\":\"pt-BR\"},{\"@type\":\"WebPage\",\"@id\":\"https:\/\/www.suno.com.br\/noticias\/receita-federal-contribuidor-ma-fe-gss\/\",\"url\":\"https:\/\/www.suno.com.br\/noticias\/receita-federal-contribuidor-ma-fe-gss\/\",\"name\":\"Receita Federal criar\u00e1 lista de contribuidores que agem de m\u00e1-f\u00e9\",\"isPartOf\":{\"@id\":\"https:\/\/www.suno.com.br\/noticias\/#website\"},\"primaryImageOfPage\":{\"@id\":\"https:\/\/www.suno.com.br\/noticias\/receita-federal-contribuidor-ma-fe-gss\/#primaryimage\"},\"image\":{\"@id\":\"https:\/\/www.suno.com.br\/noticias\/receita-federal-contribuidor-ma-fe-gss\/#primaryimage\"},\"thumbnailUrl\":\"https:\/\/files.sunoresearch.com.br\/n\/uploads\/2022\/11\/superavit-primario-dinheiro-moeda-real-economia.jpg\",\"datePublished\":\"2024-02-03T13:33:50+00:00\",\"dateModified\":\"2024-02-03T13:34:11+00:00\",\"description\":\"A Receita Federal prop\u00f4s a cria\u00e7\u00e3o de um Cadastro Federal do Devedor Contumaz (CFDC), esp\u00e9cie de lista do nome sujo.\",\"breadcrumb\":{\"@id\":\"https:\/\/www.suno.com.br\/noticias\/receita-federal-contribuidor-ma-fe-gss\/#breadcrumb\"},\"inLanguage\":\"pt-BR\",\"potentialAction\":[{\"@type\":\"ReadAction\",\"target\":[\"https:\/\/www.suno.com.br\/noticias\/receita-federal-contribuidor-ma-fe-gss\/\"]}]},{\"@type\":\"ImageObject\",\"inLanguage\":\"pt-BR\",\"@id\":\"https:\/\/www.suno.com.br\/noticias\/receita-federal-contribuidor-ma-fe-gss\/#primaryimage\",\"url\":\"https:\/\/files.sunoresearch.com.br\/n\/uploads\/2022\/11\/superavit-primario-dinheiro-moeda-real-economia.jpg\",\"contentUrl\":\"https:\/\/files.sunoresearch.com.br\/n\/uploads\/2022\/11\/superavit-primario-dinheiro-moeda-real-economia.jpg\",\"width\":1200,\"height\":800,\"caption\":\"Fundos da Suno Asset pagam dividendos hoje (23). Foto: Joelfotos\/Pixabay\"},{\"@type\":\"BreadcrumbList\",\"@id\":\"https:\/\/www.suno.com.br\/noticias\/receita-federal-contribuidor-ma-fe-gss\/#breadcrumb\",\"itemListElement\":[{\"@type\":\"ListItem\",\"position\":1,\"name\":\"Not\u00edcias\",\"item\":\"https:\/\/www.suno.com.br\/noticias\/\"},{\"@type\":\"ListItem\",\"position\":2,\"name\":\"Economia\",\"item\":\"https:\/\/www.suno.com.br\/noticias\/economia\/\"},{\"@type\":\"ListItem\",\"position\":3,\"name\":\"Receita Federal quer criar lista de nome sujo para contribuidor que age de m\u00e1-f\u00e9\"}]},{\"@type\":\"WebSite\",\"@id\":\"https:\/\/www.suno.com.br\/noticias\/#website\",\"url\":\"https:\/\/www.suno.com.br\/noticias\/\",\"name\":\"Suno Not\u00edcias\",\"description\":\"Seu portal de informa\u00e7\u00e3o sobre o mundo dos investimentos\",\"publisher\":{\"@id\":\"https:\/\/www.suno.com.br\/noticias\/#organization\"},\"potentialAction\":[{\"@type\":\"SearchAction\",\"target\":{\"@type\":\"EntryPoint\",\"urlTemplate\":\"https:\/\/www.suno.com.br\/noticias\/?s={search_term_string}\"},\"query-input\":{\"@type\":\"PropertyValueSpecification\",\"valueRequired\":true,\"valueName\":\"search_term_string\"}}],\"inLanguage\":\"pt-BR\"},{\"@type\":\"Organization\",\"@id\":\"https:\/\/www.suno.com.br\/noticias\/#organization\",\"name\":\"Suno Not\u00edcias\",\"url\":\"https:\/\/www.suno.com.br\/noticias\/\",\"logo\":{\"@type\":\"ImageObject\",\"inLanguage\":\"pt-BR\",\"@id\":\"https:\/\/www.suno.com.br\/noticias\/#\/schema\/logo\/image\/\",\"url\":\"https:\/\/files.sunoresearch.com.br\/n\/uploads\/2021\/09\/suno-logo.png\",\"contentUrl\":\"https:\/\/files.sunoresearch.com.br\/n\/uploads\/2021\/09\/suno-logo.png\",\"width\":180,\"height\":180,\"caption\":\"Suno Not\u00edcias\"},\"image\":{\"@id\":\"https:\/\/www.suno.com.br\/noticias\/#\/schema\/logo\/image\/\"},\"sameAs\":[\"https:\/\/facebook.com\/sunoresearch\",\"https:\/\/x.com\/sunoresearch\",\"https:\/\/www.instagram.com\/suno\",\"https:\/\/www.linkedin.com\/company\/suno-research\/\",\"https:\/\/www.youtube.com\/c\/sunoresearch\"]},{\"@type\":\"Person\",\"@id\":\"https:\/\/www.suno.com.br\/noticias\/#\/schema\/person\/c1b1bd3727fa852bd045e9dbff3673ea\",\"name\":\"Reda\u00e7\u00e3o Suno Not\u00edcias\",\"image\":{\"@type\":\"ImageObject\",\"inLanguage\":\"pt-BR\",\"@id\":\"https:\/\/www.suno.com.br\/noticias\/#\/schema\/person\/image\/\",\"url\":\"https:\/\/secure.gravatar.com\/avatar\/b8104b9b5a71985d5238ee59fbe418af?s=96&r=g\",\"contentUrl\":\"https:\/\/secure.gravatar.com\/avatar\/b8104b9b5a71985d5238ee59fbe418af?s=96&r=g\",\"caption\":\"Reda\u00e7\u00e3o Suno Not\u00edcias\"},\"description\":\"O Suno Not\u00edcias \u00e9 um portal de informa\u00e7\u00f5es sobre Mercado Financeiro, Pol\u00edtica, Neg\u00f3cios, Economia e Finan\u00e7as Pessoais.\",\"sameAs\":[\"https:\/\/www.suno.com.br\/noticias\",\"https:\/\/www.facebook.com\/sunonoticias\/\",\"https:\/\/www.instagram.com\/sunonoticias\/\",\"https:\/\/x.com\/https:\/\/twitter.com\/sunoresearch\",\"https:\/\/www.youtube.com\/sunonoticias\"],\"url\":\"https:\/\/www.suno.com.br\/noticias\/author\/redacao-suno\/\"}]}<\/script>\n<!-- \/ Yoast SEO plugin. -->","yoast_head_json":{"title":"Receita Federal criar\u00e1 lista de contribuidores que agem de m\u00e1-f\u00e9","description":"A Receita Federal prop\u00f4s a cria\u00e7\u00e3o de um Cadastro Federal do Devedor Contumaz (CFDC), esp\u00e9cie de lista do nome sujo.","robots":{"index":"index","follow":"follow","max-snippet":"max-snippet:-1","max-image-preview":"max-image-preview:large","max-video-preview":"max-video-preview:-1"},"canonical":"https:\/\/www.suno.com.br\/noticias\/receita-federal-contribuidor-ma-fe-gss\/","og_locale":"pt_BR","og_type":"article","og_title":"Receita Federal criar\u00e1 lista de contribuidores que agem de m\u00e1-f\u00e9","og_description":"A Receita Federal prop\u00f4s a cria\u00e7\u00e3o de um Cadastro Federal do Devedor Contumaz (CFDC), esp\u00e9cie de lista do nome sujo.","og_url":"https:\/\/www.suno.com.br\/noticias\/receita-federal-contribuidor-ma-fe-gss\/","og_site_name":"Suno Not\u00edcias","article_publisher":"https:\/\/facebook.com\/sunoresearch","article_author":"https:\/\/www.facebook.com\/sunonoticias\/","og_image":[{"width":1200,"height":800,"url":"https:\/\/files.sunoresearch.com.br\/n\/uploads\/2022\/11\/superavit-primario-dinheiro-moeda-real-economia.jpg","type":"image\/jpeg"}],"author":"Reda\u00e7\u00e3o Suno Not\u00edcias","twitter_card":"summary_large_image","twitter_creator":"@https:\/\/twitter.com\/sunoresearch","twitter_site":"@sunoresearch","twitter_misc":{"Escrito por":"Reda\u00e7\u00e3o Suno Not\u00edcias","Est. tempo de leitura":"7 minutos"},"schema":{"@context":"https:\/\/schema.org","@graph":[{"@type":"NewsArticle","@id":"https:\/\/www.suno.com.br\/noticias\/receita-federal-contribuidor-ma-fe-gss\/#article","isPartOf":{"@id":"https:\/\/www.suno.com.br\/noticias\/receita-federal-contribuidor-ma-fe-gss\/"},"author":{"name":"Reda\u00e7\u00e3o Suno Not\u00edcias","@id":"https:\/\/www.suno.com.br\/noticias\/#\/schema\/person\/c1b1bd3727fa852bd045e9dbff3673ea"},"headline":"Receita Federal quer criar lista de nome sujo para contribuidor que age de m\u00e1-f\u00e9","datePublished":"2024-02-03T13:33:50+00:00","dateModified":"2024-02-03T13:34:11+00:00","mainEntityOfPage":{"@id":"https:\/\/www.suno.com.br\/noticias\/receita-federal-contribuidor-ma-fe-gss\/"},"wordCount":1336,"publisher":{"@id":"https:\/\/www.suno.com.br\/noticias\/#organization"},"image":{"@id":"https:\/\/www.suno.com.br\/noticias\/receita-federal-contribuidor-ma-fe-gss\/#primaryimage"},"thumbnailUrl":"https:\/\/files.sunoresearch.com.br\/n\/uploads\/2022\/11\/superavit-primario-dinheiro-moeda-real-economia.jpg","keywords":["Inadimpl\u00eancia","Receita Federal"],"articleSection":["Economia"],"inLanguage":"pt-BR"},{"@type":"WebPage","@id":"https:\/\/www.suno.com.br\/noticias\/receita-federal-contribuidor-ma-fe-gss\/","url":"https:\/\/www.suno.com.br\/noticias\/receita-federal-contribuidor-ma-fe-gss\/","name":"Receita Federal criar\u00e1 lista de contribuidores que agem de m\u00e1-f\u00e9","isPartOf":{"@id":"https:\/\/www.suno.com.br\/noticias\/#website"},"primaryImageOfPage":{"@id":"https:\/\/www.suno.com.br\/noticias\/receita-federal-contribuidor-ma-fe-gss\/#primaryimage"},"image":{"@id":"https:\/\/www.suno.com.br\/noticias\/receita-federal-contribuidor-ma-fe-gss\/#primaryimage"},"thumbnailUrl":"https:\/\/files.sunoresearch.com.br\/n\/uploads\/2022\/11\/superavit-primario-dinheiro-moeda-real-economia.jpg","datePublished":"2024-02-03T13:33:50+00:00","dateModified":"2024-02-03T13:34:11+00:00","description":"A Receita Federal prop\u00f4s a cria\u00e7\u00e3o de um Cadastro Federal do Devedor Contumaz (CFDC), esp\u00e9cie de lista do nome sujo.","breadcrumb":{"@id":"https:\/\/www.suno.com.br\/noticias\/receita-federal-contribuidor-ma-fe-gss\/#breadcrumb"},"inLanguage":"pt-BR","potentialAction":[{"@type":"ReadAction","target":["https:\/\/www.suno.com.br\/noticias\/receita-federal-contribuidor-ma-fe-gss\/"]}]},{"@type":"ImageObject","inLanguage":"pt-BR","@id":"https:\/\/www.suno.com.br\/noticias\/receita-federal-contribuidor-ma-fe-gss\/#primaryimage","url":"https:\/\/files.sunoresearch.com.br\/n\/uploads\/2022\/11\/superavit-primario-dinheiro-moeda-real-economia.jpg","contentUrl":"https:\/\/files.sunoresearch.com.br\/n\/uploads\/2022\/11\/superavit-primario-dinheiro-moeda-real-economia.jpg","width":1200,"height":800,"caption":"Fundos da Suno Asset pagam dividendos hoje (23). Foto: Joelfotos\/Pixabay"},{"@type":"BreadcrumbList","@id":"https:\/\/www.suno.com.br\/noticias\/receita-federal-contribuidor-ma-fe-gss\/#breadcrumb","itemListElement":[{"@type":"ListItem","position":1,"name":"Not\u00edcias","item":"https:\/\/www.suno.com.br\/noticias\/"},{"@type":"ListItem","position":2,"name":"Economia","item":"https:\/\/www.suno.com.br\/noticias\/economia\/"},{"@type":"ListItem","position":3,"name":"Receita Federal quer criar lista de nome sujo para contribuidor que age de m\u00e1-f\u00e9"}]},{"@type":"WebSite","@id":"https:\/\/www.suno.com.br\/noticias\/#website","url":"https:\/\/www.suno.com.br\/noticias\/","name":"Suno Not\u00edcias","description":"Seu portal de informa\u00e7\u00e3o sobre o mundo dos investimentos","publisher":{"@id":"https:\/\/www.suno.com.br\/noticias\/#organization"},"potentialAction":[{"@type":"SearchAction","target":{"@type":"EntryPoint","urlTemplate":"https:\/\/www.suno.com.br\/noticias\/?s={search_term_string}"},"query-input":{"@type":"PropertyValueSpecification","valueRequired":true,"valueName":"search_term_string"}}],"inLanguage":"pt-BR"},{"@type":"Organization","@id":"https:\/\/www.suno.com.br\/noticias\/#organization","name":"Suno Not\u00edcias","url":"https:\/\/www.suno.com.br\/noticias\/","logo":{"@type":"ImageObject","inLanguage":"pt-BR","@id":"https:\/\/www.suno.com.br\/noticias\/#\/schema\/logo\/image\/","url":"https:\/\/files.sunoresearch.com.br\/n\/uploads\/2021\/09\/suno-logo.png","contentUrl":"https:\/\/files.sunoresearch.com.br\/n\/uploads\/2021\/09\/suno-logo.png","width":180,"height":180,"caption":"Suno Not\u00edcias"},"image":{"@id":"https:\/\/www.suno.com.br\/noticias\/#\/schema\/logo\/image\/"},"sameAs":["https:\/\/facebook.com\/sunoresearch","https:\/\/x.com\/sunoresearch","https:\/\/www.instagram.com\/suno","https:\/\/www.linkedin.com\/company\/suno-research\/","https:\/\/www.youtube.com\/c\/sunoresearch"]},{"@type":"Person","@id":"https:\/\/www.suno.com.br\/noticias\/#\/schema\/person\/c1b1bd3727fa852bd045e9dbff3673ea","name":"Reda\u00e7\u00e3o Suno Not\u00edcias","image":{"@type":"ImageObject","inLanguage":"pt-BR","@id":"https:\/\/www.suno.com.br\/noticias\/#\/schema\/person\/image\/","url":"https:\/\/secure.gravatar.com\/avatar\/b8104b9b5a71985d5238ee59fbe418af?s=96&r=g","contentUrl":"https:\/\/secure.gravatar.com\/avatar\/b8104b9b5a71985d5238ee59fbe418af?s=96&r=g","caption":"Reda\u00e7\u00e3o Suno Not\u00edcias"},"description":"O Suno Not\u00edcias \u00e9 um portal de informa\u00e7\u00f5es sobre Mercado Financeiro, Pol\u00edtica, Neg\u00f3cios, Economia e Finan\u00e7as Pessoais.","sameAs":["https:\/\/www.suno.com.br\/noticias","https:\/\/www.facebook.com\/sunonoticias\/","https:\/\/www.instagram.com\/sunonoticias\/","https:\/\/x.com\/https:\/\/twitter.com\/sunoresearch","https:\/\/www.youtube.com\/sunonoticias"],"url":"https:\/\/www.suno.com.br\/noticias\/author\/redacao-suno\/"}]}},"default_loop_html":"<div class=\"cardsPage__listCard__boxs\"><div class=\"cardsPage__listCard__boxs__img\"><a href=\"https:\/\/www.suno.com.br\/noticias\/receita-federal-contribuidor-ma-fe-gss\/\"><img class=\"mask\" src=\"https:\/\/www.suno.com.br\/noticias\/wp-content\/themes\/suno\/resources\/images\/spotlight\/spotlight1img\/bg-mask.png\" alt=\"Image Mask\"\/><img src=\"https:\/\/files.sunoresearch.com.br\/n\/uploads\/2022\/11\/superavit-primario-dinheiro-moeda-real-economia-400x200.jpg\" alt=\"Receita Federal quer criar lista de nome sujo para contribuidor que age de m\u00e1-f\u00e9\"\/><\/a><span class=\"spotlightCategory\"><a href=\"https:\/\/www.suno.com.br\/noticias\/economia\/\">Economia<\/a><\/span><\/div><div class=\"cardsPage__listCard__boxs__content\"><a href=\"https:\/\/www.suno.com.br\/noticias\/receita-federal-contribuidor-ma-fe-gss\/\"><h2 class=\"content__title\">Receita Federal quer criar lista de nome sujo para contribuidor que age de m\u00e1-f\u00e9<\/h2><\/a><div class=\"newsContent__article__meta\"><div class=\"newsContent__article__meta__authorBox\"><a href=\"https:\/\/www.suno.com.br\/noticias\/author\/redacao-suno\/\" class=\"authorBox__avatar noMobi\"><img src=\"https:\/\/files.sunoresearch.com.br\/n\/uploads\/2020\/08\/0ace682d-redacao-1-150x150.webp\" alt=\"Reda\u00e7\u00e3o Suno Not\u00edcias\"><\/a><div class=\"authorBox__name\"><span>por\n\t\t\t<a href=\"https:\/\/www.suno.com.br\/noticias\/author\/redacao-suno\/\"><span itemprop=\"author\">Reda\u00e7\u00e3o Suno Not\u00edcias<\/span><\/a><\/span><time datetime=\"2024-02-03T10:33:50-03:00\" itemprop=\"datePublished\">03\/02\/2024 10:33<\/time><\/div><\/div><\/div><\/div><\/div>","single_layout":"posts","amp_enabled":true,"_links":{"self":[{"href":"https:\/\/www.suno.com.br\/noticias\/wp-json\/wp\/v2\/posts\/519627"}],"collection":[{"href":"https:\/\/www.suno.com.br\/noticias\/wp-json\/wp\/v2\/posts"}],"about":[{"href":"https:\/\/www.suno.com.br\/noticias\/wp-json\/wp\/v2\/types\/post"}],"author":[{"embeddable":true,"href":"https:\/\/www.suno.com.br\/noticias\/wp-json\/wp\/v2\/users\/43"}],"replies":[{"embeddable":true,"href":"https:\/\/www.suno.com.br\/noticias\/wp-json\/wp\/v2\/comments?post=519627"}],"version-history":[{"count":3,"href":"https:\/\/www.suno.com.br\/noticias\/wp-json\/wp\/v2\/posts\/519627\/revisions"}],"predecessor-version":[{"id":519632,"href":"https:\/\/www.suno.com.br\/noticias\/wp-json\/wp\/v2\/posts\/519627\/revisions\/519632"}],"wp:featuredmedia":[{"embeddable":true,"href":"https:\/\/www.suno.com.br\/noticias\/wp-json\/wp\/v2\/media\/326292"}],"wp:attachment":[{"href":"https:\/\/www.suno.com.br\/noticias\/wp-json\/wp\/v2\/media?parent=519627"}],"wp:term":[{"taxonomy":"category","embeddable":true,"href":"https:\/\/www.suno.com.br\/noticias\/wp-json\/wp\/v2\/categories?post=519627"},{"taxonomy":"post_tag","embeddable":true,"href":"https:\/\/www.suno.com.br\/noticias\/wp-json\/wp\/v2\/tags?post=519627"},{"taxonomy":"suno_strategy","embeddable":true,"href":"https:\/\/www.suno.com.br\/noticias\/wp-json\/wp\/v2\/suno_strategy?post=519627"}],"curies":[{"name":"wp","href":"https:\/\/api.w.org\/{rel}","templated":true}]}}