{"id":519604,"date":"2024-02-02T21:29:38","date_gmt":"2024-02-03T00:29:38","guid":{"rendered":"https:\/\/www.suno.com.br\/noticias\/?p=519604"},"modified":"2024-02-02T21:47:50","modified_gmt":"2024-02-03T00:47:50","slug":"acoes-cielo-ciel3-esta-barata-btg-pactual-jvj","status":"publish","type":"post","link":"https:\/\/www.suno.com.br\/noticias\/acoes-cielo-ciel3-esta-barata-btg-pactual-jvj\/","title":{"rendered":"Cielo (CIEL3) ainda est\u00e1 barata, mas &#8220;entusiasmo&#8221; pelas a\u00e7\u00f5es agora \u00e9 menor, diz BTG"},"content":{"rendered":"<p>O BTG Pactual reiterou a sua recomenda\u00e7\u00e3o de compra para as a\u00e7\u00f5es da <a class=\"suno-keyword\" data-force=\"yes\" data-priority=\"2\" href=\"https:\/\/www.suno.com.br\/acoes\/CIEL3\/\" target=\"_blank\" rel=\"noopener\"><strong>Cielo<\/strong> (CIEL3)<\/a>, cujo pre\u00e7o-alvo \u00e9 de R$ 5,50 para at\u00e9 o encerramento de 2024.<\/p>\t<div class=\"wrapper-featured-image\">\n\t\t<figure class=\"spotlightImg\">\n\n\t\t\t<picture>\n\t\t\t\t<source media=\"(max-width: 768px)\" srcset=\"https:\/\/files.sunoresearch.com.br\/n\/uploads\/2019\/09\/60fb7999-cielo-400x200.webp\">\n\t\t\t\t<img loading=\"lazy\" decoding=\"async\" class=\"newsContent__article__imgCapa lazyloadDisabled \" src=\"https:\/\/files.sunoresearch.com.br\/n\/uploads\/2019\/09\/60fb7999-cielo-800x450.webp\" width=\"800\" height=\"450\" alt=\"Cielo (CIEL3) ainda est\u00e1 barata, mas &#8220;entusiasmo&#8221; pelas a\u00e7\u00f5es agora \u00e9 menor, diz BTG\" fetchpriority=high \/>\n\t\t\t<\/picture>\n\n\t\t\t<figcaption class=\"wp-caption-text wp-caption-text--show\">Cielo (CIEL3). - Foto: Divulga\u00e7\u00e3o<\/figcaption>\n\t\t<\/figure>\n\t<\/div>\n\n\n\n\n\n\t<p>\n\t\t<a href=\"https:\/\/lp.suno.com.br\/ebook-como-analisar-uma-acao\/\" target=\"_blank\" data-element=\"shortcode-suno-banner\" title=\"Banner SUNO, clique e saiba mais\">\n\t\t\t<picture>\n\t\t\t\t<source media=\"(max-width: 500px)\" srcset=\"https:\/\/files.sunoresearch.com.br\/n\/uploads\/2023\/12\/Ebook-Acoes-Mobile.jpg\">\n\t\t\t\t<img class=\"newsContent__article__imgCapa newsContent__article__imgCapa--banner\"\n\t\t\t\t\tsrc=\"https:\/\/files.sunoresearch.com.br\/n\/uploads\/2023\/12\/Ebook-Acoes-Desktop.webp\"\n\t\t\t\t\tdata-promo-id=\"311260\"\t\t\t\t\t\t\t\t\t\twidth='1420' height='286'\t\t\t\t\talt=\"https:\/\/files.sunoresearch.com.br\/n\/uploads\/2023\/12\/Ebook-Acoes-Desktop.webp\"\n\t\t\t\t>\n\t\t\t<\/picture>\n\t\t<\/a>\n\t<\/p>\n\n\n\n\n\n<p>Assim, as <strong>a\u00e7\u00f5es da Cielo<\/strong> teriam uma potencial de valoriza\u00e7\u00e3o de 11,3%, de acordo com o pre\u00e7o-alvo colocado pelo BTG Pactual e a cota\u00e7\u00e3o de R$ 4,94 ao final do preg\u00e3o desta sexta-feira (2).<\/p>\n\n\n\n<p>Embora o BTG ainda esteja otimista em rela\u00e7\u00e3o \u00e0 Cielo at\u00e9 o final de 2024, os analistas da casa chamam a aten\u00e7\u00e3o para o fato de o papel ter registrado uma valoriza\u00e7\u00e3o de 25% entre os meses de dezembro de 2023 e janeiro deste ano, o que diminui o &#8220;entusiasmo&#8221; pelas a\u00e7\u00f5es.<\/p>\n\n\n\t<div data-element=\"shortcode-read-more\" class=\"knowMore\">\n\t\t\t\t<span class=\"knowMore__title\">Leia mais<\/span>\n\t\t\t\t<a class=\"knowMore__link\" href=\"https:\/\/www.suno.com.br\/noticias\/petrobras-petr4-recorde-valor-de-mercado-2024-evm\/\">\n\t\t\tPetrobras (PETR4) chega a valor de mercado recorde de R$ 552 bilh\u00f5es\t\t<\/a>\n\t<\/div>\n\n\n\n\n<p>Justamente por causa dessa forte alta, o BTG decidiu tirar a <strong>a\u00e7\u00e3o da Cielo<\/strong> da sua <a class=\"suno-keyword\" data-force=\"no\" data-priority=\"1\" href=\"https:\/\/www.suno.com.br\/artigos\/carteira-recomendada\/\" target=\"_blank\" rel=\"noopener\">carteira recomendada<\/a> para o m\u00eas de fevereiro. Isso porque os analistas est\u00e3o atentos a uma poss\u00edvel corre\u00e7\u00e3o de pre\u00e7o, \u00e0s v\u00e9speras do novo an\u00fancio de resultados da companhia, referente ao quarto trimestre de 2023 (4T23).<\/p>\n\n\n\n<h2 class=\"wp-block-heading\"><a><\/a>Cielo ainda est\u00e1 barata, segundo o BTG<\/h2>\n\n\n\n<p>A expectativa \u00e9 de que os <strong>resultados da Cielo<\/strong> sejam anunciados no dia 5 de fevereiro de 2024, pr\u00f3xima segunda-feira.<\/p>\n\n\n\n<p>Mesmo com a valoriza\u00e7\u00e3o registrada nos \u00faltimos meses, a <strong>a\u00e7\u00e3o CIEL3<\/strong> estaria barata na vis\u00e3o dos analistas do BTG, considerando o pre\u00e7o e m\u00faltiplos atuais, que tamb\u00e9m s\u00e3o considerados atrativos.<\/p>\n\n\n\n<p>A observa\u00e7\u00e3o \u00e9 de que a companhia ainda tenha possibilidade de pagar mais <a class=\"suno-keyword\" target=\"_blank\" data-force=\"no\" data-priority=\"1\" href=\"https:\/\/www.suno.com.br\/guias\/dividendos\/\" rel=\"noopener\">dividendos<\/a> ou distribuir recursos por meio de <a class=\"suno-keyword\" target=\"_blank\" data-force=\"no\" data-priority=\"1\" href=\"https:\/\/www.suno.com.br\/artigos\/recompra-de-acoes\/\" rel=\"noopener\">recompra de a\u00e7\u00f5es<\/a>, aderindo a uma estrat\u00e9gia menos conservadora.<\/p>\n\n\n\n<p>\u201cCaso a Cielo decida aumentar seu payout e\/ou adotar uma abordagem menos conservadora em seu gerenciamento de capital\/caixa, mais vantagens podem surgir\u201d, dizem os especialistas.<\/p>\n\n\n\n<p>Isso porque a press\u00e3o em rela\u00e7\u00e3o aos pre\u00e7os de seus pares se tornou um receio menor no momento, conforme enxerga Eduardo Rosman e a equipe de especialistas.<\/p>\n\n\n\n<p>Em seu relat\u00f3rio, os <strong>analistas do BTG<\/strong> tamb\u00e9m destacam a possibilidade de a Cielo ter uma posi\u00e7\u00e3o mais agressiva quando comparada aos seus concorrentes no gerenciamento de passivos e ativos, em virtude de ser uma empresa controlada por <a class=\"suno-keyword\" target=\"_blank\" data-force=\"yes\" data-priority=\"2\" href=\"https:\/\/www.suno.com.br\/acoes\/BBAS3\/\" rel=\"noopener\">Banco do Brasil (BBAS3)<\/a> e <a class=\"suno-keyword\" target=\"_blank\" data-force=\"yes\" data-priority=\"2\" href=\"https:\/\/www.suno.com.br\/acoes\/BBDC4\/\" rel=\"noopener\">Bradesco (BBDC4)<\/a>.<\/p>\n\n\n\n<p>\u201cSe a Cielo precisar de uma linha de financiamento, dever\u00e1 ter acesso f\u00e1cil e barato\u201d, aponta o relat\u00f3rio.<\/p>\n\n\n\n<p>A recomenda\u00e7\u00e3o de compra para a\u00e7\u00f5es da <strong>Cielo <\/strong>\u00e9 mantida pelo BTG mesmo com a alta registrada recentemente, sobretudo por acreditar que a companhia ainda oferece fundamentos atrativos.<\/p>\n\n\n\t<p>\n\t\t<a href=\"https:\/\/lp2.suno.com.br\/cl\/black-friday-2025\/?utm_campaign=_SNCDF0E4858_\" target=\"_blank\" data-element=\"shortcode-suno-banner\" title=\"Banner SUNO, clique e saiba mais\">\n\t\t\t<picture>\n\t\t\t\t<source media=\"(max-width: 500px)\" srcset=\"https:\/\/files.sunoresearch.com.br\/n\/uploads\/2025\/10\/Artigos-e-Noticias-Banner-Home-artigos-01-Mobile_-400x300-1-png.webp\">\n\t\t\t\t<img class=\"newsContent__article__imgCapa newsContent__article__imgCapa--banner\"\n\t\t\t\t\tsrc=\"https:\/\/files.sunoresearch.com.br\/n\/uploads\/2025\/10\/Artigos-e-Noticias-Banner-Home-artigos-01-Desktop_-1420x240-1-png.webp\"\n\t\t\t\t\tdata-promo-id=\"311259\"\t\t\t\t\t\t\t\t\t\twidth='1420' height='240'\t\t\t\t\talt=\"https:\/\/files.sunoresearch.com.br\/n\/uploads\/2025\/10\/Artigos-e-Noticias-Banner-Home-artigos-01-Desktop_-1420x240-1-png.webp\"\n\t\t\t\t>\n\t\t\t<\/picture>\n\t\t<\/a>\n\t<\/p>\n\n\n","protected":false},"excerpt":{"rendered":"<p>O BTG Pactual reiterou a sua recomenda\u00e7\u00e3o de compra para as a\u00e7\u00f5es da Cielo (CIEL3), cujo pre\u00e7o-alvo \u00e9 de R$ 5,50 para at\u00e9 o encerramento de 2024. Cielo (CIEL3). &#8211; Foto: Divulga\u00e7\u00e3o Assim, as a\u00e7\u00f5es da Cielo teriam uma potencial de valoriza\u00e7\u00e3o de 11,3%, de acordo com o pre\u00e7o-alvo colocado pelo BTG Pactual e a [&hellip;]<\/p>\n","protected":false},"author":173,"featured_media":38318,"comment_status":"closed","ping_status":"closed","sticky":false,"template":"","format":"standard","meta":[],"categories":[64],"tags":[286,399,423],"suno_strategy":[],"class_list":["post-519604","post","type-post","status-publish","format-standard","has-post-thumbnail","hentry","category-negocios","tag-acoes","tag-btg-pactual-bpac11-bpac3-bpac5","tag-cielo-ciel3"],"yoast_head":"<!-- This site is optimized with the Yoast SEO plugin v24.4 - https:\/\/yoast.com\/wordpress\/plugins\/seo\/ -->\n<title>Cielo (CIEL3) est\u00e1 barata, mas &quot;entusiasmo&quot; \u00e9 menor, diz BTG<\/title>\n<meta name=\"description\" content=\"As a\u00e7\u00f5es da Cielo (CIEL3) ainda est\u00e3o baratas, mas o &quot;entusiasmo&quot; pelos pap\u00e9is agora \u00e9 menor, segundo o BTG. Veja por quais motivos.\" \/>\n<meta name=\"robots\" content=\"index, follow, max-snippet:-1, max-image-preview:large, max-video-preview:-1\" \/>\n<link rel=\"canonical\" href=\"https:\/\/www.suno.com.br\/noticias\/acoes-cielo-ciel3-esta-barata-btg-pactual-jvj\/\" \/>\n<meta property=\"og:locale\" content=\"pt_BR\" \/>\n<meta property=\"og:type\" content=\"article\" \/>\n<meta property=\"og:title\" content=\"Cielo (CIEL3) est\u00e1 barata, mas &quot;entusiasmo&quot; \u00e9 menor, diz BTG\" \/>\n<meta property=\"og:description\" content=\"As a\u00e7\u00f5es da Cielo (CIEL3) ainda est\u00e3o baratas, mas o &quot;entusiasmo&quot; pelos pap\u00e9is agora \u00e9 menor, segundo o BTG. Veja por quais motivos.\" \/>\n<meta property=\"og:url\" content=\"https:\/\/www.suno.com.br\/noticias\/acoes-cielo-ciel3-esta-barata-btg-pactual-jvj\/\" \/>\n<meta property=\"og:site_name\" content=\"Suno Not\u00edcias\" \/>\n<meta property=\"article:publisher\" content=\"https:\/\/facebook.com\/sunoresearch\" \/>\n<meta property=\"og:image\" content=\"https:\/\/files.sunoresearch.com.br\/n\/uploads\/2019\/09\/60fb7999-cielo.jpg\" \/>\n\t<meta property=\"og:image:width\" content=\"1920\" \/>\n\t<meta property=\"og:image:height\" content=\"1280\" \/>\n\t<meta property=\"og:image:type\" content=\"image\/jpeg\" \/>\n<meta name=\"author\" content=\"Jo\u00e3o Vitor\" \/>\n<meta name=\"twitter:card\" content=\"summary_large_image\" \/>\n<meta name=\"twitter:creator\" content=\"@sunoresearch\" \/>\n<meta name=\"twitter:site\" content=\"@sunoresearch\" \/>\n<meta name=\"twitter:label1\" content=\"Escrito por\" \/>\n\t<meta name=\"twitter:data1\" content=\"Jo\u00e3o Vitor\" \/>\n\t<meta name=\"twitter:label2\" content=\"Est. tempo de leitura\" \/>\n\t<meta name=\"twitter:data2\" content=\"3 minutos\" \/>\n<script type=\"application\/ld+json\" class=\"yoast-schema-graph\">{\"@context\":\"https:\/\/schema.org\",\"@graph\":[{\"@type\":\"NewsArticle\",\"@id\":\"https:\/\/www.suno.com.br\/noticias\/acoes-cielo-ciel3-esta-barata-btg-pactual-jvj\/#article\",\"isPartOf\":{\"@id\":\"https:\/\/www.suno.com.br\/noticias\/acoes-cielo-ciel3-esta-barata-btg-pactual-jvj\/\"},\"author\":{\"name\":\"Jo\u00e3o Vitor\",\"@id\":\"https:\/\/www.suno.com.br\/noticias\/#\/schema\/person\/87fc6973867c52dd884811905c43afba\"},\"headline\":\"Cielo (CIEL3) ainda est\u00e1 barata, mas &#8220;entusiasmo&#8221; pelas a\u00e7\u00f5es agora \u00e9 menor, diz BTG\",\"datePublished\":\"2024-02-03T00:29:38+00:00\",\"dateModified\":\"2024-02-03T00:47:50+00:00\",\"mainEntityOfPage\":{\"@id\":\"https:\/\/www.suno.com.br\/noticias\/acoes-cielo-ciel3-esta-barata-btg-pactual-jvj\/\"},\"wordCount\":440,\"publisher\":{\"@id\":\"https:\/\/www.suno.com.br\/noticias\/#organization\"},\"image\":{\"@id\":\"https:\/\/www.suno.com.br\/noticias\/acoes-cielo-ciel3-esta-barata-btg-pactual-jvj\/#primaryimage\"},\"thumbnailUrl\":\"https:\/\/files.sunoresearch.com.br\/n\/uploads\/2019\/09\/60fb7999-cielo-jpg.webp\",\"keywords\":[\"A\u00e7\u00f5es\",\"BTG Pactual (BPAC11\/BPAC3\/BPAC5)\",\"Cielo (CIEL3)\"],\"articleSection\":[\"Neg\u00f3cios\"],\"inLanguage\":\"pt-BR\"},{\"@type\":\"WebPage\",\"@id\":\"https:\/\/www.suno.com.br\/noticias\/acoes-cielo-ciel3-esta-barata-btg-pactual-jvj\/\",\"url\":\"https:\/\/www.suno.com.br\/noticias\/acoes-cielo-ciel3-esta-barata-btg-pactual-jvj\/\",\"name\":\"Cielo (CIEL3) est\u00e1 barata, mas \\\"entusiasmo\\\" \u00e9 menor, diz BTG\",\"isPartOf\":{\"@id\":\"https:\/\/www.suno.com.br\/noticias\/#website\"},\"primaryImageOfPage\":{\"@id\":\"https:\/\/www.suno.com.br\/noticias\/acoes-cielo-ciel3-esta-barata-btg-pactual-jvj\/#primaryimage\"},\"image\":{\"@id\":\"https:\/\/www.suno.com.br\/noticias\/acoes-cielo-ciel3-esta-barata-btg-pactual-jvj\/#primaryimage\"},\"thumbnailUrl\":\"https:\/\/files.sunoresearch.com.br\/n\/uploads\/2019\/09\/60fb7999-cielo-jpg.webp\",\"datePublished\":\"2024-02-03T00:29:38+00:00\",\"dateModified\":\"2024-02-03T00:47:50+00:00\",\"description\":\"As a\u00e7\u00f5es da Cielo (CIEL3) ainda est\u00e3o baratas, mas o \\\"entusiasmo\\\" pelos pap\u00e9is agora \u00e9 menor, segundo o BTG. Veja por quais motivos.\",\"breadcrumb\":{\"@id\":\"https:\/\/www.suno.com.br\/noticias\/acoes-cielo-ciel3-esta-barata-btg-pactual-jvj\/#breadcrumb\"},\"inLanguage\":\"pt-BR\",\"potentialAction\":[{\"@type\":\"ReadAction\",\"target\":[\"https:\/\/www.suno.com.br\/noticias\/acoes-cielo-ciel3-esta-barata-btg-pactual-jvj\/\"]}]},{\"@type\":\"ImageObject\",\"inLanguage\":\"pt-BR\",\"@id\":\"https:\/\/www.suno.com.br\/noticias\/acoes-cielo-ciel3-esta-barata-btg-pactual-jvj\/#primaryimage\",\"url\":\"https:\/\/files.sunoresearch.com.br\/n\/uploads\/2019\/09\/60fb7999-cielo-jpg.webp\",\"contentUrl\":\"https:\/\/files.sunoresearch.com.br\/n\/uploads\/2019\/09\/60fb7999-cielo-jpg.webp\",\"width\":1920,\"height\":1280,\"caption\":\"Cielo (CIEL3). - Foto: Divulga\u00e7\u00e3o\"},{\"@type\":\"BreadcrumbList\",\"@id\":\"https:\/\/www.suno.com.br\/noticias\/acoes-cielo-ciel3-esta-barata-btg-pactual-jvj\/#breadcrumb\",\"itemListElement\":[{\"@type\":\"ListItem\",\"position\":1,\"name\":\"Not\u00edcias\",\"item\":\"https:\/\/www.suno.com.br\/noticias\/\"},{\"@type\":\"ListItem\",\"position\":2,\"name\":\"Neg\u00f3cios\",\"item\":\"https:\/\/www.suno.com.br\/noticias\/negocios\/\"},{\"@type\":\"ListItem\",\"position\":3,\"name\":\"Cielo (CIEL3) ainda est\u00e1 barata, mas &#8220;entusiasmo&#8221; pelas a\u00e7\u00f5es agora \u00e9 menor, diz BTG\"}]},{\"@type\":\"WebSite\",\"@id\":\"https:\/\/www.suno.com.br\/noticias\/#website\",\"url\":\"https:\/\/www.suno.com.br\/noticias\/\",\"name\":\"Suno Not\u00edcias\",\"description\":\"Seu portal de informa\u00e7\u00e3o sobre o mundo dos investimentos\",\"publisher\":{\"@id\":\"https:\/\/www.suno.com.br\/noticias\/#organization\"},\"potentialAction\":[{\"@type\":\"SearchAction\",\"target\":{\"@type\":\"EntryPoint\",\"urlTemplate\":\"https:\/\/www.suno.com.br\/noticias\/?s={search_term_string}\"},\"query-input\":{\"@type\":\"PropertyValueSpecification\",\"valueRequired\":true,\"valueName\":\"search_term_string\"}}],\"inLanguage\":\"pt-BR\"},{\"@type\":\"Organization\",\"@id\":\"https:\/\/www.suno.com.br\/noticias\/#organization\",\"name\":\"Suno Not\u00edcias\",\"url\":\"https:\/\/www.suno.com.br\/noticias\/\",\"logo\":{\"@type\":\"ImageObject\",\"inLanguage\":\"pt-BR\",\"@id\":\"https:\/\/www.suno.com.br\/noticias\/#\/schema\/logo\/image\/\",\"url\":\"https:\/\/files.sunoresearch.com.br\/n\/uploads\/2021\/09\/suno-logo.png\",\"contentUrl\":\"https:\/\/files.sunoresearch.com.br\/n\/uploads\/2021\/09\/suno-logo.png\",\"width\":180,\"height\":180,\"caption\":\"Suno Not\u00edcias\"},\"image\":{\"@id\":\"https:\/\/www.suno.com.br\/noticias\/#\/schema\/logo\/image\/\"},\"sameAs\":[\"https:\/\/facebook.com\/sunoresearch\",\"https:\/\/x.com\/sunoresearch\",\"https:\/\/www.instagram.com\/suno\",\"https:\/\/www.linkedin.com\/company\/suno-research\/\",\"https:\/\/www.youtube.com\/c\/sunoresearch\"]},{\"@type\":\"Person\",\"@id\":\"https:\/\/www.suno.com.br\/noticias\/#\/schema\/person\/87fc6973867c52dd884811905c43afba\",\"name\":\"Jo\u00e3o Vitor\",\"image\":{\"@type\":\"ImageObject\",\"inLanguage\":\"pt-BR\",\"@id\":\"https:\/\/www.suno.com.br\/noticias\/#\/schema\/person\/image\/\",\"url\":\"https:\/\/secure.gravatar.com\/avatar\/2843227ca03ccf8cc7ccca45204c127e?s=96&r=g\",\"contentUrl\":\"https:\/\/secure.gravatar.com\/avatar\/2843227ca03ccf8cc7ccca45204c127e?s=96&r=g\",\"caption\":\"Jo\u00e3o Vitor\"},\"description\":\"Redator profissional, com atua\u00e7\u00e3o no mercado editorial na produ\u00e7\u00e3o de not\u00edcias e conte\u00fados sobre o mercado de a\u00e7\u00f5es, fundos imobili\u00e1rios e economia popular. Graduando em Engenharia Qu\u00edmica pela Unesp, tamb\u00e9m j\u00e1 atuou como consultor financeiro.\",\"url\":\"https:\/\/www.suno.com.br\/noticias\/author\/joao-vitor-jacintho\/\"}]}<\/script>\n<!-- \/ Yoast SEO plugin. -->","yoast_head_json":{"title":"Cielo (CIEL3) est\u00e1 barata, mas \"entusiasmo\" \u00e9 menor, diz BTG","description":"As a\u00e7\u00f5es da Cielo (CIEL3) ainda est\u00e3o baratas, mas o \"entusiasmo\" pelos pap\u00e9is agora \u00e9 menor, segundo o BTG. Veja por quais motivos.","robots":{"index":"index","follow":"follow","max-snippet":"max-snippet:-1","max-image-preview":"max-image-preview:large","max-video-preview":"max-video-preview:-1"},"canonical":"https:\/\/www.suno.com.br\/noticias\/acoes-cielo-ciel3-esta-barata-btg-pactual-jvj\/","og_locale":"pt_BR","og_type":"article","og_title":"Cielo (CIEL3) est\u00e1 barata, mas \"entusiasmo\" \u00e9 menor, diz BTG","og_description":"As a\u00e7\u00f5es da Cielo (CIEL3) ainda est\u00e3o baratas, mas o \"entusiasmo\" pelos pap\u00e9is agora \u00e9 menor, segundo o BTG. Veja por quais motivos.","og_url":"https:\/\/www.suno.com.br\/noticias\/acoes-cielo-ciel3-esta-barata-btg-pactual-jvj\/","og_site_name":"Suno Not\u00edcias","article_publisher":"https:\/\/facebook.com\/sunoresearch","og_image":[{"width":1920,"height":1280,"url":"https:\/\/files.sunoresearch.com.br\/n\/uploads\/2019\/09\/60fb7999-cielo.jpg","type":"image\/jpeg"}],"author":"Jo\u00e3o Vitor","twitter_card":"summary_large_image","twitter_creator":"@sunoresearch","twitter_site":"@sunoresearch","twitter_misc":{"Escrito por":"Jo\u00e3o Vitor","Est. tempo de leitura":"3 minutos"},"schema":{"@context":"https:\/\/schema.org","@graph":[{"@type":"NewsArticle","@id":"https:\/\/www.suno.com.br\/noticias\/acoes-cielo-ciel3-esta-barata-btg-pactual-jvj\/#article","isPartOf":{"@id":"https:\/\/www.suno.com.br\/noticias\/acoes-cielo-ciel3-esta-barata-btg-pactual-jvj\/"},"author":{"name":"Jo\u00e3o Vitor","@id":"https:\/\/www.suno.com.br\/noticias\/#\/schema\/person\/87fc6973867c52dd884811905c43afba"},"headline":"Cielo (CIEL3) ainda est\u00e1 barata, mas &#8220;entusiasmo&#8221; pelas a\u00e7\u00f5es agora \u00e9 menor, diz BTG","datePublished":"2024-02-03T00:29:38+00:00","dateModified":"2024-02-03T00:47:50+00:00","mainEntityOfPage":{"@id":"https:\/\/www.suno.com.br\/noticias\/acoes-cielo-ciel3-esta-barata-btg-pactual-jvj\/"},"wordCount":440,"publisher":{"@id":"https:\/\/www.suno.com.br\/noticias\/#organization"},"image":{"@id":"https:\/\/www.suno.com.br\/noticias\/acoes-cielo-ciel3-esta-barata-btg-pactual-jvj\/#primaryimage"},"thumbnailUrl":"https:\/\/files.sunoresearch.com.br\/n\/uploads\/2019\/09\/60fb7999-cielo-jpg.webp","keywords":["A\u00e7\u00f5es","BTG Pactual (BPAC11\/BPAC3\/BPAC5)","Cielo (CIEL3)"],"articleSection":["Neg\u00f3cios"],"inLanguage":"pt-BR"},{"@type":"WebPage","@id":"https:\/\/www.suno.com.br\/noticias\/acoes-cielo-ciel3-esta-barata-btg-pactual-jvj\/","url":"https:\/\/www.suno.com.br\/noticias\/acoes-cielo-ciel3-esta-barata-btg-pactual-jvj\/","name":"Cielo (CIEL3) est\u00e1 barata, mas \"entusiasmo\" \u00e9 menor, diz BTG","isPartOf":{"@id":"https:\/\/www.suno.com.br\/noticias\/#website"},"primaryImageOfPage":{"@id":"https:\/\/www.suno.com.br\/noticias\/acoes-cielo-ciel3-esta-barata-btg-pactual-jvj\/#primaryimage"},"image":{"@id":"https:\/\/www.suno.com.br\/noticias\/acoes-cielo-ciel3-esta-barata-btg-pactual-jvj\/#primaryimage"},"thumbnailUrl":"https:\/\/files.sunoresearch.com.br\/n\/uploads\/2019\/09\/60fb7999-cielo-jpg.webp","datePublished":"2024-02-03T00:29:38+00:00","dateModified":"2024-02-03T00:47:50+00:00","description":"As a\u00e7\u00f5es da Cielo (CIEL3) ainda est\u00e3o baratas, mas o \"entusiasmo\" pelos pap\u00e9is agora \u00e9 menor, segundo o BTG. Veja por quais motivos.","breadcrumb":{"@id":"https:\/\/www.suno.com.br\/noticias\/acoes-cielo-ciel3-esta-barata-btg-pactual-jvj\/#breadcrumb"},"inLanguage":"pt-BR","potentialAction":[{"@type":"ReadAction","target":["https:\/\/www.suno.com.br\/noticias\/acoes-cielo-ciel3-esta-barata-btg-pactual-jvj\/"]}]},{"@type":"ImageObject","inLanguage":"pt-BR","@id":"https:\/\/www.suno.com.br\/noticias\/acoes-cielo-ciel3-esta-barata-btg-pactual-jvj\/#primaryimage","url":"https:\/\/files.sunoresearch.com.br\/n\/uploads\/2019\/09\/60fb7999-cielo-jpg.webp","contentUrl":"https:\/\/files.sunoresearch.com.br\/n\/uploads\/2019\/09\/60fb7999-cielo-jpg.webp","width":1920,"height":1280,"caption":"Cielo (CIEL3). - Foto: Divulga\u00e7\u00e3o"},{"@type":"BreadcrumbList","@id":"https:\/\/www.suno.com.br\/noticias\/acoes-cielo-ciel3-esta-barata-btg-pactual-jvj\/#breadcrumb","itemListElement":[{"@type":"ListItem","position":1,"name":"Not\u00edcias","item":"https:\/\/www.suno.com.br\/noticias\/"},{"@type":"ListItem","position":2,"name":"Neg\u00f3cios","item":"https:\/\/www.suno.com.br\/noticias\/negocios\/"},{"@type":"ListItem","position":3,"name":"Cielo (CIEL3) ainda est\u00e1 barata, mas &#8220;entusiasmo&#8221; pelas a\u00e7\u00f5es agora \u00e9 menor, diz BTG"}]},{"@type":"WebSite","@id":"https:\/\/www.suno.com.br\/noticias\/#website","url":"https:\/\/www.suno.com.br\/noticias\/","name":"Suno Not\u00edcias","description":"Seu portal de informa\u00e7\u00e3o sobre o mundo dos investimentos","publisher":{"@id":"https:\/\/www.suno.com.br\/noticias\/#organization"},"potentialAction":[{"@type":"SearchAction","target":{"@type":"EntryPoint","urlTemplate":"https:\/\/www.suno.com.br\/noticias\/?s={search_term_string}"},"query-input":{"@type":"PropertyValueSpecification","valueRequired":true,"valueName":"search_term_string"}}],"inLanguage":"pt-BR"},{"@type":"Organization","@id":"https:\/\/www.suno.com.br\/noticias\/#organization","name":"Suno Not\u00edcias","url":"https:\/\/www.suno.com.br\/noticias\/","logo":{"@type":"ImageObject","inLanguage":"pt-BR","@id":"https:\/\/www.suno.com.br\/noticias\/#\/schema\/logo\/image\/","url":"https:\/\/files.sunoresearch.com.br\/n\/uploads\/2021\/09\/suno-logo.png","contentUrl":"https:\/\/files.sunoresearch.com.br\/n\/uploads\/2021\/09\/suno-logo.png","width":180,"height":180,"caption":"Suno Not\u00edcias"},"image":{"@id":"https:\/\/www.suno.com.br\/noticias\/#\/schema\/logo\/image\/"},"sameAs":["https:\/\/facebook.com\/sunoresearch","https:\/\/x.com\/sunoresearch","https:\/\/www.instagram.com\/suno","https:\/\/www.linkedin.com\/company\/suno-research\/","https:\/\/www.youtube.com\/c\/sunoresearch"]},{"@type":"Person","@id":"https:\/\/www.suno.com.br\/noticias\/#\/schema\/person\/87fc6973867c52dd884811905c43afba","name":"Jo\u00e3o Vitor","image":{"@type":"ImageObject","inLanguage":"pt-BR","@id":"https:\/\/www.suno.com.br\/noticias\/#\/schema\/person\/image\/","url":"https:\/\/secure.gravatar.com\/avatar\/2843227ca03ccf8cc7ccca45204c127e?s=96&r=g","contentUrl":"https:\/\/secure.gravatar.com\/avatar\/2843227ca03ccf8cc7ccca45204c127e?s=96&r=g","caption":"Jo\u00e3o Vitor"},"description":"Redator profissional, com atua\u00e7\u00e3o no mercado editorial na produ\u00e7\u00e3o de not\u00edcias e conte\u00fados sobre o mercado de a\u00e7\u00f5es, fundos imobili\u00e1rios e economia popular. Graduando em Engenharia Qu\u00edmica pela Unesp, tamb\u00e9m j\u00e1 atuou como consultor financeiro.","url":"https:\/\/www.suno.com.br\/noticias\/author\/joao-vitor-jacintho\/"}]}},"default_loop_html":"<div class=\"cardsPage__listCard__boxs\"><div class=\"cardsPage__listCard__boxs__img\"><a href=\"https:\/\/www.suno.com.br\/noticias\/acoes-cielo-ciel3-esta-barata-btg-pactual-jvj\/\"><img class=\"mask\" src=\"https:\/\/www.suno.com.br\/noticias\/wp-content\/themes\/suno\/resources\/images\/spotlight\/spotlight1img\/bg-mask.png\" alt=\"Image Mask\"\/><img src=\"https:\/\/files.sunoresearch.com.br\/n\/uploads\/2019\/09\/60fb7999-cielo-400x200.webp\" alt=\"Cielo (CIEL3) ainda est\u00e1 barata, mas &#8220;entusiasmo&#8221; pelas a\u00e7\u00f5es agora \u00e9 menor, diz BTG\"\/><\/a><span class=\"spotlightCategory\"><a href=\"https:\/\/www.suno.com.br\/noticias\/negocios\/\">Neg\u00f3cios<\/a><\/span><\/div><div class=\"cardsPage__listCard__boxs__content\"><a href=\"https:\/\/www.suno.com.br\/noticias\/acoes-cielo-ciel3-esta-barata-btg-pactual-jvj\/\"><h2 class=\"content__title\">Cielo (CIEL3) ainda est\u00e1 barata, mas &#8220;entusiasmo&#8221; pelas a\u00e7\u00f5es agora \u00e9 menor, diz BTG<\/h2><\/a><div class=\"newsContent__article__meta\"><div class=\"newsContent__article__meta__authorBox\"><a href=\"https:\/\/www.suno.com.br\/noticias\/author\/joao-vitor-jacintho\/\" class=\"authorBox__avatar noMobi\"><img src=\"https:\/\/secure.gravatar.com\/avatar\/2843227ca03ccf8cc7ccca45204c127e?s=96&#038;r=g\" alt=\"Jo\u00e3o Vitor Jacintho\"><\/a><div class=\"authorBox__name\"><span>por\n\t\t\t<a href=\"https:\/\/www.suno.com.br\/noticias\/author\/joao-vitor-jacintho\/\"><span itemprop=\"author\">Jo\u00e3o Vitor Jacintho<\/span><\/a><\/span><time datetime=\"2024-02-02T21:29:38-03:00\" itemprop=\"datePublished\">02\/02\/2024 21:29<\/time><\/div><\/div><\/div><\/div><\/div>","single_layout":"posts","amp_enabled":true,"_links":{"self":[{"href":"https:\/\/www.suno.com.br\/noticias\/wp-json\/wp\/v2\/posts\/519604"}],"collection":[{"href":"https:\/\/www.suno.com.br\/noticias\/wp-json\/wp\/v2\/posts"}],"about":[{"href":"https:\/\/www.suno.com.br\/noticias\/wp-json\/wp\/v2\/types\/post"}],"author":[{"embeddable":true,"href":"https:\/\/www.suno.com.br\/noticias\/wp-json\/wp\/v2\/users\/173"}],"replies":[{"embeddable":true,"href":"https:\/\/www.suno.com.br\/noticias\/wp-json\/wp\/v2\/comments?post=519604"}],"version-history":[{"count":2,"href":"https:\/\/www.suno.com.br\/noticias\/wp-json\/wp\/v2\/posts\/519604\/revisions"}],"predecessor-version":[{"id":519611,"href":"https:\/\/www.suno.com.br\/noticias\/wp-json\/wp\/v2\/posts\/519604\/revisions\/519611"}],"wp:featuredmedia":[{"embeddable":true,"href":"https:\/\/www.suno.com.br\/noticias\/wp-json\/wp\/v2\/media\/38318"}],"wp:attachment":[{"href":"https:\/\/www.suno.com.br\/noticias\/wp-json\/wp\/v2\/media?parent=519604"}],"wp:term":[{"taxonomy":"category","embeddable":true,"href":"https:\/\/www.suno.com.br\/noticias\/wp-json\/wp\/v2\/categories?post=519604"},{"taxonomy":"post_tag","embeddable":true,"href":"https:\/\/www.suno.com.br\/noticias\/wp-json\/wp\/v2\/tags?post=519604"},{"taxonomy":"suno_strategy","embeddable":true,"href":"https:\/\/www.suno.com.br\/noticias\/wp-json\/wp\/v2\/suno_strategy?post=519604"}],"curies":[{"name":"wp","href":"https:\/\/api.w.org\/{rel}","templated":true}]}}