{"id":51937,"date":"2020-02-04T17:03:11","date_gmt":"2020-02-04T19:03:11","guid":{"rendered":"https:\/\/www.suno.com.br\/noticias\/?p=51937"},"modified":"2020-02-05T17:26:31","modified_gmt":"2020-02-05T19:26:31","slug":"coronavirus-ubs-reduz-pib-global-epidemia","status":"publish","type":"post","link":"https:\/\/www.suno.com.br\/noticias\/coronavirus-ubs-reduz-pib-global-epidemia\/","title":{"rendered":"Coronav\u00edrus: UBS corta previs\u00e3o do PIB global por conta do surto"},"content":{"rendered":"<p>O UBS cortou a proje\u00e7\u00e3o de alta do <a href=\"https:\/\/www.suno.com.br\/artigos\/pib-produto-interno-bruto\/\">Produto Interno Bruto (PIB)<\/a> global neste ano por conta da epidemia de <strong>coronav\u00edrus<\/strong>. A informa\u00e7\u00e3o faz parte de um relat\u00f3rio divulgado pelo banco su\u00ed\u00e7o nesta ter\u00e7a-feira (4).<\/p>\t<div class=\"wrapper-featured-image\">\n\t\t<figure class=\"spotlightImg\">\n\n\t\t\t<picture>\n\t\t\t\t<source media=\"(max-width: 768px)\" srcset=\"https:\/\/files.sunoresearch.com.br\/n\/uploads\/2020\/02\/af6ffe9b-ubs-400x200.webp\">\n\t\t\t\t<img loading=\"lazy\" decoding=\"async\" class=\"newsContent__article__imgCapa lazyloadDisabled newsContent__article__imgCapa--noCaption\" src=\"https:\/\/files.sunoresearch.com.br\/n\/uploads\/2020\/02\/af6ffe9b-ubs-800x450.webp\" width=\"800\" height=\"450\" alt=\"Coronav\u00edrus: UBS corta previs\u00e3o do PIB global por conta do surto\" fetchpriority=high \/>\n\t\t\t<\/picture>\n\n\t\t\t<figcaption class=\"wp-caption-text wp-caption-text--hide\">Onde investem as fam\u00edlias mais ricas do mundo em \u00e9poca de coronav\u00edrus<\/figcaption>\n\t\t<\/figure>\n\t<\/div>\n\n\n\n<p>Por conta dos impactos do coronav\u00edrus, o banco prev\u00ea um avan\u00e7o de 2,9% para o <strong>PIB<\/strong> mundial em 2020. No relat\u00f3rio anterior, a estimativa de crescimento do <strong>UBS<\/strong> era de 3,1%.<\/p>\n<p>Para o primeiro trimestre deste ano, o banco reduziu a previs\u00e3o de avan\u00e7o econ\u00f4mico mundial de 3,2% para 0,7%. A institui\u00e7\u00e3o financeira salientou que, caso confirmado, este seria o pior desempenho do PIB global em um trimestre desde a crise econ\u00f4mica de 2008\/2009.<\/p>\n<p>A equipe global de analistas do UBS explicou que 78% da queda reflete a desacelera\u00e7\u00e3o da economia da <strong>China<\/strong>, que possui o segundo maior PIB do mundo, por conta do v\u00edrus.<\/p>\n<p><iframe loading=\"lazy\" title=\"?Resultados do Google; Tesla triplica valor; coronav\u00edrus afeta PIB e lucros e dividendos tributados\" width=\"200\" height=\"113\" src=\"https:\/\/www.youtube.com\/embed\/vFPvdCPeFo0?feature=oembed\" frameborder=\"0\" allow=\"accelerometer; autoplay; encrypted-media; gyroscope; picture-in-picture\" allowfullscreen><\/iframe><\/p>\n<p>Em rela\u00e7\u00e3o ao trimestre anterior, o banco estima que o PIB do pa\u00eds asi\u00e1tico cair\u00e1 1,5% entre janeiro a mar\u00e7o deste ano. Em 2020, o banco prev\u00ea redu\u00e7\u00e3o de 6% para 5,4% no crescimento da economia chinesa.<\/p>\n<h2>UBS reduz proje\u00e7\u00e3o de PIB brasileiro por conta do coronav\u00edrus<\/h2>\n<p>Embora o banco tenha salientado que o coronav\u00edrus dever\u00e1 impactar diretamente somente os pa\u00edses do continente asi\u00e1tico, os reflexos da epidemia ser\u00e3o sentidos em outras regi\u00f5es. Dessa forma, o UBS reduziu a proje\u00e7\u00e3o de crescimento do PIB do <strong>Brasil<\/strong> de 2,5% para 2,1% em 2020.<\/p>\n<p><a href=\"https:\/\/www.suno.com.br\/noticias\/coronavirus-ubs-reduz-pib-brasil-epidamia\/\">Saiba mais: Coronav\u00edrus: UBS reduz proje\u00e7\u00e3o do PIB do Brasil por conta da epidemia<\/a><\/p>\n<p>A queda ocorreu pois a China \u00e9 o principal parceiro comercial do Brasil. De acordo com o banco, o v\u00edrus impactar\u00e1 de forma negativa principalmente os setores de servi\u00e7os e consumo no pa\u00eds asi\u00e1tico. Os dois segmentos correspondem a 54% do PIB chin\u00eas.<\/p>\n<p>Por outro lado, a institui\u00e7\u00e3o financeira elevou a estimativa de crescimento econ\u00f4mico brasileiro para 2021. O relat\u00f3rio anterior projetava um avan\u00e7o de 2,5% na economia do Pa\u00eds. Contudo, ao considerar os reflexos da recupera\u00e7\u00e3o econ\u00f4mica da China, a previs\u00e3o passou para 2,8%.<\/p>\n<p>&#8220;As mudan\u00e7as nas proje\u00e7\u00f5es de crescimento da China t\u00eam um impacto c\u00edclico sobre o crescimento do Brasil&#8221;, diz o banco no relat\u00f3rio sobre o <strong>coronav\u00edrus<\/strong>.<\/p>\n\n","protected":false},"excerpt":{"rendered":"<p>O UBS cortou a proje\u00e7\u00e3o de alta do Produto Interno Bruto (PIB) global neste ano por conta da epidemia de coronav\u00edrus. A informa\u00e7\u00e3o faz parte de um relat\u00f3rio divulgado pelo banco su\u00ed\u00e7o nesta ter\u00e7a-feira (4). Onde investem as fam\u00edlias mais ricas do mundo em \u00e9poca de coronav\u00edrus Por conta dos impactos do coronav\u00edrus, o banco [&hellip;]<\/p>\n","protected":false},"author":18,"featured_media":51949,"comment_status":"closed","ping_status":"closed","sticky":false,"template":"","format":"standard","meta":[],"categories":[63],"tags":[2487,807,747],"suno_strategy":[],"class_list":["post-51937","post","type-post","status-publish","format-standard","has-post-thumbnail","hentry","category-internacional","tag-coronavirus","tag-produto-interno-bruto-pib","tag-ubs-ubsg34"],"yoast_head":"<!-- This site is optimized with the Yoast SEO plugin v24.4 - https:\/\/yoast.com\/wordpress\/plugins\/seo\/ -->\n<title>Coronav\u00edrus: UBS corta previs\u00e3o do PIB global por conta do surto<\/title>\n<meta name=\"description\" content=\"O UBS cortou a proje\u00e7\u00e3o de alta do Produto Interno Bruto (PIB) global neste ano por conta da epidemia de coronav\u00edrus. Clique para saber mais.\" \/>\n<meta name=\"robots\" content=\"index, follow, max-snippet:-1, max-image-preview:large, max-video-preview:-1\" \/>\n<link rel=\"canonical\" href=\"https:\/\/www.suno.com.br\/noticias\/coronavirus-ubs-reduz-pib-global-epidemia\/\" \/>\n<meta property=\"og:locale\" content=\"pt_BR\" \/>\n<meta property=\"og:type\" content=\"article\" \/>\n<meta property=\"og:title\" content=\"Coronav\u00edrus: UBS corta previs\u00e3o do PIB global por conta do surto\" \/>\n<meta property=\"og:description\" content=\"O UBS cortou a proje\u00e7\u00e3o de alta do Produto Interno Bruto (PIB) global neste ano por conta da epidemia de coronav\u00edrus. Clique para saber mais.\" \/>\n<meta property=\"og:url\" content=\"https:\/\/www.suno.com.br\/noticias\/coronavirus-ubs-reduz-pib-global-epidemia\/\" \/>\n<meta property=\"og:site_name\" content=\"Suno Not\u00edcias\" \/>\n<meta property=\"article:publisher\" content=\"https:\/\/facebook.com\/sunoresearch\" \/>\n<meta property=\"og:image\" content=\"https:\/\/files.sunoresearch.com.br\/n\/uploads\/2020\/02\/af6ffe9b-ubs.jpg\" \/>\n\t<meta property=\"og:image:width\" content=\"1060\" \/>\n\t<meta property=\"og:image:height\" content=\"594\" \/>\n\t<meta property=\"og:image:type\" content=\"image\/jpeg\" \/>\n<meta name=\"author\" content=\"Giovanna Oliveira\" \/>\n<meta name=\"twitter:card\" content=\"summary_large_image\" \/>\n<meta name=\"twitter:creator\" content=\"@sunoresearch\" \/>\n<meta name=\"twitter:site\" content=\"@sunoresearch\" \/>\n<meta name=\"twitter:label1\" content=\"Escrito por\" \/>\n\t<meta name=\"twitter:data1\" content=\"Giovanna Oliveira\" \/>\n\t<meta name=\"twitter:label2\" content=\"Est. tempo de leitura\" \/>\n\t<meta name=\"twitter:data2\" content=\"2 minutos\" \/>\n<script type=\"application\/ld+json\" class=\"yoast-schema-graph\">{\"@context\":\"https:\/\/schema.org\",\"@graph\":[{\"@type\":\"NewsArticle\",\"@id\":\"https:\/\/www.suno.com.br\/noticias\/coronavirus-ubs-reduz-pib-global-epidemia\/#article\",\"isPartOf\":{\"@id\":\"https:\/\/www.suno.com.br\/noticias\/coronavirus-ubs-reduz-pib-global-epidemia\/\"},\"author\":{\"name\":\"Giovanna Oliveira\",\"@id\":\"https:\/\/www.suno.com.br\/noticias\/#\/schema\/person\/4e19e3d2575736e5283d58eb3199d120\"},\"headline\":\"Coronav\u00edrus: UBS corta previs\u00e3o do PIB global por conta do surto\",\"datePublished\":\"2020-02-04T19:03:11+00:00\",\"dateModified\":\"2020-02-05T19:26:31+00:00\",\"mainEntityOfPage\":{\"@id\":\"https:\/\/www.suno.com.br\/noticias\/coronavirus-ubs-reduz-pib-global-epidemia\/\"},\"wordCount\":417,\"publisher\":{\"@id\":\"https:\/\/www.suno.com.br\/noticias\/#organization\"},\"image\":{\"@id\":\"https:\/\/www.suno.com.br\/noticias\/coronavirus-ubs-reduz-pib-global-epidemia\/#primaryimage\"},\"thumbnailUrl\":\"https:\/\/files.sunoresearch.com.br\/n\/uploads\/2020\/02\/af6ffe9b-ubs-jpg.webp\",\"keywords\":[\"coronav\u00edrus\",\"Produto Interno Bruto (PIB)\",\"UBS (UBSG34)\"],\"articleSection\":[\"Internacional\"],\"inLanguage\":\"pt-BR\"},{\"@type\":\"WebPage\",\"@id\":\"https:\/\/www.suno.com.br\/noticias\/coronavirus-ubs-reduz-pib-global-epidemia\/\",\"url\":\"https:\/\/www.suno.com.br\/noticias\/coronavirus-ubs-reduz-pib-global-epidemia\/\",\"name\":\"Coronav\u00edrus: UBS corta previs\u00e3o do PIB global por conta do surto\",\"isPartOf\":{\"@id\":\"https:\/\/www.suno.com.br\/noticias\/#website\"},\"primaryImageOfPage\":{\"@id\":\"https:\/\/www.suno.com.br\/noticias\/coronavirus-ubs-reduz-pib-global-epidemia\/#primaryimage\"},\"image\":{\"@id\":\"https:\/\/www.suno.com.br\/noticias\/coronavirus-ubs-reduz-pib-global-epidemia\/#primaryimage\"},\"thumbnailUrl\":\"https:\/\/files.sunoresearch.com.br\/n\/uploads\/2020\/02\/af6ffe9b-ubs-jpg.webp\",\"datePublished\":\"2020-02-04T19:03:11+00:00\",\"dateModified\":\"2020-02-05T19:26:31+00:00\",\"description\":\"O UBS cortou a proje\u00e7\u00e3o de alta do Produto Interno Bruto (PIB) global neste ano por conta da epidemia de coronav\u00edrus. Clique para saber mais.\",\"breadcrumb\":{\"@id\":\"https:\/\/www.suno.com.br\/noticias\/coronavirus-ubs-reduz-pib-global-epidemia\/#breadcrumb\"},\"inLanguage\":\"pt-BR\",\"potentialAction\":[{\"@type\":\"ReadAction\",\"target\":[\"https:\/\/www.suno.com.br\/noticias\/coronavirus-ubs-reduz-pib-global-epidemia\/\"]}]},{\"@type\":\"ImageObject\",\"inLanguage\":\"pt-BR\",\"@id\":\"https:\/\/www.suno.com.br\/noticias\/coronavirus-ubs-reduz-pib-global-epidemia\/#primaryimage\",\"url\":\"https:\/\/files.sunoresearch.com.br\/n\/uploads\/2020\/02\/af6ffe9b-ubs-jpg.webp\",\"contentUrl\":\"https:\/\/files.sunoresearch.com.br\/n\/uploads\/2020\/02\/af6ffe9b-ubs-jpg.webp\",\"width\":1060,\"height\":594,\"caption\":\"Onde investem as fam\u00edlias mais ricas do mundo em \u00e9poca de coronav\u00edrus\"},{\"@type\":\"BreadcrumbList\",\"@id\":\"https:\/\/www.suno.com.br\/noticias\/coronavirus-ubs-reduz-pib-global-epidemia\/#breadcrumb\",\"itemListElement\":[{\"@type\":\"ListItem\",\"position\":1,\"name\":\"Not\u00edcias\",\"item\":\"https:\/\/www.suno.com.br\/noticias\/\"},{\"@type\":\"ListItem\",\"position\":2,\"name\":\"Internacional\",\"item\":\"https:\/\/www.suno.com.br\/noticias\/internacional\/\"},{\"@type\":\"ListItem\",\"position\":3,\"name\":\"Coronav\u00edrus: UBS corta previs\u00e3o do PIB global por conta do surto\"}]},{\"@type\":\"WebSite\",\"@id\":\"https:\/\/www.suno.com.br\/noticias\/#website\",\"url\":\"https:\/\/www.suno.com.br\/noticias\/\",\"name\":\"Suno Not\u00edcias\",\"description\":\"Seu portal de informa\u00e7\u00e3o sobre o mundo dos investimentos\",\"publisher\":{\"@id\":\"https:\/\/www.suno.com.br\/noticias\/#organization\"},\"potentialAction\":[{\"@type\":\"SearchAction\",\"target\":{\"@type\":\"EntryPoint\",\"urlTemplate\":\"https:\/\/www.suno.com.br\/noticias\/?s={search_term_string}\"},\"query-input\":{\"@type\":\"PropertyValueSpecification\",\"valueRequired\":true,\"valueName\":\"search_term_string\"}}],\"inLanguage\":\"pt-BR\"},{\"@type\":\"Organization\",\"@id\":\"https:\/\/www.suno.com.br\/noticias\/#organization\",\"name\":\"Suno Not\u00edcias\",\"url\":\"https:\/\/www.suno.com.br\/noticias\/\",\"logo\":{\"@type\":\"ImageObject\",\"inLanguage\":\"pt-BR\",\"@id\":\"https:\/\/www.suno.com.br\/noticias\/#\/schema\/logo\/image\/\",\"url\":\"https:\/\/files.sunoresearch.com.br\/n\/uploads\/2021\/09\/suno-logo.png\",\"contentUrl\":\"https:\/\/files.sunoresearch.com.br\/n\/uploads\/2021\/09\/suno-logo.png\",\"width\":180,\"height\":180,\"caption\":\"Suno Not\u00edcias\"},\"image\":{\"@id\":\"https:\/\/www.suno.com.br\/noticias\/#\/schema\/logo\/image\/\"},\"sameAs\":[\"https:\/\/facebook.com\/sunoresearch\",\"https:\/\/x.com\/sunoresearch\",\"https:\/\/www.instagram.com\/suno\",\"https:\/\/www.linkedin.com\/company\/suno-research\/\",\"https:\/\/www.youtube.com\/c\/sunoresearch\"]},{\"@type\":\"Person\",\"@id\":\"https:\/\/www.suno.com.br\/noticias\/#\/schema\/person\/4e19e3d2575736e5283d58eb3199d120\",\"name\":\"Giovanna Oliveira\",\"image\":{\"@type\":\"ImageObject\",\"inLanguage\":\"pt-BR\",\"@id\":\"https:\/\/www.suno.com.br\/noticias\/#\/schema\/person\/image\/\",\"url\":\"https:\/\/secure.gravatar.com\/avatar\/9a37b3ae208962ac568992d0ffdbc2eb?s=96&r=g\",\"contentUrl\":\"https:\/\/secure.gravatar.com\/avatar\/9a37b3ae208962ac568992d0ffdbc2eb?s=96&r=g\",\"caption\":\"Giovanna Oliveira\"},\"description\":\"Giovanna Oliveira escreve sobre economia e pol\u00edtica. Foi rep\u00f3rter do portal de jornalismo da ESPM-SP e produziu conte\u00fado para a Corinthians TV. \u00c9 estudante da ESPM.\",\"url\":\"https:\/\/www.suno.com.br\/noticias\/author\/giovanna\/\"}]}<\/script>\n<!-- \/ Yoast SEO plugin. -->","yoast_head_json":{"title":"Coronav\u00edrus: UBS corta previs\u00e3o do PIB global por conta do surto","description":"O UBS cortou a proje\u00e7\u00e3o de alta do Produto Interno Bruto (PIB) global neste ano por conta da epidemia de coronav\u00edrus. Clique para saber mais.","robots":{"index":"index","follow":"follow","max-snippet":"max-snippet:-1","max-image-preview":"max-image-preview:large","max-video-preview":"max-video-preview:-1"},"canonical":"https:\/\/www.suno.com.br\/noticias\/coronavirus-ubs-reduz-pib-global-epidemia\/","og_locale":"pt_BR","og_type":"article","og_title":"Coronav\u00edrus: UBS corta previs\u00e3o do PIB global por conta do surto","og_description":"O UBS cortou a proje\u00e7\u00e3o de alta do Produto Interno Bruto (PIB) global neste ano por conta da epidemia de coronav\u00edrus. Clique para saber mais.","og_url":"https:\/\/www.suno.com.br\/noticias\/coronavirus-ubs-reduz-pib-global-epidemia\/","og_site_name":"Suno Not\u00edcias","article_publisher":"https:\/\/facebook.com\/sunoresearch","og_image":[{"width":1060,"height":594,"url":"https:\/\/files.sunoresearch.com.br\/n\/uploads\/2020\/02\/af6ffe9b-ubs.jpg","type":"image\/jpeg"}],"author":"Giovanna Oliveira","twitter_card":"summary_large_image","twitter_creator":"@sunoresearch","twitter_site":"@sunoresearch","twitter_misc":{"Escrito por":"Giovanna Oliveira","Est. tempo de leitura":"2 minutos"},"schema":{"@context":"https:\/\/schema.org","@graph":[{"@type":"NewsArticle","@id":"https:\/\/www.suno.com.br\/noticias\/coronavirus-ubs-reduz-pib-global-epidemia\/#article","isPartOf":{"@id":"https:\/\/www.suno.com.br\/noticias\/coronavirus-ubs-reduz-pib-global-epidemia\/"},"author":{"name":"Giovanna Oliveira","@id":"https:\/\/www.suno.com.br\/noticias\/#\/schema\/person\/4e19e3d2575736e5283d58eb3199d120"},"headline":"Coronav\u00edrus: UBS corta previs\u00e3o do PIB global por conta do surto","datePublished":"2020-02-04T19:03:11+00:00","dateModified":"2020-02-05T19:26:31+00:00","mainEntityOfPage":{"@id":"https:\/\/www.suno.com.br\/noticias\/coronavirus-ubs-reduz-pib-global-epidemia\/"},"wordCount":417,"publisher":{"@id":"https:\/\/www.suno.com.br\/noticias\/#organization"},"image":{"@id":"https:\/\/www.suno.com.br\/noticias\/coronavirus-ubs-reduz-pib-global-epidemia\/#primaryimage"},"thumbnailUrl":"https:\/\/files.sunoresearch.com.br\/n\/uploads\/2020\/02\/af6ffe9b-ubs-jpg.webp","keywords":["coronav\u00edrus","Produto Interno Bruto (PIB)","UBS (UBSG34)"],"articleSection":["Internacional"],"inLanguage":"pt-BR"},{"@type":"WebPage","@id":"https:\/\/www.suno.com.br\/noticias\/coronavirus-ubs-reduz-pib-global-epidemia\/","url":"https:\/\/www.suno.com.br\/noticias\/coronavirus-ubs-reduz-pib-global-epidemia\/","name":"Coronav\u00edrus: UBS corta previs\u00e3o do PIB global por conta do surto","isPartOf":{"@id":"https:\/\/www.suno.com.br\/noticias\/#website"},"primaryImageOfPage":{"@id":"https:\/\/www.suno.com.br\/noticias\/coronavirus-ubs-reduz-pib-global-epidemia\/#primaryimage"},"image":{"@id":"https:\/\/www.suno.com.br\/noticias\/coronavirus-ubs-reduz-pib-global-epidemia\/#primaryimage"},"thumbnailUrl":"https:\/\/files.sunoresearch.com.br\/n\/uploads\/2020\/02\/af6ffe9b-ubs-jpg.webp","datePublished":"2020-02-04T19:03:11+00:00","dateModified":"2020-02-05T19:26:31+00:00","description":"O UBS cortou a proje\u00e7\u00e3o de alta do Produto Interno Bruto (PIB) global neste ano por conta da epidemia de coronav\u00edrus. Clique para saber mais.","breadcrumb":{"@id":"https:\/\/www.suno.com.br\/noticias\/coronavirus-ubs-reduz-pib-global-epidemia\/#breadcrumb"},"inLanguage":"pt-BR","potentialAction":[{"@type":"ReadAction","target":["https:\/\/www.suno.com.br\/noticias\/coronavirus-ubs-reduz-pib-global-epidemia\/"]}]},{"@type":"ImageObject","inLanguage":"pt-BR","@id":"https:\/\/www.suno.com.br\/noticias\/coronavirus-ubs-reduz-pib-global-epidemia\/#primaryimage","url":"https:\/\/files.sunoresearch.com.br\/n\/uploads\/2020\/02\/af6ffe9b-ubs-jpg.webp","contentUrl":"https:\/\/files.sunoresearch.com.br\/n\/uploads\/2020\/02\/af6ffe9b-ubs-jpg.webp","width":1060,"height":594,"caption":"Onde investem as fam\u00edlias mais ricas do mundo em \u00e9poca de coronav\u00edrus"},{"@type":"BreadcrumbList","@id":"https:\/\/www.suno.com.br\/noticias\/coronavirus-ubs-reduz-pib-global-epidemia\/#breadcrumb","itemListElement":[{"@type":"ListItem","position":1,"name":"Not\u00edcias","item":"https:\/\/www.suno.com.br\/noticias\/"},{"@type":"ListItem","position":2,"name":"Internacional","item":"https:\/\/www.suno.com.br\/noticias\/internacional\/"},{"@type":"ListItem","position":3,"name":"Coronav\u00edrus: UBS corta previs\u00e3o do PIB global por conta do surto"}]},{"@type":"WebSite","@id":"https:\/\/www.suno.com.br\/noticias\/#website","url":"https:\/\/www.suno.com.br\/noticias\/","name":"Suno Not\u00edcias","description":"Seu portal de informa\u00e7\u00e3o sobre o mundo dos investimentos","publisher":{"@id":"https:\/\/www.suno.com.br\/noticias\/#organization"},"potentialAction":[{"@type":"SearchAction","target":{"@type":"EntryPoint","urlTemplate":"https:\/\/www.suno.com.br\/noticias\/?s={search_term_string}"},"query-input":{"@type":"PropertyValueSpecification","valueRequired":true,"valueName":"search_term_string"}}],"inLanguage":"pt-BR"},{"@type":"Organization","@id":"https:\/\/www.suno.com.br\/noticias\/#organization","name":"Suno Not\u00edcias","url":"https:\/\/www.suno.com.br\/noticias\/","logo":{"@type":"ImageObject","inLanguage":"pt-BR","@id":"https:\/\/www.suno.com.br\/noticias\/#\/schema\/logo\/image\/","url":"https:\/\/files.sunoresearch.com.br\/n\/uploads\/2021\/09\/suno-logo.png","contentUrl":"https:\/\/files.sunoresearch.com.br\/n\/uploads\/2021\/09\/suno-logo.png","width":180,"height":180,"caption":"Suno Not\u00edcias"},"image":{"@id":"https:\/\/www.suno.com.br\/noticias\/#\/schema\/logo\/image\/"},"sameAs":["https:\/\/facebook.com\/sunoresearch","https:\/\/x.com\/sunoresearch","https:\/\/www.instagram.com\/suno","https:\/\/www.linkedin.com\/company\/suno-research\/","https:\/\/www.youtube.com\/c\/sunoresearch"]},{"@type":"Person","@id":"https:\/\/www.suno.com.br\/noticias\/#\/schema\/person\/4e19e3d2575736e5283d58eb3199d120","name":"Giovanna Oliveira","image":{"@type":"ImageObject","inLanguage":"pt-BR","@id":"https:\/\/www.suno.com.br\/noticias\/#\/schema\/person\/image\/","url":"https:\/\/secure.gravatar.com\/avatar\/9a37b3ae208962ac568992d0ffdbc2eb?s=96&r=g","contentUrl":"https:\/\/secure.gravatar.com\/avatar\/9a37b3ae208962ac568992d0ffdbc2eb?s=96&r=g","caption":"Giovanna Oliveira"},"description":"Giovanna Oliveira escreve sobre economia e pol\u00edtica. Foi rep\u00f3rter do portal de jornalismo da ESPM-SP e produziu conte\u00fado para a Corinthians TV. \u00c9 estudante da ESPM.","url":"https:\/\/www.suno.com.br\/noticias\/author\/giovanna\/"}]}},"default_loop_html":"<div class=\"cardsPage__listCard__boxs\"><div class=\"cardsPage__listCard__boxs__img\"><a href=\"https:\/\/www.suno.com.br\/noticias\/coronavirus-ubs-reduz-pib-global-epidemia\/\"><img class=\"mask\" src=\"https:\/\/www.suno.com.br\/noticias\/wp-content\/themes\/suno\/resources\/images\/spotlight\/spotlight1img\/bg-mask.png\" alt=\"Image Mask\"\/><img src=\"https:\/\/files.sunoresearch.com.br\/n\/uploads\/2020\/02\/af6ffe9b-ubs-400x200.webp\" alt=\"Coronav\u00edrus: UBS corta previs\u00e3o do PIB global por conta do surto\"\/><\/a><span class=\"spotlightCategory\"><a href=\"https:\/\/www.suno.com.br\/noticias\/internacional\/\">Internacional<\/a><\/span><\/div><div class=\"cardsPage__listCard__boxs__content\"><a href=\"https:\/\/www.suno.com.br\/noticias\/coronavirus-ubs-reduz-pib-global-epidemia\/\"><h2 class=\"content__title\">Coronav\u00edrus: UBS corta previs\u00e3o do PIB global por conta do surto<\/h2><\/a><div class=\"newsContent__article__meta\"><div class=\"newsContent__article__meta__authorBox\"><a href=\"https:\/\/www.suno.com.br\/noticias\/author\/giovanna\/\" class=\"authorBox__avatar noMobi\"><img src=\"https:\/\/files.sunoresearch.com.br\/n\/uploads\/2019\/06\/952a89ca-screenshot_20190608-171507-150x150.webp\" alt=\"Giovanna Oliveira\"><\/a><div class=\"authorBox__name\"><span>por\n\t\t\t<a href=\"https:\/\/www.suno.com.br\/noticias\/author\/giovanna\/\"><span itemprop=\"author\">Giovanna Oliveira<\/span><\/a><\/span><time datetime=\"2020-02-04T17:03:11-03:00\" itemprop=\"datePublished\">04\/02\/2020 17:03<\/time><\/div><\/div><\/div><\/div><\/div>","single_layout":"posts","amp_enabled":true,"_links":{"self":[{"href":"https:\/\/www.suno.com.br\/noticias\/wp-json\/wp\/v2\/posts\/51937"}],"collection":[{"href":"https:\/\/www.suno.com.br\/noticias\/wp-json\/wp\/v2\/posts"}],"about":[{"href":"https:\/\/www.suno.com.br\/noticias\/wp-json\/wp\/v2\/types\/post"}],"author":[{"embeddable":true,"href":"https:\/\/www.suno.com.br\/noticias\/wp-json\/wp\/v2\/users\/18"}],"replies":[{"embeddable":true,"href":"https:\/\/www.suno.com.br\/noticias\/wp-json\/wp\/v2\/comments?post=51937"}],"version-history":[{"count":0,"href":"https:\/\/www.suno.com.br\/noticias\/wp-json\/wp\/v2\/posts\/51937\/revisions"}],"wp:featuredmedia":[{"embeddable":true,"href":"https:\/\/www.suno.com.br\/noticias\/wp-json\/wp\/v2\/media\/51949"}],"wp:attachment":[{"href":"https:\/\/www.suno.com.br\/noticias\/wp-json\/wp\/v2\/media?parent=51937"}],"wp:term":[{"taxonomy":"category","embeddable":true,"href":"https:\/\/www.suno.com.br\/noticias\/wp-json\/wp\/v2\/categories?post=51937"},{"taxonomy":"post_tag","embeddable":true,"href":"https:\/\/www.suno.com.br\/noticias\/wp-json\/wp\/v2\/tags?post=51937"},{"taxonomy":"suno_strategy","embeddable":true,"href":"https:\/\/www.suno.com.br\/noticias\/wp-json\/wp\/v2\/suno_strategy?post=51937"}],"curies":[{"name":"wp","href":"https:\/\/api.w.org\/{rel}","templated":true}]}}