{"id":519301,"date":"2024-02-02T09:03:22","date_gmt":"2024-02-02T12:03:22","guid":{"rendered":"https:\/\/www.suno.com.br\/noticias\/?p=519301"},"modified":"2024-02-02T09:03:30","modified_gmt":"2024-02-02T12:03:30","slug":"ambev-abev3-itau-bba-gpj","status":"publish","type":"post","link":"https:\/\/www.suno.com.br\/noticias\/ambev-abev3-itau-bba-gpj\/","title":{"rendered":"Ambev (ABEV3): banco reduz estimativas e corta pre\u00e7o-alvo para a a\u00e7\u00e3o; saiba mais"},"content":{"rendered":"<p>Em seu relat\u00f3rio mais recente sobre a <strong>Ambev<\/strong> (<a href=\"https:\/\/statusinvest.com.br\/acoes\/abev3\">ABEV3<\/a>), analistas do Ita\u00fa BBA revisaram para baixo as estimativas para o desempenho da companhia em 2024. Desta vez, o banco adotou uma abordagem mais conservadora em rela\u00e7\u00e3o \u00e0s subven\u00e7\u00f5es fiscais, incluindo as altera\u00e7\u00f5es tanto na quest\u00e3o dos <a href=\"https:\/\/www.suno.com.br\/artigos\/entenda-o-jcp\/\">juros sobre o capital pr\u00f3prio<\/a> (JCP) quanto no ICMS, al\u00e9m da din\u00e2mica econ\u00f4mica na Argentina.<\/p>\t<div class=\"wrapper-featured-image\">\n\t\t<figure class=\"spotlightImg\">\n\n\t\t\t<picture>\n\t\t\t\t<source media=\"(max-width: 768px)\" srcset=\"https:\/\/files.sunoresearch.com.br\/n\/uploads\/2023\/05\/agenda-ambev-bradesco-embraer-balanco-400x200.jpg\">\n\t\t\t\t<img loading=\"lazy\" decoding=\"async\" class=\"newsContent__article__imgCapa lazyloadDisabled \" src=\"https:\/\/files.sunoresearch.com.br\/n\/uploads\/2023\/05\/agenda-ambev-bradesco-embraer-balanco-800x450.jpg\" width=\"800\" height=\"450\" alt=\"Ambev (ABEV3): banco reduz estimativas e corta pre\u00e7o-alvo para a a\u00e7\u00e3o; saiba mais\" fetchpriority=high \/>\n\t\t\t<\/picture>\n\n\t\t\t<figcaption class=\"wp-caption-text wp-caption-text--show\">Ambev (ABEV3). Foto: Divulga\u00e7\u00e3o\/Ambev<\/figcaption>\n\t\t<\/figure>\n\t<\/div>\n\n\n\n\n\n\n\n\t<p>\n\t\t<a href=\"\" target=\"_blank\" data-element=\"shortcode-suno-banner\" title=\"Banner SUNO, clique e saiba mais\">\n\t\t\t<picture>\n\t\t\t\t<source media=\"(max-width: 500px)\" srcset=\"\">\n\t\t\t\t<img class=\"newsContent__article__imgCapa newsContent__article__imgCapa--banner\"\n\t\t\t\t\tsrc=\"\"\n\t\t\t\t\tdata-promo-id=\"288022\"\t\t\t\t\t\t\t\t\t\t\t\t\t\t\talt=\"\"\n\t\t\t\t>\n\t\t\t<\/picture>\n\t\t<\/a>\n\t<\/p>\n\n\n\n\n\n<p>&#8220;Mantemos nossa postura cautelosa no <a href=\"https:\/\/www.suno.com.br\/artigos\/curto-prazo\/\">curto prazo<\/a>, mas reconhecemos que diversas quest\u00f5es n\u00e3o operacionais j\u00e1 foram precificadas na tese de investimento da companhia nos \u00faltimos 18 meses&#8221;, pontua o banco.<\/p>\n\n\n\n<p>&#8220;Enquanto o pior momento parece ter ficado para tr\u00e1s, continuamos a n\u00e3o ver nenhuma assimetria suficientemente grande para produzir retornos acima do nosso de custo de <a href=\"https:\/\/www.suno.com.br\/artigos\/capital-proprio\/\">capital pr\u00f3prio<\/a>&#8220;, completa.<\/p>\n\n\n\n<p>Ainda no relat\u00f3rio, o banco incorporou um novo cen\u00e1rio de redu\u00e7\u00e3o da dedutibilidade fiscal do novo entendimento do JCP sendo estudado pela equipe econ\u00f4mica do governo, &#8220;que deve gerar um impacto negativo de 15% em nossa previs\u00e3o de <a href=\"https:\/\/www.suno.com.br\/artigos\/lpa-lucro-por-acao\/\">lucro por a\u00e7\u00e3o<\/a> em 2024&#8243;, afirmam os analistas.<\/p>\n\n\n\n<p>O cen\u00e1rio inclui ainda a quest\u00e3o das subven\u00e7\u00f5es do ICMS na base tribut\u00e1ria, que deve ter um impacto negativo de 7% no resultado final, bem como uma abordagem mais conservadora \u00e0 convers\u00e3o de c\u00e2mbio argentino na divis\u00e3o &#8216;Am\u00e9rica Latina Sul&#8217; da empresa.<\/p>\n\n\n\n<p>Para o final de 2024, o <strong>Ita\u00fa BBA<\/strong> espera que o <strong>lucro l\u00edquido da Ambev<\/strong> seja positivo em R$ 13,7 bilh\u00f5es, queda de 11% frente \u00e0 estimativa anterior de R$ 15,4 bilh\u00f5es.<\/p>\n\n\n\n<p>&#8220;Em suma, avaliamos que as externalidades n\u00e3o operacionais at\u00e9 agora ofuscaram o momento operacional positivo no segmento Cerveja Brasil, mas o fluxo adicional de not\u00edcias relacionadas provavelmente ter\u00e1 um impacto mais suave na tese de investimento daqui para frente&#8221;, seguem os analistas.<\/p>\n\n\n\n\t<div data-element=\"shortcode-read-more\" class=\"readToo\">\n\t\t\t\t<span class=\"readToo__title\">Leia mais<\/span>\n\t\t\t\t<ul class=\"readToo__list\">\n\t\t\t<li><a href=\"https:\/\/www.suno.com.br\/noticias\/vale-vale3-conselho-adiar-novo-presidente-gpj\/\">Vale (VALE3): conselho pode adiar decis\u00e3o sobre novo presidente, diz jornal<\/a><\/li><li><a href=\"https:\/\/www.suno.com.br\/noticias\/totvs-tots3-dimensa-aquisicao-quiver-compra\/\">Dimensa, controlada da Totvs (TOTS3), adquire Quiver por R$ 115 milh\u00f5es<\/a><\/li><li><a href=\"https:\/\/www.suno.com.br\/noticias\/energisa-engi11-prazo-conversao-acoes-evm\/\">Energisa (ENGI11): prazo para convers\u00e3o de a\u00e7\u00f5es vai at\u00e9 o dia 8 de fevereiro<\/a><\/li>\t\t<\/ul>\n\t<\/div>\n\n\n\n\n<h2 class=\"wp-block-heading\">Ambev deve se beneficiar de tend\u00eancia de custos benigna no futuro, diz Ita\u00fa BBA<\/h2>\n\n\n\n<p>No texto, o banco pontua que ap\u00f3s 14 anos de custos unit\u00e1rios sequencialmente altos, a Ambev deve finalmente se beneficiar com uma tend\u00eancia de custos benigna no futuro, com um efeito positivo nas margens.<\/p>\n\n\n\n<p>Para 2024, o Ita\u00fa BBA elevou a proje\u00e7\u00e3o de <strong>margem Ebitda ajustada da Ambev<\/strong> de 31,9% para 34%, enquanto a <a href=\"https:\/\/www.suno.com.br\/artigos\/margem-bruta-entenda-sua-importancia\/\">margem bruta<\/a> subiu 1,1 ponto percentual, para 53,1%. &#8220;Esperamos que a Ambev repasse pre\u00e7os pr\u00f3ximos da infla\u00e7\u00e3o, buscando capturar o spread da defla\u00e7\u00e3o de custos e convert\u00ea-lo em lucratividade&#8221;, refor\u00e7a.<\/p>\n\n\n\n<p>Por fim, o banco enxerga a Ambev sendo negociada a um P\/L de 15 vezes e 14 vezes para 2024 e 2025, respectivamente. &#8220;Do lado positivo, avaliamos que j\u00e1 est\u00e1 em nosso radar a maioria dos desafios que a empresa poder\u00e1 enfrentar. No entanto, continuamos assumindo um <a href=\"https:\/\/www.suno.com.br\/artigos\/retorno-total\/\">retorno total<\/a> de 13% para os pr\u00f3ximos dois anos, ligeiramente abaixo do nosso <a href=\"https:\/\/www.suno.com.br\/artigos\/custo-de-capital\/\">custo de capital<\/a>&#8220;.<\/p>\n\n\n\n<p>O Ita\u00fa BBA manteve recomenda\u00e7\u00e3o &#8216;neutra&#8217; para as <strong>a\u00e7\u00f5es de Ambev<\/strong>, e reduziu o pre\u00e7o-alvo de R$ 17 para R$ 15.<\/p>\n\n\n\t<p>\n\t\t<a href=\"https:\/\/lp.suno.com.br\/ebook-como-analisar-uma-acao\/\" target=\"_blank\" data-element=\"shortcode-suno-banner\" title=\"Banner SUNO, clique e saiba mais\">\n\t\t\t<picture>\n\t\t\t\t<source media=\"(max-width: 500px)\" srcset=\"https:\/\/files.sunoresearch.com.br\/n\/uploads\/2023\/03\/Ebook-Acoes-Mobile.jpg\">\n\t\t\t\t<img class=\"newsContent__article__imgCapa newsContent__article__imgCapa--banner\"\n\t\t\t\t\tsrc=\"https:\/\/files.sunoresearch.com.br\/n\/uploads\/2023\/03\/Ebook-Acoes-Desktop.jpg\"\n\t\t\t\t\tdata-promo-id=\"378302\"\t\t\t\t\t\t\t\t\t\twidth='1420' height='286'\t\t\t\t\talt=\"https:\/\/files.sunoresearch.com.br\/n\/uploads\/2023\/03\/Ebook-Acoes-Desktop.jpg\"\n\t\t\t\t>\n\t\t\t<\/picture>\n\t\t<\/a>\n\t<\/p>\n\n\n\n\n\n<h2 class=\"wp-block-heading\">AB InBev, dona da Ambev (ABEV3), anuncia demiss\u00f5es nos EUA<\/h2>\n\n\n\n<p>A Anheuser-Busch InBev, <strong>dona da<\/strong>&nbsp;<strong>Ambev<\/strong>, anunciou a demiss\u00e3o de um n\u00famero n\u00e3o especificado de funcion\u00e1rios em sua divis\u00e3o de vendas nos Estados Unidos. As informa\u00e7\u00f5es foram divulgadas pela Bloomberg na semana passada.<\/p>\n\n\n\n<p>Segundo a&nbsp;<strong>dona da Ambev<\/strong>, a decis\u00e3o integra a sua estrat\u00e9gia para concentrar esfor\u00e7os em suas maiores marcas.<\/p>\n\n\n\n<p>\u201cEm 12 de janeiro, anunci\u00e1mos atualiza\u00e7\u00f5es na estrutura da nossa equipe de vendas nos EUA, que simplificar\u00e3o a nossa organiza\u00e7\u00e3o e dar\u00e3o ainda mais foco \u00e0 nossa estrat\u00e9gia de mega marcas\u201d, disse a empresa em resposta por e-mail a perguntas da Bloomberg News. Essa medida impulsionar\u00e1 \u201cuma colabora\u00e7\u00e3o maior com nossos parceiros varejistas e revendedores\u201d.<\/p>\n\n\n\n<p>Detalhes adicionais ainda n\u00e3o foram divulgados pela companhia.<\/p>\n\n\n\n<p>A AB Inbev, vale destacar, tem entre seus principais acionistas os brasileiros o bilion\u00e1rio&nbsp;<a href=\"https:\/\/www.suno.com.br\/tudo-sobre\/jorge-paulo-lemann\/\" target=\"_blank\" rel=\"noreferrer noopener\">Jorge Paulo Lemann<\/a>, Carlos Alberto Sicupira Marcel Telles \u2013 s\u00f3cios conhecidos como \u2018o trio\u2019 da&nbsp;<a href=\"https:\/\/www.suno.com.br\/artigos\/3g-capital\/\" target=\"_blank\" rel=\"noreferrer noopener\">3G Capital<\/a>, que tamb\u00e9m possuem participa\u00e7\u00e3o acion\u00e1ria relevante na Americanas (AMER3).<\/p>\n\n\n\n<p>Recentemente Lemann transferiu sua participa\u00e7\u00e3o na cervejaria para seu filho Max.<\/p>\n\n\n\n<p>No ano passado, a dona da&nbsp;<strong>Ambev<\/strong>&nbsp;anunciou que reduziria menos de 2% de sua for\u00e7a de trabalho nos EUA, equivalente a cerca de 350 empregos, ap\u00f3s uma promo\u00e7\u00e3o online com uma influenciadora transg\u00eanero gerar uma rea\u00e7\u00e3o que prejudicou substancialmente o faturamento da empresa.<\/p>\n\n\n\n<h2 class=\"wp-block-heading\">Desempenho das a\u00e7\u00f5es da Ambev<\/h2>\n\n\n\n<p>No fechamento de quinta-feira (1), as a\u00e7\u00f5es da <strong>Ambev<\/strong> ca\u00edram 0,08%, a R$ 13,07. No ano, os pap\u00e9is caem 3,90%, segundo o Status Invest.  <\/p>\n\n\n\n<div class=\"pluginQuotation\">\n  <p class=\"ticker\">\n    Cota\u00e7\u00e3o <span>ABEV3<\/span>\n  <\/p>\n  <div class=\"info\">\n    <div class=\"leftSide\">\n      Gr\u00e1fico gerado em: 02\/02\/2024    <\/div>\n\t\t\t\t\t<div class=\"rightSide\">\n\t\t\t\t\t<span class=\"period\">\n\t\t\t\t\t\t1 Dia\t\t\t\t\t<\/span>\n\t\t\t<\/div>\n\t\t  <\/div>\n\n  <div id=\"chart-fcabc994c7e6151cb6e6e5d907cae702\" data-block-hash=\"fcabc994c7e6151cb6e6e5d907cae702\"  class=\"chart\" style=\"width:100%;height:400px;\"><\/div>\n\n  <div class=\"pluginQuotation__footer\">\n    <div class=\"dataChart\">\n\n      <div class=\"dataChart__div1 variation\">\n        <div class=\"value-negative\">\n          0,00 (0,00%)        <\/div>\n        <div class=\"text\">\n          Varia\u00e7\u00e3o do per\u00edodo\n        <\/div>\n      <\/div>\n\n      <div class=\"dataChart__div2 minMax\">\n        <div class=\"value\">\n          R$\u00a012,91        <\/div>\n        <div class=\"text\">\n          M\u00ednima\n        <\/div>\n      <\/div>\n\n      <div class=\"dataChart__div3 minMax\">\n        <div class=\"value\">\n          R$\u00a013,08        <\/div>\n        <div class=\"text\">\n          M\u00e1xima\n        <\/div>\n      <\/div>\n\n\t\t\t<div class=\"dataChart__div4 rightSide\">\n\t\t\t\t<div class=\"analiticaSource\">\n\t\t\t\t\t<span>\n\t\t\t\t\t\tFonte:\n\t\t\t\t\t<\/span>\n\t\t\t\t\t<img decoding=\"async\" class=\"analiticaLogo\" src=\"https:\/\/www.suno.com.br\/noticias\/wp-content\/plugins\/suno-block-ticker-quotation\/src\/suno-analitica-logo.png\" alt=\"Logo Suno Anal\u00edtica\" \/>\n\t\t\t\t<\/div>\n\n\t\t\t\t<a href=\"https:\/\/www.suno.com.br\/analitica\/acoes\/ABEV3\" target=\"_blank\">\n\t\t\t\t\t<span>\n\t\t\t\t\t\tVer mais cota\u00e7\u00f5es\n\t\t\t\t\t<\/span>\n\t\t\t\t\t<svg xmlns=\"http:\/\/www.w3.org\/2000\/svg\" width=\"9\" height=\"8\" viewBox=\"0 0 9 8\" fill=\"none\">\n\t\t\t\t\t\t<path d=\"M4.20996 0L3.50496 0.705L6.29496 3.5H0.209961V4.5H6.29496L3.50496 7.295L4.20996 8L8.20996 4L4.20996 0Z\" fill=\"#D42126\" \/>\n\t\t\t\t\t<\/svg>\n\t\t\t\t<\/a>\n    <\/div>\n\n    <\/div>\n  <\/div>\n<\/div>\n\n\n<script type=\"text\/javascript\">\n  let chart_fcabc994c7e6151cb6e6e5d907cae702 = document.getElementById('chart-fcabc994c7e6151cb6e6e5d907cae702');\n  let data_json_fcabc994c7e6151cb6e6e5d907cae702 = \"[{\\\"date\\\":\\\"01\\\\\\\/02\\\\\\\/24 10:02\\\",\\\"value\\\":13.07},{\\\"date\\\":\\\"01\\\\\\\/02\\\\\\\/24 10:04\\\",\\\"value\\\":13.08},{\\\"date\\\":\\\"01\\\\\\\/02\\\\\\\/24 10:06\\\",\\\"value\\\":13.03},{\\\"date\\\":\\\"01\\\\\\\/02\\\\\\\/24 10:08\\\",\\\"value\\\":13.06},{\\\"date\\\":\\\"01\\\\\\\/02\\\\\\\/24 10:10\\\",\\\"value\\\":13.03},{\\\"date\\\":\\\"01\\\\\\\/02\\\\\\\/24 10:12\\\",\\\"value\\\":13.02},{\\\"date\\\":\\\"01\\\\\\\/02\\\\\\\/24 10:14\\\",\\\"value\\\":13},{\\\"date\\\":\\\"01\\\\\\\/02\\\\\\\/24 10:16\\\",\\\"value\\\":12.99},{\\\"date\\\":\\\"01\\\\\\\/02\\\\\\\/24 10:18\\\",\\\"value\\\":12.95},{\\\"date\\\":\\\"01\\\\\\\/02\\\\\\\/24 10:20\\\",\\\"value\\\":12.96},{\\\"date\\\":\\\"01\\\\\\\/02\\\\\\\/24 10:22\\\",\\\"value\\\":12.96},{\\\"date\\\":\\\"01\\\\\\\/02\\\\\\\/24 10:24\\\",\\\"value\\\":12.94},{\\\"date\\\":\\\"01\\\\\\\/02\\\\\\\/24 10:26\\\",\\\"value\\\":12.94},{\\\"date\\\":\\\"01\\\\\\\/02\\\\\\\/24 10:28\\\",\\\"value\\\":12.95},{\\\"date\\\":\\\"01\\\\\\\/02\\\\\\\/24 10:30\\\",\\\"value\\\":12.94},{\\\"date\\\":\\\"01\\\\\\\/02\\\\\\\/24 10:32\\\",\\\"value\\\":12.93},{\\\"date\\\":\\\"01\\\\\\\/02\\\\\\\/24 10:34\\\",\\\"value\\\":12.95},{\\\"date\\\":\\\"01\\\\\\\/02\\\\\\\/24 10:36\\\",\\\"value\\\":12.94},{\\\"date\\\":\\\"01\\\\\\\/02\\\\\\\/24 10:38\\\",\\\"value\\\":12.94},{\\\"date\\\":\\\"01\\\\\\\/02\\\\\\\/24 10:40\\\",\\\"value\\\":12.92},{\\\"date\\\":\\\"01\\\\\\\/02\\\\\\\/24 10:42\\\",\\\"value\\\":12.93},{\\\"date\\\":\\\"01\\\\\\\/02\\\\\\\/24 10:44\\\",\\\"value\\\":12.92},{\\\"date\\\":\\\"01\\\\\\\/02\\\\\\\/24 10:46\\\",\\\"value\\\":12.93},{\\\"date\\\":\\\"01\\\\\\\/02\\\\\\\/24 10:48\\\",\\\"value\\\":12.93},{\\\"date\\\":\\\"01\\\\\\\/02\\\\\\\/24 10:50\\\",\\\"value\\\":12.92},{\\\"date\\\":\\\"01\\\\\\\/02\\\\\\\/24 10:52\\\",\\\"value\\\":12.94},{\\\"date\\\":\\\"01\\\\\\\/02\\\\\\\/24 10:54\\\",\\\"value\\\":12.94},{\\\"date\\\":\\\"01\\\\\\\/02\\\\\\\/24 10:56\\\",\\\"value\\\":12.94},{\\\"date\\\":\\\"01\\\\\\\/02\\\\\\\/24 10:58\\\",\\\"value\\\":12.94},{\\\"date\\\":\\\"01\\\\\\\/02\\\\\\\/24 11:00\\\",\\\"value\\\":12.94},{\\\"date\\\":\\\"01\\\\\\\/02\\\\\\\/24 11:02\\\",\\\"value\\\":12.94},{\\\"date\\\":\\\"01\\\\\\\/02\\\\\\\/24 11:04\\\",\\\"value\\\":12.94},{\\\"date\\\":\\\"01\\\\\\\/02\\\\\\\/24 11:06\\\",\\\"value\\\":12.94},{\\\"date\\\":\\\"01\\\\\\\/02\\\\\\\/24 11:08\\\",\\\"value\\\":12.94},{\\\"date\\\":\\\"01\\\\\\\/02\\\\\\\/24 11:10\\\",\\\"value\\\":12.93},{\\\"date\\\":\\\"01\\\\\\\/02\\\\\\\/24 11:12\\\",\\\"value\\\":12.92},{\\\"date\\\":\\\"01\\\\\\\/02\\\\\\\/24 11:14\\\",\\\"value\\\":12.94},{\\\"date\\\":\\\"01\\\\\\\/02\\\\\\\/24 11:16\\\",\\\"value\\\":12.94},{\\\"date\\\":\\\"01\\\\\\\/02\\\\\\\/24 11:18\\\",\\\"value\\\":12.93},{\\\"date\\\":\\\"01\\\\\\\/02\\\\\\\/24 11:20\\\",\\\"value\\\":12.94},{\\\"date\\\":\\\"01\\\\\\\/02\\\\\\\/24 11:22\\\",\\\"value\\\":12.94},{\\\"date\\\":\\\"01\\\\\\\/02\\\\\\\/24 11:24\\\",\\\"value\\\":12.94},{\\\"date\\\":\\\"01\\\\\\\/02\\\\\\\/24 11:26\\\",\\\"value\\\":12.92},{\\\"date\\\":\\\"01\\\\\\\/02\\\\\\\/24 11:28\\\",\\\"value\\\":12.92},{\\\"date\\\":\\\"01\\\\\\\/02\\\\\\\/24 11:30\\\",\\\"value\\\":12.92},{\\\"date\\\":\\\"01\\\\\\\/02\\\\\\\/24 11:32\\\",\\\"value\\\":12.92},{\\\"date\\\":\\\"01\\\\\\\/02\\\\\\\/24 11:34\\\",\\\"value\\\":12.92},{\\\"date\\\":\\\"01\\\\\\\/02\\\\\\\/24 11:36\\\",\\\"value\\\":12.93},{\\\"date\\\":\\\"01\\\\\\\/02\\\\\\\/24 11:38\\\",\\\"value\\\":12.95},{\\\"date\\\":\\\"01\\\\\\\/02\\\\\\\/24 11:40\\\",\\\"value\\\":12.94},{\\\"date\\\":\\\"01\\\\\\\/02\\\\\\\/24 11:42\\\",\\\"value\\\":12.94},{\\\"date\\\":\\\"01\\\\\\\/02\\\\\\\/24 11:44\\\",\\\"value\\\":12.97},{\\\"date\\\":\\\"01\\\\\\\/02\\\\\\\/24 11:46\\\",\\\"value\\\":12.99},{\\\"date\\\":\\\"01\\\\\\\/02\\\\\\\/24 11:48\\\",\\\"value\\\":13},{\\\"date\\\":\\\"01\\\\\\\/02\\\\\\\/24 11:50\\\",\\\"value\\\":12.99},{\\\"date\\\":\\\"01\\\\\\\/02\\\\\\\/24 11:52\\\",\\\"value\\\":12.99},{\\\"date\\\":\\\"01\\\\\\\/02\\\\\\\/24 11:54\\\",\\\"value\\\":12.99},{\\\"date\\\":\\\"01\\\\\\\/02\\\\\\\/24 11:56\\\",\\\"value\\\":13},{\\\"date\\\":\\\"01\\\\\\\/02\\\\\\\/24 11:58\\\",\\\"value\\\":12.98},{\\\"date\\\":\\\"01\\\\\\\/02\\\\\\\/24 12:00\\\",\\\"value\\\":12.95},{\\\"date\\\":\\\"01\\\\\\\/02\\\\\\\/24 12:02\\\",\\\"value\\\":12.93},{\\\"date\\\":\\\"01\\\\\\\/02\\\\\\\/24 12:04\\\",\\\"value\\\":12.93},{\\\"date\\\":\\\"01\\\\\\\/02\\\\\\\/24 12:06\\\",\\\"value\\\":12.95},{\\\"date\\\":\\\"01\\\\\\\/02\\\\\\\/24 12:08\\\",\\\"value\\\":12.95},{\\\"date\\\":\\\"01\\\\\\\/02\\\\\\\/24 12:10\\\",\\\"value\\\":12.95},{\\\"date\\\":\\\"01\\\\\\\/02\\\\\\\/24 12:12\\\",\\\"value\\\":12.94},{\\\"date\\\":\\\"01\\\\\\\/02\\\\\\\/24 12:14\\\",\\\"value\\\":12.94},{\\\"date\\\":\\\"01\\\\\\\/02\\\\\\\/24 12:16\\\",\\\"value\\\":12.95},{\\\"date\\\":\\\"01\\\\\\\/02\\\\\\\/24 12:18\\\",\\\"value\\\":12.93},{\\\"date\\\":\\\"01\\\\\\\/02\\\\\\\/24 12:20\\\",\\\"value\\\":12.94},{\\\"date\\\":\\\"01\\\\\\\/02\\\\\\\/24 12:22\\\",\\\"value\\\":12.94},{\\\"date\\\":\\\"01\\\\\\\/02\\\\\\\/24 12:24\\\",\\\"value\\\":12.95},{\\\"date\\\":\\\"01\\\\\\\/02\\\\\\\/24 12:26\\\",\\\"value\\\":12.95},{\\\"date\\\":\\\"01\\\\\\\/02\\\\\\\/24 12:28\\\",\\\"value\\\":12.94},{\\\"date\\\":\\\"01\\\\\\\/02\\\\\\\/24 12:30\\\",\\\"value\\\":12.95},{\\\"date\\\":\\\"01\\\\\\\/02\\\\\\\/24 12:32\\\",\\\"value\\\":12.94},{\\\"date\\\":\\\"01\\\\\\\/02\\\\\\\/24 12:34\\\",\\\"value\\\":12.95},{\\\"date\\\":\\\"01\\\\\\\/02\\\\\\\/24 12:36\\\",\\\"value\\\":12.95},{\\\"date\\\":\\\"01\\\\\\\/02\\\\\\\/24 12:38\\\",\\\"value\\\":12.98},{\\\"date\\\":\\\"01\\\\\\\/02\\\\\\\/24 12:40\\\",\\\"value\\\":12.97},{\\\"date\\\":\\\"01\\\\\\\/02\\\\\\\/24 12:42\\\",\\\"value\\\":12.98},{\\\"date\\\":\\\"01\\\\\\\/02\\\\\\\/24 12:44\\\",\\\"value\\\":12.98},{\\\"date\\\":\\\"01\\\\\\\/02\\\\\\\/24 12:46\\\",\\\"value\\\":12.98},{\\\"date\\\":\\\"01\\\\\\\/02\\\\\\\/24 12:48\\\",\\\"value\\\":12.97},{\\\"date\\\":\\\"01\\\\\\\/02\\\\\\\/24 12:50\\\",\\\"value\\\":12.97},{\\\"date\\\":\\\"01\\\\\\\/02\\\\\\\/24 12:52\\\",\\\"value\\\":12.97},{\\\"date\\\":\\\"01\\\\\\\/02\\\\\\\/24 12:54\\\",\\\"value\\\":12.94},{\\\"date\\\":\\\"01\\\\\\\/02\\\\\\\/24 12:56\\\",\\\"value\\\":12.95},{\\\"date\\\":\\\"01\\\\\\\/02\\\\\\\/24 12:58\\\",\\\"value\\\":12.94},{\\\"date\\\":\\\"01\\\\\\\/02\\\\\\\/24 13:00\\\",\\\"value\\\":12.94},{\\\"date\\\":\\\"01\\\\\\\/02\\\\\\\/24 13:02\\\",\\\"value\\\":12.92},{\\\"date\\\":\\\"01\\\\\\\/02\\\\\\\/24 13:04\\\",\\\"value\\\":12.91},{\\\"date\\\":\\\"01\\\\\\\/02\\\\\\\/24 13:06\\\",\\\"value\\\":12.91},{\\\"date\\\":\\\"01\\\\\\\/02\\\\\\\/24 13:08\\\",\\\"value\\\":12.92},{\\\"date\\\":\\\"01\\\\\\\/02\\\\\\\/24 13:10\\\",\\\"value\\\":12.92},{\\\"date\\\":\\\"01\\\\\\\/02\\\\\\\/24 13:12\\\",\\\"value\\\":12.92},{\\\"date\\\":\\\"01\\\\\\\/02\\\\\\\/24 13:14\\\",\\\"value\\\":12.92},{\\\"date\\\":\\\"01\\\\\\\/02\\\\\\\/24 13:16\\\",\\\"value\\\":12.92},{\\\"date\\\":\\\"01\\\\\\\/02\\\\\\\/24 13:18\\\",\\\"value\\\":12.92},{\\\"date\\\":\\\"01\\\\\\\/02\\\\\\\/24 13:20\\\",\\\"value\\\":12.93},{\\\"date\\\":\\\"01\\\\\\\/02\\\\\\\/24 13:22\\\",\\\"value\\\":12.93},{\\\"date\\\":\\\"01\\\\\\\/02\\\\\\\/24 13:24\\\",\\\"value\\\":12.94},{\\\"date\\\":\\\"01\\\\\\\/02\\\\\\\/24 13:26\\\",\\\"value\\\":12.94},{\\\"date\\\":\\\"01\\\\\\\/02\\\\\\\/24 13:28\\\",\\\"value\\\":12.94},{\\\"date\\\":\\\"01\\\\\\\/02\\\\\\\/24 13:30\\\",\\\"value\\\":12.95},{\\\"date\\\":\\\"01\\\\\\\/02\\\\\\\/24 13:32\\\",\\\"value\\\":12.97},{\\\"date\\\":\\\"01\\\\\\\/02\\\\\\\/24 13:34\\\",\\\"value\\\":12.98},{\\\"date\\\":\\\"01\\\\\\\/02\\\\\\\/24 13:36\\\",\\\"value\\\":12.97},{\\\"date\\\":\\\"01\\\\\\\/02\\\\\\\/24 13:38\\\",\\\"value\\\":12.99},{\\\"date\\\":\\\"01\\\\\\\/02\\\\\\\/24 13:40\\\",\\\"value\\\":12.98},{\\\"date\\\":\\\"01\\\\\\\/02\\\\\\\/24 13:42\\\",\\\"value\\\":12.98},{\\\"date\\\":\\\"01\\\\\\\/02\\\\\\\/24 13:44\\\",\\\"value\\\":12.98},{\\\"date\\\":\\\"01\\\\\\\/02\\\\\\\/24 13:46\\\",\\\"value\\\":12.99},{\\\"date\\\":\\\"01\\\\\\\/02\\\\\\\/24 13:48\\\",\\\"value\\\":12.98},{\\\"date\\\":\\\"01\\\\\\\/02\\\\\\\/24 13:50\\\",\\\"value\\\":13.07},{\\\"date\\\":\\\"01\\\\\\\/02\\\\\\\/24 13:52\\\",\\\"value\\\":13.01},{\\\"date\\\":\\\"01\\\\\\\/02\\\\\\\/24 13:54\\\",\\\"value\\\":13.07}]\";\n  let isPositive_fcabc994c7e6151cb6e6e5d907cae702 = true;\n\n  let color_fcabc994c7e6151cb6e6e5d907cae702 = isPositive_fcabc994c7e6151cb6e6e5d907cae702 ? '#3AB53A' : '#D92C2D';\n\n  let data_fcabc994c7e6151cb6e6e5d907cae702 = JSON.parse(data_json_fcabc994c7e6151cb6e6e5d907cae702);\n\n  const result_fcabc994c7e6151cb6e6e5d907cae702 = {\n    date: [],\n    value: [],\n  };\n\n  data_fcabc994c7e6151cb6e6e5d907cae702.forEach((item) => {\n    result_fcabc994c7e6151cb6e6e5d907cae702.date.push(item.date);\n    result_fcabc994c7e6151cb6e6e5d907cae702.value.push(Number(item.value));\n  });\n\n  let option_fcabc994c7e6151cb6e6e5d907cae702 = {\n    \/\/ variavel de cor global\n    color: [color_fcabc994c7e6151cb6e6e5d907cae702],\n    title: {\n      text: '',\n    },\n    tooltip: {\n      trigger: 'axis',\n      axisPointer: {\n        type: 'cross',\n        label: {\n          \/\/ cor dos valores em X e Y\n          backgroundColor: color_fcabc994c7e6151cb6e6e5d907cae702,\n          formatter: (value) => {\n            if (typeof value.value === 'number') {\n              return Number(value.value).toLocaleString('pt-br', {\n                style: 'currency',\n                currency: 'BRL'\n              });\n            }\n            return value.value;\n          },\n        },\n      },\n      valueFormatter: (value) => Number(value).toLocaleString('pt-br', {\n        style: 'currency',\n        currency: 'BRL'\n      }),\n    },\n    legend: {\n      \/\/ data: ['Valor de Fechamento'],\n      show: false,\n    },\n    toolbox: {\n      feature: {\n        saveAsImage: {\n          show: false,\n        },\n      },\n    },\n    grid: {\n      left: '0px',\n      right: '0px',\n      bottom: '0px',\n      containLabel: true,\n    },\n    xAxis: [{\n      type: 'category',\n      data: result_fcabc994c7e6151cb6e6e5d907cae702.date,\n      boundaryGap: true,\n    }],\n    yAxis: [{\n      type: 'value',\n      min: Math.min(...result_fcabc994c7e6151cb6e6e5d907cae702.value),\n      max: Math.max(...result_fcabc994c7e6151cb6e6e5d907cae702.value),\n      axisLabel: {\n        formatter: (value) => value.toLocaleString('pt-br', {\n          style: 'currency',\n          currency: 'BRL'\n        }),\n      },\n    }],\n    series: [{\n      name: 'Valor de Fechamento',\n      type: 'line',\n      stack: 'Total',\n      \/\/ cor do grafico\n      areaStyle: {},\n      emphasis: {\n        focus: 'series',\n      },\n      data: result_fcabc994c7e6151cb6e6e5d907cae702.value,\n      \/\/ cor da linha\n      lineStyle: {\n        color: color_fcabc994c7e6151cb6e6e5d907cae702,\n      },\n    }, ],\n  };\n\n\twindow.chart_fcabc994c7e6151cb6e6e5d907cae702 = {\n\t\tel: chart_fcabc994c7e6151cb6e6e5d907cae702,\n\t\toption: option_fcabc994c7e6151cb6e6e5d907cae702\t};\n\n\n<\/script>\n\n\n\t<p>\n\t\t<a href=\"https:\/\/lp.suno.com.br\/plataforma-de-controle-de-investimentos\/\" target=\"_blank\" data-element=\"shortcode-suno-banner\" title=\"Banner SUNO, clique e saiba mais\">\n\t\t\t<picture>\n\t\t\t\t<source media=\"(max-width: 500px)\" srcset=\"https:\/\/files.sunoresearch.com.br\/n\/uploads\/2023\/03\/400x300-Controle-de-Investimentos.png\">\n\t\t\t\t<img class=\"newsContent__article__imgCapa newsContent__article__imgCapa--banner\"\n\t\t\t\t\tsrc=\"https:\/\/files.sunoresearch.com.br\/n\/uploads\/2023\/03\/1420x240-Controle-de-Investimentos.png\"\n\t\t\t\t\tdata-promo-id=\"383162\"\t\t\t\t\t\t\t\t\t\twidth='1420' height='240'\t\t\t\t\talt=\"https:\/\/files.sunoresearch.com.br\/n\/uploads\/2023\/03\/1420x240-Controle-de-Investimentos.png\"\n\t\t\t\t>\n\t\t\t<\/picture>\n\t\t<\/a>\n\t<\/p>\n\n\n","protected":false},"excerpt":{"rendered":"<p>Em seu relat\u00f3rio mais recente sobre a Ambev (ABEV3), analistas do Ita\u00fa BBA revisaram para baixo as estimativas para o desempenho da companhia em 2024. Desta vez, o banco adotou uma abordagem mais conservadora em rela\u00e7\u00e3o \u00e0s subven\u00e7\u00f5es fiscais, incluindo as altera\u00e7\u00f5es tanto na quest\u00e3o dos juros sobre o capital pr\u00f3prio (JCP) quanto no ICMS, [&hellip;]<\/p>\n","protected":false},"author":313,"featured_media":399181,"comment_status":"closed","ping_status":"closed","sticky":false,"template":"","format":"standard","meta":[],"categories":[64],"tags":[286,359,105816],"suno_strategy":[],"class_list":["post-519301","post","type-post","status-publish","format-standard","has-post-thumbnail","hentry","category-negocios","tag-acoes","tag-ambev-abev3","tag-especialistas"],"yoast_head":"<!-- This site is optimized with the Yoast SEO plugin v24.4 - https:\/\/yoast.com\/wordpress\/plugins\/seo\/ -->\n<title>Ambev (ABEV3): banco reduz estimativas e corta pre\u00e7o-alvo<\/title>\n<meta name=\"description\" content=\"Em seu relat\u00f3rio mais recente sobre a Ambev, analistas do Ita\u00fa BBA revisaram para baixo as estimativas para o desempenho da companhia em 2024.\" \/>\n<meta name=\"robots\" content=\"index, follow, max-snippet:-1, max-image-preview:large, max-video-preview:-1\" \/>\n<link rel=\"canonical\" href=\"https:\/\/www.suno.com.br\/noticias\/ambev-abev3-itau-bba-gpj\/\" \/>\n<meta property=\"og:locale\" content=\"pt_BR\" \/>\n<meta property=\"og:type\" content=\"article\" \/>\n<meta property=\"og:title\" content=\"Ambev (ABEV3): banco reduz estimativas e corta pre\u00e7o-alvo\" \/>\n<meta property=\"og:description\" content=\"Em seu relat\u00f3rio mais recente sobre a Ambev, analistas do Ita\u00fa BBA revisaram para baixo as estimativas para o desempenho da companhia em 2024.\" \/>\n<meta property=\"og:url\" content=\"https:\/\/www.suno.com.br\/noticias\/ambev-abev3-itau-bba-gpj\/\" \/>\n<meta property=\"og:site_name\" content=\"Suno Not\u00edcias\" \/>\n<meta property=\"article:publisher\" content=\"https:\/\/facebook.com\/sunoresearch\" \/>\n<meta property=\"og:image\" content=\"https:\/\/files.sunoresearch.com.br\/n\/uploads\/2023\/05\/agenda-ambev-bradesco-embraer-balanco.jpg\" \/>\n\t<meta property=\"og:image:width\" content=\"1200\" \/>\n\t<meta property=\"og:image:height\" content=\"800\" \/>\n\t<meta property=\"og:image:type\" content=\"image\/jpeg\" \/>\n<meta name=\"author\" content=\"Giovanni Porf\u00edrio Jacomino\" \/>\n<meta name=\"twitter:card\" content=\"summary_large_image\" \/>\n<meta name=\"twitter:creator\" content=\"@sunoresearch\" \/>\n<meta name=\"twitter:site\" content=\"@sunoresearch\" \/>\n<meta name=\"twitter:label1\" content=\"Escrito por\" \/>\n\t<meta name=\"twitter:data1\" content=\"Giovanni Porf\u00edrio Jacomino\" \/>\n\t<meta name=\"twitter:label2\" content=\"Est. tempo de leitura\" \/>\n\t<meta name=\"twitter:data2\" content=\"4 minutos\" \/>\n<script type=\"application\/ld+json\" class=\"yoast-schema-graph\">{\"@context\":\"https:\/\/schema.org\",\"@graph\":[{\"@type\":\"NewsArticle\",\"@id\":\"https:\/\/www.suno.com.br\/noticias\/ambev-abev3-itau-bba-gpj\/#article\",\"isPartOf\":{\"@id\":\"https:\/\/www.suno.com.br\/noticias\/ambev-abev3-itau-bba-gpj\/\"},\"author\":{\"name\":\"Giovanni Porf\u00edrio Jacomino\",\"@id\":\"https:\/\/www.suno.com.br\/noticias\/#\/schema\/person\/d0f32748bbca4bee871fa191ee4e2d40\"},\"headline\":\"Ambev (ABEV3): banco reduz estimativas e corta pre\u00e7o-alvo para a a\u00e7\u00e3o; saiba mais\",\"datePublished\":\"2024-02-02T12:03:22+00:00\",\"dateModified\":\"2024-02-02T12:03:30+00:00\",\"mainEntityOfPage\":{\"@id\":\"https:\/\/www.suno.com.br\/noticias\/ambev-abev3-itau-bba-gpj\/\"},\"wordCount\":791,\"publisher\":{\"@id\":\"https:\/\/www.suno.com.br\/noticias\/#organization\"},\"image\":{\"@id\":\"https:\/\/www.suno.com.br\/noticias\/ambev-abev3-itau-bba-gpj\/#primaryimage\"},\"thumbnailUrl\":\"https:\/\/files.sunoresearch.com.br\/n\/uploads\/2023\/05\/agenda-ambev-bradesco-embraer-balanco.jpg\",\"keywords\":[\"A\u00e7\u00f5es\",\"AMBEV (ABEV3)\",\"Especialistas\"],\"articleSection\":[\"Neg\u00f3cios\"],\"inLanguage\":\"pt-BR\"},{\"@type\":\"WebPage\",\"@id\":\"https:\/\/www.suno.com.br\/noticias\/ambev-abev3-itau-bba-gpj\/\",\"url\":\"https:\/\/www.suno.com.br\/noticias\/ambev-abev3-itau-bba-gpj\/\",\"name\":\"Ambev (ABEV3): banco reduz estimativas e corta pre\u00e7o-alvo\",\"isPartOf\":{\"@id\":\"https:\/\/www.suno.com.br\/noticias\/#website\"},\"primaryImageOfPage\":{\"@id\":\"https:\/\/www.suno.com.br\/noticias\/ambev-abev3-itau-bba-gpj\/#primaryimage\"},\"image\":{\"@id\":\"https:\/\/www.suno.com.br\/noticias\/ambev-abev3-itau-bba-gpj\/#primaryimage\"},\"thumbnailUrl\":\"https:\/\/files.sunoresearch.com.br\/n\/uploads\/2023\/05\/agenda-ambev-bradesco-embraer-balanco.jpg\",\"datePublished\":\"2024-02-02T12:03:22+00:00\",\"dateModified\":\"2024-02-02T12:03:30+00:00\",\"description\":\"Em seu relat\u00f3rio mais recente sobre a Ambev, analistas do Ita\u00fa BBA revisaram para baixo as estimativas para o desempenho da companhia em 2024.\",\"breadcrumb\":{\"@id\":\"https:\/\/www.suno.com.br\/noticias\/ambev-abev3-itau-bba-gpj\/#breadcrumb\"},\"inLanguage\":\"pt-BR\",\"potentialAction\":[{\"@type\":\"ReadAction\",\"target\":[\"https:\/\/www.suno.com.br\/noticias\/ambev-abev3-itau-bba-gpj\/\"]}]},{\"@type\":\"ImageObject\",\"inLanguage\":\"pt-BR\",\"@id\":\"https:\/\/www.suno.com.br\/noticias\/ambev-abev3-itau-bba-gpj\/#primaryimage\",\"url\":\"https:\/\/files.sunoresearch.com.br\/n\/uploads\/2023\/05\/agenda-ambev-bradesco-embraer-balanco.jpg\",\"contentUrl\":\"https:\/\/files.sunoresearch.com.br\/n\/uploads\/2023\/05\/agenda-ambev-bradesco-embraer-balanco.jpg\",\"width\":1200,\"height\":800,\"caption\":\"Ambev (ABEV3). Foto: Divulga\u00e7\u00e3o\/Ambev\"},{\"@type\":\"BreadcrumbList\",\"@id\":\"https:\/\/www.suno.com.br\/noticias\/ambev-abev3-itau-bba-gpj\/#breadcrumb\",\"itemListElement\":[{\"@type\":\"ListItem\",\"position\":1,\"name\":\"Not\u00edcias\",\"item\":\"https:\/\/www.suno.com.br\/noticias\/\"},{\"@type\":\"ListItem\",\"position\":2,\"name\":\"Neg\u00f3cios\",\"item\":\"https:\/\/www.suno.com.br\/noticias\/negocios\/\"},{\"@type\":\"ListItem\",\"position\":3,\"name\":\"Ambev (ABEV3): banco reduz estimativas e corta pre\u00e7o-alvo para a a\u00e7\u00e3o; saiba mais\"}]},{\"@type\":\"WebSite\",\"@id\":\"https:\/\/www.suno.com.br\/noticias\/#website\",\"url\":\"https:\/\/www.suno.com.br\/noticias\/\",\"name\":\"Suno Not\u00edcias\",\"description\":\"Seu portal de informa\u00e7\u00e3o sobre o mundo dos investimentos\",\"publisher\":{\"@id\":\"https:\/\/www.suno.com.br\/noticias\/#organization\"},\"potentialAction\":[{\"@type\":\"SearchAction\",\"target\":{\"@type\":\"EntryPoint\",\"urlTemplate\":\"https:\/\/www.suno.com.br\/noticias\/?s={search_term_string}\"},\"query-input\":{\"@type\":\"PropertyValueSpecification\",\"valueRequired\":true,\"valueName\":\"search_term_string\"}}],\"inLanguage\":\"pt-BR\"},{\"@type\":\"Organization\",\"@id\":\"https:\/\/www.suno.com.br\/noticias\/#organization\",\"name\":\"Suno Not\u00edcias\",\"url\":\"https:\/\/www.suno.com.br\/noticias\/\",\"logo\":{\"@type\":\"ImageObject\",\"inLanguage\":\"pt-BR\",\"@id\":\"https:\/\/www.suno.com.br\/noticias\/#\/schema\/logo\/image\/\",\"url\":\"https:\/\/files.sunoresearch.com.br\/n\/uploads\/2021\/09\/suno-logo.png\",\"contentUrl\":\"https:\/\/files.sunoresearch.com.br\/n\/uploads\/2021\/09\/suno-logo.png\",\"width\":180,\"height\":180,\"caption\":\"Suno Not\u00edcias\"},\"image\":{\"@id\":\"https:\/\/www.suno.com.br\/noticias\/#\/schema\/logo\/image\/\"},\"sameAs\":[\"https:\/\/facebook.com\/sunoresearch\",\"https:\/\/x.com\/sunoresearch\",\"https:\/\/www.instagram.com\/suno\",\"https:\/\/www.linkedin.com\/company\/suno-research\/\",\"https:\/\/www.youtube.com\/c\/sunoresearch\"]},{\"@type\":\"Person\",\"@id\":\"https:\/\/www.suno.com.br\/noticias\/#\/schema\/person\/d0f32748bbca4bee871fa191ee4e2d40\",\"name\":\"Giovanni Porf\u00edrio Jacomino\",\"image\":{\"@type\":\"ImageObject\",\"inLanguage\":\"pt-BR\",\"@id\":\"https:\/\/www.suno.com.br\/noticias\/#\/schema\/person\/image\/\",\"url\":\"https:\/\/secure.gravatar.com\/avatar\/efb32e19b730a121cb7a80f41ffec01a?s=96&r=g\",\"contentUrl\":\"https:\/\/secure.gravatar.com\/avatar\/efb32e19b730a121cb7a80f41ffec01a?s=96&r=g\",\"caption\":\"Giovanni Porf\u00edrio Jacomino\"},\"description\":\"Giovanni Porf\u00edrio Jacomino \u00e9 jornalista formado pela Universidade Estadual de Londrina (UEL) e p\u00f3s-graduado em Produ\u00e7\u00e3o e Pr\u00e1ticas Jornal\u00edsticas na Contemporaneidade na Faculdade C\u00e1sper L\u00edbero (FCL). Foi editor web no Startupi e no Finsiders, atuando ainda como editor no TC Mover, portal de not\u00edcias da TradersClub, fazendo a cobertura de assuntos relacionados ao mercado financeiro interno e externo. Atualmente, \u00e9 Rep\u00f3rter do Suno Not\u00edcias.\",\"url\":\"https:\/\/www.suno.com.br\/noticias\/author\/giovanni-porfiriosuno-com-br\/\"}]}<\/script>\n<!-- \/ Yoast SEO plugin. -->","yoast_head_json":{"title":"Ambev (ABEV3): banco reduz estimativas e corta pre\u00e7o-alvo","description":"Em seu relat\u00f3rio mais recente sobre a Ambev, analistas do Ita\u00fa BBA revisaram para baixo as estimativas para o desempenho da companhia em 2024.","robots":{"index":"index","follow":"follow","max-snippet":"max-snippet:-1","max-image-preview":"max-image-preview:large","max-video-preview":"max-video-preview:-1"},"canonical":"https:\/\/www.suno.com.br\/noticias\/ambev-abev3-itau-bba-gpj\/","og_locale":"pt_BR","og_type":"article","og_title":"Ambev (ABEV3): banco reduz estimativas e corta pre\u00e7o-alvo","og_description":"Em seu relat\u00f3rio mais recente sobre a Ambev, analistas do Ita\u00fa BBA revisaram para baixo as estimativas para o desempenho da companhia em 2024.","og_url":"https:\/\/www.suno.com.br\/noticias\/ambev-abev3-itau-bba-gpj\/","og_site_name":"Suno Not\u00edcias","article_publisher":"https:\/\/facebook.com\/sunoresearch","og_image":[{"width":1200,"height":800,"url":"https:\/\/files.sunoresearch.com.br\/n\/uploads\/2023\/05\/agenda-ambev-bradesco-embraer-balanco.jpg","type":"image\/jpeg"}],"author":"Giovanni Porf\u00edrio Jacomino","twitter_card":"summary_large_image","twitter_creator":"@sunoresearch","twitter_site":"@sunoresearch","twitter_misc":{"Escrito por":"Giovanni Porf\u00edrio Jacomino","Est. tempo de leitura":"4 minutos"},"schema":{"@context":"https:\/\/schema.org","@graph":[{"@type":"NewsArticle","@id":"https:\/\/www.suno.com.br\/noticias\/ambev-abev3-itau-bba-gpj\/#article","isPartOf":{"@id":"https:\/\/www.suno.com.br\/noticias\/ambev-abev3-itau-bba-gpj\/"},"author":{"name":"Giovanni Porf\u00edrio Jacomino","@id":"https:\/\/www.suno.com.br\/noticias\/#\/schema\/person\/d0f32748bbca4bee871fa191ee4e2d40"},"headline":"Ambev (ABEV3): banco reduz estimativas e corta pre\u00e7o-alvo para a a\u00e7\u00e3o; saiba mais","datePublished":"2024-02-02T12:03:22+00:00","dateModified":"2024-02-02T12:03:30+00:00","mainEntityOfPage":{"@id":"https:\/\/www.suno.com.br\/noticias\/ambev-abev3-itau-bba-gpj\/"},"wordCount":791,"publisher":{"@id":"https:\/\/www.suno.com.br\/noticias\/#organization"},"image":{"@id":"https:\/\/www.suno.com.br\/noticias\/ambev-abev3-itau-bba-gpj\/#primaryimage"},"thumbnailUrl":"https:\/\/files.sunoresearch.com.br\/n\/uploads\/2023\/05\/agenda-ambev-bradesco-embraer-balanco.jpg","keywords":["A\u00e7\u00f5es","AMBEV (ABEV3)","Especialistas"],"articleSection":["Neg\u00f3cios"],"inLanguage":"pt-BR"},{"@type":"WebPage","@id":"https:\/\/www.suno.com.br\/noticias\/ambev-abev3-itau-bba-gpj\/","url":"https:\/\/www.suno.com.br\/noticias\/ambev-abev3-itau-bba-gpj\/","name":"Ambev (ABEV3): banco reduz estimativas e corta pre\u00e7o-alvo","isPartOf":{"@id":"https:\/\/www.suno.com.br\/noticias\/#website"},"primaryImageOfPage":{"@id":"https:\/\/www.suno.com.br\/noticias\/ambev-abev3-itau-bba-gpj\/#primaryimage"},"image":{"@id":"https:\/\/www.suno.com.br\/noticias\/ambev-abev3-itau-bba-gpj\/#primaryimage"},"thumbnailUrl":"https:\/\/files.sunoresearch.com.br\/n\/uploads\/2023\/05\/agenda-ambev-bradesco-embraer-balanco.jpg","datePublished":"2024-02-02T12:03:22+00:00","dateModified":"2024-02-02T12:03:30+00:00","description":"Em seu relat\u00f3rio mais recente sobre a Ambev, analistas do Ita\u00fa BBA revisaram para baixo as estimativas para o desempenho da companhia em 2024.","breadcrumb":{"@id":"https:\/\/www.suno.com.br\/noticias\/ambev-abev3-itau-bba-gpj\/#breadcrumb"},"inLanguage":"pt-BR","potentialAction":[{"@type":"ReadAction","target":["https:\/\/www.suno.com.br\/noticias\/ambev-abev3-itau-bba-gpj\/"]}]},{"@type":"ImageObject","inLanguage":"pt-BR","@id":"https:\/\/www.suno.com.br\/noticias\/ambev-abev3-itau-bba-gpj\/#primaryimage","url":"https:\/\/files.sunoresearch.com.br\/n\/uploads\/2023\/05\/agenda-ambev-bradesco-embraer-balanco.jpg","contentUrl":"https:\/\/files.sunoresearch.com.br\/n\/uploads\/2023\/05\/agenda-ambev-bradesco-embraer-balanco.jpg","width":1200,"height":800,"caption":"Ambev (ABEV3). Foto: Divulga\u00e7\u00e3o\/Ambev"},{"@type":"BreadcrumbList","@id":"https:\/\/www.suno.com.br\/noticias\/ambev-abev3-itau-bba-gpj\/#breadcrumb","itemListElement":[{"@type":"ListItem","position":1,"name":"Not\u00edcias","item":"https:\/\/www.suno.com.br\/noticias\/"},{"@type":"ListItem","position":2,"name":"Neg\u00f3cios","item":"https:\/\/www.suno.com.br\/noticias\/negocios\/"},{"@type":"ListItem","position":3,"name":"Ambev (ABEV3): banco reduz estimativas e corta pre\u00e7o-alvo para a a\u00e7\u00e3o; saiba mais"}]},{"@type":"WebSite","@id":"https:\/\/www.suno.com.br\/noticias\/#website","url":"https:\/\/www.suno.com.br\/noticias\/","name":"Suno Not\u00edcias","description":"Seu portal de informa\u00e7\u00e3o sobre o mundo dos investimentos","publisher":{"@id":"https:\/\/www.suno.com.br\/noticias\/#organization"},"potentialAction":[{"@type":"SearchAction","target":{"@type":"EntryPoint","urlTemplate":"https:\/\/www.suno.com.br\/noticias\/?s={search_term_string}"},"query-input":{"@type":"PropertyValueSpecification","valueRequired":true,"valueName":"search_term_string"}}],"inLanguage":"pt-BR"},{"@type":"Organization","@id":"https:\/\/www.suno.com.br\/noticias\/#organization","name":"Suno Not\u00edcias","url":"https:\/\/www.suno.com.br\/noticias\/","logo":{"@type":"ImageObject","inLanguage":"pt-BR","@id":"https:\/\/www.suno.com.br\/noticias\/#\/schema\/logo\/image\/","url":"https:\/\/files.sunoresearch.com.br\/n\/uploads\/2021\/09\/suno-logo.png","contentUrl":"https:\/\/files.sunoresearch.com.br\/n\/uploads\/2021\/09\/suno-logo.png","width":180,"height":180,"caption":"Suno Not\u00edcias"},"image":{"@id":"https:\/\/www.suno.com.br\/noticias\/#\/schema\/logo\/image\/"},"sameAs":["https:\/\/facebook.com\/sunoresearch","https:\/\/x.com\/sunoresearch","https:\/\/www.instagram.com\/suno","https:\/\/www.linkedin.com\/company\/suno-research\/","https:\/\/www.youtube.com\/c\/sunoresearch"]},{"@type":"Person","@id":"https:\/\/www.suno.com.br\/noticias\/#\/schema\/person\/d0f32748bbca4bee871fa191ee4e2d40","name":"Giovanni Porf\u00edrio Jacomino","image":{"@type":"ImageObject","inLanguage":"pt-BR","@id":"https:\/\/www.suno.com.br\/noticias\/#\/schema\/person\/image\/","url":"https:\/\/secure.gravatar.com\/avatar\/efb32e19b730a121cb7a80f41ffec01a?s=96&r=g","contentUrl":"https:\/\/secure.gravatar.com\/avatar\/efb32e19b730a121cb7a80f41ffec01a?s=96&r=g","caption":"Giovanni Porf\u00edrio Jacomino"},"description":"Giovanni Porf\u00edrio Jacomino \u00e9 jornalista formado pela Universidade Estadual de Londrina (UEL) e p\u00f3s-graduado em Produ\u00e7\u00e3o e Pr\u00e1ticas Jornal\u00edsticas na Contemporaneidade na Faculdade C\u00e1sper L\u00edbero (FCL). Foi editor web no Startupi e no Finsiders, atuando ainda como editor no TC Mover, portal de not\u00edcias da TradersClub, fazendo a cobertura de assuntos relacionados ao mercado financeiro interno e externo. Atualmente, \u00e9 Rep\u00f3rter do Suno Not\u00edcias.","url":"https:\/\/www.suno.com.br\/noticias\/author\/giovanni-porfiriosuno-com-br\/"}]}},"default_loop_html":"<div class=\"cardsPage__listCard__boxs\"><div class=\"cardsPage__listCard__boxs__img\"><a href=\"https:\/\/www.suno.com.br\/noticias\/ambev-abev3-itau-bba-gpj\/\"><img class=\"mask\" src=\"https:\/\/www.suno.com.br\/noticias\/wp-content\/themes\/suno\/resources\/images\/spotlight\/spotlight1img\/bg-mask.png\" alt=\"Image Mask\"\/><img src=\"https:\/\/files.sunoresearch.com.br\/n\/uploads\/2023\/05\/agenda-ambev-bradesco-embraer-balanco-400x200.jpg\" alt=\"Ambev (ABEV3): banco reduz estimativas e corta pre\u00e7o-alvo para a a\u00e7\u00e3o; saiba mais\"\/><\/a><span class=\"spotlightCategory\"><a href=\"https:\/\/www.suno.com.br\/noticias\/negocios\/\">Neg\u00f3cios<\/a><\/span><\/div><div class=\"cardsPage__listCard__boxs__content\"><a href=\"https:\/\/www.suno.com.br\/noticias\/ambev-abev3-itau-bba-gpj\/\"><h2 class=\"content__title\">Ambev (ABEV3): banco reduz estimativas e corta pre\u00e7o-alvo para a a\u00e7\u00e3o; saiba mais<\/h2><\/a><div class=\"newsContent__article__meta\"><div class=\"newsContent__article__meta__authorBox\"><a href=\"https:\/\/www.suno.com.br\/noticias\/author\/eduardo-vargas\/\" class=\"authorBox__avatar noMobi\"><img src=\"https:\/\/secure.gravatar.com\/avatar\/dac340933427a22924c9f99d1eb2e3f2?s=96&#038;r=g\" alt=\"Eduardo Vargas\"><\/a><div class=\"authorBox__name\"><span>por\n\t\t\t<a href=\"https:\/\/www.suno.com.br\/noticias\/author\/eduardo-vargas\/\"><span itemprop=\"author\">Eduardo Vargas<\/span><\/a><\/span><time datetime=\"2024-02-02T09:03:22-03:00\" itemprop=\"datePublished\">02\/02\/2024 09:03<\/time><\/div><\/div><\/div><\/div><\/div>","single_layout":"posts","amp_enabled":true,"_links":{"self":[{"href":"https:\/\/www.suno.com.br\/noticias\/wp-json\/wp\/v2\/posts\/519301"}],"collection":[{"href":"https:\/\/www.suno.com.br\/noticias\/wp-json\/wp\/v2\/posts"}],"about":[{"href":"https:\/\/www.suno.com.br\/noticias\/wp-json\/wp\/v2\/types\/post"}],"author":[{"embeddable":true,"href":"https:\/\/www.suno.com.br\/noticias\/wp-json\/wp\/v2\/users\/313"}],"replies":[{"embeddable":true,"href":"https:\/\/www.suno.com.br\/noticias\/wp-json\/wp\/v2\/comments?post=519301"}],"version-history":[{"count":2,"href":"https:\/\/www.suno.com.br\/noticias\/wp-json\/wp\/v2\/posts\/519301\/revisions"}],"predecessor-version":[{"id":519335,"href":"https:\/\/www.suno.com.br\/noticias\/wp-json\/wp\/v2\/posts\/519301\/revisions\/519335"}],"wp:featuredmedia":[{"embeddable":true,"href":"https:\/\/www.suno.com.br\/noticias\/wp-json\/wp\/v2\/media\/399181"}],"wp:attachment":[{"href":"https:\/\/www.suno.com.br\/noticias\/wp-json\/wp\/v2\/media?parent=519301"}],"wp:term":[{"taxonomy":"category","embeddable":true,"href":"https:\/\/www.suno.com.br\/noticias\/wp-json\/wp\/v2\/categories?post=519301"},{"taxonomy":"post_tag","embeddable":true,"href":"https:\/\/www.suno.com.br\/noticias\/wp-json\/wp\/v2\/tags?post=519301"},{"taxonomy":"suno_strategy","embeddable":true,"href":"https:\/\/www.suno.com.br\/noticias\/wp-json\/wp\/v2\/suno_strategy?post=519301"}],"curies":[{"name":"wp","href":"https:\/\/api.w.org\/{rel}","templated":true}]}}