{"id":519280,"date":"2024-02-02T07:56:07","date_gmt":"2024-02-02T10:56:07","guid":{"rendered":"https:\/\/www.suno.com.br\/noticias\/?p=519280"},"modified":"2024-02-02T07:56:15","modified_gmt":"2024-02-02T10:56:15","slug":"vale-vale3-conselho-adiar-novo-presidente-gpj","status":"publish","type":"post","link":"https:\/\/www.suno.com.br\/noticias\/vale-vale3-conselho-adiar-novo-presidente-gpj\/","title":{"rendered":"Vale (VALE3): conselho pode adiar decis\u00e3o sobre novo presidente, diz jornal"},"content":{"rendered":"<p>Ap\u00f3s desgaste p\u00fablico provocado pela tentativa do presidente Lula emplacar o ex-ministro da Fazenda Guido Mantega na presid\u00eancia da <strong>Vale <\/strong>(<a href=\"https:\/\/statusinvest.com.br\/acoes\/vale3\">VALE3<\/a>), representantes dos acionistas da mineradora avaliam adiar a decis\u00e3o sobre sucess\u00e3o na empresa para ganhar tempo, segundo o jornal O Estado de S. Paulo.<\/p>\t<div class=\"wrapper-featured-image\">\n\t\t<figure class=\"spotlightImg\">\n\n\t\t\t<picture>\n\t\t\t\t<source media=\"(max-width: 768px)\" srcset=\"https:\/\/files.sunoresearch.com.br\/n\/uploads\/2023\/04\/vale_vale3-1-400x200.jpg\">\n\t\t\t\t<img loading=\"lazy\" decoding=\"async\" class=\"newsContent__article__imgCapa lazyloadDisabled \" src=\"https:\/\/files.sunoresearch.com.br\/n\/uploads\/2023\/04\/vale_vale3-1-800x450.jpg\" width=\"800\" height=\"450\" alt=\"Vale (VALE3): conselho pode adiar decis\u00e3o sobre novo presidente, diz jornal\" fetchpriority=high \/>\n\t\t\t<\/picture>\n\n\t\t\t<figcaption class=\"wp-caption-text wp-caption-text--show\">Vale sobe 1,92% e lidera ganhos do dia. Foto: Ag\u00eancia Vale<\/figcaption>\n\t\t<\/figure>\n\t<\/div>\n\n\n\n\n\n\n\n\t<p>\n\t\t<a href=\"\" target=\"_blank\" data-element=\"shortcode-suno-banner\" title=\"Banner SUNO, clique e saiba mais\">\n\t\t\t<picture>\n\t\t\t\t<source media=\"(max-width: 500px)\" srcset=\"\">\n\t\t\t\t<img class=\"newsContent__article__imgCapa newsContent__article__imgCapa--banner\"\n\t\t\t\t\tsrc=\"\"\n\t\t\t\t\tdata-promo-id=\"250706\"\t\t\t\t\t\t\t\t\t\t\t\t\t\t\talt=\"\"\n\t\t\t\t>\n\t\t\t<\/picture>\n\t\t<\/a>\n\t<\/p>\n\n\n\n\n\n<p>Est\u00e1 marcada para esta sexta (02) uma reuni\u00e3o extraordin\u00e1ria do <a href=\"https:\/\/www.suno.com.br\/artigos\/conselho-administracao\/\">conselho de administra\u00e7\u00e3o<\/a> para avaliar e decidir se o<strong> <\/strong>atual<strong> presidente da Vale<\/strong>, <strong>Eduardo Bartolomeu<\/strong>, ficar\u00e1 ou n\u00e3o no cargo.<\/p>\n\n\n\n<p>Segundo dois conselheiros ouvidos pelo Estad\u00e3o, no entanto, a expectativa \u00e9 de que n\u00e3o haja uma decis\u00e3o final, o que pode estender o debate sobre a sucess\u00e3o na empresa at\u00e9 maio, quando se encerra o mandato de <strong>Bartolomeu<\/strong>.<\/p>\n\n\n\n<p>Ainda de acordo com o jornal, para alguns acionistas, h\u00e1 a preocupa\u00e7\u00e3o de n\u00e3o transformar a troca de comando na empresa em uma derrota para<strong> Lula<\/strong> ou para o governo. Aliados do <strong>Presidente da Rep\u00fablica<\/strong> n\u00e3o desistiram de tentar influenciar na sucess\u00e3o, sendo que para eles, o desfecho ideal desta sexta-feira seria o conselho n\u00e3o renovar o mandato de Bartolomeo e sinalizar a busca por um novo nome.<\/p>\n\n\n\n<p>O Estad\u00e3o afirma que, entre os s\u00f3cios, Bartolomeu sofre a resist\u00eancia da <strong>Previ<\/strong>, fundo de pens\u00e3o dos funcion\u00e1rios do <strong>Banco do Brasil<\/strong> (<strong><a href=\"https:\/\/statusinvest.com.br\/acoes\/bbas3\">BBAS3<\/a><\/strong>), que j\u00e1 teria demonstrado nos bastidores o interesse em trocar o executivo. Para eles, o <strong>desempenho da Vale<\/strong> diante das concorrentes tem deixado a desejar.<\/p>\n\n\n\n<p>Neste contexto, o nome de <strong>Luiz Henrique Guimar\u00e3es<\/strong> &#8211; ex-presidente da <strong>Cosan<\/strong> (<strong><a href=\"https:\/\/statusinvest.com.br\/acoes\/csan3\">CSAN3<\/a><\/strong>) e hoje conselheiro da Vale, voltou a ganhar relev\u00e2ncia na disputa, mas ainda esbarra na aceita\u00e7\u00e3o dos s\u00f3cios.<\/p>\n\n\n\n<p>Assim, uma das op\u00e7\u00f5es \u00e9 propor um mandato mais curto para Bartolomeu &#8211; de um ano em vez de tr\u00eas &#8211; ou incluir o executivo no processo sucess\u00f3rio como parte de uma lista tr\u00edplice, cuja escolha ocorreria mais adiante &#8211; diz o jornal. <\/p>\n\n\n\n\t<div data-element=\"shortcode-read-more\" class=\"readToo\">\n\t\t\t\t<span class=\"readToo__title\">Leia mais<\/span>\n\t\t\t\t<ul class=\"readToo__list\">\n\t\t\t<li><a href=\"https:\/\/www.suno.com.br\/noticias\/vale-vale3-carteira-dividendos-bb-bi-evm\/\">Vale (VALE3) entra em carteira de dividendos do BB-BI; veja<\/a><\/li><li><a href=\"https:\/\/www.suno.com.br\/noticias\/vale-vale3-producao-minerio-de-ferro-quarto-trimestre-2023-lt\/\">Vale (VALE3): produ\u00e7\u00e3o de min\u00e9rio de ferro sobe 10,6% no 4T23, para 89,3 milh\u00f5es de toneladas \u00a0<\/a><\/li><li><a href=\"https:\/\/www.suno.com.br\/noticias\/vale-vale3-acordo-acordo-xp\/\">Vale (VALE3): Potencial novo acordo de repara\u00e7\u00e3o da Samarco pode impactar a\u00e7\u00f5es em at\u00e9 12%, estima XP<\/a><\/li>\t\t<\/ul>\n\t<\/div>\n\n\n\n\n<h2 class=\"wp-block-heading\">Vale (VALE3) segue como favorita do BTG para dividendos; entenda<\/h2>\n\n\n\n<p>Em novo relat\u00f3rio sobre sua carteira mensal de&nbsp;<a href=\"https:\/\/www.suno.com.br\/guias\/dividendos\/\" target=\"_blank\" rel=\"noreferrer noopener\">dividendos<\/a>, analistas do BTG Pactual mantiveram a&nbsp;Vale como a companhia de maior peso no portf\u00f3lio.<\/p>\n\n\n\n<p>Juntamente com as&nbsp;<strong>a\u00e7\u00f5es da Vale<\/strong>, os especialistas mantiveram tamb\u00e9m os pap\u00e9is da&nbsp;<a target=\"_blank\" href=\"https:\/\/www.suno.com.br\/acoes\/PETR4\/\" rel=\"noreferrer noopener\">Petrobras (PETR4)<\/a>&nbsp;com igual peso na carteira \u2013 de 15%.<\/p>\n\n\n\n<p>A tese \u00e9 de que&nbsp;<strong>VALE3<\/strong>&nbsp;ter\u00e1 um ambiente operacional melhor em 2024, com os mercados de min\u00e9rio de ferro caminhando para mais um ano de d\u00e9ficits e cont\u00ednuas revis\u00f5es positivas de lucros.<\/p>\n\n\n\n<p>\u201cAgora estamos mais confiantes de que a performance operacional mais fraca da empresa ficou para tr\u00e1s e que a produ\u00e7\u00e3o\/vendas e o desempenho de custos devem continuar a melhorar. Acreditamos que h\u00e1 muito pouco precificado nas a\u00e7\u00f5es neste momento\u201d, diz o BTG.<\/p>\n\n\n\n<p>\u201cEspera-se que a produ\u00e7\u00e3o chinesa de a\u00e7o bruto permane\u00e7a acima de 1 bilh\u00e3o de toneladas, j\u00e1 que a demanda por infraestrutura\/manufatura + exporta\u00e7\u00f5es devem compensar um&nbsp;<a target=\"_blank\" href=\"https:\/\/www.suno.com.br\/artigos\/mercado-imobiliario\/\" rel=\"noreferrer noopener\">mercado imobili\u00e1rio<\/a>&nbsp;ainda fraco. Estimamos outro d\u00e9ficit no mercado este ano, provavelmente sustentando os pre\u00e7os em n\u00edveis elevados \u2013 atualmente na faixa de US$130-140 por tonelada\u201d, completa.<\/p>\n\n\n\n<p>Os analistas modelam os pre\u00e7os do min\u00e9rio de ferro em uma m\u00e9dia de US$ 120 por tonelada para o ano, que ainda est\u00e1 acima do mercado, e esperam ver mais revis\u00f5es positivas nos pr\u00f3ximos meses.<\/p>\n\n\n\n<p>\u201cNesses n\u00edveis, vemos a Vale negociando abaixo de 4x EV\/EBITDA 24, e esperamos yields de de aproximadamente 13%, incluindo recompras de a\u00e7\u00f5es, o que consideramos atrativo\u201d.<\/p>\n\n\n\n<p>Por fim, em seu relat\u00f3rio sobre a&nbsp;<strong>carteira de dividendos<\/strong>, a casa destaca que a Vale tem o melhor momento de resultados dentro da cobertura de Metais &amp; Minera\u00e7\u00e3o da casa.<\/p>\n\n\n\n<p><a href=\"https:\/\/statusinvest.com.br\/acoes\/vale3?__hstc=189907700.674549737edc6c0d35b513e71653f5fb.1705313334628.1706813096259.1706868649955.67&amp;__hssc=189907700.4.1706868649955&amp;__hsfp=1205640933\">Conforme os dados do Status Invest<\/a>, os&nbsp;<strong>dividendos da Vale<\/strong>&nbsp;atualmente representam um dividend yield (DY) de 9%, dado que foram pagos R$ 6,07 por a\u00e7\u00e3o no acumulado dos \u00faltimos 12 meses.<\/p>\n\n\n\t<p>\n\t\t<a href=\"https:\/\/lp.suno.com.br\/ebook-como-analisar-uma-acao\/\" target=\"_blank\" data-element=\"shortcode-suno-banner\" title=\"Banner SUNO, clique e saiba mais\">\n\t\t\t<picture>\n\t\t\t\t<source media=\"(max-width: 500px)\" srcset=\"https:\/\/files.sunoresearch.com.br\/n\/uploads\/2023\/03\/Ebook-Acoes-Mobile.jpg\">\n\t\t\t\t<img class=\"newsContent__article__imgCapa newsContent__article__imgCapa--banner\"\n\t\t\t\t\tsrc=\"https:\/\/files.sunoresearch.com.br\/n\/uploads\/2023\/03\/Ebook-Acoes-Desktop.jpg\"\n\t\t\t\t\tdata-promo-id=\"378302\"\t\t\t\t\t\t\t\t\t\twidth='1420' height='286'\t\t\t\t\talt=\"https:\/\/files.sunoresearch.com.br\/n\/uploads\/2023\/03\/Ebook-Acoes-Desktop.jpg\"\n\t\t\t\t>\n\t\t\t<\/picture>\n\t\t<\/a>\n\t<\/p>\n\n\n\n\n\n<h2 class=\"wp-block-heading\">Desempenho das a\u00e7\u00f5es de Vale<\/h2>\n\n\n\n<p>No fechamento de quinta-feira (1), as a\u00e7\u00f5es de <strong>Vale<\/strong> encerram o dia em queda de 0,46%, a R$ 67,45. No ano, os pap\u00e9is caem 12%, segundo o Status Invest.<\/p>\n\n\n\n<div class=\"pluginQuotation\">\n  <p class=\"ticker\">\n    Cota\u00e7\u00e3o <span>VALE3<\/span>\n  <\/p>\n  <div class=\"info\">\n    <div class=\"leftSide\">\n      Gr\u00e1fico gerado em: 02\/02\/2024    <\/div>\n\t\t\t\t\t<div class=\"rightSide\">\n\t\t\t\t\t<span class=\"period\">\n\t\t\t\t\t\t1 Dia\t\t\t\t\t<\/span>\n\t\t\t<\/div>\n\t\t  <\/div>\n\n  <div id=\"chart-9e40d43101e9a67689e440700d40ede9\" data-block-hash=\"9e40d43101e9a67689e440700d40ede9\"  class=\"chart\" style=\"width:100%;height:400px;\"><\/div>\n\n  <div class=\"pluginQuotation__footer\">\n    <div class=\"dataChart\">\n\n      <div class=\"dataChart__div1 variation\">\n        <div class=\"value-negative\">\n          -0,81 (-0,55%)        <\/div>\n        <div class=\"text\">\n          Varia\u00e7\u00e3o do per\u00edodo\n        <\/div>\n      <\/div>\n\n      <div class=\"dataChart__div2 minMax\">\n        <div class=\"value\">\n          R$\u00a067,33        <\/div>\n        <div class=\"text\">\n          M\u00ednima\n        <\/div>\n      <\/div>\n\n      <div class=\"dataChart__div3 minMax\">\n        <div class=\"value\">\n          R$\u00a068,13        <\/div>\n        <div class=\"text\">\n          M\u00e1xima\n        <\/div>\n      <\/div>\n\n\t\t\t<div class=\"dataChart__div4 rightSide\">\n\t\t\t\t<div class=\"analiticaSource\">\n\t\t\t\t\t<span>\n\t\t\t\t\t\tFonte:\n\t\t\t\t\t<\/span>\n\t\t\t\t\t<img decoding=\"async\" class=\"analiticaLogo\" src=\"https:\/\/www.suno.com.br\/noticias\/wp-content\/plugins\/suno-block-ticker-quotation\/src\/suno-analitica-logo.png\" alt=\"Logo Suno Anal\u00edtica\" \/>\n\t\t\t\t<\/div>\n\n\t\t\t\t<a href=\"https:\/\/www.suno.com.br\/analitica\/acoes\/VALE3\" target=\"_blank\">\n\t\t\t\t\t<span>\n\t\t\t\t\t\tVer mais cota\u00e7\u00f5es\n\t\t\t\t\t<\/span>\n\t\t\t\t\t<svg xmlns=\"http:\/\/www.w3.org\/2000\/svg\" width=\"9\" height=\"8\" viewBox=\"0 0 9 8\" fill=\"none\">\n\t\t\t\t\t\t<path d=\"M4.20996 0L3.50496 0.705L6.29496 3.5H0.209961V4.5H6.29496L3.50496 7.295L4.20996 8L8.20996 4L4.20996 0Z\" fill=\"#D42126\" \/>\n\t\t\t\t\t<\/svg>\n\t\t\t\t<\/a>\n    <\/div>\n\n    <\/div>\n  <\/div>\n<\/div>\n\n\n<script type=\"text\/javascript\">\n  let chart_9e40d43101e9a67689e440700d40ede9 = document.getElementById('chart-9e40d43101e9a67689e440700d40ede9');\n  let data_json_9e40d43101e9a67689e440700d40ede9 = \"[{\\\"date\\\":\\\"01\\\\\\\/02\\\\\\\/24 10:02\\\",\\\"value\\\":68},{\\\"date\\\":\\\"01\\\\\\\/02\\\\\\\/24 10:04\\\",\\\"value\\\":68.01},{\\\"date\\\":\\\"01\\\\\\\/02\\\\\\\/24 10:06\\\",\\\"value\\\":68.02},{\\\"date\\\":\\\"01\\\\\\\/02\\\\\\\/24 10:08\\\",\\\"value\\\":68.02},{\\\"date\\\":\\\"01\\\\\\\/02\\\\\\\/24 10:10\\\",\\\"value\\\":68.02},{\\\"date\\\":\\\"01\\\\\\\/02\\\\\\\/24 10:12\\\",\\\"value\\\":68.11},{\\\"date\\\":\\\"01\\\\\\\/02\\\\\\\/24 10:14\\\",\\\"value\\\":68.13},{\\\"date\\\":\\\"01\\\\\\\/02\\\\\\\/24 10:16\\\",\\\"value\\\":68.13},{\\\"date\\\":\\\"01\\\\\\\/02\\\\\\\/24 10:18\\\",\\\"value\\\":68.12},{\\\"date\\\":\\\"01\\\\\\\/02\\\\\\\/24 10:20\\\",\\\"value\\\":68.11},{\\\"date\\\":\\\"01\\\\\\\/02\\\\\\\/24 10:22\\\",\\\"value\\\":68.03},{\\\"date\\\":\\\"01\\\\\\\/02\\\\\\\/24 10:24\\\",\\\"value\\\":67.93},{\\\"date\\\":\\\"01\\\\\\\/02\\\\\\\/24 10:26\\\",\\\"value\\\":67.91},{\\\"date\\\":\\\"01\\\\\\\/02\\\\\\\/24 10:28\\\",\\\"value\\\":67.95},{\\\"date\\\":\\\"01\\\\\\\/02\\\\\\\/24 10:30\\\",\\\"value\\\":67.98},{\\\"date\\\":\\\"01\\\\\\\/02\\\\\\\/24 10:32\\\",\\\"value\\\":67.89},{\\\"date\\\":\\\"01\\\\\\\/02\\\\\\\/24 10:34\\\",\\\"value\\\":67.89},{\\\"date\\\":\\\"01\\\\\\\/02\\\\\\\/24 10:36\\\",\\\"value\\\":67.9},{\\\"date\\\":\\\"01\\\\\\\/02\\\\\\\/24 10:38\\\",\\\"value\\\":68.02},{\\\"date\\\":\\\"01\\\\\\\/02\\\\\\\/24 10:40\\\",\\\"value\\\":68.01},{\\\"date\\\":\\\"01\\\\\\\/02\\\\\\\/24 10:42\\\",\\\"value\\\":67.98},{\\\"date\\\":\\\"01\\\\\\\/02\\\\\\\/24 10:44\\\",\\\"value\\\":67.93},{\\\"date\\\":\\\"01\\\\\\\/02\\\\\\\/24 10:46\\\",\\\"value\\\":67.9},{\\\"date\\\":\\\"01\\\\\\\/02\\\\\\\/24 10:48\\\",\\\"value\\\":67.89},{\\\"date\\\":\\\"01\\\\\\\/02\\\\\\\/24 10:50\\\",\\\"value\\\":67.66},{\\\"date\\\":\\\"01\\\\\\\/02\\\\\\\/24 10:52\\\",\\\"value\\\":67.74},{\\\"date\\\":\\\"01\\\\\\\/02\\\\\\\/24 10:54\\\",\\\"value\\\":67.81},{\\\"date\\\":\\\"01\\\\\\\/02\\\\\\\/24 10:56\\\",\\\"value\\\":67.78},{\\\"date\\\":\\\"01\\\\\\\/02\\\\\\\/24 10:58\\\",\\\"value\\\":67.77},{\\\"date\\\":\\\"01\\\\\\\/02\\\\\\\/24 11:00\\\",\\\"value\\\":67.8},{\\\"date\\\":\\\"01\\\\\\\/02\\\\\\\/24 11:02\\\",\\\"value\\\":67.77},{\\\"date\\\":\\\"01\\\\\\\/02\\\\\\\/24 11:04\\\",\\\"value\\\":67.71},{\\\"date\\\":\\\"01\\\\\\\/02\\\\\\\/24 11:06\\\",\\\"value\\\":67.61},{\\\"date\\\":\\\"01\\\\\\\/02\\\\\\\/24 11:08\\\",\\\"value\\\":67.57},{\\\"date\\\":\\\"01\\\\\\\/02\\\\\\\/24 11:10\\\",\\\"value\\\":67.61},{\\\"date\\\":\\\"01\\\\\\\/02\\\\\\\/24 11:12\\\",\\\"value\\\":67.61},{\\\"date\\\":\\\"01\\\\\\\/02\\\\\\\/24 11:14\\\",\\\"value\\\":67.62},{\\\"date\\\":\\\"01\\\\\\\/02\\\\\\\/24 11:16\\\",\\\"value\\\":67.63},{\\\"date\\\":\\\"01\\\\\\\/02\\\\\\\/24 11:18\\\",\\\"value\\\":67.62},{\\\"date\\\":\\\"01\\\\\\\/02\\\\\\\/24 11:20\\\",\\\"value\\\":67.65},{\\\"date\\\":\\\"01\\\\\\\/02\\\\\\\/24 11:22\\\",\\\"value\\\":67.64},{\\\"date\\\":\\\"01\\\\\\\/02\\\\\\\/24 11:24\\\",\\\"value\\\":67.52},{\\\"date\\\":\\\"01\\\\\\\/02\\\\\\\/24 11:26\\\",\\\"value\\\":67.48},{\\\"date\\\":\\\"01\\\\\\\/02\\\\\\\/24 11:28\\\",\\\"value\\\":67.35},{\\\"date\\\":\\\"01\\\\\\\/02\\\\\\\/24 11:30\\\",\\\"value\\\":67.54},{\\\"date\\\":\\\"01\\\\\\\/02\\\\\\\/24 11:32\\\",\\\"value\\\":67.39},{\\\"date\\\":\\\"01\\\\\\\/02\\\\\\\/24 11:34\\\",\\\"value\\\":67.39},{\\\"date\\\":\\\"01\\\\\\\/02\\\\\\\/24 11:36\\\",\\\"value\\\":67.47},{\\\"date\\\":\\\"01\\\\\\\/02\\\\\\\/24 11:38\\\",\\\"value\\\":67.54},{\\\"date\\\":\\\"01\\\\\\\/02\\\\\\\/24 11:40\\\",\\\"value\\\":67.58},{\\\"date\\\":\\\"01\\\\\\\/02\\\\\\\/24 11:42\\\",\\\"value\\\":67.62},{\\\"date\\\":\\\"01\\\\\\\/02\\\\\\\/24 11:44\\\",\\\"value\\\":67.67},{\\\"date\\\":\\\"01\\\\\\\/02\\\\\\\/24 11:46\\\",\\\"value\\\":67.63},{\\\"date\\\":\\\"01\\\\\\\/02\\\\\\\/24 11:48\\\",\\\"value\\\":67.53},{\\\"date\\\":\\\"01\\\\\\\/02\\\\\\\/24 11:50\\\",\\\"value\\\":67.66},{\\\"date\\\":\\\"01\\\\\\\/02\\\\\\\/24 11:52\\\",\\\"value\\\":67.69},{\\\"date\\\":\\\"01\\\\\\\/02\\\\\\\/24 11:54\\\",\\\"value\\\":67.55},{\\\"date\\\":\\\"01\\\\\\\/02\\\\\\\/24 11:56\\\",\\\"value\\\":67.5},{\\\"date\\\":\\\"01\\\\\\\/02\\\\\\\/24 11:58\\\",\\\"value\\\":67.55},{\\\"date\\\":\\\"01\\\\\\\/02\\\\\\\/24 12:00\\\",\\\"value\\\":67.35},{\\\"date\\\":\\\"01\\\\\\\/02\\\\\\\/24 12:02\\\",\\\"value\\\":67.34},{\\\"date\\\":\\\"01\\\\\\\/02\\\\\\\/24 12:04\\\",\\\"value\\\":67.39},{\\\"date\\\":\\\"01\\\\\\\/02\\\\\\\/24 12:06\\\",\\\"value\\\":67.4},{\\\"date\\\":\\\"01\\\\\\\/02\\\\\\\/24 12:08\\\",\\\"value\\\":67.47},{\\\"date\\\":\\\"01\\\\\\\/02\\\\\\\/24 12:10\\\",\\\"value\\\":67.46},{\\\"date\\\":\\\"01\\\\\\\/02\\\\\\\/24 12:12\\\",\\\"value\\\":67.49},{\\\"date\\\":\\\"01\\\\\\\/02\\\\\\\/24 12:14\\\",\\\"value\\\":67.48},{\\\"date\\\":\\\"01\\\\\\\/02\\\\\\\/24 12:16\\\",\\\"value\\\":67.48},{\\\"date\\\":\\\"01\\\\\\\/02\\\\\\\/24 12:18\\\",\\\"value\\\":67.38},{\\\"date\\\":\\\"01\\\\\\\/02\\\\\\\/24 12:20\\\",\\\"value\\\":67.38},{\\\"date\\\":\\\"01\\\\\\\/02\\\\\\\/24 12:22\\\",\\\"value\\\":67.36},{\\\"date\\\":\\\"01\\\\\\\/02\\\\\\\/24 12:24\\\",\\\"value\\\":67.34},{\\\"date\\\":\\\"01\\\\\\\/02\\\\\\\/24 12:26\\\",\\\"value\\\":67.36},{\\\"date\\\":\\\"01\\\\\\\/02\\\\\\\/24 12:28\\\",\\\"value\\\":67.43},{\\\"date\\\":\\\"01\\\\\\\/02\\\\\\\/24 12:30\\\",\\\"value\\\":67.37},{\\\"date\\\":\\\"01\\\\\\\/02\\\\\\\/24 12:32\\\",\\\"value\\\":67.38},{\\\"date\\\":\\\"01\\\\\\\/02\\\\\\\/24 12:34\\\",\\\"value\\\":67.37},{\\\"date\\\":\\\"01\\\\\\\/02\\\\\\\/24 12:36\\\",\\\"value\\\":67.44},{\\\"date\\\":\\\"01\\\\\\\/02\\\\\\\/24 12:38\\\",\\\"value\\\":67.35},{\\\"date\\\":\\\"01\\\\\\\/02\\\\\\\/24 12:40\\\",\\\"value\\\":67.41},{\\\"date\\\":\\\"01\\\\\\\/02\\\\\\\/24 12:42\\\",\\\"value\\\":67.44},{\\\"date\\\":\\\"01\\\\\\\/02\\\\\\\/24 12:44\\\",\\\"value\\\":67.48},{\\\"date\\\":\\\"01\\\\\\\/02\\\\\\\/24 12:46\\\",\\\"value\\\":67.52},{\\\"date\\\":\\\"01\\\\\\\/02\\\\\\\/24 12:48\\\",\\\"value\\\":67.53},{\\\"date\\\":\\\"01\\\\\\\/02\\\\\\\/24 12:50\\\",\\\"value\\\":67.46},{\\\"date\\\":\\\"01\\\\\\\/02\\\\\\\/24 12:52\\\",\\\"value\\\":67.46},{\\\"date\\\":\\\"01\\\\\\\/02\\\\\\\/24 12:54\\\",\\\"value\\\":67.41},{\\\"date\\\":\\\"01\\\\\\\/02\\\\\\\/24 12:56\\\",\\\"value\\\":67.43},{\\\"date\\\":\\\"01\\\\\\\/02\\\\\\\/24 12:58\\\",\\\"value\\\":67.38},{\\\"date\\\":\\\"01\\\\\\\/02\\\\\\\/24 13:00\\\",\\\"value\\\":67.38},{\\\"date\\\":\\\"01\\\\\\\/02\\\\\\\/24 13:02\\\",\\\"value\\\":67.33},{\\\"date\\\":\\\"01\\\\\\\/02\\\\\\\/24 13:04\\\",\\\"value\\\":67.4},{\\\"date\\\":\\\"01\\\\\\\/02\\\\\\\/24 13:06\\\",\\\"value\\\":67.44},{\\\"date\\\":\\\"01\\\\\\\/02\\\\\\\/24 13:08\\\",\\\"value\\\":67.38},{\\\"date\\\":\\\"01\\\\\\\/02\\\\\\\/24 13:10\\\",\\\"value\\\":67.4},{\\\"date\\\":\\\"01\\\\\\\/02\\\\\\\/24 13:12\\\",\\\"value\\\":67.37},{\\\"date\\\":\\\"01\\\\\\\/02\\\\\\\/24 13:14\\\",\\\"value\\\":67.47},{\\\"date\\\":\\\"01\\\\\\\/02\\\\\\\/24 13:16\\\",\\\"value\\\":67.48},{\\\"date\\\":\\\"01\\\\\\\/02\\\\\\\/24 13:18\\\",\\\"value\\\":67.51},{\\\"date\\\":\\\"01\\\\\\\/02\\\\\\\/24 13:20\\\",\\\"value\\\":67.47},{\\\"date\\\":\\\"01\\\\\\\/02\\\\\\\/24 13:22\\\",\\\"value\\\":67.48},{\\\"date\\\":\\\"01\\\\\\\/02\\\\\\\/24 13:24\\\",\\\"value\\\":67.51},{\\\"date\\\":\\\"01\\\\\\\/02\\\\\\\/24 13:26\\\",\\\"value\\\":67.49},{\\\"date\\\":\\\"01\\\\\\\/02\\\\\\\/24 13:28\\\",\\\"value\\\":67.51},{\\\"date\\\":\\\"01\\\\\\\/02\\\\\\\/24 13:30\\\",\\\"value\\\":67.57},{\\\"date\\\":\\\"01\\\\\\\/02\\\\\\\/24 13:32\\\",\\\"value\\\":67.61},{\\\"date\\\":\\\"01\\\\\\\/02\\\\\\\/24 13:34\\\",\\\"value\\\":67.58},{\\\"date\\\":\\\"01\\\\\\\/02\\\\\\\/24 13:36\\\",\\\"value\\\":67.58},{\\\"date\\\":\\\"01\\\\\\\/02\\\\\\\/24 13:38\\\",\\\"value\\\":67.59},{\\\"date\\\":\\\"01\\\\\\\/02\\\\\\\/24 13:40\\\",\\\"value\\\":67.6},{\\\"date\\\":\\\"01\\\\\\\/02\\\\\\\/24 13:42\\\",\\\"value\\\":67.59},{\\\"date\\\":\\\"01\\\\\\\/02\\\\\\\/24 13:44\\\",\\\"value\\\":67.6},{\\\"date\\\":\\\"01\\\\\\\/02\\\\\\\/24 13:46\\\",\\\"value\\\":67.59},{\\\"date\\\":\\\"01\\\\\\\/02\\\\\\\/24 13:48\\\",\\\"value\\\":67.62},{\\\"date\\\":\\\"01\\\\\\\/02\\\\\\\/24 13:50\\\",\\\"value\\\":67.45},{\\\"date\\\":\\\"01\\\\\\\/02\\\\\\\/24 13:52\\\",\\\"value\\\":67.62},{\\\"date\\\":\\\"01\\\\\\\/02\\\\\\\/24 13:54\\\",\\\"value\\\":67.45}]\";\n  let isPositive_9e40d43101e9a67689e440700d40ede9 = \"\";\n\n  let color_9e40d43101e9a67689e440700d40ede9 = isPositive_9e40d43101e9a67689e440700d40ede9 ? '#3AB53A' : '#D92C2D';\n\n  let data_9e40d43101e9a67689e440700d40ede9 = JSON.parse(data_json_9e40d43101e9a67689e440700d40ede9);\n\n  const result_9e40d43101e9a67689e440700d40ede9 = {\n    date: [],\n    value: [],\n  };\n\n  data_9e40d43101e9a67689e440700d40ede9.forEach((item) => {\n    result_9e40d43101e9a67689e440700d40ede9.date.push(item.date);\n    result_9e40d43101e9a67689e440700d40ede9.value.push(Number(item.value));\n  });\n\n  let option_9e40d43101e9a67689e440700d40ede9 = {\n    \/\/ variavel de cor global\n    color: [color_9e40d43101e9a67689e440700d40ede9],\n    title: {\n      text: '',\n    },\n    tooltip: {\n      trigger: 'axis',\n      axisPointer: {\n        type: 'cross',\n        label: {\n          \/\/ cor dos valores em X e Y\n          backgroundColor: color_9e40d43101e9a67689e440700d40ede9,\n          formatter: (value) => {\n            if (typeof value.value === 'number') {\n              return Number(value.value).toLocaleString('pt-br', {\n                style: 'currency',\n                currency: 'BRL'\n              });\n            }\n            return value.value;\n          },\n        },\n      },\n      valueFormatter: (value) => Number(value).toLocaleString('pt-br', {\n        style: 'currency',\n        currency: 'BRL'\n      }),\n    },\n    legend: {\n      \/\/ data: ['Valor de Fechamento'],\n      show: false,\n    },\n    toolbox: {\n      feature: {\n        saveAsImage: {\n          show: false,\n        },\n      },\n    },\n    grid: {\n      left: '0px',\n      right: '0px',\n      bottom: '0px',\n      containLabel: true,\n    },\n    xAxis: [{\n      type: 'category',\n      data: result_9e40d43101e9a67689e440700d40ede9.date,\n      boundaryGap: true,\n    }],\n    yAxis: [{\n      type: 'value',\n      min: Math.min(...result_9e40d43101e9a67689e440700d40ede9.value),\n      max: Math.max(...result_9e40d43101e9a67689e440700d40ede9.value),\n      axisLabel: {\n        formatter: (value) => value.toLocaleString('pt-br', {\n          style: 'currency',\n          currency: 'BRL'\n        }),\n      },\n    }],\n    series: [{\n      name: 'Valor de Fechamento',\n      type: 'line',\n      stack: 'Total',\n      \/\/ cor do grafico\n      areaStyle: {},\n      emphasis: {\n        focus: 'series',\n      },\n      data: result_9e40d43101e9a67689e440700d40ede9.value,\n      \/\/ cor da linha\n      lineStyle: {\n        color: color_9e40d43101e9a67689e440700d40ede9,\n      },\n    }, ],\n  };\n\n\twindow.chart_9e40d43101e9a67689e440700d40ede9 = {\n\t\tel: chart_9e40d43101e9a67689e440700d40ede9,\n\t\toption: option_9e40d43101e9a67689e440700d40ede9\t};\n\n\n<\/script>\n\n\n\n<p><em>*Com informa\u00e7\u00f5es de Estad\u00e3o Conte\u00fado<\/em><\/p>\n\n\n\t<p>\n\t\t<a href=\"https:\/\/lp.suno.com.br\/plataforma-de-controle-de-investimentos\/\" target=\"_blank\" data-element=\"shortcode-suno-banner\" title=\"Banner SUNO, clique e saiba mais\">\n\t\t\t<picture>\n\t\t\t\t<source media=\"(max-width: 500px)\" srcset=\"https:\/\/files.sunoresearch.com.br\/n\/uploads\/2023\/03\/400x300-Controle-de-Investimentos.png\">\n\t\t\t\t<img class=\"newsContent__article__imgCapa newsContent__article__imgCapa--banner\"\n\t\t\t\t\tsrc=\"https:\/\/files.sunoresearch.com.br\/n\/uploads\/2023\/03\/1420x240-Controle-de-Investimentos.png\"\n\t\t\t\t\tdata-promo-id=\"383162\"\t\t\t\t\t\t\t\t\t\twidth='1420' height='240'\t\t\t\t\talt=\"https:\/\/files.sunoresearch.com.br\/n\/uploads\/2023\/03\/1420x240-Controle-de-Investimentos.png\"\n\t\t\t\t>\n\t\t\t<\/picture>\n\t\t<\/a>\n\t<\/p>\n\n\n","protected":false},"excerpt":{"rendered":"<p>Ap\u00f3s desgaste p\u00fablico provocado pela tentativa do presidente Lula emplacar o ex-ministro da Fazenda Guido Mantega na presid\u00eancia da Vale (VALE3), representantes dos acionistas da mineradora avaliam adiar a decis\u00e3o sobre sucess\u00e3o na empresa para ganhar tempo, segundo o jornal O Estado de S. Paulo. Vale sobe 1,92% e lidera ganhos do dia. Foto: Ag\u00eancia [&hellip;]<\/p>\n","protected":false},"author":313,"featured_media":394402,"comment_status":"closed","ping_status":"closed","sticky":false,"template":"","format":"standard","meta":[],"categories":[64],"tags":[295,676],"suno_strategy":[],"class_list":["post-519280","post","type-post","status-publish","format-standard","has-post-thumbnail","hentry","category-negocios","tag-dividendos","tag-vale-vale3"],"yoast_head":"<!-- This site is optimized with the Yoast SEO plugin v24.4 - https:\/\/yoast.com\/wordpress\/plugins\/seo\/ -->\n<title>Vale (VALE3): conselho pode adiar decis\u00e3o sobre novo presidente<\/title>\n<meta name=\"description\" content=\"Nesta sexta, uma reuni\u00e3o do conselho da Vale vai avaliar e decidir se o atual presidente da Vale, Eduardo Bartolomeu, deve ficar no cargo.\" \/>\n<meta name=\"robots\" content=\"index, follow, max-snippet:-1, max-image-preview:large, max-video-preview:-1\" \/>\n<link rel=\"canonical\" href=\"https:\/\/www.suno.com.br\/noticias\/vale-vale3-conselho-adiar-novo-presidente-gpj\/\" \/>\n<meta property=\"og:locale\" content=\"pt_BR\" \/>\n<meta property=\"og:type\" content=\"article\" \/>\n<meta property=\"og:title\" content=\"Vale (VALE3): conselho pode adiar decis\u00e3o sobre novo presidente\" \/>\n<meta property=\"og:description\" content=\"Nesta sexta, uma reuni\u00e3o do conselho da Vale vai avaliar e decidir se o atual presidente da Vale, Eduardo Bartolomeu, deve ficar no cargo.\" \/>\n<meta property=\"og:url\" content=\"https:\/\/www.suno.com.br\/noticias\/vale-vale3-conselho-adiar-novo-presidente-gpj\/\" \/>\n<meta property=\"og:site_name\" content=\"Suno Not\u00edcias\" \/>\n<meta property=\"article:publisher\" content=\"https:\/\/facebook.com\/sunoresearch\" \/>\n<meta property=\"og:image\" content=\"https:\/\/files.sunoresearch.com.br\/n\/uploads\/2023\/04\/vale_vale3-1.jpg\" \/>\n\t<meta property=\"og:image:width\" content=\"1200\" \/>\n\t<meta property=\"og:image:height\" content=\"801\" \/>\n\t<meta property=\"og:image:type\" content=\"image\/jpeg\" \/>\n<meta name=\"author\" content=\"Giovanni Porf\u00edrio Jacomino\" \/>\n<meta name=\"twitter:card\" content=\"summary_large_image\" \/>\n<meta name=\"twitter:creator\" content=\"@sunoresearch\" \/>\n<meta name=\"twitter:site\" content=\"@sunoresearch\" \/>\n<meta name=\"twitter:label1\" content=\"Escrito por\" \/>\n\t<meta name=\"twitter:data1\" content=\"Giovanni Porf\u00edrio Jacomino\" \/>\n\t<meta name=\"twitter:label2\" content=\"Est. tempo de leitura\" \/>\n\t<meta name=\"twitter:data2\" content=\"4 minutos\" \/>\n<script type=\"application\/ld+json\" class=\"yoast-schema-graph\">{\"@context\":\"https:\/\/schema.org\",\"@graph\":[{\"@type\":\"NewsArticle\",\"@id\":\"https:\/\/www.suno.com.br\/noticias\/vale-vale3-conselho-adiar-novo-presidente-gpj\/#article\",\"isPartOf\":{\"@id\":\"https:\/\/www.suno.com.br\/noticias\/vale-vale3-conselho-adiar-novo-presidente-gpj\/\"},\"author\":{\"name\":\"Giovanni Porf\u00edrio Jacomino\",\"@id\":\"https:\/\/www.suno.com.br\/noticias\/#\/schema\/person\/d0f32748bbca4bee871fa191ee4e2d40\"},\"headline\":\"Vale (VALE3): conselho pode adiar decis\u00e3o sobre novo presidente, diz jornal\",\"datePublished\":\"2024-02-02T10:56:07+00:00\",\"dateModified\":\"2024-02-02T10:56:15+00:00\",\"mainEntityOfPage\":{\"@id\":\"https:\/\/www.suno.com.br\/noticias\/vale-vale3-conselho-adiar-novo-presidente-gpj\/\"},\"wordCount\":737,\"publisher\":{\"@id\":\"https:\/\/www.suno.com.br\/noticias\/#organization\"},\"image\":{\"@id\":\"https:\/\/www.suno.com.br\/noticias\/vale-vale3-conselho-adiar-novo-presidente-gpj\/#primaryimage\"},\"thumbnailUrl\":\"https:\/\/files.sunoresearch.com.br\/n\/uploads\/2023\/04\/vale_vale3-1.jpg\",\"keywords\":[\"dividendos\",\"Vale (VALE3)\"],\"articleSection\":[\"Neg\u00f3cios\"],\"inLanguage\":\"pt-BR\"},{\"@type\":\"WebPage\",\"@id\":\"https:\/\/www.suno.com.br\/noticias\/vale-vale3-conselho-adiar-novo-presidente-gpj\/\",\"url\":\"https:\/\/www.suno.com.br\/noticias\/vale-vale3-conselho-adiar-novo-presidente-gpj\/\",\"name\":\"Vale (VALE3): conselho pode adiar decis\u00e3o sobre novo presidente\",\"isPartOf\":{\"@id\":\"https:\/\/www.suno.com.br\/noticias\/#website\"},\"primaryImageOfPage\":{\"@id\":\"https:\/\/www.suno.com.br\/noticias\/vale-vale3-conselho-adiar-novo-presidente-gpj\/#primaryimage\"},\"image\":{\"@id\":\"https:\/\/www.suno.com.br\/noticias\/vale-vale3-conselho-adiar-novo-presidente-gpj\/#primaryimage\"},\"thumbnailUrl\":\"https:\/\/files.sunoresearch.com.br\/n\/uploads\/2023\/04\/vale_vale3-1.jpg\",\"datePublished\":\"2024-02-02T10:56:07+00:00\",\"dateModified\":\"2024-02-02T10:56:15+00:00\",\"description\":\"Nesta sexta, uma reuni\u00e3o do conselho da Vale vai avaliar e decidir se o atual presidente da Vale, Eduardo Bartolomeu, deve ficar no cargo.\",\"breadcrumb\":{\"@id\":\"https:\/\/www.suno.com.br\/noticias\/vale-vale3-conselho-adiar-novo-presidente-gpj\/#breadcrumb\"},\"inLanguage\":\"pt-BR\",\"potentialAction\":[{\"@type\":\"ReadAction\",\"target\":[\"https:\/\/www.suno.com.br\/noticias\/vale-vale3-conselho-adiar-novo-presidente-gpj\/\"]}]},{\"@type\":\"ImageObject\",\"inLanguage\":\"pt-BR\",\"@id\":\"https:\/\/www.suno.com.br\/noticias\/vale-vale3-conselho-adiar-novo-presidente-gpj\/#primaryimage\",\"url\":\"https:\/\/files.sunoresearch.com.br\/n\/uploads\/2023\/04\/vale_vale3-1.jpg\",\"contentUrl\":\"https:\/\/files.sunoresearch.com.br\/n\/uploads\/2023\/04\/vale_vale3-1.jpg\",\"width\":1200,\"height\":801,\"caption\":\"Vale sobe 1,92% e lidera ganhos do dia. Foto: Ag\u00eancia Vale\"},{\"@type\":\"BreadcrumbList\",\"@id\":\"https:\/\/www.suno.com.br\/noticias\/vale-vale3-conselho-adiar-novo-presidente-gpj\/#breadcrumb\",\"itemListElement\":[{\"@type\":\"ListItem\",\"position\":1,\"name\":\"Not\u00edcias\",\"item\":\"https:\/\/www.suno.com.br\/noticias\/\"},{\"@type\":\"ListItem\",\"position\":2,\"name\":\"Neg\u00f3cios\",\"item\":\"https:\/\/www.suno.com.br\/noticias\/negocios\/\"},{\"@type\":\"ListItem\",\"position\":3,\"name\":\"Vale (VALE3): conselho pode adiar decis\u00e3o sobre novo presidente, diz jornal\"}]},{\"@type\":\"WebSite\",\"@id\":\"https:\/\/www.suno.com.br\/noticias\/#website\",\"url\":\"https:\/\/www.suno.com.br\/noticias\/\",\"name\":\"Suno Not\u00edcias\",\"description\":\"Seu portal de informa\u00e7\u00e3o sobre o mundo dos investimentos\",\"publisher\":{\"@id\":\"https:\/\/www.suno.com.br\/noticias\/#organization\"},\"potentialAction\":[{\"@type\":\"SearchAction\",\"target\":{\"@type\":\"EntryPoint\",\"urlTemplate\":\"https:\/\/www.suno.com.br\/noticias\/?s={search_term_string}\"},\"query-input\":{\"@type\":\"PropertyValueSpecification\",\"valueRequired\":true,\"valueName\":\"search_term_string\"}}],\"inLanguage\":\"pt-BR\"},{\"@type\":\"Organization\",\"@id\":\"https:\/\/www.suno.com.br\/noticias\/#organization\",\"name\":\"Suno Not\u00edcias\",\"url\":\"https:\/\/www.suno.com.br\/noticias\/\",\"logo\":{\"@type\":\"ImageObject\",\"inLanguage\":\"pt-BR\",\"@id\":\"https:\/\/www.suno.com.br\/noticias\/#\/schema\/logo\/image\/\",\"url\":\"https:\/\/files.sunoresearch.com.br\/n\/uploads\/2021\/09\/suno-logo.png\",\"contentUrl\":\"https:\/\/files.sunoresearch.com.br\/n\/uploads\/2021\/09\/suno-logo.png\",\"width\":180,\"height\":180,\"caption\":\"Suno Not\u00edcias\"},\"image\":{\"@id\":\"https:\/\/www.suno.com.br\/noticias\/#\/schema\/logo\/image\/\"},\"sameAs\":[\"https:\/\/facebook.com\/sunoresearch\",\"https:\/\/x.com\/sunoresearch\",\"https:\/\/www.instagram.com\/suno\",\"https:\/\/www.linkedin.com\/company\/suno-research\/\",\"https:\/\/www.youtube.com\/c\/sunoresearch\"]},{\"@type\":\"Person\",\"@id\":\"https:\/\/www.suno.com.br\/noticias\/#\/schema\/person\/d0f32748bbca4bee871fa191ee4e2d40\",\"name\":\"Giovanni Porf\u00edrio Jacomino\",\"image\":{\"@type\":\"ImageObject\",\"inLanguage\":\"pt-BR\",\"@id\":\"https:\/\/www.suno.com.br\/noticias\/#\/schema\/person\/image\/\",\"url\":\"https:\/\/secure.gravatar.com\/avatar\/efb32e19b730a121cb7a80f41ffec01a?s=96&r=g\",\"contentUrl\":\"https:\/\/secure.gravatar.com\/avatar\/efb32e19b730a121cb7a80f41ffec01a?s=96&r=g\",\"caption\":\"Giovanni Porf\u00edrio Jacomino\"},\"description\":\"Giovanni Porf\u00edrio Jacomino \u00e9 jornalista formado pela Universidade Estadual de Londrina (UEL) e p\u00f3s-graduado em Produ\u00e7\u00e3o e Pr\u00e1ticas Jornal\u00edsticas na Contemporaneidade na Faculdade C\u00e1sper L\u00edbero (FCL). Foi editor web no Startupi e no Finsiders, atuando ainda como editor no TC Mover, portal de not\u00edcias da TradersClub, fazendo a cobertura de assuntos relacionados ao mercado financeiro interno e externo. Atualmente, \u00e9 Rep\u00f3rter do Suno Not\u00edcias.\",\"url\":\"https:\/\/www.suno.com.br\/noticias\/author\/giovanni-porfiriosuno-com-br\/\"}]}<\/script>\n<!-- \/ Yoast SEO plugin. -->","yoast_head_json":{"title":"Vale (VALE3): conselho pode adiar decis\u00e3o sobre novo presidente","description":"Nesta sexta, uma reuni\u00e3o do conselho da Vale vai avaliar e decidir se o atual presidente da Vale, Eduardo Bartolomeu, deve ficar no cargo.","robots":{"index":"index","follow":"follow","max-snippet":"max-snippet:-1","max-image-preview":"max-image-preview:large","max-video-preview":"max-video-preview:-1"},"canonical":"https:\/\/www.suno.com.br\/noticias\/vale-vale3-conselho-adiar-novo-presidente-gpj\/","og_locale":"pt_BR","og_type":"article","og_title":"Vale (VALE3): conselho pode adiar decis\u00e3o sobre novo presidente","og_description":"Nesta sexta, uma reuni\u00e3o do conselho da Vale vai avaliar e decidir se o atual presidente da Vale, Eduardo Bartolomeu, deve ficar no cargo.","og_url":"https:\/\/www.suno.com.br\/noticias\/vale-vale3-conselho-adiar-novo-presidente-gpj\/","og_site_name":"Suno Not\u00edcias","article_publisher":"https:\/\/facebook.com\/sunoresearch","og_image":[{"width":1200,"height":801,"url":"https:\/\/files.sunoresearch.com.br\/n\/uploads\/2023\/04\/vale_vale3-1.jpg","type":"image\/jpeg"}],"author":"Giovanni Porf\u00edrio Jacomino","twitter_card":"summary_large_image","twitter_creator":"@sunoresearch","twitter_site":"@sunoresearch","twitter_misc":{"Escrito por":"Giovanni Porf\u00edrio Jacomino","Est. tempo de leitura":"4 minutos"},"schema":{"@context":"https:\/\/schema.org","@graph":[{"@type":"NewsArticle","@id":"https:\/\/www.suno.com.br\/noticias\/vale-vale3-conselho-adiar-novo-presidente-gpj\/#article","isPartOf":{"@id":"https:\/\/www.suno.com.br\/noticias\/vale-vale3-conselho-adiar-novo-presidente-gpj\/"},"author":{"name":"Giovanni Porf\u00edrio Jacomino","@id":"https:\/\/www.suno.com.br\/noticias\/#\/schema\/person\/d0f32748bbca4bee871fa191ee4e2d40"},"headline":"Vale (VALE3): conselho pode adiar decis\u00e3o sobre novo presidente, diz jornal","datePublished":"2024-02-02T10:56:07+00:00","dateModified":"2024-02-02T10:56:15+00:00","mainEntityOfPage":{"@id":"https:\/\/www.suno.com.br\/noticias\/vale-vale3-conselho-adiar-novo-presidente-gpj\/"},"wordCount":737,"publisher":{"@id":"https:\/\/www.suno.com.br\/noticias\/#organization"},"image":{"@id":"https:\/\/www.suno.com.br\/noticias\/vale-vale3-conselho-adiar-novo-presidente-gpj\/#primaryimage"},"thumbnailUrl":"https:\/\/files.sunoresearch.com.br\/n\/uploads\/2023\/04\/vale_vale3-1.jpg","keywords":["dividendos","Vale (VALE3)"],"articleSection":["Neg\u00f3cios"],"inLanguage":"pt-BR"},{"@type":"WebPage","@id":"https:\/\/www.suno.com.br\/noticias\/vale-vale3-conselho-adiar-novo-presidente-gpj\/","url":"https:\/\/www.suno.com.br\/noticias\/vale-vale3-conselho-adiar-novo-presidente-gpj\/","name":"Vale (VALE3): conselho pode adiar decis\u00e3o sobre novo presidente","isPartOf":{"@id":"https:\/\/www.suno.com.br\/noticias\/#website"},"primaryImageOfPage":{"@id":"https:\/\/www.suno.com.br\/noticias\/vale-vale3-conselho-adiar-novo-presidente-gpj\/#primaryimage"},"image":{"@id":"https:\/\/www.suno.com.br\/noticias\/vale-vale3-conselho-adiar-novo-presidente-gpj\/#primaryimage"},"thumbnailUrl":"https:\/\/files.sunoresearch.com.br\/n\/uploads\/2023\/04\/vale_vale3-1.jpg","datePublished":"2024-02-02T10:56:07+00:00","dateModified":"2024-02-02T10:56:15+00:00","description":"Nesta sexta, uma reuni\u00e3o do conselho da Vale vai avaliar e decidir se o atual presidente da Vale, Eduardo Bartolomeu, deve ficar no cargo.","breadcrumb":{"@id":"https:\/\/www.suno.com.br\/noticias\/vale-vale3-conselho-adiar-novo-presidente-gpj\/#breadcrumb"},"inLanguage":"pt-BR","potentialAction":[{"@type":"ReadAction","target":["https:\/\/www.suno.com.br\/noticias\/vale-vale3-conselho-adiar-novo-presidente-gpj\/"]}]},{"@type":"ImageObject","inLanguage":"pt-BR","@id":"https:\/\/www.suno.com.br\/noticias\/vale-vale3-conselho-adiar-novo-presidente-gpj\/#primaryimage","url":"https:\/\/files.sunoresearch.com.br\/n\/uploads\/2023\/04\/vale_vale3-1.jpg","contentUrl":"https:\/\/files.sunoresearch.com.br\/n\/uploads\/2023\/04\/vale_vale3-1.jpg","width":1200,"height":801,"caption":"Vale sobe 1,92% e lidera ganhos do dia. Foto: Ag\u00eancia Vale"},{"@type":"BreadcrumbList","@id":"https:\/\/www.suno.com.br\/noticias\/vale-vale3-conselho-adiar-novo-presidente-gpj\/#breadcrumb","itemListElement":[{"@type":"ListItem","position":1,"name":"Not\u00edcias","item":"https:\/\/www.suno.com.br\/noticias\/"},{"@type":"ListItem","position":2,"name":"Neg\u00f3cios","item":"https:\/\/www.suno.com.br\/noticias\/negocios\/"},{"@type":"ListItem","position":3,"name":"Vale (VALE3): conselho pode adiar decis\u00e3o sobre novo presidente, diz jornal"}]},{"@type":"WebSite","@id":"https:\/\/www.suno.com.br\/noticias\/#website","url":"https:\/\/www.suno.com.br\/noticias\/","name":"Suno Not\u00edcias","description":"Seu portal de informa\u00e7\u00e3o sobre o mundo dos investimentos","publisher":{"@id":"https:\/\/www.suno.com.br\/noticias\/#organization"},"potentialAction":[{"@type":"SearchAction","target":{"@type":"EntryPoint","urlTemplate":"https:\/\/www.suno.com.br\/noticias\/?s={search_term_string}"},"query-input":{"@type":"PropertyValueSpecification","valueRequired":true,"valueName":"search_term_string"}}],"inLanguage":"pt-BR"},{"@type":"Organization","@id":"https:\/\/www.suno.com.br\/noticias\/#organization","name":"Suno Not\u00edcias","url":"https:\/\/www.suno.com.br\/noticias\/","logo":{"@type":"ImageObject","inLanguage":"pt-BR","@id":"https:\/\/www.suno.com.br\/noticias\/#\/schema\/logo\/image\/","url":"https:\/\/files.sunoresearch.com.br\/n\/uploads\/2021\/09\/suno-logo.png","contentUrl":"https:\/\/files.sunoresearch.com.br\/n\/uploads\/2021\/09\/suno-logo.png","width":180,"height":180,"caption":"Suno Not\u00edcias"},"image":{"@id":"https:\/\/www.suno.com.br\/noticias\/#\/schema\/logo\/image\/"},"sameAs":["https:\/\/facebook.com\/sunoresearch","https:\/\/x.com\/sunoresearch","https:\/\/www.instagram.com\/suno","https:\/\/www.linkedin.com\/company\/suno-research\/","https:\/\/www.youtube.com\/c\/sunoresearch"]},{"@type":"Person","@id":"https:\/\/www.suno.com.br\/noticias\/#\/schema\/person\/d0f32748bbca4bee871fa191ee4e2d40","name":"Giovanni Porf\u00edrio Jacomino","image":{"@type":"ImageObject","inLanguage":"pt-BR","@id":"https:\/\/www.suno.com.br\/noticias\/#\/schema\/person\/image\/","url":"https:\/\/secure.gravatar.com\/avatar\/efb32e19b730a121cb7a80f41ffec01a?s=96&r=g","contentUrl":"https:\/\/secure.gravatar.com\/avatar\/efb32e19b730a121cb7a80f41ffec01a?s=96&r=g","caption":"Giovanni Porf\u00edrio Jacomino"},"description":"Giovanni Porf\u00edrio Jacomino \u00e9 jornalista formado pela Universidade Estadual de Londrina (UEL) e p\u00f3s-graduado em Produ\u00e7\u00e3o e Pr\u00e1ticas Jornal\u00edsticas na Contemporaneidade na Faculdade C\u00e1sper L\u00edbero (FCL). Foi editor web no Startupi e no Finsiders, atuando ainda como editor no TC Mover, portal de not\u00edcias da TradersClub, fazendo a cobertura de assuntos relacionados ao mercado financeiro interno e externo. Atualmente, \u00e9 Rep\u00f3rter do Suno Not\u00edcias.","url":"https:\/\/www.suno.com.br\/noticias\/author\/giovanni-porfiriosuno-com-br\/"}]}},"default_loop_html":"<div class=\"cardsPage__listCard__boxs\"><div class=\"cardsPage__listCard__boxs__img\"><a href=\"https:\/\/www.suno.com.br\/noticias\/vale-vale3-conselho-adiar-novo-presidente-gpj\/\"><img class=\"mask\" src=\"https:\/\/www.suno.com.br\/noticias\/wp-content\/themes\/suno\/resources\/images\/spotlight\/spotlight1img\/bg-mask.png\" alt=\"Image Mask\"\/><img src=\"https:\/\/files.sunoresearch.com.br\/n\/uploads\/2023\/04\/vale_vale3-1-400x200.jpg\" alt=\"Vale (VALE3): conselho pode adiar decis\u00e3o sobre novo presidente, diz jornal\"\/><\/a><span class=\"spotlightCategory\"><a href=\"https:\/\/www.suno.com.br\/noticias\/negocios\/\">Neg\u00f3cios<\/a><\/span><\/div><div class=\"cardsPage__listCard__boxs__content\"><a href=\"https:\/\/www.suno.com.br\/noticias\/vale-vale3-conselho-adiar-novo-presidente-gpj\/\"><h2 class=\"content__title\">Vale (VALE3): conselho pode adiar decis\u00e3o sobre novo presidente, diz jornal<\/h2><\/a><div class=\"newsContent__article__meta\"><div class=\"newsContent__article__meta__authorBox\"><a href=\"https:\/\/www.suno.com.br\/noticias\/author\/silvio-suehiro\/\" class=\"authorBox__avatar noMobi\"><img src=\"https:\/\/secure.gravatar.com\/avatar\/06585eb21140975c6be6bb79a07edac1?s=96&#038;r=g\" alt=\"Silvio Suehiro\"><\/a><div class=\"authorBox__name\"><span>por\n\t\t\t<a href=\"https:\/\/www.suno.com.br\/noticias\/author\/silvio-suehiro\/\"><span itemprop=\"author\">Silvio Suehiro<\/span><\/a><\/span><time datetime=\"2024-02-02T07:56:07-03:00\" itemprop=\"datePublished\">02\/02\/2024 07:56<\/time><\/div><\/div><\/div><\/div><\/div>","single_layout":"posts","amp_enabled":true,"_links":{"self":[{"href":"https:\/\/www.suno.com.br\/noticias\/wp-json\/wp\/v2\/posts\/519280"}],"collection":[{"href":"https:\/\/www.suno.com.br\/noticias\/wp-json\/wp\/v2\/posts"}],"about":[{"href":"https:\/\/www.suno.com.br\/noticias\/wp-json\/wp\/v2\/types\/post"}],"author":[{"embeddable":true,"href":"https:\/\/www.suno.com.br\/noticias\/wp-json\/wp\/v2\/users\/313"}],"replies":[{"embeddable":true,"href":"https:\/\/www.suno.com.br\/noticias\/wp-json\/wp\/v2\/comments?post=519280"}],"version-history":[{"count":2,"href":"https:\/\/www.suno.com.br\/noticias\/wp-json\/wp\/v2\/posts\/519280\/revisions"}],"predecessor-version":[{"id":519304,"href":"https:\/\/www.suno.com.br\/noticias\/wp-json\/wp\/v2\/posts\/519280\/revisions\/519304"}],"wp:featuredmedia":[{"embeddable":true,"href":"https:\/\/www.suno.com.br\/noticias\/wp-json\/wp\/v2\/media\/394402"}],"wp:attachment":[{"href":"https:\/\/www.suno.com.br\/noticias\/wp-json\/wp\/v2\/media?parent=519280"}],"wp:term":[{"taxonomy":"category","embeddable":true,"href":"https:\/\/www.suno.com.br\/noticias\/wp-json\/wp\/v2\/categories?post=519280"},{"taxonomy":"post_tag","embeddable":true,"href":"https:\/\/www.suno.com.br\/noticias\/wp-json\/wp\/v2\/tags?post=519280"},{"taxonomy":"suno_strategy","embeddable":true,"href":"https:\/\/www.suno.com.br\/noticias\/wp-json\/wp\/v2\/suno_strategy?post=519280"}],"curies":[{"name":"wp","href":"https:\/\/api.w.org\/{rel}","templated":true}]}}