{"id":518776,"date":"2024-02-01T08:10:10","date_gmt":"2024-02-01T11:10:10","guid":{"rendered":"https:\/\/www.suno.com.br\/noticias\/?p=518776"},"modified":"2024-02-01T08:10:15","modified_gmt":"2024-02-01T11:10:15","slug":"bolsas-asiaticas-mistas-temor-china-europa-cai-gss","status":"publish","type":"post","link":"https:\/\/www.suno.com.br\/noticias\/bolsas-asiaticas-mistas-temor-china-europa-cai-gss\/","title":{"rendered":"Bolsas asi\u00e1ticas fecham sem dire\u00e7\u00e3o \u00fanica com temores sobre China; Europa cai ap\u00f3s balan\u00e7os"},"content":{"rendered":"<p>As <strong>bolsas asi\u00e1ticas<\/strong> fecharam sem dire\u00e7\u00e3o \u00fanica nesta quinta-feira (01), um dia ap\u00f3s o Federal Reserve (Fed, o banco central dos EUA) indicar que n\u00e3o pretende cortar juros em breve e tamb\u00e9m em meio a temores persistentes sobre a perspectiva da economia chinesa.<\/p>\t<div class=\"wrapper-featured-image\">\n\t\t<figure class=\"spotlightImg\">\n\n\t\t\t<picture>\n\t\t\t\t<source media=\"(max-width: 768px)\" srcset=\"https:\/\/files.sunoresearch.com.br\/n\/uploads\/2023\/10\/buildings-647400_1280-400x200.jpg\">\n\t\t\t\t<img loading=\"lazy\" decoding=\"async\" class=\"newsContent__article__imgCapa lazyloadDisabled \" src=\"https:\/\/files.sunoresearch.com.br\/n\/uploads\/2023\/10\/buildings-647400_1280-800x450.jpg\" width=\"800\" height=\"450\" alt=\"Bolsas asi\u00e1ticas fecham sem dire\u00e7\u00e3o \u00fanica com temores sobre China; Europa cai ap\u00f3s balan\u00e7os\" fetchpriority=high \/>\n\t\t\t<\/picture>\n\n\t\t\t<figcaption class=\"wp-caption-text wp-caption-text--show\">Bolsas asi\u00e1ticas. Foto: Pixabay.<\/figcaption>\n\t\t<\/figure>\n\t<\/div>\n\n\n\n\n\n\n\n\t<p>\n\t\t<a href=\"https:\/\/lp.suno.com.br\/planilha-da-vida-financeira\/\" target=\"_blank\" data-element=\"shortcode-suno-banner\" title=\"Banner SUNO, clique e saiba mais\">\n\t\t\t<picture>\n\t\t\t\t<source media=\"(max-width: 500px)\" srcset=\"https:\/\/files.sunoresearch.com.br\/n\/uploads\/2023\/04\/400x300-Planilha-vida-financeira-true.png\">\n\t\t\t\t<img class=\"newsContent__article__imgCapa newsContent__article__imgCapa--banner\"\n\t\t\t\t\tsrc=\"https:\/\/files.sunoresearch.com.br\/n\/uploads\/2023\/04\/1420x240-Planilha-vida-financeira-true.png\"\n\t\t\t\t\tdata-promo-id=\"106682\"\t\t\t\t\t\t\t\t\t\twidth='1420' height='240'\t\t\t\t\talt=\"https:\/\/files.sunoresearch.com.br\/n\/uploads\/2023\/04\/1420x240-Planilha-vida-financeira-true.png\"\n\t\t\t\t>\n\t\t\t<\/picture>\n\t\t<\/a>\n\t<\/p>\n\n\n\n\n\n<p>Esse cen\u00e1rio pode influenciar nas negocia\u00e7\u00f5es do <strong>Ibovespa hoje<\/strong>. Na v\u00e9spera, o <a href=\"https:\/\/www.suno.com.br\/noticias\/ibovespa-hoje-acoes-grupo-soma-soma3-disparam-jvj\/\">\u00edndice fechou em alta de 0,28%, aos 127.752,28 pontos.<\/a><\/p>\n\n\n\n<p>Hoje, na China continental, o \u00edndice<strong> Xangai Composto<\/strong> teve baixa de 0,64%, a 2.770,74 pontos, e o menos abrangente <strong>Shenzhen Composto<\/strong> recuou 0,46%, a 1.537,75 pontos, ap\u00f3s novos dados de atividade manufatureira n\u00e3o aliviarem preocupa\u00e7\u00f5es sobre a segunda maior economia do mundo.<\/p>\n\n\n\n<p>O <strong>PMI industrial chin\u00eas <\/strong>medido pela S&amp;P Global\/Caixin ficou inalterado em 50,8 no m\u00eas passado, com a leitura acima de 50 sugerindo modesta expans\u00e3o na manufatura pelo terceiro m\u00eas consecutivo. O dado diverge do PMI oficial da <strong>ind\u00fastria chinesa<\/strong>, que subiu levemente a 49,2 em janeiro, mas apontou contra\u00e7\u00e3o no setor pelo quarto m\u00eas seguido.<\/p>\n\n\n\n<p>Em coment\u00e1rios sobre os PMIs oficiais da China, o Commerzbank disse ontem que Pequim provavelmente ter\u00e1 de adotar mais medidas de est\u00edmulos agressivas para impulsionar a economia do gigante asi\u00e1tico.<\/p>\n\n\n\n<p>O japon\u00eas <strong>Nikkei <\/strong>tamb\u00e9m mostrou desempenho negativo hoje, com queda de 0,76% em T\u00f3quio, a 36.011,46 pontos, mas houve ganhos em outras partes da \u00c1sia: o sul-coreano <strong>Kospi <\/strong>avan\u00e7ou 1,82% em Seul, a 2.542,46 pontos, o<strong> Hang Seng <\/strong>subiu 0,52% em Hong Kong, a 15.566,21 pontos, e o <strong>Taiex<\/strong> registrou alta de 0,44% em Taiwan, a 17.968,11 pontos.<\/p>\n\n\n\n<p>Ontem, o Fed deixou seus juros inalterados pela quarta vez consecutiva, como era amplamente esperado, mas tamb\u00e9m sinalizou que n\u00e3o dever\u00e1 cort\u00e1-los em mar\u00e7o, adiando o esperado relaxamento na <a class=\"suno-keyword\" target=\"_blank\" data-force=\"no\" data-priority=\"1\" href=\"https:\/\/www.suno.com.br\/artigos\/politica-monetaria\/\" rel=\"noopener\">pol\u00edtica monet\u00e1ria<\/a> dos EUA e derrubando as bolsas de Nova York.<\/p>\n\n\n\n<p>Na Oceania, a bolsa australiana sentiu o peso do Fed cauteloso e ficou no vermelho nesta quinta, depois de atingir m\u00e1xima hist\u00f3rica no preg\u00e3o anterior. O <strong>S&amp;P\/ASX 200<\/strong> caiu 1,20% em Sydney, a 7.588,20 pontos.<\/p>\n\n\n\t<p>\n\t\t<a href=\"https:\/\/lp.suno.com.br\/ebook-como-analisar-uma-acao\/\" target=\"_blank\" data-element=\"shortcode-suno-banner\" title=\"Banner SUNO, clique e saiba mais\">\n\t\t\t<picture>\n\t\t\t\t<source media=\"(max-width: 500px)\" srcset=\"https:\/\/files.sunoresearch.com.br\/n\/uploads\/2023\/03\/Ebook-Acoes-Mobile.jpg\">\n\t\t\t\t<img class=\"newsContent__article__imgCapa newsContent__article__imgCapa--banner\"\n\t\t\t\t\tsrc=\"https:\/\/files.sunoresearch.com.br\/n\/uploads\/2023\/03\/Ebook-Acoes-Desktop.jpg\"\n\t\t\t\t\tdata-promo-id=\"378302\"\t\t\t\t\t\t\t\t\t\twidth='1420' height='286'\t\t\t\t\talt=\"https:\/\/files.sunoresearch.com.br\/n\/uploads\/2023\/03\/Ebook-Acoes-Desktop.jpg\"\n\t\t\t\t>\n\t\t\t<\/picture>\n\t\t<\/a>\n\t<\/p>\n\n\n\n\n\n<h2 class=\"wp-block-heading\">Europa cai ap\u00f3s balan\u00e7os<\/h2>\n\n\n\n<p>As <strong>bolsas europeias<\/strong> t\u00eam queda majorit\u00e1ria na manh\u00e3 desta quinta-feira, enquanto investidores avaliam uma s\u00e9rie de balan\u00e7os corporativos, assim como dados de infla\u00e7\u00e3o e atividade manufatureira da <strong>zona do euro<\/strong>, e tamb\u00e9m um dia ap\u00f3s o Federal Reserve (Fed, o banco central dos EUA) sinalizar que n\u00e3o est\u00e1 com pressa de cortar juros. Logo mais, o foco vai se voltar para a decis\u00e3o de <a class=\"suno-keyword\" target=\"_blank\" data-force=\"no\" data-priority=\"1\" href=\"https:\/\/www.suno.com.br\/artigos\/politica-monetaria\/\" rel=\"noopener\">pol\u00edtica monet\u00e1ria<\/a> do <strong>Banco da Inglaterra<\/strong> (BoE).<\/p>\n\n\n\n<p>Confira o desempenho dos \u00edndices por volta das 08h:<\/p>\n\n\n\n<p>Londres (FTSE100): -0,02% a 7.664 pontos<br>Frankfurt (DAX): -0,15% a 16.878 pontos<br>Paris (<a class=\"suno-keyword\" target=\"_blank\" data-force=\"no\" data-priority=\"1\" href=\"https:\/\/www.suno.com.br\/artigos\/cac-40\/\" rel=\"noopener\">CAC 40<\/a>): -0,82% a 7.593 pontos<br>Madrid (Ibex 35): +0,21% a 10.098<br>Europa (Stoxx 50): -0,29% a 4.635 pontos<\/p>\n\n\n\n<p>Gigantes banc\u00e1rios europeus e a petroleira anglo-holandesa Shell divulgaram balan\u00e7os nas \u00faltimas horas.<\/p>\n\n\n\n<p>O franc\u00eas BNP Paribas, maior banco da <a class=\"suno-keyword\" target=\"_blank\" data-force=\"no\" data-priority=\"1\" href=\"https:\/\/www.suno.com.br\/artigos\/zona-do-euro\/\" rel=\"noopener\">zona do euro<\/a> em capitaliza\u00e7\u00e3o de mercado, frustrou em lucro e receita no quarto trimestre de 2023. Nesta manh\u00e3, sua a\u00e7\u00e3o tombava 8,2% em Paris. O mesmo ocorreu com o ING, com o papel do banco holand\u00eas sofrendo queda pr\u00f3xima de 9% em Amsterd\u00e3. J\u00e1 o Deutsche Bank teve lucro menor, mas elevou dividendo e anunciou <a class=\"suno-keyword\" target=\"_blank\" data-force=\"no\" data-priority=\"1\" href=\"https:\/\/www.suno.com.br\/artigos\/recompra-de-acoes\/\" rel=\"noopener\">recompra de a\u00e7\u00f5es<\/a>, e seu papel saltava 4,3% em Frankfurt. O balan\u00e7o da Shell tamb\u00e9m agradou. Em Londres a a\u00e7\u00e3o da petroleira avan\u00e7ava quase 3%.<\/p>\n\n\n\n<p>No notici\u00e1rio macroecon\u00f4mico, a taxa anual de infla\u00e7\u00e3o ao consumidor (CPI) da <a class=\"suno-keyword\" target=\"_blank\" data-force=\"no\" data-priority=\"1\" href=\"https:\/\/www.suno.com.br\/artigos\/zona-do-euro\/\" rel=\"noopener\">zona do euro<\/a> desacelerou levemente em janeiro, a 2,8%, mas ficou levemente acima do esperado, em um momento de incertezas sobre quando o <strong>Banco Central Europeu<\/strong> (<strong>BCE<\/strong>) poder\u00e1 come\u00e7ar a reduzir juros. A taxa de desemprego do bloco, por sua vez, permaneceu na m\u00ednima hist\u00f3rica de 6,4% em dezembro. J\u00e1 o <strong>PMI industrial da zona do euro <\/strong>de janeiro subiu para 46,6, confirmando estimativa preliminar, mas continuou abaixo da barreira de 50 que indica contra\u00e7\u00e3o da manufatura.<\/p>\n\n\n\n<p>O comportamento misto dos neg\u00f3cios na Europa tamb\u00e9m vem um dia ap\u00f3s o Fed manter juros, mas indicar que n\u00e3o dever\u00e1 cort\u00e1-los em mar\u00e7o, adiando o esperado relaxamento na <a class=\"suno-keyword\" target=\"_blank\" data-force=\"no\" data-priority=\"1\" href=\"https:\/\/www.suno.com.br\/artigos\/politica-monetaria\/\" rel=\"noopener\">pol\u00edtica monet\u00e1ria<\/a> dos EUA e derrubando as bolsas de Nova York.<\/p>\n\n\n\n<p><em>*Com informa\u00e7\u00f5es da Dow Jones Newswires e Estad\u00e3o Conte\u00fado<\/em><\/p>\n\n\n\t<p>\n\t\t<a href=\"https:\/\/lp.suno.com.br\/planilha-da-vida-financeira\/\" target=\"_blank\" data-element=\"shortcode-suno-banner\" title=\"Banner SUNO, clique e saiba mais\">\n\t\t\t<picture>\n\t\t\t\t<source media=\"(max-width: 500px)\" srcset=\"https:\/\/files.sunoresearch.com.br\/n\/uploads\/2023\/04\/400x300-Planilha-vida-financeira-true.png\">\n\t\t\t\t<img class=\"newsContent__article__imgCapa newsContent__article__imgCapa--banner\"\n\t\t\t\t\tsrc=\"https:\/\/files.sunoresearch.com.br\/n\/uploads\/2023\/04\/1420x240-Planilha-vida-financeira-true.png\"\n\t\t\t\t\tdata-promo-id=\"383123\"\t\t\t\t\t\t\t\t\t\twidth='1420' height='240'\t\t\t\t\talt=\"https:\/\/files.sunoresearch.com.br\/n\/uploads\/2023\/04\/1420x240-Planilha-vida-financeira-true.png\"\n\t\t\t\t>\n\t\t\t<\/picture>\n\t\t<\/a>\n\t<\/p>\n\n\n","protected":false},"excerpt":{"rendered":"<p>As bolsas asi\u00e1ticas fecharam sem dire\u00e7\u00e3o \u00fanica nesta quinta-feira (01), um dia ap\u00f3s o Federal Reserve (Fed, o banco central dos EUA) indicar que n\u00e3o pretende cortar juros em breve e tamb\u00e9m em meio a temores persistentes sobre a perspectiva da economia chinesa. Bolsas asi\u00e1ticas. Foto: Pixabay. Esse cen\u00e1rio pode influenciar nas negocia\u00e7\u00f5es do Ibovespa [&hellip;]<\/p>\n","protected":false},"author":322,"featured_media":475398,"comment_status":"closed","ping_status":"closed","sticky":false,"template":"","format":"standard","meta":[],"categories":[63],"tags":[863,104703,776],"suno_strategy":[],"class_list":["post-518776","post","type-post","status-publish","format-standard","has-post-thumbnail","hentry","category-internacional","tag-banco-central-europeu-bce","tag-bolsas-mundiais","tag-federal-reseve-fed"],"yoast_head":"<!-- This site is optimized with the Yoast SEO plugin v24.4 - https:\/\/yoast.com\/wordpress\/plugins\/seo\/ -->\n<title>Bolsas asi\u00e1ticas fecham mistas com temor sobre China; Europa cai<\/title>\n<meta name=\"description\" content=\"As bolsas asi\u00e1ticas fecharam mistas nesta quinta (01), com foco na economia chinesa. Na Europa, \u00edndices recuam ap\u00f3s balan\u00e7os.\" \/>\n<meta name=\"robots\" content=\"index, follow, max-snippet:-1, max-image-preview:large, max-video-preview:-1\" \/>\n<link rel=\"canonical\" href=\"https:\/\/www.suno.com.br\/noticias\/bolsas-asiaticas-mistas-temor-china-europa-cai-gss\/\" \/>\n<meta property=\"og:locale\" content=\"pt_BR\" \/>\n<meta property=\"og:type\" content=\"article\" \/>\n<meta property=\"og:title\" content=\"Bolsas asi\u00e1ticas fecham mistas com temor sobre China; Europa cai\" \/>\n<meta property=\"og:description\" content=\"As bolsas asi\u00e1ticas fecharam mistas nesta quinta (01), com foco na economia chinesa. Na Europa, \u00edndices recuam ap\u00f3s balan\u00e7os.\" \/>\n<meta property=\"og:url\" content=\"https:\/\/www.suno.com.br\/noticias\/bolsas-asiaticas-mistas-temor-china-europa-cai-gss\/\" \/>\n<meta property=\"og:site_name\" content=\"Suno Not\u00edcias\" \/>\n<meta property=\"article:publisher\" content=\"https:\/\/facebook.com\/sunoresearch\" \/>\n<meta property=\"og:image\" content=\"https:\/\/files.sunoresearch.com.br\/n\/uploads\/2023\/10\/buildings-647400_1280.jpg\" \/>\n\t<meta property=\"og:image:width\" content=\"1280\" \/>\n\t<meta property=\"og:image:height\" content=\"853\" \/>\n\t<meta property=\"og:image:type\" content=\"image\/jpeg\" \/>\n<meta name=\"author\" content=\"Guilherme Serrano Silva\" \/>\n<meta name=\"twitter:card\" content=\"summary_large_image\" \/>\n<meta name=\"twitter:creator\" content=\"@sunoresearch\" \/>\n<meta name=\"twitter:site\" content=\"@sunoresearch\" \/>\n<meta name=\"twitter:label1\" content=\"Escrito por\" \/>\n\t<meta name=\"twitter:data1\" content=\"Guilherme Serrano Silva\" \/>\n\t<meta name=\"twitter:label2\" content=\"Est. tempo de leitura\" \/>\n\t<meta name=\"twitter:data2\" content=\"4 minutos\" \/>\n<script type=\"application\/ld+json\" class=\"yoast-schema-graph\">{\"@context\":\"https:\/\/schema.org\",\"@graph\":[{\"@type\":\"NewsArticle\",\"@id\":\"https:\/\/www.suno.com.br\/noticias\/bolsas-asiaticas-mistas-temor-china-europa-cai-gss\/#article\",\"isPartOf\":{\"@id\":\"https:\/\/www.suno.com.br\/noticias\/bolsas-asiaticas-mistas-temor-china-europa-cai-gss\/\"},\"author\":{\"name\":\"Guilherme Serrano Silva\",\"@id\":\"https:\/\/www.suno.com.br\/noticias\/#\/schema\/person\/4a72de8e10febe6d8a50711404b010b3\"},\"headline\":\"Bolsas asi\u00e1ticas fecham sem dire\u00e7\u00e3o \u00fanica com temores sobre China; Europa cai ap\u00f3s balan\u00e7os\",\"datePublished\":\"2024-02-01T11:10:10+00:00\",\"dateModified\":\"2024-02-01T11:10:15+00:00\",\"mainEntityOfPage\":{\"@id\":\"https:\/\/www.suno.com.br\/noticias\/bolsas-asiaticas-mistas-temor-china-europa-cai-gss\/\"},\"wordCount\":747,\"publisher\":{\"@id\":\"https:\/\/www.suno.com.br\/noticias\/#organization\"},\"image\":{\"@id\":\"https:\/\/www.suno.com.br\/noticias\/bolsas-asiaticas-mistas-temor-china-europa-cai-gss\/#primaryimage\"},\"thumbnailUrl\":\"https:\/\/files.sunoresearch.com.br\/n\/uploads\/2023\/10\/buildings-647400_1280.jpg\",\"keywords\":[\"Banco Central Europeu (BCE)\",\"Bolsas mundiais\",\"Federal Reserve (FED)\"],\"articleSection\":[\"Internacional\"],\"inLanguage\":\"pt-BR\"},{\"@type\":\"WebPage\",\"@id\":\"https:\/\/www.suno.com.br\/noticias\/bolsas-asiaticas-mistas-temor-china-europa-cai-gss\/\",\"url\":\"https:\/\/www.suno.com.br\/noticias\/bolsas-asiaticas-mistas-temor-china-europa-cai-gss\/\",\"name\":\"Bolsas asi\u00e1ticas fecham mistas com temor sobre China; Europa cai\",\"isPartOf\":{\"@id\":\"https:\/\/www.suno.com.br\/noticias\/#website\"},\"primaryImageOfPage\":{\"@id\":\"https:\/\/www.suno.com.br\/noticias\/bolsas-asiaticas-mistas-temor-china-europa-cai-gss\/#primaryimage\"},\"image\":{\"@id\":\"https:\/\/www.suno.com.br\/noticias\/bolsas-asiaticas-mistas-temor-china-europa-cai-gss\/#primaryimage\"},\"thumbnailUrl\":\"https:\/\/files.sunoresearch.com.br\/n\/uploads\/2023\/10\/buildings-647400_1280.jpg\",\"datePublished\":\"2024-02-01T11:10:10+00:00\",\"dateModified\":\"2024-02-01T11:10:15+00:00\",\"description\":\"As bolsas asi\u00e1ticas fecharam mistas nesta quinta (01), com foco na economia chinesa. Na Europa, \u00edndices recuam ap\u00f3s balan\u00e7os.\",\"breadcrumb\":{\"@id\":\"https:\/\/www.suno.com.br\/noticias\/bolsas-asiaticas-mistas-temor-china-europa-cai-gss\/#breadcrumb\"},\"inLanguage\":\"pt-BR\",\"potentialAction\":[{\"@type\":\"ReadAction\",\"target\":[\"https:\/\/www.suno.com.br\/noticias\/bolsas-asiaticas-mistas-temor-china-europa-cai-gss\/\"]}]},{\"@type\":\"ImageObject\",\"inLanguage\":\"pt-BR\",\"@id\":\"https:\/\/www.suno.com.br\/noticias\/bolsas-asiaticas-mistas-temor-china-europa-cai-gss\/#primaryimage\",\"url\":\"https:\/\/files.sunoresearch.com.br\/n\/uploads\/2023\/10\/buildings-647400_1280.jpg\",\"contentUrl\":\"https:\/\/files.sunoresearch.com.br\/n\/uploads\/2023\/10\/buildings-647400_1280.jpg\",\"width\":1280,\"height\":853,\"caption\":\"Bolsas asi\u00e1ticas. Foto: Pixabay.\"},{\"@type\":\"BreadcrumbList\",\"@id\":\"https:\/\/www.suno.com.br\/noticias\/bolsas-asiaticas-mistas-temor-china-europa-cai-gss\/#breadcrumb\",\"itemListElement\":[{\"@type\":\"ListItem\",\"position\":1,\"name\":\"Not\u00edcias\",\"item\":\"https:\/\/www.suno.com.br\/noticias\/\"},{\"@type\":\"ListItem\",\"position\":2,\"name\":\"Internacional\",\"item\":\"https:\/\/www.suno.com.br\/noticias\/internacional\/\"},{\"@type\":\"ListItem\",\"position\":3,\"name\":\"Bolsas asi\u00e1ticas fecham sem dire\u00e7\u00e3o \u00fanica com temores sobre China; Europa cai ap\u00f3s balan\u00e7os\"}]},{\"@type\":\"WebSite\",\"@id\":\"https:\/\/www.suno.com.br\/noticias\/#website\",\"url\":\"https:\/\/www.suno.com.br\/noticias\/\",\"name\":\"Suno Not\u00edcias\",\"description\":\"Seu portal de informa\u00e7\u00e3o sobre o mundo dos investimentos\",\"publisher\":{\"@id\":\"https:\/\/www.suno.com.br\/noticias\/#organization\"},\"potentialAction\":[{\"@type\":\"SearchAction\",\"target\":{\"@type\":\"EntryPoint\",\"urlTemplate\":\"https:\/\/www.suno.com.br\/noticias\/?s={search_term_string}\"},\"query-input\":{\"@type\":\"PropertyValueSpecification\",\"valueRequired\":true,\"valueName\":\"search_term_string\"}}],\"inLanguage\":\"pt-BR\"},{\"@type\":\"Organization\",\"@id\":\"https:\/\/www.suno.com.br\/noticias\/#organization\",\"name\":\"Suno Not\u00edcias\",\"url\":\"https:\/\/www.suno.com.br\/noticias\/\",\"logo\":{\"@type\":\"ImageObject\",\"inLanguage\":\"pt-BR\",\"@id\":\"https:\/\/www.suno.com.br\/noticias\/#\/schema\/logo\/image\/\",\"url\":\"https:\/\/files.sunoresearch.com.br\/n\/uploads\/2021\/09\/suno-logo.png\",\"contentUrl\":\"https:\/\/files.sunoresearch.com.br\/n\/uploads\/2021\/09\/suno-logo.png\",\"width\":180,\"height\":180,\"caption\":\"Suno Not\u00edcias\"},\"image\":{\"@id\":\"https:\/\/www.suno.com.br\/noticias\/#\/schema\/logo\/image\/\"},\"sameAs\":[\"https:\/\/facebook.com\/sunoresearch\",\"https:\/\/x.com\/sunoresearch\",\"https:\/\/www.instagram.com\/suno\",\"https:\/\/www.linkedin.com\/company\/suno-research\/\",\"https:\/\/www.youtube.com\/c\/sunoresearch\"]},{\"@type\":\"Person\",\"@id\":\"https:\/\/www.suno.com.br\/noticias\/#\/schema\/person\/4a72de8e10febe6d8a50711404b010b3\",\"name\":\"Guilherme Serrano Silva\",\"image\":{\"@type\":\"ImageObject\",\"inLanguage\":\"pt-BR\",\"@id\":\"https:\/\/www.suno.com.br\/noticias\/#\/schema\/person\/image\/\",\"url\":\"https:\/\/secure.gravatar.com\/avatar\/aba5eb082d0443f542e94a82c79e9d50?s=96&r=g\",\"contentUrl\":\"https:\/\/secure.gravatar.com\/avatar\/aba5eb082d0443f542e94a82c79e9d50?s=96&r=g\",\"caption\":\"Guilherme Serrano Silva\"},\"description\":\"Jornalista formado pela Faculdade C\u00e1sper L\u00edbero e p\u00f3s-graduado em Can\u00e7\u00e3o Popular pela Faculdade Santa Marcelina. Passagens por R\u00e1dio Gazeta AM, gazetaesportiva.com e TC R\u00e1dio.\",\"url\":\"https:\/\/www.suno.com.br\/noticias\/author\/guilhermeserranosilvagmail-com\/\"}]}<\/script>\n<!-- \/ Yoast SEO plugin. -->","yoast_head_json":{"title":"Bolsas asi\u00e1ticas fecham mistas com temor sobre China; Europa cai","description":"As bolsas asi\u00e1ticas fecharam mistas nesta quinta (01), com foco na economia chinesa. Na Europa, \u00edndices recuam ap\u00f3s balan\u00e7os.","robots":{"index":"index","follow":"follow","max-snippet":"max-snippet:-1","max-image-preview":"max-image-preview:large","max-video-preview":"max-video-preview:-1"},"canonical":"https:\/\/www.suno.com.br\/noticias\/bolsas-asiaticas-mistas-temor-china-europa-cai-gss\/","og_locale":"pt_BR","og_type":"article","og_title":"Bolsas asi\u00e1ticas fecham mistas com temor sobre China; Europa cai","og_description":"As bolsas asi\u00e1ticas fecharam mistas nesta quinta (01), com foco na economia chinesa. Na Europa, \u00edndices recuam ap\u00f3s balan\u00e7os.","og_url":"https:\/\/www.suno.com.br\/noticias\/bolsas-asiaticas-mistas-temor-china-europa-cai-gss\/","og_site_name":"Suno Not\u00edcias","article_publisher":"https:\/\/facebook.com\/sunoresearch","og_image":[{"width":1280,"height":853,"url":"https:\/\/files.sunoresearch.com.br\/n\/uploads\/2023\/10\/buildings-647400_1280.jpg","type":"image\/jpeg"}],"author":"Guilherme Serrano Silva","twitter_card":"summary_large_image","twitter_creator":"@sunoresearch","twitter_site":"@sunoresearch","twitter_misc":{"Escrito por":"Guilherme Serrano Silva","Est. tempo de leitura":"4 minutos"},"schema":{"@context":"https:\/\/schema.org","@graph":[{"@type":"NewsArticle","@id":"https:\/\/www.suno.com.br\/noticias\/bolsas-asiaticas-mistas-temor-china-europa-cai-gss\/#article","isPartOf":{"@id":"https:\/\/www.suno.com.br\/noticias\/bolsas-asiaticas-mistas-temor-china-europa-cai-gss\/"},"author":{"name":"Guilherme Serrano Silva","@id":"https:\/\/www.suno.com.br\/noticias\/#\/schema\/person\/4a72de8e10febe6d8a50711404b010b3"},"headline":"Bolsas asi\u00e1ticas fecham sem dire\u00e7\u00e3o \u00fanica com temores sobre China; Europa cai ap\u00f3s balan\u00e7os","datePublished":"2024-02-01T11:10:10+00:00","dateModified":"2024-02-01T11:10:15+00:00","mainEntityOfPage":{"@id":"https:\/\/www.suno.com.br\/noticias\/bolsas-asiaticas-mistas-temor-china-europa-cai-gss\/"},"wordCount":747,"publisher":{"@id":"https:\/\/www.suno.com.br\/noticias\/#organization"},"image":{"@id":"https:\/\/www.suno.com.br\/noticias\/bolsas-asiaticas-mistas-temor-china-europa-cai-gss\/#primaryimage"},"thumbnailUrl":"https:\/\/files.sunoresearch.com.br\/n\/uploads\/2023\/10\/buildings-647400_1280.jpg","keywords":["Banco Central Europeu (BCE)","Bolsas mundiais","Federal Reserve (FED)"],"articleSection":["Internacional"],"inLanguage":"pt-BR"},{"@type":"WebPage","@id":"https:\/\/www.suno.com.br\/noticias\/bolsas-asiaticas-mistas-temor-china-europa-cai-gss\/","url":"https:\/\/www.suno.com.br\/noticias\/bolsas-asiaticas-mistas-temor-china-europa-cai-gss\/","name":"Bolsas asi\u00e1ticas fecham mistas com temor sobre China; Europa cai","isPartOf":{"@id":"https:\/\/www.suno.com.br\/noticias\/#website"},"primaryImageOfPage":{"@id":"https:\/\/www.suno.com.br\/noticias\/bolsas-asiaticas-mistas-temor-china-europa-cai-gss\/#primaryimage"},"image":{"@id":"https:\/\/www.suno.com.br\/noticias\/bolsas-asiaticas-mistas-temor-china-europa-cai-gss\/#primaryimage"},"thumbnailUrl":"https:\/\/files.sunoresearch.com.br\/n\/uploads\/2023\/10\/buildings-647400_1280.jpg","datePublished":"2024-02-01T11:10:10+00:00","dateModified":"2024-02-01T11:10:15+00:00","description":"As bolsas asi\u00e1ticas fecharam mistas nesta quinta (01), com foco na economia chinesa. Na Europa, \u00edndices recuam ap\u00f3s balan\u00e7os.","breadcrumb":{"@id":"https:\/\/www.suno.com.br\/noticias\/bolsas-asiaticas-mistas-temor-china-europa-cai-gss\/#breadcrumb"},"inLanguage":"pt-BR","potentialAction":[{"@type":"ReadAction","target":["https:\/\/www.suno.com.br\/noticias\/bolsas-asiaticas-mistas-temor-china-europa-cai-gss\/"]}]},{"@type":"ImageObject","inLanguage":"pt-BR","@id":"https:\/\/www.suno.com.br\/noticias\/bolsas-asiaticas-mistas-temor-china-europa-cai-gss\/#primaryimage","url":"https:\/\/files.sunoresearch.com.br\/n\/uploads\/2023\/10\/buildings-647400_1280.jpg","contentUrl":"https:\/\/files.sunoresearch.com.br\/n\/uploads\/2023\/10\/buildings-647400_1280.jpg","width":1280,"height":853,"caption":"Bolsas asi\u00e1ticas. Foto: Pixabay."},{"@type":"BreadcrumbList","@id":"https:\/\/www.suno.com.br\/noticias\/bolsas-asiaticas-mistas-temor-china-europa-cai-gss\/#breadcrumb","itemListElement":[{"@type":"ListItem","position":1,"name":"Not\u00edcias","item":"https:\/\/www.suno.com.br\/noticias\/"},{"@type":"ListItem","position":2,"name":"Internacional","item":"https:\/\/www.suno.com.br\/noticias\/internacional\/"},{"@type":"ListItem","position":3,"name":"Bolsas asi\u00e1ticas fecham sem dire\u00e7\u00e3o \u00fanica com temores sobre China; Europa cai ap\u00f3s balan\u00e7os"}]},{"@type":"WebSite","@id":"https:\/\/www.suno.com.br\/noticias\/#website","url":"https:\/\/www.suno.com.br\/noticias\/","name":"Suno Not\u00edcias","description":"Seu portal de informa\u00e7\u00e3o sobre o mundo dos investimentos","publisher":{"@id":"https:\/\/www.suno.com.br\/noticias\/#organization"},"potentialAction":[{"@type":"SearchAction","target":{"@type":"EntryPoint","urlTemplate":"https:\/\/www.suno.com.br\/noticias\/?s={search_term_string}"},"query-input":{"@type":"PropertyValueSpecification","valueRequired":true,"valueName":"search_term_string"}}],"inLanguage":"pt-BR"},{"@type":"Organization","@id":"https:\/\/www.suno.com.br\/noticias\/#organization","name":"Suno Not\u00edcias","url":"https:\/\/www.suno.com.br\/noticias\/","logo":{"@type":"ImageObject","inLanguage":"pt-BR","@id":"https:\/\/www.suno.com.br\/noticias\/#\/schema\/logo\/image\/","url":"https:\/\/files.sunoresearch.com.br\/n\/uploads\/2021\/09\/suno-logo.png","contentUrl":"https:\/\/files.sunoresearch.com.br\/n\/uploads\/2021\/09\/suno-logo.png","width":180,"height":180,"caption":"Suno Not\u00edcias"},"image":{"@id":"https:\/\/www.suno.com.br\/noticias\/#\/schema\/logo\/image\/"},"sameAs":["https:\/\/facebook.com\/sunoresearch","https:\/\/x.com\/sunoresearch","https:\/\/www.instagram.com\/suno","https:\/\/www.linkedin.com\/company\/suno-research\/","https:\/\/www.youtube.com\/c\/sunoresearch"]},{"@type":"Person","@id":"https:\/\/www.suno.com.br\/noticias\/#\/schema\/person\/4a72de8e10febe6d8a50711404b010b3","name":"Guilherme Serrano Silva","image":{"@type":"ImageObject","inLanguage":"pt-BR","@id":"https:\/\/www.suno.com.br\/noticias\/#\/schema\/person\/image\/","url":"https:\/\/secure.gravatar.com\/avatar\/aba5eb082d0443f542e94a82c79e9d50?s=96&r=g","contentUrl":"https:\/\/secure.gravatar.com\/avatar\/aba5eb082d0443f542e94a82c79e9d50?s=96&r=g","caption":"Guilherme Serrano Silva"},"description":"Jornalista formado pela Faculdade C\u00e1sper L\u00edbero e p\u00f3s-graduado em Can\u00e7\u00e3o Popular pela Faculdade Santa Marcelina. Passagens por R\u00e1dio Gazeta AM, gazetaesportiva.com e TC R\u00e1dio.","url":"https:\/\/www.suno.com.br\/noticias\/author\/guilhermeserranosilvagmail-com\/"}]}},"default_loop_html":"<div class=\"cardsPage__listCard__boxs\"><div class=\"cardsPage__listCard__boxs__img\"><a href=\"https:\/\/www.suno.com.br\/noticias\/bolsas-asiaticas-mistas-temor-china-europa-cai-gss\/\"><img class=\"mask\" src=\"https:\/\/www.suno.com.br\/noticias\/wp-content\/themes\/suno\/resources\/images\/spotlight\/spotlight1img\/bg-mask.png\" alt=\"Image Mask\"\/><img src=\"https:\/\/files.sunoresearch.com.br\/n\/uploads\/2023\/10\/buildings-647400_1280-400x200.jpg\" alt=\"Bolsas asi\u00e1ticas fecham sem dire\u00e7\u00e3o \u00fanica com temores sobre China; Europa cai ap\u00f3s balan\u00e7os\"\/><\/a><span class=\"spotlightCategory\"><a href=\"https:\/\/www.suno.com.br\/noticias\/internacional\/\">Internacional<\/a><\/span><\/div><div class=\"cardsPage__listCard__boxs__content\"><a href=\"https:\/\/www.suno.com.br\/noticias\/bolsas-asiaticas-mistas-temor-china-europa-cai-gss\/\"><h2 class=\"content__title\">Bolsas asi\u00e1ticas fecham sem dire\u00e7\u00e3o \u00fanica com temores sobre China; Europa cai ap\u00f3s balan\u00e7os<\/h2><\/a><div class=\"newsContent__article__meta\"><div class=\"newsContent__article__meta__authorBox\"><a href=\"https:\/\/www.suno.com.br\/noticias\/author\/guilhermeserranosilvagmail-com\/\" class=\"authorBox__avatar noMobi\"><img src=\"https:\/\/files.sunoresearch.com.br\/n\/uploads\/2023\/09\/WhatsApp-Image-2023-09-05-at-11.02.17-150x150.jpeg\" alt=\"Guilherme Serrano Silva\"><\/a><div class=\"authorBox__name\"><span>por\n\t\t\t<a href=\"https:\/\/www.suno.com.br\/noticias\/author\/guilhermeserranosilvagmail-com\/\"><span itemprop=\"author\">Guilherme Serrano Silva<\/span><\/a><\/span><time datetime=\"2024-02-01T08:10:10-03:00\" itemprop=\"datePublished\">01\/02\/2024 08:10<\/time><\/div><\/div><\/div><\/div><\/div>","single_layout":"posts","amp_enabled":true,"_links":{"self":[{"href":"https:\/\/www.suno.com.br\/noticias\/wp-json\/wp\/v2\/posts\/518776"}],"collection":[{"href":"https:\/\/www.suno.com.br\/noticias\/wp-json\/wp\/v2\/posts"}],"about":[{"href":"https:\/\/www.suno.com.br\/noticias\/wp-json\/wp\/v2\/types\/post"}],"author":[{"embeddable":true,"href":"https:\/\/www.suno.com.br\/noticias\/wp-json\/wp\/v2\/users\/322"}],"replies":[{"embeddable":true,"href":"https:\/\/www.suno.com.br\/noticias\/wp-json\/wp\/v2\/comments?post=518776"}],"version-history":[{"count":2,"href":"https:\/\/www.suno.com.br\/noticias\/wp-json\/wp\/v2\/posts\/518776\/revisions"}],"predecessor-version":[{"id":518798,"href":"https:\/\/www.suno.com.br\/noticias\/wp-json\/wp\/v2\/posts\/518776\/revisions\/518798"}],"wp:featuredmedia":[{"embeddable":true,"href":"https:\/\/www.suno.com.br\/noticias\/wp-json\/wp\/v2\/media\/475398"}],"wp:attachment":[{"href":"https:\/\/www.suno.com.br\/noticias\/wp-json\/wp\/v2\/media?parent=518776"}],"wp:term":[{"taxonomy":"category","embeddable":true,"href":"https:\/\/www.suno.com.br\/noticias\/wp-json\/wp\/v2\/categories?post=518776"},{"taxonomy":"post_tag","embeddable":true,"href":"https:\/\/www.suno.com.br\/noticias\/wp-json\/wp\/v2\/tags?post=518776"},{"taxonomy":"suno_strategy","embeddable":true,"href":"https:\/\/www.suno.com.br\/noticias\/wp-json\/wp\/v2\/suno_strategy?post=518776"}],"curies":[{"name":"wp","href":"https:\/\/api.w.org\/{rel}","templated":true}]}}