{"id":518717,"date":"2024-01-31T22:20:59","date_gmt":"2024-02-01T01:20:59","guid":{"rendered":"https:\/\/www.suno.com.br\/noticias\/?p=518717"},"modified":"2024-01-31T22:21:09","modified_gmt":"2024-02-01T01:21:09","slug":"radar-arezzo-arzz3-itausa-itsa4-vale-vale3","status":"publish","type":"post","link":"https:\/\/www.suno.com.br\/noticias\/radar-arezzo-arzz3-itausa-itsa4-vale-vale3\/","title":{"rendered":"Radar: Arezzo (ARZZ3) e Grupo Soma (SOMA3) negociam fus\u00e3o, Ita\u00fasa (ITSA4) pagar\u00e1 bonifica\u00e7\u00f5es de a\u00e7\u00f5es e Vale (VALE3) entra em carteira de dividendos de banco"},"content":{"rendered":"<p>A Arezzo (ARZZ3) e o Grupo Soma (SOMA3), dono das marcas Farm, Animale e Hering, voltaram \u00e0 mesa de negocia\u00e7\u00f5es no fim da semana passada. A ideia \u00e9 criar um grupo gigante de moda, com estimativa de ganhos operacionais com a jun\u00e7\u00e3o em torno de R$ 4,5 bilh\u00f5es para todas as marcas envolvidas.<\/p>\t<div class=\"wrapper-featured-image\">\n\t\t<figure class=\"spotlightImg\">\n\n\t\t\t<picture>\n\t\t\t\t<source media=\"(max-width: 768px)\" srcset=\"https:\/\/files.sunoresearch.com.br\/n\/uploads\/2023\/12\/Arezzo-400x200.jpg\">\n\t\t\t\t<img loading=\"lazy\" decoding=\"async\" class=\"newsContent__article__imgCapa lazyloadDisabled \" src=\"https:\/\/files.sunoresearch.com.br\/n\/uploads\/2023\/12\/Arezzo-800x450.jpg\" width=\"800\" height=\"450\" alt=\"Radar: Arezzo (ARZZ3) e Grupo Soma (SOMA3) negociam fus\u00e3o, Ita\u00fasa (ITSA4) pagar\u00e1 bonifica\u00e7\u00f5es de a\u00e7\u00f5es e Vale (VALE3) entra em carteira de dividendos de banco\" fetchpriority=high \/>\n\t\t\t<\/picture>\n\n\t\t\t<figcaption class=\"wp-caption-text wp-caption-text--show\">Arezzo: Foto:divulga\u00e7\u00e3o<\/figcaption>\n\t\t<\/figure>\n\t<\/div>\n\n\n\n\n\n\t<p>\n\t\t<a href=\"https:\/\/lp.suno.com.br\/planilha-da-vida-financeira\/\" target=\"_blank\" data-element=\"shortcode-suno-banner\" title=\"Banner SUNO, clique e saiba mais\">\n\t\t\t<picture>\n\t\t\t\t<source media=\"(max-width: 500px)\" srcset=\"https:\/\/files.sunoresearch.com.br\/n\/uploads\/2023\/04\/400x300-Planilha-vida-financeira-true.png\">\n\t\t\t\t<img class=\"newsContent__article__imgCapa newsContent__article__imgCapa--banner\"\n\t\t\t\t\tsrc=\"https:\/\/files.sunoresearch.com.br\/n\/uploads\/2023\/04\/1420x240-Planilha-vida-financeira-true.png\"\n\t\t\t\t\tdata-promo-id=\"106682\"\t\t\t\t\t\t\t\t\t\twidth='1420' height='240'\t\t\t\t\talt=\"https:\/\/files.sunoresearch.com.br\/n\/uploads\/2023\/04\/1420x240-Planilha-vida-financeira-true.png\"\n\t\t\t\t>\n\t\t\t<\/picture>\n\t\t<\/a>\n\t<\/p>\n\n\n\n\n\n\n\n<p>As conversas sobre a<strong>&nbsp;fus\u00e3o entre Arezzo e o Soma<\/strong>&nbsp;come\u00e7aram em 2021, segundo pessoas familiarizadas com as negocia\u00e7\u00f5es, mas travaram e voltaram a ganhar for\u00e7a nas \u00faltimas semanas por iniciativa da Arezzo. At\u00e9 o momento, n\u00e3o h\u00e1 bancos de investimentos envolvidos.<\/p>\n\n\n\n<p>O&nbsp;<strong>Soma<\/strong>&nbsp;confirmou em comunicado \u00e0 Comiss\u00e3o de Valores Mobili\u00e1rios (CVM) que h\u00e1 conversas em andamento. Segundo o documento, a poss\u00edvel associa\u00e7\u00e3o pode ser \u201cmediante a jun\u00e7\u00e3o de suas opera\u00e7\u00f5es e bases acion\u00e1rias, envolvendo as a\u00e7\u00f5es das respectivas companhias e a governan\u00e7a compartilhada do neg\u00f3cio combinado\u201d.<\/p>\n\n\n\n<p>Alexandre Birman seria o presidente da companhia combinada, enquanto Roberto Jatahy continuaria \u00e0 frente do comando das marcas sob atual gest\u00e3o do Soma. A informa\u00e7\u00e3o foi inicialmente noticiada pelo Neofeed.<\/p>\n\n\n\n<p>A Arezzo tamb\u00e9m emitiu comunicado sobre o assunto. \u201cA companhia est\u00e1 em entendimentos com o Grupo Soma em que ambos avaliam uma poss\u00edvel associa\u00e7\u00e3o que poder\u00e1 envolver a unifica\u00e7\u00e3o das bases acion\u00e1rias em uma \u00fanica companhia com governan\u00e7a compartilhada.\u201d<\/p>\n\n\n\n<p>As empresas ressaltam que n\u00e3o h\u00e1 qualquer documento vinculante celebrado at\u00e9 o momento e deixam claro que a opera\u00e7\u00e3o pode n\u00e3o ser confirmada.<\/p>\n\n\n\n<p>Al\u00e9m de Arezzo, confira outros destaques desta quarta-feira:<\/p>\n\n\n\n<h2 class=\"wp-block-heading\">Ita\u00fasa (ITSA4) anuncia pagamento de bonifica\u00e7\u00f5es de a\u00e7\u00f5es<\/h2>\n\n\n\n<p>A holding&nbsp;<strong>Ita\u00fasa (ITSA4)<\/strong>, que controla o Ita\u00fa Unibanco (ITUB4), anunciou nesta quarta-feira, 31, que as fra\u00e7\u00f5es de a\u00e7\u00f5es, resultantes da bonifica\u00e7\u00e3o, foram agrupadas em n\u00fameros inteiros e vendidas na B3, em leil\u00e3o realizado no dia 19 de janeiro. Os valores ser\u00e3o disponibilizados aos acionistas no dia 5 de fevereiro.<\/p>\n\n\n\n<p>Ao todo, foram vendidas 372,857 milh\u00f5es de&nbsp;<strong>pap\u00e9is da Ita\u00fasa<\/strong>, sendo 41,830 milh\u00f5es de a\u00e7\u00f5es ordin\u00e1rias e 331,027 de preferenciais, ao pre\u00e7o de R$ 9,961660449 e R$ 10,0314610404, respectivamente, segundo a companhia.<\/p>\n\n\n\n<p>Os&nbsp;<strong>acionistas da Ita\u00fasa<\/strong>&nbsp;ter\u00e3o direito \u00e0s fra\u00e7\u00f5es na propor\u00e7\u00e3o de cada esp\u00e9cie, com data-base em 27 de novembro de 2023.<\/p>\n\n\n\n<p><strong>Ita\u00fasa volta a integrar outros \u00edndices da bolsa de valores, al\u00e9m do Ibovespa<\/strong><\/p>\n\n\n\n<p>As&nbsp;<strong>a\u00e7\u00f5es da Ita\u00fasa&nbsp;<\/strong>passaram a integrar diversos \u00edndices da bolsa de valores em 2024, como Carbono Eficiente (\u201cICO2\u201d) pelo 15\u00ba ano,&nbsp;<a href=\"https:\/\/www.suno.com.br\/artigos\/sustentabilidade-empresarial\/\" target=\"_blank\" rel=\"noreferrer noopener\"><strong>Sustentabilidade Empresarial<\/strong><\/a>&nbsp;(\u201cISE\u201d) pelo 17\u00ba ano, Great Place to Work (\u201cIGPTW\u201d) e Diversidade (\u201cIDIVERSA\u201d) pelo 2\u00ba ano, e Governan\u00e7a Corporativa (\u201cIGC\u201d) pelo 23\u00ba ano\u201d.<\/p>\n\n\n\n<p>Segundo&nbsp;a empresa,&nbsp;<strong>a participa\u00e7\u00e3o da Ita\u00fasa nestes \u00edndices<\/strong>&nbsp;\u201creflete o seu compromisso com a conduta \u00e9tica nos neg\u00f3cios, a transpar\u00eancia, a conformidade, a responsabilidade social, cultural e ambiental\u201d.<\/p>\n\n\n\n<p>\u201cA companhia seguir\u00e1 comprometida com o aprimoramento constante de sua jornada ESG (ambiental, social e de governan\u00e7a, na sigla em ingl\u00eas), cujo prop\u00f3sito \u00e9 atuar como agente de mudan\u00e7a para a constru\u00e7\u00e3o de neg\u00f3cios que criem valor e tenham impacto para o desenvolvimento sustent\u00e1vel do Brasil\u201d, diz a holding financeira.<\/p>\n\n\n\n<p>Veja como funcionam os \u00edndices que a&nbsp;<strong>ITSA4<\/strong>&nbsp;passou a integrar:<\/p>\n\n\n\n<ul class=\"wp-block-list\">\n<li>ICO2 re\u00fane empresas comprometidas com a transpar\u00eancia de suas emiss\u00f5es de gases de efeito estufa e que se preparam para uma economia de baixo carbono<\/li>\n\n\n\n<li>ISE: re\u00fane empresas com os melhores desempenhos em dimens\u00f5es que avaliam a sustentabilidade empresarial<\/li>\n\n\n\n<li>IGPTW: re\u00fane empresas que foram certificadas pela Great Place to Work como os melhores ambientes para trabalhar<\/li>\n\n\n\n<li>IDIVERSA: re\u00fane empresas com as melhores pr\u00e1ticas de diversidade e inclus\u00e3o, de acordo com metodologia desenvolvida pela B3<\/li>\n\n\n\n<li>IGC re\u00fane empresas com as melhores pr\u00e1ticas de governan\u00e7a corporativa, de acordo&nbsp;<strong>com metodologia desenvolvida pela B3<\/strong>.<\/li>\n<\/ul>\n\n\n\n<h2 class=\"wp-block-heading\">Vale (VALE3) entra em carteira de dividendos do BB-BI; veja<\/h2>\n\n\n\n<p>Em novo relat\u00f3rio, analistas do BB-BI inclu\u00edram a&nbsp;<a href=\"https:\/\/www.suno.com.br\/acoes\/VALE3\/\" target=\"_blank\" rel=\"noreferrer noopener\"><strong>Vale&nbsp;<\/strong>(VALE3)<\/a>&nbsp;em sua&nbsp;<a href=\"https:\/\/www.suno.com.br\/artigos\/carteira-recomendada\/\" target=\"_blank\" rel=\"noreferrer noopener\">carteira recomendada<\/a>&nbsp;de&nbsp;<a href=\"https:\/\/www.suno.com.br\/guias\/dividendos\/\" target=\"_blank\" rel=\"noreferrer noopener\">dividendos<\/a>, com proje\u00e7\u00e3o de 8,8% de dividend yield (DY) para a companhia.<\/p>\n\n\n\n<p>Al\u00e9m das&nbsp;<strong>a\u00e7\u00f5es da Vale<\/strong>, o BB-BI tamb\u00e9m acrescentou&nbsp;<a target=\"_blank\" href=\"https:\/\/www.suno.com.br\/acoes\/CSMG3\/\" rel=\"noreferrer noopener\">Copasa (CSMG3)<\/a>,&nbsp;<a target=\"_blank\" href=\"https:\/\/www.suno.com.br\/acoes\/CSNA3\/\" rel=\"noreferrer noopener\">CSN (CSNA3)<\/a>, CTEEP (TRPL4).<\/p>\n\n\n\n<p>Contudo, sa\u00edram Allos (ALOS3),&nbsp;<a target=\"_blank\" href=\"https:\/\/www.suno.com.br\/acoes\/BRAP4\/\" rel=\"noreferrer noopener\">Bradespar (BRAP4)<\/a>,&nbsp;<a target=\"_blank\" href=\"https:\/\/www.suno.com.br\/acoes\/ITUB4\/\" rel=\"noreferrer noopener\">Ita\u00fa Unibanco (ITUB4)<\/a>&nbsp;e&nbsp;<a target=\"_blank\" href=\"https:\/\/www.suno.com.br\/acoes\/PSSA3\/\" rel=\"noreferrer noopener\">Porto Seguro (PSSA3)<\/a>.<\/p>\n\n\n\n<p>\u201cEm nossa metodologia, a periodicidade de altera\u00e7\u00f5es na carteira \u00e9 trimestral, nos fechamentos dos meses de novembro, fevereiro, maio e agosto com apura\u00e7\u00e3o e divulga\u00e7\u00e3o mensal de performance bem como a perspectiva de proventos anualizada\u201d, justifica a casa.<\/p>\n\n\n\n<p>A rentabilidade da&nbsp;<strong>carteira de dividendos<\/strong>&nbsp;da casa \u00e9 de 154% desde janeiro de 2020, ao passo que o \u00edndice de dividendos (IDIV) avan\u00e7ou 129% na mesma janela.<\/p>\n\n\n\t<p>\n\t\t<a href=\"https:\/\/lp.suno.com.br\/ebook-como-analisar-uma-acao\/\" target=\"_blank\" data-element=\"shortcode-suno-banner\" title=\"Banner SUNO, clique e saiba mais\">\n\t\t\t<picture>\n\t\t\t\t<source media=\"(max-width: 500px)\" srcset=\"https:\/\/files.sunoresearch.com.br\/n\/uploads\/2023\/03\/Ebook-Acoes-Mobile.jpg\">\n\t\t\t\t<img class=\"newsContent__article__imgCapa newsContent__article__imgCapa--banner\"\n\t\t\t\t\tsrc=\"https:\/\/files.sunoresearch.com.br\/n\/uploads\/2023\/03\/Ebook-Acoes-Desktop.jpg\"\n\t\t\t\t\tdata-promo-id=\"378302\"\t\t\t\t\t\t\t\t\t\twidth='1420' height='286'\t\t\t\t\talt=\"https:\/\/files.sunoresearch.com.br\/n\/uploads\/2023\/03\/Ebook-Acoes-Desktop.jpg\"\n\t\t\t\t>\n\t\t\t<\/picture>\n\t\t<\/a>\n\t<\/p>\n\n\n\n\n\n<h2 class=\"wp-block-heading\">Vibra (VBBR3): XP recomenda compra: \u201cHora de brilhar\u201d da empresa<\/h2>\n\n\n\n<p>Em relat\u00f3rio sobre o setor de combust\u00edveis, analistas da XP iniciaram a cobertura das a\u00e7\u00f5es da&nbsp;<a href=\"https:\/\/www.suno.com.br\/acoes\/vbbr3\/\" target=\"_blank\" rel=\"noreferrer noopener\"><strong>Vibra<\/strong>&nbsp;(VBBR3)<\/a>, j\u00e1 sinalizando otimismo com a empresa.<\/p>\n\n\n\n<p>A recomenda\u00e7\u00e3o para as&nbsp;<strong>a\u00e7\u00f5es da Vibra<\/strong>&nbsp;\u00e9 de compra, com pre\u00e7o-alvo de R$ 32,70 \u2013 ao passo que os pap\u00e9is&nbsp;<strong><a href=\"https:\/\/statusinvest.com.br\/acoes\/vbbr3?__hstc=189907700.57003753d8805be60d3d8f1693f0228c.1666093829288.1706664532152.1706747545050.343&amp;__hssc=189907700.9.1706747545050&amp;__hsfp=4259768707\" target=\"_blank\" rel=\"noreferrer noopener\">VBBR3<\/a><\/strong>&nbsp;s\u00e3o negociados a cerca de R$ 24 atualmente.<\/p>\n\n\n\n<p>\u201cAp\u00f3s retornos estelares em 2023 \u2013 especialmente para a Ultrapar (UGPA3) -, acreditamos que chegou a hora de a Vibra brilhar, embora existam alguns riscos no horizonte. Vemos a Vibra como uma a\u00e7\u00e3o barata e a melhor para se posicionar em rela\u00e7\u00e3o aos potenciais ventos favor\u00e1veis do setor de distribui\u00e7\u00e3o de combust\u00edveis\u201d, observa a XP.<\/p>\n\n\n\n<p>A XP destaca que prefere a Vibra \u00e0&nbsp;<a href=\"https:\/\/www.suno.com.br\/acoes\/UGPA3\/\" target=\"_blank\" rel=\"noreferrer noopener\">Ultrapar (UGPA3)<\/a>&nbsp;principalmente por motivos de valuation, al\u00e9m de quest\u00f5es como a exposi\u00e7\u00e3o da companhia ao neg\u00f3cio de&nbsp;<strong>distribui\u00e7\u00e3o de combust\u00edveis<\/strong>&nbsp;e infraestrutura com maior capilaridade.<\/p>\n\n\n\n<h2 class=\"wp-block-heading\">Moody\u2019s rebaixa rating da Gol (GOLL4) com perspectiva negativa<\/h2>\n\n\n\n<p>A Moody\u2019s rebaixou seu rating da&nbsp;<a href=\"https:\/\/www.suno.com.br\/acoes\/GOLL4\/\" target=\"_blank\" rel=\"noreferrer noopener\"><strong>Gol<\/strong>&nbsp;(GOLL4)<\/a>&nbsp;de Caa2 para Ca, com perspectiva negativa. A ag\u00eancia de classifica\u00e7\u00e3o de risco comunicou a decis\u00e3o nesta quarta-feira (31).<\/p>\n\n\n\n<p>A&nbsp;<strong>Moody\u2019s<\/strong>&nbsp;diz que, ap\u00f3s suas a\u00e7\u00f5es de hoje, os ratings da Gol, Gol Equity Finance, Gol Finance e Gol Finance (LuxCO) ser\u00e3o retirados em breve, como consequ\u00eancia do fato de a empresa ter entrado com pedido de recupera\u00e7\u00e3o judicial (\u201cchapter 11\u201d) nos Estados Unidos.<\/p>\n\n\n\n<p>A Moody\u2019s diz que o passo da&nbsp;<strong>Gol nos EUA<\/strong>&nbsp;\u00e9 resultado de uma queima de caixa acumulada e da alta alavancagem da empresa, derivada de juros elevados, de aeronaves Boeing MAX em solo e dos efeitos da pandemia, que levaram a um enfraquecimento no perfil de liquidez e a uma&nbsp;<a target=\"_blank\" href=\"https:\/\/www.suno.com.br\/artigos\/indicadores-estrutura-capital\/\" rel=\"noreferrer noopener\">estrutura de capital<\/a>&nbsp;\u201cinsustent\u00e1vel\u201d.<\/p>\n\n\n\n<p>A&nbsp;<strong>ag\u00eancia de classifica\u00e7\u00e3o de risco<\/strong>&nbsp;ainda afirma que a perspectiva negativa reflete a vis\u00e3o de um per\u00edodo prolongado de recupera\u00e7\u00e3o para a Gol, como parte da reorganiza\u00e7\u00e3o e de sua \u201cflexibilidade financeira limitada\u201d, o que poderia levar a perdas maiores que o previsto para os credores segurados e n\u00e3o segurados.<\/p>\n\n\n\n<h2 class=\"wp-block-heading\">Santander (SANB11) teve \u201cum ano para esquecer\u201d, diz XP ap\u00f3s resultado do 4T23<\/h2>\n\n\n\n<p>O&nbsp;<a href=\"https:\/\/www.suno.com.br\/acoes\/SANB11\/\" target=\"_blank\" rel=\"noreferrer noopener\"><strong>Santander<\/strong>&nbsp;(SANB11)<\/a>&nbsp;reportou seus&nbsp;<a href=\"https:\/\/www.suno.com.br\/artigos\/resultados-trimestrais\/\" target=\"_blank\" rel=\"noreferrer noopener\">resultados trimestrais<\/a>&nbsp;na manh\u00e3 desta quarta-feira (31), com resultados que foram vistos como negativos pelo mercado. As a\u00e7\u00f5es do banco, com isso, opera em queda de mais de 2% no Ibovespa.<\/p>\n\n\n\n<p>Analistas da XP destacaram que o&nbsp;<strong>resultado do Santander<\/strong>&nbsp;mostrou n\u00fameros \u201cnegativos e abaixo do esperado\u201d.<\/p>\n\n\n\n<p>\u201cApesar do NII estar em linha com as expectativas, a rentabilidade do banco foi pressionada por um aumento nas provis\u00f5es e despesas gerais. O banco destacou que os resultados foram impactados por um caso espec\u00edfico no segmento corporativo e pela necessidade de provis\u00f5es adicionais para fortalecer a cobertura de outras companhias do segmento corporativo\u201d, diz a casa.<\/p>\n\n\n\n<p>\u201cComo resultado, o banco reportou um&nbsp;<a href=\"https:\/\/www.suno.com.br\/artigos\/lucro-liquido\/\" target=\"_blank\" rel=\"noreferrer noopener\">lucro l\u00edquido<\/a>&nbsp;de R$ 2,2 bilh\u00f5es, 26% abaixo de nossas proje\u00e7\u00f5es, resultando em um&nbsp;<a href=\"https:\/\/www.suno.com.br\/artigos\/roae\/\">ROAE<\/a>&nbsp;gerencial de 12,3%. O \u00edndice de inadimpl\u00eancia acima de 90 dias atingiu 3,1% e, apesar do aumento de 10bps T\/T, n\u00e3o parece ser um ponto de preocupa\u00e7\u00e3o\u201d, completa.<\/p>\n\n\n\n<p>Os especialistas ainda ressaltam que o indicador antecedente (15-90) confirma o bom desempenho das carteiras de empr\u00e9stimo mais recentes, especialmente no segmento de&nbsp;<a target=\"_blank\" href=\"https:\/\/www.suno.com.br\/artigos\/pessoa-fisica\/\" rel=\"noreferrer noopener\">pessoa f\u00edsica<\/a>&nbsp;(-40 pontos base).<\/p>\n\n\n\n<p>A expectativa j\u00e1 era de uma rea\u00e7\u00e3o negativa do mercado, refletindo novas preocupa\u00e7\u00f5es em rela\u00e7\u00e3o \u00e0 press\u00e3o cont\u00ednua sobre a rentabilidade ap\u00f3s um terceiro trimestre que indicava uma poss\u00edvel recupera\u00e7\u00e3o no futuro.<\/p>\n\n\n\n<p>Da Arezzo \u00e0 Vale, essas foram as empresas que se destacaram hoje. Para ler todas as mat\u00e9rias&nbsp;<strong><a href=\"https:\/\/www.suno.com.br\/noticias\/todos\/?utm_content=XYOE2ItQuUY.20201113&amp;utm_campaign=Track%2B&amp;utm_medium=video&amp;utm_source=telegram.sunoresearch\" target=\"_blank\" rel=\"noreferrer noopener\">clique aqui<\/a><\/strong>.<a href=\"https:\/\/lp.suno.com.br\/planilha-da-vida-financeira\/\" target=\"_blank\" rel=\"noreferrer noopener\"><\/a><a href=\"https:\/\/lp.suno.com.br\/cl\/webinario-suno-black-2024\/\" target=\"_blank\" rel=\"noreferrer noopener\"><\/a><a href=\"https:\/\/lp.suno.com.br\/planilha-da-vida-financeira\/\" target=\"_blank\" rel=\"noreferrer noopener\"><\/a><a href=\"https:\/\/lp.suno.com.br\/planilha-da-vida-financeira\/\" target=\"_blank\" rel=\"noreferrer noopener\"><\/a><a href=\"https:\/\/lp.suno.com.br\/planilha-da-vida-financeira\/\" target=\"_blank\" rel=\"noreferrer noopener\"><\/a><a href=\"https:\/\/lp.suno.com.br\/planilha-da-vida-financeira\/\" target=\"_blank\" rel=\"noreferrer noopener\"><\/a><a href=\"https:\/\/lp.suno.com.br\/planilha-da-vida-financeira\/\" target=\"_blank\" rel=\"noreferrer noopener\"><\/a><a href=\"https:\/\/lp.suno.com.br\/planilha-da-vida-financeira\/\" target=\"_blank\" rel=\"noreferrer noopener\"><\/a><a href=\"https:\/\/lp.suno.com.br\/planilha-da-vida-financeira\/\" target=\"_blank\" rel=\"noreferrer noopener\"><\/a><a href=\"https:\/\/lp.suno.com.br\/planilha-da-vida-financeira\/\" target=\"_blank\" rel=\"noreferrer noopener\"><\/a><\/p>\n\n\n\t<p>\n\t\t<a href=\"https:\/\/lp.suno.com.br\/planilha-da-vida-financeira\/\" target=\"_blank\" data-element=\"shortcode-suno-banner\" title=\"Banner SUNO, clique e saiba mais\">\n\t\t\t<picture>\n\t\t\t\t<source media=\"(max-width: 500px)\" srcset=\"https:\/\/files.sunoresearch.com.br\/n\/uploads\/2023\/04\/400x300-Planilha-vida-financeira-true.png\">\n\t\t\t\t<img class=\"newsContent__article__imgCapa newsContent__article__imgCapa--banner\"\n\t\t\t\t\tsrc=\"https:\/\/files.sunoresearch.com.br\/n\/uploads\/2023\/04\/1420x240-Planilha-vida-financeira-true.png\"\n\t\t\t\t\tdata-promo-id=\"383123\"\t\t\t\t\t\t\t\t\t\twidth='1420' height='240'\t\t\t\t\talt=\"https:\/\/files.sunoresearch.com.br\/n\/uploads\/2023\/04\/1420x240-Planilha-vida-financeira-true.png\"\n\t\t\t\t>\n\t\t\t<\/picture>\n\t\t<\/a>\n\t<\/p>\n\n\n","protected":false},"excerpt":{"rendered":"<p>A Arezzo (ARZZ3) e o Grupo Soma (SOMA3), dono das marcas Farm, Animale e Hering, voltaram \u00e0 mesa de negocia\u00e7\u00f5es no fim da semana passada. A ideia \u00e9 criar um grupo gigante de moda, com estimativa de ganhos operacionais com a jun\u00e7\u00e3o em torno de R$ 4,5 bilh\u00f5es para todas as marcas envolvidas. Arezzo: Foto:divulga\u00e7\u00e3o [&hellip;]<\/p>\n","protected":false},"author":227,"featured_media":494312,"comment_status":"closed","ping_status":"closed","sticky":false,"template":"","format":"standard","meta":[],"categories":[64],"tags":[362,489,2686,517,624,676,596],"suno_strategy":[],"class_list":["post-518717","post","type-post","status-publish","format-standard","has-post-thumbnail","hentry","category-negocios","tag-arezzo-arzz3","tag-gol-linhas-aereas-goll11-goll4","tag-grupo-soma-soma3","tag-itausa-itsa3-itsa4","tag-santander-sanb11-sanb3-sanb4","tag-vale-vale3","tag-vibra-energia-vbbr3"],"yoast_head":"<!-- This site is optimized with the Yoast SEO plugin v24.4 - https:\/\/yoast.com\/wordpress\/plugins\/seo\/ -->\n<title>Radar: Arezzo (ARZZ3) e Grupo Soma (SOMA3) negociam fus\u00e3o, Ita\u00fasa (ITSA4) pagar\u00e1 bonifica\u00e7\u00f5es de a\u00e7\u00f5es e Vale (VALE3) entra em carteira de dividendos de banco<\/title>\n<meta name=\"description\" content=\"Arezzo e Grupo Soma negociam fus\u00e3o, Ita\u00fasa pagar\u00e1 bonifica\u00e7\u00f5es de a\u00e7\u00f5es e Vale entra em carteira de dividendos de banco\" \/>\n<meta name=\"robots\" content=\"index, follow, max-snippet:-1, max-image-preview:large, max-video-preview:-1\" \/>\n<link rel=\"canonical\" href=\"https:\/\/www.suno.com.br\/noticias\/radar-arezzo-arzz3-itausa-itsa4-vale-vale3\/\" \/>\n<meta property=\"og:locale\" content=\"pt_BR\" \/>\n<meta property=\"og:type\" content=\"article\" \/>\n<meta property=\"og:title\" content=\"Radar: Arezzo (ARZZ3) e Grupo Soma (SOMA3) negociam fus\u00e3o, Ita\u00fasa (ITSA4) pagar\u00e1 bonifica\u00e7\u00f5es de a\u00e7\u00f5es e Vale (VALE3) entra em carteira de dividendos de banco\" \/>\n<meta property=\"og:description\" content=\"Arezzo e Grupo Soma negociam fus\u00e3o, Ita\u00fasa pagar\u00e1 bonifica\u00e7\u00f5es de a\u00e7\u00f5es e Vale entra em carteira de dividendos de banco\" \/>\n<meta property=\"og:url\" content=\"https:\/\/www.suno.com.br\/noticias\/radar-arezzo-arzz3-itausa-itsa4-vale-vale3\/\" \/>\n<meta property=\"og:site_name\" content=\"Suno Not\u00edcias\" \/>\n<meta property=\"article:publisher\" content=\"https:\/\/facebook.com\/sunoresearch\" \/>\n<meta property=\"og:image\" content=\"https:\/\/files.sunoresearch.com.br\/n\/uploads\/2023\/12\/Arezzo-scaled.jpg\" \/>\n\t<meta property=\"og:image:width\" content=\"1707\" \/>\n\t<meta property=\"og:image:height\" content=\"2560\" \/>\n\t<meta property=\"og:image:type\" content=\"image\/jpeg\" \/>\n<meta name=\"author\" content=\"Vanessa Loiola\" \/>\n<meta name=\"twitter:card\" content=\"summary_large_image\" \/>\n<meta name=\"twitter:creator\" content=\"@sunoresearch\" \/>\n<meta name=\"twitter:site\" content=\"@sunoresearch\" \/>\n<meta name=\"twitter:label1\" content=\"Escrito por\" \/>\n\t<meta name=\"twitter:data1\" content=\"Vanessa Loiola\" \/>\n\t<meta name=\"twitter:label2\" content=\"Est. tempo de leitura\" \/>\n\t<meta name=\"twitter:data2\" content=\"8 minutos\" \/>\n<script type=\"application\/ld+json\" class=\"yoast-schema-graph\">{\"@context\":\"https:\/\/schema.org\",\"@graph\":[{\"@type\":\"NewsArticle\",\"@id\":\"https:\/\/www.suno.com.br\/noticias\/radar-arezzo-arzz3-itausa-itsa4-vale-vale3\/#article\",\"isPartOf\":{\"@id\":\"https:\/\/www.suno.com.br\/noticias\/radar-arezzo-arzz3-itausa-itsa4-vale-vale3\/\"},\"author\":{\"name\":\"Vanessa Loiola\",\"@id\":\"https:\/\/www.suno.com.br\/noticias\/#\/schema\/person\/450c455ecff319bab1f1a0e643451479\"},\"headline\":\"Radar: Arezzo (ARZZ3) e Grupo Soma (SOMA3) negociam fus\u00e3o, Ita\u00fasa (ITSA4) pagar\u00e1 bonifica\u00e7\u00f5es de a\u00e7\u00f5es e Vale (VALE3) entra em carteira de dividendos de banco\",\"datePublished\":\"2024-02-01T01:20:59+00:00\",\"dateModified\":\"2024-02-01T01:21:09+00:00\",\"mainEntityOfPage\":{\"@id\":\"https:\/\/www.suno.com.br\/noticias\/radar-arezzo-arzz3-itausa-itsa4-vale-vale3\/\"},\"wordCount\":1527,\"publisher\":{\"@id\":\"https:\/\/www.suno.com.br\/noticias\/#organization\"},\"image\":{\"@id\":\"https:\/\/www.suno.com.br\/noticias\/radar-arezzo-arzz3-itausa-itsa4-vale-vale3\/#primaryimage\"},\"thumbnailUrl\":\"https:\/\/files.sunoresearch.com.br\/n\/uploads\/2023\/12\/Arezzo-scaled.jpg\",\"keywords\":[\"Arezzo (ARZZ3)\",\"Gol Linhas A\u00e9reas (GOLL11\/GOLL4)\",\"Grupo Soma (SOMA3)\",\"Ita\u00fasa (ITSA3\/ITSA4)\",\"Santander (SANB11\/SANB3\/SANB4)\",\"Vale (VALE3)\",\"Vibra Energia (VBBR3)\"],\"articleSection\":[\"Neg\u00f3cios\"],\"inLanguage\":\"pt-BR\"},{\"@type\":\"WebPage\",\"@id\":\"https:\/\/www.suno.com.br\/noticias\/radar-arezzo-arzz3-itausa-itsa4-vale-vale3\/\",\"url\":\"https:\/\/www.suno.com.br\/noticias\/radar-arezzo-arzz3-itausa-itsa4-vale-vale3\/\",\"name\":\"Radar: Arezzo (ARZZ3) e Grupo Soma (SOMA3) negociam fus\u00e3o, Ita\u00fasa (ITSA4) pagar\u00e1 bonifica\u00e7\u00f5es de a\u00e7\u00f5es e Vale (VALE3) entra em carteira de dividendos de banco\",\"isPartOf\":{\"@id\":\"https:\/\/www.suno.com.br\/noticias\/#website\"},\"primaryImageOfPage\":{\"@id\":\"https:\/\/www.suno.com.br\/noticias\/radar-arezzo-arzz3-itausa-itsa4-vale-vale3\/#primaryimage\"},\"image\":{\"@id\":\"https:\/\/www.suno.com.br\/noticias\/radar-arezzo-arzz3-itausa-itsa4-vale-vale3\/#primaryimage\"},\"thumbnailUrl\":\"https:\/\/files.sunoresearch.com.br\/n\/uploads\/2023\/12\/Arezzo-scaled.jpg\",\"datePublished\":\"2024-02-01T01:20:59+00:00\",\"dateModified\":\"2024-02-01T01:21:09+00:00\",\"description\":\"Arezzo e Grupo Soma negociam fus\u00e3o, Ita\u00fasa pagar\u00e1 bonifica\u00e7\u00f5es de a\u00e7\u00f5es e Vale entra em carteira de dividendos de banco\",\"breadcrumb\":{\"@id\":\"https:\/\/www.suno.com.br\/noticias\/radar-arezzo-arzz3-itausa-itsa4-vale-vale3\/#breadcrumb\"},\"inLanguage\":\"pt-BR\",\"potentialAction\":[{\"@type\":\"ReadAction\",\"target\":[\"https:\/\/www.suno.com.br\/noticias\/radar-arezzo-arzz3-itausa-itsa4-vale-vale3\/\"]}]},{\"@type\":\"ImageObject\",\"inLanguage\":\"pt-BR\",\"@id\":\"https:\/\/www.suno.com.br\/noticias\/radar-arezzo-arzz3-itausa-itsa4-vale-vale3\/#primaryimage\",\"url\":\"https:\/\/files.sunoresearch.com.br\/n\/uploads\/2023\/12\/Arezzo-scaled.jpg\",\"contentUrl\":\"https:\/\/files.sunoresearch.com.br\/n\/uploads\/2023\/12\/Arezzo-scaled.jpg\",\"width\":1707,\"height\":2560,\"caption\":\"Arezzo: Foto:divulga\u00e7\u00e3o\"},{\"@type\":\"BreadcrumbList\",\"@id\":\"https:\/\/www.suno.com.br\/noticias\/radar-arezzo-arzz3-itausa-itsa4-vale-vale3\/#breadcrumb\",\"itemListElement\":[{\"@type\":\"ListItem\",\"position\":1,\"name\":\"Not\u00edcias\",\"item\":\"https:\/\/www.suno.com.br\/noticias\/\"},{\"@type\":\"ListItem\",\"position\":2,\"name\":\"Neg\u00f3cios\",\"item\":\"https:\/\/www.suno.com.br\/noticias\/negocios\/\"},{\"@type\":\"ListItem\",\"position\":3,\"name\":\"Radar: Arezzo (ARZZ3) e Grupo Soma (SOMA3) negociam fus\u00e3o, Ita\u00fasa (ITSA4) pagar\u00e1 bonifica\u00e7\u00f5es de a\u00e7\u00f5es e Vale (VALE3) entra em carteira de dividendos de banco\"}]},{\"@type\":\"WebSite\",\"@id\":\"https:\/\/www.suno.com.br\/noticias\/#website\",\"url\":\"https:\/\/www.suno.com.br\/noticias\/\",\"name\":\"Suno Not\u00edcias\",\"description\":\"Seu portal de informa\u00e7\u00e3o sobre o mundo dos investimentos\",\"publisher\":{\"@id\":\"https:\/\/www.suno.com.br\/noticias\/#organization\"},\"potentialAction\":[{\"@type\":\"SearchAction\",\"target\":{\"@type\":\"EntryPoint\",\"urlTemplate\":\"https:\/\/www.suno.com.br\/noticias\/?s={search_term_string}\"},\"query-input\":{\"@type\":\"PropertyValueSpecification\",\"valueRequired\":true,\"valueName\":\"search_term_string\"}}],\"inLanguage\":\"pt-BR\"},{\"@type\":\"Organization\",\"@id\":\"https:\/\/www.suno.com.br\/noticias\/#organization\",\"name\":\"Suno Not\u00edcias\",\"url\":\"https:\/\/www.suno.com.br\/noticias\/\",\"logo\":{\"@type\":\"ImageObject\",\"inLanguage\":\"pt-BR\",\"@id\":\"https:\/\/www.suno.com.br\/noticias\/#\/schema\/logo\/image\/\",\"url\":\"https:\/\/files.sunoresearch.com.br\/n\/uploads\/2021\/09\/suno-logo.png\",\"contentUrl\":\"https:\/\/files.sunoresearch.com.br\/n\/uploads\/2021\/09\/suno-logo.png\",\"width\":180,\"height\":180,\"caption\":\"Suno Not\u00edcias\"},\"image\":{\"@id\":\"https:\/\/www.suno.com.br\/noticias\/#\/schema\/logo\/image\/\"},\"sameAs\":[\"https:\/\/facebook.com\/sunoresearch\",\"https:\/\/x.com\/sunoresearch\",\"https:\/\/www.instagram.com\/suno\",\"https:\/\/www.linkedin.com\/company\/suno-research\/\",\"https:\/\/www.youtube.com\/c\/sunoresearch\"]},{\"@type\":\"Person\",\"@id\":\"https:\/\/www.suno.com.br\/noticias\/#\/schema\/person\/450c455ecff319bab1f1a0e643451479\",\"name\":\"Vanessa Loiola\",\"image\":{\"@type\":\"ImageObject\",\"inLanguage\":\"pt-BR\",\"@id\":\"https:\/\/www.suno.com.br\/noticias\/#\/schema\/person\/image\/\",\"url\":\"https:\/\/secure.gravatar.com\/avatar\/8b41117f9780831919eb38da349c3f20?s=96&r=g\",\"contentUrl\":\"https:\/\/secure.gravatar.com\/avatar\/8b41117f9780831919eb38da349c3f20?s=96&r=g\",\"caption\":\"Vanessa Loiola\"},\"description\":\"Jornalista formada pela PUC-SP, com experi\u00eancia na cobertura das editorias de economia, finan\u00e7as, bolsa de valores, pol\u00edtica, energia solar e entretenimento. Com passagem pela BM&amp;C News e RedeTV!\",\"url\":\"https:\/\/www.suno.com.br\/noticias\/author\/vanessal-loiolagmail-com\/\"}]}<\/script>\n<!-- \/ Yoast SEO plugin. -->","yoast_head_json":{"title":"Radar: Arezzo (ARZZ3) e Grupo Soma (SOMA3) negociam fus\u00e3o, Ita\u00fasa (ITSA4) pagar\u00e1 bonifica\u00e7\u00f5es de a\u00e7\u00f5es e Vale (VALE3) entra em carteira de dividendos de banco","description":"Arezzo e Grupo Soma negociam fus\u00e3o, Ita\u00fasa pagar\u00e1 bonifica\u00e7\u00f5es de a\u00e7\u00f5es e Vale entra em carteira de dividendos de banco","robots":{"index":"index","follow":"follow","max-snippet":"max-snippet:-1","max-image-preview":"max-image-preview:large","max-video-preview":"max-video-preview:-1"},"canonical":"https:\/\/www.suno.com.br\/noticias\/radar-arezzo-arzz3-itausa-itsa4-vale-vale3\/","og_locale":"pt_BR","og_type":"article","og_title":"Radar: Arezzo (ARZZ3) e Grupo Soma (SOMA3) negociam fus\u00e3o, Ita\u00fasa (ITSA4) pagar\u00e1 bonifica\u00e7\u00f5es de a\u00e7\u00f5es e Vale (VALE3) entra em carteira de dividendos de banco","og_description":"Arezzo e Grupo Soma negociam fus\u00e3o, Ita\u00fasa pagar\u00e1 bonifica\u00e7\u00f5es de a\u00e7\u00f5es e Vale entra em carteira de dividendos de banco","og_url":"https:\/\/www.suno.com.br\/noticias\/radar-arezzo-arzz3-itausa-itsa4-vale-vale3\/","og_site_name":"Suno Not\u00edcias","article_publisher":"https:\/\/facebook.com\/sunoresearch","og_image":[{"width":1707,"height":2560,"url":"https:\/\/files.sunoresearch.com.br\/n\/uploads\/2023\/12\/Arezzo-scaled.jpg","type":"image\/jpeg"}],"author":"Vanessa Loiola","twitter_card":"summary_large_image","twitter_creator":"@sunoresearch","twitter_site":"@sunoresearch","twitter_misc":{"Escrito por":"Vanessa Loiola","Est. tempo de leitura":"8 minutos"},"schema":{"@context":"https:\/\/schema.org","@graph":[{"@type":"NewsArticle","@id":"https:\/\/www.suno.com.br\/noticias\/radar-arezzo-arzz3-itausa-itsa4-vale-vale3\/#article","isPartOf":{"@id":"https:\/\/www.suno.com.br\/noticias\/radar-arezzo-arzz3-itausa-itsa4-vale-vale3\/"},"author":{"name":"Vanessa Loiola","@id":"https:\/\/www.suno.com.br\/noticias\/#\/schema\/person\/450c455ecff319bab1f1a0e643451479"},"headline":"Radar: Arezzo (ARZZ3) e Grupo Soma (SOMA3) negociam fus\u00e3o, Ita\u00fasa (ITSA4) pagar\u00e1 bonifica\u00e7\u00f5es de a\u00e7\u00f5es e Vale (VALE3) entra em carteira de dividendos de banco","datePublished":"2024-02-01T01:20:59+00:00","dateModified":"2024-02-01T01:21:09+00:00","mainEntityOfPage":{"@id":"https:\/\/www.suno.com.br\/noticias\/radar-arezzo-arzz3-itausa-itsa4-vale-vale3\/"},"wordCount":1527,"publisher":{"@id":"https:\/\/www.suno.com.br\/noticias\/#organization"},"image":{"@id":"https:\/\/www.suno.com.br\/noticias\/radar-arezzo-arzz3-itausa-itsa4-vale-vale3\/#primaryimage"},"thumbnailUrl":"https:\/\/files.sunoresearch.com.br\/n\/uploads\/2023\/12\/Arezzo-scaled.jpg","keywords":["Arezzo (ARZZ3)","Gol Linhas A\u00e9reas (GOLL11\/GOLL4)","Grupo Soma (SOMA3)","Ita\u00fasa (ITSA3\/ITSA4)","Santander (SANB11\/SANB3\/SANB4)","Vale (VALE3)","Vibra Energia (VBBR3)"],"articleSection":["Neg\u00f3cios"],"inLanguage":"pt-BR"},{"@type":"WebPage","@id":"https:\/\/www.suno.com.br\/noticias\/radar-arezzo-arzz3-itausa-itsa4-vale-vale3\/","url":"https:\/\/www.suno.com.br\/noticias\/radar-arezzo-arzz3-itausa-itsa4-vale-vale3\/","name":"Radar: Arezzo (ARZZ3) e Grupo Soma (SOMA3) negociam fus\u00e3o, Ita\u00fasa (ITSA4) pagar\u00e1 bonifica\u00e7\u00f5es de a\u00e7\u00f5es e Vale (VALE3) entra em carteira de dividendos de banco","isPartOf":{"@id":"https:\/\/www.suno.com.br\/noticias\/#website"},"primaryImageOfPage":{"@id":"https:\/\/www.suno.com.br\/noticias\/radar-arezzo-arzz3-itausa-itsa4-vale-vale3\/#primaryimage"},"image":{"@id":"https:\/\/www.suno.com.br\/noticias\/radar-arezzo-arzz3-itausa-itsa4-vale-vale3\/#primaryimage"},"thumbnailUrl":"https:\/\/files.sunoresearch.com.br\/n\/uploads\/2023\/12\/Arezzo-scaled.jpg","datePublished":"2024-02-01T01:20:59+00:00","dateModified":"2024-02-01T01:21:09+00:00","description":"Arezzo e Grupo Soma negociam fus\u00e3o, Ita\u00fasa pagar\u00e1 bonifica\u00e7\u00f5es de a\u00e7\u00f5es e Vale entra em carteira de dividendos de banco","breadcrumb":{"@id":"https:\/\/www.suno.com.br\/noticias\/radar-arezzo-arzz3-itausa-itsa4-vale-vale3\/#breadcrumb"},"inLanguage":"pt-BR","potentialAction":[{"@type":"ReadAction","target":["https:\/\/www.suno.com.br\/noticias\/radar-arezzo-arzz3-itausa-itsa4-vale-vale3\/"]}]},{"@type":"ImageObject","inLanguage":"pt-BR","@id":"https:\/\/www.suno.com.br\/noticias\/radar-arezzo-arzz3-itausa-itsa4-vale-vale3\/#primaryimage","url":"https:\/\/files.sunoresearch.com.br\/n\/uploads\/2023\/12\/Arezzo-scaled.jpg","contentUrl":"https:\/\/files.sunoresearch.com.br\/n\/uploads\/2023\/12\/Arezzo-scaled.jpg","width":1707,"height":2560,"caption":"Arezzo: Foto:divulga\u00e7\u00e3o"},{"@type":"BreadcrumbList","@id":"https:\/\/www.suno.com.br\/noticias\/radar-arezzo-arzz3-itausa-itsa4-vale-vale3\/#breadcrumb","itemListElement":[{"@type":"ListItem","position":1,"name":"Not\u00edcias","item":"https:\/\/www.suno.com.br\/noticias\/"},{"@type":"ListItem","position":2,"name":"Neg\u00f3cios","item":"https:\/\/www.suno.com.br\/noticias\/negocios\/"},{"@type":"ListItem","position":3,"name":"Radar: Arezzo (ARZZ3) e Grupo Soma (SOMA3) negociam fus\u00e3o, Ita\u00fasa (ITSA4) pagar\u00e1 bonifica\u00e7\u00f5es de a\u00e7\u00f5es e Vale (VALE3) entra em carteira de dividendos de banco"}]},{"@type":"WebSite","@id":"https:\/\/www.suno.com.br\/noticias\/#website","url":"https:\/\/www.suno.com.br\/noticias\/","name":"Suno Not\u00edcias","description":"Seu portal de informa\u00e7\u00e3o sobre o mundo dos investimentos","publisher":{"@id":"https:\/\/www.suno.com.br\/noticias\/#organization"},"potentialAction":[{"@type":"SearchAction","target":{"@type":"EntryPoint","urlTemplate":"https:\/\/www.suno.com.br\/noticias\/?s={search_term_string}"},"query-input":{"@type":"PropertyValueSpecification","valueRequired":true,"valueName":"search_term_string"}}],"inLanguage":"pt-BR"},{"@type":"Organization","@id":"https:\/\/www.suno.com.br\/noticias\/#organization","name":"Suno Not\u00edcias","url":"https:\/\/www.suno.com.br\/noticias\/","logo":{"@type":"ImageObject","inLanguage":"pt-BR","@id":"https:\/\/www.suno.com.br\/noticias\/#\/schema\/logo\/image\/","url":"https:\/\/files.sunoresearch.com.br\/n\/uploads\/2021\/09\/suno-logo.png","contentUrl":"https:\/\/files.sunoresearch.com.br\/n\/uploads\/2021\/09\/suno-logo.png","width":180,"height":180,"caption":"Suno Not\u00edcias"},"image":{"@id":"https:\/\/www.suno.com.br\/noticias\/#\/schema\/logo\/image\/"},"sameAs":["https:\/\/facebook.com\/sunoresearch","https:\/\/x.com\/sunoresearch","https:\/\/www.instagram.com\/suno","https:\/\/www.linkedin.com\/company\/suno-research\/","https:\/\/www.youtube.com\/c\/sunoresearch"]},{"@type":"Person","@id":"https:\/\/www.suno.com.br\/noticias\/#\/schema\/person\/450c455ecff319bab1f1a0e643451479","name":"Vanessa Loiola","image":{"@type":"ImageObject","inLanguage":"pt-BR","@id":"https:\/\/www.suno.com.br\/noticias\/#\/schema\/person\/image\/","url":"https:\/\/secure.gravatar.com\/avatar\/8b41117f9780831919eb38da349c3f20?s=96&r=g","contentUrl":"https:\/\/secure.gravatar.com\/avatar\/8b41117f9780831919eb38da349c3f20?s=96&r=g","caption":"Vanessa Loiola"},"description":"Jornalista formada pela PUC-SP, com experi\u00eancia na cobertura das editorias de economia, finan\u00e7as, bolsa de valores, pol\u00edtica, energia solar e entretenimento. Com passagem pela BM&amp;C News e RedeTV!","url":"https:\/\/www.suno.com.br\/noticias\/author\/vanessal-loiolagmail-com\/"}]}},"default_loop_html":"<div class=\"cardsPage__listCard__boxs\"><div class=\"cardsPage__listCard__boxs__img\"><a href=\"https:\/\/www.suno.com.br\/noticias\/radar-arezzo-arzz3-itausa-itsa4-vale-vale3\/\"><img class=\"mask\" src=\"https:\/\/www.suno.com.br\/noticias\/wp-content\/themes\/suno\/resources\/images\/spotlight\/spotlight1img\/bg-mask.png\" alt=\"Image Mask\"\/><img src=\"https:\/\/files.sunoresearch.com.br\/n\/uploads\/2023\/12\/Arezzo-400x200.jpg\" alt=\"Radar: Arezzo (ARZZ3) e Grupo Soma (SOMA3) negociam fus\u00e3o, Ita\u00fasa (ITSA4) pagar\u00e1 bonifica\u00e7\u00f5es de a\u00e7\u00f5es e Vale (VALE3) entra em carteira de dividendos de banco\"\/><\/a><span class=\"spotlightCategory\"><a href=\"https:\/\/www.suno.com.br\/noticias\/negocios\/\">Neg\u00f3cios<\/a><\/span><\/div><div class=\"cardsPage__listCard__boxs__content\"><a href=\"https:\/\/www.suno.com.br\/noticias\/radar-arezzo-arzz3-itausa-itsa4-vale-vale3\/\"><h2 class=\"content__title\">Radar: Arezzo (ARZZ3) e Grupo Soma (SOMA3) negociam fus\u00e3o, Ita\u00fasa (ITSA4) pagar\u00e1 bonifica\u00e7\u00f5es de a\u00e7\u00f5es e Vale (VALE3) entra em carteira de dividendos de banco<\/h2><\/a><div class=\"newsContent__article__meta\"><div class=\"newsContent__article__meta__authorBox\"><a href=\"https:\/\/www.suno.com.br\/noticias\/author\/vanessal-loiolagmail-com\/\" class=\"authorBox__avatar noMobi\"><img src=\"https:\/\/secure.gravatar.com\/avatar\/8b41117f9780831919eb38da349c3f20?s=96&#038;r=g\" alt=\"Vanessa Loiola\"><\/a><div class=\"authorBox__name\"><span>por\n\t\t\t<a href=\"https:\/\/www.suno.com.br\/noticias\/author\/vanessal-loiolagmail-com\/\"><span itemprop=\"author\">Vanessa Loiola<\/span><\/a><\/span><time datetime=\"2024-01-31T22:20:59-03:00\" itemprop=\"datePublished\">31\/01\/2024 22:20<\/time><\/div><\/div><\/div><\/div><\/div>","single_layout":"posts","amp_enabled":true,"_links":{"self":[{"href":"https:\/\/www.suno.com.br\/noticias\/wp-json\/wp\/v2\/posts\/518717"}],"collection":[{"href":"https:\/\/www.suno.com.br\/noticias\/wp-json\/wp\/v2\/posts"}],"about":[{"href":"https:\/\/www.suno.com.br\/noticias\/wp-json\/wp\/v2\/types\/post"}],"author":[{"embeddable":true,"href":"https:\/\/www.suno.com.br\/noticias\/wp-json\/wp\/v2\/users\/227"}],"replies":[{"embeddable":true,"href":"https:\/\/www.suno.com.br\/noticias\/wp-json\/wp\/v2\/comments?post=518717"}],"version-history":[{"count":3,"href":"https:\/\/www.suno.com.br\/noticias\/wp-json\/wp\/v2\/posts\/518717\/revisions"}],"predecessor-version":[{"id":518737,"href":"https:\/\/www.suno.com.br\/noticias\/wp-json\/wp\/v2\/posts\/518717\/revisions\/518737"}],"wp:featuredmedia":[{"embeddable":true,"href":"https:\/\/www.suno.com.br\/noticias\/wp-json\/wp\/v2\/media\/494312"}],"wp:attachment":[{"href":"https:\/\/www.suno.com.br\/noticias\/wp-json\/wp\/v2\/media?parent=518717"}],"wp:term":[{"taxonomy":"category","embeddable":true,"href":"https:\/\/www.suno.com.br\/noticias\/wp-json\/wp\/v2\/categories?post=518717"},{"taxonomy":"post_tag","embeddable":true,"href":"https:\/\/www.suno.com.br\/noticias\/wp-json\/wp\/v2\/tags?post=518717"},{"taxonomy":"suno_strategy","embeddable":true,"href":"https:\/\/www.suno.com.br\/noticias\/wp-json\/wp\/v2\/suno_strategy?post=518717"}],"curies":[{"name":"wp","href":"https:\/\/api.w.org\/{rel}","templated":true}]}}