{"id":518600,"date":"2024-01-31T18:44:21","date_gmt":"2024-01-31T21:44:21","guid":{"rendered":"https:\/\/www.suno.com.br\/noticias\/?p=518600"},"modified":"2024-01-31T19:42:43","modified_gmt":"2024-01-31T22:42:43","slug":"ibovespa-hoje-acoes-grupo-soma-soma3-disparam-jvj","status":"publish","type":"post","link":"https:\/\/www.suno.com.br\/noticias\/ibovespa-hoje-acoes-grupo-soma-soma3-disparam-jvj\/","title":{"rendered":"Ibovespa sobe 0,28%, e cai 4,79% no m\u00eas; Grupo Soma (SOMA3) e Arezzo (ARZZ3) disparam na sess\u00e3o, Weg (WEGE3) e Santander (SANB11) recuam"},"content":{"rendered":"<p>O <strong>Ibovespa<\/strong> encerrou o preg\u00e3o desta quarta-feira (31) com uma valoriza\u00e7\u00e3o de 0,28%, aos 127.752,28 pontos. Durante a sess\u00e3o, chegou a registrar a m\u00e1xima de 129.558,45 pontos, enquanto a m\u00ednima foi de 127.326,08 pontos. J\u00e1 o volume financeiro totalizou R$ 27 bilh\u00f5es. Apesar dessa alta, o <a class=\"suno-keyword\" target=\"_blank\" data-force=\"no\" data-priority=\"1\" href=\"https:\/\/www.suno.com.br\/artigos\/indice-de-acoes\/\" rel=\"noopener\">\u00edndice de a\u00e7\u00f5es<\/a> brasileiras terminou janeiro com uma queda mensal de 4,79%.<\/p>\t<div class=\"wrapper-featured-image\">\n\t\t<figure class=\"spotlightImg\">\n\n\t\t\t<picture>\n\t\t\t\t<source media=\"(max-width: 768px)\" srcset=\"https:\/\/files.sunoresearch.com.br\/n\/uploads\/2023\/12\/Ibovespa-8-400x200.jpg\">\n\t\t\t\t<img loading=\"lazy\" decoding=\"async\" class=\"newsContent__article__imgCapa lazyloadDisabled \" src=\"https:\/\/files.sunoresearch.com.br\/n\/uploads\/2023\/12\/Ibovespa-8-800x450.jpg\" width=\"800\" height=\"450\" alt=\"Ibovespa sobe 0,28%, e cai 4,79% no m\u00eas; Grupo Soma (SOMA3) e Arezzo (ARZZ3) disparam na sess\u00e3o, Weg (WEGE3) e Santander (SANB11) recuam\" fetchpriority=high \/>\n\t\t\t<\/picture>\n\n\t\t\t<figcaption class=\"wp-caption-text wp-caption-text--show\">dividendos. Foto: iStock<\/figcaption>\n\t\t<\/figure>\n\t<\/div>\n\n\n\n\n\n\t<p>\n\t\t<a href=\"https:\/\/lp.suno.com.br\/ebook-como-analisar-uma-acao\/\" target=\"_blank\" data-element=\"shortcode-suno-banner\" title=\"Banner SUNO, clique e saiba mais\">\n\t\t\t<picture>\n\t\t\t\t<source media=\"(max-width: 500px)\" srcset=\"https:\/\/files.sunoresearch.com.br\/n\/uploads\/2023\/12\/Ebook-Acoes-Mobile.jpg\">\n\t\t\t\t<img class=\"newsContent__article__imgCapa newsContent__article__imgCapa--banner\"\n\t\t\t\t\tsrc=\"https:\/\/files.sunoresearch.com.br\/n\/uploads\/2023\/12\/Ebook-Acoes-Desktop.webp\"\n\t\t\t\t\tdata-promo-id=\"311260\"\t\t\t\t\t\t\t\t\t\twidth='1420' height='286'\t\t\t\t\talt=\"https:\/\/files.sunoresearch.com.br\/n\/uploads\/2023\/12\/Ebook-Acoes-Desktop.webp\"\n\t\t\t\t>\n\t\t\t<\/picture>\n\t\t<\/a>\n\t<\/p>\n\n\n\n\n\n<p>Hoje na contram\u00e3o de Nova York, o Ibovespa teve um respiro nesta \u00faltima sess\u00e3o de janeiro, embora em alta enfraquecida no fechamento, em fim de m\u00eas no qual equilibrou dias de recupera\u00e7\u00e3o (ao todo, 10) e recuo (12). O sinal negativo, contudo, mostrou-se mais agudo no intervalo, tendo em vista o n\u00edvel recorde de 134,1 mil pontos em que o \u00edndice havia encerrado dezembro &#8211; movido pela expectativa global, que prevalecia ent\u00e3o, de que o Federal Reserve come\u00e7aria a cortar juros j\u00e1 em mar\u00e7o, e n\u00e3o em maio ou al\u00e9m.<\/p>\n\n\n\n<p>Assim, neste janeiro de relativa frustra\u00e7\u00e3o de expectativas, a perda de 4,79% do <strong>\u00edndice da B3<\/strong> \u00e9 a maior para o m\u00eas desde o recuo de 6,79% na abertura de 2016 &#8211; foi tamb\u00e9m a pior retra\u00e7\u00e3o mensal desde a queda de 5,09% em agosto passado. Hoje, as aten\u00e7\u00f5es dos investidores concentradas \u00e0 tarde nos sinais do Federal Reserve sobre a orienta\u00e7\u00e3o da pol\u00edtica monet\u00e1ria nos Estados Unidos.<\/p>\n\n\n\n<p>O <strong>Ibovespa hoje<\/strong> se descolou do desempenho negativo registrado pelas Bolsas de Valores de Nova York, ap\u00f3s a decis\u00e3o do Federal Reserve sobre juros.<\/p>\n\n\n\n<ul class=\"wp-block-list\">\n<li>Dow Jones: -0,83%, aos 38.149,90 pontos;<\/li>\n\n\n\n<li>S&amp;P500: -1,61%, aos 4.845,53 pontos;<\/li>\n\n\n\n<li>Nasdaq: -2,23%, aos 15.164,01 pontos.<\/li>\n<\/ul>\n\n\n\n<p>O comunicado sobre a decis\u00e3o do Fed incluiu, entre as novidades, um alerta de que o BC americano n\u00e3o espera que seja apropriado cortar juros at\u00e9 que se tenha maior confian\u00e7a de que a infla\u00e7\u00e3o ao consumidor est\u00e1 caminhando de forma sustent\u00e1vel em dire\u00e7\u00e3o \u00e0 meta de 2%. Assim, pela ferramenta do CME, a chance de manuten\u00e7\u00e3o de juros em mar\u00e7o voltou a ser precificada como a mais prov\u00e1vel pelo mercado, passando de 43,6% antes do comunicado, para 52,8% por volta das 16h10. E a probabilidade de corte naquele mesmo m\u00eas recuou de 56,4% para 47,2%.<\/p>\n\n\n\n<p>Por sua vez, o cen\u00e1rio de corte de 150 pontos-base a serem acumulados at\u00e9 o fim de 2024 ficou um pouco menos prov\u00e1vel &#8211; passando de 39,5% para 38,8% -, mas ainda \u00e9 a principal aposta dos investidores, reporta a jornalista Maria L\u00edgia Barros, do Broadcast.<\/p>\n\n\n\n<p>&#8220;O comunicado do Fed veio ainda bem conservador: seguiu comentando que a infla\u00e7\u00e3o cedeu, mas ainda n\u00e3o pode se desligar. Foi positivo ter retirado o trecho sobre poss\u00edvel aperto monet\u00e1rio adicional, mas negativo ter mudado a parte que falava sobre a economia desacelerar, mencionando agora que a &#8216;economia se expandiu em ritmo s\u00f3lido'&#8221;, observa Marcelo Oliveira, CFA e co-fundador da Quantzed.<\/p>\n\n\n\n<h2 class=\"wp-block-heading\">Arezzo e Grupo Soma agitam mercado<\/h2>\n\n\n\n<p>As a\u00e7\u00f5es do <a class=\"suno-keyword\" data-force=\"yes\" data-priority=\"2\" href=\"https:\/\/www.suno.com.br\/acoes\/SOMA3\/\" target=\"_blank\" rel=\"noopener\"><strong>Grupo Soma (SOMA3)<\/strong><\/a> lideraram as altas do Ibovespa hoje, com forte salto de 17,55%. Em seguida vem <a class=\"suno-keyword\" data-force=\"yes\" data-priority=\"2\" href=\"https:\/\/www.suno.com.br\/acoes\/ARZZ3\/\" target=\"_blank\" rel=\"noopener\"><strong>Arezzo (ARZZ3)<\/strong><\/a>, com forte valoriza\u00e7\u00e3o de 12,38%, ap\u00f3s a confirma\u00e7\u00e3o, em fato relevante, de conversas entre as empresas sobre jun\u00e7\u00e3o de opera\u00e7\u00f5es &#8211; o que poder\u00e1 envolver a unifica\u00e7\u00e3o das bases acion\u00e1rias, em companhia \u00fanica com governan\u00e7a compartilhada.<\/p>\n\n\n\t<div data-element=\"shortcode-read-more\" class=\"knowMore\">\n\t\t\t\t<span class=\"knowMore__title\">Leia mais<\/span>\n\t\t\t\t<a class=\"knowMore__link\" href=\"https:\/\/www.suno.com.br\/noticias\/magazine-luiza-mglu3-casas-bahia-bhia3-ibovespa-gpj-9\/\">\n\t\t\tMagazine Luiza (MGLU3) e Casas Bahia (BHIA3) aceleram e sobem com for\u00e7a no Ibovespa; saiba por qu\u00ea\t\t<\/a>\n\t<\/div>\n\n\n\n\n<p>As a\u00e7\u00f5es do <a class=\"suno-keyword\" target=\"_blank\" data-force=\"yes\" data-priority=\"2\" href=\"https:\/\/www.suno.com.br\/acoes\/MGLU3\/\" rel=\"noopener\">Magazine Luiza (MGLU3)<\/a> tamb\u00e9m se destacaram no dia de hoje (31), com +5,56%. Apesar de n\u00e3o ficar no top 5, outra varejista que encerrou o preg\u00e3o no campo positivo foi Casas Bahia (BHIA3), com alta de 3,82%.<\/p>\n\n\n\n<p>J\u00e1 entre as quedas, o principal destaque foi <a class=\"suno-keyword\" target=\"_blank\" data-force=\"yes\" data-priority=\"2\" href=\"https:\/\/www.suno.com.br\/acoes\/RADL3\/\" rel=\"noopener\">Raia Drogasil (RADL3)<\/a>, com -3,62%. Tamb\u00e9m estiveram entre as maiores baixas do dia os pap\u00e9is de Assai (ASAI3) e <a class=\"suno-keyword\" target=\"_blank\" data-force=\"yes\" data-priority=\"2\" href=\"https:\/\/www.suno.com.br\/acoes\/WEGE3\/\" rel=\"noopener\">Weg (WEGE3)<\/a>.<\/p>\n\n\n\n<p>Em rela\u00e7\u00e3o aos pap\u00e9is com maior peso no Ibovespa, as <a class=\"suno-keyword\" data-force=\"no\" data-priority=\"1\" href=\"https:\/\/www.suno.com.br\/artigos\/acoes-preferenciais\/\" target=\"_blank\" rel=\"noopener\">a\u00e7\u00f5es preferenciais<\/a> da <a class=\"suno-keyword\" data-force=\"yes\" data-priority=\"2\" href=\"https:\/\/www.suno.com.br\/acoes\/PETR4\/\" target=\"_blank\" rel=\"noopener\"><strong>Petrobras (PETR4)<\/strong><\/a> subiram 0,32%, enquanto as <a class=\"suno-keyword\" data-force=\"no\" data-priority=\"1\" href=\"https:\/\/www.suno.com.br\/artigos\/o-que-sao-acoes-ordinarias-preferenciais-e-units\/\" target=\"_blank\" rel=\"noopener\">a\u00e7\u00f5es ordin\u00e1rias<\/a> (PETR3) ficaram pr\u00f3ximas \u00e0 estabilidade, com -0,02%. J\u00e1 a <a class=\"suno-keyword\" data-force=\"yes\" data-priority=\"2\" href=\"https:\/\/www.suno.com.br\/acoes\/VALE3\/\" target=\"_blank\" rel=\"noopener\"><strong>Vale (VALE3)<\/strong><\/a> caiu 1,48%.<\/p>\n\n\n\n<h2 class=\"wp-block-heading\"><a><\/a>Maiores altas do Ibovespa<\/h2>\n\n\n\n<ul class=\"wp-block-list\">\n<li>Grupo Soma (SOMA3): +16,81%<\/li>\n\n\n\n<li>Arezzo (ARZZ3): +12,09%<\/li>\n\n\n\n<li>Magazine Luiza (MGLU3): +6,06%<\/li>\n\n\n\n<li>Cielo (CIEL3): +5,07%<\/li>\n\n\n\n<li>Locaweb (LWSA3): +4,00%<\/li>\n<\/ul>\n\n\n\n<h2 class=\"wp-block-heading\"><a><\/a>Maiores quedas do Ibovespa<\/h2>\n\n\n\n<ul class=\"wp-block-list\">\n<li>Raia Drogasil (RADL3): -3,62%<\/li>\n\n\n\n<li>Assa\u00ed (ASAI3): -2,78%<\/li>\n\n\n\n<li>Carrefour (CRFB3): -2,07%<\/li>\n\n\n\n<li>Weg (WEGE3): -1,97%<\/li>\n\n\n\n<li>Santander (SANB11): -1,88%<\/li>\n<\/ul>\n\n\n\n<h2 class=\"wp-block-heading\"><a><\/a>O que movimentou o Ibovespa hoje?<\/h2>\n\n\n\n<p>Segundo Andre Fernandes, head de renda vari\u00e1vel e s\u00f3cio da A7 Capital, a maior parte da alta do <strong>Ibovespa hoje <\/strong>veio de uma corre\u00e7\u00e3o t\u00e9cnica ap\u00f3s um m\u00eas marcado por queda, em que o \u00edndice de a\u00e7\u00f5es chegou a cair 5% no m\u00eas de janeiro, diante do fluxo de sa\u00edda do <a class=\"suno-keyword\" data-force=\"no\" data-priority=\"1\" href=\"https:\/\/www.suno.com.br\/artigos\/investidor-estrangeiro\/\" target=\"_blank\" rel=\"noopener\">investidor estrangeiro<\/a>.<\/p>\n\n\n\n<p>No exterior, os investidores estiveram atentos \u00e0 nova decis\u00e3o do Federal Reserve (FED), que manteve os juros por l\u00e1. Fernandes diz que isso j\u00e1 era amplamente precificado, j\u00e1 que a expectativa \u00e9 de que a taxa de juros dos Estados Unidos seria mantida.<\/p>\n\n\n\n<p>Algumas das principais <strong>altas do Ibovespa<\/strong> foram de Arezzo (ARZZ3) e do Grupo Soma (SOMA3). A Arezzo trouxe a proposta de fus\u00e3o com o Grupo Soma, que ser\u00e1 avaliada pelo conselho do grupo nos pr\u00f3ximos dias.<\/p>\n\n\n\n<p>Outra a\u00e7\u00e3o que avan\u00e7ou hoje foi do Magazine Luiza (MGLU3), diante do otimismo do mercado em rela\u00e7\u00e3o \u00e0 <a class=\"suno-keyword\" target=\"_blank\" data-force=\"no\" data-priority=\"1\" href=\"https:\/\/www.suno.com.br\/artigos\/oferta-de-acoes\/\" rel=\"noopener\">oferta de a\u00e7\u00f5es<\/a>, em que os controladores v\u00e3o garantir um aporte de R$ 1 bilh\u00e3o.<\/p>\n\n\n\n<p>Segundo o especialista, o desempenho das a\u00e7\u00f5es de Casas Bahia (BHIA3) \u00e9 explicado, em partes, pelas posi\u00e7\u00f5es de short sendo cobertas antes do comunicado do Comit\u00ea de <a class=\"suno-keyword\" target=\"_blank\" data-force=\"no\" data-priority=\"1\" href=\"https:\/\/www.suno.com.br\/artigos\/politica-monetaria\/\" rel=\"noopener\">Pol\u00edtica Monet\u00e1ria<\/a> (Copom). Al\u00e9m disso, a companhia quer emitir mais R$ 1 bilh\u00e3o com <a class=\"suno-keyword\" target=\"_blank\" data-force=\"yes\" data-priority=\"2\" href=\"https:\/\/www.suno.com.br\/acoes\/BBDC4\/\" rel=\"noopener\">Bradesco (BBDC4)<\/a> e <a class=\"suno-keyword\" target=\"_blank\" data-force=\"yes\" data-priority=\"2\" href=\"https:\/\/www.suno.com.br\/acoes\/BBAS3\/\" rel=\"noopener\">Banco do Brasil (BBAS3)<\/a> ancorando a oferta.<\/p>\n\n\n\n<p>J\u00e1 nas <strong>quedas do Ibovespa<\/strong>, Fernandes destaca <a class=\"suno-keyword\" data-force=\"yes\" data-priority=\"2\" href=\"https:\/\/www.suno.com.br\/acoes\/RADL3\/\" target=\"_blank\" rel=\"noopener\"><strong>Raia Drogasil (RADL3)<\/strong><\/a>, cuja recomenda\u00e7\u00e3o do Citi foi rebaixada para venda.<\/p>\n\n\n\n<p>J\u00e1 o <a class=\"suno-keyword\" data-force=\"yes\" data-priority=\"2\" href=\"https:\/\/www.suno.com.br\/acoes\/SANB11\/\" target=\"_blank\" rel=\"noopener\">Santander (SANB11)<\/a> divulgou seu novo balan\u00e7o, referente ao quarto trimestre de 2023 (4T23), com n\u00fameros abaixo das estimativas do mercado. Por fim, o <a class=\"suno-keyword\" data-force=\"yes\" data-priority=\"2\" href=\"https:\/\/www.suno.com.br\/acoes\/asai3\/\" target=\"_blank\" rel=\"noopener\">Assa\u00ed (ASAI3)<\/a> passa por uma corre\u00e7\u00e3o j\u00e1 iniciada ontem (30), ap\u00f3s uma forte valoriza\u00e7\u00e3o registrada nos \u00faltimos dias.<\/p>\n\n\n\n<h2 class=\"wp-block-heading\"><a><\/a>\u00daltimo fechamento do Ibovespa<\/h2>\n\n\n\n<p>O <strong>Ibovespa<\/strong> encerrou o preg\u00e3o desta ter\u00e7a (30) em queda de 0,86%, aos 127.401,81 pontos.<\/p>\n\n\n\t<p>\n\t\t<a href=\"https:\/\/lp2.suno.com.br\/cl\/black-friday-2025\/?utm_campaign=_SNCDF0E4858_\" target=\"_blank\" data-element=\"shortcode-suno-banner\" title=\"Banner SUNO, clique e saiba mais\">\n\t\t\t<picture>\n\t\t\t\t<source media=\"(max-width: 500px)\" srcset=\"https:\/\/files.sunoresearch.com.br\/n\/uploads\/2025\/10\/Artigos-e-Noticias-Banner-Home-artigos-01-Mobile_-400x300-1-png.webp\">\n\t\t\t\t<img class=\"newsContent__article__imgCapa newsContent__article__imgCapa--banner\"\n\t\t\t\t\tsrc=\"https:\/\/files.sunoresearch.com.br\/n\/uploads\/2025\/10\/Artigos-e-Noticias-Banner-Home-artigos-01-Desktop_-1420x240-1-png.webp\"\n\t\t\t\t\tdata-promo-id=\"311259\"\t\t\t\t\t\t\t\t\t\twidth='1420' height='240'\t\t\t\t\talt=\"https:\/\/files.sunoresearch.com.br\/n\/uploads\/2025\/10\/Artigos-e-Noticias-Banner-Home-artigos-01-Desktop_-1420x240-1-png.webp\"\n\t\t\t\t>\n\t\t\t<\/picture>\n\t\t<\/a>\n\t<\/p>\n\n\n","protected":false},"excerpt":{"rendered":"<p>O Ibovespa encerrou o preg\u00e3o desta quarta-feira (31) com uma valoriza\u00e7\u00e3o de 0,28%, aos 127.752,28 pontos. Durante a sess\u00e3o, chegou a registrar a m\u00e1xima de 129.558,45 pontos, enquanto a m\u00ednima foi de 127.326,08 pontos. J\u00e1 o volume financeiro totalizou R$ 27 bilh\u00f5es. Apesar dessa alta, o \u00edndice de a\u00e7\u00f5es brasileiras terminou janeiro com uma queda [&hellip;]<\/p>\n","protected":false},"author":173,"featured_media":495800,"comment_status":"closed","ping_status":"closed","sticky":false,"template":"","format":"standard","meta":[],"categories":[64],"tags":[362,2686,721,106949,624],"suno_strategy":[],"class_list":["post-518600","post","type-post","status-publish","format-standard","has-post-thumbnail","hentry","category-negocios","tag-arezzo-arzz3","tag-grupo-soma-soma3","tag-ibovespa","tag-ibovespa-fechamento","tag-santander-sanb11-sanb3-sanb4"],"yoast_head":"<!-- This site is optimized with the Yoast SEO plugin v24.4 - https:\/\/yoast.com\/wordpress\/plugins\/seo\/ -->\n<title>Ibovespa sobe e Grupo Soma (SOMA3) salta 16,8%; veja por qu\u00ea<\/title>\n<meta name=\"description\" content=\"Em dia de alta do Ibovespa, o Grupo Soma (SOMA3) teve um salto de 16,8%. Veja as a\u00e7\u00f5es que se destacaram hoje (31).\" \/>\n<meta name=\"robots\" content=\"index, follow, max-snippet:-1, max-image-preview:large, max-video-preview:-1\" \/>\n<link rel=\"canonical\" href=\"https:\/\/www.suno.com.br\/noticias\/ibovespa-hoje-acoes-grupo-soma-soma3-disparam-jvj\/\" \/>\n<meta property=\"og:locale\" content=\"pt_BR\" \/>\n<meta property=\"og:type\" content=\"article\" \/>\n<meta property=\"og:title\" content=\"Ibovespa sobe e Grupo Soma (SOMA3) salta 16,8%; veja por qu\u00ea\" \/>\n<meta property=\"og:description\" content=\"Em dia de alta do Ibovespa, o Grupo Soma (SOMA3) teve um salto de 16,8%. Veja as a\u00e7\u00f5es que se destacaram hoje (31).\" \/>\n<meta property=\"og:url\" content=\"https:\/\/www.suno.com.br\/noticias\/ibovespa-hoje-acoes-grupo-soma-soma3-disparam-jvj\/\" \/>\n<meta property=\"og:site_name\" content=\"Suno Not\u00edcias\" \/>\n<meta property=\"article:publisher\" content=\"https:\/\/facebook.com\/sunoresearch\" \/>\n<meta property=\"og:image\" content=\"https:\/\/files.sunoresearch.com.br\/n\/uploads\/2023\/12\/Ibovespa-8.jpg\" \/>\n\t<meta property=\"og:image:width\" content=\"1300\" \/>\n\t<meta property=\"og:image:height\" content=\"867\" \/>\n\t<meta property=\"og:image:type\" content=\"image\/jpeg\" \/>\n<meta name=\"author\" content=\"Jo\u00e3o Vitor\" \/>\n<meta name=\"twitter:card\" content=\"summary_large_image\" \/>\n<meta name=\"twitter:creator\" content=\"@sunoresearch\" \/>\n<meta name=\"twitter:site\" content=\"@sunoresearch\" \/>\n<meta name=\"twitter:label1\" content=\"Escrito por\" \/>\n\t<meta name=\"twitter:data1\" content=\"Jo\u00e3o Vitor\" \/>\n\t<meta name=\"twitter:label2\" content=\"Est. tempo de leitura\" \/>\n\t<meta name=\"twitter:data2\" content=\"6 minutos\" \/>\n<script type=\"application\/ld+json\" class=\"yoast-schema-graph\">{\"@context\":\"https:\/\/schema.org\",\"@graph\":[{\"@type\":\"NewsArticle\",\"@id\":\"https:\/\/www.suno.com.br\/noticias\/ibovespa-hoje-acoes-grupo-soma-soma3-disparam-jvj\/#article\",\"isPartOf\":{\"@id\":\"https:\/\/www.suno.com.br\/noticias\/ibovespa-hoje-acoes-grupo-soma-soma3-disparam-jvj\/\"},\"author\":{\"name\":\"Jo\u00e3o Vitor\",\"@id\":\"https:\/\/www.suno.com.br\/noticias\/#\/schema\/person\/87fc6973867c52dd884811905c43afba\"},\"headline\":\"Ibovespa sobe 0,28%, e cai 4,79% no m\u00eas; Grupo Soma (SOMA3) e Arezzo (ARZZ3) disparam na sess\u00e3o, Weg (WEGE3) e Santander (SANB11) recuam\",\"datePublished\":\"2024-01-31T21:44:21+00:00\",\"dateModified\":\"2024-01-31T22:42:43+00:00\",\"mainEntityOfPage\":{\"@id\":\"https:\/\/www.suno.com.br\/noticias\/ibovespa-hoje-acoes-grupo-soma-soma3-disparam-jvj\/\"},\"wordCount\":1042,\"publisher\":{\"@id\":\"https:\/\/www.suno.com.br\/noticias\/#organization\"},\"image\":{\"@id\":\"https:\/\/www.suno.com.br\/noticias\/ibovespa-hoje-acoes-grupo-soma-soma3-disparam-jvj\/#primaryimage\"},\"thumbnailUrl\":\"https:\/\/files.sunoresearch.com.br\/n\/uploads\/2023\/12\/Ibovespa-8.jpg\",\"keywords\":[\"Arezzo (ARZZ3)\",\"Grupo Soma (SOMA3)\",\"Ibovespa\",\"Ibovespa fechamento\",\"Santander (SANB11\/SANB3\/SANB4)\"],\"articleSection\":[\"Neg\u00f3cios\"],\"inLanguage\":\"pt-BR\"},{\"@type\":\"WebPage\",\"@id\":\"https:\/\/www.suno.com.br\/noticias\/ibovespa-hoje-acoes-grupo-soma-soma3-disparam-jvj\/\",\"url\":\"https:\/\/www.suno.com.br\/noticias\/ibovespa-hoje-acoes-grupo-soma-soma3-disparam-jvj\/\",\"name\":\"Ibovespa sobe e Grupo Soma (SOMA3) salta 16,8%; veja por qu\u00ea\",\"isPartOf\":{\"@id\":\"https:\/\/www.suno.com.br\/noticias\/#website\"},\"primaryImageOfPage\":{\"@id\":\"https:\/\/www.suno.com.br\/noticias\/ibovespa-hoje-acoes-grupo-soma-soma3-disparam-jvj\/#primaryimage\"},\"image\":{\"@id\":\"https:\/\/www.suno.com.br\/noticias\/ibovespa-hoje-acoes-grupo-soma-soma3-disparam-jvj\/#primaryimage\"},\"thumbnailUrl\":\"https:\/\/files.sunoresearch.com.br\/n\/uploads\/2023\/12\/Ibovespa-8.jpg\",\"datePublished\":\"2024-01-31T21:44:21+00:00\",\"dateModified\":\"2024-01-31T22:42:43+00:00\",\"description\":\"Em dia de alta do Ibovespa, o Grupo Soma (SOMA3) teve um salto de 16,8%. Veja as a\u00e7\u00f5es que se destacaram hoje (31).\",\"breadcrumb\":{\"@id\":\"https:\/\/www.suno.com.br\/noticias\/ibovespa-hoje-acoes-grupo-soma-soma3-disparam-jvj\/#breadcrumb\"},\"inLanguage\":\"pt-BR\",\"potentialAction\":[{\"@type\":\"ReadAction\",\"target\":[\"https:\/\/www.suno.com.br\/noticias\/ibovespa-hoje-acoes-grupo-soma-soma3-disparam-jvj\/\"]}]},{\"@type\":\"ImageObject\",\"inLanguage\":\"pt-BR\",\"@id\":\"https:\/\/www.suno.com.br\/noticias\/ibovespa-hoje-acoes-grupo-soma-soma3-disparam-jvj\/#primaryimage\",\"url\":\"https:\/\/files.sunoresearch.com.br\/n\/uploads\/2023\/12\/Ibovespa-8.jpg\",\"contentUrl\":\"https:\/\/files.sunoresearch.com.br\/n\/uploads\/2023\/12\/Ibovespa-8.jpg\",\"width\":1300,\"height\":867,\"caption\":\"dividendos. Foto: iStock\"},{\"@type\":\"BreadcrumbList\",\"@id\":\"https:\/\/www.suno.com.br\/noticias\/ibovespa-hoje-acoes-grupo-soma-soma3-disparam-jvj\/#breadcrumb\",\"itemListElement\":[{\"@type\":\"ListItem\",\"position\":1,\"name\":\"Not\u00edcias\",\"item\":\"https:\/\/www.suno.com.br\/noticias\/\"},{\"@type\":\"ListItem\",\"position\":2,\"name\":\"Neg\u00f3cios\",\"item\":\"https:\/\/www.suno.com.br\/noticias\/negocios\/\"},{\"@type\":\"ListItem\",\"position\":3,\"name\":\"Ibovespa sobe 0,28%, e cai 4,79% no m\u00eas; Grupo Soma (SOMA3) e Arezzo (ARZZ3) disparam na sess\u00e3o, Weg (WEGE3) e Santander (SANB11) recuam\"}]},{\"@type\":\"WebSite\",\"@id\":\"https:\/\/www.suno.com.br\/noticias\/#website\",\"url\":\"https:\/\/www.suno.com.br\/noticias\/\",\"name\":\"Suno Not\u00edcias\",\"description\":\"Seu portal de informa\u00e7\u00e3o sobre o mundo dos investimentos\",\"publisher\":{\"@id\":\"https:\/\/www.suno.com.br\/noticias\/#organization\"},\"potentialAction\":[{\"@type\":\"SearchAction\",\"target\":{\"@type\":\"EntryPoint\",\"urlTemplate\":\"https:\/\/www.suno.com.br\/noticias\/?s={search_term_string}\"},\"query-input\":{\"@type\":\"PropertyValueSpecification\",\"valueRequired\":true,\"valueName\":\"search_term_string\"}}],\"inLanguage\":\"pt-BR\"},{\"@type\":\"Organization\",\"@id\":\"https:\/\/www.suno.com.br\/noticias\/#organization\",\"name\":\"Suno Not\u00edcias\",\"url\":\"https:\/\/www.suno.com.br\/noticias\/\",\"logo\":{\"@type\":\"ImageObject\",\"inLanguage\":\"pt-BR\",\"@id\":\"https:\/\/www.suno.com.br\/noticias\/#\/schema\/logo\/image\/\",\"url\":\"https:\/\/files.sunoresearch.com.br\/n\/uploads\/2021\/09\/suno-logo.png\",\"contentUrl\":\"https:\/\/files.sunoresearch.com.br\/n\/uploads\/2021\/09\/suno-logo.png\",\"width\":180,\"height\":180,\"caption\":\"Suno Not\u00edcias\"},\"image\":{\"@id\":\"https:\/\/www.suno.com.br\/noticias\/#\/schema\/logo\/image\/\"},\"sameAs\":[\"https:\/\/facebook.com\/sunoresearch\",\"https:\/\/x.com\/sunoresearch\",\"https:\/\/www.instagram.com\/suno\",\"https:\/\/www.linkedin.com\/company\/suno-research\/\",\"https:\/\/www.youtube.com\/c\/sunoresearch\"]},{\"@type\":\"Person\",\"@id\":\"https:\/\/www.suno.com.br\/noticias\/#\/schema\/person\/87fc6973867c52dd884811905c43afba\",\"name\":\"Jo\u00e3o Vitor\",\"image\":{\"@type\":\"ImageObject\",\"inLanguage\":\"pt-BR\",\"@id\":\"https:\/\/www.suno.com.br\/noticias\/#\/schema\/person\/image\/\",\"url\":\"https:\/\/secure.gravatar.com\/avatar\/2843227ca03ccf8cc7ccca45204c127e?s=96&r=g\",\"contentUrl\":\"https:\/\/secure.gravatar.com\/avatar\/2843227ca03ccf8cc7ccca45204c127e?s=96&r=g\",\"caption\":\"Jo\u00e3o Vitor\"},\"description\":\"Redator profissional, com atua\u00e7\u00e3o no mercado editorial na produ\u00e7\u00e3o de not\u00edcias e conte\u00fados sobre o mercado de a\u00e7\u00f5es, fundos imobili\u00e1rios e economia popular. Graduando em Engenharia Qu\u00edmica pela Unesp, tamb\u00e9m j\u00e1 atuou como consultor financeiro.\",\"url\":\"https:\/\/www.suno.com.br\/noticias\/author\/joao-vitor-jacintho\/\"}]}<\/script>\n<!-- \/ Yoast SEO plugin. -->","yoast_head_json":{"title":"Ibovespa sobe e Grupo Soma (SOMA3) salta 16,8%; veja por qu\u00ea","description":"Em dia de alta do Ibovespa, o Grupo Soma (SOMA3) teve um salto de 16,8%. Veja as a\u00e7\u00f5es que se destacaram hoje (31).","robots":{"index":"index","follow":"follow","max-snippet":"max-snippet:-1","max-image-preview":"max-image-preview:large","max-video-preview":"max-video-preview:-1"},"canonical":"https:\/\/www.suno.com.br\/noticias\/ibovespa-hoje-acoes-grupo-soma-soma3-disparam-jvj\/","og_locale":"pt_BR","og_type":"article","og_title":"Ibovespa sobe e Grupo Soma (SOMA3) salta 16,8%; veja por qu\u00ea","og_description":"Em dia de alta do Ibovespa, o Grupo Soma (SOMA3) teve um salto de 16,8%. Veja as a\u00e7\u00f5es que se destacaram hoje (31).","og_url":"https:\/\/www.suno.com.br\/noticias\/ibovespa-hoje-acoes-grupo-soma-soma3-disparam-jvj\/","og_site_name":"Suno Not\u00edcias","article_publisher":"https:\/\/facebook.com\/sunoresearch","og_image":[{"width":1300,"height":867,"url":"https:\/\/files.sunoresearch.com.br\/n\/uploads\/2023\/12\/Ibovespa-8.jpg","type":"image\/jpeg"}],"author":"Jo\u00e3o Vitor","twitter_card":"summary_large_image","twitter_creator":"@sunoresearch","twitter_site":"@sunoresearch","twitter_misc":{"Escrito por":"Jo\u00e3o Vitor","Est. tempo de leitura":"6 minutos"},"schema":{"@context":"https:\/\/schema.org","@graph":[{"@type":"NewsArticle","@id":"https:\/\/www.suno.com.br\/noticias\/ibovespa-hoje-acoes-grupo-soma-soma3-disparam-jvj\/#article","isPartOf":{"@id":"https:\/\/www.suno.com.br\/noticias\/ibovespa-hoje-acoes-grupo-soma-soma3-disparam-jvj\/"},"author":{"name":"Jo\u00e3o Vitor","@id":"https:\/\/www.suno.com.br\/noticias\/#\/schema\/person\/87fc6973867c52dd884811905c43afba"},"headline":"Ibovespa sobe 0,28%, e cai 4,79% no m\u00eas; Grupo Soma (SOMA3) e Arezzo (ARZZ3) disparam na sess\u00e3o, Weg (WEGE3) e Santander (SANB11) recuam","datePublished":"2024-01-31T21:44:21+00:00","dateModified":"2024-01-31T22:42:43+00:00","mainEntityOfPage":{"@id":"https:\/\/www.suno.com.br\/noticias\/ibovespa-hoje-acoes-grupo-soma-soma3-disparam-jvj\/"},"wordCount":1042,"publisher":{"@id":"https:\/\/www.suno.com.br\/noticias\/#organization"},"image":{"@id":"https:\/\/www.suno.com.br\/noticias\/ibovespa-hoje-acoes-grupo-soma-soma3-disparam-jvj\/#primaryimage"},"thumbnailUrl":"https:\/\/files.sunoresearch.com.br\/n\/uploads\/2023\/12\/Ibovespa-8.jpg","keywords":["Arezzo (ARZZ3)","Grupo Soma (SOMA3)","Ibovespa","Ibovespa fechamento","Santander (SANB11\/SANB3\/SANB4)"],"articleSection":["Neg\u00f3cios"],"inLanguage":"pt-BR"},{"@type":"WebPage","@id":"https:\/\/www.suno.com.br\/noticias\/ibovespa-hoje-acoes-grupo-soma-soma3-disparam-jvj\/","url":"https:\/\/www.suno.com.br\/noticias\/ibovespa-hoje-acoes-grupo-soma-soma3-disparam-jvj\/","name":"Ibovespa sobe e Grupo Soma (SOMA3) salta 16,8%; veja por qu\u00ea","isPartOf":{"@id":"https:\/\/www.suno.com.br\/noticias\/#website"},"primaryImageOfPage":{"@id":"https:\/\/www.suno.com.br\/noticias\/ibovespa-hoje-acoes-grupo-soma-soma3-disparam-jvj\/#primaryimage"},"image":{"@id":"https:\/\/www.suno.com.br\/noticias\/ibovespa-hoje-acoes-grupo-soma-soma3-disparam-jvj\/#primaryimage"},"thumbnailUrl":"https:\/\/files.sunoresearch.com.br\/n\/uploads\/2023\/12\/Ibovespa-8.jpg","datePublished":"2024-01-31T21:44:21+00:00","dateModified":"2024-01-31T22:42:43+00:00","description":"Em dia de alta do Ibovespa, o Grupo Soma (SOMA3) teve um salto de 16,8%. Veja as a\u00e7\u00f5es que se destacaram hoje (31).","breadcrumb":{"@id":"https:\/\/www.suno.com.br\/noticias\/ibovespa-hoje-acoes-grupo-soma-soma3-disparam-jvj\/#breadcrumb"},"inLanguage":"pt-BR","potentialAction":[{"@type":"ReadAction","target":["https:\/\/www.suno.com.br\/noticias\/ibovespa-hoje-acoes-grupo-soma-soma3-disparam-jvj\/"]}]},{"@type":"ImageObject","inLanguage":"pt-BR","@id":"https:\/\/www.suno.com.br\/noticias\/ibovespa-hoje-acoes-grupo-soma-soma3-disparam-jvj\/#primaryimage","url":"https:\/\/files.sunoresearch.com.br\/n\/uploads\/2023\/12\/Ibovespa-8.jpg","contentUrl":"https:\/\/files.sunoresearch.com.br\/n\/uploads\/2023\/12\/Ibovespa-8.jpg","width":1300,"height":867,"caption":"dividendos. Foto: iStock"},{"@type":"BreadcrumbList","@id":"https:\/\/www.suno.com.br\/noticias\/ibovespa-hoje-acoes-grupo-soma-soma3-disparam-jvj\/#breadcrumb","itemListElement":[{"@type":"ListItem","position":1,"name":"Not\u00edcias","item":"https:\/\/www.suno.com.br\/noticias\/"},{"@type":"ListItem","position":2,"name":"Neg\u00f3cios","item":"https:\/\/www.suno.com.br\/noticias\/negocios\/"},{"@type":"ListItem","position":3,"name":"Ibovespa sobe 0,28%, e cai 4,79% no m\u00eas; Grupo Soma (SOMA3) e Arezzo (ARZZ3) disparam na sess\u00e3o, Weg (WEGE3) e Santander (SANB11) recuam"}]},{"@type":"WebSite","@id":"https:\/\/www.suno.com.br\/noticias\/#website","url":"https:\/\/www.suno.com.br\/noticias\/","name":"Suno Not\u00edcias","description":"Seu portal de informa\u00e7\u00e3o sobre o mundo dos investimentos","publisher":{"@id":"https:\/\/www.suno.com.br\/noticias\/#organization"},"potentialAction":[{"@type":"SearchAction","target":{"@type":"EntryPoint","urlTemplate":"https:\/\/www.suno.com.br\/noticias\/?s={search_term_string}"},"query-input":{"@type":"PropertyValueSpecification","valueRequired":true,"valueName":"search_term_string"}}],"inLanguage":"pt-BR"},{"@type":"Organization","@id":"https:\/\/www.suno.com.br\/noticias\/#organization","name":"Suno Not\u00edcias","url":"https:\/\/www.suno.com.br\/noticias\/","logo":{"@type":"ImageObject","inLanguage":"pt-BR","@id":"https:\/\/www.suno.com.br\/noticias\/#\/schema\/logo\/image\/","url":"https:\/\/files.sunoresearch.com.br\/n\/uploads\/2021\/09\/suno-logo.png","contentUrl":"https:\/\/files.sunoresearch.com.br\/n\/uploads\/2021\/09\/suno-logo.png","width":180,"height":180,"caption":"Suno Not\u00edcias"},"image":{"@id":"https:\/\/www.suno.com.br\/noticias\/#\/schema\/logo\/image\/"},"sameAs":["https:\/\/facebook.com\/sunoresearch","https:\/\/x.com\/sunoresearch","https:\/\/www.instagram.com\/suno","https:\/\/www.linkedin.com\/company\/suno-research\/","https:\/\/www.youtube.com\/c\/sunoresearch"]},{"@type":"Person","@id":"https:\/\/www.suno.com.br\/noticias\/#\/schema\/person\/87fc6973867c52dd884811905c43afba","name":"Jo\u00e3o Vitor","image":{"@type":"ImageObject","inLanguage":"pt-BR","@id":"https:\/\/www.suno.com.br\/noticias\/#\/schema\/person\/image\/","url":"https:\/\/secure.gravatar.com\/avatar\/2843227ca03ccf8cc7ccca45204c127e?s=96&r=g","contentUrl":"https:\/\/secure.gravatar.com\/avatar\/2843227ca03ccf8cc7ccca45204c127e?s=96&r=g","caption":"Jo\u00e3o Vitor"},"description":"Redator profissional, com atua\u00e7\u00e3o no mercado editorial na produ\u00e7\u00e3o de not\u00edcias e conte\u00fados sobre o mercado de a\u00e7\u00f5es, fundos imobili\u00e1rios e economia popular. Graduando em Engenharia Qu\u00edmica pela Unesp, tamb\u00e9m j\u00e1 atuou como consultor financeiro.","url":"https:\/\/www.suno.com.br\/noticias\/author\/joao-vitor-jacintho\/"}]}},"default_loop_html":"<div class=\"cardsPage__listCard__boxs\"><div class=\"cardsPage__listCard__boxs__img\"><a href=\"https:\/\/www.suno.com.br\/noticias\/ibovespa-hoje-acoes-grupo-soma-soma3-disparam-jvj\/\"><img class=\"mask\" src=\"https:\/\/www.suno.com.br\/noticias\/wp-content\/themes\/suno\/resources\/images\/spotlight\/spotlight1img\/bg-mask.png\" alt=\"Image Mask\"\/><img src=\"https:\/\/files.sunoresearch.com.br\/n\/uploads\/2023\/12\/Ibovespa-8-400x200.jpg\" alt=\"Ibovespa sobe 0,28%, e cai 4,79% no m\u00eas; Grupo Soma (SOMA3) e Arezzo (ARZZ3) disparam na sess\u00e3o, Weg (WEGE3) e Santander (SANB11) recuam\"\/><\/a><span class=\"spotlightCategory\"><a href=\"https:\/\/www.suno.com.br\/noticias\/negocios\/\">Neg\u00f3cios<\/a><\/span><\/div><div class=\"cardsPage__listCard__boxs__content\"><a href=\"https:\/\/www.suno.com.br\/noticias\/ibovespa-hoje-acoes-grupo-soma-soma3-disparam-jvj\/\"><h2 class=\"content__title\">Ibovespa sobe 0,28%, e cai 4,79% no m\u00eas; Grupo Soma (SOMA3) e Arezzo (ARZZ3) disparam na sess\u00e3o, Weg (WEGE3) e Santander (SANB11) recuam<\/h2><\/a><div class=\"newsContent__article__meta\"><div class=\"newsContent__article__meta__authorBox\"><a href=\"https:\/\/www.suno.com.br\/noticias\/author\/joao-vitor-jacintho\/\" class=\"authorBox__avatar noMobi\"><img src=\"https:\/\/secure.gravatar.com\/avatar\/2843227ca03ccf8cc7ccca45204c127e?s=96&#038;r=g\" alt=\"Jo\u00e3o Vitor Jacintho\"><\/a><div class=\"authorBox__name\"><span>por\n\t\t\t<a href=\"https:\/\/www.suno.com.br\/noticias\/author\/joao-vitor-jacintho\/\"><span itemprop=\"author\">Jo\u00e3o Vitor Jacintho<\/span><\/a><\/span><time datetime=\"2024-01-31T18:44:21-03:00\" itemprop=\"datePublished\">31\/01\/2024 18:44<\/time><\/div><\/div><\/div><\/div><\/div>","single_layout":"posts","amp_enabled":true,"_links":{"self":[{"href":"https:\/\/www.suno.com.br\/noticias\/wp-json\/wp\/v2\/posts\/518600"}],"collection":[{"href":"https:\/\/www.suno.com.br\/noticias\/wp-json\/wp\/v2\/posts"}],"about":[{"href":"https:\/\/www.suno.com.br\/noticias\/wp-json\/wp\/v2\/types\/post"}],"author":[{"embeddable":true,"href":"https:\/\/www.suno.com.br\/noticias\/wp-json\/wp\/v2\/users\/173"}],"replies":[{"embeddable":true,"href":"https:\/\/www.suno.com.br\/noticias\/wp-json\/wp\/v2\/comments?post=518600"}],"version-history":[{"count":3,"href":"https:\/\/www.suno.com.br\/noticias\/wp-json\/wp\/v2\/posts\/518600\/revisions"}],"predecessor-version":[{"id":518662,"href":"https:\/\/www.suno.com.br\/noticias\/wp-json\/wp\/v2\/posts\/518600\/revisions\/518662"}],"wp:featuredmedia":[{"embeddable":true,"href":"https:\/\/www.suno.com.br\/noticias\/wp-json\/wp\/v2\/media\/495800"}],"wp:attachment":[{"href":"https:\/\/www.suno.com.br\/noticias\/wp-json\/wp\/v2\/media?parent=518600"}],"wp:term":[{"taxonomy":"category","embeddable":true,"href":"https:\/\/www.suno.com.br\/noticias\/wp-json\/wp\/v2\/categories?post=518600"},{"taxonomy":"post_tag","embeddable":true,"href":"https:\/\/www.suno.com.br\/noticias\/wp-json\/wp\/v2\/tags?post=518600"},{"taxonomy":"suno_strategy","embeddable":true,"href":"https:\/\/www.suno.com.br\/noticias\/wp-json\/wp\/v2\/suno_strategy?post=518600"}],"curies":[{"name":"wp","href":"https:\/\/api.w.org\/{rel}","templated":true}]}}