{"id":518589,"date":"2024-01-31T20:01:22","date_gmt":"2024-01-31T23:01:22","guid":{"rendered":"https:\/\/www.suno.com.br\/noticias\/?p=518589"},"modified":"2024-01-31T20:01:27","modified_gmt":"2024-01-31T23:01:27","slug":"itausa-itsa4-bonificacao-acoes-pagamento","status":"publish","type":"post","link":"https:\/\/www.suno.com.br\/noticias\/itausa-itsa4-bonificacao-acoes-pagamento\/","title":{"rendered":"Ita\u00fasa (ITSA4) anuncia pagamento de bonifica\u00e7\u00f5es de a\u00e7\u00f5es"},"content":{"rendered":"<p>A holding <strong>Ita\u00fasa (ITSA4)<\/strong>, que controla o Ita\u00fa Unibanco (ITUB4), anunciou nesta quarta-feira, 31, que as fra\u00e7\u00f5es de a\u00e7\u00f5es, resultantes da bonifica\u00e7\u00e3o, foram agrupadas em n\u00fameros inteiros e vendidas na B3, em leil\u00e3o realizado no dia 19 de janeiro. Os valores ser\u00e3o disponibilizados aos acionistas no dia 5 de fevereiro.<\/p>\t<div class=\"wrapper-featured-image\">\n\t\t<figure class=\"spotlightImg\">\n\n\t\t\t<picture>\n\t\t\t\t<source media=\"(max-width: 768px)\" srcset=\"https:\/\/files.sunoresearch.com.br\/n\/uploads\/2021\/02\/7db34773-itausa-1280x720-1-400x200.webp\">\n\t\t\t\t<img loading=\"lazy\" decoding=\"async\" class=\"newsContent__article__imgCapa lazyloadDisabled \" src=\"https:\/\/files.sunoresearch.com.br\/n\/uploads\/2021\/02\/7db34773-itausa-1280x720-1-800x450.webp\" width=\"800\" height=\"450\" alt=\"Ita\u00fasa (ITSA4) anuncia pagamento de bonifica\u00e7\u00f5es de a\u00e7\u00f5es\" fetchpriority=high \/>\n\t\t\t<\/picture>\n\n\t\t\t<figcaption class=\"wp-caption-text wp-caption-text--show\">Ita\u00fasa (ITSA4). Foto: Divulga\u00e7\u00e3o<\/figcaption>\n\t\t<\/figure>\n\t<\/div>\n\n\n\n\n\n\t<p>\n\t\t<a href=\"https:\/\/lp.suno.com.br\/planilha-da-vida-financeira\/\" target=\"_blank\" data-element=\"shortcode-suno-banner\" title=\"Banner SUNO, clique e saiba mais\">\n\t\t\t<picture>\n\t\t\t\t<source media=\"(max-width: 500px)\" srcset=\"https:\/\/files.sunoresearch.com.br\/n\/uploads\/2023\/04\/400x300-Planilha-vida-financeira-true.png\">\n\t\t\t\t<img class=\"newsContent__article__imgCapa newsContent__article__imgCapa--banner\"\n\t\t\t\t\tsrc=\"https:\/\/files.sunoresearch.com.br\/n\/uploads\/2023\/04\/1420x240-Planilha-vida-financeira-true.png\"\n\t\t\t\t\tdata-promo-id=\"383123\"\t\t\t\t\t\t\t\t\t\twidth='1420' height='240'\t\t\t\t\talt=\"https:\/\/files.sunoresearch.com.br\/n\/uploads\/2023\/04\/1420x240-Planilha-vida-financeira-true.png\"\n\t\t\t\t>\n\t\t\t<\/picture>\n\t\t<\/a>\n\t<\/p>\n\n\n\n\n\n<p>Ao todo, foram vendidas 372,857 milh\u00f5es de <strong>pap\u00e9is da Ita\u00fasa<\/strong>, sendo 41,830 milh\u00f5es de a\u00e7\u00f5es ordin\u00e1rias e 331,027 de preferenciais, ao pre\u00e7o de R$ 9,961660449 e R$ 10,0314610404, respectivamente, segundo a companhia.<\/p>\n\n\n\n<p>Os <strong>acionistas da Ita\u00fasa<\/strong> ter\u00e3o direito \u00e0s fra\u00e7\u00f5es na propor\u00e7\u00e3o de cada esp\u00e9cie, com data-base em 27 de novembro de 2023.<\/p>\n\n\n\t<p>\n\t\t<a href=\"https:\/\/lp.suno.com.br\/ebook-como-analisar-uma-acao\/\" target=\"_blank\" data-element=\"shortcode-suno-banner\" title=\"Banner SUNO, clique e saiba mais\">\n\t\t\t<picture>\n\t\t\t\t<source media=\"(max-width: 500px)\" srcset=\"https:\/\/files.sunoresearch.com.br\/n\/uploads\/2023\/03\/Ebook-Acoes-Mobile.jpg\">\n\t\t\t\t<img class=\"newsContent__article__imgCapa newsContent__article__imgCapa--banner\"\n\t\t\t\t\tsrc=\"https:\/\/files.sunoresearch.com.br\/n\/uploads\/2023\/03\/Ebook-Acoes-Desktop.jpg\"\n\t\t\t\t\tdata-promo-id=\"378302\"\t\t\t\t\t\t\t\t\t\twidth='1420' height='286'\t\t\t\t\talt=\"https:\/\/files.sunoresearch.com.br\/n\/uploads\/2023\/03\/Ebook-Acoes-Desktop.jpg\"\n\t\t\t\t>\n\t\t\t<\/picture>\n\t\t<\/a>\n\t<\/p>\n\n\n\n\n\n<p><strong>Ita\u00fasa volta a integrar outros \u00edndices da bolsa de valores, al\u00e9m do Ibovespa<\/strong><\/p>\n\n\n\n<p>As <strong>a\u00e7\u00f5es da Ita\u00fasa <\/strong>passaram a integrar diversos \u00edndices da bolsa de valores em 2024, como Carbono Eficiente (\u201cICO2\u201d) pelo 15\u00ba ano,\u00a0<a href=\"https:\/\/www.suno.com.br\/artigos\/sustentabilidade-empresarial\/\" target=\"_blank\" rel=\"noreferrer noopener\"><strong>Sustentabilidade Empresarial<\/strong><\/a>\u00a0(\u201cISE\u201d) pelo 17\u00ba ano, Great Place to Work (\u201cIGPTW\u201d) e Diversidade (\u201cIDIVERSA\u201d) pelo 2\u00ba ano, e Governan\u00e7a Corporativa (\u201cIGC\u201d) pelo 23\u00ba ano\u201d.<\/p>\n\n\n\n<p>Segundo&nbsp;a empresa, <strong>a participa\u00e7\u00e3o da Ita\u00fasa nestes \u00edndices<\/strong> \u201creflete o seu compromisso com a conduta \u00e9tica nos neg\u00f3cios, a transpar\u00eancia, a conformidade, a responsabilidade social, cultural e ambiental\u201d.<\/p>\n\n\n\n<p>\u201cA companhia seguir\u00e1 comprometida com o aprimoramento constante de sua jornada ESG (ambiental, social e de governan\u00e7a, na sigla em ingl\u00eas), cujo prop\u00f3sito \u00e9 atuar como agente de mudan\u00e7a para a constru\u00e7\u00e3o de neg\u00f3cios que criem valor e tenham impacto para o desenvolvimento sustent\u00e1vel do Brasil\u201d, diz a holding financeira.<\/p>\n\n\n\n<p>Veja como funcionam os \u00edndices que a\u00a0<strong>ITSA4<\/strong>\u00a0passou a integrar:<\/p>\n\n\n\n<ul class=\"wp-block-list\">\n<li>ICO2 re\u00fane empresas comprometidas com a transpar\u00eancia de suas emiss\u00f5es de gases de efeito estufa e que se preparam para uma economia de baixo carbono<\/li>\n\n\n\n<li>ISE: re\u00fane empresas com os melhores desempenhos em dimens\u00f5es que avaliam a sustentabilidade empresarial<\/li>\n\n\n\n<li>IGPTW: re\u00fane empresas que foram certificadas pela Great Place to Work como os melhores ambientes para trabalhar<\/li>\n\n\n\n<li>IDIVERSA: re\u00fane empresas com as melhores pr\u00e1ticas de diversidade e inclus\u00e3o, de acordo com metodologia desenvolvida pela B3<\/li>\n\n\n\n<li>IGC re\u00fane empresas com as melhores pr\u00e1ticas de governan\u00e7a corporativa, de acordo <strong>com metodologia desenvolvida pela B3<\/strong><\/li>\n<\/ul>\n\n\n\t<p>\n\t\t<a href=\"https:\/\/lp.suno.com.br\/planilha-da-vida-financeira\/\" target=\"_blank\" data-element=\"shortcode-suno-banner\" title=\"Banner SUNO, clique e saiba mais\">\n\t\t\t<picture>\n\t\t\t\t<source media=\"(max-width: 500px)\" srcset=\"https:\/\/files.sunoresearch.com.br\/n\/uploads\/2023\/04\/400x300-Planilha-vida-financeira-true.png\">\n\t\t\t\t<img class=\"newsContent__article__imgCapa newsContent__article__imgCapa--banner\"\n\t\t\t\t\tsrc=\"https:\/\/files.sunoresearch.com.br\/n\/uploads\/2023\/04\/1420x240-Planilha-vida-financeira-true.png\"\n\t\t\t\t\tdata-promo-id=\"106682\"\t\t\t\t\t\t\t\t\t\twidth='1420' height='240'\t\t\t\t\talt=\"https:\/\/files.sunoresearch.com.br\/n\/uploads\/2023\/04\/1420x240-Planilha-vida-financeira-true.png\"\n\t\t\t\t>\n\t\t\t<\/picture>\n\t\t<\/a>\n\t<\/p>\n\n\n","protected":false},"excerpt":{"rendered":"<p>A holding Ita\u00fasa (ITSA4), que controla o Ita\u00fa Unibanco (ITUB4), anunciou nesta quarta-feira, 31, que as fra\u00e7\u00f5es de a\u00e7\u00f5es, resultantes da bonifica\u00e7\u00e3o, foram agrupadas em n\u00fameros inteiros e vendidas na B3, em leil\u00e3o realizado no dia 19 de janeiro. Os valores ser\u00e3o disponibilizados aos acionistas no dia 5 de fevereiro. Ita\u00fasa (ITSA4). Foto: Divulga\u00e7\u00e3o Ao [&hellip;]<\/p>\n","protected":false},"author":340,"featured_media":125632,"comment_status":"closed","ping_status":"closed","sticky":false,"template":"","format":"standard","meta":[],"categories":[60],"tags":[286,517],"suno_strategy":[],"class_list":["post-518589","post","type-post","status-publish","format-standard","has-post-thumbnail","hentry","category-mercado","tag-acoes","tag-itausa-itsa3-itsa4"],"yoast_head":"<!-- This site is optimized with the Yoast SEO plugin v24.4 - https:\/\/yoast.com\/wordpress\/plugins\/seo\/ -->\n<title>Ita\u00fasa (ITSA4) anuncia pagamento de bonifica\u00e7\u00f5es de a\u00e7\u00f5es<\/title>\n<meta name=\"description\" content=\"A Ita\u00fasa anunciou que as fra\u00e7\u00f5es de a\u00e7\u00f5es, resultantes da bonifica\u00e7\u00e3o, foram agrupadas e vendidas na B3, em leil\u00e3o no dia 19 de janeiro.\" \/>\n<meta name=\"robots\" content=\"index, follow, max-snippet:-1, max-image-preview:large, max-video-preview:-1\" \/>\n<link rel=\"canonical\" href=\"https:\/\/www.suno.com.br\/noticias\/itausa-itsa4-bonificacao-acoes-pagamento\/\" \/>\n<meta property=\"og:locale\" content=\"pt_BR\" \/>\n<meta property=\"og:type\" content=\"article\" \/>\n<meta property=\"og:title\" content=\"Ita\u00fasa (ITSA4) anuncia pagamento de bonifica\u00e7\u00f5es de a\u00e7\u00f5es\" \/>\n<meta property=\"og:description\" content=\"A Ita\u00fasa anunciou que as fra\u00e7\u00f5es de a\u00e7\u00f5es, resultantes da bonifica\u00e7\u00e3o, foram agrupadas e vendidas na B3, em leil\u00e3o no dia 19 de janeiro.\" \/>\n<meta property=\"og:url\" content=\"https:\/\/www.suno.com.br\/noticias\/itausa-itsa4-bonificacao-acoes-pagamento\/\" \/>\n<meta property=\"og:site_name\" content=\"Suno Not\u00edcias\" \/>\n<meta property=\"article:publisher\" content=\"https:\/\/facebook.com\/sunoresearch\" \/>\n<meta property=\"og:image\" content=\"https:\/\/files.sunoresearch.com.br\/n\/uploads\/2021\/02\/7db34773-itausa-1280x720-1.jpg\" \/>\n\t<meta property=\"og:image:width\" content=\"1280\" \/>\n\t<meta property=\"og:image:height\" content=\"720\" \/>\n\t<meta property=\"og:image:type\" content=\"image\/jpeg\" \/>\n<meta name=\"author\" content=\"Leandro Tavares\" \/>\n<meta name=\"twitter:card\" content=\"summary_large_image\" \/>\n<meta name=\"twitter:creator\" content=\"@sunoresearch\" \/>\n<meta name=\"twitter:site\" content=\"@sunoresearch\" \/>\n<meta name=\"twitter:label1\" content=\"Escrito por\" \/>\n\t<meta name=\"twitter:data1\" content=\"Leandro Tavares\" \/>\n\t<meta name=\"twitter:label2\" content=\"Est. tempo de leitura\" \/>\n\t<meta name=\"twitter:data2\" content=\"2 minutos\" \/>\n<script type=\"application\/ld+json\" class=\"yoast-schema-graph\">{\"@context\":\"https:\/\/schema.org\",\"@graph\":[{\"@type\":\"NewsArticle\",\"@id\":\"https:\/\/www.suno.com.br\/noticias\/itausa-itsa4-bonificacao-acoes-pagamento\/#article\",\"isPartOf\":{\"@id\":\"https:\/\/www.suno.com.br\/noticias\/itausa-itsa4-bonificacao-acoes-pagamento\/\"},\"author\":{\"name\":\"Leandro Tavares\",\"@id\":\"https:\/\/www.suno.com.br\/noticias\/#\/schema\/person\/96b86313436a5af8c004989de27d4962\"},\"headline\":\"Ita\u00fasa (ITSA4) anuncia pagamento de bonifica\u00e7\u00f5es de a\u00e7\u00f5es\",\"datePublished\":\"2024-01-31T23:01:22+00:00\",\"dateModified\":\"2024-01-31T23:01:27+00:00\",\"mainEntityOfPage\":{\"@id\":\"https:\/\/www.suno.com.br\/noticias\/itausa-itsa4-bonificacao-acoes-pagamento\/\"},\"wordCount\":395,\"publisher\":{\"@id\":\"https:\/\/www.suno.com.br\/noticias\/#organization\"},\"image\":{\"@id\":\"https:\/\/www.suno.com.br\/noticias\/itausa-itsa4-bonificacao-acoes-pagamento\/#primaryimage\"},\"thumbnailUrl\":\"https:\/\/files.sunoresearch.com.br\/n\/uploads\/2021\/02\/7db34773-itausa-1280x720-1-jpg.webp\",\"keywords\":[\"A\u00e7\u00f5es\",\"Ita\u00fasa (ITSA3\/ITSA4)\"],\"articleSection\":[\"Mercado\"],\"inLanguage\":\"pt-BR\"},{\"@type\":\"WebPage\",\"@id\":\"https:\/\/www.suno.com.br\/noticias\/itausa-itsa4-bonificacao-acoes-pagamento\/\",\"url\":\"https:\/\/www.suno.com.br\/noticias\/itausa-itsa4-bonificacao-acoes-pagamento\/\",\"name\":\"Ita\u00fasa (ITSA4) anuncia pagamento de bonifica\u00e7\u00f5es de a\u00e7\u00f5es\",\"isPartOf\":{\"@id\":\"https:\/\/www.suno.com.br\/noticias\/#website\"},\"primaryImageOfPage\":{\"@id\":\"https:\/\/www.suno.com.br\/noticias\/itausa-itsa4-bonificacao-acoes-pagamento\/#primaryimage\"},\"image\":{\"@id\":\"https:\/\/www.suno.com.br\/noticias\/itausa-itsa4-bonificacao-acoes-pagamento\/#primaryimage\"},\"thumbnailUrl\":\"https:\/\/files.sunoresearch.com.br\/n\/uploads\/2021\/02\/7db34773-itausa-1280x720-1-jpg.webp\",\"datePublished\":\"2024-01-31T23:01:22+00:00\",\"dateModified\":\"2024-01-31T23:01:27+00:00\",\"description\":\"A Ita\u00fasa anunciou que as fra\u00e7\u00f5es de a\u00e7\u00f5es, resultantes da bonifica\u00e7\u00e3o, foram agrupadas e vendidas na B3, em leil\u00e3o no dia 19 de janeiro.\",\"breadcrumb\":{\"@id\":\"https:\/\/www.suno.com.br\/noticias\/itausa-itsa4-bonificacao-acoes-pagamento\/#breadcrumb\"},\"inLanguage\":\"pt-BR\",\"potentialAction\":[{\"@type\":\"ReadAction\",\"target\":[\"https:\/\/www.suno.com.br\/noticias\/itausa-itsa4-bonificacao-acoes-pagamento\/\"]}]},{\"@type\":\"ImageObject\",\"inLanguage\":\"pt-BR\",\"@id\":\"https:\/\/www.suno.com.br\/noticias\/itausa-itsa4-bonificacao-acoes-pagamento\/#primaryimage\",\"url\":\"https:\/\/files.sunoresearch.com.br\/n\/uploads\/2021\/02\/7db34773-itausa-1280x720-1-jpg.webp\",\"contentUrl\":\"https:\/\/files.sunoresearch.com.br\/n\/uploads\/2021\/02\/7db34773-itausa-1280x720-1-jpg.webp\",\"width\":1280,\"height\":720,\"caption\":\"Ita\u00fasa (ITSA4). Foto: Divulga\u00e7\u00e3o\"},{\"@type\":\"BreadcrumbList\",\"@id\":\"https:\/\/www.suno.com.br\/noticias\/itausa-itsa4-bonificacao-acoes-pagamento\/#breadcrumb\",\"itemListElement\":[{\"@type\":\"ListItem\",\"position\":1,\"name\":\"Not\u00edcias\",\"item\":\"https:\/\/www.suno.com.br\/noticias\/\"},{\"@type\":\"ListItem\",\"position\":2,\"name\":\"Mercado\",\"item\":\"https:\/\/www.suno.com.br\/noticias\/mercado\/\"},{\"@type\":\"ListItem\",\"position\":3,\"name\":\"Ita\u00fasa (ITSA4) anuncia pagamento de bonifica\u00e7\u00f5es de a\u00e7\u00f5es\"}]},{\"@type\":\"WebSite\",\"@id\":\"https:\/\/www.suno.com.br\/noticias\/#website\",\"url\":\"https:\/\/www.suno.com.br\/noticias\/\",\"name\":\"Suno Not\u00edcias\",\"description\":\"Seu portal de informa\u00e7\u00e3o sobre o mundo dos investimentos\",\"publisher\":{\"@id\":\"https:\/\/www.suno.com.br\/noticias\/#organization\"},\"potentialAction\":[{\"@type\":\"SearchAction\",\"target\":{\"@type\":\"EntryPoint\",\"urlTemplate\":\"https:\/\/www.suno.com.br\/noticias\/?s={search_term_string}\"},\"query-input\":{\"@type\":\"PropertyValueSpecification\",\"valueRequired\":true,\"valueName\":\"search_term_string\"}}],\"inLanguage\":\"pt-BR\"},{\"@type\":\"Organization\",\"@id\":\"https:\/\/www.suno.com.br\/noticias\/#organization\",\"name\":\"Suno Not\u00edcias\",\"url\":\"https:\/\/www.suno.com.br\/noticias\/\",\"logo\":{\"@type\":\"ImageObject\",\"inLanguage\":\"pt-BR\",\"@id\":\"https:\/\/www.suno.com.br\/noticias\/#\/schema\/logo\/image\/\",\"url\":\"https:\/\/files.sunoresearch.com.br\/n\/uploads\/2021\/09\/suno-logo.png\",\"contentUrl\":\"https:\/\/files.sunoresearch.com.br\/n\/uploads\/2021\/09\/suno-logo.png\",\"width\":180,\"height\":180,\"caption\":\"Suno Not\u00edcias\"},\"image\":{\"@id\":\"https:\/\/www.suno.com.br\/noticias\/#\/schema\/logo\/image\/\"},\"sameAs\":[\"https:\/\/facebook.com\/sunoresearch\",\"https:\/\/x.com\/sunoresearch\",\"https:\/\/www.instagram.com\/suno\",\"https:\/\/www.linkedin.com\/company\/suno-research\/\",\"https:\/\/www.youtube.com\/c\/sunoresearch\"]},{\"@type\":\"Person\",\"@id\":\"https:\/\/www.suno.com.br\/noticias\/#\/schema\/person\/96b86313436a5af8c004989de27d4962\",\"name\":\"Leandro Tavares\",\"image\":{\"@type\":\"ImageObject\",\"inLanguage\":\"pt-BR\",\"@id\":\"https:\/\/www.suno.com.br\/noticias\/#\/schema\/person\/image\/\",\"url\":\"https:\/\/secure.gravatar.com\/avatar\/cef3014f9ca74cf54fb41dc01807a08b?s=96&r=g\",\"contentUrl\":\"https:\/\/secure.gravatar.com\/avatar\/cef3014f9ca74cf54fb41dc01807a08b?s=96&r=g\",\"caption\":\"Leandro Tavares\"},\"url\":\"https:\/\/www.suno.com.br\/noticias\/author\/leandro-sbtavaresgmail-com\/\"}]}<\/script>\n<!-- \/ Yoast SEO plugin. -->","yoast_head_json":{"title":"Ita\u00fasa (ITSA4) anuncia pagamento de bonifica\u00e7\u00f5es de a\u00e7\u00f5es","description":"A Ita\u00fasa anunciou que as fra\u00e7\u00f5es de a\u00e7\u00f5es, resultantes da bonifica\u00e7\u00e3o, foram agrupadas e vendidas na B3, em leil\u00e3o no dia 19 de janeiro.","robots":{"index":"index","follow":"follow","max-snippet":"max-snippet:-1","max-image-preview":"max-image-preview:large","max-video-preview":"max-video-preview:-1"},"canonical":"https:\/\/www.suno.com.br\/noticias\/itausa-itsa4-bonificacao-acoes-pagamento\/","og_locale":"pt_BR","og_type":"article","og_title":"Ita\u00fasa (ITSA4) anuncia pagamento de bonifica\u00e7\u00f5es de a\u00e7\u00f5es","og_description":"A Ita\u00fasa anunciou que as fra\u00e7\u00f5es de a\u00e7\u00f5es, resultantes da bonifica\u00e7\u00e3o, foram agrupadas e vendidas na B3, em leil\u00e3o no dia 19 de janeiro.","og_url":"https:\/\/www.suno.com.br\/noticias\/itausa-itsa4-bonificacao-acoes-pagamento\/","og_site_name":"Suno Not\u00edcias","article_publisher":"https:\/\/facebook.com\/sunoresearch","og_image":[{"width":1280,"height":720,"url":"https:\/\/files.sunoresearch.com.br\/n\/uploads\/2021\/02\/7db34773-itausa-1280x720-1.jpg","type":"image\/jpeg"}],"author":"Leandro Tavares","twitter_card":"summary_large_image","twitter_creator":"@sunoresearch","twitter_site":"@sunoresearch","twitter_misc":{"Escrito por":"Leandro Tavares","Est. tempo de leitura":"2 minutos"},"schema":{"@context":"https:\/\/schema.org","@graph":[{"@type":"NewsArticle","@id":"https:\/\/www.suno.com.br\/noticias\/itausa-itsa4-bonificacao-acoes-pagamento\/#article","isPartOf":{"@id":"https:\/\/www.suno.com.br\/noticias\/itausa-itsa4-bonificacao-acoes-pagamento\/"},"author":{"name":"Leandro Tavares","@id":"https:\/\/www.suno.com.br\/noticias\/#\/schema\/person\/96b86313436a5af8c004989de27d4962"},"headline":"Ita\u00fasa (ITSA4) anuncia pagamento de bonifica\u00e7\u00f5es de a\u00e7\u00f5es","datePublished":"2024-01-31T23:01:22+00:00","dateModified":"2024-01-31T23:01:27+00:00","mainEntityOfPage":{"@id":"https:\/\/www.suno.com.br\/noticias\/itausa-itsa4-bonificacao-acoes-pagamento\/"},"wordCount":395,"publisher":{"@id":"https:\/\/www.suno.com.br\/noticias\/#organization"},"image":{"@id":"https:\/\/www.suno.com.br\/noticias\/itausa-itsa4-bonificacao-acoes-pagamento\/#primaryimage"},"thumbnailUrl":"https:\/\/files.sunoresearch.com.br\/n\/uploads\/2021\/02\/7db34773-itausa-1280x720-1-jpg.webp","keywords":["A\u00e7\u00f5es","Ita\u00fasa (ITSA3\/ITSA4)"],"articleSection":["Mercado"],"inLanguage":"pt-BR"},{"@type":"WebPage","@id":"https:\/\/www.suno.com.br\/noticias\/itausa-itsa4-bonificacao-acoes-pagamento\/","url":"https:\/\/www.suno.com.br\/noticias\/itausa-itsa4-bonificacao-acoes-pagamento\/","name":"Ita\u00fasa (ITSA4) anuncia pagamento de bonifica\u00e7\u00f5es de a\u00e7\u00f5es","isPartOf":{"@id":"https:\/\/www.suno.com.br\/noticias\/#website"},"primaryImageOfPage":{"@id":"https:\/\/www.suno.com.br\/noticias\/itausa-itsa4-bonificacao-acoes-pagamento\/#primaryimage"},"image":{"@id":"https:\/\/www.suno.com.br\/noticias\/itausa-itsa4-bonificacao-acoes-pagamento\/#primaryimage"},"thumbnailUrl":"https:\/\/files.sunoresearch.com.br\/n\/uploads\/2021\/02\/7db34773-itausa-1280x720-1-jpg.webp","datePublished":"2024-01-31T23:01:22+00:00","dateModified":"2024-01-31T23:01:27+00:00","description":"A Ita\u00fasa anunciou que as fra\u00e7\u00f5es de a\u00e7\u00f5es, resultantes da bonifica\u00e7\u00e3o, foram agrupadas e vendidas na B3, em leil\u00e3o no dia 19 de janeiro.","breadcrumb":{"@id":"https:\/\/www.suno.com.br\/noticias\/itausa-itsa4-bonificacao-acoes-pagamento\/#breadcrumb"},"inLanguage":"pt-BR","potentialAction":[{"@type":"ReadAction","target":["https:\/\/www.suno.com.br\/noticias\/itausa-itsa4-bonificacao-acoes-pagamento\/"]}]},{"@type":"ImageObject","inLanguage":"pt-BR","@id":"https:\/\/www.suno.com.br\/noticias\/itausa-itsa4-bonificacao-acoes-pagamento\/#primaryimage","url":"https:\/\/files.sunoresearch.com.br\/n\/uploads\/2021\/02\/7db34773-itausa-1280x720-1-jpg.webp","contentUrl":"https:\/\/files.sunoresearch.com.br\/n\/uploads\/2021\/02\/7db34773-itausa-1280x720-1-jpg.webp","width":1280,"height":720,"caption":"Ita\u00fasa (ITSA4). Foto: Divulga\u00e7\u00e3o"},{"@type":"BreadcrumbList","@id":"https:\/\/www.suno.com.br\/noticias\/itausa-itsa4-bonificacao-acoes-pagamento\/#breadcrumb","itemListElement":[{"@type":"ListItem","position":1,"name":"Not\u00edcias","item":"https:\/\/www.suno.com.br\/noticias\/"},{"@type":"ListItem","position":2,"name":"Mercado","item":"https:\/\/www.suno.com.br\/noticias\/mercado\/"},{"@type":"ListItem","position":3,"name":"Ita\u00fasa (ITSA4) anuncia pagamento de bonifica\u00e7\u00f5es de a\u00e7\u00f5es"}]},{"@type":"WebSite","@id":"https:\/\/www.suno.com.br\/noticias\/#website","url":"https:\/\/www.suno.com.br\/noticias\/","name":"Suno Not\u00edcias","description":"Seu portal de informa\u00e7\u00e3o sobre o mundo dos investimentos","publisher":{"@id":"https:\/\/www.suno.com.br\/noticias\/#organization"},"potentialAction":[{"@type":"SearchAction","target":{"@type":"EntryPoint","urlTemplate":"https:\/\/www.suno.com.br\/noticias\/?s={search_term_string}"},"query-input":{"@type":"PropertyValueSpecification","valueRequired":true,"valueName":"search_term_string"}}],"inLanguage":"pt-BR"},{"@type":"Organization","@id":"https:\/\/www.suno.com.br\/noticias\/#organization","name":"Suno Not\u00edcias","url":"https:\/\/www.suno.com.br\/noticias\/","logo":{"@type":"ImageObject","inLanguage":"pt-BR","@id":"https:\/\/www.suno.com.br\/noticias\/#\/schema\/logo\/image\/","url":"https:\/\/files.sunoresearch.com.br\/n\/uploads\/2021\/09\/suno-logo.png","contentUrl":"https:\/\/files.sunoresearch.com.br\/n\/uploads\/2021\/09\/suno-logo.png","width":180,"height":180,"caption":"Suno Not\u00edcias"},"image":{"@id":"https:\/\/www.suno.com.br\/noticias\/#\/schema\/logo\/image\/"},"sameAs":["https:\/\/facebook.com\/sunoresearch","https:\/\/x.com\/sunoresearch","https:\/\/www.instagram.com\/suno","https:\/\/www.linkedin.com\/company\/suno-research\/","https:\/\/www.youtube.com\/c\/sunoresearch"]},{"@type":"Person","@id":"https:\/\/www.suno.com.br\/noticias\/#\/schema\/person\/96b86313436a5af8c004989de27d4962","name":"Leandro Tavares","image":{"@type":"ImageObject","inLanguage":"pt-BR","@id":"https:\/\/www.suno.com.br\/noticias\/#\/schema\/person\/image\/","url":"https:\/\/secure.gravatar.com\/avatar\/cef3014f9ca74cf54fb41dc01807a08b?s=96&r=g","contentUrl":"https:\/\/secure.gravatar.com\/avatar\/cef3014f9ca74cf54fb41dc01807a08b?s=96&r=g","caption":"Leandro Tavares"},"url":"https:\/\/www.suno.com.br\/noticias\/author\/leandro-sbtavaresgmail-com\/"}]}},"default_loop_html":"<div class=\"cardsPage__listCard__boxs\"><div class=\"cardsPage__listCard__boxs__img\"><a href=\"https:\/\/www.suno.com.br\/noticias\/itausa-itsa4-bonificacao-acoes-pagamento\/\"><img class=\"mask\" src=\"https:\/\/www.suno.com.br\/noticias\/wp-content\/themes\/suno\/resources\/images\/spotlight\/spotlight1img\/bg-mask.png\" alt=\"Image Mask\"\/><img src=\"https:\/\/files.sunoresearch.com.br\/n\/uploads\/2021\/02\/7db34773-itausa-1280x720-1-400x200.webp\" alt=\"Ita\u00fasa (ITSA4) anuncia pagamento de bonifica\u00e7\u00f5es de a\u00e7\u00f5es\"\/><\/a><span class=\"spotlightCategory\"><a href=\"https:\/\/www.suno.com.br\/noticias\/mercado\/\">Mercado<\/a><\/span><\/div><div class=\"cardsPage__listCard__boxs__content\"><a href=\"https:\/\/www.suno.com.br\/noticias\/itausa-itsa4-bonificacao-acoes-pagamento\/\"><h2 class=\"content__title\">Ita\u00fasa (ITSA4) anuncia pagamento de bonifica\u00e7\u00f5es de a\u00e7\u00f5es<\/h2><\/a><div class=\"newsContent__article__meta\"><div class=\"newsContent__article__meta__authorBox\"><a href=\"https:\/\/www.suno.com.br\/noticias\/author\/leandro-sbtavaresgmail-com\/\" class=\"authorBox__avatar noMobi\"><img src=\"https:\/\/files.sunoresearch.com.br\/n\/uploads\/2024\/01\/Foto-150x150.jpg\" alt=\"Leandro Tavares\"><\/a><div class=\"authorBox__name\"><span>por\n\t\t\t<a href=\"https:\/\/www.suno.com.br\/noticias\/author\/leandro-sbtavaresgmail-com\/\"><span itemprop=\"author\">Leandro Tavares<\/span><\/a><\/span><time datetime=\"2024-01-31T20:01:22-03:00\" itemprop=\"datePublished\">31\/01\/2024 20:01<\/time><\/div><\/div><\/div><\/div><\/div>","single_layout":"posts","amp_enabled":true,"_links":{"self":[{"href":"https:\/\/www.suno.com.br\/noticias\/wp-json\/wp\/v2\/posts\/518589"}],"collection":[{"href":"https:\/\/www.suno.com.br\/noticias\/wp-json\/wp\/v2\/posts"}],"about":[{"href":"https:\/\/www.suno.com.br\/noticias\/wp-json\/wp\/v2\/types\/post"}],"author":[{"embeddable":true,"href":"https:\/\/www.suno.com.br\/noticias\/wp-json\/wp\/v2\/users\/340"}],"replies":[{"embeddable":true,"href":"https:\/\/www.suno.com.br\/noticias\/wp-json\/wp\/v2\/comments?post=518589"}],"version-history":[{"count":2,"href":"https:\/\/www.suno.com.br\/noticias\/wp-json\/wp\/v2\/posts\/518589\/revisions"}],"predecessor-version":[{"id":518673,"href":"https:\/\/www.suno.com.br\/noticias\/wp-json\/wp\/v2\/posts\/518589\/revisions\/518673"}],"wp:featuredmedia":[{"embeddable":true,"href":"https:\/\/www.suno.com.br\/noticias\/wp-json\/wp\/v2\/media\/125632"}],"wp:attachment":[{"href":"https:\/\/www.suno.com.br\/noticias\/wp-json\/wp\/v2\/media?parent=518589"}],"wp:term":[{"taxonomy":"category","embeddable":true,"href":"https:\/\/www.suno.com.br\/noticias\/wp-json\/wp\/v2\/categories?post=518589"},{"taxonomy":"post_tag","embeddable":true,"href":"https:\/\/www.suno.com.br\/noticias\/wp-json\/wp\/v2\/tags?post=518589"},{"taxonomy":"suno_strategy","embeddable":true,"href":"https:\/\/www.suno.com.br\/noticias\/wp-json\/wp\/v2\/suno_strategy?post=518589"}],"curies":[{"name":"wp","href":"https:\/\/api.w.org\/{rel}","templated":true}]}}