{"id":518451,"date":"2024-01-31T17:34:17","date_gmt":"2024-01-31T20:34:17","guid":{"rendered":"https:\/\/www.suno.com.br\/noticias\/?p=518451"},"modified":"2024-02-01T10:13:11","modified_gmt":"2024-02-01T13:13:11","slug":"selic-fiis-tijolo-acoes-atratividade-va","status":"publish","type":"post","link":"https:\/\/www.suno.com.br\/noticias\/selic-fiis-tijolo-acoes-atratividade-va\/","title":{"rendered":"Selic em queda: FIIs de tijolo, fundos de energia e  de a\u00e7\u00f5es v\u00e3o ficar ainda mais atrativos com novo corte, preveem analistas"},"content":{"rendered":"<p>A reuni\u00e3o do <a class=\"suno-keyword\" data-force=\"no\" data-priority=\"2\" href=\"https:\/\/www.suno.com.br\/artigos\/copom\/\" target=\"_blank\" rel=\"noopener\">Comit\u00ea de Pol\u00edtica Monet\u00e1ria (Copom)<\/a>, do Banco Central (BC), iniciada nesta quarta-feira (31), deve confirmar mais um corte de 0,5 ponto percentual da taxa de juros, a <strong>Selic<\/strong>, de acordo com a estimativa da maior parte das <a class=\"suno-keyword\" data-force=\"no\" data-priority=\"1\" href=\"https:\/\/www.suno.com.br\/artigos\/instituicoes-financeiras\/\" target=\"_blank\" rel=\"noopener\">institui\u00e7\u00f5es financeiras<\/a>. A redu\u00e7\u00e3o da Selic vasi impulsionar a alta dos ativos de renda vari\u00e1veis e dos desempenhos de fundos imobili\u00e1rios (FIIs).<\/p>\t<div class=\"wrapper-featured-image\">\n\t\t<figure class=\"spotlightImg\">\n\n\t\t\t<picture>\n\t\t\t\t<source media=\"(max-width: 768px)\" srcset=\"https:\/\/files.sunoresearch.com.br\/n\/uploads\/2024\/01\/austin-distel-DfjJMVhwH_8-unsplash-400x200.jpg\">\n\t\t\t\t<img loading=\"lazy\" decoding=\"async\" class=\"newsContent__article__imgCapa lazyloadDisabled \" src=\"https:\/\/files.sunoresearch.com.br\/n\/uploads\/2024\/01\/austin-distel-DfjJMVhwH_8-unsplash-800x450.jpg\" width=\"800\" height=\"450\" alt=\"Selic em queda: FIIs de tijolo, fundos de energia e  de a\u00e7\u00f5es v\u00e3o ficar ainda mais atrativos com novo corte, preveem analistas\" fetchpriority=high \/>\n\t\t\t<\/picture>\n\n\t\t\t<figcaption class=\"wp-caption-text wp-caption-text--show\">Selic em queda: FIIs de tijolo e a\u00e7\u00f5es devem ganham atratividade. Foto:Unsplash<\/figcaption>\n\t\t<\/figure>\n\t<\/div>\n\n\n\n\n\n\n\n\t<p>\n\t\t<a href=\"https:\/\/lp.suno.com.br\/asset\/suno-fundo-de-fundos-snff11\/\" target=\"_blank\" data-element=\"shortcode-suno-banner\" title=\"Banner SUNO, clique e saiba mais\">\n\t\t\t<picture>\n\t\t\t\t<source media=\"(max-width: 500px)\" srcset=\"https:\/\/files.sunoresearch.com.br\/n\/uploads\/2024\/01\/400x300-Mobile-Artigos-3-SNFF-AO.png\">\n\t\t\t\t<img class=\"newsContent__article__imgCapa newsContent__article__imgCapa--banner\"\n\t\t\t\t\tsrc=\"https:\/\/files.sunoresearch.com.br\/n\/uploads\/2024\/01\/1420x240-Banner-Artigos-1-_-Banner-Materias-1-SNFF-AO.png\"\n\t\t\t\t\tdata-promo-id=\"364418\"\t\t\t\t\t\t\t\t\t\twidth='1420' height='240'\t\t\t\t\talt=\"https:\/\/files.sunoresearch.com.br\/n\/uploads\/2024\/01\/1420x240-Banner-Artigos-1-_-Banner-Materias-1-SNFF-AO.png\"\n\t\t\t\t>\n\t\t\t<\/picture>\n\t\t<\/a>\n\t<\/p>\n\n\n\n\n\n<p>Segundo <strong>Boletim Focus <\/strong>divulgado na manh\u00e3 desta ter\u00e7a-feira (30) pelo Banco Central, a estimativa para a taxa de juros segue em 9% ao final deste ano.&nbsp;<\/p>\n\n\n\n<p>Ainda de acordo com a pesquisa, para 2025, o mercado espera que a taxa de juros termine em 8,50%, mesma proje\u00e7\u00e3o da semana anterior. Para 2026, a expectativa \u00e9 de que a Selic tamb\u00e9m chegue a 8,50%.<\/p>\n\n\n\n<p>Para Guilherme Almeida, analista imobili\u00e1rio da Suno Asset, a redu\u00e7\u00e3o dos juros ocasionar\u00e1 uma menor remunera\u00e7\u00e3o nominal dos ativos de <a class=\"suno-keyword\" data-force=\"no\" data-priority=\"2\" href=\"https:\/\/www.suno.com.br\/guias\/investimento-renda-fixa\/\" target=\"_blank\" rel=\"noopener\">renda fixa<\/a>, fazendo com que o investidor busque retornos mais elevados com os <strong>ativos de renda vari\u00e1vel<\/strong>, como a\u00e7\u00f5es, im\u00f3veis e FIIs.&nbsp;&nbsp;<\/p>\n\n\n\n<p>&#8220;Esse movimento faz com que esses ativos tenham uma valoriza\u00e7\u00e3o. Al\u00e9m disso, com as expectativas mais otimistas, a <a class=\"suno-keyword\" target=\"_blank\" data-force=\"no\" data-priority=\"1\" href=\"https:\/\/www.suno.com.br\/artigos\/taxa-de-desconto\/\" rel=\"noopener\">taxa de desconto<\/a> usada nos valuations passa a ser mais baixa, fazendo que o <a class=\"suno-keyword\" target=\"_blank\" data-force=\"no\" data-priority=\"1\" href=\"https:\/\/www.suno.com.br\/artigos\/valor-justo\/\" rel=\"noopener\">valor justo<\/a> projetado e o retorno esperado dos ativos tenda a ser superior, impactando positivamente os portf\u00f3lios dos Fundos, seja atrav\u00e9s da valoriza\u00e7\u00e3o dos im\u00f3veis e ativos listados investidos&#8221;, explica Almeida.&nbsp;<\/p>\n\n\n\t<p>\n\t\t<a href=\"https:\/\/lp.suno.com.br\/ebook-como-analisar-uma-acao\/\" target=\"_blank\" data-element=\"shortcode-suno-banner\" title=\"Banner SUNO, clique e saiba mais\">\n\t\t\t<picture>\n\t\t\t\t<source media=\"(max-width: 500px)\" srcset=\"https:\/\/files.sunoresearch.com.br\/n\/uploads\/2023\/03\/Ebook-Acoes-Mobile.jpg\">\n\t\t\t\t<img class=\"newsContent__article__imgCapa newsContent__article__imgCapa--banner\"\n\t\t\t\t\tsrc=\"https:\/\/files.sunoresearch.com.br\/n\/uploads\/2023\/03\/Ebook-Acoes-Desktop.jpg\"\n\t\t\t\t\tdata-promo-id=\"378302\"\t\t\t\t\t\t\t\t\t\twidth='1420' height='286'\t\t\t\t\talt=\"https:\/\/files.sunoresearch.com.br\/n\/uploads\/2023\/03\/Ebook-Acoes-Desktop.jpg\"\n\t\t\t\t>\n\t\t\t<\/picture>\n\t\t<\/a>\n\t<\/p>\n\n\n\n\n\n<h2 class=\"wp-block-heading\">SNFF11 surfa no ciclo de cortes da Selic<\/h2>\n\n\n\n<p>Neste contexto, em 2024, os analistas destacam que os<strong> FIIs de tijolo <\/strong>tendem a ter um momento positivo. Seguindo essa estrat\u00e9gia, o<strong> fundo SNFF11, <\/strong>fundo de fundos da Suno Asset, vem se preparando, ao longo dos \u00faltimos trimestres, com a aquisi\u00e7\u00e3o de ativos principalmente do segmento de tijolo a pre\u00e7os bastante descontados, informa Almeida. O objetivo \u00e9 surfar o <strong>ciclo de alta da Selic<\/strong> com a valoriza\u00e7\u00e3o dos Fundos listados e a reavalia\u00e7\u00e3o dos laudos dos ativos investidos indiretamente.<\/p>\n\n\n\n<p>&#8220;Al\u00e9m disso, aproveitamos o cen\u00e1rio de cr\u00e9dito mais estressado de 2023 para realizar a aquisi\u00e7\u00e3o de Fundos de CRI com desconto ao longo dos \u00faltimos trimestres&#8221;, explica o analista imobili\u00e1rio. No \u00faltimo relat\u00f3rio do FII datado em novembro, o fundo imobili\u00e1rio <a class=\"suno-keyword\" target=\"_blank\" data-force=\"yes\" data-priority=\"2\" href=\"https:\/\/www.suno.com.br\/fundos-imobiliarios\/snff11\/\" rel=\"noopener\">SNFF11<\/a> apresentou retorno acumulado de 15,72% no m\u00eas, frente a 11,02% do IFIX.<\/p>\n\n\n\n<p>Por sua vez, no <strong>Suno Multiestrat\u00e9gia Imobili\u00e1ria (SNME11)<\/strong> foram adquiridos recentemente <a class=\"suno-keyword\" target=\"_blank\" data-force=\"no\" data-priority=\"1\" href=\"https:\/\/www.suno.com.br\/artigos\/certificados-recebiveis-imobiliarios\/\" rel=\"noopener\">Certificados de Receb\u00edveis Imobili\u00e1rios<\/a> (CRIs), com remunera\u00e7\u00e3o fixa atrativa, aproveitando as taxas elevadas que ainda podem ser capturadas no momento atual. &#8220;A equipe de gest\u00e3o vem realizando a aquisi\u00e7\u00e3o de ativos listados que ainda t\u00eam desconto, e devem ser beneficiados com a reprecifica\u00e7\u00e3o pelo mercado com a queda da taxa Selic&#8221;. diz Almeida.&nbsp;<\/p>\n\n\n\n<p>A expectativa da Asset \u00e9 de que, com o mercado de ativos de renda vari\u00e1vel mais otimista, aumente o n\u00famero de oportunidades de realiza\u00e7\u00e3o de arbitragens, estrat\u00e9gia que possibilita a captura de ganhos adicionais em ofertas e \u00e9 executada em ambos os <strong>portf\u00f3lios do SNFF11<\/strong> e SNME11.<\/p>\n\n\n\t<p>\n\t\t<a href=\"\" target=\"_blank\" data-element=\"shortcode-suno-banner\" title=\"Banner SUNO, clique e saiba mais\">\n\t\t\t<picture>\n\t\t\t\t<source media=\"(max-width: 500px)\" srcset=\"\">\n\t\t\t\t<img class=\"newsContent__article__imgCapa newsContent__article__imgCapa--banner\"\n\t\t\t\t\tsrc=\"\"\n\t\t\t\t\tdata-promo-id=\"494026\"\t\t\t\t\t\t\t\t\t\t\t\t\t\t\talt=\"\"\n\t\t\t\t>\n\t\t\t<\/picture>\n\t\t<\/a>\n\t<\/p>\n\n\n\n\n\n<h2 class=\"wp-block-heading\">FII de energia limpa tamb\u00e9m deve ser beneficiado com Selic<\/h2>\n\n\n\n<p>O <strong>SNEL11<\/strong>, fundo imobili\u00e1rio que investe em usinas de gera\u00e7\u00e3o solar distribu\u00edda, tem a proposta de captar dinheiro no mercado para desenvolver projetos de energia. Com a redu\u00e7\u00e3o da Selic, a tend\u00eancia \u00e9 de que haja um menor <a class=\"suno-keyword\" data-force=\"no\" data-priority=\"1\" href=\"https:\/\/www.suno.com.br\/artigos\/custo-de-capital\/\" target=\"_blank\" rel=\"noopener\">custo de capital<\/a>.<\/p>\n\n\n\n<p>&#8220;Com a redu\u00e7\u00e3o do custo de capital, ou seja, uma Selic mais baixa, esses projetos tendem a ter uma valoriza\u00e7\u00e3o maior. Outros players do mercado podem ver como uma sinaliza\u00e7\u00e3o atrativa, tomar alguma d\u00edvida para fazer a compra de uma usina&#8221;, explica Guido Andrade, analista de <a class=\"suno-keyword\" target=\"_blank\" data-force=\"no\" data-priority=\"1\" href=\"https:\/\/www.suno.com.br\/artigos\/buy-side\/\" rel=\"noopener\">Buy Side<\/a> da Suno.<\/p>\n\n\n\n<p>Al\u00e9m disso, o analista cita que juros mais baixos fazem com que os investidores busquem uma migra\u00e7\u00e3o para <strong>renda vari\u00e1vel<\/strong>, diante da impossibilidade de conseguir uma rentabilidade de 1% ao m\u00eas na renda fixa.&nbsp;<\/p>\n\n\n\n<p>Associado a isso, o SNEL11 se beneficia de atuar no <strong>setor el\u00e9trico<\/strong>, um dos mais est\u00e1veis da economia, considerado defensivo na Bolsa.<\/p>\n\n\n\n<p>De acordo com Andrade, o FII tem o objetivo de distribuir 20% ao ano de retorno ao cotista corrigido pela infla\u00e7\u00e3o. &#8220;A gente listou o fundo no dia 13 de dezembro e, decorrido esse tempo, a gente teve uma liquidez m\u00e9dia de R$ 1 milh\u00e3o.&#8221;<\/p>\n\n\n\n<p>O fundo imobili\u00e1rio Suno Energias Limpa&nbsp; pagou R$ 1,55 por cota em <a class=\"suno-keyword\" data-force=\"no\" data-priority=\"1\" href=\"https:\/\/www.suno.com.br\/guias\/dividendos\/\" target=\"_blank\" rel=\"noopener\">dividendos<\/a> na \u00faltima quinta-feira (25), com o dividend yield (DY) mantido em 16,05%.<\/p>\n\n\n\t<p>\n\t\t<a href=\"https:\/\/lp.suno.com.br\/4-emissao-snel11\/\" target=\"_blank\" data-element=\"shortcode-suno-banner\" title=\"Banner SUNO, clique e saiba mais\">\n\t\t\t<picture>\n\t\t\t\t<source media=\"(max-width: 500px)\" srcset=\"https:\/\/files.sunoresearch.com.br\/n\/uploads\/2025\/07\/400x300-Mobile-Artigos-7.webp\">\n\t\t\t\t<img class=\"newsContent__article__imgCapa newsContent__article__imgCapa--banner\"\n\t\t\t\t\tsrc=\"https:\/\/files.sunoresearch.com.br\/n\/uploads\/2025\/07\/1420x240-Banner-Artigos-1-_-Banner-Materias-5.webp\"\n\t\t\t\t\tdata-promo-id=\"364417\"\t\t\t\t\t\t\t\t\t\twidth='1420' height='240'\t\t\t\t\talt=\"https:\/\/files.sunoresearch.com.br\/n\/uploads\/2025\/07\/1420x240-Banner-Artigos-1-_-Banner-Materias-5.webp\"\n\t\t\t\t>\n\t\t\t<\/picture>\n\t\t<\/a>\n\t<\/p>\n\n\n\n\n\n<h2 class=\"wp-block-heading\">Fundos de a\u00e7\u00f5es ter\u00e3o ano com retorno alto, estimam gestoras&nbsp;<\/h2>\n\n\n\n<p>Grande parte das gestoras acredita que o retorno esperado em 2024 ser\u00e1 bastante atrativo na renda vari\u00e1vel brasileira, beneficiando os<strong> fundos de a\u00e7\u00f5es<\/strong>. &#8220;A combina\u00e7\u00e3o de taxas de juros mais baixas tende a beneficiar as empresas dos setores que mais frequentemente est\u00e3o presentes na carteira dos fundos de a\u00e7\u00f5es&#8221;, diz a XP.&nbsp;<\/p>\n\n\n\n<p>&#8220;Esta perspectiva otimista se traduz na cren\u00e7a de que a<strong> ind\u00fastria de fundos<\/strong>, especialmente os fundos previdenci\u00e1rios, dever\u00e1 experimentar um crescimento not\u00e1vel em 2024&#8243;, acrescenta a XP.<\/p>\n\n\n\n<p>Neste contexto, um dos destaques \u00e9 o<strong> Suno Prev <\/strong>que foi desenvolvido para investidores que desejam construir uma reserva de <a class=\"suno-keyword\" data-force=\"no\" data-priority=\"1\" href=\"https:\/\/www.suno.com.br\/artigos\/longo-prazo\/\" target=\"_blank\" rel=\"noopener\">longo prazo<\/a> por meio do investimento em a\u00e7\u00f5es. A estrat\u00e9gia do <a class=\"suno-keyword\" data-force=\"no\" data-priority=\"1\" href=\"https:\/\/www.suno.com.br\/artigos\/fundo-previdencia\/\" target=\"_blank\" rel=\"noopener\">fundo de previd\u00eancia<\/a> privada \u00e9 se basear em carteiras recomendadas da casa de an\u00e1lises Suno Research. Thiago Villaschi, gerente de <a class=\"suno-keyword\" data-force=\"no\" data-priority=\"1\" href=\"https:\/\/www.suno.com.br\/artigos\/relacoes-com-investidores\/\" target=\"_blank\" rel=\"noopener\">rela\u00e7\u00f5es com investidores<\/a> da Suno, destaca que o Suno Prev replica a aloca\u00e7\u00e3o do <strong>Suno FIC FIA<\/strong>, com 70% do peso de cada a\u00e7\u00e3o.<\/p>\n\n\n\n<p>Sobre o <strong>Suno FIC FIA<\/strong>, <a class=\"suno-keyword\" data-force=\"no\" data-priority=\"1\" href=\"https:\/\/www.suno.com.br\/artigos\/fundo-de-acoes\/\" target=\"_blank\" rel=\"noopener\">fundo de a\u00e7\u00f5es<\/a> da Suno Asset, entregou uma performance not\u00e1vel durante o quarto trimestre de 2023, com ganho de 11,7%, al\u00e9m de ter somado 37% de alta em 2023, ante 22% do Ibovespa. Com isso, desde que o fundo nasceu, em meados de junho de 2022, a performance acumulada chega a 43%, ante 34% do \u00edndice no mesmo per\u00edodo.<\/p>\n\n\n\n<p>&#8220;O fundo j\u00e1 est\u00e1 100% locado, ent\u00e3o o investidor que est\u00e1 colocando dinheiro no fundo est\u00e1 comprando praticamente 100% a\u00e7\u00f5es em uma carteira bem diversificada. Portanto, diversificamos em v\u00e1rias frentes, mas tem que saber diversificar, ou seja, hoje a gente tem aqui basicamente 4 grandes caixinhas (Small Caps, Valor, Dividendos e Internacional), balanceando as empresas que se encaixam nesses grupos&#8221;, comenta Villaschi. <\/p>\n\n\n\n<p>Com Selic caindo, as Small Caps e as empresas de valor (com alto potencial de crescimento) devem se beneficiar. Conforme a casa, a performance do Suno FIC FIA reflete \u201co respeito pelos ditames da efetiva diversifica\u00e7\u00e3o de ativos selecionados com base nos preceitos do Value Investing, estrat\u00e9gia de longo prazo que tem em Warren Buffett e Charlie Munger dois grandes baluartes\u201d.<\/p>\n\n\n<div class=\"wp-block-image\">\n<figure class=\"aligncenter size-full\"><img loading=\"lazy\" decoding=\"async\" width=\"1024\" height=\"574\" src=\"https:\/\/files.sunoresearch.com.br\/n\/uploads\/2024\/01\/suno-fic-fia-1024x574-1.webp\" alt=\"Suno FIC FIA - Foto:Divulga\u00e7\u00e3o\" class=\"wp-image-518474\" srcset=\"https:\/\/files.sunoresearch.com.br\/n\/uploads\/2024\/01\/suno-fic-fia-1024x574-1.webp 1024w, https:\/\/files.sunoresearch.com.br\/n\/uploads\/2024\/01\/suno-fic-fia-1024x574-1-300x168.webp 300w, https:\/\/files.sunoresearch.com.br\/n\/uploads\/2024\/01\/suno-fic-fia-1024x574-1-768x431.webp 768w, https:\/\/files.sunoresearch.com.br\/n\/uploads\/2024\/01\/suno-fic-fia-1024x574-1-150x84.webp 150w\" sizes=\"(max-width: 1024px) 100vw, 1024px\" \/><figcaption class=\"wp-element-caption\">Suno FIC FIA &#8211; Foto: Divulga\u00e7\u00e3o<\/figcaption><\/figure><\/div>\n\n\n\t<div data-element=\"shortcode-read-more\" class=\"readToo\">\n\t\t\t\t<span class=\"readToo__title\">Leia mais<\/span>\n\t\t\t\t<ul class=\"readToo__list\">\n\t\t\t<li><a href=\"https:\/\/www.suno.com.br\/noticias\/fundos-gestores-otimista-2024-previdencia-principal-segmento-xp-va\/\">Fundos: gestores t\u00eam vis\u00e3o otimista para 2024, com previd\u00eancia como principal segmento, diz XP<\/a><\/li><li><a href=\"https:\/\/www.suno.com.br\/noticias\/previa-do-copom-taxa0selic-juros-gpj\/\">Copom deve confirmar redu\u00e7\u00e3o da Selic na primeira reuni\u00e3o do ano. Como ser\u00e1 o ritmo dos pr\u00f3ximos cortes?<\/a><\/li>\t\t<\/ul>\n\t<\/div>\n\n\n\n\n<h2 class=\"wp-block-heading\">Fundo global da Suno tamb\u00e9m bate indicador, o S&amp;P<\/h2>\n\n\n\n<p>No acumulado de 2023, o&nbsp;<a href=\"https:\/\/www.suno.com.br\/artigos\/fundo-de-acoes\/\" target=\"_blank\" rel=\"noreferrer noopener\">fundo de a\u00e7\u00f5es<\/a>&nbsp;global da Suno \u2013 o&nbsp;<strong>Suno Global Equities<\/strong>&nbsp;\u2013 tamb\u00e9m mostrou um desempenho que descolou para cima do seu \u00edndice de refer\u00eancia, o S&amp;P (em moeda local)<\/p>\n\n\n\n<p>A casa entregou 23% de performance em 2023, ante uma rentabilidade de 15% do S&amp;P. Desde o in\u00edcio do fundo, em meados de dezembro de 2022, a performance beira os 20%, ao passo que o&nbsp;<a href=\"https:\/\/www.suno.com.br\/artigos\/indice-de-acoes\/\" target=\"_blank\" rel=\"noreferrer noopener\">\u00edndice de a\u00e7\u00f5es<\/a>&nbsp;dos EUA apresentou 9% de rentabilidade na moeda local.<\/p>\n\n\n\n<h2 class=\"wp-block-heading\">Selic: Bradesco Asset revisa previs\u00e3o da taxa de juros para o fim do ano<\/h2>\n\n\n\n<p>A <strong>Bradesco Asset Management<\/strong> passou a projetar um ciclo cont\u00ednuo na redu\u00e7\u00e3o da Selic, ao inv\u00e9s de um ciclo em duas etapas, levando em conta a aproxima\u00e7\u00e3o do primeiro corte de juros nos Estados Unidos, previsto agora pela casa para junho e n\u00e3o mais novembro.<\/p>\n\n\n\n<p>A avalia\u00e7\u00e3o \u00e9 de que o movimento do Federal Reserve (Fed, o banco central americano) deve remover uma potencial restri\u00e7\u00e3o \u00e0 trajet\u00f3ria da <strong>Selic<\/strong>. Assim, a gestora do Bradesco ainda prev\u00ea redu\u00e7\u00e3o da Selic at\u00e9 a taxa terminal de 8,50%, por\u00e9m com esta taxa j\u00e1 sendo alcan\u00e7ada em novembro, quando, espera, o ciclo ser\u00e1 fechado pelo Banco Central (BC).<\/p>\n\n\n\n\t<div data-element=\"shortcode-read-more\" class=\"readToo\">\n\t\t\t\t<span class=\"readToo__title\">Leia mais<\/span>\n\t\t\t\t<ul class=\"readToo__list\">\n\t\t\t<li><a href=\"https:\/\/www.suno.com.br\/noticias\/status-invest-carteira-automatizada-dividendos-suno-research\/\">Status Invest lan\u00e7a carteira automatizada de dividendos com base nas recomenda\u00e7\u00f5es da Suno Research<\/a><\/li><li><a href=\"https:\/\/www.suno.com.br\/noticias\/fundos-acoes-xp-ano-atrativo-ibovespa-va\/\">Fundos de a\u00e7\u00f5es: XP v\u00ea\u00a0ano atrativo para renda vari\u00e1vel, com retorno acima do Ibovespa<\/a><\/li>\t\t<\/ul>\n\t<\/div>\n\n\n\n\t<p>\n\t\t<a href=\"https:\/\/lp.suno.com.br\/minicurso-investindo-fiis\/\" target=\"_blank\" data-element=\"shortcode-suno-banner\" title=\"Banner SUNO, clique e saiba mais\">\n\t\t\t<picture>\n\t\t\t\t<source media=\"(max-width: 500px)\" srcset=\"https:\/\/files.sunoresearch.com.br\/n\/uploads\/2023\/03\/400x300-Minicurso-FIIS.png\">\n\t\t\t\t<img class=\"newsContent__article__imgCapa newsContent__article__imgCapa--banner\"\n\t\t\t\t\tsrc=\"https:\/\/files.sunoresearch.com.br\/n\/uploads\/2023\/03\/1420x240-Minicurso-FIIS.png\"\n\t\t\t\t\tdata-promo-id=\"383125\"\t\t\t\t\t\t\t\t\t\twidth='1420' height='240'\t\t\t\t\talt=\"https:\/\/files.sunoresearch.com.br\/n\/uploads\/2023\/03\/1420x240-Minicurso-FIIS.png\"\n\t\t\t\t>\n\t\t\t<\/picture>\n\t\t<\/a>\n\t<\/p>\n\n\n","protected":false},"excerpt":{"rendered":"<p>A reuni\u00e3o do Comit\u00ea de Pol\u00edtica Monet\u00e1ria (Copom), do Banco Central (BC), iniciada nesta quarta-feira (31), deve confirmar mais um corte de 0,5 ponto percentual da taxa de juros, a Selic, de acordo com a estimativa da maior parte das institui\u00e7\u00f5es financeiras. A redu\u00e7\u00e3o da Selic vasi impulsionar a alta dos ativos de renda vari\u00e1veis [&hellip;]<\/p>\n","protected":false},"author":301,"featured_media":518465,"comment_status":"closed","ping_status":"closed","sticky":false,"template":"","format":"standard","meta":[],"categories":[60],"tags":[286,1545,315,105966,290],"suno_strategy":[],"class_list":["post-518451","post","type-post","status-publish","format-standard","has-post-thumbnail","hentry","category-mercado","tag-acoes","tag-fundos-de-acoes","tag-fundos-imobiliarios-fiis","tag-suno-asset","tag-taxa-selic"],"yoast_head":"<!-- This site is optimized with the Yoast SEO plugin v24.4 - https:\/\/yoast.com\/wordpress\/plugins\/seo\/ -->\n<title>Selic em queda: FIIs de tijolo e a\u00e7\u00f5es devem ganham atratividade<\/title>\n<meta name=\"description\" content=\"A redu\u00e7\u00e3o da Selic deve impulsionar a alta dos ativos de renda vari\u00e1veis e dos desempenhos de fundos imobili\u00e1rios (FIIs).\" \/>\n<meta name=\"robots\" content=\"index, follow, max-snippet:-1, max-image-preview:large, max-video-preview:-1\" \/>\n<link rel=\"canonical\" href=\"https:\/\/www.suno.com.br\/noticias\/selic-fiis-tijolo-acoes-atratividade-va\/\" \/>\n<meta property=\"og:locale\" content=\"pt_BR\" \/>\n<meta property=\"og:type\" content=\"article\" \/>\n<meta property=\"og:title\" content=\"Selic em queda: FIIs de tijolo e a\u00e7\u00f5es devem ganham atratividade\" \/>\n<meta property=\"og:description\" content=\"A redu\u00e7\u00e3o da Selic deve impulsionar a alta dos ativos de renda vari\u00e1veis e dos desempenhos de fundos imobili\u00e1rios (FIIs).\" \/>\n<meta property=\"og:url\" content=\"https:\/\/www.suno.com.br\/noticias\/selic-fiis-tijolo-acoes-atratividade-va\/\" \/>\n<meta property=\"og:site_name\" content=\"Suno Not\u00edcias\" \/>\n<meta property=\"article:publisher\" content=\"https:\/\/facebook.com\/sunoresearch\" \/>\n<meta property=\"og:image\" content=\"https:\/\/files.sunoresearch.com.br\/n\/uploads\/2024\/01\/austin-distel-DfjJMVhwH_8-unsplash-scaled.jpg\" \/>\n\t<meta property=\"og:image:width\" content=\"2560\" \/>\n\t<meta property=\"og:image:height\" content=\"1712\" \/>\n\t<meta property=\"og:image:type\" content=\"image\/jpeg\" \/>\n<meta name=\"author\" content=\"Vin\u00edcius Alves\" \/>\n<meta name=\"twitter:card\" content=\"summary_large_image\" \/>\n<meta name=\"twitter:creator\" content=\"@sunoresearch\" \/>\n<meta name=\"twitter:site\" content=\"@sunoresearch\" \/>\n<meta name=\"twitter:label1\" content=\"Escrito por\" \/>\n\t<meta name=\"twitter:data1\" content=\"Vin\u00edcius Alves\" \/>\n\t<meta name=\"twitter:label2\" content=\"Est. tempo de leitura\" \/>\n\t<meta name=\"twitter:data2\" content=\"8 minutos\" \/>\n<script type=\"application\/ld+json\" class=\"yoast-schema-graph\">{\"@context\":\"https:\/\/schema.org\",\"@graph\":[{\"@type\":\"NewsArticle\",\"@id\":\"https:\/\/www.suno.com.br\/noticias\/selic-fiis-tijolo-acoes-atratividade-va\/#article\",\"isPartOf\":{\"@id\":\"https:\/\/www.suno.com.br\/noticias\/selic-fiis-tijolo-acoes-atratividade-va\/\"},\"author\":{\"name\":\"Vin\u00edcius Alves\",\"@id\":\"https:\/\/www.suno.com.br\/noticias\/#\/schema\/person\/4a180549702d0e236b3e420862bcded3\"},\"headline\":\"Selic em queda: FIIs de tijolo, fundos de energia e de a\u00e7\u00f5es v\u00e3o ficar ainda mais atrativos com novo corte, preveem analistas\",\"datePublished\":\"2024-01-31T20:34:17+00:00\",\"dateModified\":\"2024-02-01T13:13:11+00:00\",\"mainEntityOfPage\":{\"@id\":\"https:\/\/www.suno.com.br\/noticias\/selic-fiis-tijolo-acoes-atratividade-va\/\"},\"wordCount\":1398,\"publisher\":{\"@id\":\"https:\/\/www.suno.com.br\/noticias\/#organization\"},\"image\":{\"@id\":\"https:\/\/www.suno.com.br\/noticias\/selic-fiis-tijolo-acoes-atratividade-va\/#primaryimage\"},\"thumbnailUrl\":\"https:\/\/files.sunoresearch.com.br\/n\/uploads\/2024\/01\/austin-distel-DfjJMVhwH_8-unsplash-scaled.jpg\",\"keywords\":[\"A\u00e7\u00f5es\",\"Fundos de a\u00e7\u00f5es\",\"Fundos Imobili\u00e1rios (FIIs)\",\"Suno Asset\",\"Taxa Selic\"],\"articleSection\":[\"Mercado\"],\"inLanguage\":\"pt-BR\"},{\"@type\":\"WebPage\",\"@id\":\"https:\/\/www.suno.com.br\/noticias\/selic-fiis-tijolo-acoes-atratividade-va\/\",\"url\":\"https:\/\/www.suno.com.br\/noticias\/selic-fiis-tijolo-acoes-atratividade-va\/\",\"name\":\"Selic em queda: FIIs de tijolo e a\u00e7\u00f5es devem ganham atratividade\",\"isPartOf\":{\"@id\":\"https:\/\/www.suno.com.br\/noticias\/#website\"},\"primaryImageOfPage\":{\"@id\":\"https:\/\/www.suno.com.br\/noticias\/selic-fiis-tijolo-acoes-atratividade-va\/#primaryimage\"},\"image\":{\"@id\":\"https:\/\/www.suno.com.br\/noticias\/selic-fiis-tijolo-acoes-atratividade-va\/#primaryimage\"},\"thumbnailUrl\":\"https:\/\/files.sunoresearch.com.br\/n\/uploads\/2024\/01\/austin-distel-DfjJMVhwH_8-unsplash-scaled.jpg\",\"datePublished\":\"2024-01-31T20:34:17+00:00\",\"dateModified\":\"2024-02-01T13:13:11+00:00\",\"description\":\"A redu\u00e7\u00e3o da Selic deve impulsionar a alta dos ativos de renda vari\u00e1veis e dos desempenhos de fundos imobili\u00e1rios (FIIs).\",\"breadcrumb\":{\"@id\":\"https:\/\/www.suno.com.br\/noticias\/selic-fiis-tijolo-acoes-atratividade-va\/#breadcrumb\"},\"inLanguage\":\"pt-BR\",\"potentialAction\":[{\"@type\":\"ReadAction\",\"target\":[\"https:\/\/www.suno.com.br\/noticias\/selic-fiis-tijolo-acoes-atratividade-va\/\"]}]},{\"@type\":\"ImageObject\",\"inLanguage\":\"pt-BR\",\"@id\":\"https:\/\/www.suno.com.br\/noticias\/selic-fiis-tijolo-acoes-atratividade-va\/#primaryimage\",\"url\":\"https:\/\/files.sunoresearch.com.br\/n\/uploads\/2024\/01\/austin-distel-DfjJMVhwH_8-unsplash-scaled.jpg\",\"contentUrl\":\"https:\/\/files.sunoresearch.com.br\/n\/uploads\/2024\/01\/austin-distel-DfjJMVhwH_8-unsplash-scaled.jpg\",\"width\":2560,\"height\":1712,\"caption\":\"Selic em queda: FIIs de tijolo e a\u00e7\u00f5es devem ganham atratividade. Foto:Unsplash\"},{\"@type\":\"BreadcrumbList\",\"@id\":\"https:\/\/www.suno.com.br\/noticias\/selic-fiis-tijolo-acoes-atratividade-va\/#breadcrumb\",\"itemListElement\":[{\"@type\":\"ListItem\",\"position\":1,\"name\":\"Not\u00edcias\",\"item\":\"https:\/\/www.suno.com.br\/noticias\/\"},{\"@type\":\"ListItem\",\"position\":2,\"name\":\"Mercado\",\"item\":\"https:\/\/www.suno.com.br\/noticias\/mercado\/\"},{\"@type\":\"ListItem\",\"position\":3,\"name\":\"Selic em queda: FIIs de tijolo, fundos de energia e de a\u00e7\u00f5es v\u00e3o ficar ainda mais atrativos com novo corte, preveem analistas\"}]},{\"@type\":\"WebSite\",\"@id\":\"https:\/\/www.suno.com.br\/noticias\/#website\",\"url\":\"https:\/\/www.suno.com.br\/noticias\/\",\"name\":\"Suno Not\u00edcias\",\"description\":\"Seu portal de informa\u00e7\u00e3o sobre o mundo dos investimentos\",\"publisher\":{\"@id\":\"https:\/\/www.suno.com.br\/noticias\/#organization\"},\"potentialAction\":[{\"@type\":\"SearchAction\",\"target\":{\"@type\":\"EntryPoint\",\"urlTemplate\":\"https:\/\/www.suno.com.br\/noticias\/?s={search_term_string}\"},\"query-input\":{\"@type\":\"PropertyValueSpecification\",\"valueRequired\":true,\"valueName\":\"search_term_string\"}}],\"inLanguage\":\"pt-BR\"},{\"@type\":\"Organization\",\"@id\":\"https:\/\/www.suno.com.br\/noticias\/#organization\",\"name\":\"Suno Not\u00edcias\",\"url\":\"https:\/\/www.suno.com.br\/noticias\/\",\"logo\":{\"@type\":\"ImageObject\",\"inLanguage\":\"pt-BR\",\"@id\":\"https:\/\/www.suno.com.br\/noticias\/#\/schema\/logo\/image\/\",\"url\":\"https:\/\/files.sunoresearch.com.br\/n\/uploads\/2021\/09\/suno-logo.png\",\"contentUrl\":\"https:\/\/files.sunoresearch.com.br\/n\/uploads\/2021\/09\/suno-logo.png\",\"width\":180,\"height\":180,\"caption\":\"Suno Not\u00edcias\"},\"image\":{\"@id\":\"https:\/\/www.suno.com.br\/noticias\/#\/schema\/logo\/image\/\"},\"sameAs\":[\"https:\/\/facebook.com\/sunoresearch\",\"https:\/\/x.com\/sunoresearch\",\"https:\/\/www.instagram.com\/suno\",\"https:\/\/www.linkedin.com\/company\/suno-research\/\",\"https:\/\/www.youtube.com\/c\/sunoresearch\"]},{\"@type\":\"Person\",\"@id\":\"https:\/\/www.suno.com.br\/noticias\/#\/schema\/person\/4a180549702d0e236b3e420862bcded3\",\"name\":\"Vin\u00edcius Alves\",\"image\":{\"@type\":\"ImageObject\",\"inLanguage\":\"pt-BR\",\"@id\":\"https:\/\/www.suno.com.br\/noticias\/#\/schema\/person\/image\/\",\"url\":\"https:\/\/secure.gravatar.com\/avatar\/a95b7fe6d1b813f7907d4f476d5a39e1?s=96&r=g\",\"contentUrl\":\"https:\/\/secure.gravatar.com\/avatar\/a95b7fe6d1b813f7907d4f476d5a39e1?s=96&r=g\",\"caption\":\"Vin\u00edcius Alves\"},\"description\":\"Jornalista formado na Faculdade C\u00e1sper L\u00edbero. Com passagens pela Ag\u00eancia Estado, InfoMoney e Editora Globo.\",\"url\":\"https:\/\/www.suno.com.br\/noticias\/author\/vini08correiagmail-com\/\"}]}<\/script>\n<!-- \/ Yoast SEO plugin. -->","yoast_head_json":{"title":"Selic em queda: FIIs de tijolo e a\u00e7\u00f5es devem ganham atratividade","description":"A redu\u00e7\u00e3o da Selic deve impulsionar a alta dos ativos de renda vari\u00e1veis e dos desempenhos de fundos imobili\u00e1rios (FIIs).","robots":{"index":"index","follow":"follow","max-snippet":"max-snippet:-1","max-image-preview":"max-image-preview:large","max-video-preview":"max-video-preview:-1"},"canonical":"https:\/\/www.suno.com.br\/noticias\/selic-fiis-tijolo-acoes-atratividade-va\/","og_locale":"pt_BR","og_type":"article","og_title":"Selic em queda: FIIs de tijolo e a\u00e7\u00f5es devem ganham atratividade","og_description":"A redu\u00e7\u00e3o da Selic deve impulsionar a alta dos ativos de renda vari\u00e1veis e dos desempenhos de fundos imobili\u00e1rios (FIIs).","og_url":"https:\/\/www.suno.com.br\/noticias\/selic-fiis-tijolo-acoes-atratividade-va\/","og_site_name":"Suno Not\u00edcias","article_publisher":"https:\/\/facebook.com\/sunoresearch","og_image":[{"width":2560,"height":1712,"url":"https:\/\/files.sunoresearch.com.br\/n\/uploads\/2024\/01\/austin-distel-DfjJMVhwH_8-unsplash-scaled.jpg","type":"image\/jpeg"}],"author":"Vin\u00edcius Alves","twitter_card":"summary_large_image","twitter_creator":"@sunoresearch","twitter_site":"@sunoresearch","twitter_misc":{"Escrito por":"Vin\u00edcius Alves","Est. tempo de leitura":"8 minutos"},"schema":{"@context":"https:\/\/schema.org","@graph":[{"@type":"NewsArticle","@id":"https:\/\/www.suno.com.br\/noticias\/selic-fiis-tijolo-acoes-atratividade-va\/#article","isPartOf":{"@id":"https:\/\/www.suno.com.br\/noticias\/selic-fiis-tijolo-acoes-atratividade-va\/"},"author":{"name":"Vin\u00edcius Alves","@id":"https:\/\/www.suno.com.br\/noticias\/#\/schema\/person\/4a180549702d0e236b3e420862bcded3"},"headline":"Selic em queda: FIIs de tijolo, fundos de energia e de a\u00e7\u00f5es v\u00e3o ficar ainda mais atrativos com novo corte, preveem analistas","datePublished":"2024-01-31T20:34:17+00:00","dateModified":"2024-02-01T13:13:11+00:00","mainEntityOfPage":{"@id":"https:\/\/www.suno.com.br\/noticias\/selic-fiis-tijolo-acoes-atratividade-va\/"},"wordCount":1398,"publisher":{"@id":"https:\/\/www.suno.com.br\/noticias\/#organization"},"image":{"@id":"https:\/\/www.suno.com.br\/noticias\/selic-fiis-tijolo-acoes-atratividade-va\/#primaryimage"},"thumbnailUrl":"https:\/\/files.sunoresearch.com.br\/n\/uploads\/2024\/01\/austin-distel-DfjJMVhwH_8-unsplash-scaled.jpg","keywords":["A\u00e7\u00f5es","Fundos de a\u00e7\u00f5es","Fundos Imobili\u00e1rios (FIIs)","Suno Asset","Taxa Selic"],"articleSection":["Mercado"],"inLanguage":"pt-BR"},{"@type":"WebPage","@id":"https:\/\/www.suno.com.br\/noticias\/selic-fiis-tijolo-acoes-atratividade-va\/","url":"https:\/\/www.suno.com.br\/noticias\/selic-fiis-tijolo-acoes-atratividade-va\/","name":"Selic em queda: FIIs de tijolo e a\u00e7\u00f5es devem ganham atratividade","isPartOf":{"@id":"https:\/\/www.suno.com.br\/noticias\/#website"},"primaryImageOfPage":{"@id":"https:\/\/www.suno.com.br\/noticias\/selic-fiis-tijolo-acoes-atratividade-va\/#primaryimage"},"image":{"@id":"https:\/\/www.suno.com.br\/noticias\/selic-fiis-tijolo-acoes-atratividade-va\/#primaryimage"},"thumbnailUrl":"https:\/\/files.sunoresearch.com.br\/n\/uploads\/2024\/01\/austin-distel-DfjJMVhwH_8-unsplash-scaled.jpg","datePublished":"2024-01-31T20:34:17+00:00","dateModified":"2024-02-01T13:13:11+00:00","description":"A redu\u00e7\u00e3o da Selic deve impulsionar a alta dos ativos de renda vari\u00e1veis e dos desempenhos de fundos imobili\u00e1rios (FIIs).","breadcrumb":{"@id":"https:\/\/www.suno.com.br\/noticias\/selic-fiis-tijolo-acoes-atratividade-va\/#breadcrumb"},"inLanguage":"pt-BR","potentialAction":[{"@type":"ReadAction","target":["https:\/\/www.suno.com.br\/noticias\/selic-fiis-tijolo-acoes-atratividade-va\/"]}]},{"@type":"ImageObject","inLanguage":"pt-BR","@id":"https:\/\/www.suno.com.br\/noticias\/selic-fiis-tijolo-acoes-atratividade-va\/#primaryimage","url":"https:\/\/files.sunoresearch.com.br\/n\/uploads\/2024\/01\/austin-distel-DfjJMVhwH_8-unsplash-scaled.jpg","contentUrl":"https:\/\/files.sunoresearch.com.br\/n\/uploads\/2024\/01\/austin-distel-DfjJMVhwH_8-unsplash-scaled.jpg","width":2560,"height":1712,"caption":"Selic em queda: FIIs de tijolo e a\u00e7\u00f5es devem ganham atratividade. Foto:Unsplash"},{"@type":"BreadcrumbList","@id":"https:\/\/www.suno.com.br\/noticias\/selic-fiis-tijolo-acoes-atratividade-va\/#breadcrumb","itemListElement":[{"@type":"ListItem","position":1,"name":"Not\u00edcias","item":"https:\/\/www.suno.com.br\/noticias\/"},{"@type":"ListItem","position":2,"name":"Mercado","item":"https:\/\/www.suno.com.br\/noticias\/mercado\/"},{"@type":"ListItem","position":3,"name":"Selic em queda: FIIs de tijolo, fundos de energia e de a\u00e7\u00f5es v\u00e3o ficar ainda mais atrativos com novo corte, preveem analistas"}]},{"@type":"WebSite","@id":"https:\/\/www.suno.com.br\/noticias\/#website","url":"https:\/\/www.suno.com.br\/noticias\/","name":"Suno Not\u00edcias","description":"Seu portal de informa\u00e7\u00e3o sobre o mundo dos investimentos","publisher":{"@id":"https:\/\/www.suno.com.br\/noticias\/#organization"},"potentialAction":[{"@type":"SearchAction","target":{"@type":"EntryPoint","urlTemplate":"https:\/\/www.suno.com.br\/noticias\/?s={search_term_string}"},"query-input":{"@type":"PropertyValueSpecification","valueRequired":true,"valueName":"search_term_string"}}],"inLanguage":"pt-BR"},{"@type":"Organization","@id":"https:\/\/www.suno.com.br\/noticias\/#organization","name":"Suno Not\u00edcias","url":"https:\/\/www.suno.com.br\/noticias\/","logo":{"@type":"ImageObject","inLanguage":"pt-BR","@id":"https:\/\/www.suno.com.br\/noticias\/#\/schema\/logo\/image\/","url":"https:\/\/files.sunoresearch.com.br\/n\/uploads\/2021\/09\/suno-logo.png","contentUrl":"https:\/\/files.sunoresearch.com.br\/n\/uploads\/2021\/09\/suno-logo.png","width":180,"height":180,"caption":"Suno Not\u00edcias"},"image":{"@id":"https:\/\/www.suno.com.br\/noticias\/#\/schema\/logo\/image\/"},"sameAs":["https:\/\/facebook.com\/sunoresearch","https:\/\/x.com\/sunoresearch","https:\/\/www.instagram.com\/suno","https:\/\/www.linkedin.com\/company\/suno-research\/","https:\/\/www.youtube.com\/c\/sunoresearch"]},{"@type":"Person","@id":"https:\/\/www.suno.com.br\/noticias\/#\/schema\/person\/4a180549702d0e236b3e420862bcded3","name":"Vin\u00edcius Alves","image":{"@type":"ImageObject","inLanguage":"pt-BR","@id":"https:\/\/www.suno.com.br\/noticias\/#\/schema\/person\/image\/","url":"https:\/\/secure.gravatar.com\/avatar\/a95b7fe6d1b813f7907d4f476d5a39e1?s=96&r=g","contentUrl":"https:\/\/secure.gravatar.com\/avatar\/a95b7fe6d1b813f7907d4f476d5a39e1?s=96&r=g","caption":"Vin\u00edcius Alves"},"description":"Jornalista formado na Faculdade C\u00e1sper L\u00edbero. Com passagens pela Ag\u00eancia Estado, InfoMoney e Editora Globo.","url":"https:\/\/www.suno.com.br\/noticias\/author\/vini08correiagmail-com\/"}]}},"default_loop_html":"<div class=\"cardsPage__listCard__boxs\"><div class=\"cardsPage__listCard__boxs__img\"><a href=\"https:\/\/www.suno.com.br\/noticias\/selic-fiis-tijolo-acoes-atratividade-va\/\"><img class=\"mask\" src=\"https:\/\/www.suno.com.br\/noticias\/wp-content\/themes\/suno\/resources\/images\/spotlight\/spotlight1img\/bg-mask.png\" alt=\"Image Mask\"\/><img src=\"https:\/\/files.sunoresearch.com.br\/n\/uploads\/2024\/01\/austin-distel-DfjJMVhwH_8-unsplash-400x200.jpg\" alt=\"Selic em queda: FIIs de tijolo, fundos de energia e  de a\u00e7\u00f5es v\u00e3o ficar ainda mais atrativos com novo corte, preveem analistas\"\/><\/a><span class=\"spotlightCategory\"><a href=\"https:\/\/www.suno.com.br\/noticias\/mercado\/\">Mercado<\/a><\/span><\/div><div class=\"cardsPage__listCard__boxs__content\"><a href=\"https:\/\/www.suno.com.br\/noticias\/selic-fiis-tijolo-acoes-atratividade-va\/\"><h2 class=\"content__title\">Selic em queda: FIIs de tijolo, fundos de energia e  de a\u00e7\u00f5es v\u00e3o ficar ainda mais atrativos com novo corte, preveem analistas<\/h2><\/a><div class=\"newsContent__article__meta\"><div class=\"newsContent__article__meta__authorBox\"><a href=\"https:\/\/www.suno.com.br\/noticias\/author\/vini08correiagmail-com\/\" class=\"authorBox__avatar noMobi\"><img src=\"https:\/\/files.sunoresearch.com.br\/n\/uploads\/2026\/04\/WhatsApp-Image-2026-04-20-at-19.35.48-150x150.webp\" alt=\"Vin\u00edcius Alves\"><\/a><div class=\"authorBox__name\"><span>por\n\t\t\t<a href=\"https:\/\/www.suno.com.br\/noticias\/author\/vini08correiagmail-com\/\"><span itemprop=\"author\">Vin\u00edcius Alves<\/span><\/a><\/span><time datetime=\"2024-01-31T17:34:17-03:00\" itemprop=\"datePublished\">31\/01\/2024 17:34<\/time><\/div><\/div><\/div><\/div><\/div>","single_layout":"posts","amp_enabled":true,"_links":{"self":[{"href":"https:\/\/www.suno.com.br\/noticias\/wp-json\/wp\/v2\/posts\/518451"}],"collection":[{"href":"https:\/\/www.suno.com.br\/noticias\/wp-json\/wp\/v2\/posts"}],"about":[{"href":"https:\/\/www.suno.com.br\/noticias\/wp-json\/wp\/v2\/types\/post"}],"author":[{"embeddable":true,"href":"https:\/\/www.suno.com.br\/noticias\/wp-json\/wp\/v2\/users\/301"}],"replies":[{"embeddable":true,"href":"https:\/\/www.suno.com.br\/noticias\/wp-json\/wp\/v2\/comments?post=518451"}],"version-history":[{"count":2,"href":"https:\/\/www.suno.com.br\/noticias\/wp-json\/wp\/v2\/posts\/518451\/revisions"}],"predecessor-version":[{"id":518878,"href":"https:\/\/www.suno.com.br\/noticias\/wp-json\/wp\/v2\/posts\/518451\/revisions\/518878"}],"wp:featuredmedia":[{"embeddable":true,"href":"https:\/\/www.suno.com.br\/noticias\/wp-json\/wp\/v2\/media\/518465"}],"wp:attachment":[{"href":"https:\/\/www.suno.com.br\/noticias\/wp-json\/wp\/v2\/media?parent=518451"}],"wp:term":[{"taxonomy":"category","embeddable":true,"href":"https:\/\/www.suno.com.br\/noticias\/wp-json\/wp\/v2\/categories?post=518451"},{"taxonomy":"post_tag","embeddable":true,"href":"https:\/\/www.suno.com.br\/noticias\/wp-json\/wp\/v2\/tags?post=518451"},{"taxonomy":"suno_strategy","embeddable":true,"href":"https:\/\/www.suno.com.br\/noticias\/wp-json\/wp\/v2\/suno_strategy?post=518451"}],"curies":[{"name":"wp","href":"https:\/\/api.w.org\/{rel}","templated":true}]}}