{"id":518441,"date":"2024-02-01T09:07:18","date_gmt":"2024-02-01T12:07:18","guid":{"rendered":"https:\/\/www.suno.com.br\/noticias\/?p=518441"},"modified":"2024-02-01T09:07:27","modified_gmt":"2024-02-01T12:07:27","slug":"magazine-luiza-mglu3-aumento-capital-analise-gss","status":"publish","type":"post","link":"https:\/\/www.suno.com.br\/noticias\/magazine-luiza-mglu3-aumento-capital-analise-gss\/","title":{"rendered":"Magazine Luiza (MGLU3): analistas veem aumento de capital como positivo, mas cen\u00e1rio macroecon\u00f4mico ainda envolve riscos"},"content":{"rendered":"<p>Na noite do \u00faltimo domingo (28), o <strong>Magazine Luiza<\/strong> (MGLU3) informou que far\u00e1 um <a href=\"https:\/\/www.suno.com.br\/noticias\/magazine-luiza-mglu3-aumento-capital-gpj\/\">aumento de capital no valor de at\u00e9 R$ 1,25 bilh\u00e3o<\/a>, em uma opera\u00e7\u00e3o que envolve a fam\u00edlia Trajano &#8211; controladora da varejista &#8211; e o <a class=\"suno-keyword\" target=\"_blank\" data-force=\"yes\" data-priority=\"2\" href=\"https:\/\/www.suno.com.br\/acoes\/BPAC11\/\" rel=\"noopener\">BTG Pactual (BPAC11)<\/a>. A not\u00edcia repercutiu no papel, que esteve entre os maiores ganhos desta quarta-feira (31). Mas como os analistas est\u00e3o enxergando esse movimento?<\/p>\t<div class=\"wrapper-featured-image\">\n\t\t<figure class=\"spotlightImg\">\n\n\t\t\t<picture>\n\t\t\t\t<source media=\"(max-width: 768px)\" srcset=\"https:\/\/files.sunoresearch.com.br\/n\/uploads\/2023\/05\/magazine-luiza-400x200.jpg\">\n\t\t\t\t<img loading=\"lazy\" decoding=\"async\" class=\"newsContent__article__imgCapa lazyloadDisabled \" src=\"https:\/\/files.sunoresearch.com.br\/n\/uploads\/2023\/05\/magazine-luiza-800x450.jpg\" width=\"800\" height=\"450\" alt=\"Magazine Luiza (MGLU3): analistas veem aumento de capital como positivo, mas cen\u00e1rio macroecon\u00f4mico ainda envolve riscos\" fetchpriority=high \/>\n\t\t\t<\/picture>\n\n\t\t\t<figcaption class=\"wp-caption-text wp-caption-text--show\">Magazine Luiza (MGLU3). Foto: iStock<\/figcaption>\n\t\t<\/figure>\n\t<\/div>\n\n\n\n\n\n\n\n\t<p>\n\t\t<a href=\"https:\/\/lp.suno.com.br\/planilha-da-vida-financeira\/\" target=\"_blank\" data-element=\"shortcode-suno-banner\" title=\"Banner SUNO, clique e saiba mais\">\n\t\t\t<picture>\n\t\t\t\t<source media=\"(max-width: 500px)\" srcset=\"https:\/\/files.sunoresearch.com.br\/n\/uploads\/2023\/04\/400x300-Planilha-vida-financeira-true.png\">\n\t\t\t\t<img class=\"newsContent__article__imgCapa newsContent__article__imgCapa--banner\"\n\t\t\t\t\tsrc=\"https:\/\/files.sunoresearch.com.br\/n\/uploads\/2023\/04\/1420x240-Planilha-vida-financeira-true.png\"\n\t\t\t\t\tdata-promo-id=\"106682\"\t\t\t\t\t\t\t\t\t\twidth='1420' height='240'\t\t\t\t\talt=\"https:\/\/files.sunoresearch.com.br\/n\/uploads\/2023\/04\/1420x240-Planilha-vida-financeira-true.png\"\n\t\t\t\t>\n\t\t\t<\/picture>\n\t\t<\/a>\n\t<\/p>\n\n\n\n\n\n<p>Ap\u00f3s o an\u00fancio do <strong>aumento de capital do Magazine Luiza<\/strong>, diversas casas de an\u00e1lise emitiram suas opini\u00f5es sobre o assunto. A maioria delas enxerga o movimento como positivo. A opera\u00e7\u00e3o, no entanto, n\u00e3o \u00e9 livre de riscos, e o principal empecilho citado pelos especialistas \u00e9 o cen\u00e1rio macroecon\u00f4mico ainda incerto no Brasil.<\/p>\n\n\n\n<p>Confira a seguir alguns dos pontos positivos e negativos do <strong>aumento de capital do Magalu<\/strong>, de acordo com analistas:<\/p>\n\n\n\n<h2 class=\"wp-block-heading\">Protagonismo do acionista controlador<\/h2>\n\n\n\n<p>De acordo com o comunicado do Magazine Luiza, a <strong>fam\u00edlia Trajano<\/strong> &#8211; controladora da empresa &#8211; entrar\u00e1 com R$ 1 bilh\u00e3o na opera\u00e7\u00e3o, enquanto o <strong>BTG Pactual<\/strong> ser\u00e1 respons\u00e1vel pelos R$ 250 milh\u00f5es restantes. <\/p>\n\n\n\n<p>O BTG se comprometeu a financiar integralmente a parcela a ser obtida pela holding da fam\u00edlia Trajano, o que deve acontecer por meio de uma opera\u00e7\u00e3o de troca de resultados de fluxos futuros.<\/p>\n\n\n\n<p>Assim, a holding contratou com o BTG uma opera\u00e7\u00e3o de cr\u00e9dito lastreada nas a\u00e7\u00f5es da empresa. Nela, o banco fornece recursos de um lado e compra as <strong>a\u00e7\u00f5es do Magalu<\/strong> de outro, em troca de receber uma remunera\u00e7\u00e3o igual ao CDI mais um percentual ao ano por um per\u00edodo de 30 meses. Caso nenhum acionista minorit\u00e1rio siga a opera\u00e7\u00e3o, a holding da fam\u00edlia aumentar\u00e1 a sua posi\u00e7\u00e3o de 56% para 58% na empresa.<\/p>\n\n\n\n<p>\u201cSe os acionistas minorit\u00e1rios n\u00e3o subscreverem as parcelas &#8211; parte proporcional deles &#8211; o controlador se compromete a subscrever R$ 1 bilh\u00e3o, o que vai representar um aumento da participa\u00e7\u00e3o do controlador na companhia e uma dilui\u00e7\u00e3o dos minorit\u00e1rios. Ent\u00e3o temos uma expectativa positiva, j\u00e1 que mostra que o controlador est\u00e1 querendo comprar mais a\u00e7\u00f5es ao inv\u00e9s de deixar ser dilu\u00eddo nesse <a class=\"suno-keyword\" target=\"_blank\" data-force=\"no\" data-priority=\"1\" href=\"https:\/\/www.suno.com.br\/artigos\/aumento-capital\/\" rel=\"noopener\">aumento de capital<\/a>\u201d, completa o analista CNPI Leonardo Piovesan.<\/p>\n\n\n\n<p>O Goldman Sachs diz ver um \u201cm\u00e9rito estrat\u00e9gico\u201d na transa\u00e7\u00e3o, que deve garantir \u00e0 empresa uma maior flexibilidade financeira. Al\u00e9m disso, a casa tamb\u00e9m destaca o fato de os acionistas controladores terem garantido a maior parte do aumento de capital.<\/p>\n\n\n\n<p>\u201cDestacamos tamb\u00e9m que a transa\u00e7\u00e3o proposta poder\u00e1 reduzir a preocupa\u00e7\u00e3o dos investidores quanto \u00e0 possibilidade de uma oferta subsequente pesar no pre\u00e7o das a\u00e7\u00f5es. Al\u00e9m disso, vemos m\u00e9rito no fato dos acionistas controladores terem garantido grande parte do aumento de capital (at\u00e9 80% da coloca\u00e7\u00e3o), pois demonstra sua confian\u00e7a na estrat\u00e9gia tra\u00e7ada\u201d, avaliaram os analistas Irma Sgarz, Felipe Rached e Gustavo Fratini.<\/p>\n\n\n\n<p>O Goldman Sachs tem recomenda\u00e7\u00e3o neutra para as <strong>a\u00e7\u00f5es do Magazine Luiza<\/strong> (<strong>MGLU3<\/strong>), com pre\u00e7o-alvo de R$ 2,40.<\/p>\n\n\n\t<div data-element=\"shortcode-read-more\" class=\"knowMore\">\n\t\t\t\t<span class=\"knowMore__title\">Leia mais<\/span>\n\t\t\t\t<a class=\"knowMore__link\" href=\"https:\/\/www.suno.com.br\/noticias\/magazine-luiza-mglu3-capitalizacao-fatia-btg-gpj\/\">\n\t\t\tMagazine Luiza (MGLU3): se minorit\u00e1rios n\u00e3o seguirem capitaliza\u00e7\u00e3o, BTG ter\u00e1 1,8% da rede, diz jornal\t\t<\/a>\n\t<\/div>\n\n\n\n\n<h2 class=\"wp-block-heading\">Melhora na estrutura de capital<\/h2>\n\n\n\n<p>Um poss\u00edvel avan\u00e7o na <strong>estrutura de capital do Magazine Luiza<\/strong> ap\u00f3s o aumento de capital \u00e9 um dos pontos mais citados pelos analistas, a exemplo de Diego Faust, operador de <a class=\"suno-keyword\" target=\"_blank\" data-force=\"no\" data-priority=\"2\" href=\"https:\/\/www.suno.com.br\/artigos\/renda-variavel-7-dicas\/\" rel=\"noopener\">renda vari\u00e1vel<\/a> da Manchester Investimentos.<\/p>\n\n\n\n<p>\u201c\u00c9 fato que o aumento de capital d\u00e1 um certo f\u00f4lego para a empresa n\u00e3o consumir caixa e conseguir, nesse ciclo de queda de CDI, girar a d\u00edvida de <a class=\"suno-keyword\" target=\"_blank\" data-force=\"no\" data-priority=\"1\" href=\"https:\/\/www.suno.com.br\/artigos\/curto-prazo\/\" rel=\"noopener\">curto prazo<\/a> com essa entrada de recursos&#8221;, afirma.<\/p>\n\n\n\n<p>Nessa linha, o <strong>JP Morgan<\/strong> acredita que o movimento pode aumentar em 37% o lucro por <strong>a\u00e7\u00e3o do Magalu<\/strong> <strong>em 2024<\/strong> e em aproximadamente 4% ao longo de 2025. A melhora na estrutura de capital, segundo a casa, deve ser traduzida sobretudo na alavancagem, que deve cair de 6,3x para 5,7x.<\/p>\n\n\n\n<p>O banco destaca que esse \u00e9 um n\u00edvel ainda alto de <strong>alavancagem do Magazine Luiza<\/strong>, mas a acelera\u00e7\u00e3o de investimentos prometida pela varejista tende a impactar positivamente alguns importantes pilares da gera\u00e7\u00e3o de valor, como marketplace, an\u00fancios e armazenamento em nuvem. A recomenda\u00e7\u00e3o \u00e9 neutra.<\/p>\n\n\n\n<p>O <strong>Citi<\/strong> afirma que o aumento de capital \u00e9 positivo e v\u00ea o Magazine Luiza em uma situa\u00e7\u00e3o de &#8220;s\u00f3lida liquidez&#8221;. Segundo a casa, o movimento deve ser visto como um \u201ccombust\u00edvel extra\u201d e n\u00e3o como \u201cuma urg\u00eancia\u201d. O Citi reitera recomenda\u00e7\u00e3o de compra para os <strong>pap\u00e9is da Magalu<\/strong>, com pre\u00e7o-alvo de R$ 3,40. A casa, no entanto, classifica o investimento como de alto risco.<\/p>\n\n\n\n<p>J\u00e1 na vis\u00e3o do <strong>Bradesco BBI<\/strong>, a opera\u00e7\u00e3o pode levar o Magazine Luiza a reverter as perdas e apresentar <a class=\"suno-keyword\" target=\"_blank\" data-force=\"no\" data-priority=\"1\" href=\"https:\/\/www.suno.com.br\/artigos\/lucro-liquido\/\" rel=\"noopener\">lucro l\u00edquido<\/a> em 2024, considerando uma tend\u00eancia de expans\u00e3o de margem.<\/p>\n\n\n\n<p>\u201cA onerosa <strong>estrutura de capital do Magalu<\/strong> \u2013 e, portanto, as <a class=\"suno-keyword\" target=\"_blank\" data-force=\"no\" data-priority=\"1\" href=\"https:\/\/www.suno.com.br\/artigos\/despesas-financeiras\/\" rel=\"noopener\">despesas financeiras<\/a> \u2013 tem sido um dos principais entraves aos resultados financeiros e ao fluxo de caixa nos \u00faltimos anos. No in\u00edcio de 2024, este aumento de capital surge num momento favor\u00e1vel, j\u00e1 que as taxas de juros diminu\u00edram e a origina\u00e7\u00e3o de cr\u00e9dito deve melhorar e, portanto, o consumo discricion\u00e1rio estar\u00e1 sujeito a se beneficiar destas condi\u00e7\u00f5es\u201d, aponta.<\/p>\n\n\n\t<p>\n\t\t<a href=\"https:\/\/lp.suno.com.br\/ebook-como-analisar-uma-acao\/\" target=\"_blank\" data-element=\"shortcode-suno-banner\" title=\"Banner SUNO, clique e saiba mais\">\n\t\t\t<picture>\n\t\t\t\t<source media=\"(max-width: 500px)\" srcset=\"https:\/\/files.sunoresearch.com.br\/n\/uploads\/2023\/03\/Ebook-Acoes-Mobile.jpg\">\n\t\t\t\t<img class=\"newsContent__article__imgCapa newsContent__article__imgCapa--banner\"\n\t\t\t\t\tsrc=\"https:\/\/files.sunoresearch.com.br\/n\/uploads\/2023\/03\/Ebook-Acoes-Desktop.jpg\"\n\t\t\t\t\tdata-promo-id=\"378302\"\t\t\t\t\t\t\t\t\t\twidth='1420' height='286'\t\t\t\t\talt=\"https:\/\/files.sunoresearch.com.br\/n\/uploads\/2023\/03\/Ebook-Acoes-Desktop.jpg\"\n\t\t\t\t>\n\t\t\t<\/picture>\n\t\t<\/a>\n\t<\/p>\n\n\n\n\n\n<h2 class=\"wp-block-heading\">Cen\u00e1rio macroecon\u00f4mico <\/h2>\n\n\n\n<p>Entre os riscos citados pelos analistas, o cen\u00e1rio macroecon\u00f4mico brasileiro ainda \u00e9 o principal.  A <strong>\u00c1gora Investimentos<\/strong>, por exemplo, mant\u00e9m recomenda\u00e7\u00e3o neutra para o papel, pois embora enxergue a opera\u00e7\u00e3o como positiva, prefere aguardar uma melhora no fluxo de caixa da empresa nos pr\u00f3ximos trimestres, o que depende de condi\u00e7\u00f5es macroecon\u00f4micas mais favor\u00e1veis.&nbsp;<\/p>\n\n\n\n<p>Nessa linha, a XP destacou que apesar do refor\u00e7o na estrutura de capital, segue enxergando um \u201ccen\u00e1rio macro desafiador para a demanda de bens dur\u00e1veis, al\u00e9m de um cen\u00e1rio competitivo pressionado, com expans\u00e3o de players estrangeiros no pa\u00eds\u201d, o que levou \u00e0 manuten\u00e7\u00e3o da recomenda\u00e7\u00e3o neutra para o <strong>papel do Magazine Luiza<\/strong>, com pre\u00e7o-alvo de R$ 2,50.<\/p>\n\n\n\n<p>Piovesan tamb\u00e9m cita o contexto macroecon\u00f4mico, e chama a aten\u00e7\u00e3o sobretudo para a possibilidade de a <strong>taxa Selic <\/strong>encerrar o ciclo de cortes ainda em dois d\u00edgitos.<\/p>\n\n\n\n<p>\u201cExiste o risco de a economia seguir fraca e o <strong>varejo<\/strong> continuar dif\u00edcil. Principalmente, tem o risco de a <strong>Selic <\/strong>terminal ficar em dois d\u00edgitos, o que dificultaria a vida das a\u00e7\u00f5es. Ent\u00e3o, o ponto de aten\u00e7\u00e3o \u00e9 sobre uma poss\u00edvel reviravolta nesse cen\u00e1rio de melhora macroecon\u00f4mica, o que impactaria negativamente nas a\u00e7\u00f5es\u201d, explica.<\/p>\n\n\n\n\n\n<h2 class=\"wp-block-heading\">Volatilidade das a\u00e7\u00f5es<\/h2>\n\n\n\n<p>Na segunda-feira (29), no primeiro preg\u00e3o ap\u00f3s o an\u00fancio, os <strong>pap\u00e9is do Magalu<\/strong> chegaram a disparar at\u00e9 9,62%, cotados a R$ 2,28. Ao longo da sess\u00e3o, no entanto, as a\u00e7\u00f5es perderam for\u00e7a e fecharam em queda de 0,48%, a R$ 2,07. No dia seguinte o papel tamb\u00e9m chegou a operar em alta, mas fechou em recuo ainda mais substancial: -4,35% a R$ 1,98. J\u00e1 na quarta-feira, a a\u00e7\u00e3o foi um dos destaques, com alta de 6,06%, a R$ 2,10.<\/p>\n\n\n\n<p>Essa volatilidade na a\u00e7\u00e3o \u00e9 citada por Diego Faust como um dos riscos para quem pensa em surfar a not\u00edcia em uma opera\u00e7\u00e3o de curto prazo.<\/p>\n\n\n\n<p>&#8220;Vale lembrar que em um primeiro momento o mercado avaliou como uma boa not\u00edcia, mas depois houve uma corre\u00e7\u00e3o forte no papel. \u00c9 uma a\u00e7\u00e3o que tem muita especula\u00e7\u00e3o de pre\u00e7o, com as cota\u00e7\u00f5es muito vol\u00e1teis. Ent\u00e3o uma avalia\u00e7\u00e3o melhor ser\u00e1 feita posteriormente, a partir de uma rea\u00e7\u00e3o mais concreta do mercado\u201d, diz.<\/p>\n\n\n\n<p>Nessa linha, um dos pontos de aten\u00e7\u00e3o \u00e9 a quantidade de a\u00e7\u00f5es alugadas. Durante o preg\u00e3o de segunda-feira (29), esse n\u00famero cresceu cerca de 7%, para 413,3 milh\u00f5es. No dia seguinte, a quantidade de pap\u00e9is alugados cresceu mais 16,5 milh\u00f5es, para 429,7 milh\u00f5es. Em duas sess\u00f5es, portanto, o n\u00famero aumentou de 13,5% para 15,1% do <a class=\"suno-keyword\" data-force=\"no\" data-priority=\"1\" href=\"https:\/\/www.suno.com.br\/artigos\/free-float\/\" target=\"_blank\" rel=\"noopener\">free float<\/a>, o que indica uma grande parcela de investidores \u201capostando contra\u201d a a\u00e7\u00e3o do <strong>Magazine Luiza<\/strong>.<\/p>\n\n\n\n<div class=\"pluginQuotation\">\n  <p class=\"ticker\">\n    Cota\u00e7\u00e3o <span>mglu3<\/span>\n  <\/p>\n  <div class=\"info\">\n    <div class=\"leftSide\">\n      Gr\u00e1fico gerado em: 31\/01\/2024    <\/div>\n\t\t\t\t\t<div class=\"rightSide\">\n\t\t\t\t\t<span class=\"period\">\n\t\t\t\t\t\t1 Dia\t\t\t\t\t<\/span>\n\t\t\t<\/div>\n\t\t  <\/div>\n\n  <div id=\"chart-f2e5eb008e32e7ab03e553a13ba76b01\" data-block-hash=\"f2e5eb008e32e7ab03e553a13ba76b01\"  class=\"chart\" style=\"width:100%;height:400px;\"><\/div>\n\n  <div class=\"pluginQuotation__footer\">\n    <div class=\"dataChart\">\n\n      <div class=\"dataChart__div1 variation\">\n        <div class=\"value-positive\">\n          6,47 (+0,13%)        <\/div>\n        <div class=\"text\">\n          Varia\u00e7\u00e3o do per\u00edodo\n        <\/div>\n      <\/div>\n\n      <div class=\"dataChart__div2 minMax\">\n        <div class=\"value\">\n          R$\u00a02,01        <\/div>\n        <div class=\"text\">\n          M\u00ednima\n        <\/div>\n      <\/div>\n\n      <div class=\"dataChart__div3 minMax\">\n        <div class=\"value\">\n          R$\u00a02,17        <\/div>\n        <div class=\"text\">\n          M\u00e1xima\n        <\/div>\n      <\/div>\n\n\t\t\t<div class=\"dataChart__div4 rightSide\">\n\t\t\t\t<div class=\"analiticaSource\">\n\t\t\t\t\t<span>\n\t\t\t\t\t\tFonte:\n\t\t\t\t\t<\/span>\n\t\t\t\t\t<img decoding=\"async\" class=\"analiticaLogo\" src=\"https:\/\/www.suno.com.br\/noticias\/wp-content\/plugins\/suno-block-ticker-quotation\/src\/suno-analitica-logo.png\" alt=\"Logo Suno Anal\u00edtica\" \/>\n\t\t\t\t<\/div>\n\n\t\t\t\t<a href=\"https:\/\/www.suno.com.br\/analitica\/acoes\/mglu3\" target=\"_blank\">\n\t\t\t\t\t<span>\n\t\t\t\t\t\tVer mais cota\u00e7\u00f5es\n\t\t\t\t\t<\/span>\n\t\t\t\t\t<svg xmlns=\"http:\/\/www.w3.org\/2000\/svg\" width=\"9\" height=\"8\" viewBox=\"0 0 9 8\" fill=\"none\">\n\t\t\t\t\t\t<path d=\"M4.20996 0L3.50496 0.705L6.29496 3.5H0.209961V4.5H6.29496L3.50496 7.295L4.20996 8L8.20996 4L4.20996 0Z\" fill=\"#D42126\" \/>\n\t\t\t\t\t<\/svg>\n\t\t\t\t<\/a>\n    <\/div>\n\n    <\/div>\n  <\/div>\n<\/div>\n\n\n<script type=\"text\/javascript\">\n  let chart_f2e5eb008e32e7ab03e553a13ba76b01 = document.getElementById('chart-f2e5eb008e32e7ab03e553a13ba76b01');\n  let data_json_f2e5eb008e32e7ab03e553a13ba76b01 = \"[{\\\"date\\\":\\\"31\\\\\\\/01\\\\\\\/24 10:06\\\",\\\"value\\\":2.01},{\\\"date\\\":\\\"31\\\\\\\/01\\\\\\\/24 10:08\\\",\\\"value\\\":2.01},{\\\"date\\\":\\\"31\\\\\\\/01\\\\\\\/24 10:10\\\",\\\"value\\\":2.01},{\\\"date\\\":\\\"31\\\\\\\/01\\\\\\\/24 10:12\\\",\\\"value\\\":2.03},{\\\"date\\\":\\\"31\\\\\\\/01\\\\\\\/24 10:14\\\",\\\"value\\\":2.03},{\\\"date\\\":\\\"31\\\\\\\/01\\\\\\\/24 10:16\\\",\\\"value\\\":2.03},{\\\"date\\\":\\\"31\\\\\\\/01\\\\\\\/24 10:18\\\",\\\"value\\\":2.04},{\\\"date\\\":\\\"31\\\\\\\/01\\\\\\\/24 10:20\\\",\\\"value\\\":2.03},{\\\"date\\\":\\\"31\\\\\\\/01\\\\\\\/24 10:22\\\",\\\"value\\\":2.03},{\\\"date\\\":\\\"31\\\\\\\/01\\\\\\\/24 10:24\\\",\\\"value\\\":2.04},{\\\"date\\\":\\\"31\\\\\\\/01\\\\\\\/24 10:26\\\",\\\"value\\\":2.02},{\\\"date\\\":\\\"31\\\\\\\/01\\\\\\\/24 10:28\\\",\\\"value\\\":2.02},{\\\"date\\\":\\\"31\\\\\\\/01\\\\\\\/24 10:30\\\",\\\"value\\\":2.02},{\\\"date\\\":\\\"31\\\\\\\/01\\\\\\\/24 10:32\\\",\\\"value\\\":2.02},{\\\"date\\\":\\\"31\\\\\\\/01\\\\\\\/24 10:34\\\",\\\"value\\\":2.04},{\\\"date\\\":\\\"31\\\\\\\/01\\\\\\\/24 10:36\\\",\\\"value\\\":2.02},{\\\"date\\\":\\\"31\\\\\\\/01\\\\\\\/24 10:38\\\",\\\"value\\\":2.02},{\\\"date\\\":\\\"31\\\\\\\/01\\\\\\\/24 10:40\\\",\\\"value\\\":2.03},{\\\"date\\\":\\\"31\\\\\\\/01\\\\\\\/24 10:42\\\",\\\"value\\\":2.04},{\\\"date\\\":\\\"31\\\\\\\/01\\\\\\\/24 10:44\\\",\\\"value\\\":2.06},{\\\"date\\\":\\\"31\\\\\\\/01\\\\\\\/24 10:46\\\",\\\"value\\\":2.05},{\\\"date\\\":\\\"31\\\\\\\/01\\\\\\\/24 10:48\\\",\\\"value\\\":2.05},{\\\"date\\\":\\\"31\\\\\\\/01\\\\\\\/24 10:50\\\",\\\"value\\\":2.04},{\\\"date\\\":\\\"31\\\\\\\/01\\\\\\\/24 10:52\\\",\\\"value\\\":2.05},{\\\"date\\\":\\\"31\\\\\\\/01\\\\\\\/24 10:54\\\",\\\"value\\\":2.08},{\\\"date\\\":\\\"31\\\\\\\/01\\\\\\\/24 10:56\\\",\\\"value\\\":2.07},{\\\"date\\\":\\\"31\\\\\\\/01\\\\\\\/24 10:58\\\",\\\"value\\\":2.07},{\\\"date\\\":\\\"31\\\\\\\/01\\\\\\\/24 11:00\\\",\\\"value\\\":2.06},{\\\"date\\\":\\\"31\\\\\\\/01\\\\\\\/24 11:02\\\",\\\"value\\\":2.06},{\\\"date\\\":\\\"31\\\\\\\/01\\\\\\\/24 11:04\\\",\\\"value\\\":2.07},{\\\"date\\\":\\\"31\\\\\\\/01\\\\\\\/24 11:06\\\",\\\"value\\\":2.09},{\\\"date\\\":\\\"31\\\\\\\/01\\\\\\\/24 11:08\\\",\\\"value\\\":2.11},{\\\"date\\\":\\\"31\\\\\\\/01\\\\\\\/24 11:10\\\",\\\"value\\\":2.09},{\\\"date\\\":\\\"31\\\\\\\/01\\\\\\\/24 11:12\\\",\\\"value\\\":2.09},{\\\"date\\\":\\\"31\\\\\\\/01\\\\\\\/24 11:14\\\",\\\"value\\\":2.09},{\\\"date\\\":\\\"31\\\\\\\/01\\\\\\\/24 11:16\\\",\\\"value\\\":2.09},{\\\"date\\\":\\\"31\\\\\\\/01\\\\\\\/24 11:18\\\",\\\"value\\\":2.09},{\\\"date\\\":\\\"31\\\\\\\/01\\\\\\\/24 11:20\\\",\\\"value\\\":2.08},{\\\"date\\\":\\\"31\\\\\\\/01\\\\\\\/24 11:22\\\",\\\"value\\\":2.08},{\\\"date\\\":\\\"31\\\\\\\/01\\\\\\\/24 11:24\\\",\\\"value\\\":2.08},{\\\"date\\\":\\\"31\\\\\\\/01\\\\\\\/24 11:26\\\",\\\"value\\\":2.09},{\\\"date\\\":\\\"31\\\\\\\/01\\\\\\\/24 11:28\\\",\\\"value\\\":2.08},{\\\"date\\\":\\\"31\\\\\\\/01\\\\\\\/24 11:30\\\",\\\"value\\\":2.09},{\\\"date\\\":\\\"31\\\\\\\/01\\\\\\\/24 11:32\\\",\\\"value\\\":2.12},{\\\"date\\\":\\\"31\\\\\\\/01\\\\\\\/24 11:34\\\",\\\"value\\\":2.12},{\\\"date\\\":\\\"31\\\\\\\/01\\\\\\\/24 11:36\\\",\\\"value\\\":2.13},{\\\"date\\\":\\\"31\\\\\\\/01\\\\\\\/24 11:38\\\",\\\"value\\\":2.14},{\\\"date\\\":\\\"31\\\\\\\/01\\\\\\\/24 11:40\\\",\\\"value\\\":2.12},{\\\"date\\\":\\\"31\\\\\\\/01\\\\\\\/24 11:42\\\",\\\"value\\\":2.14},{\\\"date\\\":\\\"31\\\\\\\/01\\\\\\\/24 11:44\\\",\\\"value\\\":2.13},{\\\"date\\\":\\\"31\\\\\\\/01\\\\\\\/24 11:46\\\",\\\"value\\\":2.14},{\\\"date\\\":\\\"31\\\\\\\/01\\\\\\\/24 11:48\\\",\\\"value\\\":2.14},{\\\"date\\\":\\\"31\\\\\\\/01\\\\\\\/24 11:50\\\",\\\"value\\\":2.13},{\\\"date\\\":\\\"31\\\\\\\/01\\\\\\\/24 11:52\\\",\\\"value\\\":2.12},{\\\"date\\\":\\\"31\\\\\\\/01\\\\\\\/24 11:54\\\",\\\"value\\\":2.13},{\\\"date\\\":\\\"31\\\\\\\/01\\\\\\\/24 11:56\\\",\\\"value\\\":2.11},{\\\"date\\\":\\\"31\\\\\\\/01\\\\\\\/24 11:58\\\",\\\"value\\\":2.11},{\\\"date\\\":\\\"31\\\\\\\/01\\\\\\\/24 12:00\\\",\\\"value\\\":2.11},{\\\"date\\\":\\\"31\\\\\\\/01\\\\\\\/24 12:02\\\",\\\"value\\\":2.11},{\\\"date\\\":\\\"31\\\\\\\/01\\\\\\\/24 12:04\\\",\\\"value\\\":2.11},{\\\"date\\\":\\\"31\\\\\\\/01\\\\\\\/24 12:06\\\",\\\"value\\\":2.11},{\\\"date\\\":\\\"31\\\\\\\/01\\\\\\\/24 12:08\\\",\\\"value\\\":2.11},{\\\"date\\\":\\\"31\\\\\\\/01\\\\\\\/24 12:10\\\",\\\"value\\\":2.11},{\\\"date\\\":\\\"31\\\\\\\/01\\\\\\\/24 12:12\\\",\\\"value\\\":2.11},{\\\"date\\\":\\\"31\\\\\\\/01\\\\\\\/24 12:14\\\",\\\"value\\\":2.12},{\\\"date\\\":\\\"31\\\\\\\/01\\\\\\\/24 12:16\\\",\\\"value\\\":2.13},{\\\"date\\\":\\\"31\\\\\\\/01\\\\\\\/24 12:18\\\",\\\"value\\\":2.12},{\\\"date\\\":\\\"31\\\\\\\/01\\\\\\\/24 12:20\\\",\\\"value\\\":2.12},{\\\"date\\\":\\\"31\\\\\\\/01\\\\\\\/24 12:22\\\",\\\"value\\\":2.13},{\\\"date\\\":\\\"31\\\\\\\/01\\\\\\\/24 12:24\\\",\\\"value\\\":2.12},{\\\"date\\\":\\\"31\\\\\\\/01\\\\\\\/24 12:26\\\",\\\"value\\\":2.13},{\\\"date\\\":\\\"31\\\\\\\/01\\\\\\\/24 12:28\\\",\\\"value\\\":2.12},{\\\"date\\\":\\\"31\\\\\\\/01\\\\\\\/24 12:30\\\",\\\"value\\\":2.11},{\\\"date\\\":\\\"31\\\\\\\/01\\\\\\\/24 12:32\\\",\\\"value\\\":2.12},{\\\"date\\\":\\\"31\\\\\\\/01\\\\\\\/24 12:34\\\",\\\"value\\\":2.11},{\\\"date\\\":\\\"31\\\\\\\/01\\\\\\\/24 12:36\\\",\\\"value\\\":2.11},{\\\"date\\\":\\\"31\\\\\\\/01\\\\\\\/24 12:38\\\",\\\"value\\\":2.11},{\\\"date\\\":\\\"31\\\\\\\/01\\\\\\\/24 12:40\\\",\\\"value\\\":2.13},{\\\"date\\\":\\\"31\\\\\\\/01\\\\\\\/24 12:42\\\",\\\"value\\\":2.12},{\\\"date\\\":\\\"31\\\\\\\/01\\\\\\\/24 12:44\\\",\\\"value\\\":2.11},{\\\"date\\\":\\\"31\\\\\\\/01\\\\\\\/24 12:46\\\",\\\"value\\\":2.11},{\\\"date\\\":\\\"31\\\\\\\/01\\\\\\\/24 12:48\\\",\\\"value\\\":2.11},{\\\"date\\\":\\\"31\\\\\\\/01\\\\\\\/24 12:50\\\",\\\"value\\\":2.12},{\\\"date\\\":\\\"31\\\\\\\/01\\\\\\\/24 12:52\\\",\\\"value\\\":2.12},{\\\"date\\\":\\\"31\\\\\\\/01\\\\\\\/24 12:54\\\",\\\"value\\\":2.12},{\\\"date\\\":\\\"31\\\\\\\/01\\\\\\\/24 12:56\\\",\\\"value\\\":2.12},{\\\"date\\\":\\\"31\\\\\\\/01\\\\\\\/24 12:58\\\",\\\"value\\\":2.13},{\\\"date\\\":\\\"31\\\\\\\/01\\\\\\\/24 13:00\\\",\\\"value\\\":2.13},{\\\"date\\\":\\\"31\\\\\\\/01\\\\\\\/24 13:02\\\",\\\"value\\\":2.12},{\\\"date\\\":\\\"31\\\\\\\/01\\\\\\\/24 13:04\\\",\\\"value\\\":2.12},{\\\"date\\\":\\\"31\\\\\\\/01\\\\\\\/24 13:06\\\",\\\"value\\\":2.13},{\\\"date\\\":\\\"31\\\\\\\/01\\\\\\\/24 13:08\\\",\\\"value\\\":2.13},{\\\"date\\\":\\\"31\\\\\\\/01\\\\\\\/24 13:10\\\",\\\"value\\\":2.12},{\\\"date\\\":\\\"31\\\\\\\/01\\\\\\\/24 13:12\\\",\\\"value\\\":2.13},{\\\"date\\\":\\\"31\\\\\\\/01\\\\\\\/24 13:14\\\",\\\"value\\\":2.13},{\\\"date\\\":\\\"31\\\\\\\/01\\\\\\\/24 13:16\\\",\\\"value\\\":2.13},{\\\"date\\\":\\\"31\\\\\\\/01\\\\\\\/24 13:18\\\",\\\"value\\\":2.13},{\\\"date\\\":\\\"31\\\\\\\/01\\\\\\\/24 13:20\\\",\\\"value\\\":2.13},{\\\"date\\\":\\\"31\\\\\\\/01\\\\\\\/24 13:22\\\",\\\"value\\\":2.13},{\\\"date\\\":\\\"31\\\\\\\/01\\\\\\\/24 13:24\\\",\\\"value\\\":2.12},{\\\"date\\\":\\\"31\\\\\\\/01\\\\\\\/24 13:26\\\",\\\"value\\\":2.12},{\\\"date\\\":\\\"31\\\\\\\/01\\\\\\\/24 13:28\\\",\\\"value\\\":2.12},{\\\"date\\\":\\\"31\\\\\\\/01\\\\\\\/24 13:30\\\",\\\"value\\\":2.12},{\\\"date\\\":\\\"31\\\\\\\/01\\\\\\\/24 13:32\\\",\\\"value\\\":2.13},{\\\"date\\\":\\\"31\\\\\\\/01\\\\\\\/24 13:34\\\",\\\"value\\\":2.13},{\\\"date\\\":\\\"31\\\\\\\/01\\\\\\\/24 13:36\\\",\\\"value\\\":2.12},{\\\"date\\\":\\\"31\\\\\\\/01\\\\\\\/24 13:38\\\",\\\"value\\\":2.12},{\\\"date\\\":\\\"31\\\\\\\/01\\\\\\\/24 13:40\\\",\\\"value\\\":2.11},{\\\"date\\\":\\\"31\\\\\\\/01\\\\\\\/24 13:42\\\",\\\"value\\\":2.11},{\\\"date\\\":\\\"31\\\\\\\/01\\\\\\\/24 13:44\\\",\\\"value\\\":2.11},{\\\"date\\\":\\\"31\\\\\\\/01\\\\\\\/24 13:46\\\",\\\"value\\\":2.12},{\\\"date\\\":\\\"31\\\\\\\/01\\\\\\\/24 13:48\\\",\\\"value\\\":2.11},{\\\"date\\\":\\\"31\\\\\\\/01\\\\\\\/24 13:50\\\",\\\"value\\\":2.11},{\\\"date\\\":\\\"31\\\\\\\/01\\\\\\\/24 13:52\\\",\\\"value\\\":2.11},{\\\"date\\\":\\\"31\\\\\\\/01\\\\\\\/24 13:54\\\",\\\"value\\\":2.11},{\\\"date\\\":\\\"31\\\\\\\/01\\\\\\\/24 13:56\\\",\\\"value\\\":2.12},{\\\"date\\\":\\\"31\\\\\\\/01\\\\\\\/24 13:58\\\",\\\"value\\\":2.12},{\\\"date\\\":\\\"31\\\\\\\/01\\\\\\\/24 14:00\\\",\\\"value\\\":2.12},{\\\"date\\\":\\\"31\\\\\\\/01\\\\\\\/24 14:02\\\",\\\"value\\\":2.12},{\\\"date\\\":\\\"31\\\\\\\/01\\\\\\\/24 14:04\\\",\\\"value\\\":2.12},{\\\"date\\\":\\\"31\\\\\\\/01\\\\\\\/24 14:06\\\",\\\"value\\\":2.13},{\\\"date\\\":\\\"31\\\\\\\/01\\\\\\\/24 14:08\\\",\\\"value\\\":2.12},{\\\"date\\\":\\\"31\\\\\\\/01\\\\\\\/24 14:10\\\",\\\"value\\\":2.12},{\\\"date\\\":\\\"31\\\\\\\/01\\\\\\\/24 14:12\\\",\\\"value\\\":2.12},{\\\"date\\\":\\\"31\\\\\\\/01\\\\\\\/24 14:14\\\",\\\"value\\\":2.12},{\\\"date\\\":\\\"31\\\\\\\/01\\\\\\\/24 14:16\\\",\\\"value\\\":2.12},{\\\"date\\\":\\\"31\\\\\\\/01\\\\\\\/24 14:18\\\",\\\"value\\\":2.13},{\\\"date\\\":\\\"31\\\\\\\/01\\\\\\\/24 14:20\\\",\\\"value\\\":2.13},{\\\"date\\\":\\\"31\\\\\\\/01\\\\\\\/24 14:22\\\",\\\"value\\\":2.12},{\\\"date\\\":\\\"31\\\\\\\/01\\\\\\\/24 14:24\\\",\\\"value\\\":2.12},{\\\"date\\\":\\\"31\\\\\\\/01\\\\\\\/24 14:26\\\",\\\"value\\\":2.12},{\\\"date\\\":\\\"31\\\\\\\/01\\\\\\\/24 14:28\\\",\\\"value\\\":2.12},{\\\"date\\\":\\\"31\\\\\\\/01\\\\\\\/24 14:30\\\",\\\"value\\\":2.13},{\\\"date\\\":\\\"31\\\\\\\/01\\\\\\\/24 14:32\\\",\\\"value\\\":2.13},{\\\"date\\\":\\\"31\\\\\\\/01\\\\\\\/24 14:34\\\",\\\"value\\\":2.14},{\\\"date\\\":\\\"31\\\\\\\/01\\\\\\\/24 14:36\\\",\\\"value\\\":2.13},{\\\"date\\\":\\\"31\\\\\\\/01\\\\\\\/24 14:38\\\",\\\"value\\\":2.13},{\\\"date\\\":\\\"31\\\\\\\/01\\\\\\\/24 14:40\\\",\\\"value\\\":2.13},{\\\"date\\\":\\\"31\\\\\\\/01\\\\\\\/24 14:42\\\",\\\"value\\\":2.14},{\\\"date\\\":\\\"31\\\\\\\/01\\\\\\\/24 14:44\\\",\\\"value\\\":2.16},{\\\"date\\\":\\\"31\\\\\\\/01\\\\\\\/24 14:46\\\",\\\"value\\\":2.15},{\\\"date\\\":\\\"31\\\\\\\/01\\\\\\\/24 14:48\\\",\\\"value\\\":2.17},{\\\"date\\\":\\\"31\\\\\\\/01\\\\\\\/24 14:50\\\",\\\"value\\\":2.16},{\\\"date\\\":\\\"31\\\\\\\/01\\\\\\\/24 14:52\\\",\\\"value\\\":2.15},{\\\"date\\\":\\\"31\\\\\\\/01\\\\\\\/24 14:54\\\",\\\"value\\\":2.15},{\\\"date\\\":\\\"31\\\\\\\/01\\\\\\\/24 14:56\\\",\\\"value\\\":2.15},{\\\"date\\\":\\\"31\\\\\\\/01\\\\\\\/24 14:58\\\",\\\"value\\\":2.16},{\\\"date\\\":\\\"31\\\\\\\/01\\\\\\\/24 15:00\\\",\\\"value\\\":2.15},{\\\"date\\\":\\\"31\\\\\\\/01\\\\\\\/24 15:02\\\",\\\"value\\\":2.16},{\\\"date\\\":\\\"31\\\\\\\/01\\\\\\\/24 15:04\\\",\\\"value\\\":2.16},{\\\"date\\\":\\\"31\\\\\\\/01\\\\\\\/24 15:06\\\",\\\"value\\\":2.16},{\\\"date\\\":\\\"31\\\\\\\/01\\\\\\\/24 15:08\\\",\\\"value\\\":2.16},{\\\"date\\\":\\\"31\\\\\\\/01\\\\\\\/24 15:10\\\",\\\"value\\\":2.16},{\\\"date\\\":\\\"31\\\\\\\/01\\\\\\\/24 15:12\\\",\\\"value\\\":2.16},{\\\"date\\\":\\\"31\\\\\\\/01\\\\\\\/24 15:14\\\",\\\"value\\\":2.16},{\\\"date\\\":\\\"31\\\\\\\/01\\\\\\\/24 15:16\\\",\\\"value\\\":2.16},{\\\"date\\\":\\\"31\\\\\\\/01\\\\\\\/24 15:18\\\",\\\"value\\\":2.15},{\\\"date\\\":\\\"31\\\\\\\/01\\\\\\\/24 15:20\\\",\\\"value\\\":2.15},{\\\"date\\\":\\\"31\\\\\\\/01\\\\\\\/24 15:22\\\",\\\"value\\\":2.15},{\\\"date\\\":\\\"31\\\\\\\/01\\\\\\\/24 15:24\\\",\\\"value\\\":2.16},{\\\"date\\\":\\\"31\\\\\\\/01\\\\\\\/24 15:26\\\",\\\"value\\\":2.15},{\\\"date\\\":\\\"31\\\\\\\/01\\\\\\\/24 15:28\\\",\\\"value\\\":2.16},{\\\"date\\\":\\\"31\\\\\\\/01\\\\\\\/24 15:30\\\",\\\"value\\\":2.14}]\";\n  let isPositive_f2e5eb008e32e7ab03e553a13ba76b01 = true;\n\n  let color_f2e5eb008e32e7ab03e553a13ba76b01 = isPositive_f2e5eb008e32e7ab03e553a13ba76b01 ? '#3AB53A' : '#D92C2D';\n\n  let data_f2e5eb008e32e7ab03e553a13ba76b01 = JSON.parse(data_json_f2e5eb008e32e7ab03e553a13ba76b01);\n\n  const result_f2e5eb008e32e7ab03e553a13ba76b01 = {\n    date: [],\n    value: [],\n  };\n\n  data_f2e5eb008e32e7ab03e553a13ba76b01.forEach((item) => {\n    result_f2e5eb008e32e7ab03e553a13ba76b01.date.push(item.date);\n    result_f2e5eb008e32e7ab03e553a13ba76b01.value.push(Number(item.value));\n  });\n\n  let option_f2e5eb008e32e7ab03e553a13ba76b01 = {\n    \/\/ variavel de cor global\n    color: [color_f2e5eb008e32e7ab03e553a13ba76b01],\n    title: {\n      text: '',\n    },\n    tooltip: {\n      trigger: 'axis',\n      axisPointer: {\n        type: 'cross',\n        label: {\n          \/\/ cor dos valores em X e Y\n          backgroundColor: color_f2e5eb008e32e7ab03e553a13ba76b01,\n          formatter: (value) => {\n            if (typeof value.value === 'number') {\n              return Number(value.value).toLocaleString('pt-br', {\n                style: 'currency',\n                currency: 'BRL'\n              });\n            }\n            return value.value;\n          },\n        },\n      },\n      valueFormatter: (value) => Number(value).toLocaleString('pt-br', {\n        style: 'currency',\n        currency: 'BRL'\n      }),\n    },\n    legend: {\n      \/\/ data: ['Valor de Fechamento'],\n      show: false,\n    },\n    toolbox: {\n      feature: {\n        saveAsImage: {\n          show: false,\n        },\n      },\n    },\n    grid: {\n      left: '0px',\n      right: '0px',\n      bottom: '0px',\n      containLabel: true,\n    },\n    xAxis: [{\n      type: 'category',\n      data: result_f2e5eb008e32e7ab03e553a13ba76b01.date,\n      boundaryGap: true,\n    }],\n    yAxis: [{\n      type: 'value',\n      min: Math.min(...result_f2e5eb008e32e7ab03e553a13ba76b01.value),\n      max: Math.max(...result_f2e5eb008e32e7ab03e553a13ba76b01.value),\n      axisLabel: {\n        formatter: (value) => value.toLocaleString('pt-br', {\n          style: 'currency',\n          currency: 'BRL'\n        }),\n      },\n    }],\n    series: [{\n      name: 'Valor de Fechamento',\n      type: 'line',\n      stack: 'Total',\n      \/\/ cor do grafico\n      areaStyle: {},\n      emphasis: {\n        focus: 'series',\n      },\n      data: result_f2e5eb008e32e7ab03e553a13ba76b01.value,\n      \/\/ cor da linha\n      lineStyle: {\n        color: color_f2e5eb008e32e7ab03e553a13ba76b01,\n      },\n    }, ],\n  };\n\n\twindow.chart_f2e5eb008e32e7ab03e553a13ba76b01 = {\n\t\tel: chart_f2e5eb008e32e7ab03e553a13ba76b01,\n\t\toption: option_f2e5eb008e32e7ab03e553a13ba76b01\t};\n\n\n<\/script>\n\n\n\t<p>\n\t\t<a href=\"https:\/\/lp.suno.com.br\/planilha-da-vida-financeira\/\" target=\"_blank\" data-element=\"shortcode-suno-banner\" title=\"Banner SUNO, clique e saiba mais\">\n\t\t\t<picture>\n\t\t\t\t<source media=\"(max-width: 500px)\" srcset=\"https:\/\/files.sunoresearch.com.br\/n\/uploads\/2023\/04\/400x300-Planilha-vida-financeira-true.png\">\n\t\t\t\t<img class=\"newsContent__article__imgCapa newsContent__article__imgCapa--banner\"\n\t\t\t\t\tsrc=\"https:\/\/files.sunoresearch.com.br\/n\/uploads\/2023\/04\/1420x240-Planilha-vida-financeira-true.png\"\n\t\t\t\t\tdata-promo-id=\"383123\"\t\t\t\t\t\t\t\t\t\twidth='1420' height='240'\t\t\t\t\talt=\"https:\/\/files.sunoresearch.com.br\/n\/uploads\/2023\/04\/1420x240-Planilha-vida-financeira-true.png\"\n\t\t\t\t>\n\t\t\t<\/picture>\n\t\t<\/a>\n\t<\/p>\n\n\n","protected":false},"excerpt":{"rendered":"<p>Na noite do \u00faltimo domingo (28), o Magazine Luiza (MGLU3) informou que far\u00e1 um aumento de capital no valor de at\u00e9 R$ 1,25 bilh\u00e3o, em uma opera\u00e7\u00e3o que envolve a fam\u00edlia Trajano &#8211; controladora da varejista &#8211; e o BTG Pactual (BPAC11). A not\u00edcia repercutiu no papel, que esteve entre os maiores ganhos desta quarta-feira [&hellip;]<\/p>\n","protected":false},"author":322,"featured_media":406440,"comment_status":"closed","ping_status":"closed","sticky":false,"template":"","format":"standard","meta":[],"categories":[64],"tags":[548,803],"suno_strategy":[],"class_list":["post-518441","post","type-post","status-publish","format-standard","has-post-thumbnail","hentry","category-negocios","tag-magazine-luiza-mglu3","tag-varejo"],"yoast_head":"<!-- This site is optimized with the Yoast SEO plugin v24.4 - https:\/\/yoast.com\/wordpress\/plugins\/seo\/ -->\n<title>Magazine Luiza (MGLU3): como mercado v\u00ea aumento de capital?<\/title>\n<meta name=\"description\" content=\"Analistas veem o aumento de capital do Magazine Luiza (MGLU3) com bons olhos, mas o cen\u00e1rio macroecon\u00f4mico ainda gera riscos.\" \/>\n<meta name=\"robots\" content=\"index, follow, max-snippet:-1, max-image-preview:large, max-video-preview:-1\" \/>\n<link rel=\"canonical\" href=\"https:\/\/www.suno.com.br\/noticias\/magazine-luiza-mglu3-aumento-capital-analise-gss\/\" \/>\n<meta property=\"og:locale\" content=\"pt_BR\" \/>\n<meta property=\"og:type\" content=\"article\" \/>\n<meta property=\"og:title\" content=\"Magazine Luiza (MGLU3): como mercado v\u00ea aumento de capital?\" \/>\n<meta property=\"og:description\" content=\"Analistas veem o aumento de capital do Magazine Luiza (MGLU3) com bons olhos, mas o cen\u00e1rio macroecon\u00f4mico ainda gera riscos.\" \/>\n<meta property=\"og:url\" content=\"https:\/\/www.suno.com.br\/noticias\/magazine-luiza-mglu3-aumento-capital-analise-gss\/\" \/>\n<meta property=\"og:site_name\" content=\"Suno Not\u00edcias\" \/>\n<meta property=\"article:publisher\" content=\"https:\/\/facebook.com\/sunoresearch\" \/>\n<meta property=\"og:image\" content=\"https:\/\/files.sunoresearch.com.br\/n\/uploads\/2023\/05\/magazine-luiza.jpg\" \/>\n\t<meta property=\"og:image:width\" content=\"1200\" \/>\n\t<meta property=\"og:image:height\" content=\"800\" \/>\n\t<meta property=\"og:image:type\" content=\"image\/jpeg\" \/>\n<meta name=\"author\" content=\"Guilherme Serrano Silva\" \/>\n<meta name=\"twitter:card\" content=\"summary_large_image\" \/>\n<meta name=\"twitter:creator\" content=\"@sunoresearch\" \/>\n<meta name=\"twitter:site\" content=\"@sunoresearch\" \/>\n<meta name=\"twitter:label1\" content=\"Escrito por\" \/>\n\t<meta name=\"twitter:data1\" content=\"Guilherme Serrano Silva\" \/>\n\t<meta name=\"twitter:label2\" content=\"Est. tempo de leitura\" \/>\n\t<meta name=\"twitter:data2\" content=\"7 minutos\" \/>\n<script type=\"application\/ld+json\" class=\"yoast-schema-graph\">{\"@context\":\"https:\/\/schema.org\",\"@graph\":[{\"@type\":\"NewsArticle\",\"@id\":\"https:\/\/www.suno.com.br\/noticias\/magazine-luiza-mglu3-aumento-capital-analise-gss\/#article\",\"isPartOf\":{\"@id\":\"https:\/\/www.suno.com.br\/noticias\/magazine-luiza-mglu3-aumento-capital-analise-gss\/\"},\"author\":{\"name\":\"Guilherme Serrano Silva\",\"@id\":\"https:\/\/www.suno.com.br\/noticias\/#\/schema\/person\/4a72de8e10febe6d8a50711404b010b3\"},\"headline\":\"Magazine Luiza (MGLU3): analistas veem aumento de capital como positivo, mas cen\u00e1rio macroecon\u00f4mico ainda envolve riscos\",\"datePublished\":\"2024-02-01T12:07:18+00:00\",\"dateModified\":\"2024-02-01T12:07:27+00:00\",\"mainEntityOfPage\":{\"@id\":\"https:\/\/www.suno.com.br\/noticias\/magazine-luiza-mglu3-aumento-capital-analise-gss\/\"},\"wordCount\":1371,\"publisher\":{\"@id\":\"https:\/\/www.suno.com.br\/noticias\/#organization\"},\"image\":{\"@id\":\"https:\/\/www.suno.com.br\/noticias\/magazine-luiza-mglu3-aumento-capital-analise-gss\/#primaryimage\"},\"thumbnailUrl\":\"https:\/\/files.sunoresearch.com.br\/n\/uploads\/2023\/05\/magazine-luiza.jpg\",\"keywords\":[\"Magazine Luiza (MGLU3)\",\"varejo\"],\"articleSection\":[\"Neg\u00f3cios\"],\"inLanguage\":\"pt-BR\"},{\"@type\":\"WebPage\",\"@id\":\"https:\/\/www.suno.com.br\/noticias\/magazine-luiza-mglu3-aumento-capital-analise-gss\/\",\"url\":\"https:\/\/www.suno.com.br\/noticias\/magazine-luiza-mglu3-aumento-capital-analise-gss\/\",\"name\":\"Magazine Luiza (MGLU3): como mercado v\u00ea aumento de capital?\",\"isPartOf\":{\"@id\":\"https:\/\/www.suno.com.br\/noticias\/#website\"},\"primaryImageOfPage\":{\"@id\":\"https:\/\/www.suno.com.br\/noticias\/magazine-luiza-mglu3-aumento-capital-analise-gss\/#primaryimage\"},\"image\":{\"@id\":\"https:\/\/www.suno.com.br\/noticias\/magazine-luiza-mglu3-aumento-capital-analise-gss\/#primaryimage\"},\"thumbnailUrl\":\"https:\/\/files.sunoresearch.com.br\/n\/uploads\/2023\/05\/magazine-luiza.jpg\",\"datePublished\":\"2024-02-01T12:07:18+00:00\",\"dateModified\":\"2024-02-01T12:07:27+00:00\",\"description\":\"Analistas veem o aumento de capital do Magazine Luiza (MGLU3) com bons olhos, mas o cen\u00e1rio macroecon\u00f4mico ainda gera riscos.\",\"breadcrumb\":{\"@id\":\"https:\/\/www.suno.com.br\/noticias\/magazine-luiza-mglu3-aumento-capital-analise-gss\/#breadcrumb\"},\"inLanguage\":\"pt-BR\",\"potentialAction\":[{\"@type\":\"ReadAction\",\"target\":[\"https:\/\/www.suno.com.br\/noticias\/magazine-luiza-mglu3-aumento-capital-analise-gss\/\"]}]},{\"@type\":\"ImageObject\",\"inLanguage\":\"pt-BR\",\"@id\":\"https:\/\/www.suno.com.br\/noticias\/magazine-luiza-mglu3-aumento-capital-analise-gss\/#primaryimage\",\"url\":\"https:\/\/files.sunoresearch.com.br\/n\/uploads\/2023\/05\/magazine-luiza.jpg\",\"contentUrl\":\"https:\/\/files.sunoresearch.com.br\/n\/uploads\/2023\/05\/magazine-luiza.jpg\",\"width\":1200,\"height\":800,\"caption\":\"Magazine Luiza (MGLU3). Foto: iStock\"},{\"@type\":\"BreadcrumbList\",\"@id\":\"https:\/\/www.suno.com.br\/noticias\/magazine-luiza-mglu3-aumento-capital-analise-gss\/#breadcrumb\",\"itemListElement\":[{\"@type\":\"ListItem\",\"position\":1,\"name\":\"Not\u00edcias\",\"item\":\"https:\/\/www.suno.com.br\/noticias\/\"},{\"@type\":\"ListItem\",\"position\":2,\"name\":\"Neg\u00f3cios\",\"item\":\"https:\/\/www.suno.com.br\/noticias\/negocios\/\"},{\"@type\":\"ListItem\",\"position\":3,\"name\":\"Magazine Luiza (MGLU3): analistas veem aumento de capital como positivo, mas cen\u00e1rio macroecon\u00f4mico ainda envolve riscos\"}]},{\"@type\":\"WebSite\",\"@id\":\"https:\/\/www.suno.com.br\/noticias\/#website\",\"url\":\"https:\/\/www.suno.com.br\/noticias\/\",\"name\":\"Suno Not\u00edcias\",\"description\":\"Seu portal de informa\u00e7\u00e3o sobre o mundo dos investimentos\",\"publisher\":{\"@id\":\"https:\/\/www.suno.com.br\/noticias\/#organization\"},\"potentialAction\":[{\"@type\":\"SearchAction\",\"target\":{\"@type\":\"EntryPoint\",\"urlTemplate\":\"https:\/\/www.suno.com.br\/noticias\/?s={search_term_string}\"},\"query-input\":{\"@type\":\"PropertyValueSpecification\",\"valueRequired\":true,\"valueName\":\"search_term_string\"}}],\"inLanguage\":\"pt-BR\"},{\"@type\":\"Organization\",\"@id\":\"https:\/\/www.suno.com.br\/noticias\/#organization\",\"name\":\"Suno Not\u00edcias\",\"url\":\"https:\/\/www.suno.com.br\/noticias\/\",\"logo\":{\"@type\":\"ImageObject\",\"inLanguage\":\"pt-BR\",\"@id\":\"https:\/\/www.suno.com.br\/noticias\/#\/schema\/logo\/image\/\",\"url\":\"https:\/\/files.sunoresearch.com.br\/n\/uploads\/2021\/09\/suno-logo.png\",\"contentUrl\":\"https:\/\/files.sunoresearch.com.br\/n\/uploads\/2021\/09\/suno-logo.png\",\"width\":180,\"height\":180,\"caption\":\"Suno Not\u00edcias\"},\"image\":{\"@id\":\"https:\/\/www.suno.com.br\/noticias\/#\/schema\/logo\/image\/\"},\"sameAs\":[\"https:\/\/facebook.com\/sunoresearch\",\"https:\/\/x.com\/sunoresearch\",\"https:\/\/www.instagram.com\/suno\",\"https:\/\/www.linkedin.com\/company\/suno-research\/\",\"https:\/\/www.youtube.com\/c\/sunoresearch\"]},{\"@type\":\"Person\",\"@id\":\"https:\/\/www.suno.com.br\/noticias\/#\/schema\/person\/4a72de8e10febe6d8a50711404b010b3\",\"name\":\"Guilherme Serrano Silva\",\"image\":{\"@type\":\"ImageObject\",\"inLanguage\":\"pt-BR\",\"@id\":\"https:\/\/www.suno.com.br\/noticias\/#\/schema\/person\/image\/\",\"url\":\"https:\/\/secure.gravatar.com\/avatar\/aba5eb082d0443f542e94a82c79e9d50?s=96&r=g\",\"contentUrl\":\"https:\/\/secure.gravatar.com\/avatar\/aba5eb082d0443f542e94a82c79e9d50?s=96&r=g\",\"caption\":\"Guilherme Serrano Silva\"},\"description\":\"Jornalista formado pela Faculdade C\u00e1sper L\u00edbero e p\u00f3s-graduado em Can\u00e7\u00e3o Popular pela Faculdade Santa Marcelina. Passagens por R\u00e1dio Gazeta AM, gazetaesportiva.com e TC R\u00e1dio.\",\"url\":\"https:\/\/www.suno.com.br\/noticias\/author\/guilhermeserranosilvagmail-com\/\"}]}<\/script>\n<!-- \/ Yoast SEO plugin. -->","yoast_head_json":{"title":"Magazine Luiza (MGLU3): como mercado v\u00ea aumento de capital?","description":"Analistas veem o aumento de capital do Magazine Luiza (MGLU3) com bons olhos, mas o cen\u00e1rio macroecon\u00f4mico ainda gera riscos.","robots":{"index":"index","follow":"follow","max-snippet":"max-snippet:-1","max-image-preview":"max-image-preview:large","max-video-preview":"max-video-preview:-1"},"canonical":"https:\/\/www.suno.com.br\/noticias\/magazine-luiza-mglu3-aumento-capital-analise-gss\/","og_locale":"pt_BR","og_type":"article","og_title":"Magazine Luiza (MGLU3): como mercado v\u00ea aumento de capital?","og_description":"Analistas veem o aumento de capital do Magazine Luiza (MGLU3) com bons olhos, mas o cen\u00e1rio macroecon\u00f4mico ainda gera riscos.","og_url":"https:\/\/www.suno.com.br\/noticias\/magazine-luiza-mglu3-aumento-capital-analise-gss\/","og_site_name":"Suno Not\u00edcias","article_publisher":"https:\/\/facebook.com\/sunoresearch","og_image":[{"width":1200,"height":800,"url":"https:\/\/files.sunoresearch.com.br\/n\/uploads\/2023\/05\/magazine-luiza.jpg","type":"image\/jpeg"}],"author":"Guilherme Serrano Silva","twitter_card":"summary_large_image","twitter_creator":"@sunoresearch","twitter_site":"@sunoresearch","twitter_misc":{"Escrito por":"Guilherme Serrano Silva","Est. tempo de leitura":"7 minutos"},"schema":{"@context":"https:\/\/schema.org","@graph":[{"@type":"NewsArticle","@id":"https:\/\/www.suno.com.br\/noticias\/magazine-luiza-mglu3-aumento-capital-analise-gss\/#article","isPartOf":{"@id":"https:\/\/www.suno.com.br\/noticias\/magazine-luiza-mglu3-aumento-capital-analise-gss\/"},"author":{"name":"Guilherme Serrano Silva","@id":"https:\/\/www.suno.com.br\/noticias\/#\/schema\/person\/4a72de8e10febe6d8a50711404b010b3"},"headline":"Magazine Luiza (MGLU3): analistas veem aumento de capital como positivo, mas cen\u00e1rio macroecon\u00f4mico ainda envolve riscos","datePublished":"2024-02-01T12:07:18+00:00","dateModified":"2024-02-01T12:07:27+00:00","mainEntityOfPage":{"@id":"https:\/\/www.suno.com.br\/noticias\/magazine-luiza-mglu3-aumento-capital-analise-gss\/"},"wordCount":1371,"publisher":{"@id":"https:\/\/www.suno.com.br\/noticias\/#organization"},"image":{"@id":"https:\/\/www.suno.com.br\/noticias\/magazine-luiza-mglu3-aumento-capital-analise-gss\/#primaryimage"},"thumbnailUrl":"https:\/\/files.sunoresearch.com.br\/n\/uploads\/2023\/05\/magazine-luiza.jpg","keywords":["Magazine Luiza (MGLU3)","varejo"],"articleSection":["Neg\u00f3cios"],"inLanguage":"pt-BR"},{"@type":"WebPage","@id":"https:\/\/www.suno.com.br\/noticias\/magazine-luiza-mglu3-aumento-capital-analise-gss\/","url":"https:\/\/www.suno.com.br\/noticias\/magazine-luiza-mglu3-aumento-capital-analise-gss\/","name":"Magazine Luiza (MGLU3): como mercado v\u00ea aumento de capital?","isPartOf":{"@id":"https:\/\/www.suno.com.br\/noticias\/#website"},"primaryImageOfPage":{"@id":"https:\/\/www.suno.com.br\/noticias\/magazine-luiza-mglu3-aumento-capital-analise-gss\/#primaryimage"},"image":{"@id":"https:\/\/www.suno.com.br\/noticias\/magazine-luiza-mglu3-aumento-capital-analise-gss\/#primaryimage"},"thumbnailUrl":"https:\/\/files.sunoresearch.com.br\/n\/uploads\/2023\/05\/magazine-luiza.jpg","datePublished":"2024-02-01T12:07:18+00:00","dateModified":"2024-02-01T12:07:27+00:00","description":"Analistas veem o aumento de capital do Magazine Luiza (MGLU3) com bons olhos, mas o cen\u00e1rio macroecon\u00f4mico ainda gera riscos.","breadcrumb":{"@id":"https:\/\/www.suno.com.br\/noticias\/magazine-luiza-mglu3-aumento-capital-analise-gss\/#breadcrumb"},"inLanguage":"pt-BR","potentialAction":[{"@type":"ReadAction","target":["https:\/\/www.suno.com.br\/noticias\/magazine-luiza-mglu3-aumento-capital-analise-gss\/"]}]},{"@type":"ImageObject","inLanguage":"pt-BR","@id":"https:\/\/www.suno.com.br\/noticias\/magazine-luiza-mglu3-aumento-capital-analise-gss\/#primaryimage","url":"https:\/\/files.sunoresearch.com.br\/n\/uploads\/2023\/05\/magazine-luiza.jpg","contentUrl":"https:\/\/files.sunoresearch.com.br\/n\/uploads\/2023\/05\/magazine-luiza.jpg","width":1200,"height":800,"caption":"Magazine Luiza (MGLU3). Foto: iStock"},{"@type":"BreadcrumbList","@id":"https:\/\/www.suno.com.br\/noticias\/magazine-luiza-mglu3-aumento-capital-analise-gss\/#breadcrumb","itemListElement":[{"@type":"ListItem","position":1,"name":"Not\u00edcias","item":"https:\/\/www.suno.com.br\/noticias\/"},{"@type":"ListItem","position":2,"name":"Neg\u00f3cios","item":"https:\/\/www.suno.com.br\/noticias\/negocios\/"},{"@type":"ListItem","position":3,"name":"Magazine Luiza (MGLU3): analistas veem aumento de capital como positivo, mas cen\u00e1rio macroecon\u00f4mico ainda envolve riscos"}]},{"@type":"WebSite","@id":"https:\/\/www.suno.com.br\/noticias\/#website","url":"https:\/\/www.suno.com.br\/noticias\/","name":"Suno Not\u00edcias","description":"Seu portal de informa\u00e7\u00e3o sobre o mundo dos investimentos","publisher":{"@id":"https:\/\/www.suno.com.br\/noticias\/#organization"},"potentialAction":[{"@type":"SearchAction","target":{"@type":"EntryPoint","urlTemplate":"https:\/\/www.suno.com.br\/noticias\/?s={search_term_string}"},"query-input":{"@type":"PropertyValueSpecification","valueRequired":true,"valueName":"search_term_string"}}],"inLanguage":"pt-BR"},{"@type":"Organization","@id":"https:\/\/www.suno.com.br\/noticias\/#organization","name":"Suno Not\u00edcias","url":"https:\/\/www.suno.com.br\/noticias\/","logo":{"@type":"ImageObject","inLanguage":"pt-BR","@id":"https:\/\/www.suno.com.br\/noticias\/#\/schema\/logo\/image\/","url":"https:\/\/files.sunoresearch.com.br\/n\/uploads\/2021\/09\/suno-logo.png","contentUrl":"https:\/\/files.sunoresearch.com.br\/n\/uploads\/2021\/09\/suno-logo.png","width":180,"height":180,"caption":"Suno Not\u00edcias"},"image":{"@id":"https:\/\/www.suno.com.br\/noticias\/#\/schema\/logo\/image\/"},"sameAs":["https:\/\/facebook.com\/sunoresearch","https:\/\/x.com\/sunoresearch","https:\/\/www.instagram.com\/suno","https:\/\/www.linkedin.com\/company\/suno-research\/","https:\/\/www.youtube.com\/c\/sunoresearch"]},{"@type":"Person","@id":"https:\/\/www.suno.com.br\/noticias\/#\/schema\/person\/4a72de8e10febe6d8a50711404b010b3","name":"Guilherme Serrano Silva","image":{"@type":"ImageObject","inLanguage":"pt-BR","@id":"https:\/\/www.suno.com.br\/noticias\/#\/schema\/person\/image\/","url":"https:\/\/secure.gravatar.com\/avatar\/aba5eb082d0443f542e94a82c79e9d50?s=96&r=g","contentUrl":"https:\/\/secure.gravatar.com\/avatar\/aba5eb082d0443f542e94a82c79e9d50?s=96&r=g","caption":"Guilherme Serrano Silva"},"description":"Jornalista formado pela Faculdade C\u00e1sper L\u00edbero e p\u00f3s-graduado em Can\u00e7\u00e3o Popular pela Faculdade Santa Marcelina. Passagens por R\u00e1dio Gazeta AM, gazetaesportiva.com e TC R\u00e1dio.","url":"https:\/\/www.suno.com.br\/noticias\/author\/guilhermeserranosilvagmail-com\/"}]}},"default_loop_html":"<div class=\"cardsPage__listCard__boxs\"><div class=\"cardsPage__listCard__boxs__img\"><a href=\"https:\/\/www.suno.com.br\/noticias\/magazine-luiza-mglu3-aumento-capital-analise-gss\/\"><img class=\"mask\" src=\"https:\/\/www.suno.com.br\/noticias\/wp-content\/themes\/suno\/resources\/images\/spotlight\/spotlight1img\/bg-mask.png\" alt=\"Image Mask\"\/><img src=\"https:\/\/files.sunoresearch.com.br\/n\/uploads\/2023\/05\/magazine-luiza-400x200.jpg\" alt=\"Magazine Luiza (MGLU3): analistas veem aumento de capital como positivo, mas cen\u00e1rio macroecon\u00f4mico ainda envolve riscos\"\/><\/a><span class=\"spotlightCategory\"><a href=\"https:\/\/www.suno.com.br\/noticias\/negocios\/\">Neg\u00f3cios<\/a><\/span><\/div><div class=\"cardsPage__listCard__boxs__content\"><a href=\"https:\/\/www.suno.com.br\/noticias\/magazine-luiza-mglu3-aumento-capital-analise-gss\/\"><h2 class=\"content__title\">Magazine Luiza (MGLU3): analistas veem aumento de capital como positivo, mas cen\u00e1rio macroecon\u00f4mico ainda envolve riscos<\/h2><\/a><div class=\"newsContent__article__meta\"><div class=\"newsContent__article__meta__authorBox\"><a href=\"https:\/\/www.suno.com.br\/noticias\/author\/guilhermeserranosilvagmail-com\/\" class=\"authorBox__avatar noMobi\"><img src=\"https:\/\/files.sunoresearch.com.br\/n\/uploads\/2023\/09\/WhatsApp-Image-2023-09-05-at-11.02.17-150x150.jpeg\" alt=\"Guilherme Serrano Silva\"><\/a><div class=\"authorBox__name\"><span>por\n\t\t\t<a href=\"https:\/\/www.suno.com.br\/noticias\/author\/guilhermeserranosilvagmail-com\/\"><span itemprop=\"author\">Guilherme Serrano Silva<\/span><\/a><\/span><time datetime=\"2024-02-01T09:07:18-03:00\" itemprop=\"datePublished\">01\/02\/2024 09:07<\/time><\/div><\/div><\/div><\/div><\/div>","single_layout":"posts","amp_enabled":true,"_links":{"self":[{"href":"https:\/\/www.suno.com.br\/noticias\/wp-json\/wp\/v2\/posts\/518441"}],"collection":[{"href":"https:\/\/www.suno.com.br\/noticias\/wp-json\/wp\/v2\/posts"}],"about":[{"href":"https:\/\/www.suno.com.br\/noticias\/wp-json\/wp\/v2\/types\/post"}],"author":[{"embeddable":true,"href":"https:\/\/www.suno.com.br\/noticias\/wp-json\/wp\/v2\/users\/322"}],"replies":[{"embeddable":true,"href":"https:\/\/www.suno.com.br\/noticias\/wp-json\/wp\/v2\/comments?post=518441"}],"version-history":[{"count":2,"href":"https:\/\/www.suno.com.br\/noticias\/wp-json\/wp\/v2\/posts\/518441\/revisions"}],"predecessor-version":[{"id":518734,"href":"https:\/\/www.suno.com.br\/noticias\/wp-json\/wp\/v2\/posts\/518441\/revisions\/518734"}],"wp:featuredmedia":[{"embeddable":true,"href":"https:\/\/www.suno.com.br\/noticias\/wp-json\/wp\/v2\/media\/406440"}],"wp:attachment":[{"href":"https:\/\/www.suno.com.br\/noticias\/wp-json\/wp\/v2\/media?parent=518441"}],"wp:term":[{"taxonomy":"category","embeddable":true,"href":"https:\/\/www.suno.com.br\/noticias\/wp-json\/wp\/v2\/categories?post=518441"},{"taxonomy":"post_tag","embeddable":true,"href":"https:\/\/www.suno.com.br\/noticias\/wp-json\/wp\/v2\/tags?post=518441"},{"taxonomy":"suno_strategy","embeddable":true,"href":"https:\/\/www.suno.com.br\/noticias\/wp-json\/wp\/v2\/suno_strategy?post=518441"}],"curies":[{"name":"wp","href":"https:\/\/api.w.org\/{rel}","templated":true}]}}