{"id":518390,"date":"2024-01-31T18:35:40","date_gmt":"2024-01-31T21:35:40","guid":{"rendered":"https:\/\/www.suno.com.br\/noticias\/?p=518390"},"modified":"2024-01-31T21:47:34","modified_gmt":"2024-02-01T00:47:34","slug":"copom-decisao-taxa-selic-janeiro-2024","status":"publish","type":"post","link":"https:\/\/www.suno.com.br\/noticias\/copom-decisao-taxa-selic-janeiro-2024\/","title":{"rendered":"Copom confirma redu\u00e7\u00e3o da Selic em 0,5 p.p para 11,25% ao ano; veja os motivos"},"content":{"rendered":"<p>O Comit\u00ea de&nbsp;<a href=\"https:\/\/www.suno.com.br\/artigos\/politica-monetaria\/\" target=\"_blank\" rel=\"noreferrer noopener\">Pol\u00edtica Monet\u00e1ria<\/a>&nbsp;(<strong>Copom<\/strong>), do Banco Central, divulgou nesta quarta (31) o quinto corte seguido da Selic. Com o corte de 0,5 p.p divulgado hoje, a <a class=\"suno-keyword\" target=\"_blank\" data-force=\"no\" data-priority=\"1\" href=\"https:\/\/www.suno.com.br\/artigos\/taxa-de-juros\/\" rel=\"noopener\">taxa b\u00e1sica de juros<\/a> foi reduzida para 11,25% na primeira reuni\u00e3o do ano do comit\u00ea do BC. A redu\u00e7\u00e3o dos juros era aguardada pelo mercado. A decis\u00e3o foi un\u00e2nime.<\/p>\t<div class=\"wrapper-featured-image\">\n\t\t<figure class=\"spotlightImg\">\n\n\t\t\t<picture>\n\t\t\t\t<source media=\"(max-width: 768px)\" srcset=\"https:\/\/files.sunoresearch.com.br\/n\/uploads\/2023\/05\/banco-centrla-bacen-400x200.jpg\">\n\t\t\t\t<img loading=\"lazy\" decoding=\"async\" class=\"newsContent__article__imgCapa lazyloadDisabled \" src=\"https:\/\/files.sunoresearch.com.br\/n\/uploads\/2023\/05\/banco-centrla-bacen-800x450.jpg\" width=\"800\" height=\"450\" alt=\"Copom confirma redu\u00e7\u00e3o da Selic em 0,5 p.p para 11,25% ao ano; veja os motivos\" fetchpriority=high \/>\n\t\t\t<\/picture>\n\n\t\t\t<figcaption class=\"wp-caption-text wp-caption-text--show\">Banco Central, decis\u00e3o do Copom. Foto: iStock<\/figcaption>\n\t\t<\/figure>\n\t<\/div>\n\n\n\n\n\n\t<p>\n\t\t<a href=\"\" target=\"_blank\" data-element=\"shortcode-suno-banner\" title=\"Banner SUNO, clique e saiba mais\">\n\t\t\t<picture>\n\t\t\t\t<source media=\"(max-width: 500px)\" srcset=\"\">\n\t\t\t\t<img class=\"newsContent__article__imgCapa newsContent__article__imgCapa--banner\"\n\t\t\t\t\tsrc=\"\"\n\t\t\t\t\tdata-promo-id=\"240038\"\t\t\t\t\t\t\t\t\t\t\t\t\t\t\talt=\"\"\n\t\t\t\t>\n\t\t\t<\/picture>\n\t\t<\/a>\n\t<\/p>\n\n\n\n\n\n<p>Os <strong>dirigentes do Copom <\/strong>preveem corte da mesma magnitude nas pr\u00f3ximas reuni\u00f5es do Comit\u00ea.  <\/p>\n\n\n\n<p>&#8220;Em se confirmando o cen\u00e1rio esperado, os membros do Comit\u00ea, unanimemente, anteveem redu\u00e7\u00e3o de mesma magnitude nas pr\u00f3ximas reuni\u00f5es e avaliam que esse \u00e9 o ritmo apropriado para manter a <a class=\"suno-keyword\" target=\"_blank\" data-force=\"no\" data-priority=\"1\" href=\"https:\/\/www.suno.com.br\/artigos\/politica-monetaria-contracionista\/\" rel=\"noopener\">pol\u00edtica monet\u00e1ria contracionista<\/a> necess\u00e1ria para o processo desinflacion\u00e1ria&#8221;, diz o <strong>comunicado do Copom<\/strong>.<\/p>\n\n\n\n<p>O texto que acompanha a<strong> decis\u00e3o do Copom <\/strong>sobre a Selic acrescenta: &#8220;O ritmo [dos cortes] \u00e9 apropriado para manter pol\u00edtica contracionista necess\u00e1ria para desinfla\u00e7\u00e3o. Magnitude total do ciclo depende, em especial, de itens mais sens\u00edveis \u00e0 Selic e atividade.&#8221;<\/p>\n\n\n\n<p>O comit\u00ea fala sobre o cen\u00e1rio dom\u00e9stico: &#8220;O conjunto dos indicadores de atividade econ\u00f4mica segue consistente com o cen\u00e1rio de desacelera\u00e7\u00e3o da economia antecipado pelo Copom. A infla\u00e7\u00e3o cheia ao consumidor, conforme esperado, manteve trajet\u00f3ria de desinfla\u00e7\u00e3o, assim como as medidas de infla\u00e7\u00e3o subjacente, que se aproximam da meta para a infla\u00e7\u00e3o nas divulga\u00e7\u00f5es mais recentes.&#8221;<\/p>\n\n\n\n<p><\/p>\n\n\n\n\n\n<p>A <strong>expectativa de infla\u00e7\u00e3o<\/strong> do Boletim Focus deste ano variou para baixo entre os dois encontros do Comit\u00ea, mas as estimativas de prazos mais longos seguiram desancoradas. A mediana para a infla\u00e7\u00e3o de 2024 passou de 3,93% no \u00faltimo Copom, em meados de dezembro, para 3,81% na \u00faltima divulga\u00e7\u00e3o, ontem. J\u00e1 para 2025 e 2026, as estimativas ficaram estacionadas em 3,50%, tamb\u00e9m acima da meta cont\u00ednua de 3,00%.<\/p>\n\n\n\n<p>Conforme pesquisa do Proje\u00e7\u00f5es Broadcast, 63 de 64 <a class=\"suno-keyword\" target=\"_blank\" data-force=\"no\" data-priority=\"1\" href=\"https:\/\/www.suno.com.br\/artigos\/instituicoes-financeiras\/\" rel=\"noopener\">institui\u00e7\u00f5es financeiras<\/a> consultadas acreditavam que o BC manteria o plano de voo e faria mais um <strong>corte na Selic<\/strong> de 0,50 ponto, para 11,25%, enquanto uma casa apostava em um corte mais agressivo para 11% ao ano. Para 56 entre 60 (93%), o colegiado seguir\u00e1 nesse ritmo tamb\u00e9m nas reuni\u00f5es de mar\u00e7o e maio.<\/p>\n\n\n\n<p>No encontro de dezembro, o BC repetiu no comunicado sobre a <strong>decis\u00e3o do Copom<\/strong> que antevia redu\u00e7\u00e3o de 0,50 ponto porcentual da <strong>taxa Selic<\/strong> nas pr\u00f3ximas reuni\u00f5es e que seria o ritmo apropriado para &#8220;manter a <a class=\"suno-keyword\" target=\"_blank\" data-force=\"no\" data-priority=\"1\" href=\"https:\/\/www.suno.com.br\/artigos\/politica-monetaria-contracionista\/\" rel=\"noopener\">pol\u00edtica monet\u00e1ria contracionista<\/a> necess\u00e1ria para o processo desinflacion\u00e1rio&#8221;.<\/p>\n\n\n\n<p>Segundo o Copom, o corte de 0,5 pp \u00e9 compat\u00edvel com converg\u00eancia para redor da meta ao longo do horizonte relevante. &#8220;A pol\u00edtica contracionista \u00e9 necess\u00e1ria para consolidar desinfla\u00e7\u00e3o e ancoragem em torno de metas. O horizonte relevante inclui 2024 e, em maior&nbsp;grau,&nbsp;2025.&#8221;<\/p>\n\n\n\n<p>O comunicado do BC diz ainda que &#8220;os bancos centrais das principais economias permanecem determinados em promover a converg\u00eancia das taxas de infla\u00e7\u00e3o para suas metas em um ambiente marcado por press\u00f5es nos mercados de trabalho. O Comit\u00ea avalia que o cen\u00e1rio segue exigindo cautela por parte de pa\u00edses emergentes.&#8221;<\/p>\n\n\n\n<h2 class=\"wp-block-heading\">Infla\u00e7\u00e3o e cautela<\/h2>\n\n\n\n<p>As proje\u00e7\u00f5es de infla\u00e7\u00e3o do Copom em seu cen\u00e1rio de refer\u00eancia est\u00e3o em 3,5% em 2024 e 3,2% em 2025. &#8220;As proje\u00e7\u00f5es para a infla\u00e7\u00e3o de pre\u00e7os administrados s\u00e3o de 4,2% em 2024 e 3,8% em 2025&#8221;, diz o BC.<\/p>\n\n\n\n<p>O Comit\u00ea ressalta que, em seus cen\u00e1rios para a infla\u00e7\u00e3o,&#8221; permanecem fatores de risco em ambas as dire\u00e7\u00f5es&#8221;. Entre os riscos de alta para o cen\u00e1rio inflacion\u00e1rio e as expectativas de infla\u00e7\u00e3o, , relaciona o Copom &#8220;destacam-se (i) uma maior persist\u00eancia das press\u00f5es inflacion\u00e1rias globais; e (ii) uma maior resili\u00eancia na infla\u00e7\u00e3o de servi\u00e7os do que a projetada em fun\u00e7\u00e3o de um hiato do produto mais apertado. Entre os riscos de baixa, ressaltam-se (i) uma desacelera\u00e7\u00e3o da atividade econ\u00f4mica global mais acentuada do que a projetada; e (ii) os impactos do aperto monet\u00e1rio sincronizado sobre a desinfla\u00e7\u00e3o global se mostrarem mais fortes do que o esperado. O Comit\u00ea avalia que a conjuntura, em particular devido ao cen\u00e1rio internacional, segue incerta e exige cautela na condu\u00e7\u00e3o da pol\u00edtica monet\u00e1ria.&#8221;<\/p>\n\n\n\n<p>Mais uma vez, a diretoria do BC enfatiza que o ciclo de flexibiliza\u00e7\u00e3o ao longo do tempo depender\u00e1 dos mesmos fatores elencados desde o ano passado: da evolu\u00e7\u00e3o da din\u00e2mica inflacion\u00e1ria, em especial dos componentes mais sens\u00edveis \u00e0 pol\u00edtica monet\u00e1ria e \u00e0 atividade econ\u00f4mica, das expectativas de infla\u00e7\u00e3o, em particular daquelas de maior prazo, de suas proje\u00e7\u00f5es de infla\u00e7\u00e3o, do hiato do produto e do balan\u00e7o de riscos.<\/p>\n\n\n\n<p>Ao repetir a mensagem de &#8220;cautela e modera\u00e7\u00e3o&#8221; na condu\u00e7\u00e3o da pol\u00edtica monet\u00e1ria, o Copom reafirmou que a conjuntura atual \u00e9 caracterizada por um est\u00e1gio do processo desinflacion\u00e1rio que tende a ser mais lento, expectativas de infla\u00e7\u00e3o com reancoragem apenas parcial e um cen\u00e1rio global desafiador.<\/p>\n\n\n\n<p>&#8220;O Comit\u00ea refor\u00e7a a necessidade de perseverar com uma pol\u00edtica monet\u00e1ria contracionista at\u00e9 que se consolide n\u00e3o apenas o processo de desinfla\u00e7\u00e3o como tamb\u00e9m a ancoragem das expectativas em torno de suas metas&#8221;, repetiu o BC.<\/p>\n\n\n\t<p>\n\t\t<a href=\"https:\/\/lp.suno.com.br\/ebook-gratuito-investindo-no-exterior\/\" target=\"_blank\" data-element=\"shortcode-suno-banner\" title=\"Banner SUNO, clique e saiba mais\">\n\t\t\t<picture>\n\t\t\t\t<source media=\"(max-width: 500px)\" srcset=\"https:\/\/files.sunoresearch.com.br\/n\/uploads\/2023\/03\/400x300-Investindo-no-exterior.png\">\n\t\t\t\t<img class=\"newsContent__article__imgCapa newsContent__article__imgCapa--banner\"\n\t\t\t\t\tsrc=\"https:\/\/files.sunoresearch.com.br\/n\/uploads\/2023\/03\/1420x240-Investindo-no-exterior.png\"\n\t\t\t\t\tdata-promo-id=\"383161\"\t\t\t\t\t\t\t\t\t\twidth='1420' height='240'\t\t\t\t\talt=\"https:\/\/files.sunoresearch.com.br\/n\/uploads\/2023\/03\/1420x240-Investindo-no-exterior.png\"\n\t\t\t\t>\n\t\t\t<\/picture>\n\t\t<\/a>\n\t<\/p>\n\n\n\n\n\n<p>Desde a \u00faltima reuni\u00e3o, o presidente do BC, Roberto Campos Neto, e outros diretores refor\u00e7aram que a sinaliza\u00e7\u00e3o continua sendo de novos cortes de 0,50 pp. Na coletiva do \u00faltimo Relat\u00f3rio Trimestral de Infla\u00e7\u00e3o (RTI), ele enfatizou que essa mensagem valia para dois encontros: de janeiro e mar\u00e7o de 2024.<\/p>\n\n\n\n<p>A taxa est\u00e1 no menor n\u00edvel desde mar\u00e7o de 2022, quando estava em 10,75% ao ano. De mar\u00e7o de 2021 a agosto de 2022, o Copom elevou a Selic por 12 vezes consecutivas, num ciclo de aperto monet\u00e1rio que come\u00e7ou em meio \u00e0 alta dos pre\u00e7os de alimentos, de energia e de combust\u00edveis. Por um ano, de agosto de 2022 a agosto de 2023, a taxa foi mantida em 13,75% ao ano por sete vezes seguidas.<\/p>\n\n\n\n<p>Antes do in\u00edcio do ciclo de alta, a Selic tinha sido reduzida para 2% ao ano, no n\u00edvel mais baixo da s\u00e9rie hist\u00f3rica iniciada em 1986. Por causa da contra\u00e7\u00e3o econ\u00f4mica gerada pela pandemia de covid-19, o Banco Central tinha derrubado a taxa para estimular a produ\u00e7\u00e3o e o consumo. A taxa ficou no menor patamar da hist\u00f3ria de agosto de 2020 a mar\u00e7o de 2021.<\/p>\n\n\n\n<h2 class=\"wp-block-heading\">Leia o comunicado do Copom <\/h2>\n\n\n\n<p><em>O ambiente externo segue vol\u00e1til, marcado pelo debate sobre o in\u00edcio da flexibiliza\u00e7\u00e3o de pol\u00edtica monet\u00e1ria nas principais economias e por sinais de queda dos n\u00facleos de infla\u00e7\u00e3o, que ainda permanecem em n\u00edveis elevados em diversos pa\u00edses. Os bancos centrais das principais economias permanecem determinados em promover a converg\u00eancia das taxas de infla\u00e7\u00e3o para suas metas em um ambiente marcado por press\u00f5es nos mercados de trabalho. O Comit\u00ea avalia que o cen\u00e1rio segue exigindo cautela por parte de pa\u00edses emergentes.<\/em><\/p>\n\n\n\n<p><em>Em rela\u00e7\u00e3o ao cen\u00e1rio dom\u00e9stico, o conjunto dos indicadores de atividade econ\u00f4mica segue consistente com o cen\u00e1rio de desacelera\u00e7\u00e3o da economia antecipado pelo Copom. A infla\u00e7\u00e3o cheia ao consumidor, conforme esperado, manteve trajet\u00f3ria de desinfla\u00e7\u00e3o, assim como as medidas de infla\u00e7\u00e3o subjacente, que se aproximam da meta para a infla\u00e7\u00e3o nas divulga\u00e7\u00f5es mais recentes.<\/em><\/p>\n\n\n\n<p><em>As expectativas de infla\u00e7\u00e3o para 2024 e 2025 apuradas pela pesquisa Focus encontram-se em torno de 3,8% e 3,5%, respectivamente.<\/em><\/p>\n\n\n\n<p><em>As proje\u00e7\u00f5es de infla\u00e7\u00e3o do Copom em seu cen\u00e1rio de refer\u00eancia* situam-se em 3,5% em 2024 e 3,2% em 2025. As proje\u00e7\u00f5es para a infla\u00e7\u00e3o de pre\u00e7os administrados s\u00e3o de 4,2% em 2024 e 3,8% em 2025.<\/em><\/p>\n\n\n\n<p><em>O Comit\u00ea ressalta que, em seus cen\u00e1rios para a infla\u00e7\u00e3o, permanecem fatores de risco em ambas as dire\u00e7\u00f5es. Entre os riscos de alta para o cen\u00e1rio inflacion\u00e1rio e as expectativas de infla\u00e7\u00e3o, destacam-se (i) uma maior persist\u00eancia das press\u00f5es inflacion\u00e1rias globais; e (ii) uma maior resili\u00eancia na infla\u00e7\u00e3o de servi\u00e7os do que a projetada em fun\u00e7\u00e3o de um hiato do produto mais apertado. Entre os riscos de baixa, ressaltam-se (i) uma desacelera\u00e7\u00e3o da atividade econ\u00f4mica global mais acentuada do que a projetada; e (ii) os impactos do aperto monet\u00e1rio sincronizado sobre a desinfla\u00e7\u00e3o global se mostrarem mais fortes do que o esperado. O Comit\u00ea avalia que a conjuntura, em particular devido ao cen\u00e1rio internacional, segue incerta e exige cautela na condu\u00e7\u00e3o da pol\u00edtica monet\u00e1ria.<\/em><\/p>\n\n\n\n<p><em>Tendo em conta a import\u00e2ncia da execu\u00e7\u00e3o das metas fiscais j\u00e1 estabelecidas para a ancoragem das expectativas de infla\u00e7\u00e3o e, consequentemente, para a condu\u00e7\u00e3o da pol\u00edtica monet\u00e1ria, o Comit\u00ea reafirma a import\u00e2ncia da firme persecu\u00e7\u00e3o dessas metas.<\/em><\/p>\n\n\n\n<p><em>Considerando a evolu\u00e7\u00e3o do processo de desinfla\u00e7\u00e3o, os cen\u00e1rios avaliados, o balan\u00e7o de riscos e o amplo conjunto de informa\u00e7\u00f5es dispon\u00edveis, o Copom decidiu reduzir a <a class=\"suno-keyword\" target=\"_blank\" data-force=\"no\" data-priority=\"1\" href=\"https:\/\/www.suno.com.br\/artigos\/taxa-de-juros\/\" rel=\"noopener\">taxa b\u00e1sica de juros<\/a> em 0,50 ponto percentual, para 11,25% a.a., e entende que essa decis\u00e3o \u00e9 compat\u00edvel com a estrat\u00e9gia de converg\u00eancia da infla\u00e7\u00e3o para o redor da meta ao longo do horizonte relevante, que inclui o ano de 2024 e, em grau maior, o de 2025. Sem preju\u00edzo de seu objetivo fundamental de assegurar a estabilidade de pre\u00e7os, essa decis\u00e3o tamb\u00e9m implica suaviza\u00e7\u00e3o das flutua\u00e7\u00f5es do n\u00edvel de atividade econ\u00f4mica e fomento do pleno emprego.<\/em><\/p>\n\n\n\n<p><em>A conjuntura atual, caracterizada por um est\u00e1gio do processo desinflacion\u00e1rio que tende a ser mais lento, expectativas de infla\u00e7\u00e3o com reancoragem apenas parcial e um cen\u00e1rio global desafiador, demanda serenidade e modera\u00e7\u00e3o na condu\u00e7\u00e3o da pol\u00edtica monet\u00e1ria. O Comit\u00ea refor\u00e7a a necessidade de perseverar com uma <a class=\"suno-keyword\" target=\"_blank\" data-force=\"no\" data-priority=\"1\" href=\"https:\/\/www.suno.com.br\/artigos\/politica-monetaria-contracionista\/\" rel=\"noopener\">pol\u00edtica monet\u00e1ria contracionista<\/a> at\u00e9 que se consolide n\u00e3o apenas o processo de desinfla\u00e7\u00e3o como tamb\u00e9m a ancoragem das expectativas em torno de suas metas.<\/em><\/p>\n\n\n\n<p><em>Em se confirmando o cen\u00e1rio esperado, os membros do Comit\u00ea, unanimemente, anteveem redu\u00e7\u00e3o de mesma magnitude nas pr\u00f3ximas reuni\u00f5es e avaliam que esse \u00e9 o ritmo apropriado para manter a <a class=\"suno-keyword\" target=\"_blank\" data-force=\"no\" data-priority=\"1\" href=\"https:\/\/www.suno.com.br\/artigos\/politica-monetaria-contracionista\/\" rel=\"noopener\">pol\u00edtica monet\u00e1ria contracionista<\/a> necess\u00e1ria para o processo desinflacion\u00e1rio. O Comit\u00ea enfatiza que a magnitude total do ciclo de flexibiliza\u00e7\u00e3o ao longo do tempo depender\u00e1 da evolu\u00e7\u00e3o da din\u00e2mica inflacion\u00e1ria, em especial dos componentes mais sens\u00edveis \u00e0 pol\u00edtica monet\u00e1ria e \u00e0 atividade econ\u00f4mica, das expectativas de infla\u00e7\u00e3o, em particular daquelas de maior prazo, de suas proje\u00e7\u00f5es de infla\u00e7\u00e3o, do hiato do produto e do balan\u00e7o de riscos.<\/em><\/p>\n\n\n\n<p><em>Votaram por uma redu\u00e7\u00e3o de 0,50 ponto percentual os seguintes membros do Comit\u00ea: Roberto de Oliveira Campos Neto (presidente), Ailton de Aquino Santos, Carolina de Assis Barros, Diogo Abry Guillen, Gabriel Muricca Gal\u00edpolo, Ot\u00e1vio Ribeiro Damaso, Paulo Picchetti, Renato Dias de Brito Gomes e Rodrigo Alves Teixeira.<\/em><\/p>\n\n\n\n<ul class=\"wp-block-list\">\n<li><em>No cen\u00e1rio de refer\u00eancia, a trajet\u00f3ria para a taxa de juros \u00e9 extra\u00edda da pesquisa Focus e a taxa de c\u00e2mbio parte de USD\/BRL 4,95, evoluindo segundo a paridade do poder de compra (PPC). O pre\u00e7o do petr\u00f3leo segue aproximadamente a curva futura pelos pr\u00f3ximos seis meses e passa a aumentar 2% ao ano posteriormente. Al\u00e9m disso, adota-se a hip\u00f3tese de bandeira tarif\u00e1ria &#8220;verde&#8221; em dezembro de 2024 e de 2025. O valor para o c\u00e2mbio foi obtido pelo procedimento, que passou a ser adotado na 258\u00aa reuni\u00e3o, de arredondar a cota\u00e7\u00e3o m\u00e9dia da taxa de c\u00e2mbio USD\/BRL observada nos dez dias \u00fateis encerrados no \u00faltimo dia da semana anterior \u00e0 da reuni\u00e3o do Copom.<\/em><\/li>\n<\/ul>\n\n\n\n\t<div data-element=\"shortcode-read-more\" class=\"readToo\">\n\t\t\t\t<span class=\"readToo__title\">Leia mais<\/span>\n\t\t\t\t<ul class=\"readToo__list\">\n\t\t\t<li><a href=\"https:\/\/www.suno.com.br\/noticias\/previa-do-copom-taxa0selic-juros-gpj\/\">Copom deve confirmar redu\u00e7\u00e3o da Selic na primeira reuni\u00e3o do ano. Como ser\u00e1 o ritmo dos pr\u00f3ximos cortes?<\/a><\/li><li><a href=\"https:\/\/www.suno.com.br\/noticias\/copom-deputado-envia-pl-muda-composicao-va\/\">Copom: projeto de lei prev\u00ea mudan\u00e7a na composi\u00e7\u00e3o do comit\u00ea, incluindo Haddad, Tebet e Alckmin<\/a><\/li><li><a href=\"https:\/\/www.suno.com.br\/noticias\/calendario-reunioes-copom-2024-taxa-selic-cpf\/\">Calend\u00e1rio de reuni\u00f5es do Copom 2024: veja os dias dos encontros do BC para definir a Selic<\/a><\/li>\t\t<\/ul>\n\t<\/div>\n\n\n\n\n<h2 class=\"wp-block-heading\">Banco do Brasil (BBAS3) reduz juros de linhas de cr\u00e9dito ap\u00f3s corte da Selic<\/h2>\n\n\n\n<p>O Banco do Brasil (BBAS3) voltou a reduzir os juros cobrados em v\u00e1rias linhas de cr\u00e9dito, tanto para pessoas f\u00edsicas quanto para pessoas jur\u00eddicas, ap\u00f3s o Copom reduzir a taxa Selic em 0,5 ponto porcentual, para 11,25% ao ano nessa noite. No banco, as novas taxas passam a valer na segunda-feira, 5.<\/p>\n\n\n\n<p>Segundo o BB, os juros podem ficar at\u00e9 0,04 ponto porcentual mais baixos com os cortes, a depender da linha de cr\u00e9dito. Em pessoas f\u00edsicas, cair\u00e3o os juros de cr\u00e9dito consignado para o setor p\u00fablico, sal\u00e1rio, renova\u00e7\u00e3o e cart\u00e3o de cr\u00e9dito. Em pessoas jur\u00eddicas, as redu\u00e7\u00f5es acontecer\u00e3o em especial nas linhas de receb\u00edveis e de financiamento.<\/p>\n\n\n\n<p>&#8220;Ao diminuir as taxas de juros, o BB d\u00e1 a sua contribui\u00e7\u00e3o para o desenvolvimento do Pa\u00eds&#8221;, diz em nota a presidente do BB, Tarciana Medeiros. &#8220;Acreditamos que a medida ir\u00e1 incentivar investimentos, estimular o consumo e criar um ambiente prop\u00edcio para o crescimento da economia, com a gera\u00e7\u00e3o de mais empregos e renda.&#8221;<\/p>\n\n\n\n<p>No ano passado, o BB fez redu\u00e7\u00f5es nos juros de algumas linhas a partir dos cortes feitos na Selic pelo <strong>Copom<\/strong>.<\/p>\n\n\n\n<p><em>Com Estad\u00e3o Conte\u00fado e Ag\u00eancia Brasil<\/em><\/p>\n\n\n\t<p>\n\t\t<a href=\"https:\/\/lp.suno.com.br\/planilha-da-vida-financeira\/\" target=\"_blank\" data-element=\"shortcode-suno-banner\" title=\"Banner SUNO, clique e saiba mais\">\n\t\t\t<picture>\n\t\t\t\t<source media=\"(max-width: 500px)\" srcset=\"https:\/\/files.sunoresearch.com.br\/n\/uploads\/2023\/04\/400x300-Planilha-vida-financeira-true.png\">\n\t\t\t\t<img class=\"newsContent__article__imgCapa newsContent__article__imgCapa--banner\"\n\t\t\t\t\tsrc=\"https:\/\/files.sunoresearch.com.br\/n\/uploads\/2023\/04\/1420x240-Planilha-vida-financeira-true.png\"\n\t\t\t\t\tdata-promo-id=\"383123\"\t\t\t\t\t\t\t\t\t\twidth='1420' height='240'\t\t\t\t\talt=\"https:\/\/files.sunoresearch.com.br\/n\/uploads\/2023\/04\/1420x240-Planilha-vida-financeira-true.png\"\n\t\t\t\t>\n\t\t\t<\/picture>\n\t\t<\/a>\n\t<\/p>\n\n\n","protected":false},"excerpt":{"rendered":"<p>O Comit\u00ea de&nbsp;Pol\u00edtica Monet\u00e1ria&nbsp;(Copom), do Banco Central, divulgou nesta quarta (31) o quinto corte seguido da Selic. Com o corte de 0,5 p.p divulgado hoje, a taxa b\u00e1sica de juros foi reduzida para 11,25% na primeira reuni\u00e3o do ano do comit\u00ea do BC. A redu\u00e7\u00e3o dos juros era aguardada pelo mercado. A decis\u00e3o foi un\u00e2nime. [&hellip;]<\/p>\n","protected":false},"author":98,"featured_media":408569,"comment_status":"closed","ping_status":"closed","sticky":false,"template":"","format":"standard","meta":[],"categories":[62],"tags":[1104,290],"suno_strategy":[],"class_list":["post-518390","post","type-post","status-publish","format-standard","has-post-thumbnail","hentry","category-economia","tag-copom","tag-taxa-selic"],"yoast_head":"<!-- This site is optimized with the Yoast SEO plugin v24.4 - https:\/\/yoast.com\/wordpress\/plugins\/seo\/ -->\n<title>Copom confirma corte da Selic para 11,25% ao ano<\/title>\n<meta name=\"description\" content=\"O Comit\u00ea de\u00a0Pol\u00edtica Monet\u00e1ria\u00a0(Copom), do Banco Central, divulgou nesta quarta (31) o quinto corte seguido da Selic\" \/>\n<meta name=\"robots\" content=\"index, follow, max-snippet:-1, max-image-preview:large, max-video-preview:-1\" \/>\n<link rel=\"canonical\" href=\"https:\/\/www.suno.com.br\/noticias\/copom-decisao-taxa-selic-janeiro-2024\/\" \/>\n<meta property=\"og:locale\" content=\"pt_BR\" \/>\n<meta property=\"og:type\" content=\"article\" \/>\n<meta property=\"og:title\" content=\"Copom confirma corte da Selic para 11,25% ao ano\" \/>\n<meta property=\"og:description\" content=\"O Comit\u00ea de\u00a0Pol\u00edtica Monet\u00e1ria\u00a0(Copom), do Banco Central, divulgou nesta quarta (31) o quinto corte seguido da Selic\" \/>\n<meta property=\"og:url\" content=\"https:\/\/www.suno.com.br\/noticias\/copom-decisao-taxa-selic-janeiro-2024\/\" \/>\n<meta property=\"og:site_name\" content=\"Suno Not\u00edcias\" \/>\n<meta property=\"article:publisher\" content=\"https:\/\/facebook.com\/sunoresearch\" \/>\n<meta property=\"og:image\" content=\"https:\/\/files.sunoresearch.com.br\/n\/uploads\/2023\/05\/banco-centrla-bacen.jpg\" \/>\n\t<meta property=\"og:image:width\" content=\"1251\" \/>\n\t<meta property=\"og:image:height\" content=\"838\" \/>\n\t<meta property=\"og:image:type\" content=\"image\/jpeg\" \/>\n<meta name=\"author\" content=\"Marco Ant\u00f4nio Lopes\" \/>\n<meta name=\"twitter:card\" content=\"summary_large_image\" \/>\n<meta name=\"twitter:creator\" content=\"@sunoresearch\" \/>\n<meta name=\"twitter:site\" content=\"@sunoresearch\" \/>\n<meta name=\"twitter:label1\" content=\"Escrito por\" \/>\n\t<meta name=\"twitter:data1\" content=\"Marco Ant\u00f4nio Lopes\" \/>\n\t<meta name=\"twitter:label2\" content=\"Est. tempo de leitura\" \/>\n\t<meta name=\"twitter:data2\" content=\"11 minutos\" \/>\n<script type=\"application\/ld+json\" class=\"yoast-schema-graph\">{\"@context\":\"https:\/\/schema.org\",\"@graph\":[{\"@type\":\"NewsArticle\",\"@id\":\"https:\/\/www.suno.com.br\/noticias\/copom-decisao-taxa-selic-janeiro-2024\/#article\",\"isPartOf\":{\"@id\":\"https:\/\/www.suno.com.br\/noticias\/copom-decisao-taxa-selic-janeiro-2024\/\"},\"author\":{\"name\":\"Marco Ant\u00f4nio Lopes\",\"@id\":\"https:\/\/www.suno.com.br\/noticias\/#\/schema\/person\/829bbe8d57f84333b966b96229c6bf5f\"},\"headline\":\"Copom confirma redu\u00e7\u00e3o da Selic em 0,5 p.p para 11,25% ao ano; veja os motivos\",\"datePublished\":\"2024-01-31T21:35:40+00:00\",\"dateModified\":\"2024-02-01T00:47:34+00:00\",\"mainEntityOfPage\":{\"@id\":\"https:\/\/www.suno.com.br\/noticias\/copom-decisao-taxa-selic-janeiro-2024\/\"},\"wordCount\":2235,\"publisher\":{\"@id\":\"https:\/\/www.suno.com.br\/noticias\/#organization\"},\"image\":{\"@id\":\"https:\/\/www.suno.com.br\/noticias\/copom-decisao-taxa-selic-janeiro-2024\/#primaryimage\"},\"thumbnailUrl\":\"https:\/\/files.sunoresearch.com.br\/n\/uploads\/2023\/05\/banco-centrla-bacen.jpg\",\"keywords\":[\"Copom\",\"Taxa Selic\"],\"articleSection\":[\"Economia\"],\"inLanguage\":\"pt-BR\"},{\"@type\":\"WebPage\",\"@id\":\"https:\/\/www.suno.com.br\/noticias\/copom-decisao-taxa-selic-janeiro-2024\/\",\"url\":\"https:\/\/www.suno.com.br\/noticias\/copom-decisao-taxa-selic-janeiro-2024\/\",\"name\":\"Copom confirma corte da Selic para 11,25% ao ano\",\"isPartOf\":{\"@id\":\"https:\/\/www.suno.com.br\/noticias\/#website\"},\"primaryImageOfPage\":{\"@id\":\"https:\/\/www.suno.com.br\/noticias\/copom-decisao-taxa-selic-janeiro-2024\/#primaryimage\"},\"image\":{\"@id\":\"https:\/\/www.suno.com.br\/noticias\/copom-decisao-taxa-selic-janeiro-2024\/#primaryimage\"},\"thumbnailUrl\":\"https:\/\/files.sunoresearch.com.br\/n\/uploads\/2023\/05\/banco-centrla-bacen.jpg\",\"datePublished\":\"2024-01-31T21:35:40+00:00\",\"dateModified\":\"2024-02-01T00:47:34+00:00\",\"description\":\"O Comit\u00ea de\u00a0Pol\u00edtica Monet\u00e1ria\u00a0(Copom), do Banco Central, divulgou nesta quarta (31) o quinto corte seguido da Selic\",\"breadcrumb\":{\"@id\":\"https:\/\/www.suno.com.br\/noticias\/copom-decisao-taxa-selic-janeiro-2024\/#breadcrumb\"},\"inLanguage\":\"pt-BR\",\"potentialAction\":[{\"@type\":\"ReadAction\",\"target\":[\"https:\/\/www.suno.com.br\/noticias\/copom-decisao-taxa-selic-janeiro-2024\/\"]}]},{\"@type\":\"ImageObject\",\"inLanguage\":\"pt-BR\",\"@id\":\"https:\/\/www.suno.com.br\/noticias\/copom-decisao-taxa-selic-janeiro-2024\/#primaryimage\",\"url\":\"https:\/\/files.sunoresearch.com.br\/n\/uploads\/2023\/05\/banco-centrla-bacen.jpg\",\"contentUrl\":\"https:\/\/files.sunoresearch.com.br\/n\/uploads\/2023\/05\/banco-centrla-bacen.jpg\",\"width\":1251,\"height\":838,\"caption\":\"Banco Central, decis\u00e3o do Copom. Foto: iStock\"},{\"@type\":\"BreadcrumbList\",\"@id\":\"https:\/\/www.suno.com.br\/noticias\/copom-decisao-taxa-selic-janeiro-2024\/#breadcrumb\",\"itemListElement\":[{\"@type\":\"ListItem\",\"position\":1,\"name\":\"Not\u00edcias\",\"item\":\"https:\/\/www.suno.com.br\/noticias\/\"},{\"@type\":\"ListItem\",\"position\":2,\"name\":\"Economia\",\"item\":\"https:\/\/www.suno.com.br\/noticias\/economia\/\"},{\"@type\":\"ListItem\",\"position\":3,\"name\":\"Copom confirma redu\u00e7\u00e3o da Selic em 0,5 p.p para 11,25% ao ano; veja os motivos\"}]},{\"@type\":\"WebSite\",\"@id\":\"https:\/\/www.suno.com.br\/noticias\/#website\",\"url\":\"https:\/\/www.suno.com.br\/noticias\/\",\"name\":\"Suno Not\u00edcias\",\"description\":\"Seu portal de informa\u00e7\u00e3o sobre o mundo dos investimentos\",\"publisher\":{\"@id\":\"https:\/\/www.suno.com.br\/noticias\/#organization\"},\"potentialAction\":[{\"@type\":\"SearchAction\",\"target\":{\"@type\":\"EntryPoint\",\"urlTemplate\":\"https:\/\/www.suno.com.br\/noticias\/?s={search_term_string}\"},\"query-input\":{\"@type\":\"PropertyValueSpecification\",\"valueRequired\":true,\"valueName\":\"search_term_string\"}}],\"inLanguage\":\"pt-BR\"},{\"@type\":\"Organization\",\"@id\":\"https:\/\/www.suno.com.br\/noticias\/#organization\",\"name\":\"Suno Not\u00edcias\",\"url\":\"https:\/\/www.suno.com.br\/noticias\/\",\"logo\":{\"@type\":\"ImageObject\",\"inLanguage\":\"pt-BR\",\"@id\":\"https:\/\/www.suno.com.br\/noticias\/#\/schema\/logo\/image\/\",\"url\":\"https:\/\/files.sunoresearch.com.br\/n\/uploads\/2021\/09\/suno-logo.png\",\"contentUrl\":\"https:\/\/files.sunoresearch.com.br\/n\/uploads\/2021\/09\/suno-logo.png\",\"width\":180,\"height\":180,\"caption\":\"Suno Not\u00edcias\"},\"image\":{\"@id\":\"https:\/\/www.suno.com.br\/noticias\/#\/schema\/logo\/image\/\"},\"sameAs\":[\"https:\/\/facebook.com\/sunoresearch\",\"https:\/\/x.com\/sunoresearch\",\"https:\/\/www.instagram.com\/suno\",\"https:\/\/www.linkedin.com\/company\/suno-research\/\",\"https:\/\/www.youtube.com\/c\/sunoresearch\"]},{\"@type\":\"Person\",\"@id\":\"https:\/\/www.suno.com.br\/noticias\/#\/schema\/person\/829bbe8d57f84333b966b96229c6bf5f\",\"name\":\"Marco Ant\u00f4nio Lopes\",\"image\":{\"@type\":\"ImageObject\",\"inLanguage\":\"pt-BR\",\"@id\":\"https:\/\/www.suno.com.br\/noticias\/#\/schema\/person\/image\/\",\"url\":\"https:\/\/secure.gravatar.com\/avatar\/385167b012fbc1cde32c5446ee253313?s=96&r=g\",\"contentUrl\":\"https:\/\/secure.gravatar.com\/avatar\/385167b012fbc1cde32c5446ee253313?s=96&r=g\",\"caption\":\"Marco Ant\u00f4nio Lopes\"},\"description\":\"Jornalista, \u00e9 editor no Suno Not\u00edcias. Trabalhou nas revistas Playboy, Super, Veja Comer &amp; Beber, Homem Vogue e Universo Masculino, al\u00e9m dos portais Abril.com, R7, nas editorias de Home, Esportes, Hora 7, Entretenimento e Geral, e Eu Quero Investir. Autor do livro Bruce Lee: Definitivo (Editora Conrad). Colaborou nas revistas Nova, Veja SP, Grandes Guerras, Placar, Bizz, Casa Claudia e Quatro Rodas.\",\"url\":\"https:\/\/www.suno.com.br\/noticias\/author\/marco-lopes\/\"}]}<\/script>\n<!-- \/ Yoast SEO plugin. -->","yoast_head_json":{"title":"Copom confirma corte da Selic para 11,25% ao ano","description":"O Comit\u00ea de\u00a0Pol\u00edtica Monet\u00e1ria\u00a0(Copom), do Banco Central, divulgou nesta quarta (31) o quinto corte seguido da Selic","robots":{"index":"index","follow":"follow","max-snippet":"max-snippet:-1","max-image-preview":"max-image-preview:large","max-video-preview":"max-video-preview:-1"},"canonical":"https:\/\/www.suno.com.br\/noticias\/copom-decisao-taxa-selic-janeiro-2024\/","og_locale":"pt_BR","og_type":"article","og_title":"Copom confirma corte da Selic para 11,25% ao ano","og_description":"O Comit\u00ea de\u00a0Pol\u00edtica Monet\u00e1ria\u00a0(Copom), do Banco Central, divulgou nesta quarta (31) o quinto corte seguido da Selic","og_url":"https:\/\/www.suno.com.br\/noticias\/copom-decisao-taxa-selic-janeiro-2024\/","og_site_name":"Suno Not\u00edcias","article_publisher":"https:\/\/facebook.com\/sunoresearch","og_image":[{"width":1251,"height":838,"url":"https:\/\/files.sunoresearch.com.br\/n\/uploads\/2023\/05\/banco-centrla-bacen.jpg","type":"image\/jpeg"}],"author":"Marco Ant\u00f4nio Lopes","twitter_card":"summary_large_image","twitter_creator":"@sunoresearch","twitter_site":"@sunoresearch","twitter_misc":{"Escrito por":"Marco Ant\u00f4nio Lopes","Est. tempo de leitura":"11 minutos"},"schema":{"@context":"https:\/\/schema.org","@graph":[{"@type":"NewsArticle","@id":"https:\/\/www.suno.com.br\/noticias\/copom-decisao-taxa-selic-janeiro-2024\/#article","isPartOf":{"@id":"https:\/\/www.suno.com.br\/noticias\/copom-decisao-taxa-selic-janeiro-2024\/"},"author":{"name":"Marco Ant\u00f4nio Lopes","@id":"https:\/\/www.suno.com.br\/noticias\/#\/schema\/person\/829bbe8d57f84333b966b96229c6bf5f"},"headline":"Copom confirma redu\u00e7\u00e3o da Selic em 0,5 p.p para 11,25% ao ano; veja os motivos","datePublished":"2024-01-31T21:35:40+00:00","dateModified":"2024-02-01T00:47:34+00:00","mainEntityOfPage":{"@id":"https:\/\/www.suno.com.br\/noticias\/copom-decisao-taxa-selic-janeiro-2024\/"},"wordCount":2235,"publisher":{"@id":"https:\/\/www.suno.com.br\/noticias\/#organization"},"image":{"@id":"https:\/\/www.suno.com.br\/noticias\/copom-decisao-taxa-selic-janeiro-2024\/#primaryimage"},"thumbnailUrl":"https:\/\/files.sunoresearch.com.br\/n\/uploads\/2023\/05\/banco-centrla-bacen.jpg","keywords":["Copom","Taxa Selic"],"articleSection":["Economia"],"inLanguage":"pt-BR"},{"@type":"WebPage","@id":"https:\/\/www.suno.com.br\/noticias\/copom-decisao-taxa-selic-janeiro-2024\/","url":"https:\/\/www.suno.com.br\/noticias\/copom-decisao-taxa-selic-janeiro-2024\/","name":"Copom confirma corte da Selic para 11,25% ao ano","isPartOf":{"@id":"https:\/\/www.suno.com.br\/noticias\/#website"},"primaryImageOfPage":{"@id":"https:\/\/www.suno.com.br\/noticias\/copom-decisao-taxa-selic-janeiro-2024\/#primaryimage"},"image":{"@id":"https:\/\/www.suno.com.br\/noticias\/copom-decisao-taxa-selic-janeiro-2024\/#primaryimage"},"thumbnailUrl":"https:\/\/files.sunoresearch.com.br\/n\/uploads\/2023\/05\/banco-centrla-bacen.jpg","datePublished":"2024-01-31T21:35:40+00:00","dateModified":"2024-02-01T00:47:34+00:00","description":"O Comit\u00ea de\u00a0Pol\u00edtica Monet\u00e1ria\u00a0(Copom), do Banco Central, divulgou nesta quarta (31) o quinto corte seguido da Selic","breadcrumb":{"@id":"https:\/\/www.suno.com.br\/noticias\/copom-decisao-taxa-selic-janeiro-2024\/#breadcrumb"},"inLanguage":"pt-BR","potentialAction":[{"@type":"ReadAction","target":["https:\/\/www.suno.com.br\/noticias\/copom-decisao-taxa-selic-janeiro-2024\/"]}]},{"@type":"ImageObject","inLanguage":"pt-BR","@id":"https:\/\/www.suno.com.br\/noticias\/copom-decisao-taxa-selic-janeiro-2024\/#primaryimage","url":"https:\/\/files.sunoresearch.com.br\/n\/uploads\/2023\/05\/banco-centrla-bacen.jpg","contentUrl":"https:\/\/files.sunoresearch.com.br\/n\/uploads\/2023\/05\/banco-centrla-bacen.jpg","width":1251,"height":838,"caption":"Banco Central, decis\u00e3o do Copom. Foto: iStock"},{"@type":"BreadcrumbList","@id":"https:\/\/www.suno.com.br\/noticias\/copom-decisao-taxa-selic-janeiro-2024\/#breadcrumb","itemListElement":[{"@type":"ListItem","position":1,"name":"Not\u00edcias","item":"https:\/\/www.suno.com.br\/noticias\/"},{"@type":"ListItem","position":2,"name":"Economia","item":"https:\/\/www.suno.com.br\/noticias\/economia\/"},{"@type":"ListItem","position":3,"name":"Copom confirma redu\u00e7\u00e3o da Selic em 0,5 p.p para 11,25% ao ano; veja os motivos"}]},{"@type":"WebSite","@id":"https:\/\/www.suno.com.br\/noticias\/#website","url":"https:\/\/www.suno.com.br\/noticias\/","name":"Suno Not\u00edcias","description":"Seu portal de informa\u00e7\u00e3o sobre o mundo dos investimentos","publisher":{"@id":"https:\/\/www.suno.com.br\/noticias\/#organization"},"potentialAction":[{"@type":"SearchAction","target":{"@type":"EntryPoint","urlTemplate":"https:\/\/www.suno.com.br\/noticias\/?s={search_term_string}"},"query-input":{"@type":"PropertyValueSpecification","valueRequired":true,"valueName":"search_term_string"}}],"inLanguage":"pt-BR"},{"@type":"Organization","@id":"https:\/\/www.suno.com.br\/noticias\/#organization","name":"Suno Not\u00edcias","url":"https:\/\/www.suno.com.br\/noticias\/","logo":{"@type":"ImageObject","inLanguage":"pt-BR","@id":"https:\/\/www.suno.com.br\/noticias\/#\/schema\/logo\/image\/","url":"https:\/\/files.sunoresearch.com.br\/n\/uploads\/2021\/09\/suno-logo.png","contentUrl":"https:\/\/files.sunoresearch.com.br\/n\/uploads\/2021\/09\/suno-logo.png","width":180,"height":180,"caption":"Suno Not\u00edcias"},"image":{"@id":"https:\/\/www.suno.com.br\/noticias\/#\/schema\/logo\/image\/"},"sameAs":["https:\/\/facebook.com\/sunoresearch","https:\/\/x.com\/sunoresearch","https:\/\/www.instagram.com\/suno","https:\/\/www.linkedin.com\/company\/suno-research\/","https:\/\/www.youtube.com\/c\/sunoresearch"]},{"@type":"Person","@id":"https:\/\/www.suno.com.br\/noticias\/#\/schema\/person\/829bbe8d57f84333b966b96229c6bf5f","name":"Marco Ant\u00f4nio Lopes","image":{"@type":"ImageObject","inLanguage":"pt-BR","@id":"https:\/\/www.suno.com.br\/noticias\/#\/schema\/person\/image\/","url":"https:\/\/secure.gravatar.com\/avatar\/385167b012fbc1cde32c5446ee253313?s=96&r=g","contentUrl":"https:\/\/secure.gravatar.com\/avatar\/385167b012fbc1cde32c5446ee253313?s=96&r=g","caption":"Marco Ant\u00f4nio Lopes"},"description":"Jornalista, \u00e9 editor no Suno Not\u00edcias. Trabalhou nas revistas Playboy, Super, Veja Comer &amp; Beber, Homem Vogue e Universo Masculino, al\u00e9m dos portais Abril.com, R7, nas editorias de Home, Esportes, Hora 7, Entretenimento e Geral, e Eu Quero Investir. Autor do livro Bruce Lee: Definitivo (Editora Conrad). Colaborou nas revistas Nova, Veja SP, Grandes Guerras, Placar, Bizz, Casa Claudia e Quatro Rodas.","url":"https:\/\/www.suno.com.br\/noticias\/author\/marco-lopes\/"}]}},"default_loop_html":"<div class=\"cardsPage__listCard__boxs\"><div class=\"cardsPage__listCard__boxs__img\"><a href=\"https:\/\/www.suno.com.br\/noticias\/copom-decisao-taxa-selic-janeiro-2024\/\"><img class=\"mask\" src=\"https:\/\/www.suno.com.br\/noticias\/wp-content\/themes\/suno\/resources\/images\/spotlight\/spotlight1img\/bg-mask.png\" alt=\"Image Mask\"\/><img src=\"https:\/\/files.sunoresearch.com.br\/n\/uploads\/2023\/05\/banco-centrla-bacen-400x200.jpg\" alt=\"Copom confirma redu\u00e7\u00e3o da Selic em 0,5 p.p para 11,25% ao ano; veja os motivos\"\/><\/a><span class=\"spotlightCategory\"><a href=\"https:\/\/www.suno.com.br\/noticias\/economia\/\">Economia<\/a><\/span><\/div><div class=\"cardsPage__listCard__boxs__content\"><a href=\"https:\/\/www.suno.com.br\/noticias\/copom-decisao-taxa-selic-janeiro-2024\/\"><h2 class=\"content__title\">Copom confirma redu\u00e7\u00e3o da Selic em 0,5 p.p para 11,25% ao ano; veja os motivos<\/h2><\/a><div class=\"newsContent__article__meta\"><div class=\"newsContent__article__meta__authorBox\"><a href=\"https:\/\/www.suno.com.br\/noticias\/author\/camila-figueiredosuno-com-br\/\" class=\"authorBox__avatar noMobi\"><img src=\"https:\/\/files.sunoresearch.com.br\/n\/uploads\/2024\/05\/camila-paim-square-150x150.jpg\" alt=\"Camila Paim\"><\/a><div class=\"authorBox__name\"><span>por\n\t\t\t<a href=\"https:\/\/www.suno.com.br\/noticias\/author\/camila-figueiredosuno-com-br\/\"><span itemprop=\"author\">Camila Paim<\/span><\/a><\/span><time datetime=\"2024-01-31T18:35:40-03:00\" itemprop=\"datePublished\">31\/01\/2024 18:35<\/time><\/div><\/div><\/div><\/div><\/div>","single_layout":"posts","amp_enabled":true,"_links":{"self":[{"href":"https:\/\/www.suno.com.br\/noticias\/wp-json\/wp\/v2\/posts\/518390"}],"collection":[{"href":"https:\/\/www.suno.com.br\/noticias\/wp-json\/wp\/v2\/posts"}],"about":[{"href":"https:\/\/www.suno.com.br\/noticias\/wp-json\/wp\/v2\/types\/post"}],"author":[{"embeddable":true,"href":"https:\/\/www.suno.com.br\/noticias\/wp-json\/wp\/v2\/users\/98"}],"replies":[{"embeddable":true,"href":"https:\/\/www.suno.com.br\/noticias\/wp-json\/wp\/v2\/comments?post=518390"}],"version-history":[{"count":3,"href":"https:\/\/www.suno.com.br\/noticias\/wp-json\/wp\/v2\/posts\/518390\/revisions"}],"predecessor-version":[{"id":518724,"href":"https:\/\/www.suno.com.br\/noticias\/wp-json\/wp\/v2\/posts\/518390\/revisions\/518724"}],"wp:featuredmedia":[{"embeddable":true,"href":"https:\/\/www.suno.com.br\/noticias\/wp-json\/wp\/v2\/media\/408569"}],"wp:attachment":[{"href":"https:\/\/www.suno.com.br\/noticias\/wp-json\/wp\/v2\/media?parent=518390"}],"wp:term":[{"taxonomy":"category","embeddable":true,"href":"https:\/\/www.suno.com.br\/noticias\/wp-json\/wp\/v2\/categories?post=518390"},{"taxonomy":"post_tag","embeddable":true,"href":"https:\/\/www.suno.com.br\/noticias\/wp-json\/wp\/v2\/tags?post=518390"},{"taxonomy":"suno_strategy","embeddable":true,"href":"https:\/\/www.suno.com.br\/noticias\/wp-json\/wp\/v2\/suno_strategy?post=518390"}],"curies":[{"name":"wp","href":"https:\/\/api.w.org\/{rel}","templated":true}]}}