{"id":518371,"date":"2024-01-31T14:36:53","date_gmt":"2024-01-31T17:36:53","guid":{"rendered":"https:\/\/www.suno.com.br\/noticias\/?p=518371"},"modified":"2024-01-31T14:36:59","modified_gmt":"2024-01-31T17:36:59","slug":"gol-goll4-moodys-perspectiva-negativa-evm","status":"publish","type":"post","link":"https:\/\/www.suno.com.br\/noticias\/gol-goll4-moodys-perspectiva-negativa-evm\/","title":{"rendered":"Moody&#8217;s rebaixa rating da Gol (GOLL4) com perspectiva negativa"},"content":{"rendered":"<p>A Moody&#8217;s rebaixou seu rating da <a class=\"suno-keyword\" data-force=\"yes\" data-priority=\"2\" href=\"https:\/\/www.suno.com.br\/acoes\/GOLL4\/\" target=\"_blank\" rel=\"noopener\"><strong>Gol<\/strong> (GOLL4)<\/a> de Caa2 para Ca, com perspectiva negativa. A ag\u00eancia de classifica\u00e7\u00e3o de risco comunicou a decis\u00e3o nesta quarta-feira (31).<\/p><div class=\"videoFull \">\n\t\t\t<div class=\"videoWrapper yt-lazyload center\"\n\t\t\t\tdata-width=\"960\"\n\t\t\t\tdata-height=\"540\"\n\t\t\t\tdata-id=\"eEcyzTRaVRQ\"\n\t\t\t\tdata-alt=\"V\u00eddeo do YouTube - clique para reproduzir\"\n\t\t\t\tdata-logo=\"3\"\n\t\t\t\tdata-imagequality=\"maxres\">\n\t\t\t<\/div>\n\t\t<\/div><script type=\"application\/ld+json\">{\"@context\":\"https:\/\/schema.org\",\"@type\":\"VideoObject\",\"name\":\"\ud83d\udd34VALE (VALE3) CAI AP\u00d3S PR\u00c9VIA DO 4T23 | Ibovespa cai | BTG s\u00f3cio do Magazine Luiza (MGLU3)?\",\"description\":\"#mercadofinanceiro #a\u00e7\u00f5es #investimentos #bolsadevalores #ibovespa #dinheiro #finan\u00e7as #pol\u00edtica #d\u00f3lar #livedas19h #petr4 #petr3 #petrobras #vale3 #vale #a\u00e7\u00f5es #economia #dividendos #b3 #b3sa3 #btg #btgpactual #bpac11 #s\u00f3cio #dinheiro \ud83d\udea8\ud83d\udcb8 \ud835\udde2\ud835\uddff\ud835\uddf4\ud835\uddee\ud835\uddfb\ud835\uddf6\ud835\ude07\ud835\uddf2 \ud835\ude00\ud835\ude02\ud835\uddee \ud835\ude03\ud835\uddf6\ud835\uddf1\ud835\uddee \ud835\uddf3\ud835\uddf6\ud835\uddfb\ud835\uddee\ud835\uddfb\ud835\uddf0\ud835\uddf2\ud835\uddf6\ud835\uddff\ud835\uddee \ud835\uddf2 \ud835\uddf3\ud835\uddf6\ud835\uddfe\ud835\ude02\ud835\uddf2 \ud835\uddfa\ud835\uddee\ud835\uddf6\ud835\ude00 \ud835\uddfd\ud835\uddff\u00f3\ud835\ude05\ud835\uddf6\ud835\uddfa\ud835\uddfc \ud835\uddf1\ud835\uddfc\ud835\ude00 \ud835\ude00\ud835\uddf2\ud835\ude02\ud835\ude00 \ud835\uddfc\ud835\uddef\ud835\uddf7\ud835\uddf2\ud835\ude01\ud835\uddf6\ud835\ude03\ud835\uddfc\ud835\ude00 \ud83d\udc49 https:\/\/lp.suno.com.br\/planilha-controle-gastos\/?utm_source=youtube.noticias&utm_medium=live&utm_campaign=planilhacontroledegastos.20240129&utm_content=livenoticias 00:00 In\u00edcio do v\u00eddeo 01:50 Fechamento de preg\u00e3o 05:30 VALE3 cai com pr\u00e9via do 4T23 08:20\u2026\",\"duration\":\"PT27M30S\",\"embedUrl\":\"https:\/\/www.youtube.com\/embed\/eEcyzTRaVRQ\",\"regionsAllowed\":\"en-US\",\"interactionStatistic\":{\"@type\":\"InteractionCounter\",\"interactionType\":{\"@type\":\"WatchAction\"},\"userInteractionCount\":2425},\"thumbnailUrl\":\"https:\/\/i.ytimg.com\/vi\/eEcyzTRaVRQ\/default.jpg\",\"uploadDate\":\"2024-01-30T22:35:19Z\"}<\/script>\n\n\n\n\n\t<p>\n\t\t<a href=\"\" target=\"_blank\" data-element=\"shortcode-suno-banner\" title=\"Banner SUNO, clique e saiba mais\">\n\t\t\t<picture>\n\t\t\t\t<source media=\"(max-width: 500px)\" srcset=\"\">\n\t\t\t\t<img class=\"newsContent__article__imgCapa newsContent__article__imgCapa--banner\"\n\t\t\t\t\tsrc=\"\"\n\t\t\t\t\tdata-promo-id=\"265381\"\t\t\t\t\t\t\t\t\t\t\t\t\t\t\talt=\"\"\n\t\t\t\t>\n\t\t\t<\/picture>\n\t\t<\/a>\n\t<\/p>\n\n\n\n\n\n\n\n<p>A <strong>Moody&#8217;s<\/strong> diz que, ap\u00f3s suas a\u00e7\u00f5es de hoje, os ratings da Gol, Gol Equity Finance, Gol Finance e Gol Finance (LuxCO) ser\u00e3o retirados em breve, como consequ\u00eancia do fato de a empresa ter entrado com pedido de recupera\u00e7\u00e3o judicial (&#8220;chapter 11&#8221;) nos Estados Unidos.<\/p>\n\n\n\n<p>A Moody&#8217;s diz que o passo da <strong>Gol nos EUA<\/strong> \u00e9 resultado de uma queima de caixa acumulada e da alta alavancagem da empresa, derivada de juros elevados, de aeronaves Boeing MAX em solo e dos efeitos da pandemia, que levaram a um enfraquecimento no perfil de liquidez e a uma <a class=\"suno-keyword\" target=\"_blank\" data-force=\"no\" data-priority=\"1\" href=\"https:\/\/www.suno.com.br\/artigos\/indicadores-estrutura-capital\/\" rel=\"noopener\">estrutura de capital<\/a> &#8220;insustent\u00e1vel&#8221;.<\/p>\n\n\n\n<p>A <strong>ag\u00eancia de classifica\u00e7\u00e3o de risco<\/strong> ainda afirma que a perspectiva negativa reflete a vis\u00e3o de um per\u00edodo prolongado de recupera\u00e7\u00e3o para a Gol, como parte da reorganiza\u00e7\u00e3o e de sua &#8220;flexibilidade financeira limitada&#8221;, o que poderia levar a perdas maiores que o previsto para os credores segurados e n\u00e3o segurados.<\/p>\n\n\n\t<p>\n\t\t<a href=\"https:\/\/lp.suno.com.br\/ebook-como-analisar-uma-acao\/\" target=\"_blank\" data-element=\"shortcode-suno-banner\" title=\"Banner SUNO, clique e saiba mais\">\n\t\t\t<picture>\n\t\t\t\t<source media=\"(max-width: 500px)\" srcset=\"https:\/\/files.sunoresearch.com.br\/n\/uploads\/2023\/03\/Ebook-Acoes-Mobile.jpg\">\n\t\t\t\t<img class=\"newsContent__article__imgCapa newsContent__article__imgCapa--banner\"\n\t\t\t\t\tsrc=\"https:\/\/files.sunoresearch.com.br\/n\/uploads\/2023\/03\/Ebook-Acoes-Desktop.jpg\"\n\t\t\t\t\tdata-promo-id=\"378302\"\t\t\t\t\t\t\t\t\t\twidth='1420' height='286'\t\t\t\t\talt=\"https:\/\/files.sunoresearch.com.br\/n\/uploads\/2023\/03\/Ebook-Acoes-Desktop.jpg\"\n\t\t\t\t>\n\t\t\t<\/picture>\n\t\t<\/a>\n\t<\/p>\n\n\n\n\n\n<h2 class=\"wp-block-heading\">Gol BB-BI v\u00ea risco de dilui\u00e7\u00e3o na companhia e rebaixa recomenda\u00e7\u00e3o para venda<\/h2>\n\n\n\n<p>Ap\u00f3s a Gol dar os primeiros passos com sua recupera\u00e7\u00e3o judicial nos EUA na \u00faltima semana, analistas do BB-BI emitiram relat\u00f3rio destacando que o risco de dilui\u00e7\u00e3o na companhia \u00e9 um &#8220;ponto chave&#8221;.<\/p>\n\n\n\n<p>Na mesma toada, a casa passou a recomendar venda para as <strong>a\u00e7\u00f5es da Gol<\/strong>. Atualmente o pre\u00e7o-alvo \u00e9 de R$ 5,32, ao passo que os pap\u00e9is negociam a cerca de R$ 5,20 no preg\u00e3o desta segunda (29).<\/p>\n\n\n\n<p>A tese \u00e9 de que apesar de os movimentos recentes da <strong>companhia a\u00e9rea<\/strong> serem protetivos e visarem solucionar problemas financeiros, o custo para os acionistas deve ser alto.<\/p>\n\n\n\n<p>Segundo o BB-BI, a d\u00edvida da Gol \u00e9 de cerca de R$ 20 bilh\u00f5es &#8211; com R$ 3 bilh\u00f5es vencendo j\u00e1 no <a class=\"suno-keyword\" data-force=\"no\" data-priority=\"1\" href=\"https:\/\/www.suno.com.br\/artigos\/curto-prazo\/\" target=\"_blank\" rel=\"noopener\">curto prazo<\/a> &#8211; ao passo que a empresa tem R$ 900 milh\u00f5es em caixa.<\/p>\n\n\n\n<p>Nesse cen\u00e1rio, considerando a magnitude dessa propor\u00e7\u00e3o e o hist\u00f3rico de recupera\u00e7\u00f5es judiciais de a\u00e9reas, h\u00e1 uma possibilidade concreta de que a d\u00edvida seja convertida em a\u00e7\u00f5es.<\/p>\n\n\n\n<p>&#8220;Em um cen\u00e1rio base onde o controlador (ABRA), que possui cerca de US$ 1,2 bilh\u00e3o em t\u00edtulos de d\u00edvida, realize tal convers\u00e3o, estimamos um fator de dilui\u00e7\u00e3o acima de 60% para os acionistas correntes, com pre\u00e7o-alvo de R$ 2,40&#8221;, explica o BB-BI.<\/p>\n\n\n\n<p>&#8220;Por isso, acreditamos que a rela\u00e7\u00e3o risco\/retorno neste momento \u00e9 desfavor\u00e1vel para o investidor e, para evitar destrui\u00e7\u00e3o de valor, sugerimos a sa\u00edda do papel. Alteramos nossa recomenda\u00e7\u00e3o de <strong><a href=\"https:\/\/statusinvest.com.br\/acoes\/goll4\" target=\"_blank\" rel=\"noreferrer noopener\">Gol<\/a><\/strong> para venda, com pre\u00e7o-alvo de R$ 2,40 para o final de 2024 ou at\u00e9 que novas informa\u00e7\u00f5es referentes ao processo sejam disponibilizadas e tenhamos visibilidade para incorporar ao nosso modelo&#8221;, completa.<\/p>\n\n\n\n<p>Com Estad\u00e3o Conte\u00fado<\/p>\n\n\n\t<p>\n\t\t<a href=\"https:\/\/lp.suno.com.br\/plataforma-de-controle-de-investimentos\/\" target=\"_blank\" data-element=\"shortcode-suno-banner\" title=\"Banner SUNO, clique e saiba mais\">\n\t\t\t<picture>\n\t\t\t\t<source media=\"(max-width: 500px)\" srcset=\"https:\/\/files.sunoresearch.com.br\/n\/uploads\/2023\/03\/400x300-Controle-de-Investimentos.png\">\n\t\t\t\t<img class=\"newsContent__article__imgCapa newsContent__article__imgCapa--banner\"\n\t\t\t\t\tsrc=\"https:\/\/files.sunoresearch.com.br\/n\/uploads\/2023\/03\/1420x240-Controle-de-Investimentos.png\"\n\t\t\t\t\tdata-promo-id=\"383162\"\t\t\t\t\t\t\t\t\t\twidth='1420' height='240'\t\t\t\t\talt=\"https:\/\/files.sunoresearch.com.br\/n\/uploads\/2023\/03\/1420x240-Controle-de-Investimentos.png\"\n\t\t\t\t>\n\t\t\t<\/picture>\n\t\t<\/a>\n\t<\/p>\n\n\n","protected":false},"excerpt":{"rendered":"<p>A Moody&#8217;s rebaixou seu rating da Gol (GOLL4) de Caa2 para Ca, com perspectiva negativa. A ag\u00eancia de classifica\u00e7\u00e3o de risco comunicou a decis\u00e3o nesta quarta-feira (31). A Moody&#8217;s diz que, ap\u00f3s suas a\u00e7\u00f5es de hoje, os ratings da Gol, Gol Equity Finance, Gol Finance e Gol Finance (LuxCO) ser\u00e3o retirados em breve, como consequ\u00eancia [&hellip;]<\/p>\n","protected":false},"author":73,"featured_media":130272,"comment_status":"closed","ping_status":"closed","sticky":false,"template":"","format":"standard","meta":[],"categories":[64],"tags":[106444,489,963],"suno_strategy":[],"class_list":["post-518371","post","type-post","status-publish","format-standard","has-post-thumbnail","hentry","category-negocios","tag-agencias","tag-gol-linhas-aereas-goll11-goll4","tag-moodys"],"yoast_head":"<!-- This site is optimized with the Yoast SEO plugin v24.4 - https:\/\/yoast.com\/wordpress\/plugins\/seo\/ -->\n<title>Moody&#039;s rebaixa rating da Gol (GOLL4) com perspectiva negativa<\/title>\n<meta name=\"description\" content=\"A Moody&#039;s diz que o passo da Gol nos EUA \u00e9 resultado de uma queima de caixa acumulada e da alta alavancagem da empresa\" \/>\n<meta name=\"robots\" content=\"index, follow, max-snippet:-1, max-image-preview:large, max-video-preview:-1\" \/>\n<link rel=\"canonical\" href=\"https:\/\/www.suno.com.br\/noticias\/gol-goll4-moodys-perspectiva-negativa-evm\/\" \/>\n<meta property=\"og:locale\" content=\"pt_BR\" \/>\n<meta property=\"og:type\" content=\"article\" \/>\n<meta property=\"og:title\" content=\"Moody&#039;s rebaixa rating da Gol (GOLL4) com perspectiva negativa\" \/>\n<meta property=\"og:description\" content=\"A Moody&#039;s diz que o passo da Gol nos EUA \u00e9 resultado de uma queima de caixa acumulada e da alta alavancagem da empresa\" \/>\n<meta property=\"og:url\" content=\"https:\/\/www.suno.com.br\/noticias\/gol-goll4-moodys-perspectiva-negativa-evm\/\" \/>\n<meta property=\"og:site_name\" content=\"Suno Not\u00edcias\" \/>\n<meta property=\"article:publisher\" content=\"https:\/\/facebook.com\/sunoresearch\" \/>\n<meta property=\"og:image\" content=\"https:\/\/files.sunoresearch.com.br\/n\/uploads\/2021\/03\/a89222d6-gol-4.jpg\" \/>\n\t<meta property=\"og:image:width\" content=\"1200\" \/>\n\t<meta property=\"og:image:height\" content=\"800\" \/>\n\t<meta property=\"og:image:type\" content=\"image\/jpeg\" \/>\n<meta name=\"author\" content=\"Eduardo Vargas\" \/>\n<meta name=\"twitter:card\" content=\"summary_large_image\" \/>\n<meta name=\"twitter:creator\" content=\"@sunoresearch\" \/>\n<meta name=\"twitter:site\" content=\"@sunoresearch\" \/>\n<meta name=\"twitter:label1\" content=\"Escrito por\" \/>\n\t<meta name=\"twitter:data1\" content=\"Eduardo Vargas\" \/>\n\t<meta name=\"twitter:label2\" content=\"Est. tempo de leitura\" \/>\n\t<meta name=\"twitter:data2\" content=\"3 minutos\" \/>\n<script type=\"application\/ld+json\" class=\"yoast-schema-graph\">{\"@context\":\"https:\/\/schema.org\",\"@graph\":[{\"@type\":\"NewsArticle\",\"@id\":\"https:\/\/www.suno.com.br\/noticias\/gol-goll4-moodys-perspectiva-negativa-evm\/#article\",\"isPartOf\":{\"@id\":\"https:\/\/www.suno.com.br\/noticias\/gol-goll4-moodys-perspectiva-negativa-evm\/\"},\"author\":{\"name\":\"Eduardo Vargas\",\"@id\":\"https:\/\/www.suno.com.br\/noticias\/#\/schema\/person\/7f4d362bf3518e76090143ae77bb49a5\"},\"headline\":\"Moody&#8217;s rebaixa rating da Gol (GOLL4) com perspectiva negativa\",\"datePublished\":\"2024-01-31T17:36:53+00:00\",\"dateModified\":\"2024-01-31T17:36:59+00:00\",\"mainEntityOfPage\":{\"@id\":\"https:\/\/www.suno.com.br\/noticias\/gol-goll4-moodys-perspectiva-negativa-evm\/\"},\"wordCount\":516,\"publisher\":{\"@id\":\"https:\/\/www.suno.com.br\/noticias\/#organization\"},\"image\":{\"@id\":\"https:\/\/www.suno.com.br\/noticias\/gol-goll4-moodys-perspectiva-negativa-evm\/#primaryimage\"},\"thumbnailUrl\":\"https:\/\/files.sunoresearch.com.br\/n\/uploads\/2021\/03\/a89222d6-gol-4-jpg.webp\",\"keywords\":[\"Ag\u00eancias\",\"Gol Linhas A\u00e9reas (GOLL11\/GOLL4)\",\"Moody's\"],\"articleSection\":[\"Neg\u00f3cios\"],\"inLanguage\":\"pt-BR\"},{\"@type\":\"WebPage\",\"@id\":\"https:\/\/www.suno.com.br\/noticias\/gol-goll4-moodys-perspectiva-negativa-evm\/\",\"url\":\"https:\/\/www.suno.com.br\/noticias\/gol-goll4-moodys-perspectiva-negativa-evm\/\",\"name\":\"Moody's rebaixa rating da Gol (GOLL4) com perspectiva negativa\",\"isPartOf\":{\"@id\":\"https:\/\/www.suno.com.br\/noticias\/#website\"},\"primaryImageOfPage\":{\"@id\":\"https:\/\/www.suno.com.br\/noticias\/gol-goll4-moodys-perspectiva-negativa-evm\/#primaryimage\"},\"image\":{\"@id\":\"https:\/\/www.suno.com.br\/noticias\/gol-goll4-moodys-perspectiva-negativa-evm\/#primaryimage\"},\"thumbnailUrl\":\"https:\/\/files.sunoresearch.com.br\/n\/uploads\/2021\/03\/a89222d6-gol-4-jpg.webp\",\"datePublished\":\"2024-01-31T17:36:53+00:00\",\"dateModified\":\"2024-01-31T17:36:59+00:00\",\"description\":\"A Moody's diz que o passo da Gol nos EUA \u00e9 resultado de uma queima de caixa acumulada e da alta alavancagem da empresa\",\"breadcrumb\":{\"@id\":\"https:\/\/www.suno.com.br\/noticias\/gol-goll4-moodys-perspectiva-negativa-evm\/#breadcrumb\"},\"inLanguage\":\"pt-BR\",\"potentialAction\":[{\"@type\":\"ReadAction\",\"target\":[\"https:\/\/www.suno.com.br\/noticias\/gol-goll4-moodys-perspectiva-negativa-evm\/\"]}]},{\"@type\":\"ImageObject\",\"inLanguage\":\"pt-BR\",\"@id\":\"https:\/\/www.suno.com.br\/noticias\/gol-goll4-moodys-perspectiva-negativa-evm\/#primaryimage\",\"url\":\"https:\/\/files.sunoresearch.com.br\/n\/uploads\/2021\/03\/a89222d6-gol-4-jpg.webp\",\"contentUrl\":\"https:\/\/files.sunoresearch.com.br\/n\/uploads\/2021\/03\/a89222d6-gol-4-jpg.webp\",\"width\":1200,\"height\":800,\"caption\":\"Gol (GOLL4) - Foto: Divulga\u00e7\u00e3o\"},{\"@type\":\"BreadcrumbList\",\"@id\":\"https:\/\/www.suno.com.br\/noticias\/gol-goll4-moodys-perspectiva-negativa-evm\/#breadcrumb\",\"itemListElement\":[{\"@type\":\"ListItem\",\"position\":1,\"name\":\"Not\u00edcias\",\"item\":\"https:\/\/www.suno.com.br\/noticias\/\"},{\"@type\":\"ListItem\",\"position\":2,\"name\":\"Neg\u00f3cios\",\"item\":\"https:\/\/www.suno.com.br\/noticias\/negocios\/\"},{\"@type\":\"ListItem\",\"position\":3,\"name\":\"Moody&#8217;s rebaixa rating da Gol (GOLL4) com perspectiva negativa\"}]},{\"@type\":\"WebSite\",\"@id\":\"https:\/\/www.suno.com.br\/noticias\/#website\",\"url\":\"https:\/\/www.suno.com.br\/noticias\/\",\"name\":\"Suno Not\u00edcias\",\"description\":\"Seu portal de informa\u00e7\u00e3o sobre o mundo dos investimentos\",\"publisher\":{\"@id\":\"https:\/\/www.suno.com.br\/noticias\/#organization\"},\"potentialAction\":[{\"@type\":\"SearchAction\",\"target\":{\"@type\":\"EntryPoint\",\"urlTemplate\":\"https:\/\/www.suno.com.br\/noticias\/?s={search_term_string}\"},\"query-input\":{\"@type\":\"PropertyValueSpecification\",\"valueRequired\":true,\"valueName\":\"search_term_string\"}}],\"inLanguage\":\"pt-BR\"},{\"@type\":\"Organization\",\"@id\":\"https:\/\/www.suno.com.br\/noticias\/#organization\",\"name\":\"Suno Not\u00edcias\",\"url\":\"https:\/\/www.suno.com.br\/noticias\/\",\"logo\":{\"@type\":\"ImageObject\",\"inLanguage\":\"pt-BR\",\"@id\":\"https:\/\/www.suno.com.br\/noticias\/#\/schema\/logo\/image\/\",\"url\":\"https:\/\/files.sunoresearch.com.br\/n\/uploads\/2021\/09\/suno-logo.png\",\"contentUrl\":\"https:\/\/files.sunoresearch.com.br\/n\/uploads\/2021\/09\/suno-logo.png\",\"width\":180,\"height\":180,\"caption\":\"Suno Not\u00edcias\"},\"image\":{\"@id\":\"https:\/\/www.suno.com.br\/noticias\/#\/schema\/logo\/image\/\"},\"sameAs\":[\"https:\/\/facebook.com\/sunoresearch\",\"https:\/\/x.com\/sunoresearch\",\"https:\/\/www.instagram.com\/suno\",\"https:\/\/www.linkedin.com\/company\/suno-research\/\",\"https:\/\/www.youtube.com\/c\/sunoresearch\"]},{\"@type\":\"Person\",\"@id\":\"https:\/\/www.suno.com.br\/noticias\/#\/schema\/person\/7f4d362bf3518e76090143ae77bb49a5\",\"name\":\"Eduardo Vargas\",\"image\":{\"@type\":\"ImageObject\",\"inLanguage\":\"pt-BR\",\"@id\":\"https:\/\/www.suno.com.br\/noticias\/#\/schema\/person\/image\/\",\"url\":\"https:\/\/secure.gravatar.com\/avatar\/dac340933427a22924c9f99d1eb2e3f2?s=96&r=g\",\"contentUrl\":\"https:\/\/secure.gravatar.com\/avatar\/dac340933427a22924c9f99d1eb2e3f2?s=96&r=g\",\"caption\":\"Eduardo Vargas\"},\"description\":\"Jornalista formado pela UFSC, cobre macroeconomia, neg\u00f3cios e startups para o Suno Not\u00edcias, escrevendo principalmente not\u00edcias sobre o mercado financeiro e a bolsa de valores. No YouTube e no Instagram, \u00e9 respons\u00e1vel pela produ\u00e7\u00e3o de Reels e Shorts do Suno Not\u00edcias. Anteriormente, trabalhou cobrindo economia e cotidiano no ND+ e para o ND, maior jornal impresso de Santa Catarina. Cursou um semestre letivo de Estudos de M\u00eddia na Universidad de Buenos Aires.\",\"url\":\"https:\/\/www.suno.com.br\/noticias\/author\/eduardo-vargas\/\"}]}<\/script>\n<!-- \/ Yoast SEO plugin. -->","yoast_head_json":{"title":"Moody's rebaixa rating da Gol (GOLL4) com perspectiva negativa","description":"A Moody's diz que o passo da Gol nos EUA \u00e9 resultado de uma queima de caixa acumulada e da alta alavancagem da empresa","robots":{"index":"index","follow":"follow","max-snippet":"max-snippet:-1","max-image-preview":"max-image-preview:large","max-video-preview":"max-video-preview:-1"},"canonical":"https:\/\/www.suno.com.br\/noticias\/gol-goll4-moodys-perspectiva-negativa-evm\/","og_locale":"pt_BR","og_type":"article","og_title":"Moody's rebaixa rating da Gol (GOLL4) com perspectiva negativa","og_description":"A Moody's diz que o passo da Gol nos EUA \u00e9 resultado de uma queima de caixa acumulada e da alta alavancagem da empresa","og_url":"https:\/\/www.suno.com.br\/noticias\/gol-goll4-moodys-perspectiva-negativa-evm\/","og_site_name":"Suno Not\u00edcias","article_publisher":"https:\/\/facebook.com\/sunoresearch","og_image":[{"width":1200,"height":800,"url":"https:\/\/files.sunoresearch.com.br\/n\/uploads\/2021\/03\/a89222d6-gol-4.jpg","type":"image\/jpeg"}],"author":"Eduardo Vargas","twitter_card":"summary_large_image","twitter_creator":"@sunoresearch","twitter_site":"@sunoresearch","twitter_misc":{"Escrito por":"Eduardo Vargas","Est. tempo de leitura":"3 minutos"},"schema":{"@context":"https:\/\/schema.org","@graph":[{"@type":"NewsArticle","@id":"https:\/\/www.suno.com.br\/noticias\/gol-goll4-moodys-perspectiva-negativa-evm\/#article","isPartOf":{"@id":"https:\/\/www.suno.com.br\/noticias\/gol-goll4-moodys-perspectiva-negativa-evm\/"},"author":{"name":"Eduardo Vargas","@id":"https:\/\/www.suno.com.br\/noticias\/#\/schema\/person\/7f4d362bf3518e76090143ae77bb49a5"},"headline":"Moody&#8217;s rebaixa rating da Gol (GOLL4) com perspectiva negativa","datePublished":"2024-01-31T17:36:53+00:00","dateModified":"2024-01-31T17:36:59+00:00","mainEntityOfPage":{"@id":"https:\/\/www.suno.com.br\/noticias\/gol-goll4-moodys-perspectiva-negativa-evm\/"},"wordCount":516,"publisher":{"@id":"https:\/\/www.suno.com.br\/noticias\/#organization"},"image":{"@id":"https:\/\/www.suno.com.br\/noticias\/gol-goll4-moodys-perspectiva-negativa-evm\/#primaryimage"},"thumbnailUrl":"https:\/\/files.sunoresearch.com.br\/n\/uploads\/2021\/03\/a89222d6-gol-4-jpg.webp","keywords":["Ag\u00eancias","Gol Linhas A\u00e9reas (GOLL11\/GOLL4)","Moody's"],"articleSection":["Neg\u00f3cios"],"inLanguage":"pt-BR"},{"@type":"WebPage","@id":"https:\/\/www.suno.com.br\/noticias\/gol-goll4-moodys-perspectiva-negativa-evm\/","url":"https:\/\/www.suno.com.br\/noticias\/gol-goll4-moodys-perspectiva-negativa-evm\/","name":"Moody's rebaixa rating da Gol (GOLL4) com perspectiva negativa","isPartOf":{"@id":"https:\/\/www.suno.com.br\/noticias\/#website"},"primaryImageOfPage":{"@id":"https:\/\/www.suno.com.br\/noticias\/gol-goll4-moodys-perspectiva-negativa-evm\/#primaryimage"},"image":{"@id":"https:\/\/www.suno.com.br\/noticias\/gol-goll4-moodys-perspectiva-negativa-evm\/#primaryimage"},"thumbnailUrl":"https:\/\/files.sunoresearch.com.br\/n\/uploads\/2021\/03\/a89222d6-gol-4-jpg.webp","datePublished":"2024-01-31T17:36:53+00:00","dateModified":"2024-01-31T17:36:59+00:00","description":"A Moody's diz que o passo da Gol nos EUA \u00e9 resultado de uma queima de caixa acumulada e da alta alavancagem da empresa","breadcrumb":{"@id":"https:\/\/www.suno.com.br\/noticias\/gol-goll4-moodys-perspectiva-negativa-evm\/#breadcrumb"},"inLanguage":"pt-BR","potentialAction":[{"@type":"ReadAction","target":["https:\/\/www.suno.com.br\/noticias\/gol-goll4-moodys-perspectiva-negativa-evm\/"]}]},{"@type":"ImageObject","inLanguage":"pt-BR","@id":"https:\/\/www.suno.com.br\/noticias\/gol-goll4-moodys-perspectiva-negativa-evm\/#primaryimage","url":"https:\/\/files.sunoresearch.com.br\/n\/uploads\/2021\/03\/a89222d6-gol-4-jpg.webp","contentUrl":"https:\/\/files.sunoresearch.com.br\/n\/uploads\/2021\/03\/a89222d6-gol-4-jpg.webp","width":1200,"height":800,"caption":"Gol (GOLL4) - Foto: Divulga\u00e7\u00e3o"},{"@type":"BreadcrumbList","@id":"https:\/\/www.suno.com.br\/noticias\/gol-goll4-moodys-perspectiva-negativa-evm\/#breadcrumb","itemListElement":[{"@type":"ListItem","position":1,"name":"Not\u00edcias","item":"https:\/\/www.suno.com.br\/noticias\/"},{"@type":"ListItem","position":2,"name":"Neg\u00f3cios","item":"https:\/\/www.suno.com.br\/noticias\/negocios\/"},{"@type":"ListItem","position":3,"name":"Moody&#8217;s rebaixa rating da Gol (GOLL4) com perspectiva negativa"}]},{"@type":"WebSite","@id":"https:\/\/www.suno.com.br\/noticias\/#website","url":"https:\/\/www.suno.com.br\/noticias\/","name":"Suno Not\u00edcias","description":"Seu portal de informa\u00e7\u00e3o sobre o mundo dos investimentos","publisher":{"@id":"https:\/\/www.suno.com.br\/noticias\/#organization"},"potentialAction":[{"@type":"SearchAction","target":{"@type":"EntryPoint","urlTemplate":"https:\/\/www.suno.com.br\/noticias\/?s={search_term_string}"},"query-input":{"@type":"PropertyValueSpecification","valueRequired":true,"valueName":"search_term_string"}}],"inLanguage":"pt-BR"},{"@type":"Organization","@id":"https:\/\/www.suno.com.br\/noticias\/#organization","name":"Suno Not\u00edcias","url":"https:\/\/www.suno.com.br\/noticias\/","logo":{"@type":"ImageObject","inLanguage":"pt-BR","@id":"https:\/\/www.suno.com.br\/noticias\/#\/schema\/logo\/image\/","url":"https:\/\/files.sunoresearch.com.br\/n\/uploads\/2021\/09\/suno-logo.png","contentUrl":"https:\/\/files.sunoresearch.com.br\/n\/uploads\/2021\/09\/suno-logo.png","width":180,"height":180,"caption":"Suno Not\u00edcias"},"image":{"@id":"https:\/\/www.suno.com.br\/noticias\/#\/schema\/logo\/image\/"},"sameAs":["https:\/\/facebook.com\/sunoresearch","https:\/\/x.com\/sunoresearch","https:\/\/www.instagram.com\/suno","https:\/\/www.linkedin.com\/company\/suno-research\/","https:\/\/www.youtube.com\/c\/sunoresearch"]},{"@type":"Person","@id":"https:\/\/www.suno.com.br\/noticias\/#\/schema\/person\/7f4d362bf3518e76090143ae77bb49a5","name":"Eduardo Vargas","image":{"@type":"ImageObject","inLanguage":"pt-BR","@id":"https:\/\/www.suno.com.br\/noticias\/#\/schema\/person\/image\/","url":"https:\/\/secure.gravatar.com\/avatar\/dac340933427a22924c9f99d1eb2e3f2?s=96&r=g","contentUrl":"https:\/\/secure.gravatar.com\/avatar\/dac340933427a22924c9f99d1eb2e3f2?s=96&r=g","caption":"Eduardo Vargas"},"description":"Jornalista formado pela UFSC, cobre macroeconomia, neg\u00f3cios e startups para o Suno Not\u00edcias, escrevendo principalmente not\u00edcias sobre o mercado financeiro e a bolsa de valores. No YouTube e no Instagram, \u00e9 respons\u00e1vel pela produ\u00e7\u00e3o de Reels e Shorts do Suno Not\u00edcias. Anteriormente, trabalhou cobrindo economia e cotidiano no ND+ e para o ND, maior jornal impresso de Santa Catarina. Cursou um semestre letivo de Estudos de M\u00eddia na Universidad de Buenos Aires.","url":"https:\/\/www.suno.com.br\/noticias\/author\/eduardo-vargas\/"}]}},"default_loop_html":"<div class=\"cardsPage__listCard__boxs\"><div class=\"cardsPage__listCard__boxs__img\"><a href=\"https:\/\/www.suno.com.br\/noticias\/gol-goll4-moodys-perspectiva-negativa-evm\/\"><img class=\"mask\" src=\"https:\/\/www.suno.com.br\/noticias\/wp-content\/themes\/suno\/resources\/images\/spotlight\/spotlight1img\/bg-mask.png\" alt=\"Image Mask\"\/><img src=\"https:\/\/files.sunoresearch.com.br\/n\/uploads\/2021\/03\/a89222d6-gol-4-400x200.webp\" alt=\"Moody&#8217;s rebaixa rating da Gol (GOLL4) com perspectiva negativa\"\/><\/a><span class=\"spotlightCategory\"><a href=\"https:\/\/www.suno.com.br\/noticias\/negocios\/\">Neg\u00f3cios<\/a><\/span><\/div><div class=\"cardsPage__listCard__boxs__content\"><a href=\"https:\/\/www.suno.com.br\/noticias\/gol-goll4-moodys-perspectiva-negativa-evm\/\"><h2 class=\"content__title\">Moody&#8217;s rebaixa rating da Gol (GOLL4) com perspectiva negativa<\/h2><\/a><div class=\"newsContent__article__meta\"><div class=\"newsContent__article__meta__authorBox\"><a href=\"https:\/\/www.suno.com.br\/noticias\/author\/eduardo-vargas\/\" class=\"authorBox__avatar noMobi\"><img src=\"https:\/\/secure.gravatar.com\/avatar\/dac340933427a22924c9f99d1eb2e3f2?s=96&#038;r=g\" alt=\"Eduardo Vargas\"><\/a><div class=\"authorBox__name\"><span>por\n\t\t\t<a href=\"https:\/\/www.suno.com.br\/noticias\/author\/eduardo-vargas\/\"><span itemprop=\"author\">Eduardo Vargas<\/span><\/a><\/span><time datetime=\"2024-01-31T14:36:53-03:00\" itemprop=\"datePublished\">31\/01\/2024 14:36<\/time><\/div><\/div><\/div><\/div><\/div>","single_layout":"posts","amp_enabled":true,"_links":{"self":[{"href":"https:\/\/www.suno.com.br\/noticias\/wp-json\/wp\/v2\/posts\/518371"}],"collection":[{"href":"https:\/\/www.suno.com.br\/noticias\/wp-json\/wp\/v2\/posts"}],"about":[{"href":"https:\/\/www.suno.com.br\/noticias\/wp-json\/wp\/v2\/types\/post"}],"author":[{"embeddable":true,"href":"https:\/\/www.suno.com.br\/noticias\/wp-json\/wp\/v2\/users\/73"}],"replies":[{"embeddable":true,"href":"https:\/\/www.suno.com.br\/noticias\/wp-json\/wp\/v2\/comments?post=518371"}],"version-history":[{"count":4,"href":"https:\/\/www.suno.com.br\/noticias\/wp-json\/wp\/v2\/posts\/518371\/revisions"}],"predecessor-version":[{"id":518398,"href":"https:\/\/www.suno.com.br\/noticias\/wp-json\/wp\/v2\/posts\/518371\/revisions\/518398"}],"wp:featuredmedia":[{"embeddable":true,"href":"https:\/\/www.suno.com.br\/noticias\/wp-json\/wp\/v2\/media\/130272"}],"wp:attachment":[{"href":"https:\/\/www.suno.com.br\/noticias\/wp-json\/wp\/v2\/media?parent=518371"}],"wp:term":[{"taxonomy":"category","embeddable":true,"href":"https:\/\/www.suno.com.br\/noticias\/wp-json\/wp\/v2\/categories?post=518371"},{"taxonomy":"post_tag","embeddable":true,"href":"https:\/\/www.suno.com.br\/noticias\/wp-json\/wp\/v2\/tags?post=518371"},{"taxonomy":"suno_strategy","embeddable":true,"href":"https:\/\/www.suno.com.br\/noticias\/wp-json\/wp\/v2\/suno_strategy?post=518371"}],"curies":[{"name":"wp","href":"https:\/\/api.w.org\/{rel}","templated":true}]}}