{"id":518060,"date":"2024-01-31T10:21:34","date_gmt":"2024-01-31T13:21:34","guid":{"rendered":"https:\/\/www.suno.com.br\/noticias\/?p=518060"},"modified":"2024-01-31T10:58:57","modified_gmt":"2024-01-31T13:58:57","slug":"haddad-juros-exterior-gpj","status":"publish","type":"post","link":"https:\/\/www.suno.com.br\/noticias\/haddad-juros-exterior-gpj\/","title":{"rendered":"Haddad: manuten\u00e7\u00e3o da queda dos juros depender\u00e1 do exterior"},"content":{"rendered":"<p>Ap\u00f3s os cortes de juros j\u00e1 anunciados pelo <a href=\"https:\/\/www.suno.com.br\/artigos\/bacen\/\">Banco Central (BC)<\/a> no in\u00edcio deste ano, a continuidade da queda da Taxa Selic (juros b\u00e1sicos da economia) depender\u00e1 do exterior, disse nesta ter\u00e7a-feira (30) o ministro da Fazenda, Fernando <strong>Haddad<\/strong>. <\/p>\t<div class=\"wrapper-featured-image\">\n\t\t<figure class=\"spotlightImg\">\n\n\t\t\t<picture>\n\t\t\t\t<source media=\"(max-width: 768px)\" srcset=\"https:\/\/files.sunoresearch.com.br\/n\/uploads\/2023\/06\/haddad-programa-desenrola-brasil-400x200.jpg\">\n\t\t\t\t<img loading=\"lazy\" decoding=\"async\" class=\"newsContent__article__imgCapa lazyloadDisabled \" src=\"https:\/\/files.sunoresearch.com.br\/n\/uploads\/2023\/06\/haddad-programa-desenrola-brasil-800x450.jpg\" width=\"800\" height=\"450\" alt=\"Haddad: manuten\u00e7\u00e3o da queda dos juros depender\u00e1 do exterior\" fetchpriority=high \/>\n\t\t\t<\/picture>\n\n\t\t\t<figcaption class=\"wp-caption-text wp-caption-text--show\">Foto: Diogo Zacarias\/Minist\u00e9rio da Fazenda<\/figcaption>\n\t\t<\/figure>\n\t<\/div>\n\n\n\n\n\n\n\n\t<p>\n\t\t<a href=\"\" target=\"_blank\" data-element=\"shortcode-suno-banner\" title=\"Banner SUNO, clique e saiba mais\">\n\t\t\t<picture>\n\t\t\t\t<source media=\"(max-width: 500px)\" srcset=\"\">\n\t\t\t\t<img class=\"newsContent__article__imgCapa newsContent__article__imgCapa--banner\"\n\t\t\t\t\tsrc=\"\"\n\t\t\t\t\tdata-promo-id=\"240038\"\t\t\t\t\t\t\t\t\t\t\t\t\t\t\talt=\"\"\n\t\t\t\t>\n\t\t\t<\/picture>\n\t\t<\/a>\n\t<\/p>\n\n\n\n\n\n<p>Segundo ele, caso os Bancos Centrais das economias avan\u00e7adas comecem a reduzir os juros ainda neste semestre, haver\u00e1 espa\u00e7o para novas quedas das taxas no Brasil no segundo semestre.<img decoding=\"async\" style=\"width: 1px; height: 1px;\" src=\"https:\/\/agenciabrasil.ebc.com.br\/ebc.png?id=1578651&amp;o=rss\"><img decoding=\"async\" style=\"width: 1px; height: 1px;\" src=\"https:\/\/agenciabrasil.ebc.com.br\/ebc.gif?id=1578651&amp;o=rss\"><\/p>\n\n\n\n<p>\u201cPor tudo que ouvi\u00a0nas viagens que fiz, n\u00e3o me parecia o mais prov\u00e1vel [que o ciclo de cortes no exterior comece em mar\u00e7o], mas no primeiro semestre me parece realista. Se isso acontecer, vai ser muito bom para <strong>Banco Central<\/strong> [brasileiro], porque a\u00ed o horizonte pode mudar relativamente para melhor, e isso pode projetar uma <strong><a href=\"https:\/\/www.suno.com.br\/artigos\/juros\/\">taxa de juros<\/a> terminal <\/strong>neste ciclo de cortes para al\u00e9m do que estamos imaginando hoje. Mas isso s\u00e3o especula\u00e7\u00f5es, vamos avaliar\u201d, disse Haddad ao voltar de reuni\u00e3o na Casa Civil.<\/p>\n\n\n\n<p>Nesta quarta-feira (31), o Comit\u00ea de <a href=\"https:\/\/www.suno.com.br\/artigos\/politica-monetaria\/\">Pol\u00edtica Monet\u00e1ria<\/a> (<strong>Copom<\/strong>) do <strong>BC<\/strong> promove a primeira reuni\u00e3o do ano para decidir o futuro da <strong>Taxa Selic<\/strong>, atualmente em 11,75% ao ano. Em dezembro, a autoridade monet\u00e1ria tinha anunciado que continuaria a promover cortes de 0,5 ponto percentual no primeiro semestre. <\/p>\n\n\n\n<p>A maioria das <a href=\"https:\/\/www.suno.com.br\/artigos\/instituicoes-financeiras\/\">institui\u00e7\u00f5es financeiras<\/a> acredita que o Copom far\u00e1 tr\u00eas redu\u00e7\u00f5es at\u00e9 maio, para depois decidir a evolu\u00e7\u00e3o dos juros b\u00e1sicos no Brasil.<\/p>\n\n\n\t<div data-element=\"shortcode-read-more\" class=\"knowMore\">\n\t\t\t\t<span class=\"knowMore__title\">Leia mais<\/span>\n\t\t\t\t<a class=\"knowMore__link\" href=\"https:\/\/www.suno.com.br\/noticias\/previa-do-copom-taxa0selic-juros-gpj\/\">\n\t\t\tCopom deve confirmar redu\u00e7\u00e3o da Selic na primeira reuni\u00e3o do ano. Como ser\u00e1 o ritmo dos pr\u00f3ximos cortes?\t\t<\/a>\n\t<\/div>\n\n\n\n\n<h2 class=\"wp-block-heading\">D\u00edvida p\u00fablica<\/h2>\n\n\n\n<p>O ministro tamb\u00e9m comentou a alta da <strong>D\u00edvida P\u00fablica Federal<\/strong>, que terminou 2023 em R$ 6,52 trilh\u00f5es, crescendo cerca de R$ 500 bilh\u00f5es no ano passado. Haddad ressaltou que boa parte da alta em 2023 decorre de heran\u00e7as do governo anterior, como a quita\u00e7\u00e3o de precat\u00f3rios (d\u00edvidas do governo com senten\u00e7a judicial definitiva) e a <a href=\"https:\/\/www.suno.com.br\/artigos\/ajuda-financeira\/\">ajuda financeira<\/a> a estados para compensar a redu\u00e7\u00e3o do imposto estadual sobre os combust\u00edveis.<\/p>\n\n\n\n<p>\u201cA d\u00edvida \u00e9 uma consequ\u00eancia do <a href=\"https:\/\/www.suno.com.br\/artigos\/deficit-primario\/\">d\u00e9ficit prim\u00e1rio<\/a> e dos juros sobre a d\u00edvida. O precat\u00f3rio que foi pago j\u00e1 era d\u00edvida, s\u00f3 n\u00e3o tinha sido contabilizado como d\u00edvida, mas j\u00e1 existia. Um governo que paga um calote n\u00e3o pode ser responsabilizado nem pelo calote e nem pelo aumento da d\u00edvida consequente do pagamento do calote\u201d, declarou Haddad.<\/p>\n\n\n\n<p>Na segunda-feira (29), o Tesouro Nacional divulgou que o <a href=\"https:\/\/www.suno.com.br\/artigos\/deficit-primario\/\">d\u00e9ficit prim\u00e1rio<\/a> do Governo Central \u2013 Tesouro, Banco Central e Previd\u00eancia Social \u2013 ficou em R$ 230,54 bilh\u00f5es, o pior resultado para as contas p\u00fablicas desde 2020, o primeiro ano da pandemia de covid-19. O d\u00e9ficit, no entanto, cairia para R$ 138,1 bilh\u00f5es sem o pagamento de cerca de R$ 92 bilh\u00f5es em precat\u00f3rios atrasados, ap\u00f3s decis\u00e3o do Supremo Tribunal Federal.<\/p>\n\n\n\t<p>\n\t\t<a href=\"https:\/\/lp.suno.com.br\/ebook-gratuito-investindo-no-exterior\/\" target=\"_blank\" data-element=\"shortcode-suno-banner\" title=\"Banner SUNO, clique e saiba mais\">\n\t\t\t<picture>\n\t\t\t\t<source media=\"(max-width: 500px)\" srcset=\"https:\/\/files.sunoresearch.com.br\/n\/uploads\/2023\/03\/400x300-Investindo-no-exterior.png\">\n\t\t\t\t<img class=\"newsContent__article__imgCapa newsContent__article__imgCapa--banner\"\n\t\t\t\t\tsrc=\"https:\/\/files.sunoresearch.com.br\/n\/uploads\/2023\/03\/1420x240-Investindo-no-exterior.png\"\n\t\t\t\t\tdata-promo-id=\"383161\"\t\t\t\t\t\t\t\t\t\twidth='1420' height='240'\t\t\t\t\talt=\"https:\/\/files.sunoresearch.com.br\/n\/uploads\/2023\/03\/1420x240-Investindo-no-exterior.png\"\n\t\t\t\t>\n\t\t\t<\/picture>\n\t\t<\/a>\n\t<\/p>\n\n\n\n\n\n<h2 class=\"wp-block-heading\">Crescimento<\/h2>\n\n\n\n<p>Haddad disse ainda que o governo espera fechar 2024 com crescimento da economia acima de 2% e que est\u00e1 confiante de que encerrar\u00e1 o ano melhor que as previs\u00f5es. <\/p>\n\n\n\n<p>Em novembro, a Secretaria de <a href=\"https:\/\/www.suno.com.br\/artigos\/politica-economica\/\">Pol\u00edtica Econ\u00f4mica<\/a> do Minist\u00e9rio da Fazenda divulgou proje\u00e7\u00e3o de avan\u00e7o de 2,2% de avan\u00e7o no <strong>Produto Interno Bruto<\/strong> (PIB) em 2024. Nesta ter\u00e7a-feira, o <strong>Fundo Monet\u00e1rio Internacional <\/strong>(FMI) elevou, de 1,5% para 1,7% a expectativa de crescimento do PIB neste ano.<\/p>\n\n\n\n<p>Segundo o ministro, o governo est\u00e1 tomando medidas para melhorar o ambiente de neg\u00f3cios e o crescimento neste ano, como o <strong>Novo Marco de Garantias<\/strong>, sancionado em outubro e ainda pendente de regulamenta\u00e7\u00f5es. \u201cO Marco de Garantias tem o potencial de mudar o padr\u00e3o de cr\u00e9dito no pa\u00eds, o que impulsionar\u00e1 o crescimento\u201d, destacou <strong>Fernando Haddad<\/strong>. <\/p>\n\n\n\n<p>Sem detalhar n\u00fameros, o ministro disse que os dados preliminares da economia em janeiro \u201cest\u00e3o bastante razo\u00e1veis\u201d. \u201cEntramos no ano confiantes de que podemos ter um ano acima das expectativas, como aconteceu em 2023\u201d, comentou <strong>Haddad<\/strong>.<\/p>\n\n\n\n<p><em>*Com informa\u00e7\u00f5es de Ag\u00eancia Brasil<\/em><\/p>\n\n\n\t<p>\n\t\t<a href=\"https:\/\/lp.suno.com.br\/planilha-da-vida-financeira\/\" target=\"_blank\" data-element=\"shortcode-suno-banner\" title=\"Banner SUNO, clique e saiba mais\">\n\t\t\t<picture>\n\t\t\t\t<source media=\"(max-width: 500px)\" srcset=\"https:\/\/files.sunoresearch.com.br\/n\/uploads\/2023\/04\/400x300-Planilha-vida-financeira-true.png\">\n\t\t\t\t<img class=\"newsContent__article__imgCapa newsContent__article__imgCapa--banner\"\n\t\t\t\t\tsrc=\"https:\/\/files.sunoresearch.com.br\/n\/uploads\/2023\/04\/1420x240-Planilha-vida-financeira-true.png\"\n\t\t\t\t\tdata-promo-id=\"383123\"\t\t\t\t\t\t\t\t\t\twidth='1420' height='240'\t\t\t\t\talt=\"https:\/\/files.sunoresearch.com.br\/n\/uploads\/2023\/04\/1420x240-Planilha-vida-financeira-true.png\"\n\t\t\t\t>\n\t\t\t<\/picture>\n\t\t<\/a>\n\t<\/p>\n\n\n","protected":false},"excerpt":{"rendered":"<p>Ap\u00f3s os cortes de juros j\u00e1 anunciados pelo Banco Central (BC) no in\u00edcio deste ano, a continuidade da queda da Taxa Selic (juros b\u00e1sicos da economia) depender\u00e1 do exterior, disse nesta ter\u00e7a-feira (30) o ministro da Fazenda, Fernando Haddad. Foto: Diogo Zacarias\/Minist\u00e9rio da Fazenda Segundo ele, caso os Bancos Centrais das economias avan\u00e7adas comecem a [&hellip;]<\/p>\n","protected":false},"author":313,"featured_media":413518,"comment_status":"closed","ping_status":"closed","sticky":false,"template":"","format":"standard","meta":[],"categories":[62],"tags":[1265,740,716,1752,290],"suno_strategy":[],"class_list":["post-518060","post","type-post","status-publish","format-standard","has-post-thumbnail","hentry","category-economia","tag-divida-publica-federal","tag-economia","tag-fernando-haddad","tag-taxa-de-juros","tag-taxa-selic"],"yoast_head":"<!-- This site is optimized with the Yoast SEO plugin v24.4 - https:\/\/yoast.com\/wordpress\/plugins\/seo\/ -->\n<title>Haddad: manuten\u00e7\u00e3o da queda dos juros depender\u00e1 do exterior<\/title>\n<meta name=\"description\" content=\"Segundo o Ministro da Fazenda Fernando Haddad, h\u00e1 possibilidade para novas quedas no Brasil no segundo semestre.\" \/>\n<meta name=\"robots\" content=\"index, follow, max-snippet:-1, max-image-preview:large, max-video-preview:-1\" \/>\n<link rel=\"canonical\" href=\"https:\/\/www.suno.com.br\/noticias\/haddad-juros-exterior-gpj\/\" \/>\n<meta property=\"og:locale\" content=\"pt_BR\" \/>\n<meta property=\"og:type\" content=\"article\" \/>\n<meta property=\"og:title\" content=\"Haddad: manuten\u00e7\u00e3o da queda dos juros depender\u00e1 do exterior\" \/>\n<meta property=\"og:description\" content=\"Segundo o Ministro da Fazenda Fernando Haddad, h\u00e1 possibilidade para novas quedas no Brasil no segundo semestre.\" \/>\n<meta property=\"og:url\" content=\"https:\/\/www.suno.com.br\/noticias\/haddad-juros-exterior-gpj\/\" \/>\n<meta property=\"og:site_name\" content=\"Suno Not\u00edcias\" \/>\n<meta property=\"article:publisher\" content=\"https:\/\/facebook.com\/sunoresearch\" \/>\n<meta property=\"og:image\" content=\"https:\/\/files.sunoresearch.com.br\/n\/uploads\/2023\/06\/haddad-programa-desenrola-brasil.jpg\" \/>\n\t<meta property=\"og:image:width\" content=\"1200\" \/>\n\t<meta property=\"og:image:height\" content=\"800\" \/>\n\t<meta property=\"og:image:type\" content=\"image\/jpeg\" \/>\n<meta name=\"author\" content=\"Giovanni Porf\u00edrio Jacomino\" \/>\n<meta name=\"twitter:card\" content=\"summary_large_image\" \/>\n<meta name=\"twitter:creator\" content=\"@sunoresearch\" \/>\n<meta name=\"twitter:site\" content=\"@sunoresearch\" \/>\n<meta name=\"twitter:label1\" content=\"Escrito por\" \/>\n\t<meta name=\"twitter:data1\" content=\"Giovanni Porf\u00edrio Jacomino\" \/>\n\t<meta name=\"twitter:label2\" content=\"Est. tempo de leitura\" \/>\n\t<meta name=\"twitter:data2\" content=\"4 minutos\" \/>\n<script type=\"application\/ld+json\" class=\"yoast-schema-graph\">{\"@context\":\"https:\/\/schema.org\",\"@graph\":[{\"@type\":\"NewsArticle\",\"@id\":\"https:\/\/www.suno.com.br\/noticias\/haddad-juros-exterior-gpj\/#article\",\"isPartOf\":{\"@id\":\"https:\/\/www.suno.com.br\/noticias\/haddad-juros-exterior-gpj\/\"},\"author\":{\"name\":\"Giovanni Porf\u00edrio Jacomino\",\"@id\":\"https:\/\/www.suno.com.br\/noticias\/#\/schema\/person\/d0f32748bbca4bee871fa191ee4e2d40\"},\"headline\":\"Haddad: manuten\u00e7\u00e3o da queda dos juros depender\u00e1 do exterior\",\"datePublished\":\"2024-01-31T13:21:34+00:00\",\"dateModified\":\"2024-01-31T13:58:57+00:00\",\"mainEntityOfPage\":{\"@id\":\"https:\/\/www.suno.com.br\/noticias\/haddad-juros-exterior-gpj\/\"},\"wordCount\":671,\"publisher\":{\"@id\":\"https:\/\/www.suno.com.br\/noticias\/#organization\"},\"image\":{\"@id\":\"https:\/\/www.suno.com.br\/noticias\/haddad-juros-exterior-gpj\/#primaryimage\"},\"thumbnailUrl\":\"https:\/\/files.sunoresearch.com.br\/n\/uploads\/2023\/06\/haddad-programa-desenrola-brasil.jpg\",\"keywords\":[\"D\u00edvida P\u00fablica Federal\",\"Economia\",\"Fernando Haddad\",\"taxa de juros\",\"Taxa Selic\"],\"articleSection\":[\"Economia\"],\"inLanguage\":\"pt-BR\"},{\"@type\":\"WebPage\",\"@id\":\"https:\/\/www.suno.com.br\/noticias\/haddad-juros-exterior-gpj\/\",\"url\":\"https:\/\/www.suno.com.br\/noticias\/haddad-juros-exterior-gpj\/\",\"name\":\"Haddad: manuten\u00e7\u00e3o da queda dos juros depender\u00e1 do exterior\",\"isPartOf\":{\"@id\":\"https:\/\/www.suno.com.br\/noticias\/#website\"},\"primaryImageOfPage\":{\"@id\":\"https:\/\/www.suno.com.br\/noticias\/haddad-juros-exterior-gpj\/#primaryimage\"},\"image\":{\"@id\":\"https:\/\/www.suno.com.br\/noticias\/haddad-juros-exterior-gpj\/#primaryimage\"},\"thumbnailUrl\":\"https:\/\/files.sunoresearch.com.br\/n\/uploads\/2023\/06\/haddad-programa-desenrola-brasil.jpg\",\"datePublished\":\"2024-01-31T13:21:34+00:00\",\"dateModified\":\"2024-01-31T13:58:57+00:00\",\"description\":\"Segundo o Ministro da Fazenda Fernando Haddad, h\u00e1 possibilidade para novas quedas no Brasil no segundo semestre.\",\"breadcrumb\":{\"@id\":\"https:\/\/www.suno.com.br\/noticias\/haddad-juros-exterior-gpj\/#breadcrumb\"},\"inLanguage\":\"pt-BR\",\"potentialAction\":[{\"@type\":\"ReadAction\",\"target\":[\"https:\/\/www.suno.com.br\/noticias\/haddad-juros-exterior-gpj\/\"]}]},{\"@type\":\"ImageObject\",\"inLanguage\":\"pt-BR\",\"@id\":\"https:\/\/www.suno.com.br\/noticias\/haddad-juros-exterior-gpj\/#primaryimage\",\"url\":\"https:\/\/files.sunoresearch.com.br\/n\/uploads\/2023\/06\/haddad-programa-desenrola-brasil.jpg\",\"contentUrl\":\"https:\/\/files.sunoresearch.com.br\/n\/uploads\/2023\/06\/haddad-programa-desenrola-brasil.jpg\",\"width\":1200,\"height\":800,\"caption\":\"Foto: Diogo Zacarias\/Minist\u00e9rio da Fazenda\"},{\"@type\":\"BreadcrumbList\",\"@id\":\"https:\/\/www.suno.com.br\/noticias\/haddad-juros-exterior-gpj\/#breadcrumb\",\"itemListElement\":[{\"@type\":\"ListItem\",\"position\":1,\"name\":\"Not\u00edcias\",\"item\":\"https:\/\/www.suno.com.br\/noticias\/\"},{\"@type\":\"ListItem\",\"position\":2,\"name\":\"Economia\",\"item\":\"https:\/\/www.suno.com.br\/noticias\/economia\/\"},{\"@type\":\"ListItem\",\"position\":3,\"name\":\"Haddad: manuten\u00e7\u00e3o da queda dos juros depender\u00e1 do exterior\"}]},{\"@type\":\"WebSite\",\"@id\":\"https:\/\/www.suno.com.br\/noticias\/#website\",\"url\":\"https:\/\/www.suno.com.br\/noticias\/\",\"name\":\"Suno Not\u00edcias\",\"description\":\"Seu portal de informa\u00e7\u00e3o sobre o mundo dos investimentos\",\"publisher\":{\"@id\":\"https:\/\/www.suno.com.br\/noticias\/#organization\"},\"potentialAction\":[{\"@type\":\"SearchAction\",\"target\":{\"@type\":\"EntryPoint\",\"urlTemplate\":\"https:\/\/www.suno.com.br\/noticias\/?s={search_term_string}\"},\"query-input\":{\"@type\":\"PropertyValueSpecification\",\"valueRequired\":true,\"valueName\":\"search_term_string\"}}],\"inLanguage\":\"pt-BR\"},{\"@type\":\"Organization\",\"@id\":\"https:\/\/www.suno.com.br\/noticias\/#organization\",\"name\":\"Suno Not\u00edcias\",\"url\":\"https:\/\/www.suno.com.br\/noticias\/\",\"logo\":{\"@type\":\"ImageObject\",\"inLanguage\":\"pt-BR\",\"@id\":\"https:\/\/www.suno.com.br\/noticias\/#\/schema\/logo\/image\/\",\"url\":\"https:\/\/files.sunoresearch.com.br\/n\/uploads\/2021\/09\/suno-logo.png\",\"contentUrl\":\"https:\/\/files.sunoresearch.com.br\/n\/uploads\/2021\/09\/suno-logo.png\",\"width\":180,\"height\":180,\"caption\":\"Suno Not\u00edcias\"},\"image\":{\"@id\":\"https:\/\/www.suno.com.br\/noticias\/#\/schema\/logo\/image\/\"},\"sameAs\":[\"https:\/\/facebook.com\/sunoresearch\",\"https:\/\/x.com\/sunoresearch\",\"https:\/\/www.instagram.com\/suno\",\"https:\/\/www.linkedin.com\/company\/suno-research\/\",\"https:\/\/www.youtube.com\/c\/sunoresearch\"]},{\"@type\":\"Person\",\"@id\":\"https:\/\/www.suno.com.br\/noticias\/#\/schema\/person\/d0f32748bbca4bee871fa191ee4e2d40\",\"name\":\"Giovanni Porf\u00edrio Jacomino\",\"image\":{\"@type\":\"ImageObject\",\"inLanguage\":\"pt-BR\",\"@id\":\"https:\/\/www.suno.com.br\/noticias\/#\/schema\/person\/image\/\",\"url\":\"https:\/\/secure.gravatar.com\/avatar\/efb32e19b730a121cb7a80f41ffec01a?s=96&r=g\",\"contentUrl\":\"https:\/\/secure.gravatar.com\/avatar\/efb32e19b730a121cb7a80f41ffec01a?s=96&r=g\",\"caption\":\"Giovanni Porf\u00edrio Jacomino\"},\"description\":\"Giovanni Porf\u00edrio Jacomino \u00e9 jornalista formado pela Universidade Estadual de Londrina (UEL) e p\u00f3s-graduado em Produ\u00e7\u00e3o e Pr\u00e1ticas Jornal\u00edsticas na Contemporaneidade na Faculdade C\u00e1sper L\u00edbero (FCL). Foi editor web no Startupi e no Finsiders, atuando ainda como editor no TC Mover, portal de not\u00edcias da TradersClub, fazendo a cobertura de assuntos relacionados ao mercado financeiro interno e externo. Atualmente, \u00e9 Rep\u00f3rter do Suno Not\u00edcias.\",\"url\":\"https:\/\/www.suno.com.br\/noticias\/author\/giovanni-porfiriosuno-com-br\/\"}]}<\/script>\n<!-- \/ Yoast SEO plugin. -->","yoast_head_json":{"title":"Haddad: manuten\u00e7\u00e3o da queda dos juros depender\u00e1 do exterior","description":"Segundo o Ministro da Fazenda Fernando Haddad, h\u00e1 possibilidade para novas quedas no Brasil no segundo semestre.","robots":{"index":"index","follow":"follow","max-snippet":"max-snippet:-1","max-image-preview":"max-image-preview:large","max-video-preview":"max-video-preview:-1"},"canonical":"https:\/\/www.suno.com.br\/noticias\/haddad-juros-exterior-gpj\/","og_locale":"pt_BR","og_type":"article","og_title":"Haddad: manuten\u00e7\u00e3o da queda dos juros depender\u00e1 do exterior","og_description":"Segundo o Ministro da Fazenda Fernando Haddad, h\u00e1 possibilidade para novas quedas no Brasil no segundo semestre.","og_url":"https:\/\/www.suno.com.br\/noticias\/haddad-juros-exterior-gpj\/","og_site_name":"Suno Not\u00edcias","article_publisher":"https:\/\/facebook.com\/sunoresearch","og_image":[{"width":1200,"height":800,"url":"https:\/\/files.sunoresearch.com.br\/n\/uploads\/2023\/06\/haddad-programa-desenrola-brasil.jpg","type":"image\/jpeg"}],"author":"Giovanni Porf\u00edrio Jacomino","twitter_card":"summary_large_image","twitter_creator":"@sunoresearch","twitter_site":"@sunoresearch","twitter_misc":{"Escrito por":"Giovanni Porf\u00edrio Jacomino","Est. tempo de leitura":"4 minutos"},"schema":{"@context":"https:\/\/schema.org","@graph":[{"@type":"NewsArticle","@id":"https:\/\/www.suno.com.br\/noticias\/haddad-juros-exterior-gpj\/#article","isPartOf":{"@id":"https:\/\/www.suno.com.br\/noticias\/haddad-juros-exterior-gpj\/"},"author":{"name":"Giovanni Porf\u00edrio Jacomino","@id":"https:\/\/www.suno.com.br\/noticias\/#\/schema\/person\/d0f32748bbca4bee871fa191ee4e2d40"},"headline":"Haddad: manuten\u00e7\u00e3o da queda dos juros depender\u00e1 do exterior","datePublished":"2024-01-31T13:21:34+00:00","dateModified":"2024-01-31T13:58:57+00:00","mainEntityOfPage":{"@id":"https:\/\/www.suno.com.br\/noticias\/haddad-juros-exterior-gpj\/"},"wordCount":671,"publisher":{"@id":"https:\/\/www.suno.com.br\/noticias\/#organization"},"image":{"@id":"https:\/\/www.suno.com.br\/noticias\/haddad-juros-exterior-gpj\/#primaryimage"},"thumbnailUrl":"https:\/\/files.sunoresearch.com.br\/n\/uploads\/2023\/06\/haddad-programa-desenrola-brasil.jpg","keywords":["D\u00edvida P\u00fablica Federal","Economia","Fernando Haddad","taxa de juros","Taxa Selic"],"articleSection":["Economia"],"inLanguage":"pt-BR"},{"@type":"WebPage","@id":"https:\/\/www.suno.com.br\/noticias\/haddad-juros-exterior-gpj\/","url":"https:\/\/www.suno.com.br\/noticias\/haddad-juros-exterior-gpj\/","name":"Haddad: manuten\u00e7\u00e3o da queda dos juros depender\u00e1 do exterior","isPartOf":{"@id":"https:\/\/www.suno.com.br\/noticias\/#website"},"primaryImageOfPage":{"@id":"https:\/\/www.suno.com.br\/noticias\/haddad-juros-exterior-gpj\/#primaryimage"},"image":{"@id":"https:\/\/www.suno.com.br\/noticias\/haddad-juros-exterior-gpj\/#primaryimage"},"thumbnailUrl":"https:\/\/files.sunoresearch.com.br\/n\/uploads\/2023\/06\/haddad-programa-desenrola-brasil.jpg","datePublished":"2024-01-31T13:21:34+00:00","dateModified":"2024-01-31T13:58:57+00:00","description":"Segundo o Ministro da Fazenda Fernando Haddad, h\u00e1 possibilidade para novas quedas no Brasil no segundo semestre.","breadcrumb":{"@id":"https:\/\/www.suno.com.br\/noticias\/haddad-juros-exterior-gpj\/#breadcrumb"},"inLanguage":"pt-BR","potentialAction":[{"@type":"ReadAction","target":["https:\/\/www.suno.com.br\/noticias\/haddad-juros-exterior-gpj\/"]}]},{"@type":"ImageObject","inLanguage":"pt-BR","@id":"https:\/\/www.suno.com.br\/noticias\/haddad-juros-exterior-gpj\/#primaryimage","url":"https:\/\/files.sunoresearch.com.br\/n\/uploads\/2023\/06\/haddad-programa-desenrola-brasil.jpg","contentUrl":"https:\/\/files.sunoresearch.com.br\/n\/uploads\/2023\/06\/haddad-programa-desenrola-brasil.jpg","width":1200,"height":800,"caption":"Foto: Diogo Zacarias\/Minist\u00e9rio da Fazenda"},{"@type":"BreadcrumbList","@id":"https:\/\/www.suno.com.br\/noticias\/haddad-juros-exterior-gpj\/#breadcrumb","itemListElement":[{"@type":"ListItem","position":1,"name":"Not\u00edcias","item":"https:\/\/www.suno.com.br\/noticias\/"},{"@type":"ListItem","position":2,"name":"Economia","item":"https:\/\/www.suno.com.br\/noticias\/economia\/"},{"@type":"ListItem","position":3,"name":"Haddad: manuten\u00e7\u00e3o da queda dos juros depender\u00e1 do exterior"}]},{"@type":"WebSite","@id":"https:\/\/www.suno.com.br\/noticias\/#website","url":"https:\/\/www.suno.com.br\/noticias\/","name":"Suno Not\u00edcias","description":"Seu portal de informa\u00e7\u00e3o sobre o mundo dos investimentos","publisher":{"@id":"https:\/\/www.suno.com.br\/noticias\/#organization"},"potentialAction":[{"@type":"SearchAction","target":{"@type":"EntryPoint","urlTemplate":"https:\/\/www.suno.com.br\/noticias\/?s={search_term_string}"},"query-input":{"@type":"PropertyValueSpecification","valueRequired":true,"valueName":"search_term_string"}}],"inLanguage":"pt-BR"},{"@type":"Organization","@id":"https:\/\/www.suno.com.br\/noticias\/#organization","name":"Suno Not\u00edcias","url":"https:\/\/www.suno.com.br\/noticias\/","logo":{"@type":"ImageObject","inLanguage":"pt-BR","@id":"https:\/\/www.suno.com.br\/noticias\/#\/schema\/logo\/image\/","url":"https:\/\/files.sunoresearch.com.br\/n\/uploads\/2021\/09\/suno-logo.png","contentUrl":"https:\/\/files.sunoresearch.com.br\/n\/uploads\/2021\/09\/suno-logo.png","width":180,"height":180,"caption":"Suno Not\u00edcias"},"image":{"@id":"https:\/\/www.suno.com.br\/noticias\/#\/schema\/logo\/image\/"},"sameAs":["https:\/\/facebook.com\/sunoresearch","https:\/\/x.com\/sunoresearch","https:\/\/www.instagram.com\/suno","https:\/\/www.linkedin.com\/company\/suno-research\/","https:\/\/www.youtube.com\/c\/sunoresearch"]},{"@type":"Person","@id":"https:\/\/www.suno.com.br\/noticias\/#\/schema\/person\/d0f32748bbca4bee871fa191ee4e2d40","name":"Giovanni Porf\u00edrio Jacomino","image":{"@type":"ImageObject","inLanguage":"pt-BR","@id":"https:\/\/www.suno.com.br\/noticias\/#\/schema\/person\/image\/","url":"https:\/\/secure.gravatar.com\/avatar\/efb32e19b730a121cb7a80f41ffec01a?s=96&r=g","contentUrl":"https:\/\/secure.gravatar.com\/avatar\/efb32e19b730a121cb7a80f41ffec01a?s=96&r=g","caption":"Giovanni Porf\u00edrio Jacomino"},"description":"Giovanni Porf\u00edrio Jacomino \u00e9 jornalista formado pela Universidade Estadual de Londrina (UEL) e p\u00f3s-graduado em Produ\u00e7\u00e3o e Pr\u00e1ticas Jornal\u00edsticas na Contemporaneidade na Faculdade C\u00e1sper L\u00edbero (FCL). Foi editor web no Startupi e no Finsiders, atuando ainda como editor no TC Mover, portal de not\u00edcias da TradersClub, fazendo a cobertura de assuntos relacionados ao mercado financeiro interno e externo. Atualmente, \u00e9 Rep\u00f3rter do Suno Not\u00edcias.","url":"https:\/\/www.suno.com.br\/noticias\/author\/giovanni-porfiriosuno-com-br\/"}]}},"default_loop_html":"<div class=\"cardsPage__listCard__boxs\"><div class=\"cardsPage__listCard__boxs__img\"><a href=\"https:\/\/www.suno.com.br\/noticias\/haddad-juros-exterior-gpj\/\"><img class=\"mask\" src=\"https:\/\/www.suno.com.br\/noticias\/wp-content\/themes\/suno\/resources\/images\/spotlight\/spotlight1img\/bg-mask.png\" alt=\"Image Mask\"\/><img src=\"https:\/\/files.sunoresearch.com.br\/n\/uploads\/2023\/06\/haddad-programa-desenrola-brasil-400x200.jpg\" alt=\"Haddad: manuten\u00e7\u00e3o da queda dos juros depender\u00e1 do exterior\"\/><\/a><span class=\"spotlightCategory\"><a href=\"https:\/\/www.suno.com.br\/noticias\/economia\/\">Economia<\/a><\/span><\/div><div class=\"cardsPage__listCard__boxs__content\"><a href=\"https:\/\/www.suno.com.br\/noticias\/haddad-juros-exterior-gpj\/\"><h2 class=\"content__title\">Haddad: manuten\u00e7\u00e3o da queda dos juros depender\u00e1 do exterior<\/h2><\/a><div class=\"newsContent__article__meta\"><div class=\"newsContent__article__meta__authorBox\"><a href=\"https:\/\/www.suno.com.br\/noticias\/author\/giovanni-porfiriosuno-com-br\/\" class=\"authorBox__avatar noMobi\"><img src=\"https:\/\/files.sunoresearch.com.br\/n\/uploads\/2024\/05\/DSCF4115-1-1-150x150.webp\" alt=\"Giovanni Porf\u00edrio Jacomino\"><\/a><div class=\"authorBox__name\"><span>por\n\t\t\t<a href=\"https:\/\/www.suno.com.br\/noticias\/author\/giovanni-porfiriosuno-com-br\/\"><span itemprop=\"author\">Giovanni Porf\u00edrio Jacomino<\/span><\/a><\/span><time datetime=\"2024-01-31T10:21:34-03:00\" itemprop=\"datePublished\">31\/01\/2024 10:21<\/time><\/div><\/div><\/div><\/div><\/div>","single_layout":"posts","amp_enabled":true,"_links":{"self":[{"href":"https:\/\/www.suno.com.br\/noticias\/wp-json\/wp\/v2\/posts\/518060"}],"collection":[{"href":"https:\/\/www.suno.com.br\/noticias\/wp-json\/wp\/v2\/posts"}],"about":[{"href":"https:\/\/www.suno.com.br\/noticias\/wp-json\/wp\/v2\/types\/post"}],"author":[{"embeddable":true,"href":"https:\/\/www.suno.com.br\/noticias\/wp-json\/wp\/v2\/users\/313"}],"replies":[{"embeddable":true,"href":"https:\/\/www.suno.com.br\/noticias\/wp-json\/wp\/v2\/comments?post=518060"}],"version-history":[{"count":2,"href":"https:\/\/www.suno.com.br\/noticias\/wp-json\/wp\/v2\/posts\/518060\/revisions"}],"predecessor-version":[{"id":518248,"href":"https:\/\/www.suno.com.br\/noticias\/wp-json\/wp\/v2\/posts\/518060\/revisions\/518248"}],"wp:featuredmedia":[{"embeddable":true,"href":"https:\/\/www.suno.com.br\/noticias\/wp-json\/wp\/v2\/media\/413518"}],"wp:attachment":[{"href":"https:\/\/www.suno.com.br\/noticias\/wp-json\/wp\/v2\/media?parent=518060"}],"wp:term":[{"taxonomy":"category","embeddable":true,"href":"https:\/\/www.suno.com.br\/noticias\/wp-json\/wp\/v2\/categories?post=518060"},{"taxonomy":"post_tag","embeddable":true,"href":"https:\/\/www.suno.com.br\/noticias\/wp-json\/wp\/v2\/tags?post=518060"},{"taxonomy":"suno_strategy","embeddable":true,"href":"https:\/\/www.suno.com.br\/noticias\/wp-json\/wp\/v2\/suno_strategy?post=518060"}],"curies":[{"name":"wp","href":"https:\/\/api.w.org\/{rel}","templated":true}]}}