{"id":517971,"date":"2024-01-30T20:35:06","date_gmt":"2024-01-30T23:35:06","guid":{"rendered":"https:\/\/www.suno.com.br\/noticias\/?p=517971"},"modified":"2024-01-30T21:08:53","modified_gmt":"2024-01-31T00:08:53","slug":"weg-wege3-potencial-valorizacao-acoes-receita-limitada-xp-evm","status":"publish","type":"post","link":"https:\/\/www.suno.com.br\/noticias\/weg-wege3-potencial-valorizacao-acoes-receita-limitada-xp-evm\/","title":{"rendered":"Weg (WEGE3) perde potencial de valoriza\u00e7\u00e3o com &#8216;receita limitada&#8217;, diz XP"},"content":{"rendered":"<p>Em novo parecer sobre as a\u00e7\u00f5es da <a class=\"suno-keyword\" data-force=\"yes\" data-priority=\"2\" href=\"https:\/\/www.suno.com.br\/acoes\/WEGE3\/\" target=\"_blank\" rel=\"noopener\"><strong>Weg<\/strong> (WEGE3)<\/a>, analistas da XP Investimentos atualizaram suas estimativas para a companhia, incorporando uma vis\u00e3o mais cautelosa para o crescimento org\u00e2nico de <a class=\"suno-keyword\" data-force=\"no\" data-priority=\"1\" href=\"https:\/\/www.suno.com.br\/artigos\/curto-prazo\/\" target=\"_blank\" rel=\"noopener\">curto prazo<\/a> da companhia.<\/p><div class=\"videoFull \">\n\t\t\t<div class=\"videoWrapper yt-lazyload center\"\n\t\t\t\tdata-width=\"960\"\n\t\t\t\tdata-height=\"540\"\n\t\t\t\tdata-id=\"eEcyzTRaVRQ\"\n\t\t\t\tdata-alt=\"V\u00eddeo do YouTube - clique para reproduzir\"\n\t\t\t\tdata-logo=\"3\"\n\t\t\t\tdata-imagequality=\"maxres\">\n\t\t\t<\/div>\n\t\t<\/div><script type=\"application\/ld+json\">{\"@context\":\"https:\/\/schema.org\",\"@type\":\"VideoObject\",\"name\":\"\ud83d\udd34VALE (VALE3) CAI AP\u00d3S PR\u00c9VIA DO 4T23 | Ibovespa cai | BTG s\u00f3cio do Magazine Luiza (MGLU3)?\",\"description\":\"#mercadofinanceiro #a\u00e7\u00f5es #investimentos #bolsadevalores #ibovespa #dinheiro #finan\u00e7as #pol\u00edtica #d\u00f3lar #livedas19h #petr4 #petr3 #petrobras #vale3 #vale #a\u00e7\u00f5es #economia #dividendos #b3 #b3sa3 #btg #btgpactual #bpac11 #s\u00f3cio #dinheiro \ud83d\udea8\ud83d\udcb8 \ud835\udde2\ud835\uddff\ud835\uddf4\ud835\uddee\ud835\uddfb\ud835\uddf6\ud835\ude07\ud835\uddf2 \ud835\ude00\ud835\ude02\ud835\uddee \ud835\ude03\ud835\uddf6\ud835\uddf1\ud835\uddee \ud835\uddf3\ud835\uddf6\ud835\uddfb\ud835\uddee\ud835\uddfb\ud835\uddf0\ud835\uddf2\ud835\uddf6\ud835\uddff\ud835\uddee \ud835\uddf2 \ud835\uddf3\ud835\uddf6\ud835\uddfe\ud835\ude02\ud835\uddf2 \ud835\uddfa\ud835\uddee\ud835\uddf6\ud835\ude00 \ud835\uddfd\ud835\uddff\u00f3\ud835\ude05\ud835\uddf6\ud835\uddfa\ud835\uddfc \ud835\uddf1\ud835\uddfc\ud835\ude00 \ud835\ude00\ud835\uddf2\ud835\ude02\ud835\ude00 \ud835\uddfc\ud835\uddef\ud835\uddf7\ud835\uddf2\ud835\ude01\ud835\uddf6\ud835\ude03\ud835\uddfc\ud835\ude00 \ud83d\udc49 https:\/\/lp.suno.com.br\/planilha-controle-gastos\/?utm_source=youtube.noticias&utm_medium=live&utm_campaign=planilhacontroledegastos.20240129&utm_content=livenoticias 00:00 In\u00edcio do v\u00eddeo 01:50 Fechamento de preg\u00e3o 05:30 VALE3 cai com pr\u00e9via do 4T23 08:20\u2026\",\"duration\":\"PT27M30S\",\"embedUrl\":\"https:\/\/www.youtube.com\/embed\/eEcyzTRaVRQ\",\"regionsAllowed\":\"en-US\",\"interactionStatistic\":{\"@type\":\"InteractionCounter\",\"interactionType\":{\"@type\":\"WatchAction\"},\"userInteractionCount\":2425},\"thumbnailUrl\":\"https:\/\/i.ytimg.com\/vi\/eEcyzTRaVRQ\/default.jpg\",\"uploadDate\":\"2024-01-30T22:35:19Z\"}<\/script>\n\n\n\n\n\n\n\t<p>\n\t\t<a href=\"\" target=\"_blank\" data-element=\"shortcode-suno-banner\" title=\"Banner SUNO, clique e saiba mais\">\n\t\t\t<picture>\n\t\t\t\t<source media=\"(max-width: 500px)\" srcset=\"\">\n\t\t\t\t<img class=\"newsContent__article__imgCapa newsContent__article__imgCapa--banner\"\n\t\t\t\t\tsrc=\"\"\n\t\t\t\t\tdata-promo-id=\"250708\"\t\t\t\t\t\t\t\t\t\t\t\t\t\t\talt=\"\"\n\t\t\t\t>\n\t\t\t<\/picture>\n\t\t<\/a>\n\t<\/p>\n\n\n\n\n\n<p>A casa manteve a recomenda\u00e7\u00e3o neutra para as <strong>a\u00e7\u00f5es da Weg<\/strong>. O pre\u00e7o-alvo da XP para <strong><a href=\"https:\/\/statusinvest.com.br\/acoes\/wege3\" target=\"_blank\" rel=\"noreferrer noopener\">WEGE3<\/a><\/strong> \u00e9 de R$ 35, ao passo que os pap\u00e9is s\u00e3o negociados a cerca de R$ 33 atualmente.<\/p>\n\n\n\n<p>&#8220;Depois de anos de v\u00e1rios ventos favor\u00e1veis catapultando um crescimento expressivo da receita, esperamos agora que a Weg cres\u00e7a em n\u00edveis mais fracos nos pr\u00f3ximos anos, com lucros desacelerando de forma acentuada pela normaliza\u00e7\u00e3o dos n\u00edveis de rentabilidade e taxas de imposto mais elevadas&#8221;, justifica a XP.<\/p>\n\n\n\n<p>Os analistas ainda destacam que embora continuem a ver as aquisi\u00e7\u00f5es como uma fonte potencial de vantagens adicionais (como a aquisi\u00e7\u00e3o da Regal), \u00e9 not\u00e1vel uma assimetria negativa em rela\u00e7\u00e3o ao valuation, com um pre\u00e7o sobre lucro de 2024 de 26 vezes ante o que eles consideram justo, suscet\u00edvel a novas desclassifica\u00e7\u00f5es de m\u00faltiplos.<\/p>\n\n\n\t<p>\n\t\t<a href=\"https:\/\/lp.suno.com.br\/ebook-como-analisar-uma-acao\/\" target=\"_blank\" data-element=\"shortcode-suno-banner\" title=\"Banner SUNO, clique e saiba mais\">\n\t\t\t<picture>\n\t\t\t\t<source media=\"(max-width: 500px)\" srcset=\"https:\/\/files.sunoresearch.com.br\/n\/uploads\/2023\/03\/Ebook-Acoes-Mobile.jpg\">\n\t\t\t\t<img class=\"newsContent__article__imgCapa newsContent__article__imgCapa--banner\"\n\t\t\t\t\tsrc=\"https:\/\/files.sunoresearch.com.br\/n\/uploads\/2023\/03\/Ebook-Acoes-Desktop.jpg\"\n\t\t\t\t\tdata-promo-id=\"378302\"\t\t\t\t\t\t\t\t\t\twidth='1420' height='286'\t\t\t\t\talt=\"https:\/\/files.sunoresearch.com.br\/n\/uploads\/2023\/03\/Ebook-Acoes-Desktop.jpg\"\n\t\t\t\t>\n\t\t\t<\/picture>\n\t\t<\/a>\n\t<\/p>\n\n\n\n\n\n<p>&#8220;Embora ainda estejamos esperando a aprova\u00e7\u00e3o final (1T24E) para incorporar a aquisi\u00e7\u00e3o da Regal em nossos n\u00fameros, estimamos um acr\u00e9scimo de valor positivo decorrente da aquisi\u00e7\u00e3o, com novas <a class=\"suno-keyword\" target=\"_blank\" data-force=\"no\" data-priority=\"1\" href=\"https:\/\/www.suno.com.br\/artigos\/fusoes-aquisicoes\/\" rel=\"noopener\">fus\u00f5es e aquisi\u00e7\u00f5es<\/a> como uma fonte potencial de vantagem extra&#8221;, diz a XP.<\/p>\n\n\n\n<p>&#8220;Atualizando nossas estimativas. Finalmente, estamos ajustando nossas estimativas para refletirem as perspectivas de desacelera\u00e7\u00e3o do crescimento, com ganhos -7% vs. estimativas anteriores e -2% vs. consenso&#8221;, completa.<\/p>\n\n\n\n<p>Atualmente as proje\u00e7\u00f5es da XP para <strong>Weg em 2024<\/strong> incluem: R$ 7,48 bilh\u00f5es de Ebitda, R$ 35,1 bilh\u00f5es de <a class=\"suno-keyword\" data-force=\"no\" data-priority=\"1\" href=\"https:\/\/www.suno.com.br\/artigos\/o-que-receita-liquida\/\" target=\"_blank\" rel=\"noopener\">receita l\u00edquida<\/a>, R$ 5,38 bilh\u00f5es de lucro e um dividend yield (DY) de 2%.<\/p>\n\n\n\n<h2 class=\"wp-block-heading\">Desempenho das a\u00e7\u00f5es da WEG<\/h2>\n\n\n\n<p>As a\u00e7\u00f5es da <strong>Weg<\/strong> ca\u00edram 0,8% no preg\u00e3o desta ter\u00e7a-feira (30), a R$ 32,99. Os pap\u00e9is somam uma queda de 9,8% desde que 2024 se iniciou.<\/p>\n\n\n\t<p>\n\t\t<a href=\"https:\/\/lp.suno.com.br\/plataforma-de-controle-de-investimentos\/\" target=\"_blank\" data-element=\"shortcode-suno-banner\" title=\"Banner SUNO, clique e saiba mais\">\n\t\t\t<picture>\n\t\t\t\t<source media=\"(max-width: 500px)\" srcset=\"https:\/\/files.sunoresearch.com.br\/n\/uploads\/2023\/03\/400x300-Controle-de-Investimentos.png\">\n\t\t\t\t<img class=\"newsContent__article__imgCapa newsContent__article__imgCapa--banner\"\n\t\t\t\t\tsrc=\"https:\/\/files.sunoresearch.com.br\/n\/uploads\/2023\/03\/1420x240-Controle-de-Investimentos.png\"\n\t\t\t\t\tdata-promo-id=\"383162\"\t\t\t\t\t\t\t\t\t\twidth='1420' height='240'\t\t\t\t\talt=\"https:\/\/files.sunoresearch.com.br\/n\/uploads\/2023\/03\/1420x240-Controle-de-Investimentos.png\"\n\t\t\t\t>\n\t\t\t<\/picture>\n\t\t<\/a>\n\t<\/p>\n\n\n","protected":false},"excerpt":{"rendered":"<p>Em novo parecer sobre as a\u00e7\u00f5es da Weg (WEGE3), analistas da XP Investimentos atualizaram suas estimativas para a companhia, incorporando uma vis\u00e3o mais cautelosa para o crescimento org\u00e2nico de curto prazo da companhia. A casa manteve a recomenda\u00e7\u00e3o neutra para as a\u00e7\u00f5es da Weg. O pre\u00e7o-alvo da XP para WEGE3 \u00e9 de R$ 35, ao [&hellip;]<\/p>\n","protected":false},"author":73,"featured_media":336059,"comment_status":"closed","ping_status":"closed","sticky":false,"template":"","format":"standard","meta":[],"categories":[64],"tags":[105816,681],"suno_strategy":[],"class_list":["post-517971","post","type-post","status-publish","format-standard","has-post-thumbnail","hentry","category-negocios","tag-especialistas","tag-weg-wege3"],"yoast_head":"<!-- This site is optimized with the Yoast SEO plugin v24.4 - https:\/\/yoast.com\/wordpress\/plugins\/seo\/ -->\n<title>Weg (WEGE3) perde potencial de valoriza\u00e7\u00e3o&#039;, diz XP; entenda<\/title>\n<meta name=\"description\" content=\"O pre\u00e7o-alvo da XP para WEGE3 \u00e9 de R$ 35, ao passo que os pap\u00e9is s\u00e3o negociados a cerca de R$ 33 atualmente\" \/>\n<meta name=\"robots\" content=\"index, follow, max-snippet:-1, max-image-preview:large, max-video-preview:-1\" \/>\n<link rel=\"canonical\" href=\"https:\/\/www.suno.com.br\/noticias\/weg-wege3-potencial-valorizacao-acoes-receita-limitada-xp-evm\/\" \/>\n<meta property=\"og:locale\" content=\"pt_BR\" \/>\n<meta property=\"og:type\" content=\"article\" \/>\n<meta property=\"og:title\" content=\"Weg (WEGE3) perde potencial de valoriza\u00e7\u00e3o&#039;, diz XP; entenda\" \/>\n<meta property=\"og:description\" content=\"O pre\u00e7o-alvo da XP para WEGE3 \u00e9 de R$ 35, ao passo que os pap\u00e9is s\u00e3o negociados a cerca de R$ 33 atualmente\" \/>\n<meta property=\"og:url\" content=\"https:\/\/www.suno.com.br\/noticias\/weg-wege3-potencial-valorizacao-acoes-receita-limitada-xp-evm\/\" \/>\n<meta property=\"og:site_name\" content=\"Suno Not\u00edcias\" \/>\n<meta property=\"article:publisher\" content=\"https:\/\/facebook.com\/sunoresearch\" \/>\n<meta property=\"og:image\" content=\"https:\/\/files.sunoresearch.com.br\/n\/uploads\/2022\/12\/Weg-wege3.jpg\" \/>\n\t<meta property=\"og:image:width\" content=\"2560\" \/>\n\t<meta property=\"og:image:height\" content=\"1708\" \/>\n\t<meta property=\"og:image:type\" content=\"image\/jpeg\" \/>\n<meta name=\"author\" content=\"Eduardo Vargas\" \/>\n<meta name=\"twitter:card\" content=\"summary_large_image\" \/>\n<meta name=\"twitter:creator\" content=\"@sunoresearch\" \/>\n<meta name=\"twitter:site\" content=\"@sunoresearch\" \/>\n<meta name=\"twitter:label1\" content=\"Escrito por\" \/>\n\t<meta name=\"twitter:data1\" content=\"Eduardo Vargas\" \/>\n\t<meta name=\"twitter:label2\" content=\"Est. tempo de leitura\" \/>\n\t<meta name=\"twitter:data2\" content=\"2 minutos\" \/>\n<script type=\"application\/ld+json\" class=\"yoast-schema-graph\">{\"@context\":\"https:\/\/schema.org\",\"@graph\":[{\"@type\":\"NewsArticle\",\"@id\":\"https:\/\/www.suno.com.br\/noticias\/weg-wege3-potencial-valorizacao-acoes-receita-limitada-xp-evm\/#article\",\"isPartOf\":{\"@id\":\"https:\/\/www.suno.com.br\/noticias\/weg-wege3-potencial-valorizacao-acoes-receita-limitada-xp-evm\/\"},\"author\":{\"name\":\"Eduardo Vargas\",\"@id\":\"https:\/\/www.suno.com.br\/noticias\/#\/schema\/person\/7f4d362bf3518e76090143ae77bb49a5\"},\"headline\":\"Weg (WEGE3) perde potencial de valoriza\u00e7\u00e3o com &#8216;receita limitada&#8217;, diz XP\",\"datePublished\":\"2024-01-30T23:35:06+00:00\",\"dateModified\":\"2024-01-31T00:08:53+00:00\",\"mainEntityOfPage\":{\"@id\":\"https:\/\/www.suno.com.br\/noticias\/weg-wege3-potencial-valorizacao-acoes-receita-limitada-xp-evm\/\"},\"wordCount\":348,\"publisher\":{\"@id\":\"https:\/\/www.suno.com.br\/noticias\/#organization\"},\"image\":{\"@id\":\"https:\/\/www.suno.com.br\/noticias\/weg-wege3-potencial-valorizacao-acoes-receita-limitada-xp-evm\/#primaryimage\"},\"thumbnailUrl\":\"https:\/\/files.sunoresearch.com.br\/n\/uploads\/2022\/12\/Weg-wege3.jpg\",\"keywords\":[\"Especialistas\",\"Weg (WEGE3)\"],\"articleSection\":[\"Neg\u00f3cios\"],\"inLanguage\":\"pt-BR\"},{\"@type\":\"WebPage\",\"@id\":\"https:\/\/www.suno.com.br\/noticias\/weg-wege3-potencial-valorizacao-acoes-receita-limitada-xp-evm\/\",\"url\":\"https:\/\/www.suno.com.br\/noticias\/weg-wege3-potencial-valorizacao-acoes-receita-limitada-xp-evm\/\",\"name\":\"Weg (WEGE3) perde potencial de valoriza\u00e7\u00e3o', diz XP; entenda\",\"isPartOf\":{\"@id\":\"https:\/\/www.suno.com.br\/noticias\/#website\"},\"primaryImageOfPage\":{\"@id\":\"https:\/\/www.suno.com.br\/noticias\/weg-wege3-potencial-valorizacao-acoes-receita-limitada-xp-evm\/#primaryimage\"},\"image\":{\"@id\":\"https:\/\/www.suno.com.br\/noticias\/weg-wege3-potencial-valorizacao-acoes-receita-limitada-xp-evm\/#primaryimage\"},\"thumbnailUrl\":\"https:\/\/files.sunoresearch.com.br\/n\/uploads\/2022\/12\/Weg-wege3.jpg\",\"datePublished\":\"2024-01-30T23:35:06+00:00\",\"dateModified\":\"2024-01-31T00:08:53+00:00\",\"description\":\"O pre\u00e7o-alvo da XP para WEGE3 \u00e9 de R$ 35, ao passo que os pap\u00e9is s\u00e3o negociados a cerca de R$ 33 atualmente\",\"breadcrumb\":{\"@id\":\"https:\/\/www.suno.com.br\/noticias\/weg-wege3-potencial-valorizacao-acoes-receita-limitada-xp-evm\/#breadcrumb\"},\"inLanguage\":\"pt-BR\",\"potentialAction\":[{\"@type\":\"ReadAction\",\"target\":[\"https:\/\/www.suno.com.br\/noticias\/weg-wege3-potencial-valorizacao-acoes-receita-limitada-xp-evm\/\"]}]},{\"@type\":\"ImageObject\",\"inLanguage\":\"pt-BR\",\"@id\":\"https:\/\/www.suno.com.br\/noticias\/weg-wege3-potencial-valorizacao-acoes-receita-limitada-xp-evm\/#primaryimage\",\"url\":\"https:\/\/files.sunoresearch.com.br\/n\/uploads\/2022\/12\/Weg-wege3.jpg\",\"contentUrl\":\"https:\/\/files.sunoresearch.com.br\/n\/uploads\/2022\/12\/Weg-wege3.jpg\",\"width\":2560,\"height\":1708,\"caption\":\"Weg (WEGE3) - Foto: Divulga\u00e7\u00e3o\"},{\"@type\":\"BreadcrumbList\",\"@id\":\"https:\/\/www.suno.com.br\/noticias\/weg-wege3-potencial-valorizacao-acoes-receita-limitada-xp-evm\/#breadcrumb\",\"itemListElement\":[{\"@type\":\"ListItem\",\"position\":1,\"name\":\"Not\u00edcias\",\"item\":\"https:\/\/www.suno.com.br\/noticias\/\"},{\"@type\":\"ListItem\",\"position\":2,\"name\":\"Neg\u00f3cios\",\"item\":\"https:\/\/www.suno.com.br\/noticias\/negocios\/\"},{\"@type\":\"ListItem\",\"position\":3,\"name\":\"Weg (WEGE3) perde potencial de valoriza\u00e7\u00e3o com &#8216;receita limitada&#8217;, diz XP\"}]},{\"@type\":\"WebSite\",\"@id\":\"https:\/\/www.suno.com.br\/noticias\/#website\",\"url\":\"https:\/\/www.suno.com.br\/noticias\/\",\"name\":\"Suno Not\u00edcias\",\"description\":\"Seu portal de informa\u00e7\u00e3o sobre o mundo dos investimentos\",\"publisher\":{\"@id\":\"https:\/\/www.suno.com.br\/noticias\/#organization\"},\"potentialAction\":[{\"@type\":\"SearchAction\",\"target\":{\"@type\":\"EntryPoint\",\"urlTemplate\":\"https:\/\/www.suno.com.br\/noticias\/?s={search_term_string}\"},\"query-input\":{\"@type\":\"PropertyValueSpecification\",\"valueRequired\":true,\"valueName\":\"search_term_string\"}}],\"inLanguage\":\"pt-BR\"},{\"@type\":\"Organization\",\"@id\":\"https:\/\/www.suno.com.br\/noticias\/#organization\",\"name\":\"Suno Not\u00edcias\",\"url\":\"https:\/\/www.suno.com.br\/noticias\/\",\"logo\":{\"@type\":\"ImageObject\",\"inLanguage\":\"pt-BR\",\"@id\":\"https:\/\/www.suno.com.br\/noticias\/#\/schema\/logo\/image\/\",\"url\":\"https:\/\/files.sunoresearch.com.br\/n\/uploads\/2021\/09\/suno-logo.png\",\"contentUrl\":\"https:\/\/files.sunoresearch.com.br\/n\/uploads\/2021\/09\/suno-logo.png\",\"width\":180,\"height\":180,\"caption\":\"Suno Not\u00edcias\"},\"image\":{\"@id\":\"https:\/\/www.suno.com.br\/noticias\/#\/schema\/logo\/image\/\"},\"sameAs\":[\"https:\/\/facebook.com\/sunoresearch\",\"https:\/\/x.com\/sunoresearch\",\"https:\/\/www.instagram.com\/suno\",\"https:\/\/www.linkedin.com\/company\/suno-research\/\",\"https:\/\/www.youtube.com\/c\/sunoresearch\"]},{\"@type\":\"Person\",\"@id\":\"https:\/\/www.suno.com.br\/noticias\/#\/schema\/person\/7f4d362bf3518e76090143ae77bb49a5\",\"name\":\"Eduardo Vargas\",\"image\":{\"@type\":\"ImageObject\",\"inLanguage\":\"pt-BR\",\"@id\":\"https:\/\/www.suno.com.br\/noticias\/#\/schema\/person\/image\/\",\"url\":\"https:\/\/secure.gravatar.com\/avatar\/dac340933427a22924c9f99d1eb2e3f2?s=96&r=g\",\"contentUrl\":\"https:\/\/secure.gravatar.com\/avatar\/dac340933427a22924c9f99d1eb2e3f2?s=96&r=g\",\"caption\":\"Eduardo Vargas\"},\"description\":\"Jornalista formado pela UFSC, cobre macroeconomia, neg\u00f3cios e startups para o Suno Not\u00edcias, escrevendo principalmente not\u00edcias sobre o mercado financeiro e a bolsa de valores. No YouTube e no Instagram, \u00e9 respons\u00e1vel pela produ\u00e7\u00e3o de Reels e Shorts do Suno Not\u00edcias. Anteriormente, trabalhou cobrindo economia e cotidiano no ND+ e para o ND, maior jornal impresso de Santa Catarina. Cursou um semestre letivo de Estudos de M\u00eddia na Universidad de Buenos Aires.\",\"url\":\"https:\/\/www.suno.com.br\/noticias\/author\/eduardo-vargas\/\"}]}<\/script>\n<!-- \/ Yoast SEO plugin. -->","yoast_head_json":{"title":"Weg (WEGE3) perde potencial de valoriza\u00e7\u00e3o', diz XP; entenda","description":"O pre\u00e7o-alvo da XP para WEGE3 \u00e9 de R$ 35, ao passo que os pap\u00e9is s\u00e3o negociados a cerca de R$ 33 atualmente","robots":{"index":"index","follow":"follow","max-snippet":"max-snippet:-1","max-image-preview":"max-image-preview:large","max-video-preview":"max-video-preview:-1"},"canonical":"https:\/\/www.suno.com.br\/noticias\/weg-wege3-potencial-valorizacao-acoes-receita-limitada-xp-evm\/","og_locale":"pt_BR","og_type":"article","og_title":"Weg (WEGE3) perde potencial de valoriza\u00e7\u00e3o', diz XP; entenda","og_description":"O pre\u00e7o-alvo da XP para WEGE3 \u00e9 de R$ 35, ao passo que os pap\u00e9is s\u00e3o negociados a cerca de R$ 33 atualmente","og_url":"https:\/\/www.suno.com.br\/noticias\/weg-wege3-potencial-valorizacao-acoes-receita-limitada-xp-evm\/","og_site_name":"Suno Not\u00edcias","article_publisher":"https:\/\/facebook.com\/sunoresearch","og_image":[{"width":2560,"height":1708,"url":"https:\/\/files.sunoresearch.com.br\/n\/uploads\/2022\/12\/Weg-wege3.jpg","type":"image\/jpeg"}],"author":"Eduardo Vargas","twitter_card":"summary_large_image","twitter_creator":"@sunoresearch","twitter_site":"@sunoresearch","twitter_misc":{"Escrito por":"Eduardo Vargas","Est. tempo de leitura":"2 minutos"},"schema":{"@context":"https:\/\/schema.org","@graph":[{"@type":"NewsArticle","@id":"https:\/\/www.suno.com.br\/noticias\/weg-wege3-potencial-valorizacao-acoes-receita-limitada-xp-evm\/#article","isPartOf":{"@id":"https:\/\/www.suno.com.br\/noticias\/weg-wege3-potencial-valorizacao-acoes-receita-limitada-xp-evm\/"},"author":{"name":"Eduardo Vargas","@id":"https:\/\/www.suno.com.br\/noticias\/#\/schema\/person\/7f4d362bf3518e76090143ae77bb49a5"},"headline":"Weg (WEGE3) perde potencial de valoriza\u00e7\u00e3o com &#8216;receita limitada&#8217;, diz XP","datePublished":"2024-01-30T23:35:06+00:00","dateModified":"2024-01-31T00:08:53+00:00","mainEntityOfPage":{"@id":"https:\/\/www.suno.com.br\/noticias\/weg-wege3-potencial-valorizacao-acoes-receita-limitada-xp-evm\/"},"wordCount":348,"publisher":{"@id":"https:\/\/www.suno.com.br\/noticias\/#organization"},"image":{"@id":"https:\/\/www.suno.com.br\/noticias\/weg-wege3-potencial-valorizacao-acoes-receita-limitada-xp-evm\/#primaryimage"},"thumbnailUrl":"https:\/\/files.sunoresearch.com.br\/n\/uploads\/2022\/12\/Weg-wege3.jpg","keywords":["Especialistas","Weg (WEGE3)"],"articleSection":["Neg\u00f3cios"],"inLanguage":"pt-BR"},{"@type":"WebPage","@id":"https:\/\/www.suno.com.br\/noticias\/weg-wege3-potencial-valorizacao-acoes-receita-limitada-xp-evm\/","url":"https:\/\/www.suno.com.br\/noticias\/weg-wege3-potencial-valorizacao-acoes-receita-limitada-xp-evm\/","name":"Weg (WEGE3) perde potencial de valoriza\u00e7\u00e3o', diz XP; entenda","isPartOf":{"@id":"https:\/\/www.suno.com.br\/noticias\/#website"},"primaryImageOfPage":{"@id":"https:\/\/www.suno.com.br\/noticias\/weg-wege3-potencial-valorizacao-acoes-receita-limitada-xp-evm\/#primaryimage"},"image":{"@id":"https:\/\/www.suno.com.br\/noticias\/weg-wege3-potencial-valorizacao-acoes-receita-limitada-xp-evm\/#primaryimage"},"thumbnailUrl":"https:\/\/files.sunoresearch.com.br\/n\/uploads\/2022\/12\/Weg-wege3.jpg","datePublished":"2024-01-30T23:35:06+00:00","dateModified":"2024-01-31T00:08:53+00:00","description":"O pre\u00e7o-alvo da XP para WEGE3 \u00e9 de R$ 35, ao passo que os pap\u00e9is s\u00e3o negociados a cerca de R$ 33 atualmente","breadcrumb":{"@id":"https:\/\/www.suno.com.br\/noticias\/weg-wege3-potencial-valorizacao-acoes-receita-limitada-xp-evm\/#breadcrumb"},"inLanguage":"pt-BR","potentialAction":[{"@type":"ReadAction","target":["https:\/\/www.suno.com.br\/noticias\/weg-wege3-potencial-valorizacao-acoes-receita-limitada-xp-evm\/"]}]},{"@type":"ImageObject","inLanguage":"pt-BR","@id":"https:\/\/www.suno.com.br\/noticias\/weg-wege3-potencial-valorizacao-acoes-receita-limitada-xp-evm\/#primaryimage","url":"https:\/\/files.sunoresearch.com.br\/n\/uploads\/2022\/12\/Weg-wege3.jpg","contentUrl":"https:\/\/files.sunoresearch.com.br\/n\/uploads\/2022\/12\/Weg-wege3.jpg","width":2560,"height":1708,"caption":"Weg (WEGE3) - Foto: Divulga\u00e7\u00e3o"},{"@type":"BreadcrumbList","@id":"https:\/\/www.suno.com.br\/noticias\/weg-wege3-potencial-valorizacao-acoes-receita-limitada-xp-evm\/#breadcrumb","itemListElement":[{"@type":"ListItem","position":1,"name":"Not\u00edcias","item":"https:\/\/www.suno.com.br\/noticias\/"},{"@type":"ListItem","position":2,"name":"Neg\u00f3cios","item":"https:\/\/www.suno.com.br\/noticias\/negocios\/"},{"@type":"ListItem","position":3,"name":"Weg (WEGE3) perde potencial de valoriza\u00e7\u00e3o com &#8216;receita limitada&#8217;, diz XP"}]},{"@type":"WebSite","@id":"https:\/\/www.suno.com.br\/noticias\/#website","url":"https:\/\/www.suno.com.br\/noticias\/","name":"Suno Not\u00edcias","description":"Seu portal de informa\u00e7\u00e3o sobre o mundo dos investimentos","publisher":{"@id":"https:\/\/www.suno.com.br\/noticias\/#organization"},"potentialAction":[{"@type":"SearchAction","target":{"@type":"EntryPoint","urlTemplate":"https:\/\/www.suno.com.br\/noticias\/?s={search_term_string}"},"query-input":{"@type":"PropertyValueSpecification","valueRequired":true,"valueName":"search_term_string"}}],"inLanguage":"pt-BR"},{"@type":"Organization","@id":"https:\/\/www.suno.com.br\/noticias\/#organization","name":"Suno Not\u00edcias","url":"https:\/\/www.suno.com.br\/noticias\/","logo":{"@type":"ImageObject","inLanguage":"pt-BR","@id":"https:\/\/www.suno.com.br\/noticias\/#\/schema\/logo\/image\/","url":"https:\/\/files.sunoresearch.com.br\/n\/uploads\/2021\/09\/suno-logo.png","contentUrl":"https:\/\/files.sunoresearch.com.br\/n\/uploads\/2021\/09\/suno-logo.png","width":180,"height":180,"caption":"Suno Not\u00edcias"},"image":{"@id":"https:\/\/www.suno.com.br\/noticias\/#\/schema\/logo\/image\/"},"sameAs":["https:\/\/facebook.com\/sunoresearch","https:\/\/x.com\/sunoresearch","https:\/\/www.instagram.com\/suno","https:\/\/www.linkedin.com\/company\/suno-research\/","https:\/\/www.youtube.com\/c\/sunoresearch"]},{"@type":"Person","@id":"https:\/\/www.suno.com.br\/noticias\/#\/schema\/person\/7f4d362bf3518e76090143ae77bb49a5","name":"Eduardo Vargas","image":{"@type":"ImageObject","inLanguage":"pt-BR","@id":"https:\/\/www.suno.com.br\/noticias\/#\/schema\/person\/image\/","url":"https:\/\/secure.gravatar.com\/avatar\/dac340933427a22924c9f99d1eb2e3f2?s=96&r=g","contentUrl":"https:\/\/secure.gravatar.com\/avatar\/dac340933427a22924c9f99d1eb2e3f2?s=96&r=g","caption":"Eduardo Vargas"},"description":"Jornalista formado pela UFSC, cobre macroeconomia, neg\u00f3cios e startups para o Suno Not\u00edcias, escrevendo principalmente not\u00edcias sobre o mercado financeiro e a bolsa de valores. No YouTube e no Instagram, \u00e9 respons\u00e1vel pela produ\u00e7\u00e3o de Reels e Shorts do Suno Not\u00edcias. Anteriormente, trabalhou cobrindo economia e cotidiano no ND+ e para o ND, maior jornal impresso de Santa Catarina. Cursou um semestre letivo de Estudos de M\u00eddia na Universidad de Buenos Aires.","url":"https:\/\/www.suno.com.br\/noticias\/author\/eduardo-vargas\/"}]}},"default_loop_html":"<div class=\"cardsPage__listCard__boxs\"><div class=\"cardsPage__listCard__boxs__img\"><a href=\"https:\/\/www.suno.com.br\/noticias\/weg-wege3-potencial-valorizacao-acoes-receita-limitada-xp-evm\/\"><img class=\"mask\" src=\"https:\/\/www.suno.com.br\/noticias\/wp-content\/themes\/suno\/resources\/images\/spotlight\/spotlight1img\/bg-mask.png\" alt=\"Image Mask\"\/><img src=\"https:\/\/files.sunoresearch.com.br\/n\/uploads\/2022\/12\/Weg-wege3-400x200.jpg\" alt=\"Weg (WEGE3) perde potencial de valoriza\u00e7\u00e3o com &#8216;receita limitada&#8217;, diz XP\"\/><\/a><span class=\"spotlightCategory\"><a href=\"https:\/\/www.suno.com.br\/noticias\/negocios\/\">Neg\u00f3cios<\/a><\/span><\/div><div class=\"cardsPage__listCard__boxs__content\"><a href=\"https:\/\/www.suno.com.br\/noticias\/weg-wege3-potencial-valorizacao-acoes-receita-limitada-xp-evm\/\"><h2 class=\"content__title\">Weg (WEGE3) perde potencial de valoriza\u00e7\u00e3o com &#8216;receita limitada&#8217;, diz XP<\/h2><\/a><div class=\"newsContent__article__meta\"><div class=\"newsContent__article__meta__authorBox\"><a href=\"https:\/\/www.suno.com.br\/noticias\/author\/eduardo-vargas\/\" class=\"authorBox__avatar noMobi\"><img src=\"https:\/\/secure.gravatar.com\/avatar\/dac340933427a22924c9f99d1eb2e3f2?s=96&#038;r=g\" alt=\"Eduardo Vargas\"><\/a><div class=\"authorBox__name\"><span>por\n\t\t\t<a href=\"https:\/\/www.suno.com.br\/noticias\/author\/eduardo-vargas\/\"><span itemprop=\"author\">Eduardo Vargas<\/span><\/a><\/span><time datetime=\"2024-01-30T20:35:06-03:00\" itemprop=\"datePublished\">30\/01\/2024 20:35<\/time><\/div><\/div><\/div><\/div><\/div>","single_layout":"posts","amp_enabled":true,"_links":{"self":[{"href":"https:\/\/www.suno.com.br\/noticias\/wp-json\/wp\/v2\/posts\/517971"}],"collection":[{"href":"https:\/\/www.suno.com.br\/noticias\/wp-json\/wp\/v2\/posts"}],"about":[{"href":"https:\/\/www.suno.com.br\/noticias\/wp-json\/wp\/v2\/types\/post"}],"author":[{"embeddable":true,"href":"https:\/\/www.suno.com.br\/noticias\/wp-json\/wp\/v2\/users\/73"}],"replies":[{"embeddable":true,"href":"https:\/\/www.suno.com.br\/noticias\/wp-json\/wp\/v2\/comments?post=517971"}],"version-history":[{"count":2,"href":"https:\/\/www.suno.com.br\/noticias\/wp-json\/wp\/v2\/posts\/517971\/revisions"}],"predecessor-version":[{"id":517999,"href":"https:\/\/www.suno.com.br\/noticias\/wp-json\/wp\/v2\/posts\/517971\/revisions\/517999"}],"wp:featuredmedia":[{"embeddable":true,"href":"https:\/\/www.suno.com.br\/noticias\/wp-json\/wp\/v2\/media\/336059"}],"wp:attachment":[{"href":"https:\/\/www.suno.com.br\/noticias\/wp-json\/wp\/v2\/media?parent=517971"}],"wp:term":[{"taxonomy":"category","embeddable":true,"href":"https:\/\/www.suno.com.br\/noticias\/wp-json\/wp\/v2\/categories?post=517971"},{"taxonomy":"post_tag","embeddable":true,"href":"https:\/\/www.suno.com.br\/noticias\/wp-json\/wp\/v2\/tags?post=517971"},{"taxonomy":"suno_strategy","embeddable":true,"href":"https:\/\/www.suno.com.br\/noticias\/wp-json\/wp\/v2\/suno_strategy?post=517971"}],"curies":[{"name":"wp","href":"https:\/\/api.w.org\/{rel}","templated":true}]}}