{"id":517522,"date":"2024-01-30T08:54:10","date_gmt":"2024-01-30T11:54:10","guid":{"rendered":"https:\/\/www.suno.com.br\/noticias\/?p=517522"},"modified":"2024-01-30T08:54:18","modified_gmt":"2024-01-30T11:54:18","slug":"ipca-previsao-focus-terceira-semana-gpj","status":"publish","type":"post","link":"https:\/\/www.suno.com.br\/noticias\/ipca-previsao-focus-terceira-semana-gpj\/","title":{"rendered":"IPCA: previs\u00e3o para infla\u00e7\u00e3o cai pela 3\u00aa semana seguida; veja proje\u00e7\u00f5es do Boletim Focus"},"content":{"rendered":"<p>O&nbsp;<a href=\"https:\/\/www.suno.com.br\/guias\/mercado-financeiro\/\" target=\"_blank\" rel=\"noreferrer noopener\">mercado financeiro<\/a>&nbsp;manteve a proje\u00e7\u00e3o para a&nbsp;<a href=\"https:\/\/www.suno.com.br\/artigos\/taxa-de-juros\/\">taxa b\u00e1sica de juros<\/a>, a taxa Selic, ao final de 2024, e diminuiu a previs\u00e3o para a infla\u00e7\u00e3o oficial, o&nbsp;<strong>IPCA<\/strong>, pela terceira semana seguida.<\/p>\t<div class=\"wrapper-featured-image\">\n\t\t<figure class=\"spotlightImg\">\n\n\t\t\t<picture>\n\t\t\t\t<source media=\"(max-width: 768px)\" srcset=\"https:\/\/files.sunoresearch.com.br\/n\/uploads\/2023\/09\/calculator-820330_1280-400x200.jpg\">\n\t\t\t\t<img loading=\"lazy\" decoding=\"async\" class=\"newsContent__article__imgCapa lazyloadDisabled \" src=\"https:\/\/files.sunoresearch.com.br\/n\/uploads\/2023\/09\/calculator-820330_1280-800x450.jpg\" width=\"800\" height=\"450\" alt=\"IPCA: previs\u00e3o para infla\u00e7\u00e3o cai pela 3\u00aa semana seguida; veja proje\u00e7\u00f5es do Boletim Focus\" fetchpriority=high \/>\n\t\t\t<\/picture>\n\n\t\t\t<figcaption class=\"wp-caption-text wp-caption-text--show\">Boletim Focus. Foto: Pixabay\n<\/figcaption>\n\t\t<\/figure>\n\t<\/div>\n\n\n\n\n\n\n\n\t<p>\n\t\t<a href=\"\" target=\"_blank\" data-element=\"shortcode-suno-banner\" title=\"Banner SUNO, clique e saiba mais\">\n\t\t\t<picture>\n\t\t\t\t<source media=\"(max-width: 500px)\" srcset=\"\">\n\t\t\t\t<img class=\"newsContent__article__imgCapa newsContent__article__imgCapa--banner\"\n\t\t\t\t\tsrc=\"\"\n\t\t\t\t\tdata-promo-id=\"240038\"\t\t\t\t\t\t\t\t\t\t\t\t\t\t\talt=\"\"\n\t\t\t\t>\n\t\t\t<\/picture>\n\t\t<\/a>\n\t<\/p>\n\n\n\n\n\n<p>Segundo&nbsp;<strong>Boletim Focus<\/strong>&nbsp;divulgado nesta ter\u00e7a-feira (30) pelo&nbsp;<strong>Banco Central<\/strong>&nbsp;(BC), a estimativa para a&nbsp;<strong>taxa de juros<\/strong>, a Selic, segue em 9,00% ao final deste ano.<\/p>\n\n\n\n<p>De acordo com a pesquisa, para 2025, o mercado espera que a&nbsp;taxa de juros&nbsp;termine em 8,50%, mesma proje\u00e7\u00e3o da semana anterior. Para 2026, a expectativa \u00e9 de que a&nbsp;<strong>Selic<\/strong>&nbsp;tamb\u00e9m&nbsp;chegue a 8,50%.<\/p>\n\n\n\n<p>Paralelamente, ainda conforme o<strong> Focus<\/strong> desta semana, o mercado espera que o\u00a0<strong>IPCA<\/strong>, principal indicador de infla\u00e7\u00e3o, termine 2024 em 3,81%, abaixo da proje\u00e7\u00e3o da semana passada (3,86%) e das \u00faltimas quatro semanas (3,90%).<\/p>\n\n\n\n<p>Al\u00e9m disso, o&nbsp;<strong>mercado financeiro<\/strong>&nbsp;manteve as suas estimativas do&nbsp;<strong>PIB<\/strong>&nbsp;deste ano, para 1,60%, a mesma da semana passada. H\u00e1 quatro semanas, a previs\u00e3o era de R$ 1,52.<\/p>\n\n\n\n<p>No caso do&nbsp;<strong>d\u00f3lar<\/strong>, o&nbsp;<a href=\"https:\/\/www.suno.com.br\/guias\/mercado-financeiro\/\">mercado financeiro<\/a>&nbsp;manteve a previs\u00e3o para R$ 4,92 em 2024, a mesma da semana passada. H\u00e1 quatro semanas, a previs\u00e3o era de R$ 5,00.<\/p>\n\n\n\n<p>Nesta quarta-feira (31), o Comit\u00ea de Pol\u00edtica Monet\u00e1ria (Copom), do Banco Central (BC), pode confirmar mais um corte de 0,5 ponto percentual da taxa de juros, a<strong> Selic<\/strong>. Atualmente, a taxa est\u00e1 em 11,75% ao ano. O grupo se re\u00fane pela primeira vez no ano nesta ter\u00e7a-feira (30).<\/p>\n\n\n\t<div data-element=\"shortcode-read-more\" class=\"knowMore\">\n\t\t\t\t<span class=\"knowMore__title\">Leia mais<\/span>\n\t\t\t\t<a class=\"knowMore__link\" href=\"https:\/\/www.suno.com.br\/noticias\/economistas-anbima-selic-elevam-projecao-pib-va\/\">\n\t\t\tEconomistas da Anbima revisam proje\u00e7\u00f5es da Selic, d\u00f3lar e PIB em 2024\t\t<\/a>\n\t<\/div>\n\n\n\n\t<p>\n\t\t<a href=\"https:\/\/lp.suno.com.br\/ebook-gratuito-investindo-no-exterior\/\" target=\"_blank\" data-element=\"shortcode-suno-banner\" title=\"Banner SUNO, clique e saiba mais\">\n\t\t\t<picture>\n\t\t\t\t<source media=\"(max-width: 500px)\" srcset=\"https:\/\/files.sunoresearch.com.br\/n\/uploads\/2023\/03\/400x300-Investindo-no-exterior.png\">\n\t\t\t\t<img class=\"newsContent__article__imgCapa newsContent__article__imgCapa--banner\"\n\t\t\t\t\tsrc=\"https:\/\/files.sunoresearch.com.br\/n\/uploads\/2023\/03\/1420x240-Investindo-no-exterior.png\"\n\t\t\t\t\tdata-promo-id=\"383161\"\t\t\t\t\t\t\t\t\t\twidth='1420' height='240'\t\t\t\t\talt=\"https:\/\/files.sunoresearch.com.br\/n\/uploads\/2023\/03\/1420x240-Investindo-no-exterior.png\"\n\t\t\t\t>\n\t\t\t<\/picture>\n\t\t<\/a>\n\t<\/p>\n\n\n\n\n\n<h2 class=\"wp-block-heading\">Resumo do Boletim Focus<\/h2>\n\n\n\n<p>Veja, em detalhes, as proje\u00e7\u00f5es mais importantes para 2024 e 2025:<\/p>\n\n\n\n<p>2024<\/p>\n\n\n\n<ul class=\"wp-block-list\">\n<li>IPCA: a proje\u00e7\u00e3o caiu para 3,81%<\/li>\n\n\n\n<li>PIB: a proje\u00e7\u00e3o se manteve em 1,60%<\/li>\n\n\n\n<li>D\u00f3lar: a previs\u00e3o do c\u00e2mbio se manteve em R$ 4,92<\/li>\n\n\n\n<li><strong>Balan\u00e7a Comercial<\/strong>: a expectativa para o super\u00e1vit aumentou para US$ 78,45 bilh\u00f5es<\/li>\n\n\n\n<li>Investimento Estrangeiro Direto: a previs\u00e3o aumentou em US$ 68,42 bilh\u00f5es<\/li>\n\n\n\n<li><strong>D\u00edvida do Setor P\u00fablico<\/strong>: a previs\u00e3o caiu para 63,60% do PIB<\/li>\n<\/ul>\n\n\n\n<p>2025<\/p>\n\n\n\n<ul class=\"wp-block-list\">\n<li>IPCA: a proje\u00e7\u00e3o se manteve em 3,50%<\/li>\n\n\n\n<li>PIB: a proje\u00e7\u00e3o se manteve em 2,00%<\/li>\n\n\n\n<li>D\u00f3lar: a previs\u00e3o do c\u00e2mbio se manteve em R$ 5,00<\/li>\n\n\n\n<li>Taxa Selic: a previs\u00e3o se manteve em 8,50%<\/li>\n\n\n\n<li>Balan\u00e7a Comercial: a expectativa para o super\u00e1vit se manteve em US$ 70,00 bilh\u00f5es<\/li>\n\n\n\n<li>Investimento Estrangeiro Direto: a previs\u00e3o se manteve em US$ 75,00 bilh\u00f5es<\/li>\n\n\n\n<li>D\u00edvida do Setor P\u00fablico: a previs\u00e3o caiu para 66,00% do PIB<\/li>\n<\/ul>\n\n\n\n<p>A seguir, \u00e9 poss\u00edvel comparar as \u00faltimas proje\u00e7\u00f5es do&nbsp;<strong>Boletim Focus<\/strong>&nbsp;desde o m\u00eas de agosto de 2023:<\/p>\n\n\n\n\n\n<p>O Boletim Focus \u00e9 elaborado semanalmente pelo Banco Central. A <strong>divulga\u00e7\u00e3o do<\/strong>\u00a0<strong>boletim Focus<\/strong>, que costuma ocorrer sempre \u00e0s segundas-feiras, foi adiada esta semana em fun\u00e7\u00e3o da mobiliza\u00e7\u00e3o de servidores do\u00a0<a href=\"https:\/\/www.suno.com.br\/artigos\/bacen\/\">Banco Central (BC)<\/a>, informou a institui\u00e7\u00e3o.<\/p>\n\n\n\n<p>Para a composi\u00e7\u00e3o do boletim, s\u00e3o utilizadas as proje\u00e7\u00f5es dos especialistas das 100 principais institui\u00e7\u00f5es ligadas ao\u00a0<a href=\"https:\/\/www.suno.com.br\/guias\/mercado-financeiro\/\" target=\"_blank\" rel=\"noreferrer noopener\">mercado financeiro<\/a>\u00a0do Brasil para juros,\u00a0<strong>IPCA<\/strong>, c\u00e2mbio, taxa Selic e outros indicadores.<a href=\"https:\/\/lp.suno.com.br\/pv\/black-friday-2023\/\" target=\"_blank\" rel=\"noreferrer noopener\"><\/a><a href=\"https:\/\/lp.suno.com.br\/pv\/black-friday-2023\/\" target=\"_blank\" rel=\"noreferrer noopener\"><\/a><a href=\"https:\/\/lp.suno.com.br\/planilha-da-vida-financeira\/\" target=\"_blank\" rel=\"noreferrer noopener\"><\/a><a href=\"https:\/\/lp.suno.com.br\/planilha-da-vida-financeira\/\" target=\"_blank\" rel=\"noreferrer noopener\"><\/a><a href=\"https:\/\/lp.suno.com.br\/planilha-da-vida-financeira\/\" target=\"_blank\" rel=\"noreferrer noopener\"><\/a><a href=\"https:\/\/lp.suno.com.br\/planilha-da-vida-financeira\/\" target=\"_blank\" rel=\"noreferrer noopener\"><\/a><a href=\"https:\/\/lp.suno.com.br\/planilha-da-vida-financeira\/\" target=\"_blank\" rel=\"noreferrer noopener\"><\/a><\/p>\n\n\n\t<p>\n\t\t<a href=\"https:\/\/lp.suno.com.br\/planilha-da-vida-financeira\/\" target=\"_blank\" data-element=\"shortcode-suno-banner\" title=\"Banner SUNO, clique e saiba mais\">\n\t\t\t<picture>\n\t\t\t\t<source media=\"(max-width: 500px)\" srcset=\"https:\/\/files.sunoresearch.com.br\/n\/uploads\/2023\/04\/400x300-Planilha-vida-financeira-true.png\">\n\t\t\t\t<img class=\"newsContent__article__imgCapa newsContent__article__imgCapa--banner\"\n\t\t\t\t\tsrc=\"https:\/\/files.sunoresearch.com.br\/n\/uploads\/2023\/04\/1420x240-Planilha-vida-financeira-true.png\"\n\t\t\t\t\tdata-promo-id=\"383123\"\t\t\t\t\t\t\t\t\t\twidth='1420' height='240'\t\t\t\t\talt=\"https:\/\/files.sunoresearch.com.br\/n\/uploads\/2023\/04\/1420x240-Planilha-vida-financeira-true.png\"\n\t\t\t\t>\n\t\t\t<\/picture>\n\t\t<\/a>\n\t<\/p>\n\n\n","protected":false},"excerpt":{"rendered":"<p>O&nbsp;mercado financeiro&nbsp;manteve a proje\u00e7\u00e3o para a&nbsp;taxa b\u00e1sica de juros, a taxa Selic, ao final de 2024, e diminuiu a previs\u00e3o para a infla\u00e7\u00e3o oficial, o&nbsp;IPCA, pela terceira semana seguida. Boletim Focus. Foto: Pixabay Segundo&nbsp;Boletim Focus&nbsp;divulgado nesta ter\u00e7a-feira (30) pelo&nbsp;Banco Central&nbsp;(BC), a estimativa para a&nbsp;taxa de juros, a Selic, segue em 9,00% ao final deste ano. [&hellip;]<\/p>\n","protected":false},"author":313,"featured_media":454127,"comment_status":"closed","ping_status":"closed","sticky":false,"template":"","format":"standard","meta":[],"categories":[64],"tags":[834,850,966,1635,290],"suno_strategy":[],"class_list":["post-517522","post","type-post","status-publish","format-standard","has-post-thumbnail","hentry","category-negocios","tag-boletim-focus","tag-inflacao","tag-ipca","tag-mercado-financeiro","tag-taxa-selic"],"yoast_head":"<!-- This site is optimized with the Yoast SEO plugin v24.4 - https:\/\/yoast.com\/wordpress\/plugins\/seo\/ -->\n<title>IPCA: previs\u00e3o para infla\u00e7\u00e3o cai pela 3\u00aa semana; veja proje\u00e7\u00f5es do Focus<\/title>\n<meta name=\"description\" content=\"Conforme o Boletim Focus desta semana, o mercado espera que o\u00a0IPCA, principal indicador de infla\u00e7\u00e3o, termine 2024 em 3,81%.\" \/>\n<meta name=\"robots\" content=\"index, follow, max-snippet:-1, max-image-preview:large, max-video-preview:-1\" \/>\n<link rel=\"canonical\" href=\"https:\/\/www.suno.com.br\/noticias\/ipca-previsao-focus-terceira-semana-gpj\/\" \/>\n<meta property=\"og:locale\" content=\"pt_BR\" \/>\n<meta property=\"og:type\" content=\"article\" \/>\n<meta property=\"og:title\" content=\"IPCA: previs\u00e3o para infla\u00e7\u00e3o cai pela 3\u00aa semana; veja proje\u00e7\u00f5es do Focus\" \/>\n<meta property=\"og:description\" content=\"Conforme o Boletim Focus desta semana, o mercado espera que o\u00a0IPCA, principal indicador de infla\u00e7\u00e3o, termine 2024 em 3,81%.\" \/>\n<meta property=\"og:url\" content=\"https:\/\/www.suno.com.br\/noticias\/ipca-previsao-focus-terceira-semana-gpj\/\" \/>\n<meta property=\"og:site_name\" content=\"Suno Not\u00edcias\" \/>\n<meta property=\"article:publisher\" content=\"https:\/\/facebook.com\/sunoresearch\" \/>\n<meta property=\"og:image\" content=\"https:\/\/files.sunoresearch.com.br\/n\/uploads\/2023\/09\/calculator-820330_1280.jpg\" \/>\n\t<meta property=\"og:image:width\" content=\"1280\" \/>\n\t<meta property=\"og:image:height\" content=\"853\" \/>\n\t<meta property=\"og:image:type\" content=\"image\/jpeg\" \/>\n<meta name=\"author\" content=\"Giovanni Porf\u00edrio Jacomino\" \/>\n<meta name=\"twitter:card\" content=\"summary_large_image\" \/>\n<meta name=\"twitter:creator\" content=\"@sunoresearch\" \/>\n<meta name=\"twitter:site\" content=\"@sunoresearch\" \/>\n<meta name=\"twitter:label1\" content=\"Escrito por\" \/>\n\t<meta name=\"twitter:data1\" content=\"Giovanni Porf\u00edrio Jacomino\" \/>\n\t<meta name=\"twitter:label2\" content=\"Est. tempo de leitura\" \/>\n\t<meta name=\"twitter:data2\" content=\"3 minutos\" \/>\n<script type=\"application\/ld+json\" class=\"yoast-schema-graph\">{\"@context\":\"https:\/\/schema.org\",\"@graph\":[{\"@type\":\"NewsArticle\",\"@id\":\"https:\/\/www.suno.com.br\/noticias\/ipca-previsao-focus-terceira-semana-gpj\/#article\",\"isPartOf\":{\"@id\":\"https:\/\/www.suno.com.br\/noticias\/ipca-previsao-focus-terceira-semana-gpj\/\"},\"author\":{\"name\":\"Giovanni Porf\u00edrio Jacomino\",\"@id\":\"https:\/\/www.suno.com.br\/noticias\/#\/schema\/person\/d0f32748bbca4bee871fa191ee4e2d40\"},\"headline\":\"IPCA: previs\u00e3o para infla\u00e7\u00e3o cai pela 3\u00aa semana seguida; veja proje\u00e7\u00f5es do Boletim Focus\",\"datePublished\":\"2024-01-30T11:54:10+00:00\",\"dateModified\":\"2024-01-30T11:54:18+00:00\",\"mainEntityOfPage\":{\"@id\":\"https:\/\/www.suno.com.br\/noticias\/ipca-previsao-focus-terceira-semana-gpj\/\"},\"wordCount\":525,\"publisher\":{\"@id\":\"https:\/\/www.suno.com.br\/noticias\/#organization\"},\"image\":{\"@id\":\"https:\/\/www.suno.com.br\/noticias\/ipca-previsao-focus-terceira-semana-gpj\/#primaryimage\"},\"thumbnailUrl\":\"https:\/\/files.sunoresearch.com.br\/n\/uploads\/2023\/09\/calculator-820330_1280.jpg\",\"keywords\":[\"Boletim Focus\",\"infla\u00e7\u00e3o\",\"IPCA\",\"mercado financeiro\",\"Taxa Selic\"],\"articleSection\":[\"Neg\u00f3cios\"],\"inLanguage\":\"pt-BR\"},{\"@type\":\"WebPage\",\"@id\":\"https:\/\/www.suno.com.br\/noticias\/ipca-previsao-focus-terceira-semana-gpj\/\",\"url\":\"https:\/\/www.suno.com.br\/noticias\/ipca-previsao-focus-terceira-semana-gpj\/\",\"name\":\"IPCA: previs\u00e3o para infla\u00e7\u00e3o cai pela 3\u00aa semana; veja proje\u00e7\u00f5es do Focus\",\"isPartOf\":{\"@id\":\"https:\/\/www.suno.com.br\/noticias\/#website\"},\"primaryImageOfPage\":{\"@id\":\"https:\/\/www.suno.com.br\/noticias\/ipca-previsao-focus-terceira-semana-gpj\/#primaryimage\"},\"image\":{\"@id\":\"https:\/\/www.suno.com.br\/noticias\/ipca-previsao-focus-terceira-semana-gpj\/#primaryimage\"},\"thumbnailUrl\":\"https:\/\/files.sunoresearch.com.br\/n\/uploads\/2023\/09\/calculator-820330_1280.jpg\",\"datePublished\":\"2024-01-30T11:54:10+00:00\",\"dateModified\":\"2024-01-30T11:54:18+00:00\",\"description\":\"Conforme o Boletim Focus desta semana, o mercado espera que o\u00a0IPCA, principal indicador de infla\u00e7\u00e3o, termine 2024 em 3,81%.\",\"breadcrumb\":{\"@id\":\"https:\/\/www.suno.com.br\/noticias\/ipca-previsao-focus-terceira-semana-gpj\/#breadcrumb\"},\"inLanguage\":\"pt-BR\",\"potentialAction\":[{\"@type\":\"ReadAction\",\"target\":[\"https:\/\/www.suno.com.br\/noticias\/ipca-previsao-focus-terceira-semana-gpj\/\"]}]},{\"@type\":\"ImageObject\",\"inLanguage\":\"pt-BR\",\"@id\":\"https:\/\/www.suno.com.br\/noticias\/ipca-previsao-focus-terceira-semana-gpj\/#primaryimage\",\"url\":\"https:\/\/files.sunoresearch.com.br\/n\/uploads\/2023\/09\/calculator-820330_1280.jpg\",\"contentUrl\":\"https:\/\/files.sunoresearch.com.br\/n\/uploads\/2023\/09\/calculator-820330_1280.jpg\",\"width\":1280,\"height\":853,\"caption\":\"Boletim Focus. Foto: Pixabay\"},{\"@type\":\"BreadcrumbList\",\"@id\":\"https:\/\/www.suno.com.br\/noticias\/ipca-previsao-focus-terceira-semana-gpj\/#breadcrumb\",\"itemListElement\":[{\"@type\":\"ListItem\",\"position\":1,\"name\":\"Not\u00edcias\",\"item\":\"https:\/\/www.suno.com.br\/noticias\/\"},{\"@type\":\"ListItem\",\"position\":2,\"name\":\"Neg\u00f3cios\",\"item\":\"https:\/\/www.suno.com.br\/noticias\/negocios\/\"},{\"@type\":\"ListItem\",\"position\":3,\"name\":\"IPCA: previs\u00e3o para infla\u00e7\u00e3o cai pela 3\u00aa semana seguida; veja proje\u00e7\u00f5es do Boletim Focus\"}]},{\"@type\":\"WebSite\",\"@id\":\"https:\/\/www.suno.com.br\/noticias\/#website\",\"url\":\"https:\/\/www.suno.com.br\/noticias\/\",\"name\":\"Suno Not\u00edcias\",\"description\":\"Seu portal de informa\u00e7\u00e3o sobre o mundo dos investimentos\",\"publisher\":{\"@id\":\"https:\/\/www.suno.com.br\/noticias\/#organization\"},\"potentialAction\":[{\"@type\":\"SearchAction\",\"target\":{\"@type\":\"EntryPoint\",\"urlTemplate\":\"https:\/\/www.suno.com.br\/noticias\/?s={search_term_string}\"},\"query-input\":{\"@type\":\"PropertyValueSpecification\",\"valueRequired\":true,\"valueName\":\"search_term_string\"}}],\"inLanguage\":\"pt-BR\"},{\"@type\":\"Organization\",\"@id\":\"https:\/\/www.suno.com.br\/noticias\/#organization\",\"name\":\"Suno Not\u00edcias\",\"url\":\"https:\/\/www.suno.com.br\/noticias\/\",\"logo\":{\"@type\":\"ImageObject\",\"inLanguage\":\"pt-BR\",\"@id\":\"https:\/\/www.suno.com.br\/noticias\/#\/schema\/logo\/image\/\",\"url\":\"https:\/\/files.sunoresearch.com.br\/n\/uploads\/2021\/09\/suno-logo.png\",\"contentUrl\":\"https:\/\/files.sunoresearch.com.br\/n\/uploads\/2021\/09\/suno-logo.png\",\"width\":180,\"height\":180,\"caption\":\"Suno Not\u00edcias\"},\"image\":{\"@id\":\"https:\/\/www.suno.com.br\/noticias\/#\/schema\/logo\/image\/\"},\"sameAs\":[\"https:\/\/facebook.com\/sunoresearch\",\"https:\/\/x.com\/sunoresearch\",\"https:\/\/www.instagram.com\/suno\",\"https:\/\/www.linkedin.com\/company\/suno-research\/\",\"https:\/\/www.youtube.com\/c\/sunoresearch\"]},{\"@type\":\"Person\",\"@id\":\"https:\/\/www.suno.com.br\/noticias\/#\/schema\/person\/d0f32748bbca4bee871fa191ee4e2d40\",\"name\":\"Giovanni Porf\u00edrio Jacomino\",\"image\":{\"@type\":\"ImageObject\",\"inLanguage\":\"pt-BR\",\"@id\":\"https:\/\/www.suno.com.br\/noticias\/#\/schema\/person\/image\/\",\"url\":\"https:\/\/secure.gravatar.com\/avatar\/efb32e19b730a121cb7a80f41ffec01a?s=96&r=g\",\"contentUrl\":\"https:\/\/secure.gravatar.com\/avatar\/efb32e19b730a121cb7a80f41ffec01a?s=96&r=g\",\"caption\":\"Giovanni Porf\u00edrio Jacomino\"},\"description\":\"Giovanni Porf\u00edrio Jacomino \u00e9 jornalista formado pela Universidade Estadual de Londrina (UEL) e p\u00f3s-graduado em Produ\u00e7\u00e3o e Pr\u00e1ticas Jornal\u00edsticas na Contemporaneidade na Faculdade C\u00e1sper L\u00edbero (FCL). Foi editor web no Startupi e no Finsiders, atuando ainda como editor no TC Mover, portal de not\u00edcias da TradersClub, fazendo a cobertura de assuntos relacionados ao mercado financeiro interno e externo. Atualmente, \u00e9 Rep\u00f3rter do Suno Not\u00edcias.\",\"url\":\"https:\/\/www.suno.com.br\/noticias\/author\/giovanni-porfiriosuno-com-br\/\"}]}<\/script>\n<!-- \/ Yoast SEO plugin. -->","yoast_head_json":{"title":"IPCA: previs\u00e3o para infla\u00e7\u00e3o cai pela 3\u00aa semana; veja proje\u00e7\u00f5es do Focus","description":"Conforme o Boletim Focus desta semana, o mercado espera que o\u00a0IPCA, principal indicador de infla\u00e7\u00e3o, termine 2024 em 3,81%.","robots":{"index":"index","follow":"follow","max-snippet":"max-snippet:-1","max-image-preview":"max-image-preview:large","max-video-preview":"max-video-preview:-1"},"canonical":"https:\/\/www.suno.com.br\/noticias\/ipca-previsao-focus-terceira-semana-gpj\/","og_locale":"pt_BR","og_type":"article","og_title":"IPCA: previs\u00e3o para infla\u00e7\u00e3o cai pela 3\u00aa semana; veja proje\u00e7\u00f5es do Focus","og_description":"Conforme o Boletim Focus desta semana, o mercado espera que o\u00a0IPCA, principal indicador de infla\u00e7\u00e3o, termine 2024 em 3,81%.","og_url":"https:\/\/www.suno.com.br\/noticias\/ipca-previsao-focus-terceira-semana-gpj\/","og_site_name":"Suno Not\u00edcias","article_publisher":"https:\/\/facebook.com\/sunoresearch","og_image":[{"width":1280,"height":853,"url":"https:\/\/files.sunoresearch.com.br\/n\/uploads\/2023\/09\/calculator-820330_1280.jpg","type":"image\/jpeg"}],"author":"Giovanni Porf\u00edrio Jacomino","twitter_card":"summary_large_image","twitter_creator":"@sunoresearch","twitter_site":"@sunoresearch","twitter_misc":{"Escrito por":"Giovanni Porf\u00edrio Jacomino","Est. tempo de leitura":"3 minutos"},"schema":{"@context":"https:\/\/schema.org","@graph":[{"@type":"NewsArticle","@id":"https:\/\/www.suno.com.br\/noticias\/ipca-previsao-focus-terceira-semana-gpj\/#article","isPartOf":{"@id":"https:\/\/www.suno.com.br\/noticias\/ipca-previsao-focus-terceira-semana-gpj\/"},"author":{"name":"Giovanni Porf\u00edrio Jacomino","@id":"https:\/\/www.suno.com.br\/noticias\/#\/schema\/person\/d0f32748bbca4bee871fa191ee4e2d40"},"headline":"IPCA: previs\u00e3o para infla\u00e7\u00e3o cai pela 3\u00aa semana seguida; veja proje\u00e7\u00f5es do Boletim Focus","datePublished":"2024-01-30T11:54:10+00:00","dateModified":"2024-01-30T11:54:18+00:00","mainEntityOfPage":{"@id":"https:\/\/www.suno.com.br\/noticias\/ipca-previsao-focus-terceira-semana-gpj\/"},"wordCount":525,"publisher":{"@id":"https:\/\/www.suno.com.br\/noticias\/#organization"},"image":{"@id":"https:\/\/www.suno.com.br\/noticias\/ipca-previsao-focus-terceira-semana-gpj\/#primaryimage"},"thumbnailUrl":"https:\/\/files.sunoresearch.com.br\/n\/uploads\/2023\/09\/calculator-820330_1280.jpg","keywords":["Boletim Focus","infla\u00e7\u00e3o","IPCA","mercado financeiro","Taxa Selic"],"articleSection":["Neg\u00f3cios"],"inLanguage":"pt-BR"},{"@type":"WebPage","@id":"https:\/\/www.suno.com.br\/noticias\/ipca-previsao-focus-terceira-semana-gpj\/","url":"https:\/\/www.suno.com.br\/noticias\/ipca-previsao-focus-terceira-semana-gpj\/","name":"IPCA: previs\u00e3o para infla\u00e7\u00e3o cai pela 3\u00aa semana; veja proje\u00e7\u00f5es do Focus","isPartOf":{"@id":"https:\/\/www.suno.com.br\/noticias\/#website"},"primaryImageOfPage":{"@id":"https:\/\/www.suno.com.br\/noticias\/ipca-previsao-focus-terceira-semana-gpj\/#primaryimage"},"image":{"@id":"https:\/\/www.suno.com.br\/noticias\/ipca-previsao-focus-terceira-semana-gpj\/#primaryimage"},"thumbnailUrl":"https:\/\/files.sunoresearch.com.br\/n\/uploads\/2023\/09\/calculator-820330_1280.jpg","datePublished":"2024-01-30T11:54:10+00:00","dateModified":"2024-01-30T11:54:18+00:00","description":"Conforme o Boletim Focus desta semana, o mercado espera que o\u00a0IPCA, principal indicador de infla\u00e7\u00e3o, termine 2024 em 3,81%.","breadcrumb":{"@id":"https:\/\/www.suno.com.br\/noticias\/ipca-previsao-focus-terceira-semana-gpj\/#breadcrumb"},"inLanguage":"pt-BR","potentialAction":[{"@type":"ReadAction","target":["https:\/\/www.suno.com.br\/noticias\/ipca-previsao-focus-terceira-semana-gpj\/"]}]},{"@type":"ImageObject","inLanguage":"pt-BR","@id":"https:\/\/www.suno.com.br\/noticias\/ipca-previsao-focus-terceira-semana-gpj\/#primaryimage","url":"https:\/\/files.sunoresearch.com.br\/n\/uploads\/2023\/09\/calculator-820330_1280.jpg","contentUrl":"https:\/\/files.sunoresearch.com.br\/n\/uploads\/2023\/09\/calculator-820330_1280.jpg","width":1280,"height":853,"caption":"Boletim Focus. Foto: Pixabay"},{"@type":"BreadcrumbList","@id":"https:\/\/www.suno.com.br\/noticias\/ipca-previsao-focus-terceira-semana-gpj\/#breadcrumb","itemListElement":[{"@type":"ListItem","position":1,"name":"Not\u00edcias","item":"https:\/\/www.suno.com.br\/noticias\/"},{"@type":"ListItem","position":2,"name":"Neg\u00f3cios","item":"https:\/\/www.suno.com.br\/noticias\/negocios\/"},{"@type":"ListItem","position":3,"name":"IPCA: previs\u00e3o para infla\u00e7\u00e3o cai pela 3\u00aa semana seguida; veja proje\u00e7\u00f5es do Boletim Focus"}]},{"@type":"WebSite","@id":"https:\/\/www.suno.com.br\/noticias\/#website","url":"https:\/\/www.suno.com.br\/noticias\/","name":"Suno Not\u00edcias","description":"Seu portal de informa\u00e7\u00e3o sobre o mundo dos investimentos","publisher":{"@id":"https:\/\/www.suno.com.br\/noticias\/#organization"},"potentialAction":[{"@type":"SearchAction","target":{"@type":"EntryPoint","urlTemplate":"https:\/\/www.suno.com.br\/noticias\/?s={search_term_string}"},"query-input":{"@type":"PropertyValueSpecification","valueRequired":true,"valueName":"search_term_string"}}],"inLanguage":"pt-BR"},{"@type":"Organization","@id":"https:\/\/www.suno.com.br\/noticias\/#organization","name":"Suno Not\u00edcias","url":"https:\/\/www.suno.com.br\/noticias\/","logo":{"@type":"ImageObject","inLanguage":"pt-BR","@id":"https:\/\/www.suno.com.br\/noticias\/#\/schema\/logo\/image\/","url":"https:\/\/files.sunoresearch.com.br\/n\/uploads\/2021\/09\/suno-logo.png","contentUrl":"https:\/\/files.sunoresearch.com.br\/n\/uploads\/2021\/09\/suno-logo.png","width":180,"height":180,"caption":"Suno Not\u00edcias"},"image":{"@id":"https:\/\/www.suno.com.br\/noticias\/#\/schema\/logo\/image\/"},"sameAs":["https:\/\/facebook.com\/sunoresearch","https:\/\/x.com\/sunoresearch","https:\/\/www.instagram.com\/suno","https:\/\/www.linkedin.com\/company\/suno-research\/","https:\/\/www.youtube.com\/c\/sunoresearch"]},{"@type":"Person","@id":"https:\/\/www.suno.com.br\/noticias\/#\/schema\/person\/d0f32748bbca4bee871fa191ee4e2d40","name":"Giovanni Porf\u00edrio Jacomino","image":{"@type":"ImageObject","inLanguage":"pt-BR","@id":"https:\/\/www.suno.com.br\/noticias\/#\/schema\/person\/image\/","url":"https:\/\/secure.gravatar.com\/avatar\/efb32e19b730a121cb7a80f41ffec01a?s=96&r=g","contentUrl":"https:\/\/secure.gravatar.com\/avatar\/efb32e19b730a121cb7a80f41ffec01a?s=96&r=g","caption":"Giovanni Porf\u00edrio Jacomino"},"description":"Giovanni Porf\u00edrio Jacomino \u00e9 jornalista formado pela Universidade Estadual de Londrina (UEL) e p\u00f3s-graduado em Produ\u00e7\u00e3o e Pr\u00e1ticas Jornal\u00edsticas na Contemporaneidade na Faculdade C\u00e1sper L\u00edbero (FCL). Foi editor web no Startupi e no Finsiders, atuando ainda como editor no TC Mover, portal de not\u00edcias da TradersClub, fazendo a cobertura de assuntos relacionados ao mercado financeiro interno e externo. Atualmente, \u00e9 Rep\u00f3rter do Suno Not\u00edcias.","url":"https:\/\/www.suno.com.br\/noticias\/author\/giovanni-porfiriosuno-com-br\/"}]}},"default_loop_html":"<div class=\"cardsPage__listCard__boxs\"><div class=\"cardsPage__listCard__boxs__img\"><a href=\"https:\/\/www.suno.com.br\/noticias\/ipca-previsao-focus-terceira-semana-gpj\/\"><img class=\"mask\" src=\"https:\/\/www.suno.com.br\/noticias\/wp-content\/themes\/suno\/resources\/images\/spotlight\/spotlight1img\/bg-mask.png\" alt=\"Image Mask\"\/><img src=\"https:\/\/files.sunoresearch.com.br\/n\/uploads\/2023\/09\/calculator-820330_1280-400x200.jpg\" alt=\"IPCA: previs\u00e3o para infla\u00e7\u00e3o cai pela 3\u00aa semana seguida; veja proje\u00e7\u00f5es do Boletim Focus\"\/><\/a><span class=\"spotlightCategory\"><a href=\"https:\/\/www.suno.com.br\/noticias\/negocios\/\">Neg\u00f3cios<\/a><\/span><\/div><div class=\"cardsPage__listCard__boxs__content\"><a href=\"https:\/\/www.suno.com.br\/noticias\/ipca-previsao-focus-terceira-semana-gpj\/\"><h2 class=\"content__title\">IPCA: previs\u00e3o para infla\u00e7\u00e3o cai pela 3\u00aa semana seguida; veja proje\u00e7\u00f5es do Boletim Focus<\/h2><\/a><div class=\"newsContent__article__meta\"><div class=\"newsContent__article__meta__authorBox\"><a href=\"https:\/\/www.suno.com.br\/noticias\/author\/giovanni-porfiriosuno-com-br\/\" class=\"authorBox__avatar noMobi\"><img src=\"https:\/\/files.sunoresearch.com.br\/n\/uploads\/2024\/05\/DSCF4115-1-1-150x150.webp\" alt=\"Giovanni Porf\u00edrio Jacomino\"><\/a><div class=\"authorBox__name\"><span>por\n\t\t\t<a href=\"https:\/\/www.suno.com.br\/noticias\/author\/giovanni-porfiriosuno-com-br\/\"><span itemprop=\"author\">Giovanni Porf\u00edrio Jacomino<\/span><\/a><\/span><time datetime=\"2024-01-30T08:54:10-03:00\" itemprop=\"datePublished\">30\/01\/2024 08:54<\/time><\/div><\/div><\/div><\/div><\/div>","single_layout":"posts","amp_enabled":true,"_links":{"self":[{"href":"https:\/\/www.suno.com.br\/noticias\/wp-json\/wp\/v2\/posts\/517522"}],"collection":[{"href":"https:\/\/www.suno.com.br\/noticias\/wp-json\/wp\/v2\/posts"}],"about":[{"href":"https:\/\/www.suno.com.br\/noticias\/wp-json\/wp\/v2\/types\/post"}],"author":[{"embeddable":true,"href":"https:\/\/www.suno.com.br\/noticias\/wp-json\/wp\/v2\/users\/313"}],"replies":[{"embeddable":true,"href":"https:\/\/www.suno.com.br\/noticias\/wp-json\/wp\/v2\/comments?post=517522"}],"version-history":[{"count":2,"href":"https:\/\/www.suno.com.br\/noticias\/wp-json\/wp\/v2\/posts\/517522\/revisions"}],"predecessor-version":[{"id":517550,"href":"https:\/\/www.suno.com.br\/noticias\/wp-json\/wp\/v2\/posts\/517522\/revisions\/517550"}],"wp:featuredmedia":[{"embeddable":true,"href":"https:\/\/www.suno.com.br\/noticias\/wp-json\/wp\/v2\/media\/454127"}],"wp:attachment":[{"href":"https:\/\/www.suno.com.br\/noticias\/wp-json\/wp\/v2\/media?parent=517522"}],"wp:term":[{"taxonomy":"category","embeddable":true,"href":"https:\/\/www.suno.com.br\/noticias\/wp-json\/wp\/v2\/categories?post=517522"},{"taxonomy":"post_tag","embeddable":true,"href":"https:\/\/www.suno.com.br\/noticias\/wp-json\/wp\/v2\/tags?post=517522"},{"taxonomy":"suno_strategy","embeddable":true,"href":"https:\/\/www.suno.com.br\/noticias\/wp-json\/wp\/v2\/suno_strategy?post=517522"}],"curies":[{"name":"wp","href":"https:\/\/api.w.org\/{rel}","templated":true}]}}