{"id":517521,"date":"2024-01-30T11:45:05","date_gmt":"2024-01-30T14:45:05","guid":{"rendered":"https:\/\/www.suno.com.br\/noticias\/?p=517521"},"modified":"2024-01-30T12:05:03","modified_gmt":"2024-01-30T15:05:03","slug":"gol-goll4-passagens-aereas-mais-caras-recuperacao-judicial-cpf","status":"publish","type":"post","link":"https:\/\/www.suno.com.br\/noticias\/gol-goll4-passagens-aereas-mais-caras-recuperacao-judicial-cpf\/","title":{"rendered":"Passagens da Gol (GOLL4) v\u00e3o ficar mais caras durante a recupera\u00e7\u00e3o judicial? Analista explica"},"content":{"rendered":"<p>O processo de <a class=\"suno-keyword\" data-force=\"no\" data-priority=\"2\" href=\"https:\/\/www.suno.com.br\/artigos\/recuperacao-judicial\/\" target=\"_blank\" rel=\"noopener\">recupera\u00e7\u00e3o judicial<\/a> da<strong> <a class=\"suno-keyword\" data-force=\"yes\" data-priority=\"2\" href=\"https:\/\/www.suno.com.br\/acoes\/GOLL4\/\" target=\"_blank\" rel=\"noopener\">Gol <\/a><\/strong><a class=\"suno-keyword\" data-force=\"yes\" data-priority=\"2\" href=\"https:\/\/www.suno.com.br\/acoes\/GOLL4\/\" target=\"_blank\" rel=\"noopener\">(GOLL4)<\/a><strong> <\/strong>pode deixar as passagens a\u00e9reas da companhia mais caras, segundo o analista CNPI da Suno Research, Jos\u00e9 Daronco. <\/p>\t<div class=\"wrapper-featured-image\">\n\t\t<figure class=\"spotlightImg\">\n\n\t\t\t<picture>\n\t\t\t\t<source media=\"(max-width: 768px)\" srcset=\"https:\/\/files.sunoresearch.com.br\/n\/uploads\/2024\/01\/gol-goll4-aviao-400x200.jpg\">\n\t\t\t\t<img loading=\"lazy\" decoding=\"async\" class=\"newsContent__article__imgCapa lazyloadDisabled \" src=\"https:\/\/files.sunoresearch.com.br\/n\/uploads\/2024\/01\/gol-goll4-aviao-800x450.jpg\" width=\"800\" height=\"450\" alt=\"Passagens da Gol (GOLL4) v\u00e3o ficar mais caras durante a recupera\u00e7\u00e3o judicial? Analista explica\" fetchpriority=high \/>\n\t\t\t<\/picture>\n\n\t\t\t<figcaption class=\"wp-caption-text wp-caption-text--show\">Gol (GOLL4). Foto: Gol\/ Divulga\u00e7\u00e3o \/ Edi\u00e7\u00e3o Canva<\/figcaption>\n\t\t<\/figure>\n\t<\/div>\n\n\n\n\n\n\n\n\t<p>\n\t\t<a href=\"\" target=\"_blank\" data-element=\"shortcode-suno-banner\" title=\"Banner SUNO, clique e saiba mais\">\n\t\t\t<picture>\n\t\t\t\t<source media=\"(max-width: 500px)\" srcset=\"\">\n\t\t\t\t<img class=\"newsContent__article__imgCapa newsContent__article__imgCapa--banner\"\n\t\t\t\t\tsrc=\"\"\n\t\t\t\t\tdata-promo-id=\"265381\"\t\t\t\t\t\t\t\t\t\t\t\t\t\t\talt=\"\"\n\t\t\t\t>\n\t\t\t<\/picture>\n\t\t<\/a>\n\t<\/p>\n\n\n\n\n\n<p>Enquanto a <strong>recupera\u00e7\u00e3o judicial da Gol<\/strong> se encaminha, ap\u00f3s aprova\u00e7\u00e3o na Justi\u00e7a dos Estados Unidos na \u00faltima sexta-feira (26), o mercado ainda poder\u00e1 ver uma alta no pre\u00e7o do transporte a\u00e9reo. <\/p>\n\n\n\n<p>&#8220;O mercado est\u00e1 com uma demanda robusta, mas do lado da oferta, as companhias a\u00e9reas est\u00e3o muito resistentes a aumentar o n\u00famero de viagens ou de assentos. Quando a demanda \u00e9 muito maior que a oferta, o pre\u00e7o sobe&#8221;, aponta Daronco em entrevista ao Suno Not\u00edcias. <\/p>\n\n\n\n<p>Al\u00e9m disso, o analista ressalta que existem outros dois fatores que tamb\u00e9m est\u00e3o apertando a <strong>Gol (GOLL4)<\/strong> e outras companhias do mercado a\u00e9reo:<\/p>\n\n\n\n<ul class=\"wp-block-list\">\n<li>Alta no <strong>pre\u00e7o do querosene<\/strong> para as viagens;<\/li>\n\n\n\n<li>Aumento no custo capital de empresas a\u00e9reas, ou seja, est\u00e1 mais caro para o setor tomar empr\u00e9stimos.<\/li>\n<\/ul>\n\n\n\n<h2 class=\"wp-block-heading\">D\u00edvidas da Gol (GOLL4) chegam a R$ 20,3 bilh\u00f5es<\/h2>\n\n\n\n<p>A<strong> d\u00edvida da Gol (GOLL4)<\/strong> somava, no final de 2023, cerca de R$ 20,176 bilh\u00f5es, conforme divulgou a companhia nesta segunda-feira (29).<\/p>\n\n\n\n<p>A Justi\u00e7a americana, entretanto, foi informada de ativos de US$ 3,5 bilh\u00f5es e US$ 8,3 bilh\u00f5es em passivos no final de 2023. Do total, US$ 4,2 bilh\u00f5es s\u00e3o d\u00edvidas com financiamento em aberto. Descontando os ativos, a <a class=\"suno-keyword\" data-force=\"no\" data-priority=\"1\" href=\"https:\/\/www.suno.com.br\/artigos\/divida-liquida\/\" target=\"_blank\" rel=\"noopener\">d\u00edvida l\u00edquida<\/a> chega a R$ 4,8 bilh\u00f5es.<\/p>\n\n\n\n<p>O <strong>endividamento de companhias a\u00e9reas<\/strong> como a Gol (GOLL4), <a class=\"suno-keyword\" data-force=\"yes\" data-priority=\"2\" href=\"https:\/\/www.suno.com.br\/acoes\/AZUL4\/\" target=\"_blank\" rel=\"noopener\">Azul (AZUL4)<\/a> e Latam n\u00e3o s\u00e3o novidade.<\/p>\n\n\n\n<p>Conforme explica o analista da Suno Research, as <strong>cias a\u00e9reas<\/strong> sempre operaram com dificuldade no Brasil, devido \u00e0 volatilidade do mercado. &#8220;As<strong> empresas do setor a\u00e9reo<\/strong> est\u00e3o com a maior parte de seus custos dolarizados, mas a receita delas \u00e9 em real. Por isso, se est\u00e3o em um cen\u00e1rio em que o d\u00f3lar dispara, existe um descasamento muito grande de custo e despesas&#8221;, aponta Daronco.<\/p>\n\n\n\n<p>Apesar disso, a<strong> atual d\u00edvida da Gol <\/strong>(GOLL4) n\u00e3o \u00e9 apenas uma heran\u00e7a hist\u00f3rica, dado que foi ainda mais aprofundada na pandemia. <\/p>\n\n\n\n<p>&#8220;A <strong>Gol <\/strong>sofreu bastante na pandemia, ela estava com um passivo [d\u00edvida] muito elevado e que n\u00e3o consegue digerir, a despeito de um cen\u00e1rio mais favor\u00e1vel para <strong>companhias a\u00e9reas<\/strong>&#8220;, ressalta Daronco. Para o analista, mesmo diante da demanda mais volumosa e com os pre\u00e7os de passagens a\u00e9reas batendo m\u00e1ximas, a maioria das empresas t\u00eam passivos a descoberto, ou seja, d\u00edvidas maiores que sua receita e que n\u00e3o conseguem pagar. <\/p>\n\n\n\n\t<div data-element=\"shortcode-read-more\" class=\"readToo\">\n\t\t\t\t<span class=\"readToo__title\">Leia mais<\/span>\n\t\t\t\t<ul class=\"readToo__list\">\n\t\t\t<li><a href=\"https:\/\/www.suno.com.br\/noticias\/nubank-roxo34-servico-foco-tesouro-gpj\/\">Nubank (ROXO34) lan\u00e7a servi\u00e7o com foco em t\u00edtulos do Tesouro Nacional<\/a><\/li><li><a href=\"https:\/\/www.suno.com.br\/noticias\/energisa-engi11-engi3-engi4-oferta-publica-acoes-cpf\/\">Energisa (ENGI11) faz &#8216;follow-on&#8217; de R$ 2,5 bilh\u00f5es<\/a><\/li><li><a href=\"https:\/\/www.suno.com.br\/noticias\/petrobras-petr4-genial-reservas-recomendacao-neutra-gpj\/\">Petrobras (PETR4): Genial v\u00ea reservas gerando valor, mas mant\u00e9m recomenda\u00e7\u00e3o neutra<\/a><\/li>\t\t<\/ul>\n\t<\/div>\n\n\n\n\n<h2 class=\"wp-block-heading\">Recupera\u00e7\u00e3o judicial da Gol nos Estados Unidos<\/h2>\n\n\n\n<p>A prefer\u00eancia do pedido de<strong> RJ da Gol<\/strong> &#8220;migrar&#8221; para os Estados Unidos, em vez de acontecer em territ\u00f3rio nacional, tamb\u00e9m tem seus motivos:<\/p>\n\n\n\n<p>\u201cO pedido de recupera\u00e7\u00e3o judicial nos EUA, ao inv\u00e9s do Brasil, reside no fato de que a legisla\u00e7\u00e3o americana \u00e9 muito mais moderna e \u00e1gil, o que facilita uma recupera\u00e7\u00e3o bem sucedida.&#8221; aponta Daronco. <\/p>\n\n\n\n<p>O analista menciona como exemplo o caso da Latam, processado no Brasil: &#8220;o judici\u00e1rio acaba n\u00e3o tendo a agilidade esperada, o que causa muitos preju\u00edzos e, inclusive, prejudica a recupera\u00e7\u00e3o das empresas.&#8221;<\/p>\n\n\n\t<p>\n\t\t<a href=\"https:\/\/lp.suno.com.br\/ebook-como-analisar-uma-acao\/\" target=\"_blank\" data-element=\"shortcode-suno-banner\" title=\"Banner SUNO, clique e saiba mais\">\n\t\t\t<picture>\n\t\t\t\t<source media=\"(max-width: 500px)\" srcset=\"https:\/\/files.sunoresearch.com.br\/n\/uploads\/2023\/03\/Ebook-Acoes-Mobile.jpg\">\n\t\t\t\t<img class=\"newsContent__article__imgCapa newsContent__article__imgCapa--banner\"\n\t\t\t\t\tsrc=\"https:\/\/files.sunoresearch.com.br\/n\/uploads\/2023\/03\/Ebook-Acoes-Desktop.jpg\"\n\t\t\t\t\tdata-promo-id=\"378302\"\t\t\t\t\t\t\t\t\t\twidth='1420' height='286'\t\t\t\t\talt=\"https:\/\/files.sunoresearch.com.br\/n\/uploads\/2023\/03\/Ebook-Acoes-Desktop.jpg\"\n\t\t\t\t>\n\t\t\t<\/picture>\n\t\t<\/a>\n\t<\/p>\n\n\n\n\n\n<h2 class=\"wp-block-heading\">Cota\u00e7\u00e3o de GOLL4<\/h2>\n\n\n\n<p>H\u00e1 menos de uma semana desde o pedido e aprova\u00e7\u00e3o da RJ da Gol, o mercado j\u00e1 se antecipou e os pap\u00e9is <strong>GOLL4 <\/strong>acumularam uma queda de mais de 20% no \u00faltimo preg\u00e3o desta segunda-feira, sendo negociadas a cerca de R$ 3,00. <\/p>\n\n\n\n<p>Na segunda-feira (29), a B3 ainda informou as a\u00e7\u00f5es da companhia a\u00e9rea ser\u00e3o removidas de seus \u00edndices, incluindo o Ibovespa, em virtude do pedido de RJ, \u201cbem como das demais repercuss\u00f5es no mercado\u201d.<\/p>\n\n\n\n<p>\u201cA Gol ter\u00e1 seus t\u00edtulos exclu\u00eddos dos \u00edndices IBOV, IBRA, IBXX, ICO2, IDVR, IGCT, IGCX, ITAG, IVBX e SMLL ao seu pre\u00e7o de fechamento ap\u00f3s o encerramento do preg\u00e3o regular\u201d de 30 de janeiro de 2024, comunicou a operadora da bolsa.<\/p>\n\n\n\n<div class=\"pluginQuotation\">\n  <p class=\"ticker\">\n    Cota\u00e7\u00e3o <span>goll4<\/span>\n  <\/p>\n  <div class=\"info\">\n    <div class=\"leftSide\">\n      Gr\u00e1fico gerado em: 30\/01\/2024    <\/div>\n\t\t\t\t\t<div class=\"rightSide\">\n\t\t\t\t\t<span class=\"period\">\n\t\t\t\t\t\t1 M\u00eas\t\t\t\t\t<\/span>\n\t\t\t<\/div>\n\t\t  <\/div>\n\n  <div id=\"chart-2e04fd4c4ac3ae0115db9ba5a0531e7e\" data-block-hash=\"2e04fd4c4ac3ae0115db9ba5a0531e7e\"  class=\"chart\" style=\"width:100%;height:400px;\"><\/div>\n\n  <div class=\"pluginQuotation__footer\">\n    <div class=\"dataChart\">\n\n      <div class=\"dataChart__div1 variation\">\n        <div class=\"value-negative\">\n          -62,75 (-5,24%)        <\/div>\n        <div class=\"text\">\n          Varia\u00e7\u00e3o do per\u00edodo\n        <\/div>\n      <\/div>\n\n      <div class=\"dataChart__div2 minMax\">\n        <div class=\"value\">\n          R$\u00a03,11        <\/div>\n        <div class=\"text\">\n          M\u00ednima\n        <\/div>\n      <\/div>\n\n      <div class=\"dataChart__div3 minMax\">\n        <div class=\"value\">\n          R$\u00a08,35        <\/div>\n        <div class=\"text\">\n          M\u00e1xima\n        <\/div>\n      <\/div>\n\n\t\t\t<div class=\"dataChart__div4 rightSide\">\n\t\t\t\t<div class=\"analiticaSource\">\n\t\t\t\t\t<span>\n\t\t\t\t\t\tFonte:\n\t\t\t\t\t<\/span>\n\t\t\t\t\t<img decoding=\"async\" class=\"analiticaLogo\" src=\"https:\/\/www.suno.com.br\/noticias\/wp-content\/plugins\/suno-block-ticker-quotation\/src\/suno-analitica-logo.png\" alt=\"Logo Suno Anal\u00edtica\" \/>\n\t\t\t\t<\/div>\n\n\t\t\t\t<a href=\"https:\/\/www.suno.com.br\/analitica\/acoes\/goll4\" target=\"_blank\">\n\t\t\t\t\t<span>\n\t\t\t\t\t\tVer mais cota\u00e7\u00f5es\n\t\t\t\t\t<\/span>\n\t\t\t\t\t<svg xmlns=\"http:\/\/www.w3.org\/2000\/svg\" width=\"9\" height=\"8\" viewBox=\"0 0 9 8\" fill=\"none\">\n\t\t\t\t\t\t<path d=\"M4.20996 0L3.50496 0.705L6.29496 3.5H0.209961V4.5H6.29496L3.50496 7.295L4.20996 8L8.20996 4L4.20996 0Z\" fill=\"#D42126\" \/>\n\t\t\t\t\t<\/svg>\n\t\t\t\t<\/a>\n    <\/div>\n\n    <\/div>\n  <\/div>\n<\/div>\n\n\n<script type=\"text\/javascript\">\n  let chart_2e04fd4c4ac3ae0115db9ba5a0531e7e = document.getElementById('chart-2e04fd4c4ac3ae0115db9ba5a0531e7e');\n  let data_json_2e04fd4c4ac3ae0115db9ba5a0531e7e = \"[{\\\"date\\\":\\\"02\\\\\\\/01\\\\\\\/24 \\\",\\\"value\\\":8.35},{\\\"date\\\":\\\"03\\\\\\\/01\\\\\\\/24 \\\",\\\"value\\\":8.14},{\\\"date\\\":\\\"04\\\\\\\/01\\\\\\\/24 \\\",\\\"value\\\":7.93},{\\\"date\\\":\\\"05\\\\\\\/01\\\\\\\/24 \\\",\\\"value\\\":8.01},{\\\"date\\\":\\\"08\\\\\\\/01\\\\\\\/24 \\\",\\\"value\\\":8.23},{\\\"date\\\":\\\"09\\\\\\\/01\\\\\\\/24 \\\",\\\"value\\\":8.1},{\\\"date\\\":\\\"10\\\\\\\/01\\\\\\\/24 \\\",\\\"value\\\":7.93},{\\\"date\\\":\\\"11\\\\\\\/01\\\\\\\/24 \\\",\\\"value\\\":7.94},{\\\"date\\\":\\\"12\\\\\\\/01\\\\\\\/24 \\\",\\\"value\\\":7.6},{\\\"date\\\":\\\"15\\\\\\\/01\\\\\\\/24 \\\",\\\"value\\\":7.14},{\\\"date\\\":\\\"16\\\\\\\/01\\\\\\\/24 \\\",\\\"value\\\":6.9},{\\\"date\\\":\\\"17\\\\\\\/01\\\\\\\/24 \\\",\\\"value\\\":6.75},{\\\"date\\\":\\\"18\\\\\\\/01\\\\\\\/24 \\\",\\\"value\\\":6.64},{\\\"date\\\":\\\"19\\\\\\\/01\\\\\\\/24 \\\",\\\"value\\\":7.02},{\\\"date\\\":\\\"22\\\\\\\/01\\\\\\\/24 \\\",\\\"value\\\":6.82},{\\\"date\\\":\\\"23\\\\\\\/01\\\\\\\/24 \\\",\\\"value\\\":6.88},{\\\"date\\\":\\\"24\\\\\\\/01\\\\\\\/24 \\\",\\\"value\\\":6.65},{\\\"date\\\":\\\"25\\\\\\\/01\\\\\\\/24 \\\",\\\"value\\\":6.44},{\\\"date\\\":\\\"26\\\\\\\/01\\\\\\\/24 \\\",\\\"value\\\":5.92},{\\\"date\\\":\\\"29\\\\\\\/01\\\\\\\/24 \\\",\\\"value\\\":3.93},{\\\"date\\\":\\\"30\\\\\\\/01\\\\\\\/24 \\\",\\\"value\\\":3.11}]\";\n  let isPositive_2e04fd4c4ac3ae0115db9ba5a0531e7e = \"\";\n\n  let color_2e04fd4c4ac3ae0115db9ba5a0531e7e = isPositive_2e04fd4c4ac3ae0115db9ba5a0531e7e ? '#3AB53A' : '#D92C2D';\n\n  let data_2e04fd4c4ac3ae0115db9ba5a0531e7e = JSON.parse(data_json_2e04fd4c4ac3ae0115db9ba5a0531e7e);\n\n  const result_2e04fd4c4ac3ae0115db9ba5a0531e7e = {\n    date: [],\n    value: [],\n  };\n\n  data_2e04fd4c4ac3ae0115db9ba5a0531e7e.forEach((item) => {\n    result_2e04fd4c4ac3ae0115db9ba5a0531e7e.date.push(item.date);\n    result_2e04fd4c4ac3ae0115db9ba5a0531e7e.value.push(Number(item.value));\n  });\n\n  let option_2e04fd4c4ac3ae0115db9ba5a0531e7e = {\n    \/\/ variavel de cor global\n    color: [color_2e04fd4c4ac3ae0115db9ba5a0531e7e],\n    title: {\n      text: '',\n    },\n    tooltip: {\n      trigger: 'axis',\n      axisPointer: {\n        type: 'cross',\n        label: {\n          \/\/ cor dos valores em X e Y\n          backgroundColor: color_2e04fd4c4ac3ae0115db9ba5a0531e7e,\n          formatter: (value) => {\n            if (typeof value.value === 'number') {\n              return Number(value.value).toLocaleString('pt-br', {\n                style: 'currency',\n                currency: 'BRL'\n              });\n            }\n            return value.value;\n          },\n        },\n      },\n      valueFormatter: (value) => Number(value).toLocaleString('pt-br', {\n        style: 'currency',\n        currency: 'BRL'\n      }),\n    },\n    legend: {\n      \/\/ data: ['Valor de Fechamento'],\n      show: false,\n    },\n    toolbox: {\n      feature: {\n        saveAsImage: {\n          show: false,\n        },\n      },\n    },\n    grid: {\n      left: '0px',\n      right: '0px',\n      bottom: '0px',\n      containLabel: true,\n    },\n    xAxis: [{\n      type: 'category',\n      data: result_2e04fd4c4ac3ae0115db9ba5a0531e7e.date,\n      boundaryGap: true,\n    }],\n    yAxis: [{\n      type: 'value',\n      min: Math.min(...result_2e04fd4c4ac3ae0115db9ba5a0531e7e.value),\n      max: Math.max(...result_2e04fd4c4ac3ae0115db9ba5a0531e7e.value),\n      axisLabel: {\n        formatter: (value) => value.toLocaleString('pt-br', {\n          style: 'currency',\n          currency: 'BRL'\n        }),\n      },\n    }],\n    series: [{\n      name: 'Valor de Fechamento',\n      type: 'line',\n      stack: 'Total',\n      \/\/ cor do grafico\n      areaStyle: {},\n      emphasis: {\n        focus: 'series',\n      },\n      data: result_2e04fd4c4ac3ae0115db9ba5a0531e7e.value,\n      \/\/ cor da linha\n      lineStyle: {\n        color: color_2e04fd4c4ac3ae0115db9ba5a0531e7e,\n      },\n    }, ],\n  };\n\n\twindow.chart_2e04fd4c4ac3ae0115db9ba5a0531e7e = {\n\t\tel: chart_2e04fd4c4ac3ae0115db9ba5a0531e7e,\n\t\toption: option_2e04fd4c4ac3ae0115db9ba5a0531e7e\t};\n\n\n<\/script>\n\n\n\t<p>\n\t\t<a href=\"https:\/\/lp.suno.com.br\/plataforma-de-controle-de-investimentos\/\" target=\"_blank\" data-element=\"shortcode-suno-banner\" title=\"Banner SUNO, clique e saiba mais\">\n\t\t\t<picture>\n\t\t\t\t<source media=\"(max-width: 500px)\" srcset=\"https:\/\/files.sunoresearch.com.br\/n\/uploads\/2023\/03\/400x300-Controle-de-Investimentos.png\">\n\t\t\t\t<img class=\"newsContent__article__imgCapa newsContent__article__imgCapa--banner\"\n\t\t\t\t\tsrc=\"https:\/\/files.sunoresearch.com.br\/n\/uploads\/2023\/03\/1420x240-Controle-de-Investimentos.png\"\n\t\t\t\t\tdata-promo-id=\"383162\"\t\t\t\t\t\t\t\t\t\twidth='1420' height='240'\t\t\t\t\talt=\"https:\/\/files.sunoresearch.com.br\/n\/uploads\/2023\/03\/1420x240-Controle-de-Investimentos.png\"\n\t\t\t\t>\n\t\t\t<\/picture>\n\t\t<\/a>\n\t<\/p>\n\n\n","protected":false},"excerpt":{"rendered":"<p>O processo de recupera\u00e7\u00e3o judicial da Gol (GOLL4) pode deixar as passagens a\u00e9reas da companhia mais caras, segundo o analista CNPI da Suno Research, Jos\u00e9 Daronco. Gol (GOLL4). Foto: Gol\/ Divulga\u00e7\u00e3o \/ Edi\u00e7\u00e3o Canva Enquanto a recupera\u00e7\u00e3o judicial da Gol se encaminha, ap\u00f3s aprova\u00e7\u00e3o na Justi\u00e7a dos Estados Unidos na \u00faltima sexta-feira (26), o mercado [&hellip;]<\/p>\n","protected":false},"author":283,"featured_media":517615,"comment_status":"closed","ping_status":"closed","sticky":false,"template":"","format":"standard","meta":[],"categories":[64],"tags":[1594,105816,489,314],"suno_strategy":[],"class_list":["post-517521","post","type-post","status-publish","format-standard","has-post-thumbnail","hentry","category-negocios","tag-companhias-aereas","tag-especialistas","tag-gol-linhas-aereas-goll11-goll4","tag-recuperacao-judicial"],"yoast_head":"<!-- This site is optimized with the Yoast SEO plugin v24.4 - https:\/\/yoast.com\/wordpress\/plugins\/seo\/ -->\n<title>Gol (GOLL4): Passagens v\u00e3o ficar mais caras com recupera\u00e7\u00e3o judicial?<\/title>\n<meta name=\"description\" content=\"Analista CNPI afirma que as passagens a\u00e9reas ainda podem subir mais de pre\u00e7os em meio \u00e0 cen\u00e1rio de RJ da Gol (GOLL4). Entenda.\" \/>\n<meta name=\"robots\" content=\"index, follow, max-snippet:-1, max-image-preview:large, max-video-preview:-1\" \/>\n<link rel=\"canonical\" href=\"https:\/\/www.suno.com.br\/noticias\/gol-goll4-passagens-aereas-mais-caras-recuperacao-judicial-cpf\/\" \/>\n<meta property=\"og:locale\" content=\"pt_BR\" \/>\n<meta property=\"og:type\" content=\"article\" \/>\n<meta property=\"og:title\" content=\"Gol (GOLL4): Passagens v\u00e3o ficar mais caras com recupera\u00e7\u00e3o judicial?\" \/>\n<meta property=\"og:description\" content=\"Analista CNPI afirma que as passagens a\u00e9reas ainda podem subir mais de pre\u00e7os em meio \u00e0 cen\u00e1rio de RJ da Gol (GOLL4). Entenda.\" \/>\n<meta property=\"og:url\" content=\"https:\/\/www.suno.com.br\/noticias\/gol-goll4-passagens-aereas-mais-caras-recuperacao-judicial-cpf\/\" \/>\n<meta property=\"og:site_name\" content=\"Suno Not\u00edcias\" \/>\n<meta property=\"article:publisher\" content=\"https:\/\/facebook.com\/sunoresearch\" \/>\n<meta property=\"og:image\" content=\"https:\/\/files.sunoresearch.com.br\/n\/uploads\/2024\/01\/gol-goll4-aviao.jpg\" \/>\n\t<meta property=\"og:image:width\" content=\"1200\" \/>\n\t<meta property=\"og:image:height\" content=\"800\" \/>\n\t<meta property=\"og:image:type\" content=\"image\/jpeg\" \/>\n<meta name=\"author\" content=\"Camila Paim\" \/>\n<meta name=\"twitter:card\" content=\"summary_large_image\" \/>\n<meta name=\"twitter:creator\" content=\"@sunoresearch\" \/>\n<meta name=\"twitter:site\" content=\"@sunoresearch\" \/>\n<meta name=\"twitter:label1\" content=\"Escrito por\" \/>\n\t<meta name=\"twitter:data1\" content=\"Camila Paim\" \/>\n\t<meta name=\"twitter:label2\" content=\"Est. tempo de leitura\" \/>\n\t<meta name=\"twitter:data2\" content=\"4 minutos\" \/>\n<script type=\"application\/ld+json\" class=\"yoast-schema-graph\">{\"@context\":\"https:\/\/schema.org\",\"@graph\":[{\"@type\":\"NewsArticle\",\"@id\":\"https:\/\/www.suno.com.br\/noticias\/gol-goll4-passagens-aereas-mais-caras-recuperacao-judicial-cpf\/#article\",\"isPartOf\":{\"@id\":\"https:\/\/www.suno.com.br\/noticias\/gol-goll4-passagens-aereas-mais-caras-recuperacao-judicial-cpf\/\"},\"author\":{\"name\":\"Camila Paim\",\"@id\":\"https:\/\/www.suno.com.br\/noticias\/#\/schema\/person\/f341d3ae5d1cc685176c9a5327cdfdbb\"},\"headline\":\"Passagens da Gol (GOLL4) v\u00e3o ficar mais caras durante a recupera\u00e7\u00e3o judicial? Analista explica\",\"datePublished\":\"2024-01-30T14:45:05+00:00\",\"dateModified\":\"2024-01-30T15:05:03+00:00\",\"mainEntityOfPage\":{\"@id\":\"https:\/\/www.suno.com.br\/noticias\/gol-goll4-passagens-aereas-mais-caras-recuperacao-judicial-cpf\/\"},\"wordCount\":701,\"publisher\":{\"@id\":\"https:\/\/www.suno.com.br\/noticias\/#organization\"},\"image\":{\"@id\":\"https:\/\/www.suno.com.br\/noticias\/gol-goll4-passagens-aereas-mais-caras-recuperacao-judicial-cpf\/#primaryimage\"},\"thumbnailUrl\":\"https:\/\/files.sunoresearch.com.br\/n\/uploads\/2024\/01\/gol-goll4-aviao.jpg\",\"keywords\":[\"companhias a\u00e9reas\",\"Especialistas\",\"Gol Linhas A\u00e9reas (GOLL11\/GOLL4)\",\"recupera\u00e7\u00e3o judicial\"],\"articleSection\":[\"Neg\u00f3cios\"],\"inLanguage\":\"pt-BR\"},{\"@type\":\"WebPage\",\"@id\":\"https:\/\/www.suno.com.br\/noticias\/gol-goll4-passagens-aereas-mais-caras-recuperacao-judicial-cpf\/\",\"url\":\"https:\/\/www.suno.com.br\/noticias\/gol-goll4-passagens-aereas-mais-caras-recuperacao-judicial-cpf\/\",\"name\":\"Gol (GOLL4): Passagens v\u00e3o ficar mais caras com recupera\u00e7\u00e3o judicial?\",\"isPartOf\":{\"@id\":\"https:\/\/www.suno.com.br\/noticias\/#website\"},\"primaryImageOfPage\":{\"@id\":\"https:\/\/www.suno.com.br\/noticias\/gol-goll4-passagens-aereas-mais-caras-recuperacao-judicial-cpf\/#primaryimage\"},\"image\":{\"@id\":\"https:\/\/www.suno.com.br\/noticias\/gol-goll4-passagens-aereas-mais-caras-recuperacao-judicial-cpf\/#primaryimage\"},\"thumbnailUrl\":\"https:\/\/files.sunoresearch.com.br\/n\/uploads\/2024\/01\/gol-goll4-aviao.jpg\",\"datePublished\":\"2024-01-30T14:45:05+00:00\",\"dateModified\":\"2024-01-30T15:05:03+00:00\",\"description\":\"Analista CNPI afirma que as passagens a\u00e9reas ainda podem subir mais de pre\u00e7os em meio \u00e0 cen\u00e1rio de RJ da Gol (GOLL4). Entenda.\",\"breadcrumb\":{\"@id\":\"https:\/\/www.suno.com.br\/noticias\/gol-goll4-passagens-aereas-mais-caras-recuperacao-judicial-cpf\/#breadcrumb\"},\"inLanguage\":\"pt-BR\",\"potentialAction\":[{\"@type\":\"ReadAction\",\"target\":[\"https:\/\/www.suno.com.br\/noticias\/gol-goll4-passagens-aereas-mais-caras-recuperacao-judicial-cpf\/\"]}]},{\"@type\":\"ImageObject\",\"inLanguage\":\"pt-BR\",\"@id\":\"https:\/\/www.suno.com.br\/noticias\/gol-goll4-passagens-aereas-mais-caras-recuperacao-judicial-cpf\/#primaryimage\",\"url\":\"https:\/\/files.sunoresearch.com.br\/n\/uploads\/2024\/01\/gol-goll4-aviao.jpg\",\"contentUrl\":\"https:\/\/files.sunoresearch.com.br\/n\/uploads\/2024\/01\/gol-goll4-aviao.jpg\",\"width\":1200,\"height\":800,\"caption\":\"Gol (GOLL4). Foto: Gol\/ Divulga\u00e7\u00e3o \/ Edi\u00e7\u00e3o Canva\"},{\"@type\":\"BreadcrumbList\",\"@id\":\"https:\/\/www.suno.com.br\/noticias\/gol-goll4-passagens-aereas-mais-caras-recuperacao-judicial-cpf\/#breadcrumb\",\"itemListElement\":[{\"@type\":\"ListItem\",\"position\":1,\"name\":\"Not\u00edcias\",\"item\":\"https:\/\/www.suno.com.br\/noticias\/\"},{\"@type\":\"ListItem\",\"position\":2,\"name\":\"Neg\u00f3cios\",\"item\":\"https:\/\/www.suno.com.br\/noticias\/negocios\/\"},{\"@type\":\"ListItem\",\"position\":3,\"name\":\"Passagens da Gol (GOLL4) v\u00e3o ficar mais caras durante a recupera\u00e7\u00e3o judicial? Analista explica\"}]},{\"@type\":\"WebSite\",\"@id\":\"https:\/\/www.suno.com.br\/noticias\/#website\",\"url\":\"https:\/\/www.suno.com.br\/noticias\/\",\"name\":\"Suno Not\u00edcias\",\"description\":\"Seu portal de informa\u00e7\u00e3o sobre o mundo dos investimentos\",\"publisher\":{\"@id\":\"https:\/\/www.suno.com.br\/noticias\/#organization\"},\"potentialAction\":[{\"@type\":\"SearchAction\",\"target\":{\"@type\":\"EntryPoint\",\"urlTemplate\":\"https:\/\/www.suno.com.br\/noticias\/?s={search_term_string}\"},\"query-input\":{\"@type\":\"PropertyValueSpecification\",\"valueRequired\":true,\"valueName\":\"search_term_string\"}}],\"inLanguage\":\"pt-BR\"},{\"@type\":\"Organization\",\"@id\":\"https:\/\/www.suno.com.br\/noticias\/#organization\",\"name\":\"Suno Not\u00edcias\",\"url\":\"https:\/\/www.suno.com.br\/noticias\/\",\"logo\":{\"@type\":\"ImageObject\",\"inLanguage\":\"pt-BR\",\"@id\":\"https:\/\/www.suno.com.br\/noticias\/#\/schema\/logo\/image\/\",\"url\":\"https:\/\/files.sunoresearch.com.br\/n\/uploads\/2021\/09\/suno-logo.png\",\"contentUrl\":\"https:\/\/files.sunoresearch.com.br\/n\/uploads\/2021\/09\/suno-logo.png\",\"width\":180,\"height\":180,\"caption\":\"Suno Not\u00edcias\"},\"image\":{\"@id\":\"https:\/\/www.suno.com.br\/noticias\/#\/schema\/logo\/image\/\"},\"sameAs\":[\"https:\/\/facebook.com\/sunoresearch\",\"https:\/\/x.com\/sunoresearch\",\"https:\/\/www.instagram.com\/suno\",\"https:\/\/www.linkedin.com\/company\/suno-research\/\",\"https:\/\/www.youtube.com\/c\/sunoresearch\"]},{\"@type\":\"Person\",\"@id\":\"https:\/\/www.suno.com.br\/noticias\/#\/schema\/person\/f341d3ae5d1cc685176c9a5327cdfdbb\",\"name\":\"Camila Paim\",\"image\":{\"@type\":\"ImageObject\",\"inLanguage\":\"pt-BR\",\"@id\":\"https:\/\/www.suno.com.br\/noticias\/#\/schema\/person\/image\/\",\"url\":\"https:\/\/secure.gravatar.com\/avatar\/f33728e65febb1aa7ecf6792956f9b20?s=96&r=g\",\"contentUrl\":\"https:\/\/secure.gravatar.com\/avatar\/f33728e65febb1aa7ecf6792956f9b20?s=96&r=g\",\"caption\":\"Camila Paim\"},\"description\":\"Jornalista formada pela USP, tem experi\u00eancia em reda\u00e7\u00f5es, SEO, Branded Content e Webdesign. Com passagem pelo Jornal da USP, Empiricus e C6 Bank, hoje \u00e9 rep\u00f3rter no Suno Not\u00edcias cobrindo macroeconomia, finan\u00e7as pessoais e startups.\",\"url\":\"https:\/\/www.suno.com.br\/noticias\/author\/camila-figueiredosuno-com-br\/\"}]}<\/script>\n<!-- \/ Yoast SEO plugin. -->","yoast_head_json":{"title":"Gol (GOLL4): Passagens v\u00e3o ficar mais caras com recupera\u00e7\u00e3o judicial?","description":"Analista CNPI afirma que as passagens a\u00e9reas ainda podem subir mais de pre\u00e7os em meio \u00e0 cen\u00e1rio de RJ da Gol (GOLL4). Entenda.","robots":{"index":"index","follow":"follow","max-snippet":"max-snippet:-1","max-image-preview":"max-image-preview:large","max-video-preview":"max-video-preview:-1"},"canonical":"https:\/\/www.suno.com.br\/noticias\/gol-goll4-passagens-aereas-mais-caras-recuperacao-judicial-cpf\/","og_locale":"pt_BR","og_type":"article","og_title":"Gol (GOLL4): Passagens v\u00e3o ficar mais caras com recupera\u00e7\u00e3o judicial?","og_description":"Analista CNPI afirma que as passagens a\u00e9reas ainda podem subir mais de pre\u00e7os em meio \u00e0 cen\u00e1rio de RJ da Gol (GOLL4). Entenda.","og_url":"https:\/\/www.suno.com.br\/noticias\/gol-goll4-passagens-aereas-mais-caras-recuperacao-judicial-cpf\/","og_site_name":"Suno Not\u00edcias","article_publisher":"https:\/\/facebook.com\/sunoresearch","og_image":[{"width":1200,"height":800,"url":"https:\/\/files.sunoresearch.com.br\/n\/uploads\/2024\/01\/gol-goll4-aviao.jpg","type":"image\/jpeg"}],"author":"Camila Paim","twitter_card":"summary_large_image","twitter_creator":"@sunoresearch","twitter_site":"@sunoresearch","twitter_misc":{"Escrito por":"Camila Paim","Est. tempo de leitura":"4 minutos"},"schema":{"@context":"https:\/\/schema.org","@graph":[{"@type":"NewsArticle","@id":"https:\/\/www.suno.com.br\/noticias\/gol-goll4-passagens-aereas-mais-caras-recuperacao-judicial-cpf\/#article","isPartOf":{"@id":"https:\/\/www.suno.com.br\/noticias\/gol-goll4-passagens-aereas-mais-caras-recuperacao-judicial-cpf\/"},"author":{"name":"Camila Paim","@id":"https:\/\/www.suno.com.br\/noticias\/#\/schema\/person\/f341d3ae5d1cc685176c9a5327cdfdbb"},"headline":"Passagens da Gol (GOLL4) v\u00e3o ficar mais caras durante a recupera\u00e7\u00e3o judicial? Analista explica","datePublished":"2024-01-30T14:45:05+00:00","dateModified":"2024-01-30T15:05:03+00:00","mainEntityOfPage":{"@id":"https:\/\/www.suno.com.br\/noticias\/gol-goll4-passagens-aereas-mais-caras-recuperacao-judicial-cpf\/"},"wordCount":701,"publisher":{"@id":"https:\/\/www.suno.com.br\/noticias\/#organization"},"image":{"@id":"https:\/\/www.suno.com.br\/noticias\/gol-goll4-passagens-aereas-mais-caras-recuperacao-judicial-cpf\/#primaryimage"},"thumbnailUrl":"https:\/\/files.sunoresearch.com.br\/n\/uploads\/2024\/01\/gol-goll4-aviao.jpg","keywords":["companhias a\u00e9reas","Especialistas","Gol Linhas A\u00e9reas (GOLL11\/GOLL4)","recupera\u00e7\u00e3o judicial"],"articleSection":["Neg\u00f3cios"],"inLanguage":"pt-BR"},{"@type":"WebPage","@id":"https:\/\/www.suno.com.br\/noticias\/gol-goll4-passagens-aereas-mais-caras-recuperacao-judicial-cpf\/","url":"https:\/\/www.suno.com.br\/noticias\/gol-goll4-passagens-aereas-mais-caras-recuperacao-judicial-cpf\/","name":"Gol (GOLL4): Passagens v\u00e3o ficar mais caras com recupera\u00e7\u00e3o judicial?","isPartOf":{"@id":"https:\/\/www.suno.com.br\/noticias\/#website"},"primaryImageOfPage":{"@id":"https:\/\/www.suno.com.br\/noticias\/gol-goll4-passagens-aereas-mais-caras-recuperacao-judicial-cpf\/#primaryimage"},"image":{"@id":"https:\/\/www.suno.com.br\/noticias\/gol-goll4-passagens-aereas-mais-caras-recuperacao-judicial-cpf\/#primaryimage"},"thumbnailUrl":"https:\/\/files.sunoresearch.com.br\/n\/uploads\/2024\/01\/gol-goll4-aviao.jpg","datePublished":"2024-01-30T14:45:05+00:00","dateModified":"2024-01-30T15:05:03+00:00","description":"Analista CNPI afirma que as passagens a\u00e9reas ainda podem subir mais de pre\u00e7os em meio \u00e0 cen\u00e1rio de RJ da Gol (GOLL4). Entenda.","breadcrumb":{"@id":"https:\/\/www.suno.com.br\/noticias\/gol-goll4-passagens-aereas-mais-caras-recuperacao-judicial-cpf\/#breadcrumb"},"inLanguage":"pt-BR","potentialAction":[{"@type":"ReadAction","target":["https:\/\/www.suno.com.br\/noticias\/gol-goll4-passagens-aereas-mais-caras-recuperacao-judicial-cpf\/"]}]},{"@type":"ImageObject","inLanguage":"pt-BR","@id":"https:\/\/www.suno.com.br\/noticias\/gol-goll4-passagens-aereas-mais-caras-recuperacao-judicial-cpf\/#primaryimage","url":"https:\/\/files.sunoresearch.com.br\/n\/uploads\/2024\/01\/gol-goll4-aviao.jpg","contentUrl":"https:\/\/files.sunoresearch.com.br\/n\/uploads\/2024\/01\/gol-goll4-aviao.jpg","width":1200,"height":800,"caption":"Gol (GOLL4). Foto: Gol\/ Divulga\u00e7\u00e3o \/ Edi\u00e7\u00e3o Canva"},{"@type":"BreadcrumbList","@id":"https:\/\/www.suno.com.br\/noticias\/gol-goll4-passagens-aereas-mais-caras-recuperacao-judicial-cpf\/#breadcrumb","itemListElement":[{"@type":"ListItem","position":1,"name":"Not\u00edcias","item":"https:\/\/www.suno.com.br\/noticias\/"},{"@type":"ListItem","position":2,"name":"Neg\u00f3cios","item":"https:\/\/www.suno.com.br\/noticias\/negocios\/"},{"@type":"ListItem","position":3,"name":"Passagens da Gol (GOLL4) v\u00e3o ficar mais caras durante a recupera\u00e7\u00e3o judicial? Analista explica"}]},{"@type":"WebSite","@id":"https:\/\/www.suno.com.br\/noticias\/#website","url":"https:\/\/www.suno.com.br\/noticias\/","name":"Suno Not\u00edcias","description":"Seu portal de informa\u00e7\u00e3o sobre o mundo dos investimentos","publisher":{"@id":"https:\/\/www.suno.com.br\/noticias\/#organization"},"potentialAction":[{"@type":"SearchAction","target":{"@type":"EntryPoint","urlTemplate":"https:\/\/www.suno.com.br\/noticias\/?s={search_term_string}"},"query-input":{"@type":"PropertyValueSpecification","valueRequired":true,"valueName":"search_term_string"}}],"inLanguage":"pt-BR"},{"@type":"Organization","@id":"https:\/\/www.suno.com.br\/noticias\/#organization","name":"Suno Not\u00edcias","url":"https:\/\/www.suno.com.br\/noticias\/","logo":{"@type":"ImageObject","inLanguage":"pt-BR","@id":"https:\/\/www.suno.com.br\/noticias\/#\/schema\/logo\/image\/","url":"https:\/\/files.sunoresearch.com.br\/n\/uploads\/2021\/09\/suno-logo.png","contentUrl":"https:\/\/files.sunoresearch.com.br\/n\/uploads\/2021\/09\/suno-logo.png","width":180,"height":180,"caption":"Suno Not\u00edcias"},"image":{"@id":"https:\/\/www.suno.com.br\/noticias\/#\/schema\/logo\/image\/"},"sameAs":["https:\/\/facebook.com\/sunoresearch","https:\/\/x.com\/sunoresearch","https:\/\/www.instagram.com\/suno","https:\/\/www.linkedin.com\/company\/suno-research\/","https:\/\/www.youtube.com\/c\/sunoresearch"]},{"@type":"Person","@id":"https:\/\/www.suno.com.br\/noticias\/#\/schema\/person\/f341d3ae5d1cc685176c9a5327cdfdbb","name":"Camila Paim","image":{"@type":"ImageObject","inLanguage":"pt-BR","@id":"https:\/\/www.suno.com.br\/noticias\/#\/schema\/person\/image\/","url":"https:\/\/secure.gravatar.com\/avatar\/f33728e65febb1aa7ecf6792956f9b20?s=96&r=g","contentUrl":"https:\/\/secure.gravatar.com\/avatar\/f33728e65febb1aa7ecf6792956f9b20?s=96&r=g","caption":"Camila Paim"},"description":"Jornalista formada pela USP, tem experi\u00eancia em reda\u00e7\u00f5es, SEO, Branded Content e Webdesign. Com passagem pelo Jornal da USP, Empiricus e C6 Bank, hoje \u00e9 rep\u00f3rter no Suno Not\u00edcias cobrindo macroeconomia, finan\u00e7as pessoais e startups.","url":"https:\/\/www.suno.com.br\/noticias\/author\/camila-figueiredosuno-com-br\/"}]}},"default_loop_html":"<div class=\"cardsPage__listCard__boxs\"><div class=\"cardsPage__listCard__boxs__img\"><a href=\"https:\/\/www.suno.com.br\/noticias\/gol-goll4-passagens-aereas-mais-caras-recuperacao-judicial-cpf\/\"><img class=\"mask\" src=\"https:\/\/www.suno.com.br\/noticias\/wp-content\/themes\/suno\/resources\/images\/spotlight\/spotlight1img\/bg-mask.png\" alt=\"Image Mask\"\/><img src=\"https:\/\/files.sunoresearch.com.br\/n\/uploads\/2024\/01\/gol-goll4-aviao-400x200.jpg\" alt=\"Passagens da Gol (GOLL4) v\u00e3o ficar mais caras durante a recupera\u00e7\u00e3o judicial? Analista explica\"\/><\/a><span class=\"spotlightCategory\"><a href=\"https:\/\/www.suno.com.br\/noticias\/negocios\/\">Neg\u00f3cios<\/a><\/span><\/div><div class=\"cardsPage__listCard__boxs__content\"><a href=\"https:\/\/www.suno.com.br\/noticias\/gol-goll4-passagens-aereas-mais-caras-recuperacao-judicial-cpf\/\"><h2 class=\"content__title\">Passagens da Gol (GOLL4) v\u00e3o ficar mais caras durante a recupera\u00e7\u00e3o judicial? Analista explica<\/h2><\/a><div class=\"newsContent__article__meta\"><div class=\"newsContent__article__meta__authorBox\"><a href=\"https:\/\/www.suno.com.br\/noticias\/author\/giovanni-porfiriosuno-com-br\/\" class=\"authorBox__avatar noMobi\"><img src=\"https:\/\/files.sunoresearch.com.br\/n\/uploads\/2024\/05\/DSCF4115-1-1-150x150.webp\" alt=\"Giovanni Porf\u00edrio Jacomino\"><\/a><div class=\"authorBox__name\"><span>por\n\t\t\t<a href=\"https:\/\/www.suno.com.br\/noticias\/author\/giovanni-porfiriosuno-com-br\/\"><span itemprop=\"author\">Giovanni Porf\u00edrio Jacomino<\/span><\/a><\/span><time datetime=\"2024-01-30T11:45:05-03:00\" itemprop=\"datePublished\">30\/01\/2024 11:45<\/time><\/div><\/div><\/div><\/div><\/div>","single_layout":"posts","amp_enabled":true,"_links":{"self":[{"href":"https:\/\/www.suno.com.br\/noticias\/wp-json\/wp\/v2\/posts\/517521"}],"collection":[{"href":"https:\/\/www.suno.com.br\/noticias\/wp-json\/wp\/v2\/posts"}],"about":[{"href":"https:\/\/www.suno.com.br\/noticias\/wp-json\/wp\/v2\/types\/post"}],"author":[{"embeddable":true,"href":"https:\/\/www.suno.com.br\/noticias\/wp-json\/wp\/v2\/users\/283"}],"replies":[{"embeddable":true,"href":"https:\/\/www.suno.com.br\/noticias\/wp-json\/wp\/v2\/comments?post=517521"}],"version-history":[{"count":2,"href":"https:\/\/www.suno.com.br\/noticias\/wp-json\/wp\/v2\/posts\/517521\/revisions"}],"predecessor-version":[{"id":517678,"href":"https:\/\/www.suno.com.br\/noticias\/wp-json\/wp\/v2\/posts\/517521\/revisions\/517678"}],"wp:featuredmedia":[{"embeddable":true,"href":"https:\/\/www.suno.com.br\/noticias\/wp-json\/wp\/v2\/media\/517615"}],"wp:attachment":[{"href":"https:\/\/www.suno.com.br\/noticias\/wp-json\/wp\/v2\/media?parent=517521"}],"wp:term":[{"taxonomy":"category","embeddable":true,"href":"https:\/\/www.suno.com.br\/noticias\/wp-json\/wp\/v2\/categories?post=517521"},{"taxonomy":"post_tag","embeddable":true,"href":"https:\/\/www.suno.com.br\/noticias\/wp-json\/wp\/v2\/tags?post=517521"},{"taxonomy":"suno_strategy","embeddable":true,"href":"https:\/\/www.suno.com.br\/noticias\/wp-json\/wp\/v2\/suno_strategy?post=517521"}],"curies":[{"name":"wp","href":"https:\/\/api.w.org\/{rel}","templated":true}]}}