{"id":517501,"date":"2024-01-30T08:30:36","date_gmt":"2024-01-30T11:30:36","guid":{"rendered":"https:\/\/www.suno.com.br\/noticias\/?p=517501"},"modified":"2024-02-05T12:22:50","modified_gmt":"2024-02-05T15:22:50","slug":"haddad-precatorios-icms-deficit-gss","status":"publish","type":"post","link":"https:\/\/www.suno.com.br\/noticias\/haddad-precatorios-icms-deficit-gss\/","title":{"rendered":"Haddad cita precat\u00f3rios e ICMS ap\u00f3s governo registrar o segundo maior d\u00e9ficit da hist\u00f3ria"},"content":{"rendered":"<p>O ministro da Fazenda, Fernando <strong>Haddad<\/strong>, disse nesta segunda-feira (29) que o resultado das contas do Governo Central, cujo d\u00e9ficit em 2023 foi de R$ 230,535 bilh\u00f5es, ou seja, 2,1% do <a class=\"suno-keyword\" data-force=\"no\" data-priority=\"2\" href=\"https:\/\/www.suno.com.br\/artigos\/pib-produto-interno-bruto\/\" target=\"_blank\" rel=\"noopener\">Produto Interno Bruto (PIB)<\/a>, foi resultado da decis\u00e3o do governo federal de pagar os precat\u00f3rios (d\u00edvidas da Uni\u00e3o com tr\u00e2nsito em julgado) e do acordo feito com governadores a respeito do ICMS sobre combust\u00edveis.<\/p>\t<div class=\"wrapper-featured-image\">\n\t\t<figure class=\"spotlightImg\">\n\n\t\t\t<picture>\n\t\t\t\t<source media=\"(max-width: 768px)\" srcset=\"https:\/\/files.sunoresearch.com.br\/n\/uploads\/2023\/07\/fim-jcp-juros-haddad-fazenda-400x200.jpg\">\n\t\t\t\t<img loading=\"lazy\" decoding=\"async\" class=\"newsContent__article__imgCapa lazyloadDisabled \" src=\"https:\/\/files.sunoresearch.com.br\/n\/uploads\/2023\/07\/fim-jcp-juros-haddad-fazenda-800x450.jpg\" width=\"800\" height=\"450\" alt=\"Haddad cita precat\u00f3rios e ICMS ap\u00f3s governo registrar o segundo maior d\u00e9ficit da hist\u00f3ria\" fetchpriority=high \/>\n\t\t\t<\/picture>\n\n\t\t\t<figcaption class=\"wp-caption-text wp-caption-text--show\">Haddad - Foto: Minist\u00e9rio da Fazenda\/ Diogo Zacarias<\/figcaption>\n\t\t<\/figure>\n\t<\/div>\n\n\n\n\n\n\n\n\t<p>\n\t\t<a href=\"\" target=\"_blank\" data-element=\"shortcode-suno-banner\" title=\"Banner SUNO, clique e saiba mais\">\n\t\t\t<picture>\n\t\t\t\t<source media=\"(max-width: 500px)\" srcset=\"\">\n\t\t\t\t<img class=\"newsContent__article__imgCapa newsContent__article__imgCapa--banner\"\n\t\t\t\t\tsrc=\"\"\n\t\t\t\t\tdata-promo-id=\"240038\"\t\t\t\t\t\t\t\t\t\t\t\t\t\t\talt=\"\"\n\t\t\t\t>\n\t\t\t<\/picture>\n\t\t<\/a>\n\t<\/p>\n\n\n\n\n\n<p>&#8220;A decis\u00e3o, na minha opini\u00e3o, foi acertada. Ela foi amplamente divulgada. N\u00f3s fomos ao Supremo defender a tese de que aquele calote era inconstitucional e eu penso que a opini\u00e3o p\u00fablica, formada e informada, deveria levar em considera\u00e7\u00e3o esse gesto do governo de colocar ordem nas contas&#8221;, justificou <strong>Fernando Haddad<\/strong>.<\/p>\n\n\n\n<p>O ministro se queixou das manchetes desta segunda-feira sobre o <strong>Relat\u00f3rio do Tesouro Nacional<\/strong> ao dizer que elas n\u00e3o correspondiam ao esfor\u00e7o que o governo fez de &#8220;passar a r\u00e9gua&#8221; no que ele chamou de &#8220;legado tenebroso de desorganiza\u00e7\u00e3o das contas p\u00fablicas&#8221;.<\/p>\n\n\n\n<p>Haddad disse ainda que o <strong>d\u00e9ficit real<\/strong> se aproximou do n\u00famero mencionado por ele no ano passado, de 1% do <strong>PIB<\/strong>. &#8220;Penso que o mercado entendeu e reagiu bem ao que estava programado&#8221;, afirmou.<\/p>\n\n\n\n<h2 class=\"wp-block-heading\">Debate sobre meta fiscal \u00e9 com o congresso<\/h2>\n\n\n\n<p>Ainda segundo o <strong>ministro da Fazenda<\/strong>, o debate sobre o cumprimento da <a class=\"suno-keyword\" target=\"_blank\" data-force=\"no\" data-priority=\"1\" href=\"https:\/\/www.suno.com.br\/artigos\/meta-fiscal\/\" rel=\"noopener\">meta fiscal<\/a> em 2024 ser\u00e1 trabalhado com o apoio do Congresso Nacional e do Poder Judici\u00e1rio. &#8220;A <strong>meta fiscal<\/strong> \u00e9 estabelecida de comum acordo com o Congresso Nacional, mas o resultado prim\u00e1rio depende muito dessa boa intera\u00e7\u00e3o do Judici\u00e1rio com o Legislativo&#8221;, pontuou.<\/p>\n\n\n\n<p>Haddad reiterou que o Executivo trabalha em conjunto com os demais Poderes e afirmou que o governo manter\u00e1 o di\u00e1logo com o Judici\u00e1rio na forma da lei, nos tribunais, colocando o ponto de vista do Executivo, e que a discuss\u00e3o com o Congresso se dar\u00e1 mais no sentido de saber onde ser\u00e3o buscados os recursos para equilibrar a <a class=\"suno-keyword\" target=\"_blank\" data-force=\"no\" data-priority=\"1\" href=\"https:\/\/www.suno.com.br\/artigos\/politica-fiscal\/\" rel=\"noopener\">pol\u00edtica fiscal<\/a>.<\/p>\n\n\n\n<p>O chefe da Fazenda ainda pontuou que o governo tem que aproveitar o &#8220;bom relacionamento&#8221; que o Executivo vive hoje com o Congresso. &#8220;Apesar das propostas estarem sendo aprovadas, n\u00e3o da forma como foram encaminhadas, mas de outra forma, o fato \u00e9 que o Congresso tem dado abertura para o di\u00e1logo&#8221;, ponderou.<\/p>\n\n\n\t<div data-element=\"shortcode-read-more\" class=\"knowMore\">\n\t\t\t\t<span class=\"knowMore__title\">Leia mais<\/span>\n\t\t\t\t<a class=\"knowMore__link\" href=\"https:\/\/www.suno.com.br\/noticias\/deficit-governo-central-tesouro-nacional-cpf\/\">\n\t\t\tD\u00e9ficit do Governo Central chega a R$ 230,5 bilh\u00f5es em 2023, pior desde 2020, aponta Tesouro\t\t<\/a>\n\t<\/div>\n\n\n\n\n<h2 class=\"wp-block-heading\">MP da reonera\u00e7\u00e3o<\/h2>\n\n\n\n<p>Haddad disse que encaminhou ao Legislativo no final do ano a medida provis\u00f3ria 1.202, que reonera gradualmente a folha de pagamentos de 17 setores, extingue o Programa Emergencial de Retomada do Setor de Eventos (Perse) e revoga outros benef\u00edcios fiscais, porque sentiu que havia uma necessidade diante do quadro fiscal apresentado pela <strong>Receita Federal<\/strong> e tamb\u00e9m diante do que chamou de &#8220;desidrata\u00e7\u00e3o de medidas&#8221; encaminhadas em agosto por ocasi\u00e3o do envio do <strong>Or\u00e7amento<\/strong> ao Congresso.<\/p>\n\n\n\n<p>&#8220;Senti que n\u00f3s t\u00ednhamos que fazer um esfor\u00e7o adicional para garantir que n\u00f3s \u00edamos perseguir aquele resultado. Eu cumpri uma obriga\u00e7\u00e3o legal de tomar as medidas necess\u00e1rias, com senso de justi\u00e7a, evitando cobrar de quem j\u00e1 paga, justamente para atingir esse resultado&#8221;, justificou o ministro.<\/p>\n\n\n\n<h2 class=\"wp-block-heading\">Contas p\u00fablicas registram segundo maior rombo da hist\u00f3ria<\/h2>\n\n\n\n<p>O governo fechou 2023, primeiro ano da nova gest\u00e3o<strong> Lula<\/strong>, com o segundo maior rombo nas contas p\u00fablicas da s\u00e9rie hist\u00f3rica, iniciada em 1997. Segundo dados divulgados nesta segunda-feira, 29, pelo <strong>Tesouro Nacional<\/strong>, o <strong>d\u00e9ficit prim\u00e1rio<\/strong> (resultado das receitas menos as despesas, sem levar em conta o pagamento dos juros da <a class=\"suno-keyword\" target=\"_blank\" data-force=\"no\" data-priority=\"1\" href=\"https:\/\/www.suno.com.br\/artigos\/divida-publica\/\" rel=\"noopener\">d\u00edvida p\u00fablica<\/a>) ficou em R$ 230,5 bilh\u00f5es, o equivalente a 2,1% do PIB.<\/p>\n\n\n\n<p>No ano anterior, essa conta havia ficado positiva &#8211; um super\u00e1vit de R$ 54,1 bilh\u00f5es, um n\u00famero considerado &#8220;fora da curva&#8221;. O pior resultado da s\u00e9rie hist\u00f3rica foi registrado em 2020, primeiro ano da pandemia da covid-19, quando o <a class=\"suno-keyword\" target=\"_blank\" data-force=\"no\" data-priority=\"1\" href=\"https:\/\/www.suno.com.br\/artigos\/deficit-primario\/\" rel=\"noopener\">d\u00e9ficit prim\u00e1rio<\/a> chegou a R$ 939,5 bilh\u00f5es (em n\u00fameros corrigidos pela infla\u00e7\u00e3o).<\/p>\n\n\n\n<p>A meta tra\u00e7ada para este ano pela equipe econ\u00f4mica \u00e9 de <strong>d\u00e9ficit zero<\/strong>, mas o resultado registrado em 2023 fortaleceu no mercado as proje\u00e7\u00f5es de novo rombo. J\u00e1 o <strong>secret\u00e1rio do Tesouro<\/strong>, <strong>Rog\u00e9rio Ceron<\/strong>, fala em &#8220;revers\u00e3o da tend\u00eancia&#8221; no m\u00e9dio prazo.<\/p>\n\n\n\n<p>A explica\u00e7\u00e3o para o d\u00e9ficit ano passado foi a antecipa\u00e7\u00e3o do pagamento de <strong>precat\u00f3rios<\/strong> (d\u00edvidas judiciais do governo nas quais n\u00e3o cabe mais recurso) de R$ 92,3 bilh\u00f5es, al\u00e9m da compensa\u00e7\u00e3o a Estados e munic\u00edpios em raz\u00e3o de perdas na arrecada\u00e7\u00e3o com <strong>ICMS<\/strong>.<\/p>\n\n\n\n<p>Mesmo sem o pagamento dos precat\u00f3rios, o d\u00e9ficit teria sido de R$ 138,1 bilh\u00f5es &#8211; o equivalente a 1,27% do PIB, ainda acima da promessa que havia sido feita pelo ministro da Fazenda, Fernando Haddad, de fechar o ano com d\u00e9ficit de 1%.<\/p>\n\n\n\t<div data-element=\"shortcode-read-more\" class=\"knowMore\">\n\t\t\t\t<span class=\"knowMore__title\">Leia mais<\/span>\n\t\t\t\t<a class=\"knowMore__link\" href=\"https:\/\/www.suno.com.br\/noticias\/deficit-zero-meta-alcancada-economistas-va\/\">\n\t\t\tD\u00e9ficit zero: meta n\u00e3o ser\u00e1 alcan\u00e7ada em 2024, dizem economistas; entenda por qu\u00ea\t\t<\/a>\n\t<\/div>\n\n\n\n\n<p>A <strong>meta fiscal <\/strong>ajustada para 2023 admitia um rombo de at\u00e9 R$ 213,6 bilh\u00f5es nas contas do governo central (conceito que engloba Tesouro, Previd\u00eancia Social e <strong>Banco Central<\/strong>).<\/p>\n\n\n\n<p>Para a aferi\u00e7\u00e3o formal, por\u00e9m, o governo poder\u00e1 descontar desse c\u00e1lculo da meta os gastos com a regulariza\u00e7\u00e3o dos precat\u00f3rios, em decis\u00e3o autorizada pelo <strong>Supremo Tribunal Federal<\/strong>.<\/p>\n\n\n\n<p>O pagamento dos precat\u00f3rios estava represado em raz\u00e3o da chamada &#8220;<strong>PEC do Calote<\/strong>&#8220;, que &#8220;pedalou&#8221; o pagamento desses d\u00e9bitos da Uni\u00e3o, durante a gest\u00e3o do ex-presidente Jair Bolsonaro, at\u00e9 2026.<\/p>\n\n\n\n<p>A PEC foi proposta em 2021 para enfrentar o que o ent\u00e3o ministro da Economia, <a class=\"suno-keyword\" target=\"_blank\" data-force=\"no\" data-priority=\"2\" href=\"https:\/\/www.suno.com.br\/tudo-sobre\/paulo-guedes\/\" rel=\"noopener\">Paulo Guedes<\/a>, chamou de &#8220;meteoro&#8221;: uma fatura de R$ 89 bilh\u00f5es que teria de ser honrada ainda em 2022, durante o per\u00edodo eleitoral, com Bolsonaro buscando a reelei\u00e7\u00e3o.<\/p>\n\n\n\n<p>Em dezembro do ano passado, por\u00e9m, o <strong>governo Lula<\/strong> editou uma medida provis\u00f3ria que abriu um cr\u00e9dito extraordin\u00e1rio &#8211; fora do limite de despesas &#8211; de R$ 93,1 bilh\u00f5es para quitar esse estoque de precat\u00f3rios represados, e conseguiu autoriza\u00e7\u00e3o do STF para desconsiderar essas despesas da aferi\u00e7\u00e3o da meta fiscal.<\/p>\n\n\n\t<div data-element=\"shortcode-read-more\" class=\"knowMore\">\n\t\t\t\t<span class=\"knowMore__title\">Leia mais<\/span>\n\t\t\t\t<a class=\"knowMore__link\" href=\"https:\/\/www.suno.com.br\/noticias\/meta-fiscal-descumprida-deficit-bilhoes-evm\/\">\n\t\t\tMeta fiscal pode ser descumprida com d\u00e9ficit de at\u00e9 R$ 55 bilh\u00f5es, diz TCU\t\t<\/a>\n\t<\/div>\n\n\n\n\n<h2 class=\"wp-block-heading\">Proje\u00e7\u00f5es para 2024<\/h2>\n\n\n\n<p>Podendo ou n\u00e3o descontar os gastos com precat\u00f3rios da meta fiscal, os n\u00fameros mostram o tamanho do desafio do governo para este ano, quando a meta a ser perseguida \u00e9 de zerar o d\u00e9ficit, de acordo com as regras previstas no novo arcabou\u00e7o fiscal. No <a class=\"suno-keyword\" target=\"_blank\" data-force=\"no\" data-priority=\"2\" href=\"https:\/\/www.suno.com.br\/guias\/mercado-financeiro\/\" rel=\"noopener\">mercado financeiro<\/a>, \u00e9 praticamente un\u00e2nime a avalia\u00e7\u00e3o de que a meta ter\u00e1 de ser reformulada em algum momento para acomodar um rombo que, para muitos, seria inevit\u00e1vel.<\/p>\n\n\n\n<p>O equil\u00edbrio or\u00e7ament\u00e1rio \u00e9 importante para a redu\u00e7\u00e3o da d\u00edvida p\u00fablica, o que acaba tendo impacto na infla\u00e7\u00e3o, nos juros e na atra\u00e7\u00e3o de novos investimentos. Mas, tirando o super\u00e1vit extraordin\u00e1rio registrado em 2022, o Pa\u00eds convive com d\u00e9ficits nas contas desde 2013.<\/p>\n\n\n\n<p>A XP Investimentos, por exemplo, projeta novo <a class=\"suno-keyword\" target=\"_blank\" data-force=\"no\" data-priority=\"1\" href=\"https:\/\/www.suno.com.br\/artigos\/deficit-primario\/\" rel=\"noopener\">d\u00e9ficit prim\u00e1rio<\/a> para o<strong> governo central <\/strong>(conceito que engloba Tesouro, Previd\u00eancia Social e Banco Central) de 0,6% do PIB em 2024. Para o economista da corretora Tiago Sbardelotto, as medidas rec\u00e9m-aprovadas pelo governo para tentar aumentar a arrecada\u00e7\u00e3o dever\u00e3o ter efeitos positivos, mas n\u00e3o o suficiente para alcan\u00e7ar a meta de d\u00e9ficit zero neste ano.<\/p>\n\n\n\n<p>&#8220;Algumas receitas inclu\u00eddas no Or\u00e7amento permanecem altamente incertas, como os R$ 34,5 bilh\u00f5es das concess\u00f5es ferrovi\u00e1rias e os R$ 35 bilh\u00f5es da mudan\u00e7a nos subs\u00eddios do ICMS&#8221;, disse Sbardelotto, em nota.<\/p>\n\n\n\n<p>Ele acrescenta que a eventual extens\u00e3o do programa de desonera\u00e7\u00e3o da folha de pagamento (tema que est\u00e1 em discuss\u00e3o no Congresso) pode impor um vi\u00e9s de baixa nas receitas previdenci\u00e1rias esperadas pelo governo. &#8220;Al\u00e9m disso, ainda vemos press\u00e3o proveniente de gastos relacionados \u00e0 previd\u00eancia e assist\u00eancia social, o que poderia exigir algum bloqueio nas despesas discricion\u00e1rias (mas n\u00e3o deve aumentar o gasto total).&#8221;<\/p>\n\n\n\n<p>J\u00e1 o economista-chefe do Banco BMG, Flavio Serrano, projeta um <a class=\"suno-keyword\" target=\"_blank\" data-force=\"no\" data-priority=\"1\" href=\"https:\/\/www.suno.com.br\/artigos\/deficit-primario\/\" rel=\"noopener\">d\u00e9ficit prim\u00e1rio<\/a> de pouco menos de 1% do PIB. Segundo ele, em um cen\u00e1rio otimista, com o efeito da eleva\u00e7\u00e3o de receitas pretendido pelo governo, o saldo negativo diminuiria para cerca de 0,6% do PIB. Mesmo assim, ainda ficaria acima da margem de toler\u00e2ncia admitida no arcabou\u00e7o fiscal, que \u00e9 de um d\u00e9ficit de 0,25% para uma meta zero.<\/p>\n\n\n\n<p>Em entrevista na semana passada ao Estad\u00e3o, o economista-chefe do Ita\u00fa Unibanco, M\u00e1rio Mesquita, disse que, em mar\u00e7o, o governo &#8220;vai ter de escolher entre alterar a meta (de resultado prim\u00e1rio), fazer contingenciamento (do Or\u00e7amento), ou uma combina\u00e7\u00e3o dos dois&#8221;.<\/p>\n\n\n\n<p>Para ele, seria aceit\u00e1vel um rombo nas contas de at\u00e9 1% neste ano, porque isso significaria uma queda acentuada em rela\u00e7\u00e3o ao visto no ano passado, indicando um esfor\u00e7o na quest\u00e3o fiscal. &#8220;Se passar de 1%, vai gerar preocupa\u00e7\u00e3o; de 1,5%, mais ainda; 2%, ent\u00e3o, nem se fala, dado que no ano passado j\u00e1 foi acima disso&#8221;, disse.<\/p>\n\n\n\n<p>O governo precisa divulgar em mar\u00e7o o primeiro relat\u00f3rio de receitas e despesas do ano.<\/p>\n\n\n\t<p>\n\t\t<a href=\"https:\/\/lp.suno.com.br\/ebook-gratuito-investindo-no-exterior\/\" target=\"_blank\" data-element=\"shortcode-suno-banner\" title=\"Banner SUNO, clique e saiba mais\">\n\t\t\t<picture>\n\t\t\t\t<source media=\"(max-width: 500px)\" srcset=\"https:\/\/files.sunoresearch.com.br\/n\/uploads\/2023\/03\/400x300-Investindo-no-exterior.png\">\n\t\t\t\t<img class=\"newsContent__article__imgCapa newsContent__article__imgCapa--banner\"\n\t\t\t\t\tsrc=\"https:\/\/files.sunoresearch.com.br\/n\/uploads\/2023\/03\/1420x240-Investindo-no-exterior.png\"\n\t\t\t\t\tdata-promo-id=\"383161\"\t\t\t\t\t\t\t\t\t\twidth='1420' height='240'\t\t\t\t\talt=\"https:\/\/files.sunoresearch.com.br\/n\/uploads\/2023\/03\/1420x240-Investindo-no-exterior.png\"\n\t\t\t\t>\n\t\t\t<\/picture>\n\t\t<\/a>\n\t<\/p>\n\n\n\n\n\n<h2 class=\"wp-block-heading\">&#8216;Bons sinais&#8217;<\/h2>\n\n\n\n<p>Na avalia\u00e7\u00e3o do secret\u00e1rio do Tesouro, Rog\u00e9rio Ceron, embora o resultado de 2023 tenha sido o segundo pior da s\u00e9rie hist\u00f3rica, o n\u00famero j\u00e1 indicaria o in\u00edcio de um processo de recupera\u00e7\u00e3o fiscal. &#8220;Nossa sinaliza\u00e7\u00e3o para o horizonte de m\u00e9dio prazo \u00e9 de revers\u00e3o dessa tend\u00eancia que vem acontecendo em mais de uma d\u00e9cada, de piora a cada um desses ciclos&#8221;, disse o secret\u00e1rio, refor\u00e7ando que o governo trabalha para se aproximar de resultados mais pr\u00f3ximos do equil\u00edbrio or\u00e7ament\u00e1rio. &#8220;Esperamos que, a partir de 2024, o movimento de recupera\u00e7\u00e3o fiscal fique mais n\u00edtido.&#8221;<\/p>\n\n\n\n<p>Ele citou que, de janeiro de 2019 a dezembro de 2022 (mandato de <strong>Jair Bolsonaro<\/strong>), o resultado prim\u00e1rio anualizado registrou uma m\u00e9dia de d\u00e9ficit de R$ 263,2 bilh\u00f5es. &#8220;Fechamos com um resultado que j\u00e1 \u00e9 melhor que a m\u00e9dia dos \u00faltimos anos.&#8221;<\/p>\n\n\n\n<p>Apesar da descren\u00e7a do mercado, <strong>Ceron<\/strong> afirmou que o governo v\u00ea &#8220;bons sinais&#8221; para o cumprimento da <a class=\"suno-keyword\" target=\"_blank\" data-force=\"no\" data-priority=\"1\" href=\"https:\/\/www.suno.com.br\/artigos\/meta-fiscal\/\" rel=\"noopener\">meta fiscal<\/a> em 2024, em linha com o planejado pela Fazenda. Na avalia\u00e7\u00e3o do secret\u00e1rio, a regra do arcabou\u00e7o que limita o crescimento das despesas \u00e9 a ess\u00eancia do novo marco fiscal e ir\u00e1 garantir que, &#8220;ano a ano&#8221;, o Executivo melhore seu resultado. &#8220;Tem meta mais arrojada justamente para acelerar a recupera\u00e7\u00e3o&#8221;, afirmou.<\/p>\n\n\n\n<p>Questionado sobre o risco de o governo ter superestimado as receitas &#8211; advert\u00eancia feita tanto por economistas quanto pelo Tribunal de Contas da Uni\u00e3o -, Ceron respondeu que a partir de fevereiro o governo ter\u00e1 dados mais atualizados para avaliar a performance estimada para o ano. &#8220;Mas os dados parciais de janeiro mostram uma performance at\u00e9 maior do que o esperado&#8221;, otimismo compartilhado pelo ministro da Fazenda, Fernando <strong>Haddad<\/strong>.<\/p>\n\n\n\n<p><em>*Com informa\u00e7\u00f5es do Estado de S. Paulo e Estad\u00e3o Conte\u00fado<\/em><\/p>\n\n\n\t<p>\n\t\t<a href=\"https:\/\/lp.suno.com.br\/planilha-da-vida-financeira\/\" target=\"_blank\" data-element=\"shortcode-suno-banner\" title=\"Banner SUNO, clique e saiba mais\">\n\t\t\t<picture>\n\t\t\t\t<source media=\"(max-width: 500px)\" srcset=\"https:\/\/files.sunoresearch.com.br\/n\/uploads\/2023\/04\/400x300-Planilha-vida-financeira-true.png\">\n\t\t\t\t<img class=\"newsContent__article__imgCapa newsContent__article__imgCapa--banner\"\n\t\t\t\t\tsrc=\"https:\/\/files.sunoresearch.com.br\/n\/uploads\/2023\/04\/1420x240-Planilha-vida-financeira-true.png\"\n\t\t\t\t\tdata-promo-id=\"383123\"\t\t\t\t\t\t\t\t\t\twidth='1420' height='240'\t\t\t\t\talt=\"https:\/\/files.sunoresearch.com.br\/n\/uploads\/2023\/04\/1420x240-Planilha-vida-financeira-true.png\"\n\t\t\t\t>\n\t\t\t<\/picture>\n\t\t<\/a>\n\t<\/p>\n\n\n","protected":false},"excerpt":{"rendered":"<p>O ministro da Fazenda, Fernando Haddad, disse nesta segunda-feira (29) que o resultado das contas do Governo Central, cujo d\u00e9ficit em 2023 foi de R$ 230,535 bilh\u00f5es, ou seja, 2,1% do Produto Interno Bruto (PIB), foi resultado da decis\u00e3o do governo federal de pagar os precat\u00f3rios (d\u00edvidas da Uni\u00e3o com tr\u00e2nsito em julgado) e do [&hellip;]<\/p>\n","protected":false},"author":43,"featured_media":432618,"comment_status":"closed","ping_status":"closed","sticky":false,"template":"","format":"standard","meta":[],"categories":[62],"tags":[1488,1769,716,1556,1086,709,1128,104591],"suno_strategy":[],"class_list":["post-517501","post","type-post","status-publish","format-standard","has-post-thumbnail","hentry","category-economia","tag-arrecadacao-federal","tag-contas-publicas","tag-fernando-haddad","tag-governo-federal","tag-icms","tag-lula","tag-orcamento-publico","tag-precatorios"],"yoast_head":"<!-- This site is optimized with the Yoast SEO plugin v24.4 - https:\/\/yoast.com\/wordpress\/plugins\/seo\/ -->\n<title>Haddad cita precat\u00f3rios e ICMS ap\u00f3s segundo maior d\u00e9ficit da hist\u00f3ria<\/title>\n<meta name=\"description\" content=\"Fernando Haddad, ministro da Fazenda, justificou o d\u00e9ficit bilion\u00e1rio como resultado do pagamento dos precat\u00f3rios e do acordo do ICMS.\" \/>\n<meta name=\"robots\" content=\"index, follow, max-snippet:-1, max-image-preview:large, max-video-preview:-1\" \/>\n<link rel=\"canonical\" href=\"https:\/\/www.suno.com.br\/noticias\/haddad-precatorios-icms-deficit-gss\/\" \/>\n<meta property=\"og:locale\" content=\"pt_BR\" \/>\n<meta property=\"og:type\" content=\"article\" \/>\n<meta property=\"og:title\" content=\"Haddad cita precat\u00f3rios e ICMS ap\u00f3s segundo maior d\u00e9ficit da hist\u00f3ria\" \/>\n<meta property=\"og:description\" content=\"Fernando Haddad, ministro da Fazenda, justificou o d\u00e9ficit bilion\u00e1rio como resultado do pagamento dos precat\u00f3rios e do acordo do ICMS.\" \/>\n<meta property=\"og:url\" content=\"https:\/\/www.suno.com.br\/noticias\/haddad-precatorios-icms-deficit-gss\/\" \/>\n<meta property=\"og:site_name\" content=\"Suno Not\u00edcias\" \/>\n<meta property=\"article:publisher\" content=\"https:\/\/facebook.com\/sunoresearch\" \/>\n<meta property=\"article:author\" content=\"https:\/\/www.facebook.com\/sunonoticias\/\" \/>\n<meta property=\"og:image\" content=\"https:\/\/files.sunoresearch.com.br\/n\/uploads\/2023\/07\/fim-jcp-juros-haddad-fazenda.jpg\" \/>\n\t<meta property=\"og:image:width\" content=\"1200\" \/>\n\t<meta property=\"og:image:height\" content=\"800\" \/>\n\t<meta property=\"og:image:type\" content=\"image\/jpeg\" \/>\n<meta name=\"author\" content=\"Reda\u00e7\u00e3o Suno Not\u00edcias\" \/>\n<meta name=\"twitter:card\" content=\"summary_large_image\" \/>\n<meta name=\"twitter:creator\" content=\"@https:\/\/twitter.com\/sunoresearch\" \/>\n<meta name=\"twitter:site\" content=\"@sunoresearch\" \/>\n<meta name=\"twitter:label1\" content=\"Escrito por\" \/>\n\t<meta name=\"twitter:data1\" content=\"Reda\u00e7\u00e3o Suno Not\u00edcias\" \/>\n\t<meta name=\"twitter:label2\" content=\"Est. tempo de leitura\" \/>\n\t<meta name=\"twitter:data2\" content=\"10 minutos\" \/>\n<script type=\"application\/ld+json\" class=\"yoast-schema-graph\">{\"@context\":\"https:\/\/schema.org\",\"@graph\":[{\"@type\":\"NewsArticle\",\"@id\":\"https:\/\/www.suno.com.br\/noticias\/haddad-precatorios-icms-deficit-gss\/#article\",\"isPartOf\":{\"@id\":\"https:\/\/www.suno.com.br\/noticias\/haddad-precatorios-icms-deficit-gss\/\"},\"author\":{\"name\":\"Reda\u00e7\u00e3o Suno Not\u00edcias\",\"@id\":\"https:\/\/www.suno.com.br\/noticias\/#\/schema\/person\/c1b1bd3727fa852bd045e9dbff3673ea\"},\"headline\":\"Haddad cita precat\u00f3rios e ICMS ap\u00f3s governo registrar o segundo maior d\u00e9ficit da hist\u00f3ria\",\"datePublished\":\"2024-01-30T11:30:36+00:00\",\"dateModified\":\"2024-02-05T15:22:50+00:00\",\"mainEntityOfPage\":{\"@id\":\"https:\/\/www.suno.com.br\/noticias\/haddad-precatorios-icms-deficit-gss\/\"},\"wordCount\":1853,\"publisher\":{\"@id\":\"https:\/\/www.suno.com.br\/noticias\/#organization\"},\"image\":{\"@id\":\"https:\/\/www.suno.com.br\/noticias\/haddad-precatorios-icms-deficit-gss\/#primaryimage\"},\"thumbnailUrl\":\"https:\/\/files.sunoresearch.com.br\/n\/uploads\/2023\/07\/fim-jcp-juros-haddad-fazenda.jpg\",\"keywords\":[\"Arrecada\u00e7\u00e3o federal\",\"contas p\u00fablicas\",\"Fernando Haddad\",\"governo federal\",\"ICMS\",\"Lula\",\"Or\u00e7amento P\u00fablico\",\"precat\u00f3rios\"],\"articleSection\":[\"Economia\"],\"inLanguage\":\"pt-BR\"},{\"@type\":\"WebPage\",\"@id\":\"https:\/\/www.suno.com.br\/noticias\/haddad-precatorios-icms-deficit-gss\/\",\"url\":\"https:\/\/www.suno.com.br\/noticias\/haddad-precatorios-icms-deficit-gss\/\",\"name\":\"Haddad cita precat\u00f3rios e ICMS ap\u00f3s segundo maior d\u00e9ficit da hist\u00f3ria\",\"isPartOf\":{\"@id\":\"https:\/\/www.suno.com.br\/noticias\/#website\"},\"primaryImageOfPage\":{\"@id\":\"https:\/\/www.suno.com.br\/noticias\/haddad-precatorios-icms-deficit-gss\/#primaryimage\"},\"image\":{\"@id\":\"https:\/\/www.suno.com.br\/noticias\/haddad-precatorios-icms-deficit-gss\/#primaryimage\"},\"thumbnailUrl\":\"https:\/\/files.sunoresearch.com.br\/n\/uploads\/2023\/07\/fim-jcp-juros-haddad-fazenda.jpg\",\"datePublished\":\"2024-01-30T11:30:36+00:00\",\"dateModified\":\"2024-02-05T15:22:50+00:00\",\"description\":\"Fernando Haddad, ministro da Fazenda, justificou o d\u00e9ficit bilion\u00e1rio como resultado do pagamento dos precat\u00f3rios e do acordo do ICMS.\",\"breadcrumb\":{\"@id\":\"https:\/\/www.suno.com.br\/noticias\/haddad-precatorios-icms-deficit-gss\/#breadcrumb\"},\"inLanguage\":\"pt-BR\",\"potentialAction\":[{\"@type\":\"ReadAction\",\"target\":[\"https:\/\/www.suno.com.br\/noticias\/haddad-precatorios-icms-deficit-gss\/\"]}]},{\"@type\":\"ImageObject\",\"inLanguage\":\"pt-BR\",\"@id\":\"https:\/\/www.suno.com.br\/noticias\/haddad-precatorios-icms-deficit-gss\/#primaryimage\",\"url\":\"https:\/\/files.sunoresearch.com.br\/n\/uploads\/2023\/07\/fim-jcp-juros-haddad-fazenda.jpg\",\"contentUrl\":\"https:\/\/files.sunoresearch.com.br\/n\/uploads\/2023\/07\/fim-jcp-juros-haddad-fazenda.jpg\",\"width\":1200,\"height\":800,\"caption\":\"Haddad - Foto: Minist\u00e9rio da Fazenda\/ Diogo Zacarias\"},{\"@type\":\"BreadcrumbList\",\"@id\":\"https:\/\/www.suno.com.br\/noticias\/haddad-precatorios-icms-deficit-gss\/#breadcrumb\",\"itemListElement\":[{\"@type\":\"ListItem\",\"position\":1,\"name\":\"Not\u00edcias\",\"item\":\"https:\/\/www.suno.com.br\/noticias\/\"},{\"@type\":\"ListItem\",\"position\":2,\"name\":\"Economia\",\"item\":\"https:\/\/www.suno.com.br\/noticias\/economia\/\"},{\"@type\":\"ListItem\",\"position\":3,\"name\":\"Haddad cita precat\u00f3rios e ICMS ap\u00f3s governo registrar o segundo maior d\u00e9ficit da hist\u00f3ria\"}]},{\"@type\":\"WebSite\",\"@id\":\"https:\/\/www.suno.com.br\/noticias\/#website\",\"url\":\"https:\/\/www.suno.com.br\/noticias\/\",\"name\":\"Suno Not\u00edcias\",\"description\":\"Seu portal de informa\u00e7\u00e3o sobre o mundo dos investimentos\",\"publisher\":{\"@id\":\"https:\/\/www.suno.com.br\/noticias\/#organization\"},\"potentialAction\":[{\"@type\":\"SearchAction\",\"target\":{\"@type\":\"EntryPoint\",\"urlTemplate\":\"https:\/\/www.suno.com.br\/noticias\/?s={search_term_string}\"},\"query-input\":{\"@type\":\"PropertyValueSpecification\",\"valueRequired\":true,\"valueName\":\"search_term_string\"}}],\"inLanguage\":\"pt-BR\"},{\"@type\":\"Organization\",\"@id\":\"https:\/\/www.suno.com.br\/noticias\/#organization\",\"name\":\"Suno Not\u00edcias\",\"url\":\"https:\/\/www.suno.com.br\/noticias\/\",\"logo\":{\"@type\":\"ImageObject\",\"inLanguage\":\"pt-BR\",\"@id\":\"https:\/\/www.suno.com.br\/noticias\/#\/schema\/logo\/image\/\",\"url\":\"https:\/\/files.sunoresearch.com.br\/n\/uploads\/2021\/09\/suno-logo.png\",\"contentUrl\":\"https:\/\/files.sunoresearch.com.br\/n\/uploads\/2021\/09\/suno-logo.png\",\"width\":180,\"height\":180,\"caption\":\"Suno Not\u00edcias\"},\"image\":{\"@id\":\"https:\/\/www.suno.com.br\/noticias\/#\/schema\/logo\/image\/\"},\"sameAs\":[\"https:\/\/facebook.com\/sunoresearch\",\"https:\/\/x.com\/sunoresearch\",\"https:\/\/www.instagram.com\/suno\",\"https:\/\/www.linkedin.com\/company\/suno-research\/\",\"https:\/\/www.youtube.com\/c\/sunoresearch\"]},{\"@type\":\"Person\",\"@id\":\"https:\/\/www.suno.com.br\/noticias\/#\/schema\/person\/c1b1bd3727fa852bd045e9dbff3673ea\",\"name\":\"Reda\u00e7\u00e3o Suno Not\u00edcias\",\"image\":{\"@type\":\"ImageObject\",\"inLanguage\":\"pt-BR\",\"@id\":\"https:\/\/www.suno.com.br\/noticias\/#\/schema\/person\/image\/\",\"url\":\"https:\/\/secure.gravatar.com\/avatar\/b8104b9b5a71985d5238ee59fbe418af?s=96&r=g\",\"contentUrl\":\"https:\/\/secure.gravatar.com\/avatar\/b8104b9b5a71985d5238ee59fbe418af?s=96&r=g\",\"caption\":\"Reda\u00e7\u00e3o Suno Not\u00edcias\"},\"description\":\"O Suno Not\u00edcias \u00e9 um portal de informa\u00e7\u00f5es sobre Mercado Financeiro, Pol\u00edtica, Neg\u00f3cios, Economia e Finan\u00e7as Pessoais.\",\"sameAs\":[\"https:\/\/www.suno.com.br\/noticias\",\"https:\/\/www.facebook.com\/sunonoticias\/\",\"https:\/\/www.instagram.com\/sunonoticias\/\",\"https:\/\/x.com\/https:\/\/twitter.com\/sunoresearch\",\"https:\/\/www.youtube.com\/sunonoticias\"],\"url\":\"https:\/\/www.suno.com.br\/noticias\/author\/redacao-suno\/\"}]}<\/script>\n<!-- \/ Yoast SEO plugin. -->","yoast_head_json":{"title":"Haddad cita precat\u00f3rios e ICMS ap\u00f3s segundo maior d\u00e9ficit da hist\u00f3ria","description":"Fernando Haddad, ministro da Fazenda, justificou o d\u00e9ficit bilion\u00e1rio como resultado do pagamento dos precat\u00f3rios e do acordo do ICMS.","robots":{"index":"index","follow":"follow","max-snippet":"max-snippet:-1","max-image-preview":"max-image-preview:large","max-video-preview":"max-video-preview:-1"},"canonical":"https:\/\/www.suno.com.br\/noticias\/haddad-precatorios-icms-deficit-gss\/","og_locale":"pt_BR","og_type":"article","og_title":"Haddad cita precat\u00f3rios e ICMS ap\u00f3s segundo maior d\u00e9ficit da hist\u00f3ria","og_description":"Fernando Haddad, ministro da Fazenda, justificou o d\u00e9ficit bilion\u00e1rio como resultado do pagamento dos precat\u00f3rios e do acordo do ICMS.","og_url":"https:\/\/www.suno.com.br\/noticias\/haddad-precatorios-icms-deficit-gss\/","og_site_name":"Suno Not\u00edcias","article_publisher":"https:\/\/facebook.com\/sunoresearch","article_author":"https:\/\/www.facebook.com\/sunonoticias\/","og_image":[{"width":1200,"height":800,"url":"https:\/\/files.sunoresearch.com.br\/n\/uploads\/2023\/07\/fim-jcp-juros-haddad-fazenda.jpg","type":"image\/jpeg"}],"author":"Reda\u00e7\u00e3o Suno Not\u00edcias","twitter_card":"summary_large_image","twitter_creator":"@https:\/\/twitter.com\/sunoresearch","twitter_site":"@sunoresearch","twitter_misc":{"Escrito por":"Reda\u00e7\u00e3o Suno Not\u00edcias","Est. tempo de leitura":"10 minutos"},"schema":{"@context":"https:\/\/schema.org","@graph":[{"@type":"NewsArticle","@id":"https:\/\/www.suno.com.br\/noticias\/haddad-precatorios-icms-deficit-gss\/#article","isPartOf":{"@id":"https:\/\/www.suno.com.br\/noticias\/haddad-precatorios-icms-deficit-gss\/"},"author":{"name":"Reda\u00e7\u00e3o Suno Not\u00edcias","@id":"https:\/\/www.suno.com.br\/noticias\/#\/schema\/person\/c1b1bd3727fa852bd045e9dbff3673ea"},"headline":"Haddad cita precat\u00f3rios e ICMS ap\u00f3s governo registrar o segundo maior d\u00e9ficit da hist\u00f3ria","datePublished":"2024-01-30T11:30:36+00:00","dateModified":"2024-02-05T15:22:50+00:00","mainEntityOfPage":{"@id":"https:\/\/www.suno.com.br\/noticias\/haddad-precatorios-icms-deficit-gss\/"},"wordCount":1853,"publisher":{"@id":"https:\/\/www.suno.com.br\/noticias\/#organization"},"image":{"@id":"https:\/\/www.suno.com.br\/noticias\/haddad-precatorios-icms-deficit-gss\/#primaryimage"},"thumbnailUrl":"https:\/\/files.sunoresearch.com.br\/n\/uploads\/2023\/07\/fim-jcp-juros-haddad-fazenda.jpg","keywords":["Arrecada\u00e7\u00e3o federal","contas p\u00fablicas","Fernando Haddad","governo federal","ICMS","Lula","Or\u00e7amento P\u00fablico","precat\u00f3rios"],"articleSection":["Economia"],"inLanguage":"pt-BR"},{"@type":"WebPage","@id":"https:\/\/www.suno.com.br\/noticias\/haddad-precatorios-icms-deficit-gss\/","url":"https:\/\/www.suno.com.br\/noticias\/haddad-precatorios-icms-deficit-gss\/","name":"Haddad cita precat\u00f3rios e ICMS ap\u00f3s segundo maior d\u00e9ficit da hist\u00f3ria","isPartOf":{"@id":"https:\/\/www.suno.com.br\/noticias\/#website"},"primaryImageOfPage":{"@id":"https:\/\/www.suno.com.br\/noticias\/haddad-precatorios-icms-deficit-gss\/#primaryimage"},"image":{"@id":"https:\/\/www.suno.com.br\/noticias\/haddad-precatorios-icms-deficit-gss\/#primaryimage"},"thumbnailUrl":"https:\/\/files.sunoresearch.com.br\/n\/uploads\/2023\/07\/fim-jcp-juros-haddad-fazenda.jpg","datePublished":"2024-01-30T11:30:36+00:00","dateModified":"2024-02-05T15:22:50+00:00","description":"Fernando Haddad, ministro da Fazenda, justificou o d\u00e9ficit bilion\u00e1rio como resultado do pagamento dos precat\u00f3rios e do acordo do ICMS.","breadcrumb":{"@id":"https:\/\/www.suno.com.br\/noticias\/haddad-precatorios-icms-deficit-gss\/#breadcrumb"},"inLanguage":"pt-BR","potentialAction":[{"@type":"ReadAction","target":["https:\/\/www.suno.com.br\/noticias\/haddad-precatorios-icms-deficit-gss\/"]}]},{"@type":"ImageObject","inLanguage":"pt-BR","@id":"https:\/\/www.suno.com.br\/noticias\/haddad-precatorios-icms-deficit-gss\/#primaryimage","url":"https:\/\/files.sunoresearch.com.br\/n\/uploads\/2023\/07\/fim-jcp-juros-haddad-fazenda.jpg","contentUrl":"https:\/\/files.sunoresearch.com.br\/n\/uploads\/2023\/07\/fim-jcp-juros-haddad-fazenda.jpg","width":1200,"height":800,"caption":"Haddad - Foto: Minist\u00e9rio da Fazenda\/ Diogo Zacarias"},{"@type":"BreadcrumbList","@id":"https:\/\/www.suno.com.br\/noticias\/haddad-precatorios-icms-deficit-gss\/#breadcrumb","itemListElement":[{"@type":"ListItem","position":1,"name":"Not\u00edcias","item":"https:\/\/www.suno.com.br\/noticias\/"},{"@type":"ListItem","position":2,"name":"Economia","item":"https:\/\/www.suno.com.br\/noticias\/economia\/"},{"@type":"ListItem","position":3,"name":"Haddad cita precat\u00f3rios e ICMS ap\u00f3s governo registrar o segundo maior d\u00e9ficit da hist\u00f3ria"}]},{"@type":"WebSite","@id":"https:\/\/www.suno.com.br\/noticias\/#website","url":"https:\/\/www.suno.com.br\/noticias\/","name":"Suno Not\u00edcias","description":"Seu portal de informa\u00e7\u00e3o sobre o mundo dos investimentos","publisher":{"@id":"https:\/\/www.suno.com.br\/noticias\/#organization"},"potentialAction":[{"@type":"SearchAction","target":{"@type":"EntryPoint","urlTemplate":"https:\/\/www.suno.com.br\/noticias\/?s={search_term_string}"},"query-input":{"@type":"PropertyValueSpecification","valueRequired":true,"valueName":"search_term_string"}}],"inLanguage":"pt-BR"},{"@type":"Organization","@id":"https:\/\/www.suno.com.br\/noticias\/#organization","name":"Suno Not\u00edcias","url":"https:\/\/www.suno.com.br\/noticias\/","logo":{"@type":"ImageObject","inLanguage":"pt-BR","@id":"https:\/\/www.suno.com.br\/noticias\/#\/schema\/logo\/image\/","url":"https:\/\/files.sunoresearch.com.br\/n\/uploads\/2021\/09\/suno-logo.png","contentUrl":"https:\/\/files.sunoresearch.com.br\/n\/uploads\/2021\/09\/suno-logo.png","width":180,"height":180,"caption":"Suno Not\u00edcias"},"image":{"@id":"https:\/\/www.suno.com.br\/noticias\/#\/schema\/logo\/image\/"},"sameAs":["https:\/\/facebook.com\/sunoresearch","https:\/\/x.com\/sunoresearch","https:\/\/www.instagram.com\/suno","https:\/\/www.linkedin.com\/company\/suno-research\/","https:\/\/www.youtube.com\/c\/sunoresearch"]},{"@type":"Person","@id":"https:\/\/www.suno.com.br\/noticias\/#\/schema\/person\/c1b1bd3727fa852bd045e9dbff3673ea","name":"Reda\u00e7\u00e3o Suno Not\u00edcias","image":{"@type":"ImageObject","inLanguage":"pt-BR","@id":"https:\/\/www.suno.com.br\/noticias\/#\/schema\/person\/image\/","url":"https:\/\/secure.gravatar.com\/avatar\/b8104b9b5a71985d5238ee59fbe418af?s=96&r=g","contentUrl":"https:\/\/secure.gravatar.com\/avatar\/b8104b9b5a71985d5238ee59fbe418af?s=96&r=g","caption":"Reda\u00e7\u00e3o Suno Not\u00edcias"},"description":"O Suno Not\u00edcias \u00e9 um portal de informa\u00e7\u00f5es sobre Mercado Financeiro, Pol\u00edtica, Neg\u00f3cios, Economia e Finan\u00e7as Pessoais.","sameAs":["https:\/\/www.suno.com.br\/noticias","https:\/\/www.facebook.com\/sunonoticias\/","https:\/\/www.instagram.com\/sunonoticias\/","https:\/\/x.com\/https:\/\/twitter.com\/sunoresearch","https:\/\/www.youtube.com\/sunonoticias"],"url":"https:\/\/www.suno.com.br\/noticias\/author\/redacao-suno\/"}]}},"default_loop_html":"<div class=\"cardsPage__listCard__boxs\"><div class=\"cardsPage__listCard__boxs__img\"><a href=\"https:\/\/www.suno.com.br\/noticias\/haddad-precatorios-icms-deficit-gss\/\"><img class=\"mask\" src=\"https:\/\/www.suno.com.br\/noticias\/wp-content\/themes\/suno\/resources\/images\/spotlight\/spotlight1img\/bg-mask.png\" alt=\"Image Mask\"\/><img src=\"https:\/\/files.sunoresearch.com.br\/n\/uploads\/2023\/07\/fim-jcp-juros-haddad-fazenda-400x200.jpg\" alt=\"Haddad cita precat\u00f3rios e ICMS ap\u00f3s governo registrar o segundo maior d\u00e9ficit da hist\u00f3ria\"\/><\/a><span class=\"spotlightCategory\"><a href=\"https:\/\/www.suno.com.br\/noticias\/economia\/\">Economia<\/a><\/span><\/div><div class=\"cardsPage__listCard__boxs__content\"><a href=\"https:\/\/www.suno.com.br\/noticias\/haddad-precatorios-icms-deficit-gss\/\"><h2 class=\"content__title\">Haddad cita precat\u00f3rios e ICMS ap\u00f3s governo registrar o segundo maior d\u00e9ficit da hist\u00f3ria<\/h2><\/a><div class=\"newsContent__article__meta\"><div class=\"newsContent__article__meta__authorBox\"><a href=\"https:\/\/www.suno.com.br\/noticias\/author\/redacao-suno\/\" class=\"authorBox__avatar noMobi\"><img src=\"https:\/\/files.sunoresearch.com.br\/n\/uploads\/2020\/08\/0ace682d-redacao-1-150x150.webp\" alt=\"Reda\u00e7\u00e3o Suno Not\u00edcias\"><\/a><div class=\"authorBox__name\"><span>por\n\t\t\t<a href=\"https:\/\/www.suno.com.br\/noticias\/author\/redacao-suno\/\"><span itemprop=\"author\">Reda\u00e7\u00e3o Suno Not\u00edcias<\/span><\/a><\/span><time datetime=\"2024-01-30T08:30:36-03:00\" itemprop=\"datePublished\">30\/01\/2024 08:30<\/time><\/div><\/div><\/div><\/div><\/div>","single_layout":"posts","amp_enabled":true,"_links":{"self":[{"href":"https:\/\/www.suno.com.br\/noticias\/wp-json\/wp\/v2\/posts\/517501"}],"collection":[{"href":"https:\/\/www.suno.com.br\/noticias\/wp-json\/wp\/v2\/posts"}],"about":[{"href":"https:\/\/www.suno.com.br\/noticias\/wp-json\/wp\/v2\/types\/post"}],"author":[{"embeddable":true,"href":"https:\/\/www.suno.com.br\/noticias\/wp-json\/wp\/v2\/users\/43"}],"replies":[{"embeddable":true,"href":"https:\/\/www.suno.com.br\/noticias\/wp-json\/wp\/v2\/comments?post=517501"}],"version-history":[{"count":3,"href":"https:\/\/www.suno.com.br\/noticias\/wp-json\/wp\/v2\/posts\/517501\/revisions"}],"predecessor-version":[{"id":519924,"href":"https:\/\/www.suno.com.br\/noticias\/wp-json\/wp\/v2\/posts\/517501\/revisions\/519924"}],"wp:featuredmedia":[{"embeddable":true,"href":"https:\/\/www.suno.com.br\/noticias\/wp-json\/wp\/v2\/media\/432618"}],"wp:attachment":[{"href":"https:\/\/www.suno.com.br\/noticias\/wp-json\/wp\/v2\/media?parent=517501"}],"wp:term":[{"taxonomy":"category","embeddable":true,"href":"https:\/\/www.suno.com.br\/noticias\/wp-json\/wp\/v2\/categories?post=517501"},{"taxonomy":"post_tag","embeddable":true,"href":"https:\/\/www.suno.com.br\/noticias\/wp-json\/wp\/v2\/tags?post=517501"},{"taxonomy":"suno_strategy","embeddable":true,"href":"https:\/\/www.suno.com.br\/noticias\/wp-json\/wp\/v2\/suno_strategy?post=517501"}],"curies":[{"name":"wp","href":"https:\/\/api.w.org\/{rel}","templated":true}]}}