{"id":517434,"date":"2024-01-29T21:41:49","date_gmt":"2024-01-30T00:41:49","guid":{"rendered":"https:\/\/www.suno.com.br\/noticias\/?p=517434"},"modified":"2024-01-29T21:46:49","modified_gmt":"2024-01-30T00:46:49","slug":"embraer-embr3-acoes-eve-carros-voadores-btg-mm","status":"publish","type":"post","link":"https:\/\/www.suno.com.br\/noticias\/embraer-embr3-acoes-eve-carros-voadores-btg-mm\/","title":{"rendered":"Eve deve inflar a\u00e7\u00f5es da Embraer (EMBR3) em 35%, diz BTG"},"content":{"rendered":"<p>A Eve Air Mobility, respons\u00e1vel por aeronaves el\u00e9tricas (conhecidas como &#8220;carros voadores&#8221;) e subsidi\u00e1ria de mobilidade urbana da<strong> <\/strong><a href=\"https:\/\/www.suno.com.br\/acoes\/embr3\/\"><strong>Embraer<\/strong> (EMBR3)<\/a>, tem o potencial de adicionar uma quantia suplementar de US$ 950 milh\u00f5es \u00e0 avalia\u00e7\u00e3o dos <a class=\"suno-keyword\" data-force=\"no\" data-priority=\"2\" href=\"https:\/\/www.suno.com.br\/artigos\/ativo\/\" target=\"_blank\" rel=\"noopener\">ativos da empresa<\/a> e proporcionar um potencial de valoriza\u00e7\u00e3o de 35% nas a\u00e7\u00f5es da fabricante brasileira, segundo an\u00e1lise do BTG Pactual, divulgada em relat\u00f3rio nesta segunda-feira (29).<\/p>\t<div class=\"wrapper-featured-image\">\n\t\t<figure class=\"spotlightImg\">\n\n\t\t\t<picture>\n\t\t\t\t<source media=\"(max-width: 768px)\" srcset=\"https:\/\/files.sunoresearch.com.br\/n\/uploads\/2024\/01\/Embraer-6-400x200.jpg\">\n\t\t\t\t<img loading=\"lazy\" decoding=\"async\" class=\"newsContent__article__imgCapa lazyloadDisabled \" src=\"https:\/\/files.sunoresearch.com.br\/n\/uploads\/2024\/01\/Embraer-6-800x450.jpg\" width=\"800\" height=\"450\" alt=\"Eve deve inflar a\u00e7\u00f5es da Embraer (EMBR3) em 35%, diz BTG\" fetchpriority=high \/>\n\t\t\t<\/picture>\n\n\t\t\t<figcaption class=\"wp-caption-text wp-caption-text--show\">Embraer: Eve. Foto: Divulga\u00e7\u00e3o<\/figcaption>\n\t\t<\/figure>\n\t<\/div>\n\n\n\n\n\n\t<p>\n\t\t<a href=\"https:\/\/lp.suno.com.br\/planilha-da-vida-financeira\/\" target=\"_blank\" data-element=\"shortcode-suno-banner\" title=\"Banner SUNO, clique e saiba mais\">\n\t\t\t<picture>\n\t\t\t\t<source media=\"(max-width: 500px)\" srcset=\"https:\/\/files.sunoresearch.com.br\/n\/uploads\/2023\/04\/400x300-Planilha-vida-financeira-true.png\">\n\t\t\t\t<img class=\"newsContent__article__imgCapa newsContent__article__imgCapa--banner\"\n\t\t\t\t\tsrc=\"https:\/\/files.sunoresearch.com.br\/n\/uploads\/2023\/04\/1420x240-Planilha-vida-financeira-true.png\"\n\t\t\t\t\tdata-promo-id=\"106682\"\t\t\t\t\t\t\t\t\t\twidth='1420' height='240'\t\t\t\t\talt=\"https:\/\/files.sunoresearch.com.br\/n\/uploads\/2023\/04\/1420x240-Planilha-vida-financeira-true.png\"\n\t\t\t\t>\n\t\t\t<\/picture>\n\t\t<\/a>\n\t<\/p>\n\n\n\n\n\n\n\n<p>Ao mercado, o banco reafirma em documento sua sugest\u00e3o de compra das <strong>a\u00e7\u00f5es da Embraer<\/strong>, e estabelece um pre\u00e7o-alvo de US$ 19 para as American Depositary Receipts (<strong>ADRs da Embraer<\/strong>) na bolsa norte-americana. Essa proje\u00e7\u00e3o sugere um potencial de valoriza\u00e7\u00e3o de 3,1%.<\/p>\n\n\n\n<p>Os c\u00e1lculos, de acordo com os analistas Lucas Marquiori e Fernanda Recchia, s\u00e3o resultados de proje\u00e7\u00f5es altamente conservadoras. \u201cA <strong>Eve<\/strong> \u00e9 um dos principais impulsionadores de valor para a ERJ [Embraer Regional Jetliners] e possui um dos maiores e mais amplos backlogs na<strong> ind\u00fastria de eVTOL<\/strong> [ve\u00edculo el\u00e9trico de decolagem e pouso vertical]: US$ 8,6 bilh\u00f5es via cartas de inten\u00e7\u00e3o para at\u00e9 2.850 aeronaves eVTOL\u201d, pontuam os analistas no relat\u00f3rio.<\/p>\n\n\n\n<p>O BTG avalia que a diminui\u00e7\u00e3o progressiva dos riscos operacionais deve desempenhar um papel fundamental na libera\u00e7\u00e3o de <strong>valor para a Embraer<\/strong>. Ap\u00f3s ressaltar que, atualmente, os investidores aparentam atribuir um valor quase nulo \u00e0 Eve dentro do \u00e2mbito da Embraer, os analistas destacam que parte de suas expectativas em rela\u00e7\u00e3o ao potencial da empresa est\u00e1 vinculada a alguns dados j\u00e1 contabilizados pela startup.<\/p>\n\n\n\t<p>\n\t\t<a href=\"https:\/\/lp.suno.com.br\/ebook-como-analisar-uma-acao\/\" target=\"_blank\" data-element=\"shortcode-suno-banner\" title=\"Banner SUNO, clique e saiba mais\">\n\t\t\t<picture>\n\t\t\t\t<source media=\"(max-width: 500px)\" srcset=\"https:\/\/files.sunoresearch.com.br\/n\/uploads\/2023\/03\/Ebook-Acoes-Mobile.jpg\">\n\t\t\t\t<img class=\"newsContent__article__imgCapa newsContent__article__imgCapa--banner\"\n\t\t\t\t\tsrc=\"https:\/\/files.sunoresearch.com.br\/n\/uploads\/2023\/03\/Ebook-Acoes-Desktop.jpg\"\n\t\t\t\t\tdata-promo-id=\"378302\"\t\t\t\t\t\t\t\t\t\twidth='1420' height='286'\t\t\t\t\talt=\"https:\/\/files.sunoresearch.com.br\/n\/uploads\/2023\/03\/Ebook-Acoes-Desktop.jpg\"\n\t\t\t\t>\n\t\t\t<\/picture>\n\t\t<\/a>\n\t<\/p>\n\n\n\n\n\n<h2 class=\"wp-block-heading\">Embraer: Anac explica regulamenta\u00e7\u00e3o de ve\u00edculo el\u00e9trico no Brasil<\/h2>\n\n\n\n<p>A an\u00e1lise de Marquiori e Recchia foi publicada ap\u00f3s entrevista da Ag\u00eancia Nacional de Avia\u00e7\u00e3o Civil (<strong>Anac<\/strong>) \u00e0 Ag\u00eancia Infra. Na ocasi\u00e3o, a Anac explicou os passos iniciais da <strong>regulamenta\u00e7\u00e3o do eVTOL <\/strong>no Brasil e afirmou que seu foco n\u00e3o \u00e9 criar diretrizes gerais para o setor, mas, sim, aprovar certifica\u00e7\u00f5es caso a caso, refletindo a natureza altamente incipiente da \u00e1rea. Os analistas acreditam que as <strong>opera\u00e7\u00f5es da Eve no Brasil<\/strong> s\u00f3 devem come\u00e7ar em 2025.<\/p>\n\n\n\n<p>Os eVTOLs ser\u00e3o eficientes como helic\u00f3pteros totalmente el\u00e9tricos, destinados a deslocamentos em ambientes urbanos. Atualmente, diversas empresas e startups participam de uma intensa competi\u00e7\u00e3o para desenvolver e fabricar esses ve\u00edculos em grande escala.<\/p>\n\n\n\n<p>A Eve \u00e9 uma dessas participantes e afirma que sua aeronave ter\u00e1 uma autonomia de 100 km (60 milhas). Ela surgiu como um spin-off da Embraer e realizou sua <strong>abertura de capital na Nyse<\/strong> (<a class=\"suno-keyword\" target=\"_blank\" data-force=\"no\" data-priority=\"3\" href=\"https:\/\/www.suno.com.br\/guias\/bolsa-de-valores\/\" rel=\"noopener\">Bolsa de Valores<\/a> de Nova York) em maio de 2022. Ap\u00f3s a fus\u00e3o com uma Spac (uma &#8220;empresa de cheque em branco&#8221;) chamada Zanite, foi listada em Nova York com os s\u00edmbolos Evex e EVEXW.<\/p>\n\n\n\n<p>Em contrapartida, a Embraer ocupa a posi\u00e7\u00e3o de terceira maior fabricante mundial de aeronaves comerciais, ficando atr\u00e1s apenas da Airbus e da Boeing (<a class=\"suno-keyword\" target=\"_blank\" data-force=\"yes\" data-priority=\"2\" href=\"https:\/\/www.suno.com.br\/bdrs\/boei34\/\" rel=\"noopener\">BOEI34<\/a>), e \u00e9 l\u00edder no <strong>segmento de aeronaves<\/strong> com at\u00e9 150 passageiros. A empresa brasileira tamb\u00e9m desempenha um papel significativo na avia\u00e7\u00e3o executiva, com os<strong> jatos Phenom<\/strong> e Praetor, al\u00e9m de atuar no setor de defesa e seguran\u00e7a, destacando-se com o cargueiro C-390 Millennium e a aeronave de ataque leve e treinamento A-29 Super Tucano.<\/p>\n\n\n\n<p>Para a Eve, a Embraer aportou ativos, recursos humanos e Propriedade Intelectual (PI) voltados para mobilidade urbana. Adicionalmente, concedeu \u00e0 subsidi\u00e1ria uma licen\u00e7a isenta de royalties para utilizar a propriedade intelectual da Embraer nesse segmento de mercado.<\/p>\n\n\n\n<p>Nesta segunda (29) as a\u00e7\u00f5es da <strong>Embraer<\/strong> fecharam em queda de 0,35%, cotadas a R$ 22,32.<\/p>\n\n\n\n<p>*<strong><em>Com Murilo Melo<\/em><\/strong><\/p>\n\n\n\n<div class=\"pluginQuotation\">\n  <p class=\"ticker\">\n    Cota\u00e7\u00e3o <span>EMBR3<\/span>\n  <\/p>\n  <div class=\"info\">\n    <div class=\"leftSide\">\n      Gr\u00e1fico gerado em: 29\/01\/2024    <\/div>\n\t\t\t\t\t<div class=\"rightSide\">\n\t\t\t\t\t<span class=\"period\">\n\t\t\t\t\t\t1 M\u00eas\t\t\t\t\t<\/span>\n\t\t\t<\/div>\n\t\t  <\/div>\n\n  <div id=\"chart-37805bcd6f25bc7b943cabe052a7924a\" data-block-hash=\"37805bcd6f25bc7b943cabe052a7924a\"  class=\"chart\" style=\"width:100%;height:400px;\"><\/div>\n\n  <div class=\"pluginQuotation__footer\">\n    <div class=\"dataChart\">\n\n      <div class=\"dataChart__div1 variation\">\n        <div class=\"value-positive\">\n          1,36 (+0,30%)        <\/div>\n        <div class=\"text\">\n          Varia\u00e7\u00e3o do per\u00edodo\n        <\/div>\n      <\/div>\n\n      <div class=\"dataChart__div2 minMax\">\n        <div class=\"value\">\n          R$\u00a021,07        <\/div>\n        <div class=\"text\">\n          M\u00ednima\n        <\/div>\n      <\/div>\n\n      <div class=\"dataChart__div3 minMax\">\n        <div class=\"value\">\n          R$\u00a022,73        <\/div>\n        <div class=\"text\">\n          M\u00e1xima\n        <\/div>\n      <\/div>\n\n\t\t\t<div class=\"dataChart__div4 rightSide\">\n\t\t\t\t<div class=\"analiticaSource\">\n\t\t\t\t\t<span>\n\t\t\t\t\t\tFonte:\n\t\t\t\t\t<\/span>\n\t\t\t\t\t<img decoding=\"async\" class=\"analiticaLogo\" src=\"https:\/\/www.suno.com.br\/noticias\/wp-content\/plugins\/suno-block-ticker-quotation\/src\/suno-analitica-logo.png\" alt=\"Logo Suno Anal\u00edtica\" \/>\n\t\t\t\t<\/div>\n\n\t\t\t\t<a href=\"https:\/\/www.suno.com.br\/analitica\/acoes\/EMBR3\" target=\"_blank\">\n\t\t\t\t\t<span>\n\t\t\t\t\t\tVer mais cota\u00e7\u00f5es\n\t\t\t\t\t<\/span>\n\t\t\t\t\t<svg xmlns=\"http:\/\/www.w3.org\/2000\/svg\" width=\"9\" height=\"8\" viewBox=\"0 0 9 8\" fill=\"none\">\n\t\t\t\t\t\t<path d=\"M4.20996 0L3.50496 0.705L6.29496 3.5H0.209961V4.5H6.29496L3.50496 7.295L4.20996 8L8.20996 4L4.20996 0Z\" fill=\"#D42126\" \/>\n\t\t\t\t\t<\/svg>\n\t\t\t\t<\/a>\n    <\/div>\n\n    <\/div>\n  <\/div>\n<\/div>\n\n\n<script type=\"text\/javascript\">\n  let chart_37805bcd6f25bc7b943cabe052a7924a = document.getElementById('chart-37805bcd6f25bc7b943cabe052a7924a');\n  let data_json_37805bcd6f25bc7b943cabe052a7924a = \"[{\\\"date\\\":\\\"02\\\\\\\/01\\\\\\\/24 \\\",\\\"value\\\":22.02},{\\\"date\\\":\\\"03\\\\\\\/01\\\\\\\/24 \\\",\\\"value\\\":21.56},{\\\"date\\\":\\\"04\\\\\\\/01\\\\\\\/24 \\\",\\\"value\\\":21.15},{\\\"date\\\":\\\"05\\\\\\\/01\\\\\\\/24 \\\",\\\"value\\\":21.37},{\\\"date\\\":\\\"08\\\\\\\/01\\\\\\\/24 \\\",\\\"value\\\":21.68},{\\\"date\\\":\\\"09\\\\\\\/01\\\\\\\/24 \\\",\\\"value\\\":21.59},{\\\"date\\\":\\\"10\\\\\\\/01\\\\\\\/24 \\\",\\\"value\\\":22.32},{\\\"date\\\":\\\"11\\\\\\\/01\\\\\\\/24 \\\",\\\"value\\\":21.9},{\\\"date\\\":\\\"12\\\\\\\/01\\\\\\\/24 \\\",\\\"value\\\":21.7},{\\\"date\\\":\\\"15\\\\\\\/01\\\\\\\/24 \\\",\\\"value\\\":21.42},{\\\"date\\\":\\\"16\\\\\\\/01\\\\\\\/24 \\\",\\\"value\\\":21.35},{\\\"date\\\":\\\"17\\\\\\\/01\\\\\\\/24 \\\",\\\"value\\\":21.29},{\\\"date\\\":\\\"18\\\\\\\/01\\\\\\\/24 \\\",\\\"value\\\":21.07},{\\\"date\\\":\\\"19\\\\\\\/01\\\\\\\/24 \\\",\\\"value\\\":21.42},{\\\"date\\\":\\\"22\\\\\\\/01\\\\\\\/24 \\\",\\\"value\\\":21.75},{\\\"date\\\":\\\"23\\\\\\\/01\\\\\\\/24 \\\",\\\"value\\\":22.5},{\\\"date\\\":\\\"24\\\\\\\/01\\\\\\\/24 \\\",\\\"value\\\":22.73},{\\\"date\\\":\\\"25\\\\\\\/01\\\\\\\/24 \\\",\\\"value\\\":22.72},{\\\"date\\\":\\\"26\\\\\\\/01\\\\\\\/24 \\\",\\\"value\\\":22.4},{\\\"date\\\":\\\"29\\\\\\\/01\\\\\\\/24 \\\",\\\"value\\\":22.32}]\";\n  let isPositive_37805bcd6f25bc7b943cabe052a7924a = true;\n\n  let color_37805bcd6f25bc7b943cabe052a7924a = isPositive_37805bcd6f25bc7b943cabe052a7924a ? '#3AB53A' : '#D92C2D';\n\n  let data_37805bcd6f25bc7b943cabe052a7924a = JSON.parse(data_json_37805bcd6f25bc7b943cabe052a7924a);\n\n  const result_37805bcd6f25bc7b943cabe052a7924a = {\n    date: [],\n    value: [],\n  };\n\n  data_37805bcd6f25bc7b943cabe052a7924a.forEach((item) => {\n    result_37805bcd6f25bc7b943cabe052a7924a.date.push(item.date);\n    result_37805bcd6f25bc7b943cabe052a7924a.value.push(Number(item.value));\n  });\n\n  let option_37805bcd6f25bc7b943cabe052a7924a = {\n    \/\/ variavel de cor global\n    color: [color_37805bcd6f25bc7b943cabe052a7924a],\n    title: {\n      text: '',\n    },\n    tooltip: {\n      trigger: 'axis',\n      axisPointer: {\n        type: 'cross',\n        label: {\n          \/\/ cor dos valores em X e Y\n          backgroundColor: color_37805bcd6f25bc7b943cabe052a7924a,\n          formatter: (value) => {\n            if (typeof value.value === 'number') {\n              return Number(value.value).toLocaleString('pt-br', {\n                style: 'currency',\n                currency: 'BRL'\n              });\n            }\n            return value.value;\n          },\n        },\n      },\n      valueFormatter: (value) => Number(value).toLocaleString('pt-br', {\n        style: 'currency',\n        currency: 'BRL'\n      }),\n    },\n    legend: {\n      \/\/ data: ['Valor de Fechamento'],\n      show: false,\n    },\n    toolbox: {\n      feature: {\n        saveAsImage: {\n          show: false,\n        },\n      },\n    },\n    grid: {\n      left: '0px',\n      right: '0px',\n      bottom: '0px',\n      containLabel: true,\n    },\n    xAxis: [{\n      type: 'category',\n      data: result_37805bcd6f25bc7b943cabe052a7924a.date,\n      boundaryGap: true,\n    }],\n    yAxis: [{\n      type: 'value',\n      min: Math.min(...result_37805bcd6f25bc7b943cabe052a7924a.value),\n      max: Math.max(...result_37805bcd6f25bc7b943cabe052a7924a.value),\n      axisLabel: {\n        formatter: (value) => value.toLocaleString('pt-br', {\n          style: 'currency',\n          currency: 'BRL'\n        }),\n      },\n    }],\n    series: [{\n      name: 'Valor de Fechamento',\n      type: 'line',\n      stack: 'Total',\n      \/\/ cor do grafico\n      areaStyle: {},\n      emphasis: {\n        focus: 'series',\n      },\n      data: result_37805bcd6f25bc7b943cabe052a7924a.value,\n      \/\/ cor da linha\n      lineStyle: {\n        color: color_37805bcd6f25bc7b943cabe052a7924a,\n      },\n    }, ],\n  };\n\n\twindow.chart_37805bcd6f25bc7b943cabe052a7924a = {\n\t\tel: chart_37805bcd6f25bc7b943cabe052a7924a,\n\t\toption: option_37805bcd6f25bc7b943cabe052a7924a\t};\n\n\n<\/script>\n\n\n\t<p>\n\t\t<a href=\"https:\/\/lp.suno.com.br\/planilha-da-vida-financeira\/\" target=\"_blank\" data-element=\"shortcode-suno-banner\" title=\"Banner SUNO, clique e saiba mais\">\n\t\t\t<picture>\n\t\t\t\t<source media=\"(max-width: 500px)\" srcset=\"https:\/\/files.sunoresearch.com.br\/n\/uploads\/2023\/04\/400x300-Planilha-vida-financeira-true.png\">\n\t\t\t\t<img class=\"newsContent__article__imgCapa newsContent__article__imgCapa--banner\"\n\t\t\t\t\tsrc=\"https:\/\/files.sunoresearch.com.br\/n\/uploads\/2023\/04\/1420x240-Planilha-vida-financeira-true.png\"\n\t\t\t\t\tdata-promo-id=\"383123\"\t\t\t\t\t\t\t\t\t\twidth='1420' height='240'\t\t\t\t\talt=\"https:\/\/files.sunoresearch.com.br\/n\/uploads\/2023\/04\/1420x240-Planilha-vida-financeira-true.png\"\n\t\t\t\t>\n\t\t\t<\/picture>\n\t\t<\/a>\n\t<\/p>\n\n\n","protected":false},"excerpt":{"rendered":"<p>A Eve Air Mobility, respons\u00e1vel por aeronaves el\u00e9tricas (conhecidas como &#8220;carros voadores&#8221;) e subsidi\u00e1ria de mobilidade urbana da Embraer (EMBR3), tem o potencial de adicionar uma quantia suplementar de US$ 950 milh\u00f5es \u00e0 avalia\u00e7\u00e3o dos ativos da empresa e proporcionar um potencial de valoriza\u00e7\u00e3o de 35% nas a\u00e7\u00f5es da fabricante brasileira, segundo an\u00e1lise do BTG [&hellip;]<\/p>\n","protected":false},"author":43,"featured_media":517442,"comment_status":"closed","ping_status":"closed","sticky":false,"template":"","format":"standard","meta":[],"categories":[64],"tags":[286,460],"suno_strategy":[],"class_list":["post-517434","post","type-post","status-publish","format-standard","has-post-thumbnail","hentry","category-negocios","tag-acoes","tag-embraer-embr3"],"yoast_head":"<!-- This site is optimized with the Yoast SEO plugin v24.4 - https:\/\/yoast.com\/wordpress\/plugins\/seo\/ -->\n<title>Embraer: carros voadores da Eve v\u00e3o valorizar a\u00e7\u00f5es em 35%, diz BTG<\/title>\n<meta name=\"description\" content=\"Subsidi\u00e1ria de mobilidade urbana da Embraer tem o potencial de adicionar US$ 950 milh\u00f5es \u00e0 avalia\u00e7\u00e3o dos ativos da empresa\" \/>\n<meta name=\"robots\" content=\"index, follow, max-snippet:-1, max-image-preview:large, max-video-preview:-1\" \/>\n<link rel=\"canonical\" href=\"https:\/\/www.suno.com.br\/noticias\/embraer-embr3-acoes-eve-carros-voadores-btg-mm\/\" \/>\n<meta property=\"og:locale\" content=\"pt_BR\" \/>\n<meta property=\"og:type\" content=\"article\" \/>\n<meta property=\"og:title\" content=\"Embraer: carros voadores da Eve v\u00e3o valorizar a\u00e7\u00f5es em 35%, diz BTG\" \/>\n<meta property=\"og:description\" content=\"Subsidi\u00e1ria de mobilidade urbana da Embraer tem o potencial de adicionar US$ 950 milh\u00f5es \u00e0 avalia\u00e7\u00e3o dos ativos da empresa\" \/>\n<meta property=\"og:url\" content=\"https:\/\/www.suno.com.br\/noticias\/embraer-embr3-acoes-eve-carros-voadores-btg-mm\/\" \/>\n<meta property=\"og:site_name\" content=\"Suno Not\u00edcias\" \/>\n<meta property=\"article:publisher\" content=\"https:\/\/facebook.com\/sunoresearch\" \/>\n<meta property=\"article:author\" content=\"https:\/\/www.facebook.com\/sunonoticias\/\" \/>\n<meta property=\"og:image\" content=\"https:\/\/files.sunoresearch.com.br\/n\/uploads\/2024\/01\/Embraer-6.jpg\" \/>\n\t<meta property=\"og:image:width\" content=\"1500\" \/>\n\t<meta property=\"og:image:height\" content=\"843\" \/>\n\t<meta property=\"og:image:type\" content=\"image\/jpeg\" \/>\n<meta name=\"author\" content=\"Reda\u00e7\u00e3o Suno Not\u00edcias\" \/>\n<meta name=\"twitter:card\" content=\"summary_large_image\" \/>\n<meta name=\"twitter:creator\" content=\"@https:\/\/twitter.com\/sunoresearch\" \/>\n<meta name=\"twitter:site\" content=\"@sunoresearch\" \/>\n<meta name=\"twitter:label1\" content=\"Escrito por\" \/>\n\t<meta name=\"twitter:data1\" content=\"Reda\u00e7\u00e3o Suno Not\u00edcias\" \/>\n\t<meta name=\"twitter:label2\" content=\"Est. tempo de leitura\" \/>\n\t<meta name=\"twitter:data2\" content=\"4 minutos\" \/>\n<script type=\"application\/ld+json\" class=\"yoast-schema-graph\">{\"@context\":\"https:\/\/schema.org\",\"@graph\":[{\"@type\":\"NewsArticle\",\"@id\":\"https:\/\/www.suno.com.br\/noticias\/embraer-embr3-acoes-eve-carros-voadores-btg-mm\/#article\",\"isPartOf\":{\"@id\":\"https:\/\/www.suno.com.br\/noticias\/embraer-embr3-acoes-eve-carros-voadores-btg-mm\/\"},\"author\":{\"name\":\"Reda\u00e7\u00e3o Suno Not\u00edcias\",\"@id\":\"https:\/\/www.suno.com.br\/noticias\/#\/schema\/person\/c1b1bd3727fa852bd045e9dbff3673ea\"},\"headline\":\"Eve deve inflar a\u00e7\u00f5es da Embraer (EMBR3) em 35%, diz BTG\",\"datePublished\":\"2024-01-30T00:41:49+00:00\",\"dateModified\":\"2024-01-30T00:46:49+00:00\",\"mainEntityOfPage\":{\"@id\":\"https:\/\/www.suno.com.br\/noticias\/embraer-embr3-acoes-eve-carros-voadores-btg-mm\/\"},\"wordCount\":615,\"publisher\":{\"@id\":\"https:\/\/www.suno.com.br\/noticias\/#organization\"},\"image\":{\"@id\":\"https:\/\/www.suno.com.br\/noticias\/embraer-embr3-acoes-eve-carros-voadores-btg-mm\/#primaryimage\"},\"thumbnailUrl\":\"https:\/\/files.sunoresearch.com.br\/n\/uploads\/2024\/01\/Embraer-6.jpg\",\"keywords\":[\"A\u00e7\u00f5es\",\"Embraer (EMBR3)\"],\"articleSection\":[\"Neg\u00f3cios\"],\"inLanguage\":\"pt-BR\"},{\"@type\":\"WebPage\",\"@id\":\"https:\/\/www.suno.com.br\/noticias\/embraer-embr3-acoes-eve-carros-voadores-btg-mm\/\",\"url\":\"https:\/\/www.suno.com.br\/noticias\/embraer-embr3-acoes-eve-carros-voadores-btg-mm\/\",\"name\":\"Embraer: carros voadores da Eve v\u00e3o valorizar a\u00e7\u00f5es em 35%, diz BTG\",\"isPartOf\":{\"@id\":\"https:\/\/www.suno.com.br\/noticias\/#website\"},\"primaryImageOfPage\":{\"@id\":\"https:\/\/www.suno.com.br\/noticias\/embraer-embr3-acoes-eve-carros-voadores-btg-mm\/#primaryimage\"},\"image\":{\"@id\":\"https:\/\/www.suno.com.br\/noticias\/embraer-embr3-acoes-eve-carros-voadores-btg-mm\/#primaryimage\"},\"thumbnailUrl\":\"https:\/\/files.sunoresearch.com.br\/n\/uploads\/2024\/01\/Embraer-6.jpg\",\"datePublished\":\"2024-01-30T00:41:49+00:00\",\"dateModified\":\"2024-01-30T00:46:49+00:00\",\"description\":\"Subsidi\u00e1ria de mobilidade urbana da Embraer tem o potencial de adicionar US$ 950 milh\u00f5es \u00e0 avalia\u00e7\u00e3o dos ativos da empresa\",\"breadcrumb\":{\"@id\":\"https:\/\/www.suno.com.br\/noticias\/embraer-embr3-acoes-eve-carros-voadores-btg-mm\/#breadcrumb\"},\"inLanguage\":\"pt-BR\",\"potentialAction\":[{\"@type\":\"ReadAction\",\"target\":[\"https:\/\/www.suno.com.br\/noticias\/embraer-embr3-acoes-eve-carros-voadores-btg-mm\/\"]}]},{\"@type\":\"ImageObject\",\"inLanguage\":\"pt-BR\",\"@id\":\"https:\/\/www.suno.com.br\/noticias\/embraer-embr3-acoes-eve-carros-voadores-btg-mm\/#primaryimage\",\"url\":\"https:\/\/files.sunoresearch.com.br\/n\/uploads\/2024\/01\/Embraer-6.jpg\",\"contentUrl\":\"https:\/\/files.sunoresearch.com.br\/n\/uploads\/2024\/01\/Embraer-6.jpg\",\"width\":1500,\"height\":843,\"caption\":\"Embraer: Eve. Foto: Divulga\u00e7\u00e3o\"},{\"@type\":\"BreadcrumbList\",\"@id\":\"https:\/\/www.suno.com.br\/noticias\/embraer-embr3-acoes-eve-carros-voadores-btg-mm\/#breadcrumb\",\"itemListElement\":[{\"@type\":\"ListItem\",\"position\":1,\"name\":\"Not\u00edcias\",\"item\":\"https:\/\/www.suno.com.br\/noticias\/\"},{\"@type\":\"ListItem\",\"position\":2,\"name\":\"Neg\u00f3cios\",\"item\":\"https:\/\/www.suno.com.br\/noticias\/negocios\/\"},{\"@type\":\"ListItem\",\"position\":3,\"name\":\"Eve deve inflar a\u00e7\u00f5es da Embraer (EMBR3) em 35%, diz BTG\"}]},{\"@type\":\"WebSite\",\"@id\":\"https:\/\/www.suno.com.br\/noticias\/#website\",\"url\":\"https:\/\/www.suno.com.br\/noticias\/\",\"name\":\"Suno Not\u00edcias\",\"description\":\"Seu portal de informa\u00e7\u00e3o sobre o mundo dos investimentos\",\"publisher\":{\"@id\":\"https:\/\/www.suno.com.br\/noticias\/#organization\"},\"potentialAction\":[{\"@type\":\"SearchAction\",\"target\":{\"@type\":\"EntryPoint\",\"urlTemplate\":\"https:\/\/www.suno.com.br\/noticias\/?s={search_term_string}\"},\"query-input\":{\"@type\":\"PropertyValueSpecification\",\"valueRequired\":true,\"valueName\":\"search_term_string\"}}],\"inLanguage\":\"pt-BR\"},{\"@type\":\"Organization\",\"@id\":\"https:\/\/www.suno.com.br\/noticias\/#organization\",\"name\":\"Suno Not\u00edcias\",\"url\":\"https:\/\/www.suno.com.br\/noticias\/\",\"logo\":{\"@type\":\"ImageObject\",\"inLanguage\":\"pt-BR\",\"@id\":\"https:\/\/www.suno.com.br\/noticias\/#\/schema\/logo\/image\/\",\"url\":\"https:\/\/files.sunoresearch.com.br\/n\/uploads\/2021\/09\/suno-logo.png\",\"contentUrl\":\"https:\/\/files.sunoresearch.com.br\/n\/uploads\/2021\/09\/suno-logo.png\",\"width\":180,\"height\":180,\"caption\":\"Suno Not\u00edcias\"},\"image\":{\"@id\":\"https:\/\/www.suno.com.br\/noticias\/#\/schema\/logo\/image\/\"},\"sameAs\":[\"https:\/\/facebook.com\/sunoresearch\",\"https:\/\/x.com\/sunoresearch\",\"https:\/\/www.instagram.com\/suno\",\"https:\/\/www.linkedin.com\/company\/suno-research\/\",\"https:\/\/www.youtube.com\/c\/sunoresearch\"]},{\"@type\":\"Person\",\"@id\":\"https:\/\/www.suno.com.br\/noticias\/#\/schema\/person\/c1b1bd3727fa852bd045e9dbff3673ea\",\"name\":\"Reda\u00e7\u00e3o Suno Not\u00edcias\",\"image\":{\"@type\":\"ImageObject\",\"inLanguage\":\"pt-BR\",\"@id\":\"https:\/\/www.suno.com.br\/noticias\/#\/schema\/person\/image\/\",\"url\":\"https:\/\/secure.gravatar.com\/avatar\/b8104b9b5a71985d5238ee59fbe418af?s=96&r=g\",\"contentUrl\":\"https:\/\/secure.gravatar.com\/avatar\/b8104b9b5a71985d5238ee59fbe418af?s=96&r=g\",\"caption\":\"Reda\u00e7\u00e3o Suno Not\u00edcias\"},\"description\":\"O Suno Not\u00edcias \u00e9 um portal de informa\u00e7\u00f5es sobre Mercado Financeiro, Pol\u00edtica, Neg\u00f3cios, Economia e Finan\u00e7as Pessoais.\",\"sameAs\":[\"https:\/\/www.suno.com.br\/noticias\",\"https:\/\/www.facebook.com\/sunonoticias\/\",\"https:\/\/www.instagram.com\/sunonoticias\/\",\"https:\/\/x.com\/https:\/\/twitter.com\/sunoresearch\",\"https:\/\/www.youtube.com\/sunonoticias\"],\"url\":\"https:\/\/www.suno.com.br\/noticias\/author\/redacao-suno\/\"}]}<\/script>\n<!-- \/ Yoast SEO plugin. -->","yoast_head_json":{"title":"Embraer: carros voadores da Eve v\u00e3o valorizar a\u00e7\u00f5es em 35%, diz BTG","description":"Subsidi\u00e1ria de mobilidade urbana da Embraer tem o potencial de adicionar US$ 950 milh\u00f5es \u00e0 avalia\u00e7\u00e3o dos ativos da empresa","robots":{"index":"index","follow":"follow","max-snippet":"max-snippet:-1","max-image-preview":"max-image-preview:large","max-video-preview":"max-video-preview:-1"},"canonical":"https:\/\/www.suno.com.br\/noticias\/embraer-embr3-acoes-eve-carros-voadores-btg-mm\/","og_locale":"pt_BR","og_type":"article","og_title":"Embraer: carros voadores da Eve v\u00e3o valorizar a\u00e7\u00f5es em 35%, diz BTG","og_description":"Subsidi\u00e1ria de mobilidade urbana da Embraer tem o potencial de adicionar US$ 950 milh\u00f5es \u00e0 avalia\u00e7\u00e3o dos ativos da empresa","og_url":"https:\/\/www.suno.com.br\/noticias\/embraer-embr3-acoes-eve-carros-voadores-btg-mm\/","og_site_name":"Suno Not\u00edcias","article_publisher":"https:\/\/facebook.com\/sunoresearch","article_author":"https:\/\/www.facebook.com\/sunonoticias\/","og_image":[{"width":1500,"height":843,"url":"https:\/\/files.sunoresearch.com.br\/n\/uploads\/2024\/01\/Embraer-6.jpg","type":"image\/jpeg"}],"author":"Reda\u00e7\u00e3o Suno Not\u00edcias","twitter_card":"summary_large_image","twitter_creator":"@https:\/\/twitter.com\/sunoresearch","twitter_site":"@sunoresearch","twitter_misc":{"Escrito por":"Reda\u00e7\u00e3o Suno Not\u00edcias","Est. tempo de leitura":"4 minutos"},"schema":{"@context":"https:\/\/schema.org","@graph":[{"@type":"NewsArticle","@id":"https:\/\/www.suno.com.br\/noticias\/embraer-embr3-acoes-eve-carros-voadores-btg-mm\/#article","isPartOf":{"@id":"https:\/\/www.suno.com.br\/noticias\/embraer-embr3-acoes-eve-carros-voadores-btg-mm\/"},"author":{"name":"Reda\u00e7\u00e3o Suno Not\u00edcias","@id":"https:\/\/www.suno.com.br\/noticias\/#\/schema\/person\/c1b1bd3727fa852bd045e9dbff3673ea"},"headline":"Eve deve inflar a\u00e7\u00f5es da Embraer (EMBR3) em 35%, diz BTG","datePublished":"2024-01-30T00:41:49+00:00","dateModified":"2024-01-30T00:46:49+00:00","mainEntityOfPage":{"@id":"https:\/\/www.suno.com.br\/noticias\/embraer-embr3-acoes-eve-carros-voadores-btg-mm\/"},"wordCount":615,"publisher":{"@id":"https:\/\/www.suno.com.br\/noticias\/#organization"},"image":{"@id":"https:\/\/www.suno.com.br\/noticias\/embraer-embr3-acoes-eve-carros-voadores-btg-mm\/#primaryimage"},"thumbnailUrl":"https:\/\/files.sunoresearch.com.br\/n\/uploads\/2024\/01\/Embraer-6.jpg","keywords":["A\u00e7\u00f5es","Embraer (EMBR3)"],"articleSection":["Neg\u00f3cios"],"inLanguage":"pt-BR"},{"@type":"WebPage","@id":"https:\/\/www.suno.com.br\/noticias\/embraer-embr3-acoes-eve-carros-voadores-btg-mm\/","url":"https:\/\/www.suno.com.br\/noticias\/embraer-embr3-acoes-eve-carros-voadores-btg-mm\/","name":"Embraer: carros voadores da Eve v\u00e3o valorizar a\u00e7\u00f5es em 35%, diz BTG","isPartOf":{"@id":"https:\/\/www.suno.com.br\/noticias\/#website"},"primaryImageOfPage":{"@id":"https:\/\/www.suno.com.br\/noticias\/embraer-embr3-acoes-eve-carros-voadores-btg-mm\/#primaryimage"},"image":{"@id":"https:\/\/www.suno.com.br\/noticias\/embraer-embr3-acoes-eve-carros-voadores-btg-mm\/#primaryimage"},"thumbnailUrl":"https:\/\/files.sunoresearch.com.br\/n\/uploads\/2024\/01\/Embraer-6.jpg","datePublished":"2024-01-30T00:41:49+00:00","dateModified":"2024-01-30T00:46:49+00:00","description":"Subsidi\u00e1ria de mobilidade urbana da Embraer tem o potencial de adicionar US$ 950 milh\u00f5es \u00e0 avalia\u00e7\u00e3o dos ativos da empresa","breadcrumb":{"@id":"https:\/\/www.suno.com.br\/noticias\/embraer-embr3-acoes-eve-carros-voadores-btg-mm\/#breadcrumb"},"inLanguage":"pt-BR","potentialAction":[{"@type":"ReadAction","target":["https:\/\/www.suno.com.br\/noticias\/embraer-embr3-acoes-eve-carros-voadores-btg-mm\/"]}]},{"@type":"ImageObject","inLanguage":"pt-BR","@id":"https:\/\/www.suno.com.br\/noticias\/embraer-embr3-acoes-eve-carros-voadores-btg-mm\/#primaryimage","url":"https:\/\/files.sunoresearch.com.br\/n\/uploads\/2024\/01\/Embraer-6.jpg","contentUrl":"https:\/\/files.sunoresearch.com.br\/n\/uploads\/2024\/01\/Embraer-6.jpg","width":1500,"height":843,"caption":"Embraer: Eve. Foto: Divulga\u00e7\u00e3o"},{"@type":"BreadcrumbList","@id":"https:\/\/www.suno.com.br\/noticias\/embraer-embr3-acoes-eve-carros-voadores-btg-mm\/#breadcrumb","itemListElement":[{"@type":"ListItem","position":1,"name":"Not\u00edcias","item":"https:\/\/www.suno.com.br\/noticias\/"},{"@type":"ListItem","position":2,"name":"Neg\u00f3cios","item":"https:\/\/www.suno.com.br\/noticias\/negocios\/"},{"@type":"ListItem","position":3,"name":"Eve deve inflar a\u00e7\u00f5es da Embraer (EMBR3) em 35%, diz BTG"}]},{"@type":"WebSite","@id":"https:\/\/www.suno.com.br\/noticias\/#website","url":"https:\/\/www.suno.com.br\/noticias\/","name":"Suno Not\u00edcias","description":"Seu portal de informa\u00e7\u00e3o sobre o mundo dos investimentos","publisher":{"@id":"https:\/\/www.suno.com.br\/noticias\/#organization"},"potentialAction":[{"@type":"SearchAction","target":{"@type":"EntryPoint","urlTemplate":"https:\/\/www.suno.com.br\/noticias\/?s={search_term_string}"},"query-input":{"@type":"PropertyValueSpecification","valueRequired":true,"valueName":"search_term_string"}}],"inLanguage":"pt-BR"},{"@type":"Organization","@id":"https:\/\/www.suno.com.br\/noticias\/#organization","name":"Suno Not\u00edcias","url":"https:\/\/www.suno.com.br\/noticias\/","logo":{"@type":"ImageObject","inLanguage":"pt-BR","@id":"https:\/\/www.suno.com.br\/noticias\/#\/schema\/logo\/image\/","url":"https:\/\/files.sunoresearch.com.br\/n\/uploads\/2021\/09\/suno-logo.png","contentUrl":"https:\/\/files.sunoresearch.com.br\/n\/uploads\/2021\/09\/suno-logo.png","width":180,"height":180,"caption":"Suno Not\u00edcias"},"image":{"@id":"https:\/\/www.suno.com.br\/noticias\/#\/schema\/logo\/image\/"},"sameAs":["https:\/\/facebook.com\/sunoresearch","https:\/\/x.com\/sunoresearch","https:\/\/www.instagram.com\/suno","https:\/\/www.linkedin.com\/company\/suno-research\/","https:\/\/www.youtube.com\/c\/sunoresearch"]},{"@type":"Person","@id":"https:\/\/www.suno.com.br\/noticias\/#\/schema\/person\/c1b1bd3727fa852bd045e9dbff3673ea","name":"Reda\u00e7\u00e3o Suno Not\u00edcias","image":{"@type":"ImageObject","inLanguage":"pt-BR","@id":"https:\/\/www.suno.com.br\/noticias\/#\/schema\/person\/image\/","url":"https:\/\/secure.gravatar.com\/avatar\/b8104b9b5a71985d5238ee59fbe418af?s=96&r=g","contentUrl":"https:\/\/secure.gravatar.com\/avatar\/b8104b9b5a71985d5238ee59fbe418af?s=96&r=g","caption":"Reda\u00e7\u00e3o Suno Not\u00edcias"},"description":"O Suno Not\u00edcias \u00e9 um portal de informa\u00e7\u00f5es sobre Mercado Financeiro, Pol\u00edtica, Neg\u00f3cios, Economia e Finan\u00e7as Pessoais.","sameAs":["https:\/\/www.suno.com.br\/noticias","https:\/\/www.facebook.com\/sunonoticias\/","https:\/\/www.instagram.com\/sunonoticias\/","https:\/\/x.com\/https:\/\/twitter.com\/sunoresearch","https:\/\/www.youtube.com\/sunonoticias"],"url":"https:\/\/www.suno.com.br\/noticias\/author\/redacao-suno\/"}]}},"default_loop_html":"<div class=\"cardsPage__listCard__boxs\"><div class=\"cardsPage__listCard__boxs__img\"><a href=\"https:\/\/www.suno.com.br\/noticias\/embraer-embr3-acoes-eve-carros-voadores-btg-mm\/\"><img class=\"mask\" src=\"https:\/\/www.suno.com.br\/noticias\/wp-content\/themes\/suno\/resources\/images\/spotlight\/spotlight1img\/bg-mask.png\" alt=\"Image Mask\"\/><img src=\"https:\/\/files.sunoresearch.com.br\/n\/uploads\/2024\/01\/Embraer-6-400x200.jpg\" alt=\"Eve deve inflar a\u00e7\u00f5es da Embraer (EMBR3) em 35%, diz BTG\"\/><\/a><span class=\"spotlightCategory\"><a href=\"https:\/\/www.suno.com.br\/noticias\/negocios\/\">Neg\u00f3cios<\/a><\/span><\/div><div class=\"cardsPage__listCard__boxs__content\"><a href=\"https:\/\/www.suno.com.br\/noticias\/embraer-embr3-acoes-eve-carros-voadores-btg-mm\/\"><h2 class=\"content__title\">Eve deve inflar a\u00e7\u00f5es da Embraer (EMBR3) em 35%, diz BTG<\/h2><\/a><div class=\"newsContent__article__meta\"><div class=\"newsContent__article__meta__authorBox\"><a href=\"https:\/\/www.suno.com.br\/noticias\/author\/redacao-suno\/\" class=\"authorBox__avatar noMobi\"><img src=\"https:\/\/files.sunoresearch.com.br\/n\/uploads\/2020\/08\/0ace682d-redacao-1-150x150.webp\" alt=\"Reda\u00e7\u00e3o Suno Not\u00edcias\"><\/a><div class=\"authorBox__name\"><span>por\n\t\t\t<a href=\"https:\/\/www.suno.com.br\/noticias\/author\/redacao-suno\/\"><span itemprop=\"author\">Reda\u00e7\u00e3o Suno Not\u00edcias<\/span><\/a><\/span><time datetime=\"2024-01-29T21:41:49-03:00\" itemprop=\"datePublished\">29\/01\/2024 21:41<\/time><\/div><\/div><\/div><\/div><\/div>","single_layout":"posts","amp_enabled":true,"_links":{"self":[{"href":"https:\/\/www.suno.com.br\/noticias\/wp-json\/wp\/v2\/posts\/517434"}],"collection":[{"href":"https:\/\/www.suno.com.br\/noticias\/wp-json\/wp\/v2\/posts"}],"about":[{"href":"https:\/\/www.suno.com.br\/noticias\/wp-json\/wp\/v2\/types\/post"}],"author":[{"embeddable":true,"href":"https:\/\/www.suno.com.br\/noticias\/wp-json\/wp\/v2\/users\/43"}],"replies":[{"embeddable":true,"href":"https:\/\/www.suno.com.br\/noticias\/wp-json\/wp\/v2\/comments?post=517434"}],"version-history":[{"count":3,"href":"https:\/\/www.suno.com.br\/noticias\/wp-json\/wp\/v2\/posts\/517434\/revisions"}],"predecessor-version":[{"id":517449,"href":"https:\/\/www.suno.com.br\/noticias\/wp-json\/wp\/v2\/posts\/517434\/revisions\/517449"}],"wp:featuredmedia":[{"embeddable":true,"href":"https:\/\/www.suno.com.br\/noticias\/wp-json\/wp\/v2\/media\/517442"}],"wp:attachment":[{"href":"https:\/\/www.suno.com.br\/noticias\/wp-json\/wp\/v2\/media?parent=517434"}],"wp:term":[{"taxonomy":"category","embeddable":true,"href":"https:\/\/www.suno.com.br\/noticias\/wp-json\/wp\/v2\/categories?post=517434"},{"taxonomy":"post_tag","embeddable":true,"href":"https:\/\/www.suno.com.br\/noticias\/wp-json\/wp\/v2\/tags?post=517434"},{"taxonomy":"suno_strategy","embeddable":true,"href":"https:\/\/www.suno.com.br\/noticias\/wp-json\/wp\/v2\/suno_strategy?post=517434"}],"curies":[{"name":"wp","href":"https:\/\/api.w.org\/{rel}","templated":true}]}}