{"id":51736,"date":"2020-02-03T11:21:57","date_gmt":"2020-02-03T13:21:57","guid":{"rendered":"https:\/\/www.suno.com.br\/noticias\/?p=51736"},"modified":"2020-02-04T08:54:02","modified_gmt":"2020-02-04T10:54:02","slug":"bolsas-da-china-despencam-por-temor-do-coronavirus","status":"publish","type":"post","link":"https:\/\/www.suno.com.br\/noticias\/bolsas-da-china-despencam-por-temor-do-coronavirus\/","title":{"rendered":"Coronav\u00edrus: bolsas da China encerram em queda de mais de 7%"},"content":{"rendered":"<p>As <strong>Bolsas de Valores da China<\/strong> apresentaram, no encerramento do preg\u00e3o, quedas expressivas. Nesta segunda-feira (3), os \u00edndices dos mercados acion\u00e1rios registraram baixas de mais de 7%. A desvaloriza\u00e7\u00e3o \u00e9 devido aos efeitos do <strong>coronav\u00edrus<\/strong> na <strong>economia chinesa<\/strong>.<\/p>\t<div class=\"wrapper-featured-image\">\n\t\t<figure class=\"spotlightImg\">\n\n\t\t\t<picture>\n\t\t\t\t<source media=\"(max-width: 768px)\" srcset=\"https:\/\/files.sunoresearch.com.br\/n\/uploads\/2019\/10\/ff39017b-ibovespa-queda-400x200.webp\">\n\t\t\t\t<img loading=\"lazy\" decoding=\"async\" class=\"newsContent__article__imgCapa lazyloadDisabled newsContent__article__imgCapa--noCaption\" src=\"https:\/\/files.sunoresearch.com.br\/n\/uploads\/2019\/10\/ff39017b-ibovespa-queda-800x450.webp\" width=\"800\" height=\"450\" alt=\"Coronav\u00edrus: bolsas da China encerram em queda de mais de 7%\" fetchpriority=high \/>\n\t\t\t<\/picture>\n\n\t\t\t<figcaption class=\"wp-caption-text wp-caption-text--hide\">Ibovespa (Foto: Reprodu\u00e7\u00e3o)<\/figcaption>\n\t\t<\/figure>\n\t<\/div>\n\n\n\n<p>A principal Bolsa da China, <strong>Xangai<\/strong>, fechou em queda de 7,72%, a 2.746,61 pontos. Por sua vez, os <a href=\"https:\/\/www.suno.com.br\/artigos\/tipos-de-acoes\/\">pap\u00e9is<\/a> negociados na Bolsa de <strong>Shenzhen<\/strong> despencaram 8,41%. alcan\u00e7ando 1.609,00 pontos, com o coronav\u00edrus no radar.<\/p>\n<p>Essa \u00e9 a primeira reabertura dos mercados chineses ap\u00f3s o feriado prolongado do Ano Novo Chin\u00eas, iniciado no dia 23 de janeiro. O governo de Pequim prorrogou compulsoriamente o feriado para tentar conter o surto da doen\u00e7a e limitar os efeitos na economia. <span style=\"font-size: 1.21429rem;\">A reabertura era prevista para o dia 31 de janeiro.\u00a0No entanto, a queda ocorreu mesmo com essa medida.<\/span><\/p>\n<p><a href=\"\/\/www.suno.com.br\/noticias\/coronavirus-demanda-por-petroleo-na-china-despenca-20\/\">Confira Tamb\u00e9m: Coronav\u00edrus: demanda por petr\u00f3leo na China despenca 20%<\/a><\/p>\n<p>Al\u00e9m disso, se tornou insuficiente a decis\u00e3o do Banco Central da China de injetar liquidez por 1,2 trilh\u00e3o de yuan (US$ 174 bilh\u00f5es) nos mercados.<\/p>\n\t<p>\n\t\t<a href=\"https:\/\/lp2.suno.com.br\/pv\/bolsa-para-iniciantes?utm_campaign=_SNC757A2733_rs.mpr26---meu-primeiro-rendimento---venda---not\u00edcias&#038;utm_source=suno-not\u00edcias&#038;utm_medium=banner.noticias\" target=\"_blank\" data-element=\"shortcode-suno-banner\" title=\"Banner SUNO, clique e saiba mais\">\n\t\t\t<picture>\n\t\t\t\t<source media=\"(max-width: 500px)\" srcset=\"https:\/\/files.sunoresearch.com.br\/n\/uploads\/2026\/04\/400x300-Banner-Materias-01-png.webp\">\n\t\t\t\t<img class=\"newsContent__article__imgCapa newsContent__article__imgCapa--banner\"\n\t\t\t\t\tsrc=\"https:\/\/files.sunoresearch.com.br\/n\/uploads\/2026\/04\/1420x240-Banner-Materias-01-png.webp\"\n\t\t\t\t\tdata-promo-id=\"647482\"\t\t\t\t\t\t\t\t\t\twidth='1420' height='240'\t\t\t\t\talt=\"https:\/\/files.sunoresearch.com.br\/n\/uploads\/2026\/04\/1420x240-Banner-Materias-01-png.webp\"\n\t\t\t\t>\n\t\t\t<\/picture>\n\t\t<\/a>\n\t<\/p>\n\n\n<p>A institui\u00e7\u00e3o monet\u00e1ria de Pequim tinha salientado que teria utilizado v\u00e1rias ferramentas de <a href=\"https:\/\/www.suno.com.br\/artigos\/politica-monetaria\/\">pol\u00edtica monet\u00e1ria<\/a> para garantir que a liquidez nos mercados permane\u00e7a razoavelmente ampla.<\/p>\n<p>&#8220;O p\u00e2nico dos investidores se propagou rapidamente a todos os n\u00edveis e dominar\u00e1 o mercado a curto prazo&#8221;, disse o economista do First Seafront Fund, Yang Delong, \u00e0 ag\u00eancia de not\u00edcias &#8220;Reuters&#8221;.<\/p>\n<p>Na abertura desta segunda, a Bolsa de Xangai iniciou com uma queda expressiva de 9,1%.<\/p>\n<h2>China confirma 360 v\u00edtimas do coronav\u00edrus<\/h2>\n<p>Nesta segunda-feira (hor\u00e1rio local e domingo no hor\u00e1rio da China), o governo asi\u00e1tico informou que o n\u00famero de mortes provocadas pela epidemia de coronav\u00edrus chegou a 360.<\/p>\n<p>De acordo com a comiss\u00e3o de sa\u00fade local, a prov\u00edncia chinesa Hubei, epicentro da epidemia de v\u00edrus, registrou 56 novas mortes. As autoridades chinesas tamb\u00e9m informaram que no total h\u00e1 16,5 mil pessoas infectadas. Somente no dia 2 de fevereiro foram 2.103 novos casos.<\/p>\n<p>Al\u00e9m de 360 pessoas mortas pelo v\u00edrus em territ\u00f3rio chin\u00eas, um homem morreu em Manila, nas Filipinas, por causa da infe\u00e7\u00e3o. Esse foi o primeiro caso de \u00f3bito provocado pela epidemia fora da <strong>China.<\/strong> A v\u00edtima tamb\u00e9m era um cidad\u00e3o chin\u00eas, de 44 anos de idade.<\/p>\n\n","protected":false},"excerpt":{"rendered":"<p>As Bolsas de Valores da China apresentaram, no encerramento do preg\u00e3o, quedas expressivas. Nesta segunda-feira (3), os \u00edndices dos mercados acion\u00e1rios registraram baixas de mais de 7%. A desvaloriza\u00e7\u00e3o \u00e9 devido aos efeitos do coronav\u00edrus na economia chinesa. Ibovespa (Foto: Reprodu\u00e7\u00e3o) A principal Bolsa da China, Xangai, fechou em queda de 7,72%, a 2.746,61 pontos. [&hellip;]<\/p>\n","protected":false},"author":15,"featured_media":42678,"comment_status":"closed","ping_status":"closed","sticky":false,"template":"","format":"standard","meta":[],"categories":[63],"tags":[711,2487],"suno_strategy":[],"class_list":["post-51736","post","type-post","status-publish","format-standard","has-post-thumbnail","hentry","category-internacional","tag-china","tag-coronavirus"],"yoast_head":"<!-- This site is optimized with the Yoast SEO plugin v24.4 - https:\/\/yoast.com\/wordpress\/plugins\/seo\/ -->\n<title>Coronav\u00edrus: bolsas da China encerram em queda de mais de 7%<\/title>\n<meta name=\"description\" content=\"A Bolsa de Valores de Xangai fechou em queda de 7,72%, a 2.746,61 pontos, nesta segunda (3), com coronav\u00edrus no radar. Clique aqui\" \/>\n<meta name=\"robots\" content=\"index, follow, max-snippet:-1, max-image-preview:large, max-video-preview:-1\" \/>\n<link rel=\"canonical\" href=\"https:\/\/www.suno.com.br\/noticias\/bolsas-da-china-despencam-por-temor-do-coronavirus\/\" \/>\n<meta property=\"og:locale\" content=\"pt_BR\" \/>\n<meta property=\"og:type\" content=\"article\" \/>\n<meta property=\"og:title\" content=\"Coronav\u00edrus: bolsas da China encerram em queda de mais de 7%\" \/>\n<meta property=\"og:description\" content=\"A Bolsa de Valores de Xangai fechou em queda de 7,72%, a 2.746,61 pontos, nesta segunda (3), com coronav\u00edrus no radar. Clique aqui\" \/>\n<meta property=\"og:url\" content=\"https:\/\/www.suno.com.br\/noticias\/bolsas-da-china-despencam-por-temor-do-coronavirus\/\" \/>\n<meta property=\"og:site_name\" content=\"Suno Not\u00edcias\" \/>\n<meta property=\"article:publisher\" content=\"https:\/\/facebook.com\/sunoresearch\" \/>\n<meta property=\"og:image\" content=\"https:\/\/files.sunoresearch.com.br\/n\/uploads\/2019\/10\/ff39017b-ibovespa-queda.jpg\" \/>\n\t<meta property=\"og:image:width\" content=\"900\" \/>\n\t<meta property=\"og:image:height\" content=\"572\" \/>\n\t<meta property=\"og:image:type\" content=\"image\/jpeg\" \/>\n<meta name=\"author\" content=\"Poliana Santos\" \/>\n<meta name=\"twitter:card\" content=\"summary_large_image\" \/>\n<meta name=\"twitter:creator\" content=\"@sunoresearch\" \/>\n<meta name=\"twitter:site\" content=\"@sunoresearch\" \/>\n<meta name=\"twitter:label1\" content=\"Escrito por\" \/>\n\t<meta name=\"twitter:data1\" content=\"Poliana Santos\" \/>\n\t<meta name=\"twitter:label2\" content=\"Est. tempo de leitura\" \/>\n\t<meta name=\"twitter:data2\" content=\"2 minutos\" \/>\n<script type=\"application\/ld+json\" class=\"yoast-schema-graph\">{\"@context\":\"https:\/\/schema.org\",\"@graph\":[{\"@type\":\"NewsArticle\",\"@id\":\"https:\/\/www.suno.com.br\/noticias\/bolsas-da-china-despencam-por-temor-do-coronavirus\/#article\",\"isPartOf\":{\"@id\":\"https:\/\/www.suno.com.br\/noticias\/bolsas-da-china-despencam-por-temor-do-coronavirus\/\"},\"author\":{\"name\":\"Poliana Santos\",\"@id\":\"https:\/\/www.suno.com.br\/noticias\/#\/schema\/person\/02ec1f752758247878a2bf4abee1aeda\"},\"headline\":\"Coronav\u00edrus: bolsas da China encerram em queda de mais de 7%\",\"datePublished\":\"2020-02-03T13:21:57+00:00\",\"dateModified\":\"2020-02-04T10:54:02+00:00\",\"mainEntityOfPage\":{\"@id\":\"https:\/\/www.suno.com.br\/noticias\/bolsas-da-china-despencam-por-temor-do-coronavirus\/\"},\"wordCount\":411,\"publisher\":{\"@id\":\"https:\/\/www.suno.com.br\/noticias\/#organization\"},\"image\":{\"@id\":\"https:\/\/www.suno.com.br\/noticias\/bolsas-da-china-despencam-por-temor-do-coronavirus\/#primaryimage\"},\"thumbnailUrl\":\"https:\/\/files.sunoresearch.com.br\/n\/uploads\/2019\/10\/ff39017b-ibovespa-queda-jpg.webp\",\"keywords\":[\"China\",\"coronav\u00edrus\"],\"articleSection\":[\"Internacional\"],\"inLanguage\":\"pt-BR\"},{\"@type\":\"WebPage\",\"@id\":\"https:\/\/www.suno.com.br\/noticias\/bolsas-da-china-despencam-por-temor-do-coronavirus\/\",\"url\":\"https:\/\/www.suno.com.br\/noticias\/bolsas-da-china-despencam-por-temor-do-coronavirus\/\",\"name\":\"Coronav\u00edrus: bolsas da China encerram em queda de mais de 7%\",\"isPartOf\":{\"@id\":\"https:\/\/www.suno.com.br\/noticias\/#website\"},\"primaryImageOfPage\":{\"@id\":\"https:\/\/www.suno.com.br\/noticias\/bolsas-da-china-despencam-por-temor-do-coronavirus\/#primaryimage\"},\"image\":{\"@id\":\"https:\/\/www.suno.com.br\/noticias\/bolsas-da-china-despencam-por-temor-do-coronavirus\/#primaryimage\"},\"thumbnailUrl\":\"https:\/\/files.sunoresearch.com.br\/n\/uploads\/2019\/10\/ff39017b-ibovespa-queda-jpg.webp\",\"datePublished\":\"2020-02-03T13:21:57+00:00\",\"dateModified\":\"2020-02-04T10:54:02+00:00\",\"description\":\"A Bolsa de Valores de Xangai fechou em queda de 7,72%, a 2.746,61 pontos, nesta segunda (3), com coronav\u00edrus no radar. Clique aqui\",\"breadcrumb\":{\"@id\":\"https:\/\/www.suno.com.br\/noticias\/bolsas-da-china-despencam-por-temor-do-coronavirus\/#breadcrumb\"},\"inLanguage\":\"pt-BR\",\"potentialAction\":[{\"@type\":\"ReadAction\",\"target\":[\"https:\/\/www.suno.com.br\/noticias\/bolsas-da-china-despencam-por-temor-do-coronavirus\/\"]}]},{\"@type\":\"ImageObject\",\"inLanguage\":\"pt-BR\",\"@id\":\"https:\/\/www.suno.com.br\/noticias\/bolsas-da-china-despencam-por-temor-do-coronavirus\/#primaryimage\",\"url\":\"https:\/\/files.sunoresearch.com.br\/n\/uploads\/2019\/10\/ff39017b-ibovespa-queda-jpg.webp\",\"contentUrl\":\"https:\/\/files.sunoresearch.com.br\/n\/uploads\/2019\/10\/ff39017b-ibovespa-queda-jpg.webp\",\"width\":900,\"height\":572,\"caption\":\"Ibovespa (Foto: Reprodu\u00e7\u00e3o)\"},{\"@type\":\"BreadcrumbList\",\"@id\":\"https:\/\/www.suno.com.br\/noticias\/bolsas-da-china-despencam-por-temor-do-coronavirus\/#breadcrumb\",\"itemListElement\":[{\"@type\":\"ListItem\",\"position\":1,\"name\":\"Not\u00edcias\",\"item\":\"https:\/\/www.suno.com.br\/noticias\/\"},{\"@type\":\"ListItem\",\"position\":2,\"name\":\"Internacional\",\"item\":\"https:\/\/www.suno.com.br\/noticias\/internacional\/\"},{\"@type\":\"ListItem\",\"position\":3,\"name\":\"Coronav\u00edrus: bolsas da China encerram em queda de mais de 7%\"}]},{\"@type\":\"WebSite\",\"@id\":\"https:\/\/www.suno.com.br\/noticias\/#website\",\"url\":\"https:\/\/www.suno.com.br\/noticias\/\",\"name\":\"Suno Not\u00edcias\",\"description\":\"Seu portal de informa\u00e7\u00e3o sobre o mundo dos investimentos\",\"publisher\":{\"@id\":\"https:\/\/www.suno.com.br\/noticias\/#organization\"},\"potentialAction\":[{\"@type\":\"SearchAction\",\"target\":{\"@type\":\"EntryPoint\",\"urlTemplate\":\"https:\/\/www.suno.com.br\/noticias\/?s={search_term_string}\"},\"query-input\":{\"@type\":\"PropertyValueSpecification\",\"valueRequired\":true,\"valueName\":\"search_term_string\"}}],\"inLanguage\":\"pt-BR\"},{\"@type\":\"Organization\",\"@id\":\"https:\/\/www.suno.com.br\/noticias\/#organization\",\"name\":\"Suno Not\u00edcias\",\"url\":\"https:\/\/www.suno.com.br\/noticias\/\",\"logo\":{\"@type\":\"ImageObject\",\"inLanguage\":\"pt-BR\",\"@id\":\"https:\/\/www.suno.com.br\/noticias\/#\/schema\/logo\/image\/\",\"url\":\"https:\/\/files.sunoresearch.com.br\/n\/uploads\/2021\/09\/suno-logo.png\",\"contentUrl\":\"https:\/\/files.sunoresearch.com.br\/n\/uploads\/2021\/09\/suno-logo.png\",\"width\":180,\"height\":180,\"caption\":\"Suno Not\u00edcias\"},\"image\":{\"@id\":\"https:\/\/www.suno.com.br\/noticias\/#\/schema\/logo\/image\/\"},\"sameAs\":[\"https:\/\/facebook.com\/sunoresearch\",\"https:\/\/x.com\/sunoresearch\",\"https:\/\/www.instagram.com\/suno\",\"https:\/\/www.linkedin.com\/company\/suno-research\/\",\"https:\/\/www.youtube.com\/c\/sunoresearch\"]},{\"@type\":\"Person\",\"@id\":\"https:\/\/www.suno.com.br\/noticias\/#\/schema\/person\/02ec1f752758247878a2bf4abee1aeda\",\"name\":\"Poliana Santos\",\"image\":{\"@type\":\"ImageObject\",\"inLanguage\":\"pt-BR\",\"@id\":\"https:\/\/www.suno.com.br\/noticias\/#\/schema\/person\/image\/\",\"url\":\"https:\/\/secure.gravatar.com\/avatar\/0645bd32f23d87b2130f2b2dff1d3f8d?s=96&r=g\",\"contentUrl\":\"https:\/\/secure.gravatar.com\/avatar\/0645bd32f23d87b2130f2b2dff1d3f8d?s=96&r=g\",\"caption\":\"Poliana Santos\"},\"description\":\"Rep\u00f3rter no Suno Not\u00edcias, com cobertura em mercado financeiro, economia, finan\u00e7as pessoais, renda fixa e varejo. Jornalista formada pela Faculdade C\u00e1sper L\u00edbero e possui passagem na R\u00e1dio Gazeta AM com a produ\u00e7\u00e3o de conte\u00fado sobre economia, pol\u00edtica, sa\u00fade, moda e m\u00fasica. Possui certificado de conclus\u00e3o do curso de An\u00e1lise de Balan\u00e7os pela Funda\u00e7\u00e3o Bradesco, Agenda Brasil pela FAAP, Educa\u00e7\u00e3o Pol\u00edtica por Alexandre Garcia e do Tesouro Direto e Mercado de A\u00e7\u00f5es pela B3.\",\"url\":\"https:\/\/www.suno.com.br\/noticias\/author\/poliana-santos\/\"}]}<\/script>\n<!-- \/ Yoast SEO plugin. -->","yoast_head_json":{"title":"Coronav\u00edrus: bolsas da China encerram em queda de mais de 7%","description":"A Bolsa de Valores de Xangai fechou em queda de 7,72%, a 2.746,61 pontos, nesta segunda (3), com coronav\u00edrus no radar. Clique aqui","robots":{"index":"index","follow":"follow","max-snippet":"max-snippet:-1","max-image-preview":"max-image-preview:large","max-video-preview":"max-video-preview:-1"},"canonical":"https:\/\/www.suno.com.br\/noticias\/bolsas-da-china-despencam-por-temor-do-coronavirus\/","og_locale":"pt_BR","og_type":"article","og_title":"Coronav\u00edrus: bolsas da China encerram em queda de mais de 7%","og_description":"A Bolsa de Valores de Xangai fechou em queda de 7,72%, a 2.746,61 pontos, nesta segunda (3), com coronav\u00edrus no radar. Clique aqui","og_url":"https:\/\/www.suno.com.br\/noticias\/bolsas-da-china-despencam-por-temor-do-coronavirus\/","og_site_name":"Suno Not\u00edcias","article_publisher":"https:\/\/facebook.com\/sunoresearch","og_image":[{"width":900,"height":572,"url":"https:\/\/files.sunoresearch.com.br\/n\/uploads\/2019\/10\/ff39017b-ibovespa-queda.jpg","type":"image\/jpeg"}],"author":"Poliana Santos","twitter_card":"summary_large_image","twitter_creator":"@sunoresearch","twitter_site":"@sunoresearch","twitter_misc":{"Escrito por":"Poliana Santos","Est. tempo de leitura":"2 minutos"},"schema":{"@context":"https:\/\/schema.org","@graph":[{"@type":"NewsArticle","@id":"https:\/\/www.suno.com.br\/noticias\/bolsas-da-china-despencam-por-temor-do-coronavirus\/#article","isPartOf":{"@id":"https:\/\/www.suno.com.br\/noticias\/bolsas-da-china-despencam-por-temor-do-coronavirus\/"},"author":{"name":"Poliana Santos","@id":"https:\/\/www.suno.com.br\/noticias\/#\/schema\/person\/02ec1f752758247878a2bf4abee1aeda"},"headline":"Coronav\u00edrus: bolsas da China encerram em queda de mais de 7%","datePublished":"2020-02-03T13:21:57+00:00","dateModified":"2020-02-04T10:54:02+00:00","mainEntityOfPage":{"@id":"https:\/\/www.suno.com.br\/noticias\/bolsas-da-china-despencam-por-temor-do-coronavirus\/"},"wordCount":411,"publisher":{"@id":"https:\/\/www.suno.com.br\/noticias\/#organization"},"image":{"@id":"https:\/\/www.suno.com.br\/noticias\/bolsas-da-china-despencam-por-temor-do-coronavirus\/#primaryimage"},"thumbnailUrl":"https:\/\/files.sunoresearch.com.br\/n\/uploads\/2019\/10\/ff39017b-ibovespa-queda-jpg.webp","keywords":["China","coronav\u00edrus"],"articleSection":["Internacional"],"inLanguage":"pt-BR"},{"@type":"WebPage","@id":"https:\/\/www.suno.com.br\/noticias\/bolsas-da-china-despencam-por-temor-do-coronavirus\/","url":"https:\/\/www.suno.com.br\/noticias\/bolsas-da-china-despencam-por-temor-do-coronavirus\/","name":"Coronav\u00edrus: bolsas da China encerram em queda de mais de 7%","isPartOf":{"@id":"https:\/\/www.suno.com.br\/noticias\/#website"},"primaryImageOfPage":{"@id":"https:\/\/www.suno.com.br\/noticias\/bolsas-da-china-despencam-por-temor-do-coronavirus\/#primaryimage"},"image":{"@id":"https:\/\/www.suno.com.br\/noticias\/bolsas-da-china-despencam-por-temor-do-coronavirus\/#primaryimage"},"thumbnailUrl":"https:\/\/files.sunoresearch.com.br\/n\/uploads\/2019\/10\/ff39017b-ibovespa-queda-jpg.webp","datePublished":"2020-02-03T13:21:57+00:00","dateModified":"2020-02-04T10:54:02+00:00","description":"A Bolsa de Valores de Xangai fechou em queda de 7,72%, a 2.746,61 pontos, nesta segunda (3), com coronav\u00edrus no radar. Clique aqui","breadcrumb":{"@id":"https:\/\/www.suno.com.br\/noticias\/bolsas-da-china-despencam-por-temor-do-coronavirus\/#breadcrumb"},"inLanguage":"pt-BR","potentialAction":[{"@type":"ReadAction","target":["https:\/\/www.suno.com.br\/noticias\/bolsas-da-china-despencam-por-temor-do-coronavirus\/"]}]},{"@type":"ImageObject","inLanguage":"pt-BR","@id":"https:\/\/www.suno.com.br\/noticias\/bolsas-da-china-despencam-por-temor-do-coronavirus\/#primaryimage","url":"https:\/\/files.sunoresearch.com.br\/n\/uploads\/2019\/10\/ff39017b-ibovespa-queda-jpg.webp","contentUrl":"https:\/\/files.sunoresearch.com.br\/n\/uploads\/2019\/10\/ff39017b-ibovespa-queda-jpg.webp","width":900,"height":572,"caption":"Ibovespa (Foto: Reprodu\u00e7\u00e3o)"},{"@type":"BreadcrumbList","@id":"https:\/\/www.suno.com.br\/noticias\/bolsas-da-china-despencam-por-temor-do-coronavirus\/#breadcrumb","itemListElement":[{"@type":"ListItem","position":1,"name":"Not\u00edcias","item":"https:\/\/www.suno.com.br\/noticias\/"},{"@type":"ListItem","position":2,"name":"Internacional","item":"https:\/\/www.suno.com.br\/noticias\/internacional\/"},{"@type":"ListItem","position":3,"name":"Coronav\u00edrus: bolsas da China encerram em queda de mais de 7%"}]},{"@type":"WebSite","@id":"https:\/\/www.suno.com.br\/noticias\/#website","url":"https:\/\/www.suno.com.br\/noticias\/","name":"Suno Not\u00edcias","description":"Seu portal de informa\u00e7\u00e3o sobre o mundo dos investimentos","publisher":{"@id":"https:\/\/www.suno.com.br\/noticias\/#organization"},"potentialAction":[{"@type":"SearchAction","target":{"@type":"EntryPoint","urlTemplate":"https:\/\/www.suno.com.br\/noticias\/?s={search_term_string}"},"query-input":{"@type":"PropertyValueSpecification","valueRequired":true,"valueName":"search_term_string"}}],"inLanguage":"pt-BR"},{"@type":"Organization","@id":"https:\/\/www.suno.com.br\/noticias\/#organization","name":"Suno Not\u00edcias","url":"https:\/\/www.suno.com.br\/noticias\/","logo":{"@type":"ImageObject","inLanguage":"pt-BR","@id":"https:\/\/www.suno.com.br\/noticias\/#\/schema\/logo\/image\/","url":"https:\/\/files.sunoresearch.com.br\/n\/uploads\/2021\/09\/suno-logo.png","contentUrl":"https:\/\/files.sunoresearch.com.br\/n\/uploads\/2021\/09\/suno-logo.png","width":180,"height":180,"caption":"Suno Not\u00edcias"},"image":{"@id":"https:\/\/www.suno.com.br\/noticias\/#\/schema\/logo\/image\/"},"sameAs":["https:\/\/facebook.com\/sunoresearch","https:\/\/x.com\/sunoresearch","https:\/\/www.instagram.com\/suno","https:\/\/www.linkedin.com\/company\/suno-research\/","https:\/\/www.youtube.com\/c\/sunoresearch"]},{"@type":"Person","@id":"https:\/\/www.suno.com.br\/noticias\/#\/schema\/person\/02ec1f752758247878a2bf4abee1aeda","name":"Poliana Santos","image":{"@type":"ImageObject","inLanguage":"pt-BR","@id":"https:\/\/www.suno.com.br\/noticias\/#\/schema\/person\/image\/","url":"https:\/\/secure.gravatar.com\/avatar\/0645bd32f23d87b2130f2b2dff1d3f8d?s=96&r=g","contentUrl":"https:\/\/secure.gravatar.com\/avatar\/0645bd32f23d87b2130f2b2dff1d3f8d?s=96&r=g","caption":"Poliana Santos"},"description":"Rep\u00f3rter no Suno Not\u00edcias, com cobertura em mercado financeiro, economia, finan\u00e7as pessoais, renda fixa e varejo. Jornalista formada pela Faculdade C\u00e1sper L\u00edbero e possui passagem na R\u00e1dio Gazeta AM com a produ\u00e7\u00e3o de conte\u00fado sobre economia, pol\u00edtica, sa\u00fade, moda e m\u00fasica. Possui certificado de conclus\u00e3o do curso de An\u00e1lise de Balan\u00e7os pela Funda\u00e7\u00e3o Bradesco, Agenda Brasil pela FAAP, Educa\u00e7\u00e3o Pol\u00edtica por Alexandre Garcia e do Tesouro Direto e Mercado de A\u00e7\u00f5es pela B3.","url":"https:\/\/www.suno.com.br\/noticias\/author\/poliana-santos\/"}]}},"default_loop_html":"<div class=\"cardsPage__listCard__boxs\"><div class=\"cardsPage__listCard__boxs__img\"><a href=\"https:\/\/www.suno.com.br\/noticias\/bolsas-da-china-despencam-por-temor-do-coronavirus\/\"><img class=\"mask\" src=\"https:\/\/www.suno.com.br\/noticias\/wp-content\/themes\/suno\/resources\/images\/spotlight\/spotlight1img\/bg-mask.png\" alt=\"Image Mask\"\/><img src=\"https:\/\/files.sunoresearch.com.br\/n\/uploads\/2019\/10\/ff39017b-ibovespa-queda-400x200.webp\" alt=\"Coronav\u00edrus: bolsas da China encerram em queda de mais de 7%\"\/><\/a><span class=\"spotlightCategory\"><a href=\"https:\/\/www.suno.com.br\/noticias\/internacional\/\">Internacional<\/a><\/span><\/div><div class=\"cardsPage__listCard__boxs__content\"><a href=\"https:\/\/www.suno.com.br\/noticias\/bolsas-da-china-despencam-por-temor-do-coronavirus\/\"><h2 class=\"content__title\">Coronav\u00edrus: bolsas da China encerram em queda de mais de 7%<\/h2><\/a><div class=\"newsContent__article__meta\"><div class=\"newsContent__article__meta__authorBox\"><a href=\"https:\/\/www.suno.com.br\/noticias\/author\/poliana-santos\/\" class=\"authorBox__avatar noMobi\"><img src=\"https:\/\/files.sunoresearch.com.br\/n\/uploads\/2020\/08\/7ef34026-whatsapp-image-2020-08-03-at-12.37.57-150x150.webp\" alt=\"Poliana Santos\"><\/a><div class=\"authorBox__name\"><span>por\n\t\t\t<a href=\"https:\/\/www.suno.com.br\/noticias\/author\/poliana-santos\/\"><span itemprop=\"author\">Poliana Santos<\/span><\/a><\/span><time datetime=\"2020-02-03T11:21:57-03:00\" itemprop=\"datePublished\">03\/02\/2020 11:21<\/time><\/div><\/div><\/div><\/div><\/div>","single_layout":"posts","amp_enabled":true,"_links":{"self":[{"href":"https:\/\/www.suno.com.br\/noticias\/wp-json\/wp\/v2\/posts\/51736"}],"collection":[{"href":"https:\/\/www.suno.com.br\/noticias\/wp-json\/wp\/v2\/posts"}],"about":[{"href":"https:\/\/www.suno.com.br\/noticias\/wp-json\/wp\/v2\/types\/post"}],"author":[{"embeddable":true,"href":"https:\/\/www.suno.com.br\/noticias\/wp-json\/wp\/v2\/users\/15"}],"replies":[{"embeddable":true,"href":"https:\/\/www.suno.com.br\/noticias\/wp-json\/wp\/v2\/comments?post=51736"}],"version-history":[{"count":0,"href":"https:\/\/www.suno.com.br\/noticias\/wp-json\/wp\/v2\/posts\/51736\/revisions"}],"wp:featuredmedia":[{"embeddable":true,"href":"https:\/\/www.suno.com.br\/noticias\/wp-json\/wp\/v2\/media\/42678"}],"wp:attachment":[{"href":"https:\/\/www.suno.com.br\/noticias\/wp-json\/wp\/v2\/media?parent=51736"}],"wp:term":[{"taxonomy":"category","embeddable":true,"href":"https:\/\/www.suno.com.br\/noticias\/wp-json\/wp\/v2\/categories?post=51736"},{"taxonomy":"post_tag","embeddable":true,"href":"https:\/\/www.suno.com.br\/noticias\/wp-json\/wp\/v2\/tags?post=51736"},{"taxonomy":"suno_strategy","embeddable":true,"href":"https:\/\/www.suno.com.br\/noticias\/wp-json\/wp\/v2\/suno_strategy?post=51736"}],"curies":[{"name":"wp","href":"https:\/\/api.w.org\/{rel}","templated":true}]}}