{"id":517346,"date":"2024-01-29T19:08:39","date_gmt":"2024-01-29T22:08:39","guid":{"rendered":"https:\/\/www.suno.com.br\/noticias\/?p=517346"},"modified":"2024-01-29T19:51:21","modified_gmt":"2024-01-29T22:51:21","slug":"vale-vale3-producao-minerio-de-ferro-quarto-trimestre-2023-lt","status":"publish","type":"post","link":"https:\/\/www.suno.com.br\/noticias\/vale-vale3-producao-minerio-de-ferro-quarto-trimestre-2023-lt\/","title":{"rendered":"Vale (VALE3): produ\u00e7\u00e3o de min\u00e9rio de ferro sobe 10,6% no 4T23, para 89,3 milh\u00f5es de toneladas \u00a0"},"content":{"rendered":"<p>A produ\u00e7\u00e3o de min\u00e9rio de ferro da <strong>Vale (VALE)<\/strong> subiu 10,6% no quarto trimestre de 2023 na compara\u00e7\u00e3o com o mesmo per\u00edodo do ano anterior, para 89,3 milh\u00f5es de toneladas, de acordo com comunicado enviado \u00e0 <a class=\"suno-keyword\" data-force=\"no\" data-priority=\"2\" href=\"https:\/\/www.suno.com.br\/artigos\/cvm\/\" target=\"_blank\" rel=\"noopener\">Comiss\u00e3o de Valores Mobili\u00e1rios (CVM)<\/a>. Na compara\u00e7\u00e3o com o trimestre anterior, a produ\u00e7\u00e3o de min\u00e9rio cresceu 3,7%.<\/p>\t<div class=\"wrapper-featured-image\">\n\t\t<figure class=\"spotlightImg\">\n\n\t\t\t<picture>\n\t\t\t\t<source media=\"(max-width: 768px)\" srcset=\"https:\/\/files.sunoresearch.com.br\/n\/uploads\/2023\/05\/minerio-400x200.jpg\">\n\t\t\t\t<img loading=\"lazy\" decoding=\"async\" class=\"newsContent__article__imgCapa lazyloadDisabled \" src=\"https:\/\/files.sunoresearch.com.br\/n\/uploads\/2023\/05\/minerio-800x450.jpg\" width=\"800\" height=\"450\" alt=\"Vale (VALE3): produ\u00e7\u00e3o de min\u00e9rio de ferro sobe 10,6% no 4T23, para 89,3 milh\u00f5es de toneladas \u00a0\" fetchpriority=high \/>\n\t\t\t<\/picture>\n\n\t\t\t<figcaption class=\"wp-caption-text wp-caption-text--show\">Foto: iStock<\/figcaption>\n\t\t<\/figure>\n\t<\/div>\n\n\n\n\n\n\t<p>\n\t\t<a href=\"https:\/\/lp.suno.com.br\/planilha-da-vida-financeira\/\" target=\"_blank\" data-element=\"shortcode-suno-banner\" title=\"Banner SUNO, clique e saiba mais\">\n\t\t\t<picture>\n\t\t\t\t<source media=\"(max-width: 500px)\" srcset=\"https:\/\/files.sunoresearch.com.br\/n\/uploads\/2023\/04\/400x300-Planilha-vida-financeira-true.png\">\n\t\t\t\t<img class=\"newsContent__article__imgCapa newsContent__article__imgCapa--banner\"\n\t\t\t\t\tsrc=\"https:\/\/files.sunoresearch.com.br\/n\/uploads\/2023\/04\/1420x240-Planilha-vida-financeira-true.png\"\n\t\t\t\t\tdata-promo-id=\"383123\"\t\t\t\t\t\t\t\t\t\twidth='1420' height='240'\t\t\t\t\talt=\"https:\/\/files.sunoresearch.com.br\/n\/uploads\/2023\/04\/1420x240-Planilha-vida-financeira-true.png\"\n\t\t\t\t>\n\t\t\t<\/picture>\n\t\t<\/a>\n\t<\/p>\n\n\n\n\n\n<p>No ano passado, a <strong>produ\u00e7\u00e3o da Vale <\/strong>alcan\u00e7ou 321,15 milh\u00f5es de toneladas, acima da proje\u00e7\u00e3o da mineradora, que estimava 315 milh\u00f5es de toneladas. Segundo a Vale, esse resultado no <strong>4T23 da Vale<\/strong> pode ser explicado pelas iniciativas cont\u00ednuas para melhorar a confiabilidade no S11D, al\u00e9m do s\u00f3lido desempenho nos complexos de Itabira e Vargem Grande e das maiores compras de terceiros.<\/p>\n\n\n\n<p>&#8220;O desempenho da Vale no quarto trimestre foi marcado por produ\u00e7\u00e3o e vendas s\u00f3lidas em todos os neg\u00f3cios. Em dezembro, a produ\u00e7\u00e3o mensal de min\u00e9rio de ferro foi a maior desde 2018&#8221;, disse a Vale em relat\u00f3rio depositado nesta segunda-feira, 29, na Comiss\u00e3o de Valores Mobili\u00e1rios (CVM).<\/p>\n\n\n\n<p><strong>Em pelotas<\/strong>, um dos maiores ativos da companhia, a produ\u00e7\u00e3o registrou alta de 19,2% no per\u00edodo, <strong>para 9,85 milh\u00f5es de toneladas<\/strong>, devido, principalmente, ao in\u00edcio da produ\u00e7\u00e3o de briquetes, que come\u00e7ou no quarto trimestre de 2023, um passo importante na estrat\u00e9gia de descarboniza\u00e7\u00e3o da siderurgia, por meio do aumento da oferta de aglomerados de min\u00e9rio de ferro.<\/p>\n\n\n\n<p>Em 2023, <strong>a produ\u00e7\u00e3o de pelotas da Vale <\/strong>foi de 36,45 milh\u00f5es de toneladas, uma alta de 3,5% na base anual, mas abaixo da proje\u00e7\u00e3o da Vale, que era de 37 milh\u00f5es de toneladas.<\/p>\n\n\n\n<h2 class=\"wp-block-heading\">Produ\u00e7\u00e3o de n\u00edquel tem queda<\/h2>\n\n\n\n<p>A <strong>produ\u00e7\u00e3o de n\u00edquel da Vale<\/strong>, por sua vez, atingiu 44,9 mil toneladas no quarto trimestre, 5,3% inferior que o visto no mesmo per\u00edodo de 2022. No ano passado, a produ\u00e7\u00e3o foi de 164,9 milh\u00f5es de toneladas, uma baixa de 7,9% ante o ano anterior, em linha com a estimativa.<\/p>\n\n\n\n<p>Devido a organiza\u00e7\u00e3o de alguns ativos, entre eles <strong>Voisey`s Bay<\/strong>, que passou para minera\u00e7\u00e3o subterr\u00e2nea, bem como a reforma do forno de <strong>On\u00e7a Puma<\/strong>, j\u00e1 era esperado pelo mercado essa queda no segmento de n\u00edquel.<\/p>\n\n\n\n<p>No trimestre, a <strong>produ\u00e7\u00e3o de cobre atingiu 99,1 mil toneladas<\/strong>, uma eleva\u00e7\u00e3o de 49,5% na compara\u00e7\u00e3o anual. Em 2023, a produ\u00e7\u00e3o aumentou 29% no ano contra ano, totalizando 326,6 milh\u00f5es de toneladas, acima da proje\u00e7\u00e3o de 325 milh\u00f5es de toneladas, impulsionado pelo ramp-up de Salobo 3, que acabou aumentando a produ\u00e7\u00e3o em 87% no trimestre na compara\u00e7\u00e3o anual.<\/p>\n\n\n\t<p>\n\t\t<a href=\"https:\/\/lp.suno.com.br\/ebook-como-analisar-uma-acao\/\" target=\"_blank\" data-element=\"shortcode-suno-banner\" title=\"Banner SUNO, clique e saiba mais\">\n\t\t\t<picture>\n\t\t\t\t<source media=\"(max-width: 500px)\" srcset=\"https:\/\/files.sunoresearch.com.br\/n\/uploads\/2023\/03\/Ebook-Acoes-Mobile.jpg\">\n\t\t\t\t<img class=\"newsContent__article__imgCapa newsContent__article__imgCapa--banner\"\n\t\t\t\t\tsrc=\"https:\/\/files.sunoresearch.com.br\/n\/uploads\/2023\/03\/Ebook-Acoes-Desktop.jpg\"\n\t\t\t\t\tdata-promo-id=\"378302\"\t\t\t\t\t\t\t\t\t\twidth='1420' height='286'\t\t\t\t\talt=\"https:\/\/files.sunoresearch.com.br\/n\/uploads\/2023\/03\/Ebook-Acoes-Desktop.jpg\"\n\t\t\t\t>\n\t\t\t<\/picture>\n\t\t<\/a>\n\t<\/p>\n\n\n\n\n\n<h2 class=\"wp-block-heading\">Como foram as vendas da Vale?<\/h2>\n\n\n\n<p>No \u00faltimo trimestre de 2023, <strong>as vendas de min\u00e9rio de ferro da Vale<\/strong> ca\u00edram 4,1% ante o mesmo intervalo de 2022, totalizando 77,88 milh\u00f5es de toneladas. No ano, a mineradora registrou vendas de 256,78 milh\u00f5es de toneladas, uma retra\u00e7\u00e3o de 1,5% na compara\u00e7\u00e3o anual.<\/p>\n\n\n\n<p>Por outro lado, <strong>as vendas em pelotas <\/strong>somaram 10,285 milh\u00f5es de toneladas no per\u00edodo, valor 17% superior ao visto no mesmo trimestre do ano anterior. Em 2023, as vendas subiram 8,1% e somaram 35,84 milh\u00f5es de toneladas. &nbsp;<\/p>\n\n\n\n<p>J\u00e1 <strong>as vendas de n\u00edquel ca\u00edram 17,7% no quarto trimestre do ano passado<\/strong>, a 47,9 mil toneladas. Em 2023, as vendas somaram 167,9 milh\u00f5es de toneladas, uma baixa de 7,1% na base anual. &nbsp;<\/p>\n\n\n\n<p>No trimestre, a venda de cobre da <strong>Vale<\/strong> foi de 97,5 mil toneladas, um aumento de 36,2% na compara\u00e7\u00e3o anual. No ano passado, a venda aumentou 26,2% ante 2022, totalizando 307,8 milh\u00f5es de toneladas.<\/p>\n\n\n\t<p>\n\t\t<a href=\"https:\/\/lp.suno.com.br\/planilha-da-vida-financeira\/\" target=\"_blank\" data-element=\"shortcode-suno-banner\" title=\"Banner SUNO, clique e saiba mais\">\n\t\t\t<picture>\n\t\t\t\t<source media=\"(max-width: 500px)\" srcset=\"https:\/\/files.sunoresearch.com.br\/n\/uploads\/2023\/04\/400x300-Planilha-vida-financeira-true.png\">\n\t\t\t\t<img class=\"newsContent__article__imgCapa newsContent__article__imgCapa--banner\"\n\t\t\t\t\tsrc=\"https:\/\/files.sunoresearch.com.br\/n\/uploads\/2023\/04\/1420x240-Planilha-vida-financeira-true.png\"\n\t\t\t\t\tdata-promo-id=\"106682\"\t\t\t\t\t\t\t\t\t\twidth='1420' height='240'\t\t\t\t\talt=\"https:\/\/files.sunoresearch.com.br\/n\/uploads\/2023\/04\/1420x240-Planilha-vida-financeira-true.png\"\n\t\t\t\t>\n\t\t\t<\/picture>\n\t\t<\/a>\n\t<\/p>\n\n\n","protected":false},"excerpt":{"rendered":"<p>A produ\u00e7\u00e3o de min\u00e9rio de ferro da Vale (VALE) subiu 10,6% no quarto trimestre de 2023 na compara\u00e7\u00e3o com o mesmo per\u00edodo do ano anterior, para 89,3 milh\u00f5es de toneladas, de acordo com comunicado enviado \u00e0 Comiss\u00e3o de Valores Mobili\u00e1rios (CVM). Na compara\u00e7\u00e3o com o trimestre anterior, a produ\u00e7\u00e3o de min\u00e9rio cresceu 3,7%. Foto: iStock [&hellip;]<\/p>\n","protected":false},"author":340,"featured_media":408649,"comment_status":"closed","ping_status":"closed","sticky":false,"template":"","format":"standard","meta":[],"categories":[60],"tags":[286,676],"suno_strategy":[],"class_list":["post-517346","post","type-post","status-publish","format-standard","has-post-thumbnail","hentry","category-mercado","tag-acoes","tag-vale-vale3"],"yoast_head":"<!-- This site is optimized with the Yoast SEO plugin v24.4 - https:\/\/yoast.com\/wordpress\/plugins\/seo\/ -->\n<title>Vale (VALE3) : produ\u00e7\u00e3o de min\u00e9rio de ferro sobe 10,6% no 4T23<\/title>\n<meta name=\"description\" content=\"A produ\u00e7\u00e3o de min\u00e9rio de ferro da Vale subiu 10,6% no quarto trimestre de 2023 na compara\u00e7\u00e3o anual, para 89,3 milh\u00f5es de toneladas.\" \/>\n<meta name=\"robots\" content=\"index, follow, max-snippet:-1, max-image-preview:large, max-video-preview:-1\" \/>\n<link rel=\"canonical\" href=\"https:\/\/www.suno.com.br\/noticias\/vale-vale3-producao-minerio-de-ferro-quarto-trimestre-2023-lt\/\" \/>\n<meta property=\"og:locale\" content=\"pt_BR\" \/>\n<meta property=\"og:type\" content=\"article\" \/>\n<meta property=\"og:title\" content=\"Vale (VALE3) : produ\u00e7\u00e3o de min\u00e9rio de ferro sobe 10,6% no 4T23\" \/>\n<meta property=\"og:description\" content=\"A produ\u00e7\u00e3o de min\u00e9rio de ferro da Vale subiu 10,6% no quarto trimestre de 2023 na compara\u00e7\u00e3o anual, para 89,3 milh\u00f5es de toneladas.\" \/>\n<meta property=\"og:url\" content=\"https:\/\/www.suno.com.br\/noticias\/vale-vale3-producao-minerio-de-ferro-quarto-trimestre-2023-lt\/\" \/>\n<meta property=\"og:site_name\" content=\"Suno Not\u00edcias\" \/>\n<meta property=\"article:publisher\" content=\"https:\/\/facebook.com\/sunoresearch\" \/>\n<meta property=\"og:image\" content=\"https:\/\/files.sunoresearch.com.br\/n\/uploads\/2023\/05\/minerio.jpg\" \/>\n\t<meta property=\"og:image:width\" content=\"1204\" \/>\n\t<meta property=\"og:image:height\" content=\"800\" \/>\n\t<meta property=\"og:image:type\" content=\"image\/jpeg\" \/>\n<meta name=\"author\" content=\"Leandro Tavares\" \/>\n<meta name=\"twitter:card\" content=\"summary_large_image\" \/>\n<meta name=\"twitter:creator\" content=\"@sunoresearch\" \/>\n<meta name=\"twitter:site\" content=\"@sunoresearch\" \/>\n<meta name=\"twitter:label1\" content=\"Escrito por\" \/>\n\t<meta name=\"twitter:data1\" content=\"Leandro Tavares\" \/>\n\t<meta name=\"twitter:label2\" content=\"Est. tempo de leitura\" \/>\n\t<meta name=\"twitter:data2\" content=\"4 minutos\" \/>\n<script type=\"application\/ld+json\" class=\"yoast-schema-graph\">{\"@context\":\"https:\/\/schema.org\",\"@graph\":[{\"@type\":\"NewsArticle\",\"@id\":\"https:\/\/www.suno.com.br\/noticias\/vale-vale3-producao-minerio-de-ferro-quarto-trimestre-2023-lt\/#article\",\"isPartOf\":{\"@id\":\"https:\/\/www.suno.com.br\/noticias\/vale-vale3-producao-minerio-de-ferro-quarto-trimestre-2023-lt\/\"},\"author\":{\"name\":\"Leandro Tavares\",\"@id\":\"https:\/\/www.suno.com.br\/noticias\/#\/schema\/person\/96b86313436a5af8c004989de27d4962\"},\"headline\":\"Vale (VALE3): produ\u00e7\u00e3o de min\u00e9rio de ferro sobe 10,6% no 4T23, para 89,3 milh\u00f5es de toneladas \u00a0\",\"datePublished\":\"2024-01-29T22:08:39+00:00\",\"dateModified\":\"2024-01-29T22:51:21+00:00\",\"mainEntityOfPage\":{\"@id\":\"https:\/\/www.suno.com.br\/noticias\/vale-vale3-producao-minerio-de-ferro-quarto-trimestre-2023-lt\/\"},\"wordCount\":608,\"publisher\":{\"@id\":\"https:\/\/www.suno.com.br\/noticias\/#organization\"},\"image\":{\"@id\":\"https:\/\/www.suno.com.br\/noticias\/vale-vale3-producao-minerio-de-ferro-quarto-trimestre-2023-lt\/#primaryimage\"},\"thumbnailUrl\":\"https:\/\/files.sunoresearch.com.br\/n\/uploads\/2023\/05\/minerio.jpg\",\"keywords\":[\"A\u00e7\u00f5es\",\"Vale (VALE3)\"],\"articleSection\":[\"Mercado\"],\"inLanguage\":\"pt-BR\"},{\"@type\":\"WebPage\",\"@id\":\"https:\/\/www.suno.com.br\/noticias\/vale-vale3-producao-minerio-de-ferro-quarto-trimestre-2023-lt\/\",\"url\":\"https:\/\/www.suno.com.br\/noticias\/vale-vale3-producao-minerio-de-ferro-quarto-trimestre-2023-lt\/\",\"name\":\"Vale (VALE3) : produ\u00e7\u00e3o de min\u00e9rio de ferro sobe 10,6% no 4T23\",\"isPartOf\":{\"@id\":\"https:\/\/www.suno.com.br\/noticias\/#website\"},\"primaryImageOfPage\":{\"@id\":\"https:\/\/www.suno.com.br\/noticias\/vale-vale3-producao-minerio-de-ferro-quarto-trimestre-2023-lt\/#primaryimage\"},\"image\":{\"@id\":\"https:\/\/www.suno.com.br\/noticias\/vale-vale3-producao-minerio-de-ferro-quarto-trimestre-2023-lt\/#primaryimage\"},\"thumbnailUrl\":\"https:\/\/files.sunoresearch.com.br\/n\/uploads\/2023\/05\/minerio.jpg\",\"datePublished\":\"2024-01-29T22:08:39+00:00\",\"dateModified\":\"2024-01-29T22:51:21+00:00\",\"description\":\"A produ\u00e7\u00e3o de min\u00e9rio de ferro da Vale subiu 10,6% no quarto trimestre de 2023 na compara\u00e7\u00e3o anual, para 89,3 milh\u00f5es de toneladas.\",\"breadcrumb\":{\"@id\":\"https:\/\/www.suno.com.br\/noticias\/vale-vale3-producao-minerio-de-ferro-quarto-trimestre-2023-lt\/#breadcrumb\"},\"inLanguage\":\"pt-BR\",\"potentialAction\":[{\"@type\":\"ReadAction\",\"target\":[\"https:\/\/www.suno.com.br\/noticias\/vale-vale3-producao-minerio-de-ferro-quarto-trimestre-2023-lt\/\"]}]},{\"@type\":\"ImageObject\",\"inLanguage\":\"pt-BR\",\"@id\":\"https:\/\/www.suno.com.br\/noticias\/vale-vale3-producao-minerio-de-ferro-quarto-trimestre-2023-lt\/#primaryimage\",\"url\":\"https:\/\/files.sunoresearch.com.br\/n\/uploads\/2023\/05\/minerio.jpg\",\"contentUrl\":\"https:\/\/files.sunoresearch.com.br\/n\/uploads\/2023\/05\/minerio.jpg\",\"width\":1204,\"height\":800,\"caption\":\"Foto: iStock\"},{\"@type\":\"BreadcrumbList\",\"@id\":\"https:\/\/www.suno.com.br\/noticias\/vale-vale3-producao-minerio-de-ferro-quarto-trimestre-2023-lt\/#breadcrumb\",\"itemListElement\":[{\"@type\":\"ListItem\",\"position\":1,\"name\":\"Not\u00edcias\",\"item\":\"https:\/\/www.suno.com.br\/noticias\/\"},{\"@type\":\"ListItem\",\"position\":2,\"name\":\"Mercado\",\"item\":\"https:\/\/www.suno.com.br\/noticias\/mercado\/\"},{\"@type\":\"ListItem\",\"position\":3,\"name\":\"Vale (VALE3): produ\u00e7\u00e3o de min\u00e9rio de ferro sobe 10,6% no 4T23, para 89,3 milh\u00f5es de toneladas \u00a0\"}]},{\"@type\":\"WebSite\",\"@id\":\"https:\/\/www.suno.com.br\/noticias\/#website\",\"url\":\"https:\/\/www.suno.com.br\/noticias\/\",\"name\":\"Suno Not\u00edcias\",\"description\":\"Seu portal de informa\u00e7\u00e3o sobre o mundo dos investimentos\",\"publisher\":{\"@id\":\"https:\/\/www.suno.com.br\/noticias\/#organization\"},\"potentialAction\":[{\"@type\":\"SearchAction\",\"target\":{\"@type\":\"EntryPoint\",\"urlTemplate\":\"https:\/\/www.suno.com.br\/noticias\/?s={search_term_string}\"},\"query-input\":{\"@type\":\"PropertyValueSpecification\",\"valueRequired\":true,\"valueName\":\"search_term_string\"}}],\"inLanguage\":\"pt-BR\"},{\"@type\":\"Organization\",\"@id\":\"https:\/\/www.suno.com.br\/noticias\/#organization\",\"name\":\"Suno Not\u00edcias\",\"url\":\"https:\/\/www.suno.com.br\/noticias\/\",\"logo\":{\"@type\":\"ImageObject\",\"inLanguage\":\"pt-BR\",\"@id\":\"https:\/\/www.suno.com.br\/noticias\/#\/schema\/logo\/image\/\",\"url\":\"https:\/\/files.sunoresearch.com.br\/n\/uploads\/2021\/09\/suno-logo.png\",\"contentUrl\":\"https:\/\/files.sunoresearch.com.br\/n\/uploads\/2021\/09\/suno-logo.png\",\"width\":180,\"height\":180,\"caption\":\"Suno Not\u00edcias\"},\"image\":{\"@id\":\"https:\/\/www.suno.com.br\/noticias\/#\/schema\/logo\/image\/\"},\"sameAs\":[\"https:\/\/facebook.com\/sunoresearch\",\"https:\/\/x.com\/sunoresearch\",\"https:\/\/www.instagram.com\/suno\",\"https:\/\/www.linkedin.com\/company\/suno-research\/\",\"https:\/\/www.youtube.com\/c\/sunoresearch\"]},{\"@type\":\"Person\",\"@id\":\"https:\/\/www.suno.com.br\/noticias\/#\/schema\/person\/96b86313436a5af8c004989de27d4962\",\"name\":\"Leandro Tavares\",\"image\":{\"@type\":\"ImageObject\",\"inLanguage\":\"pt-BR\",\"@id\":\"https:\/\/www.suno.com.br\/noticias\/#\/schema\/person\/image\/\",\"url\":\"https:\/\/secure.gravatar.com\/avatar\/cef3014f9ca74cf54fb41dc01807a08b?s=96&r=g\",\"contentUrl\":\"https:\/\/secure.gravatar.com\/avatar\/cef3014f9ca74cf54fb41dc01807a08b?s=96&r=g\",\"caption\":\"Leandro Tavares\"},\"url\":\"https:\/\/www.suno.com.br\/noticias\/author\/leandro-sbtavaresgmail-com\/\"}]}<\/script>\n<!-- \/ Yoast SEO plugin. -->","yoast_head_json":{"title":"Vale (VALE3) : produ\u00e7\u00e3o de min\u00e9rio de ferro sobe 10,6% no 4T23","description":"A produ\u00e7\u00e3o de min\u00e9rio de ferro da Vale subiu 10,6% no quarto trimestre de 2023 na compara\u00e7\u00e3o anual, para 89,3 milh\u00f5es de toneladas.","robots":{"index":"index","follow":"follow","max-snippet":"max-snippet:-1","max-image-preview":"max-image-preview:large","max-video-preview":"max-video-preview:-1"},"canonical":"https:\/\/www.suno.com.br\/noticias\/vale-vale3-producao-minerio-de-ferro-quarto-trimestre-2023-lt\/","og_locale":"pt_BR","og_type":"article","og_title":"Vale (VALE3) : produ\u00e7\u00e3o de min\u00e9rio de ferro sobe 10,6% no 4T23","og_description":"A produ\u00e7\u00e3o de min\u00e9rio de ferro da Vale subiu 10,6% no quarto trimestre de 2023 na compara\u00e7\u00e3o anual, para 89,3 milh\u00f5es de toneladas.","og_url":"https:\/\/www.suno.com.br\/noticias\/vale-vale3-producao-minerio-de-ferro-quarto-trimestre-2023-lt\/","og_site_name":"Suno Not\u00edcias","article_publisher":"https:\/\/facebook.com\/sunoresearch","og_image":[{"width":1204,"height":800,"url":"https:\/\/files.sunoresearch.com.br\/n\/uploads\/2023\/05\/minerio.jpg","type":"image\/jpeg"}],"author":"Leandro Tavares","twitter_card":"summary_large_image","twitter_creator":"@sunoresearch","twitter_site":"@sunoresearch","twitter_misc":{"Escrito por":"Leandro Tavares","Est. tempo de leitura":"4 minutos"},"schema":{"@context":"https:\/\/schema.org","@graph":[{"@type":"NewsArticle","@id":"https:\/\/www.suno.com.br\/noticias\/vale-vale3-producao-minerio-de-ferro-quarto-trimestre-2023-lt\/#article","isPartOf":{"@id":"https:\/\/www.suno.com.br\/noticias\/vale-vale3-producao-minerio-de-ferro-quarto-trimestre-2023-lt\/"},"author":{"name":"Leandro Tavares","@id":"https:\/\/www.suno.com.br\/noticias\/#\/schema\/person\/96b86313436a5af8c004989de27d4962"},"headline":"Vale (VALE3): produ\u00e7\u00e3o de min\u00e9rio de ferro sobe 10,6% no 4T23, para 89,3 milh\u00f5es de toneladas \u00a0","datePublished":"2024-01-29T22:08:39+00:00","dateModified":"2024-01-29T22:51:21+00:00","mainEntityOfPage":{"@id":"https:\/\/www.suno.com.br\/noticias\/vale-vale3-producao-minerio-de-ferro-quarto-trimestre-2023-lt\/"},"wordCount":608,"publisher":{"@id":"https:\/\/www.suno.com.br\/noticias\/#organization"},"image":{"@id":"https:\/\/www.suno.com.br\/noticias\/vale-vale3-producao-minerio-de-ferro-quarto-trimestre-2023-lt\/#primaryimage"},"thumbnailUrl":"https:\/\/files.sunoresearch.com.br\/n\/uploads\/2023\/05\/minerio.jpg","keywords":["A\u00e7\u00f5es","Vale (VALE3)"],"articleSection":["Mercado"],"inLanguage":"pt-BR"},{"@type":"WebPage","@id":"https:\/\/www.suno.com.br\/noticias\/vale-vale3-producao-minerio-de-ferro-quarto-trimestre-2023-lt\/","url":"https:\/\/www.suno.com.br\/noticias\/vale-vale3-producao-minerio-de-ferro-quarto-trimestre-2023-lt\/","name":"Vale (VALE3) : produ\u00e7\u00e3o de min\u00e9rio de ferro sobe 10,6% no 4T23","isPartOf":{"@id":"https:\/\/www.suno.com.br\/noticias\/#website"},"primaryImageOfPage":{"@id":"https:\/\/www.suno.com.br\/noticias\/vale-vale3-producao-minerio-de-ferro-quarto-trimestre-2023-lt\/#primaryimage"},"image":{"@id":"https:\/\/www.suno.com.br\/noticias\/vale-vale3-producao-minerio-de-ferro-quarto-trimestre-2023-lt\/#primaryimage"},"thumbnailUrl":"https:\/\/files.sunoresearch.com.br\/n\/uploads\/2023\/05\/minerio.jpg","datePublished":"2024-01-29T22:08:39+00:00","dateModified":"2024-01-29T22:51:21+00:00","description":"A produ\u00e7\u00e3o de min\u00e9rio de ferro da Vale subiu 10,6% no quarto trimestre de 2023 na compara\u00e7\u00e3o anual, para 89,3 milh\u00f5es de toneladas.","breadcrumb":{"@id":"https:\/\/www.suno.com.br\/noticias\/vale-vale3-producao-minerio-de-ferro-quarto-trimestre-2023-lt\/#breadcrumb"},"inLanguage":"pt-BR","potentialAction":[{"@type":"ReadAction","target":["https:\/\/www.suno.com.br\/noticias\/vale-vale3-producao-minerio-de-ferro-quarto-trimestre-2023-lt\/"]}]},{"@type":"ImageObject","inLanguage":"pt-BR","@id":"https:\/\/www.suno.com.br\/noticias\/vale-vale3-producao-minerio-de-ferro-quarto-trimestre-2023-lt\/#primaryimage","url":"https:\/\/files.sunoresearch.com.br\/n\/uploads\/2023\/05\/minerio.jpg","contentUrl":"https:\/\/files.sunoresearch.com.br\/n\/uploads\/2023\/05\/minerio.jpg","width":1204,"height":800,"caption":"Foto: iStock"},{"@type":"BreadcrumbList","@id":"https:\/\/www.suno.com.br\/noticias\/vale-vale3-producao-minerio-de-ferro-quarto-trimestre-2023-lt\/#breadcrumb","itemListElement":[{"@type":"ListItem","position":1,"name":"Not\u00edcias","item":"https:\/\/www.suno.com.br\/noticias\/"},{"@type":"ListItem","position":2,"name":"Mercado","item":"https:\/\/www.suno.com.br\/noticias\/mercado\/"},{"@type":"ListItem","position":3,"name":"Vale (VALE3): produ\u00e7\u00e3o de min\u00e9rio de ferro sobe 10,6% no 4T23, para 89,3 milh\u00f5es de toneladas \u00a0"}]},{"@type":"WebSite","@id":"https:\/\/www.suno.com.br\/noticias\/#website","url":"https:\/\/www.suno.com.br\/noticias\/","name":"Suno Not\u00edcias","description":"Seu portal de informa\u00e7\u00e3o sobre o mundo dos investimentos","publisher":{"@id":"https:\/\/www.suno.com.br\/noticias\/#organization"},"potentialAction":[{"@type":"SearchAction","target":{"@type":"EntryPoint","urlTemplate":"https:\/\/www.suno.com.br\/noticias\/?s={search_term_string}"},"query-input":{"@type":"PropertyValueSpecification","valueRequired":true,"valueName":"search_term_string"}}],"inLanguage":"pt-BR"},{"@type":"Organization","@id":"https:\/\/www.suno.com.br\/noticias\/#organization","name":"Suno Not\u00edcias","url":"https:\/\/www.suno.com.br\/noticias\/","logo":{"@type":"ImageObject","inLanguage":"pt-BR","@id":"https:\/\/www.suno.com.br\/noticias\/#\/schema\/logo\/image\/","url":"https:\/\/files.sunoresearch.com.br\/n\/uploads\/2021\/09\/suno-logo.png","contentUrl":"https:\/\/files.sunoresearch.com.br\/n\/uploads\/2021\/09\/suno-logo.png","width":180,"height":180,"caption":"Suno Not\u00edcias"},"image":{"@id":"https:\/\/www.suno.com.br\/noticias\/#\/schema\/logo\/image\/"},"sameAs":["https:\/\/facebook.com\/sunoresearch","https:\/\/x.com\/sunoresearch","https:\/\/www.instagram.com\/suno","https:\/\/www.linkedin.com\/company\/suno-research\/","https:\/\/www.youtube.com\/c\/sunoresearch"]},{"@type":"Person","@id":"https:\/\/www.suno.com.br\/noticias\/#\/schema\/person\/96b86313436a5af8c004989de27d4962","name":"Leandro Tavares","image":{"@type":"ImageObject","inLanguage":"pt-BR","@id":"https:\/\/www.suno.com.br\/noticias\/#\/schema\/person\/image\/","url":"https:\/\/secure.gravatar.com\/avatar\/cef3014f9ca74cf54fb41dc01807a08b?s=96&r=g","contentUrl":"https:\/\/secure.gravatar.com\/avatar\/cef3014f9ca74cf54fb41dc01807a08b?s=96&r=g","caption":"Leandro Tavares"},"url":"https:\/\/www.suno.com.br\/noticias\/author\/leandro-sbtavaresgmail-com\/"}]}},"default_loop_html":"<div class=\"cardsPage__listCard__boxs\"><div class=\"cardsPage__listCard__boxs__img\"><a href=\"https:\/\/www.suno.com.br\/noticias\/vale-vale3-producao-minerio-de-ferro-quarto-trimestre-2023-lt\/\"><img class=\"mask\" src=\"https:\/\/www.suno.com.br\/noticias\/wp-content\/themes\/suno\/resources\/images\/spotlight\/spotlight1img\/bg-mask.png\" alt=\"Image Mask\"\/><img src=\"https:\/\/files.sunoresearch.com.br\/n\/uploads\/2023\/05\/minerio-400x200.jpg\" alt=\"Vale (VALE3): produ\u00e7\u00e3o de min\u00e9rio de ferro sobe 10,6% no 4T23, para 89,3 milh\u00f5es de toneladas \u00a0\"\/><\/a><span class=\"spotlightCategory\"><a href=\"https:\/\/www.suno.com.br\/noticias\/mercado\/\">Mercado<\/a><\/span><\/div><div class=\"cardsPage__listCard__boxs__content\"><a href=\"https:\/\/www.suno.com.br\/noticias\/vale-vale3-producao-minerio-de-ferro-quarto-trimestre-2023-lt\/\"><h2 class=\"content__title\">Vale (VALE3): produ\u00e7\u00e3o de min\u00e9rio de ferro sobe 10,6% no 4T23, para 89,3 milh\u00f5es de toneladas \u00a0<\/h2><\/a><div class=\"newsContent__article__meta\"><div class=\"newsContent__article__meta__authorBox\"><a href=\"https:\/\/www.suno.com.br\/noticias\/author\/leandro-sbtavaresgmail-com\/\" class=\"authorBox__avatar noMobi\"><img src=\"https:\/\/files.sunoresearch.com.br\/n\/uploads\/2024\/01\/Foto-150x150.jpg\" alt=\"Leandro Tavares\"><\/a><div class=\"authorBox__name\"><span>por\n\t\t\t<a href=\"https:\/\/www.suno.com.br\/noticias\/author\/leandro-sbtavaresgmail-com\/\"><span itemprop=\"author\">Leandro Tavares<\/span><\/a><\/span><time datetime=\"2024-01-29T19:08:39-03:00\" itemprop=\"datePublished\">29\/01\/2024 19:08<\/time><\/div><\/div><\/div><\/div><\/div>","single_layout":"posts","amp_enabled":true,"_links":{"self":[{"href":"https:\/\/www.suno.com.br\/noticias\/wp-json\/wp\/v2\/posts\/517346"}],"collection":[{"href":"https:\/\/www.suno.com.br\/noticias\/wp-json\/wp\/v2\/posts"}],"about":[{"href":"https:\/\/www.suno.com.br\/noticias\/wp-json\/wp\/v2\/types\/post"}],"author":[{"embeddable":true,"href":"https:\/\/www.suno.com.br\/noticias\/wp-json\/wp\/v2\/users\/340"}],"replies":[{"embeddable":true,"href":"https:\/\/www.suno.com.br\/noticias\/wp-json\/wp\/v2\/comments?post=517346"}],"version-history":[{"count":2,"href":"https:\/\/www.suno.com.br\/noticias\/wp-json\/wp\/v2\/posts\/517346\/revisions"}],"predecessor-version":[{"id":517400,"href":"https:\/\/www.suno.com.br\/noticias\/wp-json\/wp\/v2\/posts\/517346\/revisions\/517400"}],"wp:featuredmedia":[{"embeddable":true,"href":"https:\/\/www.suno.com.br\/noticias\/wp-json\/wp\/v2\/media\/408649"}],"wp:attachment":[{"href":"https:\/\/www.suno.com.br\/noticias\/wp-json\/wp\/v2\/media?parent=517346"}],"wp:term":[{"taxonomy":"category","embeddable":true,"href":"https:\/\/www.suno.com.br\/noticias\/wp-json\/wp\/v2\/categories?post=517346"},{"taxonomy":"post_tag","embeddable":true,"href":"https:\/\/www.suno.com.br\/noticias\/wp-json\/wp\/v2\/tags?post=517346"},{"taxonomy":"suno_strategy","embeddable":true,"href":"https:\/\/www.suno.com.br\/noticias\/wp-json\/wp\/v2\/suno_strategy?post=517346"}],"curies":[{"name":"wp","href":"https:\/\/api.w.org\/{rel}","templated":true}]}}