{"id":51730,"date":"2020-02-03T10:41:33","date_gmt":"2020-02-03T12:41:33","guid":{"rendered":"https:\/\/www.suno.com.br\/noticias\/?p=51730"},"modified":"2020-02-03T10:43:15","modified_gmt":"2020-02-03T12:43:15","slug":"boletim-focus-diminui-projecao-ipca-5a-vez","status":"publish","type":"post","link":"https:\/\/www.suno.com.br\/noticias\/boletim-focus-diminui-projecao-ipca-5a-vez\/","title":{"rendered":"Boletim Focus diminui proje\u00e7\u00e3o para IPCA pela 5\u00aa vez consecutiva"},"content":{"rendered":"<p>A proje\u00e7\u00e3o do <strong>\u00cdndice Nacional de Pre\u00e7os ao Consumidor Amplo (IPCA) <\/strong>para 2020, realizada por especialistas das 100 principais institui\u00e7\u00f5es financeiras do mercado brasileiro, consultados pelo Banco Central, para a realiza\u00e7\u00e3o do <strong>Boletim<\/strong> <strong>Focus<\/strong>, caiu pela quinta semana seguida. Desta vez foi de 3,47% para 3,40%.<\/p>\t<div class=\"wrapper-featured-image\">\n\t\t<figure class=\"spotlightImg\">\n\n\t\t\t<picture>\n\t\t\t\t<source media=\"(max-width: 768px)\" srcset=\"https:\/\/files.sunoresearch.com.br\/n\/uploads\/2019\/06\/5efe8120-boletim-focus-400x200.webp\">\n\t\t\t\t<img loading=\"lazy\" decoding=\"async\" class=\"newsContent__article__imgCapa lazyloadDisabled newsContent__article__imgCapa--noCaption\" src=\"https:\/\/files.sunoresearch.com.br\/n\/uploads\/2019\/06\/5efe8120-boletim-focus-jpg.webp\" width=\"800\" height=\"450\" alt=\"Boletim Focus diminui proje\u00e7\u00e3o para IPCA pela 5\u00aa vez consecutiva\" fetchpriority=high \/>\n\t\t\t<\/picture>\n\n\t\t\t<figcaption class=\"wp-caption-text wp-caption-text--hide\">Boletim Focus<\/figcaption>\n\t\t<\/figure>\n\t<\/div>\n\n\n\n<p>Dessa forma, a <a href=\"https:\/\/www.suno.com.br\/artigos\/inflacao\/\">infla\u00e7\u00e3o<\/a> permanece abaixo da meta fixada pelo <a href=\"https:\/\/www.suno.com.br\/artigos\/cmn-conselho-monetario-nacional\/\">Conselho Monet\u00e1rio Nacional (CMN)<\/a> para este ano, de 4%. A meta tem uma toler\u00e2ncia de 1,5 ponto percentual, podendo ir de 2,5% at\u00e9 5,5%.<\/p>\n<p>Para 2021, os economistas ouvidos pela institui\u00e7\u00e3o monet\u00e1ria central preveem um aumento dos pre\u00e7os na ordem de 3,75%.<\/p>\n<p>O IPCA \u00e9 o indicador oficial da infla\u00e7\u00e3o no Brasil, e \u00e9 divulgado pelo <strong>Instituto Brasileiro de Geografia e Estat\u00edstica (IBGE)<\/strong> mensalmente. H\u00e1 ainda o IPCA-15, a pr\u00e9via mensal do indicador.<\/p>\n<h2>PIB<\/h2>\n<p>Al\u00e9m disso, o <a href=\"https:\/\/www.suno.com.br\/artigos\/bacen\/\">Banco Central (BC)<\/a> diminuiu a previs\u00e3o de crescimento do <strong><a href=\"https:\/\/www.suno.com.br\/artigos\/pib-produto-interno-bruto\/\">Produto Interno Bruto (PIB)<\/a><\/strong> para 2,30%, voltando para a mesma pr\u00e9via de quatro semanas atr\u00e1s. Para 2021, a previs\u00e3o continua em 2,50%.<\/p>\n<p>Os economistas mantiveram a previs\u00e3o para o c\u00e2mbio ao final de 2020. Segundo eles, no final deste ano, a cota\u00e7\u00e3o do real frente ao <a href=\"https:\/\/www.suno.com.br\/artigos\/dolar\/\"><strong>d\u00f3lar<\/strong><\/a> ser\u00e1 de R$ 4,10.<\/p>\n<h2>Selic<\/h2>\n<p>A nova previs\u00e3o da <a href=\"https:\/\/www.suno.com.br\/artigos\/taxa-selic\/\">taxa b\u00e1sica de juros do Pa\u00eds (<strong>Selic<\/strong>)<\/a> permaneceu no mesmo patamar da semana passada para 2020,\u00a0de 4,25%.<\/p>\n<p>H\u00e1 quatro semanas, no entanto, as previs\u00f5es dos economistas no <strong>Boletim Focus<\/strong> para a taxa Selic de 2020 era um pouco maior, de 4,50%. Sobre a Selic para o fim de 2021, o BC diminuiu a previs\u00e3o para 6%.<\/p>\n<h2>Boletim Focus<\/h2>\n<h2>2020<\/h2>\n<ul>\n<li><strong>PIB:<\/strong> a proje\u00e7\u00e3o do crescimento da economia caiu para 2,30%.<\/li>\n<li><strong>IPCA: <\/strong>o mercado reduziu a proje\u00e7\u00e3o para 3,40%. A meta central para 2020 ser\u00e1 de 4%, com intervalo de toler\u00e2ncia entre 2,5% e 5,5%.<\/li>\n<li><strong>Taxa Selic:<\/strong> a previs\u00e3o se manteve em 4,25%.<\/li>\n<li><strong>D\u00f3lar:<\/strong> os <a href=\"https:\/\/www.youtube.com\/watch?v=1npgrRjO7iE\">investidores<\/a> mantiveram a previs\u00e3o em R$ 4,10.<\/li>\n<li><strong>Balan\u00e7a Comercial:<\/strong> a expectativa para o super\u00e1vit aumentou para US$ 37,31 bilh\u00f5es.<\/li>\n<li><strong>Investimento estrangeiro direto: <\/strong>os economistas indicaram novamente US$ 80 bilh\u00f5es.<\/li>\n<\/ul>\n\t<p>\n\t\t<a href=\"https:\/\/lp.suno.com.br\/planilha-de-controle-de-investimentos\/\" target=\"_blank\" data-element=\"shortcode-suno-banner\" title=\"Banner SUNO, clique e saiba mais\">\n\t\t\t<picture>\n\t\t\t\t<source media=\"(max-width: 500px)\" srcset=\"https:\/\/files.sunoresearch.com.br\/n\/uploads\/2023\/03\/400x300-Controle-de-Investimentos.png\">\n\t\t\t\t<img class=\"newsContent__article__imgCapa newsContent__article__imgCapa--banner\"\n\t\t\t\t\tsrc=\"https:\/\/files.sunoresearch.com.br\/n\/uploads\/2023\/03\/1420x240-Controle-de-Investimentos.png\"\n\t\t\t\t\tdata-promo-id=\"75934\"\t\t\t\t\t\t\t\t\t\twidth='1420' height='240'\t\t\t\t\talt=\"https:\/\/files.sunoresearch.com.br\/n\/uploads\/2023\/03\/1420x240-Controle-de-Investimentos.png\"\n\t\t\t\t>\n\t\t\t<\/picture>\n\t\t<\/a>\n\t<\/p>\n\n\n<h2>2021<\/h2>\n<ul>\n<li><strong>PIB:<\/strong> a proje\u00e7\u00e3o do crescimento da economia foi mantida em 2,50%.<\/li>\n<li><strong>IPCA: <\/strong>o mercado mant\u00e9m a proje\u00e7\u00e3o de 3,75%. A meta central para 2020 ser\u00e1 de 4%, com intervalo de toler\u00e2ncia entre 2,5% e 5,5%.<\/li>\n<li><strong>Taxa Selic:<\/strong> a previs\u00e3o caiu para 6,25%.<\/li>\n<li><strong>D\u00f3lar:<\/strong> os <a href=\"https:\/\/www.youtube.com\/watch?v=1npgrRjO7iE\">investidores<\/a> aumentaram a previs\u00e3o para R$ 4,05.<\/li>\n<li><strong>Balan\u00e7a Comercial:<\/strong> a expectativa para o super\u00e1vit ficou em US$ 35,60 bilh\u00f5es.<\/li>\n<li><strong>Investimento estrangeiro direto: <\/strong>os economistas mantiveram em US$ 84,50 bilh\u00f5es.<\/li>\n<\/ul>\n<p>O <strong>Boletim Focus<\/strong> \u00e9 elaborado semanalmente pelo Banco Central na base das previs\u00f5es dos analistas de\u00a0mais de 100 institui\u00e7\u00f5es financeiras.<\/p>\n\n","protected":false},"excerpt":{"rendered":"<p>A proje\u00e7\u00e3o do \u00cdndice Nacional de Pre\u00e7os ao Consumidor Amplo (IPCA) para 2020, realizada por especialistas das 100 principais institui\u00e7\u00f5es financeiras do mercado brasileiro, consultados pelo Banco Central, para a realiza\u00e7\u00e3o do Boletim Focus, caiu pela quinta semana seguida. Desta vez foi de 3,47% para 3,40%. Boletim Focus Dessa forma, a infla\u00e7\u00e3o permanece abaixo da [&hellip;]<\/p>\n","protected":false},"author":19,"featured_media":28320,"comment_status":"closed","ping_status":"closed","sticky":false,"template":"","format":"standard","meta":[],"categories":[62],"tags":[834,966,807],"suno_strategy":[],"class_list":["post-51730","post","type-post","status-publish","format-standard","has-post-thumbnail","hentry","category-economia","tag-boletim-focus","tag-ipca","tag-produto-interno-bruto-pib"],"yoast_head":"<!-- This site is optimized with the Yoast SEO plugin v24.4 - https:\/\/yoast.com\/wordpress\/plugins\/seo\/ -->\n<title>Boletim Focus diminui proje\u00e7\u00e3o para IPCA pela 5\u00aa vez consecutiva<\/title>\n<meta name=\"description\" content=\"A proje\u00e7\u00e3o do IPCA, realizada por especialistas para a realiza\u00e7\u00e3o do Boletim Focus, foi diminu\u00edda pela 5\u00aa semana seguida. Clique e saiba mais.\" \/>\n<meta name=\"robots\" content=\"index, follow, max-snippet:-1, max-image-preview:large, max-video-preview:-1\" \/>\n<link rel=\"canonical\" href=\"https:\/\/www.suno.com.br\/noticias\/boletim-focus-diminui-projecao-ipca-5a-vez\/\" \/>\n<meta property=\"og:locale\" content=\"pt_BR\" \/>\n<meta property=\"og:type\" content=\"article\" \/>\n<meta property=\"og:title\" content=\"Boletim Focus diminui proje\u00e7\u00e3o para IPCA pela 5\u00aa vez consecutiva\" \/>\n<meta property=\"og:description\" content=\"A proje\u00e7\u00e3o do IPCA, realizada por especialistas para a realiza\u00e7\u00e3o do Boletim Focus, foi diminu\u00edda pela 5\u00aa semana seguida. Clique e saiba mais.\" \/>\n<meta property=\"og:url\" content=\"https:\/\/www.suno.com.br\/noticias\/boletim-focus-diminui-projecao-ipca-5a-vez\/\" \/>\n<meta property=\"og:site_name\" content=\"Suno Not\u00edcias\" \/>\n<meta property=\"article:publisher\" content=\"https:\/\/facebook.com\/sunoresearch\" \/>\n<meta property=\"og:image\" content=\"https:\/\/files.sunoresearch.com.br\/n\/uploads\/2019\/06\/5efe8120-boletim-focus.jpg\" \/>\n\t<meta property=\"og:image:width\" content=\"713\" \/>\n\t<meta property=\"og:image:height\" content=\"475\" \/>\n\t<meta property=\"og:image:type\" content=\"image\/jpeg\" \/>\n<meta name=\"author\" content=\"Juliano Passaro\" \/>\n<meta name=\"twitter:card\" content=\"summary_large_image\" \/>\n<meta name=\"twitter:creator\" content=\"@sunoresearch\" \/>\n<meta name=\"twitter:site\" content=\"@sunoresearch\" \/>\n<meta name=\"twitter:label1\" content=\"Escrito por\" \/>\n\t<meta name=\"twitter:data1\" content=\"Juliano Passaro\" \/>\n\t<meta name=\"twitter:label2\" content=\"Est. tempo de leitura\" \/>\n\t<meta name=\"twitter:data2\" content=\"2 minutos\" \/>\n<script type=\"application\/ld+json\" class=\"yoast-schema-graph\">{\"@context\":\"https:\/\/schema.org\",\"@graph\":[{\"@type\":\"NewsArticle\",\"@id\":\"https:\/\/www.suno.com.br\/noticias\/boletim-focus-diminui-projecao-ipca-5a-vez\/#article\",\"isPartOf\":{\"@id\":\"https:\/\/www.suno.com.br\/noticias\/boletim-focus-diminui-projecao-ipca-5a-vez\/\"},\"author\":{\"name\":\"Juliano Passaro\",\"@id\":\"https:\/\/www.suno.com.br\/noticias\/#\/schema\/person\/1db762f78ffd8919a648a63e425953e3\"},\"headline\":\"Boletim Focus diminui proje\u00e7\u00e3o para IPCA pela 5\u00aa vez consecutiva\",\"datePublished\":\"2020-02-03T12:41:33+00:00\",\"dateModified\":\"2020-02-03T12:43:15+00:00\",\"mainEntityOfPage\":{\"@id\":\"https:\/\/www.suno.com.br\/noticias\/boletim-focus-diminui-projecao-ipca-5a-vez\/\"},\"wordCount\":450,\"publisher\":{\"@id\":\"https:\/\/www.suno.com.br\/noticias\/#organization\"},\"image\":{\"@id\":\"https:\/\/www.suno.com.br\/noticias\/boletim-focus-diminui-projecao-ipca-5a-vez\/#primaryimage\"},\"thumbnailUrl\":\"https:\/\/files.sunoresearch.com.br\/n\/uploads\/2019\/06\/5efe8120-boletim-focus-jpg.webp\",\"keywords\":[\"Boletim Focus\",\"IPCA\",\"Produto Interno Bruto (PIB)\"],\"articleSection\":[\"Economia\"],\"inLanguage\":\"pt-BR\"},{\"@type\":\"WebPage\",\"@id\":\"https:\/\/www.suno.com.br\/noticias\/boletim-focus-diminui-projecao-ipca-5a-vez\/\",\"url\":\"https:\/\/www.suno.com.br\/noticias\/boletim-focus-diminui-projecao-ipca-5a-vez\/\",\"name\":\"Boletim Focus diminui proje\u00e7\u00e3o para IPCA pela 5\u00aa vez consecutiva\",\"isPartOf\":{\"@id\":\"https:\/\/www.suno.com.br\/noticias\/#website\"},\"primaryImageOfPage\":{\"@id\":\"https:\/\/www.suno.com.br\/noticias\/boletim-focus-diminui-projecao-ipca-5a-vez\/#primaryimage\"},\"image\":{\"@id\":\"https:\/\/www.suno.com.br\/noticias\/boletim-focus-diminui-projecao-ipca-5a-vez\/#primaryimage\"},\"thumbnailUrl\":\"https:\/\/files.sunoresearch.com.br\/n\/uploads\/2019\/06\/5efe8120-boletim-focus-jpg.webp\",\"datePublished\":\"2020-02-03T12:41:33+00:00\",\"dateModified\":\"2020-02-03T12:43:15+00:00\",\"description\":\"A proje\u00e7\u00e3o do IPCA, realizada por especialistas para a realiza\u00e7\u00e3o do Boletim Focus, foi diminu\u00edda pela 5\u00aa semana seguida. Clique e saiba mais.\",\"breadcrumb\":{\"@id\":\"https:\/\/www.suno.com.br\/noticias\/boletim-focus-diminui-projecao-ipca-5a-vez\/#breadcrumb\"},\"inLanguage\":\"pt-BR\",\"potentialAction\":[{\"@type\":\"ReadAction\",\"target\":[\"https:\/\/www.suno.com.br\/noticias\/boletim-focus-diminui-projecao-ipca-5a-vez\/\"]}]},{\"@type\":\"ImageObject\",\"inLanguage\":\"pt-BR\",\"@id\":\"https:\/\/www.suno.com.br\/noticias\/boletim-focus-diminui-projecao-ipca-5a-vez\/#primaryimage\",\"url\":\"https:\/\/files.sunoresearch.com.br\/n\/uploads\/2019\/06\/5efe8120-boletim-focus-jpg.webp\",\"contentUrl\":\"https:\/\/files.sunoresearch.com.br\/n\/uploads\/2019\/06\/5efe8120-boletim-focus-jpg.webp\",\"width\":713,\"height\":475,\"caption\":\"Boletim Focus\"},{\"@type\":\"BreadcrumbList\",\"@id\":\"https:\/\/www.suno.com.br\/noticias\/boletim-focus-diminui-projecao-ipca-5a-vez\/#breadcrumb\",\"itemListElement\":[{\"@type\":\"ListItem\",\"position\":1,\"name\":\"Not\u00edcias\",\"item\":\"https:\/\/www.suno.com.br\/noticias\/\"},{\"@type\":\"ListItem\",\"position\":2,\"name\":\"Economia\",\"item\":\"https:\/\/www.suno.com.br\/noticias\/economia\/\"},{\"@type\":\"ListItem\",\"position\":3,\"name\":\"Boletim Focus diminui proje\u00e7\u00e3o para IPCA pela 5\u00aa vez consecutiva\"}]},{\"@type\":\"WebSite\",\"@id\":\"https:\/\/www.suno.com.br\/noticias\/#website\",\"url\":\"https:\/\/www.suno.com.br\/noticias\/\",\"name\":\"Suno Not\u00edcias\",\"description\":\"Seu portal de informa\u00e7\u00e3o sobre o mundo dos investimentos\",\"publisher\":{\"@id\":\"https:\/\/www.suno.com.br\/noticias\/#organization\"},\"potentialAction\":[{\"@type\":\"SearchAction\",\"target\":{\"@type\":\"EntryPoint\",\"urlTemplate\":\"https:\/\/www.suno.com.br\/noticias\/?s={search_term_string}\"},\"query-input\":{\"@type\":\"PropertyValueSpecification\",\"valueRequired\":true,\"valueName\":\"search_term_string\"}}],\"inLanguage\":\"pt-BR\"},{\"@type\":\"Organization\",\"@id\":\"https:\/\/www.suno.com.br\/noticias\/#organization\",\"name\":\"Suno Not\u00edcias\",\"url\":\"https:\/\/www.suno.com.br\/noticias\/\",\"logo\":{\"@type\":\"ImageObject\",\"inLanguage\":\"pt-BR\",\"@id\":\"https:\/\/www.suno.com.br\/noticias\/#\/schema\/logo\/image\/\",\"url\":\"https:\/\/files.sunoresearch.com.br\/n\/uploads\/2021\/09\/suno-logo.png\",\"contentUrl\":\"https:\/\/files.sunoresearch.com.br\/n\/uploads\/2021\/09\/suno-logo.png\",\"width\":180,\"height\":180,\"caption\":\"Suno Not\u00edcias\"},\"image\":{\"@id\":\"https:\/\/www.suno.com.br\/noticias\/#\/schema\/logo\/image\/\"},\"sameAs\":[\"https:\/\/facebook.com\/sunoresearch\",\"https:\/\/x.com\/sunoresearch\",\"https:\/\/www.instagram.com\/suno\",\"https:\/\/www.linkedin.com\/company\/suno-research\/\",\"https:\/\/www.youtube.com\/c\/sunoresearch\"]},{\"@type\":\"Person\",\"@id\":\"https:\/\/www.suno.com.br\/noticias\/#\/schema\/person\/1db762f78ffd8919a648a63e425953e3\",\"name\":\"Juliano Passaro\",\"image\":{\"@type\":\"ImageObject\",\"inLanguage\":\"pt-BR\",\"@id\":\"https:\/\/www.suno.com.br\/noticias\/#\/schema\/person\/image\/\",\"url\":\"https:\/\/secure.gravatar.com\/avatar\/743d4df28eebf6dcc46b4ad03c319e92?s=96&r=g\",\"contentUrl\":\"https:\/\/secure.gravatar.com\/avatar\/743d4df28eebf6dcc46b4ad03c319e92?s=96&r=g\",\"caption\":\"Juliano Passaro\"},\"description\":\"Juliano Passaro escreve sobre pol\u00edtica, economia e neg\u00f3cios para o portal da Suno Research. Antes da Suno, trabalhou no Portal da Band. \u00c9 formado em jornalismo pela Universidade Presbiteriana Mackenzie.\",\"url\":\"https:\/\/www.suno.com.br\/noticias\/author\/juliano\/\"}]}<\/script>\n<!-- \/ Yoast SEO plugin. -->","yoast_head_json":{"title":"Boletim Focus diminui proje\u00e7\u00e3o para IPCA pela 5\u00aa vez consecutiva","description":"A proje\u00e7\u00e3o do IPCA, realizada por especialistas para a realiza\u00e7\u00e3o do Boletim Focus, foi diminu\u00edda pela 5\u00aa semana seguida. Clique e saiba mais.","robots":{"index":"index","follow":"follow","max-snippet":"max-snippet:-1","max-image-preview":"max-image-preview:large","max-video-preview":"max-video-preview:-1"},"canonical":"https:\/\/www.suno.com.br\/noticias\/boletim-focus-diminui-projecao-ipca-5a-vez\/","og_locale":"pt_BR","og_type":"article","og_title":"Boletim Focus diminui proje\u00e7\u00e3o para IPCA pela 5\u00aa vez consecutiva","og_description":"A proje\u00e7\u00e3o do IPCA, realizada por especialistas para a realiza\u00e7\u00e3o do Boletim Focus, foi diminu\u00edda pela 5\u00aa semana seguida. Clique e saiba mais.","og_url":"https:\/\/www.suno.com.br\/noticias\/boletim-focus-diminui-projecao-ipca-5a-vez\/","og_site_name":"Suno Not\u00edcias","article_publisher":"https:\/\/facebook.com\/sunoresearch","og_image":[{"width":713,"height":475,"url":"https:\/\/files.sunoresearch.com.br\/n\/uploads\/2019\/06\/5efe8120-boletim-focus.jpg","type":"image\/jpeg"}],"author":"Juliano Passaro","twitter_card":"summary_large_image","twitter_creator":"@sunoresearch","twitter_site":"@sunoresearch","twitter_misc":{"Escrito por":"Juliano Passaro","Est. tempo de leitura":"2 minutos"},"schema":{"@context":"https:\/\/schema.org","@graph":[{"@type":"NewsArticle","@id":"https:\/\/www.suno.com.br\/noticias\/boletim-focus-diminui-projecao-ipca-5a-vez\/#article","isPartOf":{"@id":"https:\/\/www.suno.com.br\/noticias\/boletim-focus-diminui-projecao-ipca-5a-vez\/"},"author":{"name":"Juliano Passaro","@id":"https:\/\/www.suno.com.br\/noticias\/#\/schema\/person\/1db762f78ffd8919a648a63e425953e3"},"headline":"Boletim Focus diminui proje\u00e7\u00e3o para IPCA pela 5\u00aa vez consecutiva","datePublished":"2020-02-03T12:41:33+00:00","dateModified":"2020-02-03T12:43:15+00:00","mainEntityOfPage":{"@id":"https:\/\/www.suno.com.br\/noticias\/boletim-focus-diminui-projecao-ipca-5a-vez\/"},"wordCount":450,"publisher":{"@id":"https:\/\/www.suno.com.br\/noticias\/#organization"},"image":{"@id":"https:\/\/www.suno.com.br\/noticias\/boletim-focus-diminui-projecao-ipca-5a-vez\/#primaryimage"},"thumbnailUrl":"https:\/\/files.sunoresearch.com.br\/n\/uploads\/2019\/06\/5efe8120-boletim-focus-jpg.webp","keywords":["Boletim Focus","IPCA","Produto Interno Bruto (PIB)"],"articleSection":["Economia"],"inLanguage":"pt-BR"},{"@type":"WebPage","@id":"https:\/\/www.suno.com.br\/noticias\/boletim-focus-diminui-projecao-ipca-5a-vez\/","url":"https:\/\/www.suno.com.br\/noticias\/boletim-focus-diminui-projecao-ipca-5a-vez\/","name":"Boletim Focus diminui proje\u00e7\u00e3o para IPCA pela 5\u00aa vez consecutiva","isPartOf":{"@id":"https:\/\/www.suno.com.br\/noticias\/#website"},"primaryImageOfPage":{"@id":"https:\/\/www.suno.com.br\/noticias\/boletim-focus-diminui-projecao-ipca-5a-vez\/#primaryimage"},"image":{"@id":"https:\/\/www.suno.com.br\/noticias\/boletim-focus-diminui-projecao-ipca-5a-vez\/#primaryimage"},"thumbnailUrl":"https:\/\/files.sunoresearch.com.br\/n\/uploads\/2019\/06\/5efe8120-boletim-focus-jpg.webp","datePublished":"2020-02-03T12:41:33+00:00","dateModified":"2020-02-03T12:43:15+00:00","description":"A proje\u00e7\u00e3o do IPCA, realizada por especialistas para a realiza\u00e7\u00e3o do Boletim Focus, foi diminu\u00edda pela 5\u00aa semana seguida. Clique e saiba mais.","breadcrumb":{"@id":"https:\/\/www.suno.com.br\/noticias\/boletim-focus-diminui-projecao-ipca-5a-vez\/#breadcrumb"},"inLanguage":"pt-BR","potentialAction":[{"@type":"ReadAction","target":["https:\/\/www.suno.com.br\/noticias\/boletim-focus-diminui-projecao-ipca-5a-vez\/"]}]},{"@type":"ImageObject","inLanguage":"pt-BR","@id":"https:\/\/www.suno.com.br\/noticias\/boletim-focus-diminui-projecao-ipca-5a-vez\/#primaryimage","url":"https:\/\/files.sunoresearch.com.br\/n\/uploads\/2019\/06\/5efe8120-boletim-focus-jpg.webp","contentUrl":"https:\/\/files.sunoresearch.com.br\/n\/uploads\/2019\/06\/5efe8120-boletim-focus-jpg.webp","width":713,"height":475,"caption":"Boletim Focus"},{"@type":"BreadcrumbList","@id":"https:\/\/www.suno.com.br\/noticias\/boletim-focus-diminui-projecao-ipca-5a-vez\/#breadcrumb","itemListElement":[{"@type":"ListItem","position":1,"name":"Not\u00edcias","item":"https:\/\/www.suno.com.br\/noticias\/"},{"@type":"ListItem","position":2,"name":"Economia","item":"https:\/\/www.suno.com.br\/noticias\/economia\/"},{"@type":"ListItem","position":3,"name":"Boletim Focus diminui proje\u00e7\u00e3o para IPCA pela 5\u00aa vez consecutiva"}]},{"@type":"WebSite","@id":"https:\/\/www.suno.com.br\/noticias\/#website","url":"https:\/\/www.suno.com.br\/noticias\/","name":"Suno Not\u00edcias","description":"Seu portal de informa\u00e7\u00e3o sobre o mundo dos investimentos","publisher":{"@id":"https:\/\/www.suno.com.br\/noticias\/#organization"},"potentialAction":[{"@type":"SearchAction","target":{"@type":"EntryPoint","urlTemplate":"https:\/\/www.suno.com.br\/noticias\/?s={search_term_string}"},"query-input":{"@type":"PropertyValueSpecification","valueRequired":true,"valueName":"search_term_string"}}],"inLanguage":"pt-BR"},{"@type":"Organization","@id":"https:\/\/www.suno.com.br\/noticias\/#organization","name":"Suno Not\u00edcias","url":"https:\/\/www.suno.com.br\/noticias\/","logo":{"@type":"ImageObject","inLanguage":"pt-BR","@id":"https:\/\/www.suno.com.br\/noticias\/#\/schema\/logo\/image\/","url":"https:\/\/files.sunoresearch.com.br\/n\/uploads\/2021\/09\/suno-logo.png","contentUrl":"https:\/\/files.sunoresearch.com.br\/n\/uploads\/2021\/09\/suno-logo.png","width":180,"height":180,"caption":"Suno Not\u00edcias"},"image":{"@id":"https:\/\/www.suno.com.br\/noticias\/#\/schema\/logo\/image\/"},"sameAs":["https:\/\/facebook.com\/sunoresearch","https:\/\/x.com\/sunoresearch","https:\/\/www.instagram.com\/suno","https:\/\/www.linkedin.com\/company\/suno-research\/","https:\/\/www.youtube.com\/c\/sunoresearch"]},{"@type":"Person","@id":"https:\/\/www.suno.com.br\/noticias\/#\/schema\/person\/1db762f78ffd8919a648a63e425953e3","name":"Juliano Passaro","image":{"@type":"ImageObject","inLanguage":"pt-BR","@id":"https:\/\/www.suno.com.br\/noticias\/#\/schema\/person\/image\/","url":"https:\/\/secure.gravatar.com\/avatar\/743d4df28eebf6dcc46b4ad03c319e92?s=96&r=g","contentUrl":"https:\/\/secure.gravatar.com\/avatar\/743d4df28eebf6dcc46b4ad03c319e92?s=96&r=g","caption":"Juliano Passaro"},"description":"Juliano Passaro escreve sobre pol\u00edtica, economia e neg\u00f3cios para o portal da Suno Research. Antes da Suno, trabalhou no Portal da Band. \u00c9 formado em jornalismo pela Universidade Presbiteriana Mackenzie.","url":"https:\/\/www.suno.com.br\/noticias\/author\/juliano\/"}]}},"default_loop_html":"<div class=\"cardsPage__listCard__boxs\"><div class=\"cardsPage__listCard__boxs__img\"><a href=\"https:\/\/www.suno.com.br\/noticias\/boletim-focus-diminui-projecao-ipca-5a-vez\/\"><img class=\"mask\" src=\"https:\/\/www.suno.com.br\/noticias\/wp-content\/themes\/suno\/resources\/images\/spotlight\/spotlight1img\/bg-mask.png\" alt=\"Image Mask\"\/><img src=\"https:\/\/files.sunoresearch.com.br\/n\/uploads\/2019\/06\/5efe8120-boletim-focus-400x200.webp\" alt=\"Boletim Focus diminui proje\u00e7\u00e3o para IPCA pela 5\u00aa vez consecutiva\"\/><\/a><span class=\"spotlightCategory\"><a href=\"https:\/\/www.suno.com.br\/noticias\/economia\/\">Economia<\/a><\/span><\/div><div class=\"cardsPage__listCard__boxs__content\"><a href=\"https:\/\/www.suno.com.br\/noticias\/boletim-focus-diminui-projecao-ipca-5a-vez\/\"><h2 class=\"content__title\">Boletim Focus diminui proje\u00e7\u00e3o para IPCA pela 5\u00aa vez consecutiva<\/h2><\/a><div class=\"newsContent__article__meta\"><div class=\"newsContent__article__meta__authorBox\"><a href=\"https:\/\/www.suno.com.br\/noticias\/author\/juliano\/\" class=\"authorBox__avatar noMobi\"><img src=\"https:\/\/files.sunoresearch.com.br\/n\/uploads\/2019\/06\/7cc3efea-whatsapp-image-2019-07-18-at-21.59.33-e1563499821209-150x150.webp\" alt=\"Juliano Passaro\"><\/a><div class=\"authorBox__name\"><span>por\n\t\t\t<a href=\"https:\/\/www.suno.com.br\/noticias\/author\/juliano\/\"><span itemprop=\"author\">Juliano Passaro<\/span><\/a><\/span><time datetime=\"2020-02-03T10:41:33-03:00\" itemprop=\"datePublished\">03\/02\/2020 10:41<\/time><\/div><\/div><\/div><\/div><\/div>","single_layout":"posts","amp_enabled":true,"_links":{"self":[{"href":"https:\/\/www.suno.com.br\/noticias\/wp-json\/wp\/v2\/posts\/51730"}],"collection":[{"href":"https:\/\/www.suno.com.br\/noticias\/wp-json\/wp\/v2\/posts"}],"about":[{"href":"https:\/\/www.suno.com.br\/noticias\/wp-json\/wp\/v2\/types\/post"}],"author":[{"embeddable":true,"href":"https:\/\/www.suno.com.br\/noticias\/wp-json\/wp\/v2\/users\/19"}],"replies":[{"embeddable":true,"href":"https:\/\/www.suno.com.br\/noticias\/wp-json\/wp\/v2\/comments?post=51730"}],"version-history":[{"count":0,"href":"https:\/\/www.suno.com.br\/noticias\/wp-json\/wp\/v2\/posts\/51730\/revisions"}],"wp:featuredmedia":[{"embeddable":true,"href":"https:\/\/www.suno.com.br\/noticias\/wp-json\/wp\/v2\/media\/28320"}],"wp:attachment":[{"href":"https:\/\/www.suno.com.br\/noticias\/wp-json\/wp\/v2\/media?parent=51730"}],"wp:term":[{"taxonomy":"category","embeddable":true,"href":"https:\/\/www.suno.com.br\/noticias\/wp-json\/wp\/v2\/categories?post=51730"},{"taxonomy":"post_tag","embeddable":true,"href":"https:\/\/www.suno.com.br\/noticias\/wp-json\/wp\/v2\/tags?post=51730"},{"taxonomy":"suno_strategy","embeddable":true,"href":"https:\/\/www.suno.com.br\/noticias\/wp-json\/wp\/v2\/suno_strategy?post=51730"}],"curies":[{"name":"wp","href":"https:\/\/api.w.org\/{rel}","templated":true}]}}