{"id":51714,"date":"2020-02-03T09:24:44","date_gmt":"2020-02-03T11:24:44","guid":{"rendered":"https:\/\/www.suno.com.br\/noticias\/?p=51714"},"modified":"2020-02-03T09:27:46","modified_gmt":"2020-02-03T11:27:46","slug":"bolsonaro-propoe-mudar-icms-da-gasolina-e-diesel-para-reduzir-precos","status":"publish","type":"post","link":"https:\/\/www.suno.com.br\/noticias\/bolsonaro-propoe-mudar-icms-da-gasolina-e-diesel-para-reduzir-precos\/","title":{"rendered":"Bolsonaro prop\u00f5e mudar ICMS de gasolina e diesel para reduzir pre\u00e7os"},"content":{"rendered":"<p>O presidente da Rep\u00fablica, <strong>Jair Bolsonaro<\/strong>, afirmou, no \u00faltimo domingo (2), que vai encaminhar uma proposta ao Legislativo para alterar a forma de cobran\u00e7a do <strong>ICMS<\/strong> que incide sobre o pre\u00e7o da <strong>gasolina<\/strong> e <strong>diesel<\/strong>.<\/p>\t<div class=\"wrapper-featured-image\">\n\t\t<figure class=\"spotlightImg\">\n\n\t\t\t<picture>\n\t\t\t\t<source media=\"(max-width: 768px)\" srcset=\"https:\/\/files.sunoresearch.com.br\/n\/uploads\/2018\/09\/6fa8bfd5-gasolina-petrobras-400x200.webp\">\n\t\t\t\t<img loading=\"lazy\" decoding=\"async\" class=\"newsContent__article__imgCapa lazyloadDisabled newsContent__article__imgCapa--noCaption\" src=\"https:\/\/files.sunoresearch.com.br\/n\/uploads\/2018\/09\/6fa8bfd5-gasolina-petrobras-800x450.webp\" width=\"800\" height=\"450\" alt=\"Bolsonaro prop\u00f5e mudar ICMS de gasolina e diesel para reduzir pre\u00e7os\" fetchpriority=high \/>\n\t\t\t<\/picture>\n\n\t\t\t<figcaption class=\"wp-caption-text wp-caption-text--hide\">Petrobras<\/figcaption>\n\t\t<\/figure>\n\t<\/div>\n\n\n\n<p>Pelo seu Twitter, Bolsonaro disse que o \u00fanico meio pelo qual o valor da gasolina e do diesel seja reduzido \u00e9 atrav\u00e9s da Legisla\u00e7\u00e3o. &#8220;O presidente da Rep\u00fablica encaminhar\u00e1 proposta ao Legislativo e lutar\u00e1 pela sua aprova\u00e7\u00e3o&#8221;.<\/p>\n<p class=\"twitter-tweet\">\n<p dir=\"ltr\" lang=\"pt\">3. &#8211; Como regra, os governadores n\u00e3o admitem perder receita, mesmo que o pre\u00e7o do litro nas refinarias caia para R$ 0,50 o litro.<\/p>\n<p>&#8211; O que o presidente da Rep\u00fablica pode fazer, para diminuir ent\u00e3o o pre\u00e7o do diesel\/gasolina para o consumidor?<\/p>\n<p>\u2014 Jair M. Bolsonaro (@jairbolsonaro) <a href=\"https:\/\/twitter.com\/jairbolsonaro\/status\/1224071155889381378?ref_src=twsrc%5Etfw\">February 2, 2020<\/a><\/p>\n<p><script async src=\"https:\/\/platform.twitter.com\/widgets.js\" charset=\"utf-8\"><\/script><\/p>\n<p>O post inicia com uma indaga\u00e7\u00e3o sobre o governo diminuir o pre\u00e7o dos combust\u00edveis &#8220;mas os pre\u00e7os n\u00e3o diminuem nos postos, por que?&#8221;. Segundo o presidente, o modelo aplicado em imposto federal consiste que haja um valor fixo por litro, desse modo, a cota\u00e7\u00e3o do petr\u00f3leo impacta diretamente na arrecada\u00e7\u00e3o dos Estados.<\/p>\n\t<p>\n\t\t<a href=\"https:\/\/lp.suno.com.br\/ao\/cadastro-whatsapp\/?utm_source=sunoresearch&#038;utm_medium=banner.sidebar&#038;utm_campaign=_SNC1787C4C9_\" target=\"_blank\" data-element=\"shortcode-suno-banner\" title=\"Banner SUNO, clique e saiba mais\">\n\t\t\t<picture>\n\t\t\t\t<source media=\"(max-width: 500px)\" srcset=\"https:\/\/files.sunoresearch.com.br\/n\/uploads\/2024\/09\/wpp-suno.png\">\n\t\t\t\t<img class=\"newsContent__article__imgCapa newsContent__article__imgCapa--banner\"\n\t\t\t\t\tsrc=\"https:\/\/files.sunoresearch.com.br\/n\/uploads\/2024\/09\/wpp-suno.png\"\n\t\t\t\t\tdata-promo-id=\"574195\"\t\t\t\t\t\t\t\t\t\twidth='360' height='98'\t\t\t\t\talt=\"https:\/\/files.sunoresearch.com.br\/n\/uploads\/2024\/09\/wpp-suno.png\"\n\t\t\t\t>\n\t\t\t<\/picture>\n\t\t<\/a>\n\t<\/p>\n\n\n<p>Por isso, o mandat\u00e1rio prop\u00f5e a incid\u00eancia de um valor fixo do imposto por litros ao contr\u00e1rio de ser incidente sobre a m\u00e9dia de pre\u00e7o cobrado nos postos. &#8220;Os governadores cobram, em m\u00e9dia, 30% de ICMS sobre o valor m\u00e9dio cobrado nas bombas dos postos e atualizam apenas de 15 em 15 dias, prejudicando o consumidor&#8221;.<\/p>\n<p><a href=\"\/\/www.suno.com.br\/noticias\/petrobras-reduz-preco-da-gasolina-em-15-nas-refinarias\/\">Veja Tamb\u00e9m: Petrobras reduz pre\u00e7o da gasolina em 1,5% nas refinarias<\/a><\/p>\n<p>O ICMS (imposto sobre opera\u00e7\u00f5es relativas \u00e0 circula\u00e7\u00e3o de mercadorias e sobre presta\u00e7\u00f5es de servi\u00e7os de transporte interestadual, intermunicipal e de comunica\u00e7\u00e3o) representa um ter\u00e7o do pre\u00e7o do final dos combust\u00edveis. Cada Estado tem a autonomia para definir sua al\u00edquota do imposto.<\/p>\n<p>Bolsonaro relembrou que o governo reduziu, no dia 24 de janeiro, pela terceira vez consecutiva os pre\u00e7os da <strong>gasolina<\/strong> e diesel nas refinarias.<\/p>\n\n","protected":false},"excerpt":{"rendered":"<p>O presidente da Rep\u00fablica, Jair Bolsonaro, afirmou, no \u00faltimo domingo (2), que vai encaminhar uma proposta ao Legislativo para alterar a forma de cobran\u00e7a do ICMS que incide sobre o pre\u00e7o da gasolina e diesel. Petrobras Pelo seu Twitter, Bolsonaro disse que o \u00fanico meio pelo qual o valor da gasolina e do diesel seja [&hellip;]<\/p>\n","protected":false},"author":15,"featured_media":3586,"comment_status":"closed","ping_status":"closed","sticky":false,"template":"","format":"standard","meta":[],"categories":[62],"tags":[1338,1192,879,719],"suno_strategy":[],"class_list":["post-51714","post","type-post","status-publish","format-standard","has-post-thumbnail","hentry","category-economia","tag-biodiesel","tag-diesel","tag-gasolina","tag-jair-bolsonaro"],"yoast_head":"<!-- This site is optimized with the Yoast SEO plugin v24.4 - https:\/\/yoast.com\/wordpress\/plugins\/seo\/ -->\n<title>Bolsonaro prop\u00f5e mudar ICMS da gasolina e diesel para reduzir pre\u00e7os<\/title>\n<meta name=\"description\" content=\"Bolsonaro vai propor ao Legislativo para alterar a forma de cobran\u00e7a do ICMS que incide sobre o pre\u00e7o da gasolina e diesel. Clique aqui\" \/>\n<meta name=\"robots\" content=\"index, follow, max-snippet:-1, max-image-preview:large, max-video-preview:-1\" \/>\n<link rel=\"canonical\" href=\"https:\/\/www.suno.com.br\/noticias\/bolsonaro-propoe-mudar-icms-da-gasolina-e-diesel-para-reduzir-precos\/\" \/>\n<meta property=\"og:locale\" content=\"pt_BR\" \/>\n<meta property=\"og:type\" content=\"article\" \/>\n<meta property=\"og:title\" content=\"Bolsonaro prop\u00f5e mudar ICMS da gasolina e diesel para reduzir pre\u00e7os\" \/>\n<meta property=\"og:description\" content=\"Bolsonaro vai propor ao Legislativo para alterar a forma de cobran\u00e7a do ICMS que incide sobre o pre\u00e7o da gasolina e diesel. Clique aqui\" \/>\n<meta property=\"og:url\" content=\"https:\/\/www.suno.com.br\/noticias\/bolsonaro-propoe-mudar-icms-da-gasolina-e-diesel-para-reduzir-precos\/\" \/>\n<meta property=\"og:site_name\" content=\"Suno Not\u00edcias\" \/>\n<meta property=\"article:publisher\" content=\"https:\/\/facebook.com\/sunoresearch\" \/>\n<meta property=\"og:image\" content=\"https:\/\/files.sunoresearch.com.br\/n\/uploads\/2018\/09\/6fa8bfd5-gasolina-petrobras.jpg\" \/>\n\t<meta property=\"og:image:width\" content=\"1920\" \/>\n\t<meta property=\"og:image:height\" content=\"1277\" \/>\n\t<meta property=\"og:image:type\" content=\"image\/jpeg\" \/>\n<meta name=\"author\" content=\"Poliana Santos\" \/>\n<meta name=\"twitter:card\" content=\"summary_large_image\" \/>\n<meta name=\"twitter:creator\" content=\"@sunoresearch\" \/>\n<meta name=\"twitter:site\" content=\"@sunoresearch\" \/>\n<meta name=\"twitter:label1\" content=\"Escrito por\" \/>\n\t<meta name=\"twitter:data1\" content=\"Poliana Santos\" \/>\n\t<meta name=\"twitter:label2\" content=\"Est. tempo de leitura\" \/>\n\t<meta name=\"twitter:data2\" content=\"2 minutos\" \/>\n<script type=\"application\/ld+json\" class=\"yoast-schema-graph\">{\"@context\":\"https:\/\/schema.org\",\"@graph\":[{\"@type\":\"NewsArticle\",\"@id\":\"https:\/\/www.suno.com.br\/noticias\/bolsonaro-propoe-mudar-icms-da-gasolina-e-diesel-para-reduzir-precos\/#article\",\"isPartOf\":{\"@id\":\"https:\/\/www.suno.com.br\/noticias\/bolsonaro-propoe-mudar-icms-da-gasolina-e-diesel-para-reduzir-precos\/\"},\"author\":{\"name\":\"Poliana Santos\",\"@id\":\"https:\/\/www.suno.com.br\/noticias\/#\/schema\/person\/02ec1f752758247878a2bf4abee1aeda\"},\"headline\":\"Bolsonaro prop\u00f5e mudar ICMS de gasolina e diesel para reduzir pre\u00e7os\",\"datePublished\":\"2020-02-03T11:24:44+00:00\",\"dateModified\":\"2020-02-03T11:27:46+00:00\",\"mainEntityOfPage\":{\"@id\":\"https:\/\/www.suno.com.br\/noticias\/bolsonaro-propoe-mudar-icms-da-gasolina-e-diesel-para-reduzir-precos\/\"},\"wordCount\":359,\"publisher\":{\"@id\":\"https:\/\/www.suno.com.br\/noticias\/#organization\"},\"image\":{\"@id\":\"https:\/\/www.suno.com.br\/noticias\/bolsonaro-propoe-mudar-icms-da-gasolina-e-diesel-para-reduzir-precos\/#primaryimage\"},\"thumbnailUrl\":\"https:\/\/files.sunoresearch.com.br\/n\/uploads\/2018\/09\/6fa8bfd5-gasolina-petrobras-jpg.webp\",\"keywords\":[\"biodiesel\",\"diesel\",\"Gasolina\",\"Jair Bolsonaro\"],\"articleSection\":[\"Economia\"],\"inLanguage\":\"pt-BR\"},{\"@type\":\"WebPage\",\"@id\":\"https:\/\/www.suno.com.br\/noticias\/bolsonaro-propoe-mudar-icms-da-gasolina-e-diesel-para-reduzir-precos\/\",\"url\":\"https:\/\/www.suno.com.br\/noticias\/bolsonaro-propoe-mudar-icms-da-gasolina-e-diesel-para-reduzir-precos\/\",\"name\":\"Bolsonaro prop\u00f5e mudar ICMS da gasolina e diesel para reduzir pre\u00e7os\",\"isPartOf\":{\"@id\":\"https:\/\/www.suno.com.br\/noticias\/#website\"},\"primaryImageOfPage\":{\"@id\":\"https:\/\/www.suno.com.br\/noticias\/bolsonaro-propoe-mudar-icms-da-gasolina-e-diesel-para-reduzir-precos\/#primaryimage\"},\"image\":{\"@id\":\"https:\/\/www.suno.com.br\/noticias\/bolsonaro-propoe-mudar-icms-da-gasolina-e-diesel-para-reduzir-precos\/#primaryimage\"},\"thumbnailUrl\":\"https:\/\/files.sunoresearch.com.br\/n\/uploads\/2018\/09\/6fa8bfd5-gasolina-petrobras-jpg.webp\",\"datePublished\":\"2020-02-03T11:24:44+00:00\",\"dateModified\":\"2020-02-03T11:27:46+00:00\",\"description\":\"Bolsonaro vai propor ao Legislativo para alterar a forma de cobran\u00e7a do ICMS que incide sobre o pre\u00e7o da gasolina e diesel. Clique aqui\",\"breadcrumb\":{\"@id\":\"https:\/\/www.suno.com.br\/noticias\/bolsonaro-propoe-mudar-icms-da-gasolina-e-diesel-para-reduzir-precos\/#breadcrumb\"},\"inLanguage\":\"pt-BR\",\"potentialAction\":[{\"@type\":\"ReadAction\",\"target\":[\"https:\/\/www.suno.com.br\/noticias\/bolsonaro-propoe-mudar-icms-da-gasolina-e-diesel-para-reduzir-precos\/\"]}]},{\"@type\":\"ImageObject\",\"inLanguage\":\"pt-BR\",\"@id\":\"https:\/\/www.suno.com.br\/noticias\/bolsonaro-propoe-mudar-icms-da-gasolina-e-diesel-para-reduzir-precos\/#primaryimage\",\"url\":\"https:\/\/files.sunoresearch.com.br\/n\/uploads\/2018\/09\/6fa8bfd5-gasolina-petrobras-jpg.webp\",\"contentUrl\":\"https:\/\/files.sunoresearch.com.br\/n\/uploads\/2018\/09\/6fa8bfd5-gasolina-petrobras-jpg.webp\",\"width\":1920,\"height\":1277,\"caption\":\"Petrobras\"},{\"@type\":\"BreadcrumbList\",\"@id\":\"https:\/\/www.suno.com.br\/noticias\/bolsonaro-propoe-mudar-icms-da-gasolina-e-diesel-para-reduzir-precos\/#breadcrumb\",\"itemListElement\":[{\"@type\":\"ListItem\",\"position\":1,\"name\":\"Not\u00edcias\",\"item\":\"https:\/\/www.suno.com.br\/noticias\/\"},{\"@type\":\"ListItem\",\"position\":2,\"name\":\"Economia\",\"item\":\"https:\/\/www.suno.com.br\/noticias\/economia\/\"},{\"@type\":\"ListItem\",\"position\":3,\"name\":\"Bolsonaro prop\u00f5e mudar ICMS de gasolina e diesel para reduzir pre\u00e7os\"}]},{\"@type\":\"WebSite\",\"@id\":\"https:\/\/www.suno.com.br\/noticias\/#website\",\"url\":\"https:\/\/www.suno.com.br\/noticias\/\",\"name\":\"Suno Not\u00edcias\",\"description\":\"Seu portal de informa\u00e7\u00e3o sobre o mundo dos investimentos\",\"publisher\":{\"@id\":\"https:\/\/www.suno.com.br\/noticias\/#organization\"},\"potentialAction\":[{\"@type\":\"SearchAction\",\"target\":{\"@type\":\"EntryPoint\",\"urlTemplate\":\"https:\/\/www.suno.com.br\/noticias\/?s={search_term_string}\"},\"query-input\":{\"@type\":\"PropertyValueSpecification\",\"valueRequired\":true,\"valueName\":\"search_term_string\"}}],\"inLanguage\":\"pt-BR\"},{\"@type\":\"Organization\",\"@id\":\"https:\/\/www.suno.com.br\/noticias\/#organization\",\"name\":\"Suno Not\u00edcias\",\"url\":\"https:\/\/www.suno.com.br\/noticias\/\",\"logo\":{\"@type\":\"ImageObject\",\"inLanguage\":\"pt-BR\",\"@id\":\"https:\/\/www.suno.com.br\/noticias\/#\/schema\/logo\/image\/\",\"url\":\"https:\/\/files.sunoresearch.com.br\/n\/uploads\/2021\/09\/suno-logo.png\",\"contentUrl\":\"https:\/\/files.sunoresearch.com.br\/n\/uploads\/2021\/09\/suno-logo.png\",\"width\":180,\"height\":180,\"caption\":\"Suno Not\u00edcias\"},\"image\":{\"@id\":\"https:\/\/www.suno.com.br\/noticias\/#\/schema\/logo\/image\/\"},\"sameAs\":[\"https:\/\/facebook.com\/sunoresearch\",\"https:\/\/x.com\/sunoresearch\",\"https:\/\/www.instagram.com\/suno\",\"https:\/\/www.linkedin.com\/company\/suno-research\/\",\"https:\/\/www.youtube.com\/c\/sunoresearch\"]},{\"@type\":\"Person\",\"@id\":\"https:\/\/www.suno.com.br\/noticias\/#\/schema\/person\/02ec1f752758247878a2bf4abee1aeda\",\"name\":\"Poliana Santos\",\"image\":{\"@type\":\"ImageObject\",\"inLanguage\":\"pt-BR\",\"@id\":\"https:\/\/www.suno.com.br\/noticias\/#\/schema\/person\/image\/\",\"url\":\"https:\/\/secure.gravatar.com\/avatar\/0645bd32f23d87b2130f2b2dff1d3f8d?s=96&r=g\",\"contentUrl\":\"https:\/\/secure.gravatar.com\/avatar\/0645bd32f23d87b2130f2b2dff1d3f8d?s=96&r=g\",\"caption\":\"Poliana Santos\"},\"description\":\"Rep\u00f3rter no Suno Not\u00edcias, com cobertura em mercado financeiro, economia, finan\u00e7as pessoais, renda fixa e varejo. Jornalista formada pela Faculdade C\u00e1sper L\u00edbero e possui passagem na R\u00e1dio Gazeta AM com a produ\u00e7\u00e3o de conte\u00fado sobre economia, pol\u00edtica, sa\u00fade, moda e m\u00fasica. Possui certificado de conclus\u00e3o do curso de An\u00e1lise de Balan\u00e7os pela Funda\u00e7\u00e3o Bradesco, Agenda Brasil pela FAAP, Educa\u00e7\u00e3o Pol\u00edtica por Alexandre Garcia e do Tesouro Direto e Mercado de A\u00e7\u00f5es pela B3.\",\"url\":\"https:\/\/www.suno.com.br\/noticias\/author\/poliana-santos\/\"}]}<\/script>\n<!-- \/ Yoast SEO plugin. -->","yoast_head_json":{"title":"Bolsonaro prop\u00f5e mudar ICMS da gasolina e diesel para reduzir pre\u00e7os","description":"Bolsonaro vai propor ao Legislativo para alterar a forma de cobran\u00e7a do ICMS que incide sobre o pre\u00e7o da gasolina e diesel. Clique aqui","robots":{"index":"index","follow":"follow","max-snippet":"max-snippet:-1","max-image-preview":"max-image-preview:large","max-video-preview":"max-video-preview:-1"},"canonical":"https:\/\/www.suno.com.br\/noticias\/bolsonaro-propoe-mudar-icms-da-gasolina-e-diesel-para-reduzir-precos\/","og_locale":"pt_BR","og_type":"article","og_title":"Bolsonaro prop\u00f5e mudar ICMS da gasolina e diesel para reduzir pre\u00e7os","og_description":"Bolsonaro vai propor ao Legislativo para alterar a forma de cobran\u00e7a do ICMS que incide sobre o pre\u00e7o da gasolina e diesel. Clique aqui","og_url":"https:\/\/www.suno.com.br\/noticias\/bolsonaro-propoe-mudar-icms-da-gasolina-e-diesel-para-reduzir-precos\/","og_site_name":"Suno Not\u00edcias","article_publisher":"https:\/\/facebook.com\/sunoresearch","og_image":[{"width":1920,"height":1277,"url":"https:\/\/files.sunoresearch.com.br\/n\/uploads\/2018\/09\/6fa8bfd5-gasolina-petrobras.jpg","type":"image\/jpeg"}],"author":"Poliana Santos","twitter_card":"summary_large_image","twitter_creator":"@sunoresearch","twitter_site":"@sunoresearch","twitter_misc":{"Escrito por":"Poliana Santos","Est. tempo de leitura":"2 minutos"},"schema":{"@context":"https:\/\/schema.org","@graph":[{"@type":"NewsArticle","@id":"https:\/\/www.suno.com.br\/noticias\/bolsonaro-propoe-mudar-icms-da-gasolina-e-diesel-para-reduzir-precos\/#article","isPartOf":{"@id":"https:\/\/www.suno.com.br\/noticias\/bolsonaro-propoe-mudar-icms-da-gasolina-e-diesel-para-reduzir-precos\/"},"author":{"name":"Poliana Santos","@id":"https:\/\/www.suno.com.br\/noticias\/#\/schema\/person\/02ec1f752758247878a2bf4abee1aeda"},"headline":"Bolsonaro prop\u00f5e mudar ICMS de gasolina e diesel para reduzir pre\u00e7os","datePublished":"2020-02-03T11:24:44+00:00","dateModified":"2020-02-03T11:27:46+00:00","mainEntityOfPage":{"@id":"https:\/\/www.suno.com.br\/noticias\/bolsonaro-propoe-mudar-icms-da-gasolina-e-diesel-para-reduzir-precos\/"},"wordCount":359,"publisher":{"@id":"https:\/\/www.suno.com.br\/noticias\/#organization"},"image":{"@id":"https:\/\/www.suno.com.br\/noticias\/bolsonaro-propoe-mudar-icms-da-gasolina-e-diesel-para-reduzir-precos\/#primaryimage"},"thumbnailUrl":"https:\/\/files.sunoresearch.com.br\/n\/uploads\/2018\/09\/6fa8bfd5-gasolina-petrobras-jpg.webp","keywords":["biodiesel","diesel","Gasolina","Jair Bolsonaro"],"articleSection":["Economia"],"inLanguage":"pt-BR"},{"@type":"WebPage","@id":"https:\/\/www.suno.com.br\/noticias\/bolsonaro-propoe-mudar-icms-da-gasolina-e-diesel-para-reduzir-precos\/","url":"https:\/\/www.suno.com.br\/noticias\/bolsonaro-propoe-mudar-icms-da-gasolina-e-diesel-para-reduzir-precos\/","name":"Bolsonaro prop\u00f5e mudar ICMS da gasolina e diesel para reduzir pre\u00e7os","isPartOf":{"@id":"https:\/\/www.suno.com.br\/noticias\/#website"},"primaryImageOfPage":{"@id":"https:\/\/www.suno.com.br\/noticias\/bolsonaro-propoe-mudar-icms-da-gasolina-e-diesel-para-reduzir-precos\/#primaryimage"},"image":{"@id":"https:\/\/www.suno.com.br\/noticias\/bolsonaro-propoe-mudar-icms-da-gasolina-e-diesel-para-reduzir-precos\/#primaryimage"},"thumbnailUrl":"https:\/\/files.sunoresearch.com.br\/n\/uploads\/2018\/09\/6fa8bfd5-gasolina-petrobras-jpg.webp","datePublished":"2020-02-03T11:24:44+00:00","dateModified":"2020-02-03T11:27:46+00:00","description":"Bolsonaro vai propor ao Legislativo para alterar a forma de cobran\u00e7a do ICMS que incide sobre o pre\u00e7o da gasolina e diesel. Clique aqui","breadcrumb":{"@id":"https:\/\/www.suno.com.br\/noticias\/bolsonaro-propoe-mudar-icms-da-gasolina-e-diesel-para-reduzir-precos\/#breadcrumb"},"inLanguage":"pt-BR","potentialAction":[{"@type":"ReadAction","target":["https:\/\/www.suno.com.br\/noticias\/bolsonaro-propoe-mudar-icms-da-gasolina-e-diesel-para-reduzir-precos\/"]}]},{"@type":"ImageObject","inLanguage":"pt-BR","@id":"https:\/\/www.suno.com.br\/noticias\/bolsonaro-propoe-mudar-icms-da-gasolina-e-diesel-para-reduzir-precos\/#primaryimage","url":"https:\/\/files.sunoresearch.com.br\/n\/uploads\/2018\/09\/6fa8bfd5-gasolina-petrobras-jpg.webp","contentUrl":"https:\/\/files.sunoresearch.com.br\/n\/uploads\/2018\/09\/6fa8bfd5-gasolina-petrobras-jpg.webp","width":1920,"height":1277,"caption":"Petrobras"},{"@type":"BreadcrumbList","@id":"https:\/\/www.suno.com.br\/noticias\/bolsonaro-propoe-mudar-icms-da-gasolina-e-diesel-para-reduzir-precos\/#breadcrumb","itemListElement":[{"@type":"ListItem","position":1,"name":"Not\u00edcias","item":"https:\/\/www.suno.com.br\/noticias\/"},{"@type":"ListItem","position":2,"name":"Economia","item":"https:\/\/www.suno.com.br\/noticias\/economia\/"},{"@type":"ListItem","position":3,"name":"Bolsonaro prop\u00f5e mudar ICMS de gasolina e diesel para reduzir pre\u00e7os"}]},{"@type":"WebSite","@id":"https:\/\/www.suno.com.br\/noticias\/#website","url":"https:\/\/www.suno.com.br\/noticias\/","name":"Suno Not\u00edcias","description":"Seu portal de informa\u00e7\u00e3o sobre o mundo dos investimentos","publisher":{"@id":"https:\/\/www.suno.com.br\/noticias\/#organization"},"potentialAction":[{"@type":"SearchAction","target":{"@type":"EntryPoint","urlTemplate":"https:\/\/www.suno.com.br\/noticias\/?s={search_term_string}"},"query-input":{"@type":"PropertyValueSpecification","valueRequired":true,"valueName":"search_term_string"}}],"inLanguage":"pt-BR"},{"@type":"Organization","@id":"https:\/\/www.suno.com.br\/noticias\/#organization","name":"Suno Not\u00edcias","url":"https:\/\/www.suno.com.br\/noticias\/","logo":{"@type":"ImageObject","inLanguage":"pt-BR","@id":"https:\/\/www.suno.com.br\/noticias\/#\/schema\/logo\/image\/","url":"https:\/\/files.sunoresearch.com.br\/n\/uploads\/2021\/09\/suno-logo.png","contentUrl":"https:\/\/files.sunoresearch.com.br\/n\/uploads\/2021\/09\/suno-logo.png","width":180,"height":180,"caption":"Suno Not\u00edcias"},"image":{"@id":"https:\/\/www.suno.com.br\/noticias\/#\/schema\/logo\/image\/"},"sameAs":["https:\/\/facebook.com\/sunoresearch","https:\/\/x.com\/sunoresearch","https:\/\/www.instagram.com\/suno","https:\/\/www.linkedin.com\/company\/suno-research\/","https:\/\/www.youtube.com\/c\/sunoresearch"]},{"@type":"Person","@id":"https:\/\/www.suno.com.br\/noticias\/#\/schema\/person\/02ec1f752758247878a2bf4abee1aeda","name":"Poliana Santos","image":{"@type":"ImageObject","inLanguage":"pt-BR","@id":"https:\/\/www.suno.com.br\/noticias\/#\/schema\/person\/image\/","url":"https:\/\/secure.gravatar.com\/avatar\/0645bd32f23d87b2130f2b2dff1d3f8d?s=96&r=g","contentUrl":"https:\/\/secure.gravatar.com\/avatar\/0645bd32f23d87b2130f2b2dff1d3f8d?s=96&r=g","caption":"Poliana Santos"},"description":"Rep\u00f3rter no Suno Not\u00edcias, com cobertura em mercado financeiro, economia, finan\u00e7as pessoais, renda fixa e varejo. Jornalista formada pela Faculdade C\u00e1sper L\u00edbero e possui passagem na R\u00e1dio Gazeta AM com a produ\u00e7\u00e3o de conte\u00fado sobre economia, pol\u00edtica, sa\u00fade, moda e m\u00fasica. Possui certificado de conclus\u00e3o do curso de An\u00e1lise de Balan\u00e7os pela Funda\u00e7\u00e3o Bradesco, Agenda Brasil pela FAAP, Educa\u00e7\u00e3o Pol\u00edtica por Alexandre Garcia e do Tesouro Direto e Mercado de A\u00e7\u00f5es pela B3.","url":"https:\/\/www.suno.com.br\/noticias\/author\/poliana-santos\/"}]}},"default_loop_html":"<div class=\"cardsPage__listCard__boxs\"><div class=\"cardsPage__listCard__boxs__img\"><a href=\"https:\/\/www.suno.com.br\/noticias\/bolsonaro-propoe-mudar-icms-da-gasolina-e-diesel-para-reduzir-precos\/\"><img class=\"mask\" src=\"https:\/\/www.suno.com.br\/noticias\/wp-content\/themes\/suno\/resources\/images\/spotlight\/spotlight1img\/bg-mask.png\" alt=\"Image Mask\"\/><img src=\"https:\/\/files.sunoresearch.com.br\/n\/uploads\/2018\/09\/6fa8bfd5-gasolina-petrobras-400x200.webp\" alt=\"Bolsonaro prop\u00f5e mudar ICMS de gasolina e diesel para reduzir pre\u00e7os\"\/><\/a><span class=\"spotlightCategory\"><a href=\"https:\/\/www.suno.com.br\/noticias\/economia\/\">Economia<\/a><\/span><\/div><div class=\"cardsPage__listCard__boxs__content\"><a href=\"https:\/\/www.suno.com.br\/noticias\/bolsonaro-propoe-mudar-icms-da-gasolina-e-diesel-para-reduzir-precos\/\"><h2 class=\"content__title\">Bolsonaro prop\u00f5e mudar ICMS de gasolina e diesel para reduzir pre\u00e7os<\/h2><\/a><div class=\"newsContent__article__meta\"><div class=\"newsContent__article__meta__authorBox\"><a href=\"https:\/\/www.suno.com.br\/noticias\/author\/poliana-santos\/\" class=\"authorBox__avatar noMobi\"><img src=\"https:\/\/files.sunoresearch.com.br\/n\/uploads\/2020\/08\/7ef34026-whatsapp-image-2020-08-03-at-12.37.57-150x150.webp\" alt=\"Poliana Santos\"><\/a><div class=\"authorBox__name\"><span>por\n\t\t\t<a href=\"https:\/\/www.suno.com.br\/noticias\/author\/poliana-santos\/\"><span itemprop=\"author\">Poliana Santos<\/span><\/a><\/span><time datetime=\"2020-02-03T09:24:44-03:00\" itemprop=\"datePublished\">03\/02\/2020 09:24<\/time><\/div><\/div><\/div><\/div><\/div>","single_layout":"posts","amp_enabled":true,"_links":{"self":[{"href":"https:\/\/www.suno.com.br\/noticias\/wp-json\/wp\/v2\/posts\/51714"}],"collection":[{"href":"https:\/\/www.suno.com.br\/noticias\/wp-json\/wp\/v2\/posts"}],"about":[{"href":"https:\/\/www.suno.com.br\/noticias\/wp-json\/wp\/v2\/types\/post"}],"author":[{"embeddable":true,"href":"https:\/\/www.suno.com.br\/noticias\/wp-json\/wp\/v2\/users\/15"}],"replies":[{"embeddable":true,"href":"https:\/\/www.suno.com.br\/noticias\/wp-json\/wp\/v2\/comments?post=51714"}],"version-history":[{"count":0,"href":"https:\/\/www.suno.com.br\/noticias\/wp-json\/wp\/v2\/posts\/51714\/revisions"}],"wp:featuredmedia":[{"embeddable":true,"href":"https:\/\/www.suno.com.br\/noticias\/wp-json\/wp\/v2\/media\/3586"}],"wp:attachment":[{"href":"https:\/\/www.suno.com.br\/noticias\/wp-json\/wp\/v2\/media?parent=51714"}],"wp:term":[{"taxonomy":"category","embeddable":true,"href":"https:\/\/www.suno.com.br\/noticias\/wp-json\/wp\/v2\/categories?post=51714"},{"taxonomy":"post_tag","embeddable":true,"href":"https:\/\/www.suno.com.br\/noticias\/wp-json\/wp\/v2\/tags?post=51714"},{"taxonomy":"suno_strategy","embeddable":true,"href":"https:\/\/www.suno.com.br\/noticias\/wp-json\/wp\/v2\/suno_strategy?post=51714"}],"curies":[{"name":"wp","href":"https:\/\/api.w.org\/{rel}","templated":true}]}}