{"id":51709,"date":"2020-02-02T21:18:22","date_gmt":"2020-02-02T23:18:22","guid":{"rendered":"https:\/\/www.suno.com.br\/noticias\/?p=51709"},"modified":"2020-02-02T21:18:22","modified_gmt":"2020-02-02T23:18:22","slug":"coronavirus-numero-vitimas-chega-a-360","status":"publish","type":"post","link":"https:\/\/www.suno.com.br\/noticias\/coronavirus-numero-vitimas-chega-a-360\/","title":{"rendered":"Coronav\u00edrus: n\u00famero de v\u00edtimas chega a 360 na China"},"content":{"rendered":"<p>O governo da China informou neste domingo (2) (manh\u00e3 de segunda-feira 3 no hor\u00e1rio local) que o n\u00famero de mortes provocadas pela epidemia de <strong>coronav\u00edrus<\/strong> chegou a 360.<\/p>\t<div class=\"wrapper-featured-image\">\n\t\t<figure class=\"spotlightImg\">\n\n\t\t\t<picture>\n\t\t\t\t<source media=\"(max-width: 768px)\" srcset=\"https:\/\/files.sunoresearch.com.br\/n\/uploads\/2020\/01\/07e74a69-coronavirus-400x200.webp\">\n\t\t\t\t<img loading=\"lazy\" decoding=\"async\" class=\"newsContent__article__imgCapa lazyloadDisabled newsContent__article__imgCapa--noCaption\" src=\"https:\/\/files.sunoresearch.com.br\/n\/uploads\/2020\/01\/07e74a69-coronavirus-jpg.webp\" width=\"800\" height=\"450\" alt=\"Coronav\u00edrus: n\u00famero de v\u00edtimas chega a 360 na China\" fetchpriority=high \/>\n\t\t\t<\/picture>\n\n\t\t\t<figcaption class=\"wp-caption-text wp-caption-text--hide\">A Organiza\u00e7\u00e3o Mundial da Sa\u00fade (OMS) alertou nesta sexta-feira (21) que pa\u00edses precisam agir r\u00e1pido para conter coronav\u00edrus. Para a institui\u00e7\u00e3o, a janela de oportunidade est\u00e1 se fechando.\u00a0<\/figcaption>\n\t\t<\/figure>\n\t<\/div>\n\n\n\n<p>Segundo a comiss\u00e3o de sa\u00fade local, a prov\u00edncia chinesa de Hubei, epicentro da epidemia de coronav\u00edrus, registrou 56 novas mortes.\u00a0As autoridades chinesas tamb\u00e9m informaram que no total h\u00e1 16,5 mil pessoas infectadas pelo v\u00edrus. Somente no dia 2 de fevereiro foram 2.103 novos casos.<\/p>\n<p>Al\u00e9m de 360 pessoas mortas pelo v\u00edrus em territ\u00f3rio chin\u00eas, um homem morreu em Manila, nas Filipinas, por causa da infe\u00e7\u00e3o. Esse foi o primeiro caso de \u00f3bito provocado pela epidemia fora da <strong>China.<\/strong> A v\u00edtima tamb\u00e9m era um cidad\u00e3o chin\u00eas, de 44 anos de idade.<\/p>\n<h2>Emerg\u00eancia internacional<\/h2>\n<p>Na \u00faltima quinta-feira (30) a <strong>Organiza\u00e7\u00e3o Mundial da Sa\u00fade (OMS) <\/strong>declarou o estado de emerg\u00eancia de sa\u00fade p\u00fablica de \u00e2mbito internacional (PHEIC, na sigla inglesa) por causa do surto do novo coronav\u00edrus na China.<\/p>\n<p>Por causa do surto de <strong>coronav\u00edrus,<\/strong> muitas companhias a\u00e9reas suspenderam os voos com a China. Al\u00e9m disso, R\u00fassia, Coreia do Norte, Mong\u00f3lia e Vietn\u00e3 fecharam as fronteiras com a <strong>China,<\/strong> enquanto alguns pa\u00edses pararam de emitir vistos para cidad\u00e3os chineses, impedindo dessa forma o acesso em seus territ\u00f3rios.<\/p>\n<h2>Gripe aviaria al\u00e9m de coronav\u00edrus<\/h2>\n<p>Al\u00e9m da epidemia de <strong>coronav\u00edrus,<\/strong> a <strong>China<\/strong> est\u00e1 enfrentando um surto de <strong>gripe avi\u00e1ria<\/strong> H5N1. O epicentro do v\u00edrus foi localizado na prov\u00edncia central de Hunan, que faz fronteira com a prov\u00edncia de Hubei.<\/p>\n<p>O primeiro surto de gripe avi\u00e1ria foi localizado em uma propriedade rural no distrito de Shuangqing, na cidade de Shaoyang, matando 4,5 mil das 7.850 galinhas da propriedade. O local est\u00e1 cerca de 500 km de dist\u00e2ncia da cidade de Wuhan, capital da prov\u00edncia de Hubei.<\/p>\n<p>Segundo um comunicado do Minist\u00e9rio da da Agricultura e Assuntos Rurais da <strong>China,<\/strong> para conter o surto as autoridades locais abateram outras 17.828 aves nas proximidades.<\/p>\n<p><a href=\"https:\/\/www.suno.com.br\/noticias\/coronavirus-impacto-mercado-financeiro\/\">Saiba mais: Coronav\u00edrus: relembre as epidemias que impactaram o mercado financeiro<\/a><\/p>\n<p>Ainda n\u00e3o foram relatados casos de infe\u00e7\u00e3o humana pelo v\u00edrus H5N1 na prov\u00edncia de Hunan.<\/p>\n<p>Entre 2003 e 2019, a <strong>OMS <\/strong>registrou um total de 861 casos confirmados de H5N1 em humanos no mundo inteiro. Entre eles, 455 morreram. Na China, houve 53 casos humanos de infec\u00e7\u00e3o por gripe avi\u00e1ria, nos \u00faltimos 16 anos, e foi registrado um total de 31 mortos.<\/p>\n<h2>Coronav\u00edrus e gripe avi\u00e1ria<\/h2>\n<p>O surto de gripe avi\u00e1ria ocorre eu um momento em que as autoridades chinesas tentam conter a propaga\u00e7\u00e3o do coronav\u00edrus. A epidemia j\u00e1 causou 304 mortos e mais de 14 mil infetados no pa\u00eds asi\u00e1tico.<\/p>\n\t<p>\n\t\t<a href=\"https:\/\/lp.suno.com.br\/ebook-como-analisar-uma-acao\/\" target=\"_blank\" data-element=\"shortcode-suno-banner\" title=\"Banner SUNO, clique e saiba mais\">\n\t\t\t<picture>\n\t\t\t\t<source media=\"(max-width: 500px)\" srcset=\"https:\/\/files.sunoresearch.com.br\/n\/uploads\/2023\/03\/Ebook-Acoes-Mobile-1.jpg\">\n\t\t\t\t<img class=\"newsContent__article__imgCapa newsContent__article__imgCapa--banner\"\n\t\t\t\t\tsrc=\"https:\/\/files.sunoresearch.com.br\/n\/uploads\/2023\/03\/Ebook-Acoes-Desktop-1.jpg\"\n\t\t\t\t\tdata-promo-id=\"171998\"\t\t\t\t\t\t\t\t\t\twidth='1420' height='286'\t\t\t\t\talt=\"https:\/\/files.sunoresearch.com.br\/n\/uploads\/2023\/03\/Ebook-Acoes-Desktop-1.jpg\"\n\t\t\t\t>\n\t\t\t<\/picture>\n\t\t<\/a>\n\t<\/p>\n\n\n<p>A gripe avi\u00e1ria provoca doen\u00e7as respirat\u00f3rias graves em aves, podendo lev\u00e1-las ao \u00f3bito, e \u00e9 contagiosa tamb\u00e9m entre seres humanos. O v\u00edrus foi detectado pela primeira vez em 1996 em gansos na <strong>China.<\/strong><\/p>\n<p>Entretanto, segundo a <b>OMS<\/b>, a possibilidade de transmiss\u00e3o da gripe avi\u00e1ria entre seres humanos \u00e9 baixa. A maioria das infec\u00e7\u00f5es humanas por H1N5 ocorre ap\u00f3s um contacto prolongado e pr\u00f3ximo com aves infectadas.<\/p>\n<p>Todavia, a gripe avi\u00e1ria tem uma taxa de mortalidade superior a 50%. Uma porcentagem muito acima da s\u00edndrome respirat\u00f3ria aguda grave (SARS), tamb\u00e9m conhecida como pneumonia at\u00edpica, que tinha uma taxa de mortalidade de 10%. Por sua vez, o novo <strong>coronav\u00edrus<\/strong> registrou at\u00e9 o momento uma taxa de mortalidade de 2%.<\/p>\n\n","protected":false},"excerpt":{"rendered":"<p>O governo da China informou neste domingo (2) (manh\u00e3 de segunda-feira 3 no hor\u00e1rio local) que o n\u00famero de mortes provocadas pela epidemia de coronav\u00edrus chegou a 360. A Organiza\u00e7\u00e3o Mundial da Sa\u00fade (OMS) alertou nesta sexta-feira (21) que pa\u00edses precisam agir r\u00e1pido para conter coronav\u00edrus. Para a institui\u00e7\u00e3o, a janela de oportunidade est\u00e1 se [&hellip;]<\/p>\n","protected":false},"author":9,"featured_media":50997,"comment_status":"closed","ping_status":"closed","sticky":false,"template":"","format":"standard","meta":[],"categories":[63],"tags":[711,2487],"suno_strategy":[],"class_list":["post-51709","post","type-post","status-publish","format-standard","has-post-thumbnail","hentry","category-internacional","tag-china","tag-coronavirus"],"yoast_head":"<!-- This site is optimized with the Yoast SEO plugin v24.4 - https:\/\/yoast.com\/wordpress\/plugins\/seo\/ -->\n<title>Coronav\u00edrus: n\u00famero de v\u00edtimas chega a 360 na China<\/title>\n<meta name=\"description\" content=\"O governo da China informou que o n\u00famero de mortes provocadas pela epidemia de coronav\u00edrus chegou a 360. Clique aqui para saber mais.\" \/>\n<meta name=\"robots\" content=\"index, follow, max-snippet:-1, max-image-preview:large, max-video-preview:-1\" \/>\n<link rel=\"canonical\" href=\"https:\/\/www.suno.com.br\/noticias\/coronavirus-numero-vitimas-chega-a-360\/\" \/>\n<meta property=\"og:locale\" content=\"pt_BR\" \/>\n<meta property=\"og:type\" content=\"article\" \/>\n<meta property=\"og:title\" content=\"Coronav\u00edrus: n\u00famero de v\u00edtimas chega a 360 na China\" \/>\n<meta property=\"og:description\" content=\"O governo da China informou que o n\u00famero de mortes provocadas pela epidemia de coronav\u00edrus chegou a 360. Clique aqui para saber mais.\" \/>\n<meta property=\"og:url\" content=\"https:\/\/www.suno.com.br\/noticias\/coronavirus-numero-vitimas-chega-a-360\/\" \/>\n<meta property=\"og:site_name\" content=\"Suno Not\u00edcias\" \/>\n<meta property=\"article:publisher\" content=\"https:\/\/facebook.com\/sunoresearch\" \/>\n<meta property=\"og:image\" content=\"https:\/\/files.sunoresearch.com.br\/n\/uploads\/2020\/01\/07e74a69-coronavirus.jpg\" \/>\n\t<meta property=\"og:image:width\" content=\"660\" \/>\n\t<meta property=\"og:image:height\" content=\"371\" \/>\n\t<meta property=\"og:image:type\" content=\"image\/jpeg\" \/>\n<meta name=\"author\" content=\"Carlo Cauti\" \/>\n<meta name=\"twitter:card\" content=\"summary_large_image\" \/>\n<meta name=\"twitter:creator\" content=\"@sunoresearch\" \/>\n<meta name=\"twitter:site\" content=\"@sunoresearch\" \/>\n<meta name=\"twitter:label1\" content=\"Escrito por\" \/>\n\t<meta name=\"twitter:data1\" content=\"Carlo Cauti\" \/>\n\t<meta name=\"twitter:label2\" content=\"Est. tempo de leitura\" \/>\n\t<meta name=\"twitter:data2\" content=\"3 minutos\" \/>\n<script type=\"application\/ld+json\" class=\"yoast-schema-graph\">{\"@context\":\"https:\/\/schema.org\",\"@graph\":[{\"@type\":\"NewsArticle\",\"@id\":\"https:\/\/www.suno.com.br\/noticias\/coronavirus-numero-vitimas-chega-a-360\/#article\",\"isPartOf\":{\"@id\":\"https:\/\/www.suno.com.br\/noticias\/coronavirus-numero-vitimas-chega-a-360\/\"},\"author\":{\"name\":\"Carlo Cauti\",\"@id\":\"https:\/\/www.suno.com.br\/noticias\/#\/schema\/person\/e6e0f723cc177805027f4566c1d5e0c8\"},\"headline\":\"Coronav\u00edrus: n\u00famero de v\u00edtimas chega a 360 na China\",\"datePublished\":\"2020-02-02T23:18:22+00:00\",\"mainEntityOfPage\":{\"@id\":\"https:\/\/www.suno.com.br\/noticias\/coronavirus-numero-vitimas-chega-a-360\/\"},\"wordCount\":616,\"publisher\":{\"@id\":\"https:\/\/www.suno.com.br\/noticias\/#organization\"},\"image\":{\"@id\":\"https:\/\/www.suno.com.br\/noticias\/coronavirus-numero-vitimas-chega-a-360\/#primaryimage\"},\"thumbnailUrl\":\"https:\/\/files.sunoresearch.com.br\/n\/uploads\/2020\/01\/07e74a69-coronavirus-jpg.webp\",\"keywords\":[\"China\",\"coronav\u00edrus\"],\"articleSection\":[\"Internacional\"],\"inLanguage\":\"pt-BR\"},{\"@type\":\"WebPage\",\"@id\":\"https:\/\/www.suno.com.br\/noticias\/coronavirus-numero-vitimas-chega-a-360\/\",\"url\":\"https:\/\/www.suno.com.br\/noticias\/coronavirus-numero-vitimas-chega-a-360\/\",\"name\":\"Coronav\u00edrus: n\u00famero de v\u00edtimas chega a 360 na China\",\"isPartOf\":{\"@id\":\"https:\/\/www.suno.com.br\/noticias\/#website\"},\"primaryImageOfPage\":{\"@id\":\"https:\/\/www.suno.com.br\/noticias\/coronavirus-numero-vitimas-chega-a-360\/#primaryimage\"},\"image\":{\"@id\":\"https:\/\/www.suno.com.br\/noticias\/coronavirus-numero-vitimas-chega-a-360\/#primaryimage\"},\"thumbnailUrl\":\"https:\/\/files.sunoresearch.com.br\/n\/uploads\/2020\/01\/07e74a69-coronavirus-jpg.webp\",\"datePublished\":\"2020-02-02T23:18:22+00:00\",\"description\":\"O governo da China informou que o n\u00famero de mortes provocadas pela epidemia de coronav\u00edrus chegou a 360. Clique aqui para saber mais.\",\"breadcrumb\":{\"@id\":\"https:\/\/www.suno.com.br\/noticias\/coronavirus-numero-vitimas-chega-a-360\/#breadcrumb\"},\"inLanguage\":\"pt-BR\",\"potentialAction\":[{\"@type\":\"ReadAction\",\"target\":[\"https:\/\/www.suno.com.br\/noticias\/coronavirus-numero-vitimas-chega-a-360\/\"]}]},{\"@type\":\"ImageObject\",\"inLanguage\":\"pt-BR\",\"@id\":\"https:\/\/www.suno.com.br\/noticias\/coronavirus-numero-vitimas-chega-a-360\/#primaryimage\",\"url\":\"https:\/\/files.sunoresearch.com.br\/n\/uploads\/2020\/01\/07e74a69-coronavirus-jpg.webp\",\"contentUrl\":\"https:\/\/files.sunoresearch.com.br\/n\/uploads\/2020\/01\/07e74a69-coronavirus-jpg.webp\",\"width\":660,\"height\":371,\"caption\":\"A Organiza\u00e7\u00e3o Mundial da Sa\u00fade (OMS) alertou nesta sexta-feira (21) que pa\u00edses precisam agir r\u00e1pido para conter coronav\u00edrus. Para a institui\u00e7\u00e3o, a janela de oportunidade est\u00e1 se fechando.\u00a0\"},{\"@type\":\"BreadcrumbList\",\"@id\":\"https:\/\/www.suno.com.br\/noticias\/coronavirus-numero-vitimas-chega-a-360\/#breadcrumb\",\"itemListElement\":[{\"@type\":\"ListItem\",\"position\":1,\"name\":\"Not\u00edcias\",\"item\":\"https:\/\/www.suno.com.br\/noticias\/\"},{\"@type\":\"ListItem\",\"position\":2,\"name\":\"Internacional\",\"item\":\"https:\/\/www.suno.com.br\/noticias\/internacional\/\"},{\"@type\":\"ListItem\",\"position\":3,\"name\":\"Coronav\u00edrus: n\u00famero de v\u00edtimas chega a 360 na China\"}]},{\"@type\":\"WebSite\",\"@id\":\"https:\/\/www.suno.com.br\/noticias\/#website\",\"url\":\"https:\/\/www.suno.com.br\/noticias\/\",\"name\":\"Suno Not\u00edcias\",\"description\":\"Seu portal de informa\u00e7\u00e3o sobre o mundo dos investimentos\",\"publisher\":{\"@id\":\"https:\/\/www.suno.com.br\/noticias\/#organization\"},\"potentialAction\":[{\"@type\":\"SearchAction\",\"target\":{\"@type\":\"EntryPoint\",\"urlTemplate\":\"https:\/\/www.suno.com.br\/noticias\/?s={search_term_string}\"},\"query-input\":{\"@type\":\"PropertyValueSpecification\",\"valueRequired\":true,\"valueName\":\"search_term_string\"}}],\"inLanguage\":\"pt-BR\"},{\"@type\":\"Organization\",\"@id\":\"https:\/\/www.suno.com.br\/noticias\/#organization\",\"name\":\"Suno Not\u00edcias\",\"url\":\"https:\/\/www.suno.com.br\/noticias\/\",\"logo\":{\"@type\":\"ImageObject\",\"inLanguage\":\"pt-BR\",\"@id\":\"https:\/\/www.suno.com.br\/noticias\/#\/schema\/logo\/image\/\",\"url\":\"https:\/\/files.sunoresearch.com.br\/n\/uploads\/2021\/09\/suno-logo.png\",\"contentUrl\":\"https:\/\/files.sunoresearch.com.br\/n\/uploads\/2021\/09\/suno-logo.png\",\"width\":180,\"height\":180,\"caption\":\"Suno Not\u00edcias\"},\"image\":{\"@id\":\"https:\/\/www.suno.com.br\/noticias\/#\/schema\/logo\/image\/\"},\"sameAs\":[\"https:\/\/facebook.com\/sunoresearch\",\"https:\/\/x.com\/sunoresearch\",\"https:\/\/www.instagram.com\/suno\",\"https:\/\/www.linkedin.com\/company\/suno-research\/\",\"https:\/\/www.youtube.com\/c\/sunoresearch\"]},{\"@type\":\"Person\",\"@id\":\"https:\/\/www.suno.com.br\/noticias\/#\/schema\/person\/e6e0f723cc177805027f4566c1d5e0c8\",\"name\":\"Carlo Cauti\",\"image\":{\"@type\":\"ImageObject\",\"inLanguage\":\"pt-BR\",\"@id\":\"https:\/\/www.suno.com.br\/noticias\/#\/schema\/person\/image\/\",\"url\":\"https:\/\/secure.gravatar.com\/avatar\/3ada9e0bd164c23abd4792a9606d583c?s=96&r=g\",\"contentUrl\":\"https:\/\/secure.gravatar.com\/avatar\/3ada9e0bd164c23abd4792a9606d583c?s=96&r=g\",\"caption\":\"Carlo Cauti\"},\"description\":\"Editor multim\u00eddia do SUNO Not\u00edcias. Italiano, formado em Ci\u00eancias Pol\u00edticas pela universidade LUISS G. Carli de Roma e mestre cum laude em Rela\u00e7\u00f5es Internacionais, Jornalismo Internacional e de Guerra e em Economia Internacional. Concluiu tamb\u00e9m um MBA em Finan\u00e7as na B3. No Brasil, teve passagem por ve\u00edculos como Estad\u00e3o, Globo, Veja e EXAME. e nas ag\u00eancias de not\u00edcias italianas ANSA e NOVA.\",\"url\":\"https:\/\/www.suno.com.br\/noticias\/author\/carlo-cauti\/\"}]}<\/script>\n<!-- \/ Yoast SEO plugin. -->","yoast_head_json":{"title":"Coronav\u00edrus: n\u00famero de v\u00edtimas chega a 360 na China","description":"O governo da China informou que o n\u00famero de mortes provocadas pela epidemia de coronav\u00edrus chegou a 360. Clique aqui para saber mais.","robots":{"index":"index","follow":"follow","max-snippet":"max-snippet:-1","max-image-preview":"max-image-preview:large","max-video-preview":"max-video-preview:-1"},"canonical":"https:\/\/www.suno.com.br\/noticias\/coronavirus-numero-vitimas-chega-a-360\/","og_locale":"pt_BR","og_type":"article","og_title":"Coronav\u00edrus: n\u00famero de v\u00edtimas chega a 360 na China","og_description":"O governo da China informou que o n\u00famero de mortes provocadas pela epidemia de coronav\u00edrus chegou a 360. Clique aqui para saber mais.","og_url":"https:\/\/www.suno.com.br\/noticias\/coronavirus-numero-vitimas-chega-a-360\/","og_site_name":"Suno Not\u00edcias","article_publisher":"https:\/\/facebook.com\/sunoresearch","og_image":[{"width":660,"height":371,"url":"https:\/\/files.sunoresearch.com.br\/n\/uploads\/2020\/01\/07e74a69-coronavirus.jpg","type":"image\/jpeg"}],"author":"Carlo Cauti","twitter_card":"summary_large_image","twitter_creator":"@sunoresearch","twitter_site":"@sunoresearch","twitter_misc":{"Escrito por":"Carlo Cauti","Est. tempo de leitura":"3 minutos"},"schema":{"@context":"https:\/\/schema.org","@graph":[{"@type":"NewsArticle","@id":"https:\/\/www.suno.com.br\/noticias\/coronavirus-numero-vitimas-chega-a-360\/#article","isPartOf":{"@id":"https:\/\/www.suno.com.br\/noticias\/coronavirus-numero-vitimas-chega-a-360\/"},"author":{"name":"Carlo Cauti","@id":"https:\/\/www.suno.com.br\/noticias\/#\/schema\/person\/e6e0f723cc177805027f4566c1d5e0c8"},"headline":"Coronav\u00edrus: n\u00famero de v\u00edtimas chega a 360 na China","datePublished":"2020-02-02T23:18:22+00:00","mainEntityOfPage":{"@id":"https:\/\/www.suno.com.br\/noticias\/coronavirus-numero-vitimas-chega-a-360\/"},"wordCount":616,"publisher":{"@id":"https:\/\/www.suno.com.br\/noticias\/#organization"},"image":{"@id":"https:\/\/www.suno.com.br\/noticias\/coronavirus-numero-vitimas-chega-a-360\/#primaryimage"},"thumbnailUrl":"https:\/\/files.sunoresearch.com.br\/n\/uploads\/2020\/01\/07e74a69-coronavirus-jpg.webp","keywords":["China","coronav\u00edrus"],"articleSection":["Internacional"],"inLanguage":"pt-BR"},{"@type":"WebPage","@id":"https:\/\/www.suno.com.br\/noticias\/coronavirus-numero-vitimas-chega-a-360\/","url":"https:\/\/www.suno.com.br\/noticias\/coronavirus-numero-vitimas-chega-a-360\/","name":"Coronav\u00edrus: n\u00famero de v\u00edtimas chega a 360 na China","isPartOf":{"@id":"https:\/\/www.suno.com.br\/noticias\/#website"},"primaryImageOfPage":{"@id":"https:\/\/www.suno.com.br\/noticias\/coronavirus-numero-vitimas-chega-a-360\/#primaryimage"},"image":{"@id":"https:\/\/www.suno.com.br\/noticias\/coronavirus-numero-vitimas-chega-a-360\/#primaryimage"},"thumbnailUrl":"https:\/\/files.sunoresearch.com.br\/n\/uploads\/2020\/01\/07e74a69-coronavirus-jpg.webp","datePublished":"2020-02-02T23:18:22+00:00","description":"O governo da China informou que o n\u00famero de mortes provocadas pela epidemia de coronav\u00edrus chegou a 360. Clique aqui para saber mais.","breadcrumb":{"@id":"https:\/\/www.suno.com.br\/noticias\/coronavirus-numero-vitimas-chega-a-360\/#breadcrumb"},"inLanguage":"pt-BR","potentialAction":[{"@type":"ReadAction","target":["https:\/\/www.suno.com.br\/noticias\/coronavirus-numero-vitimas-chega-a-360\/"]}]},{"@type":"ImageObject","inLanguage":"pt-BR","@id":"https:\/\/www.suno.com.br\/noticias\/coronavirus-numero-vitimas-chega-a-360\/#primaryimage","url":"https:\/\/files.sunoresearch.com.br\/n\/uploads\/2020\/01\/07e74a69-coronavirus-jpg.webp","contentUrl":"https:\/\/files.sunoresearch.com.br\/n\/uploads\/2020\/01\/07e74a69-coronavirus-jpg.webp","width":660,"height":371,"caption":"A Organiza\u00e7\u00e3o Mundial da Sa\u00fade (OMS) alertou nesta sexta-feira (21) que pa\u00edses precisam agir r\u00e1pido para conter coronav\u00edrus. Para a institui\u00e7\u00e3o, a janela de oportunidade est\u00e1 se fechando.\u00a0"},{"@type":"BreadcrumbList","@id":"https:\/\/www.suno.com.br\/noticias\/coronavirus-numero-vitimas-chega-a-360\/#breadcrumb","itemListElement":[{"@type":"ListItem","position":1,"name":"Not\u00edcias","item":"https:\/\/www.suno.com.br\/noticias\/"},{"@type":"ListItem","position":2,"name":"Internacional","item":"https:\/\/www.suno.com.br\/noticias\/internacional\/"},{"@type":"ListItem","position":3,"name":"Coronav\u00edrus: n\u00famero de v\u00edtimas chega a 360 na China"}]},{"@type":"WebSite","@id":"https:\/\/www.suno.com.br\/noticias\/#website","url":"https:\/\/www.suno.com.br\/noticias\/","name":"Suno Not\u00edcias","description":"Seu portal de informa\u00e7\u00e3o sobre o mundo dos investimentos","publisher":{"@id":"https:\/\/www.suno.com.br\/noticias\/#organization"},"potentialAction":[{"@type":"SearchAction","target":{"@type":"EntryPoint","urlTemplate":"https:\/\/www.suno.com.br\/noticias\/?s={search_term_string}"},"query-input":{"@type":"PropertyValueSpecification","valueRequired":true,"valueName":"search_term_string"}}],"inLanguage":"pt-BR"},{"@type":"Organization","@id":"https:\/\/www.suno.com.br\/noticias\/#organization","name":"Suno Not\u00edcias","url":"https:\/\/www.suno.com.br\/noticias\/","logo":{"@type":"ImageObject","inLanguage":"pt-BR","@id":"https:\/\/www.suno.com.br\/noticias\/#\/schema\/logo\/image\/","url":"https:\/\/files.sunoresearch.com.br\/n\/uploads\/2021\/09\/suno-logo.png","contentUrl":"https:\/\/files.sunoresearch.com.br\/n\/uploads\/2021\/09\/suno-logo.png","width":180,"height":180,"caption":"Suno Not\u00edcias"},"image":{"@id":"https:\/\/www.suno.com.br\/noticias\/#\/schema\/logo\/image\/"},"sameAs":["https:\/\/facebook.com\/sunoresearch","https:\/\/x.com\/sunoresearch","https:\/\/www.instagram.com\/suno","https:\/\/www.linkedin.com\/company\/suno-research\/","https:\/\/www.youtube.com\/c\/sunoresearch"]},{"@type":"Person","@id":"https:\/\/www.suno.com.br\/noticias\/#\/schema\/person\/e6e0f723cc177805027f4566c1d5e0c8","name":"Carlo Cauti","image":{"@type":"ImageObject","inLanguage":"pt-BR","@id":"https:\/\/www.suno.com.br\/noticias\/#\/schema\/person\/image\/","url":"https:\/\/secure.gravatar.com\/avatar\/3ada9e0bd164c23abd4792a9606d583c?s=96&r=g","contentUrl":"https:\/\/secure.gravatar.com\/avatar\/3ada9e0bd164c23abd4792a9606d583c?s=96&r=g","caption":"Carlo Cauti"},"description":"Editor multim\u00eddia do SUNO Not\u00edcias. Italiano, formado em Ci\u00eancias Pol\u00edticas pela universidade LUISS G. Carli de Roma e mestre cum laude em Rela\u00e7\u00f5es Internacionais, Jornalismo Internacional e de Guerra e em Economia Internacional. Concluiu tamb\u00e9m um MBA em Finan\u00e7as na B3. No Brasil, teve passagem por ve\u00edculos como Estad\u00e3o, Globo, Veja e EXAME. e nas ag\u00eancias de not\u00edcias italianas ANSA e NOVA.","url":"https:\/\/www.suno.com.br\/noticias\/author\/carlo-cauti\/"}]}},"default_loop_html":"<div class=\"cardsPage__listCard__boxs\"><div class=\"cardsPage__listCard__boxs__img\"><a href=\"https:\/\/www.suno.com.br\/noticias\/coronavirus-numero-vitimas-chega-a-360\/\"><img class=\"mask\" src=\"https:\/\/www.suno.com.br\/noticias\/wp-content\/themes\/suno\/resources\/images\/spotlight\/spotlight1img\/bg-mask.png\" alt=\"Image Mask\"\/><img src=\"https:\/\/files.sunoresearch.com.br\/n\/uploads\/2020\/01\/07e74a69-coronavirus-400x200.webp\" alt=\"Coronav\u00edrus: n\u00famero de v\u00edtimas chega a 360 na China\"\/><\/a><span class=\"spotlightCategory\"><a href=\"https:\/\/www.suno.com.br\/noticias\/internacional\/\">Internacional<\/a><\/span><\/div><div class=\"cardsPage__listCard__boxs__content\"><a href=\"https:\/\/www.suno.com.br\/noticias\/coronavirus-numero-vitimas-chega-a-360\/\"><h2 class=\"content__title\">Coronav\u00edrus: n\u00famero de v\u00edtimas chega a 360 na China<\/h2><\/a><div class=\"newsContent__article__meta\"><div class=\"newsContent__article__meta__authorBox\"><a href=\"https:\/\/www.suno.com.br\/noticias\/author\/carlo-cauti\/\" class=\"authorBox__avatar noMobi\"><img src=\"https:\/\/files.sunoresearch.com.br\/n\/uploads\/2020\/08\/e3745f9a-perfil-carlo-cauti-150x150.webp\" alt=\"Carlo Cauti\"><\/a><div class=\"authorBox__name\"><span>por\n\t\t\t<a href=\"https:\/\/www.suno.com.br\/noticias\/author\/carlo-cauti\/\"><span itemprop=\"author\">Carlo Cauti<\/span><\/a><\/span><time datetime=\"2020-02-02T21:18:22-03:00\" itemprop=\"datePublished\">02\/02\/2020 21:18<\/time><\/div><\/div><\/div><\/div><\/div>","single_layout":"posts","amp_enabled":true,"_links":{"self":[{"href":"https:\/\/www.suno.com.br\/noticias\/wp-json\/wp\/v2\/posts\/51709"}],"collection":[{"href":"https:\/\/www.suno.com.br\/noticias\/wp-json\/wp\/v2\/posts"}],"about":[{"href":"https:\/\/www.suno.com.br\/noticias\/wp-json\/wp\/v2\/types\/post"}],"author":[{"embeddable":true,"href":"https:\/\/www.suno.com.br\/noticias\/wp-json\/wp\/v2\/users\/9"}],"replies":[{"embeddable":true,"href":"https:\/\/www.suno.com.br\/noticias\/wp-json\/wp\/v2\/comments?post=51709"}],"version-history":[{"count":0,"href":"https:\/\/www.suno.com.br\/noticias\/wp-json\/wp\/v2\/posts\/51709\/revisions"}],"wp:featuredmedia":[{"embeddable":true,"href":"https:\/\/www.suno.com.br\/noticias\/wp-json\/wp\/v2\/media\/50997"}],"wp:attachment":[{"href":"https:\/\/www.suno.com.br\/noticias\/wp-json\/wp\/v2\/media?parent=51709"}],"wp:term":[{"taxonomy":"category","embeddable":true,"href":"https:\/\/www.suno.com.br\/noticias\/wp-json\/wp\/v2\/categories?post=51709"},{"taxonomy":"post_tag","embeddable":true,"href":"https:\/\/www.suno.com.br\/noticias\/wp-json\/wp\/v2\/tags?post=51709"},{"taxonomy":"suno_strategy","embeddable":true,"href":"https:\/\/www.suno.com.br\/noticias\/wp-json\/wp\/v2\/suno_strategy?post=51709"}],"curies":[{"name":"wp","href":"https:\/\/api.w.org\/{rel}","templated":true}]}}