{"id":517019,"date":"2024-01-29T11:30:23","date_gmt":"2024-01-29T14:30:23","guid":{"rendered":"https:\/\/www.suno.com.br\/noticias\/?p=517019"},"modified":"2024-01-29T11:30:29","modified_gmt":"2024-01-29T14:30:29","slug":"deficit-governo-central-tesouro-nacional-cpf","status":"publish","type":"post","link":"https:\/\/www.suno.com.br\/noticias\/deficit-governo-central-tesouro-nacional-cpf\/","title":{"rendered":"D\u00e9ficit do Governo Central chega a R$ 230,5 bilh\u00f5es em 2023, pior desde 2020, aponta Tesouro"},"content":{"rendered":"<p>O Governo Central registrou um <strong>d\u00e9ficit <\/strong>prim\u00e1rio de R$ 230,535 bilh\u00f5es em 2023, o pior desempnho visto desde 2020.<\/p>\t<div class=\"wrapper-featured-image\">\n\t\t<figure class=\"spotlightImg\">\n\n\t\t\t<picture>\n\t\t\t\t<source media=\"(max-width: 768px)\" srcset=\"https:\/\/files.sunoresearch.com.br\/n\/uploads\/2023\/05\/crise-paises-400x200.jpg\">\n\t\t\t\t<img loading=\"lazy\" decoding=\"async\" class=\"newsContent__article__imgCapa lazyloadDisabled \" src=\"https:\/\/files.sunoresearch.com.br\/n\/uploads\/2023\/05\/crise-paises-800x450.jpg\" width=\"800\" height=\"450\" alt=\"D\u00e9ficit do Governo Central chega a R$ 230,5 bilh\u00f5es em 2023, pior desde 2020, aponta Tesouro\" fetchpriority=high \/>\n\t\t\t<\/picture>\n\n\t\t\t<figcaption class=\"wp-caption-text wp-caption-text--show\">Crise - Foto: iStock<\/figcaption>\n\t\t<\/figure>\n\t<\/div>\n\n\n\n\n\n\n\n\t<p>\n\t\t<a href=\"\" target=\"_blank\" data-element=\"shortcode-suno-banner\" title=\"Banner SUNO, clique e saiba mais\">\n\t\t\t<picture>\n\t\t\t\t<source media=\"(max-width: 500px)\" srcset=\"\">\n\t\t\t\t<img class=\"newsContent__article__imgCapa newsContent__article__imgCapa--banner\"\n\t\t\t\t\tsrc=\"\"\n\t\t\t\t\tdata-promo-id=\"240038\"\t\t\t\t\t\t\t\t\t\t\t\t\t\t\talt=\"\"\n\t\t\t\t>\n\t\t\t<\/picture>\n\t\t<\/a>\n\t<\/p>\n\n\n\n\n\n<p>Em 2023, a diferen\u00e7a entre as receitas e as despesas foi -2,1% menor do que o<strong> <a class=\"suno-keyword\" data-force=\"no\" data-priority=\"2\" href=\"https:\/\/www.suno.com.br\/artigos\/pib-produto-interno-bruto\/\" target=\"_blank\" rel=\"noopener\">Produto Interno Bruto (PIB)<\/a>. <\/strong>O saldo anual considera contas do<strong> Tesouro Nacional<\/strong>, Previd\u00eancia Social e Banco Central (BC), descontando a <a class=\"suno-keyword\" data-force=\"no\" data-priority=\"1\" href=\"https:\/\/www.suno.com.br\/artigos\/divida-publica\/\" target=\"_blank\" rel=\"noopener\">d\u00edvida p\u00fablica<\/a>. <\/p>\n\n\n\n<p>Entretanto, o dado contabiliza um gasto acima do normal com precat\u00f3rios realizado pelo Executivo no ano passado (R$ 92,388). Descontado este valor, o<strong> d\u00e9ficit do Governo Central <\/strong>equivale a R$ 138,147 bilh\u00f5es (ou -1,3% do PIB). <\/p>\n\n\n\n<p>A regulariza\u00e7\u00e3o do <strong>estoque de precat\u00f3rios<\/strong> at\u00e9 2026 fora da <a class=\"suno-keyword\" data-force=\"no\" data-priority=\"1\" href=\"https:\/\/www.suno.com.br\/artigos\/meta-fiscal\/\" target=\"_blank\" rel=\"noopener\">meta fiscal<\/a> e do limite de gastos foi autorizada pela Supremo Tribunal Federal (STF).<\/p>\n\n\n\n\t<div data-element=\"shortcode-read-more\" class=\"readToo\">\n\t\t\t\t<span class=\"readToo__title\">Leia mais<\/span>\n\t\t\t\t<ul class=\"readToo__list\">\n\t\t\t<li><a href=\"https:\/\/www.suno.com.br\/noticias\/petrobras-petr4-magazine-luiza-mglu3-destaques-va\/\">Petrobras (PETR4), Magazine Luiza (MGLU3) e Gol (GOLL4) aquecem o mercado nesta segunda-feira; veja mais destaques\u00a0<\/a><\/li><li><a href=\"https:\/\/www.suno.com.br\/noticias\/deficit-zero-meta-alcancada-economistas-va\/\">D\u00e9ficit zero: meta n\u00e3o ser\u00e1 alcan\u00e7ada em 2024, dizem economistas; entenda por qu\u00ea<\/a><\/li>\t\t<\/ul>\n\t<\/div>\n\n\n\n\t<p>\n\t\t<a href=\"https:\/\/lp.suno.com.br\/ebook-gratuito-investindo-no-exterior\/\" target=\"_blank\" data-element=\"shortcode-suno-banner\" title=\"Banner SUNO, clique e saiba mais\">\n\t\t\t<picture>\n\t\t\t\t<source media=\"(max-width: 500px)\" srcset=\"https:\/\/files.sunoresearch.com.br\/n\/uploads\/2023\/03\/400x300-Investindo-no-exterior.png\">\n\t\t\t\t<img class=\"newsContent__article__imgCapa newsContent__article__imgCapa--banner\"\n\t\t\t\t\tsrc=\"https:\/\/files.sunoresearch.com.br\/n\/uploads\/2023\/03\/1420x240-Investindo-no-exterior.png\"\n\t\t\t\t\tdata-promo-id=\"383161\"\t\t\t\t\t\t\t\t\t\twidth='1420' height='240'\t\t\t\t\talt=\"https:\/\/files.sunoresearch.com.br\/n\/uploads\/2023\/03\/1420x240-Investindo-no-exterior.png\"\n\t\t\t\t>\n\t\t\t<\/picture>\n\t\t<\/a>\n\t<\/p>\n\n\n\n\n\n<h2 class=\"wp-block-heading\">Pior d\u00e9ficit federal desde 2020<\/h2>\n\n\n\n<p>O saldo anual das contas do Tesouro, Previd\u00eancia e BC foi o pior desempenho desde 2020, quando houve <strong>d\u00e9ficit <\/strong>de R$ 939,95 bilh\u00f5es, corrigido pela <strong>infla\u00e7\u00e3o<\/strong>. O resultado sucedeu o super\u00e1vit de R$ 54,1 bilh\u00f5es, equivalente a 0,5% do PIB, registrado em 2022.<\/p>\n\n\n\n<p>O <strong>d\u00e9ficit de 2023<\/strong> foi menor que a mediana das expectativas do mercado financeiro, de R$ 232,20 bilh\u00f5es, de acordo com levantamento do Proje\u00e7\u00f5es Broadcast. O intervalo, todo negativo, ia de R$ 257,60 bilh\u00f5es a R$ 122,80 bilh\u00f5es.<\/p>\n\n\n\n<p>Em 2023, as receitas tiveram baixa real de 2,8% em rela\u00e7\u00e3o a 2022. J\u00e1 as despesas subiram 12,5% no ano passado, j\u00e1 descontada a infla\u00e7\u00e3o.<\/p>\n\n\n\n<p>A <a class=\"suno-keyword\" data-force=\"no\" data-priority=\"1\" href=\"https:\/\/www.suno.com.br\/artigos\/meta-fiscal\/\" target=\"_blank\" rel=\"noopener\"><strong>meta fiscal<\/strong><\/a> ajustada para 2023 admitia um rombo prim\u00e1rio de at\u00e9 R$ 213,6 bilh\u00f5es nas contas do Governo Central. No \u00faltimo Relat\u00f3rio Bimestral de Avalia\u00e7\u00e3o de Receitas e Despesas, publicado em novembro, o Minist\u00e9rio do Planejamento e Or\u00e7amento estimou um resultado deficit\u00e1rio de R$ 177,4 bilh\u00f5es nas contas deste ano, equivalentes a 1,9% do <strong>PIB<\/strong>. A equipe t\u00e9cnica da Fazenda desejava um d\u00e9ficit de 1,0% do PIB em 2023, mas j\u00e1 admitia que poderia ficar em torno de 1,3% &#8211; cerca de R$ 142 bilh\u00f5es.<\/p>\n\n\n\n<p><em>Com informa\u00e7\u00f5es de Estad\u00e3o Conte\u00fado.<\/em><\/p>\n\n\n\t<p>\n\t\t<a href=\"https:\/\/lp.suno.com.br\/planilha-da-vida-financeira\/\" target=\"_blank\" data-element=\"shortcode-suno-banner\" title=\"Banner SUNO, clique e saiba mais\">\n\t\t\t<picture>\n\t\t\t\t<source media=\"(max-width: 500px)\" srcset=\"https:\/\/files.sunoresearch.com.br\/n\/uploads\/2023\/04\/400x300-Planilha-vida-financeira-true.png\">\n\t\t\t\t<img class=\"newsContent__article__imgCapa newsContent__article__imgCapa--banner\"\n\t\t\t\t\tsrc=\"https:\/\/files.sunoresearch.com.br\/n\/uploads\/2023\/04\/1420x240-Planilha-vida-financeira-true.png\"\n\t\t\t\t\tdata-promo-id=\"383123\"\t\t\t\t\t\t\t\t\t\twidth='1420' height='240'\t\t\t\t\talt=\"https:\/\/files.sunoresearch.com.br\/n\/uploads\/2023\/04\/1420x240-Planilha-vida-financeira-true.png\"\n\t\t\t\t>\n\t\t\t<\/picture>\n\t\t<\/a>\n\t<\/p>\n\n\n","protected":false},"excerpt":{"rendered":"<p>O Governo Central registrou um d\u00e9ficit prim\u00e1rio de R$ 230,535 bilh\u00f5es em 2023, o pior desempnho visto desde 2020. Crise &#8211; Foto: iStock Em 2023, a diferen\u00e7a entre as receitas e as despesas foi -2,1% menor do que o Produto Interno Bruto (PIB). O saldo anual considera contas do Tesouro Nacional, Previd\u00eancia Social e Banco [&hellip;]<\/p>\n","protected":false},"author":283,"featured_media":408579,"comment_status":"closed","ping_status":"closed","sticky":false,"template":"","format":"standard","meta":[],"categories":[62],"tags":[1265,850,104591,807],"suno_strategy":[],"class_list":["post-517019","post","type-post","status-publish","format-standard","has-post-thumbnail","hentry","category-economia","tag-divida-publica-federal","tag-inflacao","tag-precatorios","tag-produto-interno-bruto-pib"],"yoast_head":"<!-- This site is optimized with the Yoast SEO plugin v24.4 - https:\/\/yoast.com\/wordpress\/plugins\/seo\/ -->\n<title>D\u00e9ficit do Governo Central chega a R$ 230,5 bi em 2023, aponta Tesouro<\/title>\n<meta name=\"description\" content=\"O d\u00e9ficit do Governo Central bateu o seu pior patamar desde 2020, conforme divulgou o Tesouro Nacional nesta segunda-feira (29).\" \/>\n<meta name=\"robots\" content=\"index, follow, max-snippet:-1, max-image-preview:large, max-video-preview:-1\" \/>\n<link rel=\"canonical\" href=\"https:\/\/www.suno.com.br\/noticias\/deficit-governo-central-tesouro-nacional-cpf\/\" \/>\n<meta property=\"og:locale\" content=\"pt_BR\" \/>\n<meta property=\"og:type\" content=\"article\" \/>\n<meta property=\"og:title\" content=\"D\u00e9ficit do Governo Central chega a R$ 230,5 bi em 2023, aponta Tesouro\" \/>\n<meta property=\"og:description\" content=\"O d\u00e9ficit do Governo Central bateu o seu pior patamar desde 2020, conforme divulgou o Tesouro Nacional nesta segunda-feira (29).\" \/>\n<meta property=\"og:url\" content=\"https:\/\/www.suno.com.br\/noticias\/deficit-governo-central-tesouro-nacional-cpf\/\" \/>\n<meta property=\"og:site_name\" content=\"Suno Not\u00edcias\" \/>\n<meta property=\"article:publisher\" content=\"https:\/\/facebook.com\/sunoresearch\" \/>\n<meta property=\"og:image\" content=\"https:\/\/files.sunoresearch.com.br\/n\/uploads\/2023\/05\/crise-paises.jpg\" \/>\n\t<meta property=\"og:image:width\" content=\"1200\" \/>\n\t<meta property=\"og:image:height\" content=\"800\" \/>\n\t<meta property=\"og:image:type\" content=\"image\/jpeg\" \/>\n<meta name=\"author\" content=\"Camila Paim\" \/>\n<meta name=\"twitter:card\" content=\"summary_large_image\" \/>\n<meta name=\"twitter:creator\" content=\"@sunoresearch\" \/>\n<meta name=\"twitter:site\" content=\"@sunoresearch\" \/>\n<meta name=\"twitter:label1\" content=\"Escrito por\" \/>\n\t<meta name=\"twitter:data1\" content=\"Camila Paim\" \/>\n\t<meta name=\"twitter:label2\" content=\"Est. tempo de leitura\" \/>\n\t<meta name=\"twitter:data2\" content=\"2 minutos\" \/>\n<script type=\"application\/ld+json\" class=\"yoast-schema-graph\">{\"@context\":\"https:\/\/schema.org\",\"@graph\":[{\"@type\":\"NewsArticle\",\"@id\":\"https:\/\/www.suno.com.br\/noticias\/deficit-governo-central-tesouro-nacional-cpf\/#article\",\"isPartOf\":{\"@id\":\"https:\/\/www.suno.com.br\/noticias\/deficit-governo-central-tesouro-nacional-cpf\/\"},\"author\":{\"name\":\"Camila Paim\",\"@id\":\"https:\/\/www.suno.com.br\/noticias\/#\/schema\/person\/f341d3ae5d1cc685176c9a5327cdfdbb\"},\"headline\":\"D\u00e9ficit do Governo Central chega a R$ 230,5 bilh\u00f5es em 2023, pior desde 2020, aponta Tesouro\",\"datePublished\":\"2024-01-29T14:30:23+00:00\",\"dateModified\":\"2024-01-29T14:30:29+00:00\",\"mainEntityOfPage\":{\"@id\":\"https:\/\/www.suno.com.br\/noticias\/deficit-governo-central-tesouro-nacional-cpf\/\"},\"wordCount\":354,\"publisher\":{\"@id\":\"https:\/\/www.suno.com.br\/noticias\/#organization\"},\"image\":{\"@id\":\"https:\/\/www.suno.com.br\/noticias\/deficit-governo-central-tesouro-nacional-cpf\/#primaryimage\"},\"thumbnailUrl\":\"https:\/\/files.sunoresearch.com.br\/n\/uploads\/2023\/05\/crise-paises.jpg\",\"keywords\":[\"D\u00edvida P\u00fablica Federal\",\"infla\u00e7\u00e3o\",\"precat\u00f3rios\",\"Produto Interno Bruto (PIB)\"],\"articleSection\":[\"Economia\"],\"inLanguage\":\"pt-BR\"},{\"@type\":\"WebPage\",\"@id\":\"https:\/\/www.suno.com.br\/noticias\/deficit-governo-central-tesouro-nacional-cpf\/\",\"url\":\"https:\/\/www.suno.com.br\/noticias\/deficit-governo-central-tesouro-nacional-cpf\/\",\"name\":\"D\u00e9ficit do Governo Central chega a R$ 230,5 bi em 2023, aponta Tesouro\",\"isPartOf\":{\"@id\":\"https:\/\/www.suno.com.br\/noticias\/#website\"},\"primaryImageOfPage\":{\"@id\":\"https:\/\/www.suno.com.br\/noticias\/deficit-governo-central-tesouro-nacional-cpf\/#primaryimage\"},\"image\":{\"@id\":\"https:\/\/www.suno.com.br\/noticias\/deficit-governo-central-tesouro-nacional-cpf\/#primaryimage\"},\"thumbnailUrl\":\"https:\/\/files.sunoresearch.com.br\/n\/uploads\/2023\/05\/crise-paises.jpg\",\"datePublished\":\"2024-01-29T14:30:23+00:00\",\"dateModified\":\"2024-01-29T14:30:29+00:00\",\"description\":\"O d\u00e9ficit do Governo Central bateu o seu pior patamar desde 2020, conforme divulgou o Tesouro Nacional nesta segunda-feira (29).\",\"breadcrumb\":{\"@id\":\"https:\/\/www.suno.com.br\/noticias\/deficit-governo-central-tesouro-nacional-cpf\/#breadcrumb\"},\"inLanguage\":\"pt-BR\",\"potentialAction\":[{\"@type\":\"ReadAction\",\"target\":[\"https:\/\/www.suno.com.br\/noticias\/deficit-governo-central-tesouro-nacional-cpf\/\"]}]},{\"@type\":\"ImageObject\",\"inLanguage\":\"pt-BR\",\"@id\":\"https:\/\/www.suno.com.br\/noticias\/deficit-governo-central-tesouro-nacional-cpf\/#primaryimage\",\"url\":\"https:\/\/files.sunoresearch.com.br\/n\/uploads\/2023\/05\/crise-paises.jpg\",\"contentUrl\":\"https:\/\/files.sunoresearch.com.br\/n\/uploads\/2023\/05\/crise-paises.jpg\",\"width\":1200,\"height\":800,\"caption\":\"Crise - Foto: iStock\"},{\"@type\":\"BreadcrumbList\",\"@id\":\"https:\/\/www.suno.com.br\/noticias\/deficit-governo-central-tesouro-nacional-cpf\/#breadcrumb\",\"itemListElement\":[{\"@type\":\"ListItem\",\"position\":1,\"name\":\"Not\u00edcias\",\"item\":\"https:\/\/www.suno.com.br\/noticias\/\"},{\"@type\":\"ListItem\",\"position\":2,\"name\":\"Economia\",\"item\":\"https:\/\/www.suno.com.br\/noticias\/economia\/\"},{\"@type\":\"ListItem\",\"position\":3,\"name\":\"D\u00e9ficit do Governo Central chega a R$ 230,5 bilh\u00f5es em 2023, pior desde 2020, aponta Tesouro\"}]},{\"@type\":\"WebSite\",\"@id\":\"https:\/\/www.suno.com.br\/noticias\/#website\",\"url\":\"https:\/\/www.suno.com.br\/noticias\/\",\"name\":\"Suno Not\u00edcias\",\"description\":\"Seu portal de informa\u00e7\u00e3o sobre o mundo dos investimentos\",\"publisher\":{\"@id\":\"https:\/\/www.suno.com.br\/noticias\/#organization\"},\"potentialAction\":[{\"@type\":\"SearchAction\",\"target\":{\"@type\":\"EntryPoint\",\"urlTemplate\":\"https:\/\/www.suno.com.br\/noticias\/?s={search_term_string}\"},\"query-input\":{\"@type\":\"PropertyValueSpecification\",\"valueRequired\":true,\"valueName\":\"search_term_string\"}}],\"inLanguage\":\"pt-BR\"},{\"@type\":\"Organization\",\"@id\":\"https:\/\/www.suno.com.br\/noticias\/#organization\",\"name\":\"Suno Not\u00edcias\",\"url\":\"https:\/\/www.suno.com.br\/noticias\/\",\"logo\":{\"@type\":\"ImageObject\",\"inLanguage\":\"pt-BR\",\"@id\":\"https:\/\/www.suno.com.br\/noticias\/#\/schema\/logo\/image\/\",\"url\":\"https:\/\/files.sunoresearch.com.br\/n\/uploads\/2021\/09\/suno-logo.png\",\"contentUrl\":\"https:\/\/files.sunoresearch.com.br\/n\/uploads\/2021\/09\/suno-logo.png\",\"width\":180,\"height\":180,\"caption\":\"Suno Not\u00edcias\"},\"image\":{\"@id\":\"https:\/\/www.suno.com.br\/noticias\/#\/schema\/logo\/image\/\"},\"sameAs\":[\"https:\/\/facebook.com\/sunoresearch\",\"https:\/\/x.com\/sunoresearch\",\"https:\/\/www.instagram.com\/suno\",\"https:\/\/www.linkedin.com\/company\/suno-research\/\",\"https:\/\/www.youtube.com\/c\/sunoresearch\"]},{\"@type\":\"Person\",\"@id\":\"https:\/\/www.suno.com.br\/noticias\/#\/schema\/person\/f341d3ae5d1cc685176c9a5327cdfdbb\",\"name\":\"Camila Paim\",\"image\":{\"@type\":\"ImageObject\",\"inLanguage\":\"pt-BR\",\"@id\":\"https:\/\/www.suno.com.br\/noticias\/#\/schema\/person\/image\/\",\"url\":\"https:\/\/secure.gravatar.com\/avatar\/f33728e65febb1aa7ecf6792956f9b20?s=96&r=g\",\"contentUrl\":\"https:\/\/secure.gravatar.com\/avatar\/f33728e65febb1aa7ecf6792956f9b20?s=96&r=g\",\"caption\":\"Camila Paim\"},\"description\":\"Jornalista formada pela USP, tem experi\u00eancia em reda\u00e7\u00f5es, SEO, Branded Content e Webdesign. Com passagem pelo Jornal da USP, Empiricus e C6 Bank, hoje \u00e9 rep\u00f3rter no Suno Not\u00edcias cobrindo macroeconomia, finan\u00e7as pessoais e startups.\",\"url\":\"https:\/\/www.suno.com.br\/noticias\/author\/camila-figueiredosuno-com-br\/\"}]}<\/script>\n<!-- \/ Yoast SEO plugin. -->","yoast_head_json":{"title":"D\u00e9ficit do Governo Central chega a R$ 230,5 bi em 2023, aponta Tesouro","description":"O d\u00e9ficit do Governo Central bateu o seu pior patamar desde 2020, conforme divulgou o Tesouro Nacional nesta segunda-feira (29).","robots":{"index":"index","follow":"follow","max-snippet":"max-snippet:-1","max-image-preview":"max-image-preview:large","max-video-preview":"max-video-preview:-1"},"canonical":"https:\/\/www.suno.com.br\/noticias\/deficit-governo-central-tesouro-nacional-cpf\/","og_locale":"pt_BR","og_type":"article","og_title":"D\u00e9ficit do Governo Central chega a R$ 230,5 bi em 2023, aponta Tesouro","og_description":"O d\u00e9ficit do Governo Central bateu o seu pior patamar desde 2020, conforme divulgou o Tesouro Nacional nesta segunda-feira (29).","og_url":"https:\/\/www.suno.com.br\/noticias\/deficit-governo-central-tesouro-nacional-cpf\/","og_site_name":"Suno Not\u00edcias","article_publisher":"https:\/\/facebook.com\/sunoresearch","og_image":[{"width":1200,"height":800,"url":"https:\/\/files.sunoresearch.com.br\/n\/uploads\/2023\/05\/crise-paises.jpg","type":"image\/jpeg"}],"author":"Camila Paim","twitter_card":"summary_large_image","twitter_creator":"@sunoresearch","twitter_site":"@sunoresearch","twitter_misc":{"Escrito por":"Camila Paim","Est. tempo de leitura":"2 minutos"},"schema":{"@context":"https:\/\/schema.org","@graph":[{"@type":"NewsArticle","@id":"https:\/\/www.suno.com.br\/noticias\/deficit-governo-central-tesouro-nacional-cpf\/#article","isPartOf":{"@id":"https:\/\/www.suno.com.br\/noticias\/deficit-governo-central-tesouro-nacional-cpf\/"},"author":{"name":"Camila Paim","@id":"https:\/\/www.suno.com.br\/noticias\/#\/schema\/person\/f341d3ae5d1cc685176c9a5327cdfdbb"},"headline":"D\u00e9ficit do Governo Central chega a R$ 230,5 bilh\u00f5es em 2023, pior desde 2020, aponta Tesouro","datePublished":"2024-01-29T14:30:23+00:00","dateModified":"2024-01-29T14:30:29+00:00","mainEntityOfPage":{"@id":"https:\/\/www.suno.com.br\/noticias\/deficit-governo-central-tesouro-nacional-cpf\/"},"wordCount":354,"publisher":{"@id":"https:\/\/www.suno.com.br\/noticias\/#organization"},"image":{"@id":"https:\/\/www.suno.com.br\/noticias\/deficit-governo-central-tesouro-nacional-cpf\/#primaryimage"},"thumbnailUrl":"https:\/\/files.sunoresearch.com.br\/n\/uploads\/2023\/05\/crise-paises.jpg","keywords":["D\u00edvida P\u00fablica Federal","infla\u00e7\u00e3o","precat\u00f3rios","Produto Interno Bruto (PIB)"],"articleSection":["Economia"],"inLanguage":"pt-BR"},{"@type":"WebPage","@id":"https:\/\/www.suno.com.br\/noticias\/deficit-governo-central-tesouro-nacional-cpf\/","url":"https:\/\/www.suno.com.br\/noticias\/deficit-governo-central-tesouro-nacional-cpf\/","name":"D\u00e9ficit do Governo Central chega a R$ 230,5 bi em 2023, aponta Tesouro","isPartOf":{"@id":"https:\/\/www.suno.com.br\/noticias\/#website"},"primaryImageOfPage":{"@id":"https:\/\/www.suno.com.br\/noticias\/deficit-governo-central-tesouro-nacional-cpf\/#primaryimage"},"image":{"@id":"https:\/\/www.suno.com.br\/noticias\/deficit-governo-central-tesouro-nacional-cpf\/#primaryimage"},"thumbnailUrl":"https:\/\/files.sunoresearch.com.br\/n\/uploads\/2023\/05\/crise-paises.jpg","datePublished":"2024-01-29T14:30:23+00:00","dateModified":"2024-01-29T14:30:29+00:00","description":"O d\u00e9ficit do Governo Central bateu o seu pior patamar desde 2020, conforme divulgou o Tesouro Nacional nesta segunda-feira (29).","breadcrumb":{"@id":"https:\/\/www.suno.com.br\/noticias\/deficit-governo-central-tesouro-nacional-cpf\/#breadcrumb"},"inLanguage":"pt-BR","potentialAction":[{"@type":"ReadAction","target":["https:\/\/www.suno.com.br\/noticias\/deficit-governo-central-tesouro-nacional-cpf\/"]}]},{"@type":"ImageObject","inLanguage":"pt-BR","@id":"https:\/\/www.suno.com.br\/noticias\/deficit-governo-central-tesouro-nacional-cpf\/#primaryimage","url":"https:\/\/files.sunoresearch.com.br\/n\/uploads\/2023\/05\/crise-paises.jpg","contentUrl":"https:\/\/files.sunoresearch.com.br\/n\/uploads\/2023\/05\/crise-paises.jpg","width":1200,"height":800,"caption":"Crise - Foto: iStock"},{"@type":"BreadcrumbList","@id":"https:\/\/www.suno.com.br\/noticias\/deficit-governo-central-tesouro-nacional-cpf\/#breadcrumb","itemListElement":[{"@type":"ListItem","position":1,"name":"Not\u00edcias","item":"https:\/\/www.suno.com.br\/noticias\/"},{"@type":"ListItem","position":2,"name":"Economia","item":"https:\/\/www.suno.com.br\/noticias\/economia\/"},{"@type":"ListItem","position":3,"name":"D\u00e9ficit do Governo Central chega a R$ 230,5 bilh\u00f5es em 2023, pior desde 2020, aponta Tesouro"}]},{"@type":"WebSite","@id":"https:\/\/www.suno.com.br\/noticias\/#website","url":"https:\/\/www.suno.com.br\/noticias\/","name":"Suno Not\u00edcias","description":"Seu portal de informa\u00e7\u00e3o sobre o mundo dos investimentos","publisher":{"@id":"https:\/\/www.suno.com.br\/noticias\/#organization"},"potentialAction":[{"@type":"SearchAction","target":{"@type":"EntryPoint","urlTemplate":"https:\/\/www.suno.com.br\/noticias\/?s={search_term_string}"},"query-input":{"@type":"PropertyValueSpecification","valueRequired":true,"valueName":"search_term_string"}}],"inLanguage":"pt-BR"},{"@type":"Organization","@id":"https:\/\/www.suno.com.br\/noticias\/#organization","name":"Suno Not\u00edcias","url":"https:\/\/www.suno.com.br\/noticias\/","logo":{"@type":"ImageObject","inLanguage":"pt-BR","@id":"https:\/\/www.suno.com.br\/noticias\/#\/schema\/logo\/image\/","url":"https:\/\/files.sunoresearch.com.br\/n\/uploads\/2021\/09\/suno-logo.png","contentUrl":"https:\/\/files.sunoresearch.com.br\/n\/uploads\/2021\/09\/suno-logo.png","width":180,"height":180,"caption":"Suno Not\u00edcias"},"image":{"@id":"https:\/\/www.suno.com.br\/noticias\/#\/schema\/logo\/image\/"},"sameAs":["https:\/\/facebook.com\/sunoresearch","https:\/\/x.com\/sunoresearch","https:\/\/www.instagram.com\/suno","https:\/\/www.linkedin.com\/company\/suno-research\/","https:\/\/www.youtube.com\/c\/sunoresearch"]},{"@type":"Person","@id":"https:\/\/www.suno.com.br\/noticias\/#\/schema\/person\/f341d3ae5d1cc685176c9a5327cdfdbb","name":"Camila Paim","image":{"@type":"ImageObject","inLanguage":"pt-BR","@id":"https:\/\/www.suno.com.br\/noticias\/#\/schema\/person\/image\/","url":"https:\/\/secure.gravatar.com\/avatar\/f33728e65febb1aa7ecf6792956f9b20?s=96&r=g","contentUrl":"https:\/\/secure.gravatar.com\/avatar\/f33728e65febb1aa7ecf6792956f9b20?s=96&r=g","caption":"Camila Paim"},"description":"Jornalista formada pela USP, tem experi\u00eancia em reda\u00e7\u00f5es, SEO, Branded Content e Webdesign. Com passagem pelo Jornal da USP, Empiricus e C6 Bank, hoje \u00e9 rep\u00f3rter no Suno Not\u00edcias cobrindo macroeconomia, finan\u00e7as pessoais e startups.","url":"https:\/\/www.suno.com.br\/noticias\/author\/camila-figueiredosuno-com-br\/"}]}},"default_loop_html":"<div class=\"cardsPage__listCard__boxs\"><div class=\"cardsPage__listCard__boxs__img\"><a href=\"https:\/\/www.suno.com.br\/noticias\/deficit-governo-central-tesouro-nacional-cpf\/\"><img class=\"mask\" src=\"https:\/\/www.suno.com.br\/noticias\/wp-content\/themes\/suno\/resources\/images\/spotlight\/spotlight1img\/bg-mask.png\" alt=\"Image Mask\"\/><img src=\"https:\/\/files.sunoresearch.com.br\/n\/uploads\/2023\/05\/crise-paises-400x200.jpg\" alt=\"D\u00e9ficit do Governo Central chega a R$ 230,5 bilh\u00f5es em 2023, pior desde 2020, aponta Tesouro\"\/><\/a><span class=\"spotlightCategory\"><a href=\"https:\/\/www.suno.com.br\/noticias\/economia\/\">Economia<\/a><\/span><\/div><div class=\"cardsPage__listCard__boxs__content\"><a href=\"https:\/\/www.suno.com.br\/noticias\/deficit-governo-central-tesouro-nacional-cpf\/\"><h2 class=\"content__title\">D\u00e9ficit do Governo Central chega a R$ 230,5 bilh\u00f5es em 2023, pior desde 2020, aponta Tesouro<\/h2><\/a><div class=\"newsContent__article__meta\"><div class=\"newsContent__article__meta__authorBox\"><a href=\"https:\/\/www.suno.com.br\/noticias\/author\/vini08correiagmail-com\/\" class=\"authorBox__avatar noMobi\"><img src=\"https:\/\/files.sunoresearch.com.br\/n\/uploads\/2026\/04\/WhatsApp-Image-2026-04-20-at-19.35.48-150x150.webp\" alt=\"Vin\u00edcius Alves\"><\/a><div class=\"authorBox__name\"><span>por\n\t\t\t<a href=\"https:\/\/www.suno.com.br\/noticias\/author\/vini08correiagmail-com\/\"><span itemprop=\"author\">Vin\u00edcius Alves<\/span><\/a><\/span><time datetime=\"2024-01-29T11:30:23-03:00\" itemprop=\"datePublished\">29\/01\/2024 11:30<\/time><\/div><\/div><\/div><\/div><\/div>","single_layout":"posts","amp_enabled":true,"_links":{"self":[{"href":"https:\/\/www.suno.com.br\/noticias\/wp-json\/wp\/v2\/posts\/517019"}],"collection":[{"href":"https:\/\/www.suno.com.br\/noticias\/wp-json\/wp\/v2\/posts"}],"about":[{"href":"https:\/\/www.suno.com.br\/noticias\/wp-json\/wp\/v2\/types\/post"}],"author":[{"embeddable":true,"href":"https:\/\/www.suno.com.br\/noticias\/wp-json\/wp\/v2\/users\/283"}],"replies":[{"embeddable":true,"href":"https:\/\/www.suno.com.br\/noticias\/wp-json\/wp\/v2\/comments?post=517019"}],"version-history":[{"count":3,"href":"https:\/\/www.suno.com.br\/noticias\/wp-json\/wp\/v2\/posts\/517019\/revisions"}],"predecessor-version":[{"id":517045,"href":"https:\/\/www.suno.com.br\/noticias\/wp-json\/wp\/v2\/posts\/517019\/revisions\/517045"}],"wp:featuredmedia":[{"embeddable":true,"href":"https:\/\/www.suno.com.br\/noticias\/wp-json\/wp\/v2\/media\/408579"}],"wp:attachment":[{"href":"https:\/\/www.suno.com.br\/noticias\/wp-json\/wp\/v2\/media?parent=517019"}],"wp:term":[{"taxonomy":"category","embeddable":true,"href":"https:\/\/www.suno.com.br\/noticias\/wp-json\/wp\/v2\/categories?post=517019"},{"taxonomy":"post_tag","embeddable":true,"href":"https:\/\/www.suno.com.br\/noticias\/wp-json\/wp\/v2\/tags?post=517019"},{"taxonomy":"suno_strategy","embeddable":true,"href":"https:\/\/www.suno.com.br\/noticias\/wp-json\/wp\/v2\/suno_strategy?post=517019"}],"curies":[{"name":"wp","href":"https:\/\/api.w.org\/{rel}","templated":true}]}}