{"id":516927,"date":"2024-01-29T10:45:42","date_gmt":"2024-01-29T13:45:42","guid":{"rendered":"https:\/\/www.suno.com.br\/noticias\/?p=516927"},"modified":"2024-01-29T10:45:49","modified_gmt":"2024-01-29T13:45:49","slug":"carrefour-crfb3-genial-comprar-acoes-varejo-cpf","status":"publish","type":"post","link":"https:\/\/www.suno.com.br\/noticias\/carrefour-crfb3-genial-comprar-acoes-varejo-cpf\/","title":{"rendered":"Carrefour (CRFB3): Genial v\u00ea &#8216;ciclo de crescimento de lucro&#8217; e eleva recomenda\u00e7\u00e3o para compra"},"content":{"rendered":"<p>O <strong>Carrefour (CRFB3)<\/strong> deve se beneficiar de uma melhora no cen\u00e1rio macroecon\u00f4mico para alcan\u00e7ar um ciclo de crescimento de lucro em 2024. <\/p>\t<div class=\"wrapper-featured-image\">\n\t\t<figure class=\"spotlightImg\">\n\n\t\t\t<picture>\n\t\t\t\t<source media=\"(max-width: 768px)\" srcset=\"https:\/\/files.sunoresearch.com.br\/n\/uploads\/2022\/12\/carrefour-crfb3-400x200.jpeg\">\n\t\t\t\t<img loading=\"lazy\" decoding=\"async\" class=\"newsContent__article__imgCapa lazyloadDisabled \" src=\"https:\/\/files.sunoresearch.com.br\/n\/uploads\/2022\/12\/carrefour-crfb3-800x450.jpeg\" width=\"800\" height=\"450\" alt=\"Carrefour (CRFB3): Genial v\u00ea &#8216;ciclo de crescimento de lucro&#8217; e eleva recomenda\u00e7\u00e3o para compra\" fetchpriority=high \/>\n\t\t\t<\/picture>\n\n\t\t\t<figcaption class=\"wp-caption-text wp-caption-text--show\">Carrefour (CRFB3). Foto: Divulga\u00e7\u00e3o<\/figcaption>\n\t\t<\/figure>\n\t<\/div>\n\n\n\n\n\n\n\n\t<p>\n\t\t<a href=\"https:\/\/lp.suno.com.br\/planilha-da-vida-financeira\/\" target=\"_blank\" data-element=\"shortcode-suno-banner\" title=\"Banner SUNO, clique e saiba mais\">\n\t\t\t<picture>\n\t\t\t\t<source media=\"(max-width: 500px)\" srcset=\"https:\/\/files.sunoresearch.com.br\/n\/uploads\/2023\/04\/400x300-Planilha-vida-financeira-true.png\">\n\t\t\t\t<img class=\"newsContent__article__imgCapa newsContent__article__imgCapa--banner\"\n\t\t\t\t\tsrc=\"https:\/\/files.sunoresearch.com.br\/n\/uploads\/2023\/04\/1420x240-Planilha-vida-financeira-true.png\"\n\t\t\t\t\tdata-promo-id=\"106682\"\t\t\t\t\t\t\t\t\t\twidth='1420' height='240'\t\t\t\t\talt=\"https:\/\/files.sunoresearch.com.br\/n\/uploads\/2023\/04\/1420x240-Planilha-vida-financeira-true.png\"\n\t\t\t\t>\n\t\t\t<\/picture>\n\t\t<\/a>\n\t<\/p>\n\n\n\n\n\n<p>A vis\u00e3o \u00e9 baseada no mais novo <strong>relat\u00f3rio da Genial<\/strong> Investimentos, com pr\u00e9vias para o quarto trimestre de 2023 (4T23) e estimativas da casa para 2024. <\/p>\n\n\n\n<p>Para o segmento de <strong>varejo<\/strong> do Carrefour, os analistas da Genial apontam que dever\u00e1 haver press\u00e3o em margens ao longo do 4\u00ba trimestre de 2023 e ainda no 1\u00ba semestre de 2024, refletindo a reestrutura\u00e7\u00e3o e fechamento de lojas do grupo. Entretanto, para o desenrolar do ano, a casa est\u00e1 mais otimista:<\/p>\n\n\n\n<p>&#8220;A conjun\u00e7\u00e3o de uma melhora do cen\u00e1rio macroecon\u00f4mico juntamente a evolu\u00e7\u00e3o do micro deve levar o <strong>Carrefour <\/strong>a um ciclo de crescimento de lucro, a partir daqui&#8221;, diz o documento. <\/p>\n\n\n\n<p>A Genial estima que o <strong>Carrefour (CRFB3)<\/strong> deva ser negociado a 13,0x P\/E em 2024, 19% abaixo da m\u00e9dia hist\u00f3rica dos \u00faltimos 5 anos. A recomenda\u00e7\u00e3o da casa foi de &#8220;manter&#8221; para <strong>&#8220;comprar&#8221; a\u00e7\u00f5es de CRFB3<\/strong>, com o pre\u00e7o-alvo mantido em R$ 14,00 para o ano. <\/p>\n\n\n\t<p>\n\t\t<a href=\"https:\/\/lp.suno.com.br\/ebook-como-analisar-uma-acao\/\" target=\"_blank\" data-element=\"shortcode-suno-banner\" title=\"Banner SUNO, clique e saiba mais\">\n\t\t\t<picture>\n\t\t\t\t<source media=\"(max-width: 500px)\" srcset=\"https:\/\/files.sunoresearch.com.br\/n\/uploads\/2023\/03\/Ebook-Acoes-Mobile.jpg\">\n\t\t\t\t<img class=\"newsContent__article__imgCapa newsContent__article__imgCapa--banner\"\n\t\t\t\t\tsrc=\"https:\/\/files.sunoresearch.com.br\/n\/uploads\/2023\/03\/Ebook-Acoes-Desktop.jpg\"\n\t\t\t\t\tdata-promo-id=\"378302\"\t\t\t\t\t\t\t\t\t\twidth='1420' height='286'\t\t\t\t\talt=\"https:\/\/files.sunoresearch.com.br\/n\/uploads\/2023\/03\/Ebook-Acoes-Desktop.jpg\"\n\t\t\t\t>\n\t\t\t<\/picture>\n\t\t<\/a>\n\t<\/p>\n\n\n\n\n\n<h2 class=\"wp-block-heading\">Expans\u00f5es podem atingir break-even mesmo em defla\u00e7\u00e3o<\/h2>\n\n\n\n<p>De acordo com os <a class=\"suno-keyword\" data-force=\"no\" data-priority=\"1\" href=\"https:\/\/www.suno.com.br\/artigos\/indicadores-economicos\/\" target=\"_blank\" rel=\"noopener\">indicadores econ\u00f4micos<\/a> mais recentes, o pre\u00e7o de alimentos, especialmente o segmento de alimenta\u00e7\u00e3o em domic\u00edlio, indicou uma queda. Entre outubro e dezembro de 2023, a defla\u00e7\u00e3o de 0,52% a\/a ainda n\u00e3o dever\u00e1 significar uma mudan\u00e7a no comportamento de consumo do p\u00fablico, segundo a Genial<\/p>\n\n\n\n<p>A persist\u00eancia da infla\u00e7\u00e3o de produtos secos como arroz e feij\u00e3o, contudo, poder\u00e1 ser um &#8220;gatilho positivo de <a class=\"suno-keyword\" data-force=\"no\" data-priority=\"1\" href=\"https:\/\/www.suno.com.br\/artigos\/curto-prazo\/\" target=\"_blank\" rel=\"noopener\">curto prazo<\/a> para as empresas de Cash-and-Carry, uma vez que commodities \u00e9 bem representativo no mix de vendas deste segmento&#8221;, afirmou a casa. <\/p>\n\n\n\n<p>Enquanto isso, n\u00e3o \u00e9 esperado que os resultados do 4T23 apresentam muitas aberturas ou fechamentos nas <strong>unidades do Carrefour<\/strong>. <\/p>\n\n\n\n<p>No segmento do varejo, a mudan\u00e7a na rentabilidade poder\u00e1 vir de lojas convertidas que atinjam o ponto de equil\u00edbrio (break-even), ou seja, equiparando os gastos e a receita.<\/p>\n\n\n\n<p>Al\u00e9m disso, \u00e9 esperado que o <strong>Atacad\u00e3o <\/strong>tenha um <a class=\"suno-keyword\" data-force=\"no\" data-priority=\"1\" href=\"https:\/\/www.suno.com.br\/artigos\/same-store-sales\/\" target=\"_blank\" rel=\"noopener\">Same Store Sales<\/a> (SSS) negativo nesse trimestre, com uma recupera\u00e7\u00e3o gradual de -2,2% pela Genial. <\/p>\n\n\n\n<p>O formato de clube do <a class=\"suno-keyword\" data-force=\"yes\" data-priority=\"2\" href=\"https:\/\/www.suno.com.br\/acoes\/CRFB3\/\" target=\"_blank\" rel=\"noopener\">Carrefour (CRFB3)<\/a>, o <strong>Sam\u2019s Club<\/strong>, \u00e9 destacado pela Genial como beneficiado pelo crescimento de clientes ativos e pela expans\u00e3o de lojas. Proje\u00e7\u00f5es indicam o maior crescimento de faturamento do grupo, com um estimado <a class=\"suno-keyword\" data-force=\"no\" data-priority=\"1\" href=\"https:\/\/www.suno.com.br\/artigos\/same-store-sales\/\" target=\"_blank\" rel=\"noopener\">Same Store Sales<\/a> em +6,5% a\/a e uma <a class=\"suno-keyword\" data-force=\"no\" data-priority=\"1\" href=\"https:\/\/www.suno.com.br\/artigos\/margem-ebitda\/\" target=\"_blank\" rel=\"noopener\">margem EBITDA<\/a> de 5,0% no trimestre.<\/p>\n\n\n\n<h2 class=\"wp-block-heading\">Fatores positivos para o Carrefour em 2024<\/h2>\n\n\n\n<p>Al\u00e9m disso, a Genial destaca seis pontos que podem influenciar no melhor desempenho da <strong>rentabilidade do Carrefour: <\/strong><\/p>\n\n\n\n<ul class=\"wp-block-list\">\n<li>Com o El Ni\u00f1o, \u00e9 prov\u00e1vel que a infla\u00e7\u00e3o alimentar retorne, o que pode alavancar operacionalmente a vertical de Cash-and-Carry, por\u00e9m nada t\u00e3o intenso quanto entre os anos de 2020 e 2022;<\/li>\n\n\n\n<li>A matura\u00e7\u00e3o de lojas convertidas (safra 2022\/2023) devem impulsionar o crescimento da rentabilidade do grupo;<\/li>\n\n\n\n<li>Queda da Selic pode beneficiar o <strong>lucro de Carrefour <\/strong>ao longo de 2024, al\u00e9m de abrir espa\u00e7o para o Banco Carrefour reverter provis\u00f5es feitas ao longo dos \u00faltimos trimestres;<\/li>\n\n\n\n<li>A rede de supermercados j\u00e1 anunciou uma expectativa de redu\u00e7\u00e3o de 40% a\/a no Capex para 2023, junto a uma normaliza\u00e7\u00e3o de estoques (-2 dias a\/a), que pode ajudar a impulsionar o fluxo de caixa operacional da companhia ao longo do ano.<\/li>\n\n\n\n<li>A normaliza\u00e7\u00e3o da al\u00edquota de imposto (que se apresenta distorcida desde o in\u00edcio da integra\u00e7\u00e3o do Grupo BIG);<\/li>\n\n\n\n<li>Maior rentabiliza\u00e7\u00e3o de Carrefour Property, com o prosseguimento do carve-out da vertical.<\/li>\n<\/ul>\n\n\n\n<p>&#8220;A nossa estimativa \u00e9 que <strong>Carrefour (CRFB3) <\/strong>apresente um <a class=\"suno-keyword\" data-force=\"no\" data-priority=\"1\" href=\"https:\/\/www.suno.com.br\/artigos\/lucro-liquido\/\" target=\"_blank\" rel=\"noopener\">lucro l\u00edquido<\/a> consolidado de R$ 1,7 bilh\u00f5es em 2024&#8243;, concluiu a Genial em relat\u00f3rio publicado neste domingo (28).<\/p>\n\n\n\t<p>\n\t\t<a href=\"https:\/\/lp.suno.com.br\/planilha-da-vida-financeira\/\" target=\"_blank\" data-element=\"shortcode-suno-banner\" title=\"Banner SUNO, clique e saiba mais\">\n\t\t\t<picture>\n\t\t\t\t<source media=\"(max-width: 500px)\" srcset=\"https:\/\/files.sunoresearch.com.br\/n\/uploads\/2023\/04\/400x300-Planilha-vida-financeira-true.png\">\n\t\t\t\t<img class=\"newsContent__article__imgCapa newsContent__article__imgCapa--banner\"\n\t\t\t\t\tsrc=\"https:\/\/files.sunoresearch.com.br\/n\/uploads\/2023\/04\/1420x240-Planilha-vida-financeira-true.png\"\n\t\t\t\t\tdata-promo-id=\"383123\"\t\t\t\t\t\t\t\t\t\twidth='1420' height='240'\t\t\t\t\talt=\"https:\/\/files.sunoresearch.com.br\/n\/uploads\/2023\/04\/1420x240-Planilha-vida-financeira-true.png\"\n\t\t\t\t>\n\t\t\t<\/picture>\n\t\t<\/a>\n\t<\/p>\n\n\n","protected":false},"excerpt":{"rendered":"<p>O Carrefour (CRFB3) deve se beneficiar de uma melhora no cen\u00e1rio macroecon\u00f4mico para alcan\u00e7ar um ciclo de crescimento de lucro em 2024. Carrefour (CRFB3). Foto: Divulga\u00e7\u00e3o A vis\u00e3o \u00e9 baseada no mais novo relat\u00f3rio da Genial Investimentos, com pr\u00e9vias para o quarto trimestre de 2023 (4T23) e estimativas da casa para 2024. Para o segmento [&hellip;]<\/p>\n","protected":false},"author":283,"featured_media":333329,"comment_status":"closed","ping_status":"closed","sticky":false,"template":"","format":"standard","meta":[],"categories":[64],"tags":[1029,405,105816],"suno_strategy":[],"class_list":["post-516927","post","type-post","status-publish","format-standard","has-post-thumbnail","hentry","category-negocios","tag-balancos-trimestrais","tag-carrefour-crfb3","tag-especialistas"],"yoast_head":"<!-- This site is optimized with the Yoast SEO plugin v24.4 - https:\/\/yoast.com\/wordpress\/plugins\/seo\/ -->\n<title>Carrefour (CRFB3): Genial indica compra com otimismo para o varejo<\/title>\n<meta name=\"description\" content=\"A Genial Investimentos acredita que o Carrefour (CRFB3) pode conseguir uma virada significativa no desempenho do Atacad\u00e3o em 2024.\" \/>\n<meta name=\"robots\" content=\"index, follow, max-snippet:-1, max-image-preview:large, max-video-preview:-1\" \/>\n<link rel=\"canonical\" href=\"https:\/\/www.suno.com.br\/noticias\/carrefour-crfb3-genial-comprar-acoes-varejo-cpf\/\" \/>\n<meta property=\"og:locale\" content=\"pt_BR\" \/>\n<meta property=\"og:type\" content=\"article\" \/>\n<meta property=\"og:title\" content=\"Carrefour (CRFB3): Genial indica compra com otimismo para o varejo\" \/>\n<meta property=\"og:description\" content=\"A Genial Investimentos acredita que o Carrefour (CRFB3) pode conseguir uma virada significativa no desempenho do Atacad\u00e3o em 2024.\" \/>\n<meta property=\"og:url\" content=\"https:\/\/www.suno.com.br\/noticias\/carrefour-crfb3-genial-comprar-acoes-varejo-cpf\/\" \/>\n<meta property=\"og:site_name\" content=\"Suno Not\u00edcias\" \/>\n<meta property=\"article:publisher\" content=\"https:\/\/facebook.com\/sunoresearch\" \/>\n<meta property=\"og:image\" content=\"https:\/\/files.sunoresearch.com.br\/n\/uploads\/2022\/12\/carrefour-crfb3.jpeg\" \/>\n\t<meta property=\"og:image:width\" content=\"1200\" \/>\n\t<meta property=\"og:image:height\" content=\"800\" \/>\n\t<meta property=\"og:image:type\" content=\"image\/jpeg\" \/>\n<meta name=\"author\" content=\"Camila Paim\" \/>\n<meta name=\"twitter:card\" content=\"summary_large_image\" \/>\n<meta name=\"twitter:creator\" content=\"@sunoresearch\" \/>\n<meta name=\"twitter:site\" content=\"@sunoresearch\" \/>\n<meta name=\"twitter:label1\" content=\"Escrito por\" \/>\n\t<meta name=\"twitter:data1\" content=\"Camila Paim\" \/>\n\t<meta name=\"twitter:label2\" content=\"Est. tempo de leitura\" \/>\n\t<meta name=\"twitter:data2\" content=\"4 minutos\" \/>\n<script type=\"application\/ld+json\" class=\"yoast-schema-graph\">{\"@context\":\"https:\/\/schema.org\",\"@graph\":[{\"@type\":\"NewsArticle\",\"@id\":\"https:\/\/www.suno.com.br\/noticias\/carrefour-crfb3-genial-comprar-acoes-varejo-cpf\/#article\",\"isPartOf\":{\"@id\":\"https:\/\/www.suno.com.br\/noticias\/carrefour-crfb3-genial-comprar-acoes-varejo-cpf\/\"},\"author\":{\"name\":\"Camila Paim\",\"@id\":\"https:\/\/www.suno.com.br\/noticias\/#\/schema\/person\/f341d3ae5d1cc685176c9a5327cdfdbb\"},\"headline\":\"Carrefour (CRFB3): Genial v\u00ea &#8216;ciclo de crescimento de lucro&#8217; e eleva recomenda\u00e7\u00e3o para compra\",\"datePublished\":\"2024-01-29T13:45:42+00:00\",\"dateModified\":\"2024-01-29T13:45:49+00:00\",\"mainEntityOfPage\":{\"@id\":\"https:\/\/www.suno.com.br\/noticias\/carrefour-crfb3-genial-comprar-acoes-varejo-cpf\/\"},\"wordCount\":650,\"publisher\":{\"@id\":\"https:\/\/www.suno.com.br\/noticias\/#organization\"},\"image\":{\"@id\":\"https:\/\/www.suno.com.br\/noticias\/carrefour-crfb3-genial-comprar-acoes-varejo-cpf\/#primaryimage\"},\"thumbnailUrl\":\"https:\/\/files.sunoresearch.com.br\/n\/uploads\/2022\/12\/carrefour-crfb3.jpeg\",\"keywords\":[\"balan\u00e7os trimestrais\",\"Carrefour (CRFB3)\",\"Especialistas\"],\"articleSection\":[\"Neg\u00f3cios\"],\"inLanguage\":\"pt-BR\"},{\"@type\":\"WebPage\",\"@id\":\"https:\/\/www.suno.com.br\/noticias\/carrefour-crfb3-genial-comprar-acoes-varejo-cpf\/\",\"url\":\"https:\/\/www.suno.com.br\/noticias\/carrefour-crfb3-genial-comprar-acoes-varejo-cpf\/\",\"name\":\"Carrefour (CRFB3): Genial indica compra com otimismo para o varejo\",\"isPartOf\":{\"@id\":\"https:\/\/www.suno.com.br\/noticias\/#website\"},\"primaryImageOfPage\":{\"@id\":\"https:\/\/www.suno.com.br\/noticias\/carrefour-crfb3-genial-comprar-acoes-varejo-cpf\/#primaryimage\"},\"image\":{\"@id\":\"https:\/\/www.suno.com.br\/noticias\/carrefour-crfb3-genial-comprar-acoes-varejo-cpf\/#primaryimage\"},\"thumbnailUrl\":\"https:\/\/files.sunoresearch.com.br\/n\/uploads\/2022\/12\/carrefour-crfb3.jpeg\",\"datePublished\":\"2024-01-29T13:45:42+00:00\",\"dateModified\":\"2024-01-29T13:45:49+00:00\",\"description\":\"A Genial Investimentos acredita que o Carrefour (CRFB3) pode conseguir uma virada significativa no desempenho do Atacad\u00e3o em 2024.\",\"breadcrumb\":{\"@id\":\"https:\/\/www.suno.com.br\/noticias\/carrefour-crfb3-genial-comprar-acoes-varejo-cpf\/#breadcrumb\"},\"inLanguage\":\"pt-BR\",\"potentialAction\":[{\"@type\":\"ReadAction\",\"target\":[\"https:\/\/www.suno.com.br\/noticias\/carrefour-crfb3-genial-comprar-acoes-varejo-cpf\/\"]}]},{\"@type\":\"ImageObject\",\"inLanguage\":\"pt-BR\",\"@id\":\"https:\/\/www.suno.com.br\/noticias\/carrefour-crfb3-genial-comprar-acoes-varejo-cpf\/#primaryimage\",\"url\":\"https:\/\/files.sunoresearch.com.br\/n\/uploads\/2022\/12\/carrefour-crfb3.jpeg\",\"contentUrl\":\"https:\/\/files.sunoresearch.com.br\/n\/uploads\/2022\/12\/carrefour-crfb3.jpeg\",\"width\":1200,\"height\":800,\"caption\":\"Carrefour (CRFB3). Foto: Divulga\u00e7\u00e3o\"},{\"@type\":\"BreadcrumbList\",\"@id\":\"https:\/\/www.suno.com.br\/noticias\/carrefour-crfb3-genial-comprar-acoes-varejo-cpf\/#breadcrumb\",\"itemListElement\":[{\"@type\":\"ListItem\",\"position\":1,\"name\":\"Not\u00edcias\",\"item\":\"https:\/\/www.suno.com.br\/noticias\/\"},{\"@type\":\"ListItem\",\"position\":2,\"name\":\"Neg\u00f3cios\",\"item\":\"https:\/\/www.suno.com.br\/noticias\/negocios\/\"},{\"@type\":\"ListItem\",\"position\":3,\"name\":\"Carrefour (CRFB3): Genial v\u00ea &#8216;ciclo de crescimento de lucro&#8217; e eleva recomenda\u00e7\u00e3o para compra\"}]},{\"@type\":\"WebSite\",\"@id\":\"https:\/\/www.suno.com.br\/noticias\/#website\",\"url\":\"https:\/\/www.suno.com.br\/noticias\/\",\"name\":\"Suno Not\u00edcias\",\"description\":\"Seu portal de informa\u00e7\u00e3o sobre o mundo dos investimentos\",\"publisher\":{\"@id\":\"https:\/\/www.suno.com.br\/noticias\/#organization\"},\"potentialAction\":[{\"@type\":\"SearchAction\",\"target\":{\"@type\":\"EntryPoint\",\"urlTemplate\":\"https:\/\/www.suno.com.br\/noticias\/?s={search_term_string}\"},\"query-input\":{\"@type\":\"PropertyValueSpecification\",\"valueRequired\":true,\"valueName\":\"search_term_string\"}}],\"inLanguage\":\"pt-BR\"},{\"@type\":\"Organization\",\"@id\":\"https:\/\/www.suno.com.br\/noticias\/#organization\",\"name\":\"Suno Not\u00edcias\",\"url\":\"https:\/\/www.suno.com.br\/noticias\/\",\"logo\":{\"@type\":\"ImageObject\",\"inLanguage\":\"pt-BR\",\"@id\":\"https:\/\/www.suno.com.br\/noticias\/#\/schema\/logo\/image\/\",\"url\":\"https:\/\/files.sunoresearch.com.br\/n\/uploads\/2021\/09\/suno-logo.png\",\"contentUrl\":\"https:\/\/files.sunoresearch.com.br\/n\/uploads\/2021\/09\/suno-logo.png\",\"width\":180,\"height\":180,\"caption\":\"Suno Not\u00edcias\"},\"image\":{\"@id\":\"https:\/\/www.suno.com.br\/noticias\/#\/schema\/logo\/image\/\"},\"sameAs\":[\"https:\/\/facebook.com\/sunoresearch\",\"https:\/\/x.com\/sunoresearch\",\"https:\/\/www.instagram.com\/suno\",\"https:\/\/www.linkedin.com\/company\/suno-research\/\",\"https:\/\/www.youtube.com\/c\/sunoresearch\"]},{\"@type\":\"Person\",\"@id\":\"https:\/\/www.suno.com.br\/noticias\/#\/schema\/person\/f341d3ae5d1cc685176c9a5327cdfdbb\",\"name\":\"Camila Paim\",\"image\":{\"@type\":\"ImageObject\",\"inLanguage\":\"pt-BR\",\"@id\":\"https:\/\/www.suno.com.br\/noticias\/#\/schema\/person\/image\/\",\"url\":\"https:\/\/secure.gravatar.com\/avatar\/f33728e65febb1aa7ecf6792956f9b20?s=96&r=g\",\"contentUrl\":\"https:\/\/secure.gravatar.com\/avatar\/f33728e65febb1aa7ecf6792956f9b20?s=96&r=g\",\"caption\":\"Camila Paim\"},\"description\":\"Jornalista formada pela USP, tem experi\u00eancia em reda\u00e7\u00f5es, SEO, Branded Content e Webdesign. Com passagem pelo Jornal da USP, Empiricus e C6 Bank, hoje \u00e9 rep\u00f3rter no Suno Not\u00edcias cobrindo macroeconomia, finan\u00e7as pessoais e startups.\",\"url\":\"https:\/\/www.suno.com.br\/noticias\/author\/camila-figueiredosuno-com-br\/\"}]}<\/script>\n<!-- \/ Yoast SEO plugin. -->","yoast_head_json":{"title":"Carrefour (CRFB3): Genial indica compra com otimismo para o varejo","description":"A Genial Investimentos acredita que o Carrefour (CRFB3) pode conseguir uma virada significativa no desempenho do Atacad\u00e3o em 2024.","robots":{"index":"index","follow":"follow","max-snippet":"max-snippet:-1","max-image-preview":"max-image-preview:large","max-video-preview":"max-video-preview:-1"},"canonical":"https:\/\/www.suno.com.br\/noticias\/carrefour-crfb3-genial-comprar-acoes-varejo-cpf\/","og_locale":"pt_BR","og_type":"article","og_title":"Carrefour (CRFB3): Genial indica compra com otimismo para o varejo","og_description":"A Genial Investimentos acredita que o Carrefour (CRFB3) pode conseguir uma virada significativa no desempenho do Atacad\u00e3o em 2024.","og_url":"https:\/\/www.suno.com.br\/noticias\/carrefour-crfb3-genial-comprar-acoes-varejo-cpf\/","og_site_name":"Suno Not\u00edcias","article_publisher":"https:\/\/facebook.com\/sunoresearch","og_image":[{"width":1200,"height":800,"url":"https:\/\/files.sunoresearch.com.br\/n\/uploads\/2022\/12\/carrefour-crfb3.jpeg","type":"image\/jpeg"}],"author":"Camila Paim","twitter_card":"summary_large_image","twitter_creator":"@sunoresearch","twitter_site":"@sunoresearch","twitter_misc":{"Escrito por":"Camila Paim","Est. tempo de leitura":"4 minutos"},"schema":{"@context":"https:\/\/schema.org","@graph":[{"@type":"NewsArticle","@id":"https:\/\/www.suno.com.br\/noticias\/carrefour-crfb3-genial-comprar-acoes-varejo-cpf\/#article","isPartOf":{"@id":"https:\/\/www.suno.com.br\/noticias\/carrefour-crfb3-genial-comprar-acoes-varejo-cpf\/"},"author":{"name":"Camila Paim","@id":"https:\/\/www.suno.com.br\/noticias\/#\/schema\/person\/f341d3ae5d1cc685176c9a5327cdfdbb"},"headline":"Carrefour (CRFB3): Genial v\u00ea &#8216;ciclo de crescimento de lucro&#8217; e eleva recomenda\u00e7\u00e3o para compra","datePublished":"2024-01-29T13:45:42+00:00","dateModified":"2024-01-29T13:45:49+00:00","mainEntityOfPage":{"@id":"https:\/\/www.suno.com.br\/noticias\/carrefour-crfb3-genial-comprar-acoes-varejo-cpf\/"},"wordCount":650,"publisher":{"@id":"https:\/\/www.suno.com.br\/noticias\/#organization"},"image":{"@id":"https:\/\/www.suno.com.br\/noticias\/carrefour-crfb3-genial-comprar-acoes-varejo-cpf\/#primaryimage"},"thumbnailUrl":"https:\/\/files.sunoresearch.com.br\/n\/uploads\/2022\/12\/carrefour-crfb3.jpeg","keywords":["balan\u00e7os trimestrais","Carrefour (CRFB3)","Especialistas"],"articleSection":["Neg\u00f3cios"],"inLanguage":"pt-BR"},{"@type":"WebPage","@id":"https:\/\/www.suno.com.br\/noticias\/carrefour-crfb3-genial-comprar-acoes-varejo-cpf\/","url":"https:\/\/www.suno.com.br\/noticias\/carrefour-crfb3-genial-comprar-acoes-varejo-cpf\/","name":"Carrefour (CRFB3): Genial indica compra com otimismo para o varejo","isPartOf":{"@id":"https:\/\/www.suno.com.br\/noticias\/#website"},"primaryImageOfPage":{"@id":"https:\/\/www.suno.com.br\/noticias\/carrefour-crfb3-genial-comprar-acoes-varejo-cpf\/#primaryimage"},"image":{"@id":"https:\/\/www.suno.com.br\/noticias\/carrefour-crfb3-genial-comprar-acoes-varejo-cpf\/#primaryimage"},"thumbnailUrl":"https:\/\/files.sunoresearch.com.br\/n\/uploads\/2022\/12\/carrefour-crfb3.jpeg","datePublished":"2024-01-29T13:45:42+00:00","dateModified":"2024-01-29T13:45:49+00:00","description":"A Genial Investimentos acredita que o Carrefour (CRFB3) pode conseguir uma virada significativa no desempenho do Atacad\u00e3o em 2024.","breadcrumb":{"@id":"https:\/\/www.suno.com.br\/noticias\/carrefour-crfb3-genial-comprar-acoes-varejo-cpf\/#breadcrumb"},"inLanguage":"pt-BR","potentialAction":[{"@type":"ReadAction","target":["https:\/\/www.suno.com.br\/noticias\/carrefour-crfb3-genial-comprar-acoes-varejo-cpf\/"]}]},{"@type":"ImageObject","inLanguage":"pt-BR","@id":"https:\/\/www.suno.com.br\/noticias\/carrefour-crfb3-genial-comprar-acoes-varejo-cpf\/#primaryimage","url":"https:\/\/files.sunoresearch.com.br\/n\/uploads\/2022\/12\/carrefour-crfb3.jpeg","contentUrl":"https:\/\/files.sunoresearch.com.br\/n\/uploads\/2022\/12\/carrefour-crfb3.jpeg","width":1200,"height":800,"caption":"Carrefour (CRFB3). Foto: Divulga\u00e7\u00e3o"},{"@type":"BreadcrumbList","@id":"https:\/\/www.suno.com.br\/noticias\/carrefour-crfb3-genial-comprar-acoes-varejo-cpf\/#breadcrumb","itemListElement":[{"@type":"ListItem","position":1,"name":"Not\u00edcias","item":"https:\/\/www.suno.com.br\/noticias\/"},{"@type":"ListItem","position":2,"name":"Neg\u00f3cios","item":"https:\/\/www.suno.com.br\/noticias\/negocios\/"},{"@type":"ListItem","position":3,"name":"Carrefour (CRFB3): Genial v\u00ea &#8216;ciclo de crescimento de lucro&#8217; e eleva recomenda\u00e7\u00e3o para compra"}]},{"@type":"WebSite","@id":"https:\/\/www.suno.com.br\/noticias\/#website","url":"https:\/\/www.suno.com.br\/noticias\/","name":"Suno Not\u00edcias","description":"Seu portal de informa\u00e7\u00e3o sobre o mundo dos investimentos","publisher":{"@id":"https:\/\/www.suno.com.br\/noticias\/#organization"},"potentialAction":[{"@type":"SearchAction","target":{"@type":"EntryPoint","urlTemplate":"https:\/\/www.suno.com.br\/noticias\/?s={search_term_string}"},"query-input":{"@type":"PropertyValueSpecification","valueRequired":true,"valueName":"search_term_string"}}],"inLanguage":"pt-BR"},{"@type":"Organization","@id":"https:\/\/www.suno.com.br\/noticias\/#organization","name":"Suno Not\u00edcias","url":"https:\/\/www.suno.com.br\/noticias\/","logo":{"@type":"ImageObject","inLanguage":"pt-BR","@id":"https:\/\/www.suno.com.br\/noticias\/#\/schema\/logo\/image\/","url":"https:\/\/files.sunoresearch.com.br\/n\/uploads\/2021\/09\/suno-logo.png","contentUrl":"https:\/\/files.sunoresearch.com.br\/n\/uploads\/2021\/09\/suno-logo.png","width":180,"height":180,"caption":"Suno Not\u00edcias"},"image":{"@id":"https:\/\/www.suno.com.br\/noticias\/#\/schema\/logo\/image\/"},"sameAs":["https:\/\/facebook.com\/sunoresearch","https:\/\/x.com\/sunoresearch","https:\/\/www.instagram.com\/suno","https:\/\/www.linkedin.com\/company\/suno-research\/","https:\/\/www.youtube.com\/c\/sunoresearch"]},{"@type":"Person","@id":"https:\/\/www.suno.com.br\/noticias\/#\/schema\/person\/f341d3ae5d1cc685176c9a5327cdfdbb","name":"Camila Paim","image":{"@type":"ImageObject","inLanguage":"pt-BR","@id":"https:\/\/www.suno.com.br\/noticias\/#\/schema\/person\/image\/","url":"https:\/\/secure.gravatar.com\/avatar\/f33728e65febb1aa7ecf6792956f9b20?s=96&r=g","contentUrl":"https:\/\/secure.gravatar.com\/avatar\/f33728e65febb1aa7ecf6792956f9b20?s=96&r=g","caption":"Camila Paim"},"description":"Jornalista formada pela USP, tem experi\u00eancia em reda\u00e7\u00f5es, SEO, Branded Content e Webdesign. Com passagem pelo Jornal da USP, Empiricus e C6 Bank, hoje \u00e9 rep\u00f3rter no Suno Not\u00edcias cobrindo macroeconomia, finan\u00e7as pessoais e startups.","url":"https:\/\/www.suno.com.br\/noticias\/author\/camila-figueiredosuno-com-br\/"}]}},"default_loop_html":"<div class=\"cardsPage__listCard__boxs\"><div class=\"cardsPage__listCard__boxs__img\"><a href=\"https:\/\/www.suno.com.br\/noticias\/carrefour-crfb3-genial-comprar-acoes-varejo-cpf\/\"><img class=\"mask\" src=\"https:\/\/www.suno.com.br\/noticias\/wp-content\/themes\/suno\/resources\/images\/spotlight\/spotlight1img\/bg-mask.png\" alt=\"Image Mask\"\/><img src=\"https:\/\/files.sunoresearch.com.br\/n\/uploads\/2022\/12\/carrefour-crfb3-400x200.jpeg\" alt=\"Carrefour (CRFB3): Genial v\u00ea &#8216;ciclo de crescimento de lucro&#8217; e eleva recomenda\u00e7\u00e3o para compra\"\/><\/a><span class=\"spotlightCategory\"><a href=\"https:\/\/www.suno.com.br\/noticias\/negocios\/\">Neg\u00f3cios<\/a><\/span><\/div><div class=\"cardsPage__listCard__boxs__content\"><a href=\"https:\/\/www.suno.com.br\/noticias\/carrefour-crfb3-genial-comprar-acoes-varejo-cpf\/\"><h2 class=\"content__title\">Carrefour (CRFB3): Genial v\u00ea &#8216;ciclo de crescimento de lucro&#8217; e eleva recomenda\u00e7\u00e3o para compra<\/h2><\/a><div class=\"newsContent__article__meta\"><div class=\"newsContent__article__meta__authorBox\"><a href=\"https:\/\/www.suno.com.br\/noticias\/author\/camila-figueiredosuno-com-br\/\" class=\"authorBox__avatar noMobi\"><img src=\"https:\/\/files.sunoresearch.com.br\/n\/uploads\/2024\/05\/camila-paim-square-150x150.jpg\" alt=\"Camila Paim\"><\/a><div class=\"authorBox__name\"><span>por\n\t\t\t<a href=\"https:\/\/www.suno.com.br\/noticias\/author\/camila-figueiredosuno-com-br\/\"><span itemprop=\"author\">Camila Paim<\/span><\/a><\/span><time datetime=\"2024-01-29T10:45:42-03:00\" itemprop=\"datePublished\">29\/01\/2024 10:45<\/time><\/div><\/div><\/div><\/div><\/div>","single_layout":"posts","amp_enabled":true,"_links":{"self":[{"href":"https:\/\/www.suno.com.br\/noticias\/wp-json\/wp\/v2\/posts\/516927"}],"collection":[{"href":"https:\/\/www.suno.com.br\/noticias\/wp-json\/wp\/v2\/posts"}],"about":[{"href":"https:\/\/www.suno.com.br\/noticias\/wp-json\/wp\/v2\/types\/post"}],"author":[{"embeddable":true,"href":"https:\/\/www.suno.com.br\/noticias\/wp-json\/wp\/v2\/users\/283"}],"replies":[{"embeddable":true,"href":"https:\/\/www.suno.com.br\/noticias\/wp-json\/wp\/v2\/comments?post=516927"}],"version-history":[{"count":2,"href":"https:\/\/www.suno.com.br\/noticias\/wp-json\/wp\/v2\/posts\/516927\/revisions"}],"predecessor-version":[{"id":516996,"href":"https:\/\/www.suno.com.br\/noticias\/wp-json\/wp\/v2\/posts\/516927\/revisions\/516996"}],"wp:featuredmedia":[{"embeddable":true,"href":"https:\/\/www.suno.com.br\/noticias\/wp-json\/wp\/v2\/media\/333329"}],"wp:attachment":[{"href":"https:\/\/www.suno.com.br\/noticias\/wp-json\/wp\/v2\/media?parent=516927"}],"wp:term":[{"taxonomy":"category","embeddable":true,"href":"https:\/\/www.suno.com.br\/noticias\/wp-json\/wp\/v2\/categories?post=516927"},{"taxonomy":"post_tag","embeddable":true,"href":"https:\/\/www.suno.com.br\/noticias\/wp-json\/wp\/v2\/tags?post=516927"},{"taxonomy":"suno_strategy","embeddable":true,"href":"https:\/\/www.suno.com.br\/noticias\/wp-json\/wp\/v2\/suno_strategy?post=516927"}],"curies":[{"name":"wp","href":"https:\/\/api.w.org\/{rel}","templated":true}]}}