{"id":516899,"date":"2024-01-29T08:14:56","date_gmt":"2024-01-29T11:14:56","guid":{"rendered":"https:\/\/www.suno.com.br\/noticias\/?p=516899"},"modified":"2024-01-29T10:07:05","modified_gmt":"2024-01-29T13:07:05","slug":"evergrande-liquidacao-decretada-tribunal-gss","status":"publish","type":"post","link":"https:\/\/www.suno.com.br\/noticias\/evergrande-liquidacao-decretada-tribunal-gss\/","title":{"rendered":"Evergrande tem liquida\u00e7\u00e3o decretada por tribunal e acende alerta para crise imobili\u00e1ria na China; entenda"},"content":{"rendered":"<p>A <strong>Evergrande<\/strong>, gigante chinesa do setor imobili\u00e1rio, teve a liquida\u00e7\u00e3o decretada pela justi\u00e7a de Hong Kong nesta segunda-feira (29), ap\u00f3s a companhia n\u00e3o chegar a um acordo com seus credores.<\/p>\t<div class=\"wrapper-featured-image\">\n\t\t<figure class=\"spotlightImg\">\n\n\t\t\t<picture>\n\t\t\t\t<source media=\"(max-width: 768px)\" srcset=\"https:\/\/files.sunoresearch.com.br\/n\/uploads\/2021\/09\/Residential_buildings_developed_by_Evergrande_in_Yuanyang-400x200.jpg\">\n\t\t\t\t<img loading=\"lazy\" decoding=\"async\" class=\"newsContent__article__imgCapa lazyloadDisabled \" src=\"https:\/\/files.sunoresearch.com.br\/n\/uploads\/2021\/09\/Residential_buildings_developed_by_Evergrande_in_Yuanyang-800x450.jpg\" width=\"800\" height=\"450\" alt=\"Evergrande tem liquida\u00e7\u00e3o decretada por tribunal e acende alerta para crise imobili\u00e1ria na China; entenda\" fetchpriority=high \/>\n\t\t\t<\/picture>\n\n\t\t\t<figcaption class=\"wp-caption-text wp-caption-text--show\">Evergrande. Foto: Reprodu\u00e7\u00e3o\/Site Evergrande<\/figcaption>\n\t\t<\/figure>\n\t<\/div>\n\n\n\n\n\n\n\n\t<p>\n\t\t<a href=\"https:\/\/lp.suno.com.br\/planilha-da-vida-financeira\/\" target=\"_blank\" data-element=\"shortcode-suno-banner\" title=\"Banner SUNO, clique e saiba mais\">\n\t\t\t<picture>\n\t\t\t\t<source media=\"(max-width: 500px)\" srcset=\"https:\/\/files.sunoresearch.com.br\/n\/uploads\/2023\/04\/400x300-Planilha-vida-financeira-true.png\">\n\t\t\t\t<img class=\"newsContent__article__imgCapa newsContent__article__imgCapa--banner\"\n\t\t\t\t\tsrc=\"https:\/\/files.sunoresearch.com.br\/n\/uploads\/2023\/04\/1420x240-Planilha-vida-financeira-true.png\"\n\t\t\t\t\tdata-promo-id=\"106682\"\t\t\t\t\t\t\t\t\t\twidth='1420' height='240'\t\t\t\t\talt=\"https:\/\/files.sunoresearch.com.br\/n\/uploads\/2023\/04\/1420x240-Planilha-vida-financeira-true.png\"\n\t\t\t\t>\n\t\t\t<\/picture>\n\t\t<\/a>\n\t<\/p>\n\n\n\n\n\n<p>As a\u00e7\u00f5es da empresa ca\u00edram 21% na manh\u00e3 desta segunda, antes de terem a negocia\u00e7\u00e3o interrompida. Em 12 meses, a Evergrande perdeu 90% do <a class=\"suno-keyword\" data-force=\"no\" data-priority=\"1\" href=\"https:\/\/www.suno.com.br\/artigos\/valor-de-mercado\/\" target=\"_blank\" rel=\"noopener\">valor de mercado<\/a>.<\/p>\n\n\n\n<p>Sobrecarregada com cerca de US$ 300 bilh\u00f5es em passivos, a companhia parou de honrar compromissos financeiros h\u00e1 dois anos, quando deu in\u00edcio \u00e0 negocia\u00e7\u00e3o da reestrutura\u00e7\u00e3o da d\u00edvida. O prazo para aprova\u00e7\u00e3o de um acordo acabou nesta segunda.<\/p>\n\n\n\n<p>&#8220;N\u00e3o \u00e9 uma grande surpresa para os investidores&#8221;, disse o economista-chefe da Jefferies, Shujin Chen. J\u00e1 Hebe Chen, analista de mercado da IG International, afirmou que a ordem de <strong>liquida\u00e7\u00e3o da Evergrande <\/strong>d\u00e1 in\u00edcio \u00e0 &#8220;pr\u00f3xima etapa da <strong>crise imobili\u00e1ria da China<\/strong>&#8220;.<\/p>\n\n\n\n<p>A liquida\u00e7\u00e3o de um neg\u00f3cio diz respeito ao conjunto de atos destinados a realizar o ativo, pagar o passivo e partilhar o saldo entre os s\u00f3cios.<\/p>\n\n\n\t<p>\n\t\t<a href=\"https:\/\/lp.suno.com.br\/ebook-como-analisar-uma-acao\/\" target=\"_blank\" data-element=\"shortcode-suno-banner\" title=\"Banner SUNO, clique e saiba mais\">\n\t\t\t<picture>\n\t\t\t\t<source media=\"(max-width: 500px)\" srcset=\"https:\/\/files.sunoresearch.com.br\/n\/uploads\/2023\/03\/Ebook-Acoes-Mobile.jpg\">\n\t\t\t\t<img class=\"newsContent__article__imgCapa newsContent__article__imgCapa--banner\"\n\t\t\t\t\tsrc=\"https:\/\/files.sunoresearch.com.br\/n\/uploads\/2023\/03\/Ebook-Acoes-Desktop.jpg\"\n\t\t\t\t\tdata-promo-id=\"378302\"\t\t\t\t\t\t\t\t\t\twidth='1420' height='286'\t\t\t\t\talt=\"https:\/\/files.sunoresearch.com.br\/n\/uploads\/2023\/03\/Ebook-Acoes-Desktop.jpg\"\n\t\t\t\t>\n\t\t\t<\/picture>\n\t\t<\/a>\n\t<\/p>\n\n\n\n\n\n<h2 class=\"wp-block-heading\">Liquida\u00e7\u00e3o afeta apenas unidade listada em Hong Kong<\/h2>\n\n\n\n<p>O <strong>CEO da Evergrande<\/strong>, Shawn Siu, afirmou que a ordem judicial de liquida\u00e7\u00e3o da companhia anunciada nesta segunda-feira afeta apenas a unidade listada em Hong Kong. Outras opera\u00e7\u00f5es do grupo na China e no exterior s\u00e3o entidades jur\u00eddicas independentes, segundo o executivo.<\/p>\n\n\n\n<p>Siu afirmou que a empresa sente &#8220;extremo arrependimento&#8221; pelos acontecimentos que levaram \u00e0 ordem de liquida\u00e7\u00e3o, emitida por um tribunal de Hong Kong, e que vai se empenhar para entregar os im\u00f3veis que deve aos compradores.<\/p>\n\n\n\n<p>Ainda n\u00e3o est\u00e1 claro como a liquida\u00e7\u00e3o afetar\u00e1 as vastas <strong>opera\u00e7\u00f5es da Evergrande <\/strong>no continente chin\u00eas. Sendo uma ex-col\u00f4nia brit\u00e2nica, Hong Kong funciona sob um sistema jur\u00eddico separado, embora cada vez mais influenciado pela China.<\/p>\n\n\n\n<p>Em alguns casos, os tribunais do continente reconheceram decis\u00f5es de fal\u00eancia em Hong Kong, mas analistas dizem que o caso da <strong>Evergrande <\/strong>ser\u00e1 uma esp\u00e9cie de teste para a jurisprud\u00eancia.<\/p>\n\n\n\n<p>*<em>Com informa\u00e7\u00f5es da Associated Press, Dow Jones Newswires e Estad\u00e3o Conte\u00fado<\/em><\/p>\n\n\n\t<p>\n\t\t<a href=\"https:\/\/lp.suno.com.br\/planilha-da-vida-financeira\/\" target=\"_blank\" data-element=\"shortcode-suno-banner\" title=\"Banner SUNO, clique e saiba mais\">\n\t\t\t<picture>\n\t\t\t\t<source media=\"(max-width: 500px)\" srcset=\"https:\/\/files.sunoresearch.com.br\/n\/uploads\/2023\/04\/400x300-Planilha-vida-financeira-true.png\">\n\t\t\t\t<img class=\"newsContent__article__imgCapa newsContent__article__imgCapa--banner\"\n\t\t\t\t\tsrc=\"https:\/\/files.sunoresearch.com.br\/n\/uploads\/2023\/04\/1420x240-Planilha-vida-financeira-true.png\"\n\t\t\t\t\tdata-promo-id=\"383123\"\t\t\t\t\t\t\t\t\t\twidth='1420' height='240'\t\t\t\t\talt=\"https:\/\/files.sunoresearch.com.br\/n\/uploads\/2023\/04\/1420x240-Planilha-vida-financeira-true.png\"\n\t\t\t\t>\n\t\t\t<\/picture>\n\t\t<\/a>\n\t<\/p>\n\n\n","protected":false},"excerpt":{"rendered":"<p>A Evergrande, gigante chinesa do setor imobili\u00e1rio, teve a liquida\u00e7\u00e3o decretada pela justi\u00e7a de Hong Kong nesta segunda-feira (29), ap\u00f3s a companhia n\u00e3o chegar a um acordo com seus credores. Evergrande. Foto: Reprodu\u00e7\u00e3o\/Site Evergrande As a\u00e7\u00f5es da empresa ca\u00edram 21% na manh\u00e3 desta segunda, antes de terem a negocia\u00e7\u00e3o interrompida. Em 12 meses, a Evergrande [&hellip;]<\/p>\n","protected":false},"author":322,"featured_media":185516,"comment_status":"closed","ping_status":"closed","sticky":false,"template":"","format":"standard","meta":[],"categories":[63],"tags":[711,107122],"suno_strategy":[],"class_list":["post-516899","post","type-post","status-publish","format-standard","has-post-thumbnail","hentry","category-internacional","tag-china","tag-evergrande"],"yoast_head":"<!-- This site is optimized with the Yoast SEO plugin v24.4 - https:\/\/yoast.com\/wordpress\/plugins\/seo\/ -->\n<title>Evergrande tem liquida\u00e7\u00e3o decretada por tribunal em Hong Kong; Entenda<\/title>\n<meta name=\"description\" content=\"A Evergrande, gigante do setor imobili\u00e1rio, teve a liquida\u00e7\u00e3o decretada pela justi\u00e7a de Hong Kong, ap\u00f3s n\u00e3o chegar a um acordo com credores.\" \/>\n<meta name=\"robots\" content=\"index, follow, max-snippet:-1, max-image-preview:large, max-video-preview:-1\" \/>\n<link rel=\"canonical\" href=\"https:\/\/www.suno.com.br\/noticias\/evergrande-liquidacao-decretada-tribunal-gss\/\" \/>\n<meta property=\"og:locale\" content=\"pt_BR\" \/>\n<meta property=\"og:type\" content=\"article\" \/>\n<meta property=\"og:title\" content=\"Evergrande tem liquida\u00e7\u00e3o decretada por tribunal em Hong Kong; Entenda\" \/>\n<meta property=\"og:description\" content=\"A Evergrande, gigante do setor imobili\u00e1rio, teve a liquida\u00e7\u00e3o decretada pela justi\u00e7a de Hong Kong, ap\u00f3s n\u00e3o chegar a um acordo com credores.\" \/>\n<meta property=\"og:url\" content=\"https:\/\/www.suno.com.br\/noticias\/evergrande-liquidacao-decretada-tribunal-gss\/\" \/>\n<meta property=\"og:site_name\" content=\"Suno Not\u00edcias\" \/>\n<meta property=\"article:publisher\" content=\"https:\/\/facebook.com\/sunoresearch\" \/>\n<meta property=\"og:image\" content=\"https:\/\/files.sunoresearch.com.br\/n\/uploads\/2021\/09\/Residential_buildings_developed_by_Evergrande_in_Yuanyang.jpg\" \/>\n\t<meta property=\"og:image:width\" content=\"1280\" \/>\n\t<meta property=\"og:image:height\" content=\"853\" \/>\n\t<meta property=\"og:image:type\" content=\"image\/jpeg\" \/>\n<meta name=\"author\" content=\"Guilherme Serrano Silva\" \/>\n<meta name=\"twitter:card\" content=\"summary_large_image\" \/>\n<meta name=\"twitter:creator\" content=\"@sunoresearch\" \/>\n<meta name=\"twitter:site\" content=\"@sunoresearch\" \/>\n<meta name=\"twitter:label1\" content=\"Escrito por\" \/>\n\t<meta name=\"twitter:data1\" content=\"Guilherme Serrano Silva\" \/>\n\t<meta name=\"twitter:label2\" content=\"Est. tempo de leitura\" \/>\n\t<meta name=\"twitter:data2\" content=\"2 minutos\" \/>\n<script type=\"application\/ld+json\" class=\"yoast-schema-graph\">{\"@context\":\"https:\/\/schema.org\",\"@graph\":[{\"@type\":\"NewsArticle\",\"@id\":\"https:\/\/www.suno.com.br\/noticias\/evergrande-liquidacao-decretada-tribunal-gss\/#article\",\"isPartOf\":{\"@id\":\"https:\/\/www.suno.com.br\/noticias\/evergrande-liquidacao-decretada-tribunal-gss\/\"},\"author\":{\"name\":\"Guilherme Serrano Silva\",\"@id\":\"https:\/\/www.suno.com.br\/noticias\/#\/schema\/person\/4a72de8e10febe6d8a50711404b010b3\"},\"headline\":\"Evergrande tem liquida\u00e7\u00e3o decretada por tribunal e acende alerta para crise imobili\u00e1ria na China; entenda\",\"datePublished\":\"2024-01-29T11:14:56+00:00\",\"dateModified\":\"2024-01-29T13:07:05+00:00\",\"mainEntityOfPage\":{\"@id\":\"https:\/\/www.suno.com.br\/noticias\/evergrande-liquidacao-decretada-tribunal-gss\/\"},\"wordCount\":385,\"publisher\":{\"@id\":\"https:\/\/www.suno.com.br\/noticias\/#organization\"},\"image\":{\"@id\":\"https:\/\/www.suno.com.br\/noticias\/evergrande-liquidacao-decretada-tribunal-gss\/#primaryimage\"},\"thumbnailUrl\":\"https:\/\/files.sunoresearch.com.br\/n\/uploads\/2021\/09\/Residential_buildings_developed_by_Evergrande_in_Yuanyang.jpg\",\"keywords\":[\"China\",\"evergrande\"],\"articleSection\":[\"Internacional\"],\"inLanguage\":\"pt-BR\"},{\"@type\":\"WebPage\",\"@id\":\"https:\/\/www.suno.com.br\/noticias\/evergrande-liquidacao-decretada-tribunal-gss\/\",\"url\":\"https:\/\/www.suno.com.br\/noticias\/evergrande-liquidacao-decretada-tribunal-gss\/\",\"name\":\"Evergrande tem liquida\u00e7\u00e3o decretada por tribunal em Hong Kong; Entenda\",\"isPartOf\":{\"@id\":\"https:\/\/www.suno.com.br\/noticias\/#website\"},\"primaryImageOfPage\":{\"@id\":\"https:\/\/www.suno.com.br\/noticias\/evergrande-liquidacao-decretada-tribunal-gss\/#primaryimage\"},\"image\":{\"@id\":\"https:\/\/www.suno.com.br\/noticias\/evergrande-liquidacao-decretada-tribunal-gss\/#primaryimage\"},\"thumbnailUrl\":\"https:\/\/files.sunoresearch.com.br\/n\/uploads\/2021\/09\/Residential_buildings_developed_by_Evergrande_in_Yuanyang.jpg\",\"datePublished\":\"2024-01-29T11:14:56+00:00\",\"dateModified\":\"2024-01-29T13:07:05+00:00\",\"description\":\"A Evergrande, gigante do setor imobili\u00e1rio, teve a liquida\u00e7\u00e3o decretada pela justi\u00e7a de Hong Kong, ap\u00f3s n\u00e3o chegar a um acordo com credores.\",\"breadcrumb\":{\"@id\":\"https:\/\/www.suno.com.br\/noticias\/evergrande-liquidacao-decretada-tribunal-gss\/#breadcrumb\"},\"inLanguage\":\"pt-BR\",\"potentialAction\":[{\"@type\":\"ReadAction\",\"target\":[\"https:\/\/www.suno.com.br\/noticias\/evergrande-liquidacao-decretada-tribunal-gss\/\"]}]},{\"@type\":\"ImageObject\",\"inLanguage\":\"pt-BR\",\"@id\":\"https:\/\/www.suno.com.br\/noticias\/evergrande-liquidacao-decretada-tribunal-gss\/#primaryimage\",\"url\":\"https:\/\/files.sunoresearch.com.br\/n\/uploads\/2021\/09\/Residential_buildings_developed_by_Evergrande_in_Yuanyang.jpg\",\"contentUrl\":\"https:\/\/files.sunoresearch.com.br\/n\/uploads\/2021\/09\/Residential_buildings_developed_by_Evergrande_in_Yuanyang.jpg\",\"width\":1280,\"height\":853,\"caption\":\"Evergrande. Foto: Reprodu\u00e7\u00e3o\/Site Evergrande\"},{\"@type\":\"BreadcrumbList\",\"@id\":\"https:\/\/www.suno.com.br\/noticias\/evergrande-liquidacao-decretada-tribunal-gss\/#breadcrumb\",\"itemListElement\":[{\"@type\":\"ListItem\",\"position\":1,\"name\":\"Not\u00edcias\",\"item\":\"https:\/\/www.suno.com.br\/noticias\/\"},{\"@type\":\"ListItem\",\"position\":2,\"name\":\"Internacional\",\"item\":\"https:\/\/www.suno.com.br\/noticias\/internacional\/\"},{\"@type\":\"ListItem\",\"position\":3,\"name\":\"Evergrande tem liquida\u00e7\u00e3o decretada por tribunal e acende alerta para crise imobili\u00e1ria na China; entenda\"}]},{\"@type\":\"WebSite\",\"@id\":\"https:\/\/www.suno.com.br\/noticias\/#website\",\"url\":\"https:\/\/www.suno.com.br\/noticias\/\",\"name\":\"Suno Not\u00edcias\",\"description\":\"Seu portal de informa\u00e7\u00e3o sobre o mundo dos investimentos\",\"publisher\":{\"@id\":\"https:\/\/www.suno.com.br\/noticias\/#organization\"},\"potentialAction\":[{\"@type\":\"SearchAction\",\"target\":{\"@type\":\"EntryPoint\",\"urlTemplate\":\"https:\/\/www.suno.com.br\/noticias\/?s={search_term_string}\"},\"query-input\":{\"@type\":\"PropertyValueSpecification\",\"valueRequired\":true,\"valueName\":\"search_term_string\"}}],\"inLanguage\":\"pt-BR\"},{\"@type\":\"Organization\",\"@id\":\"https:\/\/www.suno.com.br\/noticias\/#organization\",\"name\":\"Suno Not\u00edcias\",\"url\":\"https:\/\/www.suno.com.br\/noticias\/\",\"logo\":{\"@type\":\"ImageObject\",\"inLanguage\":\"pt-BR\",\"@id\":\"https:\/\/www.suno.com.br\/noticias\/#\/schema\/logo\/image\/\",\"url\":\"https:\/\/files.sunoresearch.com.br\/n\/uploads\/2021\/09\/suno-logo.png\",\"contentUrl\":\"https:\/\/files.sunoresearch.com.br\/n\/uploads\/2021\/09\/suno-logo.png\",\"width\":180,\"height\":180,\"caption\":\"Suno Not\u00edcias\"},\"image\":{\"@id\":\"https:\/\/www.suno.com.br\/noticias\/#\/schema\/logo\/image\/\"},\"sameAs\":[\"https:\/\/facebook.com\/sunoresearch\",\"https:\/\/x.com\/sunoresearch\",\"https:\/\/www.instagram.com\/suno\",\"https:\/\/www.linkedin.com\/company\/suno-research\/\",\"https:\/\/www.youtube.com\/c\/sunoresearch\"]},{\"@type\":\"Person\",\"@id\":\"https:\/\/www.suno.com.br\/noticias\/#\/schema\/person\/4a72de8e10febe6d8a50711404b010b3\",\"name\":\"Guilherme Serrano Silva\",\"image\":{\"@type\":\"ImageObject\",\"inLanguage\":\"pt-BR\",\"@id\":\"https:\/\/www.suno.com.br\/noticias\/#\/schema\/person\/image\/\",\"url\":\"https:\/\/secure.gravatar.com\/avatar\/aba5eb082d0443f542e94a82c79e9d50?s=96&r=g\",\"contentUrl\":\"https:\/\/secure.gravatar.com\/avatar\/aba5eb082d0443f542e94a82c79e9d50?s=96&r=g\",\"caption\":\"Guilherme Serrano Silva\"},\"description\":\"Jornalista formado pela Faculdade C\u00e1sper L\u00edbero e p\u00f3s-graduado em Can\u00e7\u00e3o Popular pela Faculdade Santa Marcelina. Passagens por R\u00e1dio Gazeta AM, gazetaesportiva.com e TC R\u00e1dio.\",\"url\":\"https:\/\/www.suno.com.br\/noticias\/author\/guilhermeserranosilvagmail-com\/\"}]}<\/script>\n<!-- \/ Yoast SEO plugin. -->","yoast_head_json":{"title":"Evergrande tem liquida\u00e7\u00e3o decretada por tribunal em Hong Kong; Entenda","description":"A Evergrande, gigante do setor imobili\u00e1rio, teve a liquida\u00e7\u00e3o decretada pela justi\u00e7a de Hong Kong, ap\u00f3s n\u00e3o chegar a um acordo com credores.","robots":{"index":"index","follow":"follow","max-snippet":"max-snippet:-1","max-image-preview":"max-image-preview:large","max-video-preview":"max-video-preview:-1"},"canonical":"https:\/\/www.suno.com.br\/noticias\/evergrande-liquidacao-decretada-tribunal-gss\/","og_locale":"pt_BR","og_type":"article","og_title":"Evergrande tem liquida\u00e7\u00e3o decretada por tribunal em Hong Kong; Entenda","og_description":"A Evergrande, gigante do setor imobili\u00e1rio, teve a liquida\u00e7\u00e3o decretada pela justi\u00e7a de Hong Kong, ap\u00f3s n\u00e3o chegar a um acordo com credores.","og_url":"https:\/\/www.suno.com.br\/noticias\/evergrande-liquidacao-decretada-tribunal-gss\/","og_site_name":"Suno Not\u00edcias","article_publisher":"https:\/\/facebook.com\/sunoresearch","og_image":[{"width":1280,"height":853,"url":"https:\/\/files.sunoresearch.com.br\/n\/uploads\/2021\/09\/Residential_buildings_developed_by_Evergrande_in_Yuanyang.jpg","type":"image\/jpeg"}],"author":"Guilherme Serrano Silva","twitter_card":"summary_large_image","twitter_creator":"@sunoresearch","twitter_site":"@sunoresearch","twitter_misc":{"Escrito por":"Guilherme Serrano Silva","Est. tempo de leitura":"2 minutos"},"schema":{"@context":"https:\/\/schema.org","@graph":[{"@type":"NewsArticle","@id":"https:\/\/www.suno.com.br\/noticias\/evergrande-liquidacao-decretada-tribunal-gss\/#article","isPartOf":{"@id":"https:\/\/www.suno.com.br\/noticias\/evergrande-liquidacao-decretada-tribunal-gss\/"},"author":{"name":"Guilherme Serrano Silva","@id":"https:\/\/www.suno.com.br\/noticias\/#\/schema\/person\/4a72de8e10febe6d8a50711404b010b3"},"headline":"Evergrande tem liquida\u00e7\u00e3o decretada por tribunal e acende alerta para crise imobili\u00e1ria na China; entenda","datePublished":"2024-01-29T11:14:56+00:00","dateModified":"2024-01-29T13:07:05+00:00","mainEntityOfPage":{"@id":"https:\/\/www.suno.com.br\/noticias\/evergrande-liquidacao-decretada-tribunal-gss\/"},"wordCount":385,"publisher":{"@id":"https:\/\/www.suno.com.br\/noticias\/#organization"},"image":{"@id":"https:\/\/www.suno.com.br\/noticias\/evergrande-liquidacao-decretada-tribunal-gss\/#primaryimage"},"thumbnailUrl":"https:\/\/files.sunoresearch.com.br\/n\/uploads\/2021\/09\/Residential_buildings_developed_by_Evergrande_in_Yuanyang.jpg","keywords":["China","evergrande"],"articleSection":["Internacional"],"inLanguage":"pt-BR"},{"@type":"WebPage","@id":"https:\/\/www.suno.com.br\/noticias\/evergrande-liquidacao-decretada-tribunal-gss\/","url":"https:\/\/www.suno.com.br\/noticias\/evergrande-liquidacao-decretada-tribunal-gss\/","name":"Evergrande tem liquida\u00e7\u00e3o decretada por tribunal em Hong Kong; Entenda","isPartOf":{"@id":"https:\/\/www.suno.com.br\/noticias\/#website"},"primaryImageOfPage":{"@id":"https:\/\/www.suno.com.br\/noticias\/evergrande-liquidacao-decretada-tribunal-gss\/#primaryimage"},"image":{"@id":"https:\/\/www.suno.com.br\/noticias\/evergrande-liquidacao-decretada-tribunal-gss\/#primaryimage"},"thumbnailUrl":"https:\/\/files.sunoresearch.com.br\/n\/uploads\/2021\/09\/Residential_buildings_developed_by_Evergrande_in_Yuanyang.jpg","datePublished":"2024-01-29T11:14:56+00:00","dateModified":"2024-01-29T13:07:05+00:00","description":"A Evergrande, gigante do setor imobili\u00e1rio, teve a liquida\u00e7\u00e3o decretada pela justi\u00e7a de Hong Kong, ap\u00f3s n\u00e3o chegar a um acordo com credores.","breadcrumb":{"@id":"https:\/\/www.suno.com.br\/noticias\/evergrande-liquidacao-decretada-tribunal-gss\/#breadcrumb"},"inLanguage":"pt-BR","potentialAction":[{"@type":"ReadAction","target":["https:\/\/www.suno.com.br\/noticias\/evergrande-liquidacao-decretada-tribunal-gss\/"]}]},{"@type":"ImageObject","inLanguage":"pt-BR","@id":"https:\/\/www.suno.com.br\/noticias\/evergrande-liquidacao-decretada-tribunal-gss\/#primaryimage","url":"https:\/\/files.sunoresearch.com.br\/n\/uploads\/2021\/09\/Residential_buildings_developed_by_Evergrande_in_Yuanyang.jpg","contentUrl":"https:\/\/files.sunoresearch.com.br\/n\/uploads\/2021\/09\/Residential_buildings_developed_by_Evergrande_in_Yuanyang.jpg","width":1280,"height":853,"caption":"Evergrande. Foto: Reprodu\u00e7\u00e3o\/Site Evergrande"},{"@type":"BreadcrumbList","@id":"https:\/\/www.suno.com.br\/noticias\/evergrande-liquidacao-decretada-tribunal-gss\/#breadcrumb","itemListElement":[{"@type":"ListItem","position":1,"name":"Not\u00edcias","item":"https:\/\/www.suno.com.br\/noticias\/"},{"@type":"ListItem","position":2,"name":"Internacional","item":"https:\/\/www.suno.com.br\/noticias\/internacional\/"},{"@type":"ListItem","position":3,"name":"Evergrande tem liquida\u00e7\u00e3o decretada por tribunal e acende alerta para crise imobili\u00e1ria na China; entenda"}]},{"@type":"WebSite","@id":"https:\/\/www.suno.com.br\/noticias\/#website","url":"https:\/\/www.suno.com.br\/noticias\/","name":"Suno Not\u00edcias","description":"Seu portal de informa\u00e7\u00e3o sobre o mundo dos investimentos","publisher":{"@id":"https:\/\/www.suno.com.br\/noticias\/#organization"},"potentialAction":[{"@type":"SearchAction","target":{"@type":"EntryPoint","urlTemplate":"https:\/\/www.suno.com.br\/noticias\/?s={search_term_string}"},"query-input":{"@type":"PropertyValueSpecification","valueRequired":true,"valueName":"search_term_string"}}],"inLanguage":"pt-BR"},{"@type":"Organization","@id":"https:\/\/www.suno.com.br\/noticias\/#organization","name":"Suno Not\u00edcias","url":"https:\/\/www.suno.com.br\/noticias\/","logo":{"@type":"ImageObject","inLanguage":"pt-BR","@id":"https:\/\/www.suno.com.br\/noticias\/#\/schema\/logo\/image\/","url":"https:\/\/files.sunoresearch.com.br\/n\/uploads\/2021\/09\/suno-logo.png","contentUrl":"https:\/\/files.sunoresearch.com.br\/n\/uploads\/2021\/09\/suno-logo.png","width":180,"height":180,"caption":"Suno Not\u00edcias"},"image":{"@id":"https:\/\/www.suno.com.br\/noticias\/#\/schema\/logo\/image\/"},"sameAs":["https:\/\/facebook.com\/sunoresearch","https:\/\/x.com\/sunoresearch","https:\/\/www.instagram.com\/suno","https:\/\/www.linkedin.com\/company\/suno-research\/","https:\/\/www.youtube.com\/c\/sunoresearch"]},{"@type":"Person","@id":"https:\/\/www.suno.com.br\/noticias\/#\/schema\/person\/4a72de8e10febe6d8a50711404b010b3","name":"Guilherme Serrano Silva","image":{"@type":"ImageObject","inLanguage":"pt-BR","@id":"https:\/\/www.suno.com.br\/noticias\/#\/schema\/person\/image\/","url":"https:\/\/secure.gravatar.com\/avatar\/aba5eb082d0443f542e94a82c79e9d50?s=96&r=g","contentUrl":"https:\/\/secure.gravatar.com\/avatar\/aba5eb082d0443f542e94a82c79e9d50?s=96&r=g","caption":"Guilherme Serrano Silva"},"description":"Jornalista formado pela Faculdade C\u00e1sper L\u00edbero e p\u00f3s-graduado em Can\u00e7\u00e3o Popular pela Faculdade Santa Marcelina. Passagens por R\u00e1dio Gazeta AM, gazetaesportiva.com e TC R\u00e1dio.","url":"https:\/\/www.suno.com.br\/noticias\/author\/guilhermeserranosilvagmail-com\/"}]}},"default_loop_html":"<div class=\"cardsPage__listCard__boxs\"><div class=\"cardsPage__listCard__boxs__img\"><a href=\"https:\/\/www.suno.com.br\/noticias\/evergrande-liquidacao-decretada-tribunal-gss\/\"><img class=\"mask\" src=\"https:\/\/www.suno.com.br\/noticias\/wp-content\/themes\/suno\/resources\/images\/spotlight\/spotlight1img\/bg-mask.png\" alt=\"Image Mask\"\/><img src=\"https:\/\/files.sunoresearch.com.br\/n\/uploads\/2021\/09\/Residential_buildings_developed_by_Evergrande_in_Yuanyang-400x200.jpg\" alt=\"Evergrande tem liquida\u00e7\u00e3o decretada por tribunal e acende alerta para crise imobili\u00e1ria na China; entenda\"\/><\/a><span class=\"spotlightCategory\"><a href=\"https:\/\/www.suno.com.br\/noticias\/internacional\/\">Internacional<\/a><\/span><\/div><div class=\"cardsPage__listCard__boxs__content\"><a href=\"https:\/\/www.suno.com.br\/noticias\/evergrande-liquidacao-decretada-tribunal-gss\/\"><h2 class=\"content__title\">Evergrande tem liquida\u00e7\u00e3o decretada por tribunal e acende alerta para crise imobili\u00e1ria na China; entenda<\/h2><\/a><div class=\"newsContent__article__meta\"><div class=\"newsContent__article__meta__authorBox\"><a href=\"https:\/\/www.suno.com.br\/noticias\/author\/guilhermeserranosilvagmail-com\/\" class=\"authorBox__avatar noMobi\"><img src=\"https:\/\/files.sunoresearch.com.br\/n\/uploads\/2023\/09\/WhatsApp-Image-2023-09-05-at-11.02.17-150x150.jpeg\" alt=\"Guilherme Serrano Silva\"><\/a><div class=\"authorBox__name\"><span>por\n\t\t\t<a href=\"https:\/\/www.suno.com.br\/noticias\/author\/guilhermeserranosilvagmail-com\/\"><span itemprop=\"author\">Guilherme Serrano Silva<\/span><\/a><\/span><time datetime=\"2024-01-29T08:14:56-03:00\" itemprop=\"datePublished\">29\/01\/2024 08:14<\/time><\/div><\/div><\/div><\/div><\/div>","single_layout":"posts","amp_enabled":true,"_links":{"self":[{"href":"https:\/\/www.suno.com.br\/noticias\/wp-json\/wp\/v2\/posts\/516899"}],"collection":[{"href":"https:\/\/www.suno.com.br\/noticias\/wp-json\/wp\/v2\/posts"}],"about":[{"href":"https:\/\/www.suno.com.br\/noticias\/wp-json\/wp\/v2\/types\/post"}],"author":[{"embeddable":true,"href":"https:\/\/www.suno.com.br\/noticias\/wp-json\/wp\/v2\/users\/322"}],"replies":[{"embeddable":true,"href":"https:\/\/www.suno.com.br\/noticias\/wp-json\/wp\/v2\/comments?post=516899"}],"version-history":[{"count":3,"href":"https:\/\/www.suno.com.br\/noticias\/wp-json\/wp\/v2\/posts\/516899\/revisions"}],"predecessor-version":[{"id":516962,"href":"https:\/\/www.suno.com.br\/noticias\/wp-json\/wp\/v2\/posts\/516899\/revisions\/516962"}],"wp:featuredmedia":[{"embeddable":true,"href":"https:\/\/www.suno.com.br\/noticias\/wp-json\/wp\/v2\/media\/185516"}],"wp:attachment":[{"href":"https:\/\/www.suno.com.br\/noticias\/wp-json\/wp\/v2\/media?parent=516899"}],"wp:term":[{"taxonomy":"category","embeddable":true,"href":"https:\/\/www.suno.com.br\/noticias\/wp-json\/wp\/v2\/categories?post=516899"},{"taxonomy":"post_tag","embeddable":true,"href":"https:\/\/www.suno.com.br\/noticias\/wp-json\/wp\/v2\/tags?post=516899"},{"taxonomy":"suno_strategy","embeddable":true,"href":"https:\/\/www.suno.com.br\/noticias\/wp-json\/wp\/v2\/suno_strategy?post=516899"}],"curies":[{"name":"wp","href":"https:\/\/api.w.org\/{rel}","templated":true}]}}