{"id":516888,"date":"2024-01-29T08:34:55","date_gmt":"2024-01-29T11:34:55","guid":{"rendered":"https:\/\/www.suno.com.br\/noticias\/?p=516888"},"modified":"2024-01-29T09:14:23","modified_gmt":"2024-01-29T12:14:23","slug":"novo-salario-minimo-pagamento-gpj","status":"publish","type":"post","link":"https:\/\/www.suno.com.br\/noticias\/novo-salario-minimo-pagamento-gpj\/","title":{"rendered":"Sal\u00e1rio m\u00ednimo: novo valor entra em vigor nesta semana; Confira"},"content":{"rendered":"<p>O novo <strong>sal\u00e1rio m\u00ednimo<\/strong> nacional, de R$ 1.412, come\u00e7a a ser pago a partir da pr\u00f3xima quinta-feira (1), embora j\u00e1 esteja valendo desde o primeiro dia do ano. Isso acontece porque o trabalhador recebe a quantia ap\u00f3s um m\u00eas de trabalho. <\/p>\t<div class=\"wrapper-featured-image\">\n\t\t<figure class=\"spotlightImg\">\n\n\t\t\t<picture>\n\t\t\t\t<source media=\"(max-width: 768px)\" srcset=\"https:\/\/files.sunoresearch.com.br\/n\/uploads\/2024\/01\/daniel-dan-3SR040CKpB0-unsplash-400x200.jpg\">\n\t\t\t\t<img loading=\"lazy\" decoding=\"async\" class=\"newsContent__article__imgCapa lazyloadDisabled \" src=\"https:\/\/files.sunoresearch.com.br\/n\/uploads\/2024\/01\/daniel-dan-3SR040CKpB0-unsplash-800x450.jpg\" width=\"800\" height=\"450\" alt=\"Sal\u00e1rio m\u00ednimo: novo valor entra em vigor nesta semana; Confira\" fetchpriority=high \/>\n\t\t\t<\/picture>\n\n\t\t\t<figcaption class=\"wp-caption-text wp-caption-text--show\">KNRI11 divulga oferta de R$ 914,99 milh\u00f5es. Foto: Unsplash.<\/figcaption>\n\t\t<\/figure>\n\t<\/div>\n\n\n\n\n\n\n\n\t<p>\n\t\t<a href=\"\" target=\"_blank\" data-element=\"shortcode-suno-banner\" title=\"Banner SUNO, clique e saiba mais\">\n\t\t\t<picture>\n\t\t\t\t<source media=\"(max-width: 500px)\" srcset=\"\">\n\t\t\t\t<img class=\"newsContent__article__imgCapa newsContent__article__imgCapa--banner\"\n\t\t\t\t\tsrc=\"\"\n\t\t\t\t\tdata-promo-id=\"240038\"\t\t\t\t\t\t\t\t\t\t\t\t\t\t\talt=\"\"\n\t\t\t\t>\n\t\t\t<\/picture>\n\t\t<\/a>\n\t<\/p>\n\n\n\n\n\n<p>O<strong> valor do novo sal\u00e1rio m\u00ednimo<\/strong> \u00e9 6,97% maior do que o de R$ 1.320, que vigorou de maio a dezembro de 2023.<\/p>\n\n\n\n<p>Aprovado no Or\u00e7amento Geral da Uni\u00e3o de 2024, o ajuste para R$ 1.412 corresponde \u00e0 infla\u00e7\u00e3o pelo \u00cdndice Nacional de Pre\u00e7os ao Consumidor (<strong>INPC<\/strong>) acumulado nos 12 meses terminados em novembro, que totalizou 3,85%, mais o crescimento de 3% do <a href=\"https:\/\/www.suno.com.br\/artigos\/pib-produto-interno-bruto\/\">Produto Interno Bruto (PIB)<\/a> em 2022. Enviada pelo governo em maio, a&nbsp;medida provis\u00f3ria&nbsp;com a nova <strong>pol\u00edtica de valoriza\u00e7\u00e3o do sal\u00e1rio m\u00ednimo<\/strong> foi aprovada pela C\u00e2mara dos Deputados e pelo Senado em agosto.<\/p>\n\n\n\n<p>Segundo o Departamento Intersindical de Estat\u00edstica e Estudos Socioecon\u00f4micos (<strong>Dieese<\/strong>), o reajuste beneficiar\u00e1 59,3 milh\u00f5es de trabalhadores e resultar\u00e1 em um incremento da renda anual no montante de R$ 69,9 bilh\u00f5es.\u00a0A entidade estima que o governo \u2013 Uni\u00e3o, estados e munic\u00edpios \u2013 arrecadar\u00e1 R$ 37,7 bilh\u00f5es a mais por causa do aumento do consumo atrelado ao sal\u00e1rio m\u00ednimo maior.<\/p>\n\n\n\t<p>\n\t\t<a href=\"https:\/\/lp.suno.com.br\/ebook-gratuito-investindo-no-exterior\/\" target=\"_blank\" data-element=\"shortcode-suno-banner\" title=\"Banner SUNO, clique e saiba mais\">\n\t\t\t<picture>\n\t\t\t\t<source media=\"(max-width: 500px)\" srcset=\"https:\/\/files.sunoresearch.com.br\/n\/uploads\/2023\/03\/400x300-Investindo-no-exterior.png\">\n\t\t\t\t<img class=\"newsContent__article__imgCapa newsContent__article__imgCapa--banner\"\n\t\t\t\t\tsrc=\"https:\/\/files.sunoresearch.com.br\/n\/uploads\/2023\/03\/1420x240-Investindo-no-exterior.png\"\n\t\t\t\t\tdata-promo-id=\"383161\"\t\t\t\t\t\t\t\t\t\twidth='1420' height='240'\t\t\t\t\talt=\"https:\/\/files.sunoresearch.com.br\/n\/uploads\/2023\/03\/1420x240-Investindo-no-exterior.png\"\n\t\t\t\t>\n\t\t\t<\/picture>\n\t\t<\/a>\n\t<\/p>\n\n\n\n\n\n<h2 class=\"wp-block-heading\">Ganho real<\/h2>\n\n\n\n<p>Ao descontar a <strong>infla\u00e7\u00e3o<\/strong> pelo INPC, o novo valor ter\u00e1 ganho real de 5,77% em rela\u00e7\u00e3o a maio de 2023, quando passou a vigorar o m\u00ednimo de R$ 1.320. Se considerar o sal\u00e1rio m\u00ednimo de R$ 1.302, que vigorou de janeiro a abril, o ganho seria menor, de 4,69%. Isso porque o INPC, \u00edndice que mede a infla\u00e7\u00e3o das fam\u00edlias de menor renda (at\u00e9 cinco sal\u00e1rios m\u00ednimos), estava mais alto no in\u00edcio de 2023.<\/p>\n\n\n\n<p>De 2007 a 2019, vigorava a pol\u00edtica semelhante \u00e0 atual, em que o sal\u00e1rio era corrigido pelo INPC do ano anterior mais o crescimento do Produto Interno Bruto (<strong>PIB<\/strong>) de dois anos antes. Caso o PIB encolha, havia a reposi\u00e7\u00e3o apenas pela infla\u00e7\u00e3o. De 2020 a 2022, o sal\u00e1rio m\u00ednimo passou a ser corrigido apenas pelo INPC, sem ganhos reais.<\/p>\n\n\n\n<p>No ano passado, houve dois aumentos. De janeiro a maio, o sal\u00e1rio m\u00ednimo foi reajustado para R$ 1.302, com ganho real de 1,41%. A partir de maio, quando o governo editou a medida provis\u00f3ria retomando a pol\u00edtica salarial anterior, o sal\u00e1rio passou para R$ 1.320, com valoriza\u00e7\u00e3o real de 2,8% em rela\u00e7\u00e3o ao m\u00ednimo de 2022.<\/p>\n\n\n\n<h2 class=\"wp-block-heading\">Or\u00e7amento<\/h2>\n\n\n\n<p>O projeto de lei do Or\u00e7amento de 2024 estimava sal\u00e1rio m\u00ednimo de R$ 1.421. No entanto, com a queda do INPC ao longo do segundo semestre, o valor final ficou em R$ 1.412, conforme a lei or\u00e7ament\u00e1ria aprovada pelo Congresso Nacional em 22 de dezembro.<\/p>\n\n\n\n<p>Por causa dos benef\u00edcios da Previd\u00eancia Social atrelados ao <strong>sal\u00e1rio m\u00ednimo<\/strong>, o novo valor, de R$ 1.412, aumentar\u00e1 os gastos da Uni\u00e3o em R$ 35 bilh\u00f5es neste ano. Segundo a Lei de Diretrizes Or\u00e7ament\u00e1rias (LDO), cada R$ 1 a mais no sal\u00e1rio m\u00ednimo eleva as despesas do governo em R$ 389 milh\u00f5es. Os c\u00e1lculos, no entanto, n\u00e3o consideram os ganhos de arrecada\u00e7\u00e3o decorrentes do aumento do consumo.<\/p>\n\n\n\n<p><em>*Com informa\u00e7\u00f5es de Ag\u00eancia Brasil<\/em><\/p>\n\n\n\t<p>\n\t\t<a href=\"https:\/\/lp.suno.com.br\/planilha-da-vida-financeira\/\" target=\"_blank\" data-element=\"shortcode-suno-banner\" title=\"Banner SUNO, clique e saiba mais\">\n\t\t\t<picture>\n\t\t\t\t<source media=\"(max-width: 500px)\" srcset=\"https:\/\/files.sunoresearch.com.br\/n\/uploads\/2023\/04\/400x300-Planilha-vida-financeira-true.png\">\n\t\t\t\t<img class=\"newsContent__article__imgCapa newsContent__article__imgCapa--banner\"\n\t\t\t\t\tsrc=\"https:\/\/files.sunoresearch.com.br\/n\/uploads\/2023\/04\/1420x240-Planilha-vida-financeira-true.png\"\n\t\t\t\t\tdata-promo-id=\"383123\"\t\t\t\t\t\t\t\t\t\twidth='1420' height='240'\t\t\t\t\talt=\"https:\/\/files.sunoresearch.com.br\/n\/uploads\/2023\/04\/1420x240-Planilha-vida-financeira-true.png\"\n\t\t\t\t>\n\t\t\t<\/picture>\n\t\t<\/a>\n\t<\/p>\n\n\n","protected":false},"excerpt":{"rendered":"<p>O novo sal\u00e1rio m\u00ednimo nacional, de R$ 1.412, come\u00e7a a ser pago a partir da pr\u00f3xima quinta-feira (1), embora j\u00e1 esteja valendo desde o primeiro dia do ano. Isso acontece porque o trabalhador recebe a quantia ap\u00f3s um m\u00eas de trabalho. KNRI11 divulga oferta de R$ 914,99 milh\u00f5es. Foto: Unsplash. O valor do novo sal\u00e1rio [&hellip;]<\/p>\n","protected":false},"author":313,"featured_media":516900,"comment_status":"closed","ping_status":"closed","sticky":false,"template":"","format":"standard","meta":[],"categories":[62],"tags":[1824],"suno_strategy":[],"class_list":["post-516888","post","type-post","status-publish","format-standard","has-post-thumbnail","hentry","category-economia","tag-salario-minimo"],"yoast_head":"<!-- This site is optimized with the Yoast SEO plugin v24.4 - https:\/\/yoast.com\/wordpress\/plugins\/seo\/ -->\n<title>Sal\u00e1rio m\u00ednimo: novo valor entra em vigor nesta semana; Confira<\/title>\n<meta name=\"description\" content=\"O valor do novo sal\u00e1rio m\u00ednimo \u00e9 6,97% maior do que o de R$ 1.320, que vigorou de maio a dezembro de 2023.\" \/>\n<meta name=\"robots\" content=\"index, follow, max-snippet:-1, max-image-preview:large, max-video-preview:-1\" \/>\n<link rel=\"canonical\" href=\"https:\/\/www.suno.com.br\/noticias\/novo-salario-minimo-pagamento-gpj\/\" \/>\n<meta property=\"og:locale\" content=\"pt_BR\" \/>\n<meta property=\"og:type\" content=\"article\" \/>\n<meta property=\"og:title\" content=\"Sal\u00e1rio m\u00ednimo: novo valor entra em vigor nesta semana; Confira\" \/>\n<meta property=\"og:description\" content=\"O valor do novo sal\u00e1rio m\u00ednimo \u00e9 6,97% maior do que o de R$ 1.320, que vigorou de maio a dezembro de 2023.\" \/>\n<meta property=\"og:url\" content=\"https:\/\/www.suno.com.br\/noticias\/novo-salario-minimo-pagamento-gpj\/\" \/>\n<meta property=\"og:site_name\" content=\"Suno Not\u00edcias\" \/>\n<meta property=\"article:publisher\" content=\"https:\/\/facebook.com\/sunoresearch\" \/>\n<meta property=\"og:image\" content=\"https:\/\/files.sunoresearch.com.br\/n\/uploads\/2024\/01\/daniel-dan-3SR040CKpB0-unsplash-scaled.jpg\" \/>\n\t<meta property=\"og:image:width\" content=\"2560\" \/>\n\t<meta property=\"og:image:height\" content=\"1707\" \/>\n\t<meta property=\"og:image:type\" content=\"image\/jpeg\" \/>\n<meta name=\"author\" content=\"Giovanni Porf\u00edrio Jacomino\" \/>\n<meta name=\"twitter:card\" content=\"summary_large_image\" \/>\n<meta name=\"twitter:creator\" content=\"@sunoresearch\" \/>\n<meta name=\"twitter:site\" content=\"@sunoresearch\" \/>\n<meta name=\"twitter:label1\" content=\"Escrito por\" \/>\n\t<meta name=\"twitter:data1\" content=\"Giovanni Porf\u00edrio Jacomino\" \/>\n\t<meta name=\"twitter:label2\" content=\"Est. tempo de leitura\" \/>\n\t<meta name=\"twitter:data2\" content=\"3 minutos\" \/>\n<script type=\"application\/ld+json\" class=\"yoast-schema-graph\">{\"@context\":\"https:\/\/schema.org\",\"@graph\":[{\"@type\":\"NewsArticle\",\"@id\":\"https:\/\/www.suno.com.br\/noticias\/novo-salario-minimo-pagamento-gpj\/#article\",\"isPartOf\":{\"@id\":\"https:\/\/www.suno.com.br\/noticias\/novo-salario-minimo-pagamento-gpj\/\"},\"author\":{\"name\":\"Giovanni Porf\u00edrio Jacomino\",\"@id\":\"https:\/\/www.suno.com.br\/noticias\/#\/schema\/person\/d0f32748bbca4bee871fa191ee4e2d40\"},\"headline\":\"Sal\u00e1rio m\u00ednimo: novo valor entra em vigor nesta semana; Confira\",\"datePublished\":\"2024-01-29T11:34:55+00:00\",\"dateModified\":\"2024-01-29T12:14:23+00:00\",\"mainEntityOfPage\":{\"@id\":\"https:\/\/www.suno.com.br\/noticias\/novo-salario-minimo-pagamento-gpj\/\"},\"wordCount\":562,\"publisher\":{\"@id\":\"https:\/\/www.suno.com.br\/noticias\/#organization\"},\"image\":{\"@id\":\"https:\/\/www.suno.com.br\/noticias\/novo-salario-minimo-pagamento-gpj\/#primaryimage\"},\"thumbnailUrl\":\"https:\/\/files.sunoresearch.com.br\/n\/uploads\/2024\/01\/daniel-dan-3SR040CKpB0-unsplash-scaled.jpg\",\"keywords\":[\"sal\u00e1rio m\u00ednimo\"],\"articleSection\":[\"Economia\"],\"inLanguage\":\"pt-BR\"},{\"@type\":\"WebPage\",\"@id\":\"https:\/\/www.suno.com.br\/noticias\/novo-salario-minimo-pagamento-gpj\/\",\"url\":\"https:\/\/www.suno.com.br\/noticias\/novo-salario-minimo-pagamento-gpj\/\",\"name\":\"Sal\u00e1rio m\u00ednimo: novo valor entra em vigor nesta semana; Confira\",\"isPartOf\":{\"@id\":\"https:\/\/www.suno.com.br\/noticias\/#website\"},\"primaryImageOfPage\":{\"@id\":\"https:\/\/www.suno.com.br\/noticias\/novo-salario-minimo-pagamento-gpj\/#primaryimage\"},\"image\":{\"@id\":\"https:\/\/www.suno.com.br\/noticias\/novo-salario-minimo-pagamento-gpj\/#primaryimage\"},\"thumbnailUrl\":\"https:\/\/files.sunoresearch.com.br\/n\/uploads\/2024\/01\/daniel-dan-3SR040CKpB0-unsplash-scaled.jpg\",\"datePublished\":\"2024-01-29T11:34:55+00:00\",\"dateModified\":\"2024-01-29T12:14:23+00:00\",\"description\":\"O valor do novo sal\u00e1rio m\u00ednimo \u00e9 6,97% maior do que o de R$ 1.320, que vigorou de maio a dezembro de 2023.\",\"breadcrumb\":{\"@id\":\"https:\/\/www.suno.com.br\/noticias\/novo-salario-minimo-pagamento-gpj\/#breadcrumb\"},\"inLanguage\":\"pt-BR\",\"potentialAction\":[{\"@type\":\"ReadAction\",\"target\":[\"https:\/\/www.suno.com.br\/noticias\/novo-salario-minimo-pagamento-gpj\/\"]}]},{\"@type\":\"ImageObject\",\"inLanguage\":\"pt-BR\",\"@id\":\"https:\/\/www.suno.com.br\/noticias\/novo-salario-minimo-pagamento-gpj\/#primaryimage\",\"url\":\"https:\/\/files.sunoresearch.com.br\/n\/uploads\/2024\/01\/daniel-dan-3SR040CKpB0-unsplash-scaled.jpg\",\"contentUrl\":\"https:\/\/files.sunoresearch.com.br\/n\/uploads\/2024\/01\/daniel-dan-3SR040CKpB0-unsplash-scaled.jpg\",\"width\":2560,\"height\":1707,\"caption\":\"KNRI11 divulga oferta de R$ 914,99 milh\u00f5es. Foto: Unsplash.\"},{\"@type\":\"BreadcrumbList\",\"@id\":\"https:\/\/www.suno.com.br\/noticias\/novo-salario-minimo-pagamento-gpj\/#breadcrumb\",\"itemListElement\":[{\"@type\":\"ListItem\",\"position\":1,\"name\":\"Not\u00edcias\",\"item\":\"https:\/\/www.suno.com.br\/noticias\/\"},{\"@type\":\"ListItem\",\"position\":2,\"name\":\"Economia\",\"item\":\"https:\/\/www.suno.com.br\/noticias\/economia\/\"},{\"@type\":\"ListItem\",\"position\":3,\"name\":\"Sal\u00e1rio m\u00ednimo: novo valor entra em vigor nesta semana; Confira\"}]},{\"@type\":\"WebSite\",\"@id\":\"https:\/\/www.suno.com.br\/noticias\/#website\",\"url\":\"https:\/\/www.suno.com.br\/noticias\/\",\"name\":\"Suno Not\u00edcias\",\"description\":\"Seu portal de informa\u00e7\u00e3o sobre o mundo dos investimentos\",\"publisher\":{\"@id\":\"https:\/\/www.suno.com.br\/noticias\/#organization\"},\"potentialAction\":[{\"@type\":\"SearchAction\",\"target\":{\"@type\":\"EntryPoint\",\"urlTemplate\":\"https:\/\/www.suno.com.br\/noticias\/?s={search_term_string}\"},\"query-input\":{\"@type\":\"PropertyValueSpecification\",\"valueRequired\":true,\"valueName\":\"search_term_string\"}}],\"inLanguage\":\"pt-BR\"},{\"@type\":\"Organization\",\"@id\":\"https:\/\/www.suno.com.br\/noticias\/#organization\",\"name\":\"Suno Not\u00edcias\",\"url\":\"https:\/\/www.suno.com.br\/noticias\/\",\"logo\":{\"@type\":\"ImageObject\",\"inLanguage\":\"pt-BR\",\"@id\":\"https:\/\/www.suno.com.br\/noticias\/#\/schema\/logo\/image\/\",\"url\":\"https:\/\/files.sunoresearch.com.br\/n\/uploads\/2021\/09\/suno-logo.png\",\"contentUrl\":\"https:\/\/files.sunoresearch.com.br\/n\/uploads\/2021\/09\/suno-logo.png\",\"width\":180,\"height\":180,\"caption\":\"Suno Not\u00edcias\"},\"image\":{\"@id\":\"https:\/\/www.suno.com.br\/noticias\/#\/schema\/logo\/image\/\"},\"sameAs\":[\"https:\/\/facebook.com\/sunoresearch\",\"https:\/\/x.com\/sunoresearch\",\"https:\/\/www.instagram.com\/suno\",\"https:\/\/www.linkedin.com\/company\/suno-research\/\",\"https:\/\/www.youtube.com\/c\/sunoresearch\"]},{\"@type\":\"Person\",\"@id\":\"https:\/\/www.suno.com.br\/noticias\/#\/schema\/person\/d0f32748bbca4bee871fa191ee4e2d40\",\"name\":\"Giovanni Porf\u00edrio Jacomino\",\"image\":{\"@type\":\"ImageObject\",\"inLanguage\":\"pt-BR\",\"@id\":\"https:\/\/www.suno.com.br\/noticias\/#\/schema\/person\/image\/\",\"url\":\"https:\/\/secure.gravatar.com\/avatar\/efb32e19b730a121cb7a80f41ffec01a?s=96&r=g\",\"contentUrl\":\"https:\/\/secure.gravatar.com\/avatar\/efb32e19b730a121cb7a80f41ffec01a?s=96&r=g\",\"caption\":\"Giovanni Porf\u00edrio Jacomino\"},\"description\":\"Giovanni Porf\u00edrio Jacomino \u00e9 jornalista formado pela Universidade Estadual de Londrina (UEL) e p\u00f3s-graduado em Produ\u00e7\u00e3o e Pr\u00e1ticas Jornal\u00edsticas na Contemporaneidade na Faculdade C\u00e1sper L\u00edbero (FCL). Foi editor web no Startupi e no Finsiders, atuando ainda como editor no TC Mover, portal de not\u00edcias da TradersClub, fazendo a cobertura de assuntos relacionados ao mercado financeiro interno e externo. Atualmente, \u00e9 Rep\u00f3rter do Suno Not\u00edcias.\",\"url\":\"https:\/\/www.suno.com.br\/noticias\/author\/giovanni-porfiriosuno-com-br\/\"}]}<\/script>\n<!-- \/ Yoast SEO plugin. -->","yoast_head_json":{"title":"Sal\u00e1rio m\u00ednimo: novo valor entra em vigor nesta semana; Confira","description":"O valor do novo sal\u00e1rio m\u00ednimo \u00e9 6,97% maior do que o de R$ 1.320, que vigorou de maio a dezembro de 2023.","robots":{"index":"index","follow":"follow","max-snippet":"max-snippet:-1","max-image-preview":"max-image-preview:large","max-video-preview":"max-video-preview:-1"},"canonical":"https:\/\/www.suno.com.br\/noticias\/novo-salario-minimo-pagamento-gpj\/","og_locale":"pt_BR","og_type":"article","og_title":"Sal\u00e1rio m\u00ednimo: novo valor entra em vigor nesta semana; Confira","og_description":"O valor do novo sal\u00e1rio m\u00ednimo \u00e9 6,97% maior do que o de R$ 1.320, que vigorou de maio a dezembro de 2023.","og_url":"https:\/\/www.suno.com.br\/noticias\/novo-salario-minimo-pagamento-gpj\/","og_site_name":"Suno Not\u00edcias","article_publisher":"https:\/\/facebook.com\/sunoresearch","og_image":[{"width":2560,"height":1707,"url":"https:\/\/files.sunoresearch.com.br\/n\/uploads\/2024\/01\/daniel-dan-3SR040CKpB0-unsplash-scaled.jpg","type":"image\/jpeg"}],"author":"Giovanni Porf\u00edrio Jacomino","twitter_card":"summary_large_image","twitter_creator":"@sunoresearch","twitter_site":"@sunoresearch","twitter_misc":{"Escrito por":"Giovanni Porf\u00edrio Jacomino","Est. tempo de leitura":"3 minutos"},"schema":{"@context":"https:\/\/schema.org","@graph":[{"@type":"NewsArticle","@id":"https:\/\/www.suno.com.br\/noticias\/novo-salario-minimo-pagamento-gpj\/#article","isPartOf":{"@id":"https:\/\/www.suno.com.br\/noticias\/novo-salario-minimo-pagamento-gpj\/"},"author":{"name":"Giovanni Porf\u00edrio Jacomino","@id":"https:\/\/www.suno.com.br\/noticias\/#\/schema\/person\/d0f32748bbca4bee871fa191ee4e2d40"},"headline":"Sal\u00e1rio m\u00ednimo: novo valor entra em vigor nesta semana; Confira","datePublished":"2024-01-29T11:34:55+00:00","dateModified":"2024-01-29T12:14:23+00:00","mainEntityOfPage":{"@id":"https:\/\/www.suno.com.br\/noticias\/novo-salario-minimo-pagamento-gpj\/"},"wordCount":562,"publisher":{"@id":"https:\/\/www.suno.com.br\/noticias\/#organization"},"image":{"@id":"https:\/\/www.suno.com.br\/noticias\/novo-salario-minimo-pagamento-gpj\/#primaryimage"},"thumbnailUrl":"https:\/\/files.sunoresearch.com.br\/n\/uploads\/2024\/01\/daniel-dan-3SR040CKpB0-unsplash-scaled.jpg","keywords":["sal\u00e1rio m\u00ednimo"],"articleSection":["Economia"],"inLanguage":"pt-BR"},{"@type":"WebPage","@id":"https:\/\/www.suno.com.br\/noticias\/novo-salario-minimo-pagamento-gpj\/","url":"https:\/\/www.suno.com.br\/noticias\/novo-salario-minimo-pagamento-gpj\/","name":"Sal\u00e1rio m\u00ednimo: novo valor entra em vigor nesta semana; Confira","isPartOf":{"@id":"https:\/\/www.suno.com.br\/noticias\/#website"},"primaryImageOfPage":{"@id":"https:\/\/www.suno.com.br\/noticias\/novo-salario-minimo-pagamento-gpj\/#primaryimage"},"image":{"@id":"https:\/\/www.suno.com.br\/noticias\/novo-salario-minimo-pagamento-gpj\/#primaryimage"},"thumbnailUrl":"https:\/\/files.sunoresearch.com.br\/n\/uploads\/2024\/01\/daniel-dan-3SR040CKpB0-unsplash-scaled.jpg","datePublished":"2024-01-29T11:34:55+00:00","dateModified":"2024-01-29T12:14:23+00:00","description":"O valor do novo sal\u00e1rio m\u00ednimo \u00e9 6,97% maior do que o de R$ 1.320, que vigorou de maio a dezembro de 2023.","breadcrumb":{"@id":"https:\/\/www.suno.com.br\/noticias\/novo-salario-minimo-pagamento-gpj\/#breadcrumb"},"inLanguage":"pt-BR","potentialAction":[{"@type":"ReadAction","target":["https:\/\/www.suno.com.br\/noticias\/novo-salario-minimo-pagamento-gpj\/"]}]},{"@type":"ImageObject","inLanguage":"pt-BR","@id":"https:\/\/www.suno.com.br\/noticias\/novo-salario-minimo-pagamento-gpj\/#primaryimage","url":"https:\/\/files.sunoresearch.com.br\/n\/uploads\/2024\/01\/daniel-dan-3SR040CKpB0-unsplash-scaled.jpg","contentUrl":"https:\/\/files.sunoresearch.com.br\/n\/uploads\/2024\/01\/daniel-dan-3SR040CKpB0-unsplash-scaled.jpg","width":2560,"height":1707,"caption":"KNRI11 divulga oferta de R$ 914,99 milh\u00f5es. Foto: Unsplash."},{"@type":"BreadcrumbList","@id":"https:\/\/www.suno.com.br\/noticias\/novo-salario-minimo-pagamento-gpj\/#breadcrumb","itemListElement":[{"@type":"ListItem","position":1,"name":"Not\u00edcias","item":"https:\/\/www.suno.com.br\/noticias\/"},{"@type":"ListItem","position":2,"name":"Economia","item":"https:\/\/www.suno.com.br\/noticias\/economia\/"},{"@type":"ListItem","position":3,"name":"Sal\u00e1rio m\u00ednimo: novo valor entra em vigor nesta semana; Confira"}]},{"@type":"WebSite","@id":"https:\/\/www.suno.com.br\/noticias\/#website","url":"https:\/\/www.suno.com.br\/noticias\/","name":"Suno Not\u00edcias","description":"Seu portal de informa\u00e7\u00e3o sobre o mundo dos investimentos","publisher":{"@id":"https:\/\/www.suno.com.br\/noticias\/#organization"},"potentialAction":[{"@type":"SearchAction","target":{"@type":"EntryPoint","urlTemplate":"https:\/\/www.suno.com.br\/noticias\/?s={search_term_string}"},"query-input":{"@type":"PropertyValueSpecification","valueRequired":true,"valueName":"search_term_string"}}],"inLanguage":"pt-BR"},{"@type":"Organization","@id":"https:\/\/www.suno.com.br\/noticias\/#organization","name":"Suno Not\u00edcias","url":"https:\/\/www.suno.com.br\/noticias\/","logo":{"@type":"ImageObject","inLanguage":"pt-BR","@id":"https:\/\/www.suno.com.br\/noticias\/#\/schema\/logo\/image\/","url":"https:\/\/files.sunoresearch.com.br\/n\/uploads\/2021\/09\/suno-logo.png","contentUrl":"https:\/\/files.sunoresearch.com.br\/n\/uploads\/2021\/09\/suno-logo.png","width":180,"height":180,"caption":"Suno Not\u00edcias"},"image":{"@id":"https:\/\/www.suno.com.br\/noticias\/#\/schema\/logo\/image\/"},"sameAs":["https:\/\/facebook.com\/sunoresearch","https:\/\/x.com\/sunoresearch","https:\/\/www.instagram.com\/suno","https:\/\/www.linkedin.com\/company\/suno-research\/","https:\/\/www.youtube.com\/c\/sunoresearch"]},{"@type":"Person","@id":"https:\/\/www.suno.com.br\/noticias\/#\/schema\/person\/d0f32748bbca4bee871fa191ee4e2d40","name":"Giovanni Porf\u00edrio Jacomino","image":{"@type":"ImageObject","inLanguage":"pt-BR","@id":"https:\/\/www.suno.com.br\/noticias\/#\/schema\/person\/image\/","url":"https:\/\/secure.gravatar.com\/avatar\/efb32e19b730a121cb7a80f41ffec01a?s=96&r=g","contentUrl":"https:\/\/secure.gravatar.com\/avatar\/efb32e19b730a121cb7a80f41ffec01a?s=96&r=g","caption":"Giovanni Porf\u00edrio Jacomino"},"description":"Giovanni Porf\u00edrio Jacomino \u00e9 jornalista formado pela Universidade Estadual de Londrina (UEL) e p\u00f3s-graduado em Produ\u00e7\u00e3o e Pr\u00e1ticas Jornal\u00edsticas na Contemporaneidade na Faculdade C\u00e1sper L\u00edbero (FCL). Foi editor web no Startupi e no Finsiders, atuando ainda como editor no TC Mover, portal de not\u00edcias da TradersClub, fazendo a cobertura de assuntos relacionados ao mercado financeiro interno e externo. Atualmente, \u00e9 Rep\u00f3rter do Suno Not\u00edcias.","url":"https:\/\/www.suno.com.br\/noticias\/author\/giovanni-porfiriosuno-com-br\/"}]}},"default_loop_html":"<div class=\"cardsPage__listCard__boxs\"><div class=\"cardsPage__listCard__boxs__img\"><a href=\"https:\/\/www.suno.com.br\/noticias\/novo-salario-minimo-pagamento-gpj\/\"><img class=\"mask\" src=\"https:\/\/www.suno.com.br\/noticias\/wp-content\/themes\/suno\/resources\/images\/spotlight\/spotlight1img\/bg-mask.png\" alt=\"Image Mask\"\/><img src=\"https:\/\/files.sunoresearch.com.br\/n\/uploads\/2024\/01\/daniel-dan-3SR040CKpB0-unsplash-400x200.jpg\" alt=\"Sal\u00e1rio m\u00ednimo: novo valor entra em vigor nesta semana; Confira\"\/><\/a><span class=\"spotlightCategory\"><a href=\"https:\/\/www.suno.com.br\/noticias\/economia\/\">Economia<\/a><\/span><\/div><div class=\"cardsPage__listCard__boxs__content\"><a href=\"https:\/\/www.suno.com.br\/noticias\/novo-salario-minimo-pagamento-gpj\/\"><h2 class=\"content__title\">Sal\u00e1rio m\u00ednimo: novo valor entra em vigor nesta semana; Confira<\/h2><\/a><div class=\"newsContent__article__meta\"><div class=\"newsContent__article__meta__authorBox\"><a href=\"https:\/\/www.suno.com.br\/noticias\/author\/giovanni-porfiriosuno-com-br\/\" class=\"authorBox__avatar noMobi\"><img src=\"https:\/\/files.sunoresearch.com.br\/n\/uploads\/2024\/05\/DSCF4115-1-1-150x150.webp\" alt=\"Giovanni Porf\u00edrio Jacomino\"><\/a><div class=\"authorBox__name\"><span>por\n\t\t\t<a href=\"https:\/\/www.suno.com.br\/noticias\/author\/giovanni-porfiriosuno-com-br\/\"><span itemprop=\"author\">Giovanni Porf\u00edrio Jacomino<\/span><\/a><\/span><time datetime=\"2024-01-29T08:34:55-03:00\" itemprop=\"datePublished\">29\/01\/2024 08:34<\/time><\/div><\/div><\/div><\/div><\/div>","single_layout":"posts","amp_enabled":true,"_links":{"self":[{"href":"https:\/\/www.suno.com.br\/noticias\/wp-json\/wp\/v2\/posts\/516888"}],"collection":[{"href":"https:\/\/www.suno.com.br\/noticias\/wp-json\/wp\/v2\/posts"}],"about":[{"href":"https:\/\/www.suno.com.br\/noticias\/wp-json\/wp\/v2\/types\/post"}],"author":[{"embeddable":true,"href":"https:\/\/www.suno.com.br\/noticias\/wp-json\/wp\/v2\/users\/313"}],"replies":[{"embeddable":true,"href":"https:\/\/www.suno.com.br\/noticias\/wp-json\/wp\/v2\/comments?post=516888"}],"version-history":[{"count":4,"href":"https:\/\/www.suno.com.br\/noticias\/wp-json\/wp\/v2\/posts\/516888\/revisions"}],"predecessor-version":[{"id":516938,"href":"https:\/\/www.suno.com.br\/noticias\/wp-json\/wp\/v2\/posts\/516888\/revisions\/516938"}],"wp:featuredmedia":[{"embeddable":true,"href":"https:\/\/www.suno.com.br\/noticias\/wp-json\/wp\/v2\/media\/516900"}],"wp:attachment":[{"href":"https:\/\/www.suno.com.br\/noticias\/wp-json\/wp\/v2\/media?parent=516888"}],"wp:term":[{"taxonomy":"category","embeddable":true,"href":"https:\/\/www.suno.com.br\/noticias\/wp-json\/wp\/v2\/categories?post=516888"},{"taxonomy":"post_tag","embeddable":true,"href":"https:\/\/www.suno.com.br\/noticias\/wp-json\/wp\/v2\/tags?post=516888"},{"taxonomy":"suno_strategy","embeddable":true,"href":"https:\/\/www.suno.com.br\/noticias\/wp-json\/wp\/v2\/suno_strategy?post=516888"}],"curies":[{"name":"wp","href":"https:\/\/api.w.org\/{rel}","templated":true}]}}