{"id":516873,"date":"2024-01-29T07:53:20","date_gmt":"2024-01-29T10:53:20","guid":{"rendered":"https:\/\/www.suno.com.br\/noticias\/?p=516873"},"modified":"2024-01-29T10:35:13","modified_gmt":"2024-01-29T13:35:13","slug":"magazine-luiza-mglu3-aumento-capital-gpj","status":"publish","type":"post","link":"https:\/\/www.suno.com.br\/noticias\/magazine-luiza-mglu3-aumento-capital-gpj\/","title":{"rendered":"Magazine Luiza (MGLU3) aprova aumento de capital privado de R$ 1,25 bilh\u00e3o; Goldman Sachs estima &#8216;maior flexibilidade financeira&#8217;"},"content":{"rendered":"<p>Em <a href=\"https:\/\/www.suno.com.br\/artigos\/fato-relevante\/\">fato relevante<\/a> divulgado na noite de domingo (28), o<strong> Magazine Luiza<\/strong> (<a href=\"https:\/\/statusinvest.com.br\/acoes\/mglu3\">MGLU3<\/a>) informou que far\u00e1 um <a href=\"https:\/\/www.suno.com.br\/artigos\/aumento-capital\/\">aumento de capital<\/a> no valor de at\u00e9 R$ 1,25 bilh\u00e3o, em uma opera\u00e7\u00e3o que envolve a fam\u00edlia Trajano &#8211; controladora da varejista &#8211; e o <a href=\"https:\/\/www.suno.com.br\/acoes\/BPAC11\/\">BTG Pactual (BPAC11)<\/a>.<\/p>\t<div class=\"wrapper-featured-image\">\n\t\t<figure class=\"spotlightImg\">\n\n\t\t\t<picture>\n\t\t\t\t<source media=\"(max-width: 768px)\" srcset=\"https:\/\/files.sunoresearch.com.br\/n\/uploads\/2021\/02\/6d0d23e6-magalu-400x200.webp\">\n\t\t\t\t<img loading=\"lazy\" decoding=\"async\" class=\"newsContent__article__imgCapa lazyloadDisabled \" src=\"https:\/\/files.sunoresearch.com.br\/n\/uploads\/2021\/02\/6d0d23e6-magalu-800x450.webp\" width=\"800\" height=\"450\" alt=\"Magazine Luiza (MGLU3) aprova aumento de capital privado de R$ 1,25 bilh\u00e3o; Goldman Sachs estima &#8216;maior flexibilidade financeira&#8217;\" fetchpriority=high \/>\n\t\t\t<\/picture>\n\n\t\t\t<figcaption class=\"wp-caption-text wp-caption-text--show\">Magazine Luiza (MGLU3). Foto: Divulga\u00e7\u00e3o<\/figcaption>\n\t\t<\/figure>\n\t<\/div>\n\n\n\n\n\n\n\n\t<p>\n\t\t<a href=\"\" target=\"_blank\" data-element=\"shortcode-suno-banner\" title=\"Banner SUNO, clique e saiba mais\">\n\t\t\t<picture>\n\t\t\t\t<source media=\"(max-width: 500px)\" srcset=\"\">\n\t\t\t\t<img class=\"newsContent__article__imgCapa newsContent__article__imgCapa--banner\"\n\t\t\t\t\tsrc=\"\"\n\t\t\t\t\tdata-promo-id=\"250704\"\t\t\t\t\t\t\t\t\t\t\t\t\t\t\talt=\"\"\n\t\t\t\t>\n\t\t\t<\/picture>\n\t\t<\/a>\n\t<\/p>\n\n\n\n\n\n<p>Segundo o texto, a <strong>fam\u00edlia Trajano<\/strong> entrar\u00e1 com R$ 1 bilh\u00e3o e o<strong> BTG<\/strong> se comprometeu com o restante, ou seja, at\u00e9 R$ 250 milh\u00f5es.<\/p>\n\n\n\n<p>Ainda de acordo com o Magazine Luiza, o pre\u00e7o de emiss\u00e3o ser\u00e1 de R$ 1,95 por a\u00e7\u00e3o, abaixo dos R$ 2,08 do fechamento da \u00faltima sexta-feira (26).<\/p>\n\n\n\n<p>Ao todo, ser\u00e3o emitidas entre 608.974.359 e 641.025.641 a\u00e7\u00f5es, o que far\u00e1 o volume da capitaliza\u00e7\u00e3o ficar entre R$ 1,19 bilh\u00e3o e R$ 1,25 bilh\u00e3o. Haver\u00e1, tamb\u00e9m, direito de prefer\u00eancia para os acionistas atuais.<\/p>\n\n\n\n<p>O <strong>Magalu<\/strong> informou que o <a href=\"https:\/\/www.suno.com.br\/artigos\/aumento-capital\/\">aumento de capital<\/a> tem por finalidade a acelera\u00e7\u00e3o dos investimentos em tecnologia &#8211; incluindo a expans\u00e3o do <strong>Luizalabs<\/strong>, evolu\u00e7\u00e3o de plataforma de marketplace, experi\u00eancia do usu\u00e1rio e servi\u00e7os de nuvem, publicidade e fintech &#8211; al\u00e9m da otimiza\u00e7\u00e3o da <a href=\"https:\/\/www.suno.com.br\/artigos\/indicadores-estrutura-capital\/\">estrutura de capital<\/a> da companhia.<\/p>\n\n\n\n<p>No ano, as <strong>a\u00e7\u00f5es de Magazine Luiza<\/strong> sobem 1,46%, segundo dados do <strong>Status Invest<\/strong>.<\/p>\n\n\n\n<div class=\"pluginQuotation\">\n  <p class=\"ticker\">\n    Cota\u00e7\u00e3o <span>MGLU3<\/span>\n  <\/p>\n  <div class=\"info\">\n    <div class=\"leftSide\">\n      Gr\u00e1fico gerado em: 29\/01\/2024    <\/div>\n\t\t\t\t\t<div class=\"rightSide\">\n\t\t\t\t\t<span class=\"period\">\n\t\t\t\t\t\t1 M\u00eas\t\t\t\t\t<\/span>\n\t\t\t<\/div>\n\t\t  <\/div>\n\n  <div id=\"chart-af36c9e4a8ea0af5b36906d9a7a472f6\" data-block-hash=\"af36c9e4a8ea0af5b36906d9a7a472f6\"  class=\"chart\" style=\"width:100%;height:400px;\"><\/div>\n\n  <div class=\"pluginQuotation__footer\">\n    <div class=\"dataChart\">\n\n      <div class=\"dataChart__div1 variation\">\n        <div class=\"value-positive\">\n          1,46 (+0,03%)        <\/div>\n        <div class=\"text\">\n          Varia\u00e7\u00e3o do per\u00edodo\n        <\/div>\n      <\/div>\n\n      <div class=\"dataChart__div2 minMax\">\n        <div class=\"value\">\n          R$\u00a01,92        <\/div>\n        <div class=\"text\">\n          M\u00ednima\n        <\/div>\n      <\/div>\n\n      <div class=\"dataChart__div3 minMax\">\n        <div class=\"value\">\n          R$\u00a02,28        <\/div>\n        <div class=\"text\">\n          M\u00e1xima\n        <\/div>\n      <\/div>\n\n\t\t\t<div class=\"dataChart__div4 rightSide\">\n\t\t\t\t<div class=\"analiticaSource\">\n\t\t\t\t\t<span>\n\t\t\t\t\t\tFonte:\n\t\t\t\t\t<\/span>\n\t\t\t\t\t<img decoding=\"async\" class=\"analiticaLogo\" src=\"https:\/\/www.suno.com.br\/noticias\/wp-content\/plugins\/suno-block-ticker-quotation\/src\/suno-analitica-logo.png\" alt=\"Logo Suno Anal\u00edtica\" \/>\n\t\t\t\t<\/div>\n\n\t\t\t\t<a href=\"https:\/\/www.suno.com.br\/analitica\/acoes\/MGLU3\" target=\"_blank\">\n\t\t\t\t\t<span>\n\t\t\t\t\t\tVer mais cota\u00e7\u00f5es\n\t\t\t\t\t<\/span>\n\t\t\t\t\t<svg xmlns=\"http:\/\/www.w3.org\/2000\/svg\" width=\"9\" height=\"8\" viewBox=\"0 0 9 8\" fill=\"none\">\n\t\t\t\t\t\t<path d=\"M4.20996 0L3.50496 0.705L6.29496 3.5H0.209961V4.5H6.29496L3.50496 7.295L4.20996 8L8.20996 4L4.20996 0Z\" fill=\"#D42126\" \/>\n\t\t\t\t\t<\/svg>\n\t\t\t\t<\/a>\n    <\/div>\n\n    <\/div>\n  <\/div>\n<\/div>\n\n\n<script type=\"text\/javascript\">\n  let chart_af36c9e4a8ea0af5b36906d9a7a472f6 = document.getElementById('chart-af36c9e4a8ea0af5b36906d9a7a472f6');\n  let data_json_af36c9e4a8ea0af5b36906d9a7a472f6 = \"[{\\\"date\\\":\\\"02\\\\\\\/01\\\\\\\/24 \\\",\\\"value\\\":2.05},{\\\"date\\\":\\\"03\\\\\\\/01\\\\\\\/24 \\\",\\\"value\\\":2},{\\\"date\\\":\\\"04\\\\\\\/01\\\\\\\/24 \\\",\\\"value\\\":1.93},{\\\"date\\\":\\\"05\\\\\\\/01\\\\\\\/24 \\\",\\\"value\\\":1.97},{\\\"date\\\":\\\"08\\\\\\\/01\\\\\\\/24 \\\",\\\"value\\\":2.09},{\\\"date\\\":\\\"09\\\\\\\/01\\\\\\\/24 \\\",\\\"value\\\":2.14},{\\\"date\\\":\\\"10\\\\\\\/01\\\\\\\/24 \\\",\\\"value\\\":2.18},{\\\"date\\\":\\\"11\\\\\\\/01\\\\\\\/24 \\\",\\\"value\\\":2.18},{\\\"date\\\":\\\"12\\\\\\\/01\\\\\\\/24 \\\",\\\"value\\\":2.26},{\\\"date\\\":\\\"15\\\\\\\/01\\\\\\\/24 \\\",\\\"value\\\":2.28},{\\\"date\\\":\\\"16\\\\\\\/01\\\\\\\/24 \\\",\\\"value\\\":2.18},{\\\"date\\\":\\\"17\\\\\\\/01\\\\\\\/24 \\\",\\\"value\\\":2.15},{\\\"date\\\":\\\"18\\\\\\\/01\\\\\\\/24 \\\",\\\"value\\\":2},{\\\"date\\\":\\\"19\\\\\\\/01\\\\\\\/24 \\\",\\\"value\\\":2.03},{\\\"date\\\":\\\"22\\\\\\\/01\\\\\\\/24 \\\",\\\"value\\\":1.95},{\\\"date\\\":\\\"23\\\\\\\/01\\\\\\\/24 \\\",\\\"value\\\":1.94},{\\\"date\\\":\\\"24\\\\\\\/01\\\\\\\/24 \\\",\\\"value\\\":1.92},{\\\"date\\\":\\\"25\\\\\\\/01\\\\\\\/24 \\\",\\\"value\\\":2.07},{\\\"date\\\":\\\"26\\\\\\\/01\\\\\\\/24 \\\",\\\"value\\\":2.08}]\";\n  let isPositive_af36c9e4a8ea0af5b36906d9a7a472f6 = true;\n\n  let color_af36c9e4a8ea0af5b36906d9a7a472f6 = isPositive_af36c9e4a8ea0af5b36906d9a7a472f6 ? '#3AB53A' : '#D92C2D';\n\n  let data_af36c9e4a8ea0af5b36906d9a7a472f6 = JSON.parse(data_json_af36c9e4a8ea0af5b36906d9a7a472f6);\n\n  const result_af36c9e4a8ea0af5b36906d9a7a472f6 = {\n    date: [],\n    value: [],\n  };\n\n  data_af36c9e4a8ea0af5b36906d9a7a472f6.forEach((item) => {\n    result_af36c9e4a8ea0af5b36906d9a7a472f6.date.push(item.date);\n    result_af36c9e4a8ea0af5b36906d9a7a472f6.value.push(Number(item.value));\n  });\n\n  let option_af36c9e4a8ea0af5b36906d9a7a472f6 = {\n    \/\/ variavel de cor global\n    color: [color_af36c9e4a8ea0af5b36906d9a7a472f6],\n    title: {\n      text: '',\n    },\n    tooltip: {\n      trigger: 'axis',\n      axisPointer: {\n        type: 'cross',\n        label: {\n          \/\/ cor dos valores em X e Y\n          backgroundColor: color_af36c9e4a8ea0af5b36906d9a7a472f6,\n          formatter: (value) => {\n            if (typeof value.value === 'number') {\n              return Number(value.value).toLocaleString('pt-br', {\n                style: 'currency',\n                currency: 'BRL'\n              });\n            }\n            return value.value;\n          },\n        },\n      },\n      valueFormatter: (value) => Number(value).toLocaleString('pt-br', {\n        style: 'currency',\n        currency: 'BRL'\n      }),\n    },\n    legend: {\n      \/\/ data: ['Valor de Fechamento'],\n      show: false,\n    },\n    toolbox: {\n      feature: {\n        saveAsImage: {\n          show: false,\n        },\n      },\n    },\n    grid: {\n      left: '0px',\n      right: '0px',\n      bottom: '0px',\n      containLabel: true,\n    },\n    xAxis: [{\n      type: 'category',\n      data: result_af36c9e4a8ea0af5b36906d9a7a472f6.date,\n      boundaryGap: true,\n    }],\n    yAxis: [{\n      type: 'value',\n      min: Math.min(...result_af36c9e4a8ea0af5b36906d9a7a472f6.value),\n      max: Math.max(...result_af36c9e4a8ea0af5b36906d9a7a472f6.value),\n      axisLabel: {\n        formatter: (value) => value.toLocaleString('pt-br', {\n          style: 'currency',\n          currency: 'BRL'\n        }),\n      },\n    }],\n    series: [{\n      name: 'Valor de Fechamento',\n      type: 'line',\n      stack: 'Total',\n      \/\/ cor do grafico\n      areaStyle: {},\n      emphasis: {\n        focus: 'series',\n      },\n      data: result_af36c9e4a8ea0af5b36906d9a7a472f6.value,\n      \/\/ cor da linha\n      lineStyle: {\n        color: color_af36c9e4a8ea0af5b36906d9a7a472f6,\n      },\n    }, ],\n  };\n\n\twindow.chart_af36c9e4a8ea0af5b36906d9a7a472f6 = {\n\t\tel: chart_af36c9e4a8ea0af5b36906d9a7a472f6,\n\t\toption: option_af36c9e4a8ea0af5b36906d9a7a472f6\t};\n\n\n<\/script>\n\n\n\n<p>Em relat\u00f3rio, analistas do <strong>Goldman Sachs<\/strong> (GSGI34) apontaram ver &#8216;m\u00e9rito estrat\u00e9gico&#8217; na transa\u00e7\u00e3o, uma vez que dever\u00e1 proporcionar \u00e0 empresa maior flexibilidade financeira para investir em iniciativas-chave de crescimento e reduzir a alavancagem geral.<\/p>\n\n\n\n<p>\u201cDestacamos tamb\u00e9m que a transa\u00e7\u00e3o proposta poder\u00e1 reduzir a preocupa\u00e7\u00e3o dos investidores quanto \u00e0 possibilidade de uma oferta subsequente pesar no pre\u00e7o das a\u00e7\u00f5es. Al\u00e9m disso, vemos m\u00e9rito no fato dos acionistas controladores terem garantido grande parte do aumento de capital (at\u00e9 80% da coloca\u00e7\u00e3o), pois demonstra sua confian\u00e7a na estrat\u00e9gia tra\u00e7ada\u201d, avaliaram os analistas Irma Sgarz, Felipe Rached e Gustavo Fratini.<\/p>\n\n\n\n<p>O Goldman tem recomenda\u00e7\u00e3o &#8216;neutra&#8217; para as <strong>a\u00e7\u00f5es de Magazine Luiza<\/strong>, com pre\u00e7o-alvo a R$ 2,40.<\/p>\n\n\n\n\t<div data-element=\"shortcode-read-more\" class=\"readToo\">\n\t\t\t\t<span class=\"readToo__title\">Leia mais<\/span>\n\t\t\t\t<ul class=\"readToo__list\">\n\t\t\t<li><a href=\"https:\/\/www.suno.com.br\/noticias\/vale-vale3-acordo-acordo-xp\/\">Vale (VALE3): Potencial novo acordo de repara\u00e7\u00e3o da Samarco pode impactar a\u00e7\u00f5es em at\u00e9 12%, estima XP<\/a><\/li><li><a href=\"https:\/\/www.suno.com.br\/noticias\/petrobras-petr4-poco-margem-equatorial\/\">Petrobras (PETR4): Conclu\u00edda perfura\u00e7\u00e3o em po\u00e7o da Margem Equatorial<\/a><\/li><li><a href=\"https:\/\/www.suno.com.br\/noticias\/bb-seguridade-bbse3-novo-diretor-presidente-jvj\/\">BB Seguridade (BBSE3) elege novo diretor-presidente; veja o nome escolhido<\/a><\/li>\t\t<\/ul>\n\t<\/div>\n\n\n\n\t<p>\n\t\t<a href=\"https:\/\/lp.suno.com.br\/ebook-como-analisar-uma-acao\/\" target=\"_blank\" data-element=\"shortcode-suno-banner\" title=\"Banner SUNO, clique e saiba mais\">\n\t\t\t<picture>\n\t\t\t\t<source media=\"(max-width: 500px)\" srcset=\"https:\/\/files.sunoresearch.com.br\/n\/uploads\/2023\/03\/Ebook-Acoes-Mobile.jpg\">\n\t\t\t\t<img class=\"newsContent__article__imgCapa newsContent__article__imgCapa--banner\"\n\t\t\t\t\tsrc=\"https:\/\/files.sunoresearch.com.br\/n\/uploads\/2023\/03\/Ebook-Acoes-Desktop.jpg\"\n\t\t\t\t\tdata-promo-id=\"378302\"\t\t\t\t\t\t\t\t\t\twidth='1420' height='286'\t\t\t\t\talt=\"https:\/\/files.sunoresearch.com.br\/n\/uploads\/2023\/03\/Ebook-Acoes-Desktop.jpg\"\n\t\t\t\t>\n\t\t\t<\/picture>\n\t\t<\/a>\n\t<\/p>\n\n\n\n\n\n<h2 class=\"wp-block-heading\">Magazine Luiza (MGLU3) anuncia mudan\u00e7as na diretoria da empresa<\/h2>\n\n\n\n<p>O&nbsp;Magazine Luiza&nbsp;anunciou no \u00faltimo dia 15 de janeiro a nomea\u00e7\u00e3o da Vanessa Papini Rossini para o cargo de diretora adjunta de&nbsp;<a href=\"https:\/\/www.suno.com.br\/artigos\/relacoes-com-investidores\/\" target=\"_blank\" rel=\"noreferrer noopener\">Rela\u00e7\u00f5es com Investidores<\/a>. Ela vai substituir Simon Olson, que, segundo o <strong>Magalu<\/strong>, \u201cencerrou um longo ciclo de grandes contribui\u00e7\u00f5es na \u00e1rea de <a href=\"https:\/\/www.suno.com.br\/artigos\/relacoes-com-investidores\/\">rela\u00e7\u00f5es com investidores<\/a> e de novos neg\u00f3cios\u201d.<\/p>\n\n\n\n<p>Segundo a varejista, a&nbsp;<strong>nova diretora adjunta de Rela\u00e7\u00f5es com os Investidores<\/strong>&nbsp;<strong>do Magalu&nbsp;<\/strong>possui \u201cs\u00f3lida forma\u00e7\u00e3o acad\u00eamica\u201d, graduada em Administra\u00e7\u00e3o de Empresas pela Universidade de S\u00e3o Paulo e p\u00f3s-graduada em Finan\u00e7as e Controladoria pela escola de neg\u00f3cios Saint Paul.<\/p>\n\n\n\n<p>\u201c<strong>Vanessa Papini Rossini<\/strong>&nbsp;integrou a equipe do&nbsp;<strong>Magalu<\/strong>&nbsp;em 2011, como trainee na \u00e1rea de finan\u00e7as, e ascendeu na organiza\u00e7\u00e3o, passando por diversos cargos na tesouraria corporativa at\u00e9 ocupar anteriormente a posi\u00e7\u00e3o de Gerente S\u00eanior de Rela\u00e7\u00f5es com Investidores\u201d, comentou o Magazine Luiza em&nbsp;<a target=\"_blank\" href=\"https:\/\/www.suno.com.br\/artigos\/fato-relevante\/\" rel=\"noreferrer noopener\">Fato Relevante<\/a>&nbsp;divulgado hoje ao mercado.<\/p>\n\n\n\n<p>\u201cO Magalu tamb\u00e9m agradece ao&nbsp;<strong>Simon Olson<\/strong>&nbsp;pela dedica\u00e7\u00e3o e pelas contribui\u00e7\u00f5es significativas para o<br>desenvolvimento do ecossistema do Magalu. Simon esteve no cargo de Diretor Adjunto de Rela\u00e7\u00f5es<br>com Investidores e Novos Neg\u00f3cios por sete anos, per\u00edodo em que liderou tr\u00eas ofertas subsequentes<br>de a\u00e7\u00f5es e teve um papel fundamental em mais de 20 aquisi\u00e7\u00f5es e parcerias estrat\u00e9gicas\u201d, complementa o comunicado do Magazine Luiza.<\/p>\n\n\n\n<p>Reportagem do Brazil Jornal informa que a&nbsp;<strong>diretoria do Magazine Luiza<\/strong>&nbsp;teve mais uma mudan\u00e7a \u2013 n\u00e3o divulgada pela empresa. Celia Goldstein, que trabalhou na Amazon, Spotify e Meta (M1TA34), vai comandar a \u00e1rea de ads. O Brazil Journal completa dizendo que Eduardo Galanternick, VP de neg\u00f3cios do Magalu, ser\u00e1 substitu\u00eddo por Celia. Ela ir\u00e1 responder a ele.<\/p>\n\n\n\n<p>A nova executiva do <strong>Magazine Luiza<\/strong> integrou a \u00e1rea de ads da Amazon no Brasil, desde 2020, e do Spotify, de 2015 a 2020. A executiva trabalhou ainda na divis\u00e3o de varejo do Facebook.<a href=\"https:\/\/lp.suno.com.br\/ebook-como-analisar-uma-acao\/\" target=\"_blank\" rel=\"noreferrer noopener\"><\/a><\/p>\n\n\n\t<p>\n\t\t<a href=\"https:\/\/lp.suno.com.br\/plataforma-de-controle-de-investimentos\/\" target=\"_blank\" data-element=\"shortcode-suno-banner\" title=\"Banner SUNO, clique e saiba mais\">\n\t\t\t<picture>\n\t\t\t\t<source media=\"(max-width: 500px)\" srcset=\"https:\/\/files.sunoresearch.com.br\/n\/uploads\/2023\/03\/400x300-Controle-de-Investimentos.png\">\n\t\t\t\t<img class=\"newsContent__article__imgCapa newsContent__article__imgCapa--banner\"\n\t\t\t\t\tsrc=\"https:\/\/files.sunoresearch.com.br\/n\/uploads\/2023\/03\/1420x240-Controle-de-Investimentos.png\"\n\t\t\t\t\tdata-promo-id=\"383162\"\t\t\t\t\t\t\t\t\t\twidth='1420' height='240'\t\t\t\t\talt=\"https:\/\/files.sunoresearch.com.br\/n\/uploads\/2023\/03\/1420x240-Controle-de-Investimentos.png\"\n\t\t\t\t>\n\t\t\t<\/picture>\n\t\t<\/a>\n\t<\/p>\n\n\n","protected":false},"excerpt":{"rendered":"<p>Em fato relevante divulgado na noite de domingo (28), o Magazine Luiza (MGLU3) informou que far\u00e1 um aumento de capital no valor de at\u00e9 R$ 1,25 bilh\u00e3o, em uma opera\u00e7\u00e3o que envolve a fam\u00edlia Trajano &#8211; controladora da varejista &#8211; e o BTG Pactual (BPAC11). Magazine Luiza (MGLU3). Foto: Divulga\u00e7\u00e3o Segundo o texto, a fam\u00edlia [&hellip;]<\/p>\n","protected":false},"author":313,"featured_media":117579,"comment_status":"closed","ping_status":"closed","sticky":false,"template":"","format":"standard","meta":[],"categories":[64],"tags":[286,105816,548],"suno_strategy":[],"class_list":["post-516873","post","type-post","status-publish","format-standard","has-post-thumbnail","hentry","category-negocios","tag-acoes","tag-especialistas","tag-magazine-luiza-mglu3"],"yoast_head":"<!-- This site is optimized with the Yoast SEO plugin v24.4 - https:\/\/yoast.com\/wordpress\/plugins\/seo\/ -->\n<title>Magazine Luiza (MGLU3) aprova aumento de capital de R$ 1,25 bilh\u00e3o<\/title>\n<meta name=\"description\" content=\"A fam\u00edlia controladora do Magazine Luiza entrar\u00e1 com R$ 1 bilh\u00e3o e o BTG se comprometeu com o restante, ou seja, at\u00e9 R$ 250 milh\u00f5es.\" \/>\n<meta name=\"robots\" content=\"index, follow, max-snippet:-1, max-image-preview:large, max-video-preview:-1\" \/>\n<link rel=\"canonical\" href=\"https:\/\/www.suno.com.br\/noticias\/magazine-luiza-mglu3-aumento-capital-gpj\/\" \/>\n<meta property=\"og:locale\" content=\"pt_BR\" \/>\n<meta property=\"og:type\" content=\"article\" \/>\n<meta property=\"og:title\" content=\"Magazine Luiza (MGLU3) aprova aumento de capital de R$ 1,25 bilh\u00e3o\" \/>\n<meta property=\"og:description\" content=\"A fam\u00edlia controladora do Magazine Luiza entrar\u00e1 com R$ 1 bilh\u00e3o e o BTG se comprometeu com o restante, ou seja, at\u00e9 R$ 250 milh\u00f5es.\" \/>\n<meta property=\"og:url\" content=\"https:\/\/www.suno.com.br\/noticias\/magazine-luiza-mglu3-aumento-capital-gpj\/\" \/>\n<meta property=\"og:site_name\" content=\"Suno Not\u00edcias\" \/>\n<meta property=\"article:publisher\" content=\"https:\/\/facebook.com\/sunoresearch\" \/>\n<meta property=\"og:image\" content=\"https:\/\/files.sunoresearch.com.br\/n\/uploads\/2021\/02\/6d0d23e6-magalu.jpg\" \/>\n\t<meta property=\"og:image:width\" content=\"1600\" \/>\n\t<meta property=\"og:image:height\" content=\"890\" \/>\n\t<meta property=\"og:image:type\" content=\"image\/jpeg\" \/>\n<meta name=\"author\" content=\"Giovanni Porf\u00edrio Jacomino\" \/>\n<meta name=\"twitter:card\" content=\"summary_large_image\" \/>\n<meta name=\"twitter:creator\" content=\"@sunoresearch\" \/>\n<meta name=\"twitter:site\" content=\"@sunoresearch\" \/>\n<meta name=\"twitter:label1\" content=\"Escrito por\" \/>\n\t<meta name=\"twitter:data1\" content=\"Giovanni Porf\u00edrio Jacomino\" \/>\n\t<meta name=\"twitter:label2\" content=\"Est. tempo de leitura\" \/>\n\t<meta name=\"twitter:data2\" content=\"4 minutos\" \/>\n<script type=\"application\/ld+json\" class=\"yoast-schema-graph\">{\"@context\":\"https:\/\/schema.org\",\"@graph\":[{\"@type\":\"NewsArticle\",\"@id\":\"https:\/\/www.suno.com.br\/noticias\/magazine-luiza-mglu3-aumento-capital-gpj\/#article\",\"isPartOf\":{\"@id\":\"https:\/\/www.suno.com.br\/noticias\/magazine-luiza-mglu3-aumento-capital-gpj\/\"},\"author\":{\"name\":\"Giovanni Porf\u00edrio Jacomino\",\"@id\":\"https:\/\/www.suno.com.br\/noticias\/#\/schema\/person\/d0f32748bbca4bee871fa191ee4e2d40\"},\"headline\":\"Magazine Luiza (MGLU3) aprova aumento de capital privado de R$ 1,25 bilh\u00e3o; Goldman Sachs estima &#8216;maior flexibilidade financeira&#8217;\",\"datePublished\":\"2024-01-29T10:53:20+00:00\",\"dateModified\":\"2024-01-29T13:35:13+00:00\",\"mainEntityOfPage\":{\"@id\":\"https:\/\/www.suno.com.br\/noticias\/magazine-luiza-mglu3-aumento-capital-gpj\/\"},\"wordCount\":708,\"publisher\":{\"@id\":\"https:\/\/www.suno.com.br\/noticias\/#organization\"},\"image\":{\"@id\":\"https:\/\/www.suno.com.br\/noticias\/magazine-luiza-mglu3-aumento-capital-gpj\/#primaryimage\"},\"thumbnailUrl\":\"https:\/\/files.sunoresearch.com.br\/n\/uploads\/2021\/02\/6d0d23e6-magalu-jpg.webp\",\"keywords\":[\"A\u00e7\u00f5es\",\"Especialistas\",\"Magazine Luiza (MGLU3)\"],\"articleSection\":[\"Neg\u00f3cios\"],\"inLanguage\":\"pt-BR\"},{\"@type\":\"WebPage\",\"@id\":\"https:\/\/www.suno.com.br\/noticias\/magazine-luiza-mglu3-aumento-capital-gpj\/\",\"url\":\"https:\/\/www.suno.com.br\/noticias\/magazine-luiza-mglu3-aumento-capital-gpj\/\",\"name\":\"Magazine Luiza (MGLU3) aprova aumento de capital de R$ 1,25 bilh\u00e3o\",\"isPartOf\":{\"@id\":\"https:\/\/www.suno.com.br\/noticias\/#website\"},\"primaryImageOfPage\":{\"@id\":\"https:\/\/www.suno.com.br\/noticias\/magazine-luiza-mglu3-aumento-capital-gpj\/#primaryimage\"},\"image\":{\"@id\":\"https:\/\/www.suno.com.br\/noticias\/magazine-luiza-mglu3-aumento-capital-gpj\/#primaryimage\"},\"thumbnailUrl\":\"https:\/\/files.sunoresearch.com.br\/n\/uploads\/2021\/02\/6d0d23e6-magalu-jpg.webp\",\"datePublished\":\"2024-01-29T10:53:20+00:00\",\"dateModified\":\"2024-01-29T13:35:13+00:00\",\"description\":\"A fam\u00edlia controladora do Magazine Luiza entrar\u00e1 com R$ 1 bilh\u00e3o e o BTG se comprometeu com o restante, ou seja, at\u00e9 R$ 250 milh\u00f5es.\",\"breadcrumb\":{\"@id\":\"https:\/\/www.suno.com.br\/noticias\/magazine-luiza-mglu3-aumento-capital-gpj\/#breadcrumb\"},\"inLanguage\":\"pt-BR\",\"potentialAction\":[{\"@type\":\"ReadAction\",\"target\":[\"https:\/\/www.suno.com.br\/noticias\/magazine-luiza-mglu3-aumento-capital-gpj\/\"]}]},{\"@type\":\"ImageObject\",\"inLanguage\":\"pt-BR\",\"@id\":\"https:\/\/www.suno.com.br\/noticias\/magazine-luiza-mglu3-aumento-capital-gpj\/#primaryimage\",\"url\":\"https:\/\/files.sunoresearch.com.br\/n\/uploads\/2021\/02\/6d0d23e6-magalu-jpg.webp\",\"contentUrl\":\"https:\/\/files.sunoresearch.com.br\/n\/uploads\/2021\/02\/6d0d23e6-magalu-jpg.webp\",\"width\":1600,\"height\":890,\"caption\":\"Magazine Luiza (MGLU3). Foto: Divulga\u00e7\u00e3o\"},{\"@type\":\"BreadcrumbList\",\"@id\":\"https:\/\/www.suno.com.br\/noticias\/magazine-luiza-mglu3-aumento-capital-gpj\/#breadcrumb\",\"itemListElement\":[{\"@type\":\"ListItem\",\"position\":1,\"name\":\"Not\u00edcias\",\"item\":\"https:\/\/www.suno.com.br\/noticias\/\"},{\"@type\":\"ListItem\",\"position\":2,\"name\":\"Neg\u00f3cios\",\"item\":\"https:\/\/www.suno.com.br\/noticias\/negocios\/\"},{\"@type\":\"ListItem\",\"position\":3,\"name\":\"Magazine Luiza (MGLU3) aprova aumento de capital privado de R$ 1,25 bilh\u00e3o; Goldman Sachs estima &#8216;maior flexibilidade financeira&#8217;\"}]},{\"@type\":\"WebSite\",\"@id\":\"https:\/\/www.suno.com.br\/noticias\/#website\",\"url\":\"https:\/\/www.suno.com.br\/noticias\/\",\"name\":\"Suno Not\u00edcias\",\"description\":\"Seu portal de informa\u00e7\u00e3o sobre o mundo dos investimentos\",\"publisher\":{\"@id\":\"https:\/\/www.suno.com.br\/noticias\/#organization\"},\"potentialAction\":[{\"@type\":\"SearchAction\",\"target\":{\"@type\":\"EntryPoint\",\"urlTemplate\":\"https:\/\/www.suno.com.br\/noticias\/?s={search_term_string}\"},\"query-input\":{\"@type\":\"PropertyValueSpecification\",\"valueRequired\":true,\"valueName\":\"search_term_string\"}}],\"inLanguage\":\"pt-BR\"},{\"@type\":\"Organization\",\"@id\":\"https:\/\/www.suno.com.br\/noticias\/#organization\",\"name\":\"Suno Not\u00edcias\",\"url\":\"https:\/\/www.suno.com.br\/noticias\/\",\"logo\":{\"@type\":\"ImageObject\",\"inLanguage\":\"pt-BR\",\"@id\":\"https:\/\/www.suno.com.br\/noticias\/#\/schema\/logo\/image\/\",\"url\":\"https:\/\/files.sunoresearch.com.br\/n\/uploads\/2021\/09\/suno-logo.png\",\"contentUrl\":\"https:\/\/files.sunoresearch.com.br\/n\/uploads\/2021\/09\/suno-logo.png\",\"width\":180,\"height\":180,\"caption\":\"Suno Not\u00edcias\"},\"image\":{\"@id\":\"https:\/\/www.suno.com.br\/noticias\/#\/schema\/logo\/image\/\"},\"sameAs\":[\"https:\/\/facebook.com\/sunoresearch\",\"https:\/\/x.com\/sunoresearch\",\"https:\/\/www.instagram.com\/suno\",\"https:\/\/www.linkedin.com\/company\/suno-research\/\",\"https:\/\/www.youtube.com\/c\/sunoresearch\"]},{\"@type\":\"Person\",\"@id\":\"https:\/\/www.suno.com.br\/noticias\/#\/schema\/person\/d0f32748bbca4bee871fa191ee4e2d40\",\"name\":\"Giovanni Porf\u00edrio Jacomino\",\"image\":{\"@type\":\"ImageObject\",\"inLanguage\":\"pt-BR\",\"@id\":\"https:\/\/www.suno.com.br\/noticias\/#\/schema\/person\/image\/\",\"url\":\"https:\/\/secure.gravatar.com\/avatar\/efb32e19b730a121cb7a80f41ffec01a?s=96&r=g\",\"contentUrl\":\"https:\/\/secure.gravatar.com\/avatar\/efb32e19b730a121cb7a80f41ffec01a?s=96&r=g\",\"caption\":\"Giovanni Porf\u00edrio Jacomino\"},\"description\":\"Giovanni Porf\u00edrio Jacomino \u00e9 jornalista formado pela Universidade Estadual de Londrina (UEL) e p\u00f3s-graduado em Produ\u00e7\u00e3o e Pr\u00e1ticas Jornal\u00edsticas na Contemporaneidade na Faculdade C\u00e1sper L\u00edbero (FCL). Foi editor web no Startupi e no Finsiders, atuando ainda como editor no TC Mover, portal de not\u00edcias da TradersClub, fazendo a cobertura de assuntos relacionados ao mercado financeiro interno e externo. Atualmente, \u00e9 Rep\u00f3rter do Suno Not\u00edcias.\",\"url\":\"https:\/\/www.suno.com.br\/noticias\/author\/giovanni-porfiriosuno-com-br\/\"}]}<\/script>\n<!-- \/ Yoast SEO plugin. -->","yoast_head_json":{"title":"Magazine Luiza (MGLU3) aprova aumento de capital de R$ 1,25 bilh\u00e3o","description":"A fam\u00edlia controladora do Magazine Luiza entrar\u00e1 com R$ 1 bilh\u00e3o e o BTG se comprometeu com o restante, ou seja, at\u00e9 R$ 250 milh\u00f5es.","robots":{"index":"index","follow":"follow","max-snippet":"max-snippet:-1","max-image-preview":"max-image-preview:large","max-video-preview":"max-video-preview:-1"},"canonical":"https:\/\/www.suno.com.br\/noticias\/magazine-luiza-mglu3-aumento-capital-gpj\/","og_locale":"pt_BR","og_type":"article","og_title":"Magazine Luiza (MGLU3) aprova aumento de capital de R$ 1,25 bilh\u00e3o","og_description":"A fam\u00edlia controladora do Magazine Luiza entrar\u00e1 com R$ 1 bilh\u00e3o e o BTG se comprometeu com o restante, ou seja, at\u00e9 R$ 250 milh\u00f5es.","og_url":"https:\/\/www.suno.com.br\/noticias\/magazine-luiza-mglu3-aumento-capital-gpj\/","og_site_name":"Suno Not\u00edcias","article_publisher":"https:\/\/facebook.com\/sunoresearch","og_image":[{"width":1600,"height":890,"url":"https:\/\/files.sunoresearch.com.br\/n\/uploads\/2021\/02\/6d0d23e6-magalu.jpg","type":"image\/jpeg"}],"author":"Giovanni Porf\u00edrio Jacomino","twitter_card":"summary_large_image","twitter_creator":"@sunoresearch","twitter_site":"@sunoresearch","twitter_misc":{"Escrito por":"Giovanni Porf\u00edrio Jacomino","Est. tempo de leitura":"4 minutos"},"schema":{"@context":"https:\/\/schema.org","@graph":[{"@type":"NewsArticle","@id":"https:\/\/www.suno.com.br\/noticias\/magazine-luiza-mglu3-aumento-capital-gpj\/#article","isPartOf":{"@id":"https:\/\/www.suno.com.br\/noticias\/magazine-luiza-mglu3-aumento-capital-gpj\/"},"author":{"name":"Giovanni Porf\u00edrio Jacomino","@id":"https:\/\/www.suno.com.br\/noticias\/#\/schema\/person\/d0f32748bbca4bee871fa191ee4e2d40"},"headline":"Magazine Luiza (MGLU3) aprova aumento de capital privado de R$ 1,25 bilh\u00e3o; Goldman Sachs estima &#8216;maior flexibilidade financeira&#8217;","datePublished":"2024-01-29T10:53:20+00:00","dateModified":"2024-01-29T13:35:13+00:00","mainEntityOfPage":{"@id":"https:\/\/www.suno.com.br\/noticias\/magazine-luiza-mglu3-aumento-capital-gpj\/"},"wordCount":708,"publisher":{"@id":"https:\/\/www.suno.com.br\/noticias\/#organization"},"image":{"@id":"https:\/\/www.suno.com.br\/noticias\/magazine-luiza-mglu3-aumento-capital-gpj\/#primaryimage"},"thumbnailUrl":"https:\/\/files.sunoresearch.com.br\/n\/uploads\/2021\/02\/6d0d23e6-magalu-jpg.webp","keywords":["A\u00e7\u00f5es","Especialistas","Magazine Luiza (MGLU3)"],"articleSection":["Neg\u00f3cios"],"inLanguage":"pt-BR"},{"@type":"WebPage","@id":"https:\/\/www.suno.com.br\/noticias\/magazine-luiza-mglu3-aumento-capital-gpj\/","url":"https:\/\/www.suno.com.br\/noticias\/magazine-luiza-mglu3-aumento-capital-gpj\/","name":"Magazine Luiza (MGLU3) aprova aumento de capital de R$ 1,25 bilh\u00e3o","isPartOf":{"@id":"https:\/\/www.suno.com.br\/noticias\/#website"},"primaryImageOfPage":{"@id":"https:\/\/www.suno.com.br\/noticias\/magazine-luiza-mglu3-aumento-capital-gpj\/#primaryimage"},"image":{"@id":"https:\/\/www.suno.com.br\/noticias\/magazine-luiza-mglu3-aumento-capital-gpj\/#primaryimage"},"thumbnailUrl":"https:\/\/files.sunoresearch.com.br\/n\/uploads\/2021\/02\/6d0d23e6-magalu-jpg.webp","datePublished":"2024-01-29T10:53:20+00:00","dateModified":"2024-01-29T13:35:13+00:00","description":"A fam\u00edlia controladora do Magazine Luiza entrar\u00e1 com R$ 1 bilh\u00e3o e o BTG se comprometeu com o restante, ou seja, at\u00e9 R$ 250 milh\u00f5es.","breadcrumb":{"@id":"https:\/\/www.suno.com.br\/noticias\/magazine-luiza-mglu3-aumento-capital-gpj\/#breadcrumb"},"inLanguage":"pt-BR","potentialAction":[{"@type":"ReadAction","target":["https:\/\/www.suno.com.br\/noticias\/magazine-luiza-mglu3-aumento-capital-gpj\/"]}]},{"@type":"ImageObject","inLanguage":"pt-BR","@id":"https:\/\/www.suno.com.br\/noticias\/magazine-luiza-mglu3-aumento-capital-gpj\/#primaryimage","url":"https:\/\/files.sunoresearch.com.br\/n\/uploads\/2021\/02\/6d0d23e6-magalu-jpg.webp","contentUrl":"https:\/\/files.sunoresearch.com.br\/n\/uploads\/2021\/02\/6d0d23e6-magalu-jpg.webp","width":1600,"height":890,"caption":"Magazine Luiza (MGLU3). Foto: Divulga\u00e7\u00e3o"},{"@type":"BreadcrumbList","@id":"https:\/\/www.suno.com.br\/noticias\/magazine-luiza-mglu3-aumento-capital-gpj\/#breadcrumb","itemListElement":[{"@type":"ListItem","position":1,"name":"Not\u00edcias","item":"https:\/\/www.suno.com.br\/noticias\/"},{"@type":"ListItem","position":2,"name":"Neg\u00f3cios","item":"https:\/\/www.suno.com.br\/noticias\/negocios\/"},{"@type":"ListItem","position":3,"name":"Magazine Luiza (MGLU3) aprova aumento de capital privado de R$ 1,25 bilh\u00e3o; Goldman Sachs estima &#8216;maior flexibilidade financeira&#8217;"}]},{"@type":"WebSite","@id":"https:\/\/www.suno.com.br\/noticias\/#website","url":"https:\/\/www.suno.com.br\/noticias\/","name":"Suno Not\u00edcias","description":"Seu portal de informa\u00e7\u00e3o sobre o mundo dos investimentos","publisher":{"@id":"https:\/\/www.suno.com.br\/noticias\/#organization"},"potentialAction":[{"@type":"SearchAction","target":{"@type":"EntryPoint","urlTemplate":"https:\/\/www.suno.com.br\/noticias\/?s={search_term_string}"},"query-input":{"@type":"PropertyValueSpecification","valueRequired":true,"valueName":"search_term_string"}}],"inLanguage":"pt-BR"},{"@type":"Organization","@id":"https:\/\/www.suno.com.br\/noticias\/#organization","name":"Suno Not\u00edcias","url":"https:\/\/www.suno.com.br\/noticias\/","logo":{"@type":"ImageObject","inLanguage":"pt-BR","@id":"https:\/\/www.suno.com.br\/noticias\/#\/schema\/logo\/image\/","url":"https:\/\/files.sunoresearch.com.br\/n\/uploads\/2021\/09\/suno-logo.png","contentUrl":"https:\/\/files.sunoresearch.com.br\/n\/uploads\/2021\/09\/suno-logo.png","width":180,"height":180,"caption":"Suno Not\u00edcias"},"image":{"@id":"https:\/\/www.suno.com.br\/noticias\/#\/schema\/logo\/image\/"},"sameAs":["https:\/\/facebook.com\/sunoresearch","https:\/\/x.com\/sunoresearch","https:\/\/www.instagram.com\/suno","https:\/\/www.linkedin.com\/company\/suno-research\/","https:\/\/www.youtube.com\/c\/sunoresearch"]},{"@type":"Person","@id":"https:\/\/www.suno.com.br\/noticias\/#\/schema\/person\/d0f32748bbca4bee871fa191ee4e2d40","name":"Giovanni Porf\u00edrio Jacomino","image":{"@type":"ImageObject","inLanguage":"pt-BR","@id":"https:\/\/www.suno.com.br\/noticias\/#\/schema\/person\/image\/","url":"https:\/\/secure.gravatar.com\/avatar\/efb32e19b730a121cb7a80f41ffec01a?s=96&r=g","contentUrl":"https:\/\/secure.gravatar.com\/avatar\/efb32e19b730a121cb7a80f41ffec01a?s=96&r=g","caption":"Giovanni Porf\u00edrio Jacomino"},"description":"Giovanni Porf\u00edrio Jacomino \u00e9 jornalista formado pela Universidade Estadual de Londrina (UEL) e p\u00f3s-graduado em Produ\u00e7\u00e3o e Pr\u00e1ticas Jornal\u00edsticas na Contemporaneidade na Faculdade C\u00e1sper L\u00edbero (FCL). Foi editor web no Startupi e no Finsiders, atuando ainda como editor no TC Mover, portal de not\u00edcias da TradersClub, fazendo a cobertura de assuntos relacionados ao mercado financeiro interno e externo. Atualmente, \u00e9 Rep\u00f3rter do Suno Not\u00edcias.","url":"https:\/\/www.suno.com.br\/noticias\/author\/giovanni-porfiriosuno-com-br\/"}]}},"default_loop_html":"<div class=\"cardsPage__listCard__boxs\"><div class=\"cardsPage__listCard__boxs__img\"><a href=\"https:\/\/www.suno.com.br\/noticias\/magazine-luiza-mglu3-aumento-capital-gpj\/\"><img class=\"mask\" src=\"https:\/\/www.suno.com.br\/noticias\/wp-content\/themes\/suno\/resources\/images\/spotlight\/spotlight1img\/bg-mask.png\" alt=\"Image Mask\"\/><img src=\"https:\/\/files.sunoresearch.com.br\/n\/uploads\/2021\/02\/6d0d23e6-magalu-400x200.webp\" alt=\"Magazine Luiza (MGLU3) aprova aumento de capital privado de R$ 1,25 bilh\u00e3o; Goldman Sachs estima &#8216;maior flexibilidade financeira&#8217;\"\/><\/a><span class=\"spotlightCategory\"><a href=\"https:\/\/www.suno.com.br\/noticias\/negocios\/\">Neg\u00f3cios<\/a><\/span><\/div><div class=\"cardsPage__listCard__boxs__content\"><a href=\"https:\/\/www.suno.com.br\/noticias\/magazine-luiza-mglu3-aumento-capital-gpj\/\"><h2 class=\"content__title\">Magazine Luiza (MGLU3) aprova aumento de capital privado de R$ 1,25 bilh\u00e3o; Goldman Sachs estima &#8216;maior flexibilidade financeira&#8217;<\/h2><\/a><div class=\"newsContent__article__meta\"><div class=\"newsContent__article__meta__authorBox\"><a href=\"https:\/\/www.suno.com.br\/noticias\/author\/joao-vitor-jacintho\/\" class=\"authorBox__avatar noMobi\"><img src=\"https:\/\/secure.gravatar.com\/avatar\/2843227ca03ccf8cc7ccca45204c127e?s=96&#038;r=g\" alt=\"Jo\u00e3o Vitor Jacintho\"><\/a><div class=\"authorBox__name\"><span>por\n\t\t\t<a href=\"https:\/\/www.suno.com.br\/noticias\/author\/joao-vitor-jacintho\/\"><span itemprop=\"author\">Jo\u00e3o Vitor Jacintho<\/span><\/a><\/span><time datetime=\"2024-01-29T07:53:20-03:00\" itemprop=\"datePublished\">29\/01\/2024 07:53<\/time><\/div><\/div><\/div><\/div><\/div>","single_layout":"posts","amp_enabled":true,"_links":{"self":[{"href":"https:\/\/www.suno.com.br\/noticias\/wp-json\/wp\/v2\/posts\/516873"}],"collection":[{"href":"https:\/\/www.suno.com.br\/noticias\/wp-json\/wp\/v2\/posts"}],"about":[{"href":"https:\/\/www.suno.com.br\/noticias\/wp-json\/wp\/v2\/types\/post"}],"author":[{"embeddable":true,"href":"https:\/\/www.suno.com.br\/noticias\/wp-json\/wp\/v2\/users\/313"}],"replies":[{"embeddable":true,"href":"https:\/\/www.suno.com.br\/noticias\/wp-json\/wp\/v2\/comments?post=516873"}],"version-history":[{"count":3,"href":"https:\/\/www.suno.com.br\/noticias\/wp-json\/wp\/v2\/posts\/516873\/revisions"}],"predecessor-version":[{"id":516992,"href":"https:\/\/www.suno.com.br\/noticias\/wp-json\/wp\/v2\/posts\/516873\/revisions\/516992"}],"wp:featuredmedia":[{"embeddable":true,"href":"https:\/\/www.suno.com.br\/noticias\/wp-json\/wp\/v2\/media\/117579"}],"wp:attachment":[{"href":"https:\/\/www.suno.com.br\/noticias\/wp-json\/wp\/v2\/media?parent=516873"}],"wp:term":[{"taxonomy":"category","embeddable":true,"href":"https:\/\/www.suno.com.br\/noticias\/wp-json\/wp\/v2\/categories?post=516873"},{"taxonomy":"post_tag","embeddable":true,"href":"https:\/\/www.suno.com.br\/noticias\/wp-json\/wp\/v2\/tags?post=516873"},{"taxonomy":"suno_strategy","embeddable":true,"href":"https:\/\/www.suno.com.br\/noticias\/wp-json\/wp\/v2\/suno_strategy?post=516873"}],"curies":[{"name":"wp","href":"https:\/\/api.w.org\/{rel}","templated":true}]}}