{"id":516633,"date":"2024-01-26T19:24:58","date_gmt":"2024-01-26T22:24:58","guid":{"rendered":"https:\/\/www.suno.com.br\/noticias\/?p=516633"},"modified":"2024-01-26T19:25:01","modified_gmt":"2024-01-26T22:25:01","slug":"gol-goll4-sp-rating-chapter-11-recuperacao-judicial-eua","status":"publish","type":"post","link":"https:\/\/www.suno.com.br\/noticias\/gol-goll4-sp-rating-chapter-11-recuperacao-judicial-eua\/","title":{"rendered":"S&#038;P rebaixa rating da Gol (GOLL4), ap\u00f3s an\u00fancio de recupera\u00e7\u00e3o judicial nos EUA"},"content":{"rendered":"<p>A S&amp;P Global Ratings rebaixou hoje a nota global da <a href=\"https:\/\/www.suno.com.br\/acoes\/goll4\/\">Gol (GOLL4)<\/a>, de &#8220;CCC-&#8221; para &#8220;D&#8221;, ap\u00f3s a empresa protocolar pedido de reestrutura\u00e7\u00e3o pelo Chapter 11 do C\u00f3digo de Fal\u00eancias dos Estados Unidos, aceito nesta sexta-feira. O rating em escala nacional tamb\u00e9m foi cortado, de &#8220;brCCC-&#8221; para &#8220;D&#8221;.<\/p>\t<div class=\"wrapper-featured-image\">\n\t\t<figure class=\"spotlightImg\">\n\n\t\t\t<picture>\n\t\t\t\t<source media=\"(max-width: 768px)\" srcset=\"https:\/\/files.sunoresearch.com.br\/n\/uploads\/2023\/05\/gol-aerea-400x200.jpg\">\n\t\t\t\t<img loading=\"lazy\" decoding=\"async\" class=\"newsContent__article__imgCapa lazyloadDisabled \" src=\"https:\/\/files.sunoresearch.com.br\/n\/uploads\/2023\/05\/gol-aerea-800x450.jpg\" width=\"800\" height=\"450\" alt=\"S&#038;P rebaixa rating da Gol (GOLL4), ap\u00f3s an\u00fancio de recupera\u00e7\u00e3o judicial nos EUA\" fetchpriority=high \/>\n\t\t\t<\/picture>\n\n\t\t\t<figcaption class=\"wp-caption-text wp-caption-text--show\">Gol, companhia a\u00e9rea - Foto: iStock<\/figcaption>\n\t\t<\/figure>\n\t<\/div>\n\n\n\n\n\n\t<p>\n\t\t<a href=\"https:\/\/lp.suno.com.br\/planilha-da-vida-financeira\/\" target=\"_blank\" data-element=\"shortcode-suno-banner\" title=\"Banner SUNO, clique e saiba mais\">\n\t\t\t<picture>\n\t\t\t\t<source media=\"(max-width: 500px)\" srcset=\"https:\/\/files.sunoresearch.com.br\/n\/uploads\/2023\/04\/400x300-Planilha-vida-financeira-true.png\">\n\t\t\t\t<img class=\"newsContent__article__imgCapa newsContent__article__imgCapa--banner\"\n\t\t\t\t\tsrc=\"https:\/\/files.sunoresearch.com.br\/n\/uploads\/2023\/04\/1420x240-Planilha-vida-financeira-true.png\"\n\t\t\t\t\tdata-promo-id=\"106682\"\t\t\t\t\t\t\t\t\t\twidth='1420' height='240'\t\t\t\t\talt=\"https:\/\/files.sunoresearch.com.br\/n\/uploads\/2023\/04\/1420x240-Planilha-vida-financeira-true.png\"\n\t\t\t\t>\n\t\t\t<\/picture>\n\t\t<\/a>\n\t<\/p>\n\n\n\n\n\n\n\n<p>Em comunicado, a <strong>S&amp;P Global<\/strong>  explica que a companhia brasileira enfrenta uma pesada carga de d\u00edvida, apesar da melhora nas m\u00e9tricas operacionais em 2023. De acordo com a an\u00e1lise, o cen\u00e1rio reflete elevados pagamentos de leasing, gastos com capital e atraso nas entregas do Boeing 737 Max, que pressionam o <a class=\"suno-keyword\" target=\"_blank\" data-force=\"no\" data-priority=\"2\" href=\"https:\/\/www.suno.com.br\/artigos\/fluxo-de-caixa\/\" rel=\"noopener\">fluxo de caixa<\/a>.<\/p>\n\n\n\n<h2 class=\"wp-block-heading\">Gol: pedido de recupera\u00e7\u00e3o judicial n\u00e3o afetar\u00e1 voos ou funcion\u00e1rios<\/h2>\n\n\n\n<p>O <strong>diretor-executivo da Gol<\/strong> Linhas A\u00e9reas, Celso Ferrer, afirmou que o <strong>pedido de recupera\u00e7\u00e3o judicial <\/strong>que a empresa apresentou \u00e0 Justi\u00e7a dos Estados Unidos nesta quinta-feira (25) n\u00e3o afetar\u00e1 os voos, clientes e funcion\u00e1rios da empresa.<\/p>\n\n\n\n<p>\u201cNada do que estamos fazendo vai ter qualquer impacto para os agentes de viagem ou para nossos passageiros\u201d, declarou Ferrer ao conversar com jornalistas, na tarde desta quinta-feira (25), pouco ap\u00f3s a Gol tornar p\u00fablica a decis\u00e3o de recorrer \u00e0 justi\u00e7a norte-americana.<\/p>\n\n\n\n<h2 class=\"wp-block-heading\">Chapter 11<\/h2>\n\n\n\n<p>Durante a entrevista, Ferrer refor\u00e7ou a estrat\u00e9gia que a companhia j\u00e1 tinha adotado na nota que havia divulgado \u00e0 imprensa poucas horas antes, ao dizer que a medida n\u00e3o \u00e9 exatamente uma recupera\u00e7\u00e3o judicial.<\/p>\n\n\n\n<p>\u201cQueria deixar claro que n\u00e3o \u00e9 uma recupera\u00e7\u00e3o judicial\u201d, destacou o executivo, enfatizando que o chamado <strong>chapter 11<\/strong> \u00e9 um recurso legal a que empresas de diversas nacionalidades, incluindo do setor a\u00e9reo, como a Latam, j\u00e1 acionaram a fim de poderem continuar operando comercialmente enquanto negociam as medidas necess\u00e1rias para obter capital e se reorganizar financeiramente.<\/p>\n\n\n\n<p>\u201cO <strong>processo de chapter 11<\/strong> \u00e9 justamente para proteger a companhia de qualquer a\u00e7\u00e3o que possa ser tomada pelos arrendadores de aeronaves, com quem j\u00e1 v\u00ednhamos negociando\u201d, acrescentou Ferrer, explicando que os chamados lessores (agentes financeiros que compram avi\u00f5es e os arrendam para as empresas a\u00e9reas na forma de leasing) s\u00e3o credores de aproximadamente metade da <strong>d\u00edvida da Gol<\/strong>, de cerca de R$ 20 bilh\u00f5es, que a a\u00e9rea contabilizava at\u00e9 o terceiro trimestre de 2023, quando divulgou seu mais recente balan\u00e7o.<\/p>\n\n\n\t<p>\n\t\t<a href=\"https:\/\/lp.suno.com.br\/ebook-como-analisar-uma-acao\/\" target=\"_blank\" data-element=\"shortcode-suno-banner\" title=\"Banner SUNO, clique e saiba mais\">\n\t\t\t<picture>\n\t\t\t\t<source media=\"(max-width: 500px)\" srcset=\"https:\/\/files.sunoresearch.com.br\/n\/uploads\/2023\/03\/Ebook-Acoes-Mobile.jpg\">\n\t\t\t\t<img class=\"newsContent__article__imgCapa newsContent__article__imgCapa--banner\"\n\t\t\t\t\tsrc=\"https:\/\/files.sunoresearch.com.br\/n\/uploads\/2023\/03\/Ebook-Acoes-Desktop.jpg\"\n\t\t\t\t\tdata-promo-id=\"378302\"\t\t\t\t\t\t\t\t\t\twidth='1420' height='286'\t\t\t\t\talt=\"https:\/\/files.sunoresearch.com.br\/n\/uploads\/2023\/03\/Ebook-Acoes-Desktop.jpg\"\n\t\t\t\t>\n\t\t\t<\/picture>\n\t\t<\/a>\n\t<\/p>\n\n\n\n\n\n<h2 class=\"wp-block-heading\">CEO explica d\u00edvida da Gol e financiamento de US$ 950 milh\u00f5es<\/h2>\n\n\n\n<p>De acordo com Ferrer, a d\u00edvida se deve principalmente \u00e0 <a class=\"suno-keyword\" target=\"_blank\" data-force=\"no\" data-priority=\"1\" href=\"https:\/\/www.suno.com.br\/artigos\/crise-economica-oportunidade-ou-ameaca\/\" rel=\"noopener\">crise econ\u00f4mica<\/a> gerada pela pandemia da covid-19 e por atrasos nas entregas de aeronaves. Nesta quinta-feira, a companhia anunciou estar negociando um financiamento de cerca de US$ 950 milh\u00f5es, aproximadamente R$ 4,6 bi.<\/p>\n\n\n\n<p>\u201cO chapter 11 nos dar\u00e1 o tempo e as condi\u00e7\u00f5es necess\u00e1rias para negociarmos [com os<strong> credores da Gol<\/strong>]. J\u00e1 v\u00ednhamos conversando com os arrendadores, mas, agora, dentro deste processo protegido pela Corte norte-americana, vamos faz\u00ea-lo de forma mais transparente, para que todo mundo possa acompanhar\u201d, justificou o executivo, evitando falar em prazos para a conclus\u00e3o das negocia\u00e7\u00f5es.<\/p>\n\n\n\n<p>\u201cNosso objetivo \u00e9 otimizar a frota da<strong> Gol<\/strong> de forma a sustentar o crescimento sustent\u00e1vel da companhia. N\u00e3o devemos ter necessidade de redu\u00e7\u00e3o das aeronaves em servi\u00e7o. E n\u00e3o h\u00e1, em rela\u00e7\u00e3o a este processo, previs\u00e3o de redu\u00e7\u00e3o de pessoal, rotas, n\u00famero de bases ou destinos que a gente opera\u201d, finalizou Ferrer.<\/p>\n\n\n\n<p><em>Com Estad\u00e3o Conte\u00fado e Ag\u00eancia Brasil<\/em><\/p>\n\n\n\t<p>\n\t\t<a href=\"https:\/\/lp.suno.com.br\/planilha-da-vida-financeira\/\" target=\"_blank\" data-element=\"shortcode-suno-banner\" title=\"Banner SUNO, clique e saiba mais\">\n\t\t\t<picture>\n\t\t\t\t<source media=\"(max-width: 500px)\" srcset=\"https:\/\/files.sunoresearch.com.br\/n\/uploads\/2023\/04\/400x300-Planilha-vida-financeira-true.png\">\n\t\t\t\t<img class=\"newsContent__article__imgCapa newsContent__article__imgCapa--banner\"\n\t\t\t\t\tsrc=\"https:\/\/files.sunoresearch.com.br\/n\/uploads\/2023\/04\/1420x240-Planilha-vida-financeira-true.png\"\n\t\t\t\t\tdata-promo-id=\"383123\"\t\t\t\t\t\t\t\t\t\twidth='1420' height='240'\t\t\t\t\talt=\"https:\/\/files.sunoresearch.com.br\/n\/uploads\/2023\/04\/1420x240-Planilha-vida-financeira-true.png\"\n\t\t\t\t>\n\t\t\t<\/picture>\n\t\t<\/a>\n\t<\/p>\n\n\n","protected":false},"excerpt":{"rendered":"<p>A S&amp;P Global Ratings rebaixou hoje a nota global da Gol (GOLL4), de &#8220;CCC-&#8221; para &#8220;D&#8221;, ap\u00f3s a empresa protocolar pedido de reestrutura\u00e7\u00e3o pelo Chapter 11 do C\u00f3digo de Fal\u00eancias dos Estados Unidos, aceito nesta sexta-feira. O rating em escala nacional tamb\u00e9m foi cortado, de &#8220;brCCC-&#8221; para &#8220;D&#8221;. Gol, companhia a\u00e9rea &#8211; Foto: iStock Em [&hellip;]<\/p>\n","protected":false},"author":43,"featured_media":406421,"comment_status":"closed","ping_status":"closed","sticky":false,"template":"","format":"standard","meta":[],"categories":[64],"tags":[286,489],"suno_strategy":[],"class_list":["post-516633","post","type-post","status-publish","format-standard","has-post-thumbnail","hentry","category-negocios","tag-acoes","tag-gol-linhas-aereas-goll11-goll4"],"yoast_head":"<!-- This site is optimized with the Yoast SEO plugin v24.4 - https:\/\/yoast.com\/wordpress\/plugins\/seo\/ -->\n<title>S&amp;P rebaixa rating da Gol (GOLL4), ap\u00f3s an\u00fancio de recupera\u00e7\u00e3o judicial<\/title>\n<meta name=\"description\" content=\"A S&amp;P Global Ratings rebaixou hoje a nota global da Gol, de &quot;CCC-&quot; para &quot;D&quot;, ap\u00f3s a empresa protocolar reestrutura\u00e7\u00e3o pelo Chapter 11\" \/>\n<meta name=\"robots\" content=\"index, follow, max-snippet:-1, max-image-preview:large, max-video-preview:-1\" \/>\n<link rel=\"canonical\" href=\"https:\/\/www.suno.com.br\/noticias\/gol-goll4-sp-rating-chapter-11-recuperacao-judicial-eua\/\" \/>\n<meta property=\"og:locale\" content=\"pt_BR\" \/>\n<meta property=\"og:type\" content=\"article\" \/>\n<meta property=\"og:title\" content=\"S&amp;P rebaixa rating da Gol (GOLL4), ap\u00f3s an\u00fancio de recupera\u00e7\u00e3o judicial\" \/>\n<meta property=\"og:description\" content=\"A S&amp;P Global Ratings rebaixou hoje a nota global da Gol, de &quot;CCC-&quot; para &quot;D&quot;, ap\u00f3s a empresa protocolar reestrutura\u00e7\u00e3o pelo Chapter 11\" \/>\n<meta property=\"og:url\" content=\"https:\/\/www.suno.com.br\/noticias\/gol-goll4-sp-rating-chapter-11-recuperacao-judicial-eua\/\" \/>\n<meta property=\"og:site_name\" content=\"Suno Not\u00edcias\" \/>\n<meta property=\"article:publisher\" content=\"https:\/\/facebook.com\/sunoresearch\" \/>\n<meta property=\"article:author\" content=\"https:\/\/www.facebook.com\/sunonoticias\/\" \/>\n<meta property=\"og:image\" content=\"https:\/\/files.sunoresearch.com.br\/n\/uploads\/2023\/05\/gol-aerea.jpg\" \/>\n\t<meta property=\"og:image:width\" content=\"1200\" \/>\n\t<meta property=\"og:image:height\" content=\"800\" \/>\n\t<meta property=\"og:image:type\" content=\"image\/jpeg\" \/>\n<meta name=\"author\" content=\"Reda\u00e7\u00e3o Suno Not\u00edcias\" \/>\n<meta name=\"twitter:card\" content=\"summary_large_image\" \/>\n<meta name=\"twitter:creator\" content=\"@https:\/\/twitter.com\/sunoresearch\" \/>\n<meta name=\"twitter:site\" content=\"@sunoresearch\" \/>\n<meta name=\"twitter:label1\" content=\"Escrito por\" \/>\n\t<meta name=\"twitter:data1\" content=\"Reda\u00e7\u00e3o Suno Not\u00edcias\" \/>\n\t<meta name=\"twitter:label2\" content=\"Est. tempo de leitura\" \/>\n\t<meta name=\"twitter:data2\" content=\"3 minutos\" \/>\n<script type=\"application\/ld+json\" class=\"yoast-schema-graph\">{\"@context\":\"https:\/\/schema.org\",\"@graph\":[{\"@type\":\"NewsArticle\",\"@id\":\"https:\/\/www.suno.com.br\/noticias\/gol-goll4-sp-rating-chapter-11-recuperacao-judicial-eua\/#article\",\"isPartOf\":{\"@id\":\"https:\/\/www.suno.com.br\/noticias\/gol-goll4-sp-rating-chapter-11-recuperacao-judicial-eua\/\"},\"author\":{\"name\":\"Reda\u00e7\u00e3o Suno Not\u00edcias\",\"@id\":\"https:\/\/www.suno.com.br\/noticias\/#\/schema\/person\/c1b1bd3727fa852bd045e9dbff3673ea\"},\"headline\":\"S&#038;P rebaixa rating da Gol (GOLL4), ap\u00f3s an\u00fancio de recupera\u00e7\u00e3o judicial nos EUA\",\"datePublished\":\"2024-01-26T22:24:58+00:00\",\"dateModified\":\"2024-01-26T22:25:01+00:00\",\"mainEntityOfPage\":{\"@id\":\"https:\/\/www.suno.com.br\/noticias\/gol-goll4-sp-rating-chapter-11-recuperacao-judicial-eua\/\"},\"wordCount\":599,\"publisher\":{\"@id\":\"https:\/\/www.suno.com.br\/noticias\/#organization\"},\"image\":{\"@id\":\"https:\/\/www.suno.com.br\/noticias\/gol-goll4-sp-rating-chapter-11-recuperacao-judicial-eua\/#primaryimage\"},\"thumbnailUrl\":\"https:\/\/files.sunoresearch.com.br\/n\/uploads\/2023\/05\/gol-aerea.jpg\",\"keywords\":[\"A\u00e7\u00f5es\",\"Gol Linhas A\u00e9reas (GOLL11\/GOLL4)\"],\"articleSection\":[\"Neg\u00f3cios\"],\"inLanguage\":\"pt-BR\"},{\"@type\":\"WebPage\",\"@id\":\"https:\/\/www.suno.com.br\/noticias\/gol-goll4-sp-rating-chapter-11-recuperacao-judicial-eua\/\",\"url\":\"https:\/\/www.suno.com.br\/noticias\/gol-goll4-sp-rating-chapter-11-recuperacao-judicial-eua\/\",\"name\":\"S&P rebaixa rating da Gol (GOLL4), ap\u00f3s an\u00fancio de recupera\u00e7\u00e3o judicial\",\"isPartOf\":{\"@id\":\"https:\/\/www.suno.com.br\/noticias\/#website\"},\"primaryImageOfPage\":{\"@id\":\"https:\/\/www.suno.com.br\/noticias\/gol-goll4-sp-rating-chapter-11-recuperacao-judicial-eua\/#primaryimage\"},\"image\":{\"@id\":\"https:\/\/www.suno.com.br\/noticias\/gol-goll4-sp-rating-chapter-11-recuperacao-judicial-eua\/#primaryimage\"},\"thumbnailUrl\":\"https:\/\/files.sunoresearch.com.br\/n\/uploads\/2023\/05\/gol-aerea.jpg\",\"datePublished\":\"2024-01-26T22:24:58+00:00\",\"dateModified\":\"2024-01-26T22:25:01+00:00\",\"description\":\"A S&P Global Ratings rebaixou hoje a nota global da Gol, de \\\"CCC-\\\" para \\\"D\\\", ap\u00f3s a empresa protocolar reestrutura\u00e7\u00e3o pelo Chapter 11\",\"breadcrumb\":{\"@id\":\"https:\/\/www.suno.com.br\/noticias\/gol-goll4-sp-rating-chapter-11-recuperacao-judicial-eua\/#breadcrumb\"},\"inLanguage\":\"pt-BR\",\"potentialAction\":[{\"@type\":\"ReadAction\",\"target\":[\"https:\/\/www.suno.com.br\/noticias\/gol-goll4-sp-rating-chapter-11-recuperacao-judicial-eua\/\"]}]},{\"@type\":\"ImageObject\",\"inLanguage\":\"pt-BR\",\"@id\":\"https:\/\/www.suno.com.br\/noticias\/gol-goll4-sp-rating-chapter-11-recuperacao-judicial-eua\/#primaryimage\",\"url\":\"https:\/\/files.sunoresearch.com.br\/n\/uploads\/2023\/05\/gol-aerea.jpg\",\"contentUrl\":\"https:\/\/files.sunoresearch.com.br\/n\/uploads\/2023\/05\/gol-aerea.jpg\",\"width\":1200,\"height\":800,\"caption\":\"Gol, companhia a\u00e9rea - Foto: iStock\"},{\"@type\":\"BreadcrumbList\",\"@id\":\"https:\/\/www.suno.com.br\/noticias\/gol-goll4-sp-rating-chapter-11-recuperacao-judicial-eua\/#breadcrumb\",\"itemListElement\":[{\"@type\":\"ListItem\",\"position\":1,\"name\":\"Not\u00edcias\",\"item\":\"https:\/\/www.suno.com.br\/noticias\/\"},{\"@type\":\"ListItem\",\"position\":2,\"name\":\"Neg\u00f3cios\",\"item\":\"https:\/\/www.suno.com.br\/noticias\/negocios\/\"},{\"@type\":\"ListItem\",\"position\":3,\"name\":\"S&#038;P rebaixa rating da Gol (GOLL4), ap\u00f3s an\u00fancio de recupera\u00e7\u00e3o judicial nos EUA\"}]},{\"@type\":\"WebSite\",\"@id\":\"https:\/\/www.suno.com.br\/noticias\/#website\",\"url\":\"https:\/\/www.suno.com.br\/noticias\/\",\"name\":\"Suno Not\u00edcias\",\"description\":\"Seu portal de informa\u00e7\u00e3o sobre o mundo dos investimentos\",\"publisher\":{\"@id\":\"https:\/\/www.suno.com.br\/noticias\/#organization\"},\"potentialAction\":[{\"@type\":\"SearchAction\",\"target\":{\"@type\":\"EntryPoint\",\"urlTemplate\":\"https:\/\/www.suno.com.br\/noticias\/?s={search_term_string}\"},\"query-input\":{\"@type\":\"PropertyValueSpecification\",\"valueRequired\":true,\"valueName\":\"search_term_string\"}}],\"inLanguage\":\"pt-BR\"},{\"@type\":\"Organization\",\"@id\":\"https:\/\/www.suno.com.br\/noticias\/#organization\",\"name\":\"Suno Not\u00edcias\",\"url\":\"https:\/\/www.suno.com.br\/noticias\/\",\"logo\":{\"@type\":\"ImageObject\",\"inLanguage\":\"pt-BR\",\"@id\":\"https:\/\/www.suno.com.br\/noticias\/#\/schema\/logo\/image\/\",\"url\":\"https:\/\/files.sunoresearch.com.br\/n\/uploads\/2021\/09\/suno-logo.png\",\"contentUrl\":\"https:\/\/files.sunoresearch.com.br\/n\/uploads\/2021\/09\/suno-logo.png\",\"width\":180,\"height\":180,\"caption\":\"Suno Not\u00edcias\"},\"image\":{\"@id\":\"https:\/\/www.suno.com.br\/noticias\/#\/schema\/logo\/image\/\"},\"sameAs\":[\"https:\/\/facebook.com\/sunoresearch\",\"https:\/\/x.com\/sunoresearch\",\"https:\/\/www.instagram.com\/suno\",\"https:\/\/www.linkedin.com\/company\/suno-research\/\",\"https:\/\/www.youtube.com\/c\/sunoresearch\"]},{\"@type\":\"Person\",\"@id\":\"https:\/\/www.suno.com.br\/noticias\/#\/schema\/person\/c1b1bd3727fa852bd045e9dbff3673ea\",\"name\":\"Reda\u00e7\u00e3o Suno Not\u00edcias\",\"image\":{\"@type\":\"ImageObject\",\"inLanguage\":\"pt-BR\",\"@id\":\"https:\/\/www.suno.com.br\/noticias\/#\/schema\/person\/image\/\",\"url\":\"https:\/\/secure.gravatar.com\/avatar\/b8104b9b5a71985d5238ee59fbe418af?s=96&r=g\",\"contentUrl\":\"https:\/\/secure.gravatar.com\/avatar\/b8104b9b5a71985d5238ee59fbe418af?s=96&r=g\",\"caption\":\"Reda\u00e7\u00e3o Suno Not\u00edcias\"},\"description\":\"O Suno Not\u00edcias \u00e9 um portal de informa\u00e7\u00f5es sobre Mercado Financeiro, Pol\u00edtica, Neg\u00f3cios, Economia e Finan\u00e7as Pessoais.\",\"sameAs\":[\"https:\/\/www.suno.com.br\/noticias\",\"https:\/\/www.facebook.com\/sunonoticias\/\",\"https:\/\/www.instagram.com\/sunonoticias\/\",\"https:\/\/x.com\/https:\/\/twitter.com\/sunoresearch\",\"https:\/\/www.youtube.com\/sunonoticias\"],\"url\":\"https:\/\/www.suno.com.br\/noticias\/author\/redacao-suno\/\"}]}<\/script>\n<!-- \/ Yoast SEO plugin. -->","yoast_head_json":{"title":"S&P rebaixa rating da Gol (GOLL4), ap\u00f3s an\u00fancio de recupera\u00e7\u00e3o judicial","description":"A S&P Global Ratings rebaixou hoje a nota global da Gol, de \"CCC-\" para \"D\", ap\u00f3s a empresa protocolar reestrutura\u00e7\u00e3o pelo Chapter 11","robots":{"index":"index","follow":"follow","max-snippet":"max-snippet:-1","max-image-preview":"max-image-preview:large","max-video-preview":"max-video-preview:-1"},"canonical":"https:\/\/www.suno.com.br\/noticias\/gol-goll4-sp-rating-chapter-11-recuperacao-judicial-eua\/","og_locale":"pt_BR","og_type":"article","og_title":"S&P rebaixa rating da Gol (GOLL4), ap\u00f3s an\u00fancio de recupera\u00e7\u00e3o judicial","og_description":"A S&P Global Ratings rebaixou hoje a nota global da Gol, de \"CCC-\" para \"D\", ap\u00f3s a empresa protocolar reestrutura\u00e7\u00e3o pelo Chapter 11","og_url":"https:\/\/www.suno.com.br\/noticias\/gol-goll4-sp-rating-chapter-11-recuperacao-judicial-eua\/","og_site_name":"Suno Not\u00edcias","article_publisher":"https:\/\/facebook.com\/sunoresearch","article_author":"https:\/\/www.facebook.com\/sunonoticias\/","og_image":[{"width":1200,"height":800,"url":"https:\/\/files.sunoresearch.com.br\/n\/uploads\/2023\/05\/gol-aerea.jpg","type":"image\/jpeg"}],"author":"Reda\u00e7\u00e3o Suno Not\u00edcias","twitter_card":"summary_large_image","twitter_creator":"@https:\/\/twitter.com\/sunoresearch","twitter_site":"@sunoresearch","twitter_misc":{"Escrito por":"Reda\u00e7\u00e3o Suno Not\u00edcias","Est. tempo de leitura":"3 minutos"},"schema":{"@context":"https:\/\/schema.org","@graph":[{"@type":"NewsArticle","@id":"https:\/\/www.suno.com.br\/noticias\/gol-goll4-sp-rating-chapter-11-recuperacao-judicial-eua\/#article","isPartOf":{"@id":"https:\/\/www.suno.com.br\/noticias\/gol-goll4-sp-rating-chapter-11-recuperacao-judicial-eua\/"},"author":{"name":"Reda\u00e7\u00e3o Suno Not\u00edcias","@id":"https:\/\/www.suno.com.br\/noticias\/#\/schema\/person\/c1b1bd3727fa852bd045e9dbff3673ea"},"headline":"S&#038;P rebaixa rating da Gol (GOLL4), ap\u00f3s an\u00fancio de recupera\u00e7\u00e3o judicial nos EUA","datePublished":"2024-01-26T22:24:58+00:00","dateModified":"2024-01-26T22:25:01+00:00","mainEntityOfPage":{"@id":"https:\/\/www.suno.com.br\/noticias\/gol-goll4-sp-rating-chapter-11-recuperacao-judicial-eua\/"},"wordCount":599,"publisher":{"@id":"https:\/\/www.suno.com.br\/noticias\/#organization"},"image":{"@id":"https:\/\/www.suno.com.br\/noticias\/gol-goll4-sp-rating-chapter-11-recuperacao-judicial-eua\/#primaryimage"},"thumbnailUrl":"https:\/\/files.sunoresearch.com.br\/n\/uploads\/2023\/05\/gol-aerea.jpg","keywords":["A\u00e7\u00f5es","Gol Linhas A\u00e9reas (GOLL11\/GOLL4)"],"articleSection":["Neg\u00f3cios"],"inLanguage":"pt-BR"},{"@type":"WebPage","@id":"https:\/\/www.suno.com.br\/noticias\/gol-goll4-sp-rating-chapter-11-recuperacao-judicial-eua\/","url":"https:\/\/www.suno.com.br\/noticias\/gol-goll4-sp-rating-chapter-11-recuperacao-judicial-eua\/","name":"S&P rebaixa rating da Gol (GOLL4), ap\u00f3s an\u00fancio de recupera\u00e7\u00e3o judicial","isPartOf":{"@id":"https:\/\/www.suno.com.br\/noticias\/#website"},"primaryImageOfPage":{"@id":"https:\/\/www.suno.com.br\/noticias\/gol-goll4-sp-rating-chapter-11-recuperacao-judicial-eua\/#primaryimage"},"image":{"@id":"https:\/\/www.suno.com.br\/noticias\/gol-goll4-sp-rating-chapter-11-recuperacao-judicial-eua\/#primaryimage"},"thumbnailUrl":"https:\/\/files.sunoresearch.com.br\/n\/uploads\/2023\/05\/gol-aerea.jpg","datePublished":"2024-01-26T22:24:58+00:00","dateModified":"2024-01-26T22:25:01+00:00","description":"A S&P Global Ratings rebaixou hoje a nota global da Gol, de \"CCC-\" para \"D\", ap\u00f3s a empresa protocolar reestrutura\u00e7\u00e3o pelo Chapter 11","breadcrumb":{"@id":"https:\/\/www.suno.com.br\/noticias\/gol-goll4-sp-rating-chapter-11-recuperacao-judicial-eua\/#breadcrumb"},"inLanguage":"pt-BR","potentialAction":[{"@type":"ReadAction","target":["https:\/\/www.suno.com.br\/noticias\/gol-goll4-sp-rating-chapter-11-recuperacao-judicial-eua\/"]}]},{"@type":"ImageObject","inLanguage":"pt-BR","@id":"https:\/\/www.suno.com.br\/noticias\/gol-goll4-sp-rating-chapter-11-recuperacao-judicial-eua\/#primaryimage","url":"https:\/\/files.sunoresearch.com.br\/n\/uploads\/2023\/05\/gol-aerea.jpg","contentUrl":"https:\/\/files.sunoresearch.com.br\/n\/uploads\/2023\/05\/gol-aerea.jpg","width":1200,"height":800,"caption":"Gol, companhia a\u00e9rea - Foto: iStock"},{"@type":"BreadcrumbList","@id":"https:\/\/www.suno.com.br\/noticias\/gol-goll4-sp-rating-chapter-11-recuperacao-judicial-eua\/#breadcrumb","itemListElement":[{"@type":"ListItem","position":1,"name":"Not\u00edcias","item":"https:\/\/www.suno.com.br\/noticias\/"},{"@type":"ListItem","position":2,"name":"Neg\u00f3cios","item":"https:\/\/www.suno.com.br\/noticias\/negocios\/"},{"@type":"ListItem","position":3,"name":"S&#038;P rebaixa rating da Gol (GOLL4), ap\u00f3s an\u00fancio de recupera\u00e7\u00e3o judicial nos EUA"}]},{"@type":"WebSite","@id":"https:\/\/www.suno.com.br\/noticias\/#website","url":"https:\/\/www.suno.com.br\/noticias\/","name":"Suno Not\u00edcias","description":"Seu portal de informa\u00e7\u00e3o sobre o mundo dos investimentos","publisher":{"@id":"https:\/\/www.suno.com.br\/noticias\/#organization"},"potentialAction":[{"@type":"SearchAction","target":{"@type":"EntryPoint","urlTemplate":"https:\/\/www.suno.com.br\/noticias\/?s={search_term_string}"},"query-input":{"@type":"PropertyValueSpecification","valueRequired":true,"valueName":"search_term_string"}}],"inLanguage":"pt-BR"},{"@type":"Organization","@id":"https:\/\/www.suno.com.br\/noticias\/#organization","name":"Suno Not\u00edcias","url":"https:\/\/www.suno.com.br\/noticias\/","logo":{"@type":"ImageObject","inLanguage":"pt-BR","@id":"https:\/\/www.suno.com.br\/noticias\/#\/schema\/logo\/image\/","url":"https:\/\/files.sunoresearch.com.br\/n\/uploads\/2021\/09\/suno-logo.png","contentUrl":"https:\/\/files.sunoresearch.com.br\/n\/uploads\/2021\/09\/suno-logo.png","width":180,"height":180,"caption":"Suno Not\u00edcias"},"image":{"@id":"https:\/\/www.suno.com.br\/noticias\/#\/schema\/logo\/image\/"},"sameAs":["https:\/\/facebook.com\/sunoresearch","https:\/\/x.com\/sunoresearch","https:\/\/www.instagram.com\/suno","https:\/\/www.linkedin.com\/company\/suno-research\/","https:\/\/www.youtube.com\/c\/sunoresearch"]},{"@type":"Person","@id":"https:\/\/www.suno.com.br\/noticias\/#\/schema\/person\/c1b1bd3727fa852bd045e9dbff3673ea","name":"Reda\u00e7\u00e3o Suno Not\u00edcias","image":{"@type":"ImageObject","inLanguage":"pt-BR","@id":"https:\/\/www.suno.com.br\/noticias\/#\/schema\/person\/image\/","url":"https:\/\/secure.gravatar.com\/avatar\/b8104b9b5a71985d5238ee59fbe418af?s=96&r=g","contentUrl":"https:\/\/secure.gravatar.com\/avatar\/b8104b9b5a71985d5238ee59fbe418af?s=96&r=g","caption":"Reda\u00e7\u00e3o Suno Not\u00edcias"},"description":"O Suno Not\u00edcias \u00e9 um portal de informa\u00e7\u00f5es sobre Mercado Financeiro, Pol\u00edtica, Neg\u00f3cios, Economia e Finan\u00e7as Pessoais.","sameAs":["https:\/\/www.suno.com.br\/noticias","https:\/\/www.facebook.com\/sunonoticias\/","https:\/\/www.instagram.com\/sunonoticias\/","https:\/\/x.com\/https:\/\/twitter.com\/sunoresearch","https:\/\/www.youtube.com\/sunonoticias"],"url":"https:\/\/www.suno.com.br\/noticias\/author\/redacao-suno\/"}]}},"default_loop_html":"<div class=\"cardsPage__listCard__boxs\"><div class=\"cardsPage__listCard__boxs__img\"><a href=\"https:\/\/www.suno.com.br\/noticias\/gol-goll4-sp-rating-chapter-11-recuperacao-judicial-eua\/\"><img class=\"mask\" src=\"https:\/\/www.suno.com.br\/noticias\/wp-content\/themes\/suno\/resources\/images\/spotlight\/spotlight1img\/bg-mask.png\" alt=\"Image Mask\"\/><img src=\"https:\/\/files.sunoresearch.com.br\/n\/uploads\/2023\/05\/gol-aerea-400x200.jpg\" alt=\"S&#038;P rebaixa rating da Gol (GOLL4), ap\u00f3s an\u00fancio de recupera\u00e7\u00e3o judicial nos EUA\"\/><\/a><span class=\"spotlightCategory\"><a href=\"https:\/\/www.suno.com.br\/noticias\/negocios\/\">Neg\u00f3cios<\/a><\/span><\/div><div class=\"cardsPage__listCard__boxs__content\"><a href=\"https:\/\/www.suno.com.br\/noticias\/gol-goll4-sp-rating-chapter-11-recuperacao-judicial-eua\/\"><h2 class=\"content__title\">S&#038;P rebaixa rating da Gol (GOLL4), ap\u00f3s an\u00fancio de recupera\u00e7\u00e3o judicial nos EUA<\/h2><\/a><div class=\"newsContent__article__meta\"><div class=\"newsContent__article__meta__authorBox\"><a href=\"https:\/\/www.suno.com.br\/noticias\/author\/redacao-suno\/\" class=\"authorBox__avatar noMobi\"><img src=\"https:\/\/files.sunoresearch.com.br\/n\/uploads\/2020\/08\/0ace682d-redacao-1-150x150.webp\" alt=\"Reda\u00e7\u00e3o Suno Not\u00edcias\"><\/a><div class=\"authorBox__name\"><span>por\n\t\t\t<a href=\"https:\/\/www.suno.com.br\/noticias\/author\/redacao-suno\/\"><span itemprop=\"author\">Reda\u00e7\u00e3o Suno Not\u00edcias<\/span><\/a><\/span><time datetime=\"2024-01-26T19:24:58-03:00\" itemprop=\"datePublished\">26\/01\/2024 19:24<\/time><\/div><\/div><\/div><\/div><\/div>","single_layout":"posts","amp_enabled":true,"_links":{"self":[{"href":"https:\/\/www.suno.com.br\/noticias\/wp-json\/wp\/v2\/posts\/516633"}],"collection":[{"href":"https:\/\/www.suno.com.br\/noticias\/wp-json\/wp\/v2\/posts"}],"about":[{"href":"https:\/\/www.suno.com.br\/noticias\/wp-json\/wp\/v2\/types\/post"}],"author":[{"embeddable":true,"href":"https:\/\/www.suno.com.br\/noticias\/wp-json\/wp\/v2\/users\/43"}],"replies":[{"embeddable":true,"href":"https:\/\/www.suno.com.br\/noticias\/wp-json\/wp\/v2\/comments?post=516633"}],"version-history":[{"count":2,"href":"https:\/\/www.suno.com.br\/noticias\/wp-json\/wp\/v2\/posts\/516633\/revisions"}],"predecessor-version":[{"id":516648,"href":"https:\/\/www.suno.com.br\/noticias\/wp-json\/wp\/v2\/posts\/516633\/revisions\/516648"}],"wp:featuredmedia":[{"embeddable":true,"href":"https:\/\/www.suno.com.br\/noticias\/wp-json\/wp\/v2\/media\/406421"}],"wp:attachment":[{"href":"https:\/\/www.suno.com.br\/noticias\/wp-json\/wp\/v2\/media?parent=516633"}],"wp:term":[{"taxonomy":"category","embeddable":true,"href":"https:\/\/www.suno.com.br\/noticias\/wp-json\/wp\/v2\/categories?post=516633"},{"taxonomy":"post_tag","embeddable":true,"href":"https:\/\/www.suno.com.br\/noticias\/wp-json\/wp\/v2\/tags?post=516633"},{"taxonomy":"suno_strategy","embeddable":true,"href":"https:\/\/www.suno.com.br\/noticias\/wp-json\/wp\/v2\/suno_strategy?post=516633"}],"curies":[{"name":"wp","href":"https:\/\/api.w.org\/{rel}","templated":true}]}}