{"id":516622,"date":"2024-01-26T19:54:15","date_gmt":"2024-01-26T22:54:15","guid":{"rendered":"https:\/\/www.suno.com.br\/noticias\/?p=516622"},"modified":"2024-01-26T19:54:17","modified_gmt":"2024-01-26T22:54:17","slug":"dolar-cai-quarto-pregao-seguido-semana-baixa","status":"publish","type":"post","link":"https:\/\/www.suno.com.br\/noticias\/dolar-cai-quarto-pregao-seguido-semana-baixa\/","title":{"rendered":"D\u00f3lar cai pelo 4\u00ba preg\u00e3o seguido e fecha a semana em baixa"},"content":{"rendered":"<p>Em um preg\u00e3o morno, o <strong>d\u00f3lar<\/strong> \u00e0 vista encerrou a sess\u00e3o desta sexta-feira, 26, em baixa de 0,24%, cotado a R$ 4,9110, acompanhando o sinal predominante de baixa da moeda americana l\u00e1 fora. Apesar da agenda carregada aqui e no exterior, a taxa de c\u00e2mbio pouco se mexeu, com oscila\u00e7\u00e3o de menos de dois centavos entre a m\u00ednima (R$ 4,9025) e a m\u00e1xima (R$ 4,9205), ambas pela manh\u00e3.<\/p>\t<div class=\"wrapper-featured-image\">\n\t\t<figure class=\"spotlightImg\">\n\n\t\t\t<picture>\n\t\t\t\t<source media=\"(max-width: 768px)\" srcset=\"https:\/\/files.sunoresearch.com.br\/n\/uploads\/2021\/11\/bolsas-unsplash-400x200.jpg\">\n\t\t\t\t<img loading=\"lazy\" decoding=\"async\" class=\"newsContent__article__imgCapa lazyloadDisabled \" src=\"https:\/\/files.sunoresearch.com.br\/n\/uploads\/2021\/11\/bolsas-unsplash-800x450.jpg\" width=\"800\" height=\"450\" alt=\"D\u00f3lar cai pelo 4\u00ba preg\u00e3o seguido e fecha a semana em baixa\" fetchpriority=high \/>\n\t\t\t<\/picture>\n\n\t\t\t<figcaption class=\"wp-caption-text wp-caption-text--show\">D\u00f3lar sobe. Foto: Unsplash<\/figcaption>\n\t\t<\/figure>\n\t<\/div>\n\n\n\n\n\n\n\n\n<p>Leitura comportada de \u00edndice de infla\u00e7\u00e3o nos EUA em dezembro manteve inalterada a expectativa de que o Federal Reserve inicie um ciclo de corte dos juros ainda no primeiro semestre, com apostas majorit\u00e1rias voltadas para maio. Por aqui, o avan\u00e7o de 0,31% do IPCA-15 de janeiro &#8211; abaixo do piso expectativas de analistas ouvidos por Proje\u00e7\u00f5es Broadcast (0,38%) &#8211; refor\u00e7a a expectativa de que o <a class=\"suno-keyword\" target=\"_blank\" data-force=\"no\" data-priority=\"2\" href=\"https:\/\/www.suno.com.br\/artigos\/copom\/\" rel=\"noopener\">Comit\u00ea de Pol\u00edtica Monet\u00e1ria (Copom)<\/a> mantenha o ritmo de redu\u00e7\u00e3o da taxa Selic em 0,50 ponto porcentual por reuni\u00e3o.<\/p>\n\n\n\n<p>Ap\u00f3s o avan\u00e7o de 1,23% na \u00faltima segunda-feira, 23, diante de temores de que a nova pol\u00edtica ind\u00fastria do governo Lula agravasse a situa\u00e7\u00e3o das contas p\u00fablicas, a<strong> cota\u00e7\u00e3o do d\u00f3lar <\/strong>recuou nos quatro preg\u00f5es seguintes no mercado dom\u00e9stico de c\u00e2mbio, para encerrar a semana em leve baixa (-0,32%). L\u00e1 fora, pares do real, como o peso mexicano e o colombiano, amargaram perda semanal frente ao d\u00f3lar. Em janeiro, contudo, a moeda ainda acumula valoriza\u00e7\u00e3o de 1,19% ante o real.<\/p>\n\n\n\n<h2 class=\"wp-block-heading\">D\u00f3lar e quest\u00e3o fiscal<\/h2>\n\n\n\n<p>Embora esclarecimentos do vice-presidente Geraldo Alckmin de que n\u00e3o haver\u00e1 aportes do Tesouro ao BNDES para sustentar a nova pol\u00edtica industrial tenham contribu\u00eddo para arrefecer os \u00e2nimos, a <a class=\"suno-keyword\" target=\"_blank\" data-force=\"no\" data-priority=\"1\" href=\"https:\/\/www.suno.com.br\/artigos\/queda-dolar\/\" rel=\"noopener\">queda do d\u00f3lar<\/a> nos \u00faltimos quatro preg\u00f5es foi atribu\u00edda em grande parte ao quadro externo. Apesar de a primeira leitura do PIB americano no quatro trimestre ter vindo forte, o processo de desinfla\u00e7\u00e3o nos EUA segue em curso, diminuindo os temores de que o Fed possa adiar o ciclo de cortes para o segundo semestre. Houve tamb\u00e9m an\u00fancio de redu\u00e7\u00e3o de <a class=\"suno-keyword\" target=\"_blank\" data-force=\"no\" data-priority=\"1\" href=\"https:\/\/www.suno.com.br\/artigos\/deposito-compulsorio\/\" rel=\"noopener\">dep\u00f3sito compuls\u00f3rio<\/a> na China e alta das commodities, como min\u00e9rio de ferro e, sobretudo, do petr\u00f3leo.<\/p>\n\n\n\n<p>O Departamento do Com\u00e9rcio do EUA informou pela manh\u00e3 que o \u00edndice de pre\u00e7os de gastos com consumo (PCE na sigla em ingl\u00eas) &#8211; medida de infla\u00e7\u00e3o preferida pelo Fed &#8211; e seu n\u00facleo subiram 0,2% em dezembro, em linha com as expectativas. Na compara\u00e7\u00e3o anual, o \u00edndice cheio avan\u00e7ou 2,6%, como esperado, ao passo que o n\u00facleo subiu 2,9%, levemente abaixo das expectativas (3,0%).<\/p>\n\n\n\n<p>O economista-chefe da Western Asset, Adauto Lima, observa que os <a class=\"suno-keyword\" target=\"_blank\" data-force=\"no\" data-priority=\"1\" href=\"https:\/\/www.suno.com.br\/artigos\/indices-de-inflacao\/\" rel=\"noopener\">\u00edndices de infla\u00e7\u00e3o<\/a>, como o PCE divulgado hoje, t\u00eam mostrado converg\u00eancia da infla\u00e7\u00e3o para a meta de 2%, mas chama a aten\u00e7\u00e3o para a resili\u00eancia dos pre\u00e7os de servi\u00e7os. Al\u00e9m disso, os dados de atividade mostram que a economia americana segue forte, o que deixa o BC americano mais confort\u00e1vel em postergar um pouco o in\u00edcio da redu\u00e7\u00e3o de juros. &#8220;Se a economia estivesse desacelerando, talvez o Fed antecipasse o corte para mar\u00e7o baseado na infla\u00e7\u00e3o. Mas o primeiro corte ainda deve vir ainda no primeiro semestre, em maio ou junho&#8221;, diz Lima.<\/p>\n\n\n\n<p>Para o economista, o real ainda tem espa\u00e7o para se apreciar, uma vez que segue &#8220;bastante depreciado em ternos reais&#8221; e conta com dois pontos favor\u00e1veis: termos de troca muito fortes e diferencial entre juros interno e externo ainda elevado, apesar do ciclo de queda da taxa Selic. A quest\u00e3o fiscal dom\u00e9stica, diz Adauto, tem influenciado apenas esporadicamente e de forma muito pontual a forma\u00e7\u00e3o da taxa de c\u00e2mbio e a cota\u00e7\u00e3o do <strong>d\u00f3lar,<\/strong> uma vez que os investidores j\u00e1 embutiram nos pre\u00e7os a perspectiva de que haver\u00e1 <a class=\"suno-keyword\" target=\"_blank\" data-force=\"no\" data-priority=\"1\" href=\"https:\/\/www.suno.com.br\/artigos\/deficit-primario\/\" rel=\"noopener\">d\u00e9ficit prim\u00e1rio<\/a> neste ano, provavelmente em uma faixa entre 0,5% e 1% do PIB.<\/p>\n\n\n\n<p>Com Estad\u00e3o Conte\u00fado<\/p>\n","protected":false},"excerpt":{"rendered":"<p>Em um preg\u00e3o morno, o d\u00f3lar \u00e0 vista encerrou a sess\u00e3o desta sexta-feira, 26, em baixa de 0,24%, cotado a R$ 4,9110, acompanhando o sinal predominante de baixa da moeda americana l\u00e1 fora. Apesar da agenda carregada aqui e no exterior, a taxa de c\u00e2mbio pouco se mexeu, com oscila\u00e7\u00e3o de menos de dois centavos [&hellip;]<\/p>\n","protected":false},"author":43,"featured_media":208196,"comment_status":"closed","ping_status":"closed","sticky":false,"template":"","format":"standard","meta":[],"categories":[60],"tags":[326,1852],"suno_strategy":[],"class_list":["post-516622","post","type-post","status-publish","format-standard","has-post-thumbnail","hentry","category-mercado","tag-dolar","tag-dolar-futuro"],"yoast_head":"<!-- This site is optimized with the Yoast SEO plugin v24.4 - https:\/\/yoast.com\/wordpress\/plugins\/seo\/ -->\n<title>D\u00f3lar cai pelo 4\u00ba preg\u00e3o seguido e fecha a semana em baixa<\/title>\n<meta name=\"description\" content=\"Em um preg\u00e3o morno, o d\u00f3lar \u00e0 vista encerrou a sess\u00e3o desta sexta-feira, 26, em baixa de 0,24%, cotado a R$ 4,9110\" \/>\n<meta name=\"robots\" content=\"index, follow, max-snippet:-1, max-image-preview:large, max-video-preview:-1\" \/>\n<link rel=\"canonical\" href=\"https:\/\/www.suno.com.br\/noticias\/dolar-cai-quarto-pregao-seguido-semana-baixa\/\" \/>\n<meta property=\"og:locale\" content=\"pt_BR\" \/>\n<meta property=\"og:type\" content=\"article\" \/>\n<meta property=\"og:title\" content=\"D\u00f3lar cai pelo 4\u00ba preg\u00e3o seguido e fecha a semana em baixa\" \/>\n<meta property=\"og:description\" content=\"Em um preg\u00e3o morno, o d\u00f3lar \u00e0 vista encerrou a sess\u00e3o desta sexta-feira, 26, em baixa de 0,24%, cotado a R$ 4,9110\" \/>\n<meta property=\"og:url\" content=\"https:\/\/www.suno.com.br\/noticias\/dolar-cai-quarto-pregao-seguido-semana-baixa\/\" \/>\n<meta property=\"og:site_name\" content=\"Suno Not\u00edcias\" \/>\n<meta property=\"article:publisher\" content=\"https:\/\/facebook.com\/sunoresearch\" \/>\n<meta property=\"article:author\" content=\"https:\/\/www.facebook.com\/sunonoticias\/\" \/>\n<meta property=\"og:image\" content=\"https:\/\/files.sunoresearch.com.br\/n\/uploads\/2021\/11\/bolsas-unsplash.jpg\" \/>\n\t<meta property=\"og:image:width\" content=\"1280\" \/>\n\t<meta property=\"og:image:height\" content=\"853\" \/>\n\t<meta property=\"og:image:type\" content=\"image\/jpeg\" \/>\n<meta name=\"author\" content=\"Reda\u00e7\u00e3o Suno Not\u00edcias\" \/>\n<meta name=\"twitter:card\" content=\"summary_large_image\" \/>\n<meta name=\"twitter:creator\" content=\"@https:\/\/twitter.com\/sunoresearch\" \/>\n<meta name=\"twitter:site\" content=\"@sunoresearch\" \/>\n<meta name=\"twitter:label1\" content=\"Escrito por\" \/>\n\t<meta name=\"twitter:data1\" content=\"Reda\u00e7\u00e3o Suno Not\u00edcias\" \/>\n\t<meta name=\"twitter:label2\" content=\"Est. tempo de leitura\" \/>\n\t<meta name=\"twitter:data2\" content=\"4 minutos\" \/>\n<script type=\"application\/ld+json\" class=\"yoast-schema-graph\">{\"@context\":\"https:\/\/schema.org\",\"@graph\":[{\"@type\":\"NewsArticle\",\"@id\":\"https:\/\/www.suno.com.br\/noticias\/dolar-cai-quarto-pregao-seguido-semana-baixa\/#article\",\"isPartOf\":{\"@id\":\"https:\/\/www.suno.com.br\/noticias\/dolar-cai-quarto-pregao-seguido-semana-baixa\/\"},\"author\":{\"name\":\"Reda\u00e7\u00e3o Suno Not\u00edcias\",\"@id\":\"https:\/\/www.suno.com.br\/noticias\/#\/schema\/person\/c1b1bd3727fa852bd045e9dbff3673ea\"},\"headline\":\"D\u00f3lar cai pelo 4\u00ba preg\u00e3o seguido e fecha a semana em baixa\",\"datePublished\":\"2024-01-26T22:54:15+00:00\",\"dateModified\":\"2024-01-26T22:54:17+00:00\",\"mainEntityOfPage\":{\"@id\":\"https:\/\/www.suno.com.br\/noticias\/dolar-cai-quarto-pregao-seguido-semana-baixa\/\"},\"wordCount\":688,\"publisher\":{\"@id\":\"https:\/\/www.suno.com.br\/noticias\/#organization\"},\"image\":{\"@id\":\"https:\/\/www.suno.com.br\/noticias\/dolar-cai-quarto-pregao-seguido-semana-baixa\/#primaryimage\"},\"thumbnailUrl\":\"https:\/\/files.sunoresearch.com.br\/n\/uploads\/2021\/11\/bolsas-unsplash.jpg\",\"keywords\":[\"d\u00f3lar\",\"d\u00f3lar futuro\"],\"articleSection\":[\"Mercado\"],\"inLanguage\":\"pt-BR\"},{\"@type\":\"WebPage\",\"@id\":\"https:\/\/www.suno.com.br\/noticias\/dolar-cai-quarto-pregao-seguido-semana-baixa\/\",\"url\":\"https:\/\/www.suno.com.br\/noticias\/dolar-cai-quarto-pregao-seguido-semana-baixa\/\",\"name\":\"D\u00f3lar cai pelo 4\u00ba preg\u00e3o seguido e fecha a semana em baixa\",\"isPartOf\":{\"@id\":\"https:\/\/www.suno.com.br\/noticias\/#website\"},\"primaryImageOfPage\":{\"@id\":\"https:\/\/www.suno.com.br\/noticias\/dolar-cai-quarto-pregao-seguido-semana-baixa\/#primaryimage\"},\"image\":{\"@id\":\"https:\/\/www.suno.com.br\/noticias\/dolar-cai-quarto-pregao-seguido-semana-baixa\/#primaryimage\"},\"thumbnailUrl\":\"https:\/\/files.sunoresearch.com.br\/n\/uploads\/2021\/11\/bolsas-unsplash.jpg\",\"datePublished\":\"2024-01-26T22:54:15+00:00\",\"dateModified\":\"2024-01-26T22:54:17+00:00\",\"description\":\"Em um preg\u00e3o morno, o d\u00f3lar \u00e0 vista encerrou a sess\u00e3o desta sexta-feira, 26, em baixa de 0,24%, cotado a R$ 4,9110\",\"breadcrumb\":{\"@id\":\"https:\/\/www.suno.com.br\/noticias\/dolar-cai-quarto-pregao-seguido-semana-baixa\/#breadcrumb\"},\"inLanguage\":\"pt-BR\",\"potentialAction\":[{\"@type\":\"ReadAction\",\"target\":[\"https:\/\/www.suno.com.br\/noticias\/dolar-cai-quarto-pregao-seguido-semana-baixa\/\"]}]},{\"@type\":\"ImageObject\",\"inLanguage\":\"pt-BR\",\"@id\":\"https:\/\/www.suno.com.br\/noticias\/dolar-cai-quarto-pregao-seguido-semana-baixa\/#primaryimage\",\"url\":\"https:\/\/files.sunoresearch.com.br\/n\/uploads\/2021\/11\/bolsas-unsplash.jpg\",\"contentUrl\":\"https:\/\/files.sunoresearch.com.br\/n\/uploads\/2021\/11\/bolsas-unsplash.jpg\",\"width\":1280,\"height\":853,\"caption\":\"D\u00f3lar sobe. Foto: Unsplash\"},{\"@type\":\"BreadcrumbList\",\"@id\":\"https:\/\/www.suno.com.br\/noticias\/dolar-cai-quarto-pregao-seguido-semana-baixa\/#breadcrumb\",\"itemListElement\":[{\"@type\":\"ListItem\",\"position\":1,\"name\":\"Not\u00edcias\",\"item\":\"https:\/\/www.suno.com.br\/noticias\/\"},{\"@type\":\"ListItem\",\"position\":2,\"name\":\"Mercado\",\"item\":\"https:\/\/www.suno.com.br\/noticias\/mercado\/\"},{\"@type\":\"ListItem\",\"position\":3,\"name\":\"D\u00f3lar cai pelo 4\u00ba preg\u00e3o seguido e fecha a semana em baixa\"}]},{\"@type\":\"WebSite\",\"@id\":\"https:\/\/www.suno.com.br\/noticias\/#website\",\"url\":\"https:\/\/www.suno.com.br\/noticias\/\",\"name\":\"Suno Not\u00edcias\",\"description\":\"Seu portal de informa\u00e7\u00e3o sobre o mundo dos investimentos\",\"publisher\":{\"@id\":\"https:\/\/www.suno.com.br\/noticias\/#organization\"},\"potentialAction\":[{\"@type\":\"SearchAction\",\"target\":{\"@type\":\"EntryPoint\",\"urlTemplate\":\"https:\/\/www.suno.com.br\/noticias\/?s={search_term_string}\"},\"query-input\":{\"@type\":\"PropertyValueSpecification\",\"valueRequired\":true,\"valueName\":\"search_term_string\"}}],\"inLanguage\":\"pt-BR\"},{\"@type\":\"Organization\",\"@id\":\"https:\/\/www.suno.com.br\/noticias\/#organization\",\"name\":\"Suno Not\u00edcias\",\"url\":\"https:\/\/www.suno.com.br\/noticias\/\",\"logo\":{\"@type\":\"ImageObject\",\"inLanguage\":\"pt-BR\",\"@id\":\"https:\/\/www.suno.com.br\/noticias\/#\/schema\/logo\/image\/\",\"url\":\"https:\/\/files.sunoresearch.com.br\/n\/uploads\/2021\/09\/suno-logo.png\",\"contentUrl\":\"https:\/\/files.sunoresearch.com.br\/n\/uploads\/2021\/09\/suno-logo.png\",\"width\":180,\"height\":180,\"caption\":\"Suno Not\u00edcias\"},\"image\":{\"@id\":\"https:\/\/www.suno.com.br\/noticias\/#\/schema\/logo\/image\/\"},\"sameAs\":[\"https:\/\/facebook.com\/sunoresearch\",\"https:\/\/x.com\/sunoresearch\",\"https:\/\/www.instagram.com\/suno\",\"https:\/\/www.linkedin.com\/company\/suno-research\/\",\"https:\/\/www.youtube.com\/c\/sunoresearch\"]},{\"@type\":\"Person\",\"@id\":\"https:\/\/www.suno.com.br\/noticias\/#\/schema\/person\/c1b1bd3727fa852bd045e9dbff3673ea\",\"name\":\"Reda\u00e7\u00e3o Suno Not\u00edcias\",\"image\":{\"@type\":\"ImageObject\",\"inLanguage\":\"pt-BR\",\"@id\":\"https:\/\/www.suno.com.br\/noticias\/#\/schema\/person\/image\/\",\"url\":\"https:\/\/secure.gravatar.com\/avatar\/b8104b9b5a71985d5238ee59fbe418af?s=96&r=g\",\"contentUrl\":\"https:\/\/secure.gravatar.com\/avatar\/b8104b9b5a71985d5238ee59fbe418af?s=96&r=g\",\"caption\":\"Reda\u00e7\u00e3o Suno Not\u00edcias\"},\"description\":\"O Suno Not\u00edcias \u00e9 um portal de informa\u00e7\u00f5es sobre Mercado Financeiro, Pol\u00edtica, Neg\u00f3cios, Economia e Finan\u00e7as Pessoais.\",\"sameAs\":[\"https:\/\/www.suno.com.br\/noticias\",\"https:\/\/www.facebook.com\/sunonoticias\/\",\"https:\/\/www.instagram.com\/sunonoticias\/\",\"https:\/\/x.com\/https:\/\/twitter.com\/sunoresearch\",\"https:\/\/www.youtube.com\/sunonoticias\"],\"url\":\"https:\/\/www.suno.com.br\/noticias\/author\/redacao-suno\/\"}]}<\/script>\n<!-- \/ Yoast SEO plugin. -->","yoast_head_json":{"title":"D\u00f3lar cai pelo 4\u00ba preg\u00e3o seguido e fecha a semana em baixa","description":"Em um preg\u00e3o morno, o d\u00f3lar \u00e0 vista encerrou a sess\u00e3o desta sexta-feira, 26, em baixa de 0,24%, cotado a R$ 4,9110","robots":{"index":"index","follow":"follow","max-snippet":"max-snippet:-1","max-image-preview":"max-image-preview:large","max-video-preview":"max-video-preview:-1"},"canonical":"https:\/\/www.suno.com.br\/noticias\/dolar-cai-quarto-pregao-seguido-semana-baixa\/","og_locale":"pt_BR","og_type":"article","og_title":"D\u00f3lar cai pelo 4\u00ba preg\u00e3o seguido e fecha a semana em baixa","og_description":"Em um preg\u00e3o morno, o d\u00f3lar \u00e0 vista encerrou a sess\u00e3o desta sexta-feira, 26, em baixa de 0,24%, cotado a R$ 4,9110","og_url":"https:\/\/www.suno.com.br\/noticias\/dolar-cai-quarto-pregao-seguido-semana-baixa\/","og_site_name":"Suno Not\u00edcias","article_publisher":"https:\/\/facebook.com\/sunoresearch","article_author":"https:\/\/www.facebook.com\/sunonoticias\/","og_image":[{"width":1280,"height":853,"url":"https:\/\/files.sunoresearch.com.br\/n\/uploads\/2021\/11\/bolsas-unsplash.jpg","type":"image\/jpeg"}],"author":"Reda\u00e7\u00e3o Suno Not\u00edcias","twitter_card":"summary_large_image","twitter_creator":"@https:\/\/twitter.com\/sunoresearch","twitter_site":"@sunoresearch","twitter_misc":{"Escrito por":"Reda\u00e7\u00e3o Suno Not\u00edcias","Est. tempo de leitura":"4 minutos"},"schema":{"@context":"https:\/\/schema.org","@graph":[{"@type":"NewsArticle","@id":"https:\/\/www.suno.com.br\/noticias\/dolar-cai-quarto-pregao-seguido-semana-baixa\/#article","isPartOf":{"@id":"https:\/\/www.suno.com.br\/noticias\/dolar-cai-quarto-pregao-seguido-semana-baixa\/"},"author":{"name":"Reda\u00e7\u00e3o Suno Not\u00edcias","@id":"https:\/\/www.suno.com.br\/noticias\/#\/schema\/person\/c1b1bd3727fa852bd045e9dbff3673ea"},"headline":"D\u00f3lar cai pelo 4\u00ba preg\u00e3o seguido e fecha a semana em baixa","datePublished":"2024-01-26T22:54:15+00:00","dateModified":"2024-01-26T22:54:17+00:00","mainEntityOfPage":{"@id":"https:\/\/www.suno.com.br\/noticias\/dolar-cai-quarto-pregao-seguido-semana-baixa\/"},"wordCount":688,"publisher":{"@id":"https:\/\/www.suno.com.br\/noticias\/#organization"},"image":{"@id":"https:\/\/www.suno.com.br\/noticias\/dolar-cai-quarto-pregao-seguido-semana-baixa\/#primaryimage"},"thumbnailUrl":"https:\/\/files.sunoresearch.com.br\/n\/uploads\/2021\/11\/bolsas-unsplash.jpg","keywords":["d\u00f3lar","d\u00f3lar futuro"],"articleSection":["Mercado"],"inLanguage":"pt-BR"},{"@type":"WebPage","@id":"https:\/\/www.suno.com.br\/noticias\/dolar-cai-quarto-pregao-seguido-semana-baixa\/","url":"https:\/\/www.suno.com.br\/noticias\/dolar-cai-quarto-pregao-seguido-semana-baixa\/","name":"D\u00f3lar cai pelo 4\u00ba preg\u00e3o seguido e fecha a semana em baixa","isPartOf":{"@id":"https:\/\/www.suno.com.br\/noticias\/#website"},"primaryImageOfPage":{"@id":"https:\/\/www.suno.com.br\/noticias\/dolar-cai-quarto-pregao-seguido-semana-baixa\/#primaryimage"},"image":{"@id":"https:\/\/www.suno.com.br\/noticias\/dolar-cai-quarto-pregao-seguido-semana-baixa\/#primaryimage"},"thumbnailUrl":"https:\/\/files.sunoresearch.com.br\/n\/uploads\/2021\/11\/bolsas-unsplash.jpg","datePublished":"2024-01-26T22:54:15+00:00","dateModified":"2024-01-26T22:54:17+00:00","description":"Em um preg\u00e3o morno, o d\u00f3lar \u00e0 vista encerrou a sess\u00e3o desta sexta-feira, 26, em baixa de 0,24%, cotado a R$ 4,9110","breadcrumb":{"@id":"https:\/\/www.suno.com.br\/noticias\/dolar-cai-quarto-pregao-seguido-semana-baixa\/#breadcrumb"},"inLanguage":"pt-BR","potentialAction":[{"@type":"ReadAction","target":["https:\/\/www.suno.com.br\/noticias\/dolar-cai-quarto-pregao-seguido-semana-baixa\/"]}]},{"@type":"ImageObject","inLanguage":"pt-BR","@id":"https:\/\/www.suno.com.br\/noticias\/dolar-cai-quarto-pregao-seguido-semana-baixa\/#primaryimage","url":"https:\/\/files.sunoresearch.com.br\/n\/uploads\/2021\/11\/bolsas-unsplash.jpg","contentUrl":"https:\/\/files.sunoresearch.com.br\/n\/uploads\/2021\/11\/bolsas-unsplash.jpg","width":1280,"height":853,"caption":"D\u00f3lar sobe. Foto: Unsplash"},{"@type":"BreadcrumbList","@id":"https:\/\/www.suno.com.br\/noticias\/dolar-cai-quarto-pregao-seguido-semana-baixa\/#breadcrumb","itemListElement":[{"@type":"ListItem","position":1,"name":"Not\u00edcias","item":"https:\/\/www.suno.com.br\/noticias\/"},{"@type":"ListItem","position":2,"name":"Mercado","item":"https:\/\/www.suno.com.br\/noticias\/mercado\/"},{"@type":"ListItem","position":3,"name":"D\u00f3lar cai pelo 4\u00ba preg\u00e3o seguido e fecha a semana em baixa"}]},{"@type":"WebSite","@id":"https:\/\/www.suno.com.br\/noticias\/#website","url":"https:\/\/www.suno.com.br\/noticias\/","name":"Suno Not\u00edcias","description":"Seu portal de informa\u00e7\u00e3o sobre o mundo dos investimentos","publisher":{"@id":"https:\/\/www.suno.com.br\/noticias\/#organization"},"potentialAction":[{"@type":"SearchAction","target":{"@type":"EntryPoint","urlTemplate":"https:\/\/www.suno.com.br\/noticias\/?s={search_term_string}"},"query-input":{"@type":"PropertyValueSpecification","valueRequired":true,"valueName":"search_term_string"}}],"inLanguage":"pt-BR"},{"@type":"Organization","@id":"https:\/\/www.suno.com.br\/noticias\/#organization","name":"Suno Not\u00edcias","url":"https:\/\/www.suno.com.br\/noticias\/","logo":{"@type":"ImageObject","inLanguage":"pt-BR","@id":"https:\/\/www.suno.com.br\/noticias\/#\/schema\/logo\/image\/","url":"https:\/\/files.sunoresearch.com.br\/n\/uploads\/2021\/09\/suno-logo.png","contentUrl":"https:\/\/files.sunoresearch.com.br\/n\/uploads\/2021\/09\/suno-logo.png","width":180,"height":180,"caption":"Suno Not\u00edcias"},"image":{"@id":"https:\/\/www.suno.com.br\/noticias\/#\/schema\/logo\/image\/"},"sameAs":["https:\/\/facebook.com\/sunoresearch","https:\/\/x.com\/sunoresearch","https:\/\/www.instagram.com\/suno","https:\/\/www.linkedin.com\/company\/suno-research\/","https:\/\/www.youtube.com\/c\/sunoresearch"]},{"@type":"Person","@id":"https:\/\/www.suno.com.br\/noticias\/#\/schema\/person\/c1b1bd3727fa852bd045e9dbff3673ea","name":"Reda\u00e7\u00e3o Suno Not\u00edcias","image":{"@type":"ImageObject","inLanguage":"pt-BR","@id":"https:\/\/www.suno.com.br\/noticias\/#\/schema\/person\/image\/","url":"https:\/\/secure.gravatar.com\/avatar\/b8104b9b5a71985d5238ee59fbe418af?s=96&r=g","contentUrl":"https:\/\/secure.gravatar.com\/avatar\/b8104b9b5a71985d5238ee59fbe418af?s=96&r=g","caption":"Reda\u00e7\u00e3o Suno Not\u00edcias"},"description":"O Suno Not\u00edcias \u00e9 um portal de informa\u00e7\u00f5es sobre Mercado Financeiro, Pol\u00edtica, Neg\u00f3cios, Economia e Finan\u00e7as Pessoais.","sameAs":["https:\/\/www.suno.com.br\/noticias","https:\/\/www.facebook.com\/sunonoticias\/","https:\/\/www.instagram.com\/sunonoticias\/","https:\/\/x.com\/https:\/\/twitter.com\/sunoresearch","https:\/\/www.youtube.com\/sunonoticias"],"url":"https:\/\/www.suno.com.br\/noticias\/author\/redacao-suno\/"}]}},"default_loop_html":"<div class=\"cardsPage__listCard__boxs\"><div class=\"cardsPage__listCard__boxs__img\"><a href=\"https:\/\/www.suno.com.br\/noticias\/dolar-cai-quarto-pregao-seguido-semana-baixa\/\"><img class=\"mask\" src=\"https:\/\/www.suno.com.br\/noticias\/wp-content\/themes\/suno\/resources\/images\/spotlight\/spotlight1img\/bg-mask.png\" alt=\"Image Mask\"\/><img src=\"https:\/\/files.sunoresearch.com.br\/n\/uploads\/2021\/11\/bolsas-unsplash-400x200.jpg\" alt=\"D\u00f3lar cai pelo 4\u00ba preg\u00e3o seguido e fecha a semana em baixa\"\/><\/a><span class=\"spotlightCategory\"><a href=\"https:\/\/www.suno.com.br\/noticias\/mercado\/\">Mercado<\/a><\/span><\/div><div class=\"cardsPage__listCard__boxs__content\"><a href=\"https:\/\/www.suno.com.br\/noticias\/dolar-cai-quarto-pregao-seguido-semana-baixa\/\"><h2 class=\"content__title\">D\u00f3lar cai pelo 4\u00ba preg\u00e3o seguido e fecha a semana em baixa<\/h2><\/a><div class=\"newsContent__article__meta\"><div class=\"newsContent__article__meta__authorBox\"><a href=\"https:\/\/www.suno.com.br\/noticias\/author\/redacao-suno\/\" class=\"authorBox__avatar noMobi\"><img src=\"https:\/\/files.sunoresearch.com.br\/n\/uploads\/2020\/08\/0ace682d-redacao-1-150x150.webp\" alt=\"Reda\u00e7\u00e3o Suno Not\u00edcias\"><\/a><div class=\"authorBox__name\"><span>por\n\t\t\t<a href=\"https:\/\/www.suno.com.br\/noticias\/author\/redacao-suno\/\"><span itemprop=\"author\">Reda\u00e7\u00e3o Suno Not\u00edcias<\/span><\/a><\/span><time datetime=\"2024-01-26T19:54:15-03:00\" itemprop=\"datePublished\">26\/01\/2024 19:54<\/time><\/div><\/div><\/div><\/div><\/div>","single_layout":"posts","amp_enabled":true,"_links":{"self":[{"href":"https:\/\/www.suno.com.br\/noticias\/wp-json\/wp\/v2\/posts\/516622"}],"collection":[{"href":"https:\/\/www.suno.com.br\/noticias\/wp-json\/wp\/v2\/posts"}],"about":[{"href":"https:\/\/www.suno.com.br\/noticias\/wp-json\/wp\/v2\/types\/post"}],"author":[{"embeddable":true,"href":"https:\/\/www.suno.com.br\/noticias\/wp-json\/wp\/v2\/users\/43"}],"replies":[{"embeddable":true,"href":"https:\/\/www.suno.com.br\/noticias\/wp-json\/wp\/v2\/comments?post=516622"}],"version-history":[{"count":2,"href":"https:\/\/www.suno.com.br\/noticias\/wp-json\/wp\/v2\/posts\/516622\/revisions"}],"predecessor-version":[{"id":516669,"href":"https:\/\/www.suno.com.br\/noticias\/wp-json\/wp\/v2\/posts\/516622\/revisions\/516669"}],"wp:featuredmedia":[{"embeddable":true,"href":"https:\/\/www.suno.com.br\/noticias\/wp-json\/wp\/v2\/media\/208196"}],"wp:attachment":[{"href":"https:\/\/www.suno.com.br\/noticias\/wp-json\/wp\/v2\/media?parent=516622"}],"wp:term":[{"taxonomy":"category","embeddable":true,"href":"https:\/\/www.suno.com.br\/noticias\/wp-json\/wp\/v2\/categories?post=516622"},{"taxonomy":"post_tag","embeddable":true,"href":"https:\/\/www.suno.com.br\/noticias\/wp-json\/wp\/v2\/tags?post=516622"},{"taxonomy":"suno_strategy","embeddable":true,"href":"https:\/\/www.suno.com.br\/noticias\/wp-json\/wp\/v2\/suno_strategy?post=516622"}],"curies":[{"name":"wp","href":"https:\/\/api.w.org\/{rel}","templated":true}]}}