{"id":516596,"date":"2024-01-27T15:42:59","date_gmt":"2024-01-27T18:42:59","guid":{"rendered":"https:\/\/www.suno.com.br\/noticias\/?p=516596"},"modified":"2024-01-27T15:43:22","modified_gmt":"2024-01-27T18:43:22","slug":"petrobras-petr4-advogado-conselho-de-administracao-jvj","status":"publish","type":"post","link":"https:\/\/www.suno.com.br\/noticias\/petrobras-petr4-advogado-conselho-de-administracao-jvj\/","title":{"rendered":"Petrobras (PETR4) nomeia advogado para compor conselho de administra\u00e7\u00e3o"},"content":{"rendered":"<p>O advogado Renato Campos Galuppo foi nomeado conselheiro de Administra\u00e7\u00e3o da <a class=\"suno-keyword\" data-force=\"yes\" data-priority=\"2\" href=\"https:\/\/www.suno.com.br\/acoes\/PETR4\/\" target=\"_blank\" rel=\"noopener\"><strong>Petrobras<\/strong> (PETR4)<\/a> e ocupar\u00e1 a vaga que surgiu com o pedido de ren\u00fancia de Efrain Pereira da Cruz. Em comunicado divulgado nesta sexta-feira (26), a empresa informou que o advogado passou pelos tr\u00e2mites do seu programa de governan\u00e7a.<img decoding=\"async\" style=\"width: 1px; height: 1px;\" src=\"https:\/\/agenciabrasil.ebc.com.br\/ebc.png?id=1578121&amp;o=rss\"><img decoding=\"async\" style=\"width: 1px; height: 1px;\" src=\"https:\/\/agenciabrasil.ebc.com.br\/ebc.gif?id=1578121&amp;o=rss\"><\/p>\t<div class=\"wrapper-featured-image\">\n\t\t<figure class=\"spotlightImg\">\n\n\t\t\t<picture>\n\t\t\t\t<source media=\"(max-width: 768px)\" srcset=\"https:\/\/files.sunoresearch.com.br\/n\/uploads\/2023\/05\/petrobras-petr4-brsr6-agenda-dividendos-maio-2023-400x200.jpg\">\n\t\t\t\t<img loading=\"lazy\" decoding=\"async\" class=\"newsContent__article__imgCapa lazyloadDisabled \" src=\"https:\/\/files.sunoresearch.com.br\/n\/uploads\/2023\/05\/petrobras-petr4-brsr6-agenda-dividendos-maio-2023-800x450.jpg\" width=\"800\" height=\"450\" alt=\"Petrobras (PETR4) nomeia advogado para compor conselho de administra\u00e7\u00e3o\" fetchpriority=high \/>\n\t\t\t<\/picture>\n\n\t\t\t<figcaption class=\"wp-caption-text wp-caption-text--show\">Petrobras (PETR4). Foto: Ag\u00eancia Brasil<\/figcaption>\n\t\t<\/figure>\n\t<\/div>\n\n\n\n\n\n\t<p>\n\t\t<a href=\"https:\/\/lp.suno.com.br\/ebook-como-analisar-uma-acao\/\" target=\"_blank\" data-element=\"shortcode-suno-banner\" title=\"Banner SUNO, clique e saiba mais\">\n\t\t\t<picture>\n\t\t\t\t<source media=\"(max-width: 500px)\" srcset=\"https:\/\/files.sunoresearch.com.br\/n\/uploads\/2023\/12\/Ebook-Acoes-Mobile.jpg\">\n\t\t\t\t<img class=\"newsContent__article__imgCapa newsContent__article__imgCapa--banner\"\n\t\t\t\t\tsrc=\"https:\/\/files.sunoresearch.com.br\/n\/uploads\/2023\/12\/Ebook-Acoes-Desktop.webp\"\n\t\t\t\t\tdata-promo-id=\"311260\"\t\t\t\t\t\t\t\t\t\twidth='1420' height='286'\t\t\t\t\talt=\"https:\/\/files.sunoresearch.com.br\/n\/uploads\/2023\/12\/Ebook-Acoes-Desktop.webp\"\n\t\t\t\t>\n\t\t\t<\/picture>\n\t\t<\/a>\n\t<\/p>\n\n\n\n\n\n<p>\u201cO processo de an\u00e1lise e de elei\u00e7\u00e3o foi submetido aos procedimentos de governan\u00e7a aplic\u00e1veis, n\u00e3o tendo sido constatado qualquer impedimento para assun\u00e7\u00e3o de <strong>cargo de administra\u00e7\u00e3o<\/strong> na Companhia\u201d, informou.<\/p>\n\n\n\n<p>Galuppo ficar\u00e1 no cargo at\u00e9 a assembleia geral do dia 25 de abril, quando haver\u00e1 elei\u00e7\u00e3o dos conselheiros, e n\u00e3o h\u00e1 impedimento para que o nome dele seja novamente aprovado para o cargo. &#8220;Conforme disposto no Artigo 150 da Lei n\u00ba 6.404\/1976 (\u201cLei das S.A.\u201d) e no Artigo. 25 do <a class=\"suno-keyword\" data-force=\"no\" data-priority=\"1\" href=\"https:\/\/www.suno.com.br\/artigos\/estatuto-social\/\" target=\"_blank\" rel=\"noopener\">Estatuto Social<\/a> da Petrobras, o conselheiro servir\u00e1 at\u00e9 a primeira assembleia geral\u201d, diz o comunicado.<\/p>\n\n\n\t<div data-element=\"shortcode-read-more\" class=\"knowMore\">\n\t\t\t\t<span class=\"knowMore__title\">Leia mais<\/span>\n\t\t\t\t<a class=\"knowMore__link\" href=\"https:\/\/www.suno.com.br\/noticias\/gol-goll4-perde-milhoes-valor-mercado-recuperacao-judicial-jvj\/\">\n\t\t\tGol (GOLL4) perde R$ 179,31 milh\u00f5es de valor de mercado ap\u00f3s entrar em recupera\u00e7\u00e3o judicial nos EUA\t\t<\/a>\n\t<\/div>\n\n\n\n\n<p>Na segunda-feira (22), em outro comunicado, a Petrobras informou que tinha recebido a carta de ren\u00fancia de Efrain Pereira da Cruz e que, \u201cem raz\u00e3o da vac\u00e2ncia&#8221;, o governo federal, por meio de of\u00edcio do Minist\u00e9rio das Minas e Energia, indicava Galuppo para membro do <a class=\"suno-keyword\" data-force=\"no\" data-priority=\"1\" href=\"https:\/\/www.suno.com.br\/artigos\/conselho-administracao\/\" target=\"_blank\" rel=\"noopener\">Conselho de Administra\u00e7\u00e3o<\/a>. A empresa acrescentou, naquela nota, que a nomea\u00e7\u00e3o seria analisada pelos demais membros do Conselho de Administra\u00e7\u00e3o, seguindo os termos da Lei das S.A. e do <strong>Estatuto Social da Petrobras<\/strong>.<\/p>\n\n\n\n<p>De acordo com a companhia, Renato Campos Galuppo \u00e9 advogado desde fevereiro de 2003 e tem larga experi\u00eancia em contencioso e consultivo em mat\u00e9ria eleitoral, criminal, constitucional e c\u00edvel. Bacharel em direito pela Universidade Federal de Ouro Preto (2002), Galuppo \u00e9 especialista em direito penal e processo penal aplicado pelo Centro Universit\u00e1rio UNA (2020) e p\u00f3s-graduado em direito penal econ\u00f4mico pelo Instituto de Direito Penal e Econ\u00f4mico Europeu da Faculdade de Direito da Universidade de Coimbra, informou.<\/p>\n\n\n\n<p>Galuppo foi tamb\u00e9m assessor jur\u00eddico na C\u00e2mara dos Deputados de mar\u00e7o de 2007 a junho de 2014 e de outubro de 2014 a dezembro de 2021. \u00c9 membro da Academia Brasileira de Direito Eleitoral e Pol\u00edtico, do Instituto de Direito Partid\u00e1rio e Pol\u00edtico, do Instituto Brasileiro de Ci\u00eancias Criminais e do Instituto de Ci\u00eancias Penais.<\/p>\n\n\n\n<p>\u201cAtualmente \u00e9 tamb\u00e9m membro do Comit\u00ea de Seguran\u00e7a, Meio Ambiente e Sa\u00fade do Conselho de Administra\u00e7\u00e3o da <strong>Petrobras<\/strong>. Foi Conselheiro de Administra\u00e7\u00e3o da Pr\u00e9Sal Petr\u00f3leo S.A (PPSA) de julho de 2023 a janeiro de 2024\u201d, conclui o comunicado.<\/p>\n\n\n\n<p>(Com informa\u00e7\u00f5es de Ag\u00eancia Brasil)<\/p>\n\n\n\t<p>\n\t\t<a href=\"https:\/\/lp2.suno.com.br\/cl\/black-friday-2025\/?utm_campaign=_SNCDF0E4858_\" target=\"_blank\" data-element=\"shortcode-suno-banner\" title=\"Banner SUNO, clique e saiba mais\">\n\t\t\t<picture>\n\t\t\t\t<source media=\"(max-width: 500px)\" srcset=\"https:\/\/files.sunoresearch.com.br\/n\/uploads\/2025\/10\/Artigos-e-Noticias-Banner-Home-artigos-01-Mobile_-400x300-1-png.webp\">\n\t\t\t\t<img class=\"newsContent__article__imgCapa newsContent__article__imgCapa--banner\"\n\t\t\t\t\tsrc=\"https:\/\/files.sunoresearch.com.br\/n\/uploads\/2025\/10\/Artigos-e-Noticias-Banner-Home-artigos-01-Desktop_-1420x240-1-png.webp\"\n\t\t\t\t\tdata-promo-id=\"311259\"\t\t\t\t\t\t\t\t\t\twidth='1420' height='240'\t\t\t\t\talt=\"https:\/\/files.sunoresearch.com.br\/n\/uploads\/2025\/10\/Artigos-e-Noticias-Banner-Home-artigos-01-Desktop_-1420x240-1-png.webp\"\n\t\t\t\t>\n\t\t\t<\/picture>\n\t\t<\/a>\n\t<\/p>\n\n\n","protected":false},"excerpt":{"rendered":"<p>O advogado Renato Campos Galuppo foi nomeado conselheiro de Administra\u00e7\u00e3o da Petrobras (PETR4) e ocupar\u00e1 a vaga que surgiu com o pedido de ren\u00fancia de Efrain Pereira da Cruz. Em comunicado divulgado nesta sexta-feira (26), a empresa informou que o advogado passou pelos tr\u00e2mites do seu programa de governan\u00e7a. Petrobras (PETR4). Foto: Ag\u00eancia Brasil \u201cO [&hellip;]<\/p>\n","protected":false},"author":173,"featured_media":406706,"comment_status":"closed","ping_status":"closed","sticky":false,"template":"","format":"standard","meta":[],"categories":[62],"tags":[595],"suno_strategy":[],"class_list":["post-516596","post","type-post","status-publish","format-standard","has-post-thumbnail","hentry","category-economia","tag-petrobras-petr4"],"yoast_head":"<!-- This site is optimized with the Yoast SEO plugin v24.4 - https:\/\/yoast.com\/wordpress\/plugins\/seo\/ -->\n<title>Petrobras (PETR4) nomeia advogado para compor conselho; veja quem<\/title>\n<meta name=\"description\" content=\"A Petrobras (PETR4) nomeou um advogado para compor o seu conselho de administra\u00e7\u00e3o. Veja qual \u00e9 o nome escolhido.\" \/>\n<meta name=\"robots\" content=\"index, follow, max-snippet:-1, max-image-preview:large, max-video-preview:-1\" \/>\n<link rel=\"canonical\" href=\"https:\/\/www.suno.com.br\/noticias\/petrobras-petr4-advogado-conselho-de-administracao-jvj\/\" \/>\n<meta property=\"og:locale\" content=\"pt_BR\" \/>\n<meta property=\"og:type\" content=\"article\" \/>\n<meta property=\"og:title\" content=\"Petrobras (PETR4) nomeia advogado para compor conselho; veja quem\" \/>\n<meta property=\"og:description\" content=\"A Petrobras (PETR4) nomeou um advogado para compor o seu conselho de administra\u00e7\u00e3o. Veja qual \u00e9 o nome escolhido.\" \/>\n<meta property=\"og:url\" content=\"https:\/\/www.suno.com.br\/noticias\/petrobras-petr4-advogado-conselho-de-administracao-jvj\/\" \/>\n<meta property=\"og:site_name\" content=\"Suno Not\u00edcias\" \/>\n<meta property=\"article:publisher\" content=\"https:\/\/facebook.com\/sunoresearch\" \/>\n<meta property=\"og:image\" content=\"https:\/\/files.sunoresearch.com.br\/n\/uploads\/2023\/05\/petrobras-petr4-brsr6-agenda-dividendos-maio-2023.jpg\" \/>\n\t<meta property=\"og:image:width\" content=\"1200\" \/>\n\t<meta property=\"og:image:height\" content=\"800\" \/>\n\t<meta property=\"og:image:type\" content=\"image\/jpeg\" \/>\n<meta name=\"author\" content=\"Jo\u00e3o Vitor\" \/>\n<meta name=\"twitter:card\" content=\"summary_large_image\" \/>\n<meta name=\"twitter:creator\" content=\"@sunoresearch\" \/>\n<meta name=\"twitter:site\" content=\"@sunoresearch\" \/>\n<meta name=\"twitter:label1\" content=\"Escrito por\" \/>\n\t<meta name=\"twitter:data1\" content=\"Jo\u00e3o Vitor\" \/>\n\t<meta name=\"twitter:label2\" content=\"Est. tempo de leitura\" \/>\n\t<meta name=\"twitter:data2\" content=\"3 minutos\" \/>\n<script type=\"application\/ld+json\" class=\"yoast-schema-graph\">{\"@context\":\"https:\/\/schema.org\",\"@graph\":[{\"@type\":\"NewsArticle\",\"@id\":\"https:\/\/www.suno.com.br\/noticias\/petrobras-petr4-advogado-conselho-de-administracao-jvj\/#article\",\"isPartOf\":{\"@id\":\"https:\/\/www.suno.com.br\/noticias\/petrobras-petr4-advogado-conselho-de-administracao-jvj\/\"},\"author\":{\"name\":\"Jo\u00e3o Vitor\",\"@id\":\"https:\/\/www.suno.com.br\/noticias\/#\/schema\/person\/87fc6973867c52dd884811905c43afba\"},\"headline\":\"Petrobras (PETR4) nomeia advogado para compor conselho de administra\u00e7\u00e3o\",\"datePublished\":\"2024-01-27T18:42:59+00:00\",\"dateModified\":\"2024-01-27T18:43:22+00:00\",\"mainEntityOfPage\":{\"@id\":\"https:\/\/www.suno.com.br\/noticias\/petrobras-petr4-advogado-conselho-de-administracao-jvj\/\"},\"wordCount\":442,\"publisher\":{\"@id\":\"https:\/\/www.suno.com.br\/noticias\/#organization\"},\"image\":{\"@id\":\"https:\/\/www.suno.com.br\/noticias\/petrobras-petr4-advogado-conselho-de-administracao-jvj\/#primaryimage\"},\"thumbnailUrl\":\"https:\/\/files.sunoresearch.com.br\/n\/uploads\/2023\/05\/petrobras-petr4-brsr6-agenda-dividendos-maio-2023.jpg\",\"keywords\":[\"Petrobras (PETR4)\"],\"articleSection\":[\"Economia\"],\"inLanguage\":\"pt-BR\"},{\"@type\":\"WebPage\",\"@id\":\"https:\/\/www.suno.com.br\/noticias\/petrobras-petr4-advogado-conselho-de-administracao-jvj\/\",\"url\":\"https:\/\/www.suno.com.br\/noticias\/petrobras-petr4-advogado-conselho-de-administracao-jvj\/\",\"name\":\"Petrobras (PETR4) nomeia advogado para compor conselho; veja quem\",\"isPartOf\":{\"@id\":\"https:\/\/www.suno.com.br\/noticias\/#website\"},\"primaryImageOfPage\":{\"@id\":\"https:\/\/www.suno.com.br\/noticias\/petrobras-petr4-advogado-conselho-de-administracao-jvj\/#primaryimage\"},\"image\":{\"@id\":\"https:\/\/www.suno.com.br\/noticias\/petrobras-petr4-advogado-conselho-de-administracao-jvj\/#primaryimage\"},\"thumbnailUrl\":\"https:\/\/files.sunoresearch.com.br\/n\/uploads\/2023\/05\/petrobras-petr4-brsr6-agenda-dividendos-maio-2023.jpg\",\"datePublished\":\"2024-01-27T18:42:59+00:00\",\"dateModified\":\"2024-01-27T18:43:22+00:00\",\"description\":\"A Petrobras (PETR4) nomeou um advogado para compor o seu conselho de administra\u00e7\u00e3o. Veja qual \u00e9 o nome escolhido.\",\"breadcrumb\":{\"@id\":\"https:\/\/www.suno.com.br\/noticias\/petrobras-petr4-advogado-conselho-de-administracao-jvj\/#breadcrumb\"},\"inLanguage\":\"pt-BR\",\"potentialAction\":[{\"@type\":\"ReadAction\",\"target\":[\"https:\/\/www.suno.com.br\/noticias\/petrobras-petr4-advogado-conselho-de-administracao-jvj\/\"]}]},{\"@type\":\"ImageObject\",\"inLanguage\":\"pt-BR\",\"@id\":\"https:\/\/www.suno.com.br\/noticias\/petrobras-petr4-advogado-conselho-de-administracao-jvj\/#primaryimage\",\"url\":\"https:\/\/files.sunoresearch.com.br\/n\/uploads\/2023\/05\/petrobras-petr4-brsr6-agenda-dividendos-maio-2023.jpg\",\"contentUrl\":\"https:\/\/files.sunoresearch.com.br\/n\/uploads\/2023\/05\/petrobras-petr4-brsr6-agenda-dividendos-maio-2023.jpg\",\"width\":1200,\"height\":800,\"caption\":\"Petrobras (PETR4). Foto: Ag\u00eancia Brasil\"},{\"@type\":\"BreadcrumbList\",\"@id\":\"https:\/\/www.suno.com.br\/noticias\/petrobras-petr4-advogado-conselho-de-administracao-jvj\/#breadcrumb\",\"itemListElement\":[{\"@type\":\"ListItem\",\"position\":1,\"name\":\"Not\u00edcias\",\"item\":\"https:\/\/www.suno.com.br\/noticias\/\"},{\"@type\":\"ListItem\",\"position\":2,\"name\":\"Economia\",\"item\":\"https:\/\/www.suno.com.br\/noticias\/economia\/\"},{\"@type\":\"ListItem\",\"position\":3,\"name\":\"Petrobras (PETR4) nomeia advogado para compor conselho de administra\u00e7\u00e3o\"}]},{\"@type\":\"WebSite\",\"@id\":\"https:\/\/www.suno.com.br\/noticias\/#website\",\"url\":\"https:\/\/www.suno.com.br\/noticias\/\",\"name\":\"Suno Not\u00edcias\",\"description\":\"Seu portal de informa\u00e7\u00e3o sobre o mundo dos investimentos\",\"publisher\":{\"@id\":\"https:\/\/www.suno.com.br\/noticias\/#organization\"},\"potentialAction\":[{\"@type\":\"SearchAction\",\"target\":{\"@type\":\"EntryPoint\",\"urlTemplate\":\"https:\/\/www.suno.com.br\/noticias\/?s={search_term_string}\"},\"query-input\":{\"@type\":\"PropertyValueSpecification\",\"valueRequired\":true,\"valueName\":\"search_term_string\"}}],\"inLanguage\":\"pt-BR\"},{\"@type\":\"Organization\",\"@id\":\"https:\/\/www.suno.com.br\/noticias\/#organization\",\"name\":\"Suno Not\u00edcias\",\"url\":\"https:\/\/www.suno.com.br\/noticias\/\",\"logo\":{\"@type\":\"ImageObject\",\"inLanguage\":\"pt-BR\",\"@id\":\"https:\/\/www.suno.com.br\/noticias\/#\/schema\/logo\/image\/\",\"url\":\"https:\/\/files.sunoresearch.com.br\/n\/uploads\/2021\/09\/suno-logo.png\",\"contentUrl\":\"https:\/\/files.sunoresearch.com.br\/n\/uploads\/2021\/09\/suno-logo.png\",\"width\":180,\"height\":180,\"caption\":\"Suno Not\u00edcias\"},\"image\":{\"@id\":\"https:\/\/www.suno.com.br\/noticias\/#\/schema\/logo\/image\/\"},\"sameAs\":[\"https:\/\/facebook.com\/sunoresearch\",\"https:\/\/x.com\/sunoresearch\",\"https:\/\/www.instagram.com\/suno\",\"https:\/\/www.linkedin.com\/company\/suno-research\/\",\"https:\/\/www.youtube.com\/c\/sunoresearch\"]},{\"@type\":\"Person\",\"@id\":\"https:\/\/www.suno.com.br\/noticias\/#\/schema\/person\/87fc6973867c52dd884811905c43afba\",\"name\":\"Jo\u00e3o Vitor\",\"image\":{\"@type\":\"ImageObject\",\"inLanguage\":\"pt-BR\",\"@id\":\"https:\/\/www.suno.com.br\/noticias\/#\/schema\/person\/image\/\",\"url\":\"https:\/\/secure.gravatar.com\/avatar\/2843227ca03ccf8cc7ccca45204c127e?s=96&r=g\",\"contentUrl\":\"https:\/\/secure.gravatar.com\/avatar\/2843227ca03ccf8cc7ccca45204c127e?s=96&r=g\",\"caption\":\"Jo\u00e3o Vitor\"},\"description\":\"Redator profissional, com atua\u00e7\u00e3o no mercado editorial na produ\u00e7\u00e3o de not\u00edcias e conte\u00fados sobre o mercado de a\u00e7\u00f5es, fundos imobili\u00e1rios e economia popular. Graduando em Engenharia Qu\u00edmica pela Unesp, tamb\u00e9m j\u00e1 atuou como consultor financeiro.\",\"url\":\"https:\/\/www.suno.com.br\/noticias\/author\/joao-vitor-jacintho\/\"}]}<\/script>\n<!-- \/ Yoast SEO plugin. -->","yoast_head_json":{"title":"Petrobras (PETR4) nomeia advogado para compor conselho; veja quem","description":"A Petrobras (PETR4) nomeou um advogado para compor o seu conselho de administra\u00e7\u00e3o. Veja qual \u00e9 o nome escolhido.","robots":{"index":"index","follow":"follow","max-snippet":"max-snippet:-1","max-image-preview":"max-image-preview:large","max-video-preview":"max-video-preview:-1"},"canonical":"https:\/\/www.suno.com.br\/noticias\/petrobras-petr4-advogado-conselho-de-administracao-jvj\/","og_locale":"pt_BR","og_type":"article","og_title":"Petrobras (PETR4) nomeia advogado para compor conselho; veja quem","og_description":"A Petrobras (PETR4) nomeou um advogado para compor o seu conselho de administra\u00e7\u00e3o. Veja qual \u00e9 o nome escolhido.","og_url":"https:\/\/www.suno.com.br\/noticias\/petrobras-petr4-advogado-conselho-de-administracao-jvj\/","og_site_name":"Suno Not\u00edcias","article_publisher":"https:\/\/facebook.com\/sunoresearch","og_image":[{"width":1200,"height":800,"url":"https:\/\/files.sunoresearch.com.br\/n\/uploads\/2023\/05\/petrobras-petr4-brsr6-agenda-dividendos-maio-2023.jpg","type":"image\/jpeg"}],"author":"Jo\u00e3o Vitor","twitter_card":"summary_large_image","twitter_creator":"@sunoresearch","twitter_site":"@sunoresearch","twitter_misc":{"Escrito por":"Jo\u00e3o Vitor","Est. tempo de leitura":"3 minutos"},"schema":{"@context":"https:\/\/schema.org","@graph":[{"@type":"NewsArticle","@id":"https:\/\/www.suno.com.br\/noticias\/petrobras-petr4-advogado-conselho-de-administracao-jvj\/#article","isPartOf":{"@id":"https:\/\/www.suno.com.br\/noticias\/petrobras-petr4-advogado-conselho-de-administracao-jvj\/"},"author":{"name":"Jo\u00e3o Vitor","@id":"https:\/\/www.suno.com.br\/noticias\/#\/schema\/person\/87fc6973867c52dd884811905c43afba"},"headline":"Petrobras (PETR4) nomeia advogado para compor conselho de administra\u00e7\u00e3o","datePublished":"2024-01-27T18:42:59+00:00","dateModified":"2024-01-27T18:43:22+00:00","mainEntityOfPage":{"@id":"https:\/\/www.suno.com.br\/noticias\/petrobras-petr4-advogado-conselho-de-administracao-jvj\/"},"wordCount":442,"publisher":{"@id":"https:\/\/www.suno.com.br\/noticias\/#organization"},"image":{"@id":"https:\/\/www.suno.com.br\/noticias\/petrobras-petr4-advogado-conselho-de-administracao-jvj\/#primaryimage"},"thumbnailUrl":"https:\/\/files.sunoresearch.com.br\/n\/uploads\/2023\/05\/petrobras-petr4-brsr6-agenda-dividendos-maio-2023.jpg","keywords":["Petrobras (PETR4)"],"articleSection":["Economia"],"inLanguage":"pt-BR"},{"@type":"WebPage","@id":"https:\/\/www.suno.com.br\/noticias\/petrobras-petr4-advogado-conselho-de-administracao-jvj\/","url":"https:\/\/www.suno.com.br\/noticias\/petrobras-petr4-advogado-conselho-de-administracao-jvj\/","name":"Petrobras (PETR4) nomeia advogado para compor conselho; veja quem","isPartOf":{"@id":"https:\/\/www.suno.com.br\/noticias\/#website"},"primaryImageOfPage":{"@id":"https:\/\/www.suno.com.br\/noticias\/petrobras-petr4-advogado-conselho-de-administracao-jvj\/#primaryimage"},"image":{"@id":"https:\/\/www.suno.com.br\/noticias\/petrobras-petr4-advogado-conselho-de-administracao-jvj\/#primaryimage"},"thumbnailUrl":"https:\/\/files.sunoresearch.com.br\/n\/uploads\/2023\/05\/petrobras-petr4-brsr6-agenda-dividendos-maio-2023.jpg","datePublished":"2024-01-27T18:42:59+00:00","dateModified":"2024-01-27T18:43:22+00:00","description":"A Petrobras (PETR4) nomeou um advogado para compor o seu conselho de administra\u00e7\u00e3o. Veja qual \u00e9 o nome escolhido.","breadcrumb":{"@id":"https:\/\/www.suno.com.br\/noticias\/petrobras-petr4-advogado-conselho-de-administracao-jvj\/#breadcrumb"},"inLanguage":"pt-BR","potentialAction":[{"@type":"ReadAction","target":["https:\/\/www.suno.com.br\/noticias\/petrobras-petr4-advogado-conselho-de-administracao-jvj\/"]}]},{"@type":"ImageObject","inLanguage":"pt-BR","@id":"https:\/\/www.suno.com.br\/noticias\/petrobras-petr4-advogado-conselho-de-administracao-jvj\/#primaryimage","url":"https:\/\/files.sunoresearch.com.br\/n\/uploads\/2023\/05\/petrobras-petr4-brsr6-agenda-dividendos-maio-2023.jpg","contentUrl":"https:\/\/files.sunoresearch.com.br\/n\/uploads\/2023\/05\/petrobras-petr4-brsr6-agenda-dividendos-maio-2023.jpg","width":1200,"height":800,"caption":"Petrobras (PETR4). Foto: Ag\u00eancia Brasil"},{"@type":"BreadcrumbList","@id":"https:\/\/www.suno.com.br\/noticias\/petrobras-petr4-advogado-conselho-de-administracao-jvj\/#breadcrumb","itemListElement":[{"@type":"ListItem","position":1,"name":"Not\u00edcias","item":"https:\/\/www.suno.com.br\/noticias\/"},{"@type":"ListItem","position":2,"name":"Economia","item":"https:\/\/www.suno.com.br\/noticias\/economia\/"},{"@type":"ListItem","position":3,"name":"Petrobras (PETR4) nomeia advogado para compor conselho de administra\u00e7\u00e3o"}]},{"@type":"WebSite","@id":"https:\/\/www.suno.com.br\/noticias\/#website","url":"https:\/\/www.suno.com.br\/noticias\/","name":"Suno Not\u00edcias","description":"Seu portal de informa\u00e7\u00e3o sobre o mundo dos investimentos","publisher":{"@id":"https:\/\/www.suno.com.br\/noticias\/#organization"},"potentialAction":[{"@type":"SearchAction","target":{"@type":"EntryPoint","urlTemplate":"https:\/\/www.suno.com.br\/noticias\/?s={search_term_string}"},"query-input":{"@type":"PropertyValueSpecification","valueRequired":true,"valueName":"search_term_string"}}],"inLanguage":"pt-BR"},{"@type":"Organization","@id":"https:\/\/www.suno.com.br\/noticias\/#organization","name":"Suno Not\u00edcias","url":"https:\/\/www.suno.com.br\/noticias\/","logo":{"@type":"ImageObject","inLanguage":"pt-BR","@id":"https:\/\/www.suno.com.br\/noticias\/#\/schema\/logo\/image\/","url":"https:\/\/files.sunoresearch.com.br\/n\/uploads\/2021\/09\/suno-logo.png","contentUrl":"https:\/\/files.sunoresearch.com.br\/n\/uploads\/2021\/09\/suno-logo.png","width":180,"height":180,"caption":"Suno Not\u00edcias"},"image":{"@id":"https:\/\/www.suno.com.br\/noticias\/#\/schema\/logo\/image\/"},"sameAs":["https:\/\/facebook.com\/sunoresearch","https:\/\/x.com\/sunoresearch","https:\/\/www.instagram.com\/suno","https:\/\/www.linkedin.com\/company\/suno-research\/","https:\/\/www.youtube.com\/c\/sunoresearch"]},{"@type":"Person","@id":"https:\/\/www.suno.com.br\/noticias\/#\/schema\/person\/87fc6973867c52dd884811905c43afba","name":"Jo\u00e3o Vitor","image":{"@type":"ImageObject","inLanguage":"pt-BR","@id":"https:\/\/www.suno.com.br\/noticias\/#\/schema\/person\/image\/","url":"https:\/\/secure.gravatar.com\/avatar\/2843227ca03ccf8cc7ccca45204c127e?s=96&r=g","contentUrl":"https:\/\/secure.gravatar.com\/avatar\/2843227ca03ccf8cc7ccca45204c127e?s=96&r=g","caption":"Jo\u00e3o Vitor"},"description":"Redator profissional, com atua\u00e7\u00e3o no mercado editorial na produ\u00e7\u00e3o de not\u00edcias e conte\u00fados sobre o mercado de a\u00e7\u00f5es, fundos imobili\u00e1rios e economia popular. Graduando em Engenharia Qu\u00edmica pela Unesp, tamb\u00e9m j\u00e1 atuou como consultor financeiro.","url":"https:\/\/www.suno.com.br\/noticias\/author\/joao-vitor-jacintho\/"}]}},"default_loop_html":"<div class=\"cardsPage__listCard__boxs\"><div class=\"cardsPage__listCard__boxs__img\"><a href=\"https:\/\/www.suno.com.br\/noticias\/petrobras-petr4-advogado-conselho-de-administracao-jvj\/\"><img class=\"mask\" src=\"https:\/\/www.suno.com.br\/noticias\/wp-content\/themes\/suno\/resources\/images\/spotlight\/spotlight1img\/bg-mask.png\" alt=\"Image Mask\"\/><img src=\"https:\/\/files.sunoresearch.com.br\/n\/uploads\/2023\/05\/petrobras-petr4-brsr6-agenda-dividendos-maio-2023-400x200.jpg\" alt=\"Petrobras (PETR4) nomeia advogado para compor conselho de administra\u00e7\u00e3o\"\/><\/a><span class=\"spotlightCategory\"><a href=\"https:\/\/www.suno.com.br\/noticias\/economia\/\">Economia<\/a><\/span><\/div><div class=\"cardsPage__listCard__boxs__content\"><a href=\"https:\/\/www.suno.com.br\/noticias\/petrobras-petr4-advogado-conselho-de-administracao-jvj\/\"><h2 class=\"content__title\">Petrobras (PETR4) nomeia advogado para compor conselho de administra\u00e7\u00e3o<\/h2><\/a><div class=\"newsContent__article__meta\"><div class=\"newsContent__article__meta__authorBox\"><a href=\"https:\/\/www.suno.com.br\/noticias\/author\/joao-vitor-jacintho\/\" class=\"authorBox__avatar noMobi\"><img src=\"https:\/\/secure.gravatar.com\/avatar\/2843227ca03ccf8cc7ccca45204c127e?s=96&#038;r=g\" alt=\"Jo\u00e3o Vitor Jacintho\"><\/a><div class=\"authorBox__name\"><span>por\n\t\t\t<a href=\"https:\/\/www.suno.com.br\/noticias\/author\/joao-vitor-jacintho\/\"><span itemprop=\"author\">Jo\u00e3o Vitor Jacintho<\/span><\/a><\/span><time datetime=\"2024-01-27T15:42:59-03:00\" itemprop=\"datePublished\">27\/01\/2024 15:42<\/time><\/div><\/div><\/div><\/div><\/div>","single_layout":"posts","amp_enabled":true,"_links":{"self":[{"href":"https:\/\/www.suno.com.br\/noticias\/wp-json\/wp\/v2\/posts\/516596"}],"collection":[{"href":"https:\/\/www.suno.com.br\/noticias\/wp-json\/wp\/v2\/posts"}],"about":[{"href":"https:\/\/www.suno.com.br\/noticias\/wp-json\/wp\/v2\/types\/post"}],"author":[{"embeddable":true,"href":"https:\/\/www.suno.com.br\/noticias\/wp-json\/wp\/v2\/users\/173"}],"replies":[{"embeddable":true,"href":"https:\/\/www.suno.com.br\/noticias\/wp-json\/wp\/v2\/comments?post=516596"}],"version-history":[{"count":3,"href":"https:\/\/www.suno.com.br\/noticias\/wp-json\/wp\/v2\/posts\/516596\/revisions"}],"predecessor-version":[{"id":516768,"href":"https:\/\/www.suno.com.br\/noticias\/wp-json\/wp\/v2\/posts\/516596\/revisions\/516768"}],"wp:featuredmedia":[{"embeddable":true,"href":"https:\/\/www.suno.com.br\/noticias\/wp-json\/wp\/v2\/media\/406706"}],"wp:attachment":[{"href":"https:\/\/www.suno.com.br\/noticias\/wp-json\/wp\/v2\/media?parent=516596"}],"wp:term":[{"taxonomy":"category","embeddable":true,"href":"https:\/\/www.suno.com.br\/noticias\/wp-json\/wp\/v2\/categories?post=516596"},{"taxonomy":"post_tag","embeddable":true,"href":"https:\/\/www.suno.com.br\/noticias\/wp-json\/wp\/v2\/tags?post=516596"},{"taxonomy":"suno_strategy","embeddable":true,"href":"https:\/\/www.suno.com.br\/noticias\/wp-json\/wp\/v2\/suno_strategy?post=516596"}],"curies":[{"name":"wp","href":"https:\/\/api.w.org\/{rel}","templated":true}]}}