{"id":516563,"date":"2024-01-26T18:58:21","date_gmt":"2024-01-26T21:58:21","guid":{"rendered":"https:\/\/www.suno.com.br\/noticias\/?p=516563"},"modified":"2024-01-26T18:59:07","modified_gmt":"2024-01-26T21:59:07","slug":"economistas-anbima-selic-elevam-projecao-pib-va","status":"publish","type":"post","link":"https:\/\/www.suno.com.br\/noticias\/economistas-anbima-selic-elevam-projecao-pib-va\/","title":{"rendered":"Economistas da Anbima revisam proje\u00e7\u00f5es da Selic, d\u00f3lar e PIB em 2024"},"content":{"rendered":"<p>O Grupo Consultivo Macroecon\u00f4mico da Anbima (Associa\u00e7\u00e3o Brasileira das Entidades dos Mercados Financeiro e de Capitais) reduziu a proje\u00e7\u00e3o da <strong>Selic<\/strong> para 2024. Segundo economistas, a taxa de juros do pa\u00eds deve encerrar o ano em 9,25% &#8211; antes a proje\u00e7\u00e3o era de 9,5%.<\/p>\t<div class=\"wrapper-featured-image\">\n\t\t<figure class=\"spotlightImg\">\n\n\t\t\t<picture>\n\t\t\t\t<source media=\"(max-width: 768px)\" srcset=\"https:\/\/files.sunoresearch.com.br\/n\/uploads\/2021\/12\/pexels-lorenzo-241544-400x200.jpg\">\n\t\t\t\t<img loading=\"lazy\" decoding=\"async\" class=\"newsContent__article__imgCapa lazyloadDisabled \" src=\"https:\/\/files.sunoresearch.com.br\/n\/uploads\/2021\/12\/pexels-lorenzo-241544-800x450.jpg\" width=\"800\" height=\"450\" alt=\"Economistas da Anbima revisam proje\u00e7\u00f5es da Selic, d\u00f3lar e PIB em 2024\" fetchpriority=high \/>\n\t\t\t<\/picture>\n\n\t\t\t<figcaption class=\"wp-caption-text wp-caption-text--show\">Selic- Foto: Pexels.<\/figcaption>\n\t\t<\/figure>\n\t<\/div>\n\n\n\n\n\n\t<p>\n\t\t<a href=\"\" target=\"_blank\" data-element=\"shortcode-suno-banner\" title=\"Banner SUNO, clique e saiba mais\">\n\t\t\t<picture>\n\t\t\t\t<source media=\"(max-width: 500px)\" srcset=\"\">\n\t\t\t\t<img class=\"newsContent__article__imgCapa newsContent__article__imgCapa--banner\"\n\t\t\t\t\tsrc=\"\"\n\t\t\t\t\tdata-promo-id=\"240038\"\t\t\t\t\t\t\t\t\t\t\t\t\t\t\talt=\"\"\n\t\t\t\t>\n\t\t\t<\/picture>\n\t\t<\/a>\n\t<\/p>\n\n\n\n\n\n<p>De acordo com a <strong>Anbima<\/strong>, o ritmo de <strong>queda da Selic<\/strong> est\u00e1 previsto em 0,50 pontos percentuais a cada <a class=\"suno-keyword\" data-force=\"no\" data-priority=\"2\" href=\"https:\/\/www.suno.com.br\/artigos\/copom\/\" target=\"_blank\" rel=\"noopener\">reuni\u00e3o do Copom<\/a> (Comit\u00ea de <a class=\"suno-keyword\" data-force=\"no\" data-priority=\"1\" href=\"https:\/\/www.suno.com.br\/artigos\/politica-monetaria\/\" target=\"_blank\" rel=\"noopener\">Pol\u00edtica Monet\u00e1ria<\/a>) e deve prosseguir at\u00e9 agosto, com a <a class=\"suno-keyword\" data-force=\"no\" data-priority=\"1\" href=\"https:\/\/www.suno.com.br\/artigos\/taxa-de-juros\/\" target=\"_blank\" rel=\"noopener\">taxa b\u00e1sica de juros<\/a> se mantendo nesse patamar at\u00e9 dezembro.\u00a0<\/p>\n\n\n\n<p>A previs\u00e3o para o \u00cdndice Nacional de Pre\u00e7os ao Consumidor Amplo (<strong>IPCA<\/strong>) de 2024 tamb\u00e9m diminuiu, de 3,9% para 3,8%.<\/p>\n\n\n\n<p>\u201cO cen\u00e1rio para a infla\u00e7\u00e3o neste in\u00edcio de ano \u00e9 construtivo, com destaque para os pre\u00e7os dos alimentos, que devem impactar menos o IPCA do que em anos anteriores e, assim, abrir espa\u00e7o para o <strong>Banco Central<\/strong> manter o ritmo de cortes nas pr\u00f3ximas reuni\u00f5es do colegiado. Ou at\u00e9 reduzir ainda mais o ponto terminal dos juros se a infla\u00e7\u00e3o e os n\u00facleos permanecerem em uma trajet\u00f3ria confort\u00e1vel\u201d, afirma Fernando Honorato, coordenador do Grupo.<\/p>\n\n\n\n<p>Quanto ao <strong>PIB<\/strong>, a previs\u00e3o de crescimento neste ano subiu de 1,6% para 1,7%. A avalia\u00e7\u00e3o \u00e9 de que a atividade econ\u00f4mica pode surpreender positivamente, sobretudo devido \u00e0 demanda dom\u00e9stica, com o aumento da renda das fam\u00edlias.<\/p>\n\n\n\n<p>No c\u00e2mbio, a <strong>proje\u00e7\u00e3o para o d\u00f3lar<\/strong> ao final deste ano recuou de R$ 5,00 para R$ 4,90. Em rela\u00e7\u00e3o ao corte de juros norte-americano, a maior parte dos economistas das casas estrangeiras avalia que o banco central norte-americano pode diminuir a taxa at\u00e9 julho.\u00a0<\/p>\n\n\n\n<p>Por fim, o <a class=\"suno-keyword\" target=\"_blank\" data-force=\"no\" data-priority=\"1\" href=\"https:\/\/www.suno.com.br\/artigos\/deficit-primario\/\" rel=\"noopener\">d\u00e9ficit prim\u00e1rio<\/a> foi mantido em 0,80% do PIB. J\u00e1 a previs\u00e3o para a <a class=\"suno-keyword\" target=\"_blank\" data-force=\"no\" data-priority=\"1\" href=\"https:\/\/www.suno.com.br\/artigos\/divida-bruta\/\" rel=\"noopener\">d\u00edvida bruta<\/a> do setor p\u00fablico passou de 78,6% do PIB para 78% ao final de 2024.<\/p>\n\n\n\n<h2 class=\"wp-block-heading\">Selic: Bradesco Asset revisa previs\u00e3o da taxa de juros para o fim do ano<\/h2>\n\n\n\n<p>A Bradesco Asset Management passou a projetar um ciclo cont\u00ednuo na redu\u00e7\u00e3o da&nbsp;<strong>Selic,<\/strong>&nbsp;ao inv\u00e9s de um ciclo em duas etapas, levando em conta a aproxima\u00e7\u00e3o do primeiro corte de juros nos Estados Unidos, previsto agora pela casa para junho e n\u00e3o mais novembro.<\/p>\n\n\n\n<p>A avalia\u00e7\u00e3o \u00e9 de que o movimento do Federal Reserve (Fed, o banco central americano) deve remover uma potencial restri\u00e7\u00e3o \u00e0\u00a0<strong>trajet\u00f3ria da Selic<\/strong>. Assim, a<strong>\u00a0gestora do Bradesco<\/strong>\u00a0ainda prev\u00ea redu\u00e7\u00e3o da Selic at\u00e9 a taxa terminal de 8,50%, por\u00e9m com esta taxa j\u00e1 sendo alcan\u00e7ada em novembro, quando, espera, o ciclo ser\u00e1 fechado pelo\u00a0Banco Central\u00a0(<strong>BC<\/strong>).<\/p>\n\n\n\n<p>Antes, a aposta era de que a flexibiliza\u00e7\u00e3o monet\u00e1ria se daria em duas etapas, com a&nbsp;<strong>taxa Selic<\/strong>&nbsp;caindo para 9,5% ao fim deste ano, e recuando, numa segunda etapa, para 8,5% apenas em 2025, na esteira do relaxamento dos juros nos Estados Unidos.<\/p>\n\n\n\n<p>A observa\u00e7\u00e3o faz parte de um relat\u00f3rio de revis\u00e3o de cen\u00e1rio no qual a Bradesco Asset tamb\u00e9m rev\u00ea o crescimento do&nbsp;<a target=\"_blank\" href=\"https:\/\/www.suno.com.br\/artigos\/pib-produto-interno-bruto\/\" rel=\"noreferrer noopener\">Produto Interno Bruto (PIB)<\/a>&nbsp;em 2024: de 1,5% para 1,7%, saindo de 2,8% do ano passado.<\/p>\n\n\n\n<p>Conforme a gestora, o processo de normaliza\u00e7\u00e3o da&nbsp;<strong>infla\u00e7\u00e3o<\/strong>, assim como no exterior, foi consolidado no Brasil, de modo que o IPCA deve fechar 2024 em 4%, ap\u00f3s marcar 4,6% em 2023. A expectativa \u00e9 de que o aumento da infla\u00e7\u00e3o de alimentos ser\u00e1 amortecido pela continuidade da baixa infla\u00e7\u00e3o dos bens e desinfla\u00e7\u00e3o dos pre\u00e7os servi\u00e7os.<\/p>\n\n\n\t<p>\n\t\t<a href=\"https:\/\/lp.suno.com.br\/ebook-gratuito-investindo-no-exterior\/\" target=\"_blank\" data-element=\"shortcode-suno-banner\" title=\"Banner SUNO, clique e saiba mais\">\n\t\t\t<picture>\n\t\t\t\t<source media=\"(max-width: 500px)\" srcset=\"https:\/\/files.sunoresearch.com.br\/n\/uploads\/2023\/03\/400x300-Investindo-no-exterior.png\">\n\t\t\t\t<img class=\"newsContent__article__imgCapa newsContent__article__imgCapa--banner\"\n\t\t\t\t\tsrc=\"https:\/\/files.sunoresearch.com.br\/n\/uploads\/2023\/03\/1420x240-Investindo-no-exterior.png\"\n\t\t\t\t\tdata-promo-id=\"383161\"\t\t\t\t\t\t\t\t\t\twidth='1420' height='240'\t\t\t\t\talt=\"https:\/\/files.sunoresearch.com.br\/n\/uploads\/2023\/03\/1420x240-Investindo-no-exterior.png\"\n\t\t\t\t>\n\t\t\t<\/picture>\n\t\t<\/a>\n\t<\/p>\n\n\n\n\n\n<p>O cen\u00e1rio leva em conta ainda uma mudan\u00e7a da meta de d\u00e9ficit zero para um objetivo de&nbsp;<a target=\"_blank\" href=\"https:\/\/www.suno.com.br\/artigos\/deficit-primario\/\" rel=\"noreferrer noopener\">d\u00e9ficit prim\u00e1rio<\/a>&nbsp;de 0,75% do PIB, com manuten\u00e7\u00e3o da margem de toler\u00e2ncia de 0,25 ponto porcentual. \u201cA possibilidade de revis\u00e3o da meta de resultado prim\u00e1rio para 2024 e anos seguintes seguir\u00e1 presente. O resultado prim\u00e1rio seguir\u00e1 no terreno deficit\u00e1rio no horizonte previs\u00edvel\u201d, prev\u00ea a Bradesco Asset. A proje\u00e7\u00e3o \u00e9 de <a class=\"suno-keyword\" target=\"_blank\" data-force=\"no\" data-priority=\"1\" href=\"https:\/\/www.suno.com.br\/artigos\/deficit-primario\/\" rel=\"noopener\">d\u00e9ficit prim\u00e1rio<\/a> equivalente a 0,6% do PIB em 2024.<\/p>\n\n\n\n<p>Apesar disso, a gestora n\u00e3o v\u00ea grande varia\u00e7\u00e3o em termos reais dos gastos do governo, o que, junto com a acomoda\u00e7\u00e3o da produ\u00e7\u00e3o do setor agropecu\u00e1rio, deve tirar for\u00e7a da atividade.<\/p>\n\n\n\n<p>Em paralelo \u00e0 trajet\u00f3ria da Selic, observa, o Fed deve come\u00e7ar a reduzir antes do que era previsto o aperto da&nbsp;<a href=\"https:\/\/www.suno.com.br\/artigos\/politica-monetaria\/\" target=\"_blank\" rel=\"noreferrer noopener\">pol\u00edtica monet\u00e1ria<\/a>&nbsp;nos Estados Unidos, levando a taxa de juros do pa\u00eds para 4,25% at\u00e9 o fim do ano, abaixo dos 5% previstos anteriormente. A come\u00e7ar por uma redu\u00e7\u00e3o de 25 pontos-base em junho, a expectativa \u00e9 de um corte total de 125 pontos-base dos&nbsp;<a href=\"https:\/\/www.suno.com.br\/artigos\/fed-funds\/\" target=\"_blank\" rel=\"noreferrer noopener\">Fed Funds<\/a>, dada a preocupa\u00e7\u00e3o do Fed com a desacelera\u00e7\u00e3o da atividade e o desaquecimento do mercado de trabalho.<\/p>\n\n\n\n<h2 class=\"wp-block-heading\">Copom reduz Selic para 11,75% ao ano<\/h2>\n\n\n\n<p>Em dezembro, o Comit\u00ea de Pol\u00edtica Monet\u00e1ria (<strong>Copom<\/strong>), do Banco Central, anunciou a quarta redu\u00e7\u00e3o consecutiva da Selic. A taxa, com corte de 0,5 p.p divulgado hoje, ficou em 11,75%. Foi a oitava e \u00faltima reuni\u00e3o do ano do comit\u00ea do BC. A diminui\u00e7\u00e3o dos juros era aguardada de forma consensual pelo mercado. A decis\u00e3o foi un\u00e2nime. Os membros do Copom anteveem cortes da mesma magnitude nas pr\u00f3ximas reuni\u00f5es.<\/p>\n\n\n\n<p>Conforme pesquisa do Proje\u00e7\u00f5es Broadcast, todas as 57&nbsp;<a href=\"https:\/\/www.suno.com.br\/artigos\/instituicoes-financeiras\/\" target=\"_blank\" rel=\"noreferrer noopener\">institui\u00e7\u00f5es financeiras<\/a>&nbsp;consultadas acreditavam que o Copom manteria o plano de voo com novo&nbsp;<strong>corte de 0,50 ponto na Selic<\/strong>. Para 51 delas (89%), o colegiado seguir\u00e1 nesse ritmo nas duas primeiras reuni\u00f5es de 2024, enquanto tr\u00eas preveem acelera\u00e7\u00e3o do ritmo de baixa a 0,75 ponto em janeiro e outras duas apostam nesse movimento na reuni\u00e3o de mar\u00e7o.<\/p>\n\n\n\n<p>O comportamento dos pre\u00e7os fez o Banco Central (BC) cortar os juros pela quarta vez seguida.<\/p>\n\n\n\n<p>Na reuni\u00e3o sobre a <strong>Selic<\/strong>, o colegiado disse que \u201cessa decis\u00e3o \u00e9 compat\u00edvel com a estrat\u00e9gia de converg\u00eancia da infla\u00e7\u00e3o para o redor da meta ao longo do horizonte relevante, que inclui o ano de 2024 e o de 2025\u201d.<\/p>\n\n\n\n\t<div data-element=\"shortcode-read-more\" class=\"readToo\">\n\t\t\t\t<span class=\"readToo__title\">Leia mais<\/span>\n\t\t\t\t<ul class=\"readToo__list\">\n\t\t\t<li><a href=\"https:\/\/www.suno.com.br\/noticias\/news-agenda-balancos-bpan4-brbi11-4t23-cpf\/\">Santander (SANB11), Banco Pan (BPAN4) e BR Partners (BRBI11) abrem a temporada de balan\u00e7os do 4\u00ba trimestre de 2023<\/a><\/li><li><a href=\"https:\/\/www.suno.com.br\/noticias\/selic-balancos-varejo-gpj\/\">Selic e temporada de balan\u00e7os no radar: o que o esperar para o varejo nos pr\u00f3ximos meses?<\/a><\/li>\t\t<\/ul>\n\t<\/div>\n\n\n\n\n\n\t<p>\n\t\t<a href=\"https:\/\/lp.suno.com.br\/planilha-da-vida-financeira\/\" target=\"_blank\" data-element=\"shortcode-suno-banner\" title=\"Banner SUNO, clique e saiba mais\">\n\t\t\t<picture>\n\t\t\t\t<source media=\"(max-width: 500px)\" srcset=\"https:\/\/files.sunoresearch.com.br\/n\/uploads\/2023\/04\/400x300-Planilha-vida-financeira-true.png\">\n\t\t\t\t<img class=\"newsContent__article__imgCapa newsContent__article__imgCapa--banner\"\n\t\t\t\t\tsrc=\"https:\/\/files.sunoresearch.com.br\/n\/uploads\/2023\/04\/1420x240-Planilha-vida-financeira-true.png\"\n\t\t\t\t\tdata-promo-id=\"383123\"\t\t\t\t\t\t\t\t\t\twidth='1420' height='240'\t\t\t\t\talt=\"https:\/\/files.sunoresearch.com.br\/n\/uploads\/2023\/04\/1420x240-Planilha-vida-financeira-true.png\"\n\t\t\t\t>\n\t\t\t<\/picture>\n\t\t<\/a>\n\t<\/p>\n\n\n","protected":false},"excerpt":{"rendered":"<p>O Grupo Consultivo Macroecon\u00f4mico da Anbima (Associa\u00e7\u00e3o Brasileira das Entidades dos Mercados Financeiro e de Capitais) reduziu a proje\u00e7\u00e3o da Selic para 2024. Segundo economistas, a taxa de juros do pa\u00eds deve encerrar o ano em 9,25% &#8211; antes a proje\u00e7\u00e3o era de 9,5%. Selic- Foto: Pexels. De acordo com a Anbima, o ritmo de [&hellip;]<\/p>\n","protected":false},"author":301,"featured_media":213182,"comment_status":"closed","ping_status":"closed","sticky":false,"template":"","format":"standard","meta":[],"categories":[62],"tags":[1544,326,807,1752,290],"suno_strategy":[],"class_list":["post-516563","post","type-post","status-publish","format-standard","has-post-thumbnail","hentry","category-economia","tag-anbima","tag-dolar","tag-produto-interno-bruto-pib","tag-taxa-de-juros","tag-taxa-selic"],"yoast_head":"<!-- This site is optimized with the Yoast SEO plugin v24.4 - https:\/\/yoast.com\/wordpress\/plugins\/seo\/ -->\n<title>Selic: economistas da Anbima revisam proje\u00e7\u00f5es da taxa de juros em 2024<\/title>\n<meta name=\"description\" content=\"O Grupo Consultivo Macroecon\u00f4mico da Anbima reduziu a proje\u00e7\u00e3o da Selic para 2024. Segundo economistas, a Selic deve encerrar o ano em 9,25%.\" \/>\n<meta name=\"robots\" content=\"index, follow, max-snippet:-1, max-image-preview:large, max-video-preview:-1\" \/>\n<link rel=\"canonical\" href=\"https:\/\/www.suno.com.br\/noticias\/economistas-anbima-selic-elevam-projecao-pib-va\/\" \/>\n<meta property=\"og:locale\" content=\"pt_BR\" \/>\n<meta property=\"og:type\" content=\"article\" \/>\n<meta property=\"og:title\" content=\"Selic: economistas da Anbima revisam proje\u00e7\u00f5es da taxa de juros em 2024\" \/>\n<meta property=\"og:description\" content=\"O Grupo Consultivo Macroecon\u00f4mico da Anbima reduziu a proje\u00e7\u00e3o da Selic para 2024. Segundo economistas, a Selic deve encerrar o ano em 9,25%.\" \/>\n<meta property=\"og:url\" content=\"https:\/\/www.suno.com.br\/noticias\/economistas-anbima-selic-elevam-projecao-pib-va\/\" \/>\n<meta property=\"og:site_name\" content=\"Suno Not\u00edcias\" \/>\n<meta property=\"article:publisher\" content=\"https:\/\/facebook.com\/sunoresearch\" \/>\n<meta property=\"og:image\" content=\"https:\/\/files.sunoresearch.com.br\/n\/uploads\/2021\/12\/pexels-lorenzo-241544-scaled.jpg\" \/>\n\t<meta property=\"og:image:width\" content=\"2560\" \/>\n\t<meta property=\"og:image:height\" content=\"1707\" \/>\n\t<meta property=\"og:image:type\" content=\"image\/jpeg\" \/>\n<meta name=\"author\" content=\"Vin\u00edcius Alves\" \/>\n<meta name=\"twitter:card\" content=\"summary_large_image\" \/>\n<meta name=\"twitter:creator\" content=\"@sunoresearch\" \/>\n<meta name=\"twitter:site\" content=\"@sunoresearch\" \/>\n<meta name=\"twitter:label1\" content=\"Escrito por\" \/>\n\t<meta name=\"twitter:data1\" content=\"Vin\u00edcius Alves\" \/>\n\t<meta name=\"twitter:label2\" content=\"Est. tempo de leitura\" \/>\n\t<meta name=\"twitter:data2\" content=\"6 minutos\" \/>\n<script type=\"application\/ld+json\" class=\"yoast-schema-graph\">{\"@context\":\"https:\/\/schema.org\",\"@graph\":[{\"@type\":\"NewsArticle\",\"@id\":\"https:\/\/www.suno.com.br\/noticias\/economistas-anbima-selic-elevam-projecao-pib-va\/#article\",\"isPartOf\":{\"@id\":\"https:\/\/www.suno.com.br\/noticias\/economistas-anbima-selic-elevam-projecao-pib-va\/\"},\"author\":{\"name\":\"Vin\u00edcius Alves\",\"@id\":\"https:\/\/www.suno.com.br\/noticias\/#\/schema\/person\/4a180549702d0e236b3e420862bcded3\"},\"headline\":\"Economistas da Anbima revisam proje\u00e7\u00f5es da Selic, d\u00f3lar e PIB em 2024\",\"datePublished\":\"2024-01-26T21:58:21+00:00\",\"dateModified\":\"2024-01-26T21:59:07+00:00\",\"mainEntityOfPage\":{\"@id\":\"https:\/\/www.suno.com.br\/noticias\/economistas-anbima-selic-elevam-projecao-pib-va\/\"},\"wordCount\":1039,\"publisher\":{\"@id\":\"https:\/\/www.suno.com.br\/noticias\/#organization\"},\"image\":{\"@id\":\"https:\/\/www.suno.com.br\/noticias\/economistas-anbima-selic-elevam-projecao-pib-va\/#primaryimage\"},\"thumbnailUrl\":\"https:\/\/files.sunoresearch.com.br\/n\/uploads\/2021\/12\/pexels-lorenzo-241544-scaled.jpg\",\"keywords\":[\"Anbima\",\"d\u00f3lar\",\"Produto Interno Bruto (PIB)\",\"taxa de juros\",\"Taxa Selic\"],\"articleSection\":[\"Economia\"],\"inLanguage\":\"pt-BR\"},{\"@type\":\"WebPage\",\"@id\":\"https:\/\/www.suno.com.br\/noticias\/economistas-anbima-selic-elevam-projecao-pib-va\/\",\"url\":\"https:\/\/www.suno.com.br\/noticias\/economistas-anbima-selic-elevam-projecao-pib-va\/\",\"name\":\"Selic: economistas da Anbima revisam proje\u00e7\u00f5es da taxa de juros em 2024\",\"isPartOf\":{\"@id\":\"https:\/\/www.suno.com.br\/noticias\/#website\"},\"primaryImageOfPage\":{\"@id\":\"https:\/\/www.suno.com.br\/noticias\/economistas-anbima-selic-elevam-projecao-pib-va\/#primaryimage\"},\"image\":{\"@id\":\"https:\/\/www.suno.com.br\/noticias\/economistas-anbima-selic-elevam-projecao-pib-va\/#primaryimage\"},\"thumbnailUrl\":\"https:\/\/files.sunoresearch.com.br\/n\/uploads\/2021\/12\/pexels-lorenzo-241544-scaled.jpg\",\"datePublished\":\"2024-01-26T21:58:21+00:00\",\"dateModified\":\"2024-01-26T21:59:07+00:00\",\"description\":\"O Grupo Consultivo Macroecon\u00f4mico da Anbima reduziu a proje\u00e7\u00e3o da Selic para 2024. Segundo economistas, a Selic deve encerrar o ano em 9,25%.\",\"breadcrumb\":{\"@id\":\"https:\/\/www.suno.com.br\/noticias\/economistas-anbima-selic-elevam-projecao-pib-va\/#breadcrumb\"},\"inLanguage\":\"pt-BR\",\"potentialAction\":[{\"@type\":\"ReadAction\",\"target\":[\"https:\/\/www.suno.com.br\/noticias\/economistas-anbima-selic-elevam-projecao-pib-va\/\"]}]},{\"@type\":\"ImageObject\",\"inLanguage\":\"pt-BR\",\"@id\":\"https:\/\/www.suno.com.br\/noticias\/economistas-anbima-selic-elevam-projecao-pib-va\/#primaryimage\",\"url\":\"https:\/\/files.sunoresearch.com.br\/n\/uploads\/2021\/12\/pexels-lorenzo-241544-scaled.jpg\",\"contentUrl\":\"https:\/\/files.sunoresearch.com.br\/n\/uploads\/2021\/12\/pexels-lorenzo-241544-scaled.jpg\",\"width\":2560,\"height\":1707,\"caption\":\"Selic- Foto: Pexels.\"},{\"@type\":\"BreadcrumbList\",\"@id\":\"https:\/\/www.suno.com.br\/noticias\/economistas-anbima-selic-elevam-projecao-pib-va\/#breadcrumb\",\"itemListElement\":[{\"@type\":\"ListItem\",\"position\":1,\"name\":\"Not\u00edcias\",\"item\":\"https:\/\/www.suno.com.br\/noticias\/\"},{\"@type\":\"ListItem\",\"position\":2,\"name\":\"Economia\",\"item\":\"https:\/\/www.suno.com.br\/noticias\/economia\/\"},{\"@type\":\"ListItem\",\"position\":3,\"name\":\"Economistas da Anbima revisam proje\u00e7\u00f5es da Selic, d\u00f3lar e PIB em 2024\"}]},{\"@type\":\"WebSite\",\"@id\":\"https:\/\/www.suno.com.br\/noticias\/#website\",\"url\":\"https:\/\/www.suno.com.br\/noticias\/\",\"name\":\"Suno Not\u00edcias\",\"description\":\"Seu portal de informa\u00e7\u00e3o sobre o mundo dos investimentos\",\"publisher\":{\"@id\":\"https:\/\/www.suno.com.br\/noticias\/#organization\"},\"potentialAction\":[{\"@type\":\"SearchAction\",\"target\":{\"@type\":\"EntryPoint\",\"urlTemplate\":\"https:\/\/www.suno.com.br\/noticias\/?s={search_term_string}\"},\"query-input\":{\"@type\":\"PropertyValueSpecification\",\"valueRequired\":true,\"valueName\":\"search_term_string\"}}],\"inLanguage\":\"pt-BR\"},{\"@type\":\"Organization\",\"@id\":\"https:\/\/www.suno.com.br\/noticias\/#organization\",\"name\":\"Suno Not\u00edcias\",\"url\":\"https:\/\/www.suno.com.br\/noticias\/\",\"logo\":{\"@type\":\"ImageObject\",\"inLanguage\":\"pt-BR\",\"@id\":\"https:\/\/www.suno.com.br\/noticias\/#\/schema\/logo\/image\/\",\"url\":\"https:\/\/files.sunoresearch.com.br\/n\/uploads\/2021\/09\/suno-logo.png\",\"contentUrl\":\"https:\/\/files.sunoresearch.com.br\/n\/uploads\/2021\/09\/suno-logo.png\",\"width\":180,\"height\":180,\"caption\":\"Suno Not\u00edcias\"},\"image\":{\"@id\":\"https:\/\/www.suno.com.br\/noticias\/#\/schema\/logo\/image\/\"},\"sameAs\":[\"https:\/\/facebook.com\/sunoresearch\",\"https:\/\/x.com\/sunoresearch\",\"https:\/\/www.instagram.com\/suno\",\"https:\/\/www.linkedin.com\/company\/suno-research\/\",\"https:\/\/www.youtube.com\/c\/sunoresearch\"]},{\"@type\":\"Person\",\"@id\":\"https:\/\/www.suno.com.br\/noticias\/#\/schema\/person\/4a180549702d0e236b3e420862bcded3\",\"name\":\"Vin\u00edcius Alves\",\"image\":{\"@type\":\"ImageObject\",\"inLanguage\":\"pt-BR\",\"@id\":\"https:\/\/www.suno.com.br\/noticias\/#\/schema\/person\/image\/\",\"url\":\"https:\/\/secure.gravatar.com\/avatar\/a95b7fe6d1b813f7907d4f476d5a39e1?s=96&r=g\",\"contentUrl\":\"https:\/\/secure.gravatar.com\/avatar\/a95b7fe6d1b813f7907d4f476d5a39e1?s=96&r=g\",\"caption\":\"Vin\u00edcius Alves\"},\"description\":\"Jornalista formado na Faculdade C\u00e1sper L\u00edbero. Com passagens pela Ag\u00eancia Estado, InfoMoney e Editora Globo.\",\"url\":\"https:\/\/www.suno.com.br\/noticias\/author\/vini08correiagmail-com\/\"}]}<\/script>\n<!-- \/ Yoast SEO plugin. -->","yoast_head_json":{"title":"Selic: economistas da Anbima revisam proje\u00e7\u00f5es da taxa de juros em 2024","description":"O Grupo Consultivo Macroecon\u00f4mico da Anbima reduziu a proje\u00e7\u00e3o da Selic para 2024. Segundo economistas, a Selic deve encerrar o ano em 9,25%.","robots":{"index":"index","follow":"follow","max-snippet":"max-snippet:-1","max-image-preview":"max-image-preview:large","max-video-preview":"max-video-preview:-1"},"canonical":"https:\/\/www.suno.com.br\/noticias\/economistas-anbima-selic-elevam-projecao-pib-va\/","og_locale":"pt_BR","og_type":"article","og_title":"Selic: economistas da Anbima revisam proje\u00e7\u00f5es da taxa de juros em 2024","og_description":"O Grupo Consultivo Macroecon\u00f4mico da Anbima reduziu a proje\u00e7\u00e3o da Selic para 2024. Segundo economistas, a Selic deve encerrar o ano em 9,25%.","og_url":"https:\/\/www.suno.com.br\/noticias\/economistas-anbima-selic-elevam-projecao-pib-va\/","og_site_name":"Suno Not\u00edcias","article_publisher":"https:\/\/facebook.com\/sunoresearch","og_image":[{"width":2560,"height":1707,"url":"https:\/\/files.sunoresearch.com.br\/n\/uploads\/2021\/12\/pexels-lorenzo-241544-scaled.jpg","type":"image\/jpeg"}],"author":"Vin\u00edcius Alves","twitter_card":"summary_large_image","twitter_creator":"@sunoresearch","twitter_site":"@sunoresearch","twitter_misc":{"Escrito por":"Vin\u00edcius Alves","Est. tempo de leitura":"6 minutos"},"schema":{"@context":"https:\/\/schema.org","@graph":[{"@type":"NewsArticle","@id":"https:\/\/www.suno.com.br\/noticias\/economistas-anbima-selic-elevam-projecao-pib-va\/#article","isPartOf":{"@id":"https:\/\/www.suno.com.br\/noticias\/economistas-anbima-selic-elevam-projecao-pib-va\/"},"author":{"name":"Vin\u00edcius Alves","@id":"https:\/\/www.suno.com.br\/noticias\/#\/schema\/person\/4a180549702d0e236b3e420862bcded3"},"headline":"Economistas da Anbima revisam proje\u00e7\u00f5es da Selic, d\u00f3lar e PIB em 2024","datePublished":"2024-01-26T21:58:21+00:00","dateModified":"2024-01-26T21:59:07+00:00","mainEntityOfPage":{"@id":"https:\/\/www.suno.com.br\/noticias\/economistas-anbima-selic-elevam-projecao-pib-va\/"},"wordCount":1039,"publisher":{"@id":"https:\/\/www.suno.com.br\/noticias\/#organization"},"image":{"@id":"https:\/\/www.suno.com.br\/noticias\/economistas-anbima-selic-elevam-projecao-pib-va\/#primaryimage"},"thumbnailUrl":"https:\/\/files.sunoresearch.com.br\/n\/uploads\/2021\/12\/pexels-lorenzo-241544-scaled.jpg","keywords":["Anbima","d\u00f3lar","Produto Interno Bruto (PIB)","taxa de juros","Taxa Selic"],"articleSection":["Economia"],"inLanguage":"pt-BR"},{"@type":"WebPage","@id":"https:\/\/www.suno.com.br\/noticias\/economistas-anbima-selic-elevam-projecao-pib-va\/","url":"https:\/\/www.suno.com.br\/noticias\/economistas-anbima-selic-elevam-projecao-pib-va\/","name":"Selic: economistas da Anbima revisam proje\u00e7\u00f5es da taxa de juros em 2024","isPartOf":{"@id":"https:\/\/www.suno.com.br\/noticias\/#website"},"primaryImageOfPage":{"@id":"https:\/\/www.suno.com.br\/noticias\/economistas-anbima-selic-elevam-projecao-pib-va\/#primaryimage"},"image":{"@id":"https:\/\/www.suno.com.br\/noticias\/economistas-anbima-selic-elevam-projecao-pib-va\/#primaryimage"},"thumbnailUrl":"https:\/\/files.sunoresearch.com.br\/n\/uploads\/2021\/12\/pexels-lorenzo-241544-scaled.jpg","datePublished":"2024-01-26T21:58:21+00:00","dateModified":"2024-01-26T21:59:07+00:00","description":"O Grupo Consultivo Macroecon\u00f4mico da Anbima reduziu a proje\u00e7\u00e3o da Selic para 2024. Segundo economistas, a Selic deve encerrar o ano em 9,25%.","breadcrumb":{"@id":"https:\/\/www.suno.com.br\/noticias\/economistas-anbima-selic-elevam-projecao-pib-va\/#breadcrumb"},"inLanguage":"pt-BR","potentialAction":[{"@type":"ReadAction","target":["https:\/\/www.suno.com.br\/noticias\/economistas-anbima-selic-elevam-projecao-pib-va\/"]}]},{"@type":"ImageObject","inLanguage":"pt-BR","@id":"https:\/\/www.suno.com.br\/noticias\/economistas-anbima-selic-elevam-projecao-pib-va\/#primaryimage","url":"https:\/\/files.sunoresearch.com.br\/n\/uploads\/2021\/12\/pexels-lorenzo-241544-scaled.jpg","contentUrl":"https:\/\/files.sunoresearch.com.br\/n\/uploads\/2021\/12\/pexels-lorenzo-241544-scaled.jpg","width":2560,"height":1707,"caption":"Selic- Foto: Pexels."},{"@type":"BreadcrumbList","@id":"https:\/\/www.suno.com.br\/noticias\/economistas-anbima-selic-elevam-projecao-pib-va\/#breadcrumb","itemListElement":[{"@type":"ListItem","position":1,"name":"Not\u00edcias","item":"https:\/\/www.suno.com.br\/noticias\/"},{"@type":"ListItem","position":2,"name":"Economia","item":"https:\/\/www.suno.com.br\/noticias\/economia\/"},{"@type":"ListItem","position":3,"name":"Economistas da Anbima revisam proje\u00e7\u00f5es da Selic, d\u00f3lar e PIB em 2024"}]},{"@type":"WebSite","@id":"https:\/\/www.suno.com.br\/noticias\/#website","url":"https:\/\/www.suno.com.br\/noticias\/","name":"Suno Not\u00edcias","description":"Seu portal de informa\u00e7\u00e3o sobre o mundo dos investimentos","publisher":{"@id":"https:\/\/www.suno.com.br\/noticias\/#organization"},"potentialAction":[{"@type":"SearchAction","target":{"@type":"EntryPoint","urlTemplate":"https:\/\/www.suno.com.br\/noticias\/?s={search_term_string}"},"query-input":{"@type":"PropertyValueSpecification","valueRequired":true,"valueName":"search_term_string"}}],"inLanguage":"pt-BR"},{"@type":"Organization","@id":"https:\/\/www.suno.com.br\/noticias\/#organization","name":"Suno Not\u00edcias","url":"https:\/\/www.suno.com.br\/noticias\/","logo":{"@type":"ImageObject","inLanguage":"pt-BR","@id":"https:\/\/www.suno.com.br\/noticias\/#\/schema\/logo\/image\/","url":"https:\/\/files.sunoresearch.com.br\/n\/uploads\/2021\/09\/suno-logo.png","contentUrl":"https:\/\/files.sunoresearch.com.br\/n\/uploads\/2021\/09\/suno-logo.png","width":180,"height":180,"caption":"Suno Not\u00edcias"},"image":{"@id":"https:\/\/www.suno.com.br\/noticias\/#\/schema\/logo\/image\/"},"sameAs":["https:\/\/facebook.com\/sunoresearch","https:\/\/x.com\/sunoresearch","https:\/\/www.instagram.com\/suno","https:\/\/www.linkedin.com\/company\/suno-research\/","https:\/\/www.youtube.com\/c\/sunoresearch"]},{"@type":"Person","@id":"https:\/\/www.suno.com.br\/noticias\/#\/schema\/person\/4a180549702d0e236b3e420862bcded3","name":"Vin\u00edcius Alves","image":{"@type":"ImageObject","inLanguage":"pt-BR","@id":"https:\/\/www.suno.com.br\/noticias\/#\/schema\/person\/image\/","url":"https:\/\/secure.gravatar.com\/avatar\/a95b7fe6d1b813f7907d4f476d5a39e1?s=96&r=g","contentUrl":"https:\/\/secure.gravatar.com\/avatar\/a95b7fe6d1b813f7907d4f476d5a39e1?s=96&r=g","caption":"Vin\u00edcius Alves"},"description":"Jornalista formado na Faculdade C\u00e1sper L\u00edbero. Com passagens pela Ag\u00eancia Estado, InfoMoney e Editora Globo.","url":"https:\/\/www.suno.com.br\/noticias\/author\/vini08correiagmail-com\/"}]}},"default_loop_html":"<div class=\"cardsPage__listCard__boxs\"><div class=\"cardsPage__listCard__boxs__img\"><a href=\"https:\/\/www.suno.com.br\/noticias\/economistas-anbima-selic-elevam-projecao-pib-va\/\"><img class=\"mask\" src=\"https:\/\/www.suno.com.br\/noticias\/wp-content\/themes\/suno\/resources\/images\/spotlight\/spotlight1img\/bg-mask.png\" alt=\"Image Mask\"\/><img src=\"https:\/\/files.sunoresearch.com.br\/n\/uploads\/2021\/12\/pexels-lorenzo-241544-400x200.jpg\" alt=\"Economistas da Anbima revisam proje\u00e7\u00f5es da Selic, d\u00f3lar e PIB em 2024\"\/><\/a><span class=\"spotlightCategory\"><a href=\"https:\/\/www.suno.com.br\/noticias\/economia\/\">Economia<\/a><\/span><\/div><div class=\"cardsPage__listCard__boxs__content\"><a href=\"https:\/\/www.suno.com.br\/noticias\/economistas-anbima-selic-elevam-projecao-pib-va\/\"><h2 class=\"content__title\">Economistas da Anbima revisam proje\u00e7\u00f5es da Selic, d\u00f3lar e PIB em 2024<\/h2><\/a><div class=\"newsContent__article__meta\"><div class=\"newsContent__article__meta__authorBox\"><a href=\"https:\/\/www.suno.com.br\/noticias\/author\/giovanni-porfiriosuno-com-br\/\" class=\"authorBox__avatar noMobi\"><img src=\"https:\/\/files.sunoresearch.com.br\/n\/uploads\/2024\/05\/DSCF4115-1-1-150x150.webp\" alt=\"Giovanni Porf\u00edrio Jacomino\"><\/a><div class=\"authorBox__name\"><span>por\n\t\t\t<a href=\"https:\/\/www.suno.com.br\/noticias\/author\/giovanni-porfiriosuno-com-br\/\"><span itemprop=\"author\">Giovanni Porf\u00edrio Jacomino<\/span><\/a><\/span><time datetime=\"2024-01-26T18:58:21-03:00\" itemprop=\"datePublished\">26\/01\/2024 18:58<\/time><\/div><\/div><\/div><\/div><\/div>","single_layout":"posts","amp_enabled":true,"_links":{"self":[{"href":"https:\/\/www.suno.com.br\/noticias\/wp-json\/wp\/v2\/posts\/516563"}],"collection":[{"href":"https:\/\/www.suno.com.br\/noticias\/wp-json\/wp\/v2\/posts"}],"about":[{"href":"https:\/\/www.suno.com.br\/noticias\/wp-json\/wp\/v2\/types\/post"}],"author":[{"embeddable":true,"href":"https:\/\/www.suno.com.br\/noticias\/wp-json\/wp\/v2\/users\/301"}],"replies":[{"embeddable":true,"href":"https:\/\/www.suno.com.br\/noticias\/wp-json\/wp\/v2\/comments?post=516563"}],"version-history":[{"count":3,"href":"https:\/\/www.suno.com.br\/noticias\/wp-json\/wp\/v2\/posts\/516563\/revisions"}],"predecessor-version":[{"id":516629,"href":"https:\/\/www.suno.com.br\/noticias\/wp-json\/wp\/v2\/posts\/516563\/revisions\/516629"}],"wp:featuredmedia":[{"embeddable":true,"href":"https:\/\/www.suno.com.br\/noticias\/wp-json\/wp\/v2\/media\/213182"}],"wp:attachment":[{"href":"https:\/\/www.suno.com.br\/noticias\/wp-json\/wp\/v2\/media?parent=516563"}],"wp:term":[{"taxonomy":"category","embeddable":true,"href":"https:\/\/www.suno.com.br\/noticias\/wp-json\/wp\/v2\/categories?post=516563"},{"taxonomy":"post_tag","embeddable":true,"href":"https:\/\/www.suno.com.br\/noticias\/wp-json\/wp\/v2\/tags?post=516563"},{"taxonomy":"suno_strategy","embeddable":true,"href":"https:\/\/www.suno.com.br\/noticias\/wp-json\/wp\/v2\/suno_strategy?post=516563"}],"curies":[{"name":"wp","href":"https:\/\/api.w.org\/{rel}","templated":true}]}}