{"id":516561,"date":"2024-01-26T17:48:02","date_gmt":"2024-01-26T20:48:02","guid":{"rendered":"https:\/\/www.suno.com.br\/noticias\/?p=516561"},"modified":"2024-01-26T18:38:12","modified_gmt":"2024-01-26T21:38:12","slug":"petrobras-petr4-nomeia-renato-galuppo-indicado-pelo-governo-como-integrante-do-conselheiro-de-administracao","status":"publish","type":"post","link":"https:\/\/www.suno.com.br\/noticias\/petrobras-petr4-nomeia-renato-galuppo-indicado-pelo-governo-como-integrante-do-conselheiro-de-administracao\/","title":{"rendered":"Petrobras (PETR4) nomeia Renato Galuppo, indicado pelo governo, como integrante do Conselho de Administra\u00e7\u00e3o"},"content":{"rendered":"<p>A <strong>Petrobras<\/strong> (PETR4) anunciou nesta sexta (26) a nomea\u00e7\u00e3o de Renato Galuppo como conselheiro de administra\u00e7\u00e3o. O advogado ocupar\u00e1 a vaga que surgiu com o pedido de ren\u00fancia de Efrain Pereira da Cruz.<\/p>\t<div class=\"wrapper-featured-image\">\n\t\t<figure class=\"spotlightImg\">\n\n\t\t\t<picture>\n\t\t\t\t<source media=\"(max-width: 768px)\" srcset=\"https:\/\/files.sunoresearch.com.br\/n\/uploads\/2023\/05\/petrobras-petr4-brsr6-agenda-dividendos-maio-2023-400x200.jpg\">\n\t\t\t\t<img loading=\"lazy\" decoding=\"async\" class=\"newsContent__article__imgCapa lazyloadDisabled \" src=\"https:\/\/files.sunoresearch.com.br\/n\/uploads\/2023\/05\/petrobras-petr4-brsr6-agenda-dividendos-maio-2023-800x450.jpg\" width=\"800\" height=\"450\" alt=\"Petrobras (PETR4) nomeia Renato Galuppo, indicado pelo governo, como integrante do Conselho de Administra\u00e7\u00e3o\" fetchpriority=high \/>\n\t\t\t<\/picture>\n\n\t\t\t<figcaption class=\"wp-caption-text wp-caption-text--show\">Petrobras (PETR4). Foto: Ag\u00eancia Brasil<\/figcaption>\n\t\t<\/figure>\n\t<\/div>\n\n\n\n\n\n\t<p>\n\t\t<a href=\"https:\/\/lp.suno.com.br\/planilha-da-vida-financeira\/\" target=\"_blank\" data-element=\"shortcode-suno-banner\" title=\"Banner SUNO, clique e saiba mais\">\n\t\t\t<picture>\n\t\t\t\t<source media=\"(max-width: 500px)\" srcset=\"https:\/\/files.sunoresearch.com.br\/n\/uploads\/2023\/04\/400x300-Planilha-vida-financeira-true.png\">\n\t\t\t\t<img class=\"newsContent__article__imgCapa newsContent__article__imgCapa--banner\"\n\t\t\t\t\tsrc=\"https:\/\/files.sunoresearch.com.br\/n\/uploads\/2023\/04\/1420x240-Planilha-vida-financeira-true.png\"\n\t\t\t\t\tdata-promo-id=\"106682\"\t\t\t\t\t\t\t\t\t\twidth='1420' height='240'\t\t\t\t\talt=\"https:\/\/files.sunoresearch.com.br\/n\/uploads\/2023\/04\/1420x240-Planilha-vida-financeira-true.png\"\n\t\t\t\t>\n\t\t\t<\/picture>\n\t\t<\/a>\n\t<\/p>\n\n\n\n\n\n\n\n<p>&#8220;O processo de an\u00e1lise e de elei\u00e7\u00e3o de<strong> Galuppo<\/strong> <strong>para o conselho da Petrobras <\/strong>foi submetido aos procedimentos de governan\u00e7a aplic\u00e1veis, n\u00e3o tendo sido constatado qualquer impedimento para assun\u00e7\u00e3o de cargo de administra\u00e7\u00e3o na companhia&#8221;, diz a estatal em comunicado ao mercado.<\/p>\n\n\n\n<p>Galuppo ficar\u00e1 no cargo at\u00e9 a assembleia geral do dia 25 de abril, quando haver\u00e1 elei\u00e7\u00e3o dos conselheiros, e n\u00e3o h\u00e1 impedimento para que o nome dele seja novamente aprovado para o cargo. &#8220;Conforme disposto no Artigo 150 da Lei n\u00ba 6.404\/1976 (\u201cLei das S.A.\u201d) e no Artigo. 25 do Estatuto Social da Petrobras, o conselheiro servir\u00e1 at\u00e9 a primeira assembleia geral\u201d, acrescenta o comunicado.<\/p>\n\n\n\n<p>Na segunda-feira (22), em outro comunicado, a Petrobras informou que tinha recebido a carta de ren\u00fancia de <strong>Efrain Pereira da Cruz<\/strong> e que, \u201cem raz\u00e3o da vac\u00e2ncia&#8221;, o governo federal, por meio de of\u00edcio do <a href=\"https:\/\/www.gov.br\/mme\/pt-br\" target=\"_blank\" rel=\"noreferrer noopener\">Minist\u00e9rio de Minas e Energia (MME)<\/a>, indicava Galuppo para membro do <strong>Conselho de Administra\u00e7\u00e3o<\/strong> <strong>da Petrobras<\/strong>. A empresa acrescentou, naquela nota, que a nomea\u00e7\u00e3o seria analisada pelos demais membros do Conselho de Administra\u00e7\u00e3o, seguindo os termos da Lei das S.A. e do Estatuto Social da Petrobras.<\/p>\n\n\n\n<p>O nome de\u00a0<strong>Renato Galuppo<\/strong> j\u00e1 tinha sido indicado para o <strong>Conselho da estatal<\/strong> no passado &#8211; mas normativas da \u00e9poca \u2013 incluindo a Lei das Estatais \u2013 o impediram de assumir o cargo.<\/p>\n\n\n\n<p>Agora, aprovado, ele ocupar\u00e1 o<strong> lugar de Efrain Cruz<\/strong>, que renunciou ao cargo ap\u00f3s ser exonerado da secretaria-executiva do MME ainda no final de dezembro.<\/p>\n\n\n\n<figure class=\"wp-block-embed is-type-video is-provider-youtube wp-block-embed-youtube wp-embed-aspect-16-9 wp-has-aspect-ratio\"><div class=\"wp-block-embed__wrapper\">\n<iframe loading=\"lazy\" title=\"O Jogo de Poder na Petrobras (PETR4): A Indica\u00e7\u00e3o Pol\u00eamica de Renato Campos Galuppo\" width=\"1080\" height=\"608\" src=\"https:\/\/www.youtube.com\/embed\/do7t76yBi8o?start=3&#038;feature=oembed&#038;enablejsapi=1&#038;origin=https:\/\/www.suno.com.br\" frameborder=\"0\" allow=\"accelerometer; autoplay; clipboard-write; encrypted-media; gyroscope; picture-in-picture; web-share\" allowfullscreen><\/iframe>\n<\/div><\/figure>\n\n\n\t<p>\n\t\t<a href=\"https:\/\/lp.suno.com.br\/ebook-como-analisar-uma-acao\/\" target=\"_blank\" data-element=\"shortcode-suno-banner\" title=\"Banner SUNO, clique e saiba mais\">\n\t\t\t<picture>\n\t\t\t\t<source media=\"(max-width: 500px)\" srcset=\"https:\/\/files.sunoresearch.com.br\/n\/uploads\/2023\/03\/Ebook-Acoes-Mobile.jpg\">\n\t\t\t\t<img class=\"newsContent__article__imgCapa newsContent__article__imgCapa--banner\"\n\t\t\t\t\tsrc=\"https:\/\/files.sunoresearch.com.br\/n\/uploads\/2023\/03\/Ebook-Acoes-Desktop.jpg\"\n\t\t\t\t\tdata-promo-id=\"378302\"\t\t\t\t\t\t\t\t\t\twidth='1420' height='286'\t\t\t\t\talt=\"https:\/\/files.sunoresearch.com.br\/n\/uploads\/2023\/03\/Ebook-Acoes-Desktop.jpg\"\n\t\t\t\t>\n\t\t\t<\/picture>\n\t\t<\/a>\n\t<\/p>\n\n\n\n\n\n<h2 class=\"wp-block-heading\">Petrobras: Galuppo fica at\u00e9 o final do mandato de Cruz, mas pode ser reconduzido pela AGE <\/h2>\n\n\n\n<p>Galuppo desempenhar\u00e1 suas fun\u00e7\u00f5es at\u00e9 o t\u00e9rmino do mandato de Cruz, mas pode vir a ser reconduzido ao cargo em meados de mar\u00e7o, quando a Petrobras far\u00e1 uma assembleia para renovar o colegiado.<\/p>\n\n\n\n<p>Na segunda-feira (22), a Petrobras afirmou: \u201cGaluppo j\u00e1 \u00e9 membro do comit\u00ea de seguran\u00e7a, meio ambiente e sa\u00fade do <a class=\"suno-keyword\" target=\"_blank\" data-force=\"no\" data-priority=\"1\" href=\"https:\/\/www.suno.com.br\/artigos\/conselho-administracao\/\" rel=\"noopener\">conselho de administra\u00e7\u00e3o<\/a> da Petrobras e teve seu relat\u00f3rio de integridade recentemente emitido e analisado pelo comit\u00ea de pessoas, sem qualquer impedimento para assumir cargo de administra\u00e7\u00e3o na companhia\u201d.<\/p>\n\n\n\n<p>Galuppo \u00e9 advogado, atuando perante o Tribunal de Justi\u00e7a de Minas Gerais (TJMG), Tribunal Regional Eleitoral de Minas Gerais (TRE\/MG), Supremo Tribunal Federal e Tribunais Superiores desde fevereiro de 2003.<\/p>\n\n\n\n<p>De acordo com a companhia, Renato Campos Galuppo \u00e9 advogado desde fevereiro de 2003 e tem larga experi\u00eancia em contencioso e consultivo em mat\u00e9ria eleitoral, criminal, constitucional e c\u00edvel. Bacharel em direito pela Universidade Federal de Ouro Preto (2002), Galuppo \u00e9 especialista em direito penal e processo penal aplicado pelo Centro Universit\u00e1rio UNA (2020) e p\u00f3s-graduado em direito penal econ\u00f4mico pelo Instituto de Direito Penal e Econ\u00f4mico Europeu da Faculdade de Direito da Universidade de Coimbra, informou.<\/p>\n\n\n\n<p>Galuppo foi tamb\u00e9m assessor jur\u00eddico na C\u00e2mara dos Deputados de mar\u00e7o de 2007 a junho de 2014 e de outubro de 2014 a dezembro de 2021. \u00c9 membro da Academia Brasileira de Direito Eleitoral e Pol\u00edtico, do Instituto de Direito Partid\u00e1rio e Pol\u00edtico, do Instituto Brasileiro de Ci\u00eancias Criminais e do Instituto de Ci\u00eancias Penais.<\/p>\n\n\n\n<p>\u201cAtualmente \u00e9 tamb\u00e9m membro do Comit\u00ea de Seguran\u00e7a, Meio Ambiente e Sa\u00fade do Conselho de Administra\u00e7\u00e3o da Petrobras. Foi Conselheiro de Administra\u00e7\u00e3o da Pr\u00e9Sal Petr\u00f3leo S.A (PPSA) de julho de 2023 a janeiro de 2024\u201d, conclui o comunicado da <strong>Petrobras<\/strong>.<\/p>\n\n\n\n<p><em>Com Ag\u00eancia Brasil<\/em><\/p>\n\n\n\t<p>\n\t\t<a href=\"https:\/\/lp.suno.com.br\/planilha-da-vida-financeira\/\" target=\"_blank\" data-element=\"shortcode-suno-banner\" title=\"Banner SUNO, clique e saiba mais\">\n\t\t\t<picture>\n\t\t\t\t<source media=\"(max-width: 500px)\" srcset=\"https:\/\/files.sunoresearch.com.br\/n\/uploads\/2023\/04\/400x300-Planilha-vida-financeira-true.png\">\n\t\t\t\t<img class=\"newsContent__article__imgCapa newsContent__article__imgCapa--banner\"\n\t\t\t\t\tsrc=\"https:\/\/files.sunoresearch.com.br\/n\/uploads\/2023\/04\/1420x240-Planilha-vida-financeira-true.png\"\n\t\t\t\t\tdata-promo-id=\"383123\"\t\t\t\t\t\t\t\t\t\twidth='1420' height='240'\t\t\t\t\talt=\"https:\/\/files.sunoresearch.com.br\/n\/uploads\/2023\/04\/1420x240-Planilha-vida-financeira-true.png\"\n\t\t\t\t>\n\t\t\t<\/picture>\n\t\t<\/a>\n\t<\/p>\n\n\n","protected":false},"excerpt":{"rendered":"<p>A Petrobras (PETR4) anunciou nesta sexta (26) a nomea\u00e7\u00e3o de Renato Galuppo como conselheiro de administra\u00e7\u00e3o. O advogado ocupar\u00e1 a vaga que surgiu com o pedido de ren\u00fancia de Efrain Pereira da Cruz. Petrobras (PETR4). Foto: Ag\u00eancia Brasil &#8220;O processo de an\u00e1lise e de elei\u00e7\u00e3o de Galuppo para o conselho da Petrobras foi submetido aos [&hellip;]<\/p>\n","protected":false},"author":98,"featured_media":406706,"comment_status":"closed","ping_status":"closed","sticky":false,"template":"","format":"standard","meta":[],"categories":[61],"tags":[286,595],"suno_strategy":[],"class_list":["post-516561","post","type-post","status-publish","format-standard","has-post-thumbnail","hentry","category-politica","tag-acoes","tag-petrobras-petr4"],"yoast_head":"<!-- This site is optimized with the Yoast SEO plugin v24.4 - https:\/\/yoast.com\/wordpress\/plugins\/seo\/ -->\n<title>Petrobras (PETR4) confirma Renato Galuppo como conselheiro<\/title>\n<meta name=\"description\" content=\"A Petrobras anunciou nesta sexta (26) a nomea\u00e7\u00e3o de Renato Galuppo como conselheiro de administra\u00e7\u00e3o. Ele foi indicado pelo governo\" \/>\n<meta name=\"robots\" content=\"index, follow, max-snippet:-1, max-image-preview:large, max-video-preview:-1\" \/>\n<link rel=\"canonical\" href=\"https:\/\/www.suno.com.br\/noticias\/petrobras-petr4-nomeia-renato-galuppo-indicado-pelo-governo-como-integrante-do-conselheiro-de-administracao\/\" \/>\n<meta property=\"og:locale\" content=\"pt_BR\" \/>\n<meta property=\"og:type\" content=\"article\" \/>\n<meta property=\"og:title\" content=\"Petrobras (PETR4) confirma Renato Galuppo como conselheiro\" \/>\n<meta property=\"og:description\" content=\"A Petrobras anunciou nesta sexta (26) a nomea\u00e7\u00e3o de Renato Galuppo como conselheiro de administra\u00e7\u00e3o. Ele foi indicado pelo governo\" \/>\n<meta property=\"og:url\" content=\"https:\/\/www.suno.com.br\/noticias\/petrobras-petr4-nomeia-renato-galuppo-indicado-pelo-governo-como-integrante-do-conselheiro-de-administracao\/\" \/>\n<meta property=\"og:site_name\" content=\"Suno Not\u00edcias\" \/>\n<meta property=\"article:publisher\" content=\"https:\/\/facebook.com\/sunoresearch\" \/>\n<meta property=\"og:image\" content=\"https:\/\/files.sunoresearch.com.br\/n\/uploads\/2023\/05\/petrobras-petr4-brsr6-agenda-dividendos-maio-2023.jpg\" \/>\n\t<meta property=\"og:image:width\" content=\"1200\" \/>\n\t<meta property=\"og:image:height\" content=\"800\" \/>\n\t<meta property=\"og:image:type\" content=\"image\/jpeg\" \/>\n<meta name=\"author\" content=\"Marco Ant\u00f4nio Lopes\" \/>\n<meta name=\"twitter:card\" content=\"summary_large_image\" \/>\n<meta name=\"twitter:creator\" content=\"@sunoresearch\" \/>\n<meta name=\"twitter:site\" content=\"@sunoresearch\" \/>\n<meta name=\"twitter:label1\" content=\"Escrito por\" \/>\n\t<meta name=\"twitter:data1\" content=\"Marco Ant\u00f4nio Lopes\" \/>\n\t<meta name=\"twitter:label2\" content=\"Est. tempo de leitura\" \/>\n\t<meta name=\"twitter:data2\" content=\"4 minutos\" \/>\n<script type=\"application\/ld+json\" class=\"yoast-schema-graph\">{\"@context\":\"https:\/\/schema.org\",\"@graph\":[{\"@type\":\"NewsArticle\",\"@id\":\"https:\/\/www.suno.com.br\/noticias\/petrobras-petr4-nomeia-renato-galuppo-indicado-pelo-governo-como-integrante-do-conselheiro-de-administracao\/#article\",\"isPartOf\":{\"@id\":\"https:\/\/www.suno.com.br\/noticias\/petrobras-petr4-nomeia-renato-galuppo-indicado-pelo-governo-como-integrante-do-conselheiro-de-administracao\/\"},\"author\":{\"name\":\"Marco Ant\u00f4nio Lopes\",\"@id\":\"https:\/\/www.suno.com.br\/noticias\/#\/schema\/person\/829bbe8d57f84333b966b96229c6bf5f\"},\"headline\":\"Petrobras (PETR4) nomeia Renato Galuppo, indicado pelo governo, como integrante do Conselho de Administra\u00e7\u00e3o\",\"datePublished\":\"2024-01-26T20:48:02+00:00\",\"dateModified\":\"2024-01-26T21:38:12+00:00\",\"mainEntityOfPage\":{\"@id\":\"https:\/\/www.suno.com.br\/noticias\/petrobras-petr4-nomeia-renato-galuppo-indicado-pelo-governo-como-integrante-do-conselheiro-de-administracao\/\"},\"wordCount\":652,\"publisher\":{\"@id\":\"https:\/\/www.suno.com.br\/noticias\/#organization\"},\"image\":{\"@id\":\"https:\/\/www.suno.com.br\/noticias\/petrobras-petr4-nomeia-renato-galuppo-indicado-pelo-governo-como-integrante-do-conselheiro-de-administracao\/#primaryimage\"},\"thumbnailUrl\":\"https:\/\/files.sunoresearch.com.br\/n\/uploads\/2023\/05\/petrobras-petr4-brsr6-agenda-dividendos-maio-2023.jpg\",\"keywords\":[\"A\u00e7\u00f5es\",\"Petrobras (PETR4)\"],\"articleSection\":[\"Pol\u00edtica\"],\"inLanguage\":\"pt-BR\"},{\"@type\":\"WebPage\",\"@id\":\"https:\/\/www.suno.com.br\/noticias\/petrobras-petr4-nomeia-renato-galuppo-indicado-pelo-governo-como-integrante-do-conselheiro-de-administracao\/\",\"url\":\"https:\/\/www.suno.com.br\/noticias\/petrobras-petr4-nomeia-renato-galuppo-indicado-pelo-governo-como-integrante-do-conselheiro-de-administracao\/\",\"name\":\"Petrobras (PETR4) confirma Renato Galuppo como conselheiro\",\"isPartOf\":{\"@id\":\"https:\/\/www.suno.com.br\/noticias\/#website\"},\"primaryImageOfPage\":{\"@id\":\"https:\/\/www.suno.com.br\/noticias\/petrobras-petr4-nomeia-renato-galuppo-indicado-pelo-governo-como-integrante-do-conselheiro-de-administracao\/#primaryimage\"},\"image\":{\"@id\":\"https:\/\/www.suno.com.br\/noticias\/petrobras-petr4-nomeia-renato-galuppo-indicado-pelo-governo-como-integrante-do-conselheiro-de-administracao\/#primaryimage\"},\"thumbnailUrl\":\"https:\/\/files.sunoresearch.com.br\/n\/uploads\/2023\/05\/petrobras-petr4-brsr6-agenda-dividendos-maio-2023.jpg\",\"datePublished\":\"2024-01-26T20:48:02+00:00\",\"dateModified\":\"2024-01-26T21:38:12+00:00\",\"description\":\"A Petrobras anunciou nesta sexta (26) a nomea\u00e7\u00e3o de Renato Galuppo como conselheiro de administra\u00e7\u00e3o. Ele foi indicado pelo governo\",\"breadcrumb\":{\"@id\":\"https:\/\/www.suno.com.br\/noticias\/petrobras-petr4-nomeia-renato-galuppo-indicado-pelo-governo-como-integrante-do-conselheiro-de-administracao\/#breadcrumb\"},\"inLanguage\":\"pt-BR\",\"potentialAction\":[{\"@type\":\"ReadAction\",\"target\":[\"https:\/\/www.suno.com.br\/noticias\/petrobras-petr4-nomeia-renato-galuppo-indicado-pelo-governo-como-integrante-do-conselheiro-de-administracao\/\"]}]},{\"@type\":\"ImageObject\",\"inLanguage\":\"pt-BR\",\"@id\":\"https:\/\/www.suno.com.br\/noticias\/petrobras-petr4-nomeia-renato-galuppo-indicado-pelo-governo-como-integrante-do-conselheiro-de-administracao\/#primaryimage\",\"url\":\"https:\/\/files.sunoresearch.com.br\/n\/uploads\/2023\/05\/petrobras-petr4-brsr6-agenda-dividendos-maio-2023.jpg\",\"contentUrl\":\"https:\/\/files.sunoresearch.com.br\/n\/uploads\/2023\/05\/petrobras-petr4-brsr6-agenda-dividendos-maio-2023.jpg\",\"width\":1200,\"height\":800,\"caption\":\"Petrobras (PETR4). Foto: Ag\u00eancia Brasil\"},{\"@type\":\"BreadcrumbList\",\"@id\":\"https:\/\/www.suno.com.br\/noticias\/petrobras-petr4-nomeia-renato-galuppo-indicado-pelo-governo-como-integrante-do-conselheiro-de-administracao\/#breadcrumb\",\"itemListElement\":[{\"@type\":\"ListItem\",\"position\":1,\"name\":\"Not\u00edcias\",\"item\":\"https:\/\/www.suno.com.br\/noticias\/\"},{\"@type\":\"ListItem\",\"position\":2,\"name\":\"Pol\u00edtica\",\"item\":\"https:\/\/www.suno.com.br\/noticias\/politica\/\"},{\"@type\":\"ListItem\",\"position\":3,\"name\":\"Petrobras (PETR4) nomeia Renato Galuppo, indicado pelo governo, como integrante do Conselho de Administra\u00e7\u00e3o\"}]},{\"@type\":\"WebSite\",\"@id\":\"https:\/\/www.suno.com.br\/noticias\/#website\",\"url\":\"https:\/\/www.suno.com.br\/noticias\/\",\"name\":\"Suno Not\u00edcias\",\"description\":\"Seu portal de informa\u00e7\u00e3o sobre o mundo dos investimentos\",\"publisher\":{\"@id\":\"https:\/\/www.suno.com.br\/noticias\/#organization\"},\"potentialAction\":[{\"@type\":\"SearchAction\",\"target\":{\"@type\":\"EntryPoint\",\"urlTemplate\":\"https:\/\/www.suno.com.br\/noticias\/?s={search_term_string}\"},\"query-input\":{\"@type\":\"PropertyValueSpecification\",\"valueRequired\":true,\"valueName\":\"search_term_string\"}}],\"inLanguage\":\"pt-BR\"},{\"@type\":\"Organization\",\"@id\":\"https:\/\/www.suno.com.br\/noticias\/#organization\",\"name\":\"Suno Not\u00edcias\",\"url\":\"https:\/\/www.suno.com.br\/noticias\/\",\"logo\":{\"@type\":\"ImageObject\",\"inLanguage\":\"pt-BR\",\"@id\":\"https:\/\/www.suno.com.br\/noticias\/#\/schema\/logo\/image\/\",\"url\":\"https:\/\/files.sunoresearch.com.br\/n\/uploads\/2021\/09\/suno-logo.png\",\"contentUrl\":\"https:\/\/files.sunoresearch.com.br\/n\/uploads\/2021\/09\/suno-logo.png\",\"width\":180,\"height\":180,\"caption\":\"Suno Not\u00edcias\"},\"image\":{\"@id\":\"https:\/\/www.suno.com.br\/noticias\/#\/schema\/logo\/image\/\"},\"sameAs\":[\"https:\/\/facebook.com\/sunoresearch\",\"https:\/\/x.com\/sunoresearch\",\"https:\/\/www.instagram.com\/suno\",\"https:\/\/www.linkedin.com\/company\/suno-research\/\",\"https:\/\/www.youtube.com\/c\/sunoresearch\"]},{\"@type\":\"Person\",\"@id\":\"https:\/\/www.suno.com.br\/noticias\/#\/schema\/person\/829bbe8d57f84333b966b96229c6bf5f\",\"name\":\"Marco Ant\u00f4nio Lopes\",\"image\":{\"@type\":\"ImageObject\",\"inLanguage\":\"pt-BR\",\"@id\":\"https:\/\/www.suno.com.br\/noticias\/#\/schema\/person\/image\/\",\"url\":\"https:\/\/secure.gravatar.com\/avatar\/385167b012fbc1cde32c5446ee253313?s=96&r=g\",\"contentUrl\":\"https:\/\/secure.gravatar.com\/avatar\/385167b012fbc1cde32c5446ee253313?s=96&r=g\",\"caption\":\"Marco Ant\u00f4nio Lopes\"},\"description\":\"Jornalista, \u00e9 editor no Suno Not\u00edcias. Trabalhou nas revistas Playboy, Super, Veja Comer &amp; Beber, Homem Vogue e Universo Masculino, al\u00e9m dos portais Abril.com, R7, nas editorias de Home, Esportes, Hora 7, Entretenimento e Geral, e Eu Quero Investir. Autor do livro Bruce Lee: Definitivo (Editora Conrad). Colaborou nas revistas Nova, Veja SP, Grandes Guerras, Placar, Bizz, Casa Claudia e Quatro Rodas.\",\"url\":\"https:\/\/www.suno.com.br\/noticias\/author\/marco-lopes\/\"}]}<\/script>\n<!-- \/ Yoast SEO plugin. -->","yoast_head_json":{"title":"Petrobras (PETR4) confirma Renato Galuppo como conselheiro","description":"A Petrobras anunciou nesta sexta (26) a nomea\u00e7\u00e3o de Renato Galuppo como conselheiro de administra\u00e7\u00e3o. Ele foi indicado pelo governo","robots":{"index":"index","follow":"follow","max-snippet":"max-snippet:-1","max-image-preview":"max-image-preview:large","max-video-preview":"max-video-preview:-1"},"canonical":"https:\/\/www.suno.com.br\/noticias\/petrobras-petr4-nomeia-renato-galuppo-indicado-pelo-governo-como-integrante-do-conselheiro-de-administracao\/","og_locale":"pt_BR","og_type":"article","og_title":"Petrobras (PETR4) confirma Renato Galuppo como conselheiro","og_description":"A Petrobras anunciou nesta sexta (26) a nomea\u00e7\u00e3o de Renato Galuppo como conselheiro de administra\u00e7\u00e3o. Ele foi indicado pelo governo","og_url":"https:\/\/www.suno.com.br\/noticias\/petrobras-petr4-nomeia-renato-galuppo-indicado-pelo-governo-como-integrante-do-conselheiro-de-administracao\/","og_site_name":"Suno Not\u00edcias","article_publisher":"https:\/\/facebook.com\/sunoresearch","og_image":[{"width":1200,"height":800,"url":"https:\/\/files.sunoresearch.com.br\/n\/uploads\/2023\/05\/petrobras-petr4-brsr6-agenda-dividendos-maio-2023.jpg","type":"image\/jpeg"}],"author":"Marco Ant\u00f4nio Lopes","twitter_card":"summary_large_image","twitter_creator":"@sunoresearch","twitter_site":"@sunoresearch","twitter_misc":{"Escrito por":"Marco Ant\u00f4nio Lopes","Est. tempo de leitura":"4 minutos"},"schema":{"@context":"https:\/\/schema.org","@graph":[{"@type":"NewsArticle","@id":"https:\/\/www.suno.com.br\/noticias\/petrobras-petr4-nomeia-renato-galuppo-indicado-pelo-governo-como-integrante-do-conselheiro-de-administracao\/#article","isPartOf":{"@id":"https:\/\/www.suno.com.br\/noticias\/petrobras-petr4-nomeia-renato-galuppo-indicado-pelo-governo-como-integrante-do-conselheiro-de-administracao\/"},"author":{"name":"Marco Ant\u00f4nio Lopes","@id":"https:\/\/www.suno.com.br\/noticias\/#\/schema\/person\/829bbe8d57f84333b966b96229c6bf5f"},"headline":"Petrobras (PETR4) nomeia Renato Galuppo, indicado pelo governo, como integrante do Conselho de Administra\u00e7\u00e3o","datePublished":"2024-01-26T20:48:02+00:00","dateModified":"2024-01-26T21:38:12+00:00","mainEntityOfPage":{"@id":"https:\/\/www.suno.com.br\/noticias\/petrobras-petr4-nomeia-renato-galuppo-indicado-pelo-governo-como-integrante-do-conselheiro-de-administracao\/"},"wordCount":652,"publisher":{"@id":"https:\/\/www.suno.com.br\/noticias\/#organization"},"image":{"@id":"https:\/\/www.suno.com.br\/noticias\/petrobras-petr4-nomeia-renato-galuppo-indicado-pelo-governo-como-integrante-do-conselheiro-de-administracao\/#primaryimage"},"thumbnailUrl":"https:\/\/files.sunoresearch.com.br\/n\/uploads\/2023\/05\/petrobras-petr4-brsr6-agenda-dividendos-maio-2023.jpg","keywords":["A\u00e7\u00f5es","Petrobras (PETR4)"],"articleSection":["Pol\u00edtica"],"inLanguage":"pt-BR"},{"@type":"WebPage","@id":"https:\/\/www.suno.com.br\/noticias\/petrobras-petr4-nomeia-renato-galuppo-indicado-pelo-governo-como-integrante-do-conselheiro-de-administracao\/","url":"https:\/\/www.suno.com.br\/noticias\/petrobras-petr4-nomeia-renato-galuppo-indicado-pelo-governo-como-integrante-do-conselheiro-de-administracao\/","name":"Petrobras (PETR4) confirma Renato Galuppo como conselheiro","isPartOf":{"@id":"https:\/\/www.suno.com.br\/noticias\/#website"},"primaryImageOfPage":{"@id":"https:\/\/www.suno.com.br\/noticias\/petrobras-petr4-nomeia-renato-galuppo-indicado-pelo-governo-como-integrante-do-conselheiro-de-administracao\/#primaryimage"},"image":{"@id":"https:\/\/www.suno.com.br\/noticias\/petrobras-petr4-nomeia-renato-galuppo-indicado-pelo-governo-como-integrante-do-conselheiro-de-administracao\/#primaryimage"},"thumbnailUrl":"https:\/\/files.sunoresearch.com.br\/n\/uploads\/2023\/05\/petrobras-petr4-brsr6-agenda-dividendos-maio-2023.jpg","datePublished":"2024-01-26T20:48:02+00:00","dateModified":"2024-01-26T21:38:12+00:00","description":"A Petrobras anunciou nesta sexta (26) a nomea\u00e7\u00e3o de Renato Galuppo como conselheiro de administra\u00e7\u00e3o. Ele foi indicado pelo governo","breadcrumb":{"@id":"https:\/\/www.suno.com.br\/noticias\/petrobras-petr4-nomeia-renato-galuppo-indicado-pelo-governo-como-integrante-do-conselheiro-de-administracao\/#breadcrumb"},"inLanguage":"pt-BR","potentialAction":[{"@type":"ReadAction","target":["https:\/\/www.suno.com.br\/noticias\/petrobras-petr4-nomeia-renato-galuppo-indicado-pelo-governo-como-integrante-do-conselheiro-de-administracao\/"]}]},{"@type":"ImageObject","inLanguage":"pt-BR","@id":"https:\/\/www.suno.com.br\/noticias\/petrobras-petr4-nomeia-renato-galuppo-indicado-pelo-governo-como-integrante-do-conselheiro-de-administracao\/#primaryimage","url":"https:\/\/files.sunoresearch.com.br\/n\/uploads\/2023\/05\/petrobras-petr4-brsr6-agenda-dividendos-maio-2023.jpg","contentUrl":"https:\/\/files.sunoresearch.com.br\/n\/uploads\/2023\/05\/petrobras-petr4-brsr6-agenda-dividendos-maio-2023.jpg","width":1200,"height":800,"caption":"Petrobras (PETR4). Foto: Ag\u00eancia Brasil"},{"@type":"BreadcrumbList","@id":"https:\/\/www.suno.com.br\/noticias\/petrobras-petr4-nomeia-renato-galuppo-indicado-pelo-governo-como-integrante-do-conselheiro-de-administracao\/#breadcrumb","itemListElement":[{"@type":"ListItem","position":1,"name":"Not\u00edcias","item":"https:\/\/www.suno.com.br\/noticias\/"},{"@type":"ListItem","position":2,"name":"Pol\u00edtica","item":"https:\/\/www.suno.com.br\/noticias\/politica\/"},{"@type":"ListItem","position":3,"name":"Petrobras (PETR4) nomeia Renato Galuppo, indicado pelo governo, como integrante do Conselho de Administra\u00e7\u00e3o"}]},{"@type":"WebSite","@id":"https:\/\/www.suno.com.br\/noticias\/#website","url":"https:\/\/www.suno.com.br\/noticias\/","name":"Suno Not\u00edcias","description":"Seu portal de informa\u00e7\u00e3o sobre o mundo dos investimentos","publisher":{"@id":"https:\/\/www.suno.com.br\/noticias\/#organization"},"potentialAction":[{"@type":"SearchAction","target":{"@type":"EntryPoint","urlTemplate":"https:\/\/www.suno.com.br\/noticias\/?s={search_term_string}"},"query-input":{"@type":"PropertyValueSpecification","valueRequired":true,"valueName":"search_term_string"}}],"inLanguage":"pt-BR"},{"@type":"Organization","@id":"https:\/\/www.suno.com.br\/noticias\/#organization","name":"Suno Not\u00edcias","url":"https:\/\/www.suno.com.br\/noticias\/","logo":{"@type":"ImageObject","inLanguage":"pt-BR","@id":"https:\/\/www.suno.com.br\/noticias\/#\/schema\/logo\/image\/","url":"https:\/\/files.sunoresearch.com.br\/n\/uploads\/2021\/09\/suno-logo.png","contentUrl":"https:\/\/files.sunoresearch.com.br\/n\/uploads\/2021\/09\/suno-logo.png","width":180,"height":180,"caption":"Suno Not\u00edcias"},"image":{"@id":"https:\/\/www.suno.com.br\/noticias\/#\/schema\/logo\/image\/"},"sameAs":["https:\/\/facebook.com\/sunoresearch","https:\/\/x.com\/sunoresearch","https:\/\/www.instagram.com\/suno","https:\/\/www.linkedin.com\/company\/suno-research\/","https:\/\/www.youtube.com\/c\/sunoresearch"]},{"@type":"Person","@id":"https:\/\/www.suno.com.br\/noticias\/#\/schema\/person\/829bbe8d57f84333b966b96229c6bf5f","name":"Marco Ant\u00f4nio Lopes","image":{"@type":"ImageObject","inLanguage":"pt-BR","@id":"https:\/\/www.suno.com.br\/noticias\/#\/schema\/person\/image\/","url":"https:\/\/secure.gravatar.com\/avatar\/385167b012fbc1cde32c5446ee253313?s=96&r=g","contentUrl":"https:\/\/secure.gravatar.com\/avatar\/385167b012fbc1cde32c5446ee253313?s=96&r=g","caption":"Marco Ant\u00f4nio Lopes"},"description":"Jornalista, \u00e9 editor no Suno Not\u00edcias. Trabalhou nas revistas Playboy, Super, Veja Comer &amp; Beber, Homem Vogue e Universo Masculino, al\u00e9m dos portais Abril.com, R7, nas editorias de Home, Esportes, Hora 7, Entretenimento e Geral, e Eu Quero Investir. Autor do livro Bruce Lee: Definitivo (Editora Conrad). Colaborou nas revistas Nova, Veja SP, Grandes Guerras, Placar, Bizz, Casa Claudia e Quatro Rodas.","url":"https:\/\/www.suno.com.br\/noticias\/author\/marco-lopes\/"}]}},"default_loop_html":"<div class=\"cardsPage__listCard__boxs\"><div class=\"cardsPage__listCard__boxs__img\"><a href=\"https:\/\/www.suno.com.br\/noticias\/petrobras-petr4-nomeia-renato-galuppo-indicado-pelo-governo-como-integrante-do-conselheiro-de-administracao\/\"><img class=\"mask\" src=\"https:\/\/www.suno.com.br\/noticias\/wp-content\/themes\/suno\/resources\/images\/spotlight\/spotlight1img\/bg-mask.png\" alt=\"Image Mask\"\/><img src=\"https:\/\/files.sunoresearch.com.br\/n\/uploads\/2023\/05\/petrobras-petr4-brsr6-agenda-dividendos-maio-2023-400x200.jpg\" alt=\"Petrobras (PETR4) nomeia Renato Galuppo, indicado pelo governo, como integrante do Conselho de Administra\u00e7\u00e3o\"\/><\/a><span class=\"spotlightCategory\"><a href=\"https:\/\/www.suno.com.br\/noticias\/politica\/\">Pol\u00edtica<\/a><\/span><\/div><div class=\"cardsPage__listCard__boxs__content\"><a href=\"https:\/\/www.suno.com.br\/noticias\/petrobras-petr4-nomeia-renato-galuppo-indicado-pelo-governo-como-integrante-do-conselheiro-de-administracao\/\"><h2 class=\"content__title\">Petrobras (PETR4) nomeia Renato Galuppo, indicado pelo governo, como integrante do Conselho de Administra\u00e7\u00e3o<\/h2><\/a><div class=\"newsContent__article__meta\"><div class=\"newsContent__article__meta__authorBox\"><a href=\"https:\/\/www.suno.com.br\/noticias\/author\/marco-lopes\/\" class=\"authorBox__avatar noMobi\"><img src=\"https:\/\/secure.gravatar.com\/avatar\/385167b012fbc1cde32c5446ee253313?s=96&#038;r=g\" alt=\"Marco Ant\u00f4nio Lopes\"><\/a><div class=\"authorBox__name\"><span>por\n\t\t\t<a href=\"https:\/\/www.suno.com.br\/noticias\/author\/marco-lopes\/\"><span itemprop=\"author\">Marco Ant\u00f4nio Lopes<\/span><\/a><\/span><time datetime=\"2024-01-26T17:48:02-03:00\" itemprop=\"datePublished\">26\/01\/2024 17:48<\/time><\/div><\/div><\/div><\/div><\/div>","single_layout":"posts","amp_enabled":true,"_links":{"self":[{"href":"https:\/\/www.suno.com.br\/noticias\/wp-json\/wp\/v2\/posts\/516561"}],"collection":[{"href":"https:\/\/www.suno.com.br\/noticias\/wp-json\/wp\/v2\/posts"}],"about":[{"href":"https:\/\/www.suno.com.br\/noticias\/wp-json\/wp\/v2\/types\/post"}],"author":[{"embeddable":true,"href":"https:\/\/www.suno.com.br\/noticias\/wp-json\/wp\/v2\/users\/98"}],"replies":[{"embeddable":true,"href":"https:\/\/www.suno.com.br\/noticias\/wp-json\/wp\/v2\/comments?post=516561"}],"version-history":[{"count":2,"href":"https:\/\/www.suno.com.br\/noticias\/wp-json\/wp\/v2\/posts\/516561\/revisions"}],"predecessor-version":[{"id":516618,"href":"https:\/\/www.suno.com.br\/noticias\/wp-json\/wp\/v2\/posts\/516561\/revisions\/516618"}],"wp:featuredmedia":[{"embeddable":true,"href":"https:\/\/www.suno.com.br\/noticias\/wp-json\/wp\/v2\/media\/406706"}],"wp:attachment":[{"href":"https:\/\/www.suno.com.br\/noticias\/wp-json\/wp\/v2\/media?parent=516561"}],"wp:term":[{"taxonomy":"category","embeddable":true,"href":"https:\/\/www.suno.com.br\/noticias\/wp-json\/wp\/v2\/categories?post=516561"},{"taxonomy":"post_tag","embeddable":true,"href":"https:\/\/www.suno.com.br\/noticias\/wp-json\/wp\/v2\/tags?post=516561"},{"taxonomy":"suno_strategy","embeddable":true,"href":"https:\/\/www.suno.com.br\/noticias\/wp-json\/wp\/v2\/suno_strategy?post=516561"}],"curies":[{"name":"wp","href":"https:\/\/api.w.org\/{rel}","templated":true}]}}