{"id":516500,"date":"2024-01-26T16:27:18","date_gmt":"2024-01-26T19:27:18","guid":{"rendered":"https:\/\/www.suno.com.br\/noticias\/?p=516500"},"modified":"2024-01-26T16:27:26","modified_gmt":"2024-01-26T19:27:26","slug":"copom-deputado-envia-pl-muda-composicao-va","status":"publish","type":"post","link":"https:\/\/www.suno.com.br\/noticias\/copom-deputado-envia-pl-muda-composicao-va\/","title":{"rendered":"Copom: projeto de lei prev\u00ea mudan\u00e7a na composi\u00e7\u00e3o do comit\u00ea, incluindo Haddad, Tebet e Alckmin"},"content":{"rendered":"<p>O deputado Eduardo da Fonte (PP-PE) apresentou um Projeto de Lei Complementar que tem como objetivo regulamentar o funcionamento do Comit\u00ea de <a class=\"suno-keyword\" target=\"_blank\" data-force=\"no\" data-priority=\"1\" href=\"https:\/\/www.suno.com.br\/artigos\/politica-monetaria\/\" rel=\"noopener\">Pol\u00edtica Monet\u00e1ria<\/a> (<strong>Copom<\/strong>). O Copom foi institu\u00eddo por um ato administrativo e hoje \u00e9 regido por uma resolu\u00e7\u00e3o.&nbsp;<\/p>\t<div class=\"wrapper-featured-image\">\n\t\t<figure class=\"spotlightImg\">\n\n\t\t\t<picture>\n\t\t\t\t<source media=\"(max-width: 768px)\" srcset=\"https:\/\/files.sunoresearch.com.br\/n\/uploads\/2022\/02\/Copim-Agencia-Brasil-400x200.jpg\">\n\t\t\t\t<img loading=\"lazy\" decoding=\"async\" class=\"newsContent__article__imgCapa lazyloadDisabled \" src=\"https:\/\/files.sunoresearch.com.br\/n\/uploads\/2022\/02\/Copim-Agencia-Brasil-800x450.jpg\" width=\"800\" height=\"450\" alt=\"Copom: projeto de lei prev\u00ea mudan\u00e7a na composi\u00e7\u00e3o do comit\u00ea, incluindo Haddad, Tebet e Alckmin\" fetchpriority=high \/>\n\t\t\t<\/picture>\n\n\t\t\t<figcaption class=\"wp-caption-text wp-caption-text--show\">Copom. Foto: Marcelo Camargo\/Ag\u00eancia Brasil<\/figcaption>\n\t\t<\/figure>\n\t<\/div>\n\n\n\n\n\n\t<p>\n\t\t<a href=\"https:\/\/lp.suno.com.br\/planilha-da-vida-financeira\/\" target=\"_blank\" data-element=\"shortcode-suno-banner\" title=\"Banner SUNO, clique e saiba mais\">\n\t\t\t<picture>\n\t\t\t\t<source media=\"(max-width: 500px)\" srcset=\"https:\/\/files.sunoresearch.com.br\/n\/uploads\/2023\/04\/400x300-Planilha-vida-financeira-true.png\">\n\t\t\t\t<img class=\"newsContent__article__imgCapa newsContent__article__imgCapa--banner\"\n\t\t\t\t\tsrc=\"https:\/\/files.sunoresearch.com.br\/n\/uploads\/2023\/04\/1420x240-Planilha-vida-financeira-true.png\"\n\t\t\t\t\tdata-promo-id=\"106682\"\t\t\t\t\t\t\t\t\t\twidth='1420' height='240'\t\t\t\t\talt=\"https:\/\/files.sunoresearch.com.br\/n\/uploads\/2023\/04\/1420x240-Planilha-vida-financeira-true.png\"\n\t\t\t\t>\n\t\t\t<\/picture>\n\t\t<\/a>\n\t<\/p>\n\n\n\n\n\n<p>Segundo o autor do<strong> PLP\u00a045\/23<\/strong>, o objetivo \u00e9 garantir seguran\u00e7a jur\u00eddica \u00e0s delibera\u00e7\u00f5es do \u00f3rg\u00e3o, que pertence ao <strong>Banco Central<\/strong>. \u201cPara evitar a inseguran\u00e7a jur\u00eddica de algo t\u00e3o importante para a economia nacional, estou propondo a regulamenta\u00e7\u00e3o do Copom em lei complementar, mantendo os termos da atual resolu\u00e7\u00e3o administrativa que o define e convalidando todas as decis\u00f5es tomadas anteriormente\u201d, justifica o parlamentar.<\/p>\n\n\n\n<p>Conforme a proposta, cabe ao Copom estabelecer as orienta\u00e7\u00f5es, diretrizes estrat\u00e9gicas e os instrumentos da pol\u00edtica monet\u00e1ria; definir a<strong> taxa Selic<\/strong>; e divulgar o relat\u00f3rio de infla\u00e7\u00e3o abordando o regime de metas, os resultados das decis\u00f5es passadas e a perspectiva da infla\u00e7\u00e3o no futuro.<\/p>\n\n\n\n<p>Em rela\u00e7\u00e3o aos integrantes do \u00f3rg\u00e3o, o texto prev\u00ea que devem fazer parte do conselho o ministro da Fazenda, que o presidir\u00e1; o ministro do Planejamento e Or\u00e7amento; o ministro do Desenvolvimento, Ind\u00fastria, Com\u00e9rcio e Servi\u00e7os; o presidente do Banco Central do Brasil; e o secret\u00e1rio do <a class=\"suno-keyword\" target=\"_blank\" data-force=\"no\" data-priority=\"2\" href=\"https:\/\/www.suno.com.br\/artigos\/tesouro-nacional\/\" rel=\"noopener\">Tesouro Nacional<\/a>. O projeto os incorpora aos atuais integrantes do conselho.<\/p>\n\n\n\n<p>Atualmente, o Copom \u00e9 composto pelo <strong>presidente do BC<\/strong> &#8211; hoje Roberto Campos Neto -, e demais diretores financeiros da institui\u00e7\u00e3o.<\/p>\n\n\n\n<p>O <strong>projeto sobre o Copom<\/strong> ser\u00e1 analisado pelas comiss\u00f5es de Finan\u00e7as e Tributa\u00e7\u00e3o, que j\u00e1 recebeu a proposta, e de Constitui\u00e7\u00e3o e Justi\u00e7a e de Cidadania (CCJ). Em seguida, ir\u00e1 para o Plen\u00e1rio da C\u00e2mara.<\/p>\n\n\n\n<h2 class=\"wp-block-heading\">Copom: projeto n\u00e3o interfere na autonomia do comit\u00ea, diz deputado&nbsp;<\/h2>\n\n\n\n<p>O autor do projeto, deputado <strong>Eduardo da Fonte<\/strong> (PP-PE), afirma que a proposta n\u00e3o interfere na <strong>autonomia do Banco Central<\/strong>.<\/p>\n\n\n\n<p>Pela proposta, o Copom deliberar\u00e1 por maioria simples de votos. O comunicado da <strong>decis\u00e3o do Copom<\/strong> nas reuni\u00f5es ordin\u00e1rias e extraordin\u00e1rias ser\u00e1 divulgado imediatamente ap\u00f3s o t\u00e9rmino da sess\u00e3o e identificar\u00e1 o voto de cada membro.<\/p>\n\n\n\n<p>O PLP prev\u00ea que a ata da <strong>reuni\u00e3o do Copom<\/strong> ser\u00e1 divulgada em at\u00e9 quatro dias \u00fateis contados da data do t\u00e9rmino da reuni\u00e3o e nela dever\u00e3o constar a decis\u00e3o tomada, o registro nominal dos votos proferidos pelos seus membros e um breve resumo das discuss\u00f5es ocorridas durante a sess\u00e3o.<\/p>\n\n\n\n<p>O texto pro\u00edbe os integrantes do <strong>conselho de pol\u00edtica monet\u00e1ria<\/strong>, nos 7 dias anteriores \u00e0s reuni\u00f5es ordin\u00e1rias e nas 24 horas antes das extraordin\u00e1rias, de emitir declara\u00e7\u00e3o sobre o Copom, bem como autorizar a divulga\u00e7\u00e3o de pronunciamento em que tenham emitido declara\u00e7\u00e3o sobre assuntos do <strong>comit\u00ea do BC<\/strong>.<\/p>\n\n\n\n<p>S\u00e3o considerados <strong>assuntos do Copom <\/strong>aqueles relacionados \u00e0 conjuntura da economia brasileira ou internacional, incluindo <strong>taxas de juro<\/strong>s, c\u00e2mbio e quaisquer outros, desde que possam influenciar ou ser influenciados por decis\u00f5es do \u00f3rg\u00e3o.<\/p>\n\n\n\n<h2 class=\"wp-block-heading\">Copom reduz Selic para 11,75% ao ano<\/h2>\n\n\n\n<p>Em dezembro, o Comit\u00ea de&nbsp;<a href=\"https:\/\/www.suno.com.br\/artigos\/politica-monetaria\/\" target=\"_blank\" rel=\"noreferrer noopener\">Pol\u00edtica Monet\u00e1ria<\/a>&nbsp;(<strong>Copom<\/strong>), do Banco Central anunciou a quarta redu\u00e7\u00e3o consecutiva da Selic. A taxa, com corte de 0,5 p.p divulgado hoje, ficou em 11,75%. Foi a oitava e \u00faltima reuni\u00e3o do ano do comit\u00ea do BC. A diminui\u00e7\u00e3o dos juros era aguardada de forma consensual pelo mercado. A decis\u00e3o foi un\u00e2nime. Os membros do Copom anteveem cortes da mesma magnitude nas pr\u00f3ximas reuni\u00f5es.<\/p>\n\n\n\n<p>Conforme pesquisa do Proje\u00e7\u00f5es Broadcast, todas as 57&nbsp;<a href=\"https:\/\/www.suno.com.br\/artigos\/instituicoes-financeiras\/\" target=\"_blank\" rel=\"noreferrer noopener\">institui\u00e7\u00f5es financeiras<\/a>&nbsp;consultadas acreditavam que o Copom manteria o plano de voo com novo&nbsp;<strong>corte de 0,50 ponto na Selic<\/strong>. Para 51 delas (89%), o colegiado seguir\u00e1 nesse ritmo nas duas primeiras reuni\u00f5es de 2024, enquanto tr\u00eas preveem acelera\u00e7\u00e3o do ritmo de baixa a 0,75 ponto em janeiro e outras duas apostam nesse movimento na reuni\u00e3o de mar\u00e7o.<\/p>\n\n\n\n<p>O comportamento dos pre\u00e7os fez o Banco Central (BC) cortar os juros pela quarta vez seguida.<\/p>\n\n\n\t<p>\n\t\t<a href=\"https:\/\/lp.suno.com.br\/ebook-como-analisar-uma-acao\/\" target=\"_blank\" data-element=\"shortcode-suno-banner\" title=\"Banner SUNO, clique e saiba mais\">\n\t\t\t<picture>\n\t\t\t\t<source media=\"(max-width: 500px)\" srcset=\"https:\/\/files.sunoresearch.com.br\/n\/uploads\/2023\/03\/Ebook-Acoes-Mobile.jpg\">\n\t\t\t\t<img class=\"newsContent__article__imgCapa newsContent__article__imgCapa--banner\"\n\t\t\t\t\tsrc=\"https:\/\/files.sunoresearch.com.br\/n\/uploads\/2023\/03\/Ebook-Acoes-Desktop.jpg\"\n\t\t\t\t\tdata-promo-id=\"378302\"\t\t\t\t\t\t\t\t\t\twidth='1420' height='286'\t\t\t\t\talt=\"https:\/\/files.sunoresearch.com.br\/n\/uploads\/2023\/03\/Ebook-Acoes-Desktop.jpg\"\n\t\t\t\t>\n\t\t\t<\/picture>\n\t\t<\/a>\n\t<\/p>\n\n\n\n\n\n<p>No fundamento, o colegiado disse que \u201cessa decis\u00e3o \u00e9 compat\u00edvel com a estrat\u00e9gia de converg\u00eancia da infla\u00e7\u00e3o para o redor da meta ao longo do horizonte relevante, que inclui o ano de 2024 e o de 2025\u201d.<\/p>\n\n\n\n<p>O&nbsp;comunicado do<strong> Copom<\/strong>&nbsp;pondera: \u201cO ambiente externo segue vol\u00e1til e mostra-se menos adverso do que na reuni\u00e3o anterior, marcado pelo arrefecimento das taxas de juros de prazos mais longos nos Estados Unidos e de sinais incipientes de queda dos n\u00facleos de infla\u00e7\u00e3o, que ainda permanecem em n\u00edveis elevados em diversos pa\u00edses.\u201d<\/p>\n\n\n\n\t<div data-element=\"shortcode-read-more\" class=\"readToo\">\n\t\t\t\t<span class=\"readToo__title\">Leia mais<\/span>\n\t\t\t\t<ul class=\"readToo__list\">\n\t\t\t<li><a href=\"https:\/\/www.suno.com.br\/noticias\/xp-xpbr31-previa-4t23-ativos-clientes-trilhao-evm\/\">XP (XPBR31): Ativos de clientes aumentam 19%, para R$ 1,12 trilh\u00e3o; a\u00e7\u00f5es sobem<\/a><\/li><li><a href=\"https:\/\/www.suno.com.br\/noticias\/petrobras-petr4-acoes-pagadoras-dividendos-2024-va\/\">Petrobras (PETR4), Vale (VALE3) e Banco do Brasil (BBSA3): quais a\u00e7\u00f5es devem pagar os maiores dividendos em 2024?<\/a><\/li>\t\t<\/ul>\n\t<\/div>\n\n\n\n\n\n\t<p>\n\t\t<a href=\"https:\/\/lp.suno.com.br\/planilha-da-vida-financeira\/\" target=\"_blank\" data-element=\"shortcode-suno-banner\" title=\"Banner SUNO, clique e saiba mais\">\n\t\t\t<picture>\n\t\t\t\t<source media=\"(max-width: 500px)\" srcset=\"https:\/\/files.sunoresearch.com.br\/n\/uploads\/2023\/04\/400x300-Planilha-vida-financeira-true.png\">\n\t\t\t\t<img class=\"newsContent__article__imgCapa newsContent__article__imgCapa--banner\"\n\t\t\t\t\tsrc=\"https:\/\/files.sunoresearch.com.br\/n\/uploads\/2023\/04\/1420x240-Planilha-vida-financeira-true.png\"\n\t\t\t\t\tdata-promo-id=\"383123\"\t\t\t\t\t\t\t\t\t\twidth='1420' height='240'\t\t\t\t\talt=\"https:\/\/files.sunoresearch.com.br\/n\/uploads\/2023\/04\/1420x240-Planilha-vida-financeira-true.png\"\n\t\t\t\t>\n\t\t\t<\/picture>\n\t\t<\/a>\n\t<\/p>\n\n\n","protected":false},"excerpt":{"rendered":"<p>O deputado Eduardo da Fonte (PP-PE) apresentou um Projeto de Lei Complementar que tem como objetivo regulamentar o funcionamento do Comit\u00ea de Pol\u00edtica Monet\u00e1ria (Copom). O Copom foi institu\u00eddo por um ato administrativo e hoje \u00e9 regido por uma resolu\u00e7\u00e3o.&nbsp; Copom. Foto: Marcelo Camargo\/Ag\u00eancia Brasil Segundo o autor do PLP\u00a045\/23, o objetivo \u00e9 garantir seguran\u00e7a [&hellip;]<\/p>\n","protected":false},"author":301,"featured_media":231025,"comment_status":"closed","ping_status":"closed","sticky":false,"template":"","format":"standard","meta":[],"categories":[62],"tags":[],"suno_strategy":[],"class_list":["post-516500","post","type-post","status-publish","format-standard","has-post-thumbnail","hentry","category-economia"],"yoast_head":"<!-- This site is optimized with the Yoast SEO plugin v24.4 - https:\/\/yoast.com\/wordpress\/plugins\/seo\/ -->\n<title>Copom: projeto de lei muda arranjo do \u00f3rg\u00e3o e inclui Haddad<\/title>\n<meta name=\"description\" content=\"O deputado Eduardo da Fonte (PP-PE) apresentou um Projeto de Lei Complementar que tem como objetivo regulamentar o funcionamento do Copom.\" \/>\n<meta name=\"robots\" content=\"index, follow, max-snippet:-1, max-image-preview:large, max-video-preview:-1\" \/>\n<link rel=\"canonical\" href=\"https:\/\/www.suno.com.br\/noticias\/copom-deputado-envia-pl-muda-composicao-va\/\" \/>\n<meta property=\"og:locale\" content=\"pt_BR\" \/>\n<meta property=\"og:type\" content=\"article\" \/>\n<meta property=\"og:title\" content=\"Copom: projeto de lei muda arranjo do \u00f3rg\u00e3o e inclui Haddad\" \/>\n<meta property=\"og:description\" content=\"O deputado Eduardo da Fonte (PP-PE) apresentou um Projeto de Lei Complementar que tem como objetivo regulamentar o funcionamento do Copom.\" \/>\n<meta property=\"og:url\" content=\"https:\/\/www.suno.com.br\/noticias\/copom-deputado-envia-pl-muda-composicao-va\/\" \/>\n<meta property=\"og:site_name\" content=\"Suno Not\u00edcias\" \/>\n<meta property=\"article:publisher\" content=\"https:\/\/facebook.com\/sunoresearch\" \/>\n<meta property=\"og:image\" content=\"https:\/\/files.sunoresearch.com.br\/n\/uploads\/2022\/02\/Copim-Agencia-Brasil.jpg\" \/>\n\t<meta property=\"og:image:width\" content=\"1200\" \/>\n\t<meta property=\"og:image:height\" content=\"800\" \/>\n\t<meta property=\"og:image:type\" content=\"image\/jpeg\" \/>\n<meta name=\"author\" content=\"Vin\u00edcius Alves\" \/>\n<meta name=\"twitter:card\" content=\"summary_large_image\" \/>\n<meta name=\"twitter:creator\" content=\"@sunoresearch\" \/>\n<meta name=\"twitter:site\" content=\"@sunoresearch\" \/>\n<meta name=\"twitter:label1\" content=\"Escrito por\" \/>\n\t<meta name=\"twitter:data1\" content=\"Vin\u00edcius Alves\" \/>\n\t<meta name=\"twitter:label2\" content=\"Est. tempo de leitura\" \/>\n\t<meta name=\"twitter:data2\" content=\"4 minutos\" \/>\n<script type=\"application\/ld+json\" class=\"yoast-schema-graph\">{\"@context\":\"https:\/\/schema.org\",\"@graph\":[{\"@type\":\"NewsArticle\",\"@id\":\"https:\/\/www.suno.com.br\/noticias\/copom-deputado-envia-pl-muda-composicao-va\/#article\",\"isPartOf\":{\"@id\":\"https:\/\/www.suno.com.br\/noticias\/copom-deputado-envia-pl-muda-composicao-va\/\"},\"author\":{\"name\":\"Vin\u00edcius Alves\",\"@id\":\"https:\/\/www.suno.com.br\/noticias\/#\/schema\/person\/4a180549702d0e236b3e420862bcded3\"},\"headline\":\"Copom: projeto de lei prev\u00ea mudan\u00e7a na composi\u00e7\u00e3o do comit\u00ea, incluindo Haddad, Tebet e Alckmin\",\"datePublished\":\"2024-01-26T19:27:18+00:00\",\"dateModified\":\"2024-01-26T19:27:26+00:00\",\"mainEntityOfPage\":{\"@id\":\"https:\/\/www.suno.com.br\/noticias\/copom-deputado-envia-pl-muda-composicao-va\/\"},\"wordCount\":816,\"publisher\":{\"@id\":\"https:\/\/www.suno.com.br\/noticias\/#organization\"},\"image\":{\"@id\":\"https:\/\/www.suno.com.br\/noticias\/copom-deputado-envia-pl-muda-composicao-va\/#primaryimage\"},\"thumbnailUrl\":\"https:\/\/files.sunoresearch.com.br\/n\/uploads\/2022\/02\/Copim-Agencia-Brasil.jpg\",\"articleSection\":[\"Economia\"],\"inLanguage\":\"pt-BR\"},{\"@type\":\"WebPage\",\"@id\":\"https:\/\/www.suno.com.br\/noticias\/copom-deputado-envia-pl-muda-composicao-va\/\",\"url\":\"https:\/\/www.suno.com.br\/noticias\/copom-deputado-envia-pl-muda-composicao-va\/\",\"name\":\"Copom: projeto de lei muda arranjo do \u00f3rg\u00e3o e inclui Haddad\",\"isPartOf\":{\"@id\":\"https:\/\/www.suno.com.br\/noticias\/#website\"},\"primaryImageOfPage\":{\"@id\":\"https:\/\/www.suno.com.br\/noticias\/copom-deputado-envia-pl-muda-composicao-va\/#primaryimage\"},\"image\":{\"@id\":\"https:\/\/www.suno.com.br\/noticias\/copom-deputado-envia-pl-muda-composicao-va\/#primaryimage\"},\"thumbnailUrl\":\"https:\/\/files.sunoresearch.com.br\/n\/uploads\/2022\/02\/Copim-Agencia-Brasil.jpg\",\"datePublished\":\"2024-01-26T19:27:18+00:00\",\"dateModified\":\"2024-01-26T19:27:26+00:00\",\"description\":\"O deputado Eduardo da Fonte (PP-PE) apresentou um Projeto de Lei Complementar que tem como objetivo regulamentar o funcionamento do Copom.\",\"breadcrumb\":{\"@id\":\"https:\/\/www.suno.com.br\/noticias\/copom-deputado-envia-pl-muda-composicao-va\/#breadcrumb\"},\"inLanguage\":\"pt-BR\",\"potentialAction\":[{\"@type\":\"ReadAction\",\"target\":[\"https:\/\/www.suno.com.br\/noticias\/copom-deputado-envia-pl-muda-composicao-va\/\"]}]},{\"@type\":\"ImageObject\",\"inLanguage\":\"pt-BR\",\"@id\":\"https:\/\/www.suno.com.br\/noticias\/copom-deputado-envia-pl-muda-composicao-va\/#primaryimage\",\"url\":\"https:\/\/files.sunoresearch.com.br\/n\/uploads\/2022\/02\/Copim-Agencia-Brasil.jpg\",\"contentUrl\":\"https:\/\/files.sunoresearch.com.br\/n\/uploads\/2022\/02\/Copim-Agencia-Brasil.jpg\",\"width\":1200,\"height\":800,\"caption\":\"Copom. Foto: Marcelo Camargo\/Ag\u00eancia Brasil\"},{\"@type\":\"BreadcrumbList\",\"@id\":\"https:\/\/www.suno.com.br\/noticias\/copom-deputado-envia-pl-muda-composicao-va\/#breadcrumb\",\"itemListElement\":[{\"@type\":\"ListItem\",\"position\":1,\"name\":\"Not\u00edcias\",\"item\":\"https:\/\/www.suno.com.br\/noticias\/\"},{\"@type\":\"ListItem\",\"position\":2,\"name\":\"Economia\",\"item\":\"https:\/\/www.suno.com.br\/noticias\/economia\/\"},{\"@type\":\"ListItem\",\"position\":3,\"name\":\"Copom: projeto de lei prev\u00ea mudan\u00e7a na composi\u00e7\u00e3o do comit\u00ea, incluindo Haddad, Tebet e Alckmin\"}]},{\"@type\":\"WebSite\",\"@id\":\"https:\/\/www.suno.com.br\/noticias\/#website\",\"url\":\"https:\/\/www.suno.com.br\/noticias\/\",\"name\":\"Suno Not\u00edcias\",\"description\":\"Seu portal de informa\u00e7\u00e3o sobre o mundo dos investimentos\",\"publisher\":{\"@id\":\"https:\/\/www.suno.com.br\/noticias\/#organization\"},\"potentialAction\":[{\"@type\":\"SearchAction\",\"target\":{\"@type\":\"EntryPoint\",\"urlTemplate\":\"https:\/\/www.suno.com.br\/noticias\/?s={search_term_string}\"},\"query-input\":{\"@type\":\"PropertyValueSpecification\",\"valueRequired\":true,\"valueName\":\"search_term_string\"}}],\"inLanguage\":\"pt-BR\"},{\"@type\":\"Organization\",\"@id\":\"https:\/\/www.suno.com.br\/noticias\/#organization\",\"name\":\"Suno Not\u00edcias\",\"url\":\"https:\/\/www.suno.com.br\/noticias\/\",\"logo\":{\"@type\":\"ImageObject\",\"inLanguage\":\"pt-BR\",\"@id\":\"https:\/\/www.suno.com.br\/noticias\/#\/schema\/logo\/image\/\",\"url\":\"https:\/\/files.sunoresearch.com.br\/n\/uploads\/2021\/09\/suno-logo.png\",\"contentUrl\":\"https:\/\/files.sunoresearch.com.br\/n\/uploads\/2021\/09\/suno-logo.png\",\"width\":180,\"height\":180,\"caption\":\"Suno Not\u00edcias\"},\"image\":{\"@id\":\"https:\/\/www.suno.com.br\/noticias\/#\/schema\/logo\/image\/\"},\"sameAs\":[\"https:\/\/facebook.com\/sunoresearch\",\"https:\/\/x.com\/sunoresearch\",\"https:\/\/www.instagram.com\/suno\",\"https:\/\/www.linkedin.com\/company\/suno-research\/\",\"https:\/\/www.youtube.com\/c\/sunoresearch\"]},{\"@type\":\"Person\",\"@id\":\"https:\/\/www.suno.com.br\/noticias\/#\/schema\/person\/4a180549702d0e236b3e420862bcded3\",\"name\":\"Vin\u00edcius Alves\",\"image\":{\"@type\":\"ImageObject\",\"inLanguage\":\"pt-BR\",\"@id\":\"https:\/\/www.suno.com.br\/noticias\/#\/schema\/person\/image\/\",\"url\":\"https:\/\/secure.gravatar.com\/avatar\/a95b7fe6d1b813f7907d4f476d5a39e1?s=96&r=g\",\"contentUrl\":\"https:\/\/secure.gravatar.com\/avatar\/a95b7fe6d1b813f7907d4f476d5a39e1?s=96&r=g\",\"caption\":\"Vin\u00edcius Alves\"},\"description\":\"Jornalista formado na Faculdade C\u00e1sper L\u00edbero. Com passagens pela Ag\u00eancia Estado, InfoMoney e Editora Globo.\",\"url\":\"https:\/\/www.suno.com.br\/noticias\/author\/vini08correiagmail-com\/\"}]}<\/script>\n<!-- \/ Yoast SEO plugin. -->","yoast_head_json":{"title":"Copom: projeto de lei muda arranjo do \u00f3rg\u00e3o e inclui Haddad","description":"O deputado Eduardo da Fonte (PP-PE) apresentou um Projeto de Lei Complementar que tem como objetivo regulamentar o funcionamento do Copom.","robots":{"index":"index","follow":"follow","max-snippet":"max-snippet:-1","max-image-preview":"max-image-preview:large","max-video-preview":"max-video-preview:-1"},"canonical":"https:\/\/www.suno.com.br\/noticias\/copom-deputado-envia-pl-muda-composicao-va\/","og_locale":"pt_BR","og_type":"article","og_title":"Copom: projeto de lei muda arranjo do \u00f3rg\u00e3o e inclui Haddad","og_description":"O deputado Eduardo da Fonte (PP-PE) apresentou um Projeto de Lei Complementar que tem como objetivo regulamentar o funcionamento do Copom.","og_url":"https:\/\/www.suno.com.br\/noticias\/copom-deputado-envia-pl-muda-composicao-va\/","og_site_name":"Suno Not\u00edcias","article_publisher":"https:\/\/facebook.com\/sunoresearch","og_image":[{"width":1200,"height":800,"url":"https:\/\/files.sunoresearch.com.br\/n\/uploads\/2022\/02\/Copim-Agencia-Brasil.jpg","type":"image\/jpeg"}],"author":"Vin\u00edcius Alves","twitter_card":"summary_large_image","twitter_creator":"@sunoresearch","twitter_site":"@sunoresearch","twitter_misc":{"Escrito por":"Vin\u00edcius Alves","Est. tempo de leitura":"4 minutos"},"schema":{"@context":"https:\/\/schema.org","@graph":[{"@type":"NewsArticle","@id":"https:\/\/www.suno.com.br\/noticias\/copom-deputado-envia-pl-muda-composicao-va\/#article","isPartOf":{"@id":"https:\/\/www.suno.com.br\/noticias\/copom-deputado-envia-pl-muda-composicao-va\/"},"author":{"name":"Vin\u00edcius Alves","@id":"https:\/\/www.suno.com.br\/noticias\/#\/schema\/person\/4a180549702d0e236b3e420862bcded3"},"headline":"Copom: projeto de lei prev\u00ea mudan\u00e7a na composi\u00e7\u00e3o do comit\u00ea, incluindo Haddad, Tebet e Alckmin","datePublished":"2024-01-26T19:27:18+00:00","dateModified":"2024-01-26T19:27:26+00:00","mainEntityOfPage":{"@id":"https:\/\/www.suno.com.br\/noticias\/copom-deputado-envia-pl-muda-composicao-va\/"},"wordCount":816,"publisher":{"@id":"https:\/\/www.suno.com.br\/noticias\/#organization"},"image":{"@id":"https:\/\/www.suno.com.br\/noticias\/copom-deputado-envia-pl-muda-composicao-va\/#primaryimage"},"thumbnailUrl":"https:\/\/files.sunoresearch.com.br\/n\/uploads\/2022\/02\/Copim-Agencia-Brasil.jpg","articleSection":["Economia"],"inLanguage":"pt-BR"},{"@type":"WebPage","@id":"https:\/\/www.suno.com.br\/noticias\/copom-deputado-envia-pl-muda-composicao-va\/","url":"https:\/\/www.suno.com.br\/noticias\/copom-deputado-envia-pl-muda-composicao-va\/","name":"Copom: projeto de lei muda arranjo do \u00f3rg\u00e3o e inclui Haddad","isPartOf":{"@id":"https:\/\/www.suno.com.br\/noticias\/#website"},"primaryImageOfPage":{"@id":"https:\/\/www.suno.com.br\/noticias\/copom-deputado-envia-pl-muda-composicao-va\/#primaryimage"},"image":{"@id":"https:\/\/www.suno.com.br\/noticias\/copom-deputado-envia-pl-muda-composicao-va\/#primaryimage"},"thumbnailUrl":"https:\/\/files.sunoresearch.com.br\/n\/uploads\/2022\/02\/Copim-Agencia-Brasil.jpg","datePublished":"2024-01-26T19:27:18+00:00","dateModified":"2024-01-26T19:27:26+00:00","description":"O deputado Eduardo da Fonte (PP-PE) apresentou um Projeto de Lei Complementar que tem como objetivo regulamentar o funcionamento do Copom.","breadcrumb":{"@id":"https:\/\/www.suno.com.br\/noticias\/copom-deputado-envia-pl-muda-composicao-va\/#breadcrumb"},"inLanguage":"pt-BR","potentialAction":[{"@type":"ReadAction","target":["https:\/\/www.suno.com.br\/noticias\/copom-deputado-envia-pl-muda-composicao-va\/"]}]},{"@type":"ImageObject","inLanguage":"pt-BR","@id":"https:\/\/www.suno.com.br\/noticias\/copom-deputado-envia-pl-muda-composicao-va\/#primaryimage","url":"https:\/\/files.sunoresearch.com.br\/n\/uploads\/2022\/02\/Copim-Agencia-Brasil.jpg","contentUrl":"https:\/\/files.sunoresearch.com.br\/n\/uploads\/2022\/02\/Copim-Agencia-Brasil.jpg","width":1200,"height":800,"caption":"Copom. Foto: Marcelo Camargo\/Ag\u00eancia Brasil"},{"@type":"BreadcrumbList","@id":"https:\/\/www.suno.com.br\/noticias\/copom-deputado-envia-pl-muda-composicao-va\/#breadcrumb","itemListElement":[{"@type":"ListItem","position":1,"name":"Not\u00edcias","item":"https:\/\/www.suno.com.br\/noticias\/"},{"@type":"ListItem","position":2,"name":"Economia","item":"https:\/\/www.suno.com.br\/noticias\/economia\/"},{"@type":"ListItem","position":3,"name":"Copom: projeto de lei prev\u00ea mudan\u00e7a na composi\u00e7\u00e3o do comit\u00ea, incluindo Haddad, Tebet e Alckmin"}]},{"@type":"WebSite","@id":"https:\/\/www.suno.com.br\/noticias\/#website","url":"https:\/\/www.suno.com.br\/noticias\/","name":"Suno Not\u00edcias","description":"Seu portal de informa\u00e7\u00e3o sobre o mundo dos investimentos","publisher":{"@id":"https:\/\/www.suno.com.br\/noticias\/#organization"},"potentialAction":[{"@type":"SearchAction","target":{"@type":"EntryPoint","urlTemplate":"https:\/\/www.suno.com.br\/noticias\/?s={search_term_string}"},"query-input":{"@type":"PropertyValueSpecification","valueRequired":true,"valueName":"search_term_string"}}],"inLanguage":"pt-BR"},{"@type":"Organization","@id":"https:\/\/www.suno.com.br\/noticias\/#organization","name":"Suno Not\u00edcias","url":"https:\/\/www.suno.com.br\/noticias\/","logo":{"@type":"ImageObject","inLanguage":"pt-BR","@id":"https:\/\/www.suno.com.br\/noticias\/#\/schema\/logo\/image\/","url":"https:\/\/files.sunoresearch.com.br\/n\/uploads\/2021\/09\/suno-logo.png","contentUrl":"https:\/\/files.sunoresearch.com.br\/n\/uploads\/2021\/09\/suno-logo.png","width":180,"height":180,"caption":"Suno Not\u00edcias"},"image":{"@id":"https:\/\/www.suno.com.br\/noticias\/#\/schema\/logo\/image\/"},"sameAs":["https:\/\/facebook.com\/sunoresearch","https:\/\/x.com\/sunoresearch","https:\/\/www.instagram.com\/suno","https:\/\/www.linkedin.com\/company\/suno-research\/","https:\/\/www.youtube.com\/c\/sunoresearch"]},{"@type":"Person","@id":"https:\/\/www.suno.com.br\/noticias\/#\/schema\/person\/4a180549702d0e236b3e420862bcded3","name":"Vin\u00edcius Alves","image":{"@type":"ImageObject","inLanguage":"pt-BR","@id":"https:\/\/www.suno.com.br\/noticias\/#\/schema\/person\/image\/","url":"https:\/\/secure.gravatar.com\/avatar\/a95b7fe6d1b813f7907d4f476d5a39e1?s=96&r=g","contentUrl":"https:\/\/secure.gravatar.com\/avatar\/a95b7fe6d1b813f7907d4f476d5a39e1?s=96&r=g","caption":"Vin\u00edcius Alves"},"description":"Jornalista formado na Faculdade C\u00e1sper L\u00edbero. Com passagens pela Ag\u00eancia Estado, InfoMoney e Editora Globo.","url":"https:\/\/www.suno.com.br\/noticias\/author\/vini08correiagmail-com\/"}]}},"default_loop_html":"<div class=\"cardsPage__listCard__boxs\"><div class=\"cardsPage__listCard__boxs__img\"><a href=\"https:\/\/www.suno.com.br\/noticias\/copom-deputado-envia-pl-muda-composicao-va\/\"><img class=\"mask\" src=\"https:\/\/www.suno.com.br\/noticias\/wp-content\/themes\/suno\/resources\/images\/spotlight\/spotlight1img\/bg-mask.png\" alt=\"Image Mask\"\/><img src=\"https:\/\/files.sunoresearch.com.br\/n\/uploads\/2022\/02\/Copim-Agencia-Brasil-400x200.jpg\" alt=\"Copom: projeto de lei prev\u00ea mudan\u00e7a na composi\u00e7\u00e3o do comit\u00ea, incluindo Haddad, Tebet e Alckmin\"\/><\/a><span class=\"spotlightCategory\"><a href=\"https:\/\/www.suno.com.br\/noticias\/economia\/\">Economia<\/a><\/span><\/div><div class=\"cardsPage__listCard__boxs__content\"><a href=\"https:\/\/www.suno.com.br\/noticias\/copom-deputado-envia-pl-muda-composicao-va\/\"><h2 class=\"content__title\">Copom: projeto de lei prev\u00ea mudan\u00e7a na composi\u00e7\u00e3o do comit\u00ea, incluindo Haddad, Tebet e Alckmin<\/h2><\/a><div class=\"newsContent__article__meta\"><div class=\"newsContent__article__meta__authorBox\"><a href=\"https:\/\/www.suno.com.br\/noticias\/author\/vini08correiagmail-com\/\" class=\"authorBox__avatar noMobi\"><img src=\"https:\/\/files.sunoresearch.com.br\/n\/uploads\/2026\/04\/WhatsApp-Image-2026-04-20-at-19.35.48-150x150.webp\" alt=\"Vin\u00edcius Alves\"><\/a><div class=\"authorBox__name\"><span>por\n\t\t\t<a href=\"https:\/\/www.suno.com.br\/noticias\/author\/vini08correiagmail-com\/\"><span itemprop=\"author\">Vin\u00edcius Alves<\/span><\/a><\/span><time datetime=\"2024-01-26T16:27:18-03:00\" itemprop=\"datePublished\">26\/01\/2024 16:27<\/time><\/div><\/div><\/div><\/div><\/div>","single_layout":"posts","amp_enabled":true,"_links":{"self":[{"href":"https:\/\/www.suno.com.br\/noticias\/wp-json\/wp\/v2\/posts\/516500"}],"collection":[{"href":"https:\/\/www.suno.com.br\/noticias\/wp-json\/wp\/v2\/posts"}],"about":[{"href":"https:\/\/www.suno.com.br\/noticias\/wp-json\/wp\/v2\/types\/post"}],"author":[{"embeddable":true,"href":"https:\/\/www.suno.com.br\/noticias\/wp-json\/wp\/v2\/users\/301"}],"replies":[{"embeddable":true,"href":"https:\/\/www.suno.com.br\/noticias\/wp-json\/wp\/v2\/comments?post=516500"}],"version-history":[{"count":2,"href":"https:\/\/www.suno.com.br\/noticias\/wp-json\/wp\/v2\/posts\/516500\/revisions"}],"predecessor-version":[{"id":516531,"href":"https:\/\/www.suno.com.br\/noticias\/wp-json\/wp\/v2\/posts\/516500\/revisions\/516531"}],"wp:featuredmedia":[{"embeddable":true,"href":"https:\/\/www.suno.com.br\/noticias\/wp-json\/wp\/v2\/media\/231025"}],"wp:attachment":[{"href":"https:\/\/www.suno.com.br\/noticias\/wp-json\/wp\/v2\/media?parent=516500"}],"wp:term":[{"taxonomy":"category","embeddable":true,"href":"https:\/\/www.suno.com.br\/noticias\/wp-json\/wp\/v2\/categories?post=516500"},{"taxonomy":"post_tag","embeddable":true,"href":"https:\/\/www.suno.com.br\/noticias\/wp-json\/wp\/v2\/tags?post=516500"},{"taxonomy":"suno_strategy","embeddable":true,"href":"https:\/\/www.suno.com.br\/noticias\/wp-json\/wp\/v2\/suno_strategy?post=516500"}],"curies":[{"name":"wp","href":"https:\/\/api.w.org\/{rel}","templated":true}]}}