{"id":516167,"date":"2024-01-26T08:26:52","date_gmt":"2024-01-26T11:26:52","guid":{"rendered":"https:\/\/www.suno.com.br\/noticias\/?p=516167"},"modified":"2024-01-26T08:26:59","modified_gmt":"2024-01-26T11:26:59","slug":"americanas-amer3-tribunal-trabalhadores-divida-gpj","status":"publish","type":"post","link":"https:\/\/www.suno.com.br\/noticias\/americanas-amer3-tribunal-trabalhadores-divida-gpj\/","title":{"rendered":"Americanas (AMER3): tribunal aceita pedido de trabalhadores sobre d\u00edvida milion\u00e1ria; entenda"},"content":{"rendered":"<p>O Tribunal Regional do Trabalho (TRT) da 10\u00aa Regi\u00e3o aceitou parte do pedido de trabalhadores da <strong>Americanas <\/strong>(<a href=\"https:\/\/statusinvest.com.br\/acoes\/amer3\">AMER3<\/a>) e determinou a abertura de procedimento para desconsiderar a personalidade jur\u00eddica da empresa.<\/p>\t<div class=\"wrapper-featured-image\">\n\t\t<figure class=\"spotlightImg\">\n\n\t\t\t<picture>\n\t\t\t\t<source media=\"(max-width: 768px)\" srcset=\"https:\/\/files.sunoresearch.com.br\/n\/uploads\/2023\/04\/americanas-amer3-fachada-loja-crise-foto-divulgacao-400x200.jpg\">\n\t\t\t\t<img loading=\"lazy\" decoding=\"async\" class=\"newsContent__article__imgCapa lazyloadDisabled \" src=\"https:\/\/files.sunoresearch.com.br\/n\/uploads\/2023\/04\/americanas-amer3-fachada-loja-crise-foto-divulgacao-800x450.jpg\" width=\"800\" height=\"450\" alt=\"Americanas (AMER3): tribunal aceita pedido de trabalhadores sobre d\u00edvida milion\u00e1ria; entenda\" fetchpriority=high \/>\n\t\t\t<\/picture>\n\n\t\t\t<figcaption class=\"wp-caption-text wp-caption-text--show\">Americanas (AMER3) - Foto: Divulga\u00e7\u00e3o<\/figcaption>\n\t\t<\/figure>\n\t<\/div>\n\n\n\n\n\n\n\n\t<p>\n\t\t<a href=\"\" target=\"_blank\" data-element=\"shortcode-suno-banner\" title=\"Banner SUNO, clique e saiba mais\">\n\t\t\t<picture>\n\t\t\t\t<source media=\"(max-width: 500px)\" srcset=\"\">\n\t\t\t\t<img class=\"newsContent__article__imgCapa newsContent__article__imgCapa--banner\"\n\t\t\t\t\tsrc=\"\"\n\t\t\t\t\tdata-promo-id=\"265277\"\t\t\t\t\t\t\t\t\t\t\t\t\t\t\talt=\"\"\n\t\t\t\t>\n\t\t\t<\/picture>\n\t\t<\/a>\n\t<\/p>\n\n\n\n\n\n<p>Isso poder\u00e1 permitir o alcance de bens dos s\u00f3cios ou <strong>administradores da Americanas<\/strong>. Com a decis\u00e3o da 2\u00aa Turma da Corte, o requerimento ser\u00e1 analisado pela primeira inst\u00e2ncia do Judici\u00e1rio.<\/p>\n\n\n\n<p>Ao todo, s\u00e3o R$ 82,9 milh\u00f5es de d\u00edvidas trabalhistas listadas no quadro geral de <strong>credores da Americanas<\/strong>.<\/p>\n\n\n\n<p>Originalmente, o pedido dos trabalhadores inclu\u00eda o bloqueio de R$ 1,53 bilh\u00e3o dos tr\u00eas <strong>acionistas de refer\u00eancia da Americanas<\/strong> &#8211; <a href=\"https:\/\/www.suno.com.br\/tudo-sobre\/carlos-alberto-sicupira\/\">Carlos Alberto Sicupira<\/a>, Jorge Paulo Lemann e Marcel Herrmann Telles &#8211; mas essa parte n\u00e3o foi aceita.<\/p>\n\n\n\n<p>Com a decis\u00e3o do TRT, o processo volta para a primeira inst\u00e2ncia para que seja instaurado o procedimento para a desconsidera\u00e7\u00e3o da personalidade jur\u00eddica do grupo, segundo explicou o advogado das centrais sindicais, Jos\u00e9 Eymard Loguercio, s\u00f3cio da LBS Advogadas e Advogados, ao jornal Valor Econ\u00f4mico.<\/p>\n\n\n\n<p>Mesmo sem o bloqueio do valor bilion\u00e1rio, a decis\u00e3o do TRT reforma entendimento de primeira inst\u00e2ncia. O pedido havia sido negado inicialmente pelo juiz Urgel Ribeiro Pereira Lopes, que alegou que n\u00e3o haveria provas nos autos do processo de inadimpl\u00eancia trabalhista e demiss\u00e3o em massa causadas pela <strong>inconsist\u00eancia cont\u00e1bil da Americanas.<\/strong><\/p>\n\n\n\n\t<div data-element=\"shortcode-read-more\" class=\"readToo\">\n\t\t\t\t<span class=\"readToo__title\">Leia mais<\/span>\n\t\t\t\t<ul class=\"readToo__list\">\n\t\t\t<li><a href=\"https:\/\/www.suno.com.br\/noticias\/americanas-associacao-concorrente-gpj\/\">Americanas (AMER3) considera associa\u00e7\u00e3o com concorrente para amenizar crise, diz jornal<\/a><\/li><li><a href=\"https:\/\/www.suno.com.br\/noticias\/fraude-americanas-amer3-custou-bilhoes-bancos-evm\/\">Fraude da Americanas (AMER3) custou R$ 14 bilh\u00f5es aos bancos<\/a><\/li><li><a href=\"https:\/\/www.suno.com.br\/noticias\/americanas-amer3-escandalo-contabil-2024-gpj\/\">Americanas (AMER3): um ano ap\u00f3s esc\u00e2ndalo cont\u00e1bil, o que esperar para 2024?<\/a><\/li>\t\t<\/ul>\n\t<\/div>\n\n\n\n\n<h2 class=\"wp-block-heading\">O que diz a Americanas?<\/h2>\n\n\n\n<p>Ao Valor, a Americanas informou que a 2\u00aa Turma do TRT apenas aceitou que seja analisada a necessidade de instaura\u00e7\u00e3o de um Incidente de Desconsidera\u00e7\u00e3o de Personalidade Jur\u00eddica (IDPJ) e que, caso seja instaurado, ainda dever\u00e1 ser processado e julgado pelo juiz de primeiro grau. <\/p>\n\n\n\n<p>Al\u00e9m disso, \u00e0 publica\u00e7\u00e3o, destacou que n\u00e3o h\u00e1 qualquer decis\u00e3o que tenha determinado, pelo TRT, a desconsidera\u00e7\u00e3o de sua personalidade jur\u00eddica.<\/p>\n\n\n\n<p>Ainda de acordo com a varejista, parte dos R$ 82,9 milh\u00f5es de d\u00edvidas trabalhistas listadas no quadro geral de credores foi quitada no primeiro trimestre de 2023, sendo o pagamento suspenso por decis\u00e3o judicial.<\/p>\n\n\n\n<p>Por fim, a Americanas lembra que o <a href=\"https:\/\/www.suno.com.br\/artigos\/plano-de-recuperacao\/\">plano de recupera\u00e7\u00e3o judicial<\/a> aprovado em 19 de dezembro prev\u00ea a quita\u00e7\u00e3o integral destes cr\u00e9ditos e de micro e pequenos empreendedores em suas condi\u00e7\u00f5es originais (sem des\u00e1gio) ap\u00f3s a homologa\u00e7\u00e3o pelo ju\u00edzo da recupera\u00e7\u00e3o judicial.<\/p>\n\n\n\t<p>\n\t\t<a href=\"https:\/\/lp.suno.com.br\/planilha-da-vida-financeira\/\" target=\"_blank\" data-element=\"shortcode-suno-banner\" title=\"Banner SUNO, clique e saiba mais\">\n\t\t\t<picture>\n\t\t\t\t<source media=\"(max-width: 500px)\" srcset=\"https:\/\/files.sunoresearch.com.br\/n\/uploads\/2023\/04\/400x300-Planilha-vida-financeira-true.png\">\n\t\t\t\t<img class=\"newsContent__article__imgCapa newsContent__article__imgCapa--banner\"\n\t\t\t\t\tsrc=\"https:\/\/files.sunoresearch.com.br\/n\/uploads\/2023\/04\/1420x240-Planilha-vida-financeira-true.png\"\n\t\t\t\t\tdata-promo-id=\"383123\"\t\t\t\t\t\t\t\t\t\twidth='1420' height='240'\t\t\t\t\talt=\"https:\/\/files.sunoresearch.com.br\/n\/uploads\/2023\/04\/1420x240-Planilha-vida-financeira-true.png\"\n\t\t\t\t>\n\t\t\t<\/picture>\n\t\t<\/a>\n\t<\/p>\n\n\n\n\n\n<h2 class=\"wp-block-heading\">Americanas (AMER3): fundos de pens\u00e3o tiveram perda de R$ 956 milh\u00f5es com pap\u00e9is<\/h2>\n\n\n\n<p>Os fundos de pens\u00e3o do Pa\u00eds tiveram uma perda de R$ 956 milh\u00f5es com a crise da&nbsp;Americanas, deflagrada em janeiro do ano passado. <\/p>\n\n\n\n<p>Entretanto, uma boa parte desse total pode ser recuperada ao longo dos pr\u00f3ximos anos: se cumprido o&nbsp;<a href=\"https:\/\/www.suno.com.br\/artigos\/plano-de-recuperacao\/\" target=\"_blank\" rel=\"noreferrer noopener\">plano de recupera\u00e7\u00e3o judicial<\/a>&nbsp;da companhia, aprovado pelos credores em dezembro do ano passado, estima-se que at\u00e9 60% do valor pode ser retomado, um montante relativamente alto em processos do tipo.<\/p>\n\n\n\n<p>A estimativa sobre as perdas \u00e9 da Superintend\u00eancia Nacional de Previd\u00eancia Complementar (Previc), \u00f3rg\u00e3o do governo federal que supervisiona os fundos de pens\u00e3o do Pa\u00eds.<\/p>\n\n\n\n<p>O valor se refere \u00e0 desvaloriza\u00e7\u00e3o dos pap\u00e9is emitidos pela varejista, que pediu prote\u00e7\u00e3o judicial ap\u00f3s a revela\u00e7\u00e3o de uma fraude cont\u00e1bil que, depois, foi avaliada em mais de R$ 25 bilh\u00f5es.<\/p>\n\n\n\n<h2 class=\"wp-block-heading\">Americanas: exposi\u00e7\u00e3o inclui a\u00e7\u00f5es e t\u00edtulos de d\u00edvida<\/h2>\n\n\n\n<p>Os fundos de pens\u00e3o tinham exposi\u00e7\u00e3o \u00e0 Americanas atrav\u00e9s de t\u00edtulos de d\u00edvida ou de fundos que investiam em a\u00e7\u00f5es da companhia. A perspectiva de recupera\u00e7\u00e3o est\u00e1 desenhada a partir do plano aprovado pela empresa na Justi\u00e7a. Os credores financeiros poder\u00e3o receber o pagamento da Americanas com desconto de no m\u00ednimo 70%, ou ent\u00e3o converter parte da d\u00edvida em a\u00e7\u00f5es, outra parte em d\u00edvida nova e receber o restante em dinheiro.<\/p>\n\n\n\n<h2 class=\"wp-block-heading\">Recupera\u00e7\u00e3o deve acontecer no longo prazo<\/h2>\n\n\n\n<p>Os fundos de pens\u00e3o ter\u00e3o de exercitar a habilidade de pensar no longo prazo: a recompra tem prazo at\u00e9 2039 para ser quitada; na convers\u00e3o em a\u00e7\u00f5es, os credores ter\u00e3o de esperar tr\u00eas anos para zerar a posi\u00e7\u00e3o. E tamb\u00e9m ter\u00e3o de contar com uma valoriza\u00e7\u00e3o dos pap\u00e9is para acima dos R$ 1,30 a que cada um deles sair\u00e1 na capitaliza\u00e7\u00e3o, que somar\u00e1 R$ 24 bilh\u00f5es.<\/p>\n\n\n\n<p>Embora o preju\u00edzo tenha sido consider\u00e1vel, n\u00e3o virou perda efetiva de dinheiro na maior parte do mercado. Houve apenas sete casos de poss\u00edveis problemas de gest\u00e3o relacionados \u00e0 venda dos pap\u00e9is da Americanas antes da aprova\u00e7\u00e3o da&nbsp;<a target=\"_blank\" href=\"https:\/\/www.suno.com.br\/artigos\/recuperacao-judicial\/\" rel=\"noreferrer noopener\">recupera\u00e7\u00e3o judicial<\/a>, que abre a perspectiva de uma recupera\u00e7\u00e3o maior dos valores perdidos.<\/p>\n\n\n\n<p>Al\u00e9m disso, o impacto da<strong> Americanas<\/strong> para os benefici\u00e1rios foi relativamente pequeno. Apesar de o volume somar quase R$ 1 bilh\u00e3o, \u00e9 apenas 0,8% do patrim\u00f4nio do setor. Os fundos de pens\u00e3o t\u00eam mais de R$ 1,2 trilh\u00e3o em ativos.<\/p>\n\n\n\n<p><em>*Com informa\u00e7\u00f5es de Estad\u00e3o Conte\u00fado<\/em><a href=\"https:\/\/lp.suno.com.br\/planilha-da-vida-financeira\/\" target=\"_blank\" rel=\"noreferrer noopener\"><\/a><\/p>\n\n\n\t<p>\n\t\t<a href=\"https:\/\/lp.suno.com.br\/ebook-como-analisar-uma-acao\/\" target=\"_blank\" data-element=\"shortcode-suno-banner\" title=\"Banner SUNO, clique e saiba mais\">\n\t\t\t<picture>\n\t\t\t\t<source media=\"(max-width: 500px)\" srcset=\"https:\/\/files.sunoresearch.com.br\/n\/uploads\/2023\/03\/Ebook-Acoes-Mobile-1.jpg\">\n\t\t\t\t<img class=\"newsContent__article__imgCapa newsContent__article__imgCapa--banner\"\n\t\t\t\t\tsrc=\"https:\/\/files.sunoresearch.com.br\/n\/uploads\/2023\/03\/Ebook-Acoes-Desktop-1.jpg\"\n\t\t\t\t\tdata-promo-id=\"171998\"\t\t\t\t\t\t\t\t\t\twidth='1420' height='286'\t\t\t\t\talt=\"https:\/\/files.sunoresearch.com.br\/n\/uploads\/2023\/03\/Ebook-Acoes-Desktop-1.jpg\"\n\t\t\t\t>\n\t\t\t<\/picture>\n\t\t<\/a>\n\t<\/p>\n\n\n","protected":false},"excerpt":{"rendered":"<p>O Tribunal Regional do Trabalho (TRT) da 10\u00aa Regi\u00e3o aceitou parte do pedido de trabalhadores da Americanas (AMER3) e determinou a abertura de procedimento para desconsiderar a personalidade jur\u00eddica da empresa. Americanas (AMER3) &#8211; Foto: Divulga\u00e7\u00e3o Isso poder\u00e1 permitir o alcance de bens dos s\u00f3cios ou administradores da Americanas. Com a decis\u00e3o da 2\u00aa Turma [&hellip;]<\/p>\n","protected":false},"author":313,"featured_media":397195,"comment_status":"closed","ping_status":"closed","sticky":false,"template":"","format":"standard","meta":[],"categories":[64],"tags":[106605,314],"suno_strategy":[],"class_list":["post-516167","post","type-post","status-publish","format-standard","has-post-thumbnail","hentry","category-negocios","tag-americanas-s-a-amer3","tag-recuperacao-judicial"],"yoast_head":"<!-- This site is optimized with the Yoast SEO plugin v24.4 - https:\/\/yoast.com\/wordpress\/plugins\/seo\/ -->\n<title>Americanas (AMER3): tribunal aceita pedido de trabalhadores sobre d\u00edvida<\/title>\n<meta name=\"description\" content=\"O TRT aceitou parte do pedido de empregados da Americanas e firmou a abertura de procedimento para desconsiderar sua personalidade jur\u00eddica.\" \/>\n<meta name=\"robots\" content=\"index, follow, max-snippet:-1, max-image-preview:large, max-video-preview:-1\" \/>\n<link rel=\"canonical\" href=\"https:\/\/www.suno.com.br\/noticias\/americanas-amer3-tribunal-trabalhadores-divida-gpj\/\" \/>\n<meta property=\"og:locale\" content=\"pt_BR\" \/>\n<meta property=\"og:type\" content=\"article\" \/>\n<meta property=\"og:title\" content=\"Americanas (AMER3): tribunal aceita pedido de trabalhadores sobre d\u00edvida\" \/>\n<meta property=\"og:description\" content=\"O TRT aceitou parte do pedido de empregados da Americanas e firmou a abertura de procedimento para desconsiderar sua personalidade jur\u00eddica.\" \/>\n<meta property=\"og:url\" content=\"https:\/\/www.suno.com.br\/noticias\/americanas-amer3-tribunal-trabalhadores-divida-gpj\/\" \/>\n<meta property=\"og:site_name\" content=\"Suno Not\u00edcias\" \/>\n<meta property=\"article:publisher\" content=\"https:\/\/facebook.com\/sunoresearch\" \/>\n<meta property=\"og:image\" content=\"https:\/\/files.sunoresearch.com.br\/n\/uploads\/2023\/04\/americanas-amer3-fachada-loja-crise-foto-divulgacao.jpg\" \/>\n\t<meta property=\"og:image:width\" content=\"1250\" \/>\n\t<meta property=\"og:image:height\" content=\"833\" \/>\n\t<meta property=\"og:image:type\" content=\"image\/jpeg\" \/>\n<meta name=\"author\" content=\"Giovanni Porf\u00edrio Jacomino\" \/>\n<meta name=\"twitter:card\" content=\"summary_large_image\" \/>\n<meta name=\"twitter:creator\" content=\"@sunoresearch\" \/>\n<meta name=\"twitter:site\" content=\"@sunoresearch\" \/>\n<meta name=\"twitter:label1\" content=\"Escrito por\" \/>\n\t<meta name=\"twitter:data1\" content=\"Giovanni Porf\u00edrio Jacomino\" \/>\n\t<meta name=\"twitter:label2\" content=\"Est. tempo de leitura\" \/>\n\t<meta name=\"twitter:data2\" content=\"5 minutos\" \/>\n<script type=\"application\/ld+json\" class=\"yoast-schema-graph\">{\"@context\":\"https:\/\/schema.org\",\"@graph\":[{\"@type\":\"NewsArticle\",\"@id\":\"https:\/\/www.suno.com.br\/noticias\/americanas-amer3-tribunal-trabalhadores-divida-gpj\/#article\",\"isPartOf\":{\"@id\":\"https:\/\/www.suno.com.br\/noticias\/americanas-amer3-tribunal-trabalhadores-divida-gpj\/\"},\"author\":{\"name\":\"Giovanni Porf\u00edrio Jacomino\",\"@id\":\"https:\/\/www.suno.com.br\/noticias\/#\/schema\/person\/d0f32748bbca4bee871fa191ee4e2d40\"},\"headline\":\"Americanas (AMER3): tribunal aceita pedido de trabalhadores sobre d\u00edvida milion\u00e1ria; entenda\",\"datePublished\":\"2024-01-26T11:26:52+00:00\",\"dateModified\":\"2024-01-26T11:26:59+00:00\",\"mainEntityOfPage\":{\"@id\":\"https:\/\/www.suno.com.br\/noticias\/americanas-amer3-tribunal-trabalhadores-divida-gpj\/\"},\"wordCount\":868,\"publisher\":{\"@id\":\"https:\/\/www.suno.com.br\/noticias\/#organization\"},\"image\":{\"@id\":\"https:\/\/www.suno.com.br\/noticias\/americanas-amer3-tribunal-trabalhadores-divida-gpj\/#primaryimage\"},\"thumbnailUrl\":\"https:\/\/files.sunoresearch.com.br\/n\/uploads\/2023\/04\/americanas-amer3-fachada-loja-crise-foto-divulgacao.jpg\",\"keywords\":[\"Americanas (AMER3)\",\"recupera\u00e7\u00e3o judicial\"],\"articleSection\":[\"Neg\u00f3cios\"],\"inLanguage\":\"pt-BR\"},{\"@type\":\"WebPage\",\"@id\":\"https:\/\/www.suno.com.br\/noticias\/americanas-amer3-tribunal-trabalhadores-divida-gpj\/\",\"url\":\"https:\/\/www.suno.com.br\/noticias\/americanas-amer3-tribunal-trabalhadores-divida-gpj\/\",\"name\":\"Americanas (AMER3): tribunal aceita pedido de trabalhadores sobre d\u00edvida\",\"isPartOf\":{\"@id\":\"https:\/\/www.suno.com.br\/noticias\/#website\"},\"primaryImageOfPage\":{\"@id\":\"https:\/\/www.suno.com.br\/noticias\/americanas-amer3-tribunal-trabalhadores-divida-gpj\/#primaryimage\"},\"image\":{\"@id\":\"https:\/\/www.suno.com.br\/noticias\/americanas-amer3-tribunal-trabalhadores-divida-gpj\/#primaryimage\"},\"thumbnailUrl\":\"https:\/\/files.sunoresearch.com.br\/n\/uploads\/2023\/04\/americanas-amer3-fachada-loja-crise-foto-divulgacao.jpg\",\"datePublished\":\"2024-01-26T11:26:52+00:00\",\"dateModified\":\"2024-01-26T11:26:59+00:00\",\"description\":\"O TRT aceitou parte do pedido de empregados da Americanas e firmou a abertura de procedimento para desconsiderar sua personalidade jur\u00eddica.\",\"breadcrumb\":{\"@id\":\"https:\/\/www.suno.com.br\/noticias\/americanas-amer3-tribunal-trabalhadores-divida-gpj\/#breadcrumb\"},\"inLanguage\":\"pt-BR\",\"potentialAction\":[{\"@type\":\"ReadAction\",\"target\":[\"https:\/\/www.suno.com.br\/noticias\/americanas-amer3-tribunal-trabalhadores-divida-gpj\/\"]}]},{\"@type\":\"ImageObject\",\"inLanguage\":\"pt-BR\",\"@id\":\"https:\/\/www.suno.com.br\/noticias\/americanas-amer3-tribunal-trabalhadores-divida-gpj\/#primaryimage\",\"url\":\"https:\/\/files.sunoresearch.com.br\/n\/uploads\/2023\/04\/americanas-amer3-fachada-loja-crise-foto-divulgacao.jpg\",\"contentUrl\":\"https:\/\/files.sunoresearch.com.br\/n\/uploads\/2023\/04\/americanas-amer3-fachada-loja-crise-foto-divulgacao.jpg\",\"width\":1250,\"height\":833,\"caption\":\"Americanas (AMER3) - Foto: Divulga\u00e7\u00e3o\"},{\"@type\":\"BreadcrumbList\",\"@id\":\"https:\/\/www.suno.com.br\/noticias\/americanas-amer3-tribunal-trabalhadores-divida-gpj\/#breadcrumb\",\"itemListElement\":[{\"@type\":\"ListItem\",\"position\":1,\"name\":\"Not\u00edcias\",\"item\":\"https:\/\/www.suno.com.br\/noticias\/\"},{\"@type\":\"ListItem\",\"position\":2,\"name\":\"Neg\u00f3cios\",\"item\":\"https:\/\/www.suno.com.br\/noticias\/negocios\/\"},{\"@type\":\"ListItem\",\"position\":3,\"name\":\"Americanas (AMER3): tribunal aceita pedido de trabalhadores sobre d\u00edvida milion\u00e1ria; entenda\"}]},{\"@type\":\"WebSite\",\"@id\":\"https:\/\/www.suno.com.br\/noticias\/#website\",\"url\":\"https:\/\/www.suno.com.br\/noticias\/\",\"name\":\"Suno Not\u00edcias\",\"description\":\"Seu portal de informa\u00e7\u00e3o sobre o mundo dos investimentos\",\"publisher\":{\"@id\":\"https:\/\/www.suno.com.br\/noticias\/#organization\"},\"potentialAction\":[{\"@type\":\"SearchAction\",\"target\":{\"@type\":\"EntryPoint\",\"urlTemplate\":\"https:\/\/www.suno.com.br\/noticias\/?s={search_term_string}\"},\"query-input\":{\"@type\":\"PropertyValueSpecification\",\"valueRequired\":true,\"valueName\":\"search_term_string\"}}],\"inLanguage\":\"pt-BR\"},{\"@type\":\"Organization\",\"@id\":\"https:\/\/www.suno.com.br\/noticias\/#organization\",\"name\":\"Suno Not\u00edcias\",\"url\":\"https:\/\/www.suno.com.br\/noticias\/\",\"logo\":{\"@type\":\"ImageObject\",\"inLanguage\":\"pt-BR\",\"@id\":\"https:\/\/www.suno.com.br\/noticias\/#\/schema\/logo\/image\/\",\"url\":\"https:\/\/files.sunoresearch.com.br\/n\/uploads\/2021\/09\/suno-logo.png\",\"contentUrl\":\"https:\/\/files.sunoresearch.com.br\/n\/uploads\/2021\/09\/suno-logo.png\",\"width\":180,\"height\":180,\"caption\":\"Suno Not\u00edcias\"},\"image\":{\"@id\":\"https:\/\/www.suno.com.br\/noticias\/#\/schema\/logo\/image\/\"},\"sameAs\":[\"https:\/\/facebook.com\/sunoresearch\",\"https:\/\/x.com\/sunoresearch\",\"https:\/\/www.instagram.com\/suno\",\"https:\/\/www.linkedin.com\/company\/suno-research\/\",\"https:\/\/www.youtube.com\/c\/sunoresearch\"]},{\"@type\":\"Person\",\"@id\":\"https:\/\/www.suno.com.br\/noticias\/#\/schema\/person\/d0f32748bbca4bee871fa191ee4e2d40\",\"name\":\"Giovanni Porf\u00edrio Jacomino\",\"image\":{\"@type\":\"ImageObject\",\"inLanguage\":\"pt-BR\",\"@id\":\"https:\/\/www.suno.com.br\/noticias\/#\/schema\/person\/image\/\",\"url\":\"https:\/\/secure.gravatar.com\/avatar\/efb32e19b730a121cb7a80f41ffec01a?s=96&r=g\",\"contentUrl\":\"https:\/\/secure.gravatar.com\/avatar\/efb32e19b730a121cb7a80f41ffec01a?s=96&r=g\",\"caption\":\"Giovanni Porf\u00edrio Jacomino\"},\"description\":\"Giovanni Porf\u00edrio Jacomino \u00e9 jornalista formado pela Universidade Estadual de Londrina (UEL) e p\u00f3s-graduado em Produ\u00e7\u00e3o e Pr\u00e1ticas Jornal\u00edsticas na Contemporaneidade na Faculdade C\u00e1sper L\u00edbero (FCL). Foi editor web no Startupi e no Finsiders, atuando ainda como editor no TC Mover, portal de not\u00edcias da TradersClub, fazendo a cobertura de assuntos relacionados ao mercado financeiro interno e externo. Atualmente, \u00e9 Rep\u00f3rter do Suno Not\u00edcias.\",\"url\":\"https:\/\/www.suno.com.br\/noticias\/author\/giovanni-porfiriosuno-com-br\/\"}]}<\/script>\n<!-- \/ Yoast SEO plugin. -->","yoast_head_json":{"title":"Americanas (AMER3): tribunal aceita pedido de trabalhadores sobre d\u00edvida","description":"O TRT aceitou parte do pedido de empregados da Americanas e firmou a abertura de procedimento para desconsiderar sua personalidade jur\u00eddica.","robots":{"index":"index","follow":"follow","max-snippet":"max-snippet:-1","max-image-preview":"max-image-preview:large","max-video-preview":"max-video-preview:-1"},"canonical":"https:\/\/www.suno.com.br\/noticias\/americanas-amer3-tribunal-trabalhadores-divida-gpj\/","og_locale":"pt_BR","og_type":"article","og_title":"Americanas (AMER3): tribunal aceita pedido de trabalhadores sobre d\u00edvida","og_description":"O TRT aceitou parte do pedido de empregados da Americanas e firmou a abertura de procedimento para desconsiderar sua personalidade jur\u00eddica.","og_url":"https:\/\/www.suno.com.br\/noticias\/americanas-amer3-tribunal-trabalhadores-divida-gpj\/","og_site_name":"Suno Not\u00edcias","article_publisher":"https:\/\/facebook.com\/sunoresearch","og_image":[{"width":1250,"height":833,"url":"https:\/\/files.sunoresearch.com.br\/n\/uploads\/2023\/04\/americanas-amer3-fachada-loja-crise-foto-divulgacao.jpg","type":"image\/jpeg"}],"author":"Giovanni Porf\u00edrio Jacomino","twitter_card":"summary_large_image","twitter_creator":"@sunoresearch","twitter_site":"@sunoresearch","twitter_misc":{"Escrito por":"Giovanni Porf\u00edrio Jacomino","Est. tempo de leitura":"5 minutos"},"schema":{"@context":"https:\/\/schema.org","@graph":[{"@type":"NewsArticle","@id":"https:\/\/www.suno.com.br\/noticias\/americanas-amer3-tribunal-trabalhadores-divida-gpj\/#article","isPartOf":{"@id":"https:\/\/www.suno.com.br\/noticias\/americanas-amer3-tribunal-trabalhadores-divida-gpj\/"},"author":{"name":"Giovanni Porf\u00edrio Jacomino","@id":"https:\/\/www.suno.com.br\/noticias\/#\/schema\/person\/d0f32748bbca4bee871fa191ee4e2d40"},"headline":"Americanas (AMER3): tribunal aceita pedido de trabalhadores sobre d\u00edvida milion\u00e1ria; entenda","datePublished":"2024-01-26T11:26:52+00:00","dateModified":"2024-01-26T11:26:59+00:00","mainEntityOfPage":{"@id":"https:\/\/www.suno.com.br\/noticias\/americanas-amer3-tribunal-trabalhadores-divida-gpj\/"},"wordCount":868,"publisher":{"@id":"https:\/\/www.suno.com.br\/noticias\/#organization"},"image":{"@id":"https:\/\/www.suno.com.br\/noticias\/americanas-amer3-tribunal-trabalhadores-divida-gpj\/#primaryimage"},"thumbnailUrl":"https:\/\/files.sunoresearch.com.br\/n\/uploads\/2023\/04\/americanas-amer3-fachada-loja-crise-foto-divulgacao.jpg","keywords":["Americanas (AMER3)","recupera\u00e7\u00e3o judicial"],"articleSection":["Neg\u00f3cios"],"inLanguage":"pt-BR"},{"@type":"WebPage","@id":"https:\/\/www.suno.com.br\/noticias\/americanas-amer3-tribunal-trabalhadores-divida-gpj\/","url":"https:\/\/www.suno.com.br\/noticias\/americanas-amer3-tribunal-trabalhadores-divida-gpj\/","name":"Americanas (AMER3): tribunal aceita pedido de trabalhadores sobre d\u00edvida","isPartOf":{"@id":"https:\/\/www.suno.com.br\/noticias\/#website"},"primaryImageOfPage":{"@id":"https:\/\/www.suno.com.br\/noticias\/americanas-amer3-tribunal-trabalhadores-divida-gpj\/#primaryimage"},"image":{"@id":"https:\/\/www.suno.com.br\/noticias\/americanas-amer3-tribunal-trabalhadores-divida-gpj\/#primaryimage"},"thumbnailUrl":"https:\/\/files.sunoresearch.com.br\/n\/uploads\/2023\/04\/americanas-amer3-fachada-loja-crise-foto-divulgacao.jpg","datePublished":"2024-01-26T11:26:52+00:00","dateModified":"2024-01-26T11:26:59+00:00","description":"O TRT aceitou parte do pedido de empregados da Americanas e firmou a abertura de procedimento para desconsiderar sua personalidade jur\u00eddica.","breadcrumb":{"@id":"https:\/\/www.suno.com.br\/noticias\/americanas-amer3-tribunal-trabalhadores-divida-gpj\/#breadcrumb"},"inLanguage":"pt-BR","potentialAction":[{"@type":"ReadAction","target":["https:\/\/www.suno.com.br\/noticias\/americanas-amer3-tribunal-trabalhadores-divida-gpj\/"]}]},{"@type":"ImageObject","inLanguage":"pt-BR","@id":"https:\/\/www.suno.com.br\/noticias\/americanas-amer3-tribunal-trabalhadores-divida-gpj\/#primaryimage","url":"https:\/\/files.sunoresearch.com.br\/n\/uploads\/2023\/04\/americanas-amer3-fachada-loja-crise-foto-divulgacao.jpg","contentUrl":"https:\/\/files.sunoresearch.com.br\/n\/uploads\/2023\/04\/americanas-amer3-fachada-loja-crise-foto-divulgacao.jpg","width":1250,"height":833,"caption":"Americanas (AMER3) - Foto: Divulga\u00e7\u00e3o"},{"@type":"BreadcrumbList","@id":"https:\/\/www.suno.com.br\/noticias\/americanas-amer3-tribunal-trabalhadores-divida-gpj\/#breadcrumb","itemListElement":[{"@type":"ListItem","position":1,"name":"Not\u00edcias","item":"https:\/\/www.suno.com.br\/noticias\/"},{"@type":"ListItem","position":2,"name":"Neg\u00f3cios","item":"https:\/\/www.suno.com.br\/noticias\/negocios\/"},{"@type":"ListItem","position":3,"name":"Americanas (AMER3): tribunal aceita pedido de trabalhadores sobre d\u00edvida milion\u00e1ria; entenda"}]},{"@type":"WebSite","@id":"https:\/\/www.suno.com.br\/noticias\/#website","url":"https:\/\/www.suno.com.br\/noticias\/","name":"Suno Not\u00edcias","description":"Seu portal de informa\u00e7\u00e3o sobre o mundo dos investimentos","publisher":{"@id":"https:\/\/www.suno.com.br\/noticias\/#organization"},"potentialAction":[{"@type":"SearchAction","target":{"@type":"EntryPoint","urlTemplate":"https:\/\/www.suno.com.br\/noticias\/?s={search_term_string}"},"query-input":{"@type":"PropertyValueSpecification","valueRequired":true,"valueName":"search_term_string"}}],"inLanguage":"pt-BR"},{"@type":"Organization","@id":"https:\/\/www.suno.com.br\/noticias\/#organization","name":"Suno Not\u00edcias","url":"https:\/\/www.suno.com.br\/noticias\/","logo":{"@type":"ImageObject","inLanguage":"pt-BR","@id":"https:\/\/www.suno.com.br\/noticias\/#\/schema\/logo\/image\/","url":"https:\/\/files.sunoresearch.com.br\/n\/uploads\/2021\/09\/suno-logo.png","contentUrl":"https:\/\/files.sunoresearch.com.br\/n\/uploads\/2021\/09\/suno-logo.png","width":180,"height":180,"caption":"Suno Not\u00edcias"},"image":{"@id":"https:\/\/www.suno.com.br\/noticias\/#\/schema\/logo\/image\/"},"sameAs":["https:\/\/facebook.com\/sunoresearch","https:\/\/x.com\/sunoresearch","https:\/\/www.instagram.com\/suno","https:\/\/www.linkedin.com\/company\/suno-research\/","https:\/\/www.youtube.com\/c\/sunoresearch"]},{"@type":"Person","@id":"https:\/\/www.suno.com.br\/noticias\/#\/schema\/person\/d0f32748bbca4bee871fa191ee4e2d40","name":"Giovanni Porf\u00edrio Jacomino","image":{"@type":"ImageObject","inLanguage":"pt-BR","@id":"https:\/\/www.suno.com.br\/noticias\/#\/schema\/person\/image\/","url":"https:\/\/secure.gravatar.com\/avatar\/efb32e19b730a121cb7a80f41ffec01a?s=96&r=g","contentUrl":"https:\/\/secure.gravatar.com\/avatar\/efb32e19b730a121cb7a80f41ffec01a?s=96&r=g","caption":"Giovanni Porf\u00edrio Jacomino"},"description":"Giovanni Porf\u00edrio Jacomino \u00e9 jornalista formado pela Universidade Estadual de Londrina (UEL) e p\u00f3s-graduado em Produ\u00e7\u00e3o e Pr\u00e1ticas Jornal\u00edsticas na Contemporaneidade na Faculdade C\u00e1sper L\u00edbero (FCL). Foi editor web no Startupi e no Finsiders, atuando ainda como editor no TC Mover, portal de not\u00edcias da TradersClub, fazendo a cobertura de assuntos relacionados ao mercado financeiro interno e externo. Atualmente, \u00e9 Rep\u00f3rter do Suno Not\u00edcias.","url":"https:\/\/www.suno.com.br\/noticias\/author\/giovanni-porfiriosuno-com-br\/"}]}},"default_loop_html":"<div class=\"cardsPage__listCard__boxs\"><div class=\"cardsPage__listCard__boxs__img\"><a href=\"https:\/\/www.suno.com.br\/noticias\/americanas-amer3-tribunal-trabalhadores-divida-gpj\/\"><img class=\"mask\" src=\"https:\/\/www.suno.com.br\/noticias\/wp-content\/themes\/suno\/resources\/images\/spotlight\/spotlight1img\/bg-mask.png\" alt=\"Image Mask\"\/><img src=\"https:\/\/files.sunoresearch.com.br\/n\/uploads\/2023\/04\/americanas-amer3-fachada-loja-crise-foto-divulgacao-400x200.jpg\" alt=\"Americanas (AMER3): tribunal aceita pedido de trabalhadores sobre d\u00edvida milion\u00e1ria; entenda\"\/><\/a><span class=\"spotlightCategory\"><a href=\"https:\/\/www.suno.com.br\/noticias\/negocios\/\">Neg\u00f3cios<\/a><\/span><\/div><div class=\"cardsPage__listCard__boxs__content\"><a href=\"https:\/\/www.suno.com.br\/noticias\/americanas-amer3-tribunal-trabalhadores-divida-gpj\/\"><h2 class=\"content__title\">Americanas (AMER3): tribunal aceita pedido de trabalhadores sobre d\u00edvida milion\u00e1ria; entenda<\/h2><\/a><div class=\"newsContent__article__meta\"><div class=\"newsContent__article__meta__authorBox\"><a href=\"https:\/\/www.suno.com.br\/noticias\/author\/giovanni-porfiriosuno-com-br\/\" class=\"authorBox__avatar noMobi\"><img src=\"https:\/\/files.sunoresearch.com.br\/n\/uploads\/2024\/05\/DSCF4115-1-1-150x150.webp\" alt=\"Giovanni Porf\u00edrio Jacomino\"><\/a><div class=\"authorBox__name\"><span>por\n\t\t\t<a href=\"https:\/\/www.suno.com.br\/noticias\/author\/giovanni-porfiriosuno-com-br\/\"><span itemprop=\"author\">Giovanni Porf\u00edrio Jacomino<\/span><\/a><\/span><time datetime=\"2024-01-26T08:26:52-03:00\" itemprop=\"datePublished\">26\/01\/2024 08:26<\/time><\/div><\/div><\/div><\/div><\/div>","single_layout":"posts","amp_enabled":true,"_links":{"self":[{"href":"https:\/\/www.suno.com.br\/noticias\/wp-json\/wp\/v2\/posts\/516167"}],"collection":[{"href":"https:\/\/www.suno.com.br\/noticias\/wp-json\/wp\/v2\/posts"}],"about":[{"href":"https:\/\/www.suno.com.br\/noticias\/wp-json\/wp\/v2\/types\/post"}],"author":[{"embeddable":true,"href":"https:\/\/www.suno.com.br\/noticias\/wp-json\/wp\/v2\/users\/313"}],"replies":[{"embeddable":true,"href":"https:\/\/www.suno.com.br\/noticias\/wp-json\/wp\/v2\/comments?post=516167"}],"version-history":[{"count":2,"href":"https:\/\/www.suno.com.br\/noticias\/wp-json\/wp\/v2\/posts\/516167\/revisions"}],"predecessor-version":[{"id":516198,"href":"https:\/\/www.suno.com.br\/noticias\/wp-json\/wp\/v2\/posts\/516167\/revisions\/516198"}],"wp:featuredmedia":[{"embeddable":true,"href":"https:\/\/www.suno.com.br\/noticias\/wp-json\/wp\/v2\/media\/397195"}],"wp:attachment":[{"href":"https:\/\/www.suno.com.br\/noticias\/wp-json\/wp\/v2\/media?parent=516167"}],"wp:term":[{"taxonomy":"category","embeddable":true,"href":"https:\/\/www.suno.com.br\/noticias\/wp-json\/wp\/v2\/categories?post=516167"},{"taxonomy":"post_tag","embeddable":true,"href":"https:\/\/www.suno.com.br\/noticias\/wp-json\/wp\/v2\/tags?post=516167"},{"taxonomy":"suno_strategy","embeddable":true,"href":"https:\/\/www.suno.com.br\/noticias\/wp-json\/wp\/v2\/suno_strategy?post=516167"}],"curies":[{"name":"wp","href":"https:\/\/api.w.org\/{rel}","templated":true}]}}