{"id":516115,"date":"2024-01-25T22:16:47","date_gmt":"2024-01-26T01:16:47","guid":{"rendered":"https:\/\/www.suno.com.br\/noticias\/?p=516115"},"modified":"2024-01-25T22:16:51","modified_gmt":"2024-01-26T01:16:51","slug":"vale-vale3-perde-r-40-bi-valor-2024-mantega-minerio","status":"publish","type":"post","link":"https:\/\/www.suno.com.br\/noticias\/vale-vale3-perde-r-40-bi-valor-2024-mantega-minerio\/","title":{"rendered":"Vale (VALE3) perde quase R$ 40 bi de valor de mercado em 2024; entenda os motivos"},"content":{"rendered":"<p>A <a class=\"suno-keyword\" target=\"_blank\" data-force=\"yes\" data-priority=\"2\" href=\"https:\/\/www.suno.com.br\/acoes\/VALE3\/\" rel=\"noopener\">Vale (VALE3)<\/a> j\u00e1 perdeu apenas neste ano R$ 39,3 bilh\u00f5es de <a class=\"suno-keyword\" target=\"_blank\" data-force=\"no\" data-priority=\"1\" href=\"https:\/\/www.suno.com.br\/artigos\/valor-de-mercado\/\" rel=\"noopener\">valor de mercado<\/a>, em meio a um momento de baixa do pre\u00e7o do min\u00e9rio de ferro &#8211; devido \u00e0 demanda incerta da China &#8211; e \u00e0s press\u00f5es do governo para achar uma posi\u00e7\u00e3o na empresa para o ex-ministro da Fazenda Guido Mantega. Al\u00e9m de press\u00e3o por ex-ministro em seu comando, a empresa foi condenada nesta quinta <a href=\"https:\/\/www.suno.com.br\/noticias\/vale-vale3-barragem-fundao-justica-condenacao-minas-gerais-lt\/\">pela trag\u00e9dia em Mariana<\/a>.<\/p>\t<div class=\"wrapper-featured-image\">\n\t\t<figure class=\"spotlightImg\">\n\n\t\t\t<picture>\n\t\t\t\t<source media=\"(max-width: 768px)\" srcset=\"https:\/\/files.sunoresearch.com.br\/n\/uploads\/2022\/12\/vale-vale3-400x200.jpg\">\n\t\t\t\t<img loading=\"lazy\" decoding=\"async\" class=\"newsContent__article__imgCapa lazyloadDisabled \" src=\"https:\/\/files.sunoresearch.com.br\/n\/uploads\/2022\/12\/vale-vale3-800x450.jpg\" width=\"800\" height=\"450\" alt=\"Vale (VALE3) perde quase R$ 40 bi de valor de mercado em 2024; entenda os motivos\" fetchpriority=high \/>\n\t\t\t<\/picture>\n\n\t\t\t<figcaption class=\"wp-caption-text wp-caption-text--show\">Vale (VALE3). Foto: Divulga\u00e7\u00e3o\/Vale<\/figcaption>\n\t\t<\/figure>\n\t<\/div>\n\n\n\n\n\n\t<p>\n\t\t<a href=\"https:\/\/lp.suno.com.br\/planilha-da-vida-financeira\/\" target=\"_blank\" data-element=\"shortcode-suno-banner\" title=\"Banner SUNO, clique e saiba mais\">\n\t\t\t<picture>\n\t\t\t\t<source media=\"(max-width: 500px)\" srcset=\"https:\/\/files.sunoresearch.com.br\/n\/uploads\/2023\/04\/400x300-Planilha-vida-financeira-true.png\">\n\t\t\t\t<img class=\"newsContent__article__imgCapa newsContent__article__imgCapa--banner\"\n\t\t\t\t\tsrc=\"https:\/\/files.sunoresearch.com.br\/n\/uploads\/2023\/04\/1420x240-Planilha-vida-financeira-true.png\"\n\t\t\t\t\tdata-promo-id=\"106682\"\t\t\t\t\t\t\t\t\t\twidth='1420' height='240'\t\t\t\t\talt=\"https:\/\/files.sunoresearch.com.br\/n\/uploads\/2023\/04\/1420x240-Planilha-vida-financeira-true.png\"\n\t\t\t\t>\n\t\t\t<\/picture>\n\t\t<\/a>\n\t<\/p>\n\n\n\n\n\n<p>S\u00f3 nos \u00faltimos dez dias, <strong>valor de mercado da Vale<\/strong> (VALE3) caiu R$ 14,4 bi. Al\u00e9m de press\u00e3o por ex-ministro em seu comando, a empresa foi condenada nesta quinta <a href=\"https:\/\/www.suno.com.br\/noticias\/vale-vale3-barragem-fundao-justica-condenacao-minas-gerais-lt\/\">pela trag\u00e9dia em Mariana<\/a>.<\/p>\n\n\n\n\n\n<p>As <strong>a\u00e7\u00f5es da Vale<\/strong> fecharam o <a href=\"https:\/\/www.suno.com.br\/noticias\/ibovespa-sobe-petrobras-petr4-magazine-luiza-mglu3-disparam-jvj\/\">preg\u00e3o desta quinta-feira<\/a>, 25, com queda de 2,2%, acumulando perda de 11,3% desde o in\u00edcio do ano. Com isso, o valor de mercado atual da Vale \u00e9 de R$ 309,1 bilh\u00f5es.<\/p>\n\n\n\n<div class=\"pluginQuotation\">\n  <p class=\"ticker\">\n    Cota\u00e7\u00e3o <span>VALE3<\/span>\n  <\/p>\n  <div class=\"info\">\n    <div class=\"leftSide\">\n      Gr\u00e1fico gerado em: 25\/01\/2024    <\/div>\n\t\t\t\t\t<div class=\"rightSide\">\n\t\t\t\t\t<span class=\"period\">\n\t\t\t\t\t\t1 M\u00eas\t\t\t\t\t<\/span>\n\t\t\t<\/div>\n\t\t  <\/div>\n\n  <div id=\"chart-9c0a70620885ecc3d446a8c86a54630d\" data-block-hash=\"9c0a70620885ecc3d446a8c86a54630d\"  class=\"chart\" style=\"width:100%;height:400px;\"><\/div>\n\n  <div class=\"pluginQuotation__footer\">\n    <div class=\"dataChart\">\n\n      <div class=\"dataChart__div1 variation\">\n        <div class=\"value-negative\">\n          -11,68 (-9,04%)        <\/div>\n        <div class=\"text\">\n          Varia\u00e7\u00e3o do per\u00edodo\n        <\/div>\n      <\/div>\n\n      <div class=\"dataChart__div2 minMax\">\n        <div class=\"value\">\n          R$\u00a067,80        <\/div>\n        <div class=\"text\">\n          M\u00ednima\n        <\/div>\n      <\/div>\n\n      <div class=\"dataChart__div3 minMax\">\n        <div class=\"value\">\n          R$\u00a077,40        <\/div>\n        <div class=\"text\">\n          M\u00e1xima\n        <\/div>\n      <\/div>\n\n\t\t\t<div class=\"dataChart__div4 rightSide\">\n\t\t\t\t<div class=\"analiticaSource\">\n\t\t\t\t\t<span>\n\t\t\t\t\t\tFonte:\n\t\t\t\t\t<\/span>\n\t\t\t\t\t<img decoding=\"async\" class=\"analiticaLogo\" src=\"https:\/\/www.suno.com.br\/noticias\/wp-content\/plugins\/suno-block-ticker-quotation\/src\/suno-analitica-logo.png\" alt=\"Logo Suno Anal\u00edtica\" \/>\n\t\t\t\t<\/div>\n\n\t\t\t\t<a href=\"https:\/\/www.suno.com.br\/analitica\/acoes\/VALE3\" target=\"_blank\">\n\t\t\t\t\t<span>\n\t\t\t\t\t\tVer mais cota\u00e7\u00f5es\n\t\t\t\t\t<\/span>\n\t\t\t\t\t<svg xmlns=\"http:\/\/www.w3.org\/2000\/svg\" width=\"9\" height=\"8\" viewBox=\"0 0 9 8\" fill=\"none\">\n\t\t\t\t\t\t<path d=\"M4.20996 0L3.50496 0.705L6.29496 3.5H0.209961V4.5H6.29496L3.50496 7.295L4.20996 8L8.20996 4L4.20996 0Z\" fill=\"#D42126\" \/>\n\t\t\t\t\t<\/svg>\n\t\t\t\t<\/a>\n    <\/div>\n\n    <\/div>\n  <\/div>\n<\/div>\n\n\n<script type=\"text\/javascript\">\n  let chart_9c0a70620885ecc3d446a8c86a54630d = document.getElementById('chart-9c0a70620885ecc3d446a8c86a54630d');\n  let data_json_9c0a70620885ecc3d446a8c86a54630d = \"[{\\\"date\\\":\\\"27\\\\\\\/12\\\\\\\/23 \\\",\\\"value\\\":77.4},{\\\"date\\\":\\\"28\\\\\\\/12\\\\\\\/23 \\\",\\\"value\\\":77.2},{\\\"date\\\":\\\"02\\\\\\\/01\\\\\\\/24 \\\",\\\"value\\\":77.05},{\\\"date\\\":\\\"03\\\\\\\/01\\\\\\\/24 \\\",\\\"value\\\":76.65},{\\\"date\\\":\\\"04\\\\\\\/01\\\\\\\/24 \\\",\\\"value\\\":75.62},{\\\"date\\\":\\\"05\\\\\\\/01\\\\\\\/24 \\\",\\\"value\\\":74.65},{\\\"date\\\":\\\"08\\\\\\\/01\\\\\\\/24 \\\",\\\"value\\\":74.27},{\\\"date\\\":\\\"09\\\\\\\/01\\\\\\\/24 \\\",\\\"value\\\":73.33},{\\\"date\\\":\\\"10\\\\\\\/01\\\\\\\/24 \\\",\\\"value\\\":72.23},{\\\"date\\\":\\\"11\\\\\\\/01\\\\\\\/24 \\\",\\\"value\\\":72.61},{\\\"date\\\":\\\"12\\\\\\\/01\\\\\\\/24 \\\",\\\"value\\\":71.69},{\\\"date\\\":\\\"15\\\\\\\/01\\\\\\\/24 \\\",\\\"value\\\":71.55},{\\\"date\\\":\\\"16\\\\\\\/01\\\\\\\/24 \\\",\\\"value\\\":70.62},{\\\"date\\\":\\\"17\\\\\\\/01\\\\\\\/24 \\\",\\\"value\\\":69.45},{\\\"date\\\":\\\"18\\\\\\\/01\\\\\\\/24 \\\",\\\"value\\\":69},{\\\"date\\\":\\\"19\\\\\\\/01\\\\\\\/24 \\\",\\\"value\\\":68},{\\\"date\\\":\\\"22\\\\\\\/01\\\\\\\/24 \\\",\\\"value\\\":67.8},{\\\"date\\\":\\\"23\\\\\\\/01\\\\\\\/24 \\\",\\\"value\\\":69.2},{\\\"date\\\":\\\"24\\\\\\\/01\\\\\\\/24 \\\",\\\"value\\\":69.9},{\\\"date\\\":\\\"25\\\\\\\/01\\\\\\\/24 \\\",\\\"value\\\":68.36}]\";\n  let isPositive_9c0a70620885ecc3d446a8c86a54630d = \"\";\n\n  let color_9c0a70620885ecc3d446a8c86a54630d = isPositive_9c0a70620885ecc3d446a8c86a54630d ? '#3AB53A' : '#D92C2D';\n\n  let data_9c0a70620885ecc3d446a8c86a54630d = JSON.parse(data_json_9c0a70620885ecc3d446a8c86a54630d);\n\n  const result_9c0a70620885ecc3d446a8c86a54630d = {\n    date: [],\n    value: [],\n  };\n\n  data_9c0a70620885ecc3d446a8c86a54630d.forEach((item) => {\n    result_9c0a70620885ecc3d446a8c86a54630d.date.push(item.date);\n    result_9c0a70620885ecc3d446a8c86a54630d.value.push(Number(item.value));\n  });\n\n  let option_9c0a70620885ecc3d446a8c86a54630d = {\n    \/\/ variavel de cor global\n    color: [color_9c0a70620885ecc3d446a8c86a54630d],\n    title: {\n      text: '',\n    },\n    tooltip: {\n      trigger: 'axis',\n      axisPointer: {\n        type: 'cross',\n        label: {\n          \/\/ cor dos valores em X e Y\n          backgroundColor: color_9c0a70620885ecc3d446a8c86a54630d,\n          formatter: (value) => {\n            if (typeof value.value === 'number') {\n              return Number(value.value).toLocaleString('pt-br', {\n                style: 'currency',\n                currency: 'BRL'\n              });\n            }\n            return value.value;\n          },\n        },\n      },\n      valueFormatter: (value) => Number(value).toLocaleString('pt-br', {\n        style: 'currency',\n        currency: 'BRL'\n      }),\n    },\n    legend: {\n      \/\/ data: ['Valor de Fechamento'],\n      show: false,\n    },\n    toolbox: {\n      feature: {\n        saveAsImage: {\n          show: false,\n        },\n      },\n    },\n    grid: {\n      left: '0px',\n      right: '0px',\n      bottom: '0px',\n      containLabel: true,\n    },\n    xAxis: [{\n      type: 'category',\n      data: result_9c0a70620885ecc3d446a8c86a54630d.date,\n      boundaryGap: true,\n    }],\n    yAxis: [{\n      type: 'value',\n      min: Math.min(...result_9c0a70620885ecc3d446a8c86a54630d.value),\n      max: Math.max(...result_9c0a70620885ecc3d446a8c86a54630d.value),\n      axisLabel: {\n        formatter: (value) => value.toLocaleString('pt-br', {\n          style: 'currency',\n          currency: 'BRL'\n        }),\n      },\n    }],\n    series: [{\n      name: 'Valor de Fechamento',\n      type: 'line',\n      stack: 'Total',\n      \/\/ cor do grafico\n      areaStyle: {},\n      emphasis: {\n        focus: 'series',\n      },\n      data: result_9c0a70620885ecc3d446a8c86a54630d.value,\n      \/\/ cor da linha\n      lineStyle: {\n        color: color_9c0a70620885ecc3d446a8c86a54630d,\n      },\n    }, ],\n  };\n\n\twindow.chart_9c0a70620885ecc3d446a8c86a54630d = {\n\t\tel: chart_9c0a70620885ecc3d446a8c86a54630d,\n\t\toption: option_9c0a70620885ecc3d446a8c86a54630d\t};\n\n\n<\/script>\n\n\n\n<p>Nesta quinta, tamb\u00e9m pesou contra a empresa a not\u00edcia de que a Justi\u00e7a Federal condenou a <strong>mineradora<\/strong>, a BHP e a Samarco a pagar uma multa de R$ 47,6 bilh\u00f5es como indeniza\u00e7\u00e3o por danos morais coletivos causados pelo rompimento da barragem de Fund\u00e3o, em Mariana (MG), em 2015. A condena\u00e7\u00e3o ocorreu no dia em que a ruptura de outra barragem ligada \u00e0 Vale, a do C\u00f3rrego do Feij\u00e3o, em Brumadinho (MG), completou cinco anos.<\/p>\n\n\n\n<h2 class=\"wp-block-heading\">Vale: valor de marcado cai R$ 14,4 bi nos \u00faltimos dez dias<\/h2>\n\n\n\n<p>Desde que voltou a ganhar for\u00e7a, no meio de janeiro deste ano, a ofensiva para emplacar o <a href=\"https:\/\/www.suno.com.br\/noticias\/gleisi-mantega-vale-vale3-gpj\/\">nome de Mantega<\/a> ao menos entre os integrantes do <strong>conselho de administra\u00e7\u00e3o da Vale<\/strong>, a perda de <strong>valor de mercado da mineradora<\/strong> se intensificou.<\/p>\n\n\n\n\t<div data-element=\"shortcode-read-more\" class=\"readToo\">\n\t\t\t\t<span class=\"readToo__title\">Leia mais<\/span>\n\t\t\t\t<ul class=\"readToo__list\">\n\t\t\t<li><a href=\"https:\/\/www.suno.com.br\/noticias\/petrobras-petr4-acoes-pagadoras-dividendos-2024-va\/\">Petrobras (PETR4), Vale (VALE3) e Banco do Brasil (BBSA3): quais a\u00e7\u00f5es devem pagar os maiores dividendos em 2024?<\/a><\/li><li><a href=\"https:\/\/www.suno.com.br\/noticias\/vale-vale3-acoes-caem-virar-jogo-gpj\/\">A\u00e7\u00e3o da Vale (VALE3) sobe hoje, mas queda acumulada no in\u00edcio do ano acende alerta. O que est\u00e1 acontecendo?<\/a><\/li><li><a href=\"https:\/\/www.suno.com.br\/noticias\/quem-manda-na-vale-vale3-socios-evm\/\">Quem manda na Vale (VALE3)? Veja quem s\u00e3o os s\u00f3cios com maior poder na mineradora<\/a><\/li>\t\t<\/ul>\n\t<\/div>\n\n\n\n\n<p>Desde 15 de janeiro, em apenas 10 dias, a empresa viu o seu valor cair R$ 14,4 bilh\u00f5es, apesar de uma leve recupera\u00e7\u00e3o das a\u00e7\u00f5es entre 22 e 24 de janeiro.<\/p>\n\n\n\n<p>O interesse principal do governo era conduzir Mantega \u00e0 presid\u00eancia da empresa, algo ventilado nos bastidores ao menos desde meados do ano passado, como confirmado pelo <b>Estad\u00e3o<\/b>. A mineradora tem at\u00e9 o final do m\u00eas para decidir quem ser\u00e1 o comandante dos neg\u00f3cios pelos pr\u00f3ximos tr\u00eas anos.<\/p>\n\n\n\n<p>Apesar de o governo Lula querer influir nesse processo, ele tem pouca interfer\u00eancia na companhia, em compara\u00e7\u00e3o com o passado. A Vale foi privatizada em 1997, e atualmente n\u00e3o possui controlador definido, j\u00e1 que nenhum acionista det\u00e9m mais de 10% das a\u00e7\u00f5es.<\/p>\n\n\n\n<p>Tamb\u00e9m n\u00e3o existe em vigor um <a class=\"suno-keyword\" target=\"_blank\" data-force=\"no\" data-priority=\"1\" href=\"https:\/\/www.suno.com.br\/artigos\/acordo-de-acionistas\/\" rel=\"noopener\">acordo de acionistas<\/a> nos moldes do passado, na \u00e9poca dos primeiros governos do PT, quando o <strong>Bradespar (BRAP4)<\/strong> e a Previ, o fundo de pens\u00e3o dos empregados do <a class=\"suno-keyword\" target=\"_blank\" data-force=\"yes\" data-priority=\"2\" href=\"https:\/\/www.suno.com.br\/acoes\/BBAS3\/\" rel=\"noopener\">Banco do Brasil (BBAS3)<\/a>, detinham maior poder nas escolhas do rumo da empresa.<\/p>\n\n\n\t<p>\n\t\t<a href=\"https:\/\/lp.suno.com.br\/ebook-como-analisar-uma-acao\/\" target=\"_blank\" data-element=\"shortcode-suno-banner\" title=\"Banner SUNO, clique e saiba mais\">\n\t\t\t<picture>\n\t\t\t\t<source media=\"(max-width: 500px)\" srcset=\"https:\/\/files.sunoresearch.com.br\/n\/uploads\/2023\/03\/Ebook-Acoes-Mobile.jpg\">\n\t\t\t\t<img class=\"newsContent__article__imgCapa newsContent__article__imgCapa--banner\"\n\t\t\t\t\tsrc=\"https:\/\/files.sunoresearch.com.br\/n\/uploads\/2023\/03\/Ebook-Acoes-Desktop.jpg\"\n\t\t\t\t\tdata-promo-id=\"378302\"\t\t\t\t\t\t\t\t\t\twidth='1420' height='286'\t\t\t\t\talt=\"https:\/\/files.sunoresearch.com.br\/n\/uploads\/2023\/03\/Ebook-Acoes-Desktop.jpg\"\n\t\t\t\t>\n\t\t\t<\/picture>\n\t\t<\/a>\n\t<\/p>\n\n\n\n\n\n<h2 class=\"wp-block-heading\">Quem est\u00e1 no comando da mineradora?<\/h2>\n\n\n\n<p>O <strong>conselho de administra\u00e7\u00e3o da Val<\/strong>e tem 13 integrantes. Dois deles s\u00e3o indicados pela Previ, um pelo <a class=\"suno-keyword\" target=\"_blank\" data-force=\"yes\" data-priority=\"2\" href=\"https:\/\/www.suno.com.br\/acoes\/BBDC4\/\" rel=\"noopener\">Bradesco (BBDC4)<\/a>, um pela Mitsui, outro representa os funcion\u00e1rios da empresa e oito s\u00e3o independentes.<\/p>\n\n\n\n<p>Entre os maiores acionistas tamb\u00e9m est\u00e3o o fundo de investimentos americano <strong>BlackRock<\/strong> e a <a class=\"suno-keyword\" target=\"_blank\" data-force=\"yes\" data-priority=\"2\" href=\"https:\/\/www.suno.com.br\/acoes\/CSAN3\/\" rel=\"noopener\">Cosan (CSAN3)<\/a>, do empres\u00e1rio Rubens Ometto. Esta \u00faltima comprou 4,9% da mineradora em 2022, o que permitiu emplacar no <strong>conselho da Vale<\/strong> o seu \u00faltimo CEO, Luis Henrique Guimar\u00e3es. Como homem de confian\u00e7a de Ometto, ele tamb\u00e9m \u00e9 cotado a assumir a presid\u00eancia da mineradora.<\/p>\n\n\n\n<p>Na quarta-feira, 24, o ministro de Minas e Energia, Alexandre Silveira, telefonou para conselheiros da empresa para defender a indica\u00e7\u00e3o de Mantega para a presid\u00eancia da companhia, alegando se tratar de uma demanda do presidente Luiz In\u00e1cio Lula da Silva. A informa\u00e7\u00e3o, revelada pelo jornal O Globo, foi confirmada por um dos conselheiros ao <b>Estad\u00e3o<\/b>.<\/p>\n\n\n\n<figure class=\"wp-block-embed is-type-video is-provider-youtube wp-block-embed-youtube wp-embed-aspect-16-9 wp-has-aspect-ratio\"><div class=\"wp-block-embed__wrapper\">\n<iframe loading=\"lazy\" title=\"\ud83d\udd34 VALE (VALE3) ENCERRA &#039;MAR\u00c9 DE BAIXAS&#039; | Nubank troca CEO | Ibovespa sobe\" width=\"1080\" height=\"608\" src=\"https:\/\/www.youtube.com\/embed\/ILAd6ymzeOM?start=70&#038;feature=oembed\" frameborder=\"0\" allow=\"accelerometer; autoplay; clipboard-write; encrypted-media; gyroscope; picture-in-picture; web-share\" allowfullscreen><\/iframe>\n<\/div><\/figure>\n\n\n\n<h2 class=\"wp-block-heading\">Conselho se re\u00fane at\u00e9 o dia 30 de janeiro para discutir sucess\u00e3o<\/h2>\n\n\n\n<p>A iniciativa indicou a aposta redobrada do governo em influenciar na <strong>sucess\u00e3o da Vale<\/strong>, ainda que a governan\u00e7a interna e a participa\u00e7\u00e3o reduzida do governo na mineradora, privatizada em 1997, sejam obst\u00e1culos. O conselho da Vale vai se reunir na pr\u00f3xima ter\u00e7a-feira, 30, para deliberar sobre o assunto.<\/p>\n\n\n\n<p>Auxiliares de Lula e <strong>acionistas privados da Vale <\/strong>debateram um arranjo em que Mantega iria para o <a class=\"suno-keyword\" target=\"_blank\" data-force=\"no\" data-priority=\"1\" href=\"https:\/\/www.suno.com.br\/artigos\/conselho-administracao\/\" rel=\"noopener\">conselho de administra\u00e7\u00e3o<\/a>, como revelou o <b>Estad\u00e3o<\/b>. O atual <strong>presidente da Vale<\/strong>, <strong>Eduardo Bartolomeo<\/strong>, permaneceria por um mandato mais curto (mais um ano) \u00e0 frente da empresa, e o nome da Cosan no conselho, Luis Henrique Guimar\u00e3es, iria para o comit\u00ea executivo.<\/p>\n\n\n\n<p>O arranjo segue na mesa, segundo apurou a reportagem. Mas, de acordo auxiliares do presidente, o governo Lula deseja que Mantega tenha um papel de destaque no comando e n\u00e3o seja apenas um coadjuvante.<\/p>\n\n\n\n<p>Nesta quinta-feira, 25, a <a href=\"https:\/\/www.suno.com.br\/noticias\/gleisi-mantega-vale-vale3-gpj\/\">presidente do PT, Gleisi Hoffmann<\/a>, foi a p\u00fablico em defesa da indica\u00e7\u00e3o de Mantega. Nas redes sociais, ela afirmou que o ministro \u00e9 um dos &#8220;pouqu\u00edssimos brasileiros&#8221; qualificados para compor o conselho de administra\u00e7\u00e3o da empresa, grupo do qual fazem parte os representantes dos acionistas.<\/p>\n\n\n\n<p>Lula tamb\u00e9m foi \u00e0s redes, mas n\u00e3o mencionou Mantega. Citou os acidentes em Brumadinho e Mariana, em barragens de res\u00edduos provenientes de minera\u00e7\u00e3o da Vale, para criticar a empresa.<\/p>\n\n\n\n<p>&#8220;Hoje faz cinco anos do crime que deixou Brumadinho debaixo de lama, tirando vidas e destruindo o meio ambiente. Cinco anos e a Vale nada fez para reparar a destrui\u00e7\u00e3o causada. \u00c9 necess\u00e1rio o amparo \u00e0s fam\u00edlias das v\u00edtimas, recupera\u00e7\u00e3o ambiental e, principalmente, fiscaliza\u00e7\u00e3o e preven\u00e7\u00e3o em projetos de minera\u00e7\u00e3o, para n\u00e3o termos novas trag\u00e9dias como Brumadinho e Mariana&#8221;, escreveu.<\/p>\n\n\n\n<p>A <strong>Vale<\/strong> informou que n\u00e3o foi notificada da decis\u00e3o judicial desta quinta. &#8220;A companhia se manifestar\u00e1 oportunamente no processo sobre a decis\u00e3o, contra a qual cabe recurso&#8221;, disse a mineradora, em comunicado ao mercado.<\/p>\n\n\n\n<p><em>Com Estad\u00e3o Conte\u00fado<\/em><\/p>\n\n\n\t<p>\n\t\t<a href=\"https:\/\/lp.suno.com.br\/planilha-da-vida-financeira\/\" target=\"_blank\" data-element=\"shortcode-suno-banner\" title=\"Banner SUNO, clique e saiba mais\">\n\t\t\t<picture>\n\t\t\t\t<source media=\"(max-width: 500px)\" srcset=\"https:\/\/files.sunoresearch.com.br\/n\/uploads\/2023\/04\/400x300-Planilha-vida-financeira-true.png\">\n\t\t\t\t<img class=\"newsContent__article__imgCapa newsContent__article__imgCapa--banner\"\n\t\t\t\t\tsrc=\"https:\/\/files.sunoresearch.com.br\/n\/uploads\/2023\/04\/1420x240-Planilha-vida-financeira-true.png\"\n\t\t\t\t\tdata-promo-id=\"383123\"\t\t\t\t\t\t\t\t\t\twidth='1420' height='240'\t\t\t\t\talt=\"https:\/\/files.sunoresearch.com.br\/n\/uploads\/2023\/04\/1420x240-Planilha-vida-financeira-true.png\"\n\t\t\t\t>\n\t\t\t<\/picture>\n\t\t<\/a>\n\t<\/p>\n\n\n","protected":false},"excerpt":{"rendered":"<p>A Vale (VALE3) j\u00e1 perdeu apenas neste ano R$ 39,3 bilh\u00f5es de valor de mercado, em meio a um momento de baixa do pre\u00e7o do min\u00e9rio de ferro &#8211; devido \u00e0 demanda incerta da China &#8211; e \u00e0s press\u00f5es do governo para achar uma posi\u00e7\u00e3o na empresa para o ex-ministro da Fazenda Guido Mantega. Al\u00e9m [&hellip;]<\/p>\n","protected":false},"author":43,"featured_media":331473,"comment_status":"closed","ping_status":"closed","sticky":false,"template":"","format":"standard","meta":[],"categories":[64],"tags":[286,2721,1556,709,676],"suno_strategy":[],"class_list":["post-516115","post","type-post","status-publish","format-standard","has-post-thumbnail","hentry","category-negocios","tag-acoes","tag-conselho-de-administracao","tag-governo-federal","tag-lula","tag-vale-vale3"],"yoast_head":"<!-- This site is optimized with the Yoast SEO plugin v24.4 - https:\/\/yoast.com\/wordpress\/plugins\/seo\/ -->\n<title>Vale (VALE3) perde quase R$ 40 bi de valor de mercado em 2024<\/title>\n<meta name=\"description\" content=\"A Vale j\u00e1 perdeu s\u00f3 neste ano R$ 39,3 bi de valor de mercado, em meio a um momento de baixa do pre\u00e7o do min\u00e9rio. Mas n\u00e3o s\u00f3 isso\" \/>\n<meta name=\"robots\" content=\"index, follow, max-snippet:-1, max-image-preview:large, max-video-preview:-1\" \/>\n<link rel=\"canonical\" href=\"https:\/\/www.suno.com.br\/noticias\/vale-vale3-perde-r-40-bi-valor-2024-mantega-minerio\/\" \/>\n<meta property=\"og:locale\" content=\"pt_BR\" \/>\n<meta property=\"og:type\" content=\"article\" \/>\n<meta property=\"og:title\" content=\"Vale (VALE3) perde quase R$ 40 bi de valor de mercado em 2024\" \/>\n<meta property=\"og:description\" content=\"A Vale j\u00e1 perdeu s\u00f3 neste ano R$ 39,3 bi de valor de mercado, em meio a um momento de baixa do pre\u00e7o do min\u00e9rio. Mas n\u00e3o s\u00f3 isso\" \/>\n<meta property=\"og:url\" content=\"https:\/\/www.suno.com.br\/noticias\/vale-vale3-perde-r-40-bi-valor-2024-mantega-minerio\/\" \/>\n<meta property=\"og:site_name\" content=\"Suno Not\u00edcias\" \/>\n<meta property=\"article:publisher\" content=\"https:\/\/facebook.com\/sunoresearch\" \/>\n<meta property=\"article:author\" content=\"https:\/\/www.facebook.com\/sunonoticias\/\" \/>\n<meta property=\"og:image\" content=\"https:\/\/files.sunoresearch.com.br\/n\/uploads\/2022\/12\/vale-vale3.jpg\" \/>\n\t<meta property=\"og:image:width\" content=\"1200\" \/>\n\t<meta property=\"og:image:height\" content=\"800\" \/>\n\t<meta property=\"og:image:type\" content=\"image\/jpeg\" \/>\n<meta name=\"author\" content=\"Reda\u00e7\u00e3o Suno Not\u00edcias\" \/>\n<meta name=\"twitter:card\" content=\"summary_large_image\" \/>\n<meta name=\"twitter:creator\" content=\"@https:\/\/twitter.com\/sunoresearch\" \/>\n<meta name=\"twitter:site\" content=\"@sunoresearch\" \/>\n<meta name=\"twitter:label1\" content=\"Escrito por\" \/>\n\t<meta name=\"twitter:data1\" content=\"Reda\u00e7\u00e3o Suno Not\u00edcias\" \/>\n\t<meta name=\"twitter:label2\" content=\"Est. tempo de leitura\" \/>\n\t<meta name=\"twitter:data2\" content=\"6 minutos\" \/>\n<script type=\"application\/ld+json\" class=\"yoast-schema-graph\">{\"@context\":\"https:\/\/schema.org\",\"@graph\":[{\"@type\":\"NewsArticle\",\"@id\":\"https:\/\/www.suno.com.br\/noticias\/vale-vale3-perde-r-40-bi-valor-2024-mantega-minerio\/#article\",\"isPartOf\":{\"@id\":\"https:\/\/www.suno.com.br\/noticias\/vale-vale3-perde-r-40-bi-valor-2024-mantega-minerio\/\"},\"author\":{\"name\":\"Reda\u00e7\u00e3o Suno Not\u00edcias\",\"@id\":\"https:\/\/www.suno.com.br\/noticias\/#\/schema\/person\/c1b1bd3727fa852bd045e9dbff3673ea\"},\"headline\":\"Vale (VALE3) perde quase R$ 40 bi de valor de mercado em 2024; entenda os motivos\",\"datePublished\":\"2024-01-26T01:16:47+00:00\",\"dateModified\":\"2024-01-26T01:16:51+00:00\",\"mainEntityOfPage\":{\"@id\":\"https:\/\/www.suno.com.br\/noticias\/vale-vale3-perde-r-40-bi-valor-2024-mantega-minerio\/\"},\"wordCount\":1012,\"publisher\":{\"@id\":\"https:\/\/www.suno.com.br\/noticias\/#organization\"},\"image\":{\"@id\":\"https:\/\/www.suno.com.br\/noticias\/vale-vale3-perde-r-40-bi-valor-2024-mantega-minerio\/#primaryimage\"},\"thumbnailUrl\":\"https:\/\/files.sunoresearch.com.br\/n\/uploads\/2022\/12\/vale-vale3.jpg\",\"keywords\":[\"A\u00e7\u00f5es\",\"Conselho de Administra\u00e7\u00e3o\",\"governo federal\",\"Lula\",\"Vale (VALE3)\"],\"articleSection\":[\"Neg\u00f3cios\"],\"inLanguage\":\"pt-BR\"},{\"@type\":\"WebPage\",\"@id\":\"https:\/\/www.suno.com.br\/noticias\/vale-vale3-perde-r-40-bi-valor-2024-mantega-minerio\/\",\"url\":\"https:\/\/www.suno.com.br\/noticias\/vale-vale3-perde-r-40-bi-valor-2024-mantega-minerio\/\",\"name\":\"Vale (VALE3) perde quase R$ 40 bi de valor de mercado em 2024\",\"isPartOf\":{\"@id\":\"https:\/\/www.suno.com.br\/noticias\/#website\"},\"primaryImageOfPage\":{\"@id\":\"https:\/\/www.suno.com.br\/noticias\/vale-vale3-perde-r-40-bi-valor-2024-mantega-minerio\/#primaryimage\"},\"image\":{\"@id\":\"https:\/\/www.suno.com.br\/noticias\/vale-vale3-perde-r-40-bi-valor-2024-mantega-minerio\/#primaryimage\"},\"thumbnailUrl\":\"https:\/\/files.sunoresearch.com.br\/n\/uploads\/2022\/12\/vale-vale3.jpg\",\"datePublished\":\"2024-01-26T01:16:47+00:00\",\"dateModified\":\"2024-01-26T01:16:51+00:00\",\"description\":\"A Vale j\u00e1 perdeu s\u00f3 neste ano R$ 39,3 bi de valor de mercado, em meio a um momento de baixa do pre\u00e7o do min\u00e9rio. Mas n\u00e3o s\u00f3 isso\",\"breadcrumb\":{\"@id\":\"https:\/\/www.suno.com.br\/noticias\/vale-vale3-perde-r-40-bi-valor-2024-mantega-minerio\/#breadcrumb\"},\"inLanguage\":\"pt-BR\",\"potentialAction\":[{\"@type\":\"ReadAction\",\"target\":[\"https:\/\/www.suno.com.br\/noticias\/vale-vale3-perde-r-40-bi-valor-2024-mantega-minerio\/\"]}]},{\"@type\":\"ImageObject\",\"inLanguage\":\"pt-BR\",\"@id\":\"https:\/\/www.suno.com.br\/noticias\/vale-vale3-perde-r-40-bi-valor-2024-mantega-minerio\/#primaryimage\",\"url\":\"https:\/\/files.sunoresearch.com.br\/n\/uploads\/2022\/12\/vale-vale3.jpg\",\"contentUrl\":\"https:\/\/files.sunoresearch.com.br\/n\/uploads\/2022\/12\/vale-vale3.jpg\",\"width\":1200,\"height\":800,\"caption\":\"Vale (VALE3). Foto: Divulga\u00e7\u00e3o\/Vale\"},{\"@type\":\"BreadcrumbList\",\"@id\":\"https:\/\/www.suno.com.br\/noticias\/vale-vale3-perde-r-40-bi-valor-2024-mantega-minerio\/#breadcrumb\",\"itemListElement\":[{\"@type\":\"ListItem\",\"position\":1,\"name\":\"Not\u00edcias\",\"item\":\"https:\/\/www.suno.com.br\/noticias\/\"},{\"@type\":\"ListItem\",\"position\":2,\"name\":\"Neg\u00f3cios\",\"item\":\"https:\/\/www.suno.com.br\/noticias\/negocios\/\"},{\"@type\":\"ListItem\",\"position\":3,\"name\":\"Vale (VALE3) perde quase R$ 40 bi de valor de mercado em 2024; entenda os motivos\"}]},{\"@type\":\"WebSite\",\"@id\":\"https:\/\/www.suno.com.br\/noticias\/#website\",\"url\":\"https:\/\/www.suno.com.br\/noticias\/\",\"name\":\"Suno Not\u00edcias\",\"description\":\"Seu portal de informa\u00e7\u00e3o sobre o mundo dos investimentos\",\"publisher\":{\"@id\":\"https:\/\/www.suno.com.br\/noticias\/#organization\"},\"potentialAction\":[{\"@type\":\"SearchAction\",\"target\":{\"@type\":\"EntryPoint\",\"urlTemplate\":\"https:\/\/www.suno.com.br\/noticias\/?s={search_term_string}\"},\"query-input\":{\"@type\":\"PropertyValueSpecification\",\"valueRequired\":true,\"valueName\":\"search_term_string\"}}],\"inLanguage\":\"pt-BR\"},{\"@type\":\"Organization\",\"@id\":\"https:\/\/www.suno.com.br\/noticias\/#organization\",\"name\":\"Suno Not\u00edcias\",\"url\":\"https:\/\/www.suno.com.br\/noticias\/\",\"logo\":{\"@type\":\"ImageObject\",\"inLanguage\":\"pt-BR\",\"@id\":\"https:\/\/www.suno.com.br\/noticias\/#\/schema\/logo\/image\/\",\"url\":\"https:\/\/files.sunoresearch.com.br\/n\/uploads\/2021\/09\/suno-logo.png\",\"contentUrl\":\"https:\/\/files.sunoresearch.com.br\/n\/uploads\/2021\/09\/suno-logo.png\",\"width\":180,\"height\":180,\"caption\":\"Suno Not\u00edcias\"},\"image\":{\"@id\":\"https:\/\/www.suno.com.br\/noticias\/#\/schema\/logo\/image\/\"},\"sameAs\":[\"https:\/\/facebook.com\/sunoresearch\",\"https:\/\/x.com\/sunoresearch\",\"https:\/\/www.instagram.com\/suno\",\"https:\/\/www.linkedin.com\/company\/suno-research\/\",\"https:\/\/www.youtube.com\/c\/sunoresearch\"]},{\"@type\":\"Person\",\"@id\":\"https:\/\/www.suno.com.br\/noticias\/#\/schema\/person\/c1b1bd3727fa852bd045e9dbff3673ea\",\"name\":\"Reda\u00e7\u00e3o Suno Not\u00edcias\",\"image\":{\"@type\":\"ImageObject\",\"inLanguage\":\"pt-BR\",\"@id\":\"https:\/\/www.suno.com.br\/noticias\/#\/schema\/person\/image\/\",\"url\":\"https:\/\/secure.gravatar.com\/avatar\/b8104b9b5a71985d5238ee59fbe418af?s=96&r=g\",\"contentUrl\":\"https:\/\/secure.gravatar.com\/avatar\/b8104b9b5a71985d5238ee59fbe418af?s=96&r=g\",\"caption\":\"Reda\u00e7\u00e3o Suno Not\u00edcias\"},\"description\":\"O Suno Not\u00edcias \u00e9 um portal de informa\u00e7\u00f5es sobre Mercado Financeiro, Pol\u00edtica, Neg\u00f3cios, Economia e Finan\u00e7as Pessoais.\",\"sameAs\":[\"https:\/\/www.suno.com.br\/noticias\",\"https:\/\/www.facebook.com\/sunonoticias\/\",\"https:\/\/www.instagram.com\/sunonoticias\/\",\"https:\/\/x.com\/https:\/\/twitter.com\/sunoresearch\",\"https:\/\/www.youtube.com\/sunonoticias\"],\"url\":\"https:\/\/www.suno.com.br\/noticias\/author\/redacao-suno\/\"}]}<\/script>\n<!-- \/ Yoast SEO plugin. -->","yoast_head_json":{"title":"Vale (VALE3) perde quase R$ 40 bi de valor de mercado em 2024","description":"A Vale j\u00e1 perdeu s\u00f3 neste ano R$ 39,3 bi de valor de mercado, em meio a um momento de baixa do pre\u00e7o do min\u00e9rio. Mas n\u00e3o s\u00f3 isso","robots":{"index":"index","follow":"follow","max-snippet":"max-snippet:-1","max-image-preview":"max-image-preview:large","max-video-preview":"max-video-preview:-1"},"canonical":"https:\/\/www.suno.com.br\/noticias\/vale-vale3-perde-r-40-bi-valor-2024-mantega-minerio\/","og_locale":"pt_BR","og_type":"article","og_title":"Vale (VALE3) perde quase R$ 40 bi de valor de mercado em 2024","og_description":"A Vale j\u00e1 perdeu s\u00f3 neste ano R$ 39,3 bi de valor de mercado, em meio a um momento de baixa do pre\u00e7o do min\u00e9rio. Mas n\u00e3o s\u00f3 isso","og_url":"https:\/\/www.suno.com.br\/noticias\/vale-vale3-perde-r-40-bi-valor-2024-mantega-minerio\/","og_site_name":"Suno Not\u00edcias","article_publisher":"https:\/\/facebook.com\/sunoresearch","article_author":"https:\/\/www.facebook.com\/sunonoticias\/","og_image":[{"width":1200,"height":800,"url":"https:\/\/files.sunoresearch.com.br\/n\/uploads\/2022\/12\/vale-vale3.jpg","type":"image\/jpeg"}],"author":"Reda\u00e7\u00e3o Suno Not\u00edcias","twitter_card":"summary_large_image","twitter_creator":"@https:\/\/twitter.com\/sunoresearch","twitter_site":"@sunoresearch","twitter_misc":{"Escrito por":"Reda\u00e7\u00e3o Suno Not\u00edcias","Est. tempo de leitura":"6 minutos"},"schema":{"@context":"https:\/\/schema.org","@graph":[{"@type":"NewsArticle","@id":"https:\/\/www.suno.com.br\/noticias\/vale-vale3-perde-r-40-bi-valor-2024-mantega-minerio\/#article","isPartOf":{"@id":"https:\/\/www.suno.com.br\/noticias\/vale-vale3-perde-r-40-bi-valor-2024-mantega-minerio\/"},"author":{"name":"Reda\u00e7\u00e3o Suno Not\u00edcias","@id":"https:\/\/www.suno.com.br\/noticias\/#\/schema\/person\/c1b1bd3727fa852bd045e9dbff3673ea"},"headline":"Vale (VALE3) perde quase R$ 40 bi de valor de mercado em 2024; entenda os motivos","datePublished":"2024-01-26T01:16:47+00:00","dateModified":"2024-01-26T01:16:51+00:00","mainEntityOfPage":{"@id":"https:\/\/www.suno.com.br\/noticias\/vale-vale3-perde-r-40-bi-valor-2024-mantega-minerio\/"},"wordCount":1012,"publisher":{"@id":"https:\/\/www.suno.com.br\/noticias\/#organization"},"image":{"@id":"https:\/\/www.suno.com.br\/noticias\/vale-vale3-perde-r-40-bi-valor-2024-mantega-minerio\/#primaryimage"},"thumbnailUrl":"https:\/\/files.sunoresearch.com.br\/n\/uploads\/2022\/12\/vale-vale3.jpg","keywords":["A\u00e7\u00f5es","Conselho de Administra\u00e7\u00e3o","governo federal","Lula","Vale (VALE3)"],"articleSection":["Neg\u00f3cios"],"inLanguage":"pt-BR"},{"@type":"WebPage","@id":"https:\/\/www.suno.com.br\/noticias\/vale-vale3-perde-r-40-bi-valor-2024-mantega-minerio\/","url":"https:\/\/www.suno.com.br\/noticias\/vale-vale3-perde-r-40-bi-valor-2024-mantega-minerio\/","name":"Vale (VALE3) perde quase R$ 40 bi de valor de mercado em 2024","isPartOf":{"@id":"https:\/\/www.suno.com.br\/noticias\/#website"},"primaryImageOfPage":{"@id":"https:\/\/www.suno.com.br\/noticias\/vale-vale3-perde-r-40-bi-valor-2024-mantega-minerio\/#primaryimage"},"image":{"@id":"https:\/\/www.suno.com.br\/noticias\/vale-vale3-perde-r-40-bi-valor-2024-mantega-minerio\/#primaryimage"},"thumbnailUrl":"https:\/\/files.sunoresearch.com.br\/n\/uploads\/2022\/12\/vale-vale3.jpg","datePublished":"2024-01-26T01:16:47+00:00","dateModified":"2024-01-26T01:16:51+00:00","description":"A Vale j\u00e1 perdeu s\u00f3 neste ano R$ 39,3 bi de valor de mercado, em meio a um momento de baixa do pre\u00e7o do min\u00e9rio. Mas n\u00e3o s\u00f3 isso","breadcrumb":{"@id":"https:\/\/www.suno.com.br\/noticias\/vale-vale3-perde-r-40-bi-valor-2024-mantega-minerio\/#breadcrumb"},"inLanguage":"pt-BR","potentialAction":[{"@type":"ReadAction","target":["https:\/\/www.suno.com.br\/noticias\/vale-vale3-perde-r-40-bi-valor-2024-mantega-minerio\/"]}]},{"@type":"ImageObject","inLanguage":"pt-BR","@id":"https:\/\/www.suno.com.br\/noticias\/vale-vale3-perde-r-40-bi-valor-2024-mantega-minerio\/#primaryimage","url":"https:\/\/files.sunoresearch.com.br\/n\/uploads\/2022\/12\/vale-vale3.jpg","contentUrl":"https:\/\/files.sunoresearch.com.br\/n\/uploads\/2022\/12\/vale-vale3.jpg","width":1200,"height":800,"caption":"Vale (VALE3). Foto: Divulga\u00e7\u00e3o\/Vale"},{"@type":"BreadcrumbList","@id":"https:\/\/www.suno.com.br\/noticias\/vale-vale3-perde-r-40-bi-valor-2024-mantega-minerio\/#breadcrumb","itemListElement":[{"@type":"ListItem","position":1,"name":"Not\u00edcias","item":"https:\/\/www.suno.com.br\/noticias\/"},{"@type":"ListItem","position":2,"name":"Neg\u00f3cios","item":"https:\/\/www.suno.com.br\/noticias\/negocios\/"},{"@type":"ListItem","position":3,"name":"Vale (VALE3) perde quase R$ 40 bi de valor de mercado em 2024; entenda os motivos"}]},{"@type":"WebSite","@id":"https:\/\/www.suno.com.br\/noticias\/#website","url":"https:\/\/www.suno.com.br\/noticias\/","name":"Suno Not\u00edcias","description":"Seu portal de informa\u00e7\u00e3o sobre o mundo dos investimentos","publisher":{"@id":"https:\/\/www.suno.com.br\/noticias\/#organization"},"potentialAction":[{"@type":"SearchAction","target":{"@type":"EntryPoint","urlTemplate":"https:\/\/www.suno.com.br\/noticias\/?s={search_term_string}"},"query-input":{"@type":"PropertyValueSpecification","valueRequired":true,"valueName":"search_term_string"}}],"inLanguage":"pt-BR"},{"@type":"Organization","@id":"https:\/\/www.suno.com.br\/noticias\/#organization","name":"Suno Not\u00edcias","url":"https:\/\/www.suno.com.br\/noticias\/","logo":{"@type":"ImageObject","inLanguage":"pt-BR","@id":"https:\/\/www.suno.com.br\/noticias\/#\/schema\/logo\/image\/","url":"https:\/\/files.sunoresearch.com.br\/n\/uploads\/2021\/09\/suno-logo.png","contentUrl":"https:\/\/files.sunoresearch.com.br\/n\/uploads\/2021\/09\/suno-logo.png","width":180,"height":180,"caption":"Suno Not\u00edcias"},"image":{"@id":"https:\/\/www.suno.com.br\/noticias\/#\/schema\/logo\/image\/"},"sameAs":["https:\/\/facebook.com\/sunoresearch","https:\/\/x.com\/sunoresearch","https:\/\/www.instagram.com\/suno","https:\/\/www.linkedin.com\/company\/suno-research\/","https:\/\/www.youtube.com\/c\/sunoresearch"]},{"@type":"Person","@id":"https:\/\/www.suno.com.br\/noticias\/#\/schema\/person\/c1b1bd3727fa852bd045e9dbff3673ea","name":"Reda\u00e7\u00e3o Suno Not\u00edcias","image":{"@type":"ImageObject","inLanguage":"pt-BR","@id":"https:\/\/www.suno.com.br\/noticias\/#\/schema\/person\/image\/","url":"https:\/\/secure.gravatar.com\/avatar\/b8104b9b5a71985d5238ee59fbe418af?s=96&r=g","contentUrl":"https:\/\/secure.gravatar.com\/avatar\/b8104b9b5a71985d5238ee59fbe418af?s=96&r=g","caption":"Reda\u00e7\u00e3o Suno Not\u00edcias"},"description":"O Suno Not\u00edcias \u00e9 um portal de informa\u00e7\u00f5es sobre Mercado Financeiro, Pol\u00edtica, Neg\u00f3cios, Economia e Finan\u00e7as Pessoais.","sameAs":["https:\/\/www.suno.com.br\/noticias","https:\/\/www.facebook.com\/sunonoticias\/","https:\/\/www.instagram.com\/sunonoticias\/","https:\/\/x.com\/https:\/\/twitter.com\/sunoresearch","https:\/\/www.youtube.com\/sunonoticias"],"url":"https:\/\/www.suno.com.br\/noticias\/author\/redacao-suno\/"}]}},"default_loop_html":"<div class=\"cardsPage__listCard__boxs\"><div class=\"cardsPage__listCard__boxs__img\"><a href=\"https:\/\/www.suno.com.br\/noticias\/vale-vale3-perde-r-40-bi-valor-2024-mantega-minerio\/\"><img class=\"mask\" src=\"https:\/\/www.suno.com.br\/noticias\/wp-content\/themes\/suno\/resources\/images\/spotlight\/spotlight1img\/bg-mask.png\" alt=\"Image Mask\"\/><img src=\"https:\/\/files.sunoresearch.com.br\/n\/uploads\/2022\/12\/vale-vale3-400x200.jpg\" alt=\"Vale (VALE3) perde quase R$ 40 bi de valor de mercado em 2024; entenda os motivos\"\/><\/a><span class=\"spotlightCategory\"><a href=\"https:\/\/www.suno.com.br\/noticias\/negocios\/\">Neg\u00f3cios<\/a><\/span><\/div><div class=\"cardsPage__listCard__boxs__content\"><a href=\"https:\/\/www.suno.com.br\/noticias\/vale-vale3-perde-r-40-bi-valor-2024-mantega-minerio\/\"><h2 class=\"content__title\">Vale (VALE3) perde quase R$ 40 bi de valor de mercado em 2024; entenda os motivos<\/h2><\/a><div class=\"newsContent__article__meta\"><div class=\"newsContent__article__meta__authorBox\"><a href=\"https:\/\/www.suno.com.br\/noticias\/author\/eduardo-vargas\/\" class=\"authorBox__avatar noMobi\"><img src=\"https:\/\/secure.gravatar.com\/avatar\/dac340933427a22924c9f99d1eb2e3f2?s=96&#038;r=g\" alt=\"Eduardo Vargas\"><\/a><div class=\"authorBox__name\"><span>por\n\t\t\t<a href=\"https:\/\/www.suno.com.br\/noticias\/author\/eduardo-vargas\/\"><span itemprop=\"author\">Eduardo Vargas<\/span><\/a><\/span><time datetime=\"2024-01-25T22:16:47-03:00\" itemprop=\"datePublished\">25\/01\/2024 22:16<\/time><\/div><\/div><\/div><\/div><\/div>","single_layout":"posts","amp_enabled":true,"_links":{"self":[{"href":"https:\/\/www.suno.com.br\/noticias\/wp-json\/wp\/v2\/posts\/516115"}],"collection":[{"href":"https:\/\/www.suno.com.br\/noticias\/wp-json\/wp\/v2\/posts"}],"about":[{"href":"https:\/\/www.suno.com.br\/noticias\/wp-json\/wp\/v2\/types\/post"}],"author":[{"embeddable":true,"href":"https:\/\/www.suno.com.br\/noticias\/wp-json\/wp\/v2\/users\/43"}],"replies":[{"embeddable":true,"href":"https:\/\/www.suno.com.br\/noticias\/wp-json\/wp\/v2\/comments?post=516115"}],"version-history":[{"count":2,"href":"https:\/\/www.suno.com.br\/noticias\/wp-json\/wp\/v2\/posts\/516115\/revisions"}],"predecessor-version":[{"id":516130,"href":"https:\/\/www.suno.com.br\/noticias\/wp-json\/wp\/v2\/posts\/516115\/revisions\/516130"}],"wp:featuredmedia":[{"embeddable":true,"href":"https:\/\/www.suno.com.br\/noticias\/wp-json\/wp\/v2\/media\/331473"}],"wp:attachment":[{"href":"https:\/\/www.suno.com.br\/noticias\/wp-json\/wp\/v2\/media?parent=516115"}],"wp:term":[{"taxonomy":"category","embeddable":true,"href":"https:\/\/www.suno.com.br\/noticias\/wp-json\/wp\/v2\/categories?post=516115"},{"taxonomy":"post_tag","embeddable":true,"href":"https:\/\/www.suno.com.br\/noticias\/wp-json\/wp\/v2\/tags?post=516115"},{"taxonomy":"suno_strategy","embeddable":true,"href":"https:\/\/www.suno.com.br\/noticias\/wp-json\/wp\/v2\/suno_strategy?post=516115"}],"curies":[{"name":"wp","href":"https:\/\/api.w.org\/{rel}","templated":true}]}}