{"id":516112,"date":"2024-01-25T22:31:29","date_gmt":"2024-01-26T01:31:29","guid":{"rendered":"https:\/\/www.suno.com.br\/noticias\/?p=516112"},"modified":"2024-01-25T22:31:40","modified_gmt":"2024-01-26T01:31:40","slug":"radar-gol-goll4-vale-vale3-petrobras-petr4","status":"publish","type":"post","link":"https:\/\/www.suno.com.br\/noticias\/radar-gol-goll4-vale-vale3-petrobras-petr4\/","title":{"rendered":"Radar: Gol (GOLL4) inicia recupera\u00e7\u00e3o judicial, Vale (VALE3) diz que n\u00e3o recebeu notifica\u00e7\u00e3o sobre condena\u00e7\u00e3o e Petrobras (PETR4) analisar\u00e1 nome para colegiado"},"content":{"rendered":"<p>A&nbsp;<a href=\"https:\/\/www.suno.com.br\/acoes\/GOLL4\/\" target=\"_blank\" rel=\"noreferrer noopener\"><strong>Gol<\/strong>&nbsp;(GOLL4)<\/a>, logo ap\u00f3s pedir recupera\u00e7\u00e3o judicial nos EUA, criou um Comit\u00ea Especial Independente. A decis\u00e3o foi comunicada na noite desta quinta-feira (25), em&nbsp;<a href=\"https:\/\/www.rad.cvm.gov.br\/ENET\/frmExibirArquivoIPEExterno.aspx?NumeroProtocoloEntrega=1186123\" target=\"_blank\" rel=\"noreferrer noopener\">documento arquivado na Comiss\u00e3o de Valores Mobili\u00e1rios (CVM)<\/a>.<\/p>\t<div class=\"wrapper-featured-image\">\n\t\t<figure class=\"spotlightImg\">\n\n\t\t\t<picture>\n\t\t\t\t<source media=\"(max-width: 768px)\" srcset=\"https:\/\/files.sunoresearch.com.br\/n\/uploads\/2023\/05\/gol-aerea-400x200.jpg\">\n\t\t\t\t<img loading=\"lazy\" decoding=\"async\" class=\"newsContent__article__imgCapa lazyloadDisabled \" src=\"https:\/\/files.sunoresearch.com.br\/n\/uploads\/2023\/05\/gol-aerea-800x450.jpg\" width=\"800\" height=\"450\" alt=\"Radar: Gol (GOLL4) inicia recupera\u00e7\u00e3o judicial, Vale (VALE3) diz que n\u00e3o recebeu notifica\u00e7\u00e3o sobre condena\u00e7\u00e3o e Petrobras (PETR4) analisar\u00e1 nome para colegiado\" fetchpriority=high \/>\n\t\t\t<\/picture>\n\n\t\t\t<figcaption class=\"wp-caption-text wp-caption-text--show\">Gol, companhia a\u00e9rea - Foto: iStock<\/figcaption>\n\t\t<\/figure>\n\t<\/div>\n\n\n\n\n\n\t<p>\n\t\t<a href=\"https:\/\/lp.suno.com.br\/planilha-da-vida-financeira\/\" target=\"_blank\" data-element=\"shortcode-suno-banner\" title=\"Banner SUNO, clique e saiba mais\">\n\t\t\t<picture>\n\t\t\t\t<source media=\"(max-width: 500px)\" srcset=\"https:\/\/files.sunoresearch.com.br\/n\/uploads\/2023\/04\/400x300-Planilha-vida-financeira-true.png\">\n\t\t\t\t<img class=\"newsContent__article__imgCapa newsContent__article__imgCapa--banner\"\n\t\t\t\t\tsrc=\"https:\/\/files.sunoresearch.com.br\/n\/uploads\/2023\/04\/1420x240-Planilha-vida-financeira-true.png\"\n\t\t\t\t\tdata-promo-id=\"106682\"\t\t\t\t\t\t\t\t\t\twidth='1420' height='240'\t\t\t\t\talt=\"https:\/\/files.sunoresearch.com.br\/n\/uploads\/2023\/04\/1420x240-Planilha-vida-financeira-true.png\"\n\t\t\t\t>\n\t\t\t<\/picture>\n\t\t<\/a>\n\t<\/p>\n\n\n\n\n\n\n\n<p>Conforme detalhado pela companhia, o&nbsp;<strong>Comit\u00ea da Gol<\/strong>&nbsp;\u00e9 composto por tr\u00eas membros: Marcela de Paiva Bonfim Teixeira, Timothy Robert Coleman e Paul Stewart Aronzon, todos conselheiros independentes da empresa.<\/p>\n\n\n\n<p>\u201cO Comit\u00ea atuar\u00e1 como um \u00f3rg\u00e3o consultivo do&nbsp;<a target=\"_blank\" href=\"https:\/\/www.suno.com.br\/artigos\/conselho-administracao\/\" rel=\"noreferrer noopener\">Conselho de Administra\u00e7\u00e3o<\/a>, com poderes e autoridade para avaliar, revisar, planejar, supervisionar negocia\u00e7\u00f5es e apresentar recomenda\u00e7\u00f5es ao Conselho de Administra\u00e7\u00e3o sobre quaisquer assuntos decorrentes ou relacionados aos procedimentos do&nbsp;<strong>Chapter 11<\/strong>\u201c, diz o comunicado.<\/p>\n\n\n\n<p>Al\u00e9m disso, a Gol nomeou Joseph Wilfred Bliley IV para o cargo de Diretor de Reestrutura\u00e7\u00e3o (Chief Restructuring Officer).<\/p>\n\n\n\n<p>Al\u00e9m de Gol, confira outros destaques desta quinta-feira:<\/p>\n\n\n\n<h2 class=\"wp-block-heading\">Vale (VALE3) diz que n\u00e3o foi notificada sobre condena\u00e7\u00e3o por rompimento da barragem de Mariana (MG)<\/h2>\n\n\n\n<ul class=\"wp-block-list\">\n<li>A&nbsp;<strong>Vale (VALE3)<\/strong>&nbsp;informou nesta quinta-feira, 25, de acordo com comunicado enviado ao mercado, que n\u00e3o foi notificada sobre a condena\u00e7\u00e3o para o pagamento de danos morais coletivos em decorr\u00eancia do rompimento da barragem de Fund\u00e3o, em Mariana (MG), ocorrida em novembro de 2015.<\/li>\n<\/ul>\n\n\n\n<ul class=\"wp-block-list\">\n<li>A\u00a0<strong>Justi\u00e7a de Minas Gerais<\/strong>\u00a0condenou a Vale,\u00a0<strong>BHP<\/strong>\u00a0e a\u00a0<strong>Samarco<\/strong>, ao\u00a0<strong>pagamento de R$ 47,6 bilh\u00f5es<\/strong>, com corre\u00e7\u00e3o monet\u00e1ria, para a indeniza\u00e7\u00e3o pelos danos ambientais ocorridos em Mariana (MG).<\/li>\n<\/ul>\n\n\n\n<ul class=\"wp-block-list\">\n<li>A mineradora brasileira \u00e9 s\u00f3cia da BHP na Samarco, que explorava a mina de Mariana.<\/li>\n<\/ul>\n\n\n\n<ul class=\"wp-block-list\">\n<li>Hoje, faz cinco anos da ruptura de outra barragem ligada \u00e0 Vale, a do C\u00f3rrego do Feij\u00e3o, em Brumadinho (MG).<\/li>\n<\/ul>\n\n\n\n<ul class=\"wp-block-list\">\n<li>O&nbsp;<strong>juiz Vinicius Cobucci Sampaio<\/strong>&nbsp;decidiu que os recursos sobre a&nbsp;<strong>indeniza\u00e7\u00e3o da Vale em Mariana<\/strong>&nbsp;devem ser direcionados a um fundo administrado pelo governo federal para ser utilizado nas \u00e1reas impactadas pelo rompimento da barragem.<\/li>\n<\/ul>\n\n\n\n<ul class=\"wp-block-list\">\n<li>Segundo o magistrado, a&nbsp;<strong>indeniza\u00e7\u00e3o da Vale pelo dano moral coletivo<\/strong>&nbsp;servir\u00e1 como uma garantia de n\u00e3o repeti\u00e7\u00e3o dos acontecimentos, uma vez que a aus\u00eancia de resposta jur\u00eddica adequada contribuiu para o rompimento da&nbsp;<strong>barragem de Brumadinho<\/strong>&nbsp;em 2019. Sampaio lembrou ainda que Minas Gerais possu\u00eda at\u00e9 dezembro tr\u00eas barragens com risco de ruptura.<\/li>\n<\/ul>\n\n\n\n<h2 class=\"wp-block-heading\">Petrobras (PETR4) analisar\u00e1 amanh\u00e3 nome indicado pelo Governo e rejeitado anteriormente, diz jornal<\/h2>\n\n\n\n<ul class=\"wp-block-list\">\n<li>O&nbsp;<a href=\"https:\/\/www.suno.com.br\/artigos\/conselho-administracao\/\" target=\"_blank\" rel=\"noreferrer noopener\">Conselho de Administra\u00e7\u00e3o<\/a>&nbsp;da&nbsp;<a href=\"https:\/\/www.suno.com.br\/acoes\/PETR4\/\" target=\"_blank\" rel=\"noreferrer noopener\"><strong>Petrobras<\/strong>&nbsp;(PETR4)<\/a>&nbsp;deve se reunir j\u00e1 nesta sexta-feira (26) para analisar o nome de Renato Galuppo para assumir uma cadeira no colegiado. As informa\u00e7\u00f5es foram apurados com fontes an\u00f4nimas a par do tema pelo jornal Valor Econ\u00f4mico.<\/li>\n<\/ul>\n\n\n\n<ul class=\"wp-block-list\">\n<li>O advogado&nbsp;<strong>Renato Galuppo<\/strong>&nbsp;foi indicado pelo&nbsp;<a href=\"https:\/\/www.gov.br\/mme\/pt-br\" target=\"_blank\" rel=\"noreferrer noopener\">Minist\u00e9rio de Minas e Energia (MME)<\/a>&nbsp;para ocupar uma cadeira no&nbsp;<strong>Conselho de Administra\u00e7\u00e3o da Petrobras<\/strong>.<\/li>\n<\/ul>\n\n\n\n<ul class=\"wp-block-list\">\n<li>Seu nome j\u00e1 tinha sido indicado para o Conselho da estatal no passado, por\u00e9m as normativas da \u00e9poca \u2013 incluindo a Lei das Estatais \u2013 o impediram de assumir o cargo.<\/li>\n<\/ul>\n\n\n\n<ul class=\"wp-block-list\">\n<li>Agora, se aprovado, ele ocupar\u00e1 o lugar de Efrain Cruz, que renunciou ao cargo ap\u00f3s ser exonerado da secretaria-executiva do MME ainda no final de dezembro.<\/li>\n<\/ul>\n\n\n\n<ul class=\"wp-block-list\">\n<li>De acordo com informa\u00e7\u00f5es apuradas pelo Valor, o nome de Galuppo foi aprovado pelas inst\u00e2ncias internas de governan\u00e7a.<\/li>\n<\/ul>\n\n\n\n<ul class=\"wp-block-list\">\n<li>Ele desempenhar\u00e1 suas fun\u00e7\u00f5es at\u00e9 o t\u00e9rmino do mandato de Cruz, mas pode vir a ser reconduzido ao cargo em meados de mar\u00e7o, quando a Petrobras far\u00e1 uma assembleia para renovar o colegiado.<\/li>\n<\/ul>\n\n\n\n<ul class=\"wp-block-list\">\n<li>Na segunda-feira (22), a Petrobras afirmou: \u201cGaluppo j\u00e1 \u00e9 membro do comit\u00ea de seguran\u00e7a, meio ambiente e sa\u00fade do conselho de administra\u00e7\u00e3o da Petrobras e teve seu relat\u00f3rio de integridade recentemente emitido e analisado pelo comit\u00ea de pessoas, sem qualquer impedimento para assumir cargo de administra\u00e7\u00e3o na companhia\u201d.<\/li>\n<\/ul>\n\n\n\n<ul class=\"wp-block-list\">\n<li>Galuppo \u00e9 advogado, atuando perante o Tribunal de Justi\u00e7a de Minas Gerais (TJMG), Tribunal Regional Eleitoral de Minas Gerais (TRE\/MG), Supremo Tribunal Federal e Tribunais Superiores desde fevereiro de 2003.<\/li>\n<\/ul>\n\n\n\n<ul class=\"wp-block-list\">\n<li>O advogado tamb\u00e9m \u00e9 conselheiro de administra\u00e7\u00e3o da Pr\u00e9-Sal Petr\u00f3leo (PPSA) desde julho de 2023.<\/li>\n<\/ul>\n\n\n\t<p>\n\t\t<a href=\"https:\/\/lp.suno.com.br\/ebook-como-analisar-uma-acao\/\" target=\"_blank\" data-element=\"shortcode-suno-banner\" title=\"Banner SUNO, clique e saiba mais\">\n\t\t\t<picture>\n\t\t\t\t<source media=\"(max-width: 500px)\" srcset=\"https:\/\/files.sunoresearch.com.br\/n\/uploads\/2023\/03\/Ebook-Acoes-Mobile.jpg\">\n\t\t\t\t<img class=\"newsContent__article__imgCapa newsContent__article__imgCapa--banner\"\n\t\t\t\t\tsrc=\"https:\/\/files.sunoresearch.com.br\/n\/uploads\/2023\/03\/Ebook-Acoes-Desktop.jpg\"\n\t\t\t\t\tdata-promo-id=\"378302\"\t\t\t\t\t\t\t\t\t\twidth='1420' height='286'\t\t\t\t\talt=\"https:\/\/files.sunoresearch.com.br\/n\/uploads\/2023\/03\/Ebook-Acoes-Desktop.jpg\"\n\t\t\t\t>\n\t\t\t<\/picture>\n\t\t<\/a>\n\t<\/p>\n\n\n\n\n\n<h2 class=\"wp-block-heading\">CVC (CVCB3) fecha acordo para potencial parceria com espanhola \u00c1voris<\/h2>\n\n\n\n<ul class=\"wp-block-list\">\n<li>A&nbsp;<a href=\"https:\/\/www.suno.com.br\/acoes\/cvcb3\/\"><strong>CVC&nbsp;<\/strong>(CVCB3)&nbsp;<\/a>informou nesta quinta (25) que firmou um acordo de inten\u00e7\u00e3o para futura coopera\u00e7\u00e3o comercial com a espanhola \u00c1voris Corporaci\u00f3n Empresarial.<\/li>\n<\/ul>\n\n\n\n<ul class=\"wp-block-list\">\n<li>O&nbsp;<strong>acordo da CVC&nbsp;<\/strong>prev\u00ea a implementa\u00e7\u00e3o de um grupo de estudo para potencial colabora\u00e7\u00e3o comercial com intuito de alavancar sinergias comerciais.<\/li>\n<\/ul>\n\n\n\n<ul class=\"wp-block-list\">\n<li>Segundo comunicado da companhia, uma futura&nbsp;<strong>parceria da<\/strong>&nbsp;<strong>CVC com a \u00c1voris<\/strong>&nbsp;proporcionar\u00e1 maior presen\u00e7a global para as empresas, com alcance local em seus mercados de atua\u00e7\u00e3o.<\/li>\n<\/ul>\n\n\n\n<ul class=\"wp-block-list\">\n<li>A&nbsp;<strong>\u00c1voris<\/strong>&nbsp;\u00e9 grupo l\u00edder de turismo integrado na Espanha, especializado na comercializa\u00e7\u00e3o de viagens de lazer e faz parte do grupo Barcel\u00f3.<\/li>\n<\/ul>\n\n\n\n<h2 class=\"wp-block-heading\">Com d\u00edvida bilion\u00e1ria, Gol (GOLL4) quer captar quase US$ 1 bilh\u00e3o<\/h2>\n\n\n\n<ul class=\"wp-block-list\">\n<li>A&nbsp;<a href=\"https:\/\/www.suno.com.br\/acoes\/GOLL4\/\" target=\"_blank\" rel=\"noreferrer noopener\"><strong>Gol<\/strong>&nbsp;(GOLL4)<\/a>&nbsp;est\u00e1 buscando um financiamento de aproximadamente US$ 950 milh\u00f5es, segundo informa\u00e7\u00f5es da Bloomberg.<\/li>\n<\/ul>\n\n\n\n<ul class=\"wp-block-list\">\n<li>A not\u00edcia \u00e9 divulgada antes do an\u00fancio de que a Gol vai pedir&nbsp;<strong>recupera\u00e7\u00e3o judicial nos Estados Unidos<\/strong>&nbsp;\u2013 procedimento conhecido como Chapter 11.<\/li>\n<\/ul>\n\n\n\n<ul class=\"wp-block-list\">\n<li>A&nbsp;<strong>companhia a\u00e9rea<\/strong>, que contratou a Seabury Capital para auxiliar em uma revis\u00e3o mais abrangente de sua&nbsp;<a href=\"https:\/\/www.suno.com.br\/artigos\/indicadores-estrutura-capital\/\" target=\"_blank\" rel=\"noreferrer noopener\">estrutura de capital<\/a>&nbsp;em meados de dezembro, precisar\u00e1 de um empr\u00e9stimo do tipo DIP (debtor-in-possession).<\/li>\n<\/ul>\n\n\n\n<ul class=\"wp-block-list\">\n<li>A Gol passou por v\u00e1rias rodadas de reestrutura\u00e7\u00e3o desde o in\u00edcio da pandemia. Atualmente, a empresa busca um acordo com os detentores de seus t\u00edtulos de d\u00edvida, ao mesmo tempo em que tenta renegociar acordos com os credores nas opera\u00e7\u00f5es de leasing.<\/li>\n<\/ul>\n\n\n\n<h2 class=\"wp-block-heading\">Petrobras (PETR4): explos\u00e3o em tanque de refinaria deixa quatro feridos<\/h2>\n\n\n\n<ul class=\"wp-block-list\">\n<li>Uma<strong>&nbsp;<\/strong>explos\u00e3o no tanque na refinaria Abreu e Lima (Rnest), em Pernambuco, na tarde desta quinta-feira, 25, deixou quatro trabalhadores feridos. O acidente na refinaria da&nbsp;<strong>Petrobras<\/strong>&nbsp;(PETR4) aconteceu por volta de 15h30, segundo o portal G1.<\/li>\n<\/ul>\n\n\n\n<ul class=\"wp-block-list\">\n<li>A Petrobras confirmou o acidente durante manuten\u00e7\u00e3o de tanque de petr\u00f3leo na<strong>&nbsp;refinaria de Abreu e Lima<\/strong>, em Ipojuca (PE).<\/li>\n<\/ul>\n\n\n\n<ul class=\"wp-block-list\">\n<li>A estatal nega que tenha havido&nbsp;<strong>explos\u00e3o na refinaria<\/strong>&nbsp;<strong>da Petrobras<\/strong>&nbsp;e, em nota, menciona \u201cfagulhamento seguido de chama rapidamente controlada\u201d. As unidades de produ\u00e7\u00e3o da refinaria, informou, operam normalmente, \u201csem outros impactos\u201d.<\/li>\n<\/ul>\n\n\n\n<ul class=\"wp-block-list\">\n<li>Quatro trabalhadores ficaram feridos. Segundo a estatal, a equipe j\u00e1 foi atendida na unidade e encaminhada para avalia\u00e7\u00e3o m\u00e9dica externa.. Uma&nbsp;<strong>equipe externa da Rnest<\/strong>&nbsp;foi acionada para atuar no controle da ocorr\u00eancia.<\/li>\n<\/ul>\n\n\n\n<ul class=\"wp-block-list\">\n<li>Fontes disseram ao&nbsp;<em>Broadcast<\/em>&nbsp;que o tanque em quest\u00e3o foi liberado para manuten\u00e7\u00e3o, mas, no momento da abertura pelos funcion\u00e1rios, houve um \u201cescape\u201d de calor com chamas.<\/li>\n<\/ul>\n\n\n\n<ul class=\"wp-block-list\">\n<li>Em contato com funcion\u00e1rios que n\u00e3o quiseram se identificar, o portal G1 relatou que o acidente ocorreu num tanque conhecido como \u201cMaracan\u00e3<strong>\u201d<\/strong>.<\/li>\n<\/ul>\n\n\n\n<ul class=\"wp-block-list\">\n<li>Dos quatro feridos na explos\u00e3o do&nbsp;<strong>tanque da Petrobras<\/strong>, um foi levado pelo Servi\u00e7o de Atendimento M\u00f3vel de Urg\u00eancia (Samu) para o Hospital Hapvida do Cabo de Santo Agostinho, em Pernambuco. Os outros tr\u00eas foram transportados por ambul\u00e2ncias da pr\u00f3pria refinaria.<\/li>\n<\/ul>\n\n\n\n<ul class=\"wp-block-list\">\n<li>Ao G1, o Sindicato dos Trabalhadores na Ind\u00fastria do Petr\u00f3leo e G\u00e1s Natural (Sindipetro-PE\/PB) afirmou que os trabalhadores foram levados para o Hospital Dom Helder C\u00e2mara, tamb\u00e9m em Cabo de Santo Agostinho, e para o Hospital Restaura\u00e7\u00e3o, no centro de Recife. Os funcion\u00e1rios tiveram queimaduras, al\u00e9m de escoria\u00e7\u00f5es.<\/li>\n<\/ul>\n\n\n\n<ul class=\"wp-block-list\">\n<li>\u201cAs equipes internas da refinaria foram acionadas e atuaram para controle da ocorr\u00eancia. As causas ser\u00e3o investigadas\u201d, informou a Petrobras.<\/li>\n<\/ul>\n\n\n\n<ul class=\"wp-block-list\">\n<li>Procurada, a Federa\u00e7\u00e3o \u00danica dos Petroleiros (FUP) afirmou que vai integrar a comiss\u00e3o de investiga\u00e7\u00e3o do acidente junto com o Sindipetro Pernambuco-Para\u00edba e t\u00e9cnicos da estatal.<\/li>\n<\/ul>\n\n\n\n<p>Da Gol \u00e0 Petrobras, essas foram as empresas que se destacaram hoje. Para ler todas as mat\u00e9rias&nbsp;<strong><a href=\"https:\/\/www.suno.com.br\/noticias\/todos\/?utm_content=XYOE2ItQuUY.20201113&amp;utm_campaign=Track%2B&amp;utm_medium=video&amp;utm_source=telegram.sunoresearch\" target=\"_blank\" rel=\"noreferrer noopener\">clique aqui<\/a><\/strong>.<a href=\"https:\/\/lp.suno.com.br\/planilha-da-vida-financeira\/\" target=\"_blank\" rel=\"noreferrer noopener\"><\/a><a href=\"https:\/\/lp.suno.com.br\/cl\/webinario-suno-black-2024\/\" target=\"_blank\" rel=\"noreferrer noopener\"><\/a><a href=\"https:\/\/lp.suno.com.br\/planilha-da-vida-financeira\/\" target=\"_blank\" rel=\"noreferrer noopener\"><\/a><a href=\"https:\/\/lp.suno.com.br\/planilha-da-vida-financeira\/\" target=\"_blank\" rel=\"noreferrer noopener\"><\/a><a href=\"https:\/\/lp.suno.com.br\/planilha-da-vida-financeira\/\" target=\"_blank\" rel=\"noreferrer noopener\"><\/a><a href=\"https:\/\/lp.suno.com.br\/planilha-da-vida-financeira\/\" target=\"_blank\" rel=\"noreferrer noopener\"><\/a><a href=\"https:\/\/lp.suno.com.br\/planilha-da-vida-financeira\/\" target=\"_blank\" rel=\"noreferrer noopener\"><\/a><a href=\"https:\/\/lp.suno.com.br\/planilha-da-vida-financeira\/\" target=\"_blank\" rel=\"noreferrer noopener\"><\/a><\/p>\n\n\n\t<p>\n\t\t<a href=\"https:\/\/lp.suno.com.br\/planilha-da-vida-financeira\/\" target=\"_blank\" data-element=\"shortcode-suno-banner\" title=\"Banner SUNO, clique e saiba mais\">\n\t\t\t<picture>\n\t\t\t\t<source media=\"(max-width: 500px)\" srcset=\"https:\/\/files.sunoresearch.com.br\/n\/uploads\/2023\/04\/400x300-Planilha-vida-financeira-true.png\">\n\t\t\t\t<img class=\"newsContent__article__imgCapa newsContent__article__imgCapa--banner\"\n\t\t\t\t\tsrc=\"https:\/\/files.sunoresearch.com.br\/n\/uploads\/2023\/04\/1420x240-Planilha-vida-financeira-true.png\"\n\t\t\t\t\tdata-promo-id=\"383123\"\t\t\t\t\t\t\t\t\t\twidth='1420' height='240'\t\t\t\t\talt=\"https:\/\/files.sunoresearch.com.br\/n\/uploads\/2023\/04\/1420x240-Planilha-vida-financeira-true.png\"\n\t\t\t\t>\n\t\t\t<\/picture>\n\t\t<\/a>\n\t<\/p>\n\n\n","protected":false},"excerpt":{"rendered":"<p>A&nbsp;Gol&nbsp;(GOLL4), logo ap\u00f3s pedir recupera\u00e7\u00e3o judicial nos EUA, criou um Comit\u00ea Especial Independente. A decis\u00e3o foi comunicada na noite desta quinta-feira (25), em&nbsp;documento arquivado na Comiss\u00e3o de Valores Mobili\u00e1rios (CVM). Gol, companhia a\u00e9rea &#8211; Foto: iStock Conforme detalhado pela companhia, o&nbsp;Comit\u00ea da Gol&nbsp;\u00e9 composto por tr\u00eas membros: Marcela de Paiva Bonfim Teixeira, Timothy Robert Coleman [&hellip;]<\/p>\n","protected":false},"author":227,"featured_media":406421,"comment_status":"closed","ping_status":"closed","sticky":false,"template":"","format":"standard","meta":[],"categories":[64],"tags":[489,595,676],"suno_strategy":[],"class_list":["post-516112","post","type-post","status-publish","format-standard","has-post-thumbnail","hentry","category-negocios","tag-gol-linhas-aereas-goll11-goll4","tag-petrobras-petr4","tag-vale-vale3"],"yoast_head":"<!-- This site is optimized with the Yoast SEO plugin v24.4 - https:\/\/yoast.com\/wordpress\/plugins\/seo\/ -->\n<title>Radar: Gol (GOLL4) inicia recupera\u00e7\u00e3o judicial, Vale (VALE3) diz que n\u00e3o recebeu notifica\u00e7\u00e3o sobre condena\u00e7\u00e3o e Petrobras (PETR4) analisar\u00e1 nome para colegiado<\/title>\n<meta name=\"description\" content=\"Gol (GOLL4) inicia recupera\u00e7\u00e3o judicial, Vale (VALE3) nega notifica\u00e7\u00e3o sobre condena\u00e7\u00e3o e Petrobras (PETR4) analisar\u00e1 nome para colegiado\" \/>\n<meta name=\"robots\" content=\"index, follow, max-snippet:-1, max-image-preview:large, max-video-preview:-1\" \/>\n<link rel=\"canonical\" href=\"https:\/\/www.suno.com.br\/noticias\/radar-gol-goll4-vale-vale3-petrobras-petr4\/\" \/>\n<meta property=\"og:locale\" content=\"pt_BR\" \/>\n<meta property=\"og:type\" content=\"article\" \/>\n<meta property=\"og:title\" content=\"Radar: Gol (GOLL4) inicia recupera\u00e7\u00e3o judicial, Vale (VALE3) diz que n\u00e3o recebeu notifica\u00e7\u00e3o sobre condena\u00e7\u00e3o e Petrobras (PETR4) analisar\u00e1 nome para colegiado\" \/>\n<meta property=\"og:description\" content=\"Gol (GOLL4) inicia recupera\u00e7\u00e3o judicial, Vale (VALE3) nega notifica\u00e7\u00e3o sobre condena\u00e7\u00e3o e Petrobras (PETR4) analisar\u00e1 nome para colegiado\" \/>\n<meta property=\"og:url\" content=\"https:\/\/www.suno.com.br\/noticias\/radar-gol-goll4-vale-vale3-petrobras-petr4\/\" \/>\n<meta property=\"og:site_name\" content=\"Suno Not\u00edcias\" \/>\n<meta property=\"article:publisher\" content=\"https:\/\/facebook.com\/sunoresearch\" \/>\n<meta property=\"og:image\" content=\"https:\/\/files.sunoresearch.com.br\/n\/uploads\/2023\/05\/gol-aerea.jpg\" \/>\n\t<meta property=\"og:image:width\" content=\"1200\" \/>\n\t<meta property=\"og:image:height\" content=\"800\" \/>\n\t<meta property=\"og:image:type\" content=\"image\/jpeg\" \/>\n<meta name=\"author\" content=\"Vanessa Loiola\" \/>\n<meta name=\"twitter:card\" content=\"summary_large_image\" \/>\n<meta name=\"twitter:creator\" content=\"@sunoresearch\" \/>\n<meta name=\"twitter:site\" content=\"@sunoresearch\" \/>\n<meta name=\"twitter:label1\" content=\"Escrito por\" \/>\n\t<meta name=\"twitter:data1\" content=\"Vanessa Loiola\" \/>\n\t<meta name=\"twitter:label2\" content=\"Est. tempo de leitura\" \/>\n\t<meta name=\"twitter:data2\" content=\"7 minutos\" \/>\n<script type=\"application\/ld+json\" class=\"yoast-schema-graph\">{\"@context\":\"https:\/\/schema.org\",\"@graph\":[{\"@type\":\"NewsArticle\",\"@id\":\"https:\/\/www.suno.com.br\/noticias\/radar-gol-goll4-vale-vale3-petrobras-petr4\/#article\",\"isPartOf\":{\"@id\":\"https:\/\/www.suno.com.br\/noticias\/radar-gol-goll4-vale-vale3-petrobras-petr4\/\"},\"author\":{\"name\":\"Vanessa Loiola\",\"@id\":\"https:\/\/www.suno.com.br\/noticias\/#\/schema\/person\/450c455ecff319bab1f1a0e643451479\"},\"headline\":\"Radar: Gol (GOLL4) inicia recupera\u00e7\u00e3o judicial, Vale (VALE3) diz que n\u00e3o recebeu notifica\u00e7\u00e3o sobre condena\u00e7\u00e3o e Petrobras (PETR4) analisar\u00e1 nome para colegiado\",\"datePublished\":\"2024-01-26T01:31:29+00:00\",\"dateModified\":\"2024-01-26T01:31:40+00:00\",\"mainEntityOfPage\":{\"@id\":\"https:\/\/www.suno.com.br\/noticias\/radar-gol-goll4-vale-vale3-petrobras-petr4\/\"},\"wordCount\":1385,\"publisher\":{\"@id\":\"https:\/\/www.suno.com.br\/noticias\/#organization\"},\"image\":{\"@id\":\"https:\/\/www.suno.com.br\/noticias\/radar-gol-goll4-vale-vale3-petrobras-petr4\/#primaryimage\"},\"thumbnailUrl\":\"https:\/\/files.sunoresearch.com.br\/n\/uploads\/2023\/05\/gol-aerea.jpg\",\"keywords\":[\"Gol Linhas A\u00e9reas (GOLL11\/GOLL4)\",\"Petrobras (PETR4)\",\"Vale (VALE3)\"],\"articleSection\":[\"Neg\u00f3cios\"],\"inLanguage\":\"pt-BR\"},{\"@type\":\"WebPage\",\"@id\":\"https:\/\/www.suno.com.br\/noticias\/radar-gol-goll4-vale-vale3-petrobras-petr4\/\",\"url\":\"https:\/\/www.suno.com.br\/noticias\/radar-gol-goll4-vale-vale3-petrobras-petr4\/\",\"name\":\"Radar: Gol (GOLL4) inicia recupera\u00e7\u00e3o judicial, Vale (VALE3) diz que n\u00e3o recebeu notifica\u00e7\u00e3o sobre condena\u00e7\u00e3o e Petrobras (PETR4) analisar\u00e1 nome para colegiado\",\"isPartOf\":{\"@id\":\"https:\/\/www.suno.com.br\/noticias\/#website\"},\"primaryImageOfPage\":{\"@id\":\"https:\/\/www.suno.com.br\/noticias\/radar-gol-goll4-vale-vale3-petrobras-petr4\/#primaryimage\"},\"image\":{\"@id\":\"https:\/\/www.suno.com.br\/noticias\/radar-gol-goll4-vale-vale3-petrobras-petr4\/#primaryimage\"},\"thumbnailUrl\":\"https:\/\/files.sunoresearch.com.br\/n\/uploads\/2023\/05\/gol-aerea.jpg\",\"datePublished\":\"2024-01-26T01:31:29+00:00\",\"dateModified\":\"2024-01-26T01:31:40+00:00\",\"description\":\"Gol (GOLL4) inicia recupera\u00e7\u00e3o judicial, Vale (VALE3) nega notifica\u00e7\u00e3o sobre condena\u00e7\u00e3o e Petrobras (PETR4) analisar\u00e1 nome para colegiado\",\"breadcrumb\":{\"@id\":\"https:\/\/www.suno.com.br\/noticias\/radar-gol-goll4-vale-vale3-petrobras-petr4\/#breadcrumb\"},\"inLanguage\":\"pt-BR\",\"potentialAction\":[{\"@type\":\"ReadAction\",\"target\":[\"https:\/\/www.suno.com.br\/noticias\/radar-gol-goll4-vale-vale3-petrobras-petr4\/\"]}]},{\"@type\":\"ImageObject\",\"inLanguage\":\"pt-BR\",\"@id\":\"https:\/\/www.suno.com.br\/noticias\/radar-gol-goll4-vale-vale3-petrobras-petr4\/#primaryimage\",\"url\":\"https:\/\/files.sunoresearch.com.br\/n\/uploads\/2023\/05\/gol-aerea.jpg\",\"contentUrl\":\"https:\/\/files.sunoresearch.com.br\/n\/uploads\/2023\/05\/gol-aerea.jpg\",\"width\":1200,\"height\":800,\"caption\":\"Gol, companhia a\u00e9rea - Foto: iStock\"},{\"@type\":\"BreadcrumbList\",\"@id\":\"https:\/\/www.suno.com.br\/noticias\/radar-gol-goll4-vale-vale3-petrobras-petr4\/#breadcrumb\",\"itemListElement\":[{\"@type\":\"ListItem\",\"position\":1,\"name\":\"Not\u00edcias\",\"item\":\"https:\/\/www.suno.com.br\/noticias\/\"},{\"@type\":\"ListItem\",\"position\":2,\"name\":\"Neg\u00f3cios\",\"item\":\"https:\/\/www.suno.com.br\/noticias\/negocios\/\"},{\"@type\":\"ListItem\",\"position\":3,\"name\":\"Radar: Gol (GOLL4) inicia recupera\u00e7\u00e3o judicial, Vale (VALE3) diz que n\u00e3o recebeu notifica\u00e7\u00e3o sobre condena\u00e7\u00e3o e Petrobras (PETR4) analisar\u00e1 nome para colegiado\"}]},{\"@type\":\"WebSite\",\"@id\":\"https:\/\/www.suno.com.br\/noticias\/#website\",\"url\":\"https:\/\/www.suno.com.br\/noticias\/\",\"name\":\"Suno Not\u00edcias\",\"description\":\"Seu portal de informa\u00e7\u00e3o sobre o mundo dos investimentos\",\"publisher\":{\"@id\":\"https:\/\/www.suno.com.br\/noticias\/#organization\"},\"potentialAction\":[{\"@type\":\"SearchAction\",\"target\":{\"@type\":\"EntryPoint\",\"urlTemplate\":\"https:\/\/www.suno.com.br\/noticias\/?s={search_term_string}\"},\"query-input\":{\"@type\":\"PropertyValueSpecification\",\"valueRequired\":true,\"valueName\":\"search_term_string\"}}],\"inLanguage\":\"pt-BR\"},{\"@type\":\"Organization\",\"@id\":\"https:\/\/www.suno.com.br\/noticias\/#organization\",\"name\":\"Suno Not\u00edcias\",\"url\":\"https:\/\/www.suno.com.br\/noticias\/\",\"logo\":{\"@type\":\"ImageObject\",\"inLanguage\":\"pt-BR\",\"@id\":\"https:\/\/www.suno.com.br\/noticias\/#\/schema\/logo\/image\/\",\"url\":\"https:\/\/files.sunoresearch.com.br\/n\/uploads\/2021\/09\/suno-logo.png\",\"contentUrl\":\"https:\/\/files.sunoresearch.com.br\/n\/uploads\/2021\/09\/suno-logo.png\",\"width\":180,\"height\":180,\"caption\":\"Suno Not\u00edcias\"},\"image\":{\"@id\":\"https:\/\/www.suno.com.br\/noticias\/#\/schema\/logo\/image\/\"},\"sameAs\":[\"https:\/\/facebook.com\/sunoresearch\",\"https:\/\/x.com\/sunoresearch\",\"https:\/\/www.instagram.com\/suno\",\"https:\/\/www.linkedin.com\/company\/suno-research\/\",\"https:\/\/www.youtube.com\/c\/sunoresearch\"]},{\"@type\":\"Person\",\"@id\":\"https:\/\/www.suno.com.br\/noticias\/#\/schema\/person\/450c455ecff319bab1f1a0e643451479\",\"name\":\"Vanessa Loiola\",\"image\":{\"@type\":\"ImageObject\",\"inLanguage\":\"pt-BR\",\"@id\":\"https:\/\/www.suno.com.br\/noticias\/#\/schema\/person\/image\/\",\"url\":\"https:\/\/secure.gravatar.com\/avatar\/8b41117f9780831919eb38da349c3f20?s=96&r=g\",\"contentUrl\":\"https:\/\/secure.gravatar.com\/avatar\/8b41117f9780831919eb38da349c3f20?s=96&r=g\",\"caption\":\"Vanessa Loiola\"},\"description\":\"Jornalista formada pela PUC-SP, com experi\u00eancia na cobertura das editorias de economia, finan\u00e7as, bolsa de valores, pol\u00edtica, energia solar e entretenimento. Com passagem pela BM&amp;C News e RedeTV!\",\"url\":\"https:\/\/www.suno.com.br\/noticias\/author\/vanessal-loiolagmail-com\/\"}]}<\/script>\n<!-- \/ Yoast SEO plugin. -->","yoast_head_json":{"title":"Radar: Gol (GOLL4) inicia recupera\u00e7\u00e3o judicial, Vale (VALE3) diz que n\u00e3o recebeu notifica\u00e7\u00e3o sobre condena\u00e7\u00e3o e Petrobras (PETR4) analisar\u00e1 nome para colegiado","description":"Gol (GOLL4) inicia recupera\u00e7\u00e3o judicial, Vale (VALE3) nega notifica\u00e7\u00e3o sobre condena\u00e7\u00e3o e Petrobras (PETR4) analisar\u00e1 nome para colegiado","robots":{"index":"index","follow":"follow","max-snippet":"max-snippet:-1","max-image-preview":"max-image-preview:large","max-video-preview":"max-video-preview:-1"},"canonical":"https:\/\/www.suno.com.br\/noticias\/radar-gol-goll4-vale-vale3-petrobras-petr4\/","og_locale":"pt_BR","og_type":"article","og_title":"Radar: Gol (GOLL4) inicia recupera\u00e7\u00e3o judicial, Vale (VALE3) diz que n\u00e3o recebeu notifica\u00e7\u00e3o sobre condena\u00e7\u00e3o e Petrobras (PETR4) analisar\u00e1 nome para colegiado","og_description":"Gol (GOLL4) inicia recupera\u00e7\u00e3o judicial, Vale (VALE3) nega notifica\u00e7\u00e3o sobre condena\u00e7\u00e3o e Petrobras (PETR4) analisar\u00e1 nome para colegiado","og_url":"https:\/\/www.suno.com.br\/noticias\/radar-gol-goll4-vale-vale3-petrobras-petr4\/","og_site_name":"Suno Not\u00edcias","article_publisher":"https:\/\/facebook.com\/sunoresearch","og_image":[{"width":1200,"height":800,"url":"https:\/\/files.sunoresearch.com.br\/n\/uploads\/2023\/05\/gol-aerea.jpg","type":"image\/jpeg"}],"author":"Vanessa Loiola","twitter_card":"summary_large_image","twitter_creator":"@sunoresearch","twitter_site":"@sunoresearch","twitter_misc":{"Escrito por":"Vanessa Loiola","Est. tempo de leitura":"7 minutos"},"schema":{"@context":"https:\/\/schema.org","@graph":[{"@type":"NewsArticle","@id":"https:\/\/www.suno.com.br\/noticias\/radar-gol-goll4-vale-vale3-petrobras-petr4\/#article","isPartOf":{"@id":"https:\/\/www.suno.com.br\/noticias\/radar-gol-goll4-vale-vale3-petrobras-petr4\/"},"author":{"name":"Vanessa Loiola","@id":"https:\/\/www.suno.com.br\/noticias\/#\/schema\/person\/450c455ecff319bab1f1a0e643451479"},"headline":"Radar: Gol (GOLL4) inicia recupera\u00e7\u00e3o judicial, Vale (VALE3) diz que n\u00e3o recebeu notifica\u00e7\u00e3o sobre condena\u00e7\u00e3o e Petrobras (PETR4) analisar\u00e1 nome para colegiado","datePublished":"2024-01-26T01:31:29+00:00","dateModified":"2024-01-26T01:31:40+00:00","mainEntityOfPage":{"@id":"https:\/\/www.suno.com.br\/noticias\/radar-gol-goll4-vale-vale3-petrobras-petr4\/"},"wordCount":1385,"publisher":{"@id":"https:\/\/www.suno.com.br\/noticias\/#organization"},"image":{"@id":"https:\/\/www.suno.com.br\/noticias\/radar-gol-goll4-vale-vale3-petrobras-petr4\/#primaryimage"},"thumbnailUrl":"https:\/\/files.sunoresearch.com.br\/n\/uploads\/2023\/05\/gol-aerea.jpg","keywords":["Gol Linhas A\u00e9reas (GOLL11\/GOLL4)","Petrobras (PETR4)","Vale (VALE3)"],"articleSection":["Neg\u00f3cios"],"inLanguage":"pt-BR"},{"@type":"WebPage","@id":"https:\/\/www.suno.com.br\/noticias\/radar-gol-goll4-vale-vale3-petrobras-petr4\/","url":"https:\/\/www.suno.com.br\/noticias\/radar-gol-goll4-vale-vale3-petrobras-petr4\/","name":"Radar: Gol (GOLL4) inicia recupera\u00e7\u00e3o judicial, Vale (VALE3) diz que n\u00e3o recebeu notifica\u00e7\u00e3o sobre condena\u00e7\u00e3o e Petrobras (PETR4) analisar\u00e1 nome para colegiado","isPartOf":{"@id":"https:\/\/www.suno.com.br\/noticias\/#website"},"primaryImageOfPage":{"@id":"https:\/\/www.suno.com.br\/noticias\/radar-gol-goll4-vale-vale3-petrobras-petr4\/#primaryimage"},"image":{"@id":"https:\/\/www.suno.com.br\/noticias\/radar-gol-goll4-vale-vale3-petrobras-petr4\/#primaryimage"},"thumbnailUrl":"https:\/\/files.sunoresearch.com.br\/n\/uploads\/2023\/05\/gol-aerea.jpg","datePublished":"2024-01-26T01:31:29+00:00","dateModified":"2024-01-26T01:31:40+00:00","description":"Gol (GOLL4) inicia recupera\u00e7\u00e3o judicial, Vale (VALE3) nega notifica\u00e7\u00e3o sobre condena\u00e7\u00e3o e Petrobras (PETR4) analisar\u00e1 nome para colegiado","breadcrumb":{"@id":"https:\/\/www.suno.com.br\/noticias\/radar-gol-goll4-vale-vale3-petrobras-petr4\/#breadcrumb"},"inLanguage":"pt-BR","potentialAction":[{"@type":"ReadAction","target":["https:\/\/www.suno.com.br\/noticias\/radar-gol-goll4-vale-vale3-petrobras-petr4\/"]}]},{"@type":"ImageObject","inLanguage":"pt-BR","@id":"https:\/\/www.suno.com.br\/noticias\/radar-gol-goll4-vale-vale3-petrobras-petr4\/#primaryimage","url":"https:\/\/files.sunoresearch.com.br\/n\/uploads\/2023\/05\/gol-aerea.jpg","contentUrl":"https:\/\/files.sunoresearch.com.br\/n\/uploads\/2023\/05\/gol-aerea.jpg","width":1200,"height":800,"caption":"Gol, companhia a\u00e9rea - Foto: iStock"},{"@type":"BreadcrumbList","@id":"https:\/\/www.suno.com.br\/noticias\/radar-gol-goll4-vale-vale3-petrobras-petr4\/#breadcrumb","itemListElement":[{"@type":"ListItem","position":1,"name":"Not\u00edcias","item":"https:\/\/www.suno.com.br\/noticias\/"},{"@type":"ListItem","position":2,"name":"Neg\u00f3cios","item":"https:\/\/www.suno.com.br\/noticias\/negocios\/"},{"@type":"ListItem","position":3,"name":"Radar: Gol (GOLL4) inicia recupera\u00e7\u00e3o judicial, Vale (VALE3) diz que n\u00e3o recebeu notifica\u00e7\u00e3o sobre condena\u00e7\u00e3o e Petrobras (PETR4) analisar\u00e1 nome para colegiado"}]},{"@type":"WebSite","@id":"https:\/\/www.suno.com.br\/noticias\/#website","url":"https:\/\/www.suno.com.br\/noticias\/","name":"Suno Not\u00edcias","description":"Seu portal de informa\u00e7\u00e3o sobre o mundo dos investimentos","publisher":{"@id":"https:\/\/www.suno.com.br\/noticias\/#organization"},"potentialAction":[{"@type":"SearchAction","target":{"@type":"EntryPoint","urlTemplate":"https:\/\/www.suno.com.br\/noticias\/?s={search_term_string}"},"query-input":{"@type":"PropertyValueSpecification","valueRequired":true,"valueName":"search_term_string"}}],"inLanguage":"pt-BR"},{"@type":"Organization","@id":"https:\/\/www.suno.com.br\/noticias\/#organization","name":"Suno Not\u00edcias","url":"https:\/\/www.suno.com.br\/noticias\/","logo":{"@type":"ImageObject","inLanguage":"pt-BR","@id":"https:\/\/www.suno.com.br\/noticias\/#\/schema\/logo\/image\/","url":"https:\/\/files.sunoresearch.com.br\/n\/uploads\/2021\/09\/suno-logo.png","contentUrl":"https:\/\/files.sunoresearch.com.br\/n\/uploads\/2021\/09\/suno-logo.png","width":180,"height":180,"caption":"Suno Not\u00edcias"},"image":{"@id":"https:\/\/www.suno.com.br\/noticias\/#\/schema\/logo\/image\/"},"sameAs":["https:\/\/facebook.com\/sunoresearch","https:\/\/x.com\/sunoresearch","https:\/\/www.instagram.com\/suno","https:\/\/www.linkedin.com\/company\/suno-research\/","https:\/\/www.youtube.com\/c\/sunoresearch"]},{"@type":"Person","@id":"https:\/\/www.suno.com.br\/noticias\/#\/schema\/person\/450c455ecff319bab1f1a0e643451479","name":"Vanessa Loiola","image":{"@type":"ImageObject","inLanguage":"pt-BR","@id":"https:\/\/www.suno.com.br\/noticias\/#\/schema\/person\/image\/","url":"https:\/\/secure.gravatar.com\/avatar\/8b41117f9780831919eb38da349c3f20?s=96&r=g","contentUrl":"https:\/\/secure.gravatar.com\/avatar\/8b41117f9780831919eb38da349c3f20?s=96&r=g","caption":"Vanessa Loiola"},"description":"Jornalista formada pela PUC-SP, com experi\u00eancia na cobertura das editorias de economia, finan\u00e7as, bolsa de valores, pol\u00edtica, energia solar e entretenimento. Com passagem pela BM&amp;C News e RedeTV!","url":"https:\/\/www.suno.com.br\/noticias\/author\/vanessal-loiolagmail-com\/"}]}},"default_loop_html":"<div class=\"cardsPage__listCard__boxs\"><div class=\"cardsPage__listCard__boxs__img\"><a href=\"https:\/\/www.suno.com.br\/noticias\/radar-gol-goll4-vale-vale3-petrobras-petr4\/\"><img class=\"mask\" src=\"https:\/\/www.suno.com.br\/noticias\/wp-content\/themes\/suno\/resources\/images\/spotlight\/spotlight1img\/bg-mask.png\" alt=\"Image Mask\"\/><img src=\"https:\/\/files.sunoresearch.com.br\/n\/uploads\/2023\/05\/gol-aerea-400x200.jpg\" alt=\"Radar: Gol (GOLL4) inicia recupera\u00e7\u00e3o judicial, Vale (VALE3) diz que n\u00e3o recebeu notifica\u00e7\u00e3o sobre condena\u00e7\u00e3o e Petrobras (PETR4) analisar\u00e1 nome para colegiado\"\/><\/a><span class=\"spotlightCategory\"><a href=\"https:\/\/www.suno.com.br\/noticias\/negocios\/\">Neg\u00f3cios<\/a><\/span><\/div><div class=\"cardsPage__listCard__boxs__content\"><a href=\"https:\/\/www.suno.com.br\/noticias\/radar-gol-goll4-vale-vale3-petrobras-petr4\/\"><h2 class=\"content__title\">Radar: Gol (GOLL4) inicia recupera\u00e7\u00e3o judicial, Vale (VALE3) diz que n\u00e3o recebeu notifica\u00e7\u00e3o sobre condena\u00e7\u00e3o e Petrobras (PETR4) analisar\u00e1 nome para colegiado<\/h2><\/a><div class=\"newsContent__article__meta\"><div class=\"newsContent__article__meta__authorBox\"><a href=\"https:\/\/www.suno.com.br\/noticias\/author\/vanessal-loiolagmail-com\/\" class=\"authorBox__avatar noMobi\"><img src=\"https:\/\/secure.gravatar.com\/avatar\/8b41117f9780831919eb38da349c3f20?s=96&#038;r=g\" alt=\"Vanessa Loiola\"><\/a><div class=\"authorBox__name\"><span>por\n\t\t\t<a href=\"https:\/\/www.suno.com.br\/noticias\/author\/vanessal-loiolagmail-com\/\"><span itemprop=\"author\">Vanessa Loiola<\/span><\/a><\/span><time datetime=\"2024-01-25T22:31:29-03:00\" itemprop=\"datePublished\">25\/01\/2024 22:31<\/time><\/div><\/div><\/div><\/div><\/div>","single_layout":"posts","amp_enabled":true,"_links":{"self":[{"href":"https:\/\/www.suno.com.br\/noticias\/wp-json\/wp\/v2\/posts\/516112"}],"collection":[{"href":"https:\/\/www.suno.com.br\/noticias\/wp-json\/wp\/v2\/posts"}],"about":[{"href":"https:\/\/www.suno.com.br\/noticias\/wp-json\/wp\/v2\/types\/post"}],"author":[{"embeddable":true,"href":"https:\/\/www.suno.com.br\/noticias\/wp-json\/wp\/v2\/users\/227"}],"replies":[{"embeddable":true,"href":"https:\/\/www.suno.com.br\/noticias\/wp-json\/wp\/v2\/comments?post=516112"}],"version-history":[{"count":2,"href":"https:\/\/www.suno.com.br\/noticias\/wp-json\/wp\/v2\/posts\/516112\/revisions"}],"predecessor-version":[{"id":516138,"href":"https:\/\/www.suno.com.br\/noticias\/wp-json\/wp\/v2\/posts\/516112\/revisions\/516138"}],"wp:featuredmedia":[{"embeddable":true,"href":"https:\/\/www.suno.com.br\/noticias\/wp-json\/wp\/v2\/media\/406421"}],"wp:attachment":[{"href":"https:\/\/www.suno.com.br\/noticias\/wp-json\/wp\/v2\/media?parent=516112"}],"wp:term":[{"taxonomy":"category","embeddable":true,"href":"https:\/\/www.suno.com.br\/noticias\/wp-json\/wp\/v2\/categories?post=516112"},{"taxonomy":"post_tag","embeddable":true,"href":"https:\/\/www.suno.com.br\/noticias\/wp-json\/wp\/v2\/tags?post=516112"},{"taxonomy":"suno_strategy","embeddable":true,"href":"https:\/\/www.suno.com.br\/noticias\/wp-json\/wp\/v2\/suno_strategy?post=516112"}],"curies":[{"name":"wp","href":"https:\/\/api.w.org\/{rel}","templated":true}]}}