{"id":516067,"date":"2024-01-25T21:06:12","date_gmt":"2024-01-26T00:06:12","guid":{"rendered":"https:\/\/www.suno.com.br\/noticias\/?p=516067"},"modified":"2024-01-25T21:53:52","modified_gmt":"2024-01-26T00:53:52","slug":"vale-vale3-barragem-fundao-justica-condenacao-minas-gerais-lt","status":"publish","type":"post","link":"https:\/\/www.suno.com.br\/noticias\/vale-vale3-barragem-fundao-justica-condenacao-minas-gerais-lt\/","title":{"rendered":"Vale (VALE3) diz que n\u00e3o foi notificada sobre condena\u00e7\u00e3o por rompimento da barragem de Mariana (MG)"},"content":{"rendered":"<p>A <strong>Vale (VALE3)<\/strong> informou nesta quinta-feira, 25, de acordo com comunicado enviado ao mercado, que n\u00e3o foi notificada sobre a condena\u00e7\u00e3o para o pagamento de danos morais coletivos em decorr\u00eancia do rompimento da barragem de Fund\u00e3o, em Mariana (MG), ocorrida em novembro de 2015.<\/p>\t<div class=\"wrapper-featured-image\">\n\t\t<figure class=\"spotlightImg\">\n\n\t\t\t<picture>\n\t\t\t\t<source media=\"(max-width: 768px)\" srcset=\"https:\/\/files.sunoresearch.com.br\/n\/uploads\/2023\/02\/brumadinho-mariana-vale-1-400x200.jpg\">\n\t\t\t\t<img loading=\"lazy\" decoding=\"async\" class=\"newsContent__article__imgCapa lazyloadDisabled \" src=\"https:\/\/files.sunoresearch.com.br\/n\/uploads\/2023\/02\/brumadinho-mariana-vale-1-800x450.jpg\" width=\"800\" height=\"450\" alt=\"Vale (VALE3) diz que n\u00e3o foi notificada sobre condena\u00e7\u00e3o por rompimento da barragem de Mariana (MG)\" fetchpriority=high \/>\n\t\t\t<\/picture>\n\n\t\t\t<figcaption class=\"wp-caption-text wp-caption-text--show\">Rompimento da barragem de Brumadinho (MG). Foto: Wikimedia Commons<\/figcaption>\n\t\t<\/figure>\n\t<\/div>\n\n\n\n\n\n\t<p>\n\t\t<a href=\"https:\/\/lp.suno.com.br\/planilha-da-vida-financeira\/\" target=\"_blank\" data-element=\"shortcode-suno-banner\" title=\"Banner SUNO, clique e saiba mais\">\n\t\t\t<picture>\n\t\t\t\t<source media=\"(max-width: 500px)\" srcset=\"https:\/\/files.sunoresearch.com.br\/n\/uploads\/2023\/04\/400x300-Planilha-vida-financeira-true.png\">\n\t\t\t\t<img class=\"newsContent__article__imgCapa newsContent__article__imgCapa--banner\"\n\t\t\t\t\tsrc=\"https:\/\/files.sunoresearch.com.br\/n\/uploads\/2023\/04\/1420x240-Planilha-vida-financeira-true.png\"\n\t\t\t\t\tdata-promo-id=\"106682\"\t\t\t\t\t\t\t\t\t\twidth='1420' height='240'\t\t\t\t\talt=\"https:\/\/files.sunoresearch.com.br\/n\/uploads\/2023\/04\/1420x240-Planilha-vida-financeira-true.png\"\n\t\t\t\t>\n\t\t\t<\/picture>\n\t\t<\/a>\n\t<\/p>\n\n\n\n\n\n<p>A <strong>Justi\u00e7a de Minas Gerais<\/strong> condenou a Vale, <strong>BHP<\/strong> e a <strong>Samarco<\/strong>, ao <strong>pagamento de R$ 47,6 bilh\u00f5es<\/strong>, com corre\u00e7\u00e3o monet\u00e1ria, para a indeniza\u00e7\u00e3o pelos danos ambientais ocorridos em Mariana (MG). <\/p>\n\n\n\n<p>A mineradora brasileira \u00e9 s\u00f3cia da BHP na Samarco, que explorava a mina de Mariana.<\/p>\n\n\n\n<p>Hoje, faz cinco anos da ruptura de outra barragem ligada \u00e0 Vale, a do C\u00f3rrego do Feij\u00e3o, em Brumadinho (MG).<\/p>\n\n\n\n<p>O <strong>juiz federal Vinicius Cobucci Sampaio<\/strong> decidiu que os recursos sobre a <strong>indeniza\u00e7\u00e3o da Vale em Mariana<\/strong> devem ser direcionados a um fundo administrado pelo governo federal para ser utilizado nas \u00e1reas impactadas pelo rompimento da barragem.<\/p>\n\n\n\n<p>Segundo o magistrado, a <strong>indeniza\u00e7\u00e3o da Vale <\/strong>pelo dano moral coletivo servir\u00e1 como uma garantia de n\u00e3o repeti\u00e7\u00e3o dos acontecimentos, uma vez que a aus\u00eancia de resposta jur\u00eddica adequada contribuiu para o rompimento da <strong>barragem de Brumadinho<\/strong> em 2019. Sampaio lembrou ainda que Minas Gerais possu\u00eda at\u00e9 dezembro tr\u00eas barragens com risco de ruptura.<\/p>\n\n\n\n<h2 class=\"wp-block-heading\">O que diz a Justi\u00e7a sobre a condena\u00e7\u00e3o da Vale, BHP e Samarco por Mariana<\/h2>\n\n\n\n<p>A Justi\u00e7a Federal de Minas Gerais condenou ontem as <strong>mineradoras Vale, BHP e Samarco<\/strong> a pagarem R$ 47,6 bilh\u00f5es em indeniza\u00e7\u00e3o pelos danos ambientais ocorridos em Mariana, ap\u00f3s rompimento de uma barragem em 2015. O pagamento dever\u00e1 ser feito com corre\u00e7\u00e3o monet\u00e1ria. Hoje, esse valor seria de R$ 94,5 bilh\u00f5es.<\/p>\n\n\n\n<p>O juiz federal substituto Vinicius Cobucci Sampaio decidiu que os recursos devem ser direcionados a um fundo administrado pelo governo federal para ser utilizado exclusivamente nas \u00e1reas impactadas.<\/p>\n\n\n\n<p>De acordo com Sampaio, a aus\u00eancia de resposta jur\u00eddica adequada, no momento, contribuiu para o rompimento da barragem em Brumadinho em 2019. O magistrado relembrou ainda que Minas Gerais possu\u00eda at\u00e9 dezembro de 2023 tr\u00eas barragens com risco de ruptura. Ainda cabe recurso para a decis\u00e3o do magistrado.<\/p>\n\n\n\n<p>A barragem pertencia \u00e0 Samarco, que \u00e9 uma joint venture entre Vale e BHP em partes iguais. &#8220;A Vale se manifestar\u00e1 oportunamente no processo sobre a decis\u00e3o, contra a qual cabe recurso&#8221;, informou.<\/p>\n\n\n\n<p>A Vale afirmou ainda que &#8220;mant\u00e9m os aportes feitos \u00e0 Funda\u00e7\u00e3o Renova, entidade criada para gerenciar e implementar as medidas de repara\u00e7\u00e3o e compensa\u00e7\u00e3o ambiental e socioecon\u00f4mica. At\u00e9 dezembro de 2023, foram destinados R$ 34,7 bilh\u00f5es \u00e0s a\u00e7\u00f5es de repara\u00e7\u00e3o e compensa\u00e7\u00e3o a cargo da Renova&#8221;.<\/p>\n\n\n\n<p>&#8220;Desse valor, R$ 14,4 bilh\u00f5es foram para o pagamento de indeniza\u00e7\u00f5es individuais e R$ 2,7 bilh\u00f5es em aux\u00edlios financeiros emergenciais, totalizando R$ 17,1 bilh\u00f5es que beneficiaram pelo menos 438 mil pessoas&#8221;, conclui a companhia, em nota assinada pelo vice-presidente executivo de Finan\u00e7as e Rela\u00e7\u00f5es com Investidores, Gustavo Duarte Pimenta.<\/p>\n\n\n\t<p>\n\t\t<a href=\"https:\/\/lp.suno.com.br\/planilha-da-vida-financeira\/\" target=\"_blank\" data-element=\"shortcode-suno-banner\" title=\"Banner SUNO, clique e saiba mais\">\n\t\t\t<picture>\n\t\t\t\t<source media=\"(max-width: 500px)\" srcset=\"https:\/\/files.sunoresearch.com.br\/n\/uploads\/2023\/04\/400x300-Planilha-vida-financeira-true.png\">\n\t\t\t\t<img class=\"newsContent__article__imgCapa newsContent__article__imgCapa--banner\"\n\t\t\t\t\tsrc=\"https:\/\/files.sunoresearch.com.br\/n\/uploads\/2023\/04\/1420x240-Planilha-vida-financeira-true.png\"\n\t\t\t\t\tdata-promo-id=\"383123\"\t\t\t\t\t\t\t\t\t\twidth='1420' height='240'\t\t\t\t\talt=\"https:\/\/files.sunoresearch.com.br\/n\/uploads\/2023\/04\/1420x240-Planilha-vida-financeira-true.png\"\n\t\t\t\t>\n\t\t\t<\/picture>\n\t\t<\/a>\n\t<\/p>\n\n\n\n\n\n<h2 class=\"wp-block-heading\">O que diz a mineradora sobre o processo<\/h2>\n\n\n\n<p>Apesar de n\u00e3o ter sido notificada, a mineradora explicou que manifestar\u00e1 oportunamente no processo sobre a decis\u00e3o, contra a qual cabe recurso. \u201cA Vale refor\u00e7a o seu compromisso em apoiar a repara\u00e7\u00e3o integral dos danos causados pelo rompimento e registra que, em cumprimento \u00e0s disposi\u00e7\u00f5es do TTAC, mant\u00e9m os aportes feitos \u00e0 Funda\u00e7\u00e3o Renova, entidade criada para gerenciar e implementar as medidas de repara\u00e7\u00e3o e compensa\u00e7\u00e3o ambiental e socioecon\u00f4mica\u201d, diz a mineradora.<\/p>\n\n\n\n<p>No comunicado, a <strong>Vale<\/strong> ressaltou que, at\u00e9 dezembro de 2023, foram destinados R$ 34,7 bilh\u00f5es \u00e0s a\u00e7\u00f5es de repara\u00e7\u00e3o e compensa\u00e7\u00e3o a cargo da Renova. Do total, R$ 14,4 bilh\u00f5es foram para o pagamento de indeniza\u00e7\u00f5es individuais e R$ 2,7 bilh\u00f5es em aux\u00edlios financeiros emergenciais, totalizando R$ 17,1 bilh\u00f5es.<\/p>\n\n\n\n<p><em>Com Estad\u00e3o Conte\u00fado<\/em><\/p>\n\n\n\t<p>\n\t\t<a href=\"https:\/\/lp.suno.com.br\/ebook-como-analisar-uma-acao\/\" target=\"_blank\" data-element=\"shortcode-suno-banner\" title=\"Banner SUNO, clique e saiba mais\">\n\t\t\t<picture>\n\t\t\t\t<source media=\"(max-width: 500px)\" srcset=\"https:\/\/files.sunoresearch.com.br\/n\/uploads\/2023\/03\/Ebook-Acoes-Mobile.jpg\">\n\t\t\t\t<img class=\"newsContent__article__imgCapa newsContent__article__imgCapa--banner\"\n\t\t\t\t\tsrc=\"https:\/\/files.sunoresearch.com.br\/n\/uploads\/2023\/03\/Ebook-Acoes-Desktop.jpg\"\n\t\t\t\t\tdata-promo-id=\"378302\"\t\t\t\t\t\t\t\t\t\twidth='1420' height='286'\t\t\t\t\talt=\"https:\/\/files.sunoresearch.com.br\/n\/uploads\/2023\/03\/Ebook-Acoes-Desktop.jpg\"\n\t\t\t\t>\n\t\t\t<\/picture>\n\t\t<\/a>\n\t<\/p>\n\n\n","protected":false},"excerpt":{"rendered":"<p>A Vale (VALE3) informou nesta quinta-feira, 25, de acordo com comunicado enviado ao mercado, que n\u00e3o foi notificada sobre a condena\u00e7\u00e3o para o pagamento de danos morais coletivos em decorr\u00eancia do rompimento da barragem de Fund\u00e3o, em Mariana (MG), ocorrida em novembro de 2015. Rompimento da barragem de Brumadinho (MG). Foto: Wikimedia Commons A Justi\u00e7a [&hellip;]<\/p>\n","protected":false},"author":340,"featured_media":364579,"comment_status":"closed","ping_status":"closed","sticky":false,"template":"","format":"standard","meta":[],"categories":[64],"tags":[676],"suno_strategy":[],"class_list":["post-516067","post","type-post","status-publish","format-standard","has-post-thumbnail","hentry","category-negocios","tag-vale-vale3"],"yoast_head":"<!-- This site is optimized with the Yoast SEO plugin v24.4 - https:\/\/yoast.com\/wordpress\/plugins\/seo\/ -->\n<title>Vale (VALE3) diz que n\u00e3o foi notificada sobre condena\u00e7\u00e3o por barragem<\/title>\n<meta name=\"description\" content=\"A Vale informou que n\u00e3o foi notificada sobre uma poss\u00edvel condena\u00e7\u00e3o para o pagamento de danos morais em decorr\u00eancia da barragem de Fund\u00e3o.\" \/>\n<meta name=\"robots\" content=\"index, follow, max-snippet:-1, max-image-preview:large, max-video-preview:-1\" \/>\n<link rel=\"canonical\" href=\"https:\/\/www.suno.com.br\/noticias\/vale-vale3-barragem-fundao-justica-condenacao-minas-gerais-lt\/\" \/>\n<meta property=\"og:locale\" content=\"pt_BR\" \/>\n<meta property=\"og:type\" content=\"article\" \/>\n<meta property=\"og:title\" content=\"Vale (VALE3) diz que n\u00e3o foi notificada sobre condena\u00e7\u00e3o por barragem\" \/>\n<meta property=\"og:description\" content=\"A Vale informou que n\u00e3o foi notificada sobre uma poss\u00edvel condena\u00e7\u00e3o para o pagamento de danos morais em decorr\u00eancia da barragem de Fund\u00e3o.\" \/>\n<meta property=\"og:url\" content=\"https:\/\/www.suno.com.br\/noticias\/vale-vale3-barragem-fundao-justica-condenacao-minas-gerais-lt\/\" \/>\n<meta property=\"og:site_name\" content=\"Suno Not\u00edcias\" \/>\n<meta property=\"article:publisher\" content=\"https:\/\/facebook.com\/sunoresearch\" \/>\n<meta property=\"og:image\" content=\"https:\/\/files.sunoresearch.com.br\/n\/uploads\/2023\/02\/brumadinho-mariana-vale-1.jpg\" \/>\n\t<meta property=\"og:image:width\" content=\"1200\" \/>\n\t<meta property=\"og:image:height\" content=\"900\" \/>\n\t<meta property=\"og:image:type\" content=\"image\/jpeg\" \/>\n<meta name=\"author\" content=\"Leandro Tavares\" \/>\n<meta name=\"twitter:card\" content=\"summary_large_image\" \/>\n<meta name=\"twitter:creator\" content=\"@sunoresearch\" \/>\n<meta name=\"twitter:site\" content=\"@sunoresearch\" \/>\n<meta name=\"twitter:label1\" content=\"Escrito por\" \/>\n\t<meta name=\"twitter:data1\" content=\"Leandro Tavares\" \/>\n\t<meta name=\"twitter:label2\" content=\"Est. tempo de leitura\" \/>\n\t<meta name=\"twitter:data2\" content=\"4 minutos\" \/>\n<script type=\"application\/ld+json\" class=\"yoast-schema-graph\">{\"@context\":\"https:\/\/schema.org\",\"@graph\":[{\"@type\":\"NewsArticle\",\"@id\":\"https:\/\/www.suno.com.br\/noticias\/vale-vale3-barragem-fundao-justica-condenacao-minas-gerais-lt\/#article\",\"isPartOf\":{\"@id\":\"https:\/\/www.suno.com.br\/noticias\/vale-vale3-barragem-fundao-justica-condenacao-minas-gerais-lt\/\"},\"author\":{\"name\":\"Leandro Tavares\",\"@id\":\"https:\/\/www.suno.com.br\/noticias\/#\/schema\/person\/96b86313436a5af8c004989de27d4962\"},\"headline\":\"Vale (VALE3) diz que n\u00e3o foi notificada sobre condena\u00e7\u00e3o por rompimento da barragem de Mariana (MG)\",\"datePublished\":\"2024-01-26T00:06:12+00:00\",\"dateModified\":\"2024-01-26T00:53:52+00:00\",\"mainEntityOfPage\":{\"@id\":\"https:\/\/www.suno.com.br\/noticias\/vale-vale3-barragem-fundao-justica-condenacao-minas-gerais-lt\/\"},\"wordCount\":675,\"publisher\":{\"@id\":\"https:\/\/www.suno.com.br\/noticias\/#organization\"},\"image\":{\"@id\":\"https:\/\/www.suno.com.br\/noticias\/vale-vale3-barragem-fundao-justica-condenacao-minas-gerais-lt\/#primaryimage\"},\"thumbnailUrl\":\"https:\/\/files.sunoresearch.com.br\/n\/uploads\/2023\/02\/brumadinho-mariana-vale-1.jpg\",\"keywords\":[\"Vale (VALE3)\"],\"articleSection\":[\"Neg\u00f3cios\"],\"inLanguage\":\"pt-BR\"},{\"@type\":\"WebPage\",\"@id\":\"https:\/\/www.suno.com.br\/noticias\/vale-vale3-barragem-fundao-justica-condenacao-minas-gerais-lt\/\",\"url\":\"https:\/\/www.suno.com.br\/noticias\/vale-vale3-barragem-fundao-justica-condenacao-minas-gerais-lt\/\",\"name\":\"Vale (VALE3) diz que n\u00e3o foi notificada sobre condena\u00e7\u00e3o por barragem\",\"isPartOf\":{\"@id\":\"https:\/\/www.suno.com.br\/noticias\/#website\"},\"primaryImageOfPage\":{\"@id\":\"https:\/\/www.suno.com.br\/noticias\/vale-vale3-barragem-fundao-justica-condenacao-minas-gerais-lt\/#primaryimage\"},\"image\":{\"@id\":\"https:\/\/www.suno.com.br\/noticias\/vale-vale3-barragem-fundao-justica-condenacao-minas-gerais-lt\/#primaryimage\"},\"thumbnailUrl\":\"https:\/\/files.sunoresearch.com.br\/n\/uploads\/2023\/02\/brumadinho-mariana-vale-1.jpg\",\"datePublished\":\"2024-01-26T00:06:12+00:00\",\"dateModified\":\"2024-01-26T00:53:52+00:00\",\"description\":\"A Vale informou que n\u00e3o foi notificada sobre uma poss\u00edvel condena\u00e7\u00e3o para o pagamento de danos morais em decorr\u00eancia da barragem de Fund\u00e3o.\",\"breadcrumb\":{\"@id\":\"https:\/\/www.suno.com.br\/noticias\/vale-vale3-barragem-fundao-justica-condenacao-minas-gerais-lt\/#breadcrumb\"},\"inLanguage\":\"pt-BR\",\"potentialAction\":[{\"@type\":\"ReadAction\",\"target\":[\"https:\/\/www.suno.com.br\/noticias\/vale-vale3-barragem-fundao-justica-condenacao-minas-gerais-lt\/\"]}]},{\"@type\":\"ImageObject\",\"inLanguage\":\"pt-BR\",\"@id\":\"https:\/\/www.suno.com.br\/noticias\/vale-vale3-barragem-fundao-justica-condenacao-minas-gerais-lt\/#primaryimage\",\"url\":\"https:\/\/files.sunoresearch.com.br\/n\/uploads\/2023\/02\/brumadinho-mariana-vale-1.jpg\",\"contentUrl\":\"https:\/\/files.sunoresearch.com.br\/n\/uploads\/2023\/02\/brumadinho-mariana-vale-1.jpg\",\"width\":1200,\"height\":900,\"caption\":\"Rompimento da barragem de Brumadinho (MG). Foto: Wikimedia Commons\"},{\"@type\":\"BreadcrumbList\",\"@id\":\"https:\/\/www.suno.com.br\/noticias\/vale-vale3-barragem-fundao-justica-condenacao-minas-gerais-lt\/#breadcrumb\",\"itemListElement\":[{\"@type\":\"ListItem\",\"position\":1,\"name\":\"Not\u00edcias\",\"item\":\"https:\/\/www.suno.com.br\/noticias\/\"},{\"@type\":\"ListItem\",\"position\":2,\"name\":\"Neg\u00f3cios\",\"item\":\"https:\/\/www.suno.com.br\/noticias\/negocios\/\"},{\"@type\":\"ListItem\",\"position\":3,\"name\":\"Vale (VALE3) diz que n\u00e3o foi notificada sobre condena\u00e7\u00e3o por rompimento da barragem de Mariana (MG)\"}]},{\"@type\":\"WebSite\",\"@id\":\"https:\/\/www.suno.com.br\/noticias\/#website\",\"url\":\"https:\/\/www.suno.com.br\/noticias\/\",\"name\":\"Suno Not\u00edcias\",\"description\":\"Seu portal de informa\u00e7\u00e3o sobre o mundo dos investimentos\",\"publisher\":{\"@id\":\"https:\/\/www.suno.com.br\/noticias\/#organization\"},\"potentialAction\":[{\"@type\":\"SearchAction\",\"target\":{\"@type\":\"EntryPoint\",\"urlTemplate\":\"https:\/\/www.suno.com.br\/noticias\/?s={search_term_string}\"},\"query-input\":{\"@type\":\"PropertyValueSpecification\",\"valueRequired\":true,\"valueName\":\"search_term_string\"}}],\"inLanguage\":\"pt-BR\"},{\"@type\":\"Organization\",\"@id\":\"https:\/\/www.suno.com.br\/noticias\/#organization\",\"name\":\"Suno Not\u00edcias\",\"url\":\"https:\/\/www.suno.com.br\/noticias\/\",\"logo\":{\"@type\":\"ImageObject\",\"inLanguage\":\"pt-BR\",\"@id\":\"https:\/\/www.suno.com.br\/noticias\/#\/schema\/logo\/image\/\",\"url\":\"https:\/\/files.sunoresearch.com.br\/n\/uploads\/2021\/09\/suno-logo.png\",\"contentUrl\":\"https:\/\/files.sunoresearch.com.br\/n\/uploads\/2021\/09\/suno-logo.png\",\"width\":180,\"height\":180,\"caption\":\"Suno Not\u00edcias\"},\"image\":{\"@id\":\"https:\/\/www.suno.com.br\/noticias\/#\/schema\/logo\/image\/\"},\"sameAs\":[\"https:\/\/facebook.com\/sunoresearch\",\"https:\/\/x.com\/sunoresearch\",\"https:\/\/www.instagram.com\/suno\",\"https:\/\/www.linkedin.com\/company\/suno-research\/\",\"https:\/\/www.youtube.com\/c\/sunoresearch\"]},{\"@type\":\"Person\",\"@id\":\"https:\/\/www.suno.com.br\/noticias\/#\/schema\/person\/96b86313436a5af8c004989de27d4962\",\"name\":\"Leandro Tavares\",\"image\":{\"@type\":\"ImageObject\",\"inLanguage\":\"pt-BR\",\"@id\":\"https:\/\/www.suno.com.br\/noticias\/#\/schema\/person\/image\/\",\"url\":\"https:\/\/secure.gravatar.com\/avatar\/cef3014f9ca74cf54fb41dc01807a08b?s=96&r=g\",\"contentUrl\":\"https:\/\/secure.gravatar.com\/avatar\/cef3014f9ca74cf54fb41dc01807a08b?s=96&r=g\",\"caption\":\"Leandro Tavares\"},\"url\":\"https:\/\/www.suno.com.br\/noticias\/author\/leandro-sbtavaresgmail-com\/\"}]}<\/script>\n<!-- \/ Yoast SEO plugin. -->","yoast_head_json":{"title":"Vale (VALE3) diz que n\u00e3o foi notificada sobre condena\u00e7\u00e3o por barragem","description":"A Vale informou que n\u00e3o foi notificada sobre uma poss\u00edvel condena\u00e7\u00e3o para o pagamento de danos morais em decorr\u00eancia da barragem de Fund\u00e3o.","robots":{"index":"index","follow":"follow","max-snippet":"max-snippet:-1","max-image-preview":"max-image-preview:large","max-video-preview":"max-video-preview:-1"},"canonical":"https:\/\/www.suno.com.br\/noticias\/vale-vale3-barragem-fundao-justica-condenacao-minas-gerais-lt\/","og_locale":"pt_BR","og_type":"article","og_title":"Vale (VALE3) diz que n\u00e3o foi notificada sobre condena\u00e7\u00e3o por barragem","og_description":"A Vale informou que n\u00e3o foi notificada sobre uma poss\u00edvel condena\u00e7\u00e3o para o pagamento de danos morais em decorr\u00eancia da barragem de Fund\u00e3o.","og_url":"https:\/\/www.suno.com.br\/noticias\/vale-vale3-barragem-fundao-justica-condenacao-minas-gerais-lt\/","og_site_name":"Suno Not\u00edcias","article_publisher":"https:\/\/facebook.com\/sunoresearch","og_image":[{"width":1200,"height":900,"url":"https:\/\/files.sunoresearch.com.br\/n\/uploads\/2023\/02\/brumadinho-mariana-vale-1.jpg","type":"image\/jpeg"}],"author":"Leandro Tavares","twitter_card":"summary_large_image","twitter_creator":"@sunoresearch","twitter_site":"@sunoresearch","twitter_misc":{"Escrito por":"Leandro Tavares","Est. tempo de leitura":"4 minutos"},"schema":{"@context":"https:\/\/schema.org","@graph":[{"@type":"NewsArticle","@id":"https:\/\/www.suno.com.br\/noticias\/vale-vale3-barragem-fundao-justica-condenacao-minas-gerais-lt\/#article","isPartOf":{"@id":"https:\/\/www.suno.com.br\/noticias\/vale-vale3-barragem-fundao-justica-condenacao-minas-gerais-lt\/"},"author":{"name":"Leandro Tavares","@id":"https:\/\/www.suno.com.br\/noticias\/#\/schema\/person\/96b86313436a5af8c004989de27d4962"},"headline":"Vale (VALE3) diz que n\u00e3o foi notificada sobre condena\u00e7\u00e3o por rompimento da barragem de Mariana (MG)","datePublished":"2024-01-26T00:06:12+00:00","dateModified":"2024-01-26T00:53:52+00:00","mainEntityOfPage":{"@id":"https:\/\/www.suno.com.br\/noticias\/vale-vale3-barragem-fundao-justica-condenacao-minas-gerais-lt\/"},"wordCount":675,"publisher":{"@id":"https:\/\/www.suno.com.br\/noticias\/#organization"},"image":{"@id":"https:\/\/www.suno.com.br\/noticias\/vale-vale3-barragem-fundao-justica-condenacao-minas-gerais-lt\/#primaryimage"},"thumbnailUrl":"https:\/\/files.sunoresearch.com.br\/n\/uploads\/2023\/02\/brumadinho-mariana-vale-1.jpg","keywords":["Vale (VALE3)"],"articleSection":["Neg\u00f3cios"],"inLanguage":"pt-BR"},{"@type":"WebPage","@id":"https:\/\/www.suno.com.br\/noticias\/vale-vale3-barragem-fundao-justica-condenacao-minas-gerais-lt\/","url":"https:\/\/www.suno.com.br\/noticias\/vale-vale3-barragem-fundao-justica-condenacao-minas-gerais-lt\/","name":"Vale (VALE3) diz que n\u00e3o foi notificada sobre condena\u00e7\u00e3o por barragem","isPartOf":{"@id":"https:\/\/www.suno.com.br\/noticias\/#website"},"primaryImageOfPage":{"@id":"https:\/\/www.suno.com.br\/noticias\/vale-vale3-barragem-fundao-justica-condenacao-minas-gerais-lt\/#primaryimage"},"image":{"@id":"https:\/\/www.suno.com.br\/noticias\/vale-vale3-barragem-fundao-justica-condenacao-minas-gerais-lt\/#primaryimage"},"thumbnailUrl":"https:\/\/files.sunoresearch.com.br\/n\/uploads\/2023\/02\/brumadinho-mariana-vale-1.jpg","datePublished":"2024-01-26T00:06:12+00:00","dateModified":"2024-01-26T00:53:52+00:00","description":"A Vale informou que n\u00e3o foi notificada sobre uma poss\u00edvel condena\u00e7\u00e3o para o pagamento de danos morais em decorr\u00eancia da barragem de Fund\u00e3o.","breadcrumb":{"@id":"https:\/\/www.suno.com.br\/noticias\/vale-vale3-barragem-fundao-justica-condenacao-minas-gerais-lt\/#breadcrumb"},"inLanguage":"pt-BR","potentialAction":[{"@type":"ReadAction","target":["https:\/\/www.suno.com.br\/noticias\/vale-vale3-barragem-fundao-justica-condenacao-minas-gerais-lt\/"]}]},{"@type":"ImageObject","inLanguage":"pt-BR","@id":"https:\/\/www.suno.com.br\/noticias\/vale-vale3-barragem-fundao-justica-condenacao-minas-gerais-lt\/#primaryimage","url":"https:\/\/files.sunoresearch.com.br\/n\/uploads\/2023\/02\/brumadinho-mariana-vale-1.jpg","contentUrl":"https:\/\/files.sunoresearch.com.br\/n\/uploads\/2023\/02\/brumadinho-mariana-vale-1.jpg","width":1200,"height":900,"caption":"Rompimento da barragem de Brumadinho (MG). Foto: Wikimedia Commons"},{"@type":"BreadcrumbList","@id":"https:\/\/www.suno.com.br\/noticias\/vale-vale3-barragem-fundao-justica-condenacao-minas-gerais-lt\/#breadcrumb","itemListElement":[{"@type":"ListItem","position":1,"name":"Not\u00edcias","item":"https:\/\/www.suno.com.br\/noticias\/"},{"@type":"ListItem","position":2,"name":"Neg\u00f3cios","item":"https:\/\/www.suno.com.br\/noticias\/negocios\/"},{"@type":"ListItem","position":3,"name":"Vale (VALE3) diz que n\u00e3o foi notificada sobre condena\u00e7\u00e3o por rompimento da barragem de Mariana (MG)"}]},{"@type":"WebSite","@id":"https:\/\/www.suno.com.br\/noticias\/#website","url":"https:\/\/www.suno.com.br\/noticias\/","name":"Suno Not\u00edcias","description":"Seu portal de informa\u00e7\u00e3o sobre o mundo dos investimentos","publisher":{"@id":"https:\/\/www.suno.com.br\/noticias\/#organization"},"potentialAction":[{"@type":"SearchAction","target":{"@type":"EntryPoint","urlTemplate":"https:\/\/www.suno.com.br\/noticias\/?s={search_term_string}"},"query-input":{"@type":"PropertyValueSpecification","valueRequired":true,"valueName":"search_term_string"}}],"inLanguage":"pt-BR"},{"@type":"Organization","@id":"https:\/\/www.suno.com.br\/noticias\/#organization","name":"Suno Not\u00edcias","url":"https:\/\/www.suno.com.br\/noticias\/","logo":{"@type":"ImageObject","inLanguage":"pt-BR","@id":"https:\/\/www.suno.com.br\/noticias\/#\/schema\/logo\/image\/","url":"https:\/\/files.sunoresearch.com.br\/n\/uploads\/2021\/09\/suno-logo.png","contentUrl":"https:\/\/files.sunoresearch.com.br\/n\/uploads\/2021\/09\/suno-logo.png","width":180,"height":180,"caption":"Suno Not\u00edcias"},"image":{"@id":"https:\/\/www.suno.com.br\/noticias\/#\/schema\/logo\/image\/"},"sameAs":["https:\/\/facebook.com\/sunoresearch","https:\/\/x.com\/sunoresearch","https:\/\/www.instagram.com\/suno","https:\/\/www.linkedin.com\/company\/suno-research\/","https:\/\/www.youtube.com\/c\/sunoresearch"]},{"@type":"Person","@id":"https:\/\/www.suno.com.br\/noticias\/#\/schema\/person\/96b86313436a5af8c004989de27d4962","name":"Leandro Tavares","image":{"@type":"ImageObject","inLanguage":"pt-BR","@id":"https:\/\/www.suno.com.br\/noticias\/#\/schema\/person\/image\/","url":"https:\/\/secure.gravatar.com\/avatar\/cef3014f9ca74cf54fb41dc01807a08b?s=96&r=g","contentUrl":"https:\/\/secure.gravatar.com\/avatar\/cef3014f9ca74cf54fb41dc01807a08b?s=96&r=g","caption":"Leandro Tavares"},"url":"https:\/\/www.suno.com.br\/noticias\/author\/leandro-sbtavaresgmail-com\/"}]}},"default_loop_html":"<div class=\"cardsPage__listCard__boxs\"><div class=\"cardsPage__listCard__boxs__img\"><a href=\"https:\/\/www.suno.com.br\/noticias\/vale-vale3-barragem-fundao-justica-condenacao-minas-gerais-lt\/\"><img class=\"mask\" src=\"https:\/\/www.suno.com.br\/noticias\/wp-content\/themes\/suno\/resources\/images\/spotlight\/spotlight1img\/bg-mask.png\" alt=\"Image Mask\"\/><img src=\"https:\/\/files.sunoresearch.com.br\/n\/uploads\/2023\/02\/brumadinho-mariana-vale-1-400x200.jpg\" alt=\"Vale (VALE3) diz que n\u00e3o foi notificada sobre condena\u00e7\u00e3o por rompimento da barragem de Mariana (MG)\"\/><\/a><span class=\"spotlightCategory\"><a href=\"https:\/\/www.suno.com.br\/noticias\/negocios\/\">Neg\u00f3cios<\/a><\/span><\/div><div class=\"cardsPage__listCard__boxs__content\"><a href=\"https:\/\/www.suno.com.br\/noticias\/vale-vale3-barragem-fundao-justica-condenacao-minas-gerais-lt\/\"><h2 class=\"content__title\">Vale (VALE3) diz que n\u00e3o foi notificada sobre condena\u00e7\u00e3o por rompimento da barragem de Mariana (MG)<\/h2><\/a><div class=\"newsContent__article__meta\"><div class=\"newsContent__article__meta__authorBox\"><a href=\"https:\/\/www.suno.com.br\/noticias\/author\/leandro-sbtavaresgmail-com\/\" class=\"authorBox__avatar noMobi\"><img src=\"https:\/\/files.sunoresearch.com.br\/n\/uploads\/2024\/01\/Foto-150x150.jpg\" alt=\"Leandro Tavares\"><\/a><div class=\"authorBox__name\"><span>por\n\t\t\t<a href=\"https:\/\/www.suno.com.br\/noticias\/author\/leandro-sbtavaresgmail-com\/\"><span itemprop=\"author\">Leandro Tavares<\/span><\/a><\/span><time datetime=\"2024-01-25T21:06:12-03:00\" itemprop=\"datePublished\">25\/01\/2024 21:06<\/time><\/div><\/div><\/div><\/div><\/div>","single_layout":"posts","amp_enabled":true,"_links":{"self":[{"href":"https:\/\/www.suno.com.br\/noticias\/wp-json\/wp\/v2\/posts\/516067"}],"collection":[{"href":"https:\/\/www.suno.com.br\/noticias\/wp-json\/wp\/v2\/posts"}],"about":[{"href":"https:\/\/www.suno.com.br\/noticias\/wp-json\/wp\/v2\/types\/post"}],"author":[{"embeddable":true,"href":"https:\/\/www.suno.com.br\/noticias\/wp-json\/wp\/v2\/users\/340"}],"replies":[{"embeddable":true,"href":"https:\/\/www.suno.com.br\/noticias\/wp-json\/wp\/v2\/comments?post=516067"}],"version-history":[{"count":2,"href":"https:\/\/www.suno.com.br\/noticias\/wp-json\/wp\/v2\/posts\/516067\/revisions"}],"predecessor-version":[{"id":516125,"href":"https:\/\/www.suno.com.br\/noticias\/wp-json\/wp\/v2\/posts\/516067\/revisions\/516125"}],"wp:featuredmedia":[{"embeddable":true,"href":"https:\/\/www.suno.com.br\/noticias\/wp-json\/wp\/v2\/media\/364579"}],"wp:attachment":[{"href":"https:\/\/www.suno.com.br\/noticias\/wp-json\/wp\/v2\/media?parent=516067"}],"wp:term":[{"taxonomy":"category","embeddable":true,"href":"https:\/\/www.suno.com.br\/noticias\/wp-json\/wp\/v2\/categories?post=516067"},{"taxonomy":"post_tag","embeddable":true,"href":"https:\/\/www.suno.com.br\/noticias\/wp-json\/wp\/v2\/tags?post=516067"},{"taxonomy":"suno_strategy","embeddable":true,"href":"https:\/\/www.suno.com.br\/noticias\/wp-json\/wp\/v2\/suno_strategy?post=516067"}],"curies":[{"name":"wp","href":"https:\/\/api.w.org\/{rel}","templated":true}]}}