{"id":516055,"date":"2024-01-25T20:49:30","date_gmt":"2024-01-25T23:49:30","guid":{"rendered":"https:\/\/www.suno.com.br\/noticias\/?p=516055"},"modified":"2024-01-25T21:25:03","modified_gmt":"2024-01-26T00:25:03","slug":"gol-goll4-comite-independente-recuperacao-judicial-evm","status":"publish","type":"post","link":"https:\/\/www.suno.com.br\/noticias\/gol-goll4-comite-independente-recuperacao-judicial-evm\/","title":{"rendered":"Gol (GOLL4) cria comit\u00ea independente e d\u00e1 &#8216;primeiro passo&#8217; em recupera\u00e7\u00e3o judicial"},"content":{"rendered":"<p>A <a class=\"suno-keyword\" data-force=\"yes\" data-priority=\"2\" href=\"https:\/\/www.suno.com.br\/acoes\/GOLL4\/\" target=\"_blank\" rel=\"noopener\"><strong>Gol<\/strong> (GOLL4)<\/a>, logo ap\u00f3s pedir recupera\u00e7\u00e3o judicial nos EUA, criou um Comit\u00ea Especial Independente. A decis\u00e3o foi comunicada na noite desta quinta-feira (25), em <a href=\"https:\/\/www.rad.cvm.gov.br\/ENET\/frmExibirArquivoIPEExterno.aspx?NumeroProtocoloEntrega=1186123\" target=\"_blank\" rel=\"noreferrer noopener\">documento arquivado na Comiss\u00e3o de Valores Mobili\u00e1rios (CVM)<\/a>.<\/p><div class=\"videoFull \">\n\t\t\t<div class=\"videoWrapper yt-lazyload center\"\n\t\t\t\tdata-width=\"960\"\n\t\t\t\tdata-height=\"540\"\n\t\t\t\tdata-id=\"Smsb4V22tpo\"\n\t\t\t\tdata-alt=\"V\u00eddeo do YouTube - clique para reproduzir\"\n\t\t\t\tdata-logo=\"3\"\n\t\t\t\tdata-imagequality=\"maxres\">\n\t\t\t<\/div>\n\t\t<\/div><script type=\"application\/ld+json\">{\"@context\":\"https:\/\/schema.org\",\"@type\":\"VideoObject\",\"name\":\"GOLL4: Queda Dram\u00e1tica e Recupera\u00e7\u00e3o Judicial?\",\"description\":\"#mercadofinanceiro #investimentos #bolsadevalores #ibovespa #gol #goll4 \ud83d\udd34 DESCUBRA NOSSO TOP 3 DE A\u00c7\u00d5ES PARA COMPRAR ESSA SEMANA POR R$1: https:\/\/lp.suno.com.br\/pv\/sr-premium\/trial-1-real\/?utm_source=youtube.noticias&utm_medium=video&utm_campaign=RS.TSP23.ns.20240111 Entenda a situa\u00e7\u00e3o atual da Gol Linhas A\u00e9reas (#GOLL4) enfrentando uma queda dr\u00e1stica nas suas a\u00e7\u00f5es devido a rumores de uma poss\u00edvel recupera\u00e7\u00e3o judicial. Analisamos os detalhes por tr\u00e1s desses rumores, incluindo as compara\u00e7\u00f5es com\u2026\",\"duration\":\"PT4M8S\",\"embedUrl\":\"https:\/\/www.youtube.com\/embed\/Smsb4V22tpo\",\"regionsAllowed\":\"pt-BR\",\"interactionStatistic\":{\"@type\":\"InteractionCounter\",\"interactionType\":{\"@type\":\"WatchAction\"},\"userInteractionCount\":291},\"thumbnailUrl\":\"https:\/\/i.ytimg.com\/vi\/Smsb4V22tpo\/default.jpg\",\"uploadDate\":\"2024-01-16T14:45:04Z\"}<\/script>\n\n\n\n\n\t<p>\n\t\t<a href=\"\" target=\"_blank\" data-element=\"shortcode-suno-banner\" title=\"Banner SUNO, clique e saiba mais\">\n\t\t\t<picture>\n\t\t\t\t<source media=\"(max-width: 500px)\" srcset=\"\">\n\t\t\t\t<img class=\"newsContent__article__imgCapa newsContent__article__imgCapa--banner\"\n\t\t\t\t\tsrc=\"\"\n\t\t\t\t\tdata-promo-id=\"265381\"\t\t\t\t\t\t\t\t\t\t\t\t\t\t\talt=\"\"\n\t\t\t\t>\n\t\t\t<\/picture>\n\t\t<\/a>\n\t<\/p>\n\n\n\n\n\n\n\n<p>Conforme detalhado pela companhia, o <strong>Comit\u00ea da Gol<\/strong> \u00e9 composto por tr\u00eas membros: Marcela de Paiva Bonfim Teixeira, Timothy Robert Coleman e Paul Stewart Aronzon, todos conselheiros independentes da empresa. <\/p>\n\n\n\n<p>&#8220;O Comit\u00ea atuar\u00e1 como um \u00f3rg\u00e3o consultivo do <a class=\"suno-keyword\" target=\"_blank\" data-force=\"no\" data-priority=\"1\" href=\"https:\/\/www.suno.com.br\/artigos\/conselho-administracao\/\" rel=\"noopener\">Conselho de Administra\u00e7\u00e3o<\/a>, com poderes e autoridade para avaliar, revisar, planejar, supervisionar negocia\u00e7\u00f5es e apresentar recomenda\u00e7\u00f5es ao Conselho de Administra\u00e7\u00e3o sobre quaisquer assuntos decorrentes ou relacionados aos procedimentos do <strong>Chapter 11<\/strong>&#8220;, diz o comunicado.<\/p>\n\n\n\n<p>Al\u00e9m disso, a Gol nomeou Joseph Wilfred Bliley IV para o cargo de Diretor de Reestrutura\u00e7\u00e3o (Chief Restructuring Officer).<\/p>\n\n\n\n<h2 class=\"wp-block-heading\">CEO da Gol: Expectativa \u00e9 de que reestrutura\u00e7\u00e3o dure menos do que o de cias a\u00e9reas da AL<\/h2>\n\n\n\n<p>O <strong>CEO da Gol<\/strong>, Celso Ferrer, n\u00e3o deu prazo esperado pela companhia para concluir o <strong>processo do Chapter 11<\/strong>, mas disse acreditar que dure &#8220;significativamente menos&#8221; do que o de outras companhias a\u00e9reas da Am\u00e9rica Latina.<\/p>\n\n\n\n<p>A Latam e Avianca, por exemplo, demoraram cerca de dois anos. Ferrer avaliou o processo de reestrutura\u00e7\u00e3o das duas empresas como bem sucedido, mas avalia que o momento atual \u00e9 mais favor\u00e1vel para a Gol. &#8220;N\u00e3o estamos em uma pandemia, \u00e9 um cen\u00e1rio de demanda consistente&#8221;, afirmou.<\/p>\n\n\n\n<p>Para Ferrer, a <strong>opera\u00e7\u00e3o da Gol <\/strong>\u00e9 mais simples, com apenas um tipo de aeronave, o que deve tamb\u00e9m contribuir para agilizar a conclus\u00e3o do Chapter 11. O executivo tamb\u00e9m avalia que o fato de a empresa ter feito dois rounds de negocia\u00e7\u00e3o com lessores )arrendadores de aeronaves) em 2023 deve tamb\u00e9m garantir que essas conversas sejam conclu\u00eddas com sucesso em pouco tempo.<\/p>\n\n\n\n<p>O CEO da Gol n\u00e3o quis comentar os termos da negocia\u00e7\u00e3o do Chapter 11. Ele apenas afirmou que o objetivo \u00e9 melhorar a estrutura de caixa da companhia, diminuindo a alavancagem e mantendo as opera\u00e7\u00f5es normalmente.<\/p>\n\n\n\n<h2 class=\"wp-block-heading\">Negocia\u00e7\u00e3o com &#8216;lessores&#8217; est\u00e1 evoluindo<\/h2>\n\n\n\n<p>O executivo tamb\u00e9m disse que perto de metade da <strong>d\u00edvida da Gol<\/strong>, de R$ 20 bilh\u00f5es ao final do terceiro trimestre de 2023, \u00e9 detida por 25 lessores &#8211; os arrendadores de aeronaves. &#8220;A negocia\u00e7\u00e3o com lessores est\u00e1 evoluindo, e em diferentes est\u00e1gios, alguns est\u00e3o nos apoiando muito&#8221;, disse em entrevista \u00e0 imprensa no in\u00edcio da noite de hoje, citando que o processo de renova\u00e7\u00e3o de frota da companhia a\u00e9rea continua e a Gol est\u00e1 recebendo um novo avi\u00e3o agora.<\/p>\n\n\n\n<p>Normalmente, a negocia\u00e7\u00e3o com os lessores \u00e9 a que demora mais em processos de reestrutura\u00e7\u00e3o de d\u00edvidas do setor a\u00e9reo, por conta dos altos valores envolvidos. A Gol iniciou a primeira rodada de negocia\u00e7\u00e3o com lessores em junho de 2023 e outra rodada de reuni\u00f5es ocorreu em outubro. &#8220;Os lessores conhecem a nossa pauta, eles sabem o que precisamos endere\u00e7ar&#8221;, disse Ferrer.<\/p>\n\n\n\n<p>&#8220;Acordos com lessores devem ser assinados de uma maneira acelerada&#8221;, disse o CEO da Gol, explicando que o contexto agora \u00e9 de menor incerteza do que no passado recente. &#8220;Nossa previs\u00e3o \u00e9 de que o trabalho demore substancialmente menos do que outros processo mais recentes na Am\u00e9rica Latina.&#8221;<\/p>\n\n\n\n<p>Como os lessores est\u00e3o situados no exterior, principalmente nos Estados Unidos, a<strong> companhia a\u00e9rea<\/strong> brasileira optou por pedir a prote\u00e7\u00e3o judicial para reestruturar a d\u00edvida na Corte de Nova York. &#8220;Vamos utilizar o sistema judicial dos Estados Unidos para facilitar a reestrutura\u00e7\u00e3o.&#8221;<\/p>\n\n\n\n<p>O executivo disse que a Gol analisou outros casos de empresas a\u00e9reas que pediram prote\u00e7\u00e3o judicial nos EUA e observou que todas sa\u00edram &#8220;bastante fortalecidas&#8221; desse processo. &#8220;O processo de Chapter 11 j\u00e1 foi muito testado no setor de avia\u00e7\u00e3o.&#8221; Ferrer citou exemplos de sucesso do processo, como a Avianca Col\u00f4mbia, Latam e Aeromexico na Am\u00e9rica Latina, al\u00e9m de outras como a Delta e American Airlines nos Estados Unidos.<\/p>\n\n\n\n<h2 class=\"wp-block-heading\">Minist\u00e9rio diz que acompanha reestrutura\u00e7\u00e3o da Gol em busca manuten\u00e7\u00e3o de servi\u00e7os<\/h2>\n\n\n\n<p>O Minist\u00e9rio de Portos e Aeroportos (MPor) divulgou nota nesta quinta, 25, em que afirma estar acompanhando o plano de reestrutura\u00e7\u00e3o apresentado hoje pela <strong>companhia a\u00e9rea Gol <\/strong>e que est\u00e1 trabalhando junto \u00e0 empresa e \u00e0 Ag\u00eancia Nacional de Avia\u00e7\u00e3o Civil (<strong>Anac<\/strong>) para garantir a manuten\u00e7\u00e3o dos servi\u00e7os prestados \u00e0 popula\u00e7\u00e3o.<\/p>\n\n\n\n<p>No nota, o MPor diz que a pandemia do Covid-19 impactou fortemente o setor a\u00e9reo em todo o mundo, o que exigiu a ado\u00e7\u00e3o de medidas de apoio, de governos de diversos pa\u00edses, para atenuar o preju\u00edzo causado \u00e0s empresas a\u00e9reas. &#8220;Infelizmente, no Brasil, estas medidas n\u00e3o foram adotadas na gest\u00e3o anterior, mesmo com a exist\u00eancia de recursos no Fundo Nacional de Avia\u00e7\u00e3o Civil (Fnac)&#8221;, afirma.<\/p>\n\n\n\n<p>A pasta diz que a expectativa \u00e9 de que, assim como aconteceu com outras grandes empresas a\u00e9reas no mundo que entraram no Chapter 11 (Latam, Delta, United, Aerom\u00e9xico etc), espera que o<strong> Plano de reestrutura\u00e7\u00e3o da Gol<\/strong> fortale\u00e7a a empresa, aumentando cada vez mais sua capacidade de investimentos para melhor atender a popula\u00e7\u00e3o.<\/p>\n\n\n\n<h2 class=\"wp-block-heading\">Pacote de medidas<\/h2>\n\n\n\n<p>O governo federal promete, desde meados de novembro do ano passado, um pacote de medidas conjuntas com as a\u00e9reas para reduzir o pre\u00e7o das passagens. Por parte das companhias, foi anunciado em dezembro maior volume de promo\u00e7\u00f5es e disponibilidade de passagens. J\u00e1 a contrapartida do governo ainda n\u00e3o \u00e9 oficialmente conhecida.<\/p>\n\n\n\n<p>A expectativa, contudo, a partir de declara\u00e7\u00f5es do ministro Silvio Costa Filho, \u00e9 de que o governo atue em medidas para reduzir o pre\u00e7o do querosene de avia\u00e7\u00e3o (QAV) e nas mudan\u00e7as sobre o uso do Fnac, al\u00e9m da cria\u00e7\u00e3o de um fundo pr\u00f3prio para as companhias. Ele tamb\u00e9m fala sobre a necessidade de encarar a judicializa\u00e7\u00e3o que afeta o setor, com alto volume de indeniza\u00e7\u00f5es principalmente por atraso de voos.<\/p>\n\n\n\n<p>\u00c0 imprensa no in\u00edcio desta semana, Costa Filho optou por n\u00e3o comentar concretamente sobre poss\u00edveis medidas do governo para socorrer a Gol O ministro disse, contudo, que tem se reunido com representantes de todas as companhias a\u00e9reas e que o Estado ir\u00e1 auxili\u00e1-las como for poss\u00edvel. &#8220;Companhias como a Azul e a Gol est\u00e3o fazendo suas estrutura\u00e7\u00f5es internas. E, onde o Estado brasileiro puder dar sua contribui\u00e7\u00e3o, iremos dar&#8221;, afirmou.<\/p>\n\n\n\n<p>O ministro n\u00e3o confirmou uma reuni\u00e3o espec\u00edfica com a Gol para tratar da atual situa\u00e7\u00e3o da companhia. No entanto, conforme apurado pelo <strong>Broadcast<\/strong>, representantes da empresa estiveram na sede do minist\u00e9rio, em Bras\u00edlia, na ter\u00e7a-feira, 16, justamente em busca de ajuda.<\/p>\n\n\n\n<p>Sobre o risco de a empresa quebrar, o ministro disse que, pelo que se observa com outras companhias ao redor do mundo, entrar em recupera\u00e7\u00e3o judicial n\u00e3o representa o fim. &#8220;Companhias como a American Airlines, que em algum momento entraram em recupera\u00e7\u00e3o, sa\u00edram maiores do que entraram&#8221;, afirmou.<\/p>\n\n\n\n<h2 class=\"wp-block-heading\">Entenda a recupera\u00e7\u00e3o judicial da Gol<\/h2>\n\n\n\n<p>A <strong>companhia a\u00e9rea<\/strong> pediu oficialmente recupera\u00e7\u00e3o judicial nos Estados Unidos, em procedimento chamado de Chapter 11. <\/p>\n\n\n\t<p>\n\t\t<a href=\"https:\/\/lp.suno.com.br\/ebook-como-analisar-uma-acao\/\" target=\"_blank\" data-element=\"shortcode-suno-banner\" title=\"Banner SUNO, clique e saiba mais\">\n\t\t\t<picture>\n\t\t\t\t<source media=\"(max-width: 500px)\" srcset=\"https:\/\/files.sunoresearch.com.br\/n\/uploads\/2023\/03\/Ebook-Acoes-Mobile.jpg\">\n\t\t\t\t<img class=\"newsContent__article__imgCapa newsContent__article__imgCapa--banner\"\n\t\t\t\t\tsrc=\"https:\/\/files.sunoresearch.com.br\/n\/uploads\/2023\/03\/Ebook-Acoes-Desktop.jpg\"\n\t\t\t\t\tdata-promo-id=\"378302\"\t\t\t\t\t\t\t\t\t\twidth='1420' height='286'\t\t\t\t\talt=\"https:\/\/files.sunoresearch.com.br\/n\/uploads\/2023\/03\/Ebook-Acoes-Desktop.jpg\"\n\t\t\t\t>\n\t\t\t<\/picture>\n\t\t<\/a>\n\t<\/p>\n\n\n\n\n\n<p>A informa\u00e7\u00e3o foi divulgada pela companhia nesta quinta-feira (25), por meio de <a class=\"suno-keyword\" target=\"_blank\" data-force=\"no\" data-priority=\"1\" href=\"https:\/\/www.suno.com.br\/artigos\/fato-relevante\/\" rel=\"noopener\">fato relevante<\/a>. <\/p>\n\n\n\n<p>As a\u00e7\u00f5es da companhia tiveram negocia\u00e7\u00f5es interrompidas na B3 e entraram em leil\u00e3o &#8211; ficaram 30 minutos suspensas. <\/p>\n\n\n\n<p>Os pap\u00e9is fecharam em queda de 3,16%, a R$ 6,44, sendo a maior queda do preg\u00e3o.<\/p>\n\n\n\n<p>No <a href=\"https:\/\/www.rad.cvm.gov.br\/ENET\/frmExibirArquivoIPEExterno.aspx?NumeroProtocoloEntrega=1185964\" target=\"_blank\" rel=\"noreferrer noopener\">comunicado da Gol<\/a>, a companhia ainda acrescenta que &#8220;assegurou US$ 950 milh\u00f5es em financiamento para apoiar os neg\u00f3cios&#8221;.<\/p>\n\n\n\n<p>O processo de <strong>recupera\u00e7\u00e3o judicial da Gol <\/strong>iniciado nos EUA inicia com um compromisso de financiamento de US$ 950 milh\u00f5es, na modalidade debtor in possession (\u201cDIP\u201d) por membros do Grupo Ad Hoc de Bondholders da Abra &#8211; holding que controla a Gol &#8211; e outros detentores de bonds da Abra.<\/p>\n\n\n\n<p>&#8220;A Companhia buscar\u00e1 acesso a esse financiamento como parte da audi\u00eancia do Primeiro Dia com o Tribunal dos EUA, prevista para os pr\u00f3ximos dias. O financiamento est\u00e1 sujeito \u00e0 aprova\u00e7\u00e3o judicial e, juntamente com o caixa gerado pelas opera\u00e7\u00f5es em curso, fornecer\u00e1 liquidez substancial para apoiar as opera\u00e7\u00f5es, que seguem normalmente, durante o processo de reestrutura\u00e7\u00e3o financeira&#8221;, diz a companhia.<\/p>\n\n\n\n<p>Em seu comunicado, a companhia ainda ressalta que apesar do pedido de recupera\u00e7\u00e3o judicial, os voos de passageiros da <strong>Gol<\/strong>, os voos de carga da GOLLOG, o <a class=\"suno-keyword\" target=\"_blank\" data-force=\"no\" data-priority=\"1\" href=\"https:\/\/www.suno.com.br\/artigos\/programa-de-fidelidade\/\" rel=\"noopener\">programa de fidelidade<\/a> Smiles e outras opera\u00e7\u00f5es da companhia continuam normalmente. <\/p>\n\n\n\n<p><em>Com Estad\u00e3o Conte\u00fado<\/em><\/p>\n\n\n\t<p>\n\t\t<a href=\"https:\/\/lp.suno.com.br\/plataforma-de-controle-de-investimentos\/\" target=\"_blank\" data-element=\"shortcode-suno-banner\" title=\"Banner SUNO, clique e saiba mais\">\n\t\t\t<picture>\n\t\t\t\t<source media=\"(max-width: 500px)\" srcset=\"https:\/\/files.sunoresearch.com.br\/n\/uploads\/2023\/03\/400x300-Controle-de-Investimentos.png\">\n\t\t\t\t<img class=\"newsContent__article__imgCapa newsContent__article__imgCapa--banner\"\n\t\t\t\t\tsrc=\"https:\/\/files.sunoresearch.com.br\/n\/uploads\/2023\/03\/1420x240-Controle-de-Investimentos.png\"\n\t\t\t\t\tdata-promo-id=\"383162\"\t\t\t\t\t\t\t\t\t\twidth='1420' height='240'\t\t\t\t\talt=\"https:\/\/files.sunoresearch.com.br\/n\/uploads\/2023\/03\/1420x240-Controle-de-Investimentos.png\"\n\t\t\t\t>\n\t\t\t<\/picture>\n\t\t<\/a>\n\t<\/p>\n\n\n","protected":false},"excerpt":{"rendered":"<p>A Gol (GOLL4), logo ap\u00f3s pedir recupera\u00e7\u00e3o judicial nos EUA, criou um Comit\u00ea Especial Independente. A decis\u00e3o foi comunicada na noite desta quinta-feira (25), em documento arquivado na Comiss\u00e3o de Valores Mobili\u00e1rios (CVM). Conforme detalhado pela companhia, o Comit\u00ea da Gol \u00e9 composto por tr\u00eas membros: Marcela de Paiva Bonfim Teixeira, Timothy Robert Coleman e [&hellip;]<\/p>\n","protected":false},"author":73,"featured_media":46328,"comment_status":"closed","ping_status":"closed","sticky":false,"template":"","format":"standard","meta":[],"categories":[64],"tags":[489],"suno_strategy":[],"class_list":["post-516055","post","type-post","status-publish","format-standard","has-post-thumbnail","hentry","category-negocios","tag-gol-linhas-aereas-goll11-goll4"],"yoast_head":"<!-- This site is optimized with the Yoast SEO plugin v24.4 - https:\/\/yoast.com\/wordpress\/plugins\/seo\/ -->\n<title>Gol (GOLL4) cria comit\u00ea independente para recupera\u00e7\u00e3o judicial<\/title>\n<meta name=\"description\" content=\"Al\u00e9m disso, a Gol nomeou Joseph Wilfred Bliley IV para o cargo de Diretor de Reestrutura\u00e7\u00e3o (Chief Restructuring Officer)\" \/>\n<meta name=\"robots\" content=\"index, follow, max-snippet:-1, max-image-preview:large, max-video-preview:-1\" \/>\n<link rel=\"canonical\" href=\"https:\/\/www.suno.com.br\/noticias\/gol-goll4-comite-independente-recuperacao-judicial-evm\/\" \/>\n<meta property=\"og:locale\" content=\"pt_BR\" \/>\n<meta property=\"og:type\" content=\"article\" \/>\n<meta property=\"og:title\" content=\"Gol (GOLL4) cria comit\u00ea independente para recupera\u00e7\u00e3o judicial\" \/>\n<meta property=\"og:description\" content=\"Al\u00e9m disso, a Gol nomeou Joseph Wilfred Bliley IV para o cargo de Diretor de Reestrutura\u00e7\u00e3o (Chief Restructuring Officer)\" \/>\n<meta property=\"og:url\" content=\"https:\/\/www.suno.com.br\/noticias\/gol-goll4-comite-independente-recuperacao-judicial-evm\/\" \/>\n<meta property=\"og:site_name\" content=\"Suno Not\u00edcias\" \/>\n<meta property=\"article:publisher\" content=\"https:\/\/facebook.com\/sunoresearch\" \/>\n<meta property=\"og:image\" content=\"https:\/\/files.sunoresearch.com.br\/n\/uploads\/2019\/12\/c6c902e0-gol.jpg\" \/>\n\t<meta property=\"og:image:width\" content=\"1200\" \/>\n\t<meta property=\"og:image:height\" content=\"800\" \/>\n\t<meta property=\"og:image:type\" content=\"image\/jpeg\" \/>\n<meta name=\"author\" content=\"Eduardo Vargas\" \/>\n<meta name=\"twitter:card\" content=\"summary_large_image\" \/>\n<meta name=\"twitter:creator\" content=\"@sunoresearch\" \/>\n<meta name=\"twitter:site\" content=\"@sunoresearch\" \/>\n<meta name=\"twitter:label1\" content=\"Escrito por\" \/>\n\t<meta name=\"twitter:data1\" content=\"Eduardo Vargas\" \/>\n\t<meta name=\"twitter:label2\" content=\"Est. tempo de leitura\" \/>\n\t<meta name=\"twitter:data2\" content=\"8 minutos\" \/>\n<script type=\"application\/ld+json\" class=\"yoast-schema-graph\">{\"@context\":\"https:\/\/schema.org\",\"@graph\":[{\"@type\":\"NewsArticle\",\"@id\":\"https:\/\/www.suno.com.br\/noticias\/gol-goll4-comite-independente-recuperacao-judicial-evm\/#article\",\"isPartOf\":{\"@id\":\"https:\/\/www.suno.com.br\/noticias\/gol-goll4-comite-independente-recuperacao-judicial-evm\/\"},\"author\":{\"name\":\"Eduardo Vargas\",\"@id\":\"https:\/\/www.suno.com.br\/noticias\/#\/schema\/person\/7f4d362bf3518e76090143ae77bb49a5\"},\"headline\":\"Gol (GOLL4) cria comit\u00ea independente e d\u00e1 &#8216;primeiro passo&#8217; em recupera\u00e7\u00e3o judicial\",\"datePublished\":\"2024-01-25T23:49:30+00:00\",\"dateModified\":\"2024-01-26T00:25:03+00:00\",\"mainEntityOfPage\":{\"@id\":\"https:\/\/www.suno.com.br\/noticias\/gol-goll4-comite-independente-recuperacao-judicial-evm\/\"},\"wordCount\":1465,\"publisher\":{\"@id\":\"https:\/\/www.suno.com.br\/noticias\/#organization\"},\"image\":{\"@id\":\"https:\/\/www.suno.com.br\/noticias\/gol-goll4-comite-independente-recuperacao-judicial-evm\/#primaryimage\"},\"thumbnailUrl\":\"https:\/\/files.sunoresearch.com.br\/n\/uploads\/2019\/12\/c6c902e0-gol-jpg.webp\",\"keywords\":[\"Gol Linhas A\u00e9reas (GOLL11\/GOLL4)\"],\"articleSection\":[\"Neg\u00f3cios\"],\"inLanguage\":\"pt-BR\"},{\"@type\":\"WebPage\",\"@id\":\"https:\/\/www.suno.com.br\/noticias\/gol-goll4-comite-independente-recuperacao-judicial-evm\/\",\"url\":\"https:\/\/www.suno.com.br\/noticias\/gol-goll4-comite-independente-recuperacao-judicial-evm\/\",\"name\":\"Gol (GOLL4) cria comit\u00ea independente para recupera\u00e7\u00e3o judicial\",\"isPartOf\":{\"@id\":\"https:\/\/www.suno.com.br\/noticias\/#website\"},\"primaryImageOfPage\":{\"@id\":\"https:\/\/www.suno.com.br\/noticias\/gol-goll4-comite-independente-recuperacao-judicial-evm\/#primaryimage\"},\"image\":{\"@id\":\"https:\/\/www.suno.com.br\/noticias\/gol-goll4-comite-independente-recuperacao-judicial-evm\/#primaryimage\"},\"thumbnailUrl\":\"https:\/\/files.sunoresearch.com.br\/n\/uploads\/2019\/12\/c6c902e0-gol-jpg.webp\",\"datePublished\":\"2024-01-25T23:49:30+00:00\",\"dateModified\":\"2024-01-26T00:25:03+00:00\",\"description\":\"Al\u00e9m disso, a Gol nomeou Joseph Wilfred Bliley IV para o cargo de Diretor de Reestrutura\u00e7\u00e3o (Chief Restructuring Officer)\",\"breadcrumb\":{\"@id\":\"https:\/\/www.suno.com.br\/noticias\/gol-goll4-comite-independente-recuperacao-judicial-evm\/#breadcrumb\"},\"inLanguage\":\"pt-BR\",\"potentialAction\":[{\"@type\":\"ReadAction\",\"target\":[\"https:\/\/www.suno.com.br\/noticias\/gol-goll4-comite-independente-recuperacao-judicial-evm\/\"]}]},{\"@type\":\"ImageObject\",\"inLanguage\":\"pt-BR\",\"@id\":\"https:\/\/www.suno.com.br\/noticias\/gol-goll4-comite-independente-recuperacao-judicial-evm\/#primaryimage\",\"url\":\"https:\/\/files.sunoresearch.com.br\/n\/uploads\/2019\/12\/c6c902e0-gol-jpg.webp\",\"contentUrl\":\"https:\/\/files.sunoresearch.com.br\/n\/uploads\/2019\/12\/c6c902e0-gol-jpg.webp\",\"width\":1200,\"height\":800,\"caption\":\"Gol (GOLL4). Foto: Divulga\u00e7\u00e3o.\"},{\"@type\":\"BreadcrumbList\",\"@id\":\"https:\/\/www.suno.com.br\/noticias\/gol-goll4-comite-independente-recuperacao-judicial-evm\/#breadcrumb\",\"itemListElement\":[{\"@type\":\"ListItem\",\"position\":1,\"name\":\"Not\u00edcias\",\"item\":\"https:\/\/www.suno.com.br\/noticias\/\"},{\"@type\":\"ListItem\",\"position\":2,\"name\":\"Neg\u00f3cios\",\"item\":\"https:\/\/www.suno.com.br\/noticias\/negocios\/\"},{\"@type\":\"ListItem\",\"position\":3,\"name\":\"Gol (GOLL4) cria comit\u00ea independente e d\u00e1 &#8216;primeiro passo&#8217; em recupera\u00e7\u00e3o judicial\"}]},{\"@type\":\"WebSite\",\"@id\":\"https:\/\/www.suno.com.br\/noticias\/#website\",\"url\":\"https:\/\/www.suno.com.br\/noticias\/\",\"name\":\"Suno Not\u00edcias\",\"description\":\"Seu portal de informa\u00e7\u00e3o sobre o mundo dos investimentos\",\"publisher\":{\"@id\":\"https:\/\/www.suno.com.br\/noticias\/#organization\"},\"potentialAction\":[{\"@type\":\"SearchAction\",\"target\":{\"@type\":\"EntryPoint\",\"urlTemplate\":\"https:\/\/www.suno.com.br\/noticias\/?s={search_term_string}\"},\"query-input\":{\"@type\":\"PropertyValueSpecification\",\"valueRequired\":true,\"valueName\":\"search_term_string\"}}],\"inLanguage\":\"pt-BR\"},{\"@type\":\"Organization\",\"@id\":\"https:\/\/www.suno.com.br\/noticias\/#organization\",\"name\":\"Suno Not\u00edcias\",\"url\":\"https:\/\/www.suno.com.br\/noticias\/\",\"logo\":{\"@type\":\"ImageObject\",\"inLanguage\":\"pt-BR\",\"@id\":\"https:\/\/www.suno.com.br\/noticias\/#\/schema\/logo\/image\/\",\"url\":\"https:\/\/files.sunoresearch.com.br\/n\/uploads\/2021\/09\/suno-logo.png\",\"contentUrl\":\"https:\/\/files.sunoresearch.com.br\/n\/uploads\/2021\/09\/suno-logo.png\",\"width\":180,\"height\":180,\"caption\":\"Suno Not\u00edcias\"},\"image\":{\"@id\":\"https:\/\/www.suno.com.br\/noticias\/#\/schema\/logo\/image\/\"},\"sameAs\":[\"https:\/\/facebook.com\/sunoresearch\",\"https:\/\/x.com\/sunoresearch\",\"https:\/\/www.instagram.com\/suno\",\"https:\/\/www.linkedin.com\/company\/suno-research\/\",\"https:\/\/www.youtube.com\/c\/sunoresearch\"]},{\"@type\":\"Person\",\"@id\":\"https:\/\/www.suno.com.br\/noticias\/#\/schema\/person\/7f4d362bf3518e76090143ae77bb49a5\",\"name\":\"Eduardo Vargas\",\"image\":{\"@type\":\"ImageObject\",\"inLanguage\":\"pt-BR\",\"@id\":\"https:\/\/www.suno.com.br\/noticias\/#\/schema\/person\/image\/\",\"url\":\"https:\/\/secure.gravatar.com\/avatar\/dac340933427a22924c9f99d1eb2e3f2?s=96&r=g\",\"contentUrl\":\"https:\/\/secure.gravatar.com\/avatar\/dac340933427a22924c9f99d1eb2e3f2?s=96&r=g\",\"caption\":\"Eduardo Vargas\"},\"description\":\"Jornalista formado pela UFSC, cobre macroeconomia, neg\u00f3cios e startups para o Suno Not\u00edcias, escrevendo principalmente not\u00edcias sobre o mercado financeiro e a bolsa de valores. No YouTube e no Instagram, \u00e9 respons\u00e1vel pela produ\u00e7\u00e3o de Reels e Shorts do Suno Not\u00edcias. Anteriormente, trabalhou cobrindo economia e cotidiano no ND+ e para o ND, maior jornal impresso de Santa Catarina. Cursou um semestre letivo de Estudos de M\u00eddia na Universidad de Buenos Aires.\",\"url\":\"https:\/\/www.suno.com.br\/noticias\/author\/eduardo-vargas\/\"}]}<\/script>\n<!-- \/ Yoast SEO plugin. -->","yoast_head_json":{"title":"Gol (GOLL4) cria comit\u00ea independente para recupera\u00e7\u00e3o judicial","description":"Al\u00e9m disso, a Gol nomeou Joseph Wilfred Bliley IV para o cargo de Diretor de Reestrutura\u00e7\u00e3o (Chief Restructuring Officer)","robots":{"index":"index","follow":"follow","max-snippet":"max-snippet:-1","max-image-preview":"max-image-preview:large","max-video-preview":"max-video-preview:-1"},"canonical":"https:\/\/www.suno.com.br\/noticias\/gol-goll4-comite-independente-recuperacao-judicial-evm\/","og_locale":"pt_BR","og_type":"article","og_title":"Gol (GOLL4) cria comit\u00ea independente para recupera\u00e7\u00e3o judicial","og_description":"Al\u00e9m disso, a Gol nomeou Joseph Wilfred Bliley IV para o cargo de Diretor de Reestrutura\u00e7\u00e3o (Chief Restructuring Officer)","og_url":"https:\/\/www.suno.com.br\/noticias\/gol-goll4-comite-independente-recuperacao-judicial-evm\/","og_site_name":"Suno Not\u00edcias","article_publisher":"https:\/\/facebook.com\/sunoresearch","og_image":[{"width":1200,"height":800,"url":"https:\/\/files.sunoresearch.com.br\/n\/uploads\/2019\/12\/c6c902e0-gol.jpg","type":"image\/jpeg"}],"author":"Eduardo Vargas","twitter_card":"summary_large_image","twitter_creator":"@sunoresearch","twitter_site":"@sunoresearch","twitter_misc":{"Escrito por":"Eduardo Vargas","Est. tempo de leitura":"8 minutos"},"schema":{"@context":"https:\/\/schema.org","@graph":[{"@type":"NewsArticle","@id":"https:\/\/www.suno.com.br\/noticias\/gol-goll4-comite-independente-recuperacao-judicial-evm\/#article","isPartOf":{"@id":"https:\/\/www.suno.com.br\/noticias\/gol-goll4-comite-independente-recuperacao-judicial-evm\/"},"author":{"name":"Eduardo Vargas","@id":"https:\/\/www.suno.com.br\/noticias\/#\/schema\/person\/7f4d362bf3518e76090143ae77bb49a5"},"headline":"Gol (GOLL4) cria comit\u00ea independente e d\u00e1 &#8216;primeiro passo&#8217; em recupera\u00e7\u00e3o judicial","datePublished":"2024-01-25T23:49:30+00:00","dateModified":"2024-01-26T00:25:03+00:00","mainEntityOfPage":{"@id":"https:\/\/www.suno.com.br\/noticias\/gol-goll4-comite-independente-recuperacao-judicial-evm\/"},"wordCount":1465,"publisher":{"@id":"https:\/\/www.suno.com.br\/noticias\/#organization"},"image":{"@id":"https:\/\/www.suno.com.br\/noticias\/gol-goll4-comite-independente-recuperacao-judicial-evm\/#primaryimage"},"thumbnailUrl":"https:\/\/files.sunoresearch.com.br\/n\/uploads\/2019\/12\/c6c902e0-gol-jpg.webp","keywords":["Gol Linhas A\u00e9reas (GOLL11\/GOLL4)"],"articleSection":["Neg\u00f3cios"],"inLanguage":"pt-BR"},{"@type":"WebPage","@id":"https:\/\/www.suno.com.br\/noticias\/gol-goll4-comite-independente-recuperacao-judicial-evm\/","url":"https:\/\/www.suno.com.br\/noticias\/gol-goll4-comite-independente-recuperacao-judicial-evm\/","name":"Gol (GOLL4) cria comit\u00ea independente para recupera\u00e7\u00e3o judicial","isPartOf":{"@id":"https:\/\/www.suno.com.br\/noticias\/#website"},"primaryImageOfPage":{"@id":"https:\/\/www.suno.com.br\/noticias\/gol-goll4-comite-independente-recuperacao-judicial-evm\/#primaryimage"},"image":{"@id":"https:\/\/www.suno.com.br\/noticias\/gol-goll4-comite-independente-recuperacao-judicial-evm\/#primaryimage"},"thumbnailUrl":"https:\/\/files.sunoresearch.com.br\/n\/uploads\/2019\/12\/c6c902e0-gol-jpg.webp","datePublished":"2024-01-25T23:49:30+00:00","dateModified":"2024-01-26T00:25:03+00:00","description":"Al\u00e9m disso, a Gol nomeou Joseph Wilfred Bliley IV para o cargo de Diretor de Reestrutura\u00e7\u00e3o (Chief Restructuring Officer)","breadcrumb":{"@id":"https:\/\/www.suno.com.br\/noticias\/gol-goll4-comite-independente-recuperacao-judicial-evm\/#breadcrumb"},"inLanguage":"pt-BR","potentialAction":[{"@type":"ReadAction","target":["https:\/\/www.suno.com.br\/noticias\/gol-goll4-comite-independente-recuperacao-judicial-evm\/"]}]},{"@type":"ImageObject","inLanguage":"pt-BR","@id":"https:\/\/www.suno.com.br\/noticias\/gol-goll4-comite-independente-recuperacao-judicial-evm\/#primaryimage","url":"https:\/\/files.sunoresearch.com.br\/n\/uploads\/2019\/12\/c6c902e0-gol-jpg.webp","contentUrl":"https:\/\/files.sunoresearch.com.br\/n\/uploads\/2019\/12\/c6c902e0-gol-jpg.webp","width":1200,"height":800,"caption":"Gol (GOLL4). Foto: Divulga\u00e7\u00e3o."},{"@type":"BreadcrumbList","@id":"https:\/\/www.suno.com.br\/noticias\/gol-goll4-comite-independente-recuperacao-judicial-evm\/#breadcrumb","itemListElement":[{"@type":"ListItem","position":1,"name":"Not\u00edcias","item":"https:\/\/www.suno.com.br\/noticias\/"},{"@type":"ListItem","position":2,"name":"Neg\u00f3cios","item":"https:\/\/www.suno.com.br\/noticias\/negocios\/"},{"@type":"ListItem","position":3,"name":"Gol (GOLL4) cria comit\u00ea independente e d\u00e1 &#8216;primeiro passo&#8217; em recupera\u00e7\u00e3o judicial"}]},{"@type":"WebSite","@id":"https:\/\/www.suno.com.br\/noticias\/#website","url":"https:\/\/www.suno.com.br\/noticias\/","name":"Suno Not\u00edcias","description":"Seu portal de informa\u00e7\u00e3o sobre o mundo dos investimentos","publisher":{"@id":"https:\/\/www.suno.com.br\/noticias\/#organization"},"potentialAction":[{"@type":"SearchAction","target":{"@type":"EntryPoint","urlTemplate":"https:\/\/www.suno.com.br\/noticias\/?s={search_term_string}"},"query-input":{"@type":"PropertyValueSpecification","valueRequired":true,"valueName":"search_term_string"}}],"inLanguage":"pt-BR"},{"@type":"Organization","@id":"https:\/\/www.suno.com.br\/noticias\/#organization","name":"Suno Not\u00edcias","url":"https:\/\/www.suno.com.br\/noticias\/","logo":{"@type":"ImageObject","inLanguage":"pt-BR","@id":"https:\/\/www.suno.com.br\/noticias\/#\/schema\/logo\/image\/","url":"https:\/\/files.sunoresearch.com.br\/n\/uploads\/2021\/09\/suno-logo.png","contentUrl":"https:\/\/files.sunoresearch.com.br\/n\/uploads\/2021\/09\/suno-logo.png","width":180,"height":180,"caption":"Suno Not\u00edcias"},"image":{"@id":"https:\/\/www.suno.com.br\/noticias\/#\/schema\/logo\/image\/"},"sameAs":["https:\/\/facebook.com\/sunoresearch","https:\/\/x.com\/sunoresearch","https:\/\/www.instagram.com\/suno","https:\/\/www.linkedin.com\/company\/suno-research\/","https:\/\/www.youtube.com\/c\/sunoresearch"]},{"@type":"Person","@id":"https:\/\/www.suno.com.br\/noticias\/#\/schema\/person\/7f4d362bf3518e76090143ae77bb49a5","name":"Eduardo Vargas","image":{"@type":"ImageObject","inLanguage":"pt-BR","@id":"https:\/\/www.suno.com.br\/noticias\/#\/schema\/person\/image\/","url":"https:\/\/secure.gravatar.com\/avatar\/dac340933427a22924c9f99d1eb2e3f2?s=96&r=g","contentUrl":"https:\/\/secure.gravatar.com\/avatar\/dac340933427a22924c9f99d1eb2e3f2?s=96&r=g","caption":"Eduardo Vargas"},"description":"Jornalista formado pela UFSC, cobre macroeconomia, neg\u00f3cios e startups para o Suno Not\u00edcias, escrevendo principalmente not\u00edcias sobre o mercado financeiro e a bolsa de valores. No YouTube e no Instagram, \u00e9 respons\u00e1vel pela produ\u00e7\u00e3o de Reels e Shorts do Suno Not\u00edcias. Anteriormente, trabalhou cobrindo economia e cotidiano no ND+ e para o ND, maior jornal impresso de Santa Catarina. Cursou um semestre letivo de Estudos de M\u00eddia na Universidad de Buenos Aires.","url":"https:\/\/www.suno.com.br\/noticias\/author\/eduardo-vargas\/"}]}},"default_loop_html":"<div class=\"cardsPage__listCard__boxs\"><div class=\"cardsPage__listCard__boxs__img\"><a href=\"https:\/\/www.suno.com.br\/noticias\/gol-goll4-comite-independente-recuperacao-judicial-evm\/\"><img class=\"mask\" src=\"https:\/\/www.suno.com.br\/noticias\/wp-content\/themes\/suno\/resources\/images\/spotlight\/spotlight1img\/bg-mask.png\" alt=\"Image Mask\"\/><img src=\"https:\/\/files.sunoresearch.com.br\/n\/uploads\/2019\/12\/c6c902e0-gol-400x200.webp\" alt=\"Gol (GOLL4) cria comit\u00ea independente e d\u00e1 &#8216;primeiro passo&#8217; em recupera\u00e7\u00e3o judicial\"\/><\/a><span class=\"spotlightCategory\"><a href=\"https:\/\/www.suno.com.br\/noticias\/negocios\/\">Neg\u00f3cios<\/a><\/span><\/div><div class=\"cardsPage__listCard__boxs__content\"><a href=\"https:\/\/www.suno.com.br\/noticias\/gol-goll4-comite-independente-recuperacao-judicial-evm\/\"><h2 class=\"content__title\">Gol (GOLL4) cria comit\u00ea independente e d\u00e1 &#8216;primeiro passo&#8217; em recupera\u00e7\u00e3o judicial<\/h2><\/a><div class=\"newsContent__article__meta\"><div class=\"newsContent__article__meta__authorBox\"><a href=\"https:\/\/www.suno.com.br\/noticias\/author\/eduardo-vargas\/\" class=\"authorBox__avatar noMobi\"><img src=\"https:\/\/secure.gravatar.com\/avatar\/dac340933427a22924c9f99d1eb2e3f2?s=96&#038;r=g\" alt=\"Eduardo Vargas\"><\/a><div class=\"authorBox__name\"><span>por\n\t\t\t<a href=\"https:\/\/www.suno.com.br\/noticias\/author\/eduardo-vargas\/\"><span itemprop=\"author\">Eduardo Vargas<\/span><\/a><\/span><time datetime=\"2024-01-25T20:49:30-03:00\" itemprop=\"datePublished\">25\/01\/2024 20:49<\/time><\/div><\/div><\/div><\/div><\/div>","single_layout":"posts","amp_enabled":true,"_links":{"self":[{"href":"https:\/\/www.suno.com.br\/noticias\/wp-json\/wp\/v2\/posts\/516055"}],"collection":[{"href":"https:\/\/www.suno.com.br\/noticias\/wp-json\/wp\/v2\/posts"}],"about":[{"href":"https:\/\/www.suno.com.br\/noticias\/wp-json\/wp\/v2\/types\/post"}],"author":[{"embeddable":true,"href":"https:\/\/www.suno.com.br\/noticias\/wp-json\/wp\/v2\/users\/73"}],"replies":[{"embeddable":true,"href":"https:\/\/www.suno.com.br\/noticias\/wp-json\/wp\/v2\/comments?post=516055"}],"version-history":[{"count":2,"href":"https:\/\/www.suno.com.br\/noticias\/wp-json\/wp\/v2\/posts\/516055\/revisions"}],"predecessor-version":[{"id":516106,"href":"https:\/\/www.suno.com.br\/noticias\/wp-json\/wp\/v2\/posts\/516055\/revisions\/516106"}],"wp:featuredmedia":[{"embeddable":true,"href":"https:\/\/www.suno.com.br\/noticias\/wp-json\/wp\/v2\/media\/46328"}],"wp:attachment":[{"href":"https:\/\/www.suno.com.br\/noticias\/wp-json\/wp\/v2\/media?parent=516055"}],"wp:term":[{"taxonomy":"category","embeddable":true,"href":"https:\/\/www.suno.com.br\/noticias\/wp-json\/wp\/v2\/categories?post=516055"},{"taxonomy":"post_tag","embeddable":true,"href":"https:\/\/www.suno.com.br\/noticias\/wp-json\/wp\/v2\/tags?post=516055"},{"taxonomy":"suno_strategy","embeddable":true,"href":"https:\/\/www.suno.com.br\/noticias\/wp-json\/wp\/v2\/suno_strategy?post=516055"}],"curies":[{"name":"wp","href":"https:\/\/api.w.org\/{rel}","templated":true}]}}