{"id":516030,"date":"2024-01-25T19:58:06","date_gmt":"2024-01-25T22:58:06","guid":{"rendered":"https:\/\/www.suno.com.br\/noticias\/?p=516030"},"modified":"2024-01-25T19:59:01","modified_gmt":"2024-01-25T22:59:01","slug":"petrobras-petr4-refinaria-abreu-e-lima-rnest-explosao-feridos-lt","status":"publish","type":"post","link":"https:\/\/www.suno.com.br\/noticias\/petrobras-petr4-refinaria-abreu-e-lima-rnest-explosao-feridos-lt\/","title":{"rendered":"Petrobras (PETR4): explos\u00e3o em tanque de refinaria deixa quatro feridos"},"content":{"rendered":"<p>Uma<strong> <\/strong>explos\u00e3o no tanque na refinaria Abreu e Lima (Rnest), em Pernambuco, na tarde desta quinta-feira, 25, deixou quatro trabalhadores feridos. O acidente na refinaria da <strong>Petrobras<\/strong> (PETR4) aconteceu por volta de 15h30, segundo o portal G1.<\/p>\t<div class=\"wrapper-featured-image\">\n\t\t<figure class=\"spotlightImg\">\n\n\t\t\t<picture>\n\t\t\t\t<source media=\"(max-width: 768px)\" srcset=\"https:\/\/files.sunoresearch.com.br\/n\/uploads\/2023\/04\/Petrobras-PETR4-Refinaria-Duque-de-Caxias-1-400x200.jpg\">\n\t\t\t\t<img loading=\"lazy\" decoding=\"async\" class=\"newsContent__article__imgCapa lazyloadDisabled \" src=\"https:\/\/files.sunoresearch.com.br\/n\/uploads\/2023\/04\/Petrobras-PETR4-Refinaria-Duque-de-Caxias-1-800x450.jpg\" width=\"800\" height=\"450\" alt=\"Petrobras (PETR4): explos\u00e3o em tanque de refinaria deixa quatro feridos\" fetchpriority=high \/>\n\t\t\t<\/picture>\n\n\t\t\t<figcaption class=\"wp-caption-text wp-caption-text--show\">Petrobras (PETR4) - Foto: Ag\u00eancia Petrobras <\/figcaption>\n\t\t<\/figure>\n\t<\/div>\n\n\n\n\n\n\t<p>\n\t\t<a href=\"https:\/\/lp.suno.com.br\/planilha-da-vida-financeira\/\" target=\"_blank\" data-element=\"shortcode-suno-banner\" title=\"Banner SUNO, clique e saiba mais\">\n\t\t\t<picture>\n\t\t\t\t<source media=\"(max-width: 500px)\" srcset=\"https:\/\/files.sunoresearch.com.br\/n\/uploads\/2023\/04\/400x300-Planilha-vida-financeira-true.png\">\n\t\t\t\t<img class=\"newsContent__article__imgCapa newsContent__article__imgCapa--banner\"\n\t\t\t\t\tsrc=\"https:\/\/files.sunoresearch.com.br\/n\/uploads\/2023\/04\/1420x240-Planilha-vida-financeira-true.png\"\n\t\t\t\t\tdata-promo-id=\"383123\"\t\t\t\t\t\t\t\t\t\twidth='1420' height='240'\t\t\t\t\talt=\"https:\/\/files.sunoresearch.com.br\/n\/uploads\/2023\/04\/1420x240-Planilha-vida-financeira-true.png\"\n\t\t\t\t>\n\t\t\t<\/picture>\n\t\t<\/a>\n\t<\/p>\n\n\n\n\n\n<p>A Petrobras confirmou o acidente durante manuten\u00e7\u00e3o de tanque de petr\u00f3leo na<strong> refinaria de Abreu e Lima<\/strong>, em Ipojuca (PE).<\/p>\n\n\n\n<p>A estatal nega que tenha havido <strong>explos\u00e3o na refinaria<\/strong> <strong>da Petrobras<\/strong> e, em nota, menciona &#8220;fagulhamento seguido de chama rapidamente controlada&#8221;. As unidades de produ\u00e7\u00e3o da refinaria, informou, operam normalmente, &#8220;sem outros impactos&#8221;.<\/p>\n\n\n\n<p>Quatro trabalhadores ficaram feridos. Segundo a estatal, a equipe j\u00e1 foi atendida na unidade e encaminhada para avalia\u00e7\u00e3o m\u00e9dica externa.. Uma <strong>equipe externa da Rnest<\/strong> foi acionada para atuar no controle da ocorr\u00eancia.<\/p>\n\n\n\n<p>Fontes disseram ao <em>Broadcast<\/em> que o tanque em quest\u00e3o foi liberado para manuten\u00e7\u00e3o, mas, no momento da abertura pelos funcion\u00e1rios, houve um &#8220;escape&#8221; de calor com chamas.<\/p>\n\n\n\n<p>Em contato com funcion\u00e1rios que n\u00e3o quiseram se identificar, o portal G1 relatou que o acidente ocorreu num tanque conhecido como \u201cMaracan\u00e3<strong>\u201d<\/strong>.<\/p>\n\n\n\n<p>Dos quatro feridos na explos\u00e3o do <strong>tanque da Petrobras<\/strong>, um foi levado pelo Servi\u00e7o de Atendimento M\u00f3vel de Urg\u00eancia (Samu) para o Hospital Hapvida do Cabo de Santo Agostinho, em Pernambuco. Os outros tr\u00eas foram transportados por ambul\u00e2ncias da pr\u00f3pria refinaria.<\/p>\n\n\n\n<p>Ao G1, o Sindicato dos Trabalhadores na Ind\u00fastria do Petr\u00f3leo e G\u00e1s Natural (Sindipetro-PE\/PB) afirmou que os trabalhadores foram levados para o Hospital Dom Helder C\u00e2mara, tamb\u00e9m em Cabo de Santo Agostinho, e para o Hospital Restaura\u00e7\u00e3o, no centro de Recife. Os funcion\u00e1rios tiveram queimaduras, al\u00e9m de escoria\u00e7\u00f5es.<\/p>\n\n\n\n<p>&#8220;As equipes internas da refinaria foram acionadas e atuaram para controle da ocorr\u00eancia. As causas ser\u00e3o investigadas&#8221;, informou a Petrobras.<\/p>\n\n\n\n<p>Procurada, a Federa\u00e7\u00e3o \u00danica dos Petroleiros (FUP) afirmou que vai integrar a comiss\u00e3o de investiga\u00e7\u00e3o do acidente junto com o Sindipetro Pernambuco-Para\u00edba e t\u00e9cnicos da estatal.<\/p>\n\n\n\t<p>\n\t\t<a href=\"https:\/\/lp.suno.com.br\/ebook-como-analisar-uma-acao\/\" target=\"_blank\" data-element=\"shortcode-suno-banner\" title=\"Banner SUNO, clique e saiba mais\">\n\t\t\t<picture>\n\t\t\t\t<source media=\"(max-width: 500px)\" srcset=\"https:\/\/files.sunoresearch.com.br\/n\/uploads\/2023\/03\/Ebook-Acoes-Mobile.jpg\">\n\t\t\t\t<img class=\"newsContent__article__imgCapa newsContent__article__imgCapa--banner\"\n\t\t\t\t\tsrc=\"https:\/\/files.sunoresearch.com.br\/n\/uploads\/2023\/03\/Ebook-Acoes-Desktop.jpg\"\n\t\t\t\t\tdata-promo-id=\"378302\"\t\t\t\t\t\t\t\t\t\twidth='1420' height='286'\t\t\t\t\talt=\"https:\/\/files.sunoresearch.com.br\/n\/uploads\/2023\/03\/Ebook-Acoes-Desktop.jpg\"\n\t\t\t\t>\n\t\t\t<\/picture>\n\t\t<\/a>\n\t<\/p>\n\n\n\n\n\n<h2 class=\"wp-block-heading\">Petrobras: retomada das obras da Rnest<\/h2>\n\n\n\n<p>A explos\u00e3o da <strong>Rnest <\/strong>acontece exatamente uma semana depois de o presidente Luiz In\u00e1cio Lula da Silva visitar a refinaria e anunciar a retomada das obras, que tem previs\u00e3o de investimento de R$ 8 bilh\u00f5es.<\/p>\n\n\n\n<p>As obras, que estavam paralisadas desde o esc\u00e2ndalo da opera\u00e7\u00e3o Lava Jato, em 2015, fazem parte do novo Programa de Acelera\u00e7\u00e3o do Crescimento (PAC). A expectativa da Petrobras \u00e9 de que a capacidade da Rnest passe de 100 mil barris de petr\u00f3leo por dia para <strong>260 mil<\/strong>.<\/p>\n\n\n\n<p>A retomada das obras de amplia\u00e7\u00e3o da Rnest, que envolvem o melhoramento do Trem 1 e constru\u00e7\u00e3o do Trem 2, foi oficialmente anunciada pela Petrobras em cerim\u00f4nia na presen\u00e7a do presidente da empresa, Jean Paul Prates, e do presidente da Rep\u00fablica, Luiz In\u00e1cio Lula da Silva.<\/p>\n\n\n\n<p>A conclus\u00e3o das obras na refinaria da <strong>Petrobras<\/strong>, em 2028, vai elevar a capacidade de processamento da refinaria de 100 mil barris de petr\u00f3leo por dia para 260 mil barris por dia.<\/p>\n\n\n\n<p><em>Com Estad\u00e3o Conte\u00fado<\/em><\/p>\n\n\n\t<p>\n\t\t<a href=\"https:\/\/lp.suno.com.br\/planilha-da-vida-financeira\/\" target=\"_blank\" data-element=\"shortcode-suno-banner\" title=\"Banner SUNO, clique e saiba mais\">\n\t\t\t<picture>\n\t\t\t\t<source media=\"(max-width: 500px)\" srcset=\"https:\/\/files.sunoresearch.com.br\/n\/uploads\/2023\/04\/400x300-Planilha-vida-financeira-true.png\">\n\t\t\t\t<img class=\"newsContent__article__imgCapa newsContent__article__imgCapa--banner\"\n\t\t\t\t\tsrc=\"https:\/\/files.sunoresearch.com.br\/n\/uploads\/2023\/04\/1420x240-Planilha-vida-financeira-true.png\"\n\t\t\t\t\tdata-promo-id=\"106682\"\t\t\t\t\t\t\t\t\t\twidth='1420' height='240'\t\t\t\t\talt=\"https:\/\/files.sunoresearch.com.br\/n\/uploads\/2023\/04\/1420x240-Planilha-vida-financeira-true.png\"\n\t\t\t\t>\n\t\t\t<\/picture>\n\t\t<\/a>\n\t<\/p>\n\n\n","protected":false},"excerpt":{"rendered":"<p>Uma explos\u00e3o no tanque na refinaria Abreu e Lima (Rnest), em Pernambuco, na tarde desta quinta-feira, 25, deixou quatro trabalhadores feridos. O acidente na refinaria da Petrobras (PETR4) aconteceu por volta de 15h30, segundo o portal G1. Petrobras (PETR4) &#8211; Foto: Ag\u00eancia Petrobras A Petrobras confirmou o acidente durante manuten\u00e7\u00e3o de tanque de petr\u00f3leo na [&hellip;]<\/p>\n","protected":false},"author":340,"featured_media":385144,"comment_status":"closed","ping_status":"closed","sticky":false,"template":"","format":"standard","meta":[],"categories":[64],"tags":[286,595],"suno_strategy":[],"class_list":["post-516030","post","type-post","status-publish","format-standard","has-post-thumbnail","hentry","category-negocios","tag-acoes","tag-petrobras-petr4"],"yoast_head":"<!-- This site is optimized with the Yoast SEO plugin v24.4 - https:\/\/yoast.com\/wordpress\/plugins\/seo\/ -->\n<title>Petrobras (PETR4): explos\u00e3o em tanque de refinaria deixa quatro feridos<\/title>\n<meta name=\"description\" content=\"Uma explos\u00e3o no tanque na refinaria Abreu e Lima (Rnest),d a Petrobras, nesta quinta (25), deixou quatro trabalhadores feridos.\" \/>\n<meta name=\"robots\" content=\"index, follow, max-snippet:-1, max-image-preview:large, max-video-preview:-1\" \/>\n<link rel=\"canonical\" href=\"https:\/\/www.suno.com.br\/noticias\/petrobras-petr4-refinaria-abreu-e-lima-rnest-explosao-feridos-lt\/\" \/>\n<meta property=\"og:locale\" content=\"pt_BR\" \/>\n<meta property=\"og:type\" content=\"article\" \/>\n<meta property=\"og:title\" content=\"Petrobras (PETR4): explos\u00e3o em tanque de refinaria deixa quatro feridos\" \/>\n<meta property=\"og:description\" content=\"Uma explos\u00e3o no tanque na refinaria Abreu e Lima (Rnest),d a Petrobras, nesta quinta (25), deixou quatro trabalhadores feridos.\" \/>\n<meta property=\"og:url\" content=\"https:\/\/www.suno.com.br\/noticias\/petrobras-petr4-refinaria-abreu-e-lima-rnest-explosao-feridos-lt\/\" \/>\n<meta property=\"og:site_name\" content=\"Suno Not\u00edcias\" \/>\n<meta property=\"article:publisher\" content=\"https:\/\/facebook.com\/sunoresearch\" \/>\n<meta property=\"og:image\" content=\"https:\/\/files.sunoresearch.com.br\/n\/uploads\/2023\/04\/Petrobras-PETR4-Refinaria-Duque-de-Caxias-1.jpg\" \/>\n\t<meta property=\"og:image:width\" content=\"1200\" \/>\n\t<meta property=\"og:image:height\" content=\"800\" \/>\n\t<meta property=\"og:image:type\" content=\"image\/jpeg\" \/>\n<meta name=\"author\" content=\"Leandro Tavares\" \/>\n<meta name=\"twitter:card\" content=\"summary_large_image\" \/>\n<meta name=\"twitter:creator\" content=\"@sunoresearch\" \/>\n<meta name=\"twitter:site\" content=\"@sunoresearch\" \/>\n<meta name=\"twitter:label1\" content=\"Escrito por\" \/>\n\t<meta name=\"twitter:data1\" content=\"Leandro Tavares\" \/>\n\t<meta name=\"twitter:label2\" content=\"Est. tempo de leitura\" \/>\n\t<meta name=\"twitter:data2\" content=\"3 minutos\" \/>\n<script type=\"application\/ld+json\" class=\"yoast-schema-graph\">{\"@context\":\"https:\/\/schema.org\",\"@graph\":[{\"@type\":\"NewsArticle\",\"@id\":\"https:\/\/www.suno.com.br\/noticias\/petrobras-petr4-refinaria-abreu-e-lima-rnest-explosao-feridos-lt\/#article\",\"isPartOf\":{\"@id\":\"https:\/\/www.suno.com.br\/noticias\/petrobras-petr4-refinaria-abreu-e-lima-rnest-explosao-feridos-lt\/\"},\"author\":{\"name\":\"Leandro Tavares\",\"@id\":\"https:\/\/www.suno.com.br\/noticias\/#\/schema\/person\/96b86313436a5af8c004989de27d4962\"},\"headline\":\"Petrobras (PETR4): explos\u00e3o em tanque de refinaria deixa quatro feridos\",\"datePublished\":\"2024-01-25T22:58:06+00:00\",\"dateModified\":\"2024-01-25T22:59:01+00:00\",\"mainEntityOfPage\":{\"@id\":\"https:\/\/www.suno.com.br\/noticias\/petrobras-petr4-refinaria-abreu-e-lima-rnest-explosao-feridos-lt\/\"},\"wordCount\":540,\"publisher\":{\"@id\":\"https:\/\/www.suno.com.br\/noticias\/#organization\"},\"image\":{\"@id\":\"https:\/\/www.suno.com.br\/noticias\/petrobras-petr4-refinaria-abreu-e-lima-rnest-explosao-feridos-lt\/#primaryimage\"},\"thumbnailUrl\":\"https:\/\/files.sunoresearch.com.br\/n\/uploads\/2023\/04\/Petrobras-PETR4-Refinaria-Duque-de-Caxias-1.jpg\",\"keywords\":[\"A\u00e7\u00f5es\",\"Petrobras (PETR4)\"],\"articleSection\":[\"Neg\u00f3cios\"],\"inLanguage\":\"pt-BR\"},{\"@type\":\"WebPage\",\"@id\":\"https:\/\/www.suno.com.br\/noticias\/petrobras-petr4-refinaria-abreu-e-lima-rnest-explosao-feridos-lt\/\",\"url\":\"https:\/\/www.suno.com.br\/noticias\/petrobras-petr4-refinaria-abreu-e-lima-rnest-explosao-feridos-lt\/\",\"name\":\"Petrobras (PETR4): explos\u00e3o em tanque de refinaria deixa quatro feridos\",\"isPartOf\":{\"@id\":\"https:\/\/www.suno.com.br\/noticias\/#website\"},\"primaryImageOfPage\":{\"@id\":\"https:\/\/www.suno.com.br\/noticias\/petrobras-petr4-refinaria-abreu-e-lima-rnest-explosao-feridos-lt\/#primaryimage\"},\"image\":{\"@id\":\"https:\/\/www.suno.com.br\/noticias\/petrobras-petr4-refinaria-abreu-e-lima-rnest-explosao-feridos-lt\/#primaryimage\"},\"thumbnailUrl\":\"https:\/\/files.sunoresearch.com.br\/n\/uploads\/2023\/04\/Petrobras-PETR4-Refinaria-Duque-de-Caxias-1.jpg\",\"datePublished\":\"2024-01-25T22:58:06+00:00\",\"dateModified\":\"2024-01-25T22:59:01+00:00\",\"description\":\"Uma explos\u00e3o no tanque na refinaria Abreu e Lima (Rnest),d a Petrobras, nesta quinta (25), deixou quatro trabalhadores feridos.\",\"breadcrumb\":{\"@id\":\"https:\/\/www.suno.com.br\/noticias\/petrobras-petr4-refinaria-abreu-e-lima-rnest-explosao-feridos-lt\/#breadcrumb\"},\"inLanguage\":\"pt-BR\",\"potentialAction\":[{\"@type\":\"ReadAction\",\"target\":[\"https:\/\/www.suno.com.br\/noticias\/petrobras-petr4-refinaria-abreu-e-lima-rnest-explosao-feridos-lt\/\"]}]},{\"@type\":\"ImageObject\",\"inLanguage\":\"pt-BR\",\"@id\":\"https:\/\/www.suno.com.br\/noticias\/petrobras-petr4-refinaria-abreu-e-lima-rnest-explosao-feridos-lt\/#primaryimage\",\"url\":\"https:\/\/files.sunoresearch.com.br\/n\/uploads\/2023\/04\/Petrobras-PETR4-Refinaria-Duque-de-Caxias-1.jpg\",\"contentUrl\":\"https:\/\/files.sunoresearch.com.br\/n\/uploads\/2023\/04\/Petrobras-PETR4-Refinaria-Duque-de-Caxias-1.jpg\",\"width\":1200,\"height\":800,\"caption\":\"Petrobras (PETR4) - Foto: Ag\u00eancia Petrobras\"},{\"@type\":\"BreadcrumbList\",\"@id\":\"https:\/\/www.suno.com.br\/noticias\/petrobras-petr4-refinaria-abreu-e-lima-rnest-explosao-feridos-lt\/#breadcrumb\",\"itemListElement\":[{\"@type\":\"ListItem\",\"position\":1,\"name\":\"Not\u00edcias\",\"item\":\"https:\/\/www.suno.com.br\/noticias\/\"},{\"@type\":\"ListItem\",\"position\":2,\"name\":\"Neg\u00f3cios\",\"item\":\"https:\/\/www.suno.com.br\/noticias\/negocios\/\"},{\"@type\":\"ListItem\",\"position\":3,\"name\":\"Petrobras (PETR4): explos\u00e3o em tanque de refinaria deixa quatro feridos\"}]},{\"@type\":\"WebSite\",\"@id\":\"https:\/\/www.suno.com.br\/noticias\/#website\",\"url\":\"https:\/\/www.suno.com.br\/noticias\/\",\"name\":\"Suno Not\u00edcias\",\"description\":\"Seu portal de informa\u00e7\u00e3o sobre o mundo dos investimentos\",\"publisher\":{\"@id\":\"https:\/\/www.suno.com.br\/noticias\/#organization\"},\"potentialAction\":[{\"@type\":\"SearchAction\",\"target\":{\"@type\":\"EntryPoint\",\"urlTemplate\":\"https:\/\/www.suno.com.br\/noticias\/?s={search_term_string}\"},\"query-input\":{\"@type\":\"PropertyValueSpecification\",\"valueRequired\":true,\"valueName\":\"search_term_string\"}}],\"inLanguage\":\"pt-BR\"},{\"@type\":\"Organization\",\"@id\":\"https:\/\/www.suno.com.br\/noticias\/#organization\",\"name\":\"Suno Not\u00edcias\",\"url\":\"https:\/\/www.suno.com.br\/noticias\/\",\"logo\":{\"@type\":\"ImageObject\",\"inLanguage\":\"pt-BR\",\"@id\":\"https:\/\/www.suno.com.br\/noticias\/#\/schema\/logo\/image\/\",\"url\":\"https:\/\/files.sunoresearch.com.br\/n\/uploads\/2021\/09\/suno-logo.png\",\"contentUrl\":\"https:\/\/files.sunoresearch.com.br\/n\/uploads\/2021\/09\/suno-logo.png\",\"width\":180,\"height\":180,\"caption\":\"Suno Not\u00edcias\"},\"image\":{\"@id\":\"https:\/\/www.suno.com.br\/noticias\/#\/schema\/logo\/image\/\"},\"sameAs\":[\"https:\/\/facebook.com\/sunoresearch\",\"https:\/\/x.com\/sunoresearch\",\"https:\/\/www.instagram.com\/suno\",\"https:\/\/www.linkedin.com\/company\/suno-research\/\",\"https:\/\/www.youtube.com\/c\/sunoresearch\"]},{\"@type\":\"Person\",\"@id\":\"https:\/\/www.suno.com.br\/noticias\/#\/schema\/person\/96b86313436a5af8c004989de27d4962\",\"name\":\"Leandro Tavares\",\"image\":{\"@type\":\"ImageObject\",\"inLanguage\":\"pt-BR\",\"@id\":\"https:\/\/www.suno.com.br\/noticias\/#\/schema\/person\/image\/\",\"url\":\"https:\/\/secure.gravatar.com\/avatar\/cef3014f9ca74cf54fb41dc01807a08b?s=96&r=g\",\"contentUrl\":\"https:\/\/secure.gravatar.com\/avatar\/cef3014f9ca74cf54fb41dc01807a08b?s=96&r=g\",\"caption\":\"Leandro Tavares\"},\"url\":\"https:\/\/www.suno.com.br\/noticias\/author\/leandro-sbtavaresgmail-com\/\"}]}<\/script>\n<!-- \/ Yoast SEO plugin. -->","yoast_head_json":{"title":"Petrobras (PETR4): explos\u00e3o em tanque de refinaria deixa quatro feridos","description":"Uma explos\u00e3o no tanque na refinaria Abreu e Lima (Rnest),d a Petrobras, nesta quinta (25), deixou quatro trabalhadores feridos.","robots":{"index":"index","follow":"follow","max-snippet":"max-snippet:-1","max-image-preview":"max-image-preview:large","max-video-preview":"max-video-preview:-1"},"canonical":"https:\/\/www.suno.com.br\/noticias\/petrobras-petr4-refinaria-abreu-e-lima-rnest-explosao-feridos-lt\/","og_locale":"pt_BR","og_type":"article","og_title":"Petrobras (PETR4): explos\u00e3o em tanque de refinaria deixa quatro feridos","og_description":"Uma explos\u00e3o no tanque na refinaria Abreu e Lima (Rnest),d a Petrobras, nesta quinta (25), deixou quatro trabalhadores feridos.","og_url":"https:\/\/www.suno.com.br\/noticias\/petrobras-petr4-refinaria-abreu-e-lima-rnest-explosao-feridos-lt\/","og_site_name":"Suno Not\u00edcias","article_publisher":"https:\/\/facebook.com\/sunoresearch","og_image":[{"width":1200,"height":800,"url":"https:\/\/files.sunoresearch.com.br\/n\/uploads\/2023\/04\/Petrobras-PETR4-Refinaria-Duque-de-Caxias-1.jpg","type":"image\/jpeg"}],"author":"Leandro Tavares","twitter_card":"summary_large_image","twitter_creator":"@sunoresearch","twitter_site":"@sunoresearch","twitter_misc":{"Escrito por":"Leandro Tavares","Est. tempo de leitura":"3 minutos"},"schema":{"@context":"https:\/\/schema.org","@graph":[{"@type":"NewsArticle","@id":"https:\/\/www.suno.com.br\/noticias\/petrobras-petr4-refinaria-abreu-e-lima-rnest-explosao-feridos-lt\/#article","isPartOf":{"@id":"https:\/\/www.suno.com.br\/noticias\/petrobras-petr4-refinaria-abreu-e-lima-rnest-explosao-feridos-lt\/"},"author":{"name":"Leandro Tavares","@id":"https:\/\/www.suno.com.br\/noticias\/#\/schema\/person\/96b86313436a5af8c004989de27d4962"},"headline":"Petrobras (PETR4): explos\u00e3o em tanque de refinaria deixa quatro feridos","datePublished":"2024-01-25T22:58:06+00:00","dateModified":"2024-01-25T22:59:01+00:00","mainEntityOfPage":{"@id":"https:\/\/www.suno.com.br\/noticias\/petrobras-petr4-refinaria-abreu-e-lima-rnest-explosao-feridos-lt\/"},"wordCount":540,"publisher":{"@id":"https:\/\/www.suno.com.br\/noticias\/#organization"},"image":{"@id":"https:\/\/www.suno.com.br\/noticias\/petrobras-petr4-refinaria-abreu-e-lima-rnest-explosao-feridos-lt\/#primaryimage"},"thumbnailUrl":"https:\/\/files.sunoresearch.com.br\/n\/uploads\/2023\/04\/Petrobras-PETR4-Refinaria-Duque-de-Caxias-1.jpg","keywords":["A\u00e7\u00f5es","Petrobras (PETR4)"],"articleSection":["Neg\u00f3cios"],"inLanguage":"pt-BR"},{"@type":"WebPage","@id":"https:\/\/www.suno.com.br\/noticias\/petrobras-petr4-refinaria-abreu-e-lima-rnest-explosao-feridos-lt\/","url":"https:\/\/www.suno.com.br\/noticias\/petrobras-petr4-refinaria-abreu-e-lima-rnest-explosao-feridos-lt\/","name":"Petrobras (PETR4): explos\u00e3o em tanque de refinaria deixa quatro feridos","isPartOf":{"@id":"https:\/\/www.suno.com.br\/noticias\/#website"},"primaryImageOfPage":{"@id":"https:\/\/www.suno.com.br\/noticias\/petrobras-petr4-refinaria-abreu-e-lima-rnest-explosao-feridos-lt\/#primaryimage"},"image":{"@id":"https:\/\/www.suno.com.br\/noticias\/petrobras-petr4-refinaria-abreu-e-lima-rnest-explosao-feridos-lt\/#primaryimage"},"thumbnailUrl":"https:\/\/files.sunoresearch.com.br\/n\/uploads\/2023\/04\/Petrobras-PETR4-Refinaria-Duque-de-Caxias-1.jpg","datePublished":"2024-01-25T22:58:06+00:00","dateModified":"2024-01-25T22:59:01+00:00","description":"Uma explos\u00e3o no tanque na refinaria Abreu e Lima (Rnest),d a Petrobras, nesta quinta (25), deixou quatro trabalhadores feridos.","breadcrumb":{"@id":"https:\/\/www.suno.com.br\/noticias\/petrobras-petr4-refinaria-abreu-e-lima-rnest-explosao-feridos-lt\/#breadcrumb"},"inLanguage":"pt-BR","potentialAction":[{"@type":"ReadAction","target":["https:\/\/www.suno.com.br\/noticias\/petrobras-petr4-refinaria-abreu-e-lima-rnest-explosao-feridos-lt\/"]}]},{"@type":"ImageObject","inLanguage":"pt-BR","@id":"https:\/\/www.suno.com.br\/noticias\/petrobras-petr4-refinaria-abreu-e-lima-rnest-explosao-feridos-lt\/#primaryimage","url":"https:\/\/files.sunoresearch.com.br\/n\/uploads\/2023\/04\/Petrobras-PETR4-Refinaria-Duque-de-Caxias-1.jpg","contentUrl":"https:\/\/files.sunoresearch.com.br\/n\/uploads\/2023\/04\/Petrobras-PETR4-Refinaria-Duque-de-Caxias-1.jpg","width":1200,"height":800,"caption":"Petrobras (PETR4) - Foto: Ag\u00eancia Petrobras"},{"@type":"BreadcrumbList","@id":"https:\/\/www.suno.com.br\/noticias\/petrobras-petr4-refinaria-abreu-e-lima-rnest-explosao-feridos-lt\/#breadcrumb","itemListElement":[{"@type":"ListItem","position":1,"name":"Not\u00edcias","item":"https:\/\/www.suno.com.br\/noticias\/"},{"@type":"ListItem","position":2,"name":"Neg\u00f3cios","item":"https:\/\/www.suno.com.br\/noticias\/negocios\/"},{"@type":"ListItem","position":3,"name":"Petrobras (PETR4): explos\u00e3o em tanque de refinaria deixa quatro feridos"}]},{"@type":"WebSite","@id":"https:\/\/www.suno.com.br\/noticias\/#website","url":"https:\/\/www.suno.com.br\/noticias\/","name":"Suno Not\u00edcias","description":"Seu portal de informa\u00e7\u00e3o sobre o mundo dos investimentos","publisher":{"@id":"https:\/\/www.suno.com.br\/noticias\/#organization"},"potentialAction":[{"@type":"SearchAction","target":{"@type":"EntryPoint","urlTemplate":"https:\/\/www.suno.com.br\/noticias\/?s={search_term_string}"},"query-input":{"@type":"PropertyValueSpecification","valueRequired":true,"valueName":"search_term_string"}}],"inLanguage":"pt-BR"},{"@type":"Organization","@id":"https:\/\/www.suno.com.br\/noticias\/#organization","name":"Suno Not\u00edcias","url":"https:\/\/www.suno.com.br\/noticias\/","logo":{"@type":"ImageObject","inLanguage":"pt-BR","@id":"https:\/\/www.suno.com.br\/noticias\/#\/schema\/logo\/image\/","url":"https:\/\/files.sunoresearch.com.br\/n\/uploads\/2021\/09\/suno-logo.png","contentUrl":"https:\/\/files.sunoresearch.com.br\/n\/uploads\/2021\/09\/suno-logo.png","width":180,"height":180,"caption":"Suno Not\u00edcias"},"image":{"@id":"https:\/\/www.suno.com.br\/noticias\/#\/schema\/logo\/image\/"},"sameAs":["https:\/\/facebook.com\/sunoresearch","https:\/\/x.com\/sunoresearch","https:\/\/www.instagram.com\/suno","https:\/\/www.linkedin.com\/company\/suno-research\/","https:\/\/www.youtube.com\/c\/sunoresearch"]},{"@type":"Person","@id":"https:\/\/www.suno.com.br\/noticias\/#\/schema\/person\/96b86313436a5af8c004989de27d4962","name":"Leandro Tavares","image":{"@type":"ImageObject","inLanguage":"pt-BR","@id":"https:\/\/www.suno.com.br\/noticias\/#\/schema\/person\/image\/","url":"https:\/\/secure.gravatar.com\/avatar\/cef3014f9ca74cf54fb41dc01807a08b?s=96&r=g","contentUrl":"https:\/\/secure.gravatar.com\/avatar\/cef3014f9ca74cf54fb41dc01807a08b?s=96&r=g","caption":"Leandro Tavares"},"url":"https:\/\/www.suno.com.br\/noticias\/author\/leandro-sbtavaresgmail-com\/"}]}},"default_loop_html":"<div class=\"cardsPage__listCard__boxs\"><div class=\"cardsPage__listCard__boxs__img\"><a href=\"https:\/\/www.suno.com.br\/noticias\/petrobras-petr4-refinaria-abreu-e-lima-rnest-explosao-feridos-lt\/\"><img class=\"mask\" src=\"https:\/\/www.suno.com.br\/noticias\/wp-content\/themes\/suno\/resources\/images\/spotlight\/spotlight1img\/bg-mask.png\" alt=\"Image Mask\"\/><img src=\"https:\/\/files.sunoresearch.com.br\/n\/uploads\/2023\/04\/Petrobras-PETR4-Refinaria-Duque-de-Caxias-1-400x200.jpg\" alt=\"Petrobras (PETR4): explos\u00e3o em tanque de refinaria deixa quatro feridos\"\/><\/a><span class=\"spotlightCategory\"><a href=\"https:\/\/www.suno.com.br\/noticias\/negocios\/\">Neg\u00f3cios<\/a><\/span><\/div><div class=\"cardsPage__listCard__boxs__content\"><a href=\"https:\/\/www.suno.com.br\/noticias\/petrobras-petr4-refinaria-abreu-e-lima-rnest-explosao-feridos-lt\/\"><h2 class=\"content__title\">Petrobras (PETR4): explos\u00e3o em tanque de refinaria deixa quatro feridos<\/h2><\/a><div class=\"newsContent__article__meta\"><div class=\"newsContent__article__meta__authorBox\"><a href=\"https:\/\/www.suno.com.br\/noticias\/author\/leandro-sbtavaresgmail-com\/\" class=\"authorBox__avatar noMobi\"><img src=\"https:\/\/files.sunoresearch.com.br\/n\/uploads\/2024\/01\/Foto-150x150.jpg\" alt=\"Leandro Tavares\"><\/a><div class=\"authorBox__name\"><span>por\n\t\t\t<a href=\"https:\/\/www.suno.com.br\/noticias\/author\/leandro-sbtavaresgmail-com\/\"><span itemprop=\"author\">Leandro Tavares<\/span><\/a><\/span><time datetime=\"2024-01-25T19:58:06-03:00\" itemprop=\"datePublished\">25\/01\/2024 19:58<\/time><\/div><\/div><\/div><\/div><\/div>","single_layout":"posts","amp_enabled":true,"_links":{"self":[{"href":"https:\/\/www.suno.com.br\/noticias\/wp-json\/wp\/v2\/posts\/516030"}],"collection":[{"href":"https:\/\/www.suno.com.br\/noticias\/wp-json\/wp\/v2\/posts"}],"about":[{"href":"https:\/\/www.suno.com.br\/noticias\/wp-json\/wp\/v2\/types\/post"}],"author":[{"embeddable":true,"href":"https:\/\/www.suno.com.br\/noticias\/wp-json\/wp\/v2\/users\/340"}],"replies":[{"embeddable":true,"href":"https:\/\/www.suno.com.br\/noticias\/wp-json\/wp\/v2\/comments?post=516030"}],"version-history":[{"count":3,"href":"https:\/\/www.suno.com.br\/noticias\/wp-json\/wp\/v2\/posts\/516030\/revisions"}],"predecessor-version":[{"id":516059,"href":"https:\/\/www.suno.com.br\/noticias\/wp-json\/wp\/v2\/posts\/516030\/revisions\/516059"}],"wp:featuredmedia":[{"embeddable":true,"href":"https:\/\/www.suno.com.br\/noticias\/wp-json\/wp\/v2\/media\/385144"}],"wp:attachment":[{"href":"https:\/\/www.suno.com.br\/noticias\/wp-json\/wp\/v2\/media?parent=516030"}],"wp:term":[{"taxonomy":"category","embeddable":true,"href":"https:\/\/www.suno.com.br\/noticias\/wp-json\/wp\/v2\/categories?post=516030"},{"taxonomy":"post_tag","embeddable":true,"href":"https:\/\/www.suno.com.br\/noticias\/wp-json\/wp\/v2\/tags?post=516030"},{"taxonomy":"suno_strategy","embeddable":true,"href":"https:\/\/www.suno.com.br\/noticias\/wp-json\/wp\/v2\/suno_strategy?post=516030"}],"curies":[{"name":"wp","href":"https:\/\/api.w.org\/{rel}","templated":true}]}}