{"id":515794,"date":"2024-01-25T16:59:26","date_gmt":"2024-01-25T19:59:26","guid":{"rendered":"https:\/\/www.suno.com.br\/noticias\/?p=515794"},"modified":"2024-01-25T16:59:33","modified_gmt":"2024-01-25T19:59:33","slug":"gleisi-mantega-vale-vale3-gpj","status":"publish","type":"post","link":"https:\/\/www.suno.com.br\/noticias\/gleisi-mantega-vale-vale3-gpj\/","title":{"rendered":"Presidente do PT sobre Mantega na Vale (VALE3): &#8220;Poucos s\u00e3o t\u00e3o qualificados&#8221;"},"content":{"rendered":"<p>A deputada federal pelo Paran\u00e1 e presidente nacional do Partido dos Trabalhadores (PT), Gleisi Hoffmann, defendeu a indica\u00e7\u00e3o do ex-ministro da Fazenda Guido Mantega para o <a href=\"https:\/\/www.suno.com.br\/artigos\/conselho-administracao\/\">conselho de administra\u00e7\u00e3o<\/a> da <strong>Vale <\/strong>(<a href=\"https:\/\/statusinvest.com.br\/acoes\/vale3\">VALE3<\/a>).<\/p>\t<div class=\"wrapper-featured-image\">\n\t\t<figure class=\"spotlightImg\">\n\n\t\t\t<picture>\n\t\t\t\t<source media=\"(max-width: 768px)\" srcset=\"https:\/\/files.sunoresearch.com.br\/n\/uploads\/2022\/12\/gleisi-hoffmann-presidente-pt-paulo-sergio-camara-deputados-400x200.jpg\">\n\t\t\t\t<img loading=\"lazy\" decoding=\"async\" class=\"newsContent__article__imgCapa lazyloadDisabled \" src=\"https:\/\/files.sunoresearch.com.br\/n\/uploads\/2022\/12\/gleisi-hoffmann-presidente-pt-paulo-sergio-camara-deputados-800x450.jpg\" width=\"800\" height=\"450\" alt=\"Presidente do PT sobre Mantega na Vale (VALE3): &#8220;Poucos s\u00e3o t\u00e3o qualificados&#8221;\" fetchpriority=high \/>\n\t\t\t<\/picture>\n\n\t\t\t<figcaption class=\"wp-caption-text wp-caption-text--show\">Gleisi Hoffmann, presidente do PT. Foto: Paulo S\u00e9rgio\/C\u00e2mara dos Deputados<\/figcaption>\n\t\t<\/figure>\n\t<\/div>\n\n\n\n\n\n\n\n\t<p>\n\t\t<a href=\"\" target=\"_blank\" data-element=\"shortcode-suno-banner\" title=\"Banner SUNO, clique e saiba mais\">\n\t\t\t<picture>\n\t\t\t\t<source media=\"(max-width: 500px)\" srcset=\"\">\n\t\t\t\t<img class=\"newsContent__article__imgCapa newsContent__article__imgCapa--banner\"\n\t\t\t\t\tsrc=\"\"\n\t\t\t\t\tdata-promo-id=\"250706\"\t\t\t\t\t\t\t\t\t\t\t\t\t\t\talt=\"\"\n\t\t\t\t>\n\t\t\t<\/picture>\n\t\t<\/a>\n\t<\/p>\n\n\n\n\n\n<p>&#8220;Pouqu\u00edssimos brasileiros s\u00e3o t\u00e3o qualificados quanto <strong>Guido Mantega<\/strong> para compor o conselho da Vale, uma empresa estrat\u00e9gica para o Pa\u00eds e na qual o governo tem participa\u00e7\u00e3o e responsabilidades, mesmo depois de sua privatiza\u00e7\u00e3o danosa ao patrim\u00f4nio p\u00fablico&#8221;, disse <strong>Gleisi Hoffmann<\/strong> em sua conta no X, antigo Twitter.<\/p>\n\n\n\n<p>Segundo a deputada, o ministro \u00e9 qualificado &#8220;para esta ou qualquer outra miss\u00e3o importante&#8221; e \u00e9 &#8220;um dos brasileiros mais injusti\u00e7ados de nossa \u00e9poca&#8221;.<\/p>\n\n\n\n<p>As declara\u00e7\u00f5es de <strong>Gleisi Hoffmann<\/strong> ocorrem em paralelo a um esfor\u00e7o do Planalto para colocar Mantega no comando da Vale.<\/p>\n\n\n\n<figure class=\"wp-block-embed is-type-rich is-provider-twitter wp-block-embed-twitter\"><div class=\"wp-block-embed__wrapper\">\n<blockquote class=\"twitter-tweet\" data-width=\"550\" data-dnt=\"true\"><p lang=\"pt\" dir=\"ltr\">Vamos falar a verdade sobre Guido Mantega, um dos brasileiros mais injusti\u00e7ados de nossa \u00e9poca. Ele foi ministro da Fazenda de mar\u00e7o de 2006 a dezembro de 2014, nos dois primeiros governos <a href=\"https:\/\/twitter.com\/LulaOficial?ref_src=twsrc%5Etfw\">@LulaOficial<\/a> e no primeiro mandato da presidenta Dilma. Vamos lembrar o que aconteceu com a\u2026<\/p>&mdash; Gleisi Hoffmann (@gleisi) <a href=\"https:\/\/twitter.com\/gleisi\/status\/1750541058121859543?ref_src=twsrc%5Etfw\">January 25, 2024<\/a><\/blockquote>\n<\/div><\/figure>\n\n\n\t<p>\n\t\t<a href=\"https:\/\/lp.suno.com.br\/ebook-como-analisar-uma-acao\/\" target=\"_blank\" data-element=\"shortcode-suno-banner\" title=\"Banner SUNO, clique e saiba mais\">\n\t\t\t<picture>\n\t\t\t\t<source media=\"(max-width: 500px)\" srcset=\"https:\/\/files.sunoresearch.com.br\/n\/uploads\/2023\/03\/Ebook-Acoes-Mobile.jpg\">\n\t\t\t\t<img class=\"newsContent__article__imgCapa newsContent__article__imgCapa--banner\"\n\t\t\t\t\tsrc=\"https:\/\/files.sunoresearch.com.br\/n\/uploads\/2023\/03\/Ebook-Acoes-Desktop.jpg\"\n\t\t\t\t\tdata-promo-id=\"378302\"\t\t\t\t\t\t\t\t\t\twidth='1420' height='286'\t\t\t\t\talt=\"https:\/\/files.sunoresearch.com.br\/n\/uploads\/2023\/03\/Ebook-Acoes-Desktop.jpg\"\n\t\t\t\t>\n\t\t\t<\/picture>\n\t\t<\/a>\n\t<\/p>\n\n\n\n\n\n<p>Na quarta-feira, o <strong>ministro de Minas e Energia<\/strong>, Alexandre Silveira, telefonou para conselheiros da empresa para defender a escolha do indicado do presidente Luiz In\u00e1cio Lula da Silva para a presid\u00eancia da companhia pelo comit\u00ea de acionistas. O grupo dever\u00e1 se reunir na pr\u00f3xima ter\u00e7a-feira (30) para deliberar sobre a sucess\u00e3o na mineradora.<\/p>\n\n\n\n\t<div data-element=\"shortcode-read-more\" class=\"readToo\">\n\t\t\t\t<span class=\"readToo__title\">Leia mais<\/span>\n\t\t\t\t<ul class=\"readToo__list\">\n\t\t\t<li><a href=\"https:\/\/www.suno.com.br\/noticias\/ministro-lula-liga-acionistas-vale-vale3-guido-mantega-jvj\/\">Ministro de Lula liga para acionistas pedindo Mantega na Vale (VALE3), diz colunista<\/a><\/li><li><a href=\"https:\/\/www.suno.com.br\/noticias\/quem-manda-na-vale-vale3-socios-evm\/\">Quem manda na Vale (VALE3)? Veja quem s\u00e3o os s\u00f3cios com maior poder na mineradora<\/a><\/li><li><a href=\"https:\/\/www.suno.com.br\/noticias\/vale-vale3-preferida-bba-alta-acoes-evm\/\">Desempenho ruim no in\u00edcio do ano? Vale (VALE3) \u00e9 a preferida do BBA, que projeta recupera\u00e7\u00e3o e mais de 20% de alta nas a\u00e7\u00f5es<\/a><\/li>\t\t<\/ul>\n\t<\/div>\n\n\n\n\n<p>Segundo auxiliares do presidente, Lula deseja que Mantega tenha um papel de destaque no comando da Vale, com voz ativa na gest\u00e3o, e n\u00e3o seja apenas um coadjuvante.<\/p>\n\n\n\n<p>Como revelou o Estad\u00e3o, auxiliares do presidente e s\u00f3cios privados elaboraram um arranjo em que Mantega ocuparia um assento no <strong>conselho de administra\u00e7\u00e3o da Vale<\/strong>, mantendo no cargo por um per\u00edodo mais curto (um ano) o atual presidente <a href=\"https:\/\/www.suno.com.br\/tudo-sobre\/eduardo-bartolomeo\/\">Eduardo Bartolomeo<\/a>. O nome da Cosan (CSAN3) no conselho, Luis Henrique Guimar\u00e3es, seria al\u00e7ado ao comit\u00ea executivo.<\/p>\n\n\n\n<h2 class=\"wp-block-heading\">Acionistas querem Mantega longe da presid\u00eancia da Vale, segundo coluna<\/h2>\n\n\n\n<p>Conforme divulgou a coluna Radar Econ\u00f4mico, da revista Veja, os principais <strong>acionistas da Vale<\/strong> estariam costurando uma decis\u00e3o pac\u00edfica sobre a quest\u00e3o que envolve cargos de chefia na empresa.<\/p>\n\n\n\n<p>De acordo com esses acionistas, Guido Mantega at\u00e9 poderia ser indicado ao conselho, mas n\u00e3o ao cargo de presidente, diz a coluna.<\/p>\n\n\n\n<p>A publica\u00e7\u00e3o afirma que a escolha do presidente da&nbsp;<strong>Vale<\/strong>&nbsp;deve seguir uma antiga regra da companhia, que seria de um consenso entre os acionistas principais, e que o ex-ministro n\u00e3o teria o apoio de outras figuras importantes na mineradora.<\/p>\n\n\n\n<p><em>*Com informa\u00e7\u00f5es de Estad\u00e3o Conte\u00fado<\/em><\/p>\n\n\n\t<p>\n\t\t<a href=\"https:\/\/lp.suno.com.br\/plataforma-de-controle-de-investimentos\/\" target=\"_blank\" data-element=\"shortcode-suno-banner\" title=\"Banner SUNO, clique e saiba mais\">\n\t\t\t<picture>\n\t\t\t\t<source media=\"(max-width: 500px)\" srcset=\"https:\/\/files.sunoresearch.com.br\/n\/uploads\/2023\/03\/400x300-Controle-de-Investimentos.png\">\n\t\t\t\t<img class=\"newsContent__article__imgCapa newsContent__article__imgCapa--banner\"\n\t\t\t\t\tsrc=\"https:\/\/files.sunoresearch.com.br\/n\/uploads\/2023\/03\/1420x240-Controle-de-Investimentos.png\"\n\t\t\t\t\tdata-promo-id=\"383162\"\t\t\t\t\t\t\t\t\t\twidth='1420' height='240'\t\t\t\t\talt=\"https:\/\/files.sunoresearch.com.br\/n\/uploads\/2023\/03\/1420x240-Controle-de-Investimentos.png\"\n\t\t\t\t>\n\t\t\t<\/picture>\n\t\t<\/a>\n\t<\/p>\n\n\n","protected":false},"excerpt":{"rendered":"<p>A deputada federal pelo Paran\u00e1 e presidente nacional do Partido dos Trabalhadores (PT), Gleisi Hoffmann, defendeu a indica\u00e7\u00e3o do ex-ministro da Fazenda Guido Mantega para o conselho de administra\u00e7\u00e3o da Vale (VALE3). Gleisi Hoffmann, presidente do PT. Foto: Paulo S\u00e9rgio\/C\u00e2mara dos Deputados &#8220;Pouqu\u00edssimos brasileiros s\u00e3o t\u00e3o qualificados quanto Guido Mantega para compor o conselho da [&hellip;]<\/p>\n","protected":false},"author":313,"featured_media":328454,"comment_status":"closed","ping_status":"closed","sticky":false,"template":"","format":"standard","meta":[],"categories":[61],"tags":[676],"suno_strategy":[],"class_list":["post-515794","post","type-post","status-publish","format-standard","has-post-thumbnail","hentry","category-politica","tag-vale-vale3"],"yoast_head":"<!-- This site is optimized with the Yoast SEO plugin v24.4 - https:\/\/yoast.com\/wordpress\/plugins\/seo\/ -->\n<title>Gleisi sobre Mantega na Vale (VALE3): &quot;Poucos s\u00e3o t\u00e3o qualificados&quot;<\/title>\n<meta name=\"description\" content=\"A deputada e presidente nacional do PT, Gleisi Hoffmann, defendeu a indica\u00e7\u00e3o de Guido Mantega para o Conselho de Administra\u00e7\u00e3o da Vale.\" \/>\n<meta name=\"robots\" content=\"index, follow, max-snippet:-1, max-image-preview:large, max-video-preview:-1\" \/>\n<link rel=\"canonical\" href=\"https:\/\/www.suno.com.br\/noticias\/gleisi-mantega-vale-vale3-gpj\/\" \/>\n<meta property=\"og:locale\" content=\"pt_BR\" \/>\n<meta property=\"og:type\" content=\"article\" \/>\n<meta property=\"og:title\" content=\"Gleisi sobre Mantega na Vale (VALE3): &quot;Poucos s\u00e3o t\u00e3o qualificados&quot;\" \/>\n<meta property=\"og:description\" content=\"A deputada e presidente nacional do PT, Gleisi Hoffmann, defendeu a indica\u00e7\u00e3o de Guido Mantega para o Conselho de Administra\u00e7\u00e3o da Vale.\" \/>\n<meta property=\"og:url\" content=\"https:\/\/www.suno.com.br\/noticias\/gleisi-mantega-vale-vale3-gpj\/\" \/>\n<meta property=\"og:site_name\" content=\"Suno Not\u00edcias\" \/>\n<meta property=\"article:publisher\" content=\"https:\/\/facebook.com\/sunoresearch\" \/>\n<meta property=\"og:image\" content=\"https:\/\/files.sunoresearch.com.br\/n\/uploads\/2022\/12\/gleisi-hoffmann-presidente-pt-paulo-sergio-camara-deputados.jpg\" \/>\n\t<meta property=\"og:image:width\" content=\"1200\" \/>\n\t<meta property=\"og:image:height\" content=\"675\" \/>\n\t<meta property=\"og:image:type\" content=\"image\/jpeg\" \/>\n<meta name=\"author\" content=\"Giovanni Porf\u00edrio Jacomino\" \/>\n<meta name=\"twitter:card\" content=\"summary_large_image\" \/>\n<meta name=\"twitter:creator\" content=\"@sunoresearch\" \/>\n<meta name=\"twitter:site\" content=\"@sunoresearch\" \/>\n<meta name=\"twitter:label1\" content=\"Escrito por\" \/>\n\t<meta name=\"twitter:data1\" content=\"Giovanni Porf\u00edrio Jacomino\" \/>\n\t<meta name=\"twitter:label2\" content=\"Est. tempo de leitura\" \/>\n\t<meta name=\"twitter:data2\" content=\"3 minutos\" \/>\n<script type=\"application\/ld+json\" class=\"yoast-schema-graph\">{\"@context\":\"https:\/\/schema.org\",\"@graph\":[{\"@type\":\"NewsArticle\",\"@id\":\"https:\/\/www.suno.com.br\/noticias\/gleisi-mantega-vale-vale3-gpj\/#article\",\"isPartOf\":{\"@id\":\"https:\/\/www.suno.com.br\/noticias\/gleisi-mantega-vale-vale3-gpj\/\"},\"author\":{\"name\":\"Giovanni Porf\u00edrio Jacomino\",\"@id\":\"https:\/\/www.suno.com.br\/noticias\/#\/schema\/person\/d0f32748bbca4bee871fa191ee4e2d40\"},\"headline\":\"Presidente do PT sobre Mantega na Vale (VALE3): &#8220;Poucos s\u00e3o t\u00e3o qualificados&#8221;\",\"datePublished\":\"2024-01-25T19:59:26+00:00\",\"dateModified\":\"2024-01-25T19:59:33+00:00\",\"mainEntityOfPage\":{\"@id\":\"https:\/\/www.suno.com.br\/noticias\/gleisi-mantega-vale-vale3-gpj\/\"},\"wordCount\":432,\"publisher\":{\"@id\":\"https:\/\/www.suno.com.br\/noticias\/#organization\"},\"image\":{\"@id\":\"https:\/\/www.suno.com.br\/noticias\/gleisi-mantega-vale-vale3-gpj\/#primaryimage\"},\"thumbnailUrl\":\"https:\/\/files.sunoresearch.com.br\/n\/uploads\/2022\/12\/gleisi-hoffmann-presidente-pt-paulo-sergio-camara-deputados.jpg\",\"keywords\":[\"Vale (VALE3)\"],\"articleSection\":[\"Pol\u00edtica\"],\"inLanguage\":\"pt-BR\"},{\"@type\":\"WebPage\",\"@id\":\"https:\/\/www.suno.com.br\/noticias\/gleisi-mantega-vale-vale3-gpj\/\",\"url\":\"https:\/\/www.suno.com.br\/noticias\/gleisi-mantega-vale-vale3-gpj\/\",\"name\":\"Gleisi sobre Mantega na Vale (VALE3): \\\"Poucos s\u00e3o t\u00e3o qualificados\\\"\",\"isPartOf\":{\"@id\":\"https:\/\/www.suno.com.br\/noticias\/#website\"},\"primaryImageOfPage\":{\"@id\":\"https:\/\/www.suno.com.br\/noticias\/gleisi-mantega-vale-vale3-gpj\/#primaryimage\"},\"image\":{\"@id\":\"https:\/\/www.suno.com.br\/noticias\/gleisi-mantega-vale-vale3-gpj\/#primaryimage\"},\"thumbnailUrl\":\"https:\/\/files.sunoresearch.com.br\/n\/uploads\/2022\/12\/gleisi-hoffmann-presidente-pt-paulo-sergio-camara-deputados.jpg\",\"datePublished\":\"2024-01-25T19:59:26+00:00\",\"dateModified\":\"2024-01-25T19:59:33+00:00\",\"description\":\"A deputada e presidente nacional do PT, Gleisi Hoffmann, defendeu a indica\u00e7\u00e3o de Guido Mantega para o Conselho de Administra\u00e7\u00e3o da Vale.\",\"breadcrumb\":{\"@id\":\"https:\/\/www.suno.com.br\/noticias\/gleisi-mantega-vale-vale3-gpj\/#breadcrumb\"},\"inLanguage\":\"pt-BR\",\"potentialAction\":[{\"@type\":\"ReadAction\",\"target\":[\"https:\/\/www.suno.com.br\/noticias\/gleisi-mantega-vale-vale3-gpj\/\"]}]},{\"@type\":\"ImageObject\",\"inLanguage\":\"pt-BR\",\"@id\":\"https:\/\/www.suno.com.br\/noticias\/gleisi-mantega-vale-vale3-gpj\/#primaryimage\",\"url\":\"https:\/\/files.sunoresearch.com.br\/n\/uploads\/2022\/12\/gleisi-hoffmann-presidente-pt-paulo-sergio-camara-deputados.jpg\",\"contentUrl\":\"https:\/\/files.sunoresearch.com.br\/n\/uploads\/2022\/12\/gleisi-hoffmann-presidente-pt-paulo-sergio-camara-deputados.jpg\",\"width\":1200,\"height\":675,\"caption\":\"Gleisi Hoffmann, presidente do PT. Foto: Paulo S\u00e9rgio\/C\u00e2mara dos Deputados\"},{\"@type\":\"BreadcrumbList\",\"@id\":\"https:\/\/www.suno.com.br\/noticias\/gleisi-mantega-vale-vale3-gpj\/#breadcrumb\",\"itemListElement\":[{\"@type\":\"ListItem\",\"position\":1,\"name\":\"Not\u00edcias\",\"item\":\"https:\/\/www.suno.com.br\/noticias\/\"},{\"@type\":\"ListItem\",\"position\":2,\"name\":\"Pol\u00edtica\",\"item\":\"https:\/\/www.suno.com.br\/noticias\/politica\/\"},{\"@type\":\"ListItem\",\"position\":3,\"name\":\"Presidente do PT sobre Mantega na Vale (VALE3): &#8220;Poucos s\u00e3o t\u00e3o qualificados&#8221;\"}]},{\"@type\":\"WebSite\",\"@id\":\"https:\/\/www.suno.com.br\/noticias\/#website\",\"url\":\"https:\/\/www.suno.com.br\/noticias\/\",\"name\":\"Suno Not\u00edcias\",\"description\":\"Seu portal de informa\u00e7\u00e3o sobre o mundo dos investimentos\",\"publisher\":{\"@id\":\"https:\/\/www.suno.com.br\/noticias\/#organization\"},\"potentialAction\":[{\"@type\":\"SearchAction\",\"target\":{\"@type\":\"EntryPoint\",\"urlTemplate\":\"https:\/\/www.suno.com.br\/noticias\/?s={search_term_string}\"},\"query-input\":{\"@type\":\"PropertyValueSpecification\",\"valueRequired\":true,\"valueName\":\"search_term_string\"}}],\"inLanguage\":\"pt-BR\"},{\"@type\":\"Organization\",\"@id\":\"https:\/\/www.suno.com.br\/noticias\/#organization\",\"name\":\"Suno Not\u00edcias\",\"url\":\"https:\/\/www.suno.com.br\/noticias\/\",\"logo\":{\"@type\":\"ImageObject\",\"inLanguage\":\"pt-BR\",\"@id\":\"https:\/\/www.suno.com.br\/noticias\/#\/schema\/logo\/image\/\",\"url\":\"https:\/\/files.sunoresearch.com.br\/n\/uploads\/2021\/09\/suno-logo.png\",\"contentUrl\":\"https:\/\/files.sunoresearch.com.br\/n\/uploads\/2021\/09\/suno-logo.png\",\"width\":180,\"height\":180,\"caption\":\"Suno Not\u00edcias\"},\"image\":{\"@id\":\"https:\/\/www.suno.com.br\/noticias\/#\/schema\/logo\/image\/\"},\"sameAs\":[\"https:\/\/facebook.com\/sunoresearch\",\"https:\/\/x.com\/sunoresearch\",\"https:\/\/www.instagram.com\/suno\",\"https:\/\/www.linkedin.com\/company\/suno-research\/\",\"https:\/\/www.youtube.com\/c\/sunoresearch\"]},{\"@type\":\"Person\",\"@id\":\"https:\/\/www.suno.com.br\/noticias\/#\/schema\/person\/d0f32748bbca4bee871fa191ee4e2d40\",\"name\":\"Giovanni Porf\u00edrio Jacomino\",\"image\":{\"@type\":\"ImageObject\",\"inLanguage\":\"pt-BR\",\"@id\":\"https:\/\/www.suno.com.br\/noticias\/#\/schema\/person\/image\/\",\"url\":\"https:\/\/secure.gravatar.com\/avatar\/efb32e19b730a121cb7a80f41ffec01a?s=96&r=g\",\"contentUrl\":\"https:\/\/secure.gravatar.com\/avatar\/efb32e19b730a121cb7a80f41ffec01a?s=96&r=g\",\"caption\":\"Giovanni Porf\u00edrio Jacomino\"},\"description\":\"Giovanni Porf\u00edrio Jacomino \u00e9 jornalista formado pela Universidade Estadual de Londrina (UEL) e p\u00f3s-graduado em Produ\u00e7\u00e3o e Pr\u00e1ticas Jornal\u00edsticas na Contemporaneidade na Faculdade C\u00e1sper L\u00edbero (FCL). Foi editor web no Startupi e no Finsiders, atuando ainda como editor no TC Mover, portal de not\u00edcias da TradersClub, fazendo a cobertura de assuntos relacionados ao mercado financeiro interno e externo. Atualmente, \u00e9 Rep\u00f3rter do Suno Not\u00edcias.\",\"url\":\"https:\/\/www.suno.com.br\/noticias\/author\/giovanni-porfiriosuno-com-br\/\"}]}<\/script>\n<!-- \/ Yoast SEO plugin. -->","yoast_head_json":{"title":"Gleisi sobre Mantega na Vale (VALE3): \"Poucos s\u00e3o t\u00e3o qualificados\"","description":"A deputada e presidente nacional do PT, Gleisi Hoffmann, defendeu a indica\u00e7\u00e3o de Guido Mantega para o Conselho de Administra\u00e7\u00e3o da Vale.","robots":{"index":"index","follow":"follow","max-snippet":"max-snippet:-1","max-image-preview":"max-image-preview:large","max-video-preview":"max-video-preview:-1"},"canonical":"https:\/\/www.suno.com.br\/noticias\/gleisi-mantega-vale-vale3-gpj\/","og_locale":"pt_BR","og_type":"article","og_title":"Gleisi sobre Mantega na Vale (VALE3): \"Poucos s\u00e3o t\u00e3o qualificados\"","og_description":"A deputada e presidente nacional do PT, Gleisi Hoffmann, defendeu a indica\u00e7\u00e3o de Guido Mantega para o Conselho de Administra\u00e7\u00e3o da Vale.","og_url":"https:\/\/www.suno.com.br\/noticias\/gleisi-mantega-vale-vale3-gpj\/","og_site_name":"Suno Not\u00edcias","article_publisher":"https:\/\/facebook.com\/sunoresearch","og_image":[{"width":1200,"height":675,"url":"https:\/\/files.sunoresearch.com.br\/n\/uploads\/2022\/12\/gleisi-hoffmann-presidente-pt-paulo-sergio-camara-deputados.jpg","type":"image\/jpeg"}],"author":"Giovanni Porf\u00edrio Jacomino","twitter_card":"summary_large_image","twitter_creator":"@sunoresearch","twitter_site":"@sunoresearch","twitter_misc":{"Escrito por":"Giovanni Porf\u00edrio Jacomino","Est. tempo de leitura":"3 minutos"},"schema":{"@context":"https:\/\/schema.org","@graph":[{"@type":"NewsArticle","@id":"https:\/\/www.suno.com.br\/noticias\/gleisi-mantega-vale-vale3-gpj\/#article","isPartOf":{"@id":"https:\/\/www.suno.com.br\/noticias\/gleisi-mantega-vale-vale3-gpj\/"},"author":{"name":"Giovanni Porf\u00edrio Jacomino","@id":"https:\/\/www.suno.com.br\/noticias\/#\/schema\/person\/d0f32748bbca4bee871fa191ee4e2d40"},"headline":"Presidente do PT sobre Mantega na Vale (VALE3): &#8220;Poucos s\u00e3o t\u00e3o qualificados&#8221;","datePublished":"2024-01-25T19:59:26+00:00","dateModified":"2024-01-25T19:59:33+00:00","mainEntityOfPage":{"@id":"https:\/\/www.suno.com.br\/noticias\/gleisi-mantega-vale-vale3-gpj\/"},"wordCount":432,"publisher":{"@id":"https:\/\/www.suno.com.br\/noticias\/#organization"},"image":{"@id":"https:\/\/www.suno.com.br\/noticias\/gleisi-mantega-vale-vale3-gpj\/#primaryimage"},"thumbnailUrl":"https:\/\/files.sunoresearch.com.br\/n\/uploads\/2022\/12\/gleisi-hoffmann-presidente-pt-paulo-sergio-camara-deputados.jpg","keywords":["Vale (VALE3)"],"articleSection":["Pol\u00edtica"],"inLanguage":"pt-BR"},{"@type":"WebPage","@id":"https:\/\/www.suno.com.br\/noticias\/gleisi-mantega-vale-vale3-gpj\/","url":"https:\/\/www.suno.com.br\/noticias\/gleisi-mantega-vale-vale3-gpj\/","name":"Gleisi sobre Mantega na Vale (VALE3): \"Poucos s\u00e3o t\u00e3o qualificados\"","isPartOf":{"@id":"https:\/\/www.suno.com.br\/noticias\/#website"},"primaryImageOfPage":{"@id":"https:\/\/www.suno.com.br\/noticias\/gleisi-mantega-vale-vale3-gpj\/#primaryimage"},"image":{"@id":"https:\/\/www.suno.com.br\/noticias\/gleisi-mantega-vale-vale3-gpj\/#primaryimage"},"thumbnailUrl":"https:\/\/files.sunoresearch.com.br\/n\/uploads\/2022\/12\/gleisi-hoffmann-presidente-pt-paulo-sergio-camara-deputados.jpg","datePublished":"2024-01-25T19:59:26+00:00","dateModified":"2024-01-25T19:59:33+00:00","description":"A deputada e presidente nacional do PT, Gleisi Hoffmann, defendeu a indica\u00e7\u00e3o de Guido Mantega para o Conselho de Administra\u00e7\u00e3o da Vale.","breadcrumb":{"@id":"https:\/\/www.suno.com.br\/noticias\/gleisi-mantega-vale-vale3-gpj\/#breadcrumb"},"inLanguage":"pt-BR","potentialAction":[{"@type":"ReadAction","target":["https:\/\/www.suno.com.br\/noticias\/gleisi-mantega-vale-vale3-gpj\/"]}]},{"@type":"ImageObject","inLanguage":"pt-BR","@id":"https:\/\/www.suno.com.br\/noticias\/gleisi-mantega-vale-vale3-gpj\/#primaryimage","url":"https:\/\/files.sunoresearch.com.br\/n\/uploads\/2022\/12\/gleisi-hoffmann-presidente-pt-paulo-sergio-camara-deputados.jpg","contentUrl":"https:\/\/files.sunoresearch.com.br\/n\/uploads\/2022\/12\/gleisi-hoffmann-presidente-pt-paulo-sergio-camara-deputados.jpg","width":1200,"height":675,"caption":"Gleisi Hoffmann, presidente do PT. Foto: Paulo S\u00e9rgio\/C\u00e2mara dos Deputados"},{"@type":"BreadcrumbList","@id":"https:\/\/www.suno.com.br\/noticias\/gleisi-mantega-vale-vale3-gpj\/#breadcrumb","itemListElement":[{"@type":"ListItem","position":1,"name":"Not\u00edcias","item":"https:\/\/www.suno.com.br\/noticias\/"},{"@type":"ListItem","position":2,"name":"Pol\u00edtica","item":"https:\/\/www.suno.com.br\/noticias\/politica\/"},{"@type":"ListItem","position":3,"name":"Presidente do PT sobre Mantega na Vale (VALE3): &#8220;Poucos s\u00e3o t\u00e3o qualificados&#8221;"}]},{"@type":"WebSite","@id":"https:\/\/www.suno.com.br\/noticias\/#website","url":"https:\/\/www.suno.com.br\/noticias\/","name":"Suno Not\u00edcias","description":"Seu portal de informa\u00e7\u00e3o sobre o mundo dos investimentos","publisher":{"@id":"https:\/\/www.suno.com.br\/noticias\/#organization"},"potentialAction":[{"@type":"SearchAction","target":{"@type":"EntryPoint","urlTemplate":"https:\/\/www.suno.com.br\/noticias\/?s={search_term_string}"},"query-input":{"@type":"PropertyValueSpecification","valueRequired":true,"valueName":"search_term_string"}}],"inLanguage":"pt-BR"},{"@type":"Organization","@id":"https:\/\/www.suno.com.br\/noticias\/#organization","name":"Suno Not\u00edcias","url":"https:\/\/www.suno.com.br\/noticias\/","logo":{"@type":"ImageObject","inLanguage":"pt-BR","@id":"https:\/\/www.suno.com.br\/noticias\/#\/schema\/logo\/image\/","url":"https:\/\/files.sunoresearch.com.br\/n\/uploads\/2021\/09\/suno-logo.png","contentUrl":"https:\/\/files.sunoresearch.com.br\/n\/uploads\/2021\/09\/suno-logo.png","width":180,"height":180,"caption":"Suno Not\u00edcias"},"image":{"@id":"https:\/\/www.suno.com.br\/noticias\/#\/schema\/logo\/image\/"},"sameAs":["https:\/\/facebook.com\/sunoresearch","https:\/\/x.com\/sunoresearch","https:\/\/www.instagram.com\/suno","https:\/\/www.linkedin.com\/company\/suno-research\/","https:\/\/www.youtube.com\/c\/sunoresearch"]},{"@type":"Person","@id":"https:\/\/www.suno.com.br\/noticias\/#\/schema\/person\/d0f32748bbca4bee871fa191ee4e2d40","name":"Giovanni Porf\u00edrio Jacomino","image":{"@type":"ImageObject","inLanguage":"pt-BR","@id":"https:\/\/www.suno.com.br\/noticias\/#\/schema\/person\/image\/","url":"https:\/\/secure.gravatar.com\/avatar\/efb32e19b730a121cb7a80f41ffec01a?s=96&r=g","contentUrl":"https:\/\/secure.gravatar.com\/avatar\/efb32e19b730a121cb7a80f41ffec01a?s=96&r=g","caption":"Giovanni Porf\u00edrio Jacomino"},"description":"Giovanni Porf\u00edrio Jacomino \u00e9 jornalista formado pela Universidade Estadual de Londrina (UEL) e p\u00f3s-graduado em Produ\u00e7\u00e3o e Pr\u00e1ticas Jornal\u00edsticas na Contemporaneidade na Faculdade C\u00e1sper L\u00edbero (FCL). Foi editor web no Startupi e no Finsiders, atuando ainda como editor no TC Mover, portal de not\u00edcias da TradersClub, fazendo a cobertura de assuntos relacionados ao mercado financeiro interno e externo. Atualmente, \u00e9 Rep\u00f3rter do Suno Not\u00edcias.","url":"https:\/\/www.suno.com.br\/noticias\/author\/giovanni-porfiriosuno-com-br\/"}]}},"default_loop_html":"<div class=\"cardsPage__listCard__boxs\"><div class=\"cardsPage__listCard__boxs__img\"><a href=\"https:\/\/www.suno.com.br\/noticias\/gleisi-mantega-vale-vale3-gpj\/\"><img class=\"mask\" src=\"https:\/\/www.suno.com.br\/noticias\/wp-content\/themes\/suno\/resources\/images\/spotlight\/spotlight1img\/bg-mask.png\" alt=\"Image Mask\"\/><img src=\"https:\/\/files.sunoresearch.com.br\/n\/uploads\/2022\/12\/gleisi-hoffmann-presidente-pt-paulo-sergio-camara-deputados-400x200.jpg\" alt=\"Presidente do PT sobre Mantega na Vale (VALE3): &#8220;Poucos s\u00e3o t\u00e3o qualificados&#8221;\"\/><\/a><span class=\"spotlightCategory\"><a href=\"https:\/\/www.suno.com.br\/noticias\/politica\/\">Pol\u00edtica<\/a><\/span><\/div><div class=\"cardsPage__listCard__boxs__content\"><a href=\"https:\/\/www.suno.com.br\/noticias\/gleisi-mantega-vale-vale3-gpj\/\"><h2 class=\"content__title\">Presidente do PT sobre Mantega na Vale (VALE3): &#8220;Poucos s\u00e3o t\u00e3o qualificados&#8221;<\/h2><\/a><div class=\"newsContent__article__meta\"><div class=\"newsContent__article__meta__authorBox\"><a href=\"https:\/\/www.suno.com.br\/noticias\/author\/eduardo-vargas\/\" class=\"authorBox__avatar noMobi\"><img src=\"https:\/\/secure.gravatar.com\/avatar\/dac340933427a22924c9f99d1eb2e3f2?s=96&#038;r=g\" alt=\"Eduardo Vargas\"><\/a><div class=\"authorBox__name\"><span>por\n\t\t\t<a href=\"https:\/\/www.suno.com.br\/noticias\/author\/eduardo-vargas\/\"><span itemprop=\"author\">Eduardo Vargas<\/span><\/a><\/span><time datetime=\"2024-01-25T16:59:26-03:00\" itemprop=\"datePublished\">25\/01\/2024 16:59<\/time><\/div><\/div><\/div><\/div><\/div>","single_layout":"posts","amp_enabled":true,"_links":{"self":[{"href":"https:\/\/www.suno.com.br\/noticias\/wp-json\/wp\/v2\/posts\/515794"}],"collection":[{"href":"https:\/\/www.suno.com.br\/noticias\/wp-json\/wp\/v2\/posts"}],"about":[{"href":"https:\/\/www.suno.com.br\/noticias\/wp-json\/wp\/v2\/types\/post"}],"author":[{"embeddable":true,"href":"https:\/\/www.suno.com.br\/noticias\/wp-json\/wp\/v2\/users\/313"}],"replies":[{"embeddable":true,"href":"https:\/\/www.suno.com.br\/noticias\/wp-json\/wp\/v2\/comments?post=515794"}],"version-history":[{"count":2,"href":"https:\/\/www.suno.com.br\/noticias\/wp-json\/wp\/v2\/posts\/515794\/revisions"}],"predecessor-version":[{"id":515922,"href":"https:\/\/www.suno.com.br\/noticias\/wp-json\/wp\/v2\/posts\/515794\/revisions\/515922"}],"wp:featuredmedia":[{"embeddable":true,"href":"https:\/\/www.suno.com.br\/noticias\/wp-json\/wp\/v2\/media\/328454"}],"wp:attachment":[{"href":"https:\/\/www.suno.com.br\/noticias\/wp-json\/wp\/v2\/media?parent=515794"}],"wp:term":[{"taxonomy":"category","embeddable":true,"href":"https:\/\/www.suno.com.br\/noticias\/wp-json\/wp\/v2\/categories?post=515794"},{"taxonomy":"post_tag","embeddable":true,"href":"https:\/\/www.suno.com.br\/noticias\/wp-json\/wp\/v2\/tags?post=515794"},{"taxonomy":"suno_strategy","embeddable":true,"href":"https:\/\/www.suno.com.br\/noticias\/wp-json\/wp\/v2\/suno_strategy?post=515794"}],"curies":[{"name":"wp","href":"https:\/\/api.w.org\/{rel}","templated":true}]}}