{"id":515704,"date":"2024-01-25T13:49:31","date_gmt":"2024-01-25T16:49:31","guid":{"rendered":"https:\/\/www.suno.com.br\/noticias\/?p=515704"},"modified":"2024-01-25T13:49:35","modified_gmt":"2024-01-25T16:49:35","slug":"bce-mantem-juros-inalterados-3a-vez-seguida","status":"publish","type":"post","link":"https:\/\/www.suno.com.br\/noticias\/bce-mantem-juros-inalterados-3a-vez-seguida\/","title":{"rendered":"BCE mant\u00e9m juros inalterados pela 3\u00aa vez seguida e refor\u00e7a mensagem sobre aperto prolongado"},"content":{"rendered":"<p>O Banco Central Europeu (<strong>BCE<\/strong>) decidiu deixar suas principais taxas de juros inalteradas pela terceira vez consecutiva, mas refor\u00e7ando a mensagem de que manter\u00e1 n\u00edvel restritivo pelo tempo necess\u00e1rio para baixar a infla\u00e7\u00e3o \u00e0 meta de 2% ao ano, em reuni\u00e3o nesta quinta-feira, 25. Desta forma, a taxa de refinanciamento do BCE permanece em 4,50%, a de dep\u00f3sitos, em 4%, e a de empr\u00e9stimos, em 4,75%.<\/p>\t<div class=\"wrapper-featured-image\">\n\t\t<figure class=\"spotlightImg\">\n\n\t\t\t<picture>\n\t\t\t\t<source media=\"(max-width: 768px)\" srcset=\"https:\/\/files.sunoresearch.com.br\/n\/uploads\/2021\/04\/07dfe73c-euro-1256252_1280-400x200.webp\">\n\t\t\t\t<img loading=\"lazy\" decoding=\"async\" class=\"newsContent__article__imgCapa lazyloadDisabled \" src=\"https:\/\/files.sunoresearch.com.br\/n\/uploads\/2021\/04\/07dfe73c-euro-1256252_1280-800x450.webp\" width=\"800\" height=\"450\" alt=\"BCE mant\u00e9m juros inalterados pela 3\u00aa vez seguida e refor\u00e7a mensagem sobre aperto prolongado\" fetchpriority=high \/>\n\t\t\t<\/picture>\n\n\t\t\t<figcaption class=\"wp-caption-text wp-caption-text--show\">BCE. Foto: Pixabay<\/figcaption>\n\t\t<\/figure>\n\t<\/div>\n\n\n\n\n\n\t<p>\n\t\t<a href=\"\" target=\"_blank\" data-element=\"shortcode-suno-banner\" title=\"Banner SUNO, clique e saiba mais\">\n\t\t\t<picture>\n\t\t\t\t<source media=\"(max-width: 500px)\" srcset=\"\">\n\t\t\t\t<img class=\"newsContent__article__imgCapa newsContent__article__imgCapa--banner\"\n\t\t\t\t\tsrc=\"\"\n\t\t\t\t\tdata-promo-id=\"240038\"\t\t\t\t\t\t\t\t\t\t\t\t\t\t\talt=\"\"\n\t\t\t\t>\n\t\t\t<\/picture>\n\t\t<\/a>\n\t<\/p>\n\n\n\n\n\n\n\n<p>A decis\u00e3o do <strong>BCE sobre juros<\/strong> veio em linha com a expectativa de analistas.<\/p>\n\n\n\n<p>O BCE afirma que, com exce\u00e7\u00e3o dos efeitos de base dos pre\u00e7os de energia, a tend\u00eancia de redu\u00e7\u00e3o da <strong>infla\u00e7\u00e3o na<\/strong> <strong>zona do euro<\/strong> tem continuado e o aperto monet\u00e1rio mant\u00e9m sua transmiss\u00e3o para as condi\u00e7\u00f5es financeiras, contribuindo para conter a demanda.<\/p>\n\n\n\n<p>O banco central ressalta que os dados recentes confirmaram de modo geral as perspectivas de infla\u00e7\u00e3o de m\u00e9dio prazo.<\/p>\n\n\n\n<p>&#8220;Continuaremos a seguir uma abordagem dependente de dados para determinar o n\u00edvel e a dura\u00e7\u00e3o adequados do aperto monet\u00e1rio&#8221;, afirmou o BCE, em comunicado, acrescentando que olhar\u00e1 particularmente para perspectivas de infla\u00e7\u00e3o e for\u00e7a da transmiss\u00e3o monet\u00e1ria. &#8220;Nossas futuras decis\u00f5es v\u00e3o garantir que as taxas de juros permanecer\u00e3o em n\u00edveis suficientemente restritivos por quanto tempo for necess\u00e1rio.&#8221;<\/p>\n\n\n\n<p>O Conselho tamb\u00e9m reiterou a decis\u00e3o de seguir com a normaliza\u00e7\u00e3o do <a class=\"suno-keyword\" target=\"_blank\" data-force=\"no\" data-priority=\"2\" href=\"https:\/\/www.suno.com.br\/artigos\/o-que-e-balanco-patrimonial\/\" rel=\"noopener\">balan\u00e7o patrimonial<\/a> do Eurosystem, em um plano que pretende acabar com os reinvestimentos do Programa de Compras de Emerg\u00eancia na Pandemia (PEPP, na sigla em ingl\u00eas) at\u00e9 o fim de 2024.<\/p>\n\n\n\n<p>De acordo com o comunicado, o BCE vai reinvestir completamente os pagamentos de ativos que vencem no primeiro semestre de 2024, mas devem reduzir o portf\u00f3lio em 7,5 bilh\u00f5es de euros ao m\u00eas a partir do segundo semestre.<\/p>\n\n\n\t<p>\n\t\t<a href=\"https:\/\/lp.suno.com.br\/ebook-gratuito-investindo-no-exterior\/\" target=\"_blank\" data-element=\"shortcode-suno-banner\" title=\"Banner SUNO, clique e saiba mais\">\n\t\t\t<picture>\n\t\t\t\t<source media=\"(max-width: 500px)\" srcset=\"https:\/\/files.sunoresearch.com.br\/n\/uploads\/2023\/03\/400x300-Investindo-no-exterior.png\">\n\t\t\t\t<img class=\"newsContent__article__imgCapa newsContent__article__imgCapa--banner\"\n\t\t\t\t\tsrc=\"https:\/\/files.sunoresearch.com.br\/n\/uploads\/2023\/03\/1420x240-Investindo-no-exterior.png\"\n\t\t\t\t\tdata-promo-id=\"383161\"\t\t\t\t\t\t\t\t\t\twidth='1420' height='240'\t\t\t\t\talt=\"https:\/\/files.sunoresearch.com.br\/n\/uploads\/2023\/03\/1420x240-Investindo-no-exterior.png\"\n\t\t\t\t>\n\t\t\t<\/picture>\n\t\t<\/a>\n\t<\/p>\n\n\n\n\n\n<h2 class=\"wp-block-heading\">Consenso no BCE \u00e9 de que era prematuro discutir cortes nos juros agora, diz Lagarde<\/h2>\n\n\n\n<p>A <strong>presidente do Banco Central Europeu<\/strong> (BCE), <strong>Christine Lagarde<\/strong>, garantiu que os dirigentes da institui\u00e7\u00e3o est\u00e3o em consenso sobre a avalia\u00e7\u00e3o de que ainda \u00e9 prematuro discutir <strong>cortes de juros<\/strong> neste momento. O coment\u00e1rio foi feito em coletiva de imprensa nesta quinta-feira, 25, minutos ap\u00f3s a decis\u00e3o da autoridade monet\u00e1ria de manter as taxas b\u00e1sicas.<\/p>\n\n\n\n<p>Na ocasi\u00e3o, Lagarde acrescentou que os membros do Conselho concordam de maneira un\u00e2nime que as pr\u00f3ximas <strong>decis\u00f5es do BCE<\/strong> precisam ser guiadas pela evolu\u00e7\u00e3o dos <a class=\"suno-keyword\" target=\"_blank\" data-force=\"no\" data-priority=\"1\" href=\"https:\/\/www.suno.com.br\/artigos\/indicadores-economicos\/\" rel=\"noopener\">indicadores econ\u00f4micos<\/a>.<\/p>\n\n\n\n<p>A banqueira central evitou reafirmar a previs\u00e3o que havia dado h\u00e1 alguns dias de que o BCE poderia relaxar a pol\u00edtica a partir do ver\u00e3o local, que come\u00e7a em meados de junho.<\/p>\n\n\n\n<p>Christine Lagarde ressaltou que os <strong>juros de mercado<\/strong> oscilaram ao redor da mesma faixa entre a reuni\u00e3o de dezembro e o encontro desta quinta, em um sinal de que as condi\u00e7\u00f5es financeiras podem ter estabilizado.<\/p>\n\n\n\n<p>Na coletiva de imprensa, Lagarde acrescentou que os juros elevados provocaram uma queda no cr\u00e9dito e aumento nas taxas de hipotecas, ao mesmo tempo em que os empr\u00e9stimos para empresas estagnaram em novembro.<\/p>\n\n\n\n<h2 class=\"wp-block-heading\">&#8220;Processo desinflacion\u00e1rio est\u00e1 em curso&#8221;<\/h2>\n\n\n\n<p>A banqueira central garantiu que o processo desinflacion\u00e1rio est\u00e1 em curso, mas admitiu que observa com aten\u00e7\u00e3o a situa\u00e7\u00e3o do transporte mar\u00edtimo de cargos, no qual os custos est\u00e3o crescendo. &#8220;Estamos claramente interessados nos sal\u00e1rios, mas tamb\u00e9m em outros dados&#8221;, disse.<\/p>\n\n\n\n<p>Christine Lagarde reconheceu os progressos recentes no combate \u00e0 <strong>infla\u00e7\u00e3o na zona do euro<\/strong> e disse esperar uma cont\u00ednua desacelera\u00e7\u00e3o dos pre\u00e7os ao longo deste ano. Tamb\u00e9m ressaltou que as expectativas inflacion\u00e1rias, no geral, permanecem ancoradas em 2%.<\/p>\n\n\n\n<p>Ela ainda chamou aten\u00e7\u00e3o para a estabilidade da infla\u00e7\u00e3o de servi\u00e7os &#8211; um foco de preocupa\u00e7\u00e3o dos principais bancos centrais do mundo. Tamb\u00e9m afirmou ver evid\u00eancias de que o avan\u00e7o nos sal\u00e1rios est\u00e1 desacelerando.<\/p>\n\n\n\n<p>Sobre o quadro de emprego, a dirigente do <strong>BCE<\/strong> pontuou que o <a class=\"suno-keyword\" target=\"_blank\" data-force=\"no\" data-priority=\"2\" href=\"https:\/\/www.suno.com.br\/artigos\/mercado-de-trabalho\/\" rel=\"noopener\">mercado de trabalho<\/a> segue &#8220;apertado&#8221;, embora a demanda esteja perdendo for\u00e7a.<\/p>\n\n\n\n<p><em>Com Estad\u00e3o Conte\u00fado<\/em><\/p>\n\n\n\t<p>\n\t\t<a href=\"https:\/\/lp.suno.com.br\/planilha-da-vida-financeira\/\" target=\"_blank\" data-element=\"shortcode-suno-banner\" title=\"Banner SUNO, clique e saiba mais\">\n\t\t\t<picture>\n\t\t\t\t<source media=\"(max-width: 500px)\" srcset=\"https:\/\/files.sunoresearch.com.br\/n\/uploads\/2023\/04\/400x300-Planilha-vida-financeira-true.png\">\n\t\t\t\t<img class=\"newsContent__article__imgCapa newsContent__article__imgCapa--banner\"\n\t\t\t\t\tsrc=\"https:\/\/files.sunoresearch.com.br\/n\/uploads\/2023\/04\/1420x240-Planilha-vida-financeira-true.png\"\n\t\t\t\t\tdata-promo-id=\"383123\"\t\t\t\t\t\t\t\t\t\twidth='1420' height='240'\t\t\t\t\talt=\"https:\/\/files.sunoresearch.com.br\/n\/uploads\/2023\/04\/1420x240-Planilha-vida-financeira-true.png\"\n\t\t\t\t>\n\t\t\t<\/picture>\n\t\t<\/a>\n\t<\/p>\n\n\n","protected":false},"excerpt":{"rendered":"<p>O Banco Central Europeu (BCE) decidiu deixar suas principais taxas de juros inalteradas pela terceira vez consecutiva, mas refor\u00e7ando a mensagem de que manter\u00e1 n\u00edvel restritivo pelo tempo necess\u00e1rio para baixar a infla\u00e7\u00e3o \u00e0 meta de 2% ao ano, em reuni\u00e3o nesta quinta-feira, 25. Desta forma, a taxa de refinanciamento do BCE permanece em 4,50%, [&hellip;]<\/p>\n","protected":false},"author":43,"featured_media":141527,"comment_status":"closed","ping_status":"closed","sticky":false,"template":"","format":"standard","meta":[],"categories":[63],"tags":[863,1528,958,1752,991],"suno_strategy":[],"class_list":["post-515704","post","type-post","status-publish","format-standard","has-post-thumbnail","hentry","category-internacional","tag-banco-central-europeu-bce","tag-christine-lagarde","tag-euro","tag-taxa-de-juros","tag-zona-do-euro"],"yoast_head":"<!-- This site is optimized with the Yoast SEO plugin v24.4 - https:\/\/yoast.com\/wordpress\/plugins\/seo\/ -->\n<title>BCE decide manter juros inalterados pela 3\u00aa vez seguida<\/title>\n<meta name=\"description\" content=\"O BCE refor\u00e7ou a mensagem de que manter\u00e1 n\u00edvel restritivo dos juros pelo tempo necess\u00e1rio para baixar a infla\u00e7\u00e3o \u00e0 meta\" \/>\n<meta name=\"robots\" content=\"index, follow, max-snippet:-1, max-image-preview:large, max-video-preview:-1\" \/>\n<link rel=\"canonical\" href=\"https:\/\/www.suno.com.br\/noticias\/bce-mantem-juros-inalterados-3a-vez-seguida\/\" \/>\n<meta property=\"og:locale\" content=\"pt_BR\" \/>\n<meta property=\"og:type\" content=\"article\" \/>\n<meta property=\"og:title\" content=\"BCE decide manter juros inalterados pela 3\u00aa vez seguida\" \/>\n<meta property=\"og:description\" content=\"O BCE refor\u00e7ou a mensagem de que manter\u00e1 n\u00edvel restritivo dos juros pelo tempo necess\u00e1rio para baixar a infla\u00e7\u00e3o \u00e0 meta\" \/>\n<meta property=\"og:url\" content=\"https:\/\/www.suno.com.br\/noticias\/bce-mantem-juros-inalterados-3a-vez-seguida\/\" \/>\n<meta property=\"og:site_name\" content=\"Suno Not\u00edcias\" \/>\n<meta property=\"article:publisher\" content=\"https:\/\/facebook.com\/sunoresearch\" \/>\n<meta property=\"article:author\" content=\"https:\/\/www.facebook.com\/sunonoticias\/\" \/>\n<meta property=\"og:image\" content=\"https:\/\/files.sunoresearch.com.br\/n\/uploads\/2021\/04\/07dfe73c-euro-1256252_1280.jpg\" \/>\n\t<meta property=\"og:image:width\" content=\"1280\" \/>\n\t<meta property=\"og:image:height\" content=\"835\" \/>\n\t<meta property=\"og:image:type\" content=\"image\/jpeg\" \/>\n<meta name=\"author\" content=\"Reda\u00e7\u00e3o Suno Not\u00edcias\" \/>\n<meta name=\"twitter:card\" content=\"summary_large_image\" \/>\n<meta name=\"twitter:creator\" content=\"@https:\/\/twitter.com\/sunoresearch\" \/>\n<meta name=\"twitter:site\" content=\"@sunoresearch\" \/>\n<meta name=\"twitter:label1\" content=\"Escrito por\" \/>\n\t<meta name=\"twitter:data1\" content=\"Reda\u00e7\u00e3o Suno Not\u00edcias\" \/>\n\t<meta name=\"twitter:label2\" content=\"Est. tempo de leitura\" \/>\n\t<meta name=\"twitter:data2\" content=\"4 minutos\" \/>\n<script type=\"application\/ld+json\" class=\"yoast-schema-graph\">{\"@context\":\"https:\/\/schema.org\",\"@graph\":[{\"@type\":\"NewsArticle\",\"@id\":\"https:\/\/www.suno.com.br\/noticias\/bce-mantem-juros-inalterados-3a-vez-seguida\/#article\",\"isPartOf\":{\"@id\":\"https:\/\/www.suno.com.br\/noticias\/bce-mantem-juros-inalterados-3a-vez-seguida\/\"},\"author\":{\"name\":\"Reda\u00e7\u00e3o Suno Not\u00edcias\",\"@id\":\"https:\/\/www.suno.com.br\/noticias\/#\/schema\/person\/c1b1bd3727fa852bd045e9dbff3673ea\"},\"headline\":\"BCE mant\u00e9m juros inalterados pela 3\u00aa vez seguida e refor\u00e7a mensagem sobre aperto prolongado\",\"datePublished\":\"2024-01-25T16:49:31+00:00\",\"dateModified\":\"2024-01-25T16:49:35+00:00\",\"mainEntityOfPage\":{\"@id\":\"https:\/\/www.suno.com.br\/noticias\/bce-mantem-juros-inalterados-3a-vez-seguida\/\"},\"wordCount\":717,\"publisher\":{\"@id\":\"https:\/\/www.suno.com.br\/noticias\/#organization\"},\"image\":{\"@id\":\"https:\/\/www.suno.com.br\/noticias\/bce-mantem-juros-inalterados-3a-vez-seguida\/#primaryimage\"},\"thumbnailUrl\":\"https:\/\/files.sunoresearch.com.br\/n\/uploads\/2021\/04\/07dfe73c-euro-1256252_1280-jpg.webp\",\"keywords\":[\"Banco Central Europeu (BCE)\",\"Christine Lagarde\",\"Euro\",\"taxa de juros\",\"zona do euro\"],\"articleSection\":[\"Internacional\"],\"inLanguage\":\"pt-BR\"},{\"@type\":\"WebPage\",\"@id\":\"https:\/\/www.suno.com.br\/noticias\/bce-mantem-juros-inalterados-3a-vez-seguida\/\",\"url\":\"https:\/\/www.suno.com.br\/noticias\/bce-mantem-juros-inalterados-3a-vez-seguida\/\",\"name\":\"BCE decide manter juros inalterados pela 3\u00aa vez seguida\",\"isPartOf\":{\"@id\":\"https:\/\/www.suno.com.br\/noticias\/#website\"},\"primaryImageOfPage\":{\"@id\":\"https:\/\/www.suno.com.br\/noticias\/bce-mantem-juros-inalterados-3a-vez-seguida\/#primaryimage\"},\"image\":{\"@id\":\"https:\/\/www.suno.com.br\/noticias\/bce-mantem-juros-inalterados-3a-vez-seguida\/#primaryimage\"},\"thumbnailUrl\":\"https:\/\/files.sunoresearch.com.br\/n\/uploads\/2021\/04\/07dfe73c-euro-1256252_1280-jpg.webp\",\"datePublished\":\"2024-01-25T16:49:31+00:00\",\"dateModified\":\"2024-01-25T16:49:35+00:00\",\"description\":\"O BCE refor\u00e7ou a mensagem de que manter\u00e1 n\u00edvel restritivo dos juros pelo tempo necess\u00e1rio para baixar a infla\u00e7\u00e3o \u00e0 meta\",\"breadcrumb\":{\"@id\":\"https:\/\/www.suno.com.br\/noticias\/bce-mantem-juros-inalterados-3a-vez-seguida\/#breadcrumb\"},\"inLanguage\":\"pt-BR\",\"potentialAction\":[{\"@type\":\"ReadAction\",\"target\":[\"https:\/\/www.suno.com.br\/noticias\/bce-mantem-juros-inalterados-3a-vez-seguida\/\"]}]},{\"@type\":\"ImageObject\",\"inLanguage\":\"pt-BR\",\"@id\":\"https:\/\/www.suno.com.br\/noticias\/bce-mantem-juros-inalterados-3a-vez-seguida\/#primaryimage\",\"url\":\"https:\/\/files.sunoresearch.com.br\/n\/uploads\/2021\/04\/07dfe73c-euro-1256252_1280-jpg.webp\",\"contentUrl\":\"https:\/\/files.sunoresearch.com.br\/n\/uploads\/2021\/04\/07dfe73c-euro-1256252_1280-jpg.webp\",\"width\":1280,\"height\":835,\"caption\":\"BCE. Foto: Pixabay\"},{\"@type\":\"BreadcrumbList\",\"@id\":\"https:\/\/www.suno.com.br\/noticias\/bce-mantem-juros-inalterados-3a-vez-seguida\/#breadcrumb\",\"itemListElement\":[{\"@type\":\"ListItem\",\"position\":1,\"name\":\"Not\u00edcias\",\"item\":\"https:\/\/www.suno.com.br\/noticias\/\"},{\"@type\":\"ListItem\",\"position\":2,\"name\":\"Internacional\",\"item\":\"https:\/\/www.suno.com.br\/noticias\/internacional\/\"},{\"@type\":\"ListItem\",\"position\":3,\"name\":\"BCE mant\u00e9m juros inalterados pela 3\u00aa vez seguida e refor\u00e7a mensagem sobre aperto prolongado\"}]},{\"@type\":\"WebSite\",\"@id\":\"https:\/\/www.suno.com.br\/noticias\/#website\",\"url\":\"https:\/\/www.suno.com.br\/noticias\/\",\"name\":\"Suno Not\u00edcias\",\"description\":\"Seu portal de informa\u00e7\u00e3o sobre o mundo dos investimentos\",\"publisher\":{\"@id\":\"https:\/\/www.suno.com.br\/noticias\/#organization\"},\"potentialAction\":[{\"@type\":\"SearchAction\",\"target\":{\"@type\":\"EntryPoint\",\"urlTemplate\":\"https:\/\/www.suno.com.br\/noticias\/?s={search_term_string}\"},\"query-input\":{\"@type\":\"PropertyValueSpecification\",\"valueRequired\":true,\"valueName\":\"search_term_string\"}}],\"inLanguage\":\"pt-BR\"},{\"@type\":\"Organization\",\"@id\":\"https:\/\/www.suno.com.br\/noticias\/#organization\",\"name\":\"Suno Not\u00edcias\",\"url\":\"https:\/\/www.suno.com.br\/noticias\/\",\"logo\":{\"@type\":\"ImageObject\",\"inLanguage\":\"pt-BR\",\"@id\":\"https:\/\/www.suno.com.br\/noticias\/#\/schema\/logo\/image\/\",\"url\":\"https:\/\/files.sunoresearch.com.br\/n\/uploads\/2021\/09\/suno-logo.png\",\"contentUrl\":\"https:\/\/files.sunoresearch.com.br\/n\/uploads\/2021\/09\/suno-logo.png\",\"width\":180,\"height\":180,\"caption\":\"Suno Not\u00edcias\"},\"image\":{\"@id\":\"https:\/\/www.suno.com.br\/noticias\/#\/schema\/logo\/image\/\"},\"sameAs\":[\"https:\/\/facebook.com\/sunoresearch\",\"https:\/\/x.com\/sunoresearch\",\"https:\/\/www.instagram.com\/suno\",\"https:\/\/www.linkedin.com\/company\/suno-research\/\",\"https:\/\/www.youtube.com\/c\/sunoresearch\"]},{\"@type\":\"Person\",\"@id\":\"https:\/\/www.suno.com.br\/noticias\/#\/schema\/person\/c1b1bd3727fa852bd045e9dbff3673ea\",\"name\":\"Reda\u00e7\u00e3o Suno Not\u00edcias\",\"image\":{\"@type\":\"ImageObject\",\"inLanguage\":\"pt-BR\",\"@id\":\"https:\/\/www.suno.com.br\/noticias\/#\/schema\/person\/image\/\",\"url\":\"https:\/\/secure.gravatar.com\/avatar\/b8104b9b5a71985d5238ee59fbe418af?s=96&r=g\",\"contentUrl\":\"https:\/\/secure.gravatar.com\/avatar\/b8104b9b5a71985d5238ee59fbe418af?s=96&r=g\",\"caption\":\"Reda\u00e7\u00e3o Suno Not\u00edcias\"},\"description\":\"O Suno Not\u00edcias \u00e9 um portal de informa\u00e7\u00f5es sobre Mercado Financeiro, Pol\u00edtica, Neg\u00f3cios, Economia e Finan\u00e7as Pessoais.\",\"sameAs\":[\"https:\/\/www.suno.com.br\/noticias\",\"https:\/\/www.facebook.com\/sunonoticias\/\",\"https:\/\/www.instagram.com\/sunonoticias\/\",\"https:\/\/x.com\/https:\/\/twitter.com\/sunoresearch\",\"https:\/\/www.youtube.com\/sunonoticias\"],\"url\":\"https:\/\/www.suno.com.br\/noticias\/author\/redacao-suno\/\"}]}<\/script>\n<!-- \/ Yoast SEO plugin. -->","yoast_head_json":{"title":"BCE decide manter juros inalterados pela 3\u00aa vez seguida","description":"O BCE refor\u00e7ou a mensagem de que manter\u00e1 n\u00edvel restritivo dos juros pelo tempo necess\u00e1rio para baixar a infla\u00e7\u00e3o \u00e0 meta","robots":{"index":"index","follow":"follow","max-snippet":"max-snippet:-1","max-image-preview":"max-image-preview:large","max-video-preview":"max-video-preview:-1"},"canonical":"https:\/\/www.suno.com.br\/noticias\/bce-mantem-juros-inalterados-3a-vez-seguida\/","og_locale":"pt_BR","og_type":"article","og_title":"BCE decide manter juros inalterados pela 3\u00aa vez seguida","og_description":"O BCE refor\u00e7ou a mensagem de que manter\u00e1 n\u00edvel restritivo dos juros pelo tempo necess\u00e1rio para baixar a infla\u00e7\u00e3o \u00e0 meta","og_url":"https:\/\/www.suno.com.br\/noticias\/bce-mantem-juros-inalterados-3a-vez-seguida\/","og_site_name":"Suno Not\u00edcias","article_publisher":"https:\/\/facebook.com\/sunoresearch","article_author":"https:\/\/www.facebook.com\/sunonoticias\/","og_image":[{"width":1280,"height":835,"url":"https:\/\/files.sunoresearch.com.br\/n\/uploads\/2021\/04\/07dfe73c-euro-1256252_1280.jpg","type":"image\/jpeg"}],"author":"Reda\u00e7\u00e3o Suno Not\u00edcias","twitter_card":"summary_large_image","twitter_creator":"@https:\/\/twitter.com\/sunoresearch","twitter_site":"@sunoresearch","twitter_misc":{"Escrito por":"Reda\u00e7\u00e3o Suno Not\u00edcias","Est. tempo de leitura":"4 minutos"},"schema":{"@context":"https:\/\/schema.org","@graph":[{"@type":"NewsArticle","@id":"https:\/\/www.suno.com.br\/noticias\/bce-mantem-juros-inalterados-3a-vez-seguida\/#article","isPartOf":{"@id":"https:\/\/www.suno.com.br\/noticias\/bce-mantem-juros-inalterados-3a-vez-seguida\/"},"author":{"name":"Reda\u00e7\u00e3o Suno Not\u00edcias","@id":"https:\/\/www.suno.com.br\/noticias\/#\/schema\/person\/c1b1bd3727fa852bd045e9dbff3673ea"},"headline":"BCE mant\u00e9m juros inalterados pela 3\u00aa vez seguida e refor\u00e7a mensagem sobre aperto prolongado","datePublished":"2024-01-25T16:49:31+00:00","dateModified":"2024-01-25T16:49:35+00:00","mainEntityOfPage":{"@id":"https:\/\/www.suno.com.br\/noticias\/bce-mantem-juros-inalterados-3a-vez-seguida\/"},"wordCount":717,"publisher":{"@id":"https:\/\/www.suno.com.br\/noticias\/#organization"},"image":{"@id":"https:\/\/www.suno.com.br\/noticias\/bce-mantem-juros-inalterados-3a-vez-seguida\/#primaryimage"},"thumbnailUrl":"https:\/\/files.sunoresearch.com.br\/n\/uploads\/2021\/04\/07dfe73c-euro-1256252_1280-jpg.webp","keywords":["Banco Central Europeu (BCE)","Christine Lagarde","Euro","taxa de juros","zona do euro"],"articleSection":["Internacional"],"inLanguage":"pt-BR"},{"@type":"WebPage","@id":"https:\/\/www.suno.com.br\/noticias\/bce-mantem-juros-inalterados-3a-vez-seguida\/","url":"https:\/\/www.suno.com.br\/noticias\/bce-mantem-juros-inalterados-3a-vez-seguida\/","name":"BCE decide manter juros inalterados pela 3\u00aa vez seguida","isPartOf":{"@id":"https:\/\/www.suno.com.br\/noticias\/#website"},"primaryImageOfPage":{"@id":"https:\/\/www.suno.com.br\/noticias\/bce-mantem-juros-inalterados-3a-vez-seguida\/#primaryimage"},"image":{"@id":"https:\/\/www.suno.com.br\/noticias\/bce-mantem-juros-inalterados-3a-vez-seguida\/#primaryimage"},"thumbnailUrl":"https:\/\/files.sunoresearch.com.br\/n\/uploads\/2021\/04\/07dfe73c-euro-1256252_1280-jpg.webp","datePublished":"2024-01-25T16:49:31+00:00","dateModified":"2024-01-25T16:49:35+00:00","description":"O BCE refor\u00e7ou a mensagem de que manter\u00e1 n\u00edvel restritivo dos juros pelo tempo necess\u00e1rio para baixar a infla\u00e7\u00e3o \u00e0 meta","breadcrumb":{"@id":"https:\/\/www.suno.com.br\/noticias\/bce-mantem-juros-inalterados-3a-vez-seguida\/#breadcrumb"},"inLanguage":"pt-BR","potentialAction":[{"@type":"ReadAction","target":["https:\/\/www.suno.com.br\/noticias\/bce-mantem-juros-inalterados-3a-vez-seguida\/"]}]},{"@type":"ImageObject","inLanguage":"pt-BR","@id":"https:\/\/www.suno.com.br\/noticias\/bce-mantem-juros-inalterados-3a-vez-seguida\/#primaryimage","url":"https:\/\/files.sunoresearch.com.br\/n\/uploads\/2021\/04\/07dfe73c-euro-1256252_1280-jpg.webp","contentUrl":"https:\/\/files.sunoresearch.com.br\/n\/uploads\/2021\/04\/07dfe73c-euro-1256252_1280-jpg.webp","width":1280,"height":835,"caption":"BCE. Foto: Pixabay"},{"@type":"BreadcrumbList","@id":"https:\/\/www.suno.com.br\/noticias\/bce-mantem-juros-inalterados-3a-vez-seguida\/#breadcrumb","itemListElement":[{"@type":"ListItem","position":1,"name":"Not\u00edcias","item":"https:\/\/www.suno.com.br\/noticias\/"},{"@type":"ListItem","position":2,"name":"Internacional","item":"https:\/\/www.suno.com.br\/noticias\/internacional\/"},{"@type":"ListItem","position":3,"name":"BCE mant\u00e9m juros inalterados pela 3\u00aa vez seguida e refor\u00e7a mensagem sobre aperto prolongado"}]},{"@type":"WebSite","@id":"https:\/\/www.suno.com.br\/noticias\/#website","url":"https:\/\/www.suno.com.br\/noticias\/","name":"Suno Not\u00edcias","description":"Seu portal de informa\u00e7\u00e3o sobre o mundo dos investimentos","publisher":{"@id":"https:\/\/www.suno.com.br\/noticias\/#organization"},"potentialAction":[{"@type":"SearchAction","target":{"@type":"EntryPoint","urlTemplate":"https:\/\/www.suno.com.br\/noticias\/?s={search_term_string}"},"query-input":{"@type":"PropertyValueSpecification","valueRequired":true,"valueName":"search_term_string"}}],"inLanguage":"pt-BR"},{"@type":"Organization","@id":"https:\/\/www.suno.com.br\/noticias\/#organization","name":"Suno Not\u00edcias","url":"https:\/\/www.suno.com.br\/noticias\/","logo":{"@type":"ImageObject","inLanguage":"pt-BR","@id":"https:\/\/www.suno.com.br\/noticias\/#\/schema\/logo\/image\/","url":"https:\/\/files.sunoresearch.com.br\/n\/uploads\/2021\/09\/suno-logo.png","contentUrl":"https:\/\/files.sunoresearch.com.br\/n\/uploads\/2021\/09\/suno-logo.png","width":180,"height":180,"caption":"Suno Not\u00edcias"},"image":{"@id":"https:\/\/www.suno.com.br\/noticias\/#\/schema\/logo\/image\/"},"sameAs":["https:\/\/facebook.com\/sunoresearch","https:\/\/x.com\/sunoresearch","https:\/\/www.instagram.com\/suno","https:\/\/www.linkedin.com\/company\/suno-research\/","https:\/\/www.youtube.com\/c\/sunoresearch"]},{"@type":"Person","@id":"https:\/\/www.suno.com.br\/noticias\/#\/schema\/person\/c1b1bd3727fa852bd045e9dbff3673ea","name":"Reda\u00e7\u00e3o Suno Not\u00edcias","image":{"@type":"ImageObject","inLanguage":"pt-BR","@id":"https:\/\/www.suno.com.br\/noticias\/#\/schema\/person\/image\/","url":"https:\/\/secure.gravatar.com\/avatar\/b8104b9b5a71985d5238ee59fbe418af?s=96&r=g","contentUrl":"https:\/\/secure.gravatar.com\/avatar\/b8104b9b5a71985d5238ee59fbe418af?s=96&r=g","caption":"Reda\u00e7\u00e3o Suno Not\u00edcias"},"description":"O Suno Not\u00edcias \u00e9 um portal de informa\u00e7\u00f5es sobre Mercado Financeiro, Pol\u00edtica, Neg\u00f3cios, Economia e Finan\u00e7as Pessoais.","sameAs":["https:\/\/www.suno.com.br\/noticias","https:\/\/www.facebook.com\/sunonoticias\/","https:\/\/www.instagram.com\/sunonoticias\/","https:\/\/x.com\/https:\/\/twitter.com\/sunoresearch","https:\/\/www.youtube.com\/sunonoticias"],"url":"https:\/\/www.suno.com.br\/noticias\/author\/redacao-suno\/"}]}},"default_loop_html":"<div class=\"cardsPage__listCard__boxs\"><div class=\"cardsPage__listCard__boxs__img\"><a href=\"https:\/\/www.suno.com.br\/noticias\/bce-mantem-juros-inalterados-3a-vez-seguida\/\"><img class=\"mask\" src=\"https:\/\/www.suno.com.br\/noticias\/wp-content\/themes\/suno\/resources\/images\/spotlight\/spotlight1img\/bg-mask.png\" alt=\"Image Mask\"\/><img src=\"https:\/\/files.sunoresearch.com.br\/n\/uploads\/2021\/04\/07dfe73c-euro-1256252_1280-400x200.webp\" alt=\"BCE mant\u00e9m juros inalterados pela 3\u00aa vez seguida e refor\u00e7a mensagem sobre aperto prolongado\"\/><\/a><span class=\"spotlightCategory\"><a href=\"https:\/\/www.suno.com.br\/noticias\/internacional\/\">Internacional<\/a><\/span><\/div><div class=\"cardsPage__listCard__boxs__content\"><a href=\"https:\/\/www.suno.com.br\/noticias\/bce-mantem-juros-inalterados-3a-vez-seguida\/\"><h2 class=\"content__title\">BCE mant\u00e9m juros inalterados pela 3\u00aa vez seguida e refor\u00e7a mensagem sobre aperto prolongado<\/h2><\/a><div class=\"newsContent__article__meta\"><div class=\"newsContent__article__meta__authorBox\"><a href=\"https:\/\/www.suno.com.br\/noticias\/author\/redacao-suno\/\" class=\"authorBox__avatar noMobi\"><img src=\"https:\/\/files.sunoresearch.com.br\/n\/uploads\/2020\/08\/0ace682d-redacao-1-150x150.webp\" alt=\"Reda\u00e7\u00e3o Suno Not\u00edcias\"><\/a><div class=\"authorBox__name\"><span>por\n\t\t\t<a href=\"https:\/\/www.suno.com.br\/noticias\/author\/redacao-suno\/\"><span itemprop=\"author\">Reda\u00e7\u00e3o Suno Not\u00edcias<\/span><\/a><\/span><time datetime=\"2024-01-25T13:49:31-03:00\" itemprop=\"datePublished\">25\/01\/2024 13:49<\/time><\/div><\/div><\/div><\/div><\/div>","single_layout":"posts","amp_enabled":true,"_links":{"self":[{"href":"https:\/\/www.suno.com.br\/noticias\/wp-json\/wp\/v2\/posts\/515704"}],"collection":[{"href":"https:\/\/www.suno.com.br\/noticias\/wp-json\/wp\/v2\/posts"}],"about":[{"href":"https:\/\/www.suno.com.br\/noticias\/wp-json\/wp\/v2\/types\/post"}],"author":[{"embeddable":true,"href":"https:\/\/www.suno.com.br\/noticias\/wp-json\/wp\/v2\/users\/43"}],"replies":[{"embeddable":true,"href":"https:\/\/www.suno.com.br\/noticias\/wp-json\/wp\/v2\/comments?post=515704"}],"version-history":[{"count":2,"href":"https:\/\/www.suno.com.br\/noticias\/wp-json\/wp\/v2\/posts\/515704\/revisions"}],"predecessor-version":[{"id":515815,"href":"https:\/\/www.suno.com.br\/noticias\/wp-json\/wp\/v2\/posts\/515704\/revisions\/515815"}],"wp:featuredmedia":[{"embeddable":true,"href":"https:\/\/www.suno.com.br\/noticias\/wp-json\/wp\/v2\/media\/141527"}],"wp:attachment":[{"href":"https:\/\/www.suno.com.br\/noticias\/wp-json\/wp\/v2\/media?parent=515704"}],"wp:term":[{"taxonomy":"category","embeddable":true,"href":"https:\/\/www.suno.com.br\/noticias\/wp-json\/wp\/v2\/categories?post=515704"},{"taxonomy":"post_tag","embeddable":true,"href":"https:\/\/www.suno.com.br\/noticias\/wp-json\/wp\/v2\/tags?post=515704"},{"taxonomy":"suno_strategy","embeddable":true,"href":"https:\/\/www.suno.com.br\/noticias\/wp-json\/wp\/v2\/suno_strategy?post=515704"}],"curies":[{"name":"wp","href":"https:\/\/api.w.org\/{rel}","templated":true}]}}