{"id":515500,"date":"2024-01-24T22:56:50","date_gmt":"2024-01-25T01:56:50","guid":{"rendered":"https:\/\/www.suno.com.br\/noticias\/?p=515500"},"modified":"2024-01-24T22:57:04","modified_gmt":"2024-01-25T01:57:04","slug":"radar-telefonica-vivt3-santander-sanb11-b3-b3sa3","status":"publish","type":"post","link":"https:\/\/www.suno.com.br\/noticias\/radar-telefonica-vivt3-santander-sanb11-b3-b3sa3\/","title":{"rendered":"Radar: Telef\u00f4nica (VIVT3) anuncia redu\u00e7\u00e3o de capital, Santander (SANB11) vai recomprar units e B3 (B3SA3) pode aumentar valor de dividendos"},"content":{"rendered":"<p>Os acionistas da&nbsp;<strong>Telef\u00f4nica Brasil (VIVT3)<\/strong>, dona da Vivo, aprovaram, durante assembleia geral extraordin\u00e1ria, a redu\u00e7\u00e3o do&nbsp;<a href=\"https:\/\/www.suno.com.br\/artigos\/capital-social\/\" target=\"_blank\" rel=\"noreferrer noopener\">capital social<\/a>&nbsp;da operadora em R$ 1,5 bilh\u00e3o. Com isso, o capital passar\u00e1 de R$ 63,571 bilh\u00f5es para R$ 62,071 bilh\u00f5es.<\/p>\t<div class=\"wrapper-featured-image\">\n\t\t<figure class=\"spotlightImg\">\n\n\t\t\t<picture>\n\t\t\t\t<source media=\"(max-width: 768px)\" srcset=\"https:\/\/files.sunoresearch.com.br\/n\/uploads\/2021\/02\/2ad2106d-1200px-telefonica01-400x200.webp\">\n\t\t\t\t<img loading=\"lazy\" decoding=\"async\" class=\"newsContent__article__imgCapa lazyloadDisabled \" src=\"https:\/\/files.sunoresearch.com.br\/n\/uploads\/2021\/02\/2ad2106d-1200px-telefonica01-800x450.webp\" width=\"800\" height=\"450\" alt=\"Radar: Telef\u00f4nica (VIVT3) anuncia redu\u00e7\u00e3o de capital, Santander (SANB11) vai recomprar units e B3 (B3SA3) pode aumentar valor de dividendos\" fetchpriority=high \/>\n\t\t\t<\/picture>\n\n\t\t\t<figcaption class=\"wp-caption-text wp-caption-text--show\">Telef\u00f4nica Brasil. Foto: Divulga\u00e7\u00e3o<\/figcaption>\n\t\t<\/figure>\n\t<\/div>\n\n\n\n\n\n\t<p>\n\t\t<a href=\"https:\/\/lp.suno.com.br\/planilha-da-vida-financeira\/\" target=\"_blank\" data-element=\"shortcode-suno-banner\" title=\"Banner SUNO, clique e saiba mais\">\n\t\t\t<picture>\n\t\t\t\t<source media=\"(max-width: 500px)\" srcset=\"https:\/\/files.sunoresearch.com.br\/n\/uploads\/2023\/04\/400x300-Planilha-vida-financeira-true.png\">\n\t\t\t\t<img class=\"newsContent__article__imgCapa newsContent__article__imgCapa--banner\"\n\t\t\t\t\tsrc=\"https:\/\/files.sunoresearch.com.br\/n\/uploads\/2023\/04\/1420x240-Planilha-vida-financeira-true.png\"\n\t\t\t\t\tdata-promo-id=\"106682\"\t\t\t\t\t\t\t\t\t\twidth='1420' height='240'\t\t\t\t\talt=\"https:\/\/files.sunoresearch.com.br\/n\/uploads\/2023\/04\/1420x240-Planilha-vida-financeira-true.png\"\n\t\t\t\t>\n\t\t\t<\/picture>\n\t\t<\/a>\n\t<\/p>\n\n\n\n\n\n\n\n<p>De acordo com a companhia, a&nbsp;<strong>redu\u00e7\u00e3o do capital da Telef\u00f4nica<\/strong>&nbsp;acontecer\u00e1 mediante&nbsp;<strong>restitui\u00e7\u00e3o aos acionistas<\/strong>, no valor de R$ 0,90766944153 por a\u00e7\u00e3o ordin\u00e1ria, considerando o n\u00famero de a\u00e7\u00f5es em circula\u00e7\u00e3o. O pagamento ser\u00e1 feito em parcela \u00fanica, at\u00e9 o dia 31 de julho de 2024.<\/p>\n\n\n\n<p>Ter\u00e3o direito ao recebimento os&nbsp;<strong>acionistas da Telef\u00f4nica<\/strong>&nbsp;com pap\u00e9is no dia 10 de abril deste ano \u2013 ap\u00f3s esta data, as a\u00e7\u00f5es ser\u00e3o consideradas ex-diretos da restitui\u00e7\u00e3o.<\/p>\n\n\n\n<p>Em comunicado enviado \u00e0 Comiss\u00e3o de Valores Mobili\u00e1rios (CVM), a tele explicou ainda que a mudan\u00e7a mant\u00e9m inalterado o n\u00famero de a\u00e7\u00f5es e o porcentual de participa\u00e7\u00e3o dos acionistas no&nbsp;<strong>capital social da Telef\u00f4nica<\/strong>.<\/p>\n\n\n\n<p>Al\u00e9m de Telef\u00f4nica, confira outros destaques desta quarta-feira:<\/p>\n\n\n\n<h2 class=\"wp-block-heading\">Santander (SANB11) anuncia programa de recompra de at\u00e9 36,2 milh\u00f5es de units<\/h2>\n\n\n\n<ul class=\"wp-block-list\">\n<li>O&nbsp;<a href=\"https:\/\/www.suno.com.br\/artigos\/conselho-administracao\/\" target=\"_blank\" rel=\"noreferrer noopener\">conselho de administra\u00e7\u00e3o<\/a>&nbsp;do&nbsp;<strong>Santander (SANB11)<\/strong>&nbsp;aprovou, nesta quarta-feira, 24, um novo&nbsp;<strong>programa de recompra de at\u00e9 36,205 milh\u00f5es de units<\/strong>, que equivalem a mesma quantidade de&nbsp;<a href=\"https:\/\/www.suno.com.br\/artigos\/o-que-sao-acoes-ordinarias-preferenciais-e-units\/\" target=\"_blank\" rel=\"noreferrer noopener\">a\u00e7\u00f5es ordin\u00e1rias<\/a>&nbsp;e preferenciais, totalizando 1% do capital social da companhia.<\/li>\n<\/ul>\n\n\n\n<ul class=\"wp-block-list\">\n<li>Em comunicado enviado ao mercado, o banco explicou que o programa de recompra de&nbsp;<strong>units do Santander&nbsp;<\/strong>tem como objetivo maximizar a gera\u00e7\u00e3o de valor para os acionistas e viabilizar o pagamento de funcion\u00e1rios, administradores e empregados de n\u00edvel gerencial.<\/li>\n<\/ul>\n\n\n\n<ul class=\"wp-block-list\">\n<li>O<strong>&nbsp;programa do Santander<\/strong>, que ter\u00e1 prazo de 18 meses, contados a partir de 6 de fevereiro de 2024 e 6 de agosto de 2025, depender\u00e1 da \u201cexist\u00eancia de recursos dispon\u00edveis no momento da aquisi\u00e7\u00e3o das a\u00e7\u00f5es\u201d. Em dezembro de 2023, a institui\u00e7\u00e3o detinha nas contas de&nbsp;<a href=\"https:\/\/www.suno.com.br\/artigos\/reserva-capital\/\" target=\"_blank\" rel=\"noreferrer noopener\">reserva de capital<\/a>&nbsp;e de lucros o montante de R$ 28,47 bilh\u00f5es.<\/li>\n<\/ul>\n\n\n\n<ul class=\"wp-block-list\">\n<li>No final do ano passado, o Santander possu\u00eda 348,147 milh\u00f5es de&nbsp;<a href=\"https:\/\/www.suno.com.br\/artigos\/o-que-sao-acoes-ordinarias-preferenciais-e-units\/\" target=\"_blank\" rel=\"noreferrer noopener\">a\u00e7\u00f5es ordin\u00e1rias<\/a>&nbsp;e 375,952 milh\u00f5es de&nbsp;<a href=\"https:\/\/www.suno.com.br\/artigos\/acoes-preferenciais\/\" target=\"_blank\" rel=\"noreferrer noopener\">a\u00e7\u00f5es preferenciais<\/a>&nbsp;em circula\u00e7\u00e3o, excluindo os pap\u00e9is em tesouraria e detidas pelos controladores e administradores da empresa.<\/li>\n<\/ul>\n\n\n\n<h2 class=\"wp-block-heading\">B3 (B3SA3) deve aumentar dividendos, mas analistas mant\u00eam cautela; entenda<\/h2>\n\n\n\n<ul class=\"wp-block-list\">\n<li>Em novo relat\u00f3rio sobre companhias do segmento financeiro, analistas do Santander reiteraram recomenda\u00e7\u00e3o neutra para as a\u00e7\u00f5es da&nbsp;<a href=\"https:\/\/www.suno.com.br\/acoes\/B3SA3\/\" target=\"_blank\" rel=\"noreferrer noopener\"><strong>B3<\/strong>&nbsp;(B3SA3)<\/a>, apesar de projetaram um aumento expressivo do pagamento de&nbsp;<a href=\"https:\/\/www.suno.com.br\/guias\/dividendos\/\" target=\"_blank\" rel=\"noreferrer noopener\">dividendos<\/a>&nbsp;da companhia neste e no pr\u00f3ximo ano.<\/li>\n<\/ul>\n\n\n\n<ul class=\"wp-block-list\">\n<li>Os especialistas esperam que as&nbsp;<strong>a\u00e7\u00f5es da B3<\/strong>&nbsp;somem um dividend yield (DY) de 6,7% neste ano e que ele suba para 7,3% no ano de 2025.<\/li>\n<\/ul>\n\n\n\n<ul class=\"wp-block-list\">\n<li>Atualmente,&nbsp;<a href=\"https:\/\/statusinvest.com.br\/acoes\/b3sa3?__hstc=189907700.57003753d8805be60d3d8f1693f0228c.1666093829288.1706063794129.1706145404988.334&amp;__hssc=189907700.24.1706145404988&amp;__hsfp=2194299992\" target=\"_blank\" rel=\"noreferrer noopener\">conforme os dados do Status Invest<\/a>, os&nbsp;<strong>dividendos da B3<\/strong>&nbsp;representam um yield de cerca de 3%, com R$ 0,4185 pagos por a\u00e7\u00e3o no acumulado dos \u00faltimos 12 meses.<\/li>\n<\/ul>\n\n\n\n<ul class=\"wp-block-list\">\n<li>O Santander, contudo, aumentou suas proje\u00e7\u00f5es mas ainda mant\u00e9m cautela com os pap\u00e9is&nbsp;<strong>B3SA3<\/strong>. Com recomenda\u00e7\u00e3o neutra, a casa mira um pre\u00e7o-alvo de R$ 17, ante uma cota\u00e7\u00e3o de menos de R$ 14 atualmente.<\/li>\n<\/ul>\n\n\n\n<ul class=\"wp-block-list\">\n<li>\u201cProjetamos crescimento de ADTV (<a href=\"https:\/\/www.suno.com.br\/noticias\/b3-b3sa3-volume-negociacao-dezembro\/\">Volume m\u00e9dio di\u00e1rio negociado<\/a>) de cash equity de 15% na base anual, para R$ 29 bilh\u00f5es, levando a companhia a ter um&nbsp;<a href=\"https:\/\/www.suno.com.br\/artigos\/lucro-liquido\/\" target=\"_blank\" rel=\"noreferrer noopener\">lucro l\u00edquido<\/a>&nbsp;ajustado de R$ 5,257 bilh\u00f5es, 5% acima das proje\u00e7\u00f5es do consenso. Os ganhos de efici\u00eancia dever\u00e3o desempenhar um papel importante em 2024, de acordo com o guidance da B3, o que implica um aumento em rela\u00e7\u00e3o ao nosso valor estimado para 2024\u2033, observa a casa.<\/li>\n<\/ul>\n\n\n\n<ul class=\"wp-block-list\">\n<li>\u201cAtualizamos novamente nossa an\u00e1lise pr\u00e1tica: para cada aumento de R$ 5 bilh\u00f5es em ADTV, nosso pre\u00e7o-alvo aumentaria em cerca de R$ 3,00. Nesse sentido reiteramos nosso pre\u00e7o-alvo de R$ 17,00 por a\u00e7\u00e3o para o exerc\u00edcio de 2024, pois mantemos nossa classifica\u00e7\u00e3o Neutra\u201d, completa.<\/li>\n<\/ul>\n\n\n\n<ul class=\"wp-block-list\">\n<li>O otimismo do Santander, assim, fica reservado \u00e0s a\u00e7\u00f5es da&nbsp;<a href=\"https:\/\/www.suno.com.br\/noticias\/mdias-branco-mdia3-projecao-queda-lucro-4t23\/\" target=\"_blank\" rel=\"noreferrer noopener\">XP<\/a>&nbsp;e do&nbsp;<a href=\"https:\/\/www.suno.com.br\/noticias\/credit-suisse-patria-compra-fiis-evm\/\" target=\"_blank\" rel=\"noreferrer noopener\">P\u00e1tria<\/a>, com recomenda\u00e7\u00f5es de compra e pre\u00e7os-alvo de US$ 33 e US$ 23, respectivamente.<\/li>\n<\/ul>\n\n\n\n<ul class=\"wp-block-list\">\n<li>\u201cO m\u00eas de agosto de 2023 registrou o primeiro corte na Selic desde 2020, e nossa equipe macro espera que os cortes continuem gradativamente at\u00e9 o final de 2025, quando a Selic poder\u00e1 atingir 7%\u201d, observa o Santander.<\/li>\n<\/ul>\n\n\n\n<ul class=\"wp-block-list\">\n<li>\u201cEm ciclos de flexibiliza\u00e7\u00e3o t\u00e3o longos, empresas com beta alto como a XP tendem a ter um bom desempenho, e n\u00f3s acreditam que provavelmente ser\u00e1 o pa\u00eds que mais se beneficiar\u00e1 com uma Selic mais baixa: o desempenho do pre\u00e7o da XP est\u00e1 ~80% correlacionado \u00e0&nbsp;<a href=\"https:\/\/www.suno.com.br\/artigos\/taxa-selic\/\" target=\"_blank\" rel=\"noreferrer noopener\">taxa Selic<\/a>, de acordo com dados hist\u00f3ricos\u201d, completa.<\/li>\n<\/ul>\n\n\n\n<h2 class=\"wp-block-heading\">Petrobras (PETR4), Vale (VALE3) e Banco do Brasil (BBSA3): quais a\u00e7\u00f5es devem pagar os maiores dividendos em 2024?<\/h2>\n\n\n\n<ul class=\"wp-block-list\">\n<li>Tr\u00eas empresas despontam como robustas pagadoras de&nbsp;<a href=\"https:\/\/www.suno.com.br\/guias\/dividendos\/\" target=\"_blank\" rel=\"noreferrer noopener\">dividendos<\/a>, prometendo retornos atrativos. Segundo Jo\u00e3o Daronco, analista CNPI da Suno, o&nbsp;<a href=\"https:\/\/www.suno.com.br\/acoes\/BBAS3\/\" target=\"_blank\" rel=\"noreferrer noopener\">Banco do Brasil (BBAS3)<\/a>,&nbsp;<a href=\"https:\/\/www.suno.com.br\/acoes\/VALE3\/\" target=\"_blank\" rel=\"noreferrer noopener\">Vale (VALE3)<\/a>&nbsp;e&nbsp;<strong>Petrobras (PETR4)<\/strong>&nbsp;s\u00e3o as principais a\u00e7\u00f5es para o investidor ficar de olho em 2024.<\/li>\n<\/ul>\n\n\n\n<ul class=\"wp-block-list\">\n<li>Quanto ao&nbsp;<strong>Banco do Brasil<\/strong>, o setor banc\u00e1rio \u00e9 conhecido por oferecer oportunidades lucrativas, notadamente por meio de dividendos generosos. Para Daronco, o Banco do Brasil apresentou valoriza\u00e7\u00e3o expressiva no ano anterior e continua projetando dividendos atrativos para o atual exerc\u00edcio.&nbsp;<\/li>\n<\/ul>\n\n\n\n<ul class=\"wp-block-list\">\n<li>Dessa forma, \u00e9 estimado ao Banco do Brasil um dividend yield anual entre 9% a 10%, potencialmente superando a taxa Selic, caso esta sofra redu\u00e7\u00f5es ao longo do ano. \u201cA gente continua bem otimista com o banco. Ele tem uma participa\u00e7\u00e3o muito relevante no agroneg\u00f3cio, que corresponde a 30% da carteira de cr\u00e9dito do banco\u201d, diz Daronco em live no Canal Suno no Youtube.<\/li>\n<\/ul>\n\n\n\n<ul class=\"wp-block-list\">\n<li>Outra empresa que merece destaque como<strong>&nbsp;pagadora de dividendos<\/strong>&nbsp;\u00e9 a&nbsp;<strong>Vale<\/strong>, uma das maiores mineradoras de min\u00e9rio. Al\u00e9m de produzir predominantemente min\u00e9rio de ferro, a empresa tem opera\u00e7\u00f5es em n\u00edquel, cobre e cobalto.&nbsp;<\/li>\n<\/ul>\n\n\n\n<ul class=\"wp-block-list\">\n<li>Daronco projeta um dividend yield em torno de 8% a 9% no ano para Vale, impulsionada por uma forte&nbsp;<a href=\"https:\/\/www.suno.com.br\/artigos\/geracao-de-caixa\/\" target=\"_blank\" rel=\"noreferrer noopener\">gera\u00e7\u00e3o de caixa<\/a>&nbsp;e a perspectiva favor\u00e1vel para os pre\u00e7os do min\u00e9rio de ferro,<\/li>\n<\/ul>\n\n\n\n<ul class=\"wp-block-list\">\n<li>Por fim, o analista cita a&nbsp;<a href=\"https:\/\/www.suno.com.br\/acoes\/PETR4\/\" target=\"_blank\" rel=\"noreferrer noopener\">Petrobras (PETR4)<\/a>, estatal que saiu de uma posi\u00e7\u00e3o de extremo endividamento para se tornar uma das principais&nbsp;<strong>distribuidoras de dividendos<\/strong>&nbsp;do mundo.&nbsp;<\/li>\n<\/ul>\n\n\n\n<ul class=\"wp-block-list\">\n<li>Embora a previs\u00e3o para 2024 aponte para um montante menor em compara\u00e7\u00e3o aos anos anteriores, devido \u00e0 queda nos pre\u00e7os do petr\u00f3leo e \u00e0s novas diretrizes de investimento do governo, a Petrobras ainda mant\u00e9m um&nbsp;<strong>dividend yield<\/strong>&nbsp;estimado entre 12% e 15%.<\/li>\n<\/ul>\n\n\n\t<p>\n\t\t<a href=\"https:\/\/lp.suno.com.br\/ebook-como-analisar-uma-acao\/\" target=\"_blank\" data-element=\"shortcode-suno-banner\" title=\"Banner SUNO, clique e saiba mais\">\n\t\t\t<picture>\n\t\t\t\t<source media=\"(max-width: 500px)\" srcset=\"https:\/\/files.sunoresearch.com.br\/n\/uploads\/2023\/03\/Ebook-Acoes-Mobile.jpg\">\n\t\t\t\t<img class=\"newsContent__article__imgCapa newsContent__article__imgCapa--banner\"\n\t\t\t\t\tsrc=\"https:\/\/files.sunoresearch.com.br\/n\/uploads\/2023\/03\/Ebook-Acoes-Desktop.jpg\"\n\t\t\t\t\tdata-promo-id=\"378302\"\t\t\t\t\t\t\t\t\t\twidth='1420' height='286'\t\t\t\t\talt=\"https:\/\/files.sunoresearch.com.br\/n\/uploads\/2023\/03\/Ebook-Acoes-Desktop.jpg\"\n\t\t\t\t>\n\t\t\t<\/picture>\n\t\t<\/a>\n\t<\/p>\n\n\n\n\n\n<h2 class=\"wp-block-heading\">Banco do Brasil (BBAS3) deve seguir como empresa do setor com as a\u00e7\u00f5es mais atrativas em 2024, dizem analistas<\/h2>\n\n\n\n<ul class=\"wp-block-list\">\n<li>Ap\u00f3s um ano de 2023 marcado por mudan\u00e7as regulat\u00f3rias e por alguns players do setor de bancos sofrendo com inadimpl\u00eancia elevada, a expectativa do mercado \u00e9 de que o in\u00edcio de 2024 mantenha um cen\u00e1rio razoavelmente semelhante, com&nbsp;<a href=\"https:\/\/www.suno.com.br\/acoes\/BBAS3\/\" target=\"_blank\" rel=\"noreferrer noopener\"><strong>Banco do Brasil<\/strong>&nbsp;(BBAS3)<\/a>&nbsp;e&nbsp;<a href=\"https:\/\/www.suno.com.br\/acoes\/ITUB4\/\" target=\"_blank\" rel=\"noreferrer noopener\">Ita\u00fa (ITUB4)<\/a>&nbsp;tendo predile\u00e7\u00e3o em rela\u00e7\u00e3o ao&nbsp;<a href=\"https:\/\/www.suno.com.br\/acoes\/BBDC4\/\" target=\"_blank\" rel=\"noreferrer noopener\">Bradesco (BBDC4)<\/a>&nbsp;e&nbsp;<a href=\"https:\/\/www.suno.com.br\/acoes\/SANB11\/\" target=\"_blank\" rel=\"noreferrer noopener\">Santander (SANB11)<\/a>.<\/li>\n<\/ul>\n\n\n\n<ul class=\"wp-block-list\">\n<li>O Banco do Brasil, especificamente, teve um ano glorioso em 2023, com um rali expressivo de mais de 40% ap\u00f3s ter iniciado o per\u00edodo com ru\u00eddos e com um valuation que era considerado extremamente atrativo, dada a&nbsp;<a href=\"https:\/\/www.suno.com.br\/artigos\/saude-financeira\/\" target=\"_blank\" rel=\"noreferrer noopener\">sa\u00fade financeira<\/a>&nbsp;da companhia, o pr\u00eamio em rela\u00e7\u00e3o aos pares privados e o teor da carteira de cr\u00e9dito.<\/li>\n<\/ul>\n\n\n\n<ul class=\"wp-block-list\">\n<li>Jos\u00e9 Eduardo Daronco, analista CNPI da Suno Research, destaca que as&nbsp;<strong>a\u00e7\u00f5es do Banco do Brasil<\/strong>&nbsp;j\u00e1 n\u00e3o est\u00e3o mais t\u00e3o baratas \u2013 contudo ainda s\u00e3o as que reservam o maior otimismo por parte da casa.<\/li>\n<\/ul>\n\n\n\n<ul class=\"wp-block-list\">\n<li>\u201cA nossa vis\u00e3o \u00e9 de que&nbsp;<strong>BBAS3<\/strong>&nbsp;vai se sair bem, mas n\u00e3o tanto quando em 2023, porque uma parte do pre\u00e7o j\u00e1 foi corrigida\u201d, observa o especialista.<\/li>\n<\/ul>\n\n\n\n<ul class=\"wp-block-list\">\n<li>A opini\u00e3o vai ao encontro do consenso do&nbsp;<a href=\"https:\/\/www.suno.com.br\/artigos\/sell-side\/\" target=\"_blank\" rel=\"noreferrer noopener\">sell side<\/a>, dado que de 14 analistas que cobrem a companhia, 11 recomendam compra para os pap\u00e9is, ante duas recomenda\u00e7\u00f5es neutra e somente uma de venda.<\/li>\n<\/ul>\n\n\n\n<ul class=\"wp-block-list\">\n<li>O pre\u00e7o-alvo m\u00e9dio \u00e9 de R$ 66, ao passo que os pap\u00e9is negociam a cerca de R$ 56 em bolsa.<\/li>\n<\/ul>\n\n\n\n<ul class=\"wp-block-list\">\n<li>Daronco acrescenta que esse cen\u00e1rio n\u00e3o tem somente a ver com a carteira de cr\u00e9dito mais segura do&nbsp;<strong>BB<\/strong>&nbsp;\u2013 com exposi\u00e7\u00e3o ao setor do agroneg\u00f3cio e servidores p\u00fablicos \u2013 mas tamb\u00e9m do pre\u00e7o.<\/li>\n<\/ul>\n\n\n\n<ul class=\"wp-block-list\">\n<li>\u201cO banco tem um des\u00e1gio em rela\u00e7\u00e3o aos pares privados, por conta de ser uma empresa controlada pelo governo. Mas quando analisamos, vemos um ROE perto do It\u00e1u (ITUB4). Olhando para os m\u00faltiplos, tem uma diferen\u00e7a grande em rela\u00e7\u00e3o \u00e0 m\u00e9dia hist\u00f3rica. O Banco do Brasil nunca foi um banco t\u00e3o rent\u00e1vel quanto hoje\u201d, explica.<\/li>\n<\/ul>\n\n\n\n<h2 class=\"wp-block-heading\">GM (GMCO34) anuncia investimento de R$ 7 bilh\u00f5es no Brasil entre 2024 e 2028<\/h2>\n\n\n\n<ul class=\"wp-block-list\">\n<li>A General Motors, a<strong>&nbsp;GM<\/strong>&nbsp;(<a href=\"https:\/\/www.suno.com.br\/bdrs\/gmco34\/\" target=\"_blank\" rel=\"noreferrer noopener\">GMCO34<\/a>), anunciou nesta quarta-feira, 24, um novo ciclo de investimento para suas opera\u00e7\u00f5es no Brasil. O valor corresponde a R$ 7 bilh\u00f5es, que ser\u00e3o aplicados no per\u00edodo de 2024 a 2028, tendo foco na mobilidade sustent\u00e1vel.<\/li>\n<\/ul>\n\n\n\n<ul class=\"wp-block-list\">\n<li>Os&nbsp;<strong>investimentos da GM<\/strong>&nbsp;abrangem a renova\u00e7\u00e3o completa do portf\u00f3lio de&nbsp;<strong>ve\u00edculos da General Motors<\/strong>, desenvolvimento de tecnologias adaptadas ao mercado local. Ser\u00e3o seis novos modelos de ve\u00edculos a serem lan\u00e7ados nos pr\u00f3ximos anos. Haver\u00e1 tamb\u00e9m investimento na estrutura\u00e7\u00e3o das f\u00e1bricas.<\/li>\n<\/ul>\n\n\n\n<ul class=\"wp-block-list\">\n<li>O&nbsp;<strong>presidente da GM<\/strong>&nbsp;International, Shilpan Amin, havia se reunido mais cedo com o presidente Luiz In\u00e1cio Lula da Silva no Pal\u00e1cio do Planalto.<\/li>\n<\/ul>\n\n\n\n<ul class=\"wp-block-list\">\n<li>O encontro contou com a participa\u00e7\u00e3o do vice-presidente da Rep\u00fablica e ministro da Ind\u00fastria e Com\u00e9rcio, Geraldo Alckmin, al\u00e9m do ministro da Casa Civil, Rui Costa.<\/li>\n<\/ul>\n\n\n\n<h2 class=\"wp-block-heading\">Superintend\u00eancia do Cade aprova opera\u00e7\u00f5es entre Petrobras (PETR4) Enauta (ENAT3) e Gas Opportunity<\/h2>\n\n\n\n<ul class=\"wp-block-list\">\n<li>A Superintend\u00eancia Geral do&nbsp;<a href=\"https:\/\/www.suno.com.br\/artigos\/cade\/\" target=\"_blank\" rel=\"noreferrer noopener\">Conselho Administrativo de Defesa Econ\u00f4mica (Cade)<\/a>&nbsp;aprovou sem restri\u00e7\u00f5es os atos de concentra\u00e7\u00e3o envolvendo a&nbsp;<a href=\"https:\/\/www.suno.com.br\/acoes\/PETR4\/\" target=\"_blank\" rel=\"noreferrer noopener\"><strong>Petrobras<\/strong>&nbsp;(PETR4)<\/a>, a&nbsp;<a href=\"https:\/\/www.suno.com.br\/acoes\/ENAT3\/\" target=\"_blank\" rel=\"noreferrer noopener\">Enauta (ENAT3)<\/a>&nbsp;e a Gas Opportunity.<\/li>\n<\/ul>\n\n\n\n<ul class=\"wp-block-list\">\n<li>As opera\u00e7\u00f5es aprovadas pelo Cade que envolvem a Petrobras s\u00e3o duas opera\u00e7\u00f5es distintas que configuram dois atos de concentra\u00e7\u00e3o.<\/li>\n<\/ul>\n\n\n\n<ul class=\"wp-block-list\">\n<li>O despacho favor\u00e1vel aos neg\u00f3cios est\u00e1 publicado no Di\u00e1rio Oficial da Uni\u00e3o desta quarta-feira (24).<\/li>\n<\/ul>\n\n\n\n<ul class=\"wp-block-list\">\n<li>Segundo parecer do&nbsp;<strong>Cade<\/strong>, a opera\u00e7\u00e3o consiste na aquisi\u00e7\u00e3o, pela Enauta Energia, dos seguintes ativos localizados na Bacia de Santos: da totalidade da participa\u00e7\u00e3o (100%) detida pela Petrobras nos Campos de Urugu\u00e1 e Tamba\u00fa da Concess\u00e3o BS-5007 e no Gasoduto Urugu\u00e1-Mexilh\u00e3o; e do FPSO Cidade de Santos MV20, detido pela Gas Opportunity, que est\u00e1 afretado para a Petrobras para a pr\u00f3pria opera\u00e7\u00e3o desses campos.<\/li>\n<\/ul>\n\n\n\n<ul class=\"wp-block-list\">\n<li>A Superintend\u00eancia esclarece, no parecer, que a opera\u00e7\u00e3o envolve dois atos de concentra\u00e7\u00e3o de notifica\u00e7\u00e3o obrigat\u00f3ria ao Cade.<\/li>\n<\/ul>\n\n\n\n<ul class=\"wp-block-list\">\n<li>Por considerar dois atos distintos, a superintend\u00eancia requereu o recolhimento de uma taxa processual adicional, mas manteve a an\u00e1lise dos atos de concentra\u00e7\u00e3o em conjunto, \u201cpor efici\u00eancia processual\u201d.<\/li>\n<\/ul>\n\n\n\n<ul class=\"wp-block-list\">\n<li>O valor da opera\u00e7\u00e3o \u00e9 de acesso restrito e n\u00e3o foi dado publicidade, de acordo com o parecer do Cade.<\/li>\n<\/ul>\n\n\n\n<ul class=\"wp-block-list\">\n<li>\u201cComo justificativa para a realiza\u00e7\u00e3o da Opera\u00e7\u00e3o, as Requerentes explicam que, para a Compradora, a Opera\u00e7\u00e3o est\u00e1 em linha com sua estrat\u00e9gia de valoriza\u00e7\u00e3o e diversifica\u00e7\u00e3o de seu portf\u00f3lio na ind\u00fastria brasileira de \u00f3leo e g\u00e1s por meio de aquisi\u00e7\u00f5es de campos de petr\u00f3leo e g\u00e1s natural que apresentem potencial de incremento de produ\u00e7\u00e3o e reservas\u201d, diz o documento da superintend\u00eancia do Cade.<\/li>\n<\/ul>\n\n\n\n<ul class=\"wp-block-list\">\n<li>\u201cPara a G\u00e1s Opportunity, a Opera\u00e7\u00e3o est\u00e1 alinhada \u00e0s suas estrat\u00e9gias de otimiza\u00e7\u00e3o de portf\u00f3lio e \u00e0 melhoria de aloca\u00e7\u00e3o do capital. J\u00e1 para a Petrobras, a Opera\u00e7\u00e3o est\u00e1 alinhada com o direcionamento de seus investimentos no segmento de explora\u00e7\u00e3o e produ\u00e7\u00e3o, com foco em ativos mais aderentes \u00e0 sua estrat\u00e9gia, que envolve, dentre outras, a descarboniza\u00e7\u00e3o crescente de suas opera\u00e7\u00f5es\u201d, completa.<\/li>\n<\/ul>\n\n\n\n<ul class=\"wp-block-list\">\n<li>A opera\u00e7\u00e3o est\u00e1 sujeita \u00e0 aprova\u00e7\u00e3o da Ag\u00eancia Nacional do Petr\u00f3leo, G\u00e1s Natural e Biocombust\u00edveis (ANP).<\/li>\n<\/ul>\n\n\n\n<p>Da Telef\u00f4nica \u00e0 B3, essas foram as empresas que se destacaram hoje. Para ler todas as mat\u00e9rias&nbsp;<strong><a href=\"https:\/\/www.suno.com.br\/noticias\/todos\/?utm_content=XYOE2ItQuUY.20201113&amp;utm_campaign=Track%2B&amp;utm_medium=video&amp;utm_source=telegram.sunoresearch\" target=\"_blank\" rel=\"noreferrer noopener\">clique aqui<\/a><\/strong>.<a href=\"https:\/\/lp.suno.com.br\/planilha-da-vida-financeira\/\" target=\"_blank\" rel=\"noreferrer noopener\"><\/a><a href=\"https:\/\/lp.suno.com.br\/cl\/webinario-suno-black-2024\/\" target=\"_blank\" rel=\"noreferrer noopener\"><\/a><a href=\"https:\/\/lp.suno.com.br\/planilha-da-vida-financeira\/\" target=\"_blank\" rel=\"noreferrer noopener\"><\/a><a href=\"https:\/\/lp.suno.com.br\/planilha-da-vida-financeira\/\" target=\"_blank\" rel=\"noreferrer noopener\"><\/a><a href=\"https:\/\/lp.suno.com.br\/planilha-da-vida-financeira\/\" target=\"_blank\" rel=\"noreferrer noopener\"><\/a><a href=\"https:\/\/lp.suno.com.br\/planilha-da-vida-financeira\/\" target=\"_blank\" rel=\"noreferrer noopener\"><\/a><a href=\"https:\/\/lp.suno.com.br\/planilha-da-vida-financeira\/\" target=\"_blank\" rel=\"noreferrer noopener\"><\/a><\/p>\n\n\n\t<p>\n\t\t<a href=\"https:\/\/lp.suno.com.br\/planilha-da-vida-financeira\/\" target=\"_blank\" data-element=\"shortcode-suno-banner\" title=\"Banner SUNO, clique e saiba mais\">\n\t\t\t<picture>\n\t\t\t\t<source media=\"(max-width: 500px)\" srcset=\"https:\/\/files.sunoresearch.com.br\/n\/uploads\/2023\/04\/400x300-Planilha-vida-financeira-true.png\">\n\t\t\t\t<img class=\"newsContent__article__imgCapa newsContent__article__imgCapa--banner\"\n\t\t\t\t\tsrc=\"https:\/\/files.sunoresearch.com.br\/n\/uploads\/2023\/04\/1420x240-Planilha-vida-financeira-true.png\"\n\t\t\t\t\tdata-promo-id=\"383123\"\t\t\t\t\t\t\t\t\t\twidth='1420' height='240'\t\t\t\t\talt=\"https:\/\/files.sunoresearch.com.br\/n\/uploads\/2023\/04\/1420x240-Planilha-vida-financeira-true.png\"\n\t\t\t\t>\n\t\t\t<\/picture>\n\t\t<\/a>\n\t<\/p>\n\n\n","protected":false},"excerpt":{"rendered":"<p>Os acionistas da&nbsp;Telef\u00f4nica Brasil (VIVT3), dona da Vivo, aprovaram, durante assembleia geral extraordin\u00e1ria, a redu\u00e7\u00e3o do&nbsp;capital social&nbsp;da operadora em R$ 1,5 bilh\u00e3o. Com isso, o capital passar\u00e1 de R$ 63,571 bilh\u00f5es para R$ 62,071 bilh\u00f5es. Telef\u00f4nica Brasil. Foto: Divulga\u00e7\u00e3o De acordo com a companhia, a&nbsp;redu\u00e7\u00e3o do capital da Telef\u00f4nica&nbsp;acontecer\u00e1 mediante&nbsp;restitui\u00e7\u00e3o aos acionistas, no valor de [&hellip;]<\/p>\n","protected":false},"author":227,"featured_media":121537,"comment_status":"closed","ping_status":"closed","sticky":false,"template":"","format":"standard","meta":[],"categories":[64],"tags":[367,732,86780,106294,595,624,659,676],"suno_strategy":[],"class_list":["post-515500","post","type-post","status-publish","format-standard","has-post-thumbnail","hentry","category-negocios","tag-b3-b3sa3","tag-banco-do-brasil-bbas3","tag-enauta-enat3","tag-gmco34","tag-petrobras-petr4","tag-santander-sanb11-sanb3-sanb4","tag-telefonica-vivt3","tag-vale-vale3"],"yoast_head":"<!-- This site is optimized with the Yoast SEO plugin v24.4 - https:\/\/yoast.com\/wordpress\/plugins\/seo\/ -->\n<title>Radar: Telef\u00f4nica (VIVT3) anuncia redu\u00e7\u00e3o de capital, Santander (SANB11) vai recomprar units e B3 (B3SA3) pode aumentar valor de dividendos<\/title>\n<meta name=\"description\" content=\"Telef\u00f4nica (VIVT3) deve reduzir capital, Santander (SANB11) anuncia recompra de units e B3 (B3SA3) pode aumentar valor de dividendos\" \/>\n<meta name=\"robots\" content=\"index, follow, max-snippet:-1, max-image-preview:large, max-video-preview:-1\" \/>\n<link rel=\"canonical\" href=\"https:\/\/www.suno.com.br\/noticias\/radar-telefonica-vivt3-santander-sanb11-b3-b3sa3\/\" \/>\n<meta property=\"og:locale\" content=\"pt_BR\" \/>\n<meta property=\"og:type\" content=\"article\" \/>\n<meta property=\"og:title\" content=\"Radar: Telef\u00f4nica (VIVT3) anuncia redu\u00e7\u00e3o de capital, Santander (SANB11) vai recomprar units e B3 (B3SA3) pode aumentar valor de dividendos\" \/>\n<meta property=\"og:description\" content=\"Telef\u00f4nica (VIVT3) deve reduzir capital, Santander (SANB11) anuncia recompra de units e B3 (B3SA3) pode aumentar valor de dividendos\" \/>\n<meta property=\"og:url\" content=\"https:\/\/www.suno.com.br\/noticias\/radar-telefonica-vivt3-santander-sanb11-b3-b3sa3\/\" \/>\n<meta property=\"og:site_name\" content=\"Suno Not\u00edcias\" \/>\n<meta property=\"article:publisher\" content=\"https:\/\/facebook.com\/sunoresearch\" \/>\n<meta property=\"og:image\" content=\"https:\/\/files.sunoresearch.com.br\/n\/uploads\/2021\/02\/2ad2106d-1200px-telefonica01.jpg\" \/>\n\t<meta property=\"og:image:width\" content=\"1200\" \/>\n\t<meta property=\"og:image:height\" content=\"900\" \/>\n\t<meta property=\"og:image:type\" content=\"image\/jpeg\" \/>\n<meta name=\"author\" content=\"Vanessa Loiola\" \/>\n<meta name=\"twitter:card\" content=\"summary_large_image\" \/>\n<meta name=\"twitter:creator\" content=\"@sunoresearch\" \/>\n<meta name=\"twitter:site\" content=\"@sunoresearch\" \/>\n<meta name=\"twitter:label1\" content=\"Escrito por\" \/>\n\t<meta name=\"twitter:data1\" content=\"Vanessa Loiola\" \/>\n\t<meta name=\"twitter:label2\" content=\"Est. tempo de leitura\" \/>\n\t<meta name=\"twitter:data2\" content=\"11 minutos\" \/>\n<script type=\"application\/ld+json\" class=\"yoast-schema-graph\">{\"@context\":\"https:\/\/schema.org\",\"@graph\":[{\"@type\":\"NewsArticle\",\"@id\":\"https:\/\/www.suno.com.br\/noticias\/radar-telefonica-vivt3-santander-sanb11-b3-b3sa3\/#article\",\"isPartOf\":{\"@id\":\"https:\/\/www.suno.com.br\/noticias\/radar-telefonica-vivt3-santander-sanb11-b3-b3sa3\/\"},\"author\":{\"name\":\"Vanessa Loiola\",\"@id\":\"https:\/\/www.suno.com.br\/noticias\/#\/schema\/person\/450c455ecff319bab1f1a0e643451479\"},\"headline\":\"Radar: Telef\u00f4nica (VIVT3) anuncia redu\u00e7\u00e3o de capital, Santander (SANB11) vai recomprar units e B3 (B3SA3) pode aumentar valor de dividendos\",\"datePublished\":\"2024-01-25T01:56:50+00:00\",\"dateModified\":\"2024-01-25T01:57:04+00:00\",\"mainEntityOfPage\":{\"@id\":\"https:\/\/www.suno.com.br\/noticias\/radar-telefonica-vivt3-santander-sanb11-b3-b3sa3\/\"},\"wordCount\":2152,\"publisher\":{\"@id\":\"https:\/\/www.suno.com.br\/noticias\/#organization\"},\"image\":{\"@id\":\"https:\/\/www.suno.com.br\/noticias\/radar-telefonica-vivt3-santander-sanb11-b3-b3sa3\/#primaryimage\"},\"thumbnailUrl\":\"https:\/\/files.sunoresearch.com.br\/n\/uploads\/2021\/02\/2ad2106d-1200px-telefonica01-jpg.webp\",\"keywords\":[\"B3 (B3SA3)\",\"Banco do Brasil (BBAS3)\",\"Enauta (ENAT3)\",\"GMCO34\",\"Petrobras (PETR4)\",\"Santander (SANB11\/SANB3\/SANB4)\",\"Telef\u00f4nica (VIVT3)\",\"Vale (VALE3)\"],\"articleSection\":[\"Neg\u00f3cios\"],\"inLanguage\":\"pt-BR\"},{\"@type\":\"WebPage\",\"@id\":\"https:\/\/www.suno.com.br\/noticias\/radar-telefonica-vivt3-santander-sanb11-b3-b3sa3\/\",\"url\":\"https:\/\/www.suno.com.br\/noticias\/radar-telefonica-vivt3-santander-sanb11-b3-b3sa3\/\",\"name\":\"Radar: Telef\u00f4nica (VIVT3) anuncia redu\u00e7\u00e3o de capital, Santander (SANB11) vai recomprar units e B3 (B3SA3) pode aumentar valor de dividendos\",\"isPartOf\":{\"@id\":\"https:\/\/www.suno.com.br\/noticias\/#website\"},\"primaryImageOfPage\":{\"@id\":\"https:\/\/www.suno.com.br\/noticias\/radar-telefonica-vivt3-santander-sanb11-b3-b3sa3\/#primaryimage\"},\"image\":{\"@id\":\"https:\/\/www.suno.com.br\/noticias\/radar-telefonica-vivt3-santander-sanb11-b3-b3sa3\/#primaryimage\"},\"thumbnailUrl\":\"https:\/\/files.sunoresearch.com.br\/n\/uploads\/2021\/02\/2ad2106d-1200px-telefonica01-jpg.webp\",\"datePublished\":\"2024-01-25T01:56:50+00:00\",\"dateModified\":\"2024-01-25T01:57:04+00:00\",\"description\":\"Telef\u00f4nica (VIVT3) deve reduzir capital, Santander (SANB11) anuncia recompra de units e B3 (B3SA3) pode aumentar valor de dividendos\",\"breadcrumb\":{\"@id\":\"https:\/\/www.suno.com.br\/noticias\/radar-telefonica-vivt3-santander-sanb11-b3-b3sa3\/#breadcrumb\"},\"inLanguage\":\"pt-BR\",\"potentialAction\":[{\"@type\":\"ReadAction\",\"target\":[\"https:\/\/www.suno.com.br\/noticias\/radar-telefonica-vivt3-santander-sanb11-b3-b3sa3\/\"]}]},{\"@type\":\"ImageObject\",\"inLanguage\":\"pt-BR\",\"@id\":\"https:\/\/www.suno.com.br\/noticias\/radar-telefonica-vivt3-santander-sanb11-b3-b3sa3\/#primaryimage\",\"url\":\"https:\/\/files.sunoresearch.com.br\/n\/uploads\/2021\/02\/2ad2106d-1200px-telefonica01-jpg.webp\",\"contentUrl\":\"https:\/\/files.sunoresearch.com.br\/n\/uploads\/2021\/02\/2ad2106d-1200px-telefonica01-jpg.webp\",\"width\":1200,\"height\":900,\"caption\":\"Telef\u00f4nica Brasil. Foto: Divulga\u00e7\u00e3o\"},{\"@type\":\"BreadcrumbList\",\"@id\":\"https:\/\/www.suno.com.br\/noticias\/radar-telefonica-vivt3-santander-sanb11-b3-b3sa3\/#breadcrumb\",\"itemListElement\":[{\"@type\":\"ListItem\",\"position\":1,\"name\":\"Not\u00edcias\",\"item\":\"https:\/\/www.suno.com.br\/noticias\/\"},{\"@type\":\"ListItem\",\"position\":2,\"name\":\"Neg\u00f3cios\",\"item\":\"https:\/\/www.suno.com.br\/noticias\/negocios\/\"},{\"@type\":\"ListItem\",\"position\":3,\"name\":\"Radar: Telef\u00f4nica (VIVT3) anuncia redu\u00e7\u00e3o de capital, Santander (SANB11) vai recomprar units e B3 (B3SA3) pode aumentar valor de dividendos\"}]},{\"@type\":\"WebSite\",\"@id\":\"https:\/\/www.suno.com.br\/noticias\/#website\",\"url\":\"https:\/\/www.suno.com.br\/noticias\/\",\"name\":\"Suno Not\u00edcias\",\"description\":\"Seu portal de informa\u00e7\u00e3o sobre o mundo dos investimentos\",\"publisher\":{\"@id\":\"https:\/\/www.suno.com.br\/noticias\/#organization\"},\"potentialAction\":[{\"@type\":\"SearchAction\",\"target\":{\"@type\":\"EntryPoint\",\"urlTemplate\":\"https:\/\/www.suno.com.br\/noticias\/?s={search_term_string}\"},\"query-input\":{\"@type\":\"PropertyValueSpecification\",\"valueRequired\":true,\"valueName\":\"search_term_string\"}}],\"inLanguage\":\"pt-BR\"},{\"@type\":\"Organization\",\"@id\":\"https:\/\/www.suno.com.br\/noticias\/#organization\",\"name\":\"Suno Not\u00edcias\",\"url\":\"https:\/\/www.suno.com.br\/noticias\/\",\"logo\":{\"@type\":\"ImageObject\",\"inLanguage\":\"pt-BR\",\"@id\":\"https:\/\/www.suno.com.br\/noticias\/#\/schema\/logo\/image\/\",\"url\":\"https:\/\/files.sunoresearch.com.br\/n\/uploads\/2021\/09\/suno-logo.png\",\"contentUrl\":\"https:\/\/files.sunoresearch.com.br\/n\/uploads\/2021\/09\/suno-logo.png\",\"width\":180,\"height\":180,\"caption\":\"Suno Not\u00edcias\"},\"image\":{\"@id\":\"https:\/\/www.suno.com.br\/noticias\/#\/schema\/logo\/image\/\"},\"sameAs\":[\"https:\/\/facebook.com\/sunoresearch\",\"https:\/\/x.com\/sunoresearch\",\"https:\/\/www.instagram.com\/suno\",\"https:\/\/www.linkedin.com\/company\/suno-research\/\",\"https:\/\/www.youtube.com\/c\/sunoresearch\"]},{\"@type\":\"Person\",\"@id\":\"https:\/\/www.suno.com.br\/noticias\/#\/schema\/person\/450c455ecff319bab1f1a0e643451479\",\"name\":\"Vanessa Loiola\",\"image\":{\"@type\":\"ImageObject\",\"inLanguage\":\"pt-BR\",\"@id\":\"https:\/\/www.suno.com.br\/noticias\/#\/schema\/person\/image\/\",\"url\":\"https:\/\/secure.gravatar.com\/avatar\/8b41117f9780831919eb38da349c3f20?s=96&r=g\",\"contentUrl\":\"https:\/\/secure.gravatar.com\/avatar\/8b41117f9780831919eb38da349c3f20?s=96&r=g\",\"caption\":\"Vanessa Loiola\"},\"description\":\"Jornalista formada pela PUC-SP, com experi\u00eancia na cobertura das editorias de economia, finan\u00e7as, bolsa de valores, pol\u00edtica, energia solar e entretenimento. Com passagem pela BM&amp;C News e RedeTV!\",\"url\":\"https:\/\/www.suno.com.br\/noticias\/author\/vanessal-loiolagmail-com\/\"}]}<\/script>\n<!-- \/ Yoast SEO plugin. -->","yoast_head_json":{"title":"Radar: Telef\u00f4nica (VIVT3) anuncia redu\u00e7\u00e3o de capital, Santander (SANB11) vai recomprar units e B3 (B3SA3) pode aumentar valor de dividendos","description":"Telef\u00f4nica (VIVT3) deve reduzir capital, Santander (SANB11) anuncia recompra de units e B3 (B3SA3) pode aumentar valor de dividendos","robots":{"index":"index","follow":"follow","max-snippet":"max-snippet:-1","max-image-preview":"max-image-preview:large","max-video-preview":"max-video-preview:-1"},"canonical":"https:\/\/www.suno.com.br\/noticias\/radar-telefonica-vivt3-santander-sanb11-b3-b3sa3\/","og_locale":"pt_BR","og_type":"article","og_title":"Radar: Telef\u00f4nica (VIVT3) anuncia redu\u00e7\u00e3o de capital, Santander (SANB11) vai recomprar units e B3 (B3SA3) pode aumentar valor de dividendos","og_description":"Telef\u00f4nica (VIVT3) deve reduzir capital, Santander (SANB11) anuncia recompra de units e B3 (B3SA3) pode aumentar valor de dividendos","og_url":"https:\/\/www.suno.com.br\/noticias\/radar-telefonica-vivt3-santander-sanb11-b3-b3sa3\/","og_site_name":"Suno Not\u00edcias","article_publisher":"https:\/\/facebook.com\/sunoresearch","og_image":[{"width":1200,"height":900,"url":"https:\/\/files.sunoresearch.com.br\/n\/uploads\/2021\/02\/2ad2106d-1200px-telefonica01.jpg","type":"image\/jpeg"}],"author":"Vanessa Loiola","twitter_card":"summary_large_image","twitter_creator":"@sunoresearch","twitter_site":"@sunoresearch","twitter_misc":{"Escrito por":"Vanessa Loiola","Est. tempo de leitura":"11 minutos"},"schema":{"@context":"https:\/\/schema.org","@graph":[{"@type":"NewsArticle","@id":"https:\/\/www.suno.com.br\/noticias\/radar-telefonica-vivt3-santander-sanb11-b3-b3sa3\/#article","isPartOf":{"@id":"https:\/\/www.suno.com.br\/noticias\/radar-telefonica-vivt3-santander-sanb11-b3-b3sa3\/"},"author":{"name":"Vanessa Loiola","@id":"https:\/\/www.suno.com.br\/noticias\/#\/schema\/person\/450c455ecff319bab1f1a0e643451479"},"headline":"Radar: Telef\u00f4nica (VIVT3) anuncia redu\u00e7\u00e3o de capital, Santander (SANB11) vai recomprar units e B3 (B3SA3) pode aumentar valor de dividendos","datePublished":"2024-01-25T01:56:50+00:00","dateModified":"2024-01-25T01:57:04+00:00","mainEntityOfPage":{"@id":"https:\/\/www.suno.com.br\/noticias\/radar-telefonica-vivt3-santander-sanb11-b3-b3sa3\/"},"wordCount":2152,"publisher":{"@id":"https:\/\/www.suno.com.br\/noticias\/#organization"},"image":{"@id":"https:\/\/www.suno.com.br\/noticias\/radar-telefonica-vivt3-santander-sanb11-b3-b3sa3\/#primaryimage"},"thumbnailUrl":"https:\/\/files.sunoresearch.com.br\/n\/uploads\/2021\/02\/2ad2106d-1200px-telefonica01-jpg.webp","keywords":["B3 (B3SA3)","Banco do Brasil (BBAS3)","Enauta (ENAT3)","GMCO34","Petrobras (PETR4)","Santander (SANB11\/SANB3\/SANB4)","Telef\u00f4nica (VIVT3)","Vale (VALE3)"],"articleSection":["Neg\u00f3cios"],"inLanguage":"pt-BR"},{"@type":"WebPage","@id":"https:\/\/www.suno.com.br\/noticias\/radar-telefonica-vivt3-santander-sanb11-b3-b3sa3\/","url":"https:\/\/www.suno.com.br\/noticias\/radar-telefonica-vivt3-santander-sanb11-b3-b3sa3\/","name":"Radar: Telef\u00f4nica (VIVT3) anuncia redu\u00e7\u00e3o de capital, Santander (SANB11) vai recomprar units e B3 (B3SA3) pode aumentar valor de dividendos","isPartOf":{"@id":"https:\/\/www.suno.com.br\/noticias\/#website"},"primaryImageOfPage":{"@id":"https:\/\/www.suno.com.br\/noticias\/radar-telefonica-vivt3-santander-sanb11-b3-b3sa3\/#primaryimage"},"image":{"@id":"https:\/\/www.suno.com.br\/noticias\/radar-telefonica-vivt3-santander-sanb11-b3-b3sa3\/#primaryimage"},"thumbnailUrl":"https:\/\/files.sunoresearch.com.br\/n\/uploads\/2021\/02\/2ad2106d-1200px-telefonica01-jpg.webp","datePublished":"2024-01-25T01:56:50+00:00","dateModified":"2024-01-25T01:57:04+00:00","description":"Telef\u00f4nica (VIVT3) deve reduzir capital, Santander (SANB11) anuncia recompra de units e B3 (B3SA3) pode aumentar valor de dividendos","breadcrumb":{"@id":"https:\/\/www.suno.com.br\/noticias\/radar-telefonica-vivt3-santander-sanb11-b3-b3sa3\/#breadcrumb"},"inLanguage":"pt-BR","potentialAction":[{"@type":"ReadAction","target":["https:\/\/www.suno.com.br\/noticias\/radar-telefonica-vivt3-santander-sanb11-b3-b3sa3\/"]}]},{"@type":"ImageObject","inLanguage":"pt-BR","@id":"https:\/\/www.suno.com.br\/noticias\/radar-telefonica-vivt3-santander-sanb11-b3-b3sa3\/#primaryimage","url":"https:\/\/files.sunoresearch.com.br\/n\/uploads\/2021\/02\/2ad2106d-1200px-telefonica01-jpg.webp","contentUrl":"https:\/\/files.sunoresearch.com.br\/n\/uploads\/2021\/02\/2ad2106d-1200px-telefonica01-jpg.webp","width":1200,"height":900,"caption":"Telef\u00f4nica Brasil. Foto: Divulga\u00e7\u00e3o"},{"@type":"BreadcrumbList","@id":"https:\/\/www.suno.com.br\/noticias\/radar-telefonica-vivt3-santander-sanb11-b3-b3sa3\/#breadcrumb","itemListElement":[{"@type":"ListItem","position":1,"name":"Not\u00edcias","item":"https:\/\/www.suno.com.br\/noticias\/"},{"@type":"ListItem","position":2,"name":"Neg\u00f3cios","item":"https:\/\/www.suno.com.br\/noticias\/negocios\/"},{"@type":"ListItem","position":3,"name":"Radar: Telef\u00f4nica (VIVT3) anuncia redu\u00e7\u00e3o de capital, Santander (SANB11) vai recomprar units e B3 (B3SA3) pode aumentar valor de dividendos"}]},{"@type":"WebSite","@id":"https:\/\/www.suno.com.br\/noticias\/#website","url":"https:\/\/www.suno.com.br\/noticias\/","name":"Suno Not\u00edcias","description":"Seu portal de informa\u00e7\u00e3o sobre o mundo dos investimentos","publisher":{"@id":"https:\/\/www.suno.com.br\/noticias\/#organization"},"potentialAction":[{"@type":"SearchAction","target":{"@type":"EntryPoint","urlTemplate":"https:\/\/www.suno.com.br\/noticias\/?s={search_term_string}"},"query-input":{"@type":"PropertyValueSpecification","valueRequired":true,"valueName":"search_term_string"}}],"inLanguage":"pt-BR"},{"@type":"Organization","@id":"https:\/\/www.suno.com.br\/noticias\/#organization","name":"Suno Not\u00edcias","url":"https:\/\/www.suno.com.br\/noticias\/","logo":{"@type":"ImageObject","inLanguage":"pt-BR","@id":"https:\/\/www.suno.com.br\/noticias\/#\/schema\/logo\/image\/","url":"https:\/\/files.sunoresearch.com.br\/n\/uploads\/2021\/09\/suno-logo.png","contentUrl":"https:\/\/files.sunoresearch.com.br\/n\/uploads\/2021\/09\/suno-logo.png","width":180,"height":180,"caption":"Suno Not\u00edcias"},"image":{"@id":"https:\/\/www.suno.com.br\/noticias\/#\/schema\/logo\/image\/"},"sameAs":["https:\/\/facebook.com\/sunoresearch","https:\/\/x.com\/sunoresearch","https:\/\/www.instagram.com\/suno","https:\/\/www.linkedin.com\/company\/suno-research\/","https:\/\/www.youtube.com\/c\/sunoresearch"]},{"@type":"Person","@id":"https:\/\/www.suno.com.br\/noticias\/#\/schema\/person\/450c455ecff319bab1f1a0e643451479","name":"Vanessa Loiola","image":{"@type":"ImageObject","inLanguage":"pt-BR","@id":"https:\/\/www.suno.com.br\/noticias\/#\/schema\/person\/image\/","url":"https:\/\/secure.gravatar.com\/avatar\/8b41117f9780831919eb38da349c3f20?s=96&r=g","contentUrl":"https:\/\/secure.gravatar.com\/avatar\/8b41117f9780831919eb38da349c3f20?s=96&r=g","caption":"Vanessa Loiola"},"description":"Jornalista formada pela PUC-SP, com experi\u00eancia na cobertura das editorias de economia, finan\u00e7as, bolsa de valores, pol\u00edtica, energia solar e entretenimento. Com passagem pela BM&amp;C News e RedeTV!","url":"https:\/\/www.suno.com.br\/noticias\/author\/vanessal-loiolagmail-com\/"}]}},"default_loop_html":"<div class=\"cardsPage__listCard__boxs\"><div class=\"cardsPage__listCard__boxs__img\"><a href=\"https:\/\/www.suno.com.br\/noticias\/radar-telefonica-vivt3-santander-sanb11-b3-b3sa3\/\"><img class=\"mask\" src=\"https:\/\/www.suno.com.br\/noticias\/wp-content\/themes\/suno\/resources\/images\/spotlight\/spotlight1img\/bg-mask.png\" alt=\"Image Mask\"\/><img src=\"https:\/\/files.sunoresearch.com.br\/n\/uploads\/2021\/02\/2ad2106d-1200px-telefonica01-400x200.webp\" alt=\"Radar: Telef\u00f4nica (VIVT3) anuncia redu\u00e7\u00e3o de capital, Santander (SANB11) vai recomprar units e B3 (B3SA3) pode aumentar valor de dividendos\"\/><\/a><span class=\"spotlightCategory\"><a href=\"https:\/\/www.suno.com.br\/noticias\/negocios\/\">Neg\u00f3cios<\/a><\/span><\/div><div class=\"cardsPage__listCard__boxs__content\"><a href=\"https:\/\/www.suno.com.br\/noticias\/radar-telefonica-vivt3-santander-sanb11-b3-b3sa3\/\"><h2 class=\"content__title\">Radar: Telef\u00f4nica (VIVT3) anuncia redu\u00e7\u00e3o de capital, Santander (SANB11) vai recomprar units e B3 (B3SA3) pode aumentar valor de dividendos<\/h2><\/a><div class=\"newsContent__article__meta\"><div class=\"newsContent__article__meta__authorBox\"><a href=\"https:\/\/www.suno.com.br\/noticias\/author\/vanessal-loiolagmail-com\/\" class=\"authorBox__avatar noMobi\"><img src=\"https:\/\/secure.gravatar.com\/avatar\/8b41117f9780831919eb38da349c3f20?s=96&#038;r=g\" alt=\"Vanessa Loiola\"><\/a><div class=\"authorBox__name\"><span>por\n\t\t\t<a href=\"https:\/\/www.suno.com.br\/noticias\/author\/vanessal-loiolagmail-com\/\"><span itemprop=\"author\">Vanessa Loiola<\/span><\/a><\/span><time datetime=\"2024-01-24T22:56:50-03:00\" itemprop=\"datePublished\">24\/01\/2024 22:56<\/time><\/div><\/div><\/div><\/div><\/div>","single_layout":"posts","amp_enabled":true,"_links":{"self":[{"href":"https:\/\/www.suno.com.br\/noticias\/wp-json\/wp\/v2\/posts\/515500"}],"collection":[{"href":"https:\/\/www.suno.com.br\/noticias\/wp-json\/wp\/v2\/posts"}],"about":[{"href":"https:\/\/www.suno.com.br\/noticias\/wp-json\/wp\/v2\/types\/post"}],"author":[{"embeddable":true,"href":"https:\/\/www.suno.com.br\/noticias\/wp-json\/wp\/v2\/users\/227"}],"replies":[{"embeddable":true,"href":"https:\/\/www.suno.com.br\/noticias\/wp-json\/wp\/v2\/comments?post=515500"}],"version-history":[{"count":2,"href":"https:\/\/www.suno.com.br\/noticias\/wp-json\/wp\/v2\/posts\/515500\/revisions"}],"predecessor-version":[{"id":515515,"href":"https:\/\/www.suno.com.br\/noticias\/wp-json\/wp\/v2\/posts\/515500\/revisions\/515515"}],"wp:featuredmedia":[{"embeddable":true,"href":"https:\/\/www.suno.com.br\/noticias\/wp-json\/wp\/v2\/media\/121537"}],"wp:attachment":[{"href":"https:\/\/www.suno.com.br\/noticias\/wp-json\/wp\/v2\/media?parent=515500"}],"wp:term":[{"taxonomy":"category","embeddable":true,"href":"https:\/\/www.suno.com.br\/noticias\/wp-json\/wp\/v2\/categories?post=515500"},{"taxonomy":"post_tag","embeddable":true,"href":"https:\/\/www.suno.com.br\/noticias\/wp-json\/wp\/v2\/tags?post=515500"},{"taxonomy":"suno_strategy","embeddable":true,"href":"https:\/\/www.suno.com.br\/noticias\/wp-json\/wp\/v2\/suno_strategy?post=515500"}],"curies":[{"name":"wp","href":"https:\/\/api.w.org\/{rel}","templated":true}]}}