{"id":515437,"date":"2024-01-24T20:48:29","date_gmt":"2024-01-24T23:48:29","guid":{"rendered":"https:\/\/www.suno.com.br\/noticias\/?p=515437"},"modified":"2024-01-24T21:06:24","modified_gmt":"2024-01-25T00:06:24","slug":"ab-inbev-ambev-abev3-demissao-eua","status":"publish","type":"post","link":"https:\/\/www.suno.com.br\/noticias\/ab-inbev-ambev-abev3-demissao-eua\/","title":{"rendered":"AB InBev, dona da Ambev (ABEV3), anuncia demiss\u00f5es nos EUA"},"content":{"rendered":"<p>A Anheuser-Busch InBev, dona da <a class=\"suno-keyword\" data-force=\"yes\" data-priority=\"2\" href=\"https:\/\/www.suno.com.br\/acoes\/ABEV3\/\" target=\"_blank\" rel=\"noopener\"><strong>Ambev<\/strong> (ABEV3)<\/a>, anunciou a demiss\u00e3o de um n\u00famero n\u00e3o especificado de funcion\u00e1rios em sua divis\u00e3o de vendas nos Estados Unidos. As informa\u00e7\u00f5es foram divulgadas pela Bloomberg.<\/p><div class=\"videoFull \">\n\t\t\t<div class=\"videoWrapper yt-lazyload center\"\n\t\t\t\tdata-width=\"960\"\n\t\t\t\tdata-height=\"540\"\n\t\t\t\tdata-id=\"xJigMDPZ0UY\"\n\t\t\t\tdata-alt=\"V\u00eddeo do YouTube - clique para reproduzir\"\n\t\t\t\tdata-logo=\"3\"\n\t\t\t\tdata-imagequality=\"maxres\">\n\t\t\t<\/div>\n\t\t<\/div><script type=\"application\/ld+json\">{\"@context\":\"https:\/\/schema.org\",\"@type\":\"VideoObject\",\"name\":\"\ud83d\udd34IBOVESPA CAI COM PETR4 E NTCO3 | Press\u00e3o por Guido na Vale (VALE3) | US$ 3 trilh\u00f5es da Microsoft\",\"description\":\"#mercadofinanceiro #a\u00e7\u00f5es #investimentos #bolsadevalores #bolsa #ibovespa #dinheiro #finan\u00e7as #pol\u00edtica #d\u00f3lar #livedas19h #petr4 #petr3 #petrobras #vale3 #vale #a\u00e7\u00f5es #economia #dividendos #nubank #roxo34 #nubr33 #ceo \ud83d\udd34 Suno Black com 15% OFF por tempo limitado: https:\/\/lp.suno.com.br\/pv\/webinario-suno-black-2024\/?utm_source=youtube.noticias&utm_medium=live&utm_campaign=RS.WBA24.ns.20240123&utm_content=vendas 00:00 In\u00edcio de v\u00eddeo 01:35 Fechamento de preg\u00e3o 05:13 MME pressiona por Guido Mantega CEO 09:50 WEGE3 ser\u00e1 beneficiada por pol\u00edtica industrial?\u2026\",\"duration\":\"PT25M38S\",\"embedUrl\":\"https:\/\/www.youtube.com\/embed\/xJigMDPZ0UY\",\"regionsAllowed\":\"en-US\",\"interactionStatistic\":{\"@type\":\"InteractionCounter\",\"interactionType\":{\"@type\":\"WatchAction\"},\"userInteractionCount\":5035},\"thumbnailUrl\":\"https:\/\/i.ytimg.com\/vi\/xJigMDPZ0UY\/default.jpg\",\"uploadDate\":\"2024-01-25T10:33:07Z\"}<\/script>\n\n\n\n\n\t<p>\n\t\t<a href=\"https:\/\/lp.suno.com.br\/planilha-da-vida-financeira\/\" target=\"_blank\" data-element=\"shortcode-suno-banner\" title=\"Banner SUNO, clique e saiba mais\">\n\t\t\t<picture>\n\t\t\t\t<source media=\"(max-width: 500px)\" srcset=\"https:\/\/files.sunoresearch.com.br\/n\/uploads\/2023\/04\/400x300-Planilha-vida-financeira-true.png\">\n\t\t\t\t<img class=\"newsContent__article__imgCapa newsContent__article__imgCapa--banner\"\n\t\t\t\t\tsrc=\"https:\/\/files.sunoresearch.com.br\/n\/uploads\/2023\/04\/1420x240-Planilha-vida-financeira-true.png\"\n\t\t\t\t\tdata-promo-id=\"106682\"\t\t\t\t\t\t\t\t\t\twidth='1420' height='240'\t\t\t\t\talt=\"https:\/\/files.sunoresearch.com.br\/n\/uploads\/2023\/04\/1420x240-Planilha-vida-financeira-true.png\"\n\t\t\t\t>\n\t\t\t<\/picture>\n\t\t<\/a>\n\t<\/p>\n\n\n\n\n\n\n\n<p>Segundo a <strong>dona da Ambev<\/strong>, a decis\u00e3o integra a sua estrat\u00e9gia para concentrar esfor\u00e7os em suas maiores marcas.<\/p>\n\n\n\n<p>&#8220;Em 12 de janeiro, anunci\u00e1mos atualiza\u00e7\u00f5es na estrutura da nossa equipe de vendas nos EUA, que simplificar\u00e3o a nossa organiza\u00e7\u00e3o e dar\u00e3o ainda mais foco \u00e0 nossa estrat\u00e9gia de mega marcas&#8221;, disse a empresa em resposta por e-mail a perguntas da Bloomberg News. Essa medida impulsionar\u00e1 &#8220;uma colabora\u00e7\u00e3o maior com nossos parceiros varejistas e revendedores&#8221;.<\/p>\n\n\n\n<p>Detalhes adicionais ainda n\u00e3o foram divulgados pela companhia.<\/p>\n\n\n\n<h2 class=\"wp-block-heading\">Mudan\u00e7a no quadro societ\u00e1rio da dona da Ambev<\/h2>\n\n\n\n<p>A AB Inbev, vale destacar, tem entre seus principais acionistas os brasileiros o bilion\u00e1rio <a class=\"suno-keyword\" data-force=\"no\" data-priority=\"2\" href=\"https:\/\/www.suno.com.br\/tudo-sobre\/jorge-paulo-lemann\/\" target=\"_blank\" rel=\"noopener\">Jorge Paulo Lemann<\/a>, Carlos Alberto Sicupira Marcel Telles &#8211; s\u00f3cios conhecidos como &#8216;o trio&#8217; da <a class=\"suno-keyword\" data-force=\"no\" data-priority=\"1\" href=\"https:\/\/www.suno.com.br\/artigos\/3g-capital\/\" target=\"_blank\" rel=\"noopener\">3G Capital<\/a>, que tamb\u00e9m possuem participa\u00e7\u00e3o acion\u00e1ria relevante na Americanas (AMER3).<\/p>\n\n\n\n<p>Recentemente Lemann transferiu sua participa\u00e7\u00e3o na cervejaria para seu filho Max.<\/p>\n\n\n\n<p>No ano passado, a dona da <strong>Ambev<\/strong> anunciou que reduziria menos de 2% de sua for\u00e7a de trabalho nos EUA, equivalente a cerca de 350 empregos, ap\u00f3s uma promo\u00e7\u00e3o online com uma influenciadora transg\u00eanero gerar uma rea\u00e7\u00e3o que prejudicou substancialmente o faturamento da empresa.<\/p>\n\n\n\n<h2 class=\"wp-block-heading\">BofA eleva pre\u00e7o-alvo, citando impactos da Argentina e reforma tribut\u00e1ria<\/h2>\n\n\n\n<p>Os analistas do Bank of America est\u00e3o otimistas para os pr\u00f3ximos resultados da\u00a0<a href=\"https:\/\/www.suno.com.br\/acoes\/ABEV3\/\" target=\"_blank\" rel=\"noreferrer noopener\"><strong>Ambev<\/strong>\u00a0(ABEV3)<\/a>. Com um upside de 18% e um potencial de retorno de 25% , a institui\u00e7\u00e3o financeira norte-americana indica \u201ccompra\u201d das a\u00e7\u00f5es.<\/p>\n\n\n\n<p>Al\u00e9m da recomenda\u00e7\u00e3o, os analistas do BofA elevaram o pre\u00e7o-alvo dos<strong>&nbsp;pap\u00e9is de ABEV3<\/strong>&nbsp;de R$ 15,50 (US$ 3,00) para R$ 16,00 e US$ 3,20. Para o c\u00e1lculo, foi levada em considera\u00e7\u00e3o a redu\u00e7\u00e3o nos&nbsp;<a href=\"https:\/\/www.suno.com.br\/artigos\/entenda-o-jcp\/\" target=\"_blank\" rel=\"noreferrer noopener\">juros sobre capital pr\u00f3prio<\/a>&nbsp;(JCP) da Ambev por quest\u00f5es regulat\u00f3rias.<\/p>\n\n\n\n<p>Em 2023, o&nbsp;<strong>Ibovespa<\/strong>, principal \u00edndice de refer\u00eancia da bolsa de valores brasileira, teve uma performance 27% melhor do que a&nbsp;<strong>Ambev<\/strong>. Segundo relat\u00f3rio do BofA divulgado nesta ter\u00e7a-feira (23), o principal detrator do&nbsp;<strong>desempenho da Ambev<\/strong>&nbsp;foi a reforma tribut\u00e1ria brasileira, que colocou em risco a receita da companhia.<\/p>\n\n\n\n<h2 class=\"wp-block-heading\">Expectativas para a Ambev no 4T23 e 2024<\/h2>\n\n\n\n<p>Para os resultados do quarto trimestre de 2023, os especialistas indicam um Ebitda (Lucros antes de juros, impostos,&nbsp;<a target=\"_blank\" href=\"https:\/\/www.suno.com.br\/artigos\/depreciacao-amortizacao\/\" rel=\"noreferrer noopener\">deprecia\u00e7\u00e3o e amortiza\u00e7\u00e3o<\/a>) recuperado em 4,80% no ano\/ano.<\/p>\n\n\n\n<p>A estimativa \u00e9 que a margem&nbsp;<strong>Ebitda&nbsp;<\/strong>deste ano chegue a 36,9% (+5%).<\/p>\n\n\n\n<p>Ap\u00f3s cinco anos de contra\u00e7\u00e3o, acredita-se que a&nbsp;<strong>Ambev&nbsp;<\/strong>possa ter um per\u00edodo mais otimista pela frente, gra\u00e7as \u00e0s suas medidas de inova\u00e7\u00e3o e aprimoramento, ao mesmo tempo em que um cen\u00e1rio melhor parece se desenhar.<\/p>\n\n\n\n<p>Levando em conta a deprecia\u00e7\u00e3o do peso argentino de 330% em 2023, o BofA precifica o<strong>&nbsp;Ebitda da Ambev&nbsp;<\/strong>em 3% abaixo do consenso, com um total de 13% de crescimento em 2024. Caso se concretize, este desenvolvimento poderia superar a negatividade que a&nbsp;<a href=\"https:\/\/www.suno.com.br\/artigos\/crise-economica-oportunidade-ou-ameaca\/\" target=\"_blank\" rel=\"noreferrer noopener\">crise econ\u00f4mica<\/a>&nbsp;dos \u201chermanos\u201d trouxe para a companhia.<\/p>\n\n\n\n<p>\u201cEstamos otimistas para a recupera\u00e7\u00e3o de margem para a cerveja no Brasil em 2024, guiado pela defla\u00e7\u00e3o dos pre\u00e7os e desacelera\u00e7\u00e3o do SG&amp;A [custos de vendas, gerais e administrativos, da sigla em ingl\u00eas]\u201d, confirmam os especialistas.<\/p>\n\n\n\n<p>O maior destaque do otimismo dos analistas do BofA entretanto v\u00e3o para as margens de venda no Brasil. A expectativa \u00e9 de um Ebitda de R$ 3,8 bilh\u00f5es (+24% ano\/ano) e uma margem de +34%, com um crescimento de 500 pontos-base em rela\u00e7\u00e3o ao mesmo per\u00edodo do ano anterior (4T22).<\/p>\n\n\n\n<p>A proje\u00e7\u00e3o \u00e9 ainda mais otimista se considerarmos que superar o 4T22 significa competir com o per\u00edodo em que acontecia a<strong>&nbsp;Copa do Mundo<\/strong>. Entretanto, as mudan\u00e7as na regula\u00e7\u00e3o para o&nbsp;<strong>pagamento do JCP<\/strong>&nbsp;s\u00e3o um ponto detrator, que j\u00e1 est\u00e1 precificado na recomenda\u00e7\u00e3o de compra.<\/p>\n\n\n\n<h2 class=\"wp-block-heading\">Cota\u00e7\u00e3o de ABEV3<\/h2>\n\n\n\n<p>Nesta quarta-feira (24), os<strong>\u00a0pap\u00e9is da Ambev (ABEV3)<\/strong>\u00a0fecharam a sess\u00e3o em queda de 1,27%, cotadas a R$ 13,20, acumulando uma queda de 3,86% neste in\u00edcio de 2024.<\/p>\n\n\n\t<p>\n\t\t<a href=\"https:\/\/lp.suno.com.br\/ebook-como-analisar-uma-acao\/\" target=\"_blank\" data-element=\"shortcode-suno-banner\" title=\"Banner SUNO, clique e saiba mais\">\n\t\t\t<picture>\n\t\t\t\t<source media=\"(max-width: 500px)\" srcset=\"https:\/\/files.sunoresearch.com.br\/n\/uploads\/2023\/03\/Ebook-Acoes-Mobile.jpg\">\n\t\t\t\t<img class=\"newsContent__article__imgCapa newsContent__article__imgCapa--banner\"\n\t\t\t\t\tsrc=\"https:\/\/files.sunoresearch.com.br\/n\/uploads\/2023\/03\/Ebook-Acoes-Desktop.jpg\"\n\t\t\t\t\tdata-promo-id=\"378302\"\t\t\t\t\t\t\t\t\t\twidth='1420' height='286'\t\t\t\t\talt=\"https:\/\/files.sunoresearch.com.br\/n\/uploads\/2023\/03\/Ebook-Acoes-Desktop.jpg\"\n\t\t\t\t>\n\t\t\t<\/picture>\n\t\t<\/a>\n\t<\/p>\n\n\n","protected":false},"excerpt":{"rendered":"<p>A Anheuser-Busch InBev, dona da Ambev (ABEV3), anunciou a demiss\u00e3o de um n\u00famero n\u00e3o especificado de funcion\u00e1rios em sua divis\u00e3o de vendas nos Estados Unidos. As informa\u00e7\u00f5es foram divulgadas pela Bloomberg. Segundo a dona da Ambev, a decis\u00e3o integra a sua estrat\u00e9gia para concentrar esfor\u00e7os em suas maiores marcas. &#8220;Em 12 de janeiro, anunci\u00e1mos atualiza\u00e7\u00f5es [&hellip;]<\/p>\n","protected":false},"author":73,"featured_media":44540,"comment_status":"closed","ping_status":"closed","sticky":false,"template":"","format":"standard","meta":[],"categories":[64],"tags":[1072,359],"suno_strategy":[],"class_list":["post-515437","post","type-post","status-publish","format-standard","has-post-thumbnail","hentry","category-negocios","tag-ab-inbev-abud34","tag-ambev-abev3"],"yoast_head":"<!-- This site is optimized with the Yoast SEO plugin v24.4 - https:\/\/yoast.com\/wordpress\/plugins\/seo\/ -->\n<title>AB InBev, dona da Ambev (ABEV3), faz demiss\u00e3o nos EUA<\/title>\n<meta name=\"description\" content=\"Segundo a dona da Ambev, a decis\u00e3o integra a sua estrat\u00e9gia para concentrar esfor\u00e7os em suas maiores marcas\" \/>\n<meta name=\"robots\" content=\"index, follow, max-snippet:-1, max-image-preview:large, max-video-preview:-1\" \/>\n<link rel=\"canonical\" href=\"https:\/\/www.suno.com.br\/noticias\/ab-inbev-ambev-abev3-demissao-eua\/\" \/>\n<meta property=\"og:locale\" content=\"pt_BR\" \/>\n<meta property=\"og:type\" content=\"article\" \/>\n<meta property=\"og:title\" content=\"AB InBev, dona da Ambev (ABEV3), faz demiss\u00e3o nos EUA\" \/>\n<meta property=\"og:description\" content=\"Segundo a dona da Ambev, a decis\u00e3o integra a sua estrat\u00e9gia para concentrar esfor\u00e7os em suas maiores marcas\" \/>\n<meta property=\"og:url\" content=\"https:\/\/www.suno.com.br\/noticias\/ab-inbev-ambev-abev3-demissao-eua\/\" \/>\n<meta property=\"og:site_name\" content=\"Suno Not\u00edcias\" \/>\n<meta property=\"article:publisher\" content=\"https:\/\/facebook.com\/sunoresearch\" \/>\n<meta property=\"og:image\" content=\"https:\/\/files.sunoresearch.com.br\/n\/uploads\/2019\/11\/8efcdfb9-ab-inbev.jpg\" \/>\n\t<meta property=\"og:image:width\" content=\"1200\" \/>\n\t<meta property=\"og:image:height\" content=\"1200\" \/>\n\t<meta property=\"og:image:type\" content=\"image\/jpeg\" \/>\n<meta name=\"author\" content=\"Eduardo Vargas\" \/>\n<meta name=\"twitter:card\" content=\"summary_large_image\" \/>\n<meta name=\"twitter:creator\" content=\"@sunoresearch\" \/>\n<meta name=\"twitter:site\" content=\"@sunoresearch\" \/>\n<meta name=\"twitter:label1\" content=\"Escrito por\" \/>\n\t<meta name=\"twitter:data1\" content=\"Eduardo Vargas\" \/>\n\t<meta name=\"twitter:label2\" content=\"Est. tempo de leitura\" \/>\n\t<meta name=\"twitter:data2\" content=\"4 minutos\" \/>\n<script type=\"application\/ld+json\" class=\"yoast-schema-graph\">{\"@context\":\"https:\/\/schema.org\",\"@graph\":[{\"@type\":\"NewsArticle\",\"@id\":\"https:\/\/www.suno.com.br\/noticias\/ab-inbev-ambev-abev3-demissao-eua\/#article\",\"isPartOf\":{\"@id\":\"https:\/\/www.suno.com.br\/noticias\/ab-inbev-ambev-abev3-demissao-eua\/\"},\"author\":{\"name\":\"Eduardo Vargas\",\"@id\":\"https:\/\/www.suno.com.br\/noticias\/#\/schema\/person\/7f4d362bf3518e76090143ae77bb49a5\"},\"headline\":\"AB InBev, dona da Ambev (ABEV3), anuncia demiss\u00f5es nos EUA\",\"datePublished\":\"2024-01-24T23:48:29+00:00\",\"dateModified\":\"2024-01-25T00:06:24+00:00\",\"mainEntityOfPage\":{\"@id\":\"https:\/\/www.suno.com.br\/noticias\/ab-inbev-ambev-abev3-demissao-eua\/\"},\"wordCount\":737,\"publisher\":{\"@id\":\"https:\/\/www.suno.com.br\/noticias\/#organization\"},\"image\":{\"@id\":\"https:\/\/www.suno.com.br\/noticias\/ab-inbev-ambev-abev3-demissao-eua\/#primaryimage\"},\"thumbnailUrl\":\"https:\/\/files.sunoresearch.com.br\/n\/uploads\/2019\/11\/8efcdfb9-ab-inbev-jpg.webp\",\"keywords\":[\"Ab Inbev (ABUD34)\",\"AMBEV (ABEV3)\"],\"articleSection\":[\"Neg\u00f3cios\"],\"inLanguage\":\"pt-BR\"},{\"@type\":\"WebPage\",\"@id\":\"https:\/\/www.suno.com.br\/noticias\/ab-inbev-ambev-abev3-demissao-eua\/\",\"url\":\"https:\/\/www.suno.com.br\/noticias\/ab-inbev-ambev-abev3-demissao-eua\/\",\"name\":\"AB InBev, dona da Ambev (ABEV3), faz demiss\u00e3o nos EUA\",\"isPartOf\":{\"@id\":\"https:\/\/www.suno.com.br\/noticias\/#website\"},\"primaryImageOfPage\":{\"@id\":\"https:\/\/www.suno.com.br\/noticias\/ab-inbev-ambev-abev3-demissao-eua\/#primaryimage\"},\"image\":{\"@id\":\"https:\/\/www.suno.com.br\/noticias\/ab-inbev-ambev-abev3-demissao-eua\/#primaryimage\"},\"thumbnailUrl\":\"https:\/\/files.sunoresearch.com.br\/n\/uploads\/2019\/11\/8efcdfb9-ab-inbev-jpg.webp\",\"datePublished\":\"2024-01-24T23:48:29+00:00\",\"dateModified\":\"2024-01-25T00:06:24+00:00\",\"description\":\"Segundo a dona da Ambev, a decis\u00e3o integra a sua estrat\u00e9gia para concentrar esfor\u00e7os em suas maiores marcas\",\"breadcrumb\":{\"@id\":\"https:\/\/www.suno.com.br\/noticias\/ab-inbev-ambev-abev3-demissao-eua\/#breadcrumb\"},\"inLanguage\":\"pt-BR\",\"potentialAction\":[{\"@type\":\"ReadAction\",\"target\":[\"https:\/\/www.suno.com.br\/noticias\/ab-inbev-ambev-abev3-demissao-eua\/\"]}]},{\"@type\":\"ImageObject\",\"inLanguage\":\"pt-BR\",\"@id\":\"https:\/\/www.suno.com.br\/noticias\/ab-inbev-ambev-abev3-demissao-eua\/#primaryimage\",\"url\":\"https:\/\/files.sunoresearch.com.br\/n\/uploads\/2019\/11\/8efcdfb9-ab-inbev-jpg.webp\",\"contentUrl\":\"https:\/\/files.sunoresearch.com.br\/n\/uploads\/2019\/11\/8efcdfb9-ab-inbev-jpg.webp\",\"width\":1200,\"height\":1200,\"caption\":\"AB InBev resgatar\u00e1 US$ 1,71 bilh\u00f5es em notas emitidas\"},{\"@type\":\"BreadcrumbList\",\"@id\":\"https:\/\/www.suno.com.br\/noticias\/ab-inbev-ambev-abev3-demissao-eua\/#breadcrumb\",\"itemListElement\":[{\"@type\":\"ListItem\",\"position\":1,\"name\":\"Not\u00edcias\",\"item\":\"https:\/\/www.suno.com.br\/noticias\/\"},{\"@type\":\"ListItem\",\"position\":2,\"name\":\"Neg\u00f3cios\",\"item\":\"https:\/\/www.suno.com.br\/noticias\/negocios\/\"},{\"@type\":\"ListItem\",\"position\":3,\"name\":\"AB InBev, dona da Ambev (ABEV3), anuncia demiss\u00f5es nos EUA\"}]},{\"@type\":\"WebSite\",\"@id\":\"https:\/\/www.suno.com.br\/noticias\/#website\",\"url\":\"https:\/\/www.suno.com.br\/noticias\/\",\"name\":\"Suno Not\u00edcias\",\"description\":\"Seu portal de informa\u00e7\u00e3o sobre o mundo dos investimentos\",\"publisher\":{\"@id\":\"https:\/\/www.suno.com.br\/noticias\/#organization\"},\"potentialAction\":[{\"@type\":\"SearchAction\",\"target\":{\"@type\":\"EntryPoint\",\"urlTemplate\":\"https:\/\/www.suno.com.br\/noticias\/?s={search_term_string}\"},\"query-input\":{\"@type\":\"PropertyValueSpecification\",\"valueRequired\":true,\"valueName\":\"search_term_string\"}}],\"inLanguage\":\"pt-BR\"},{\"@type\":\"Organization\",\"@id\":\"https:\/\/www.suno.com.br\/noticias\/#organization\",\"name\":\"Suno Not\u00edcias\",\"url\":\"https:\/\/www.suno.com.br\/noticias\/\",\"logo\":{\"@type\":\"ImageObject\",\"inLanguage\":\"pt-BR\",\"@id\":\"https:\/\/www.suno.com.br\/noticias\/#\/schema\/logo\/image\/\",\"url\":\"https:\/\/files.sunoresearch.com.br\/n\/uploads\/2021\/09\/suno-logo.png\",\"contentUrl\":\"https:\/\/files.sunoresearch.com.br\/n\/uploads\/2021\/09\/suno-logo.png\",\"width\":180,\"height\":180,\"caption\":\"Suno Not\u00edcias\"},\"image\":{\"@id\":\"https:\/\/www.suno.com.br\/noticias\/#\/schema\/logo\/image\/\"},\"sameAs\":[\"https:\/\/facebook.com\/sunoresearch\",\"https:\/\/x.com\/sunoresearch\",\"https:\/\/www.instagram.com\/suno\",\"https:\/\/www.linkedin.com\/company\/suno-research\/\",\"https:\/\/www.youtube.com\/c\/sunoresearch\"]},{\"@type\":\"Person\",\"@id\":\"https:\/\/www.suno.com.br\/noticias\/#\/schema\/person\/7f4d362bf3518e76090143ae77bb49a5\",\"name\":\"Eduardo Vargas\",\"image\":{\"@type\":\"ImageObject\",\"inLanguage\":\"pt-BR\",\"@id\":\"https:\/\/www.suno.com.br\/noticias\/#\/schema\/person\/image\/\",\"url\":\"https:\/\/secure.gravatar.com\/avatar\/dac340933427a22924c9f99d1eb2e3f2?s=96&r=g\",\"contentUrl\":\"https:\/\/secure.gravatar.com\/avatar\/dac340933427a22924c9f99d1eb2e3f2?s=96&r=g\",\"caption\":\"Eduardo Vargas\"},\"description\":\"Jornalista formado pela UFSC, cobre macroeconomia, neg\u00f3cios e startups para o Suno Not\u00edcias, escrevendo principalmente not\u00edcias sobre o mercado financeiro e a bolsa de valores. No YouTube e no Instagram, \u00e9 respons\u00e1vel pela produ\u00e7\u00e3o de Reels e Shorts do Suno Not\u00edcias. Anteriormente, trabalhou cobrindo economia e cotidiano no ND+ e para o ND, maior jornal impresso de Santa Catarina. Cursou um semestre letivo de Estudos de M\u00eddia na Universidad de Buenos Aires.\",\"url\":\"https:\/\/www.suno.com.br\/noticias\/author\/eduardo-vargas\/\"}]}<\/script>\n<!-- \/ Yoast SEO plugin. -->","yoast_head_json":{"title":"AB InBev, dona da Ambev (ABEV3), faz demiss\u00e3o nos EUA","description":"Segundo a dona da Ambev, a decis\u00e3o integra a sua estrat\u00e9gia para concentrar esfor\u00e7os em suas maiores marcas","robots":{"index":"index","follow":"follow","max-snippet":"max-snippet:-1","max-image-preview":"max-image-preview:large","max-video-preview":"max-video-preview:-1"},"canonical":"https:\/\/www.suno.com.br\/noticias\/ab-inbev-ambev-abev3-demissao-eua\/","og_locale":"pt_BR","og_type":"article","og_title":"AB InBev, dona da Ambev (ABEV3), faz demiss\u00e3o nos EUA","og_description":"Segundo a dona da Ambev, a decis\u00e3o integra a sua estrat\u00e9gia para concentrar esfor\u00e7os em suas maiores marcas","og_url":"https:\/\/www.suno.com.br\/noticias\/ab-inbev-ambev-abev3-demissao-eua\/","og_site_name":"Suno Not\u00edcias","article_publisher":"https:\/\/facebook.com\/sunoresearch","og_image":[{"width":1200,"height":1200,"url":"https:\/\/files.sunoresearch.com.br\/n\/uploads\/2019\/11\/8efcdfb9-ab-inbev.jpg","type":"image\/jpeg"}],"author":"Eduardo Vargas","twitter_card":"summary_large_image","twitter_creator":"@sunoresearch","twitter_site":"@sunoresearch","twitter_misc":{"Escrito por":"Eduardo Vargas","Est. tempo de leitura":"4 minutos"},"schema":{"@context":"https:\/\/schema.org","@graph":[{"@type":"NewsArticle","@id":"https:\/\/www.suno.com.br\/noticias\/ab-inbev-ambev-abev3-demissao-eua\/#article","isPartOf":{"@id":"https:\/\/www.suno.com.br\/noticias\/ab-inbev-ambev-abev3-demissao-eua\/"},"author":{"name":"Eduardo Vargas","@id":"https:\/\/www.suno.com.br\/noticias\/#\/schema\/person\/7f4d362bf3518e76090143ae77bb49a5"},"headline":"AB InBev, dona da Ambev (ABEV3), anuncia demiss\u00f5es nos EUA","datePublished":"2024-01-24T23:48:29+00:00","dateModified":"2024-01-25T00:06:24+00:00","mainEntityOfPage":{"@id":"https:\/\/www.suno.com.br\/noticias\/ab-inbev-ambev-abev3-demissao-eua\/"},"wordCount":737,"publisher":{"@id":"https:\/\/www.suno.com.br\/noticias\/#organization"},"image":{"@id":"https:\/\/www.suno.com.br\/noticias\/ab-inbev-ambev-abev3-demissao-eua\/#primaryimage"},"thumbnailUrl":"https:\/\/files.sunoresearch.com.br\/n\/uploads\/2019\/11\/8efcdfb9-ab-inbev-jpg.webp","keywords":["Ab Inbev (ABUD34)","AMBEV (ABEV3)"],"articleSection":["Neg\u00f3cios"],"inLanguage":"pt-BR"},{"@type":"WebPage","@id":"https:\/\/www.suno.com.br\/noticias\/ab-inbev-ambev-abev3-demissao-eua\/","url":"https:\/\/www.suno.com.br\/noticias\/ab-inbev-ambev-abev3-demissao-eua\/","name":"AB InBev, dona da Ambev (ABEV3), faz demiss\u00e3o nos EUA","isPartOf":{"@id":"https:\/\/www.suno.com.br\/noticias\/#website"},"primaryImageOfPage":{"@id":"https:\/\/www.suno.com.br\/noticias\/ab-inbev-ambev-abev3-demissao-eua\/#primaryimage"},"image":{"@id":"https:\/\/www.suno.com.br\/noticias\/ab-inbev-ambev-abev3-demissao-eua\/#primaryimage"},"thumbnailUrl":"https:\/\/files.sunoresearch.com.br\/n\/uploads\/2019\/11\/8efcdfb9-ab-inbev-jpg.webp","datePublished":"2024-01-24T23:48:29+00:00","dateModified":"2024-01-25T00:06:24+00:00","description":"Segundo a dona da Ambev, a decis\u00e3o integra a sua estrat\u00e9gia para concentrar esfor\u00e7os em suas maiores marcas","breadcrumb":{"@id":"https:\/\/www.suno.com.br\/noticias\/ab-inbev-ambev-abev3-demissao-eua\/#breadcrumb"},"inLanguage":"pt-BR","potentialAction":[{"@type":"ReadAction","target":["https:\/\/www.suno.com.br\/noticias\/ab-inbev-ambev-abev3-demissao-eua\/"]}]},{"@type":"ImageObject","inLanguage":"pt-BR","@id":"https:\/\/www.suno.com.br\/noticias\/ab-inbev-ambev-abev3-demissao-eua\/#primaryimage","url":"https:\/\/files.sunoresearch.com.br\/n\/uploads\/2019\/11\/8efcdfb9-ab-inbev-jpg.webp","contentUrl":"https:\/\/files.sunoresearch.com.br\/n\/uploads\/2019\/11\/8efcdfb9-ab-inbev-jpg.webp","width":1200,"height":1200,"caption":"AB InBev resgatar\u00e1 US$ 1,71 bilh\u00f5es em notas emitidas"},{"@type":"BreadcrumbList","@id":"https:\/\/www.suno.com.br\/noticias\/ab-inbev-ambev-abev3-demissao-eua\/#breadcrumb","itemListElement":[{"@type":"ListItem","position":1,"name":"Not\u00edcias","item":"https:\/\/www.suno.com.br\/noticias\/"},{"@type":"ListItem","position":2,"name":"Neg\u00f3cios","item":"https:\/\/www.suno.com.br\/noticias\/negocios\/"},{"@type":"ListItem","position":3,"name":"AB InBev, dona da Ambev (ABEV3), anuncia demiss\u00f5es nos EUA"}]},{"@type":"WebSite","@id":"https:\/\/www.suno.com.br\/noticias\/#website","url":"https:\/\/www.suno.com.br\/noticias\/","name":"Suno Not\u00edcias","description":"Seu portal de informa\u00e7\u00e3o sobre o mundo dos investimentos","publisher":{"@id":"https:\/\/www.suno.com.br\/noticias\/#organization"},"potentialAction":[{"@type":"SearchAction","target":{"@type":"EntryPoint","urlTemplate":"https:\/\/www.suno.com.br\/noticias\/?s={search_term_string}"},"query-input":{"@type":"PropertyValueSpecification","valueRequired":true,"valueName":"search_term_string"}}],"inLanguage":"pt-BR"},{"@type":"Organization","@id":"https:\/\/www.suno.com.br\/noticias\/#organization","name":"Suno Not\u00edcias","url":"https:\/\/www.suno.com.br\/noticias\/","logo":{"@type":"ImageObject","inLanguage":"pt-BR","@id":"https:\/\/www.suno.com.br\/noticias\/#\/schema\/logo\/image\/","url":"https:\/\/files.sunoresearch.com.br\/n\/uploads\/2021\/09\/suno-logo.png","contentUrl":"https:\/\/files.sunoresearch.com.br\/n\/uploads\/2021\/09\/suno-logo.png","width":180,"height":180,"caption":"Suno Not\u00edcias"},"image":{"@id":"https:\/\/www.suno.com.br\/noticias\/#\/schema\/logo\/image\/"},"sameAs":["https:\/\/facebook.com\/sunoresearch","https:\/\/x.com\/sunoresearch","https:\/\/www.instagram.com\/suno","https:\/\/www.linkedin.com\/company\/suno-research\/","https:\/\/www.youtube.com\/c\/sunoresearch"]},{"@type":"Person","@id":"https:\/\/www.suno.com.br\/noticias\/#\/schema\/person\/7f4d362bf3518e76090143ae77bb49a5","name":"Eduardo Vargas","image":{"@type":"ImageObject","inLanguage":"pt-BR","@id":"https:\/\/www.suno.com.br\/noticias\/#\/schema\/person\/image\/","url":"https:\/\/secure.gravatar.com\/avatar\/dac340933427a22924c9f99d1eb2e3f2?s=96&r=g","contentUrl":"https:\/\/secure.gravatar.com\/avatar\/dac340933427a22924c9f99d1eb2e3f2?s=96&r=g","caption":"Eduardo Vargas"},"description":"Jornalista formado pela UFSC, cobre macroeconomia, neg\u00f3cios e startups para o Suno Not\u00edcias, escrevendo principalmente not\u00edcias sobre o mercado financeiro e a bolsa de valores. No YouTube e no Instagram, \u00e9 respons\u00e1vel pela produ\u00e7\u00e3o de Reels e Shorts do Suno Not\u00edcias. Anteriormente, trabalhou cobrindo economia e cotidiano no ND+ e para o ND, maior jornal impresso de Santa Catarina. Cursou um semestre letivo de Estudos de M\u00eddia na Universidad de Buenos Aires.","url":"https:\/\/www.suno.com.br\/noticias\/author\/eduardo-vargas\/"}]}},"default_loop_html":"<div class=\"cardsPage__listCard__boxs\"><div class=\"cardsPage__listCard__boxs__img\"><a href=\"https:\/\/www.suno.com.br\/noticias\/ab-inbev-ambev-abev3-demissao-eua\/\"><img class=\"mask\" src=\"https:\/\/www.suno.com.br\/noticias\/wp-content\/themes\/suno\/resources\/images\/spotlight\/spotlight1img\/bg-mask.png\" alt=\"Image Mask\"\/><img src=\"https:\/\/files.sunoresearch.com.br\/n\/uploads\/2019\/11\/8efcdfb9-ab-inbev-400x200.webp\" alt=\"AB InBev, dona da Ambev (ABEV3), anuncia demiss\u00f5es nos EUA\"\/><\/a><span class=\"spotlightCategory\"><a href=\"https:\/\/www.suno.com.br\/noticias\/negocios\/\">Neg\u00f3cios<\/a><\/span><\/div><div class=\"cardsPage__listCard__boxs__content\"><a href=\"https:\/\/www.suno.com.br\/noticias\/ab-inbev-ambev-abev3-demissao-eua\/\"><h2 class=\"content__title\">AB InBev, dona da Ambev (ABEV3), anuncia demiss\u00f5es nos EUA<\/h2><\/a><div class=\"newsContent__article__meta\"><div class=\"newsContent__article__meta__authorBox\"><a href=\"https:\/\/www.suno.com.br\/noticias\/author\/eduardo-vargas\/\" class=\"authorBox__avatar noMobi\"><img src=\"https:\/\/secure.gravatar.com\/avatar\/dac340933427a22924c9f99d1eb2e3f2?s=96&#038;r=g\" alt=\"Eduardo Vargas\"><\/a><div class=\"authorBox__name\"><span>por\n\t\t\t<a href=\"https:\/\/www.suno.com.br\/noticias\/author\/eduardo-vargas\/\"><span itemprop=\"author\">Eduardo Vargas<\/span><\/a><\/span><time datetime=\"2024-01-24T20:48:29-03:00\" itemprop=\"datePublished\">24\/01\/2024 20:48<\/time><\/div><\/div><\/div><\/div><\/div>","single_layout":"posts","amp_enabled":true,"_links":{"self":[{"href":"https:\/\/www.suno.com.br\/noticias\/wp-json\/wp\/v2\/posts\/515437"}],"collection":[{"href":"https:\/\/www.suno.com.br\/noticias\/wp-json\/wp\/v2\/posts"}],"about":[{"href":"https:\/\/www.suno.com.br\/noticias\/wp-json\/wp\/v2\/types\/post"}],"author":[{"embeddable":true,"href":"https:\/\/www.suno.com.br\/noticias\/wp-json\/wp\/v2\/users\/73"}],"replies":[{"embeddable":true,"href":"https:\/\/www.suno.com.br\/noticias\/wp-json\/wp\/v2\/comments?post=515437"}],"version-history":[{"count":3,"href":"https:\/\/www.suno.com.br\/noticias\/wp-json\/wp\/v2\/posts\/515437\/revisions"}],"predecessor-version":[{"id":515465,"href":"https:\/\/www.suno.com.br\/noticias\/wp-json\/wp\/v2\/posts\/515437\/revisions\/515465"}],"wp:featuredmedia":[{"embeddable":true,"href":"https:\/\/www.suno.com.br\/noticias\/wp-json\/wp\/v2\/media\/44540"}],"wp:attachment":[{"href":"https:\/\/www.suno.com.br\/noticias\/wp-json\/wp\/v2\/media?parent=515437"}],"wp:term":[{"taxonomy":"category","embeddable":true,"href":"https:\/\/www.suno.com.br\/noticias\/wp-json\/wp\/v2\/categories?post=515437"},{"taxonomy":"post_tag","embeddable":true,"href":"https:\/\/www.suno.com.br\/noticias\/wp-json\/wp\/v2\/tags?post=515437"},{"taxonomy":"suno_strategy","embeddable":true,"href":"https:\/\/www.suno.com.br\/noticias\/wp-json\/wp\/v2\/suno_strategy?post=515437"}],"curies":[{"name":"wp","href":"https:\/\/api.w.org\/{rel}","templated":true}]}}