{"id":515427,"date":"2024-01-24T20:24:01","date_gmt":"2024-01-24T23:24:01","guid":{"rendered":"https:\/\/www.suno.com.br\/noticias\/?p=515427"},"modified":"2024-01-24T20:24:08","modified_gmt":"2024-01-24T23:24:08","slug":"telefonica-vivt3-vivo-reducao-de-capital","status":"publish","type":"post","link":"https:\/\/www.suno.com.br\/noticias\/telefonica-vivt3-vivo-reducao-de-capital\/","title":{"rendered":"Acionistas da Telef\u00f4nica (VIVT3), dona da Vivo, aprovam redu\u00e7\u00e3o de capital em R$ 1,5 bi"},"content":{"rendered":"<p>Os acionistas da <strong>Telef\u00f4nica Brasil (VIVT3)<\/strong>, dona da Vivo, aprovaram, durante assembleia geral extraordin\u00e1ria, a redu\u00e7\u00e3o do <a class=\"suno-keyword\" target=\"_blank\" data-force=\"no\" data-priority=\"2\" href=\"https:\/\/www.suno.com.br\/artigos\/capital-social\/\" rel=\"noopener\">capital social<\/a> da operadora em R$ 1,5 bilh\u00e3o. Com isso, o capital passar\u00e1 de R$ 63,571 bilh\u00f5es para R$ 62,071 bilh\u00f5es.<\/p>\t<div class=\"wrapper-featured-image\">\n\t\t<figure class=\"spotlightImg\">\n\n\t\t\t<picture>\n\t\t\t\t<source media=\"(max-width: 768px)\" srcset=\"https:\/\/files.sunoresearch.com.br\/n\/uploads\/2021\/06\/d7715dfd-antenna-543431_1920-400x200.webp\">\n\t\t\t\t<img loading=\"lazy\" decoding=\"async\" class=\"newsContent__article__imgCapa lazyloadDisabled \" src=\"https:\/\/files.sunoresearch.com.br\/n\/uploads\/2021\/06\/d7715dfd-antenna-543431_1920-800x450.webp\" width=\"800\" height=\"450\" alt=\"Acionistas da Telef\u00f4nica (VIVT3), dona da Vivo, aprovam redu\u00e7\u00e3o de capital em R$ 1,5 bi\" fetchpriority=high \/>\n\t\t\t<\/picture>\n\n\t\t\t<figcaption class=\"wp-caption-text wp-caption-text--show\">Claro e Desktop (DESK3). Foto: Pixabay<\/figcaption>\n\t\t<\/figure>\n\t<\/div>\n\n\n\n\n\n\t<p>\n\t\t<a href=\"https:\/\/lp.suno.com.br\/planilha-da-vida-financeira\/\" target=\"_blank\" data-element=\"shortcode-suno-banner\" title=\"Banner SUNO, clique e saiba mais\">\n\t\t\t<picture>\n\t\t\t\t<source media=\"(max-width: 500px)\" srcset=\"https:\/\/files.sunoresearch.com.br\/n\/uploads\/2023\/04\/400x300-Planilha-vida-financeira-true.png\">\n\t\t\t\t<img class=\"newsContent__article__imgCapa newsContent__article__imgCapa--banner\"\n\t\t\t\t\tsrc=\"https:\/\/files.sunoresearch.com.br\/n\/uploads\/2023\/04\/1420x240-Planilha-vida-financeira-true.png\"\n\t\t\t\t\tdata-promo-id=\"106682\"\t\t\t\t\t\t\t\t\t\twidth='1420' height='240'\t\t\t\t\talt=\"https:\/\/files.sunoresearch.com.br\/n\/uploads\/2023\/04\/1420x240-Planilha-vida-financeira-true.png\"\n\t\t\t\t>\n\t\t\t<\/picture>\n\t\t<\/a>\n\t<\/p>\n\n\n\n\n\n<p>De acordo com a companhia, a <strong>redu\u00e7\u00e3o do capital da Telef\u00f4nica<\/strong> acontecer\u00e1 mediante <strong>restitui\u00e7\u00e3o aos acionistas<\/strong>, no valor de R$ 0,90766944153 por a\u00e7\u00e3o ordin\u00e1ria, considerando o n\u00famero de a\u00e7\u00f5es em circula\u00e7\u00e3o. O pagamento ser\u00e1 feito em parcela \u00fanica, at\u00e9 o dia 31 de julho de 2024.<\/p>\n\n\n\n<p>Ter\u00e3o direito ao recebimento os <strong>acionistas da Telef\u00f4nica<\/strong> com pap\u00e9is no dia 10 de abril deste ano &#8211; ap\u00f3s esta data, as a\u00e7\u00f5es ser\u00e3o consideradas ex-diretos da restitui\u00e7\u00e3o.<\/p>\n\n\n\n<p>Em comunicado enviado \u00e0 Comiss\u00e3o de Valores Mobili\u00e1rios (CVM), a tele explicou ainda que a mudan\u00e7a mant\u00e9m inalterado o n\u00famero de a\u00e7\u00f5es e o porcentual de participa\u00e7\u00e3o dos acionistas no <strong>capital social da Telef\u00f4nica<\/strong>.<\/p>\n\n\n\t<p>\n\t\t<a href=\"https:\/\/lp.suno.com.br\/ebook-como-analisar-uma-acao\/\" target=\"_blank\" data-element=\"shortcode-suno-banner\" title=\"Banner SUNO, clique e saiba mais\">\n\t\t\t<picture>\n\t\t\t\t<source media=\"(max-width: 500px)\" srcset=\"https:\/\/files.sunoresearch.com.br\/n\/uploads\/2023\/03\/Ebook-Acoes-Mobile.jpg\">\n\t\t\t\t<img class=\"newsContent__article__imgCapa newsContent__article__imgCapa--banner\"\n\t\t\t\t\tsrc=\"https:\/\/files.sunoresearch.com.br\/n\/uploads\/2023\/03\/Ebook-Acoes-Desktop.jpg\"\n\t\t\t\t\tdata-promo-id=\"378302\"\t\t\t\t\t\t\t\t\t\twidth='1420' height='286'\t\t\t\t\talt=\"https:\/\/files.sunoresearch.com.br\/n\/uploads\/2023\/03\/Ebook-Acoes-Desktop.jpg\"\n\t\t\t\t>\n\t\t\t<\/picture>\n\t\t<\/a>\n\t<\/p>\n\n\n\n\n\n<h2 class=\"wp-block-heading\">Telef\u00f4nica teve lucro de R$ 1,47 bilh\u00e3o no 3T23, alta de 2,2%<\/h2>\n\n\n\n<p>A&nbsp;Telef\u00f4nica&nbsp;Brasil&nbsp;teve um&nbsp;<a href=\"https:\/\/www.suno.com.br\/artigos\/lucro-liquido\/\" target=\"_blank\" rel=\"noreferrer noopener\"><strong>lucro l\u00edquido<\/strong><\/a>&nbsp;de R$ 1,472 bilh\u00e3o no terceiro trimestre de 2023 (3T23), cerca de 2,2% mais alto que o do mesmo per\u00edodo do ano passado, apoiado pelo avan\u00e7o do Ebitda.<\/p>\n\n\n\n<p>O&nbsp;<strong>Ebtida ajustado da Telef\u00f4nica<\/strong>, que representa o lucro antes juros, impostos,&nbsp;<a href=\"https:\/\/www.suno.com.br\/artigos\/depreciacao-amortizacao\/\" target=\"_blank\" rel=\"noreferrer noopener\"><strong>deprecia\u00e7\u00e3o e amortiza\u00e7\u00e3o<\/strong><\/a>, foi de R$ 5,539 bilh\u00f5es no terceiro trimestre de 2023, o que representa uma alta de 11,7% na compara\u00e7\u00e3o com igual etapa de 2022.<\/p>\n\n\n\n<p>Em seu documento, a Telef\u00f4nica diz que o aumento do seu Ebitda ocorreu em meio ao grande faturamento core, que registrou uma alta anual de 9,6%. Outro fator que favoreceu seu Ebtida foi o maior controle de gastos, que avan\u00e7ou 4,6%.<\/p>\n\n\n\n<p>Enquanto isso, a&nbsp;<a href=\"https:\/\/www.suno.com.br\/artigos\/margem-ebitda\/\" target=\"_blank\" rel=\"noreferrer noopener\"><strong>margem Ebitda<\/strong><\/a>&nbsp;ajustada teve um aumento de 1,6 ponto percentual, chegando a 42,2% ao final do terceiro trimestre de 2023.<\/p>\n\n\n\n<p>Apesar disso, o&nbsp;<a href=\"https:\/\/www.suno.com.br\/artigos\/resultado-financeiro\/\" target=\"_blank\" rel=\"noreferrer noopener\"><strong>resultado financeiro<\/strong><\/a>&nbsp;l\u00edquido mostrou um preju\u00edzo de R$ 570 milh\u00f5es para a Telef\u00f4nica, com acr\u00e9scimo anual de R$ 532 milh\u00f5es. Segundo a propriet\u00e1ria da Vivo, esse resultado se deu em meio a um faturamento com atualiza\u00e7\u00e3o monet\u00e1ria mais baixo na compara\u00e7\u00e3o anual.<\/p>\n\n\n\n<p>J\u00e1 a&nbsp;<strong>receita l\u00edquida da Telef\u00f4nica<\/strong>&nbsp;cresceu 7,5% no 3T23 (quando comparado a 3T22), chegando a R$ 13,112 bilh\u00f5es. Mas a&nbsp;<a href=\"https:\/\/www.suno.com.br\/artigos\/o-que-receita-liquida\/\"><strong>receita l\u00edquida<\/strong><\/a>&nbsp;m\u00f3vel aumentou 9,4%, atingindo R$ 9,279 bilh\u00f5es.<\/p>\n\n\n\n<p>Enquanto a&nbsp;<a href=\"https:\/\/www.suno.com.br\/artigos\/o-que-receita-liquida\/\" target=\"_blank\" rel=\"noreferrer noopener\"><strong>receita l\u00edquida<\/strong><\/a>&nbsp;fixa apresentou uma alta de 3,1%, a receita de fibra \u00f3tica FTTH cresceu 15,1% no terceiro trimestre de 2023.<\/p>\n\n\n\n<p>Os&nbsp;<strong>investimentos da Telef\u00f4nica<\/strong>&nbsp;somaram R$ 2,626 bilh\u00f5es no 3T23, que foram principalmente voltados para refor\u00e7ar a sua rede m\u00f3vel. Um dos destinos desses recursos foi para expandir a rede de fibra e para ativar o 5G em diversas cidades.<\/p>\n\n\n\n<p>A&nbsp;<a href=\"https:\/\/www.suno.com.br\/artigos\/divida-liquida\/\" target=\"_blank\" rel=\"noreferrer noopener\"><strong>d\u00edvida l\u00edquida<\/strong><\/a>&nbsp;da&nbsp;propriet\u00e1ria da<strong>&nbsp;Vivo&nbsp;<\/strong>\u00e9 de R$ 12,748 bilh\u00f5es, o que corresponde a um aumento de 5,8% em rela\u00e7\u00e3o ao mesmo per\u00edodo de 2022.<\/p>\n\n\n\t<p>\n\t\t<a href=\"https:\/\/lp.suno.com.br\/planilha-da-vida-financeira\/\" target=\"_blank\" data-element=\"shortcode-suno-banner\" title=\"Banner SUNO, clique e saiba mais\">\n\t\t\t<picture>\n\t\t\t\t<source media=\"(max-width: 500px)\" srcset=\"https:\/\/files.sunoresearch.com.br\/n\/uploads\/2023\/04\/400x300-Planilha-vida-financeira-true.png\">\n\t\t\t\t<img class=\"newsContent__article__imgCapa newsContent__article__imgCapa--banner\"\n\t\t\t\t\tsrc=\"https:\/\/files.sunoresearch.com.br\/n\/uploads\/2023\/04\/1420x240-Planilha-vida-financeira-true.png\"\n\t\t\t\t\tdata-promo-id=\"383123\"\t\t\t\t\t\t\t\t\t\twidth='1420' height='240'\t\t\t\t\talt=\"https:\/\/files.sunoresearch.com.br\/n\/uploads\/2023\/04\/1420x240-Planilha-vida-financeira-true.png\"\n\t\t\t\t>\n\t\t\t<\/picture>\n\t\t<\/a>\n\t<\/p>\n\n\n","protected":false},"excerpt":{"rendered":"<p>Os acionistas da Telef\u00f4nica Brasil (VIVT3), dona da Vivo, aprovaram, durante assembleia geral extraordin\u00e1ria, a redu\u00e7\u00e3o do capital social da operadora em R$ 1,5 bilh\u00e3o. Com isso, o capital passar\u00e1 de R$ 63,571 bilh\u00f5es para R$ 62,071 bilh\u00f5es. Claro e Desktop (DESK3). Foto: Pixabay De acordo com a companhia, a redu\u00e7\u00e3o do capital da Telef\u00f4nica [&hellip;]<\/p>\n","protected":false},"author":340,"featured_media":156416,"comment_status":"closed","ping_status":"closed","sticky":false,"template":"","format":"standard","meta":[],"categories":[64],"tags":[286,659],"suno_strategy":[],"class_list":["post-515427","post","type-post","status-publish","format-standard","has-post-thumbnail","hentry","category-negocios","tag-acoes","tag-telefonica-vivt3"],"yoast_head":"<!-- This site is optimized with the Yoast SEO plugin v24.4 - https:\/\/yoast.com\/wordpress\/plugins\/seo\/ -->\n<title>Telef\u00f4nica (VIVT3), dona da Vivo, reduz capital social em R$ 1,5 bi; confira<\/title>\n<meta name=\"description\" content=\"Os acionistas da Telef\u00f4nica Brasil (VIVT3), dona da Vivo, aprovaram a redu\u00e7\u00e3o do capital social da operadora em R$ 1,5 bilh\u00e3o.\" \/>\n<meta name=\"robots\" content=\"index, follow, max-snippet:-1, max-image-preview:large, max-video-preview:-1\" \/>\n<link rel=\"canonical\" href=\"https:\/\/www.suno.com.br\/noticias\/telefonica-vivt3-vivo-reducao-de-capital\/\" \/>\n<meta property=\"og:locale\" content=\"pt_BR\" \/>\n<meta property=\"og:type\" content=\"article\" \/>\n<meta property=\"og:title\" content=\"Telef\u00f4nica (VIVT3), dona da Vivo, reduz capital social em R$ 1,5 bi; confira\" \/>\n<meta property=\"og:description\" content=\"Os acionistas da Telef\u00f4nica Brasil (VIVT3), dona da Vivo, aprovaram a redu\u00e7\u00e3o do capital social da operadora em R$ 1,5 bilh\u00e3o.\" \/>\n<meta property=\"og:url\" content=\"https:\/\/www.suno.com.br\/noticias\/telefonica-vivt3-vivo-reducao-de-capital\/\" \/>\n<meta property=\"og:site_name\" content=\"Suno Not\u00edcias\" \/>\n<meta property=\"article:publisher\" content=\"https:\/\/facebook.com\/sunoresearch\" \/>\n<meta property=\"og:image\" content=\"https:\/\/files.sunoresearch.com.br\/n\/uploads\/2021\/06\/d7715dfd-antenna-543431_1920.jpg\" \/>\n\t<meta property=\"og:image:width\" content=\"1920\" \/>\n\t<meta property=\"og:image:height\" content=\"1440\" \/>\n\t<meta property=\"og:image:type\" content=\"image\/jpeg\" \/>\n<meta name=\"author\" content=\"Leandro Tavares\" \/>\n<meta name=\"twitter:card\" content=\"summary_large_image\" \/>\n<meta name=\"twitter:creator\" content=\"@sunoresearch\" \/>\n<meta name=\"twitter:site\" content=\"@sunoresearch\" \/>\n<meta name=\"twitter:label1\" content=\"Escrito por\" \/>\n\t<meta name=\"twitter:data1\" content=\"Leandro Tavares\" \/>\n\t<meta name=\"twitter:label2\" content=\"Est. tempo de leitura\" \/>\n\t<meta name=\"twitter:data2\" content=\"3 minutos\" \/>\n<script type=\"application\/ld+json\" class=\"yoast-schema-graph\">{\"@context\":\"https:\/\/schema.org\",\"@graph\":[{\"@type\":\"NewsArticle\",\"@id\":\"https:\/\/www.suno.com.br\/noticias\/telefonica-vivt3-vivo-reducao-de-capital\/#article\",\"isPartOf\":{\"@id\":\"https:\/\/www.suno.com.br\/noticias\/telefonica-vivt3-vivo-reducao-de-capital\/\"},\"author\":{\"name\":\"Leandro Tavares\",\"@id\":\"https:\/\/www.suno.com.br\/noticias\/#\/schema\/person\/96b86313436a5af8c004989de27d4962\"},\"headline\":\"Acionistas da Telef\u00f4nica (VIVT3), dona da Vivo, aprovam redu\u00e7\u00e3o de capital em R$ 1,5 bi\",\"datePublished\":\"2024-01-24T23:24:01+00:00\",\"dateModified\":\"2024-01-24T23:24:08+00:00\",\"mainEntityOfPage\":{\"@id\":\"https:\/\/www.suno.com.br\/noticias\/telefonica-vivt3-vivo-reducao-de-capital\/\"},\"wordCount\":544,\"publisher\":{\"@id\":\"https:\/\/www.suno.com.br\/noticias\/#organization\"},\"image\":{\"@id\":\"https:\/\/www.suno.com.br\/noticias\/telefonica-vivt3-vivo-reducao-de-capital\/#primaryimage\"},\"thumbnailUrl\":\"https:\/\/files.sunoresearch.com.br\/n\/uploads\/2021\/06\/d7715dfd-antenna-543431_1920-jpg.webp\",\"keywords\":[\"A\u00e7\u00f5es\",\"Telef\u00f4nica (VIVT3)\"],\"articleSection\":[\"Neg\u00f3cios\"],\"inLanguage\":\"pt-BR\"},{\"@type\":\"WebPage\",\"@id\":\"https:\/\/www.suno.com.br\/noticias\/telefonica-vivt3-vivo-reducao-de-capital\/\",\"url\":\"https:\/\/www.suno.com.br\/noticias\/telefonica-vivt3-vivo-reducao-de-capital\/\",\"name\":\"Telef\u00f4nica (VIVT3), dona da Vivo, reduz capital social em R$ 1,5 bi; confira\",\"isPartOf\":{\"@id\":\"https:\/\/www.suno.com.br\/noticias\/#website\"},\"primaryImageOfPage\":{\"@id\":\"https:\/\/www.suno.com.br\/noticias\/telefonica-vivt3-vivo-reducao-de-capital\/#primaryimage\"},\"image\":{\"@id\":\"https:\/\/www.suno.com.br\/noticias\/telefonica-vivt3-vivo-reducao-de-capital\/#primaryimage\"},\"thumbnailUrl\":\"https:\/\/files.sunoresearch.com.br\/n\/uploads\/2021\/06\/d7715dfd-antenna-543431_1920-jpg.webp\",\"datePublished\":\"2024-01-24T23:24:01+00:00\",\"dateModified\":\"2024-01-24T23:24:08+00:00\",\"description\":\"Os acionistas da Telef\u00f4nica Brasil (VIVT3), dona da Vivo, aprovaram a redu\u00e7\u00e3o do capital social da operadora em R$ 1,5 bilh\u00e3o.\",\"breadcrumb\":{\"@id\":\"https:\/\/www.suno.com.br\/noticias\/telefonica-vivt3-vivo-reducao-de-capital\/#breadcrumb\"},\"inLanguage\":\"pt-BR\",\"potentialAction\":[{\"@type\":\"ReadAction\",\"target\":[\"https:\/\/www.suno.com.br\/noticias\/telefonica-vivt3-vivo-reducao-de-capital\/\"]}]},{\"@type\":\"ImageObject\",\"inLanguage\":\"pt-BR\",\"@id\":\"https:\/\/www.suno.com.br\/noticias\/telefonica-vivt3-vivo-reducao-de-capital\/#primaryimage\",\"url\":\"https:\/\/files.sunoresearch.com.br\/n\/uploads\/2021\/06\/d7715dfd-antenna-543431_1920-jpg.webp\",\"contentUrl\":\"https:\/\/files.sunoresearch.com.br\/n\/uploads\/2021\/06\/d7715dfd-antenna-543431_1920-jpg.webp\",\"width\":1920,\"height\":1440,\"caption\":\"Claro e Desktop (DESK3). Foto: Pixabay\"},{\"@type\":\"BreadcrumbList\",\"@id\":\"https:\/\/www.suno.com.br\/noticias\/telefonica-vivt3-vivo-reducao-de-capital\/#breadcrumb\",\"itemListElement\":[{\"@type\":\"ListItem\",\"position\":1,\"name\":\"Not\u00edcias\",\"item\":\"https:\/\/www.suno.com.br\/noticias\/\"},{\"@type\":\"ListItem\",\"position\":2,\"name\":\"Neg\u00f3cios\",\"item\":\"https:\/\/www.suno.com.br\/noticias\/negocios\/\"},{\"@type\":\"ListItem\",\"position\":3,\"name\":\"Acionistas da Telef\u00f4nica (VIVT3), dona da Vivo, aprovam redu\u00e7\u00e3o de capital em R$ 1,5 bi\"}]},{\"@type\":\"WebSite\",\"@id\":\"https:\/\/www.suno.com.br\/noticias\/#website\",\"url\":\"https:\/\/www.suno.com.br\/noticias\/\",\"name\":\"Suno Not\u00edcias\",\"description\":\"Seu portal de informa\u00e7\u00e3o sobre o mundo dos investimentos\",\"publisher\":{\"@id\":\"https:\/\/www.suno.com.br\/noticias\/#organization\"},\"potentialAction\":[{\"@type\":\"SearchAction\",\"target\":{\"@type\":\"EntryPoint\",\"urlTemplate\":\"https:\/\/www.suno.com.br\/noticias\/?s={search_term_string}\"},\"query-input\":{\"@type\":\"PropertyValueSpecification\",\"valueRequired\":true,\"valueName\":\"search_term_string\"}}],\"inLanguage\":\"pt-BR\"},{\"@type\":\"Organization\",\"@id\":\"https:\/\/www.suno.com.br\/noticias\/#organization\",\"name\":\"Suno Not\u00edcias\",\"url\":\"https:\/\/www.suno.com.br\/noticias\/\",\"logo\":{\"@type\":\"ImageObject\",\"inLanguage\":\"pt-BR\",\"@id\":\"https:\/\/www.suno.com.br\/noticias\/#\/schema\/logo\/image\/\",\"url\":\"https:\/\/files.sunoresearch.com.br\/n\/uploads\/2021\/09\/suno-logo.png\",\"contentUrl\":\"https:\/\/files.sunoresearch.com.br\/n\/uploads\/2021\/09\/suno-logo.png\",\"width\":180,\"height\":180,\"caption\":\"Suno Not\u00edcias\"},\"image\":{\"@id\":\"https:\/\/www.suno.com.br\/noticias\/#\/schema\/logo\/image\/\"},\"sameAs\":[\"https:\/\/facebook.com\/sunoresearch\",\"https:\/\/x.com\/sunoresearch\",\"https:\/\/www.instagram.com\/suno\",\"https:\/\/www.linkedin.com\/company\/suno-research\/\",\"https:\/\/www.youtube.com\/c\/sunoresearch\"]},{\"@type\":\"Person\",\"@id\":\"https:\/\/www.suno.com.br\/noticias\/#\/schema\/person\/96b86313436a5af8c004989de27d4962\",\"name\":\"Leandro Tavares\",\"image\":{\"@type\":\"ImageObject\",\"inLanguage\":\"pt-BR\",\"@id\":\"https:\/\/www.suno.com.br\/noticias\/#\/schema\/person\/image\/\",\"url\":\"https:\/\/secure.gravatar.com\/avatar\/cef3014f9ca74cf54fb41dc01807a08b?s=96&r=g\",\"contentUrl\":\"https:\/\/secure.gravatar.com\/avatar\/cef3014f9ca74cf54fb41dc01807a08b?s=96&r=g\",\"caption\":\"Leandro Tavares\"},\"url\":\"https:\/\/www.suno.com.br\/noticias\/author\/leandro-sbtavaresgmail-com\/\"}]}<\/script>\n<!-- \/ Yoast SEO plugin. -->","yoast_head_json":{"title":"Telef\u00f4nica (VIVT3), dona da Vivo, reduz capital social em R$ 1,5 bi; confira","description":"Os acionistas da Telef\u00f4nica Brasil (VIVT3), dona da Vivo, aprovaram a redu\u00e7\u00e3o do capital social da operadora em R$ 1,5 bilh\u00e3o.","robots":{"index":"index","follow":"follow","max-snippet":"max-snippet:-1","max-image-preview":"max-image-preview:large","max-video-preview":"max-video-preview:-1"},"canonical":"https:\/\/www.suno.com.br\/noticias\/telefonica-vivt3-vivo-reducao-de-capital\/","og_locale":"pt_BR","og_type":"article","og_title":"Telef\u00f4nica (VIVT3), dona da Vivo, reduz capital social em R$ 1,5 bi; confira","og_description":"Os acionistas da Telef\u00f4nica Brasil (VIVT3), dona da Vivo, aprovaram a redu\u00e7\u00e3o do capital social da operadora em R$ 1,5 bilh\u00e3o.","og_url":"https:\/\/www.suno.com.br\/noticias\/telefonica-vivt3-vivo-reducao-de-capital\/","og_site_name":"Suno Not\u00edcias","article_publisher":"https:\/\/facebook.com\/sunoresearch","og_image":[{"width":1920,"height":1440,"url":"https:\/\/files.sunoresearch.com.br\/n\/uploads\/2021\/06\/d7715dfd-antenna-543431_1920.jpg","type":"image\/jpeg"}],"author":"Leandro Tavares","twitter_card":"summary_large_image","twitter_creator":"@sunoresearch","twitter_site":"@sunoresearch","twitter_misc":{"Escrito por":"Leandro Tavares","Est. tempo de leitura":"3 minutos"},"schema":{"@context":"https:\/\/schema.org","@graph":[{"@type":"NewsArticle","@id":"https:\/\/www.suno.com.br\/noticias\/telefonica-vivt3-vivo-reducao-de-capital\/#article","isPartOf":{"@id":"https:\/\/www.suno.com.br\/noticias\/telefonica-vivt3-vivo-reducao-de-capital\/"},"author":{"name":"Leandro Tavares","@id":"https:\/\/www.suno.com.br\/noticias\/#\/schema\/person\/96b86313436a5af8c004989de27d4962"},"headline":"Acionistas da Telef\u00f4nica (VIVT3), dona da Vivo, aprovam redu\u00e7\u00e3o de capital em R$ 1,5 bi","datePublished":"2024-01-24T23:24:01+00:00","dateModified":"2024-01-24T23:24:08+00:00","mainEntityOfPage":{"@id":"https:\/\/www.suno.com.br\/noticias\/telefonica-vivt3-vivo-reducao-de-capital\/"},"wordCount":544,"publisher":{"@id":"https:\/\/www.suno.com.br\/noticias\/#organization"},"image":{"@id":"https:\/\/www.suno.com.br\/noticias\/telefonica-vivt3-vivo-reducao-de-capital\/#primaryimage"},"thumbnailUrl":"https:\/\/files.sunoresearch.com.br\/n\/uploads\/2021\/06\/d7715dfd-antenna-543431_1920-jpg.webp","keywords":["A\u00e7\u00f5es","Telef\u00f4nica (VIVT3)"],"articleSection":["Neg\u00f3cios"],"inLanguage":"pt-BR"},{"@type":"WebPage","@id":"https:\/\/www.suno.com.br\/noticias\/telefonica-vivt3-vivo-reducao-de-capital\/","url":"https:\/\/www.suno.com.br\/noticias\/telefonica-vivt3-vivo-reducao-de-capital\/","name":"Telef\u00f4nica (VIVT3), dona da Vivo, reduz capital social em R$ 1,5 bi; confira","isPartOf":{"@id":"https:\/\/www.suno.com.br\/noticias\/#website"},"primaryImageOfPage":{"@id":"https:\/\/www.suno.com.br\/noticias\/telefonica-vivt3-vivo-reducao-de-capital\/#primaryimage"},"image":{"@id":"https:\/\/www.suno.com.br\/noticias\/telefonica-vivt3-vivo-reducao-de-capital\/#primaryimage"},"thumbnailUrl":"https:\/\/files.sunoresearch.com.br\/n\/uploads\/2021\/06\/d7715dfd-antenna-543431_1920-jpg.webp","datePublished":"2024-01-24T23:24:01+00:00","dateModified":"2024-01-24T23:24:08+00:00","description":"Os acionistas da Telef\u00f4nica Brasil (VIVT3), dona da Vivo, aprovaram a redu\u00e7\u00e3o do capital social da operadora em R$ 1,5 bilh\u00e3o.","breadcrumb":{"@id":"https:\/\/www.suno.com.br\/noticias\/telefonica-vivt3-vivo-reducao-de-capital\/#breadcrumb"},"inLanguage":"pt-BR","potentialAction":[{"@type":"ReadAction","target":["https:\/\/www.suno.com.br\/noticias\/telefonica-vivt3-vivo-reducao-de-capital\/"]}]},{"@type":"ImageObject","inLanguage":"pt-BR","@id":"https:\/\/www.suno.com.br\/noticias\/telefonica-vivt3-vivo-reducao-de-capital\/#primaryimage","url":"https:\/\/files.sunoresearch.com.br\/n\/uploads\/2021\/06\/d7715dfd-antenna-543431_1920-jpg.webp","contentUrl":"https:\/\/files.sunoresearch.com.br\/n\/uploads\/2021\/06\/d7715dfd-antenna-543431_1920-jpg.webp","width":1920,"height":1440,"caption":"Claro e Desktop (DESK3). Foto: Pixabay"},{"@type":"BreadcrumbList","@id":"https:\/\/www.suno.com.br\/noticias\/telefonica-vivt3-vivo-reducao-de-capital\/#breadcrumb","itemListElement":[{"@type":"ListItem","position":1,"name":"Not\u00edcias","item":"https:\/\/www.suno.com.br\/noticias\/"},{"@type":"ListItem","position":2,"name":"Neg\u00f3cios","item":"https:\/\/www.suno.com.br\/noticias\/negocios\/"},{"@type":"ListItem","position":3,"name":"Acionistas da Telef\u00f4nica (VIVT3), dona da Vivo, aprovam redu\u00e7\u00e3o de capital em R$ 1,5 bi"}]},{"@type":"WebSite","@id":"https:\/\/www.suno.com.br\/noticias\/#website","url":"https:\/\/www.suno.com.br\/noticias\/","name":"Suno Not\u00edcias","description":"Seu portal de informa\u00e7\u00e3o sobre o mundo dos investimentos","publisher":{"@id":"https:\/\/www.suno.com.br\/noticias\/#organization"},"potentialAction":[{"@type":"SearchAction","target":{"@type":"EntryPoint","urlTemplate":"https:\/\/www.suno.com.br\/noticias\/?s={search_term_string}"},"query-input":{"@type":"PropertyValueSpecification","valueRequired":true,"valueName":"search_term_string"}}],"inLanguage":"pt-BR"},{"@type":"Organization","@id":"https:\/\/www.suno.com.br\/noticias\/#organization","name":"Suno Not\u00edcias","url":"https:\/\/www.suno.com.br\/noticias\/","logo":{"@type":"ImageObject","inLanguage":"pt-BR","@id":"https:\/\/www.suno.com.br\/noticias\/#\/schema\/logo\/image\/","url":"https:\/\/files.sunoresearch.com.br\/n\/uploads\/2021\/09\/suno-logo.png","contentUrl":"https:\/\/files.sunoresearch.com.br\/n\/uploads\/2021\/09\/suno-logo.png","width":180,"height":180,"caption":"Suno Not\u00edcias"},"image":{"@id":"https:\/\/www.suno.com.br\/noticias\/#\/schema\/logo\/image\/"},"sameAs":["https:\/\/facebook.com\/sunoresearch","https:\/\/x.com\/sunoresearch","https:\/\/www.instagram.com\/suno","https:\/\/www.linkedin.com\/company\/suno-research\/","https:\/\/www.youtube.com\/c\/sunoresearch"]},{"@type":"Person","@id":"https:\/\/www.suno.com.br\/noticias\/#\/schema\/person\/96b86313436a5af8c004989de27d4962","name":"Leandro Tavares","image":{"@type":"ImageObject","inLanguage":"pt-BR","@id":"https:\/\/www.suno.com.br\/noticias\/#\/schema\/person\/image\/","url":"https:\/\/secure.gravatar.com\/avatar\/cef3014f9ca74cf54fb41dc01807a08b?s=96&r=g","contentUrl":"https:\/\/secure.gravatar.com\/avatar\/cef3014f9ca74cf54fb41dc01807a08b?s=96&r=g","caption":"Leandro Tavares"},"url":"https:\/\/www.suno.com.br\/noticias\/author\/leandro-sbtavaresgmail-com\/"}]}},"default_loop_html":"<div class=\"cardsPage__listCard__boxs\"><div class=\"cardsPage__listCard__boxs__img\"><a href=\"https:\/\/www.suno.com.br\/noticias\/telefonica-vivt3-vivo-reducao-de-capital\/\"><img class=\"mask\" src=\"https:\/\/www.suno.com.br\/noticias\/wp-content\/themes\/suno\/resources\/images\/spotlight\/spotlight1img\/bg-mask.png\" alt=\"Image Mask\"\/><img src=\"https:\/\/files.sunoresearch.com.br\/n\/uploads\/2021\/06\/d7715dfd-antenna-543431_1920-400x200.webp\" alt=\"Acionistas da Telef\u00f4nica (VIVT3), dona da Vivo, aprovam redu\u00e7\u00e3o de capital em R$ 1,5 bi\"\/><\/a><span class=\"spotlightCategory\"><a href=\"https:\/\/www.suno.com.br\/noticias\/negocios\/\">Neg\u00f3cios<\/a><\/span><\/div><div class=\"cardsPage__listCard__boxs__content\"><a href=\"https:\/\/www.suno.com.br\/noticias\/telefonica-vivt3-vivo-reducao-de-capital\/\"><h2 class=\"content__title\">Acionistas da Telef\u00f4nica (VIVT3), dona da Vivo, aprovam redu\u00e7\u00e3o de capital em R$ 1,5 bi<\/h2><\/a><div class=\"newsContent__article__meta\"><div class=\"newsContent__article__meta__authorBox\"><a href=\"https:\/\/www.suno.com.br\/noticias\/author\/leandro-sbtavaresgmail-com\/\" class=\"authorBox__avatar noMobi\"><img src=\"https:\/\/files.sunoresearch.com.br\/n\/uploads\/2024\/01\/Foto-150x150.jpg\" alt=\"Leandro Tavares\"><\/a><div class=\"authorBox__name\"><span>por\n\t\t\t<a href=\"https:\/\/www.suno.com.br\/noticias\/author\/leandro-sbtavaresgmail-com\/\"><span itemprop=\"author\">Leandro Tavares<\/span><\/a><\/span><time datetime=\"2024-01-24T20:24:01-03:00\" itemprop=\"datePublished\">24\/01\/2024 20:24<\/time><\/div><\/div><\/div><\/div><\/div>","single_layout":"posts","amp_enabled":true,"_links":{"self":[{"href":"https:\/\/www.suno.com.br\/noticias\/wp-json\/wp\/v2\/posts\/515427"}],"collection":[{"href":"https:\/\/www.suno.com.br\/noticias\/wp-json\/wp\/v2\/posts"}],"about":[{"href":"https:\/\/www.suno.com.br\/noticias\/wp-json\/wp\/v2\/types\/post"}],"author":[{"embeddable":true,"href":"https:\/\/www.suno.com.br\/noticias\/wp-json\/wp\/v2\/users\/340"}],"replies":[{"embeddable":true,"href":"https:\/\/www.suno.com.br\/noticias\/wp-json\/wp\/v2\/comments?post=515427"}],"version-history":[{"count":2,"href":"https:\/\/www.suno.com.br\/noticias\/wp-json\/wp\/v2\/posts\/515427\/revisions"}],"predecessor-version":[{"id":515451,"href":"https:\/\/www.suno.com.br\/noticias\/wp-json\/wp\/v2\/posts\/515427\/revisions\/515451"}],"wp:featuredmedia":[{"embeddable":true,"href":"https:\/\/www.suno.com.br\/noticias\/wp-json\/wp\/v2\/media\/156416"}],"wp:attachment":[{"href":"https:\/\/www.suno.com.br\/noticias\/wp-json\/wp\/v2\/media?parent=515427"}],"wp:term":[{"taxonomy":"category","embeddable":true,"href":"https:\/\/www.suno.com.br\/noticias\/wp-json\/wp\/v2\/categories?post=515427"},{"taxonomy":"post_tag","embeddable":true,"href":"https:\/\/www.suno.com.br\/noticias\/wp-json\/wp\/v2\/tags?post=515427"},{"taxonomy":"suno_strategy","embeddable":true,"href":"https:\/\/www.suno.com.br\/noticias\/wp-json\/wp\/v2\/suno_strategy?post=515427"}],"curies":[{"name":"wp","href":"https:\/\/api.w.org\/{rel}","templated":true}]}}