{"id":515374,"date":"2024-01-24T18:56:58","date_gmt":"2024-01-24T21:56:58","guid":{"rendered":"https:\/\/www.suno.com.br\/noticias\/?p=515374"},"modified":"2024-01-24T18:57:06","modified_gmt":"2024-01-24T21:57:06","slug":"santander-sanb11-programa-de-recompra-units","status":"publish","type":"post","link":"https:\/\/www.suno.com.br\/noticias\/santander-sanb11-programa-de-recompra-units\/","title":{"rendered":"Santander (SANB11) anuncia programa de recompra de at\u00e9 36,2 milh\u00f5es de units"},"content":{"rendered":"<p>O <a class=\"suno-keyword\" target=\"_blank\" data-force=\"no\" data-priority=\"1\" href=\"https:\/\/www.suno.com.br\/artigos\/conselho-administracao\/\" rel=\"noopener\">conselho de administra\u00e7\u00e3o<\/a> do <strong>Santander (SANB11)<\/strong> aprovou, nesta quarta-feira, 24, um novo <strong>programa de recompra de at\u00e9 36,205 milh\u00f5es de units<\/strong>, que equivalem a mesma quantidade de <a class=\"suno-keyword\" target=\"_blank\" data-force=\"no\" data-priority=\"1\" href=\"https:\/\/www.suno.com.br\/artigos\/o-que-sao-acoes-ordinarias-preferenciais-e-units\/\" rel=\"noopener\">a\u00e7\u00f5es ordin\u00e1rias<\/a> e preferenciais, totalizando 1% do capital social da companhia.<\/p>\t<div class=\"wrapper-featured-image\">\n\t\t<figure class=\"spotlightImg\">\n\n\t\t\t<picture>\n\t\t\t\t<source media=\"(max-width: 768px)\" srcset=\"https:\/\/files.sunoresearch.com.br\/n\/uploads\/2023\/08\/Fachada-Sede-Santander-SP-1-400x200.jpg\">\n\t\t\t\t<img loading=\"lazy\" decoding=\"async\" class=\"newsContent__article__imgCapa lazyloadDisabled \" src=\"https:\/\/files.sunoresearch.com.br\/n\/uploads\/2023\/08\/Fachada-Sede-Santander-SP-1-800x450.jpg\" width=\"800\" height=\"450\" alt=\"Santander (SANB11) anuncia programa de recompra de at\u00e9 36,2 milh\u00f5es de units\" fetchpriority=high \/>\n\t\t\t<\/picture>\n\n\t\t\t<figcaption class=\"wp-caption-text wp-caption-text--show\">Santander (SANB11). Foto: Divulga\u00e7\u00e3o\/ Santander<\/figcaption>\n\t\t<\/figure>\n\t<\/div>\n\n\n\n\n\n\t<p>\n\t\t<a href=\"https:\/\/lp.suno.com.br\/planilha-da-vida-financeira\/\" target=\"_blank\" data-element=\"shortcode-suno-banner\" title=\"Banner SUNO, clique e saiba mais\">\n\t\t\t<picture>\n\t\t\t\t<source media=\"(max-width: 500px)\" srcset=\"https:\/\/files.sunoresearch.com.br\/n\/uploads\/2023\/04\/400x300-Planilha-vida-financeira-true.png\">\n\t\t\t\t<img class=\"newsContent__article__imgCapa newsContent__article__imgCapa--banner\"\n\t\t\t\t\tsrc=\"https:\/\/files.sunoresearch.com.br\/n\/uploads\/2023\/04\/1420x240-Planilha-vida-financeira-true.png\"\n\t\t\t\t\tdata-promo-id=\"383123\"\t\t\t\t\t\t\t\t\t\twidth='1420' height='240'\t\t\t\t\talt=\"https:\/\/files.sunoresearch.com.br\/n\/uploads\/2023\/04\/1420x240-Planilha-vida-financeira-true.png\"\n\t\t\t\t>\n\t\t\t<\/picture>\n\t\t<\/a>\n\t<\/p>\n\n\n\n\n\n<p>Em comunicado enviado ao mercado, o banco explicou que o programa de recompra de <strong>units do Santander <\/strong>tem como objetivo maximizar a gera\u00e7\u00e3o de valor para os acionistas e viabilizar o pagamento de funcion\u00e1rios, administradores e empregados de n\u00edvel gerencial.<\/p>\n\n\n\n<p>O<strong> programa do Santander<\/strong>, que ter\u00e1 prazo de 18 meses, contados a partir de 6 de fevereiro de 2024 e 6 de agosto de 2025, depender\u00e1 da &#8220;exist\u00eancia de recursos dispon\u00edveis no momento da aquisi\u00e7\u00e3o das a\u00e7\u00f5es&#8221;. Em dezembro de 2023, a institui\u00e7\u00e3o detinha nas contas de <a class=\"suno-keyword\" target=\"_blank\" data-force=\"no\" data-priority=\"1\" href=\"https:\/\/www.suno.com.br\/artigos\/reserva-capital\/\" rel=\"noopener\">reserva de capital<\/a> e de lucros o montante de R$ 28,47 bilh\u00f5es.<\/p>\n\n\n\n<p>No final do ano passado, o Santander possu\u00eda 348,147 milh\u00f5es de <a class=\"suno-keyword\" target=\"_blank\" data-force=\"no\" data-priority=\"1\" href=\"https:\/\/www.suno.com.br\/artigos\/o-que-sao-acoes-ordinarias-preferenciais-e-units\/\" rel=\"noopener\">a\u00e7\u00f5es ordin\u00e1rias<\/a> e 375,952 milh\u00f5es de <a class=\"suno-keyword\" target=\"_blank\" data-force=\"no\" data-priority=\"1\" href=\"https:\/\/www.suno.com.br\/artigos\/acoes-preferenciais\/\" rel=\"noopener\">a\u00e7\u00f5es preferenciais<\/a> em circula\u00e7\u00e3o, excluindo os pap\u00e9is em tesouraria e detidas pelos controladores e administradores da empresa.<\/p>\n\n\n\t<p>\n\t\t<a href=\"https:\/\/lp.suno.com.br\/ebook-como-analisar-uma-acao\/\" target=\"_blank\" data-element=\"shortcode-suno-banner\" title=\"Banner SUNO, clique e saiba mais\">\n\t\t\t<picture>\n\t\t\t\t<source media=\"(max-width: 500px)\" srcset=\"https:\/\/files.sunoresearch.com.br\/n\/uploads\/2023\/03\/Ebook-Acoes-Mobile.jpg\">\n\t\t\t\t<img class=\"newsContent__article__imgCapa newsContent__article__imgCapa--banner\"\n\t\t\t\t\tsrc=\"https:\/\/files.sunoresearch.com.br\/n\/uploads\/2023\/03\/Ebook-Acoes-Desktop.jpg\"\n\t\t\t\t\tdata-promo-id=\"378302\"\t\t\t\t\t\t\t\t\t\twidth='1420' height='286'\t\t\t\t\talt=\"https:\/\/files.sunoresearch.com.br\/n\/uploads\/2023\/03\/Ebook-Acoes-Desktop.jpg\"\n\t\t\t\t>\n\t\t\t<\/picture>\n\t\t<\/a>\n\t<\/p>\n\n\n\n\n\n<h2 class=\"wp-block-heading\">Santander vai distribuir R$ 1,5 bilh\u00e3o em JCP<\/h2>\n\n\n\n<p>O&nbsp;<strong>Santander (SANB11)<\/strong>&nbsp;vai pagar R$ 1,5 bilh\u00e3o em&nbsp;<strong>juros sobre o capital pr\u00f3prio<\/strong>&nbsp;aos seus acionistas, de acordo com <a class=\"suno-keyword\" target=\"_blank\" data-force=\"no\" data-priority=\"1\" href=\"https:\/\/www.suno.com.br\/artigos\/fato-relevante\/\" rel=\"noopener\">fato relevante<\/a> divulgado no dia 11 de janeiro. Esses proventos fazem parte dos <a class=\"suno-keyword\" target=\"_blank\" data-force=\"no\" data-priority=\"1\" href=\"https:\/\/www.suno.com.br\/guias\/dividendos\/\" rel=\"noopener\">dividendos<\/a> obrigat\u00f3rios do exerc\u00edcio de 2024.<\/p>\n\n\n\n<p>O valor dos&nbsp;<strong>proventos do Santander<\/strong>&nbsp;ser\u00e1 de R$ 0,40285562160 por unit, que ser\u00e3o pagos a partir do dia 8 de fevereiro.<\/p>\n\n\n\n<p>Apenas os investidores com a\u00e7\u00f5es do Santander no dia&nbsp;<strong>19 de janeiro<\/strong>&nbsp;ter\u00e3o direito de receber os rendimentos. A partir do dia&nbsp;<strong>22 de janeiro<\/strong>, as a\u00e7\u00f5es ser\u00e3o negociadas sem direito ao JCP.<\/p>\n\n\n\n<p><strong>\u201cBanco busca expans\u00e3o de fontes de receitas\u201d, dizem analistas, que mant\u00eam recomenda\u00e7\u00e3o<\/strong><\/p>\n\n\n\n<p>Ap\u00f3s conversas com time de <a class=\"suno-keyword\" target=\"_blank\" data-force=\"no\" data-priority=\"1\" href=\"https:\/\/www.suno.com.br\/artigos\/relacoes-com-investidores\/\" rel=\"noopener\">rela\u00e7\u00f5es com investidores<\/a> do <a class=\"suno-keyword\" target=\"_blank\" data-force=\"yes\" data-priority=\"2\" href=\"https:\/\/www.suno.com.br\/acoes\/SANB11\/\" rel=\"noopener\">Santander (SANB11)<\/a> no final de novembro, a Genial Investimentos reiterou recomenda\u00e7\u00e3o neutra para as&nbsp;<strong>a\u00e7\u00f5es do banco<\/strong>, afirmando que o Santander est\u00e1 buscando resultados mais resilientes, com a expans\u00e3o de fontes de receitas.<\/p>\n\n\n\n<p>Para a equipe da Genial, a&nbsp;<strong>inadimpl\u00eancia do Santander<\/strong>&nbsp;est\u00e1 sob controle, com previs\u00f5es de resultados melhores para 2024. A estimativa dos analistas \u00e9 de que o lucro cres\u00e7a 35% em 2024, aumentando de R$ 10,8 bilh\u00f5es para R$ 14,4 bilh\u00f5es.<\/p>\n\n\n\n<p>No entanto, as estimativas do consenso para 2024 variam entre R$ 12 bilh\u00f5es e R$ 17 bilh\u00f5es.<\/p>\n\n\n\n<p>A expectativa \u00e9 de que a&nbsp;<strong>carteira de cr\u00e9dito do Santander<\/strong>&nbsp;cres\u00e7a entre 5% e 10% em 2024, aumento de dois pontos percentuais em rela\u00e7\u00e3o a 2023. As receitas com juros (NII) tamb\u00e9m devem crescer. \u201cContudo, espera-se que o NII Clientes cres\u00e7a menos do que o aumento do cr\u00e9dito, devido a uma abordagem mais conservadora no mix (com spreads menores e menor risco)\u201d, pontua a Genial.<\/p>\n\n\n\n<p>No<strong>&nbsp;3T23 do Santander<\/strong>, o banco atingiu 3,6% de custo de cr\u00e9dito\/carteira, uma redu\u00e7\u00e3o de 0,8 pontos percentuais ao ano. \u201cApesar da melhora, a companhia acredita que este indicador n\u00e3o deve voltar para os patamares pr\u00e9-pandemia (2,9% \u2013 3,0%), devendo estabilizar entre o n\u00edvel alcan\u00e7ado\u201d, dizem os analistas.<\/p>\n\n\n\t<p>\n\t\t<a href=\"https:\/\/lp.suno.com.br\/planilha-da-vida-financeira\/\" target=\"_blank\" data-element=\"shortcode-suno-banner\" title=\"Banner SUNO, clique e saiba mais\">\n\t\t\t<picture>\n\t\t\t\t<source media=\"(max-width: 500px)\" srcset=\"https:\/\/files.sunoresearch.com.br\/n\/uploads\/2023\/04\/400x300-Planilha-vida-financeira-true.png\">\n\t\t\t\t<img class=\"newsContent__article__imgCapa newsContent__article__imgCapa--banner\"\n\t\t\t\t\tsrc=\"https:\/\/files.sunoresearch.com.br\/n\/uploads\/2023\/04\/1420x240-Planilha-vida-financeira-true.png\"\n\t\t\t\t\tdata-promo-id=\"106682\"\t\t\t\t\t\t\t\t\t\twidth='1420' height='240'\t\t\t\t\talt=\"https:\/\/files.sunoresearch.com.br\/n\/uploads\/2023\/04\/1420x240-Planilha-vida-financeira-true.png\"\n\t\t\t\t>\n\t\t\t<\/picture>\n\t\t<\/a>\n\t<\/p>\n\n\n","protected":false},"excerpt":{"rendered":"<p>O conselho de administra\u00e7\u00e3o do Santander (SANB11) aprovou, nesta quarta-feira, 24, um novo programa de recompra de at\u00e9 36,205 milh\u00f5es de units, que equivalem a mesma quantidade de a\u00e7\u00f5es ordin\u00e1rias e preferenciais, totalizando 1% do capital social da companhia. Santander (SANB11). Foto: Divulga\u00e7\u00e3o\/ Santander Em comunicado enviado ao mercado, o banco explicou que o programa [&hellip;]<\/p>\n","protected":false},"author":340,"featured_media":437315,"comment_status":"closed","ping_status":"closed","sticky":false,"template":"","format":"standard","meta":[],"categories":[64],"tags":[286,624],"suno_strategy":[],"class_list":["post-515374","post","type-post","status-publish","format-standard","has-post-thumbnail","hentry","category-negocios","tag-acoes","tag-santander-sanb11-sanb3-sanb4"],"yoast_head":"<!-- This site is optimized with the Yoast SEO plugin v24.4 - https:\/\/yoast.com\/wordpress\/plugins\/seo\/ -->\n<title>Santander (SANB11) vai recomprar at\u00e9 36,2 mi de units<\/title>\n<meta name=\"description\" content=\"O conselho de administra\u00e7\u00e3o do Santander aprovou um programa de recompra de at\u00e9 36,205 milh\u00f5es de units, totalizando 1% do capital social.\" \/>\n<meta name=\"robots\" content=\"index, follow, max-snippet:-1, max-image-preview:large, max-video-preview:-1\" \/>\n<link rel=\"canonical\" href=\"https:\/\/www.suno.com.br\/noticias\/santander-sanb11-programa-de-recompra-units\/\" \/>\n<meta property=\"og:locale\" content=\"pt_BR\" \/>\n<meta property=\"og:type\" content=\"article\" \/>\n<meta property=\"og:title\" content=\"Santander (SANB11) vai recomprar at\u00e9 36,2 mi de units\" \/>\n<meta property=\"og:description\" content=\"O conselho de administra\u00e7\u00e3o do Santander aprovou um programa de recompra de at\u00e9 36,205 milh\u00f5es de units, totalizando 1% do capital social.\" \/>\n<meta property=\"og:url\" content=\"https:\/\/www.suno.com.br\/noticias\/santander-sanb11-programa-de-recompra-units\/\" \/>\n<meta property=\"og:site_name\" content=\"Suno Not\u00edcias\" \/>\n<meta property=\"article:publisher\" content=\"https:\/\/facebook.com\/sunoresearch\" \/>\n<meta property=\"og:image\" content=\"https:\/\/files.sunoresearch.com.br\/n\/uploads\/2023\/08\/Fachada-Sede-Santander-SP-1.jpg\" \/>\n\t<meta property=\"og:image:width\" content=\"1200\" \/>\n\t<meta property=\"og:image:height\" content=\"800\" \/>\n\t<meta property=\"og:image:type\" content=\"image\/jpeg\" \/>\n<meta name=\"author\" content=\"Leandro Tavares\" \/>\n<meta name=\"twitter:card\" content=\"summary_large_image\" \/>\n<meta name=\"twitter:creator\" content=\"@sunoresearch\" \/>\n<meta name=\"twitter:site\" content=\"@sunoresearch\" \/>\n<meta name=\"twitter:label1\" content=\"Escrito por\" \/>\n\t<meta name=\"twitter:data1\" content=\"Leandro Tavares\" \/>\n\t<meta name=\"twitter:label2\" content=\"Est. tempo de leitura\" \/>\n\t<meta name=\"twitter:data2\" content=\"3 minutos\" \/>\n<script type=\"application\/ld+json\" class=\"yoast-schema-graph\">{\"@context\":\"https:\/\/schema.org\",\"@graph\":[{\"@type\":\"NewsArticle\",\"@id\":\"https:\/\/www.suno.com.br\/noticias\/santander-sanb11-programa-de-recompra-units\/#article\",\"isPartOf\":{\"@id\":\"https:\/\/www.suno.com.br\/noticias\/santander-sanb11-programa-de-recompra-units\/\"},\"author\":{\"name\":\"Leandro Tavares\",\"@id\":\"https:\/\/www.suno.com.br\/noticias\/#\/schema\/person\/96b86313436a5af8c004989de27d4962\"},\"headline\":\"Santander (SANB11) anuncia programa de recompra de at\u00e9 36,2 milh\u00f5es de units\",\"datePublished\":\"2024-01-24T21:56:58+00:00\",\"dateModified\":\"2024-01-24T21:57:06+00:00\",\"mainEntityOfPage\":{\"@id\":\"https:\/\/www.suno.com.br\/noticias\/santander-sanb11-programa-de-recompra-units\/\"},\"wordCount\":556,\"publisher\":{\"@id\":\"https:\/\/www.suno.com.br\/noticias\/#organization\"},\"image\":{\"@id\":\"https:\/\/www.suno.com.br\/noticias\/santander-sanb11-programa-de-recompra-units\/#primaryimage\"},\"thumbnailUrl\":\"https:\/\/files.sunoresearch.com.br\/n\/uploads\/2023\/08\/Fachada-Sede-Santander-SP-1.jpg\",\"keywords\":[\"A\u00e7\u00f5es\",\"Santander (SANB11\/SANB3\/SANB4)\"],\"articleSection\":[\"Neg\u00f3cios\"],\"inLanguage\":\"pt-BR\"},{\"@type\":\"WebPage\",\"@id\":\"https:\/\/www.suno.com.br\/noticias\/santander-sanb11-programa-de-recompra-units\/\",\"url\":\"https:\/\/www.suno.com.br\/noticias\/santander-sanb11-programa-de-recompra-units\/\",\"name\":\"Santander (SANB11) vai recomprar at\u00e9 36,2 mi de units\",\"isPartOf\":{\"@id\":\"https:\/\/www.suno.com.br\/noticias\/#website\"},\"primaryImageOfPage\":{\"@id\":\"https:\/\/www.suno.com.br\/noticias\/santander-sanb11-programa-de-recompra-units\/#primaryimage\"},\"image\":{\"@id\":\"https:\/\/www.suno.com.br\/noticias\/santander-sanb11-programa-de-recompra-units\/#primaryimage\"},\"thumbnailUrl\":\"https:\/\/files.sunoresearch.com.br\/n\/uploads\/2023\/08\/Fachada-Sede-Santander-SP-1.jpg\",\"datePublished\":\"2024-01-24T21:56:58+00:00\",\"dateModified\":\"2024-01-24T21:57:06+00:00\",\"description\":\"O conselho de administra\u00e7\u00e3o do Santander aprovou um programa de recompra de at\u00e9 36,205 milh\u00f5es de units, totalizando 1% do capital social.\",\"breadcrumb\":{\"@id\":\"https:\/\/www.suno.com.br\/noticias\/santander-sanb11-programa-de-recompra-units\/#breadcrumb\"},\"inLanguage\":\"pt-BR\",\"potentialAction\":[{\"@type\":\"ReadAction\",\"target\":[\"https:\/\/www.suno.com.br\/noticias\/santander-sanb11-programa-de-recompra-units\/\"]}]},{\"@type\":\"ImageObject\",\"inLanguage\":\"pt-BR\",\"@id\":\"https:\/\/www.suno.com.br\/noticias\/santander-sanb11-programa-de-recompra-units\/#primaryimage\",\"url\":\"https:\/\/files.sunoresearch.com.br\/n\/uploads\/2023\/08\/Fachada-Sede-Santander-SP-1.jpg\",\"contentUrl\":\"https:\/\/files.sunoresearch.com.br\/n\/uploads\/2023\/08\/Fachada-Sede-Santander-SP-1.jpg\",\"width\":1200,\"height\":800,\"caption\":\"Santander (SANB11). Foto: Divulga\u00e7\u00e3o\/ Santander\"},{\"@type\":\"BreadcrumbList\",\"@id\":\"https:\/\/www.suno.com.br\/noticias\/santander-sanb11-programa-de-recompra-units\/#breadcrumb\",\"itemListElement\":[{\"@type\":\"ListItem\",\"position\":1,\"name\":\"Not\u00edcias\",\"item\":\"https:\/\/www.suno.com.br\/noticias\/\"},{\"@type\":\"ListItem\",\"position\":2,\"name\":\"Neg\u00f3cios\",\"item\":\"https:\/\/www.suno.com.br\/noticias\/negocios\/\"},{\"@type\":\"ListItem\",\"position\":3,\"name\":\"Santander (SANB11) anuncia programa de recompra de at\u00e9 36,2 milh\u00f5es de units\"}]},{\"@type\":\"WebSite\",\"@id\":\"https:\/\/www.suno.com.br\/noticias\/#website\",\"url\":\"https:\/\/www.suno.com.br\/noticias\/\",\"name\":\"Suno Not\u00edcias\",\"description\":\"Seu portal de informa\u00e7\u00e3o sobre o mundo dos investimentos\",\"publisher\":{\"@id\":\"https:\/\/www.suno.com.br\/noticias\/#organization\"},\"potentialAction\":[{\"@type\":\"SearchAction\",\"target\":{\"@type\":\"EntryPoint\",\"urlTemplate\":\"https:\/\/www.suno.com.br\/noticias\/?s={search_term_string}\"},\"query-input\":{\"@type\":\"PropertyValueSpecification\",\"valueRequired\":true,\"valueName\":\"search_term_string\"}}],\"inLanguage\":\"pt-BR\"},{\"@type\":\"Organization\",\"@id\":\"https:\/\/www.suno.com.br\/noticias\/#organization\",\"name\":\"Suno Not\u00edcias\",\"url\":\"https:\/\/www.suno.com.br\/noticias\/\",\"logo\":{\"@type\":\"ImageObject\",\"inLanguage\":\"pt-BR\",\"@id\":\"https:\/\/www.suno.com.br\/noticias\/#\/schema\/logo\/image\/\",\"url\":\"https:\/\/files.sunoresearch.com.br\/n\/uploads\/2021\/09\/suno-logo.png\",\"contentUrl\":\"https:\/\/files.sunoresearch.com.br\/n\/uploads\/2021\/09\/suno-logo.png\",\"width\":180,\"height\":180,\"caption\":\"Suno Not\u00edcias\"},\"image\":{\"@id\":\"https:\/\/www.suno.com.br\/noticias\/#\/schema\/logo\/image\/\"},\"sameAs\":[\"https:\/\/facebook.com\/sunoresearch\",\"https:\/\/x.com\/sunoresearch\",\"https:\/\/www.instagram.com\/suno\",\"https:\/\/www.linkedin.com\/company\/suno-research\/\",\"https:\/\/www.youtube.com\/c\/sunoresearch\"]},{\"@type\":\"Person\",\"@id\":\"https:\/\/www.suno.com.br\/noticias\/#\/schema\/person\/96b86313436a5af8c004989de27d4962\",\"name\":\"Leandro Tavares\",\"image\":{\"@type\":\"ImageObject\",\"inLanguage\":\"pt-BR\",\"@id\":\"https:\/\/www.suno.com.br\/noticias\/#\/schema\/person\/image\/\",\"url\":\"https:\/\/secure.gravatar.com\/avatar\/cef3014f9ca74cf54fb41dc01807a08b?s=96&r=g\",\"contentUrl\":\"https:\/\/secure.gravatar.com\/avatar\/cef3014f9ca74cf54fb41dc01807a08b?s=96&r=g\",\"caption\":\"Leandro Tavares\"},\"url\":\"https:\/\/www.suno.com.br\/noticias\/author\/leandro-sbtavaresgmail-com\/\"}]}<\/script>\n<!-- \/ Yoast SEO plugin. -->","yoast_head_json":{"title":"Santander (SANB11) vai recomprar at\u00e9 36,2 mi de units","description":"O conselho de administra\u00e7\u00e3o do Santander aprovou um programa de recompra de at\u00e9 36,205 milh\u00f5es de units, totalizando 1% do capital social.","robots":{"index":"index","follow":"follow","max-snippet":"max-snippet:-1","max-image-preview":"max-image-preview:large","max-video-preview":"max-video-preview:-1"},"canonical":"https:\/\/www.suno.com.br\/noticias\/santander-sanb11-programa-de-recompra-units\/","og_locale":"pt_BR","og_type":"article","og_title":"Santander (SANB11) vai recomprar at\u00e9 36,2 mi de units","og_description":"O conselho de administra\u00e7\u00e3o do Santander aprovou um programa de recompra de at\u00e9 36,205 milh\u00f5es de units, totalizando 1% do capital social.","og_url":"https:\/\/www.suno.com.br\/noticias\/santander-sanb11-programa-de-recompra-units\/","og_site_name":"Suno Not\u00edcias","article_publisher":"https:\/\/facebook.com\/sunoresearch","og_image":[{"width":1200,"height":800,"url":"https:\/\/files.sunoresearch.com.br\/n\/uploads\/2023\/08\/Fachada-Sede-Santander-SP-1.jpg","type":"image\/jpeg"}],"author":"Leandro Tavares","twitter_card":"summary_large_image","twitter_creator":"@sunoresearch","twitter_site":"@sunoresearch","twitter_misc":{"Escrito por":"Leandro Tavares","Est. tempo de leitura":"3 minutos"},"schema":{"@context":"https:\/\/schema.org","@graph":[{"@type":"NewsArticle","@id":"https:\/\/www.suno.com.br\/noticias\/santander-sanb11-programa-de-recompra-units\/#article","isPartOf":{"@id":"https:\/\/www.suno.com.br\/noticias\/santander-sanb11-programa-de-recompra-units\/"},"author":{"name":"Leandro Tavares","@id":"https:\/\/www.suno.com.br\/noticias\/#\/schema\/person\/96b86313436a5af8c004989de27d4962"},"headline":"Santander (SANB11) anuncia programa de recompra de at\u00e9 36,2 milh\u00f5es de units","datePublished":"2024-01-24T21:56:58+00:00","dateModified":"2024-01-24T21:57:06+00:00","mainEntityOfPage":{"@id":"https:\/\/www.suno.com.br\/noticias\/santander-sanb11-programa-de-recompra-units\/"},"wordCount":556,"publisher":{"@id":"https:\/\/www.suno.com.br\/noticias\/#organization"},"image":{"@id":"https:\/\/www.suno.com.br\/noticias\/santander-sanb11-programa-de-recompra-units\/#primaryimage"},"thumbnailUrl":"https:\/\/files.sunoresearch.com.br\/n\/uploads\/2023\/08\/Fachada-Sede-Santander-SP-1.jpg","keywords":["A\u00e7\u00f5es","Santander (SANB11\/SANB3\/SANB4)"],"articleSection":["Neg\u00f3cios"],"inLanguage":"pt-BR"},{"@type":"WebPage","@id":"https:\/\/www.suno.com.br\/noticias\/santander-sanb11-programa-de-recompra-units\/","url":"https:\/\/www.suno.com.br\/noticias\/santander-sanb11-programa-de-recompra-units\/","name":"Santander (SANB11) vai recomprar at\u00e9 36,2 mi de units","isPartOf":{"@id":"https:\/\/www.suno.com.br\/noticias\/#website"},"primaryImageOfPage":{"@id":"https:\/\/www.suno.com.br\/noticias\/santander-sanb11-programa-de-recompra-units\/#primaryimage"},"image":{"@id":"https:\/\/www.suno.com.br\/noticias\/santander-sanb11-programa-de-recompra-units\/#primaryimage"},"thumbnailUrl":"https:\/\/files.sunoresearch.com.br\/n\/uploads\/2023\/08\/Fachada-Sede-Santander-SP-1.jpg","datePublished":"2024-01-24T21:56:58+00:00","dateModified":"2024-01-24T21:57:06+00:00","description":"O conselho de administra\u00e7\u00e3o do Santander aprovou um programa de recompra de at\u00e9 36,205 milh\u00f5es de units, totalizando 1% do capital social.","breadcrumb":{"@id":"https:\/\/www.suno.com.br\/noticias\/santander-sanb11-programa-de-recompra-units\/#breadcrumb"},"inLanguage":"pt-BR","potentialAction":[{"@type":"ReadAction","target":["https:\/\/www.suno.com.br\/noticias\/santander-sanb11-programa-de-recompra-units\/"]}]},{"@type":"ImageObject","inLanguage":"pt-BR","@id":"https:\/\/www.suno.com.br\/noticias\/santander-sanb11-programa-de-recompra-units\/#primaryimage","url":"https:\/\/files.sunoresearch.com.br\/n\/uploads\/2023\/08\/Fachada-Sede-Santander-SP-1.jpg","contentUrl":"https:\/\/files.sunoresearch.com.br\/n\/uploads\/2023\/08\/Fachada-Sede-Santander-SP-1.jpg","width":1200,"height":800,"caption":"Santander (SANB11). Foto: Divulga\u00e7\u00e3o\/ Santander"},{"@type":"BreadcrumbList","@id":"https:\/\/www.suno.com.br\/noticias\/santander-sanb11-programa-de-recompra-units\/#breadcrumb","itemListElement":[{"@type":"ListItem","position":1,"name":"Not\u00edcias","item":"https:\/\/www.suno.com.br\/noticias\/"},{"@type":"ListItem","position":2,"name":"Neg\u00f3cios","item":"https:\/\/www.suno.com.br\/noticias\/negocios\/"},{"@type":"ListItem","position":3,"name":"Santander (SANB11) anuncia programa de recompra de at\u00e9 36,2 milh\u00f5es de units"}]},{"@type":"WebSite","@id":"https:\/\/www.suno.com.br\/noticias\/#website","url":"https:\/\/www.suno.com.br\/noticias\/","name":"Suno Not\u00edcias","description":"Seu portal de informa\u00e7\u00e3o sobre o mundo dos investimentos","publisher":{"@id":"https:\/\/www.suno.com.br\/noticias\/#organization"},"potentialAction":[{"@type":"SearchAction","target":{"@type":"EntryPoint","urlTemplate":"https:\/\/www.suno.com.br\/noticias\/?s={search_term_string}"},"query-input":{"@type":"PropertyValueSpecification","valueRequired":true,"valueName":"search_term_string"}}],"inLanguage":"pt-BR"},{"@type":"Organization","@id":"https:\/\/www.suno.com.br\/noticias\/#organization","name":"Suno Not\u00edcias","url":"https:\/\/www.suno.com.br\/noticias\/","logo":{"@type":"ImageObject","inLanguage":"pt-BR","@id":"https:\/\/www.suno.com.br\/noticias\/#\/schema\/logo\/image\/","url":"https:\/\/files.sunoresearch.com.br\/n\/uploads\/2021\/09\/suno-logo.png","contentUrl":"https:\/\/files.sunoresearch.com.br\/n\/uploads\/2021\/09\/suno-logo.png","width":180,"height":180,"caption":"Suno Not\u00edcias"},"image":{"@id":"https:\/\/www.suno.com.br\/noticias\/#\/schema\/logo\/image\/"},"sameAs":["https:\/\/facebook.com\/sunoresearch","https:\/\/x.com\/sunoresearch","https:\/\/www.instagram.com\/suno","https:\/\/www.linkedin.com\/company\/suno-research\/","https:\/\/www.youtube.com\/c\/sunoresearch"]},{"@type":"Person","@id":"https:\/\/www.suno.com.br\/noticias\/#\/schema\/person\/96b86313436a5af8c004989de27d4962","name":"Leandro Tavares","image":{"@type":"ImageObject","inLanguage":"pt-BR","@id":"https:\/\/www.suno.com.br\/noticias\/#\/schema\/person\/image\/","url":"https:\/\/secure.gravatar.com\/avatar\/cef3014f9ca74cf54fb41dc01807a08b?s=96&r=g","contentUrl":"https:\/\/secure.gravatar.com\/avatar\/cef3014f9ca74cf54fb41dc01807a08b?s=96&r=g","caption":"Leandro Tavares"},"url":"https:\/\/www.suno.com.br\/noticias\/author\/leandro-sbtavaresgmail-com\/"}]}},"default_loop_html":"<div class=\"cardsPage__listCard__boxs\"><div class=\"cardsPage__listCard__boxs__img\"><a href=\"https:\/\/www.suno.com.br\/noticias\/santander-sanb11-programa-de-recompra-units\/\"><img class=\"mask\" src=\"https:\/\/www.suno.com.br\/noticias\/wp-content\/themes\/suno\/resources\/images\/spotlight\/spotlight1img\/bg-mask.png\" alt=\"Image Mask\"\/><img src=\"https:\/\/files.sunoresearch.com.br\/n\/uploads\/2023\/08\/Fachada-Sede-Santander-SP-1-400x200.jpg\" alt=\"Santander (SANB11) anuncia programa de recompra de at\u00e9 36,2 milh\u00f5es de units\"\/><\/a><span class=\"spotlightCategory\"><a href=\"https:\/\/www.suno.com.br\/noticias\/negocios\/\">Neg\u00f3cios<\/a><\/span><\/div><div class=\"cardsPage__listCard__boxs__content\"><a href=\"https:\/\/www.suno.com.br\/noticias\/santander-sanb11-programa-de-recompra-units\/\"><h2 class=\"content__title\">Santander (SANB11) anuncia programa de recompra de at\u00e9 36,2 milh\u00f5es de units<\/h2><\/a><div class=\"newsContent__article__meta\"><div class=\"newsContent__article__meta__authorBox\"><a href=\"https:\/\/www.suno.com.br\/noticias\/author\/leandro-sbtavaresgmail-com\/\" class=\"authorBox__avatar noMobi\"><img src=\"https:\/\/files.sunoresearch.com.br\/n\/uploads\/2024\/01\/Foto-150x150.jpg\" alt=\"Leandro Tavares\"><\/a><div class=\"authorBox__name\"><span>por\n\t\t\t<a href=\"https:\/\/www.suno.com.br\/noticias\/author\/leandro-sbtavaresgmail-com\/\"><span itemprop=\"author\">Leandro Tavares<\/span><\/a><\/span><time datetime=\"2024-01-24T18:56:58-03:00\" itemprop=\"datePublished\">24\/01\/2024 18:56<\/time><\/div><\/div><\/div><\/div><\/div>","single_layout":"posts","amp_enabled":true,"_links":{"self":[{"href":"https:\/\/www.suno.com.br\/noticias\/wp-json\/wp\/v2\/posts\/515374"}],"collection":[{"href":"https:\/\/www.suno.com.br\/noticias\/wp-json\/wp\/v2\/posts"}],"about":[{"href":"https:\/\/www.suno.com.br\/noticias\/wp-json\/wp\/v2\/types\/post"}],"author":[{"embeddable":true,"href":"https:\/\/www.suno.com.br\/noticias\/wp-json\/wp\/v2\/users\/340"}],"replies":[{"embeddable":true,"href":"https:\/\/www.suno.com.br\/noticias\/wp-json\/wp\/v2\/comments?post=515374"}],"version-history":[{"count":2,"href":"https:\/\/www.suno.com.br\/noticias\/wp-json\/wp\/v2\/posts\/515374\/revisions"}],"predecessor-version":[{"id":515399,"href":"https:\/\/www.suno.com.br\/noticias\/wp-json\/wp\/v2\/posts\/515374\/revisions\/515399"}],"wp:featuredmedia":[{"embeddable":true,"href":"https:\/\/www.suno.com.br\/noticias\/wp-json\/wp\/v2\/media\/437315"}],"wp:attachment":[{"href":"https:\/\/www.suno.com.br\/noticias\/wp-json\/wp\/v2\/media?parent=515374"}],"wp:term":[{"taxonomy":"category","embeddable":true,"href":"https:\/\/www.suno.com.br\/noticias\/wp-json\/wp\/v2\/categories?post=515374"},{"taxonomy":"post_tag","embeddable":true,"href":"https:\/\/www.suno.com.br\/noticias\/wp-json\/wp\/v2\/tags?post=515374"},{"taxonomy":"suno_strategy","embeddable":true,"href":"https:\/\/www.suno.com.br\/noticias\/wp-json\/wp\/v2\/suno_strategy?post=515374"}],"curies":[{"name":"wp","href":"https:\/\/api.w.org\/{rel}","templated":true}]}}